{"id":186218,"date":"2017-08-23T20:09:39","date_gmt":"2017-08-23T20:09:39","guid":{"rendered":"https:\/\/www.meydan.tv\/article\/molotov-ribbentrop-pakti\/"},"modified":"2017-08-23T20:09:39","modified_gmt":"2017-08-23T20:09:39","slug":"molotov-ribbentrop-pakti","status":"publish","type":"post","link":"https:\/\/www.meydan.tv\/az\/article\/molotov-ribbentrop-pakti\/","title":{"rendered":"Molotov-Ribbentrop pakt\u0131"},"content":{"rendered":"<figure class=\"wp-block-image size-large\">\n  <img decoding=\"async\" src=\"https:\/\/www.meydan.tv\/az\/muqavile-zamani\/\" alt=\"M\u00fcqavil\u0259 zaman\u0131\" class=\"wp-image-90947\"\/><figcaption>\n    M\u00fcqavil\u0259 zaman\u0131<br \/>\n  <\/figcaption><\/figure>\n<p>\n  1939-cu ilin yay\u0131nda beyn\u0259lxalq m\u00fcnasib\u0259tl\u0259rd\u0259n bar\u0131t qoxusu g\u0259lirdi. Hitler Almaniyas\u0131 Dansiq (polyakca: Qdansk) \u015f\u0259h\u0259ri il\u0259 ba\u011fl\u0131 v\u0259 anklav v\u0259ziyy\u0259tind\u0259 olan \u015e\u0259rqi Prussiya \u0259yal\u0259ti (indi \u0259sas\u0259n Rusiyan\u0131n Kalininqrad vilay\u0259ti, b\u0259zi hiss\u0259l\u0259ri d\u0259 Pol\u015fa v\u0259 Litva \u0259razisind\u0259dir) il\u0259 birl\u0259\u015fm\u0259k \u00fc\u00e7\u00fcn Pol\u015faya qar\u015f\u0131 \u0259razi iddias\u0131 ir\u0259li s\u00fcrm\u00fc\u015fd\u00fc. Pol\u015fa bu iddian\u0131 t\u0259min etm\u0259k fikrind\u0259 deyildi. B\u00f6y\u00fck Britaniya v\u0259 Fransa da 1 il \u00f6nc\u0259 \u00c7exoslovakiyan\u0131n Sudet vilay\u0259ti il\u0259 ba\u011fl\u0131 b\u00f6hranda tutduqlar\u0131 biab\u0131r\u00e7\u0131 t\u0259slim m\u00f6vqeyini t\u0259krar etm\u0259k niyy\u0259tind\u0259 deyildil\u0259r v\u0259 polyaklar\u0131 d\u0259st\u0259kl\u0259dikl\u0259rini bildirirdil\u0259r.\n<\/p>\n<p>\n  Co\u011frafi \u015f\u0259rtl\u0259r\u0259 g\u00f6r\u0259, Pol\u015fan\u0131n m\u00fcdafi\u0259si \u00fc\u00e7\u00fcn Sovet \u0130ttifaq\u0131n\u0131n m\u00f6vqeyi \u00e7ox \u00f6n\u0259mli idi. \u00c7\u00fcnki yaln\u0131z sovetl\u0259r h\u0259ms\u0259rh\u0259d Pol\u015faya \u00e7evik h\u0259rbi yard\u0131m g\u00f6st\u0259rm\u0259k iqtidar\u0131nda idil\u0259r. Buna g\u00f6r\u0259 d\u0259 b\u00fct\u00fcn d\u00fcnya iyun ay\u0131nda Moskvada ba\u015flam\u0131\u015f sovet-ingilis-frans\u0131z dan\u0131\u015f\u0131qlar\u0131n\u0131 diqq\u0259tl\u0259 izl\u0259yirdi. Dan\u0131\u015f\u0131qlar qar\u015f\u0131l\u0131ql\u0131 yard\u0131m haqq\u0131nda m\u00fcqavil\u0259 imzalanmas\u0131 \u0259traf\u0131nda apar\u0131l\u0131rd\u0131. Lakin dan\u0131\u015f\u0131qlar olduqca l\u0259ng gedirdi v\u0259 t\u0259r\u0259fl\u0259r aras\u0131ndak\u0131 fikir ayr\u0131l\u0131qlar\u0131n\u0131 h\u0259ll etm\u0259k m\u00fcmk\u00fcn olmurdu.\n<\/p>\n<p>\n  Bel\u0259 bir v\u0259ziyy\u0259td\u0259 avqustun 23-d\u0259 SSR\u0130 il\u0259 Almaniya aras\u0131nda \u201cH\u00fccum etm\u0259m\u0259k haqq\u0131nda\u201d m\u00fcqavil\u0259nin imzalanmas\u0131 x\u0259b\u0259ri d\u00fcnyada bomba kimi partlad\u0131. Bunu kims\u0259 g\u00f6zl\u0259mirdi. Yaln\u0131z SSR\u0130-nin xarici siyas\u0259t kursunu v\u0259 ritorikas\u0131n\u0131 diqq\u0259tl\u0259 izl\u0259y\u0259n azsayl\u0131 m\u00fct\u0259x\u0259ssisl\u0259r \u00fc\u00e7\u00fcn ba\u015f vermi\u015f hadis\u0259 g\u00f6zl\u0259nilm\u0259z olmad\u0131.\n<\/p>\n<p>\n  1939-cu ilin mart\u0131nda Avropada ciddi hadis\u0259l\u0259r ba\u015f vermi\u015fdi. \u0130spaniyada v\u0259t\u0259nda\u015f m\u00fcharib\u0259si Frankonun q\u0259l\u0259b\u0259si il\u0259 ba\u015fa \u00e7atd\u0131. Almaniya M\u00fcnhen sazi\u015finin \u015f\u0259rtl\u0259rini pozaraq \u00c7exiyan\u0131 i\u015f\u011fal etdi v\u0259 \u00f6z t\u0259rkibin\u0259 qatd\u0131, Slovakiyada is\u0259 \u00f6z satelliti olan \u201cm\u00fcst\u0259qil\u201d d\u00f6vl\u0259t yaratd\u0131. Bir h\u0259ft\u0259 sonra is\u0259 Litvaya h\u0259d\u0259-qorxu g\u0259l\u0259r\u0259k Klaypeda vilay\u0259tini ilhaq etdi. Bel\u0259 bir v\u0259ziyy\u0259td\u0259 \u0130ngilt\u0259r\u0259 v\u0259 Fransa \u201ct\u0259cav\u00fczkar\u0131 sakitl\u0259\u015fdirm\u0259k\u201d siyas\u0259tinin iflasa u\u011frad\u0131\u011f\u0131n\u0131 n\u0259hay\u0259t etiraf etdil\u0259r. Bundan sonra Almaniyaya he\u00e7 bir g\u00fcz\u0259\u015ft olunmayaca\u011f\u0131n\u0131 bildir\u0259r\u0259k bir s\u0131ra \u015e\u0259rqi Avropa d\u00f6vl\u0259tl\u0259rin\u0259 t\u0259hl\u00fck\u0259sizlik t\u0259minat\u0131 verdil\u0259r.\n<\/p>\n<p>\n  Yaranm\u0131\u015f yeni situasiyada SSR\u0130 d\u0259 \u00f6z siyas\u0259tind\u0259 d\u0259yi\u015fiklikl\u0259r etdi. Bu zaman \u0259n diqq\u0259t \u00e7\u0259k\u0259n m\u0259qam xarici i\u015fl\u0259r naziri (o zaman sovet nazirl\u0259ri \u201cxalq komissar\u0131\u201d adlan\u0131rd\u0131lar), Almaniyaya qar\u015f\u0131 kollektiv t\u0259hl\u00fck\u0259sizlik sisteminin yarad\u0131lmas\u0131n\u0131n qat\u0131 t\u0259r\u0259fdar\u0131 olan Litvinovun v\u0259zif\u0259sind\u0259n azad edilm\u0259si oldu. Anti-alman m\u00f6vqeyind\u0259n \u0259lav\u0259 h\u0259m d\u0259 soyca y\u0259hudi olan Litvinovun uzaqla\u015fd\u0131r\u0131lmas\u0131 Almaniyaya y\u00f6n\u0259lik bir mesaj idi. Bundan sonra SSR\u0130-nin Nazirl\u0259r sovetinin s\u0259dri Vya\u00e7eslav Molotov h\u0259m d\u0259 xarici i\u015fl\u0259r naziri oldu.\n<\/p>\n<figure class=\"wp-block-image size-large\">\n  <img decoding=\"async\" src=\"https:\/\/www.meydan.tv\/az\/paraddan\/\" alt=\"Paraddan\" class=\"wp-image-90953\"\/><figcaption>\n    Paraddan<br \/>\n  <\/figcaption><\/figure>\n<p>\n  Sovet-alman m\u00fcnasib\u0259tl\u0259rinin normalla\u015fmas\u0131 daha \u00e7ox gizli \u015f\u0259kild\u0259 c\u0259r\u0259yan edirdi. T\u0259r\u0259fl\u0259r bir-birl\u0259rinin m\u00f6vqel\u0259rini ara\u015fd\u0131r\u0131r, uzla\u015fma n\u00f6qt\u0259l\u0259ri tapma\u011fa \u00e7al\u0131\u015f\u0131rd\u0131lar. Bu zaman ayd\u0131n oldu ki, h\u0259r iki d\u00f6vl\u0259t siyasi v\u0259 iqtisadi m\u00fcnasib\u0259tl\u0259rin k\u0259skin yax\u015f\u0131la\u015fd\u0131r\u0131lmas\u0131nda maraql\u0131d\u0131r. \u0130yul-avqust ay\u0131nda is\u0259 proses daha da s\u00fcr\u0259tl\u0259ndi. Avqustun 15-d\u0259 alman s\u0259firi \u015eulenburq reyxin xarici i\u015fl\u0259r naziri Ribbentropun Moskvaya s\u0259f\u0259r etm\u0259k v\u0259 \u201cH\u00fccum etm\u0259m\u0259k haqq\u0131nda pakt\u201d imzalamaq arzusunu sovet r\u0259hb\u0259rliyin\u0259 \u00e7atd\u0131rd\u0131.\n<\/p>\n<p>\n  Moskva bu s\u0259f\u0259r\u0259 isti yana\u015fsa da, t\u0259klif etdikl\u0259ri prosedur bir q\u0259d\u0259r uzun \u00e7\u0259k\u0259c\u0259kdi. Bel\u0259 v\u0259ziyy\u0259t sentyabr\u0131n 1-d\u0259 Pol\u015faya h\u00fccum etm\u0259y\u0259 haz\u0131rla\u015fan Almaniya \u00fc\u00e7\u00fcn \u0259lveri\u015fli deyildi. Buna g\u00f6r\u0259 d\u0259 Hitler \u00f6z\u00fc dan\u0131\u015f\u0131qlara m\u00fcdaxil\u0259 etm\u0259k q\u0259rar\u0131na g\u0259ldi. Avqustun 21-d\u0259 Stalin\u0259 g\u00f6nd\u0259rdiyi m\u0259ktubda f\u00fcrer son d\u00f6vrl\u0259r sovet-alman m\u00fcnasib\u0259tl\u0259rinin normalla\u015fmas\u0131ndan m\u0259mnunlu\u011funu ifad\u0259 edir, y\u00fczill\u0259r \u0259rzind\u0259 m\u00f6vcud olmu\u015f bel\u0259 siyasi x\u0259ttin h\u0259r iki d\u00f6vl\u0259t\u0259 faydal\u0131 olaca\u011f\u0131ndan \u0259minliyini bildirirdi.\n<\/p>\n<p>\n  Hitler pakt v\u0259 sovet t\u0259r\u0259finin t\u0259klif etdiyi \u0259lav\u0259 gizli protokol layih\u0259sini q\u0259bul etdiyini yazaraq, Ribbentropun avqustun 22-d\u0259, \u0259n geci 23-d\u0259 Moskvada q\u0259bul olunmas\u0131n\u0131 t\u0259klif edirdi. Cavab m\u0259ktubunda Stalin Ribbentropu avqustun 23-d\u0259 q\u0259bul etm\u0259y\u0259 haz\u0131r olduqlar\u0131n\u0131 yazd\u0131. Alman diplomat\u0131 Valter Hevel bu x\u0259b\u0259ri alan Hitlerin \u201c\u0130ndi b\u00fct\u00fcn d\u00fcnya m\u0259nim cibimd\u0259dir\u201d s\u00f6yl\u0259y\u0259r\u0259k d\u0259li kimi sevindiyini \u00f6z g\u00fcnd\u0259liyind\u0259 qeyd edirdi.\n<\/p>\n<p>\n  Sovet \u0130ttifaq\u0131n\u0131 neytralla\u015fd\u0131rmaq \u00fc\u00e7\u00fcn Almaniya ist\u0259nil\u0259n \u015f\u0259rtl\u0259r\u0259 raz\u0131 idi. Buna g\u00f6r\u0259 d\u0259 Ribbentropun s\u0259f\u0259ri problemsiz \u00f6t\u00fc\u015fd\u00fc. Bununla bel\u0259, b\u0259zi detallar\u0131n raz\u0131la\u015fd\u0131r\u0131lmas\u0131 \u00fc\u00e7\u00fcn Ribbentrop bir ne\u00e7\u0259 d\u0259f\u0259 Hitlerl\u0259 \u0259laq\u0259 saxlamal\u0131 oldu. H\u00fccum etm\u0259m\u0259k haqq\u0131nda pakt v\u0259 \u0259lav\u0259 gizli protokol art\u0131q avqustun 24-n\u0259 ke\u00e7\u0259n gec\u0259 saat 2-d\u0259 imzalansa da, \u0259vv\u0259lki g\u00fcn\u00fcn tarixi qoyulmu\u015fdu. Sovet t\u0259r\u0259find\u0259n s\u0259n\u0259dl\u0259ri imzalayan Molotov oldu\u011fundan s\u00f6z\u00fcged\u0259n m\u00fcqavil\u0259 tarix\u015f\u00fcnasl\u0131qda daha \u00e7ox Molotov-Ribbentrop pakt\u0131 kimi adland\u0131r\u0131l\u0131r.\n<\/p>\n<p>\n  H\u00fccum etm\u0259m\u0259k haqq\u0131nda pakt 10 il m\u00fcdd\u0259tin\u0259 imzalanm\u0131\u015fd\u0131. S\u0259n\u0259din 6-c\u0131 madd\u0259sin\u0259 g\u00f6r\u0259 bu m\u00fcdd\u0259tin bitm\u0259sin\u0259 1 il qalm\u0131\u015f t\u0259r\u0259fl\u0259rd\u0259n biri uzad\u0131lmas\u0131na etiraz (denonsasiya) etm\u0259zdis\u0259, avtomatik olaraq daha 5 il q\u00fcvv\u0259d\u0259 olacaqd\u0131. H\u0259r iki d\u00f6vl\u0259t he\u00e7 bir halda bir-birl\u0259rin\u0259 qar\u015f\u0131 zor i\u015fl\u0259tm\u0259m\u0259yi, yaranm\u0131\u015f konflikt v\u0259 m\u00fcbahis\u0259l\u0259rin \u201cyaln\u0131z dinc yolla v\u0259 dostcas\u0131na fikir m\u00fcbadil\u0259si \u0259sas\u0131nda\u201d h\u0259ll etm\u0259yi \u00f6hd\u0259l\u0259rin\u0259 g\u00f6t\u00fcr\u00fcrd\u00fcl\u0259r.\n<\/p>\n<p>\n  Pakt\u0131n x\u00fcsusi \u00f6z\u0259lliyi ondan ibar\u0259t idi ki, t\u0259r\u0259fl\u0259rd\u0259n biri yaln\u0131z t\u0259cav\u00fcz\u0259 m\u0259ruz qald\u0131qda deyil, \u00fcmumiyy\u0259tl\u0259, h\u0259rbi konflikt\u0259 c\u0259lb olundu\u011fu, dem\u0259li, h\u0259tta \u00f6z\u00fc t\u0259cav\u00fczkar oldu\u011fu halda bel\u0259 dig\u0259r t\u0259r\u0259f bit\u0259r\u0259f qalmal\u0131 idi. Bu da SSR\u0130-nin Almaniyan\u0131n Pol\u015faya t\u0259cav\u00fcz\u00fcn\u0259 xeyir-dua verm\u0259si anlam\u0131na g\u0259lirdi.\n<\/p>\n<p>\n  \u201cAlmaniya v\u0259 SSR\u0130 aras\u0131nda h\u00fccum etm\u0259m\u0259k haqq\u0131nda M\u00fcqavil\u0259y\u0259 \u0259lav\u0259 m\u0259xfi protokol\u201d adlanan s\u0259n\u0259dd\u0259 is\u0259 iki d\u00f6vl\u0259tin imperialistc\u0259sin\u0259 \u015e\u0259rqi Avropan\u0131 aralar\u0131nda b\u00f6l\u00fc\u015fd\u00fcrm\u0259si \u0259ks olunmu\u015fdu. M\u00fcqavil\u0259nin birinci madd\u0259si Finlandiya Estoniya v\u0259 Latviyan\u0131 SSR\u0130-nin, Litvan\u0131 is\u0259 Almaniyan\u0131n t\u0259sir dair\u0259sin\u0259 aid edirdi<br \/>\n  <br \/>\n  \u0130kinci madd\u0259d\u0259 \u201cPol\u015fan\u0131n \u0259razi-siyasi c\u0259h\u0259td\u0259n yenid\u0259n qurulmas\u0131\u201d zaman\u0131 iki d\u00f6vl\u0259tin maraq dair\u0259l\u0259rini m\u00fc\u0259yy\u0259n edirdi. Madd\u0259d\u0259 h\u0259m\u00e7inin Pol\u015fa d\u00f6vl\u0259t\u00e7iliyinin qorunmas\u0131n\u0131n iki t\u0259r\u0259f \u00fc\u00e7\u00fcn m\u0259qs\u0259d\u0259uy\u011funlu\u011funun sonrak\u0131 siyasi prosesl\u0259r zaman\u0131 ayd\u0131nla\u015fd\u0131r\u0131laca\u011f\u0131 g\u00f6st\u0259rilirdi. Bel\u0259likl\u0259, tarixd\u0259 be\u015finci d\u0259f\u0259 Pol\u015fan\u0131n qon\u015fular\u0131 t\u0259r\u0259find\u0259n b\u00f6l\u00fc\u015fd\u00fcr\u00fclm\u0259si ba\u015f verirdi.\n<\/p>\n<p>\n  \u00dc\u00e7\u00fcnc\u00fc madd\u0259d\u0259 SSR\u0130-nin Rum\u0131niyan\u0131n t\u0259rkibind\u0259 olan Bessarabiyaya mara\u011f\u0131 qeyd olunurdu. 1940-c\u0131 ild\u0259 Moskva ultimatum yolu il\u0259 Rum\u0131niyadan Bessarabiya il\u0259 yana\u015f\u0131 \u015eimali Bukovinan\u0131 da ald\u0131 v\u0259 bu torpaqlarda SSR\u0130-y\u0259 daxil olan Moldaviya SSR yarad\u0131ld\u0131.\n<\/p>\n<p>\n  M\u00fcqavil\u0259 imzalanmas\u0131 \u015f\u0259r\u0259fin\u0259 t\u0259\u015fkil edil\u0259n ziyaf\u0259t s\u0259h\u0259r saatlar\u0131na q\u0259d\u0259r \u00e7\u0259kdi. Stalin Hitlerin, Molotov Ribbentropun, Ribbentrop da \u00f6z n\u00f6vb\u0259sind\u0259 Stalinin \u015f\u0259r\u0259fin\u0259 bad\u0259 qald\u0131rd\u0131lar. Dan\u0131\u015f\u0131qlar v\u0259 ziyaf\u0259t zaman\u0131 o q\u0259d\u0259r s\u0259mimi ab-hava vard\u0131 ki, Ribbentrop Berlin\u0259 qay\u0131td\u0131qdan sonra \u201cKremld\u0259 \u00f6z\u00fcm\u00fc sanki k\u00f6hn\u0259 partiya yolda\u015flar\u0131m\u0131n \u0259hat\u0259sind\u0259ymi\u015f\u0259m kimi hiss edirdim\u201d s\u00f6yl\u0259mi\u015fdi.\n<\/p>\n<p>\n  M\u00fcqavil\u0259nin imzalanmas\u0131ndan 8 g\u00fcn sonra, sentyabr\u0131n 1-d\u0259 Almaniya Pol\u015fa \u00fcz\u0259rin\u0259 h\u00fccuma ke\u00e7di. 2 g\u00fcn sonra is\u0259 \u0130ngilt\u0259r\u0259 v\u0259 Fransa Almaniyaya m\u00fcharib\u0259 elan etdil\u0259r. Bununla da \u0130kinci cahan sava\u015f\u0131 ba\u015flad\u0131. Almaniya t\u0259cav\u00fcz\u00fcn\u00fc d\u0259f etm\u0259kd\u0259 zorluq \u00e7\u0259k\u0259n Pol\u015fan\u0131n v\u0259ziyy\u0259ti sentyabr\u0131n 17-d\u0259 SSR\u0130-nin \u015f\u0259rqd\u0259n m\u00fcdaxil\u0259si il\u0259 tamamil\u0259 \u00fcmidsiz oldu. Bununla da polyaklar\u0131n m\u00fct\u0259\u015f\u0259kkil m\u00fcqavim\u0259ti sona \u00e7atd\u0131.\n<\/p>\n<p>\n  Sava\u015fa q\u0259d\u0259r Pol\u015faya aid olan Brest-Litovsk \u015f\u0259h\u0259rind\u0259 sentyabr\u0131n 22-d\u0259 sovet v\u0259 alman qo\u015funlar\u0131n\u0131n birg\u0259 parad\u0131 ke\u00e7irildi. Parada almanlar t\u0259r\u0259find\u0259n general Quderian, sovetl\u0259r t\u0259r\u0259find\u0259n is\u0259 general Krivo\u015feyin r\u0259hb\u0259rlik edirdi. Raz\u0131la\u015fmaya \u0259sas\u0259n Brest-Litovsk SSR\u0130-y\u0259 \u00e7atmal\u0131 idi. Lakin Quderian\u0131n tanklar\u0131 sonralar d\u0259f\u0259l\u0259rl\u0259 n\u00fcmayi\u015f etdirdikl\u0259ri c\u0259ldlikl\u0259 buran\u0131 tutmu\u015fdular. \u0130ndi is\u0259 \u015f\u0259h\u0259r t\u0259nt\u0259n\u0259li sur\u0259td\u0259 qar\u015f\u0131 t\u0259r\u0259f\u0259 t\u0259hvil verilirdi. Vermaxt q\u00fcvv\u0259l\u0259ri tribunan\u0131n \u00f6n\u00fcnd\u0259n ke\u00e7\u0259r\u0259k \u015f\u0259h\u0259ri t\u0259rk edir, q\u0131rm\u0131z\u0131 ordu hiss\u0259l\u0259ri is\u0259 \u015f\u0259h\u0259r\u0259 daxil olaraq \u0259ks t\u0259r\u0259fd\u0259n tribunan\u0131n \u00f6n\u00fcnd\u0259n ke\u00e7irdil\u0259r. Qo\u015funlar qar\u015f\u0131la\u015fan zaman bir-birl\u0259rin\u0259 t\u0259nt\u0259n\u0259li h\u0259rbi salam verdil\u0259r.\n<\/p>\n<p>\n  Sentyabr\u0131n 28-d\u0259 Moskvada yen\u0259 d\u0259 Molotov v\u0259 Ribbentrop t\u0259r\u0259find\u0259n \u201cDostluq v\u0259 s\u0259rh\u0259dl\u0259r haqq\u0131nda m\u00fcqavil\u0259\u201d imzaland\u0131. Bununla da t\u0259r\u0259fl\u0259r Pol\u015fan\u0131n b\u00f6l\u00fc\u015fd\u00fcr\u00fclm\u0259sini r\u0259smil\u0259\u015fdirdil\u0259r. M\u00fcqavil\u0259nin \u0259sas diqq\u0259t\u00e7\u0259k\u0259n m\u0259qam\u0131 avqustda imzalanan \u201c\u018flav\u0259 m\u0259xfi protokol\u201dda n\u0259z\u0259rd\u0259 tutulan b\u00f6lg\u00fcy\u0259 m\u00fc\u0259yy\u0259n d\u0259yi\u015fiklikl\u0259rin edilm\u0259si oldu. SSR\u0130 Pol\u015fada b\u0259zi \u0259razil\u0259ri almanlara, Almaniya is\u0259 Litvan\u0131 sovetl\u0259r\u0259 g\u00fcz\u0259\u015ft\u0259 getdi. 1940-c\u0131 ild\u0259 Sovet \u0130ttifaq\u0131 h\u0259r 3 Baltikyan\u0131 respublikan\u0131 ilhaq ed\u0259r\u0259k t\u0259rkibin\u0259 qatd\u0131.\n<\/p>\n<p>\n  Sovet \u0130ttifaq\u0131n\u0131n xarici siyas\u0259tind\u0259 k\u0259skin d\u00f6n\u00fc\u015f Q\u0259rbi Avropadak\u0131 kommunist partiyalar\u0131 \u00fc\u00e7\u00fcn d\u0259 g\u00f6zl\u0259nilm\u0259z oldu. Kremlin n\u0259zar\u0259tind\u0259 olan Kommunist internasional\u0131n\u0131n (Komintern) 1935-ci ild\u0259 ke\u00e7irilmi\u015f VII konqressi fa\u015fizmi kommunistl\u0259rin \u0259sas d\u00fc\u015fm\u0259ni elan etmi\u015f, fa\u015fizm\u0259 qar\u015f\u0131 m\u00fcbariz\u0259ni \u0259sas f\u0259aliyy\u0259t istiqam\u0259ti kimi m\u00fc\u0259yy\u0259nl\u0259\u015fdirmi\u015fdi. \u0130ndi is\u0259 ikinci cahan sava\u015f\u0131n\u0131n ba\u015flanmas\u0131 v\u0259 yeni sovet-alman m\u00fcnasib\u0259tl\u0259ri fonunda Almaniyaya qar\u015f\u0131 sava\u015f \u201cimperialist m\u00fcharib\u0259\u201d elan edilir, kommunistl\u0259r\u0259 is\u0259 bunun \u0259leyhin\u0259 t\u0259bli\u011fat aparmaq, \u0130ngilt\u0259r\u0259nin imperialist m\u0259qs\u0259dl\u0259rini if\u015fa etm\u0259k tap\u015f\u0131r\u0131l\u0131rd\u0131.\n<\/p>\n<p>\n  Fransa Kommunist Partiyas\u0131 Kominternin yeni direktivini dinm\u0259z-s\u00f6yl\u0259m\u0259z q\u0259bul etdi. Kommunistl\u0259r ordudan f\u0259rariliy\u0259 ba\u015flad\u0131lar, partiyan\u0131n s\u0259dri Moris Torez SSR\u0130-y\u0259 qa\u00e7d\u0131. Fransa h\u00f6kum\u0259ti bu hadis\u0259l\u0259r\u0259 kommunist partiyas\u0131n\u0131 qada\u011fan etm\u0259kl\u0259 cavab verdi. \u0130ngilt\u0259r\u0259 kommunistl\u0259ri is\u0259 daha m\u00fcst\u0259qil davrand\u0131lar. Buna g\u00f6r\u0259 Moskvan\u0131n t\u0259l\u0259bi il\u0259 partiyan\u0131n s\u0259dri Harri Pollit v\u0259zif\u0259sind\u0259n uzaqla\u015fd\u0131r\u0131ld\u0131 (1941-ci ild\u0259 Almaniya SSR\u0130-y\u0259 h\u00fccum ed\u0259nd\u0259n sonra s\u0259drliy\u0259 qaytar\u0131d\u0131). O d\u00f6vrd\u0259 Bel\u00e7ikada f\u0259aliyy\u0259t g\u00f6t\u0259r\u0259n sovet k\u0259\u015ffiyyat\u00e7\u0131s\u0131 Leopold Trepper sonralar xatir\u0259l\u0259rind\u0259 yaz\u0131rd\u0131 ki, sovet-alman m\u00fcqavil\u0259si v\u0259 Kominternin direktivi n\u0259tic\u0259sind\u0259 bir \u00e7ox insan Bel\u00e7ika kommunist partiyas\u0131n\u0131 t\u0259rk etmi\u015fdi.\n<\/p>\n<figure class=\"wp-block-image size-large\">\n  <img decoding=\"async\" src=\"https:\/\/www.meydan.tv\/az\/23-avqust\/\" alt=\"23 avqust\" class=\"wp-image-90956\"\/><figcaption>\n    23 avqust<br \/>\n  <\/figcaption><\/figure>\n<p>\n  Sovet r\u0259hb\u0259rliyinin yeni ba\u015flam\u0131\u015f \u0130kinci cahan sava\u015f\u0131na riyakar m\u00f6vqeyi Molotovun oktyabr\u0131n 31-d\u0259 SSR\u0130 Ali sovetinin sessiyas\u0131ndak\u0131 \u00e7\u0131x\u0131\u015f\u0131nda daha da inki\u015faf etdirildi. Molotov Pol\u015fa m\u0259s\u0259l\u0259si h\u0259ll edildikd\u0259n sonra Almaniyan\u0131n s\u00fclh ist\u0259m\u0259sini, \u0130ngilt\u0259r\u0259 v\u0259 Fransan\u0131n bunu q\u0259bul etm\u0259m\u0259sini s\u00f6yl\u0259y\u0259r\u0259k sonuncular\u0131 t\u0259cav\u00fczkar, birincini is\u0259 t\u0259cav\u00fcz qurban\u0131 elan etm\u0259kd\u0259n \u00e7\u0259kinm\u0259di.\n<\/p>\n<p>\n  Molotovun daha sonrak\u0131 c\u00fcml\u0259l\u0259ri is\u0259 x\u00fcsus\u0259n heyr\u0259tamiz idi: \u201c\u0130ngilt\u0259r\u0259 h\u00f6kum\u0259ti elan edir ki, Almaniyaya qar\u015f\u0131 m\u00fcharib\u0259nin h\u0259d\u0259fi n\u0259 az, n\u0259 \u00e7ox, \u201chitlerizmin m\u0259hvidir\u201d. Bel\u0259 \u00e7\u0131x\u0131r ki, m\u00fcharib\u0259nin ingilis v\u0259 onlarla yana\u015f\u0131 frans\u0131z t\u0259r\u0259fdarlar\u0131 Almaniyaya k\u00f6hn\u0259 dini m\u00fcharib\u0259l\u0259ri xat\u0131rladan ideoloji m\u00fcharib\u0259 elan edibl\u0259r&#8230; Lakin bel\u0259 m\u00fcharib\u0259y\u0259 b\u0259ra\u0259t ola bilm\u0259z. H\u0259r bir ideoloji sistem kimi hitlerizmin ideologiyas\u0131n\u0131 da q\u0259bul v\u0259 ya inkar etm\u0259k olar \u2013 bu siyasi m\u00f6vqe m\u0259s\u0259l\u0259sidir. Lakin h\u0259r bir insan anlay\u0131r ki, ideologiyan\u0131 zorla m\u0259hv etm\u0259k, ona m\u00fcharib\u0259 il\u0259 son qoymaq olmaz. Buna g\u00f6r\u0259 d\u0259 saxta demokratiya u\u011frunda m\u00fcbariz\u0259 bayra\u011f\u0131 alt\u0131nda \u201chitlerizmi m\u0259hv etm\u0259k\u201d u\u011frunda m\u00fcharib\u0259 aparmaq n\u0259inki m\u0259nas\u0131zd\u0131r, h\u0259tta C\u0130NAY\u018fTD\u0130R!\u201d\n<\/p>\n<p>\n  Daha \u00e7ox 1941-1945-ci ill\u0259rd\u0259 sovet-alman m\u00fcharib\u0259si zaman\u0131 bol\u015fevik r\u0259hb\u0259rl\u0259rinin ritorikas\u0131 il\u0259, nasizml\u0259 m\u00fcbariz\u0259y\u0259 s\u0259sl\u0259y\u0259n \u015f\u00fcarlarla tan\u0131\u015f olan oxucuda Molotovun bu nitqi y\u0259qin ki, \u015fok do\u011furacaq. Xat\u0131rladaq ki, m\u0259hz sovet r\u0259hb\u0259rliyinin bel\u0259 prinsipsizliyi sonralar Corc Oruell\u0259 \u201c1984\u201d roman\u0131nda gah Avrasiya il\u0259 dost olub Ostasiya il\u0259 m\u00fcharib\u0259 aparan, gah da Ostasiya il\u0259 dost olub Avrasiya il\u0259 m\u00fcharib\u0259 aparan Okeaniya d\u00f6vl\u0259tini t\u0259svir etm\u0259k \u00fc\u00e7\u00fcn \u0259sas olmu\u015fdu.\n<\/p>\n<p>\n  1933-c\u00fc ild\u0259 Hitlerin hakimiyy\u0259t\u0259 g\u0259lm\u0259sind\u0259n sonra xeyli alman kommunisti \u00f6lk\u0259sind\u0259n qa\u00e7araq SSR\u0130-y\u0259 p\u0259nah g\u0259tirmi\u015fdi. Lakin B\u00f6y\u00fck Stalin terroru onlardan da yan ke\u00e7m\u0259mi\u015fdi. Alman m\u00fchacirl\u0259rinin bir hiss\u0259si ya g\u00fcll\u0259l\u0259nmi\u015f, ya da h\u0259bs c\u0259zas\u0131na m\u0259hkum edilmi\u015fdil\u0259r. 1939-cu ilin sentyabr\u0131ndan ba\u015flayaraq 4 min\u0259 q\u0259d\u0259r m\u0259hkum alman gestapoya t\u0259hvil verildi. Maraql\u0131d\u0131r ki, SSR\u0130-d\u0259 \u0259sas\u0259n Almaniyan\u0131n casusu kimi ittiham olunan bu insanlara Almaniyada kommunist kimi h\u00f6km oxundu. Onlar\u0131n \u00e7ox az hiss\u0259si h\u0259bs d\u00fc\u015f\u0259rg\u0259l\u0259rind\u0259n sa\u011f qurtula bildil\u0259r.\n<\/p>\n<p>\n  Dekabr\u0131n 21-d\u0259 Hitler Stalini 60 illik yubileyi m\u00fcnasib\u0259ti il\u0259 t\u0259brik etdi. Sovet diktatoru cavab m\u0259ktubunda \u201cqanla b\u0259rkimi\u015f (Pol\u015faya qar\u015f\u0131 birg\u0259 \u0259m\u0259liyyat n\u0259z\u0259rd\u0259 tutulur) sovet v\u0259 alman xalqlar\u0131 dostlu\u011funun uzun v\u0259 m\u00f6hk\u0259m olmas\u0131 \u00fc\u00e7\u00fcn b\u00fct\u00fcn \u0259saslar m\u00f6vcuddur\u201d dey\u0259r\u0259k cavab verdi. Bu zaman onmilyonlarla SSR\u0130 v\u0259t\u0259nda\u015f\u0131n\u0131n h\u0259yat\u0131 bahas\u0131na ba\u015fa g\u0259l\u0259c\u0259k sovet-alman m\u00fcharib\u0259sinin ba\u015flanmas\u0131na is\u0259 ilyar\u0131m qal\u0131rd\u0131.\n<\/p>\n<p>\n  \u201cAlmaniya v\u0259 SSR\u0130 aras\u0131nda h\u00fccum etm\u0259m\u0259k haqq\u0131nda M\u00fcqavil\u0259y\u0259 \u0259lav\u0259 m\u0259xfi protokol\u201dun almanlarda olan sur\u0259ti Berlinin bombardman\u0131 zaman\u0131 m\u0259hv edilmi\u015fdi.\n<\/p>\n<p>\n  Lakin onun sur\u0259ti Almaniya X\u0130N arxivind\u0259 mikrofilm \u015f\u0259klind\u0259 qalm\u0131\u015fd\u0131. \u0130kinci cahan sava\u015f\u0131ndan sonra nasist Almaniyas\u0131n\u0131n bir s\u0131ra r\u0259hb\u0259rl\u0259ri \u00fcz\u0259rind\u0259 ke\u00e7iril\u0259n N\u00fcrnberq m\u0259hk\u0259m\u0259si zaman\u0131 Ribbentrop Pol\u015faya qar\u015f\u0131 m\u00fcdaxil\u0259ni bu s\u0259n\u0259dl\u0259 \u0259sasland\u0131rmaq ist\u0259y\u0259nd\u0259, ona imkan yarad\u0131lmad\u0131. \u00c7\u00fcnki SSR\u0130 bel\u0259 bir protokolun m\u00f6vcudlu\u011funu inkar edirdi. N\u00fcrnberqd\u0259 ona istinad edilm\u0259si biab\u0131r\u00e7\u0131l\u0131q ola bil\u0259rdi.\n<\/p>\n<p>\n  1986-c\u0131 ild\u0259 96 ya\u015f\u0131nda v\u0259fat ed\u0259n Molotov \u00f6mr\u00fcn\u00fcn sonuna kimi m\u0259xfi protokolun m\u00f6vcudlu\u011funu inkar etdi. Yenid\u0259nqurma ill\u0259rind\u0259 SSR\u0130 Ali soveti m\u0259s\u0259l\u0259ni ara\u015fd\u0131rmaq \u00fc\u00e7\u00fcn x\u00fcsusi komissiya yaratd\u0131. Komissiya arxivl\u0259rd\u0259 protokolun \u0259slini tapmasa da, Ali sovet sur\u0259tl\u0259r\u0259 v\u0259 dig\u0259r \u0259saslara s\u00f6yk\u0259n\u0259r\u0259k bel\u0259 bir s\u0259n\u0259din m\u00f6vcudlu\u011funu etiraf etdi v\u0259 onun imzalanmas\u0131n\u0131 pisl\u0259di. Yaln\u0131z 1992-ci ild\u0259 m\u0259xfi protokolun \u0259sli tap\u0131ld\u0131 v\u0259 m\u00f6vcudlu\u011fu \u00fcz\u0259rind\u0259ki \u015f\u00fcbh\u0259l\u0259r\u0259 q\u0259ti son verildi.<\/p>\n","protected":false},"excerpt":{"rendered":"<p>1939-cu ilin yay\u0131nda beyn\u0259lxalq m\u00fcnasib\u0259tl\u0259rd\u0259n bar\u0131t qoxusu g\u0259lirdi<\/p>\n","protected":false},"author":11,"featured_media":90947,"comment_status":"closed","ping_status":"open","sticky":false,"template":"","format":"standard","meta":{"_acf_changed":false,"_sitemap_exclude":false,"_sitemap_priority":"","_sitemap_frequency":"","footnotes":""},"categories":[57],"tags":[],"class_list":["post-186218","post","type-post","status-publish","format-standard","has-post-thumbnail","hentry","category-menim-fikrimce","infinite-scroll-item","generate-columns","tablet-grid-50","mobile-grid-100","grid-parent","grid-33","no-featured-image-padding"],"acf":[],"yoast_head":"<!-- This site is optimized with the Yoast SEO plugin v27.5 - https:\/\/yoast.com\/product\/yoast-seo-wordpress\/ -->\n<title>Molotov-Ribbentrop pakt\u0131 - MEYDAN.TV<\/title>\n<meta name=\"robots\" content=\"index, follow, max-snippet:-1, max-image-preview:large, max-video-preview:-1\" \/>\n<link rel=\"canonical\" href=\"https:\/\/www.meydan.tv\/az\/article\/molotov-ribbentrop-pakti\/\" \/>\n<meta property=\"og:locale\" content=\"az_AZ\" \/>\n<meta property=\"og:type\" content=\"article\" \/>\n<meta property=\"og:title\" content=\"Molotov-Ribbentrop pakt\u0131 - MEYDAN.TV\" \/>\n<meta property=\"og:description\" content=\"1939-cu ilin yay\u0131nda beyn\u0259lxalq m\u00fcnasib\u0259tl\u0259rd\u0259n bar\u0131t qoxusu g\u0259lirdi\" \/>\n<meta property=\"og:url\" content=\"https:\/\/www.meydan.tv\/az\/article\/molotov-ribbentrop-pakti\/\" \/>\n<meta property=\"og:site_name\" content=\"MEYDAN.TV\" \/>\n<meta property=\"article:published_time\" content=\"2017-08-23T20:09:39+00:00\" \/>\n<meta property=\"og:image\" content=\"https:\/\/www.meydan.tv\/wp-content\/uploads\/35871.jpg\" \/>\n\t<meta property=\"og:image:width\" content=\"800\" \/>\n\t<meta property=\"og:image:height\" content=\"568\" \/>\n\t<meta property=\"og:image:type\" content=\"image\/jpeg\" \/>\n<meta name=\"author\" content=\"user-manager\" \/>\n<meta name=\"twitter:card\" content=\"summary_large_image\" \/>\n<script type=\"application\/ld+json\" class=\"yoast-schema-graph\">{\"@context\":\"https:\\\/\\\/schema.org\",\"@graph\":[{\"@type\":\"Article\",\"@id\":\"https:\\\/\\\/www.meydan.tv\\\/az\\\/article\\\/molotov-ribbentrop-pakti\\\/#article\",\"isPartOf\":{\"@id\":\"https:\\\/\\\/www.meydan.tv\\\/az\\\/article\\\/molotov-ribbentrop-pakti\\\/\"},\"author\":{\"name\":\"user-manager\",\"@id\":\"https:\\\/\\\/www.meydan.tv\\\/az\\\/#\\\/schema\\\/person\\\/10d11eccf6da3662cf5fdab9806ea91a\"},\"headline\":\"Molotov-Ribbentrop pakt\u0131\",\"datePublished\":\"2017-08-23T20:09:39+00:00\",\"mainEntityOfPage\":{\"@id\":\"https:\\\/\\\/www.meydan.tv\\\/az\\\/article\\\/molotov-ribbentrop-pakti\\\/\"},\"wordCount\":2786,\"publisher\":{\"@id\":\"https:\\\/\\\/www.meydan.tv\\\/az\\\/#organization\"},\"image\":{\"@id\":\"https:\\\/\\\/www.meydan.tv\\\/az\\\/article\\\/molotov-ribbentrop-pakti\\\/#primaryimage\"},\"thumbnailUrl\":\"https:\\\/\\\/www.meydan.tv\\\/wp-content\\\/uploads\\\/35871.jpg\",\"articleSection\":[\"M\u0259nim Fikrimc\u0259\"],\"inLanguage\":\"az\"},{\"@type\":\"WebPage\",\"@id\":\"https:\\\/\\\/www.meydan.tv\\\/az\\\/article\\\/molotov-ribbentrop-pakti\\\/\",\"url\":\"https:\\\/\\\/www.meydan.tv\\\/az\\\/article\\\/molotov-ribbentrop-pakti\\\/\",\"name\":\"Molotov-Ribbentrop pakt\u0131 - MEYDAN.TV\",\"isPartOf\":{\"@id\":\"https:\\\/\\\/www.meydan.tv\\\/az\\\/#website\"},\"primaryImageOfPage\":{\"@id\":\"https:\\\/\\\/www.meydan.tv\\\/az\\\/article\\\/molotov-ribbentrop-pakti\\\/#primaryimage\"},\"image\":{\"@id\":\"https:\\\/\\\/www.meydan.tv\\\/az\\\/article\\\/molotov-ribbentrop-pakti\\\/#primaryimage\"},\"thumbnailUrl\":\"https:\\\/\\\/www.meydan.tv\\\/wp-content\\\/uploads\\\/35871.jpg\",\"datePublished\":\"2017-08-23T20:09:39+00:00\",\"breadcrumb\":{\"@id\":\"https:\\\/\\\/www.meydan.tv\\\/az\\\/article\\\/molotov-ribbentrop-pakti\\\/#breadcrumb\"},\"inLanguage\":\"az\",\"potentialAction\":[{\"@type\":\"ReadAction\",\"target\":[\"https:\\\/\\\/www.meydan.tv\\\/az\\\/article\\\/molotov-ribbentrop-pakti\\\/\"]}]},{\"@type\":\"ImageObject\",\"inLanguage\":\"az\",\"@id\":\"https:\\\/\\\/www.meydan.tv\\\/az\\\/article\\\/molotov-ribbentrop-pakti\\\/#primaryimage\",\"url\":\"https:\\\/\\\/www.meydan.tv\\\/wp-content\\\/uploads\\\/35871.jpg\",\"contentUrl\":\"https:\\\/\\\/www.meydan.tv\\\/wp-content\\\/uploads\\\/35871.jpg\",\"width\":800,\"height\":568,\"caption\":\"Source:\"},{\"@type\":\"BreadcrumbList\",\"@id\":\"https:\\\/\\\/www.meydan.tv\\\/az\\\/article\\\/molotov-ribbentrop-pakti\\\/#breadcrumb\",\"itemListElement\":[{\"@type\":\"ListItem\",\"position\":1,\"name\":\"Ana s\u0259hif\u0259\",\"item\":\"https:\\\/\\\/www.meydan.tv\\\/az\\\/\"},{\"@type\":\"ListItem\",\"position\":2,\"name\":\"M\u0259nim Fikrimc\u0259\",\"item\":\"https:\\\/\\\/www.meydan.tv\\\/az\\\/section\\\/menim-fikrimce\\\/\"},{\"@type\":\"ListItem\",\"position\":3,\"name\":\"Molotov-Ribbentrop pakt\u0131\"}]},{\"@type\":\"WebSite\",\"@id\":\"https:\\\/\\\/www.meydan.tv\\\/az\\\/#website\",\"url\":\"https:\\\/\\\/www.meydan.tv\\\/az\\\/\",\"name\":\"MEYDAN.TV\",\"description\":\"Meydan TV Az\u0259rbaycan\u0131n media m\u0259kan\u0131ndak\u0131 alternativ s\u0259sidir\",\"publisher\":{\"@id\":\"https:\\\/\\\/www.meydan.tv\\\/az\\\/#organization\"},\"potentialAction\":[{\"@type\":\"SearchAction\",\"target\":{\"@type\":\"EntryPoint\",\"urlTemplate\":\"https:\\\/\\\/www.meydan.tv\\\/az\\\/?s={search_term_string}\"},\"query-input\":{\"@type\":\"PropertyValueSpecification\",\"valueRequired\":true,\"valueName\":\"search_term_string\"}}],\"inLanguage\":\"az\"},{\"@type\":\"Organization\",\"@id\":\"https:\\\/\\\/www.meydan.tv\\\/az\\\/#organization\",\"name\":\"Meydan TV\",\"url\":\"https:\\\/\\\/www.meydan.tv\\\/az\\\/\",\"logo\":{\"@type\":\"ImageObject\",\"inLanguage\":\"az\",\"@id\":\"https:\\\/\\\/www.meydan.tv\\\/az\\\/#\\\/schema\\\/logo\\\/image\\\/\",\"url\":\"https:\\\/\\\/www.meydan.tv\\\/wp-content\\\/uploads\\\/2021\\\/07\\\/meydan-logo.svg\",\"contentUrl\":\"https:\\\/\\\/www.meydan.tv\\\/wp-content\\\/uploads\\\/2021\\\/07\\\/meydan-logo.svg\",\"width\":195,\"height\":46,\"caption\":\"Meydan TV\"},\"image\":{\"@id\":\"https:\\\/\\\/www.meydan.tv\\\/az\\\/#\\\/schema\\\/logo\\\/image\\\/\"}},{\"@type\":\"Person\",\"@id\":\"https:\\\/\\\/www.meydan.tv\\\/az\\\/#\\\/schema\\\/person\\\/10d11eccf6da3662cf5fdab9806ea91a\",\"name\":\"user-manager\"}]}<\/script>\n<!-- \/ Yoast SEO plugin. -->","yoast_head_json":{"title":"Molotov-Ribbentrop pakt\u0131 - MEYDAN.TV","robots":{"index":"index","follow":"follow","max-snippet":"max-snippet:-1","max-image-preview":"max-image-preview:large","max-video-preview":"max-video-preview:-1"},"canonical":"https:\/\/www.meydan.tv\/az\/article\/molotov-ribbentrop-pakti\/","og_locale":"az_AZ","og_type":"article","og_title":"Molotov-Ribbentrop pakt\u0131 - MEYDAN.TV","og_description":"1939-cu ilin yay\u0131nda beyn\u0259lxalq m\u00fcnasib\u0259tl\u0259rd\u0259n bar\u0131t qoxusu g\u0259lirdi","og_url":"https:\/\/www.meydan.tv\/az\/article\/molotov-ribbentrop-pakti\/","og_site_name":"MEYDAN.TV","article_published_time":"2017-08-23T20:09:39+00:00","og_image":[{"width":800,"height":568,"url":"https:\/\/www.meydan.tv\/wp-content\/uploads\/35871.jpg","type":"image\/jpeg"}],"author":"user-manager","twitter_card":"summary_large_image","schema":{"@context":"https:\/\/schema.org","@graph":[{"@type":"Article","@id":"https:\/\/www.meydan.tv\/az\/article\/molotov-ribbentrop-pakti\/#article","isPartOf":{"@id":"https:\/\/www.meydan.tv\/az\/article\/molotov-ribbentrop-pakti\/"},"author":{"name":"user-manager","@id":"https:\/\/www.meydan.tv\/az\/#\/schema\/person\/10d11eccf6da3662cf5fdab9806ea91a"},"headline":"Molotov-Ribbentrop pakt\u0131","datePublished":"2017-08-23T20:09:39+00:00","mainEntityOfPage":{"@id":"https:\/\/www.meydan.tv\/az\/article\/molotov-ribbentrop-pakti\/"},"wordCount":2786,"publisher":{"@id":"https:\/\/www.meydan.tv\/az\/#organization"},"image":{"@id":"https:\/\/www.meydan.tv\/az\/article\/molotov-ribbentrop-pakti\/#primaryimage"},"thumbnailUrl":"https:\/\/www.meydan.tv\/wp-content\/uploads\/35871.jpg","articleSection":["M\u0259nim Fikrimc\u0259"],"inLanguage":"az"},{"@type":"WebPage","@id":"https:\/\/www.meydan.tv\/az\/article\/molotov-ribbentrop-pakti\/","url":"https:\/\/www.meydan.tv\/az\/article\/molotov-ribbentrop-pakti\/","name":"Molotov-Ribbentrop pakt\u0131 - MEYDAN.TV","isPartOf":{"@id":"https:\/\/www.meydan.tv\/az\/#website"},"primaryImageOfPage":{"@id":"https:\/\/www.meydan.tv\/az\/article\/molotov-ribbentrop-pakti\/#primaryimage"},"image":{"@id":"https:\/\/www.meydan.tv\/az\/article\/molotov-ribbentrop-pakti\/#primaryimage"},"thumbnailUrl":"https:\/\/www.meydan.tv\/wp-content\/uploads\/35871.jpg","datePublished":"2017-08-23T20:09:39+00:00","breadcrumb":{"@id":"https:\/\/www.meydan.tv\/az\/article\/molotov-ribbentrop-pakti\/#breadcrumb"},"inLanguage":"az","potentialAction":[{"@type":"ReadAction","target":["https:\/\/www.meydan.tv\/az\/article\/molotov-ribbentrop-pakti\/"]}]},{"@type":"ImageObject","inLanguage":"az","@id":"https:\/\/www.meydan.tv\/az\/article\/molotov-ribbentrop-pakti\/#primaryimage","url":"https:\/\/www.meydan.tv\/wp-content\/uploads\/35871.jpg","contentUrl":"https:\/\/www.meydan.tv\/wp-content\/uploads\/35871.jpg","width":800,"height":568,"caption":"Source:"},{"@type":"BreadcrumbList","@id":"https:\/\/www.meydan.tv\/az\/article\/molotov-ribbentrop-pakti\/#breadcrumb","itemListElement":[{"@type":"ListItem","position":1,"name":"Ana s\u0259hif\u0259","item":"https:\/\/www.meydan.tv\/az\/"},{"@type":"ListItem","position":2,"name":"M\u0259nim Fikrimc\u0259","item":"https:\/\/www.meydan.tv\/az\/section\/menim-fikrimce\/"},{"@type":"ListItem","position":3,"name":"Molotov-Ribbentrop pakt\u0131"}]},{"@type":"WebSite","@id":"https:\/\/www.meydan.tv\/az\/#website","url":"https:\/\/www.meydan.tv\/az\/","name":"MEYDAN.TV","description":"Meydan TV Az\u0259rbaycan\u0131n media m\u0259kan\u0131ndak\u0131 alternativ s\u0259sidir","publisher":{"@id":"https:\/\/www.meydan.tv\/az\/#organization"},"potentialAction":[{"@type":"SearchAction","target":{"@type":"EntryPoint","urlTemplate":"https:\/\/www.meydan.tv\/az\/?s={search_term_string}"},"query-input":{"@type":"PropertyValueSpecification","valueRequired":true,"valueName":"search_term_string"}}],"inLanguage":"az"},{"@type":"Organization","@id":"https:\/\/www.meydan.tv\/az\/#organization","name":"Meydan TV","url":"https:\/\/www.meydan.tv\/az\/","logo":{"@type":"ImageObject","inLanguage":"az","@id":"https:\/\/www.meydan.tv\/az\/#\/schema\/logo\/image\/","url":"https:\/\/www.meydan.tv\/wp-content\/uploads\/2021\/07\/meydan-logo.svg","contentUrl":"https:\/\/www.meydan.tv\/wp-content\/uploads\/2021\/07\/meydan-logo.svg","width":195,"height":46,"caption":"Meydan TV"},"image":{"@id":"https:\/\/www.meydan.tv\/az\/#\/schema\/logo\/image\/"}},{"@type":"Person","@id":"https:\/\/www.meydan.tv\/az\/#\/schema\/person\/10d11eccf6da3662cf5fdab9806ea91a","name":"user-manager"}]}},"_links":{"self":[{"href":"https:\/\/www.meydan.tv\/az\/wp-json\/wp\/v2\/posts\/186218","targetHints":{"allow":["GET"]}}],"collection":[{"href":"https:\/\/www.meydan.tv\/az\/wp-json\/wp\/v2\/posts"}],"about":[{"href":"https:\/\/www.meydan.tv\/az\/wp-json\/wp\/v2\/types\/post"}],"author":[{"embeddable":true,"href":"https:\/\/www.meydan.tv\/az\/wp-json\/wp\/v2\/users\/11"}],"replies":[{"embeddable":true,"href":"https:\/\/www.meydan.tv\/az\/wp-json\/wp\/v2\/comments?post=186218"}],"version-history":[{"count":0,"href":"https:\/\/www.meydan.tv\/az\/wp-json\/wp\/v2\/posts\/186218\/revisions"}],"wp:featuredmedia":[{"embeddable":true,"href":"https:\/\/www.meydan.tv\/az\/wp-json\/wp\/v2\/media\/90947"}],"wp:attachment":[{"href":"https:\/\/www.meydan.tv\/az\/wp-json\/wp\/v2\/media?parent=186218"}],"wp:term":[{"taxonomy":"category","embeddable":true,"href":"https:\/\/www.meydan.tv\/az\/wp-json\/wp\/v2\/categories?post=186218"},{"taxonomy":"post_tag","embeddable":true,"href":"https:\/\/www.meydan.tv\/az\/wp-json\/wp\/v2\/tags?post=186218"}],"curies":[{"name":"wp","href":"https:\/\/api.w.org\/{rel}","templated":true}]}}