{"id":186181,"date":"2017-08-22T02:23:51","date_gmt":"2017-08-22T02:23:51","guid":{"rendered":"https:\/\/www.meydan.tv\/article\/turkcu-olmaqda-qebahet-yoxdur\/"},"modified":"2017-08-22T02:23:51","modified_gmt":"2017-08-22T02:23:51","slug":"turkcu-olmaqda-qebahet-yoxdur","status":"publish","type":"post","link":"https:\/\/www.meydan.tv\/az\/article\/turkcu-olmaqda-qebahet-yoxdur\/","title":{"rendered":"T\u00fcrk\u00e7\u00fc olmaqda q\u0259bah\u0259t yoxdur"},"content":{"rendered":"<figure class=\"wp-block-image size-large\">\n  <img decoding=\"async\" src=\"https:\/\/www.meydan.tv\/az\/allahverdi-mehdiyev-turkmen\/\" alt=\"Allahverdi Mehdiyev T\u00fcrkm\u0259n\" class=\"wp-image-90731\"\/><figcaption>\n    Allahverdi Mehdiyev T\u00fcrkm\u0259n<br \/>\n  <\/figcaption><\/figure>\n<p>\n  <i><br \/>\n    S\u0259m\u0259d R\u0259himliy\u0259 cavab<br \/>\n  <\/i>\n<\/p>\n<p>\n  \u00d6nc\u0259likl\u0259 yaz\u0131n\u0131z\u0131n \u0259vv\u0259lind\u0259 deyirsiniz ki, &#8220;\u0130lber Ortayl\u0131n\u0131n ifad\u0259 etdiyi fikir bizim \u00f6lk\u0259d\u0259 pant\u00fcrkist c\u0259r\u0259yan\u0131n t\u0259siri alt\u0131nda olan \u015f\u0259xsl\u0259rin &#8220;Az\u0259ri, yox Az\u0259rbaycan t\u00fcrk\u00fc&#8221; devizi il\u0259 \u00fcst-\u00fcst\u0259 d\u00fc\u015f\u0259n m\u0259s\u0259l\u0259dir&#8221;.\n<\/p>\n<p>\n  M\u0259nc\u0259, yaz\u0131n\u0131za olan etiraz\u0131m\u0131za buradan ba\u015flasaq yax\u015f\u0131d\u0131r. &#8220;Pant\u00fcrkist&#8221; yox, &#8220;t\u00fcrk\u00e7\u00fc&#8221;. Niy\u0259 t\u00fcrk\u00e7\u00fc?\n<\/p>\n<p>\n  \u00c7\u00fcnki siz ad\u0131na n\u0259 deyirsiniz deyin, qrammatikas\u0131 olan bir dild\u0259 dan\u0131\u015f\u0131rs\u0131n\u0131z v\u0259 bu dilin qaydalar\u0131na g\u00f6r\u0259 \u00f6n\u015f\u0259kil\u00e7id\u0259n m\u0259cbur qal\u0131nmad\u0131qca istifad\u0259 olunmamal\u0131d\u0131r. Qald\u0131 ki, hans\u0131sa c\u0259r\u0259yan\u0131n t\u0259sirind\u0259 olmaq m\u0259s\u0259l\u0259sin\u0259 sosial elml\u0259rl\u0259 m\u0259\u015f\u011ful olan ham\u0131, b\u00fct\u00fcn siyasi liderl\u0259r m\u00fctl\u0259q \u015f\u0259kild\u0259 m\u00fc\u0259yy\u0259n fikirl\u0259rin t\u0259sirind\u0259 olur. Y\u0259ni dediyiniz fikiri s\u00f6yl\u0259y\u0259n \u0130lber Ortayl\u0131 \u00f6z\u00fcn\u00fcn t\u00fcrk\u00e7\u00fc oldu\u011funu q\u0259bul etm\u0259s\u0259 d\u0259&#8230; T\u00fcrk\u00e7\u00fc olmaqda q\u0259bah\u0259t yoxdur.\n<\/p>\n<p>\n  Deyirsiniz: \u201c\u0130lk n\u00f6vb\u0259d\u0259, bunu q\u0259bul etm\u0259liyik ki, identiklik, o c\u00fcml\u0259d\u0259n milli, yaxud etnik identiklik &#8220;t\u0259bii fenomen&#8221; deyil, sosial konstruksiyad\u0131r\u201d.\n<\/p>\n<p>\n  H\u0259, aidiyyat hissi zamanla formala\u015f\u0131r, burada apar\u0131c\u0131 rol tarixi prosesl\u0259rd\u0259 olur. M\u0259s\u0259l\u0259n, XVI \u0259srd\u0259 \u00f6z\u00fcn\u00fc \u201cQ\u0131z\u0131lba\u015f\u201d adland\u0131ran bir qrup eyni dili dan\u0131\u015fmalar\u0131na baxmayaraq, XXI \u0259srd\u0259 \u00f6z\u00fcn\u00fc \u201caz\u0259rbaycanl\u0131\u201d adland\u0131ra bilir. Deyirsiniz ki, \u201ct\u00fcrk\u201d ad\u0131n\u0131n da \u201caz\u0259ri\u201d v\u0259 \u201caz\u0259rbaycanl\u0131\u201d ad\u0131 kimi s\u00fcni olmas\u0131n\u0131 q\u0259bul etm\u0259liyik.\n<\/p>\n<p>\n  \u00dcmumiy\u0259tl\u0259, he\u00e7 bir ad s\u00fcni deyildir. H\u0259r bir etnonimin \u00f6z tarixiliyi v\u0259 \u00f6z-\u00f6zl\u00fcy\u00fcnd\u0259 t\u0259biiliyi var. Bizim \u0259sas i\u015fimiz n\u0259yin s\u00fcni, n\u0259yin t\u0259bii oldu\u011fundan \u00e7ox, hans\u0131 ad\u0131n toplum \u00fc\u00e7\u00fcn daha uy\u011fun oldu\u011funu m\u00fc\u0259yy\u0259n etm\u0259kdir. V\u0259 bunu m\u00fc\u0259yy\u0259n ed\u0259rk\u0259n sizin yaz\u0131n\u0131zda \u00fcz\u0259rind\u0259n ke\u00e7diyiniz \u201ctarixilik\u201d v\u0259 \u201ctarixs\u0259l s\u00f6yl\u0259m\u201d \u00fcz\u0259rind\u0259 daha \u00e7ox durmal\u0131y\u0131q. Bunu etm\u0259mizin \u0259sas s\u0259b\u0259bi is\u0259 s\u0131rf insan t\u0259bi\u0259ti il\u0259 ba\u011fl\u0131 ola bil\u0259r, \u00e7\u00fcnki n\u0259tic\u0259d\u0259 h\u0259r k\u0259s \u00f6z ke\u00e7mi\u015fini bilm\u0259k ist\u0259y\u0259c\u0259k. Dan\u0131\u015fd\u0131\u011f\u0131 dilin hans\u0131 dil qrupundan g\u0259ldiyini, \u00f6z dilinin \u0259n q\u0259dim n\u00fcmun\u0259l\u0259rinin n\u0259 oldu\u011funu ara\u015fd\u0131racaq. \u00d6lk\u0259 xaricind\u0259 ya\u015fayan, ana dili eyni olan insanlara maraq duyacaq.\n<\/p>\n<p>\n  I. Dolay\u0131s\u0131 il\u0259, g\u0259lin bir az \u201cTarixilik\u201d m\u0259s\u0259l\u0259sin\u0259 toxunaq. Ad\u0131na n\u0259 deyirsinizs\u0259 deyin, bu siz\u0259 m\u00fcraci\u0259t etdiyim dilin bilin\u0259n \u0259n q\u0259dim \u00f6rn\u0259yi hans\u0131d\u0131r? Cavab b\u0259sitdir, sizin d\u0259 bildiyiniz kimi Orxun yaz\u0131tlar\u0131ndak\u0131 G\u00f6yt\u00fcrk\u00e7\u0259 olaraq runik \u0259lifba il\u0259 yaz\u0131lm\u0131\u015f m\u0259tn, dilimizin \u0259n q\u0259dim \u00f6rn\u0259yidir. Yaz\u0131tda istifad\u0259 olunan \u201cT\u00fcrk (T\u00fcr\u00f6k) Budun\u201d ifad\u0259si is\u0259 m\u0259lum olan v\u0259 he\u00e7 kimin etiraz ed\u0259 bilm\u0259y\u0259c\u0259yi ad\u0131m\u0131z\u0131 ifad\u0259 edir. \u0130st\u0259r dil olaraq, ist\u0259rs\u0259 d\u0259 mill\u0259t olaraq. He\u00e7 \u00f6n\u0259mli deyil, bu varl\u0131q indiki ya\u015fad\u0131\u011f\u0131m\u0131z co\u011frafiyadan k\u0259narda ortaya \u00e7\u0131x\u0131b, ya yox. Ham\u0131ya m\u0259lumdur ki, g\u00fcn\u00fcm\u00fcz insanlar\u0131n \u0259cdad\u0131 bilin\u0259n q\u0259d\u0259ril\u0259 Afrika qit\u0259sind\u0259 ortaya \u00e7\u0131x\u0131b, y\u0259ni insanl\u0131q bir-iki tayfan\u0131 \u00e7\u0131xmaq \u015f\u0259rti il\u0259 \u201cg\u0259lm\u0259l\u0259r\u201d toplusudur. H\u0259, dey\u0259 bil\u0259rsiniz ki, b\u0259s \u201ctarixilik\u201d m\u0259s\u0259l\u0259sini bu q\u0259d\u0259r \u00f6n\u0259mli ed\u0259n, az\u0259rbaycanl\u0131 \u00fcmumi ad\u0131n\u0131n v\u0259 Az\u0259rbaycan dili olaraq g\u00fcn\u00fcm\u00fczd\u0259 tan\u0131nan dilin \u201ct\u00fcrk\u201d ad\u0131 il\u0259 daha s\u0131x k\u00f6rp\u00fcl\u0259rl\u0259 birl\u0259\u015fm\u0259sinin \u00f6n\u0259mi n\u0259dir? \u018fn \u00f6n\u0259mli s\u0259b\u0259b Az\u0259rbaycan xalq\u0131na \u201cq\u0259dim v\u0259 f\u0259xr edil\u0259si k\u00f6k\u0259niniz var v\u0259 siz m\u0259n\u015f\u0259yi bilinm\u0259y\u0259n,\u201dStalinin qondard\u0131\u011f\u0131 v\u0259 ortaya \u00e7\u0131xard\u0131\u011f\u0131 xalq yox, \u0259n az 2000 il\u0259 yax\u0131n tarxi olan \u0259lifbaya malik v\u0259 yaz\u0131l\u0131 abid\u0259si olan xalqsan\u201d dem\u0259kdir. Mill\u0259tin \u00f6zg\u00fcv\u0259nini h\u0259r bax\u0131ma art\u0131raca\u011f\u0131 \u015f\u00fcbh\u0259 do\u011furmayacaq bir add\u0131md\u0131r. M\u0259s\u0259l\u0259n, \u00f6rn\u0259k olaraq T\u00fcrkiy\u0259 ordusunun qurulma tarixin\u0259 baxa bil\u0259rsiniz.\n<\/p>\n<p>\n  T\u00fcrkiy\u0259nin d\u00f6vl\u0259t olaraq r\u0259smi ordusu XX \u0259srd\u0259 ortaya \u00e7\u0131xm\u0131\u015fd\u0131r, ancaq buna baxmayaraq, ordu emblemind\u0259 bu tarix \u201cm.\u00f6 209\u201d kimi g\u00f6st\u0259rilir. \u00d6z\u00fcn\u00fcz\u00fc h\u0259rbi\u00e7i kimi t\u0259s\u0259vv\u00fcr edin, hans\u0131 sizi daha \u00e7ox t\u0259sirl\u0259ndir\u0259r, ordunuzun 1991-d\u0259 qurulmas\u0131, yoxsa m.\u00f6 209 da?\n<\/p>\n<p>\n  II. Ke\u00e7\u0259k dig\u0259r m\u0259s\u0259l\u0259y\u0259. Deyirsiniz, Az\u0259rbaycan xalq\u0131n\u0131 q\u0131sa \u015f\u0259kild\u0259 \u201caz\u0259ri\u201d adland\u0131rmaq olar. M\u0259nc\u0259, bu dediyinizin n\u0259 q\u0259d\u0259r m\u00fcmk\u00fcn ola bil\u0259c\u0259yinin cavab\u0131n\u0131 Bak\u0131da yox, T\u0259brizd\u0259 axtarmal\u0131s\u0131n\u0131z. Gedin T\u0259briz\u0259 v\u0259 deyin, \u201cBobam, bu dan\u0131\u015fd\u0131\u011f\u0131m\u0131z dil az\u0259ri dilidir v\u0259 biz az\u0259ri mill\u0259tiyik\u201d. \u0130nsanlar\u0131n ver\u0259c\u0259yi reaksiya y\u0259qin ki, sizin \u00fc\u00e7\u00fcn kifay\u0259t ed\u0259c\u0259k. Dan\u0131\u015fd\u0131\u011f\u0131m\u0131z dilin yay\u0131lma areal\u0131n\u0131 T\u00fcrkiy\u0259 t\u00fcrk\u00e7\u0259sind\u0259n m\u00fcst\u0259qil d\u0259y\u0259rl\u0259ndirs\u0259k bel\u0259, olduqca geni\u015fdir. \u00d6lk\u0259 xaricind\u0259ki \u0259n yax\u0131n \u0259qrabalar\u0131m\u0131z\u0131n, x\u00fcsusil\u0259 Sovet t\u0259sirin\u0259 az m\u0259ruz qalm\u0131\u015f \u0259qrabalar\u0131m\u0131z\u0131n G\u00fcney Az\u0259rbaycan t\u00fcrkl\u0259ri oldu\u011funu n\u0259z\u0259r\u0259 alsaq, sual\u0131m\u0131za cavab tapmaq \u00fc\u00e7\u00fcn onlar\u0131 daha \u00e7ox analiz etm\u0259liyik. Y\u0259qin m\u0259lumunuzdur ki, bu insanlar \u00f6zl\u0259rin\u0259 t\u00fcrk, dill\u0259rin\u0259 is\u0259 t\u00fcrkic\u0259 deyirl\u0259r v\u0259 t\u0259klifl\u0259rinizd\u0259n biri olan \u201caz\u0259ri\u201d ifad\u0259sin\u0259 qar\u015f\u0131 \u00e7\u0131x\u0131rlar.\n<\/p>\n<p>\n  III. Son m\u0259s\u0259l\u0259: Ax\u0131 dil\u00e7ilik dey\u0259 bir elm var. M\u0259s\u0259l\u0259y\u0259 niy\u0259 siyasi yana\u015f\u0131r\u0131q? Az\u0259rbaycan dili hans\u0131 dil qrupuna aiddir? Rus qaynaqlar\u0131 bu haqda n\u0259 deyir? Yeri g\u0259lmi\u015fk\u0259n, siz yaz\u0131n\u0131zda deyirsiniz ki, ruslar biz\u0259 \u201ctatar\u201d, pant\u00fcrkistl\u0259r biz\u0259 \u201ct\u00fcrk\u201d dey\u0259nd\u0259 xalq \u00f6z\u00fcn\u00fc m\u00fcs\u0259lman olaraq tan\u0131mlay\u0131rd\u0131. \u00d6nc\u0259likl\u0259, bu dediyiniz insanlar\u0131n \u00fcmm\u0259t anlay\u0131\u015f\u0131 il\u0259 ba\u011fl\u0131d\u0131r. Y\u0259qin 1840-c\u0131 ild\u0259 \u00c7ar Rusiyas\u0131 idar\u0259l\u0259ri t\u0259r\u0259find\u0259n \u00e7ap olunan &#8220;Qafqaz\u00f6t\u0259si Rusiya torpaqlar\u0131na n\u0259z\u0259r kitab\u0131na dair b\u0259zi qeydl\u0259r&#8221; (1840-c\u0131 il, Peterburq ) adl\u0131 kitabdan x\u0259b\u0259riniz yoxdur.\n<\/p>\n<figure class=\"wp-block-image size-large\">\n  <img decoding=\"async\" src=\"https:\/\/www.meydan.tv\/az\/90734\/\" alt=\"\" class=\"wp-image-90734\"\/><figcaption><\/figcaption><\/figure>\n<p>\n  G\u00f6rd\u00fcy\u00fcn\u00fcz kimi ruslar bu kitabda a\u00e7\u0131q \u015f\u0259kild\u0259 qeyd edir ki, bizim \u201ctatar\u201d dediyimiz xalq \u00f6z dilin\u0259 \u201ct\u00fcrkc\u0259\u201d, \u00f6z ad\u0131na is\u0259 \u201ct\u00fcrk\u201d deyir.\n<\/p>\n<p>\n  T\u0259rc\u00fcm\u0259 : \u00abTatarlar v\u0259 tatar dili ifad\u0259l\u0259ri h\u0259qiq\u0259t\u0259n d\u0259 bizim tatar adland\u0131rd\u0131\u011f\u0131m\u0131z xalqlara m\u0259lum deyil; Onlar \u00f6zl\u0259ri \u00f6z dill\u0259rin\u0259 \u201ct\u00fcrk dili\u201d deyirl\u0259r. Bu, \u00fcmumi bir l\u0259hc\u0259dir v\u0259 onunla \u00c7ind\u0259n Kazana, Kr\u0131mad\u0259k, buradansa M\u0259rake\u015f\u0259 v\u0259 M\u0259kk\u0259d\u0259n Hindistanad\u0259k getm\u0259k olar, eynil\u0259 frans\u0131zca il\u0259 b\u00fct\u00fcn Avropan\u0131 g\u0259z\u0259 bil\u0259c\u0259yiniz kimi\u00bb.\n<\/p>\n<p>\n  G\u00f6r\u00fcnd\u00fcy\u00fc kimi bir arqumentiniz daha bo\u015f \u00e7\u0131x\u0131r. Qald\u0131 ki, t\u00fcrk brendinin T\u00fcrkiy\u0259 t\u0259r\u0259find\u0259n sat\u0131n al\u0131nmas\u0131 iddias\u0131na, y\u0259qin oxuyan h\u0259r k\u0259s bunun g\u00fcl\u00fcnc s\u0259sl\u0259ndiyini hiss etmi\u015fdir. Mill\u0259t ad\u0131 mal deyil ki, al\u0131b-satas\u0131n\u0131z. Ya da sizin ad\u0131n\u0131z \u201cS\u0259m\u0259d\u201d-dir, dey\u0259 ba\u015fqa he\u00e7 kim\u0259 S\u0259m\u0259d ad\u0131 qoyula bilm\u0259zmi? Dahas\u0131, y\u0259hudi \u00f6rn\u0259yin\u0259 diqq\u0259tinizi \u00e7\u0259km\u0259k ist\u0259yir\u0259m. Bildiyiniz kimi d\u00fcnya y\u0259hudil\u0259ri olduqca f\u0259rqli qruplara b\u00f6l\u00fcn\u00fcr. M\u0259d\u0259ni c\u0259h\u0259td\u0259n, x\u00fcsusil\u0259 \u0130srail quruldu\u011fu d\u00f6vrd\u0259 \u00e7ox f\u0259rqli idil\u0259r. A\u015fkenazi y\u0259hudil\u0259ri il\u0259 Seferad y\u0259hudil\u0259ri bir-birl\u0259rind\u0259n \u00e7ox f\u0259rql\u0259nirdi, n\u0259 ortaq dil var idi, n\u0259 d\u0259 ortaq m\u0259d\u0259niyy\u0259t. Ancaq \u0130srail d\u00f6vl\u0259tinin irad\u0259si v\u0259 y\u0259hudi milliyy\u0259t\u00e7iliyi yoxdan bir dil yaratd\u0131, h\u0259tta tamam f\u0259rqli milli \u0259lifbaya ke\u00e7di, dahas\u0131, indiki \u0130srail\u0259 baxd\u0131\u011f\u0131m\u0131zda ortaq d\u0259y\u0259rl\u0259rinin \u00e7oxluq t\u0259\u015fkil etdiyi bir milli y\u0259hudi toplumu bel\u0259 yaratma\u011fa nail oldular. Dolay\u0131s\u0131 il\u0259, \u00f6n\u0259mli olan ortaq irad\u0259dir v\u0259 tarixiliyimizi qorumam\u0131zd\u0131r. Bu zaman insanlar dilini qoruma\u011fa, tarixin\u0259 daha \u00e7ox sahib \u00e7\u0131xma\u011fa \u00e7al\u0131\u015facaq. H\u0259tta b\u0259lk\u0259 d\u0259, siyasi t\u0259l\u0259bl\u0259rini daha c\u0259sar\u0259tli dill\u0259ndir\u0259c\u0259kdir.\n<\/p>\n<p>\n  <i><br \/>\n    <b><br \/>\n      Yaz\u0131 m\u00fc\u0259llifin fikirl\u0259rini \u0259ks etdirir v\u0259 Meydan TV-nin m\u00f6vqeyi il\u0259 \u00fcst-\u00fcst\u0259 d\u00fc\u015fm\u0259y\u0259 bil\u0259r.<br \/>\n    <\/b><br \/>\n  <\/i><\/p>\n","protected":false},"excerpt":{"rendered":"<p>S\u0259m\u0259d R\u0259himliy\u0259 cavab<\/p>\n","protected":false},"author":11,"featured_media":90731,"comment_status":"closed","ping_status":"open","sticky":false,"template":"","format":"standard","meta":{"_acf_changed":false,"_sitemap_exclude":false,"_sitemap_priority":"","_sitemap_frequency":"","footnotes":""},"categories":[57],"tags":[],"class_list":["post-186181","post","type-post","status-publish","format-standard","has-post-thumbnail","hentry","category-menim-fikrimce","infinite-scroll-item","generate-columns","tablet-grid-50","mobile-grid-100","grid-parent","grid-33","no-featured-image-padding"],"acf":[],"yoast_head":"<!-- This site is optimized with the Yoast SEO plugin v27.5 - https:\/\/yoast.com\/product\/yoast-seo-wordpress\/ -->\n<title>T\u00fcrk\u00e7\u00fc olmaqda q\u0259bah\u0259t yoxdur - MEYDAN.TV<\/title>\n<meta name=\"robots\" content=\"index, follow, max-snippet:-1, max-image-preview:large, max-video-preview:-1\" \/>\n<link rel=\"canonical\" href=\"https:\/\/www.meydan.tv\/az\/article\/turkcu-olmaqda-qebahet-yoxdur\/\" \/>\n<meta property=\"og:locale\" content=\"az_AZ\" \/>\n<meta property=\"og:type\" content=\"article\" \/>\n<meta property=\"og:title\" content=\"T\u00fcrk\u00e7\u00fc olmaqda q\u0259bah\u0259t yoxdur - MEYDAN.TV\" \/>\n<meta property=\"og:description\" content=\"S\u0259m\u0259d R\u0259himliy\u0259 cavab\" \/>\n<meta property=\"og:url\" content=\"https:\/\/www.meydan.tv\/az\/article\/turkcu-olmaqda-qebahet-yoxdur\/\" \/>\n<meta property=\"og:site_name\" content=\"MEYDAN.TV\" \/>\n<meta property=\"article:published_time\" content=\"2017-08-22T02:23:51+00:00\" \/>\n<meta property=\"og:image\" content=\"https:\/\/www.meydan.tv\/wp-content\/uploads\/35823.jpg\" \/>\n\t<meta property=\"og:image:width\" content=\"650\" \/>\n\t<meta property=\"og:image:height\" content=\"400\" \/>\n\t<meta property=\"og:image:type\" content=\"image\/jpeg\" \/>\n<meta name=\"author\" content=\"user-manager\" \/>\n<meta name=\"twitter:card\" content=\"summary_large_image\" \/>\n<script type=\"application\/ld+json\" class=\"yoast-schema-graph\">{\"@context\":\"https:\\\/\\\/schema.org\",\"@graph\":[{\"@type\":\"Article\",\"@id\":\"https:\\\/\\\/www.meydan.tv\\\/az\\\/article\\\/turkcu-olmaqda-qebahet-yoxdur\\\/#article\",\"isPartOf\":{\"@id\":\"https:\\\/\\\/www.meydan.tv\\\/az\\\/article\\\/turkcu-olmaqda-qebahet-yoxdur\\\/\"},\"author\":{\"name\":\"user-manager\",\"@id\":\"https:\\\/\\\/www.meydan.tv\\\/az\\\/#\\\/schema\\\/person\\\/10d11eccf6da3662cf5fdab9806ea91a\"},\"headline\":\"T\u00fcrk\u00e7\u00fc olmaqda q\u0259bah\u0259t yoxdur\",\"datePublished\":\"2017-08-22T02:23:51+00:00\",\"mainEntityOfPage\":{\"@id\":\"https:\\\/\\\/www.meydan.tv\\\/az\\\/article\\\/turkcu-olmaqda-qebahet-yoxdur\\\/\"},\"wordCount\":1492,\"publisher\":{\"@id\":\"https:\\\/\\\/www.meydan.tv\\\/az\\\/#organization\"},\"image\":{\"@id\":\"https:\\\/\\\/www.meydan.tv\\\/az\\\/article\\\/turkcu-olmaqda-qebahet-yoxdur\\\/#primaryimage\"},\"thumbnailUrl\":\"https:\\\/\\\/www.meydan.tv\\\/wp-content\\\/uploads\\\/35823.jpg\",\"articleSection\":[\"M\u0259nim Fikrimc\u0259\"],\"inLanguage\":\"az\"},{\"@type\":\"WebPage\",\"@id\":\"https:\\\/\\\/www.meydan.tv\\\/az\\\/article\\\/turkcu-olmaqda-qebahet-yoxdur\\\/\",\"url\":\"https:\\\/\\\/www.meydan.tv\\\/az\\\/article\\\/turkcu-olmaqda-qebahet-yoxdur\\\/\",\"name\":\"T\u00fcrk\u00e7\u00fc olmaqda q\u0259bah\u0259t yoxdur - MEYDAN.TV\",\"isPartOf\":{\"@id\":\"https:\\\/\\\/www.meydan.tv\\\/az\\\/#website\"},\"primaryImageOfPage\":{\"@id\":\"https:\\\/\\\/www.meydan.tv\\\/az\\\/article\\\/turkcu-olmaqda-qebahet-yoxdur\\\/#primaryimage\"},\"image\":{\"@id\":\"https:\\\/\\\/www.meydan.tv\\\/az\\\/article\\\/turkcu-olmaqda-qebahet-yoxdur\\\/#primaryimage\"},\"thumbnailUrl\":\"https:\\\/\\\/www.meydan.tv\\\/wp-content\\\/uploads\\\/35823.jpg\",\"datePublished\":\"2017-08-22T02:23:51+00:00\",\"breadcrumb\":{\"@id\":\"https:\\\/\\\/www.meydan.tv\\\/az\\\/article\\\/turkcu-olmaqda-qebahet-yoxdur\\\/#breadcrumb\"},\"inLanguage\":\"az\",\"potentialAction\":[{\"@type\":\"ReadAction\",\"target\":[\"https:\\\/\\\/www.meydan.tv\\\/az\\\/article\\\/turkcu-olmaqda-qebahet-yoxdur\\\/\"]}]},{\"@type\":\"ImageObject\",\"inLanguage\":\"az\",\"@id\":\"https:\\\/\\\/www.meydan.tv\\\/az\\\/article\\\/turkcu-olmaqda-qebahet-yoxdur\\\/#primaryimage\",\"url\":\"https:\\\/\\\/www.meydan.tv\\\/wp-content\\\/uploads\\\/35823.jpg\",\"contentUrl\":\"https:\\\/\\\/www.meydan.tv\\\/wp-content\\\/uploads\\\/35823.jpg\",\"width\":650,\"height\":400,\"caption\":\"Source:\"},{\"@type\":\"BreadcrumbList\",\"@id\":\"https:\\\/\\\/www.meydan.tv\\\/az\\\/article\\\/turkcu-olmaqda-qebahet-yoxdur\\\/#breadcrumb\",\"itemListElement\":[{\"@type\":\"ListItem\",\"position\":1,\"name\":\"Ana s\u0259hif\u0259\",\"item\":\"https:\\\/\\\/www.meydan.tv\\\/az\\\/\"},{\"@type\":\"ListItem\",\"position\":2,\"name\":\"M\u0259nim Fikrimc\u0259\",\"item\":\"https:\\\/\\\/www.meydan.tv\\\/az\\\/section\\\/menim-fikrimce\\\/\"},{\"@type\":\"ListItem\",\"position\":3,\"name\":\"T\u00fcrk\u00e7\u00fc olmaqda q\u0259bah\u0259t yoxdur\"}]},{\"@type\":\"WebSite\",\"@id\":\"https:\\\/\\\/www.meydan.tv\\\/az\\\/#website\",\"url\":\"https:\\\/\\\/www.meydan.tv\\\/az\\\/\",\"name\":\"MEYDAN.TV\",\"description\":\"Meydan TV Az\u0259rbaycan\u0131n media m\u0259kan\u0131ndak\u0131 alternativ s\u0259sidir\",\"publisher\":{\"@id\":\"https:\\\/\\\/www.meydan.tv\\\/az\\\/#organization\"},\"potentialAction\":[{\"@type\":\"SearchAction\",\"target\":{\"@type\":\"EntryPoint\",\"urlTemplate\":\"https:\\\/\\\/www.meydan.tv\\\/az\\\/?s={search_term_string}\"},\"query-input\":{\"@type\":\"PropertyValueSpecification\",\"valueRequired\":true,\"valueName\":\"search_term_string\"}}],\"inLanguage\":\"az\"},{\"@type\":\"Organization\",\"@id\":\"https:\\\/\\\/www.meydan.tv\\\/az\\\/#organization\",\"name\":\"Meydan TV\",\"url\":\"https:\\\/\\\/www.meydan.tv\\\/az\\\/\",\"logo\":{\"@type\":\"ImageObject\",\"inLanguage\":\"az\",\"@id\":\"https:\\\/\\\/www.meydan.tv\\\/az\\\/#\\\/schema\\\/logo\\\/image\\\/\",\"url\":\"https:\\\/\\\/www.meydan.tv\\\/wp-content\\\/uploads\\\/2021\\\/07\\\/meydan-logo.svg\",\"contentUrl\":\"https:\\\/\\\/www.meydan.tv\\\/wp-content\\\/uploads\\\/2021\\\/07\\\/meydan-logo.svg\",\"width\":195,\"height\":46,\"caption\":\"Meydan TV\"},\"image\":{\"@id\":\"https:\\\/\\\/www.meydan.tv\\\/az\\\/#\\\/schema\\\/logo\\\/image\\\/\"}},{\"@type\":\"Person\",\"@id\":\"https:\\\/\\\/www.meydan.tv\\\/az\\\/#\\\/schema\\\/person\\\/10d11eccf6da3662cf5fdab9806ea91a\",\"name\":\"user-manager\"}]}<\/script>\n<!-- \/ Yoast SEO plugin. -->","yoast_head_json":{"title":"T\u00fcrk\u00e7\u00fc olmaqda q\u0259bah\u0259t yoxdur - MEYDAN.TV","robots":{"index":"index","follow":"follow","max-snippet":"max-snippet:-1","max-image-preview":"max-image-preview:large","max-video-preview":"max-video-preview:-1"},"canonical":"https:\/\/www.meydan.tv\/az\/article\/turkcu-olmaqda-qebahet-yoxdur\/","og_locale":"az_AZ","og_type":"article","og_title":"T\u00fcrk\u00e7\u00fc olmaqda q\u0259bah\u0259t yoxdur - MEYDAN.TV","og_description":"S\u0259m\u0259d R\u0259himliy\u0259 cavab","og_url":"https:\/\/www.meydan.tv\/az\/article\/turkcu-olmaqda-qebahet-yoxdur\/","og_site_name":"MEYDAN.TV","article_published_time":"2017-08-22T02:23:51+00:00","og_image":[{"width":650,"height":400,"url":"https:\/\/www.meydan.tv\/wp-content\/uploads\/35823.jpg","type":"image\/jpeg"}],"author":"user-manager","twitter_card":"summary_large_image","schema":{"@context":"https:\/\/schema.org","@graph":[{"@type":"Article","@id":"https:\/\/www.meydan.tv\/az\/article\/turkcu-olmaqda-qebahet-yoxdur\/#article","isPartOf":{"@id":"https:\/\/www.meydan.tv\/az\/article\/turkcu-olmaqda-qebahet-yoxdur\/"},"author":{"name":"user-manager","@id":"https:\/\/www.meydan.tv\/az\/#\/schema\/person\/10d11eccf6da3662cf5fdab9806ea91a"},"headline":"T\u00fcrk\u00e7\u00fc olmaqda q\u0259bah\u0259t yoxdur","datePublished":"2017-08-22T02:23:51+00:00","mainEntityOfPage":{"@id":"https:\/\/www.meydan.tv\/az\/article\/turkcu-olmaqda-qebahet-yoxdur\/"},"wordCount":1492,"publisher":{"@id":"https:\/\/www.meydan.tv\/az\/#organization"},"image":{"@id":"https:\/\/www.meydan.tv\/az\/article\/turkcu-olmaqda-qebahet-yoxdur\/#primaryimage"},"thumbnailUrl":"https:\/\/www.meydan.tv\/wp-content\/uploads\/35823.jpg","articleSection":["M\u0259nim Fikrimc\u0259"],"inLanguage":"az"},{"@type":"WebPage","@id":"https:\/\/www.meydan.tv\/az\/article\/turkcu-olmaqda-qebahet-yoxdur\/","url":"https:\/\/www.meydan.tv\/az\/article\/turkcu-olmaqda-qebahet-yoxdur\/","name":"T\u00fcrk\u00e7\u00fc olmaqda q\u0259bah\u0259t yoxdur - MEYDAN.TV","isPartOf":{"@id":"https:\/\/www.meydan.tv\/az\/#website"},"primaryImageOfPage":{"@id":"https:\/\/www.meydan.tv\/az\/article\/turkcu-olmaqda-qebahet-yoxdur\/#primaryimage"},"image":{"@id":"https:\/\/www.meydan.tv\/az\/article\/turkcu-olmaqda-qebahet-yoxdur\/#primaryimage"},"thumbnailUrl":"https:\/\/www.meydan.tv\/wp-content\/uploads\/35823.jpg","datePublished":"2017-08-22T02:23:51+00:00","breadcrumb":{"@id":"https:\/\/www.meydan.tv\/az\/article\/turkcu-olmaqda-qebahet-yoxdur\/#breadcrumb"},"inLanguage":"az","potentialAction":[{"@type":"ReadAction","target":["https:\/\/www.meydan.tv\/az\/article\/turkcu-olmaqda-qebahet-yoxdur\/"]}]},{"@type":"ImageObject","inLanguage":"az","@id":"https:\/\/www.meydan.tv\/az\/article\/turkcu-olmaqda-qebahet-yoxdur\/#primaryimage","url":"https:\/\/www.meydan.tv\/wp-content\/uploads\/35823.jpg","contentUrl":"https:\/\/www.meydan.tv\/wp-content\/uploads\/35823.jpg","width":650,"height":400,"caption":"Source:"},{"@type":"BreadcrumbList","@id":"https:\/\/www.meydan.tv\/az\/article\/turkcu-olmaqda-qebahet-yoxdur\/#breadcrumb","itemListElement":[{"@type":"ListItem","position":1,"name":"Ana s\u0259hif\u0259","item":"https:\/\/www.meydan.tv\/az\/"},{"@type":"ListItem","position":2,"name":"M\u0259nim Fikrimc\u0259","item":"https:\/\/www.meydan.tv\/az\/section\/menim-fikrimce\/"},{"@type":"ListItem","position":3,"name":"T\u00fcrk\u00e7\u00fc olmaqda q\u0259bah\u0259t yoxdur"}]},{"@type":"WebSite","@id":"https:\/\/www.meydan.tv\/az\/#website","url":"https:\/\/www.meydan.tv\/az\/","name":"MEYDAN.TV","description":"Meydan TV Az\u0259rbaycan\u0131n media m\u0259kan\u0131ndak\u0131 alternativ s\u0259sidir","publisher":{"@id":"https:\/\/www.meydan.tv\/az\/#organization"},"potentialAction":[{"@type":"SearchAction","target":{"@type":"EntryPoint","urlTemplate":"https:\/\/www.meydan.tv\/az\/?s={search_term_string}"},"query-input":{"@type":"PropertyValueSpecification","valueRequired":true,"valueName":"search_term_string"}}],"inLanguage":"az"},{"@type":"Organization","@id":"https:\/\/www.meydan.tv\/az\/#organization","name":"Meydan TV","url":"https:\/\/www.meydan.tv\/az\/","logo":{"@type":"ImageObject","inLanguage":"az","@id":"https:\/\/www.meydan.tv\/az\/#\/schema\/logo\/image\/","url":"https:\/\/www.meydan.tv\/wp-content\/uploads\/2021\/07\/meydan-logo.svg","contentUrl":"https:\/\/www.meydan.tv\/wp-content\/uploads\/2021\/07\/meydan-logo.svg","width":195,"height":46,"caption":"Meydan TV"},"image":{"@id":"https:\/\/www.meydan.tv\/az\/#\/schema\/logo\/image\/"}},{"@type":"Person","@id":"https:\/\/www.meydan.tv\/az\/#\/schema\/person\/10d11eccf6da3662cf5fdab9806ea91a","name":"user-manager"}]}},"_links":{"self":[{"href":"https:\/\/www.meydan.tv\/az\/wp-json\/wp\/v2\/posts\/186181","targetHints":{"allow":["GET"]}}],"collection":[{"href":"https:\/\/www.meydan.tv\/az\/wp-json\/wp\/v2\/posts"}],"about":[{"href":"https:\/\/www.meydan.tv\/az\/wp-json\/wp\/v2\/types\/post"}],"author":[{"embeddable":true,"href":"https:\/\/www.meydan.tv\/az\/wp-json\/wp\/v2\/users\/11"}],"replies":[{"embeddable":true,"href":"https:\/\/www.meydan.tv\/az\/wp-json\/wp\/v2\/comments?post=186181"}],"version-history":[{"count":0,"href":"https:\/\/www.meydan.tv\/az\/wp-json\/wp\/v2\/posts\/186181\/revisions"}],"wp:featuredmedia":[{"embeddable":true,"href":"https:\/\/www.meydan.tv\/az\/wp-json\/wp\/v2\/media\/90731"}],"wp:attachment":[{"href":"https:\/\/www.meydan.tv\/az\/wp-json\/wp\/v2\/media?parent=186181"}],"wp:term":[{"taxonomy":"category","embeddable":true,"href":"https:\/\/www.meydan.tv\/az\/wp-json\/wp\/v2\/categories?post=186181"},{"taxonomy":"post_tag","embeddable":true,"href":"https:\/\/www.meydan.tv\/az\/wp-json\/wp\/v2\/tags?post=186181"}],"curies":[{"name":"wp","href":"https:\/\/api.w.org\/{rel}","templated":true}]}}