{"id":186122,"date":"2017-08-17T17:40:03","date_gmt":"2017-08-17T17:40:03","guid":{"rendered":"https:\/\/www.meydan.tv\/article\/hakimiyyet-turan-dan-ne-isteyir\/"},"modified":"2017-08-17T17:40:03","modified_gmt":"2017-08-17T17:40:03","slug":"hakimiyyet-turan-dan-ne-isteyir","status":"publish","type":"post","link":"https:\/\/www.meydan.tv\/az\/article\/hakimiyyet-turan-dan-ne-isteyir\/","title":{"rendered":"Hakimiyy\u0259t &#8221;Turan&#8221;-dan n\u0259 ist\u0259yir?"},"content":{"rendered":"<p>\n  <i><br \/>\n    Hakimiyy\u0259t bu media qurumunu ram etm\u0259k \u00fc\u00e7\u00fcn Mehman \u018fliyev\u0259 s\u00fcr\u0259kli v\u0259 \u00e7oxsayl\u0131 imkanlar t\u0259klif edib<br \/>\n  <\/i>\n<\/p>\n<p>\n  Art\u0131q ne\u00e7\u0259 ildir ki, Az\u0259rbaycanda m\u00fcst\u0259qil v\u0259t\u0259nda\u015f c\u0259miyy\u0259ti s\u0131radan \u00e7\u0131xar\u0131l\u0131b, azad m\u0259tbuat \u00e7\u00f6kd\u00fcr\u00fcl\u00fcb.\n<\/p>\n<p>\n  Hakimiyy\u0259td\u0259n as\u0131l\u0131 olmayan m\u0259tbuat orqanlar\u0131 barmaqla say\u0131las\u0131 q\u0259d\u0259rdir ki, onlar \u00f6z f\u0259aliyy\u0259tl\u0259rini \u00e7ox \u00e7\u0259tinlikl\u0259 davam etdirirl\u0259r. H\u0259min media orqanlar\u0131ndan biri \u201cTuran\u201d \u0130nformasiya Agentliyidir. Ad\u0131\u00e7\u0259kil\u0259n agentlik Az\u0259rbaycan\u0131n m\u00fcst\u0259qillik tarixi il\u0259 h\u0259mya\u015f\u0131dd\u0131r. \u00d6lk\u0259nin \u0259n qocaman, stajl\u0131 v\u0259 t\u0259cr\u00fcb\u0259li media qurumlar\u0131ndan biridir. Daxild\u0259 v\u0259 xaricd\u0259 etibarl\u0131 t\u0259r\u0259fda\u015flar\u0131 v\u0259 n\u00fcfuzu var. M\u0259lumatlar\u0131n\u0131 3 dild\u0259- Az\u0259rbaycan, ingilis v\u0259 rus dilind\u0259 yay\u0131r. M\u0259tbuat\u0131n \u201cQ\u0131z\u0131l qaydas\u0131\u201d- na, qar\u015f\u0131 t\u0259r\u0259fin m\u00f6vqeyini i\u015f\u0131qland\u0131rma\u011fa h\u0259mi\u015f\u0259 \u0259m\u0259l etm\u0259y\u0259 \u00e7al\u0131\u015f\u0131r.\n<\/p>\n<p>\n  \u018fn m\u00fch\u00fcm keyfiyy\u0259tl\u0259rind\u0259n biri odur g\u00fccl\u00fc t\u0259zyiql\u0259rin v\u0259 b\u00f6y\u00fck v\u0259dl\u0259rin qar\u015f\u0131l\u0131\u011f\u0131nda indiy\u0259 q\u0259d\u0259r \u00f6z d\u0259sti- x\u0259ttini v\u0259 m\u00fcst\u0259qilliyini qoruyub saxlay\u0131b. T\u0259bii ki, bu keyfiyy\u0259tl\u0259r v\u0259 n\u00fcmun\u0259l\u0259r- oxucuya obyektiv v\u0259 operativ m\u0259lumat \u00e7atd\u0131rmaq imkanlar\u0131 avtoritar rejiml\u0259rin mahiyy\u0259ti il\u0259 t\u0259rs m\u00fct\u0259nasibdir.\n<\/p>\n<blockquote><p>\n  \u0130mtiyazlardan imtinan\u0131n b\u0259d\u0259li\u2026\n<\/p><\/blockquote>\n<p>\n  \u201cTuran\u201d \u0130nformasiya Agentliyind\u0259 \u00f6lk\u0259nin tan\u0131nm\u0131\u015f v\u0259 istedadl\u0131 jurnalistl\u0259ri \u00e7al\u0131\u015f\u0131b v\u0259 b\u00fc g\u00fcn d\u0259 \u00e7al\u0131\u015f\u0131r. \u00d6z pe\u015f\u0259 f\u0259aliyy\u0259tini yerin\u0259 yetir\u0259r\u0259k\u0259n polis- m\u0259mur fiziki zorakal\u0131\u011f\u0131na m\u0259ruz qalmaqdan tutmu\u015f, q\u0259tl\u0259 yetiril\u0259n, d\u00fcnyas\u0131n\u0131 d\u0259yi\u015f\u0259n jurnalistl\u0259r\u0259 (F\u0259rhad K\u0259rimov, Adil B\u00fcnyadov) q\u0259d\u0259r b\u00f6y\u00fck bir cami\u0259 bu m\u0259tbuat orqan\u0131n\u0131n sadiq \u0259m\u0259kda\u015flar\u0131 olub. \u201cTuran\u201d b\u00f6y\u00fck bir m\u0259kt\u0259b yarad\u0131b. M\u0259kt\u0259bin yarad\u0131c\u0131s\u0131 is\u0259 agentliyin r\u0259hb\u0259ri Mehman \u018fliyevdir. Bir ne\u00e7\u0259 g\u00fcn \u00f6nc\u0259 Vergil\u0259r Nazirliyinin timsal\u0131nda hakimiyy\u0259tin \u201cTuran\u201d \u0130nformasiya Agentliyin\u0259 qar\u015f\u0131 vergid\u0259n yay\u0131nma ittiham\u0131 il\u0259 cinay\u0259t i\u015fi a\u00e7mas\u0131 v\u0259 agentliyin ofisind\u0259 he\u00e7 bir de-yure v\u0259 praktiki \u0259sas olmadan axtar\u0131\u015f aparmas\u0131\u0131n\u0131 onun xarakteri v\u0259 \u015f\u0259xsiyy\u0259ti il\u0259 \u0259laq\u0259l\u0259ndirm\u0259k daha d\u00fczg\u00fcn olard\u0131. \u00c7\u00fcnki \u201cTuran\u201d- n\u0131n indiy\u0259 q\u0259d\u0259r ayaqda olmas\u0131, rejimin \u00e7oxsayl\u0131 basq\u0131lar\u0131na v\u0259 imtiyazlar\u0131na boyun \u0259ym\u0259m\u0259sinin \u0259sas s\u0259b\u0259bkar\u0131 odur. Daha d\u0259qiq des\u0259k, onun m\u00fcst\u0259qil, azad v\u0259 h\u0259qiq\u0259tp\u0259r\u0259st olmas\u0131ndad\u0131r. Agentlikl\u0259 yax\u0131ndan \u0259m\u0259kda\u015fl\u0131q ed\u0259n \u015f\u0259xs kimi qeyd ed\u0259 bil\u0259r\u0259m ki, hakimiyy\u0259t bu media qurumunu ram etm\u0259k \u00fc\u00e7\u00fcn Mehman \u018fliyev\u0259 s\u00fcr\u0259kli v\u0259 \u00e7oxsayl\u0131 imkanlar t\u0259klif edib. V\u0259zif\u0259, ev, ofis, pul v\u0259 s. Amma t\u0259klifl\u0259r q\u0259bul olunmay\u0131b. H\u0259l\u0259 Heyd\u0259r \u018fliyevin sa\u011fl\u0131\u011f\u0131nda onun \u00f6z\u00fc t\u0259r\u0259find\u0259n Mehman \u018fliyev\u0259 onun komandas\u0131nda i\u015fl\u0259m\u0259k t\u0259klif olunub. O, t\u0259klifi q\u0259bul etm\u0259yib. Eyni t\u0259klif \u0130lham \u018fliyev komandas\u0131 t\u0259r\u0259find\u0259n d\u0259 ir\u0259li s\u00fcr\u00fcl\u00fcb. Bildiyim q\u0259d\u0259ri il\u0259 son t\u0259klif is\u0259 yax\u0131n zamanlarda \u018fliyev- Pa\u015fayevl\u0259r komandas\u0131 t\u0259r\u0259find\u0259n bildirilib. T\u0259klifi q\u0259bul etm\u0259y\u0259n M.\u018fliyev t\u0259bii ki, bilirdi ki, bu imtinaya g\u00f6r\u0259 onu v\u0259 t\u0259msil etdiyi agentliyi ac\u0131nacaql\u0131 tale g\u00f6zl\u0259yir. V\u0259 art\u0131q h\u0259min g\u00f6zl\u0259ntil\u0259r realla\u015fmaqdad\u0131r\u2026\n<\/p>\n<p>\n  Ha\u015fiy\u0259. \u201cTuran\u201d- a qar\u015f\u0131 vergid\u0259n yay\u0131nma ittiham\u0131n\u0131n ir\u0259li s\u00fcr\u00fclm\u0259si \u0259sass\u0131z oldu\u011fu q\u0259d\u0259r d\u0259 absurddur v\u0259 siyasi<br \/>\n  <a href=\"http:\/\/www.contact.az\/ext\/news\/2017\/8\/free\/Want%20to%20Say\/az\/64899.htm\" target=\"_blank\" rel=\"noopener\"><br \/>\n    sifari\u015fdir<br \/>\n  <\/a><br \/>\n  . Reklam, abun\u0259, r\u0259qab\u0259t m\u00fchitinin olmad\u0131\u011f\u0131 \u00f6lk\u0259d\u0259 \u00f6z daxili imkanlar\u0131 hesaba\u0131na bir media qurumunun ayaqda durmas\u0131 f\u0259dakarl\u0131qd\u0131r. Bu f\u0259dakarl\u0131\u011f\u0131 alq\u0131\u015flamaq \u0259v\u0259zin\u0259 onu susdurmaq c\u0259hdi is\u0259 h\u0259qiq\u0259tin a\u011fz\u0131na da\u015f basmaq, azad s\u00f6z\u00fc bo\u011fmaq v\u0259 qisas\u00e7\u0131l\u0131qd\u0131r. Dig\u0259r t\u0259r\u0259fd\u0259n, \u00f6lk\u0259ni talayanlar\u0131n, onun mal\u0131n\u0131, m\u00fclkini, neft g\u0259lirl\u0259rini o\u011furlay\u0131b of\u015far zonalara da\u015f\u0131yanlar\u0131n azad media n\u00fcmun\u0259sini vergid\u0259n yay\u0131nmaqda ittiham etm\u0259si tarixin ac\u0131 ironiyas\u0131d\u0131r. G\u00f6r\u0259s\u0259n har\u0131n \u00f6vladlar\u0131na d\u0259y\u0259ri milyonlarla \u00f6l\u00e7\u00fcl\u0259n ma\u015f\u0131n al\u0131b g\u00fcnahs\u0131z insanlar\u0131n \u00f6l\u00fcm\u00fcn\u0259 s\u0259b\u0259b olan r\u00fc\u015fv\u0259txor m\u0259murlar bu \u00f6lk\u0259nin vergi orqanlar\u0131n \u00f6m\u00fcrl\u0259rind\u0259 bir d\u0259f\u0259 d\u0259 olsun vergi \u00f6d\u0259yibl\u0259rmi? G\u00f6r\u0259s\u0259n b\u00f6y\u00fck v\u0259 d\u0259bd\u0259b\u0259li otell\u0259ri, \u015fadl\u0131q saraylar\u0131, istirah\u0259t m\u0259rk\u0259zl\u0259ri, ticar\u0259t obyektl\u0259ri, istilikxanalar\u0131, biznes strukturlar\u0131, \u00f6lk\u0259d\u0259 v\u0259 xaricd\u0259 villalar\u0131 olan m\u0259murlar d\u00f6vl\u0259t b\u00fcdc\u0259sin\u0259 n\u0259 q\u0259d\u0259r vergi \u00f6d\u0259yibl\u0259r? \u00d6d\u0259yibl\u0259rs\u0259 h\u0259cmi n\u0259 q\u0259d\u0259rdir, \u00f6d\u0259ni\u015fin h\u0259cmi v\u0259 g\u0259lir b\u0259yannam\u0259l\u0259rini indiy\u0259 q\u0259d\u0259r niy\u0259 t\u0259qdim etmirl\u0259r?\n<\/p>\n<p>\n  Bu hakimiyy\u0259t r\u00fc\u015fv\u0259tin, korrupsiyan\u0131n i\u00e7ind\u0259 oldu\u011fundan c\u0259miyy\u0259td\u0259 \u00e7irkaba bula\u015fmam\u0131\u015f, t\u0259miz adamlar\u0131 g\u00f6rm\u0259k ist\u0259mir. \u00c7\u00fcnki korrupsiyala\u015fm\u0131\u015f rejiml\u0259r t\u0259miz v\u0259 d\u00fcr\u00fcst insanlar\u0131n \u00fcst\u00fcnl\u00fck t\u0259\u015fkil etdiyi c\u0259miyy\u0259tl\u0259ri idar\u0259 etm\u0259kd\u0259 \u00e7\u0259tinlik \u00e7\u0259kirl\u0259r. Onlar ist\u0259yir ki, \u00f6lk\u0259nin tan\u0131nm\u0131\u015f, n\u00fcfuzlu insanlar\u0131n\u0131 h\u0259r hans\u0131 formada \u00f6z \u0259m\u0259ll\u0259rin\u0259 \u015f\u0259rik edib onlar\u0131 da \u00e7irkaba bula\u015fd\u0131rs\u0131nlar ki, c\u0259miyy\u0259ti rahat idar\u0259 etsinl\u0259r. \u201cTuran\u201d \u0130nformasiya Agentliyin\u0259 cinay\u0259t i\u015finin a\u00e7\u0131lmas\u0131 da, ba\u015fda agentliyin r\u0259hb\u0259ri Mehman \u018fliyev olmaqla bu m\u0259tbuat qurumunun f\u0259dakar \u0259m\u0259kda\u015flar\u0131n\u0131n indiy\u0259 q\u0259d\u0259r azad m\u0259tbuat prinsipl\u0259rin\u0259 sadiq qalmalar\u0131d\u0131r. \u00c7irkaba, cinay\u0259t\u0259 bula\u015fmamalar\u0131d\u0131r. T\u0259bii ki, d\u0259y\u0259rl\u0259rini v\u0259 prinsipl\u0259rini qoruyan insanlar\u0131n h\u0259r \u015fey\u0259 alq\u0131- satq\u0131 g\u00f6z\u00fc il\u0259 baxan hakimiyy\u0259t d\u0259llar\u0131 il\u0259 bazarl\u0131\u011fa getm\u0259m\u0259si onlar\u0131 h\u00f6vs\u0259l\u0259d\u0259n \u00e7\u0131xar\u0131b bu c\u00fcr avant\u00fcr\u00fcst add\u0131mlar atma\u011fa s\u00f6vq edir.\n<\/p>\n<blockquote><p>\n  Prezidentin ev t\u0259klifind\u0259n imtina ed\u0259n 60 ya\u015fl\u0131 kiray\u0259\u015fin\u2026\n<\/p><\/blockquote>\n<p>\n  B\u0259lk\u0259 d\u0259 \u00e7oxu bilmir ki, Prezident Administrasiyas\u0131n\u0131n jurnalistl\u0259r\u0259 ev paylamas\u0131 kampaniyas\u0131 ba\u015flayanda pulsuz m\u0259nzil verilm\u0259si il\u0259 ba\u011fl\u0131 ilk t\u0259klifl\u0259rd\u0259n biri Mehman \u018fliyev\u0259 v\u0259 \u201cTuran\u201d- a edilib. B\u0259lk\u0259 d\u0259 \u00e7oxu bilmir ki, bu t\u0259klifd\u0259n imtina ed\u0259n, bir ne\u00e7\u0259 g\u00fcnd\u0259n sonra 60 ya\u015f\u0131 tamam olacaq Mehman \u018fliyev uzun m\u00fcdd\u0259tdir ki, kray\u0259d\u0259 ya\u015fay\u0131r. B\u0259lk\u0259 d\u0259 \u00e7oxu bilmir ki, \u201cTuran\u201d- a olan bu basq\u0131lar ona bir m\u00fcdd\u0259t \u00f6nc\u0259 Prezident Aparat\u0131ndan t\u0259klif olunan \u201cG\u0259l, biziml\u0259 i\u015fl\u0259!\u201d t\u0259klifini q\u0259bul etm\u0259m\u0259yin b\u0259d\u0259lidir.\n<\/p>\n<blockquote><p>\n  \u201cTuran\u201d qapad\u0131la, Mehman \u018fliyev h\u0259bs oluna bil\u0259r\u2026\n<\/p><\/blockquote>\n<p>\n  \u018fslind\u0259 \u201cTuran\u201d \u0130nformasiya Agentliyin\u0259 qar\u015f\u0131 qald\u0131r\u0131lan cinay\u0259t i\u015fi Mehman \u018fliyevin \u015f\u0259xsin\u0259 qald\u0131r\u0131lan cinay\u0259t i\u015fidir. M\u0259qs\u0259d bu t\u0259miz v\u0259 d\u00fcr\u00fcst, hakimiyy\u0259tin \u00e7irkablar\u0131na bula\u015fmayan insan\u0131 ram edib, onu \u00e7irkaba salmaqd\u0131r. \u201cTuran\u201d qapad\u0131la, Mehman \u018fliyev h\u0259bs oluna bil\u0259r. Amma bu insan\u0131 yax\u0131ndan tan\u0131yan birisi olaraq dey\u0259 bil\u0259r\u0259m ki, onu \u0259l\u0259 almaq, m\u00fcbariz\u0259sind\u0259n d\u00f6nd\u0259rm\u0259k m\u00fcmk\u00fcn deyil. \u00c7\u00fcnki \u00f6z\u00fcn\u00fcn d\u0259 dediyi kimi onun bir amal\u0131 v\u0259 v\u0259zif\u0259si var; h\u0259qiq\u0259ti dem\u0259k. H\u0259qiq\u0259ti dem\u0259k \u00fc\u00e7\u00fcn is\u0259 m\u0259kan v\u0259 zaman nisbidir. Y\u0259ni azad insan haqq bildiyi s\u00f6z\u00fc h\u0259r yerd\u0259- azadl\u0131qda v\u0259 h\u0259bsd\u0259, h\u0259r zaman dey\u0259 bil\u0259r. V\u0259 dey\u0259c\u0259k.\n<\/p>\n<p>\n  G\u0259lin, h\u0259qiq\u0259ti dem\u0259kd\u0259n qorxmayan v\u0259 \u00e7\u0259kinm\u0259y\u0259n insanlar\u0131 m\u00fcdafi\u0259 ed\u0259k!<\/p>\n","protected":false},"excerpt":{"rendered":"<p>Hakimiyy\u0259t bu media qurumunu ram etm\u0259k \u00fc\u00e7\u00fcn Mehman \u018fliyev\u0259 s\u00fcr\u0259kli v\u0259 \u00e7oxsayl\u0131 imkanlar t\u0259klif edib<\/p>\n","protected":false},"author":11,"featured_media":90665,"comment_status":"closed","ping_status":"open","sticky":false,"template":"","format":"standard","meta":{"_acf_changed":false,"_sitemap_exclude":false,"_sitemap_priority":"","_sitemap_frequency":"","footnotes":""},"categories":[51],"tags":[],"class_list":["post-186122","post","type-post","status-publish","format-standard","has-post-thumbnail","hentry","category-analitika","infinite-scroll-item","generate-columns","tablet-grid-50","mobile-grid-100","grid-parent","grid-33","no-featured-image-padding"],"acf":[],"yoast_head":"<!-- This site is optimized with the Yoast SEO plugin v27.4 - https:\/\/yoast.com\/product\/yoast-seo-wordpress\/ -->\n<title>Hakimiyy\u0259t &#039;&#039;Turan&#039;&#039;-dan n\u0259 ist\u0259yir? - MEYDAN.TV<\/title>\n<meta name=\"robots\" content=\"index, follow, max-snippet:-1, max-image-preview:large, max-video-preview:-1\" \/>\n<link rel=\"canonical\" href=\"https:\/\/www.meydan.tv\/az\/article\/hakimiyyet-turan-dan-ne-isteyir\/\" \/>\n<meta property=\"og:locale\" content=\"az_AZ\" \/>\n<meta property=\"og:type\" content=\"article\" \/>\n<meta property=\"og:title\" content=\"Hakimiyy\u0259t &#039;&#039;Turan&#039;&#039;-dan n\u0259 ist\u0259yir? - MEYDAN.TV\" \/>\n<meta property=\"og:description\" content=\"Hakimiyy\u0259t bu media qurumunu ram etm\u0259k \u00fc\u00e7\u00fcn Mehman \u018fliyev\u0259 s\u00fcr\u0259kli v\u0259 \u00e7oxsayl\u0131 imkanlar t\u0259klif edib\" \/>\n<meta property=\"og:url\" content=\"https:\/\/www.meydan.tv\/az\/article\/hakimiyyet-turan-dan-ne-isteyir\/\" \/>\n<meta property=\"og:site_name\" content=\"MEYDAN.TV\" \/>\n<meta property=\"article:published_time\" content=\"2017-08-17T17:40:03+00:00\" \/>\n<meta property=\"og:image\" content=\"https:\/\/www.meydan.tv\/wp-content\/uploads\/35759.jpg\" \/>\n\t<meta property=\"og:image:width\" content=\"1280\" \/>\n\t<meta property=\"og:image:height\" content=\"720\" \/>\n\t<meta property=\"og:image:type\" content=\"image\/jpeg\" \/>\n<meta name=\"author\" content=\"user-manager\" \/>\n<meta name=\"twitter:card\" content=\"summary_large_image\" \/>\n<script type=\"application\/ld+json\" class=\"yoast-schema-graph\">{\"@context\":\"https:\\\/\\\/schema.org\",\"@graph\":[{\"@type\":\"Article\",\"@id\":\"https:\\\/\\\/www.meydan.tv\\\/az\\\/article\\\/hakimiyyet-turan-dan-ne-isteyir\\\/#article\",\"isPartOf\":{\"@id\":\"https:\\\/\\\/www.meydan.tv\\\/az\\\/article\\\/hakimiyyet-turan-dan-ne-isteyir\\\/\"},\"author\":{\"name\":\"user-manager\",\"@id\":\"https:\\\/\\\/www.meydan.tv\\\/az\\\/#\\\/schema\\\/person\\\/10d11eccf6da3662cf5fdab9806ea91a\"},\"headline\":\"Hakimiyy\u0259t &#8221;Turan&#8221;-dan n\u0259 ist\u0259yir?\",\"datePublished\":\"2017-08-17T17:40:03+00:00\",\"mainEntityOfPage\":{\"@id\":\"https:\\\/\\\/www.meydan.tv\\\/az\\\/article\\\/hakimiyyet-turan-dan-ne-isteyir\\\/\"},\"wordCount\":1380,\"publisher\":{\"@id\":\"https:\\\/\\\/www.meydan.tv\\\/az\\\/#organization\"},\"image\":{\"@id\":\"https:\\\/\\\/www.meydan.tv\\\/az\\\/article\\\/hakimiyyet-turan-dan-ne-isteyir\\\/#primaryimage\"},\"thumbnailUrl\":\"https:\\\/\\\/www.meydan.tv\\\/wp-content\\\/uploads\\\/35759.jpg\",\"articleSection\":[\"Analitika\"],\"inLanguage\":\"az\"},{\"@type\":\"WebPage\",\"@id\":\"https:\\\/\\\/www.meydan.tv\\\/az\\\/article\\\/hakimiyyet-turan-dan-ne-isteyir\\\/\",\"url\":\"https:\\\/\\\/www.meydan.tv\\\/az\\\/article\\\/hakimiyyet-turan-dan-ne-isteyir\\\/\",\"name\":\"Hakimiyy\u0259t ''Turan''-dan n\u0259 ist\u0259yir? - MEYDAN.TV\",\"isPartOf\":{\"@id\":\"https:\\\/\\\/www.meydan.tv\\\/az\\\/#website\"},\"primaryImageOfPage\":{\"@id\":\"https:\\\/\\\/www.meydan.tv\\\/az\\\/article\\\/hakimiyyet-turan-dan-ne-isteyir\\\/#primaryimage\"},\"image\":{\"@id\":\"https:\\\/\\\/www.meydan.tv\\\/az\\\/article\\\/hakimiyyet-turan-dan-ne-isteyir\\\/#primaryimage\"},\"thumbnailUrl\":\"https:\\\/\\\/www.meydan.tv\\\/wp-content\\\/uploads\\\/35759.jpg\",\"datePublished\":\"2017-08-17T17:40:03+00:00\",\"breadcrumb\":{\"@id\":\"https:\\\/\\\/www.meydan.tv\\\/az\\\/article\\\/hakimiyyet-turan-dan-ne-isteyir\\\/#breadcrumb\"},\"inLanguage\":\"az\",\"potentialAction\":[{\"@type\":\"ReadAction\",\"target\":[\"https:\\\/\\\/www.meydan.tv\\\/az\\\/article\\\/hakimiyyet-turan-dan-ne-isteyir\\\/\"]}]},{\"@type\":\"ImageObject\",\"inLanguage\":\"az\",\"@id\":\"https:\\\/\\\/www.meydan.tv\\\/az\\\/article\\\/hakimiyyet-turan-dan-ne-isteyir\\\/#primaryimage\",\"url\":\"https:\\\/\\\/www.meydan.tv\\\/wp-content\\\/uploads\\\/35759.jpg\",\"contentUrl\":\"https:\\\/\\\/www.meydan.tv\\\/wp-content\\\/uploads\\\/35759.jpg\",\"width\":1280,\"height\":720,\"caption\":\"Source:\"},{\"@type\":\"BreadcrumbList\",\"@id\":\"https:\\\/\\\/www.meydan.tv\\\/az\\\/article\\\/hakimiyyet-turan-dan-ne-isteyir\\\/#breadcrumb\",\"itemListElement\":[{\"@type\":\"ListItem\",\"position\":1,\"name\":\"Ana s\u0259hif\u0259\",\"item\":\"https:\\\/\\\/www.meydan.tv\\\/az\\\/\"},{\"@type\":\"ListItem\",\"position\":2,\"name\":\"Analitika\",\"item\":\"https:\\\/\\\/www.meydan.tv\\\/az\\\/section\\\/analitika\\\/\"},{\"@type\":\"ListItem\",\"position\":3,\"name\":\"Hakimiyy\u0259t &#8221;Turan&#8221;-dan n\u0259 ist\u0259yir?\"}]},{\"@type\":\"WebSite\",\"@id\":\"https:\\\/\\\/www.meydan.tv\\\/az\\\/#website\",\"url\":\"https:\\\/\\\/www.meydan.tv\\\/az\\\/\",\"name\":\"MEYDAN.TV\",\"description\":\"Meydan TV Az\u0259rbaycan\u0131n media m\u0259kan\u0131ndak\u0131 alternativ s\u0259sidir\",\"publisher\":{\"@id\":\"https:\\\/\\\/www.meydan.tv\\\/az\\\/#organization\"},\"potentialAction\":[{\"@type\":\"SearchAction\",\"target\":{\"@type\":\"EntryPoint\",\"urlTemplate\":\"https:\\\/\\\/www.meydan.tv\\\/az\\\/?s={search_term_string}\"},\"query-input\":{\"@type\":\"PropertyValueSpecification\",\"valueRequired\":true,\"valueName\":\"search_term_string\"}}],\"inLanguage\":\"az\"},{\"@type\":\"Organization\",\"@id\":\"https:\\\/\\\/www.meydan.tv\\\/az\\\/#organization\",\"name\":\"Meydan TV\",\"url\":\"https:\\\/\\\/www.meydan.tv\\\/az\\\/\",\"logo\":{\"@type\":\"ImageObject\",\"inLanguage\":\"az\",\"@id\":\"https:\\\/\\\/www.meydan.tv\\\/az\\\/#\\\/schema\\\/logo\\\/image\\\/\",\"url\":\"https:\\\/\\\/www.meydan.tv\\\/wp-content\\\/uploads\\\/2021\\\/07\\\/meydan-logo.svg\",\"contentUrl\":\"https:\\\/\\\/www.meydan.tv\\\/wp-content\\\/uploads\\\/2021\\\/07\\\/meydan-logo.svg\",\"width\":195,\"height\":46,\"caption\":\"Meydan TV\"},\"image\":{\"@id\":\"https:\\\/\\\/www.meydan.tv\\\/az\\\/#\\\/schema\\\/logo\\\/image\\\/\"}},{\"@type\":\"Person\",\"@id\":\"https:\\\/\\\/www.meydan.tv\\\/az\\\/#\\\/schema\\\/person\\\/10d11eccf6da3662cf5fdab9806ea91a\",\"name\":\"user-manager\"}]}<\/script>\n<!-- \/ Yoast SEO plugin. -->","yoast_head_json":{"title":"Hakimiyy\u0259t ''Turan''-dan n\u0259 ist\u0259yir? - MEYDAN.TV","robots":{"index":"index","follow":"follow","max-snippet":"max-snippet:-1","max-image-preview":"max-image-preview:large","max-video-preview":"max-video-preview:-1"},"canonical":"https:\/\/www.meydan.tv\/az\/article\/hakimiyyet-turan-dan-ne-isteyir\/","og_locale":"az_AZ","og_type":"article","og_title":"Hakimiyy\u0259t ''Turan''-dan n\u0259 ist\u0259yir? - MEYDAN.TV","og_description":"Hakimiyy\u0259t bu media qurumunu ram etm\u0259k \u00fc\u00e7\u00fcn Mehman \u018fliyev\u0259 s\u00fcr\u0259kli v\u0259 \u00e7oxsayl\u0131 imkanlar t\u0259klif edib","og_url":"https:\/\/www.meydan.tv\/az\/article\/hakimiyyet-turan-dan-ne-isteyir\/","og_site_name":"MEYDAN.TV","article_published_time":"2017-08-17T17:40:03+00:00","og_image":[{"width":1280,"height":720,"url":"https:\/\/www.meydan.tv\/wp-content\/uploads\/35759.jpg","type":"image\/jpeg"}],"author":"user-manager","twitter_card":"summary_large_image","schema":{"@context":"https:\/\/schema.org","@graph":[{"@type":"Article","@id":"https:\/\/www.meydan.tv\/az\/article\/hakimiyyet-turan-dan-ne-isteyir\/#article","isPartOf":{"@id":"https:\/\/www.meydan.tv\/az\/article\/hakimiyyet-turan-dan-ne-isteyir\/"},"author":{"name":"user-manager","@id":"https:\/\/www.meydan.tv\/az\/#\/schema\/person\/10d11eccf6da3662cf5fdab9806ea91a"},"headline":"Hakimiyy\u0259t &#8221;Turan&#8221;-dan n\u0259 ist\u0259yir?","datePublished":"2017-08-17T17:40:03+00:00","mainEntityOfPage":{"@id":"https:\/\/www.meydan.tv\/az\/article\/hakimiyyet-turan-dan-ne-isteyir\/"},"wordCount":1380,"publisher":{"@id":"https:\/\/www.meydan.tv\/az\/#organization"},"image":{"@id":"https:\/\/www.meydan.tv\/az\/article\/hakimiyyet-turan-dan-ne-isteyir\/#primaryimage"},"thumbnailUrl":"https:\/\/www.meydan.tv\/wp-content\/uploads\/35759.jpg","articleSection":["Analitika"],"inLanguage":"az"},{"@type":"WebPage","@id":"https:\/\/www.meydan.tv\/az\/article\/hakimiyyet-turan-dan-ne-isteyir\/","url":"https:\/\/www.meydan.tv\/az\/article\/hakimiyyet-turan-dan-ne-isteyir\/","name":"Hakimiyy\u0259t ''Turan''-dan n\u0259 ist\u0259yir? - MEYDAN.TV","isPartOf":{"@id":"https:\/\/www.meydan.tv\/az\/#website"},"primaryImageOfPage":{"@id":"https:\/\/www.meydan.tv\/az\/article\/hakimiyyet-turan-dan-ne-isteyir\/#primaryimage"},"image":{"@id":"https:\/\/www.meydan.tv\/az\/article\/hakimiyyet-turan-dan-ne-isteyir\/#primaryimage"},"thumbnailUrl":"https:\/\/www.meydan.tv\/wp-content\/uploads\/35759.jpg","datePublished":"2017-08-17T17:40:03+00:00","breadcrumb":{"@id":"https:\/\/www.meydan.tv\/az\/article\/hakimiyyet-turan-dan-ne-isteyir\/#breadcrumb"},"inLanguage":"az","potentialAction":[{"@type":"ReadAction","target":["https:\/\/www.meydan.tv\/az\/article\/hakimiyyet-turan-dan-ne-isteyir\/"]}]},{"@type":"ImageObject","inLanguage":"az","@id":"https:\/\/www.meydan.tv\/az\/article\/hakimiyyet-turan-dan-ne-isteyir\/#primaryimage","url":"https:\/\/www.meydan.tv\/wp-content\/uploads\/35759.jpg","contentUrl":"https:\/\/www.meydan.tv\/wp-content\/uploads\/35759.jpg","width":1280,"height":720,"caption":"Source:"},{"@type":"BreadcrumbList","@id":"https:\/\/www.meydan.tv\/az\/article\/hakimiyyet-turan-dan-ne-isteyir\/#breadcrumb","itemListElement":[{"@type":"ListItem","position":1,"name":"Ana s\u0259hif\u0259","item":"https:\/\/www.meydan.tv\/az\/"},{"@type":"ListItem","position":2,"name":"Analitika","item":"https:\/\/www.meydan.tv\/az\/section\/analitika\/"},{"@type":"ListItem","position":3,"name":"Hakimiyy\u0259t &#8221;Turan&#8221;-dan n\u0259 ist\u0259yir?"}]},{"@type":"WebSite","@id":"https:\/\/www.meydan.tv\/az\/#website","url":"https:\/\/www.meydan.tv\/az\/","name":"MEYDAN.TV","description":"Meydan TV Az\u0259rbaycan\u0131n media m\u0259kan\u0131ndak\u0131 alternativ s\u0259sidir","publisher":{"@id":"https:\/\/www.meydan.tv\/az\/#organization"},"potentialAction":[{"@type":"SearchAction","target":{"@type":"EntryPoint","urlTemplate":"https:\/\/www.meydan.tv\/az\/?s={search_term_string}"},"query-input":{"@type":"PropertyValueSpecification","valueRequired":true,"valueName":"search_term_string"}}],"inLanguage":"az"},{"@type":"Organization","@id":"https:\/\/www.meydan.tv\/az\/#organization","name":"Meydan TV","url":"https:\/\/www.meydan.tv\/az\/","logo":{"@type":"ImageObject","inLanguage":"az","@id":"https:\/\/www.meydan.tv\/az\/#\/schema\/logo\/image\/","url":"https:\/\/www.meydan.tv\/wp-content\/uploads\/2021\/07\/meydan-logo.svg","contentUrl":"https:\/\/www.meydan.tv\/wp-content\/uploads\/2021\/07\/meydan-logo.svg","width":195,"height":46,"caption":"Meydan TV"},"image":{"@id":"https:\/\/www.meydan.tv\/az\/#\/schema\/logo\/image\/"}},{"@type":"Person","@id":"https:\/\/www.meydan.tv\/az\/#\/schema\/person\/10d11eccf6da3662cf5fdab9806ea91a","name":"user-manager"}]}},"_links":{"self":[{"href":"https:\/\/www.meydan.tv\/az\/wp-json\/wp\/v2\/posts\/186122","targetHints":{"allow":["GET"]}}],"collection":[{"href":"https:\/\/www.meydan.tv\/az\/wp-json\/wp\/v2\/posts"}],"about":[{"href":"https:\/\/www.meydan.tv\/az\/wp-json\/wp\/v2\/types\/post"}],"author":[{"embeddable":true,"href":"https:\/\/www.meydan.tv\/az\/wp-json\/wp\/v2\/users\/11"}],"replies":[{"embeddable":true,"href":"https:\/\/www.meydan.tv\/az\/wp-json\/wp\/v2\/comments?post=186122"}],"version-history":[{"count":0,"href":"https:\/\/www.meydan.tv\/az\/wp-json\/wp\/v2\/posts\/186122\/revisions"}],"wp:featuredmedia":[{"embeddable":true,"href":"https:\/\/www.meydan.tv\/az\/wp-json\/wp\/v2\/media\/90665"}],"wp:attachment":[{"href":"https:\/\/www.meydan.tv\/az\/wp-json\/wp\/v2\/media?parent=186122"}],"wp:term":[{"taxonomy":"category","embeddable":true,"href":"https:\/\/www.meydan.tv\/az\/wp-json\/wp\/v2\/categories?post=186122"},{"taxonomy":"post_tag","embeddable":true,"href":"https:\/\/www.meydan.tv\/az\/wp-json\/wp\/v2\/tags?post=186122"}],"curies":[{"name":"wp","href":"https:\/\/api.w.org\/{rel}","templated":true}]}}