{"id":186083,"date":"2017-08-15T17:59:48","date_gmt":"2017-08-15T17:59:48","guid":{"rendered":"https:\/\/www.meydan.tv\/article\/zorakiliga-meruz-qalanlar-cox-vaxt-dovlet-qurumlarina-muraciet-etmir\/"},"modified":"2017-08-15T17:59:48","modified_gmt":"2017-08-15T17:59:48","slug":"zorakiliga-meruz-qalanlar-cox-vaxt-dovlet-qurumlarina-muraciet-etmir","status":"publish","type":"post","link":"https:\/\/www.meydan.tv\/az\/article\/zorakiliga-meruz-qalanlar-cox-vaxt-dovlet-qurumlarina-muraciet-etmir\/","title":{"rendered":"&#8221;Zorak\u0131l\u0131\u011fa m\u0259ruz qalanlar \u00e7ox vaxt d\u00f6vl\u0259t qurumlar\u0131na m\u00fcraci\u0259t etmir&#8221;"},"content":{"rendered":"<figure class=\"wp-block-image size-large\">\n  <img decoding=\"async\" src=\"https:\/\/www.meydan.tv\/az\/zorakiliq-arxiv-foto\/\" alt=\"Zorak\u0131l\u0131q, arxiv foto\" class=\"wp-image-90527\"\/><figcaption>\n    Zorak\u0131l\u0131q, arxiv foto<br \/>\n  <\/figcaption><\/figure>\n<p>\n  <i><br \/>\n    Mehriban Zeynalova: \u201c\u0130nsanlar\u0131n harasa \u00fcnvanl\u0131 m\u00fcraci\u0259ti \u00fc\u00e7\u00fcn imkanlar\u0131n t\u0259bli\u011fi yoxdur\u201d<br \/>\n  <\/i>\n<\/p>\n<p>\n  \u201cGender v\u0259 u\u015faqlara qar\u015f\u0131 zorak\u0131l\u0131q \u00fczr\u0259 monitorinq qrupu maarifl\u0259ndirici t\u0259dbirl\u0259rd\u0259n ba\u015fqa c\u0259za t\u0259dbirl\u0259ri d\u0259 g\u00f6r\u00fcr\u201d.\n<\/p>\n<p>\n  \u201cReport\u201da a\u00e7\u0131qlamas\u0131nda Ail\u0259, Qad\u0131n v\u0259 U\u015faq M\u0259s\u0259l\u0259l\u0259ri \u00fczr\u0259 D\u00f6vl\u0259t Komit\u0259sinin H\u00fcquqi-t\u0259minat \u015f\u00f6b\u0259sinin b\u00f6y\u00fck m\u0259sl\u0259h\u0259t\u00e7isi Tural H\u00fcseynzad\u0259 bel\u0259 deyib.\n<\/p>\n<p>\n  O, \u00f6lk\u0259nin h\u0259r bir rayonunda (h\u0259m d\u0259 paytaxt\u0131n rayonlar\u0131nda) gender v\u0259 u\u015faqlara qar\u015f\u0131 zorak\u0131l\u0131q \u00fczr\u0259 monitorinq qrupunun f\u0259aliyy\u0259t g\u00f6st\u0259rdiyini s\u00f6yl\u0259yir:\n<\/p>\n<p>\n  \u201cAncaq zorak\u0131l\u0131\u011fa m\u0259ruz qalan \u015f\u0259xsl\u0259r \u00e7ox vaxt d\u00f6vl\u0259t qurumlar\u0131na m\u00fcraci\u0259t etmirl\u0259r. Bel\u0259 ail\u0259l\u0259r a\u015fkarlananda m\u00fcnaqi\u015f\u0259li ail\u0259 kimi qeydiyyata al\u0131n\u0131r v\u0259 h\u0259r ay h\u0259min ail\u0259nin v\u0259ziyy\u0259ti yoxlan\u0131l\u0131r, hesabat\u0131 yaz\u0131l\u0131r. T\u0259kc\u0259 2016-c\u0131 il \u0259rzind\u0259 \u00f6lk\u0259 \u00fczr\u0259 4114 m\u00fcnaqi\u015f\u0259li ail\u0259 qeydiyyata g\u00f6t\u00fcr\u00fcl\u00fcb\u201d.\n<\/p>\n<figure class=\"wp-block-image size-large\">\n  <img decoding=\"async\" src=\"https:\/\/www.meydan.tv\/az\/temiz-dunya-qadinlara-yardim-ictimai-birliyinin-sedri-mehriban-zeynalova\/\" alt=\"&#8221;T\u0259miz D\u00fcnya&#8221; Qad\u0131nlara Yard\u0131m \u0130ctimai Birliyinin s\u0259dri Mehriban Zeynalova\" class=\"wp-image-80711\"\/><figcaption>\n    &#8221;T\u0259miz D\u00fcnya&#8221; Qad\u0131nlara Yard\u0131m \u0130ctimai Birliyinin s\u0259dri Mehriban Zeynalova<br \/>\n  <\/figcaption><\/figure>\n<p>\n  \u201cT\u0259miz D\u00fcnya\u201d Qad\u0131nlara Yard\u0131m \u0130ctimai Birliyinin s\u0259dri Mehriban Zeynalova deyir ki, onda olan m\u0259lumata g\u00f6r\u0259, Ail\u0259 Qad\u0131n v\u0259 U\u015faq Probleml\u0259ri \u00fczr\u0259 D\u00f6vl\u0259t Komit\u0259sin\u0259 m\u00fcraci\u0259tl\u0259r el\u0259 d\u0259 az deyil:\n<\/p>\n<p>\n  \u201cAncaq bir \u00e7ox z\u0259r\u0259r\u00e7\u0259kmi\u015fin komit\u0259y\u0259 m\u00fcraci\u0259t etm\u0259m\u0259 ist\u0259yi ola bil\u0259r. Ehtimal edir\u0259m ki, buna s\u0259b\u0259b, ilk n\u00f6vb\u0259d\u0259, \u00f6lk\u0259d\u0259 h\u0259l\u0259 d\u0259 3 r\u0259q\u0259mli qaynar x\u0259ttin m\u00f6vcud olmamas\u0131d\u0131r. \u0130kinci m\u0259s\u0259l\u0259, TV-l\u0259r probleml\u0259 ba\u011fl\u0131 m\u0259lumatland\u0131r\u0131c\u0131 sosial \u00e7arxlar g\u00f6st\u0259rmir v\u0259 insanlar\u0131n harasa \u00fcnvanl\u0131 m\u00fcraci\u0259ti \u00fc\u00e7\u00fcn imkanlar\u0131n t\u0259bli\u011fi yoxdur. M\u0259s\u0259l\u0259n, 102 xidm\u0259ti yax\u015f\u0131 t\u0259bli\u011f edildiyind\u0259n ora m\u00fcraci\u0259tl\u0259r kifay\u0259t q\u0259d\u0259rdir. 102 xidm\u0259ti d\u0259 d\u00f6vl\u0259t qurumudur v\u0259 orda statistikaya baxsaq g\u00f6r\u0259rik ki, m\u00fcraci\u0259tl\u0259rin \u0259ks\u0259riyy\u0259ti m\u0259i\u015f\u0259t zorak\u0131l\u0131\u011f\u0131 il\u0259 ba\u011fl\u0131d\u0131r. G\u00f6r\u00fcn\u00fcr, dig\u0259r m\u0259s\u0259l\u0259d\u0259 koordinasiya yoxdur. Olsa idi, z\u0259r\u0259r\u00e7\u0259kmi\u015fl\u0259rin m\u00fcraci\u0259tl\u0259rinin real v\u0259ziyy\u0259tini g\u00f6rm\u0259k olard\u0131\u201d.\n<\/p>\n<p>\n  Mehriban Zeynalova deyir ki, h\u0259m d\u0259 m\u0259i\u015f\u0259t zorak\u0131l\u0131\u011f\u0131 v\u0259 buna b\u0259nz\u0259r sosial probleml\u0259rd\u0259n \u0259ziyy\u0259t \u00e7\u0259k\u0259n xan\u0131mlar\u0131n stereotipl\u0259rd\u0259n as\u0131l\u0131 olmas\u0131 da m\u00fcraci\u0259tl\u0259rinin qar\u015f\u0131s\u0131n\u0131 al\u0131r:\n<\/p>\n<p>\n  \u201cD\u00f6vl\u0259t qurumuna m\u00fcraci\u0259td\u0259 \u0259ng\u0259ll\u0259rd\u0259n biri d\u0259 anonimlikl\u0259 ba\u011fl\u0131 ola bil\u0259r. Odur ki, h\u0259r hans\u0131 t\u0259bli\u011fat i\u015fi apar\u0131lark\u0259n m\u00fctl\u0259q \u015f\u0259kild\u0259 m\u0259xfilik m\u0259s\u0259l\u0259si mesaj kimi verilm\u0259lidir. \u0130nsan alveri il\u0259 m\u00fcbariz\u0259d\u0259 bu m\u0259qam x\u00fcsusi diqq\u0259t m\u0259rk\u0259zind\u0259 saxlan\u0131ld\u0131\u011f\u0131ndan probleml\u0259 ba\u011fl\u0131 d\u00f6vl\u0259t qurumuna m\u00fcraci\u0259tl\u0259r haz\u0131rda daha \u00e7oxdur\u201d.<\/p>\n","protected":false},"excerpt":{"rendered":"<p>Mehriban Zeynalova: \u201c\u0130nsanlar\u0131n harasa \u00fcnvanl\u0131 m\u00fcraci\u0259ti \u00fc\u00e7\u00fcn imkanlar\u0131n t\u0259bli\u011fi yoxdur\u201d<\/p>\n","protected":false},"author":11,"featured_media":90527,"comment_status":"closed","ping_status":"open","sticky":false,"template":"","format":"standard","meta":{"_acf_changed":false,"_sitemap_exclude":false,"_sitemap_priority":"","_sitemap_frequency":"","footnotes":""},"categories":[56],"tags":[],"class_list":["post-186083","post","type-post","status-publish","format-standard","has-post-thumbnail","hentry","category-xeberler","infinite-scroll-item","generate-columns","tablet-grid-50","mobile-grid-100","grid-parent","grid-33","no-featured-image-padding"],"acf":[],"yoast_head":"<!-- This site is optimized with the Yoast SEO plugin v27.5 - https:\/\/yoast.com\/product\/yoast-seo-wordpress\/ -->\n<title>&#039;&#039;Zorak\u0131l\u0131\u011fa m\u0259ruz qalanlar \u00e7ox vaxt d\u00f6vl\u0259t qurumlar\u0131na m\u00fcraci\u0259t etmir&#039;&#039; - MEYDAN.TV<\/title>\n<meta name=\"robots\" content=\"index, follow, max-snippet:-1, max-image-preview:large, max-video-preview:-1\" \/>\n<link rel=\"canonical\" href=\"https:\/\/www.meydan.tv\/az\/article\/zorakiliga-meruz-qalanlar-cox-vaxt-dovlet-qurumlarina-muraciet-etmir\/\" \/>\n<meta property=\"og:locale\" content=\"az_AZ\" \/>\n<meta property=\"og:type\" content=\"article\" \/>\n<meta property=\"og:title\" content=\"&#039;&#039;Zorak\u0131l\u0131\u011fa m\u0259ruz qalanlar \u00e7ox vaxt d\u00f6vl\u0259t qurumlar\u0131na m\u00fcraci\u0259t etmir&#039;&#039; - MEYDAN.TV\" \/>\n<meta property=\"og:description\" content=\"Mehriban Zeynalova: \u201c\u0130nsanlar\u0131n harasa \u00fcnvanl\u0131 m\u00fcraci\u0259ti \u00fc\u00e7\u00fcn imkanlar\u0131n t\u0259bli\u011fi yoxdur\u201d\" \/>\n<meta property=\"og:url\" content=\"https:\/\/www.meydan.tv\/az\/article\/zorakiliga-meruz-qalanlar-cox-vaxt-dovlet-qurumlarina-muraciet-etmir\/\" \/>\n<meta property=\"og:site_name\" content=\"MEYDAN.TV\" \/>\n<meta property=\"article:published_time\" content=\"2017-08-15T17:59:48+00:00\" \/>\n<meta property=\"og:image\" content=\"https:\/\/www.meydan.tv\/wp-content\/uploads\/35718.jpg\" \/>\n\t<meta property=\"og:image:width\" content=\"737\" \/>\n\t<meta property=\"og:image:height\" content=\"357\" \/>\n\t<meta property=\"og:image:type\" content=\"image\/jpeg\" \/>\n<meta name=\"author\" content=\"user-manager\" \/>\n<meta name=\"twitter:card\" content=\"summary_large_image\" \/>\n<script type=\"application\/ld+json\" class=\"yoast-schema-graph\">{\"@context\":\"https:\\\/\\\/schema.org\",\"@graph\":[{\"@type\":\"Article\",\"@id\":\"https:\\\/\\\/www.meydan.tv\\\/az\\\/article\\\/zorakiliga-meruz-qalanlar-cox-vaxt-dovlet-qurumlarina-muraciet-etmir\\\/#article\",\"isPartOf\":{\"@id\":\"https:\\\/\\\/www.meydan.tv\\\/az\\\/article\\\/zorakiliga-meruz-qalanlar-cox-vaxt-dovlet-qurumlarina-muraciet-etmir\\\/\"},\"author\":{\"name\":\"user-manager\",\"@id\":\"https:\\\/\\\/www.meydan.tv\\\/az\\\/#\\\/schema\\\/person\\\/10d11eccf6da3662cf5fdab9806ea91a\"},\"headline\":\"&#8221;Zorak\u0131l\u0131\u011fa m\u0259ruz qalanlar \u00e7ox vaxt d\u00f6vl\u0259t qurumlar\u0131na m\u00fcraci\u0259t etmir&#8221;\",\"datePublished\":\"2017-08-15T17:59:48+00:00\",\"mainEntityOfPage\":{\"@id\":\"https:\\\/\\\/www.meydan.tv\\\/az\\\/article\\\/zorakiliga-meruz-qalanlar-cox-vaxt-dovlet-qurumlarina-muraciet-etmir\\\/\"},\"wordCount\":559,\"publisher\":{\"@id\":\"https:\\\/\\\/www.meydan.tv\\\/az\\\/#organization\"},\"image\":{\"@id\":\"https:\\\/\\\/www.meydan.tv\\\/az\\\/article\\\/zorakiliga-meruz-qalanlar-cox-vaxt-dovlet-qurumlarina-muraciet-etmir\\\/#primaryimage\"},\"thumbnailUrl\":\"https:\\\/\\\/www.meydan.tv\\\/wp-content\\\/uploads\\\/35718.jpg\",\"articleSection\":[\"X\u0259b\u0259rl\u0259r\"],\"inLanguage\":\"az\"},{\"@type\":\"WebPage\",\"@id\":\"https:\\\/\\\/www.meydan.tv\\\/az\\\/article\\\/zorakiliga-meruz-qalanlar-cox-vaxt-dovlet-qurumlarina-muraciet-etmir\\\/\",\"url\":\"https:\\\/\\\/www.meydan.tv\\\/az\\\/article\\\/zorakiliga-meruz-qalanlar-cox-vaxt-dovlet-qurumlarina-muraciet-etmir\\\/\",\"name\":\"''Zorak\u0131l\u0131\u011fa m\u0259ruz qalanlar \u00e7ox vaxt d\u00f6vl\u0259t qurumlar\u0131na m\u00fcraci\u0259t etmir'' - MEYDAN.TV\",\"isPartOf\":{\"@id\":\"https:\\\/\\\/www.meydan.tv\\\/az\\\/#website\"},\"primaryImageOfPage\":{\"@id\":\"https:\\\/\\\/www.meydan.tv\\\/az\\\/article\\\/zorakiliga-meruz-qalanlar-cox-vaxt-dovlet-qurumlarina-muraciet-etmir\\\/#primaryimage\"},\"image\":{\"@id\":\"https:\\\/\\\/www.meydan.tv\\\/az\\\/article\\\/zorakiliga-meruz-qalanlar-cox-vaxt-dovlet-qurumlarina-muraciet-etmir\\\/#primaryimage\"},\"thumbnailUrl\":\"https:\\\/\\\/www.meydan.tv\\\/wp-content\\\/uploads\\\/35718.jpg\",\"datePublished\":\"2017-08-15T17:59:48+00:00\",\"breadcrumb\":{\"@id\":\"https:\\\/\\\/www.meydan.tv\\\/az\\\/article\\\/zorakiliga-meruz-qalanlar-cox-vaxt-dovlet-qurumlarina-muraciet-etmir\\\/#breadcrumb\"},\"inLanguage\":\"az\",\"potentialAction\":[{\"@type\":\"ReadAction\",\"target\":[\"https:\\\/\\\/www.meydan.tv\\\/az\\\/article\\\/zorakiliga-meruz-qalanlar-cox-vaxt-dovlet-qurumlarina-muraciet-etmir\\\/\"]}]},{\"@type\":\"ImageObject\",\"inLanguage\":\"az\",\"@id\":\"https:\\\/\\\/www.meydan.tv\\\/az\\\/article\\\/zorakiliga-meruz-qalanlar-cox-vaxt-dovlet-qurumlarina-muraciet-etmir\\\/#primaryimage\",\"url\":\"https:\\\/\\\/www.meydan.tv\\\/wp-content\\\/uploads\\\/35718.jpg\",\"contentUrl\":\"https:\\\/\\\/www.meydan.tv\\\/wp-content\\\/uploads\\\/35718.jpg\",\"width\":737,\"height\":357,\"caption\":\"Source:\"},{\"@type\":\"BreadcrumbList\",\"@id\":\"https:\\\/\\\/www.meydan.tv\\\/az\\\/article\\\/zorakiliga-meruz-qalanlar-cox-vaxt-dovlet-qurumlarina-muraciet-etmir\\\/#breadcrumb\",\"itemListElement\":[{\"@type\":\"ListItem\",\"position\":1,\"name\":\"Ana s\u0259hif\u0259\",\"item\":\"https:\\\/\\\/www.meydan.tv\\\/az\\\/\"},{\"@type\":\"ListItem\",\"position\":2,\"name\":\"X\u0259b\u0259rl\u0259r\",\"item\":\"https:\\\/\\\/www.meydan.tv\\\/az\\\/section\\\/xeberler\\\/\"},{\"@type\":\"ListItem\",\"position\":3,\"name\":\"&#8221;Zorak\u0131l\u0131\u011fa m\u0259ruz qalanlar \u00e7ox vaxt d\u00f6vl\u0259t qurumlar\u0131na m\u00fcraci\u0259t etmir&#8221;\"}]},{\"@type\":\"WebSite\",\"@id\":\"https:\\\/\\\/www.meydan.tv\\\/az\\\/#website\",\"url\":\"https:\\\/\\\/www.meydan.tv\\\/az\\\/\",\"name\":\"MEYDAN.TV\",\"description\":\"Meydan TV Az\u0259rbaycan\u0131n media m\u0259kan\u0131ndak\u0131 alternativ s\u0259sidir\",\"publisher\":{\"@id\":\"https:\\\/\\\/www.meydan.tv\\\/az\\\/#organization\"},\"potentialAction\":[{\"@type\":\"SearchAction\",\"target\":{\"@type\":\"EntryPoint\",\"urlTemplate\":\"https:\\\/\\\/www.meydan.tv\\\/az\\\/?s={search_term_string}\"},\"query-input\":{\"@type\":\"PropertyValueSpecification\",\"valueRequired\":true,\"valueName\":\"search_term_string\"}}],\"inLanguage\":\"az\"},{\"@type\":\"Organization\",\"@id\":\"https:\\\/\\\/www.meydan.tv\\\/az\\\/#organization\",\"name\":\"Meydan TV\",\"url\":\"https:\\\/\\\/www.meydan.tv\\\/az\\\/\",\"logo\":{\"@type\":\"ImageObject\",\"inLanguage\":\"az\",\"@id\":\"https:\\\/\\\/www.meydan.tv\\\/az\\\/#\\\/schema\\\/logo\\\/image\\\/\",\"url\":\"https:\\\/\\\/www.meydan.tv\\\/wp-content\\\/uploads\\\/2021\\\/07\\\/meydan-logo.svg\",\"contentUrl\":\"https:\\\/\\\/www.meydan.tv\\\/wp-content\\\/uploads\\\/2021\\\/07\\\/meydan-logo.svg\",\"width\":195,\"height\":46,\"caption\":\"Meydan TV\"},\"image\":{\"@id\":\"https:\\\/\\\/www.meydan.tv\\\/az\\\/#\\\/schema\\\/logo\\\/image\\\/\"}},{\"@type\":\"Person\",\"@id\":\"https:\\\/\\\/www.meydan.tv\\\/az\\\/#\\\/schema\\\/person\\\/10d11eccf6da3662cf5fdab9806ea91a\",\"name\":\"user-manager\"}]}<\/script>\n<!-- \/ Yoast SEO plugin. -->","yoast_head_json":{"title":"''Zorak\u0131l\u0131\u011fa m\u0259ruz qalanlar \u00e7ox vaxt d\u00f6vl\u0259t qurumlar\u0131na m\u00fcraci\u0259t etmir'' - MEYDAN.TV","robots":{"index":"index","follow":"follow","max-snippet":"max-snippet:-1","max-image-preview":"max-image-preview:large","max-video-preview":"max-video-preview:-1"},"canonical":"https:\/\/www.meydan.tv\/az\/article\/zorakiliga-meruz-qalanlar-cox-vaxt-dovlet-qurumlarina-muraciet-etmir\/","og_locale":"az_AZ","og_type":"article","og_title":"''Zorak\u0131l\u0131\u011fa m\u0259ruz qalanlar \u00e7ox vaxt d\u00f6vl\u0259t qurumlar\u0131na m\u00fcraci\u0259t etmir'' - MEYDAN.TV","og_description":"Mehriban Zeynalova: \u201c\u0130nsanlar\u0131n harasa \u00fcnvanl\u0131 m\u00fcraci\u0259ti \u00fc\u00e7\u00fcn imkanlar\u0131n t\u0259bli\u011fi yoxdur\u201d","og_url":"https:\/\/www.meydan.tv\/az\/article\/zorakiliga-meruz-qalanlar-cox-vaxt-dovlet-qurumlarina-muraciet-etmir\/","og_site_name":"MEYDAN.TV","article_published_time":"2017-08-15T17:59:48+00:00","og_image":[{"width":737,"height":357,"url":"https:\/\/www.meydan.tv\/wp-content\/uploads\/35718.jpg","type":"image\/jpeg"}],"author":"user-manager","twitter_card":"summary_large_image","schema":{"@context":"https:\/\/schema.org","@graph":[{"@type":"Article","@id":"https:\/\/www.meydan.tv\/az\/article\/zorakiliga-meruz-qalanlar-cox-vaxt-dovlet-qurumlarina-muraciet-etmir\/#article","isPartOf":{"@id":"https:\/\/www.meydan.tv\/az\/article\/zorakiliga-meruz-qalanlar-cox-vaxt-dovlet-qurumlarina-muraciet-etmir\/"},"author":{"name":"user-manager","@id":"https:\/\/www.meydan.tv\/az\/#\/schema\/person\/10d11eccf6da3662cf5fdab9806ea91a"},"headline":"&#8221;Zorak\u0131l\u0131\u011fa m\u0259ruz qalanlar \u00e7ox vaxt d\u00f6vl\u0259t qurumlar\u0131na m\u00fcraci\u0259t etmir&#8221;","datePublished":"2017-08-15T17:59:48+00:00","mainEntityOfPage":{"@id":"https:\/\/www.meydan.tv\/az\/article\/zorakiliga-meruz-qalanlar-cox-vaxt-dovlet-qurumlarina-muraciet-etmir\/"},"wordCount":559,"publisher":{"@id":"https:\/\/www.meydan.tv\/az\/#organization"},"image":{"@id":"https:\/\/www.meydan.tv\/az\/article\/zorakiliga-meruz-qalanlar-cox-vaxt-dovlet-qurumlarina-muraciet-etmir\/#primaryimage"},"thumbnailUrl":"https:\/\/www.meydan.tv\/wp-content\/uploads\/35718.jpg","articleSection":["X\u0259b\u0259rl\u0259r"],"inLanguage":"az"},{"@type":"WebPage","@id":"https:\/\/www.meydan.tv\/az\/article\/zorakiliga-meruz-qalanlar-cox-vaxt-dovlet-qurumlarina-muraciet-etmir\/","url":"https:\/\/www.meydan.tv\/az\/article\/zorakiliga-meruz-qalanlar-cox-vaxt-dovlet-qurumlarina-muraciet-etmir\/","name":"''Zorak\u0131l\u0131\u011fa m\u0259ruz qalanlar \u00e7ox vaxt d\u00f6vl\u0259t qurumlar\u0131na m\u00fcraci\u0259t etmir'' - MEYDAN.TV","isPartOf":{"@id":"https:\/\/www.meydan.tv\/az\/#website"},"primaryImageOfPage":{"@id":"https:\/\/www.meydan.tv\/az\/article\/zorakiliga-meruz-qalanlar-cox-vaxt-dovlet-qurumlarina-muraciet-etmir\/#primaryimage"},"image":{"@id":"https:\/\/www.meydan.tv\/az\/article\/zorakiliga-meruz-qalanlar-cox-vaxt-dovlet-qurumlarina-muraciet-etmir\/#primaryimage"},"thumbnailUrl":"https:\/\/www.meydan.tv\/wp-content\/uploads\/35718.jpg","datePublished":"2017-08-15T17:59:48+00:00","breadcrumb":{"@id":"https:\/\/www.meydan.tv\/az\/article\/zorakiliga-meruz-qalanlar-cox-vaxt-dovlet-qurumlarina-muraciet-etmir\/#breadcrumb"},"inLanguage":"az","potentialAction":[{"@type":"ReadAction","target":["https:\/\/www.meydan.tv\/az\/article\/zorakiliga-meruz-qalanlar-cox-vaxt-dovlet-qurumlarina-muraciet-etmir\/"]}]},{"@type":"ImageObject","inLanguage":"az","@id":"https:\/\/www.meydan.tv\/az\/article\/zorakiliga-meruz-qalanlar-cox-vaxt-dovlet-qurumlarina-muraciet-etmir\/#primaryimage","url":"https:\/\/www.meydan.tv\/wp-content\/uploads\/35718.jpg","contentUrl":"https:\/\/www.meydan.tv\/wp-content\/uploads\/35718.jpg","width":737,"height":357,"caption":"Source:"},{"@type":"BreadcrumbList","@id":"https:\/\/www.meydan.tv\/az\/article\/zorakiliga-meruz-qalanlar-cox-vaxt-dovlet-qurumlarina-muraciet-etmir\/#breadcrumb","itemListElement":[{"@type":"ListItem","position":1,"name":"Ana s\u0259hif\u0259","item":"https:\/\/www.meydan.tv\/az\/"},{"@type":"ListItem","position":2,"name":"X\u0259b\u0259rl\u0259r","item":"https:\/\/www.meydan.tv\/az\/section\/xeberler\/"},{"@type":"ListItem","position":3,"name":"&#8221;Zorak\u0131l\u0131\u011fa m\u0259ruz qalanlar \u00e7ox vaxt d\u00f6vl\u0259t qurumlar\u0131na m\u00fcraci\u0259t etmir&#8221;"}]},{"@type":"WebSite","@id":"https:\/\/www.meydan.tv\/az\/#website","url":"https:\/\/www.meydan.tv\/az\/","name":"MEYDAN.TV","description":"Meydan TV Az\u0259rbaycan\u0131n media m\u0259kan\u0131ndak\u0131 alternativ s\u0259sidir","publisher":{"@id":"https:\/\/www.meydan.tv\/az\/#organization"},"potentialAction":[{"@type":"SearchAction","target":{"@type":"EntryPoint","urlTemplate":"https:\/\/www.meydan.tv\/az\/?s={search_term_string}"},"query-input":{"@type":"PropertyValueSpecification","valueRequired":true,"valueName":"search_term_string"}}],"inLanguage":"az"},{"@type":"Organization","@id":"https:\/\/www.meydan.tv\/az\/#organization","name":"Meydan TV","url":"https:\/\/www.meydan.tv\/az\/","logo":{"@type":"ImageObject","inLanguage":"az","@id":"https:\/\/www.meydan.tv\/az\/#\/schema\/logo\/image\/","url":"https:\/\/www.meydan.tv\/wp-content\/uploads\/2021\/07\/meydan-logo.svg","contentUrl":"https:\/\/www.meydan.tv\/wp-content\/uploads\/2021\/07\/meydan-logo.svg","width":195,"height":46,"caption":"Meydan TV"},"image":{"@id":"https:\/\/www.meydan.tv\/az\/#\/schema\/logo\/image\/"}},{"@type":"Person","@id":"https:\/\/www.meydan.tv\/az\/#\/schema\/person\/10d11eccf6da3662cf5fdab9806ea91a","name":"user-manager"}]}},"_links":{"self":[{"href":"https:\/\/www.meydan.tv\/az\/wp-json\/wp\/v2\/posts\/186083","targetHints":{"allow":["GET"]}}],"collection":[{"href":"https:\/\/www.meydan.tv\/az\/wp-json\/wp\/v2\/posts"}],"about":[{"href":"https:\/\/www.meydan.tv\/az\/wp-json\/wp\/v2\/types\/post"}],"author":[{"embeddable":true,"href":"https:\/\/www.meydan.tv\/az\/wp-json\/wp\/v2\/users\/11"}],"replies":[{"embeddable":true,"href":"https:\/\/www.meydan.tv\/az\/wp-json\/wp\/v2\/comments?post=186083"}],"version-history":[{"count":0,"href":"https:\/\/www.meydan.tv\/az\/wp-json\/wp\/v2\/posts\/186083\/revisions"}],"wp:featuredmedia":[{"embeddable":true,"href":"https:\/\/www.meydan.tv\/az\/wp-json\/wp\/v2\/media\/90527"}],"wp:attachment":[{"href":"https:\/\/www.meydan.tv\/az\/wp-json\/wp\/v2\/media?parent=186083"}],"wp:term":[{"taxonomy":"category","embeddable":true,"href":"https:\/\/www.meydan.tv\/az\/wp-json\/wp\/v2\/categories?post=186083"},{"taxonomy":"post_tag","embeddable":true,"href":"https:\/\/www.meydan.tv\/az\/wp-json\/wp\/v2\/tags?post=186083"}],"curies":[{"name":"wp","href":"https:\/\/api.w.org\/{rel}","templated":true}]}}