{"id":186048,"date":"2017-08-14T01:29:03","date_gmt":"2017-08-14T01:29:03","guid":{"rendered":"https:\/\/www.meydan.tv\/article\/elme-omur-hesr-etmek\/"},"modified":"2017-08-14T01:29:03","modified_gmt":"2017-08-14T01:29:03","slug":"elme-omur-hesr-etmek","status":"publish","type":"post","link":"https:\/\/www.meydan.tv\/az\/article\/elme-omur-hesr-etmek\/","title":{"rendered":"Elm\u0259 \u00f6m\u00fcr h\u0259sr etm\u0259k"},"content":{"rendered":"<figure class=\"wp-block-image size-large\">\n  <img decoding=\"async\" src=\"https:\/\/www.meydan.tv\/az\/lutfi-zade\/\" alt=\"L\u00fctfi Zad\u0259\" class=\"wp-image-90491\"\/><figcaption>\n    L\u00fctfi Zad\u0259<br \/>\n  <\/figcaption><\/figure>\n<p>\n  Yad\u0131mdad\u0131r, hardasa 2008-ci il idi. L\u00fctfi Zad\u0259 Az\u0259rbaycana s\u0259f\u0259r\u0259 g\u0259lmi\u015fdi. Jurnalistl\u0259r ondan \u00f6lk\u0259d\u0259ki v\u0259ziyy\u0259t bar\u0259d\u0259 soru\u015fanda, o, \u00f6lk\u0259mizi xeyli t\u0259rifl\u0259yib, sonda da demi\u015fdi:\n<\/p>\n<p>\n  &#8220;Az\u0259rbaycanda x\u00fcsusil\u0259 m\u0259d\u0259niyy\u0259t\u0259, inc\u0259s\u0259n\u0259t\u0259 y\u00fcks\u0259k s\u0259viyy\u0259d\u0259 d\u00f6vl\u0259t qay\u011f\u0131s\u0131 var&#8230;&#8221;\n<\/p>\n<p>\n  L\u00fctfi Zad\u0259 bu s\u00f6zl\u0259ri o \u0259r\u0259f\u0259d\u0259 deyirdi ki, onun ail\u0259 \u00fczv\u00fc olan rejissor C\u0259nn\u0259t S\u0259limovan\u0131n r\u0259hb\u0259rlik etdiyi Bak\u0131 Kamera Teatr\u0131n\u0131 M.\u015e\u0259hriyar ad\u0131na M\u0259d\u0259niyy\u0259t Evind\u0259ki balaca otaqlar\u0131ndan \u00e7\u0131xarm\u0131\u015fd\u0131lar v\u0259 truppa \u00f6z tama\u015falar\u0131n\u0131 g\u00f6st\u0259rm\u0259y\u0259 yer tapm\u0131rd\u0131.\n<\/p>\n<p>\n  O vaxt bel\u0259 baxanda, adama el\u0259 g\u0259lirdi ki, ax\u0131 bu adam\u0131n Az\u0259rbaycan h\u00f6kum\u0259tind\u0259n n\u0259yi as\u0131l\u0131d\u0131r ki, n\u0259 g\u00f6zl\u0259yir, n\u0259 umur ki, bel\u0259 t\u0259rifl\u0259r ya\u011fd\u0131r\u0131r, ger\u00e7\u0259yi g\u00f6rm\u0259m\u0259k \u00fc\u00e7\u00fcn \u00f6z\u00fcn\u00fc bu q\u0259d\u0259r korlu\u011fa vurur?\u00a0Y\u0259ni bir elm adam\u0131, bir ziyal\u0131, bir d\u00f6vl\u0259tin m\u0259d\u0259niyy\u0259t\u0259 m\u00fcnasib\u0259ti \u00f6z\u00fcn\u0259 bu q\u0259d\u0259r ayd\u0131n oldu\u011fu halda, niy\u0259 bel\u0259 yalan dan\u0131\u015fs\u0131n, ger\u00e7\u0259yi bel\u0259 n\u00fcmayi\u015fkaran\u0259 \u015f\u0259kild\u0259 g\u00f6rm\u0259zd\u0259n g\u0259lsin ax\u0131?\n<\/p>\n<p>\n  Bu sual\u0131n cavab\u0131 bug\u00fcnl\u0259rd\u0259 tap\u0131ld\u0131. Yalandan, ya ger\u00e7\u0259kd\u0259n kims\u0259 L\u00fctfi Zad\u0259nin Az\u0259rbaycanda basd\u0131r\u0131lmaqla ba\u011fl\u0131 v\u0259siyy\u0259tnam\u0259sini ortaya atd\u0131. Guya elm adam\u0131 \u201c\u00f6lm\u0259y\u0259 v\u0259t\u0259n yax\u015f\u0131\u201d ritorikas\u0131na sadiq qalaraq, \u00f6mr\u00fcn\u00fc Amerikada ba\u015fa \u00a0vurandan sonra Az\u0259rbaycanda d\u0259fn edilm\u0259k ist\u0259yirmi\u015f.\n<\/p>\n<p>\n  \u018fslind\u0259, L\u00fctfi Zad\u0259nin bu v\u0259siyy\u0259tnam\u0259ni, do\u011frudan da, yaz\u0131b-yazmamas\u0131n\u0131n, ya da bel\u0259 bir ist\u0259yini deyib-dem\u0259m\u0259sinin he\u00e7 bir f\u0259rqi yoxdur. \u00c7\u00fcnki onun Az\u0259rbaycanda olub-ke\u00e7\u0259nl\u0259r\u0259 m\u00fcnasib\u0259tind\u0259n ayd\u0131nd\u0131r ki, o, bel\u0259 bir \u015feyi rahatca dey\u0259 bil\u0259r. N\u0259d\u0259n ki, bizim elm, m\u0259d\u0259niyy\u0259t, \u0259d\u0259biyyat adamlar\u0131m\u0131z\u0131n b\u00f6y\u00fck \u0259ks\u0259riyy\u0259tinin ya\u015f\u0131 70-i \u00f6t\u0259nd\u0259n sonra hakimiyy\u0259t\u0259 loyallaqda, ger\u00e7\u0259kl\u0259ri g\u00f6rm\u0259zd\u0259n g\u0259lm\u0259l\u0259rind\u0259 bir ne\u00e7\u0259 leveli bird\u0259n adlama\u011f\u0131n\u0131n ancaq bir s\u0259b\u0259bi var: F\u0259xri Xiyabanda yer, bir balaca heyk\u0259ld\u0259n, ya b\u00fcstd\u0259n, ad\u0131na bir k\u00fc\u00e7\u0259d\u0259n-filandan, hans\u0131sa \u015f\u0259kild\u0259 bir \u0259b\u0259dil\u0259\u015fm\u0259&#8230;\n<\/p>\n<p>\n  Bu \u0259b\u0259dil\u0259\u015fm\u0259 arzusudur onlar\u0131 g\u00f6r\u0259rk\u0259n g\u00f6rm\u0259z, bil\u0259rk\u0259n bilm\u0259z ed\u0259n, dan\u0131\u015fa bil\u0259rk\u0259n susduran, ya\u015flar\u0131n\u0131n ah\u0131l \u00e7a\u011f\u0131nda daha m\u00fcti ed\u0259n.\n<\/p>\n<p>\n  M\u0259hz bu bax\u0131mdan L\u00fctfi Zad\u0259 daha \u00e7ox az\u0259rbaycanl\u0131d\u0131r, daha \u00e7ox bizd\u0259ndir, daha \u00e7ox do\u011fmad\u0131r. Odur ki, &#8220;L\u00fctfi Zad\u0259 az\u0259rbaycanl\u0131 deyil ax\u0131&#8221;, ya da &#8220;\u00f6z\u00fcn\u00fc az\u0259rbaycanl\u0131 hesab etmir ax\u0131&#8221; dey\u0259nl\u0259r k\u0259nardan \u00e7ox sad\u0259l\u00f6vh g\u00f6r\u00fcnd\u00fcl\u0259r. L\u00fctfi Zad\u0259 o q\u0259d\u0259r az\u0259rbaycanl\u0131d\u0131r ki, bir az Anard\u0131r, bir az Ya\u015far Nuridir, bir az Q\u0259dir R\u00fcst\u0259mov, bir az da Alim Qas\u0131movdur.\n<\/p>\n<p>\n  \u0130\u015fin \u0259n g\u00fclm\u0259li t\u0259r\u0259fi d\u0259, insanlar\u0131n \u00e7oxunun \u201cL\u00fctfi Zad\u0259 \u00f6mr\u00fcn\u00fc elm\u0259 h\u0259sr edib\u201d arqumenti idi. \u018fjdaha arqument idi. Adamlardan soru\u015fan olmad\u0131 ki, alim b\u0259s \u00f6mr\u00fcn\u00fc elm\u0259 h\u0259sr etm\u0259yib, n\u0259y\u0259 h\u0259sr etm\u0259li idi, \u015fou-biznes\u0259, ya futbola? \u00d6z\u00fc d\u0259 \u201ch\u0259sr etm\u0259k\u201d n\u0259 dem\u0259kdir? Adam \u00f6mr\u00fc boyu \u00f6z i\u015fini g\u00f6r\u00fcb. H\u0259sr etm\u0259k odur ki, s\u0259n, m\u0259s\u0259l\u0259n, hiper z\u0259kal\u0131 mikrobioloqsan, karyeran\u0131n \u00e7i\u00e7\u0259kl\u0259n\u0259n \u00e7a\u011f\u0131nda bird\u0259n anan yataq x\u0259st\u0259si olur, s\u0259n d\u0259 karyeran\u0131, i\u015fini, g\u0259l\u0259c\u0259yini at\u0131b x\u0259st\u0259 anana qulluq edirs\u0259n, \u00f6z\u00fcn\u00fc ona h\u0259sr edirs\u0259n.\u00a0H\u0259sr etm\u0259k bel\u0259 olur. Yoxsa alimin elml\u0259, b\u0259st\u0259kar\u0131n m\u00fcsiqi il\u0259, z\u0259rg\u0259rin c\u0259vahiratla m\u0259\u015f\u011ful olmas\u0131, \u00f6mr\u00fc ona h\u0259sr etm\u0259k dem\u0259k deyil.\n<\/p>\n<p>\n  N\u0259 ed\u0259k, sad\u0259c\u0259 tale g\u0259tirib, d\u00fcnyada tan\u0131nanlar\u0131m\u0131z o q\u0259d\u0259r azd\u0131r ki, kimins\u0259 g\u0259lib \u00f6lk\u0259mizd\u0259 \u00f6lm\u0259k ist\u0259m\u0259yin\u0259 sevinirik.\n<\/p>\n<p>\n  Halbuki, normalda pis olmal\u0131 idik ki, bura \u00f6lk\u0259dir, ya q\u0259bristanl\u0131q? Niy\u0259 bura i\u015fl\u0259m\u0259y\u0259, ya\u015fama\u011fa, g\u0259zm\u0259y\u0259 yox, \u00f6lm\u0259y\u0259 g\u0259lir h\u0259mv\u0259t\u0259nl\u0259rimiz?<\/p>\n","protected":false},"excerpt":{"rendered":"<p>V\u0259 ya \u0259sl az\u0259rbaycanl\u0131 L\u00fctfi Zad\u0259<\/p>\n","protected":false},"author":11,"featured_media":90491,"comment_status":"closed","ping_status":"open","sticky":false,"template":"","format":"standard","meta":{"_acf_changed":false,"_sitemap_exclude":false,"_sitemap_priority":"","_sitemap_frequency":"","footnotes":""},"categories":[57],"tags":[],"class_list":["post-186048","post","type-post","status-publish","format-standard","has-post-thumbnail","hentry","category-menim-fikrimce","infinite-scroll-item","generate-columns","tablet-grid-50","mobile-grid-100","grid-parent","grid-33","no-featured-image-padding"],"acf":[],"yoast_head":"<!-- This site is optimized with the Yoast SEO plugin v27.5 - https:\/\/yoast.com\/product\/yoast-seo-wordpress\/ -->\n<title>Elm\u0259 \u00f6m\u00fcr h\u0259sr etm\u0259k - MEYDAN.TV<\/title>\n<meta name=\"robots\" content=\"index, follow, max-snippet:-1, max-image-preview:large, max-video-preview:-1\" \/>\n<link rel=\"canonical\" href=\"https:\/\/www.meydan.tv\/az\/article\/elme-omur-hesr-etmek\/\" \/>\n<meta property=\"og:locale\" content=\"az_AZ\" \/>\n<meta property=\"og:type\" content=\"article\" \/>\n<meta property=\"og:title\" content=\"Elm\u0259 \u00f6m\u00fcr h\u0259sr etm\u0259k - MEYDAN.TV\" \/>\n<meta property=\"og:description\" content=\"V\u0259 ya \u0259sl az\u0259rbaycanl\u0131 L\u00fctfi Zad\u0259\" \/>\n<meta property=\"og:url\" content=\"https:\/\/www.meydan.tv\/az\/article\/elme-omur-hesr-etmek\/\" \/>\n<meta property=\"og:site_name\" content=\"MEYDAN.TV\" \/>\n<meta property=\"article:published_time\" content=\"2017-08-14T01:29:03+00:00\" \/>\n<meta property=\"og:image\" content=\"https:\/\/www.meydan.tv\/wp-content\/uploads\/35666.jpg\" \/>\n\t<meta property=\"og:image:width\" content=\"700\" \/>\n\t<meta property=\"og:image:height\" content=\"420\" \/>\n\t<meta property=\"og:image:type\" content=\"image\/jpeg\" \/>\n<meta name=\"author\" content=\"user-manager\" \/>\n<meta name=\"twitter:card\" content=\"summary_large_image\" \/>\n<script type=\"application\/ld+json\" class=\"yoast-schema-graph\">{\"@context\":\"https:\\\/\\\/schema.org\",\"@graph\":[{\"@type\":\"Article\",\"@id\":\"https:\\\/\\\/www.meydan.tv\\\/az\\\/article\\\/elme-omur-hesr-etmek\\\/#article\",\"isPartOf\":{\"@id\":\"https:\\\/\\\/www.meydan.tv\\\/az\\\/article\\\/elme-omur-hesr-etmek\\\/\"},\"author\":{\"name\":\"user-manager\",\"@id\":\"https:\\\/\\\/www.meydan.tv\\\/az\\\/#\\\/schema\\\/person\\\/10d11eccf6da3662cf5fdab9806ea91a\"},\"headline\":\"Elm\u0259 \u00f6m\u00fcr h\u0259sr etm\u0259k\",\"datePublished\":\"2017-08-14T01:29:03+00:00\",\"mainEntityOfPage\":{\"@id\":\"https:\\\/\\\/www.meydan.tv\\\/az\\\/article\\\/elme-omur-hesr-etmek\\\/\"},\"wordCount\":793,\"publisher\":{\"@id\":\"https:\\\/\\\/www.meydan.tv\\\/az\\\/#organization\"},\"image\":{\"@id\":\"https:\\\/\\\/www.meydan.tv\\\/az\\\/article\\\/elme-omur-hesr-etmek\\\/#primaryimage\"},\"thumbnailUrl\":\"https:\\\/\\\/www.meydan.tv\\\/wp-content\\\/uploads\\\/35666.jpg\",\"articleSection\":[\"M\u0259nim Fikrimc\u0259\"],\"inLanguage\":\"az\"},{\"@type\":\"WebPage\",\"@id\":\"https:\\\/\\\/www.meydan.tv\\\/az\\\/article\\\/elme-omur-hesr-etmek\\\/\",\"url\":\"https:\\\/\\\/www.meydan.tv\\\/az\\\/article\\\/elme-omur-hesr-etmek\\\/\",\"name\":\"Elm\u0259 \u00f6m\u00fcr h\u0259sr etm\u0259k - MEYDAN.TV\",\"isPartOf\":{\"@id\":\"https:\\\/\\\/www.meydan.tv\\\/az\\\/#website\"},\"primaryImageOfPage\":{\"@id\":\"https:\\\/\\\/www.meydan.tv\\\/az\\\/article\\\/elme-omur-hesr-etmek\\\/#primaryimage\"},\"image\":{\"@id\":\"https:\\\/\\\/www.meydan.tv\\\/az\\\/article\\\/elme-omur-hesr-etmek\\\/#primaryimage\"},\"thumbnailUrl\":\"https:\\\/\\\/www.meydan.tv\\\/wp-content\\\/uploads\\\/35666.jpg\",\"datePublished\":\"2017-08-14T01:29:03+00:00\",\"breadcrumb\":{\"@id\":\"https:\\\/\\\/www.meydan.tv\\\/az\\\/article\\\/elme-omur-hesr-etmek\\\/#breadcrumb\"},\"inLanguage\":\"az\",\"potentialAction\":[{\"@type\":\"ReadAction\",\"target\":[\"https:\\\/\\\/www.meydan.tv\\\/az\\\/article\\\/elme-omur-hesr-etmek\\\/\"]}]},{\"@type\":\"ImageObject\",\"inLanguage\":\"az\",\"@id\":\"https:\\\/\\\/www.meydan.tv\\\/az\\\/article\\\/elme-omur-hesr-etmek\\\/#primaryimage\",\"url\":\"https:\\\/\\\/www.meydan.tv\\\/wp-content\\\/uploads\\\/35666.jpg\",\"contentUrl\":\"https:\\\/\\\/www.meydan.tv\\\/wp-content\\\/uploads\\\/35666.jpg\",\"width\":700,\"height\":420,\"caption\":\"Source:\"},{\"@type\":\"BreadcrumbList\",\"@id\":\"https:\\\/\\\/www.meydan.tv\\\/az\\\/article\\\/elme-omur-hesr-etmek\\\/#breadcrumb\",\"itemListElement\":[{\"@type\":\"ListItem\",\"position\":1,\"name\":\"Ana s\u0259hif\u0259\",\"item\":\"https:\\\/\\\/www.meydan.tv\\\/az\\\/\"},{\"@type\":\"ListItem\",\"position\":2,\"name\":\"M\u0259nim Fikrimc\u0259\",\"item\":\"https:\\\/\\\/www.meydan.tv\\\/az\\\/section\\\/menim-fikrimce\\\/\"},{\"@type\":\"ListItem\",\"position\":3,\"name\":\"Elm\u0259 \u00f6m\u00fcr h\u0259sr etm\u0259k\"}]},{\"@type\":\"WebSite\",\"@id\":\"https:\\\/\\\/www.meydan.tv\\\/az\\\/#website\",\"url\":\"https:\\\/\\\/www.meydan.tv\\\/az\\\/\",\"name\":\"MEYDAN.TV\",\"description\":\"Meydan TV Az\u0259rbaycan\u0131n media m\u0259kan\u0131ndak\u0131 alternativ s\u0259sidir\",\"publisher\":{\"@id\":\"https:\\\/\\\/www.meydan.tv\\\/az\\\/#organization\"},\"potentialAction\":[{\"@type\":\"SearchAction\",\"target\":{\"@type\":\"EntryPoint\",\"urlTemplate\":\"https:\\\/\\\/www.meydan.tv\\\/az\\\/?s={search_term_string}\"},\"query-input\":{\"@type\":\"PropertyValueSpecification\",\"valueRequired\":true,\"valueName\":\"search_term_string\"}}],\"inLanguage\":\"az\"},{\"@type\":\"Organization\",\"@id\":\"https:\\\/\\\/www.meydan.tv\\\/az\\\/#organization\",\"name\":\"Meydan TV\",\"url\":\"https:\\\/\\\/www.meydan.tv\\\/az\\\/\",\"logo\":{\"@type\":\"ImageObject\",\"inLanguage\":\"az\",\"@id\":\"https:\\\/\\\/www.meydan.tv\\\/az\\\/#\\\/schema\\\/logo\\\/image\\\/\",\"url\":\"https:\\\/\\\/www.meydan.tv\\\/wp-content\\\/uploads\\\/2021\\\/07\\\/meydan-logo.svg\",\"contentUrl\":\"https:\\\/\\\/www.meydan.tv\\\/wp-content\\\/uploads\\\/2021\\\/07\\\/meydan-logo.svg\",\"width\":195,\"height\":46,\"caption\":\"Meydan TV\"},\"image\":{\"@id\":\"https:\\\/\\\/www.meydan.tv\\\/az\\\/#\\\/schema\\\/logo\\\/image\\\/\"}},{\"@type\":\"Person\",\"@id\":\"https:\\\/\\\/www.meydan.tv\\\/az\\\/#\\\/schema\\\/person\\\/10d11eccf6da3662cf5fdab9806ea91a\",\"name\":\"user-manager\"}]}<\/script>\n<!-- \/ Yoast SEO plugin. -->","yoast_head_json":{"title":"Elm\u0259 \u00f6m\u00fcr h\u0259sr etm\u0259k - MEYDAN.TV","robots":{"index":"index","follow":"follow","max-snippet":"max-snippet:-1","max-image-preview":"max-image-preview:large","max-video-preview":"max-video-preview:-1"},"canonical":"https:\/\/www.meydan.tv\/az\/article\/elme-omur-hesr-etmek\/","og_locale":"az_AZ","og_type":"article","og_title":"Elm\u0259 \u00f6m\u00fcr h\u0259sr etm\u0259k - MEYDAN.TV","og_description":"V\u0259 ya \u0259sl az\u0259rbaycanl\u0131 L\u00fctfi Zad\u0259","og_url":"https:\/\/www.meydan.tv\/az\/article\/elme-omur-hesr-etmek\/","og_site_name":"MEYDAN.TV","article_published_time":"2017-08-14T01:29:03+00:00","og_image":[{"width":700,"height":420,"url":"https:\/\/www.meydan.tv\/wp-content\/uploads\/35666.jpg","type":"image\/jpeg"}],"author":"user-manager","twitter_card":"summary_large_image","schema":{"@context":"https:\/\/schema.org","@graph":[{"@type":"Article","@id":"https:\/\/www.meydan.tv\/az\/article\/elme-omur-hesr-etmek\/#article","isPartOf":{"@id":"https:\/\/www.meydan.tv\/az\/article\/elme-omur-hesr-etmek\/"},"author":{"name":"user-manager","@id":"https:\/\/www.meydan.tv\/az\/#\/schema\/person\/10d11eccf6da3662cf5fdab9806ea91a"},"headline":"Elm\u0259 \u00f6m\u00fcr h\u0259sr etm\u0259k","datePublished":"2017-08-14T01:29:03+00:00","mainEntityOfPage":{"@id":"https:\/\/www.meydan.tv\/az\/article\/elme-omur-hesr-etmek\/"},"wordCount":793,"publisher":{"@id":"https:\/\/www.meydan.tv\/az\/#organization"},"image":{"@id":"https:\/\/www.meydan.tv\/az\/article\/elme-omur-hesr-etmek\/#primaryimage"},"thumbnailUrl":"https:\/\/www.meydan.tv\/wp-content\/uploads\/35666.jpg","articleSection":["M\u0259nim Fikrimc\u0259"],"inLanguage":"az"},{"@type":"WebPage","@id":"https:\/\/www.meydan.tv\/az\/article\/elme-omur-hesr-etmek\/","url":"https:\/\/www.meydan.tv\/az\/article\/elme-omur-hesr-etmek\/","name":"Elm\u0259 \u00f6m\u00fcr h\u0259sr etm\u0259k - MEYDAN.TV","isPartOf":{"@id":"https:\/\/www.meydan.tv\/az\/#website"},"primaryImageOfPage":{"@id":"https:\/\/www.meydan.tv\/az\/article\/elme-omur-hesr-etmek\/#primaryimage"},"image":{"@id":"https:\/\/www.meydan.tv\/az\/article\/elme-omur-hesr-etmek\/#primaryimage"},"thumbnailUrl":"https:\/\/www.meydan.tv\/wp-content\/uploads\/35666.jpg","datePublished":"2017-08-14T01:29:03+00:00","breadcrumb":{"@id":"https:\/\/www.meydan.tv\/az\/article\/elme-omur-hesr-etmek\/#breadcrumb"},"inLanguage":"az","potentialAction":[{"@type":"ReadAction","target":["https:\/\/www.meydan.tv\/az\/article\/elme-omur-hesr-etmek\/"]}]},{"@type":"ImageObject","inLanguage":"az","@id":"https:\/\/www.meydan.tv\/az\/article\/elme-omur-hesr-etmek\/#primaryimage","url":"https:\/\/www.meydan.tv\/wp-content\/uploads\/35666.jpg","contentUrl":"https:\/\/www.meydan.tv\/wp-content\/uploads\/35666.jpg","width":700,"height":420,"caption":"Source:"},{"@type":"BreadcrumbList","@id":"https:\/\/www.meydan.tv\/az\/article\/elme-omur-hesr-etmek\/#breadcrumb","itemListElement":[{"@type":"ListItem","position":1,"name":"Ana s\u0259hif\u0259","item":"https:\/\/www.meydan.tv\/az\/"},{"@type":"ListItem","position":2,"name":"M\u0259nim Fikrimc\u0259","item":"https:\/\/www.meydan.tv\/az\/section\/menim-fikrimce\/"},{"@type":"ListItem","position":3,"name":"Elm\u0259 \u00f6m\u00fcr h\u0259sr etm\u0259k"}]},{"@type":"WebSite","@id":"https:\/\/www.meydan.tv\/az\/#website","url":"https:\/\/www.meydan.tv\/az\/","name":"MEYDAN.TV","description":"Meydan TV Az\u0259rbaycan\u0131n media m\u0259kan\u0131ndak\u0131 alternativ s\u0259sidir","publisher":{"@id":"https:\/\/www.meydan.tv\/az\/#organization"},"potentialAction":[{"@type":"SearchAction","target":{"@type":"EntryPoint","urlTemplate":"https:\/\/www.meydan.tv\/az\/?s={search_term_string}"},"query-input":{"@type":"PropertyValueSpecification","valueRequired":true,"valueName":"search_term_string"}}],"inLanguage":"az"},{"@type":"Organization","@id":"https:\/\/www.meydan.tv\/az\/#organization","name":"Meydan TV","url":"https:\/\/www.meydan.tv\/az\/","logo":{"@type":"ImageObject","inLanguage":"az","@id":"https:\/\/www.meydan.tv\/az\/#\/schema\/logo\/image\/","url":"https:\/\/www.meydan.tv\/wp-content\/uploads\/2021\/07\/meydan-logo.svg","contentUrl":"https:\/\/www.meydan.tv\/wp-content\/uploads\/2021\/07\/meydan-logo.svg","width":195,"height":46,"caption":"Meydan TV"},"image":{"@id":"https:\/\/www.meydan.tv\/az\/#\/schema\/logo\/image\/"}},{"@type":"Person","@id":"https:\/\/www.meydan.tv\/az\/#\/schema\/person\/10d11eccf6da3662cf5fdab9806ea91a","name":"user-manager"}]}},"_links":{"self":[{"href":"https:\/\/www.meydan.tv\/az\/wp-json\/wp\/v2\/posts\/186048","targetHints":{"allow":["GET"]}}],"collection":[{"href":"https:\/\/www.meydan.tv\/az\/wp-json\/wp\/v2\/posts"}],"about":[{"href":"https:\/\/www.meydan.tv\/az\/wp-json\/wp\/v2\/types\/post"}],"author":[{"embeddable":true,"href":"https:\/\/www.meydan.tv\/az\/wp-json\/wp\/v2\/users\/11"}],"replies":[{"embeddable":true,"href":"https:\/\/www.meydan.tv\/az\/wp-json\/wp\/v2\/comments?post=186048"}],"version-history":[{"count":0,"href":"https:\/\/www.meydan.tv\/az\/wp-json\/wp\/v2\/posts\/186048\/revisions"}],"wp:featuredmedia":[{"embeddable":true,"href":"https:\/\/www.meydan.tv\/az\/wp-json\/wp\/v2\/media\/90491"}],"wp:attachment":[{"href":"https:\/\/www.meydan.tv\/az\/wp-json\/wp\/v2\/media?parent=186048"}],"wp:term":[{"taxonomy":"category","embeddable":true,"href":"https:\/\/www.meydan.tv\/az\/wp-json\/wp\/v2\/categories?post=186048"},{"taxonomy":"post_tag","embeddable":true,"href":"https:\/\/www.meydan.tv\/az\/wp-json\/wp\/v2\/tags?post=186048"}],"curies":[{"name":"wp","href":"https:\/\/api.w.org\/{rel}","templated":true}]}}