{"id":186046,"date":"2017-08-13T15:41:45","date_gmt":"2017-08-13T15:41:45","guid":{"rendered":"https:\/\/www.meydan.tv\/article\/ilham-eliyev-el-silkelediyi-sirkete-milyonlar-ayirdi\/"},"modified":"2017-08-13T15:41:45","modified_gmt":"2017-08-13T15:41:45","slug":"ilham-eliyev-el-silkelediyi-sirkete-milyonlar-ayirdi","status":"publish","type":"post","link":"https:\/\/www.meydan.tv\/az\/article\/ilham-eliyev-el-silkelediyi-sirkete-milyonlar-ayirdi\/","title":{"rendered":"\u0130lham \u018fliyev \u0259l silk\u0259l\u0259diyi \u015firk\u0259t\u0259 milyonlar ay\u0131rd\u0131"},"content":{"rendered":"<figure class=\"wp-block-image size-large\">\n  <img decoding=\"async\" src=\"https:\/\/www.meydan.tv\/az\/ilham-eliyev-47\/\" alt=\"\u0130lham \u018fliyev\" class=\"wp-image-90476\"\/><figcaption>\n    \u0130lham \u018fliyev<br \/>\n  <\/figcaption><\/figure>\n<p>\n  <i><br \/>\n    Yeni Bak\u0131 Liman\u0131n\u0131 tik\u0259n \u201cEvrascon\u201d \u015firk\u0259tinin \u0259lahidd\u0259 g\u00fcc\u00fc v\u0259 b\u00f6y\u00fck layih\u0259l\u0259ri<br \/>\n  <\/i>\n<\/p>\n<p>\n  Avqustun 2-d\u0259 prezident \u0130lham \u018fliyev Yeni Bak\u0131 Beyn\u0259lxalq D\u0259niz Ticar\u0259t Liman\u0131 Kompleksinin tikintisinin s\u00fcr\u0259tl\u0259ndirilm\u0259si il\u0259 ba\u011fl\u0131 \u0259lav\u0259 t\u0259dbirl\u0259r bar\u0259d\u0259 s\u0259r\u0259ncam<br \/>\n  <a href=\"http:\/\/president.az\/articles\/24851\" target=\"_blank\" rel=\"noopener\"><br \/>\n    imzalay\u0131b<br \/>\n  <\/a><br \/>\n  .\n<\/p>\n<p>\n  S\u0259r\u0259ncamda yaz\u0131l\u0131r: \u201cYeni Bak\u0131 Beyn\u0259lxalq D\u0259niz Ticar\u0259t Liman\u0131 Kompleksinin tikintisinin davam etdirilm\u0259si i\u015fl\u0259rinin s\u00fcr\u0259tl\u0259ndirilm\u0259si m\u0259qs\u0259dil\u0259 \u201cAz\u0259rbaycan Respublikas\u0131n\u0131n 2017-ci il d\u00f6vl\u0259t b\u00fcdc\u0259si haqq\u0131nda\u201d Az\u0259rbaycan Respublikas\u0131 Qanununun t\u0259tbiqi bar\u0259d\u0259\u201d Az\u0259rbaycan Respublikas\u0131 Prezidentinin 2016-c\u0131 il 27 dekabr tarixli 1180 n\u00f6mr\u0259li F\u0259rman\u0131n\u0131n 1.14.3.3.9-cu yar\u0131mb\u0259ndind\u0259 n\u0259z\u0259rd\u0259 tutulmu\u015f v\u0259saitd\u0259n Az\u0259rbaycan Respublikas\u0131n\u0131n \u0130qtisadiyyat Nazirliyin\u0259 30,0 (otuz) milyon manat ayr\u0131ls\u0131n\u201d.\n<\/p>\n<p>\n  Bunun ard\u0131nca daha bir<br \/>\n  <a href=\"http:\/\/president.az\/articles\/24853\" target=\"_blank\" rel=\"noopener\"><br \/>\n    s\u0259r\u0259ncam<br \/>\n  <\/a><br \/>\n  \u00a0verilir:\n<\/p>\n<p>\n  \u201cYeni Bak\u0131 Beyn\u0259lxalq D\u0259niz Ticar\u0259t Liman\u0131 \u00fc\u00e7\u00fcn 6 \u0259d\u0259d portal kran\u0131n al\u0131nmas\u0131 v\u0259 2 \u0259d\u0259d m\u00f6vcud kran\u0131n modernl\u0259\u015fdirilm\u0259si m\u0259qs\u0259dil\u0259 \u201cAz\u0259rbaycan Respublikas\u0131n\u0131n 2017-ci il d\u00f6vl\u0259t b\u00fcdc\u0259si haqq\u0131nda\u201d Az\u0259rbaycan Respublikas\u0131 Qanununun t\u0259tbiqi bar\u0259d\u0259\u201d Az\u0259rbaycan Respublikas\u0131 Prezidentinin 2016-c\u0131 il 27 dekabr tarixli 1180 n\u00f6mr\u0259li F\u0259rman\u0131n\u0131n 1.14.3.3.9-cu yar\u0131mb\u0259ndind\u0259 n\u0259z\u0259rd\u0259 tutulmu\u015f v\u0259saitd\u0259n \u201cBak\u0131 Beyn\u0259lxalq D\u0259niz Ticar\u0259t Liman\u0131\u201d Qapal\u0131 S\u0259hmdar C\u0259miyy\u0259tin\u0259 m\u00fcvafiq olaraq 33,2 milyon (otuz \u00fc\u00e7 milyon iki y\u00fcz min) manat v\u0259 3,6 milyon (\u00fc\u00e7 milyon alt\u0131 y\u00fcz min) manat olmaqla, c\u0259mi 36,8 milyon (otuz alt\u0131 milyon s\u0259kkiz y\u00fcz min) manat v\u0259sait ayr\u0131ls\u0131n\u201d.\n<\/p>\n<p>\n  Bunlar g\u00fcnd\u0259lik s\u0259r\u0259ncamlardand\u0131r. D\u00fczd\u00fcr, m\u0259bl\u0259\u011f bir q\u0259d\u0259r \u00e7oxdur, ancaq \u0130lham \u018fliyev h\u0259r hans\u0131 rayona, k\u0259nd\u0259, obyekt\u0259 gedib-g\u0259l\u0259nd\u0259n sonra bu tipli s\u0259r\u0259ncamlar verir. H\u0259min s\u0259r\u0259ncamlarla b\u00fcdc\u0259 v\u0259saiti hans\u0131sa i\u015fin \u201cs\u00fcr\u0259tl\u0259ndirilm\u0259si\u201d, \u201cdavam etdirilm\u0259si\u201d, m\u0259s\u0259l\u0259n, Bayraq Meydan\u0131n\u0131n tikintisind\u0259 oldu\u011fu kimi, \u201cba\u015fa \u00e7atd\u0131r\u0131lm\u0131\u015f i\u015fin tamamlanmas\u0131 \u00fc\u00e7\u00fcn\u201d (s\u0259r\u0259ncamda el\u0259 bel\u0259 d\u0259 yaz\u0131lm\u0131\u015fd\u0131) ayr\u0131l\u0131r. Ancaq bud\u0259f\u0259ki ay\u0131rman\u0131 maraql\u0131 ed\u0259n el\u0259 \u0130lham \u018fliyevin bu il yanvar\u0131n 10-da Nazirl\u0259r Kabinetinin iclas\u0131ndak\u0131 \u00e7\u0131x\u0131\u015f\u0131d\u0131r. H\u0259min \u00e7\u0131x\u0131\u015f\u0131nda o, Yeni Bak\u0131 Beyn\u0259lxalq D\u0259niz Ticar\u0259t Liman\u0131 Kompleksinin tikintisinin gedi\u015find\u0259 meydana \u00e7\u0131xan probleml\u0259rd\u0259n dan\u0131\u015fm\u0131\u015fd\u0131, arada barmaq da silk\u0259l\u0259mi\u015fdi (b\u0259zi saytlar bel\u0259 yazm\u0131\u015fd\u0131). Onun s\u00f6zl\u0259rin\u0259 g\u00f6r\u0259, tikintinin birinci m\u0259rh\u0259l\u0259sinin ba\u015fa \u00e7atmas\u0131 il\u0259 ba\u011fl\u0131 qrafik\u0259 \u0259m\u0259l olunmay\u0131b. Ona g\u00f6r\u0259 prezident bir q\u0259d\u0259r q\u0259z\u0259bl\u0259nmi\u015fdi v\u0259 limanda i\u015fl\u0259rin birinci m\u0259rh\u0259l\u0259sinin tikintisinin bu il ba\u015fa \u00e7atmal\u0131 oldu\u011funu demi\u015fdi:\n<\/p>\n<p>\n  \u201cH\u0259m b\u00fct\u00fcn infrastruktur, tikinti i\u015fl\u0259ri, o c\u00fcml\u0259d\u0259n avadanl\u0131q, b\u00fct\u00fcn bu t\u0259dbirl\u0259r d\u00f6vl\u0259t investisiya proqram\u0131nda n\u0259z\u0259rd\u0259 tutulur v\u0259 icra edil\u0259c\u0259k. Sad\u0259c\u0259 olaraq, bu layih\u0259nin podrat\u00e7\u0131lar\u0131 da \u00f6z m\u0259suliyy\u0259tini d\u0259rk etm\u0259lidirl\u0259r. \u0130l \u0259rzind\u0259 bu m\u0259s\u0259l\u0259 il\u0259 ba\u011fl\u0131 m\u0259nim b\u00f6y\u00fck iradlar\u0131m olub, h\u00f6kum\u0259t \u00fczvl\u0259ri bunu bilir. B\u0259zi icra\u00e7\u0131lar bu m\u0259s\u0259l\u0259y\u0259 \u00e7ox laqeyd yana\u015fm\u0131\u015flar, baxmayaraq ki, d\u00f6vl\u0259t v\u0259saiti ayr\u0131l\u0131b, 2016-c\u0131 ild\u0259 o v\u0259saitd\u0259n tam istifad\u0259 edilm\u0259yib. Bu, d\u00f6z\u00fclm\u0259zdir. Ona g\u00f6r\u0259, \u0259g\u0259r o m\u0259suliyy\u0259ti d\u0259rk etmirl\u0259rs\u0259, \u0259g\u0259r d\u00f6vl\u0259tin verdiyi sifari\u015fi yerin\u0259 yetirm\u0259y\u0259 laqeydlik g\u00f6st\u0259rirl\u0259rs\u0259, bundan sonra d\u00f6vl\u0259t sifari\u015fl\u0259rind\u0259n m\u0259hrum edil\u0259c\u0259kl\u0259r, qoy bunu bilsinl\u0259r. Ona g\u00f6r\u0259, bu ilin pay\u0131z\u0131na q\u0259d\u0259r \u018fl\u0259t Beyn\u0259lxalq D\u0259niz Liman\u0131n\u0131n birinci m\u0259rh\u0259l\u0259si b\u00fct\u00fcn avadanl\u0131qlarla, kranlarla t\u0259min edilm\u0259lidir, \u0259ks halda \u00f6zl\u0259rind\u0259n k\u00fcss\u00fcnl\u0259r\u00bb.\n<\/p>\n<figure class=\"wp-block-image size-large\">\n  <img decoding=\"async\" src=\"https:\/\/www.meydan.tv\/az\/ilham-eliyev-hemin-limanda\/\" alt=\"\u0130lham \u018fliyev h\u0259min limanda\" class=\"wp-image-90479\"\/><figcaption>\n    \u0130lham \u018fliyev h\u0259min limanda<br \/>\n  <\/figcaption><\/figure>\n<p>\n  Bel\u0259 \u00fcnvans\u0131z ciddi x\u0259b\u0259rdarl\u0131q olmu\u015fdu. Prezidentin konkret kimi, yaxud hans\u0131 \u015firk\u0259ti n\u0259z\u0259rd\u0259 tutdu\u011fu anla\u015f\u0131lm\u0131rd\u0131. H\u0259r halda oxucu v\u0259 tama\u015fa\u00e7\u0131 kimi biz\u0259 ayd\u0131n deyildi, Nazirl\u0259r Kabinetinin iclas\u0131nda i\u015ftirak ed\u0259nl\u0259r\u00e7\u00fcns\u0259, g\u00f6r\u00fcn\u00fcr, h\u0259r \u015fey b\u0259lliydi. \u00c7\u00fcnki prezident \u201c\u0130l \u0259rzind\u0259 bu m\u0259s\u0259l\u0259 il\u0259 ba\u011fl\u0131 m\u0259nim b\u00f6y\u00fck iradlar\u0131m olub, h\u00f6kum\u0259t \u00fczvl\u0259ri bunu bilir\u201d s\u00f6zl\u0259rini d\u0259 i\u015fl\u0259tmi\u015fdi. Biz sonradan, apar\u0131lan ara\u015fd\u0131rmalar n\u0259tic\u0259sind\u0259 b\u00fct\u00fcn iradlar\u0131n \u201cEvrascon\u201d ASC \u015firk\u0259tin\u0259 oldu\u011funu bildik.\n<\/p>\n<p>\n  \u201cN\u0259qliyyat Nazirliyinin r\u0259smi sayt\u0131nda g\u00f6st\u0259rildiyi kimi liman kompleksinin 400 hektarl\u0131q \u0259razisinin tikintiy\u0259 haz\u0131rlanmas\u0131, habel\u0259 Bak\u0131-\u018fl\u0259t-G\u00fcrc\u00fcstan s\u0259rh\u0259di magistral avtomobil yolu il\u0259 liman kompleksini birl\u0259\u015fdir\u0259n yol infrastrukturunun layih\u0259l\u0259ndirilm\u0259si v\u0259 tikintisi \u201cEvrascon\u201d ASC \u015firk\u0259ti t\u0259r\u0259find\u0259n yerin\u0259 yetirilib. Eyni zamanda, yeni liman kompleksinin quru hiss\u0259sind\u0259 tikinti, mallar\u0131n t\u0259chizat\u0131 v\u0259 qura\u015fd\u0131r\u0131lmas\u0131 \u00fczr\u0259 i\u015fl\u0259r v\u0259 xidm\u0259tl\u0259r d\u0259 \u201cEvrascon\u201d ASC t\u0259r\u0259find\u0259n apar\u0131lmaqdad\u0131r\u201d (Virtualaz.org). Bu da ara\u015fd\u0131rmalar\u0131n sonucu olaraq ortaya \u00e7\u0131xm\u0131\u015fd\u0131.\n<\/p>\n<p>\n  N\u0259d\u0259ns\u0259 prezident ad \u00e7\u0259km\u0259yi g\u0259r\u0259kli saymam\u0131\u015fd\u0131. Ancaq \u201cEvrascon\u201d ASC-nin<br \/>\n  <a href=\"http:\/\/evrascon.com\/az\/projects\" target=\"_blank\" rel=\"noopener\"><br \/>\n    sayt\u0131yla<br \/>\n  <\/a><br \/>\n  \u00a0tan\u0131\u015fl\u0131qdan sonra ad \u00e7\u0259kilm\u0259m\u0259sinin anla\u015f\u0131lan oldu\u011funu q\u0259bul etm\u0259kd\u0259n ba\u015fqa \u00e7ar\u0259 qalm\u0131r. Sayt\u0131n Layih\u0259l\u0259r b\u00f6lm\u0259sind\u0259 bu \u015firk\u0259tin g\u00f6rd\u00fcy\u00fc (yerli v\u0259 beyn\u0259lxalq) i\u015fl\u0259rl\u0259 ba\u011fl\u0131 m\u0259lumatlar yerl\u0259\u015fdirilib. Onlarla tan\u0131\u015fl\u0131qdan sonra d\u00fc\u015f\u00fcn\u00fcr\u00fck ki, siz d\u0259 prezidenti ba\u015fa d\u00fc\u015f\u0259c\u0259ksiniz.\n<\/p>\n<p>\n  &#8211; \u018fl\u0259t-Astara avtomobil yolunun 55 km-d\u0259 K\u00fcr \u00e7ay\u0131 \u00fcz\u0259rind\u0259 k\u00f6rp\u00fcn\u00fcn tikintisi,<br \/>\n  <br \/>\n  &#8211; Tankova k\u00fc\u00e7\u0259sind\u0259n Pu\u015fkin (4,8 km) k\u00fc\u00e7\u0259sinin \u0259razisin\u0259 kimi ma\u015f\u0131n yolunun tikilm\u0259si,<br \/>\n  <br \/>\n  &#8211; B\u00f6y\u00fck Kazan dair\u0259si (26.9 km),<br \/>\n  <br \/>\n  &#8211; Heyd\u0259r \u018fliyev prospektind\u0259 iki x\u0259tli d\u0259miryolu k\u00f6rp\u00fcs\u00fcn\u00fcn layih\u0259l\u0259ndirilm\u0259si,<br \/>\n  <br \/>\n  &#8211; Pirallah\u0131 avtomobilyolu k\u00f6rp\u00fcs\u00fcn\u00fcn tikintisi,<br \/>\n  <br \/>\n  &#8211; Zdvij \u00e7ay\u0131 \u00fcz\u0259rind\u0259n k\u00f6rp\u00fcn\u00fcn tikintisi km 51+845,08,<br \/>\n  <br \/>\n  &#8211; Salo\u011flu-Poylu d\u0259miryol stansiyan\u0131n 73 kilometrliyind\u0259 K\u00fcr \u00e7ay\u0131n\u0131n \u00fcz\u0259rind\u0259 d\u0259miryol k\u00f6rp\u00fc ke\u00e7idinin tikintisi,<br \/>\n  <br \/>\n  &#8211; Primorsk bulvar\u0131nda \u00abBiznes M\u0259rk\u0259zi\u00bbnin tikintisi, Bak\u0131 \u015f\u0259h\u0259ri,<br \/>\n  <br \/>\n  &#8211; Bulvar istirah\u0259t zonas\u0131nda \u00abBayraq q\u00fcll\u0259si\u00bbnin tikintisi (art\u0131q bir ne\u00e7\u0259 g\u00fcnd\u00fcr s\u00f6k\u00fcl\u0259n q\u00fcll\u0259d\u0259n s\u00f6hb\u0259t gedir),<br \/>\n  <br \/>\n  &#8211; Bak\u0131 \u015f\u0259h\u0259rind\u0259 Heyd\u0259r \u018fliyev ad\u0131na M\u0259rk\u0259zin tikintisi,<br \/>\n  <br \/>\n  &#8211; Almal\u0131 q\u0259s\u0259b\u0259sind\u0259 (Qazax\u0131stan Respublikas\u0131) ya\u015fay\u0131\u015f binas\u0131n\u0131n in\u015fas\u0131. Dayaqlar\u0131n qura\u015fd\u0131rma i\u015fl\u0259ri,<br \/>\n  <br \/>\n  &#8211; Bak\u0131 \u015f\u0259h\u0259rind\u0259, Koro\u011flu metro stansiyas\u0131n\u0131n yax\u0131nl\u0131\u011f\u0131nda yerl\u0259\u015f\u0259n n\u0259qliyyat qov\u015fa\u011f\u0131n\u0131n tikintisi,<br \/>\n  <br \/>\n  &#8211; Kiyev vilay\u0259ti \u0259razisind\u0259 M-06 Kiyev-\u00c7op avtomobil yolunun km 21+767-d\u0259 yerl\u0259\u015f\u0259n m\u00fcxt\u0259lif s\u0259viyy\u0259li yol qov\u015faqlar\u0131n\u0131n tikintisi,<br \/>\n  <br \/>\n  &#8211; Ukraynada M06 Kiyev-\u00c7op avtomobil yolunun yenid\u0259nqurulmas\u0131 v\u0259 2 yol qov\u015fa\u011f\u0131n\u0131n tikintisi. L=26km,<br \/>\n  <br \/>\n  &#8211; 16-m\u0259rt\u0259b\u0259li bir bloklu ya\u015fay\u0131\u015f binas\u0131n\u0131n tikintisi,<br \/>\n  <br \/>\n  &#8211; 20 yanvar dair\u0259sind\u0259 yol\u00f6t\u00fcr\u00fcc\u00fcs\u00fc,<br \/>\n  <br \/>\n  &#8211; Yeni Bak\u0131 Beyn\u0259lxalq D\u0259niz Ticar\u0259t Liman\u0131&#8230;\n<\/p>\n<p>\n  Layih\u0259l\u0259r \u00e7oxdur, t\u0259kc\u0259 saytda yerl\u0259\u015fdiril\u0259nl\u0259rin say\u0131 41-dir. Ham\u0131s\u0131 da bahal\u0131 layih\u0259l\u0259r. Bel\u0259 n\u0259h\u0259ng i\u015fl\u0259r\u0259 imza atan \u015firk\u0259tin ad\u0131n\u0131 \u00e7\u0259km\u0259k d\u0259, onun t\u0259nqidi d\u0259 h\u0259qiq\u0259t\u0259n b\u00f6y\u00fck c\u0259sar\u0259t t\u0259l\u0259b edir. D\u00fczg\u00fcn se\u00e7im onlar\u0131 i\u015f\u0259 laqeyd yana\u015fmada, m\u0259suliyy\u0259ti d\u0259rk etm\u0259m\u0259kd\u0259 q\u0131namaqd\u0131r. \u00c7ox da d\u0259rin\u0259 getm\u0259k olmaz. \u018fslind\u0259, prezidentin \u201c&#8230;\u0259g\u0259r o m\u0259suliyy\u0259ti d\u0259rk etmirl\u0259rs\u0259, \u0259g\u0259r d\u00f6vl\u0259tin verdiyi sifari\u015fi yerin\u0259 yetirm\u0259y\u0259 laqeydlik g\u00f6st\u0259rirl\u0259rs\u0259, bundan sonra d\u00f6vl\u0259t sifari\u015fl\u0259rind\u0259n m\u0259hrum edil\u0259c\u0259kl\u0259r, qoy bunu bilsinl\u0259r\u201d s\u00f6zl\u0259ri bir q\u0259d\u0259r s\u0259rtdir.\n<\/p>\n<p>\n  Avqustun 2-d\u0259 veril\u0259n s\u0259r\u0259ncam\u0131nsa bu s\u0259rtliyi azac\u0131q da olsa yum\u015faltma\u011fa xidm\u0259t etdiyini d\u00fc\u015f\u00fcnm\u0259k olar. Prezidentin NK-n\u0131n y\u0131\u011f\u0131nca\u011f\u0131nda bu \u015firk\u0259t\u0259 irad\u0131 2016-c\u0131 ild\u0259 ayr\u0131lan pulu x\u0259rcl\u0259m\u0259m\u0259siyl\u0259 ba\u011fl\u0131yd\u0131. Bu kimi ciddi iraddan sonra bird\u0259n-bir\u0259 30 milyon manat, h\u0259m d\u0259 s\u0259r\u0259ncamlarda az t\u0259sad\u00fcf olunan m\u0259nb\u0259d\u0259n (Prezidentin 2016-c\u0131 il 27 dekabr tarixli 1180 n\u00f6mr\u0259li F\u0259rman\u0131n\u0131n 1.14.3.3.9-cu yar\u0131mb\u0259ndind\u0259 n\u0259z\u0259rd\u0259 tutulmu\u015f v\u0259saitd\u0259n) ay\u0131rmas\u0131 maraql\u0131d\u0131r. Ehtimal etm\u0259k olar ki, iraddan ciddi n\u0259tic\u0259 \u00e7\u0131xar\u0131b h\u0259min v\u0259saiti tez-t\u0259l\u0259sik x\u0259rcl\u0259yibl\u0259r ki, 7 aydan sonra bu m\u0259bl\u0259\u011fd\u0259 s\u0259r\u0259ncam\u0131n verilm\u0259sin\u0259 nail olublar.\n<\/p>\n<p>\n  \u201cAz\u0259rbaycan Respublikas\u0131n\u0131n 2017-ci il d\u00f6vl\u0259t b\u00fcdc\u0259si haqq\u0131nda\u201d Az\u0259rbaycan Respublikas\u0131<br \/>\n  <a href=\"http:\/\/www.e-qanun.az\/framework\/34502\" target=\"_blank\" rel=\"noopener\"><br \/>\n    Qanununda<br \/>\n  <\/a><br \/>\n  \u00a0h\u0259min b\u0259nd bel\u0259dir:\n<\/p>\n<p>\n  1.14.3.3.9.\n<\/p>\n<p>\n  \u0130slahatlarla ba\u011fl\u0131 x\u0259rcl\u0259r<br \/>\n  <br \/>\n  697\u00a0000\u00a0000,0<br \/>\n  <br \/>\n  697 000 000,0\n<\/p>\n<p>\n  A\u00e7\u0131\u011f\u0131, d\u0259qiq bilmir\u0259m Liman tikintisinin islahatlara d\u0259xli var, yoxsa yox.\n<\/p>\n<p>\n  P.S.D\u00f6vl\u0259t ba\u015f\u00e7\u0131s\u0131n\u0131n 2007-ci ild\u0259 imzalad\u0131\u011f\u0131 S\u0259r\u0259ncama uy\u011fun olaraq N\u0259qliyyat Nazirliyinin sifari\u015fi il\u0259 Niderland Krall\u0131\u011f\u0131n\u0131n \u201cRoyal Haskoning\u201d \u015firk\u0259ti liman\u0131n ba\u015f plan\u0131n\u0131 v\u0259 layih\u0259sini haz\u0131rlay\u0131b. 2010-cu il noyabr\u0131n 3-d\u0259 Prezident \u0130lham \u018fliyev yeni liman\u0131n t\u0259m\u0259lini qoyub.\n<\/p>\n<p>\n  Yeni liman\u0131n tikintisi \u00fc\u00e7\u00fcn 400 hektar \u0259razi ayr\u0131l\u0131b. Liman\u0131n akvatoriyas\u0131nda d\u0259rinl\u0259\u015fdirm\u0259 i\u015fl\u0259rini Niderland Krall\u0131\u011f\u0131n\u0131n \u201cVan Oord\u201d \u015firk\u0259ti h\u0259yata ke\u00e7irib. H\u0259min qurum uzunlu\u011fu 7,5 kilometr, eni 160 metr, d\u0259rinliyi 7 metr v\u0259 d\u00f6nm\u0259 dair\u0259sinin diametri 450 metr olan giri\u015f-\u00e7\u0131x\u0131\u015f kanal\u0131 tikib.\n<\/p>\n<p>\n  Liman \u0259razisinin quru hiss\u0259sinin tikintiy\u0259 haz\u0131rlanmas\u0131 v\u0259 Bak\u0131-\u018fl\u0259t magistral avtomobil yolu il\u0259 liman kompleksini birl\u0259\u015fdir\u0259n yol infrastrukturunun layih\u0259l\u0259ndirilm\u0259sini v\u0259 tikintisini, avadanl\u0131qlar\u0131n t\u0259chizat\u0131 v\u0259 qura\u015fd\u0131r\u0131lmas\u0131n\u0131 \u201cEvrAsKon\u201d \u015firk\u0259ti realla\u015fd\u0131r\u0131b.\n<\/p>\n<p>\n  Avro-Asiya \u0130n\u015faat Korporasiyas\u0131 \u00abEVRASCON\u00bb (ke\u00e7mi\u015f \u201cAz\u0259rk\u00f6rp\u00fc\u201d) 1968-ci ild\u0259 Bak\u0131 \u015f\u0259h\u0259rind\u0259 SSR\u0130 N\u0259qliyyat Tikintisi Nazirliyinin n\u0259zdind\u0259 yaran\u0131b, \u00abK\u00f6rp\u00fctikintid\u0259st\u0259si-100\u00bb kimi ba\u015flay\u0131b. 2001-ci ild\u0259 ke\u00e7iril\u0259n \u00f6z\u0259ll\u0259\u015fdirm\u0259 n\u0259tic\u0259sind\u0259 \u015firk\u0259t s\u0259hmdar c\u0259miyy\u0259t statusunu al\u0131b. 2013-c\u00fc ild\u0259 &#8220;Az\u0259rk\u00f6rp\u00fc&#8221; A\u00e7\u0131q S\u0259hmdar C\u0259miyy\u0259tind\u0259 ke\u00e7irilmi\u015f rebrendinq n\u0259tic\u0259sind\u0259 \u015firk\u0259t \u00f6z ad\u0131n\u0131 Avro-Asiya \u0130n\u015faat Korporasiyas\u0131 \u00abEVRASCON\u00bb ad\u0131 il\u0259 \u0259v\u0259zl\u0259yib.<\/p>\n","protected":false},"excerpt":{"rendered":"<p>Yeni Bak\u0131 Liman\u0131n\u0131 tik\u0259n \u201cEvrascon\u201d \u015firk\u0259tinin \u0259lahidd\u0259 g\u00fcc\u00fc v\u0259 b\u00f6y\u00fck layih\u0259l\u0259ri<\/p>\n","protected":false},"author":11,"featured_media":90476,"comment_status":"closed","ping_status":"open","sticky":false,"template":"","format":"standard","meta":{"_acf_changed":false,"_sitemap_exclude":false,"_sitemap_priority":"","_sitemap_frequency":"","footnotes":""},"categories":[51],"tags":[],"class_list":["post-186046","post","type-post","status-publish","format-standard","has-post-thumbnail","hentry","category-analitika","infinite-scroll-item","generate-columns","tablet-grid-50","mobile-grid-100","grid-parent","grid-33","no-featured-image-padding"],"acf":[],"yoast_head":"<!-- This site is optimized with the Yoast SEO plugin v27.4 - https:\/\/yoast.com\/product\/yoast-seo-wordpress\/ -->\n<title>\u0130lham \u018fliyev \u0259l silk\u0259l\u0259diyi \u015firk\u0259t\u0259 milyonlar ay\u0131rd\u0131 - MEYDAN.TV<\/title>\n<meta name=\"robots\" content=\"index, follow, max-snippet:-1, max-image-preview:large, max-video-preview:-1\" \/>\n<link rel=\"canonical\" href=\"https:\/\/www.meydan.tv\/az\/article\/ilham-eliyev-el-silkelediyi-sirkete-milyonlar-ayirdi\/\" \/>\n<meta property=\"og:locale\" content=\"az_AZ\" \/>\n<meta property=\"og:type\" content=\"article\" \/>\n<meta property=\"og:title\" content=\"\u0130lham \u018fliyev \u0259l silk\u0259l\u0259diyi \u015firk\u0259t\u0259 milyonlar ay\u0131rd\u0131 - MEYDAN.TV\" \/>\n<meta property=\"og:description\" content=\"Yeni Bak\u0131 Liman\u0131n\u0131 tik\u0259n \u201cEvrascon\u201d \u015firk\u0259tinin \u0259lahidd\u0259 g\u00fcc\u00fc v\u0259 b\u00f6y\u00fck layih\u0259l\u0259ri\" \/>\n<meta property=\"og:url\" content=\"https:\/\/www.meydan.tv\/az\/article\/ilham-eliyev-el-silkelediyi-sirkete-milyonlar-ayirdi\/\" \/>\n<meta property=\"og:site_name\" content=\"MEYDAN.TV\" \/>\n<meta property=\"article:published_time\" content=\"2017-08-13T15:41:45+00:00\" \/>\n<meta property=\"og:image\" content=\"https:\/\/www.meydan.tv\/wp-content\/uploads\/35662.jpg\" \/>\n\t<meta property=\"og:image:width\" content=\"2048\" \/>\n\t<meta property=\"og:image:height\" content=\"1674\" \/>\n\t<meta property=\"og:image:type\" content=\"image\/jpeg\" \/>\n<meta name=\"author\" content=\"user-manager\" \/>\n<meta name=\"twitter:card\" content=\"summary_large_image\" \/>\n<script type=\"application\/ld+json\" class=\"yoast-schema-graph\">{\"@context\":\"https:\\\/\\\/schema.org\",\"@graph\":[{\"@type\":\"Article\",\"@id\":\"https:\\\/\\\/www.meydan.tv\\\/az\\\/article\\\/ilham-eliyev-el-silkelediyi-sirkete-milyonlar-ayirdi\\\/#article\",\"isPartOf\":{\"@id\":\"https:\\\/\\\/www.meydan.tv\\\/az\\\/article\\\/ilham-eliyev-el-silkelediyi-sirkete-milyonlar-ayirdi\\\/\"},\"author\":{\"name\":\"user-manager\",\"@id\":\"https:\\\/\\\/www.meydan.tv\\\/az\\\/#\\\/schema\\\/person\\\/10d11eccf6da3662cf5fdab9806ea91a\"},\"headline\":\"\u0130lham \u018fliyev \u0259l silk\u0259l\u0259diyi \u015firk\u0259t\u0259 milyonlar ay\u0131rd\u0131\",\"datePublished\":\"2017-08-13T15:41:45+00:00\",\"mainEntityOfPage\":{\"@id\":\"https:\\\/\\\/www.meydan.tv\\\/az\\\/article\\\/ilham-eliyev-el-silkelediyi-sirkete-milyonlar-ayirdi\\\/\"},\"wordCount\":1881,\"publisher\":{\"@id\":\"https:\\\/\\\/www.meydan.tv\\\/az\\\/#organization\"},\"image\":{\"@id\":\"https:\\\/\\\/www.meydan.tv\\\/az\\\/article\\\/ilham-eliyev-el-silkelediyi-sirkete-milyonlar-ayirdi\\\/#primaryimage\"},\"thumbnailUrl\":\"https:\\\/\\\/www.meydan.tv\\\/wp-content\\\/uploads\\\/35662.jpg\",\"articleSection\":[\"Analitika\"],\"inLanguage\":\"az\"},{\"@type\":\"WebPage\",\"@id\":\"https:\\\/\\\/www.meydan.tv\\\/az\\\/article\\\/ilham-eliyev-el-silkelediyi-sirkete-milyonlar-ayirdi\\\/\",\"url\":\"https:\\\/\\\/www.meydan.tv\\\/az\\\/article\\\/ilham-eliyev-el-silkelediyi-sirkete-milyonlar-ayirdi\\\/\",\"name\":\"\u0130lham \u018fliyev \u0259l silk\u0259l\u0259diyi \u015firk\u0259t\u0259 milyonlar ay\u0131rd\u0131 - MEYDAN.TV\",\"isPartOf\":{\"@id\":\"https:\\\/\\\/www.meydan.tv\\\/az\\\/#website\"},\"primaryImageOfPage\":{\"@id\":\"https:\\\/\\\/www.meydan.tv\\\/az\\\/article\\\/ilham-eliyev-el-silkelediyi-sirkete-milyonlar-ayirdi\\\/#primaryimage\"},\"image\":{\"@id\":\"https:\\\/\\\/www.meydan.tv\\\/az\\\/article\\\/ilham-eliyev-el-silkelediyi-sirkete-milyonlar-ayirdi\\\/#primaryimage\"},\"thumbnailUrl\":\"https:\\\/\\\/www.meydan.tv\\\/wp-content\\\/uploads\\\/35662.jpg\",\"datePublished\":\"2017-08-13T15:41:45+00:00\",\"breadcrumb\":{\"@id\":\"https:\\\/\\\/www.meydan.tv\\\/az\\\/article\\\/ilham-eliyev-el-silkelediyi-sirkete-milyonlar-ayirdi\\\/#breadcrumb\"},\"inLanguage\":\"az\",\"potentialAction\":[{\"@type\":\"ReadAction\",\"target\":[\"https:\\\/\\\/www.meydan.tv\\\/az\\\/article\\\/ilham-eliyev-el-silkelediyi-sirkete-milyonlar-ayirdi\\\/\"]}]},{\"@type\":\"ImageObject\",\"inLanguage\":\"az\",\"@id\":\"https:\\\/\\\/www.meydan.tv\\\/az\\\/article\\\/ilham-eliyev-el-silkelediyi-sirkete-milyonlar-ayirdi\\\/#primaryimage\",\"url\":\"https:\\\/\\\/www.meydan.tv\\\/wp-content\\\/uploads\\\/35662.jpg\",\"contentUrl\":\"https:\\\/\\\/www.meydan.tv\\\/wp-content\\\/uploads\\\/35662.jpg\",\"width\":2048,\"height\":1674,\"caption\":\"Source:\"},{\"@type\":\"BreadcrumbList\",\"@id\":\"https:\\\/\\\/www.meydan.tv\\\/az\\\/article\\\/ilham-eliyev-el-silkelediyi-sirkete-milyonlar-ayirdi\\\/#breadcrumb\",\"itemListElement\":[{\"@type\":\"ListItem\",\"position\":1,\"name\":\"Ana s\u0259hif\u0259\",\"item\":\"https:\\\/\\\/www.meydan.tv\\\/az\\\/\"},{\"@type\":\"ListItem\",\"position\":2,\"name\":\"Analitika\",\"item\":\"https:\\\/\\\/www.meydan.tv\\\/az\\\/section\\\/analitika\\\/\"},{\"@type\":\"ListItem\",\"position\":3,\"name\":\"\u0130lham \u018fliyev \u0259l silk\u0259l\u0259diyi \u015firk\u0259t\u0259 milyonlar ay\u0131rd\u0131\"}]},{\"@type\":\"WebSite\",\"@id\":\"https:\\\/\\\/www.meydan.tv\\\/az\\\/#website\",\"url\":\"https:\\\/\\\/www.meydan.tv\\\/az\\\/\",\"name\":\"MEYDAN.TV\",\"description\":\"Meydan TV Az\u0259rbaycan\u0131n media m\u0259kan\u0131ndak\u0131 alternativ s\u0259sidir\",\"publisher\":{\"@id\":\"https:\\\/\\\/www.meydan.tv\\\/az\\\/#organization\"},\"potentialAction\":[{\"@type\":\"SearchAction\",\"target\":{\"@type\":\"EntryPoint\",\"urlTemplate\":\"https:\\\/\\\/www.meydan.tv\\\/az\\\/?s={search_term_string}\"},\"query-input\":{\"@type\":\"PropertyValueSpecification\",\"valueRequired\":true,\"valueName\":\"search_term_string\"}}],\"inLanguage\":\"az\"},{\"@type\":\"Organization\",\"@id\":\"https:\\\/\\\/www.meydan.tv\\\/az\\\/#organization\",\"name\":\"Meydan TV\",\"url\":\"https:\\\/\\\/www.meydan.tv\\\/az\\\/\",\"logo\":{\"@type\":\"ImageObject\",\"inLanguage\":\"az\",\"@id\":\"https:\\\/\\\/www.meydan.tv\\\/az\\\/#\\\/schema\\\/logo\\\/image\\\/\",\"url\":\"https:\\\/\\\/www.meydan.tv\\\/wp-content\\\/uploads\\\/2021\\\/07\\\/meydan-logo.svg\",\"contentUrl\":\"https:\\\/\\\/www.meydan.tv\\\/wp-content\\\/uploads\\\/2021\\\/07\\\/meydan-logo.svg\",\"width\":195,\"height\":46,\"caption\":\"Meydan TV\"},\"image\":{\"@id\":\"https:\\\/\\\/www.meydan.tv\\\/az\\\/#\\\/schema\\\/logo\\\/image\\\/\"}},{\"@type\":\"Person\",\"@id\":\"https:\\\/\\\/www.meydan.tv\\\/az\\\/#\\\/schema\\\/person\\\/10d11eccf6da3662cf5fdab9806ea91a\",\"name\":\"user-manager\"}]}<\/script>\n<!-- \/ Yoast SEO plugin. -->","yoast_head_json":{"title":"\u0130lham \u018fliyev \u0259l silk\u0259l\u0259diyi \u015firk\u0259t\u0259 milyonlar ay\u0131rd\u0131 - MEYDAN.TV","robots":{"index":"index","follow":"follow","max-snippet":"max-snippet:-1","max-image-preview":"max-image-preview:large","max-video-preview":"max-video-preview:-1"},"canonical":"https:\/\/www.meydan.tv\/az\/article\/ilham-eliyev-el-silkelediyi-sirkete-milyonlar-ayirdi\/","og_locale":"az_AZ","og_type":"article","og_title":"\u0130lham \u018fliyev \u0259l silk\u0259l\u0259diyi \u015firk\u0259t\u0259 milyonlar ay\u0131rd\u0131 - MEYDAN.TV","og_description":"Yeni Bak\u0131 Liman\u0131n\u0131 tik\u0259n \u201cEvrascon\u201d \u015firk\u0259tinin \u0259lahidd\u0259 g\u00fcc\u00fc v\u0259 b\u00f6y\u00fck layih\u0259l\u0259ri","og_url":"https:\/\/www.meydan.tv\/az\/article\/ilham-eliyev-el-silkelediyi-sirkete-milyonlar-ayirdi\/","og_site_name":"MEYDAN.TV","article_published_time":"2017-08-13T15:41:45+00:00","og_image":[{"width":2048,"height":1674,"url":"https:\/\/www.meydan.tv\/wp-content\/uploads\/35662.jpg","type":"image\/jpeg"}],"author":"user-manager","twitter_card":"summary_large_image","schema":{"@context":"https:\/\/schema.org","@graph":[{"@type":"Article","@id":"https:\/\/www.meydan.tv\/az\/article\/ilham-eliyev-el-silkelediyi-sirkete-milyonlar-ayirdi\/#article","isPartOf":{"@id":"https:\/\/www.meydan.tv\/az\/article\/ilham-eliyev-el-silkelediyi-sirkete-milyonlar-ayirdi\/"},"author":{"name":"user-manager","@id":"https:\/\/www.meydan.tv\/az\/#\/schema\/person\/10d11eccf6da3662cf5fdab9806ea91a"},"headline":"\u0130lham \u018fliyev \u0259l silk\u0259l\u0259diyi \u015firk\u0259t\u0259 milyonlar ay\u0131rd\u0131","datePublished":"2017-08-13T15:41:45+00:00","mainEntityOfPage":{"@id":"https:\/\/www.meydan.tv\/az\/article\/ilham-eliyev-el-silkelediyi-sirkete-milyonlar-ayirdi\/"},"wordCount":1881,"publisher":{"@id":"https:\/\/www.meydan.tv\/az\/#organization"},"image":{"@id":"https:\/\/www.meydan.tv\/az\/article\/ilham-eliyev-el-silkelediyi-sirkete-milyonlar-ayirdi\/#primaryimage"},"thumbnailUrl":"https:\/\/www.meydan.tv\/wp-content\/uploads\/35662.jpg","articleSection":["Analitika"],"inLanguage":"az"},{"@type":"WebPage","@id":"https:\/\/www.meydan.tv\/az\/article\/ilham-eliyev-el-silkelediyi-sirkete-milyonlar-ayirdi\/","url":"https:\/\/www.meydan.tv\/az\/article\/ilham-eliyev-el-silkelediyi-sirkete-milyonlar-ayirdi\/","name":"\u0130lham \u018fliyev \u0259l silk\u0259l\u0259diyi \u015firk\u0259t\u0259 milyonlar ay\u0131rd\u0131 - MEYDAN.TV","isPartOf":{"@id":"https:\/\/www.meydan.tv\/az\/#website"},"primaryImageOfPage":{"@id":"https:\/\/www.meydan.tv\/az\/article\/ilham-eliyev-el-silkelediyi-sirkete-milyonlar-ayirdi\/#primaryimage"},"image":{"@id":"https:\/\/www.meydan.tv\/az\/article\/ilham-eliyev-el-silkelediyi-sirkete-milyonlar-ayirdi\/#primaryimage"},"thumbnailUrl":"https:\/\/www.meydan.tv\/wp-content\/uploads\/35662.jpg","datePublished":"2017-08-13T15:41:45+00:00","breadcrumb":{"@id":"https:\/\/www.meydan.tv\/az\/article\/ilham-eliyev-el-silkelediyi-sirkete-milyonlar-ayirdi\/#breadcrumb"},"inLanguage":"az","potentialAction":[{"@type":"ReadAction","target":["https:\/\/www.meydan.tv\/az\/article\/ilham-eliyev-el-silkelediyi-sirkete-milyonlar-ayirdi\/"]}]},{"@type":"ImageObject","inLanguage":"az","@id":"https:\/\/www.meydan.tv\/az\/article\/ilham-eliyev-el-silkelediyi-sirkete-milyonlar-ayirdi\/#primaryimage","url":"https:\/\/www.meydan.tv\/wp-content\/uploads\/35662.jpg","contentUrl":"https:\/\/www.meydan.tv\/wp-content\/uploads\/35662.jpg","width":2048,"height":1674,"caption":"Source:"},{"@type":"BreadcrumbList","@id":"https:\/\/www.meydan.tv\/az\/article\/ilham-eliyev-el-silkelediyi-sirkete-milyonlar-ayirdi\/#breadcrumb","itemListElement":[{"@type":"ListItem","position":1,"name":"Ana s\u0259hif\u0259","item":"https:\/\/www.meydan.tv\/az\/"},{"@type":"ListItem","position":2,"name":"Analitika","item":"https:\/\/www.meydan.tv\/az\/section\/analitika\/"},{"@type":"ListItem","position":3,"name":"\u0130lham \u018fliyev \u0259l silk\u0259l\u0259diyi \u015firk\u0259t\u0259 milyonlar ay\u0131rd\u0131"}]},{"@type":"WebSite","@id":"https:\/\/www.meydan.tv\/az\/#website","url":"https:\/\/www.meydan.tv\/az\/","name":"MEYDAN.TV","description":"Meydan TV Az\u0259rbaycan\u0131n media m\u0259kan\u0131ndak\u0131 alternativ s\u0259sidir","publisher":{"@id":"https:\/\/www.meydan.tv\/az\/#organization"},"potentialAction":[{"@type":"SearchAction","target":{"@type":"EntryPoint","urlTemplate":"https:\/\/www.meydan.tv\/az\/?s={search_term_string}"},"query-input":{"@type":"PropertyValueSpecification","valueRequired":true,"valueName":"search_term_string"}}],"inLanguage":"az"},{"@type":"Organization","@id":"https:\/\/www.meydan.tv\/az\/#organization","name":"Meydan TV","url":"https:\/\/www.meydan.tv\/az\/","logo":{"@type":"ImageObject","inLanguage":"az","@id":"https:\/\/www.meydan.tv\/az\/#\/schema\/logo\/image\/","url":"https:\/\/www.meydan.tv\/wp-content\/uploads\/2021\/07\/meydan-logo.svg","contentUrl":"https:\/\/www.meydan.tv\/wp-content\/uploads\/2021\/07\/meydan-logo.svg","width":195,"height":46,"caption":"Meydan TV"},"image":{"@id":"https:\/\/www.meydan.tv\/az\/#\/schema\/logo\/image\/"}},{"@type":"Person","@id":"https:\/\/www.meydan.tv\/az\/#\/schema\/person\/10d11eccf6da3662cf5fdab9806ea91a","name":"user-manager"}]}},"_links":{"self":[{"href":"https:\/\/www.meydan.tv\/az\/wp-json\/wp\/v2\/posts\/186046","targetHints":{"allow":["GET"]}}],"collection":[{"href":"https:\/\/www.meydan.tv\/az\/wp-json\/wp\/v2\/posts"}],"about":[{"href":"https:\/\/www.meydan.tv\/az\/wp-json\/wp\/v2\/types\/post"}],"author":[{"embeddable":true,"href":"https:\/\/www.meydan.tv\/az\/wp-json\/wp\/v2\/users\/11"}],"replies":[{"embeddable":true,"href":"https:\/\/www.meydan.tv\/az\/wp-json\/wp\/v2\/comments?post=186046"}],"version-history":[{"count":0,"href":"https:\/\/www.meydan.tv\/az\/wp-json\/wp\/v2\/posts\/186046\/revisions"}],"wp:featuredmedia":[{"embeddable":true,"href":"https:\/\/www.meydan.tv\/az\/wp-json\/wp\/v2\/media\/90476"}],"wp:attachment":[{"href":"https:\/\/www.meydan.tv\/az\/wp-json\/wp\/v2\/media?parent=186046"}],"wp:term":[{"taxonomy":"category","embeddable":true,"href":"https:\/\/www.meydan.tv\/az\/wp-json\/wp\/v2\/categories?post=186046"},{"taxonomy":"post_tag","embeddable":true,"href":"https:\/\/www.meydan.tv\/az\/wp-json\/wp\/v2\/tags?post=186046"}],"curies":[{"name":"wp","href":"https:\/\/api.w.org\/{rel}","templated":true}]}}