{"id":186043,"date":"2017-08-12T00:28:25","date_gmt":"2017-08-12T00:28:25","guid":{"rendered":"https:\/\/www.meydan.tv\/article\/mehman-eliyev-subut-olmadan-bize-qarsi-cinayet-isi-qaldiriblar\/"},"modified":"2017-08-12T00:28:25","modified_gmt":"2017-08-12T00:28:25","slug":"mehman-eliyev-subut-olmadan-bize-qarsi-cinayet-isi-qaldiriblar","status":"publish","type":"post","link":"https:\/\/www.meydan.tv\/az\/article\/mehman-eliyev-subut-olmadan-bize-qarsi-cinayet-isi-qaldiriblar\/","title":{"rendered":"Mehman \u018fliyev: &#8221;S\u00fcbut olmadan  biz\u0259 qar\u015f\u0131 cinay\u0259t i\u015fi qald\u0131r\u0131blar&#8221;"},"content":{"rendered":"<figure class=\"wp-block-embed is-type-video is-provider-youtube wp-block-embed-youtube wp-embed-aspect-16-9 wp-has-aspect-ratio\">\n<div class=\"wp-block-embed__wrapper\">\n    <iframe\ttitle=\"\" width=\"1200\" height=\"675\" data-src=\"https:\/\/www.youtube.com\/embed\/F6jscHSrNdg\"\tframeborder=\"0\"\tallow=\"accelerometer; autoplay; clipboard-write; encrypted-media; gyroscope; picture-in-picture\" allowfullscreen src=\"data:image\/svg+xml;base64,PHN2ZyB3aWR0aD0iMSIgaGVpZ2h0PSIxIiB4bWxucz0iaHR0cDovL3d3dy53My5vcmcvMjAwMC9zdmciPjwvc3ZnPg==\" class=\"lazyload\" data-load-mode=\"1\"><\/iframe>\n  <\/div><figcaption><\/figcaption><\/figure>\n<p>\n  Vergil\u0259r Nazirliyi \u201cTuran\u201d \u0130nformasiya Agentliyin\u0259 qar\u015f\u0131 cinay\u0259t i\u015fi a\u00e7\u0131b. Avqustun 8-d\u0259 Vergi Cinay\u0259tl\u0259rinin \u0130btidai Ara\u015fd\u0131rmalar Departamenti \u201cTuran\u201d-\u0131n f\u0259aliyy\u0259tini s\u0259yyar vergi yoxlamas\u0131na ba\u015flay\u0131b. S\u0259b\u0259b kimi agentliyin vergid\u0259n yay\u0131nmas\u0131 g\u00f6st\u0259rilib. \u0130ddia olunur ki, agentlik 27 min manat\u0131 vergid\u0259n yay\u0131nd\u0131r\u0131b. Faizl\u0259 birlikd\u0259 bu borcun 37 min manat etdiyi bildirilib.\n<\/p>\n<p>\n  Meydan TV bununla ba\u011fl\u0131 \u201cTuran\u201d \u0130nformasiya Agentliyinin direktoru Mehman \u018fliyev\u0259 suallar \u00fcnvanlay\u0131b.\n<\/p>\n<ul>\n<li>\n<p>\n        <b><br \/>\n          Mehman m\u00fc\u0259llim, m\u0259lumatda bel\u0259 bir m\u0259qam var ki, Vergil\u0259r Nazirliyinin \u201cTuran\u201d \u0130nformasiya Agentliyin\u0259 qar\u015f\u0131 a\u00e7d\u0131\u011f\u0131 cinay\u0259t i\u015fi sifari\u015fdir. Bird\u0259n-bir\u0259 niy\u0259 cinay\u0259t i\u015fi ba\u015flad\u0131? Bildiyimiz\u0259 g\u00f6r\u0259, 1 ay \u0259vv\u0259l siz vergi hesabatlar\u0131n\u0131 vermisiniz, he\u00e7 bir problem d\u0259 olmay\u0131b. N\u0259 ba\u015f verir?<br \/>\n        <\/b>\n      <\/p>\n<\/li>\n<li>\n<p>\n        El\u0259 siz \u00f6z\u00fcn\u00fcz biz\u0259 istinad\u0259n dediniz ki, sifari\u015fdir. Ona g\u00f6r\u0259 d\u0259rhal bu \u015f\u0259kild\u0259 ba\u015f verdi ki, sifari\u015f oldu. N\u0259y\u0259 g\u00f6r\u0259 bu sifari\u015f oldu, sifari\u015fi kim verdi, o ba\u015fqa m\u0259s\u0259l\u0259dir. Amma reall\u0131q odur ki, bu sifari\u015fdir. Bir g\u00fcnd\u0259 Lokal Departament 3 illik ara\u015fd\u0131rma \u0259sas\u0131nda biz\u0259 qar\u015f\u0131 iddia ir\u0259li s\u00fcr\u00fcr. Onun \u0259sas\u0131nda Vergil\u0259r Nazirliyinin T\u0259hqiqat Departamenti cinay\u0259t i\u015fi qald\u0131r\u0131r. V\u0259 maraql\u0131s\u0131 odur ki, avqustun 9-da m\u0259ni dindiribl\u0259r. M\u0259n dedim ki, ittiham var, \u00e7ox g\u00f6z\u0259l, amma bu ittiham\u0131n hans\u0131 s\u00fcbutlar bazas\u0131nda formala\u015fd\u0131\u011f\u0131n\u0131 z\u0259hm\u0259t olmasa t\u0259qdim edin. \u0130ndi deyirl\u0259r, s\u0259yyar yoxlama ged\u0259c\u0259k, n\u0259yis\u0259 ara\u015fd\u0131racaqlar v\u0259 s. Qeyd etm\u0259k ist\u0259yir\u0259m ki, Lokal Vergil\u0259r Departamentinin bu m\u0259s\u0259l\u0259 il\u0259 ba\u011fl\u0131 s\u00fcbut bazas\u0131 yoxdur.\n      <\/p>\n<\/li>\n<li>\n<p>\n        <b><br \/>\n          He\u00e7 bir s\u00fcbutu yoxdur?<br \/>\n        <\/b>\n      <\/p>\n<\/li>\n<li>\n<p>\n        Biz\u0259 t\u0259qdim etm\u0259yibl\u0259r.\n      <\/p>\n<\/li>\n<li>\n<p>\n        <b><br \/>\n          B\u0259lk\u0259 t\u0259qdim etm\u0259k ist\u0259mirl\u0259r?<br \/>\n        <\/b>\n      <\/p>\n<\/li>\n<\/ul>\n<p>\n  &#8211; \u0130\u015f ondad\u0131r ki, \u0259g\u0259r varsa, t\u0259qdim olunmal\u0131d\u0131r. \u018fg\u0259r ittiham ir\u0259li s\u00fcr\u00fcl\u00fcrs\u0259, sizi d\u0259v\u0259t edirl\u0259r v\u0259 deyirl\u0259r: \u201cBunu s\u00fcbut et ki, bel\u0259 deyil\u201d. Ona g\u00f6r\u0259 o s\u00fcbut bazas\u0131 ortal\u0131\u011fa qoyulmal\u0131d\u0131r ki, biz onun \u0259sas\u0131nda onlarda \u015f\u00fcbh\u0259 do\u011furan, onlar\u0131n m\u00fc\u0259yy\u0259n q\u0259na\u0259t\u0259 g\u0259ldiyi m\u0259qamlarla ba\u011fl\u0131 ayd\u0131nl\u0131q g\u0259tir\u0259k. Onun \u00fc\u00e7\u00fcn g\u0259r\u0259k biz s\u0259n\u0259dl\u0259ri g\u00f6r\u0259k ki, o ittihamlar\u0131 r\u0259dd el\u0259m\u0259k \u00fc\u00e7\u00fcn ortaya faktlar qoyaq. Bu s\u00fcbutlar yoxdur. Ona g\u00f6r\u0259 bu dialoq bizd\u0259 al\u0131nm\u0131r, \u00e7\u00fcnki ortada bir \u015fey yoxdur.\n<\/p>\n<p>\n  &#8211;<br \/>\n  <b><br \/>\n    Amma siz\u0259 15 g\u00fcn vaxt qoyublar ki, vergi s\u0259n\u0259dl\u0259rin t\u0259qdim ed\u0259siniz.<br \/>\n  <\/b>\n<\/p>\n<p>\n  &#8211; Vergi s\u0259n\u0259dl\u0259rini t\u0259qdim etm\u0259k, yoxlamaq o ikinci instansiyad\u0131r. Bu m\u0259s\u0259l\u0259ni ara\u015fd\u0131ran T\u0259hqiqat Departamentidir. Amma birinci n\u00f6vb\u0259d\u0259, Lokal Departament q\u0259rar \u00e7\u0131xar\u0131b. S\u0259n\u0259dl\u0259ri Lokal Departament t\u0259qdim etm\u0259li idi.\n<\/p>\n<p>\n  &#8211;<br \/>\n  <b><br \/>\n    Onlar da s\u0259n\u0259dl\u0259ri t\u0259qdim el\u0259m\u0259yib?<br \/>\n  <\/b>\n<\/p>\n<p>\n  &#8211; Etm\u0259yib. Birinci n\u00f6vb\u0259d\u0259 bizi d\u0259v\u0259t el\u0259m\u0259li idil\u0259r ki, burada problem var, biz hesab edirik ki, siz vergid\u0259n yay\u0131nm\u0131\u015f\u0131n\u0131z, biz\u0259 filan s\u0259n\u0259dl\u0259ri t\u0259qdim edin, biz onlar\u0131 el\u0259y\u0259k. Onlar ax\u0131 bunu etm\u0259yib. Onlar qanuna g\u00f6r\u0259 bunu el\u0259m\u0259li idil\u0259r.\n<\/p>\n<ul>\n<li>\n<p>\n        <b><br \/>\n          Deyirl\u0259r ki, hans\u0131 madd\u0259 il\u0259 cinay\u0259t i\u015fi a\u00e7\u0131l\u0131b?<br \/>\n        <\/b>\n      <\/p>\n<\/li>\n<\/ul>\n<p>\n  &#8211; Madd\u0259 orada \u0259h\u0259miyy\u0259t k\u0259sb el\u0259mir. K\u00fclli miqdarda vergid\u0259n yay\u0131nma m\u0259s\u0259l\u0259si var. R\u0259q\u0259mi bel\u0259 \u015fi\u015firdibl\u0259r ki, 20 min manat\u0131 ke\u00e7sin. Bu da avtomatik \u015f\u0259kild\u0259 \u201ck\u00fclli miqdarda vergid\u0259n yay\u0131nma\u201d madd\u0259si edir. \u018fsas m\u0259s\u0259l\u0259 odur ki, problem varsa, bu, ara\u015fd\u0131r\u0131lmal\u0131 idi. G\u0259lib bu v\u0259ziyy\u0259t\u0259 \u00e7atmamal\u0131 idi. S\u00fcbut bazas\u0131 olmadan cinay\u0259t i\u015fi qald\u0131r\u0131blar. Bu da onu g\u00f6st\u0259rir ki, biz\u0259 qar\u015f\u0131 q\u0259r\u0259zlidirl\u0259r, sifari\u015fli q\u0259rar\u0131 icra edirl\u0259r. Buna ba\u015fqa qiym\u0259t verm\u0259k olmaz.\n<\/p>\n<p>\n  &#8211;<br \/>\n  <b><br \/>\n    G\u0259l\u0259k sifari\u015f m\u0259s\u0259l\u0259sin\u0259. Sifari\u015f haradan g\u0259ldi? \u201cTuran\u201d agentliyinin f\u0259aliyy\u0259tind\u0259 n\u0259 ola bil\u0259r ki, bunu etm\u0259y\u0259 sifari\u015f ver\u0259l\u0259r?<br \/>\n  <\/b>\n<\/p>\n<p>\n  &#8211; \u201cTuran\u201d sad\u0259c\u0259 olaraq m\u00fcst\u0259qil informasiya vasit\u0259sidir v\u0259 bu onlar\u0131 q\u0131c\u0131qland\u0131r\u0131r. B\u0259s hakimiyy\u0259tin Az\u0259rbaycan medias\u0131na qar\u015f\u0131 uzun m\u00fcdd\u0259tdir apard\u0131\u011f\u0131 sava\u015f n\u0259 \u00fc\u00e7\u00fcnd\u00fcr ki?! Median\u0131n azad bir institut kimi l\u0259\u011fvi, s\u0131radan g\u00f6t\u00fcr\u00fclm\u0259si. Prinsipc\u0259, hakimiyy\u0259t buna nail olub. Az\u0259rbaycanda real olaraq f\u0259aliyy\u0259t g\u00f6st\u0259r\u0259n t\u0259kc\u0259 m\u00fcst\u0259qil media dem\u0259k olar ki, \u201cTuran\u201dd\u0131r. Ona g\u00f6r\u0259 d\u0259 \u201cTuran\u201d-\u0131n bu formada s\u0131radan \u00e7\u0131xar\u0131lmas\u0131 g\u00f6zl\u0259nil\u0259n idi. Bu, ba\u015f ver\u0259 bil\u0259rdi, olmal\u0131 idi.\n<\/p>\n<ul>\n<li>\n<p>\n        \u201c<br \/>\n        <b><br \/>\n          Turan\u201d s\u0131radan \u00e7\u0131xar\u0131lacaqm\u0131?<br \/>\n        <\/b>\n      <\/p>\n<\/li>\n<\/ul>\n<p>\n  &#8211; Ola bil\u0259r, s\u0131radan \u00e7\u0131xars\u0131nlar. Bizd\u0259 o q\u0259d\u0259r s\u0131radan \u00e7\u0131xara-\u00e7\u0131xara gedibl\u0259r ki&#8230; \u018fslind\u0259 azad informasiya m\u0259kan\u0131n\u0131 s\u0131radan \u00e7\u0131xara bilm\u0259yibl\u0259r. \u018fslind\u0259 azad informasiya m\u0259kan\u0131 Az\u0259rbaycanda daha da geni\u015fl\u0259nib. Yeni informasiya n\u00f6vl\u0259ri formala\u015fma\u011fa ba\u015flay\u0131r. \u00dcmimilikd\u0259 biz k\u00fctl\u0259vi informasiya vasit\u0259l\u0259ri deyirik, m\u0259n is\u0259 art\u0131q hesab edir\u0259m ki, bu, k\u00f6hn\u0259lmi\u015f bir ifad\u0259dir. Bu g\u00fcn daha \u00e7ox k\u00fctl\u0259vi kommunikasiya vasit\u0259l\u0259ri i\u015fl\u0259n\u0259 bil\u0259r. Bura k\u00fctl\u0259vi informasiya vasit\u0259l\u0259ri, sosial \u015f\u0259b\u0259k\u0259l\u0259r v\u0259 s. daxildir. Platformalar, m\u00fcnasib\u0259tl\u0259r d\u0259yi\u015fir. Dey\u0259k ki, \u201cTuran\u201d \u0130nformasiya Agentliyi art\u0131q anaxranizmdir. Vaxt\u0131 il\u0259 agentlikl\u0259r var idi, informasiya m\u0259kan\u0131n\u0131 onlar formala\u015fd\u0131r\u0131rd\u0131. Art\u0131q bu g\u00fcn bel\u0259 deyil. Bu g\u00fcn sosial \u015f\u0259b\u0259k\u0259l\u0259r informasiya m\u0259kan\u0131n\u0131n formala\u015fd\u0131rma\u011fa ba\u015flay\u0131r. Nec\u0259 ki, vaxt\u0131 il\u0259 \u201cTeleqraf\u201d agentliyi deyirdil\u0259r, sonra informasiya agentliyi oldu. Bu g\u00fcn bunlar da ke\u00e7ib gedir.\n<\/p>\n<p>\n  &#8211;<br \/>\n  <b><br \/>\n    Bel\u0259 bir fikir i\u015fl\u0259tdiniz ki, \u201cTuran\u201d agentliyi hakimiyy\u0259ti q\u0131c\u0131qland\u0131r\u0131r. Amma biz zaman-zaman sizin dilinizd\u0259n hakimiyy\u0259tin islahatlara ged\u0259c\u0259yini e\u015fitmi\u015fik. 2015-ci ild\u0259, bu ilin \u0259vv\u0259lind\u0259 d\u0259 bu fikirl\u0259rinizi m\u0259tbuata m\u00fcsahib\u0259l\u0259rinizd\u0259 bildirmisiniz. Avqustda \u201cYeni M\u00fcsavat\u201d q\u0259zetin\u0259 m\u00fcsahib\u0259nizd\u0259 demi\u015fdiniz ki, \u201c\u0130qtidar islahatlar paketi haz\u0131rlay\u0131b\u201d. Bu ilin fevral\u0131nda \u201cYeni M\u00fcsavat\u201da yen\u0259 m\u00fcsahib\u0259 verib demisiniz ki, \u201cHakimiyy\u0259t yeni siyasi m\u00fcnasib\u0259tl\u0259r\u0259 haz\u0131rd\u0131r\u201d. Hakimiyy\u0259t h\u0259m jurnalistl\u0259r\u0259 m\u0259nzil paylay\u0131r, h\u0259m Azadl\u0131q Radiosu, Azadl\u0131q q\u0259zeti, Meydan TV-nin saytlar\u0131n bloklay\u0131r, bir t\u0259r\u0259fd\u0259n d\u0259 \u201cTuran\u201da cinay\u0259t i\u015fi a\u00e7\u0131r. Budurmu hakimiyy\u0259tin siyasi islahatlar\u0131 v\u0259 yaxud da yeni siyasi m\u00fcnasib\u0259tl\u0259ri?<br \/>\n  <\/b>\n<\/p>\n<p>\n  &#8211; M\u0259nim dedikl\u0259rimi bir az yanl\u0131\u015f t\u0259qdim edirl\u0259r v\u0259 s\u0259sl\u0259ndirirl\u0259r. M\u0259n demir\u0259m ki, hakimiyy\u0259t islahatlara haz\u0131rd\u0131r. Hakimiyy\u0259t buna m\u0259hkumdur. \u0130slahatlar Az\u0259rbaycanda qa\u00e7\u0131lmazd\u0131r, olmal\u0131d\u0131r v\u0259 ged\u0259c\u0259k. Nec\u0259 ki, m\u0259n 2014-c\u00fc ild\u0259 dey\u0259nd\u0259 ki, Az\u0259rbaycanda yeni ild\u0259n g\u00fcnd\u0259m d\u0259yi\u015f\u0259c\u0259k v\u0259 o vaxt he\u00e7 bir devalvasiya yox idi, a\u00e7\u0131q formada he\u00e7 bir iqtisadi b\u00f6hran yox idi v\u0259 he\u00e7 k\u0259s ba\u015fa d\u00fc\u015fm\u00fcrd\u00fc, n\u0259 ba\u015f ver\u0259c\u0259k. H\u0259tta prezidentin k\u00f6m\u0259k\u00e7isi noyabr ay\u0131nda m\u0259n\u0259 qay\u0131d\u0131b deyirdi: \u201cMehman, s\u0259n n\u0259 \u0259c\u0259bs\u0259, son zamanlar \u00e7ox optimist dan\u0131\u015f\u0131rsan\u201d.\n<\/p>\n<p>\n  &#8211;<br \/>\n  <b><br \/>\n    2014-c\u00fc ilin noyabr\u0131nda?<br \/>\n  <\/b>\n<\/p>\n<p>\n  &#8211; B\u0259li. O, bilmirdi m\u0259nim optimizmim haradan g\u0259lir. M\u0259n bilirdim ki, biz b\u00f6hrana gir\u0259c\u0259yik. Prezident yanvar\u0131n 10-da Nazirl\u0259r Kabinetinin iclas\u0131nda birinci d\u0259f\u0259 elan el\u0259di ki, bizim \u00fc\u00e7\u00fcn s\u0131naq ili ba\u015flay\u0131r. H\u0259l\u0259 o vaxt m\u00fclayim formada idi, sonra daha da ciddil\u0259\u015fdi.\n<\/p>\n<p>\n  &#8211;<br \/>\n  <b><br \/>\n    Amma daha sonra dedi ki, biz art\u0131q v\u0259ziyy\u0259td\u0259n \u00e7\u0131xd\u0131q.<br \/>\n  <\/b>\n<\/p>\n<p>\n  &#8211; Yox, biz \u00e7\u0131xmam\u0131\u015f\u0131q. B\u00fct\u00fcn g\u00f6st\u0259ricil\u0259r onu g\u00f6st\u0259rir ki, biz he\u00e7 yer\u0259 \u00e7\u0131xmam\u0131\u015f\u0131q. Onlar bu v\u0259ziyy\u0259t\u0259 haz\u0131r deyildil\u0259r. Bu, onlar\u0131 sars\u0131td\u0131. Ona g\u00f6r\u0259 iki d\u0259f\u0259 devalvasiya oldu. C\u0259miyy\u0259tin \u00f6z\u00fcnd\u0259 canlanma ba\u015flad\u0131. Bu, \u00e7\u0259tin d\u00f6vr idi.\n<\/p>\n<ul>\n<li>\n<p>\n        <b><br \/>\n          \u0130ndi n\u0259 ba\u015f verdi? Bu cinay\u0259t i\u015fi d\u0259 islahatlara daxildir?<br \/>\n        <\/b>\n      <\/p>\n<\/li>\n<li>\n<p>\n        M\u0259n dem\u0259k ist\u0259yir\u0259m ki, obyektiv v\u0259ziyy\u0259t yaran\u0131b. Bu v\u0259ziyy\u0259t Az\u0259rbaycan hakimiyy\u0259tini m\u0259cbur edir ki, m\u00fc\u0259yy\u0259n q\u0259rarlar q\u0259bul el\u0259sin, bu v\u0259ziyy\u0259td\u0259n \u00e7\u0131xs\u0131n. Bunun da ancaq bir yolu var, islahatlar aparmaq. Neft v\u0259 qaz faktoru art\u0131q Az\u0259rbaycanda o rolu oynaya bilmir. \u0130lin birinci yar\u0131s\u0131nda bizd\u0259 neftin istehsal\u0131 bir milyon ton azal\u0131b. Qaz 800 milyon kubmetr azal\u0131b. Bizd\u0259 qaba\u011fa getm\u0259k m\u0259s\u0259l\u0259si yoxdur. D\u00fcnya neft bazar\u0131nda da qiym\u0259tl\u0259r qalxm\u0131r. Yegan\u0259 \u00e7\u0131x\u0131\u015f yolu var, o da islahatlard\u0131r. \u0130slahatlara da getm\u0259k onlar \u00fc\u00e7\u00fcn problemdir. \u0130slahatlar o dem\u0259kdir ki, s\u0259n iqtisadi azadl\u0131qlar verm\u0259lis\u0259n. \u0130qtisadi azadl\u0131qlar\u0131 verm\u0259k \u00fc\u00e7\u00fcn siyasi azadl\u0131qlar laz\u0131m g\u0259lir. Bunlar hakimiyy\u0259ti itirm\u0259kd\u0259n narahat olurlar. Bunu el\u0259m\u0259k ist\u0259mirl\u0259r, bir t\u0259r\u0259fd\u0259n d\u0259 bunu etm\u0259y\u0259 m\u0259cburdurlar. Bir t\u0259r\u0259fd\u0259n d\u0259 c\u0259miyy\u0259ti, median\u0131 cilovlamaq, stabil v\u0259ziyy\u0259ti saxlamaq ist\u0259yirl\u0259r. O biri t\u0259r\u0259fd\u0259n hakimiyy\u0259tdaxili probleml\u0259r var. Birinci vitse-prezidentin komandas\u0131n\u0131n formala\u015fmas\u0131 gedir. Bizd\u0259 olan m\u0259lumatlara g\u00f6r\u0259, bu ilin 5 ay\u0131nda komandada d\u0259yi\u015fiklik olacaq. Komandan\u0131n k\u00f6hn\u0259 \u00fczvl\u0259rinin siyas\u0259td\u0259n getm\u0259si g\u00f6zl\u0259nilir. Ona da qar\u015f\u0131 etirazlar var. \u0130st\u0259m\u0259y\u0259nl\u0259r \u00e7oxdur, bu da ayd\u0131nd\u0131r. Hakimiyy\u0259t daxilind\u0259 ciddi bir probleml\u0259r var. Ona g\u00f6r\u0259 d\u0259 g\u0259rgin d\u00f6vrd\u00fcr. \u018fsas m\u0259s\u0259l\u0259 odur ki, buz t\u0259rp\u0259ndi, prosesl\u0259r ba\u015flad\u0131.\n      <\/p>\n<\/li>\n<li>\n<p>\n        <b><br \/>\n          \u0130slahatlar prosesi?<br \/>\n        <\/b>\n      <\/p>\n<\/li>\n<li>\n<p>\n        S\u00f6hb\u0259t islahatlardan getmir. S\u0259n yen\u0259 t\u0259hrif etm\u0259y\u0259 ba\u015flay\u0131rsan.\n      <\/p>\n<\/li>\n<li>\n<p>\n        <b><br \/>\n          Yox, m\u0259n sizin dedikl\u0259rinizd\u0259n sitat g\u0259tirir\u0259m.<br \/>\n        <\/b>\n      <\/p>\n<\/li>\n<li>\n<p>\n        O m\u0259nada islahatd\u0131r ki, v\u0259ziyy\u0259t d\u0259yi\u015fir. \u0130slahat, m\u0259s\u0259l\u0259n, o dem\u0259kdir ki, 12 d\u0259n\u0259 x\u0259rit\u0259 q\u0259bul edibl\u0259r v\u0259 n\u0259 vaxt onun realla\u015fmas\u0131 ba\u015f ver\u0259c\u0259ks\u0259, onda biz dey\u0259 bil\u0259rik, islahat gedir.\n      <\/p>\n<\/li>\n<li>\n<p>\n        <b><br \/>\n          Amma o bar\u0259d\u0259 he\u00e7 dan\u0131\u015fm\u0131rlar.<br \/>\n        <\/b>\n      <\/p>\n<\/li>\n<li>\n<p>\n        D\u00fczd\u00fcr. \u00c7\u00fcnki yeni komanda formala\u015fmal\u0131d\u0131r v\u0259 onlar bunu etm\u0259lidir. Bu komanda il\u0259 onu el\u0259m\u0259k m\u00fcmk\u00fcn deyil.\n      <\/p>\n<\/li>\n<li>\n<p>\n        <b><br \/>\n          Y\u0259ni Mehriban \u018fliyevan\u0131n komandas\u0131?<br \/>\n        <\/b>\n      <\/p>\n<\/li>\n<li>\n<p>\n        O komandan\u0131n i\u00e7\u0259risind\u0259 m\u0259n xeyli adamlar tan\u0131y\u0131ram ki, &#8211; ad \u00e7\u0259km\u0259y\u0259c\u0259m &#8211; kifay\u0259t q\u0259d\u0259r normal u\u015faqlard\u0131r. H\u0259tta t\u0259\u0259cc\u00fcbl\u0259ndim ki, bu adamlar\u0131 ora g\u0259tiribl\u0259r. Ona g\u00f6r\u0259 deyir\u0259m ki, ist\u0259k bir, m\u0259cburiyy\u0259t ba\u015fqa. Bu g\u00fcn daha \u00e7ox m\u0259cburiyy\u0259t rol oynay\u0131r, ist\u0259k yoxdur.\n      <\/p>\n<\/li>\n<li>\n<p>\n        <b><br \/>\n          Ayd\u0131nd\u0131r. T\u0259\u015f\u0259kk\u00fcr edirik<br \/>\n        <\/b><br \/>\n        .\n      <\/p>\n<\/li>\n<\/ul>\n","protected":false},"excerpt":{"rendered":"<p>Mehman \u018fliyev: \u201c\u018fsas m\u0259s\u0259l\u0259 odur ki, buz t\u0259rp\u0259ndi, prosesl\u0259r ba\u015flad\u0131\u201d<\/p>\n","protected":false},"author":11,"featured_media":90413,"comment_status":"closed","ping_status":"open","sticky":false,"template":"","format":"standard","meta":{"_acf_changed":false,"_sitemap_exclude":false,"_sitemap_priority":"","_sitemap_frequency":"","footnotes":""},"categories":[63],"tags":[],"class_list":["post-186043","post","type-post","status-publish","format-standard","has-post-thumbnail","hentry","category-video-2","infinite-scroll-item","generate-columns","tablet-grid-50","mobile-grid-100","grid-parent","grid-33","no-featured-image-padding"],"acf":[],"yoast_head":"<!-- This site is optimized with the Yoast SEO plugin v27.4 - https:\/\/yoast.com\/product\/yoast-seo-wordpress\/ -->\n<title>Mehman \u018fliyev: &#039;&#039;S\u00fcbut olmadan biz\u0259 qar\u015f\u0131 cinay\u0259t i\u015fi qald\u0131r\u0131blar&#039;&#039; - MEYDAN.TV<\/title>\n<meta name=\"robots\" content=\"index, follow, max-snippet:-1, max-image-preview:large, max-video-preview:-1\" \/>\n<link rel=\"canonical\" href=\"https:\/\/www.meydan.tv\/az\/article\/mehman-eliyev-subut-olmadan-bize-qarsi-cinayet-isi-qaldiriblar\/\" \/>\n<meta property=\"og:locale\" content=\"az_AZ\" \/>\n<meta property=\"og:type\" content=\"article\" \/>\n<meta property=\"og:title\" content=\"Mehman \u018fliyev: &#039;&#039;S\u00fcbut olmadan biz\u0259 qar\u015f\u0131 cinay\u0259t i\u015fi qald\u0131r\u0131blar&#039;&#039; - MEYDAN.TV\" \/>\n<meta property=\"og:description\" content=\"Mehman \u018fliyev: \u201c\u018fsas m\u0259s\u0259l\u0259 odur ki, buz t\u0259rp\u0259ndi, prosesl\u0259r ba\u015flad\u0131\u201d\" \/>\n<meta property=\"og:url\" content=\"https:\/\/www.meydan.tv\/az\/article\/mehman-eliyev-subut-olmadan-bize-qarsi-cinayet-isi-qaldiriblar\/\" \/>\n<meta property=\"og:site_name\" content=\"MEYDAN.TV\" \/>\n<meta property=\"article:published_time\" content=\"2017-08-12T00:28:25+00:00\" \/>\n<meta property=\"og:image\" content=\"https:\/\/www.meydan.tv\/wp-content\/uploads\/35647.png\" \/>\n\t<meta property=\"og:image:width\" content=\"810\" \/>\n\t<meta property=\"og:image:height\" content=\"450\" \/>\n\t<meta property=\"og:image:type\" content=\"image\/png\" \/>\n<meta name=\"author\" content=\"user-manager\" \/>\n<meta name=\"twitter:card\" content=\"summary_large_image\" \/>\n<script type=\"application\/ld+json\" class=\"yoast-schema-graph\">{\"@context\":\"https:\\\/\\\/schema.org\",\"@graph\":[{\"@type\":\"Article\",\"@id\":\"https:\\\/\\\/www.meydan.tv\\\/az\\\/article\\\/mehman-eliyev-subut-olmadan-bize-qarsi-cinayet-isi-qaldiriblar\\\/#article\",\"isPartOf\":{\"@id\":\"https:\\\/\\\/www.meydan.tv\\\/az\\\/article\\\/mehman-eliyev-subut-olmadan-bize-qarsi-cinayet-isi-qaldiriblar\\\/\"},\"author\":{\"name\":\"user-manager\",\"@id\":\"https:\\\/\\\/www.meydan.tv\\\/az\\\/#\\\/schema\\\/person\\\/10d11eccf6da3662cf5fdab9806ea91a\"},\"headline\":\"Mehman \u018fliyev: &#8221;S\u00fcbut olmadan biz\u0259 qar\u015f\u0131 cinay\u0259t i\u015fi qald\u0131r\u0131blar&#8221;\",\"datePublished\":\"2017-08-12T00:28:25+00:00\",\"mainEntityOfPage\":{\"@id\":\"https:\\\/\\\/www.meydan.tv\\\/az\\\/article\\\/mehman-eliyev-subut-olmadan-bize-qarsi-cinayet-isi-qaldiriblar\\\/\"},\"wordCount\":1943,\"publisher\":{\"@id\":\"https:\\\/\\\/www.meydan.tv\\\/az\\\/#organization\"},\"image\":{\"@id\":\"https:\\\/\\\/www.meydan.tv\\\/az\\\/article\\\/mehman-eliyev-subut-olmadan-bize-qarsi-cinayet-isi-qaldiriblar\\\/#primaryimage\"},\"thumbnailUrl\":\"https:\\\/\\\/www.meydan.tv\\\/wp-content\\\/uploads\\\/35647.png\",\"articleSection\":[\"Video\"],\"inLanguage\":\"az\"},{\"@type\":\"WebPage\",\"@id\":\"https:\\\/\\\/www.meydan.tv\\\/az\\\/article\\\/mehman-eliyev-subut-olmadan-bize-qarsi-cinayet-isi-qaldiriblar\\\/\",\"url\":\"https:\\\/\\\/www.meydan.tv\\\/az\\\/article\\\/mehman-eliyev-subut-olmadan-bize-qarsi-cinayet-isi-qaldiriblar\\\/\",\"name\":\"Mehman \u018fliyev: ''S\u00fcbut olmadan biz\u0259 qar\u015f\u0131 cinay\u0259t i\u015fi qald\u0131r\u0131blar'' - MEYDAN.TV\",\"isPartOf\":{\"@id\":\"https:\\\/\\\/www.meydan.tv\\\/az\\\/#website\"},\"primaryImageOfPage\":{\"@id\":\"https:\\\/\\\/www.meydan.tv\\\/az\\\/article\\\/mehman-eliyev-subut-olmadan-bize-qarsi-cinayet-isi-qaldiriblar\\\/#primaryimage\"},\"image\":{\"@id\":\"https:\\\/\\\/www.meydan.tv\\\/az\\\/article\\\/mehman-eliyev-subut-olmadan-bize-qarsi-cinayet-isi-qaldiriblar\\\/#primaryimage\"},\"thumbnailUrl\":\"https:\\\/\\\/www.meydan.tv\\\/wp-content\\\/uploads\\\/35647.png\",\"datePublished\":\"2017-08-12T00:28:25+00:00\",\"breadcrumb\":{\"@id\":\"https:\\\/\\\/www.meydan.tv\\\/az\\\/article\\\/mehman-eliyev-subut-olmadan-bize-qarsi-cinayet-isi-qaldiriblar\\\/#breadcrumb\"},\"inLanguage\":\"az\",\"potentialAction\":[{\"@type\":\"ReadAction\",\"target\":[\"https:\\\/\\\/www.meydan.tv\\\/az\\\/article\\\/mehman-eliyev-subut-olmadan-bize-qarsi-cinayet-isi-qaldiriblar\\\/\"]}]},{\"@type\":\"ImageObject\",\"inLanguage\":\"az\",\"@id\":\"https:\\\/\\\/www.meydan.tv\\\/az\\\/article\\\/mehman-eliyev-subut-olmadan-bize-qarsi-cinayet-isi-qaldiriblar\\\/#primaryimage\",\"url\":\"https:\\\/\\\/www.meydan.tv\\\/wp-content\\\/uploads\\\/35647.png\",\"contentUrl\":\"https:\\\/\\\/www.meydan.tv\\\/wp-content\\\/uploads\\\/35647.png\",\"width\":810,\"height\":450,\"caption\":\"Source:\"},{\"@type\":\"BreadcrumbList\",\"@id\":\"https:\\\/\\\/www.meydan.tv\\\/az\\\/article\\\/mehman-eliyev-subut-olmadan-bize-qarsi-cinayet-isi-qaldiriblar\\\/#breadcrumb\",\"itemListElement\":[{\"@type\":\"ListItem\",\"position\":1,\"name\":\"Ana s\u0259hif\u0259\",\"item\":\"https:\\\/\\\/www.meydan.tv\\\/az\\\/\"},{\"@type\":\"ListItem\",\"position\":2,\"name\":\"Video\",\"item\":\"https:\\\/\\\/www.meydan.tv\\\/az\\\/section\\\/video-2\\\/\"},{\"@type\":\"ListItem\",\"position\":3,\"name\":\"Mehman \u018fliyev: &#8221;S\u00fcbut olmadan biz\u0259 qar\u015f\u0131 cinay\u0259t i\u015fi qald\u0131r\u0131blar&#8221;\"}]},{\"@type\":\"WebSite\",\"@id\":\"https:\\\/\\\/www.meydan.tv\\\/az\\\/#website\",\"url\":\"https:\\\/\\\/www.meydan.tv\\\/az\\\/\",\"name\":\"MEYDAN.TV\",\"description\":\"Meydan TV Az\u0259rbaycan\u0131n media m\u0259kan\u0131ndak\u0131 alternativ s\u0259sidir\",\"publisher\":{\"@id\":\"https:\\\/\\\/www.meydan.tv\\\/az\\\/#organization\"},\"potentialAction\":[{\"@type\":\"SearchAction\",\"target\":{\"@type\":\"EntryPoint\",\"urlTemplate\":\"https:\\\/\\\/www.meydan.tv\\\/az\\\/?s={search_term_string}\"},\"query-input\":{\"@type\":\"PropertyValueSpecification\",\"valueRequired\":true,\"valueName\":\"search_term_string\"}}],\"inLanguage\":\"az\"},{\"@type\":\"Organization\",\"@id\":\"https:\\\/\\\/www.meydan.tv\\\/az\\\/#organization\",\"name\":\"Meydan TV\",\"url\":\"https:\\\/\\\/www.meydan.tv\\\/az\\\/\",\"logo\":{\"@type\":\"ImageObject\",\"inLanguage\":\"az\",\"@id\":\"https:\\\/\\\/www.meydan.tv\\\/az\\\/#\\\/schema\\\/logo\\\/image\\\/\",\"url\":\"https:\\\/\\\/www.meydan.tv\\\/wp-content\\\/uploads\\\/2021\\\/07\\\/meydan-logo.svg\",\"contentUrl\":\"https:\\\/\\\/www.meydan.tv\\\/wp-content\\\/uploads\\\/2021\\\/07\\\/meydan-logo.svg\",\"width\":195,\"height\":46,\"caption\":\"Meydan TV\"},\"image\":{\"@id\":\"https:\\\/\\\/www.meydan.tv\\\/az\\\/#\\\/schema\\\/logo\\\/image\\\/\"}},{\"@type\":\"Person\",\"@id\":\"https:\\\/\\\/www.meydan.tv\\\/az\\\/#\\\/schema\\\/person\\\/10d11eccf6da3662cf5fdab9806ea91a\",\"name\":\"user-manager\"}]}<\/script>\n<!-- \/ Yoast SEO plugin. -->","yoast_head_json":{"title":"Mehman \u018fliyev: ''S\u00fcbut olmadan biz\u0259 qar\u015f\u0131 cinay\u0259t i\u015fi qald\u0131r\u0131blar'' - MEYDAN.TV","robots":{"index":"index","follow":"follow","max-snippet":"max-snippet:-1","max-image-preview":"max-image-preview:large","max-video-preview":"max-video-preview:-1"},"canonical":"https:\/\/www.meydan.tv\/az\/article\/mehman-eliyev-subut-olmadan-bize-qarsi-cinayet-isi-qaldiriblar\/","og_locale":"az_AZ","og_type":"article","og_title":"Mehman \u018fliyev: ''S\u00fcbut olmadan biz\u0259 qar\u015f\u0131 cinay\u0259t i\u015fi qald\u0131r\u0131blar'' - MEYDAN.TV","og_description":"Mehman \u018fliyev: \u201c\u018fsas m\u0259s\u0259l\u0259 odur ki, buz t\u0259rp\u0259ndi, prosesl\u0259r ba\u015flad\u0131\u201d","og_url":"https:\/\/www.meydan.tv\/az\/article\/mehman-eliyev-subut-olmadan-bize-qarsi-cinayet-isi-qaldiriblar\/","og_site_name":"MEYDAN.TV","article_published_time":"2017-08-12T00:28:25+00:00","og_image":[{"width":810,"height":450,"url":"https:\/\/www.meydan.tv\/wp-content\/uploads\/35647.png","type":"image\/png"}],"author":"user-manager","twitter_card":"summary_large_image","schema":{"@context":"https:\/\/schema.org","@graph":[{"@type":"Article","@id":"https:\/\/www.meydan.tv\/az\/article\/mehman-eliyev-subut-olmadan-bize-qarsi-cinayet-isi-qaldiriblar\/#article","isPartOf":{"@id":"https:\/\/www.meydan.tv\/az\/article\/mehman-eliyev-subut-olmadan-bize-qarsi-cinayet-isi-qaldiriblar\/"},"author":{"name":"user-manager","@id":"https:\/\/www.meydan.tv\/az\/#\/schema\/person\/10d11eccf6da3662cf5fdab9806ea91a"},"headline":"Mehman \u018fliyev: &#8221;S\u00fcbut olmadan biz\u0259 qar\u015f\u0131 cinay\u0259t i\u015fi qald\u0131r\u0131blar&#8221;","datePublished":"2017-08-12T00:28:25+00:00","mainEntityOfPage":{"@id":"https:\/\/www.meydan.tv\/az\/article\/mehman-eliyev-subut-olmadan-bize-qarsi-cinayet-isi-qaldiriblar\/"},"wordCount":1943,"publisher":{"@id":"https:\/\/www.meydan.tv\/az\/#organization"},"image":{"@id":"https:\/\/www.meydan.tv\/az\/article\/mehman-eliyev-subut-olmadan-bize-qarsi-cinayet-isi-qaldiriblar\/#primaryimage"},"thumbnailUrl":"https:\/\/www.meydan.tv\/wp-content\/uploads\/35647.png","articleSection":["Video"],"inLanguage":"az"},{"@type":"WebPage","@id":"https:\/\/www.meydan.tv\/az\/article\/mehman-eliyev-subut-olmadan-bize-qarsi-cinayet-isi-qaldiriblar\/","url":"https:\/\/www.meydan.tv\/az\/article\/mehman-eliyev-subut-olmadan-bize-qarsi-cinayet-isi-qaldiriblar\/","name":"Mehman \u018fliyev: ''S\u00fcbut olmadan biz\u0259 qar\u015f\u0131 cinay\u0259t i\u015fi qald\u0131r\u0131blar'' - MEYDAN.TV","isPartOf":{"@id":"https:\/\/www.meydan.tv\/az\/#website"},"primaryImageOfPage":{"@id":"https:\/\/www.meydan.tv\/az\/article\/mehman-eliyev-subut-olmadan-bize-qarsi-cinayet-isi-qaldiriblar\/#primaryimage"},"image":{"@id":"https:\/\/www.meydan.tv\/az\/article\/mehman-eliyev-subut-olmadan-bize-qarsi-cinayet-isi-qaldiriblar\/#primaryimage"},"thumbnailUrl":"https:\/\/www.meydan.tv\/wp-content\/uploads\/35647.png","datePublished":"2017-08-12T00:28:25+00:00","breadcrumb":{"@id":"https:\/\/www.meydan.tv\/az\/article\/mehman-eliyev-subut-olmadan-bize-qarsi-cinayet-isi-qaldiriblar\/#breadcrumb"},"inLanguage":"az","potentialAction":[{"@type":"ReadAction","target":["https:\/\/www.meydan.tv\/az\/article\/mehman-eliyev-subut-olmadan-bize-qarsi-cinayet-isi-qaldiriblar\/"]}]},{"@type":"ImageObject","inLanguage":"az","@id":"https:\/\/www.meydan.tv\/az\/article\/mehman-eliyev-subut-olmadan-bize-qarsi-cinayet-isi-qaldiriblar\/#primaryimage","url":"https:\/\/www.meydan.tv\/wp-content\/uploads\/35647.png","contentUrl":"https:\/\/www.meydan.tv\/wp-content\/uploads\/35647.png","width":810,"height":450,"caption":"Source:"},{"@type":"BreadcrumbList","@id":"https:\/\/www.meydan.tv\/az\/article\/mehman-eliyev-subut-olmadan-bize-qarsi-cinayet-isi-qaldiriblar\/#breadcrumb","itemListElement":[{"@type":"ListItem","position":1,"name":"Ana s\u0259hif\u0259","item":"https:\/\/www.meydan.tv\/az\/"},{"@type":"ListItem","position":2,"name":"Video","item":"https:\/\/www.meydan.tv\/az\/section\/video-2\/"},{"@type":"ListItem","position":3,"name":"Mehman \u018fliyev: &#8221;S\u00fcbut olmadan biz\u0259 qar\u015f\u0131 cinay\u0259t i\u015fi qald\u0131r\u0131blar&#8221;"}]},{"@type":"WebSite","@id":"https:\/\/www.meydan.tv\/az\/#website","url":"https:\/\/www.meydan.tv\/az\/","name":"MEYDAN.TV","description":"Meydan TV Az\u0259rbaycan\u0131n media m\u0259kan\u0131ndak\u0131 alternativ s\u0259sidir","publisher":{"@id":"https:\/\/www.meydan.tv\/az\/#organization"},"potentialAction":[{"@type":"SearchAction","target":{"@type":"EntryPoint","urlTemplate":"https:\/\/www.meydan.tv\/az\/?s={search_term_string}"},"query-input":{"@type":"PropertyValueSpecification","valueRequired":true,"valueName":"search_term_string"}}],"inLanguage":"az"},{"@type":"Organization","@id":"https:\/\/www.meydan.tv\/az\/#organization","name":"Meydan TV","url":"https:\/\/www.meydan.tv\/az\/","logo":{"@type":"ImageObject","inLanguage":"az","@id":"https:\/\/www.meydan.tv\/az\/#\/schema\/logo\/image\/","url":"https:\/\/www.meydan.tv\/wp-content\/uploads\/2021\/07\/meydan-logo.svg","contentUrl":"https:\/\/www.meydan.tv\/wp-content\/uploads\/2021\/07\/meydan-logo.svg","width":195,"height":46,"caption":"Meydan TV"},"image":{"@id":"https:\/\/www.meydan.tv\/az\/#\/schema\/logo\/image\/"}},{"@type":"Person","@id":"https:\/\/www.meydan.tv\/az\/#\/schema\/person\/10d11eccf6da3662cf5fdab9806ea91a","name":"user-manager"}]}},"_links":{"self":[{"href":"https:\/\/www.meydan.tv\/az\/wp-json\/wp\/v2\/posts\/186043","targetHints":{"allow":["GET"]}}],"collection":[{"href":"https:\/\/www.meydan.tv\/az\/wp-json\/wp\/v2\/posts"}],"about":[{"href":"https:\/\/www.meydan.tv\/az\/wp-json\/wp\/v2\/types\/post"}],"author":[{"embeddable":true,"href":"https:\/\/www.meydan.tv\/az\/wp-json\/wp\/v2\/users\/11"}],"replies":[{"embeddable":true,"href":"https:\/\/www.meydan.tv\/az\/wp-json\/wp\/v2\/comments?post=186043"}],"version-history":[{"count":0,"href":"https:\/\/www.meydan.tv\/az\/wp-json\/wp\/v2\/posts\/186043\/revisions"}],"wp:featuredmedia":[{"embeddable":true,"href":"https:\/\/www.meydan.tv\/az\/wp-json\/wp\/v2\/media\/90413"}],"wp:attachment":[{"href":"https:\/\/www.meydan.tv\/az\/wp-json\/wp\/v2\/media?parent=186043"}],"wp:term":[{"taxonomy":"category","embeddable":true,"href":"https:\/\/www.meydan.tv\/az\/wp-json\/wp\/v2\/categories?post=186043"},{"taxonomy":"post_tag","embeddable":true,"href":"https:\/\/www.meydan.tv\/az\/wp-json\/wp\/v2\/tags?post=186043"}],"curies":[{"name":"wp","href":"https:\/\/api.w.org\/{rel}","templated":true}]}}