{"id":186022,"date":"2017-08-11T02:05:18","date_gmt":"2017-08-11T02:05:18","guid":{"rendered":"https:\/\/www.meydan.tv\/article\/kicik-dunyamin-boyuk-qadinlari\/"},"modified":"2017-08-11T02:05:18","modified_gmt":"2017-08-11T02:05:18","slug":"kicik-dunyamin-boyuk-qadinlari","status":"publish","type":"post","link":"https:\/\/www.meydan.tv\/az\/article\/kicik-dunyamin-boyuk-qadinlari\/","title":{"rendered":"Ki\u00e7ik d\u00fcnyam\u0131n b\u00f6y\u00fck qad\u0131nlar\u0131"},"content":{"rendered":"<figure class=\"wp-block-image size-large\">\n  <img decoding=\"async\" src=\"https:\/\/www.meydan.tv\/az\/nazli-agayeva-4\/\" alt=\"Nazl\u0131 A\u011fayeva\" class=\"wp-image-80491\"\/><figcaption>\n    Nazl\u0131 A\u011fayeva<br \/>\n  <\/figcaption><\/figure>\n<p>\n  Ceyran xalalar Milli M\u0259tbuata m\u0259nzil \u015fousunda \u0259riyib muma d\u00f6n\u0259n jurnalistl\u0259rd\u0259n daha \u00e7ox \u0259m\u0259k ver\u0259nl\u0259rdir\n<\/p>\n<p>\n  Uzun ill\u0259rd\u0259n sonra yen\u0259 h\u0259min sakit gu\u015f\u0259y\u0259 \u00e7\u0259kilib guya n\u0259s\u0259 \u201cm\u00fch\u00fcm\u201d \u015feyl\u0259r yazmaq ist\u0259dim. El\u0259 ondak\u0131 kimi d\u0259 Amerika k\u0259\u015ff etm\u0259kd\u0259n vaz ke\u00e7ib yen\u0259 yolunu-izini, havas\u0131n\u0131, suyunu, adam\u0131n\u0131, heyvan\u0131n\u0131 \u0259zb\u0259r bildiyim m\u0259kana qay\u0131td\u0131m. G\u0259nclik ill\u0259rind\u0259 kiray\u0259\u00e7isi oldu\u011fum xudmani ota\u011f\u0131m\u0131n do\u011fma ab-havas\u0131nda ke\u00e7mi\u015f \u201cxozeykam\u201d Ceyran xala: \u2013 A bala, s\u0259n d\u0259 yaz\u0131n\u0131 yaz\u0131b, yat, deyib \u00f6z ota\u011f\u0131na getdi.\n<\/p>\n<p>\n  \u201cYaz\u0131n\u0131 yaz\u0131b yatma\u011f\u0131n\u201d n\u0259 dem\u0259k oldu\u011funu Ceyran xala yax\u015f\u0131 bilir. V\u0259 o vaxtlar b\u0259lk\u0259 d\u00fcnyada yegan\u0259 ev sahibi idi ki, kiray\u0259\u00e7inin yatmad\u0131\u011f\u0131na i\u015f\u0131q pul yaz\u0131r dey\u0259 deyil, onun b\u0259z\u0259n s\u0259h\u0259r\u0259 q\u0259d\u0259r davam ed\u0259n yuxusuzlu\u011funa g\u00f6r\u0259 narahat olurdu. \u018fslind\u0259 he\u00e7 ortada kiray\u0259-flan da yox idi, o sad\u0259c\u0259 biz\u0259 \u00fcr\u0259yini, evini a\u00e7m\u0131\u015fd\u0131. Bu g\u00fcnk\u00fc beyn\u0259lxalq s\u0131\u011f\u0131nacaqlardan f\u0259rqli olaraq m\u0259n Ceyran xalan\u0131n halal oca\u011f\u0131nda hakimiyy\u0259tin \u201c\u0259b\u0259di\u201d m\u00fcxalifi kimi anamla b\u0259rab\u0259r uzun ill\u0259r \u0259min-arxay\u0131n ya\u015fad\u0131m. Ceyran xala evind\u0259 min zill\u0259tl\u0259 \u0259m\u0259l\u0259 g\u0259l\u0259n azad s\u00f6z\u00fc n\u0259 sovet r\u0259hb\u0259rl\u0259rin\u0259 satd\u0131, n\u0259 m\u00fcst\u0259qil rejimin ba\u015f\u00e7\u0131lar\u0131na. \u018fksin\u0259, h\u0259r f\u00fcrs\u0259td\u0259 bizim o evd\u0259 qalma\u011f\u0131m\u0131zdan duydu\u011fu m\u0259mnuniyy\u0259ti a\u015fkar etm\u0259kd\u0259n \u00e7\u0259kinm\u0259di. F\u0259hl\u0259 i\u015fl\u0259diyi sexd\u0259 m\u00fcdiriyy\u0259tin: \u2013 \u201cO demoqoq q\u0131z sizin kiray\u0259\u00e7inizdir?\u201d eyham\u0131na: \u2013 \u201cKiray\u0259\u00e7i niy\u0259 olur, Nazl\u0131 bizim evin q\u0131z\u0131d\u0131r\u201d, dey\u0259 k\u0259s\u0259 cavab verm\u0259kl\u0259 bir m\u00fcdd\u0259t i\u015fini-g\u00fcc\u00fcn\u00fc d\u0259 sual alt\u0131nda qoydu.\n<\/p>\n<p>\n  Kim idi Ceyran xala? Orta m\u0259kt\u0259bin c\u0259mi s\u0259kkiz illik m\u0259zunu. Erk\u0259n ya\u015flar\u0131ndan \u00e7\u00f6r\u0259k zavodunun n\u0259h\u0259ng, q\u0131zmar sobas\u0131 \u00f6n\u00fcnd\u0259 x\u0131rda v\u00fccudunu alovlar qarsam\u0131\u015f c\u0259fake\u015f ana. Qollar\u0131nda yuxusuz gec\u0259 n\u00f6vb\u0259l\u0259rinin yan\u0131q izl\u0259rini, \u00fcr\u0259yind\u0259 arzular\u0131n\u0131n \u00fcst-\u00fcst\u0259 qalanm\u0131\u015f k\u00f6zl\u0259rini g\u0259zdir\u0259n Az\u0259rbaycan qad\u0131n\u0131. Pafosa b\u0259nz\u0259dis\u0259, g\u00fcnah m\u0259nd\u0259 deyil, bel\u0259 hekay\u0259tl\u0259ri h\u0259yat \u00f6z\u00fc bizd\u0259n x\u0259b\u0259rsiz yaz\u0131r. Ceyran xalalar \u0259d\u0259biyyat oxumadan h\u0259yatda \u0259d\u0259biyyat\u0131n ger\u00e7\u0259k obrazlar\u0131n\u0131 yaradanlard\u0131r. Ceyran xalalar Milli M\u0259tbuata m\u0259nzil \u015fousunda \u0259riyib muma d\u00f6n\u0259n jurnalistl\u0259rd\u0259n daha \u00e7ox d\u0259y\u0259r v\u0259 \u0259m\u0259k ver\u0259nl\u0259rdir. Ceyran xalalar \u0259n \u00e7\u0259tin v\u0259ziyy\u0259tl\u0259rd\u0259 t\u0259m\u0259nnas\u0131z \u0259l tutma\u011f\u0131 bacaran b\u00f6y\u00fck \u00fcr\u0259kli sad\u0259 insanlard\u0131r. Ona olan borcumun azalmaq ehtimal\u0131 ona g\u00f6r\u0259 yoxdur ki, Ceyran xala h\u0259tta bu ya\u015fdak\u0131 m\u0259ni \u201cqorumaqla\u201d sanki anam\u0131n yar\u0131m\u00e7\u0131q qoyub getdiyi i\u015fi davam etdirir&#8230;\n<\/p>\n<p>\n  H\u0259r\u00e7\u0259nd anam\u0131n qorumaq m\u0259s\u0259l\u0259sind\u0259 \u00f6z \u201cd\u0259sti-x\u0259tti\u201d vard\u0131. H\u0259r bir s\u0259rt yaz\u0131dan, bir felyetondan sonra yerli hakimiyy\u0259t t\u0259zyiql\u0259ri \u00e7oxaldan kimi g\u00f6r\u00fcrd\u00fcm anam da yava\u015fdan n\u0259s\u0259 dey\u0259-dey\u0259 \u0259lind\u0259ki ip\u0259 \u00e7oxlu d\u00fcy\u00fcn vurur. Niy\u0259sini soru\u015fanda ba\u015f\u0131n\u0131 qald\u0131rmadan dey\u0259rdi:\n<\/p>\n<p>\n  \u2013 Yad\u0131ndad\u0131r, k\u0259ndd\u0259 mal-qaram\u0131z \u00f6r\u00fc\u015fd\u0259n gec qay\u0131danda salamat g\u0259lsinl\u0259r dey\u0259 qurd a\u011fz\u0131 ba\u011flayard\u0131q? S\u0259n d\u0259 ev\u0259 g\u0259lib \u00e7\u0131x\u0131nca y\u00fcz d\u0259f\u0259 \u00f6l\u00fcb-dirilir\u0259m. S\u0259h\u0259rd\u0259n-ax\u015famacan canavar a\u011fz\u0131ndasan da, neyl\u0259yim, a bala?\n<\/p>\n<p>\n  G\u0259nc m\u00fcxbir olaraq mal-qara b\u0259nz\u0259tm\u0259sin\u0259 \u201cm\u0131z qoyub\u201d ona y\u00fcng\u00fclc\u0259 sata\u015fard\u0131m:\n<\/p>\n<p>\n  \u2013 Bar\u0131, hindu\u015fkadan-zaddan dey\u0259ydin, ay Alag\u00f6z bac\u0131, mal-qara o q\u0259d\u0259r d\u0259 m\u00fcnasib olmad\u0131 ax\u0131&#8230;\n<\/p>\n<p>\n  Onda anam el\u0259 g\u00f6z\u0259l, el\u0259 m\u0259sum g\u00fcl\u00fcms\u0259y\u0259rdi ki, yaln\u0131z o t\u0259b\u0259ss\u00fcm\u00fcn x\u0259trin\u0259 onda da, indi d\u0259, ist\u0259nil\u0259n canavar\u0131n a\u011fz\u0131na k\u00f6n\u00fcll\u00fc gir\u0259rdim. V\u0259 o ba\u015fqa m\u00f6vzudur ki, bu g\u00fcn\u00fcn qurdlar\u0131na m\u0259nim xatir\u0259l\u0259rimin \u201cAlag\u00f6z bac\u0131s\u0131\u201dnin z\u0259if v\u0259 z\u0259rif d\u00fcy\u00fcnl\u0259ri kar el\u0259m\u0259zdi. Bunlar z\u0259ncir \u00e7eyn\u0259yirl\u0259r, anam m\u0259nim&#8230;\n<\/p>\n<p>\n  <i><br \/>\n    <b><br \/>\n      Yaz\u0131 m\u00fc\u0259llifin fikirl\u0259rini \u0259ks etdirir v\u0259 Meydan TV-nin m\u00f6vqeyi il\u0259 \u00fcst-\u00fcst\u0259 d\u00fc\u015fm\u0259y\u0259 bil\u0259r.<br \/>\n    <\/b><br \/>\n  <\/i>\n<\/p><\/p>\n","protected":false},"excerpt":{"rendered":"<p>Ceyran xalalar Milli M\u0259tbuata m\u0259nzil \u015fousunda \u0259riyib muma d\u00f6n\u0259n jurnalistl\u0259rd\u0259n daha \u00e7ox \u0259m\u0259k ver\u0259nl\u0259rdir<\/p>\n","protected":false},"author":11,"featured_media":80491,"comment_status":"closed","ping_status":"open","sticky":false,"template":"","format":"standard","meta":{"_acf_changed":false,"_sitemap_exclude":false,"_sitemap_priority":"","_sitemap_frequency":"","footnotes":""},"categories":[57],"tags":[],"class_list":["post-186022","post","type-post","status-publish","format-standard","has-post-thumbnail","hentry","category-menim-fikrimce","infinite-scroll-item","generate-columns","tablet-grid-50","mobile-grid-100","grid-parent","grid-33","no-featured-image-padding"],"acf":[],"yoast_head":"<!-- This site is optimized with the Yoast SEO plugin v27.5 - https:\/\/yoast.com\/product\/yoast-seo-wordpress\/ -->\n<title>Ki\u00e7ik d\u00fcnyam\u0131n b\u00f6y\u00fck qad\u0131nlar\u0131 - MEYDAN.TV<\/title>\n<meta name=\"robots\" content=\"index, follow, max-snippet:-1, max-image-preview:large, max-video-preview:-1\" \/>\n<link rel=\"canonical\" href=\"https:\/\/www.meydan.tv\/az\/article\/kicik-dunyamin-boyuk-qadinlari\/\" \/>\n<meta property=\"og:locale\" content=\"az_AZ\" \/>\n<meta property=\"og:type\" content=\"article\" \/>\n<meta property=\"og:title\" content=\"Ki\u00e7ik d\u00fcnyam\u0131n b\u00f6y\u00fck qad\u0131nlar\u0131 - MEYDAN.TV\" \/>\n<meta property=\"og:description\" content=\"Ceyran xalalar Milli M\u0259tbuata m\u0259nzil \u015fousunda \u0259riyib muma d\u00f6n\u0259n jurnalistl\u0259rd\u0259n daha \u00e7ox \u0259m\u0259k ver\u0259nl\u0259rdir\" \/>\n<meta property=\"og:url\" content=\"https:\/\/www.meydan.tv\/az\/article\/kicik-dunyamin-boyuk-qadinlari\/\" \/>\n<meta property=\"og:site_name\" content=\"MEYDAN.TV\" \/>\n<meta property=\"article:published_time\" content=\"2017-08-11T02:05:18+00:00\" \/>\n<meta property=\"og:image\" content=\"https:\/\/www.meydan.tv\/wp-content\/uploads\/31405.jpg\" \/>\n\t<meta property=\"og:image:width\" content=\"1334\" \/>\n\t<meta property=\"og:image:height\" content=\"998\" \/>\n\t<meta property=\"og:image:type\" content=\"image\/jpeg\" \/>\n<meta name=\"author\" content=\"user-manager\" \/>\n<meta name=\"twitter:card\" content=\"summary_large_image\" \/>\n<script type=\"application\/ld+json\" class=\"yoast-schema-graph\">{\"@context\":\"https:\\\/\\\/schema.org\",\"@graph\":[{\"@type\":\"Article\",\"@id\":\"https:\\\/\\\/www.meydan.tv\\\/az\\\/article\\\/kicik-dunyamin-boyuk-qadinlari\\\/#article\",\"isPartOf\":{\"@id\":\"https:\\\/\\\/www.meydan.tv\\\/az\\\/article\\\/kicik-dunyamin-boyuk-qadinlari\\\/\"},\"author\":{\"name\":\"user-manager\",\"@id\":\"https:\\\/\\\/www.meydan.tv\\\/az\\\/#\\\/schema\\\/person\\\/10d11eccf6da3662cf5fdab9806ea91a\"},\"headline\":\"Ki\u00e7ik d\u00fcnyam\u0131n b\u00f6y\u00fck qad\u0131nlar\u0131\",\"datePublished\":\"2017-08-11T02:05:18+00:00\",\"mainEntityOfPage\":{\"@id\":\"https:\\\/\\\/www.meydan.tv\\\/az\\\/article\\\/kicik-dunyamin-boyuk-qadinlari\\\/\"},\"wordCount\":791,\"publisher\":{\"@id\":\"https:\\\/\\\/www.meydan.tv\\\/az\\\/#organization\"},\"image\":{\"@id\":\"https:\\\/\\\/www.meydan.tv\\\/az\\\/article\\\/kicik-dunyamin-boyuk-qadinlari\\\/#primaryimage\"},\"thumbnailUrl\":\"https:\\\/\\\/www.meydan.tv\\\/wp-content\\\/uploads\\\/31405.jpg\",\"articleSection\":[\"M\u0259nim Fikrimc\u0259\"],\"inLanguage\":\"az\"},{\"@type\":\"WebPage\",\"@id\":\"https:\\\/\\\/www.meydan.tv\\\/az\\\/article\\\/kicik-dunyamin-boyuk-qadinlari\\\/\",\"url\":\"https:\\\/\\\/www.meydan.tv\\\/az\\\/article\\\/kicik-dunyamin-boyuk-qadinlari\\\/\",\"name\":\"Ki\u00e7ik d\u00fcnyam\u0131n b\u00f6y\u00fck qad\u0131nlar\u0131 - MEYDAN.TV\",\"isPartOf\":{\"@id\":\"https:\\\/\\\/www.meydan.tv\\\/az\\\/#website\"},\"primaryImageOfPage\":{\"@id\":\"https:\\\/\\\/www.meydan.tv\\\/az\\\/article\\\/kicik-dunyamin-boyuk-qadinlari\\\/#primaryimage\"},\"image\":{\"@id\":\"https:\\\/\\\/www.meydan.tv\\\/az\\\/article\\\/kicik-dunyamin-boyuk-qadinlari\\\/#primaryimage\"},\"thumbnailUrl\":\"https:\\\/\\\/www.meydan.tv\\\/wp-content\\\/uploads\\\/31405.jpg\",\"datePublished\":\"2017-08-11T02:05:18+00:00\",\"breadcrumb\":{\"@id\":\"https:\\\/\\\/www.meydan.tv\\\/az\\\/article\\\/kicik-dunyamin-boyuk-qadinlari\\\/#breadcrumb\"},\"inLanguage\":\"az\",\"potentialAction\":[{\"@type\":\"ReadAction\",\"target\":[\"https:\\\/\\\/www.meydan.tv\\\/az\\\/article\\\/kicik-dunyamin-boyuk-qadinlari\\\/\"]}]},{\"@type\":\"ImageObject\",\"inLanguage\":\"az\",\"@id\":\"https:\\\/\\\/www.meydan.tv\\\/az\\\/article\\\/kicik-dunyamin-boyuk-qadinlari\\\/#primaryimage\",\"url\":\"https:\\\/\\\/www.meydan.tv\\\/wp-content\\\/uploads\\\/31405.jpg\",\"contentUrl\":\"https:\\\/\\\/www.meydan.tv\\\/wp-content\\\/uploads\\\/31405.jpg\",\"width\":1334,\"height\":998,\"caption\":\"Source:\"},{\"@type\":\"BreadcrumbList\",\"@id\":\"https:\\\/\\\/www.meydan.tv\\\/az\\\/article\\\/kicik-dunyamin-boyuk-qadinlari\\\/#breadcrumb\",\"itemListElement\":[{\"@type\":\"ListItem\",\"position\":1,\"name\":\"Ana s\u0259hif\u0259\",\"item\":\"https:\\\/\\\/www.meydan.tv\\\/az\\\/\"},{\"@type\":\"ListItem\",\"position\":2,\"name\":\"M\u0259nim Fikrimc\u0259\",\"item\":\"https:\\\/\\\/www.meydan.tv\\\/az\\\/section\\\/menim-fikrimce\\\/\"},{\"@type\":\"ListItem\",\"position\":3,\"name\":\"Ki\u00e7ik d\u00fcnyam\u0131n b\u00f6y\u00fck qad\u0131nlar\u0131\"}]},{\"@type\":\"WebSite\",\"@id\":\"https:\\\/\\\/www.meydan.tv\\\/az\\\/#website\",\"url\":\"https:\\\/\\\/www.meydan.tv\\\/az\\\/\",\"name\":\"MEYDAN.TV\",\"description\":\"Meydan TV Az\u0259rbaycan\u0131n media m\u0259kan\u0131ndak\u0131 alternativ s\u0259sidir\",\"publisher\":{\"@id\":\"https:\\\/\\\/www.meydan.tv\\\/az\\\/#organization\"},\"potentialAction\":[{\"@type\":\"SearchAction\",\"target\":{\"@type\":\"EntryPoint\",\"urlTemplate\":\"https:\\\/\\\/www.meydan.tv\\\/az\\\/?s={search_term_string}\"},\"query-input\":{\"@type\":\"PropertyValueSpecification\",\"valueRequired\":true,\"valueName\":\"search_term_string\"}}],\"inLanguage\":\"az\"},{\"@type\":\"Organization\",\"@id\":\"https:\\\/\\\/www.meydan.tv\\\/az\\\/#organization\",\"name\":\"Meydan TV\",\"url\":\"https:\\\/\\\/www.meydan.tv\\\/az\\\/\",\"logo\":{\"@type\":\"ImageObject\",\"inLanguage\":\"az\",\"@id\":\"https:\\\/\\\/www.meydan.tv\\\/az\\\/#\\\/schema\\\/logo\\\/image\\\/\",\"url\":\"https:\\\/\\\/www.meydan.tv\\\/wp-content\\\/uploads\\\/2021\\\/07\\\/meydan-logo.svg\",\"contentUrl\":\"https:\\\/\\\/www.meydan.tv\\\/wp-content\\\/uploads\\\/2021\\\/07\\\/meydan-logo.svg\",\"width\":195,\"height\":46,\"caption\":\"Meydan TV\"},\"image\":{\"@id\":\"https:\\\/\\\/www.meydan.tv\\\/az\\\/#\\\/schema\\\/logo\\\/image\\\/\"}},{\"@type\":\"Person\",\"@id\":\"https:\\\/\\\/www.meydan.tv\\\/az\\\/#\\\/schema\\\/person\\\/10d11eccf6da3662cf5fdab9806ea91a\",\"name\":\"user-manager\"}]}<\/script>\n<!-- \/ Yoast SEO plugin. -->","yoast_head_json":{"title":"Ki\u00e7ik d\u00fcnyam\u0131n b\u00f6y\u00fck qad\u0131nlar\u0131 - MEYDAN.TV","robots":{"index":"index","follow":"follow","max-snippet":"max-snippet:-1","max-image-preview":"max-image-preview:large","max-video-preview":"max-video-preview:-1"},"canonical":"https:\/\/www.meydan.tv\/az\/article\/kicik-dunyamin-boyuk-qadinlari\/","og_locale":"az_AZ","og_type":"article","og_title":"Ki\u00e7ik d\u00fcnyam\u0131n b\u00f6y\u00fck qad\u0131nlar\u0131 - MEYDAN.TV","og_description":"Ceyran xalalar Milli M\u0259tbuata m\u0259nzil \u015fousunda \u0259riyib muma d\u00f6n\u0259n jurnalistl\u0259rd\u0259n daha \u00e7ox \u0259m\u0259k ver\u0259nl\u0259rdir","og_url":"https:\/\/www.meydan.tv\/az\/article\/kicik-dunyamin-boyuk-qadinlari\/","og_site_name":"MEYDAN.TV","article_published_time":"2017-08-11T02:05:18+00:00","og_image":[{"width":1334,"height":998,"url":"https:\/\/www.meydan.tv\/wp-content\/uploads\/31405.jpg","type":"image\/jpeg"}],"author":"user-manager","twitter_card":"summary_large_image","schema":{"@context":"https:\/\/schema.org","@graph":[{"@type":"Article","@id":"https:\/\/www.meydan.tv\/az\/article\/kicik-dunyamin-boyuk-qadinlari\/#article","isPartOf":{"@id":"https:\/\/www.meydan.tv\/az\/article\/kicik-dunyamin-boyuk-qadinlari\/"},"author":{"name":"user-manager","@id":"https:\/\/www.meydan.tv\/az\/#\/schema\/person\/10d11eccf6da3662cf5fdab9806ea91a"},"headline":"Ki\u00e7ik d\u00fcnyam\u0131n b\u00f6y\u00fck qad\u0131nlar\u0131","datePublished":"2017-08-11T02:05:18+00:00","mainEntityOfPage":{"@id":"https:\/\/www.meydan.tv\/az\/article\/kicik-dunyamin-boyuk-qadinlari\/"},"wordCount":791,"publisher":{"@id":"https:\/\/www.meydan.tv\/az\/#organization"},"image":{"@id":"https:\/\/www.meydan.tv\/az\/article\/kicik-dunyamin-boyuk-qadinlari\/#primaryimage"},"thumbnailUrl":"https:\/\/www.meydan.tv\/wp-content\/uploads\/31405.jpg","articleSection":["M\u0259nim Fikrimc\u0259"],"inLanguage":"az"},{"@type":"WebPage","@id":"https:\/\/www.meydan.tv\/az\/article\/kicik-dunyamin-boyuk-qadinlari\/","url":"https:\/\/www.meydan.tv\/az\/article\/kicik-dunyamin-boyuk-qadinlari\/","name":"Ki\u00e7ik d\u00fcnyam\u0131n b\u00f6y\u00fck qad\u0131nlar\u0131 - MEYDAN.TV","isPartOf":{"@id":"https:\/\/www.meydan.tv\/az\/#website"},"primaryImageOfPage":{"@id":"https:\/\/www.meydan.tv\/az\/article\/kicik-dunyamin-boyuk-qadinlari\/#primaryimage"},"image":{"@id":"https:\/\/www.meydan.tv\/az\/article\/kicik-dunyamin-boyuk-qadinlari\/#primaryimage"},"thumbnailUrl":"https:\/\/www.meydan.tv\/wp-content\/uploads\/31405.jpg","datePublished":"2017-08-11T02:05:18+00:00","breadcrumb":{"@id":"https:\/\/www.meydan.tv\/az\/article\/kicik-dunyamin-boyuk-qadinlari\/#breadcrumb"},"inLanguage":"az","potentialAction":[{"@type":"ReadAction","target":["https:\/\/www.meydan.tv\/az\/article\/kicik-dunyamin-boyuk-qadinlari\/"]}]},{"@type":"ImageObject","inLanguage":"az","@id":"https:\/\/www.meydan.tv\/az\/article\/kicik-dunyamin-boyuk-qadinlari\/#primaryimage","url":"https:\/\/www.meydan.tv\/wp-content\/uploads\/31405.jpg","contentUrl":"https:\/\/www.meydan.tv\/wp-content\/uploads\/31405.jpg","width":1334,"height":998,"caption":"Source:"},{"@type":"BreadcrumbList","@id":"https:\/\/www.meydan.tv\/az\/article\/kicik-dunyamin-boyuk-qadinlari\/#breadcrumb","itemListElement":[{"@type":"ListItem","position":1,"name":"Ana s\u0259hif\u0259","item":"https:\/\/www.meydan.tv\/az\/"},{"@type":"ListItem","position":2,"name":"M\u0259nim Fikrimc\u0259","item":"https:\/\/www.meydan.tv\/az\/section\/menim-fikrimce\/"},{"@type":"ListItem","position":3,"name":"Ki\u00e7ik d\u00fcnyam\u0131n b\u00f6y\u00fck qad\u0131nlar\u0131"}]},{"@type":"WebSite","@id":"https:\/\/www.meydan.tv\/az\/#website","url":"https:\/\/www.meydan.tv\/az\/","name":"MEYDAN.TV","description":"Meydan TV Az\u0259rbaycan\u0131n media m\u0259kan\u0131ndak\u0131 alternativ s\u0259sidir","publisher":{"@id":"https:\/\/www.meydan.tv\/az\/#organization"},"potentialAction":[{"@type":"SearchAction","target":{"@type":"EntryPoint","urlTemplate":"https:\/\/www.meydan.tv\/az\/?s={search_term_string}"},"query-input":{"@type":"PropertyValueSpecification","valueRequired":true,"valueName":"search_term_string"}}],"inLanguage":"az"},{"@type":"Organization","@id":"https:\/\/www.meydan.tv\/az\/#organization","name":"Meydan TV","url":"https:\/\/www.meydan.tv\/az\/","logo":{"@type":"ImageObject","inLanguage":"az","@id":"https:\/\/www.meydan.tv\/az\/#\/schema\/logo\/image\/","url":"https:\/\/www.meydan.tv\/wp-content\/uploads\/2021\/07\/meydan-logo.svg","contentUrl":"https:\/\/www.meydan.tv\/wp-content\/uploads\/2021\/07\/meydan-logo.svg","width":195,"height":46,"caption":"Meydan TV"},"image":{"@id":"https:\/\/www.meydan.tv\/az\/#\/schema\/logo\/image\/"}},{"@type":"Person","@id":"https:\/\/www.meydan.tv\/az\/#\/schema\/person\/10d11eccf6da3662cf5fdab9806ea91a","name":"user-manager"}]}},"_links":{"self":[{"href":"https:\/\/www.meydan.tv\/az\/wp-json\/wp\/v2\/posts\/186022","targetHints":{"allow":["GET"]}}],"collection":[{"href":"https:\/\/www.meydan.tv\/az\/wp-json\/wp\/v2\/posts"}],"about":[{"href":"https:\/\/www.meydan.tv\/az\/wp-json\/wp\/v2\/types\/post"}],"author":[{"embeddable":true,"href":"https:\/\/www.meydan.tv\/az\/wp-json\/wp\/v2\/users\/11"}],"replies":[{"embeddable":true,"href":"https:\/\/www.meydan.tv\/az\/wp-json\/wp\/v2\/comments?post=186022"}],"version-history":[{"count":0,"href":"https:\/\/www.meydan.tv\/az\/wp-json\/wp\/v2\/posts\/186022\/revisions"}],"wp:featuredmedia":[{"embeddable":true,"href":"https:\/\/www.meydan.tv\/az\/wp-json\/wp\/v2\/media\/80491"}],"wp:attachment":[{"href":"https:\/\/www.meydan.tv\/az\/wp-json\/wp\/v2\/media?parent=186022"}],"wp:term":[{"taxonomy":"category","embeddable":true,"href":"https:\/\/www.meydan.tv\/az\/wp-json\/wp\/v2\/categories?post=186022"},{"taxonomy":"post_tag","embeddable":true,"href":"https:\/\/www.meydan.tv\/az\/wp-json\/wp\/v2\/tags?post=186022"}],"curies":[{"name":"wp","href":"https:\/\/api.w.org\/{rel}","templated":true}]}}