{"id":185944,"date":"2017-08-07T15:07:03","date_gmt":"2017-08-07T15:07:03","guid":{"rendered":"https:\/\/www.meydan.tv\/article\/21-yasli-yeniyetmede-var-dovlet-bahali-masinlar-haradandir\/"},"modified":"2017-08-07T15:07:03","modified_gmt":"2017-08-07T15:07:03","slug":"21-yasli-yeniyetmede-var-dovlet-bahali-masinlar-haradandir","status":"publish","type":"post","link":"https:\/\/www.meydan.tv\/az\/article\/21-yasli-yeniyetmede-var-dovlet-bahali-masinlar-haradandir\/","title":{"rendered":"21 ya\u015fl\u0131 yeniyetm\u0259d\u0259 var-d\u00f6vl\u0259t, bahal\u0131 ma\u015f\u0131nlar haradand\u0131r?"},"content":{"rendered":"<figure class=\"wp-block-image size-large\">\n  <img decoding=\"async\" src=\"https:\/\/www.meydan.tv\/az\/ilham-eliyev-ve-eli-hesenov\/\" alt=\"\u0130lham \u018fliyev v\u0259 \u018fli H\u0259s\u0259nov\" class=\"wp-image-90185\"\/><figcaption>\n    \u0130lham \u018fliyev v\u0259 \u018fli H\u0259s\u0259nov<br \/>\n  <\/figcaption><\/figure>\n<p>\n  <i><br \/>\n    \u201cM\u0259mur \u00f6vladlar\u0131n\u0131n har\u0131nl\u0131\u011f\u0131n\u0131n h\u0259ddi-h\u00fcdudu yoxdur\u201d<br \/>\n  <\/i>\n<\/p>\n<p>\n  Ne\u00e7\u0259 g\u00fcnd\u00fcr \u00f6lk\u0259 \u015fok i\u00e7ind\u0259dir. M\u0259mur \u00f6vladlar\u0131n\u0131n har\u0131nl\u0131\u011f\u0131n\u0131n h\u0259ddi-h\u00fcdudu yoxdur. Bir m\u00fcdd\u0259t \u0259vv\u0259l n\u0259v\u0259si ya\u015f\u0131nda olan Leyla \u018fliyevan\u0131n t\u0259rifini g\u00f6yl\u0259r\u0259 qald\u0131ran, onu c\u0259miyy\u0259t\u0259 n\u00fcmun\u0259 g\u00f6st\u0259r\u0259n v\u0259 h\u0259min difiramba il\u0259 hakim ail\u0259y\u0259 yar\u0131nma\u011f\u0131n c\u0259miyy\u0259t\u0259 pis n\u00fcmun\u0259sini ver\u0259n &#8220;a\u011fsaqqal&#8221; ba\u015f nazirin &#8220;a\u011fsaqqal&#8221; m\u00fcavininin qa\u00e7q\u0131n pullar\u0131 il\u0259 har\u0131nlam\u0131\u015f n\u0259v\u0259si c\u0259miyy\u0259t\u0259, \u00f6lk\u0259 qanunlar\u0131na, \u0259xlaq v\u0259 m\u0259n\u0259viyyat anlay\u0131\u015flar\u0131na meydan oxudu.\n<\/p>\n<p>\n  Raz\u0131yam, ata o\u011fula, baba n\u0259v\u0259y\u0259 g\u00f6r\u0259 m\u0259suliyy\u0259t da\u015f\u0131m\u0131r (v\u0259 ya \u0259ksin\u0259). Amma 21 ya\u015f\u0131nda olan n\u0259v\u0259nin qa\u00e7q\u0131n d\u00fc\u015f\u0259rg\u0259l\u0259rind\u0259n b\u00f6y\u00fck olan v\u0259 d\u0259y\u0259ri \u00f6lk\u0259 k\u00f6\u00e7k\u00fcnl\u0259rinin illik b\u00fcdc\u0259sinin s\u0259rh\u0259dl\u0259rin\u0259 s\u0131\u011f\u0131\u015fmayan avtomobil parklar\u0131n\u0131n izahat\u0131n kim verm\u0259lidir? Yeni Az\u0259rbaycan Partiyas\u0131n\u0131n s\u0259dr m\u00fcavini \u018fli H\u0259s\u0259nov ayda 36 manat \u00e7\u00f6r\u0259k pulu alan qa\u00e7q\u0131nlara &#8220;skromn\u0131&#8221; ya\u015fama\u011f\u0131 t\u00f6vsiy\u0259 edirdi. Nailin ya\u015f\u0131 babas\u0131n\u0131n h\u00f6kum\u0259t s\u0259drinin m\u00fcavini olmaq staj\u0131na t\u0259xmin\u0259n b\u0259rab\u0259rdir. 21 ya\u015fl\u0131 bir yeniyetm\u0259d\u0259 bu q\u0259d\u0259r var-d\u00f6vl\u0259t, bu q\u0259d\u0259r bahal\u0131 ma\u015f\u0131nlar haradand\u0131r? Do\u011frudur deputatlardan biri b\u00fct\u00fcn \u0259xlaq v\u0259 m\u0259n\u0259viyyat anlay\u0131\u015flar\u0131n\u0131 bir k\u0259nara qoyaraq onu\n<\/p>\n<p>\n  Bill Qeytsl\u0259 m\u00fcqayis\u0259 etm\u0259kd\u0259n bel\u0259 \u00e7\u0259kinm\u0259di. Amma bunu h\u0259min deputat\u0131n da m\u0259nsub oldu\u011fu qa\u00e7q\u0131nlara inand\u0131rmaq \u00e7ox \u00e7\u0259tindir.\n<\/p>\n<p>\n  \u018flb\u0259tt\u0259, Nailin iki insan \u00f6l\u00fcm\u00fc il\u0259 n\u0259tic\u0259l\u0259n\u0259n hadis\u0259y\u0259 g\u00f6r\u0259 h\u0259bs ed\u0259 bil\u0259rl\u0259r. Lakin indiki \u015f\u0259rtl\u0259r daxilind\u0259 onun t\u00f6r\u0259tdiyi \u0259m\u0259l\u0259 m\u00fcvafiq h\u0259bsd\u0259 qalmas\u0131 m\u00fcmk\u00fcns\u00fczd\u00fcr. \u018fg\u0259r D\u0130N-in orta s\u0259viyy\u0259li bir general\u0131n\u0131n o\u011flu \u00e7\u00f6r\u0259k qazanmaq \u00fc\u00e7\u00fcn restoranda i\u015fl\u0259y\u0259n bi\u00e7ar\u0259 bir v\u0259t\u0259nda\u015f\u0131 b\u0131\u00e7aq \u0259lind\u0259 ov heyvan\u0131 qovan kimi qovub qan\u0131na q\u0259ltan ed\u0259nd\u0259n sonra c\u0259misi bir ne\u00e7\u0259 ay c\u0259za\u00e7\u0259km\u0259 yerind\u0259 qald\u0131sa, babas\u0131 h\u00f6kum\u0259tin ba\u015fbil\u0259ni, qay\u0131natas\u0131 \u00f6lk\u0259 s\u0259rh\u0259dl\u0259rinin ke\u015fik\u00e7isi olan, bir ay\u0131n evlisi 21 ya\u015fl\u0131 Nailin t\u00f6r\u0259tdiyi \u0259m\u0259l\u0259 uy\u011fun c\u0259za \u00e7\u0259km\u0259si m\u00fcmk\u00fcn deyil.\n<\/p>\n<p>\n  D\u00f6vl\u0259t s\u0259rh\u0259d xidm\u0259tinin r\u0259isi general El\u00e7in Quliyev \u00f6z xidm\u0259ti i\u015f\u00e7il\u0259rin\u0259 \u00f6lk\u0259nin \u0259n d\u00fcr\u00fcst v\u0259 namuslu xan\u0131mlar\u0131ndan olan G\u00f6z\u0259l Bayraml\u0131n\u0131n \u00e7antas\u0131na 10 min AB\u015e dollar\u0131 atd\u0131r\u0131b onu saxta ittihamla h\u0259bs etdirdikd\u0259n sonra q\u0131z\u0131n\u0131 xo\u015fb\u0259xt g\u00f6rm\u0259k ist\u0259yirdi. Amma anlam\u0131rd\u0131 ki, vicdanl\u0131 bir xan\u0131ma cinay\u0259t t\u0259l\u0259si qurdu\u011fu andan q\u0131z\u0131n\u0131n da xo\u015fb\u0259xt\u00e7iliyini itirmi\u015fdi. Bu da onun t\u0259sdiqidir. Ma\u015f\u0131nlar\u0131n\u0131n say\u0131 ya\u015f\u0131ndan \u00e7ox olan Nail Allahverdiyevin vaqe\u0259si \u00f6lk\u0259nin hans\u0131 r\u0259zal\u0259tin i\u00e7ind\u0259 oldu\u011funu bir daha g\u00f6st\u0259rdi. Ba\u015fqa bir YAP r\u0259smisi metro Ta\u011f\u0131n\u0131n c\u0259miyy\u0259ti heyr\u0259tl\u0259rind\u0259n i\u015fdah\u0131 k\u00f6lg\u0259d\u0259 qald\u0131. \u201cMTN\u201d v\u0259 \u201cRabit\u0259\u201d i\u015fl\u0259ri bizim d\u00f6vl\u0259t adland\u0131rd\u0131\u011f\u0131m\u0131z bir qurumun hans\u0131 \u00e7irkab\u0131n i\u00e7ind\u0259 oldu\u011funu g\u00f6st\u0259rdi. Dig\u0259r d\u00f6vl\u0259t qurumlar\u0131nda analoji v\u0259ziyy\u0259tin olmad\u0131\u011f\u0131na he\u00e7 bir t\u0259minat yoxdur.\n<\/p>\n<p>\n  Ham\u0131 \u00f6lk\u0259nin bu v\u0259ziyy\u0259t\u0259, bu r\u0259zal\u0259t\u0259 sal\u0131nmas\u0131n\u0131n s\u0259b\u0259bini v\u0259 s\u0259b\u0259kar\u0131n\u0131 axtar\u0131r. Bu v\u0259ziyy\u0259tin birc\u0259 s\u0259b\u0259bi v\u0259 birc\u0259 s\u0259b\u0259bkar\u0131 var. \u0130lham \u018fliyevin yar\u0131tmaz idar\u0259\u00e7iliyi, onun b\u0259rq\u0259rar etdiyi kleptokratiya \u015f\u0259b\u0259k\u0259si \u00f6lk\u0259ni bel\u0259 ac\u0131nacaql\u0131 duruma sald\u0131. Ona g\u00f6r\u0259 d\u0259 bizim s\u0259fal\u0259t h\u0259ddin\u0259 \u00e7atd\u0131r\u0131lm\u0131\u015f v\u0259t\u0259nimizin, s\u0259rg\u0259rdan v\u0259 dil\u0259n\u00e7i hal\u0131n\u0131 s\u00fcr\u00fckl\u0259nmi\u015f mill\u0259timizin v\u0259 xalq\u0131m\u0131z\u0131n layiq olmad\u0131\u011f\u0131 bu duruma d\u00fc\u015fm\u0259yinin s\u0259b\u0259bkar\u0131 da bilavasit\u0259 \u0130lham \u018fliyevdir. Onun ba\u015f\u00e7\u0131l\u0131\u011f\u0131 il\u0259 hakimiyy\u0259tin apard\u0131\u011f\u0131 yar\u0131tmaz siyas\u0259t bizim \u00f6lk\u0259ni d\u00f6vl\u0259t anlay\u0131\u015flar\u0131ndan uzaqla\u015fd\u0131r\u0131b, ona co\u011frafi m\u0259zmun verir, mill\u0259ti tayfa, ail\u0259-klan, \u0259\u015fir\u0259t t\u0259\u0259ss\u00fcbke\u015fliyin\u0259 s\u00fcr\u00fckl\u0259yir. \u018fg\u0259r bir \u00f6lk\u0259nin hakimiyy\u0259t orqanlar\u0131 qa\u00e7aq-quldur \u0259n\u0259n\u0259si il\u0259 qon\u015fu \u00f6lk\u0259d\u0259n jurnalist o\u011furlay\u0131rsa, 21 ya\u015fl\u0131 Nailin ma\u015f\u0131n park\u0131na t\u0259\u0259cc\u00fcbl\u0259nm\u0259k laz\u0131m deyil.\n<\/p>\n<p>\n  25 ildir \u0259razisi i\u015f\u011fal alt\u0131nda olan bir m\u0259ml\u0259k\u0259td\u0259 general \u0259lind\u0259n t\u0259rp\u0259nm\u0259k olmur. H\u0259yat g\u00f6st\u0259rdi ki, bu generallar\u0131n \u00e7oxunun ali m\u0259qs\u0259di i\u015f\u011fal alt\u0131nda olan v\u0259t\u0259ni azad etm\u0259k yox, bazar b\u00f6lm\u0259kdir, v\u0259t\u0259nda\u015fa t\u0259l\u0259 qurmaqd\u0131r, d\u00fc\u015fm\u0259ni deyil mill\u0259ti diz \u00e7\u00f6kd\u00fcrm\u0259kdir. \u018fg\u0259r \u0259razisi i\u015f\u011fal olunmu\u015f bir \u00f6lk\u0259nin hakimiyy\u0259ti korrupsiyaya qur\u015fan\u0131bsa, yeni bir kreativ ritorikada deyildiyi kimi, niy\u0259 d\u0259 olmas\u0131n? Vaxt\u0131 il\u0259 bir polkovnikin idar\u0259 etdiyi respublika yan\u011f\u0131ns\u00f6nd\u00fcrm\u0259 \u015f\u0259b\u0259k\u0259sind\u0259 indi deyil\u0259nl\u0259r\u0259 g\u00f6r\u0259 20-d\u0259n \u00e7ox general &#8220;xidm\u0259t&#8221; edir. Bu r\u00fctb\u0259l\u0259ri kim verib? \u00d6lk\u0259nin t\u0259hl\u00fck\u0259sizlik sistemini bazara \u00e7evir\u0259n o generallara h\u0259min r\u00fctb\u0259l\u0259ri kim vermi\u015fdi? \u018fg\u0259r \u00f6lk\u0259 prezidentinin b\u00fct\u00fcn siyas\u0259ti \u00f6z ail\u0259 \u00fczvl\u0259ri v\u0259 yax\u0131n \u0259traf\u0131n\u0131n varlanmas\u0131na xidm\u0259t edirs\u0259, \u00f6lk\u0259nin g\u0259lirli sah\u0259l\u0259ri ail\u0259 biznesinin maraqlar\u0131na tabe edilirs\u0259, xalq\u0131n yonca bit\u0259c\u0259k kimi m\u00fcc\u0259rr\u0259d olan pamb\u0131\u011f\u0131n, baraman\u0131n v\u0259 yeni &#8220;strateji&#8221; iqtisadi istiqam\u0259t kimi v\u0259d edil\u0259n f\u0131nd\u0131\u011f\u0131n \u00fcmidin\u0259 burax\u0131lmas\u0131na, y\u00fcks\u0259k v\u0259zif\u0259li m\u0259murlar\u0131n &#8220;q\u0259fl\u0259t\u0259n&#8221; varlanm\u0131\u015f yeniyetm\u0259 \u00f6vladlar\u0131n\u0131n is\u0259 Bill Qeytsl\u0259 m\u00fcqayis\u0259 edilm\u0259sin\u0259 t\u0259\u0259cc\u00fcbl\u0259nm\u0259k laz\u0131m deyil.<\/p>\n","protected":false},"excerpt":{"rendered":"<p>\u201cM\u0259mur \u00f6vladlar\u0131n\u0131n har\u0131nl\u0131\u011f\u0131n\u0131n h\u0259ddi-h\u00fcdudu yoxdur\u201d<\/p>\n","protected":false},"author":11,"featured_media":90185,"comment_status":"closed","ping_status":"open","sticky":false,"template":"","format":"standard","meta":{"_acf_changed":false,"_sitemap_exclude":false,"_sitemap_priority":"","_sitemap_frequency":"","footnotes":""},"categories":[57],"tags":[],"class_list":["post-185944","post","type-post","status-publish","format-standard","has-post-thumbnail","hentry","category-menim-fikrimce","infinite-scroll-item","generate-columns","tablet-grid-50","mobile-grid-100","grid-parent","grid-33","no-featured-image-padding"],"acf":[],"yoast_head":"<!-- This site is optimized with the Yoast SEO plugin v27.5 - https:\/\/yoast.com\/product\/yoast-seo-wordpress\/ -->\n<title>21 ya\u015fl\u0131 yeniyetm\u0259d\u0259 var-d\u00f6vl\u0259t, bahal\u0131 ma\u015f\u0131nlar haradand\u0131r? - MEYDAN.TV<\/title>\n<meta name=\"robots\" content=\"index, follow, max-snippet:-1, max-image-preview:large, max-video-preview:-1\" \/>\n<link rel=\"canonical\" href=\"https:\/\/www.meydan.tv\/az\/article\/21-yasli-yeniyetmede-var-dovlet-bahali-masinlar-haradandir\/\" \/>\n<meta property=\"og:locale\" content=\"az_AZ\" \/>\n<meta property=\"og:type\" content=\"article\" \/>\n<meta property=\"og:title\" content=\"21 ya\u015fl\u0131 yeniyetm\u0259d\u0259 var-d\u00f6vl\u0259t, bahal\u0131 ma\u015f\u0131nlar haradand\u0131r? - MEYDAN.TV\" \/>\n<meta property=\"og:description\" content=\"\u201cM\u0259mur \u00f6vladlar\u0131n\u0131n har\u0131nl\u0131\u011f\u0131n\u0131n h\u0259ddi-h\u00fcdudu yoxdur\u201d\" \/>\n<meta property=\"og:url\" content=\"https:\/\/www.meydan.tv\/az\/article\/21-yasli-yeniyetmede-var-dovlet-bahali-masinlar-haradandir\/\" \/>\n<meta property=\"og:site_name\" content=\"MEYDAN.TV\" \/>\n<meta property=\"article:published_time\" content=\"2017-08-07T15:07:03+00:00\" \/>\n<meta property=\"og:image\" content=\"https:\/\/www.meydan.tv\/wp-content\/uploads\/35555.png\" \/>\n\t<meta property=\"og:image:width\" content=\"1140\" \/>\n\t<meta property=\"og:image:height\" content=\"500\" \/>\n\t<meta property=\"og:image:type\" content=\"image\/png\" \/>\n<meta name=\"author\" content=\"user-manager\" \/>\n<meta name=\"twitter:card\" content=\"summary_large_image\" \/>\n<script type=\"application\/ld+json\" class=\"yoast-schema-graph\">{\"@context\":\"https:\\\/\\\/schema.org\",\"@graph\":[{\"@type\":\"Article\",\"@id\":\"https:\\\/\\\/www.meydan.tv\\\/az\\\/article\\\/21-yasli-yeniyetmede-var-dovlet-bahali-masinlar-haradandir\\\/#article\",\"isPartOf\":{\"@id\":\"https:\\\/\\\/www.meydan.tv\\\/az\\\/article\\\/21-yasli-yeniyetmede-var-dovlet-bahali-masinlar-haradandir\\\/\"},\"author\":{\"name\":\"user-manager\",\"@id\":\"https:\\\/\\\/www.meydan.tv\\\/az\\\/#\\\/schema\\\/person\\\/10d11eccf6da3662cf5fdab9806ea91a\"},\"headline\":\"21 ya\u015fl\u0131 yeniyetm\u0259d\u0259 var-d\u00f6vl\u0259t, bahal\u0131 ma\u015f\u0131nlar haradand\u0131r?\",\"datePublished\":\"2017-08-07T15:07:03+00:00\",\"mainEntityOfPage\":{\"@id\":\"https:\\\/\\\/www.meydan.tv\\\/az\\\/article\\\/21-yasli-yeniyetmede-var-dovlet-bahali-masinlar-haradandir\\\/\"},\"wordCount\":1104,\"publisher\":{\"@id\":\"https:\\\/\\\/www.meydan.tv\\\/az\\\/#organization\"},\"image\":{\"@id\":\"https:\\\/\\\/www.meydan.tv\\\/az\\\/article\\\/21-yasli-yeniyetmede-var-dovlet-bahali-masinlar-haradandir\\\/#primaryimage\"},\"thumbnailUrl\":\"https:\\\/\\\/www.meydan.tv\\\/wp-content\\\/uploads\\\/35555.png\",\"articleSection\":[\"M\u0259nim Fikrimc\u0259\"],\"inLanguage\":\"az\"},{\"@type\":\"WebPage\",\"@id\":\"https:\\\/\\\/www.meydan.tv\\\/az\\\/article\\\/21-yasli-yeniyetmede-var-dovlet-bahali-masinlar-haradandir\\\/\",\"url\":\"https:\\\/\\\/www.meydan.tv\\\/az\\\/article\\\/21-yasli-yeniyetmede-var-dovlet-bahali-masinlar-haradandir\\\/\",\"name\":\"21 ya\u015fl\u0131 yeniyetm\u0259d\u0259 var-d\u00f6vl\u0259t, bahal\u0131 ma\u015f\u0131nlar haradand\u0131r? - MEYDAN.TV\",\"isPartOf\":{\"@id\":\"https:\\\/\\\/www.meydan.tv\\\/az\\\/#website\"},\"primaryImageOfPage\":{\"@id\":\"https:\\\/\\\/www.meydan.tv\\\/az\\\/article\\\/21-yasli-yeniyetmede-var-dovlet-bahali-masinlar-haradandir\\\/#primaryimage\"},\"image\":{\"@id\":\"https:\\\/\\\/www.meydan.tv\\\/az\\\/article\\\/21-yasli-yeniyetmede-var-dovlet-bahali-masinlar-haradandir\\\/#primaryimage\"},\"thumbnailUrl\":\"https:\\\/\\\/www.meydan.tv\\\/wp-content\\\/uploads\\\/35555.png\",\"datePublished\":\"2017-08-07T15:07:03+00:00\",\"breadcrumb\":{\"@id\":\"https:\\\/\\\/www.meydan.tv\\\/az\\\/article\\\/21-yasli-yeniyetmede-var-dovlet-bahali-masinlar-haradandir\\\/#breadcrumb\"},\"inLanguage\":\"az\",\"potentialAction\":[{\"@type\":\"ReadAction\",\"target\":[\"https:\\\/\\\/www.meydan.tv\\\/az\\\/article\\\/21-yasli-yeniyetmede-var-dovlet-bahali-masinlar-haradandir\\\/\"]}]},{\"@type\":\"ImageObject\",\"inLanguage\":\"az\",\"@id\":\"https:\\\/\\\/www.meydan.tv\\\/az\\\/article\\\/21-yasli-yeniyetmede-var-dovlet-bahali-masinlar-haradandir\\\/#primaryimage\",\"url\":\"https:\\\/\\\/www.meydan.tv\\\/wp-content\\\/uploads\\\/35555.png\",\"contentUrl\":\"https:\\\/\\\/www.meydan.tv\\\/wp-content\\\/uploads\\\/35555.png\",\"width\":1140,\"height\":500,\"caption\":\"Source:\"},{\"@type\":\"BreadcrumbList\",\"@id\":\"https:\\\/\\\/www.meydan.tv\\\/az\\\/article\\\/21-yasli-yeniyetmede-var-dovlet-bahali-masinlar-haradandir\\\/#breadcrumb\",\"itemListElement\":[{\"@type\":\"ListItem\",\"position\":1,\"name\":\"Ana s\u0259hif\u0259\",\"item\":\"https:\\\/\\\/www.meydan.tv\\\/az\\\/\"},{\"@type\":\"ListItem\",\"position\":2,\"name\":\"M\u0259nim Fikrimc\u0259\",\"item\":\"https:\\\/\\\/www.meydan.tv\\\/az\\\/section\\\/menim-fikrimce\\\/\"},{\"@type\":\"ListItem\",\"position\":3,\"name\":\"21 ya\u015fl\u0131 yeniyetm\u0259d\u0259 var-d\u00f6vl\u0259t, bahal\u0131 ma\u015f\u0131nlar haradand\u0131r?\"}]},{\"@type\":\"WebSite\",\"@id\":\"https:\\\/\\\/www.meydan.tv\\\/az\\\/#website\",\"url\":\"https:\\\/\\\/www.meydan.tv\\\/az\\\/\",\"name\":\"MEYDAN.TV\",\"description\":\"Meydan TV Az\u0259rbaycan\u0131n media m\u0259kan\u0131ndak\u0131 alternativ s\u0259sidir\",\"publisher\":{\"@id\":\"https:\\\/\\\/www.meydan.tv\\\/az\\\/#organization\"},\"potentialAction\":[{\"@type\":\"SearchAction\",\"target\":{\"@type\":\"EntryPoint\",\"urlTemplate\":\"https:\\\/\\\/www.meydan.tv\\\/az\\\/?s={search_term_string}\"},\"query-input\":{\"@type\":\"PropertyValueSpecification\",\"valueRequired\":true,\"valueName\":\"search_term_string\"}}],\"inLanguage\":\"az\"},{\"@type\":\"Organization\",\"@id\":\"https:\\\/\\\/www.meydan.tv\\\/az\\\/#organization\",\"name\":\"Meydan TV\",\"url\":\"https:\\\/\\\/www.meydan.tv\\\/az\\\/\",\"logo\":{\"@type\":\"ImageObject\",\"inLanguage\":\"az\",\"@id\":\"https:\\\/\\\/www.meydan.tv\\\/az\\\/#\\\/schema\\\/logo\\\/image\\\/\",\"url\":\"https:\\\/\\\/www.meydan.tv\\\/wp-content\\\/uploads\\\/2021\\\/07\\\/meydan-logo.svg\",\"contentUrl\":\"https:\\\/\\\/www.meydan.tv\\\/wp-content\\\/uploads\\\/2021\\\/07\\\/meydan-logo.svg\",\"width\":195,\"height\":46,\"caption\":\"Meydan TV\"},\"image\":{\"@id\":\"https:\\\/\\\/www.meydan.tv\\\/az\\\/#\\\/schema\\\/logo\\\/image\\\/\"}},{\"@type\":\"Person\",\"@id\":\"https:\\\/\\\/www.meydan.tv\\\/az\\\/#\\\/schema\\\/person\\\/10d11eccf6da3662cf5fdab9806ea91a\",\"name\":\"user-manager\"}]}<\/script>\n<!-- \/ Yoast SEO plugin. -->","yoast_head_json":{"title":"21 ya\u015fl\u0131 yeniyetm\u0259d\u0259 var-d\u00f6vl\u0259t, bahal\u0131 ma\u015f\u0131nlar haradand\u0131r? - MEYDAN.TV","robots":{"index":"index","follow":"follow","max-snippet":"max-snippet:-1","max-image-preview":"max-image-preview:large","max-video-preview":"max-video-preview:-1"},"canonical":"https:\/\/www.meydan.tv\/az\/article\/21-yasli-yeniyetmede-var-dovlet-bahali-masinlar-haradandir\/","og_locale":"az_AZ","og_type":"article","og_title":"21 ya\u015fl\u0131 yeniyetm\u0259d\u0259 var-d\u00f6vl\u0259t, bahal\u0131 ma\u015f\u0131nlar haradand\u0131r? - MEYDAN.TV","og_description":"\u201cM\u0259mur \u00f6vladlar\u0131n\u0131n har\u0131nl\u0131\u011f\u0131n\u0131n h\u0259ddi-h\u00fcdudu yoxdur\u201d","og_url":"https:\/\/www.meydan.tv\/az\/article\/21-yasli-yeniyetmede-var-dovlet-bahali-masinlar-haradandir\/","og_site_name":"MEYDAN.TV","article_published_time":"2017-08-07T15:07:03+00:00","og_image":[{"width":1140,"height":500,"url":"https:\/\/www.meydan.tv\/wp-content\/uploads\/35555.png","type":"image\/png"}],"author":"user-manager","twitter_card":"summary_large_image","schema":{"@context":"https:\/\/schema.org","@graph":[{"@type":"Article","@id":"https:\/\/www.meydan.tv\/az\/article\/21-yasli-yeniyetmede-var-dovlet-bahali-masinlar-haradandir\/#article","isPartOf":{"@id":"https:\/\/www.meydan.tv\/az\/article\/21-yasli-yeniyetmede-var-dovlet-bahali-masinlar-haradandir\/"},"author":{"name":"user-manager","@id":"https:\/\/www.meydan.tv\/az\/#\/schema\/person\/10d11eccf6da3662cf5fdab9806ea91a"},"headline":"21 ya\u015fl\u0131 yeniyetm\u0259d\u0259 var-d\u00f6vl\u0259t, bahal\u0131 ma\u015f\u0131nlar haradand\u0131r?","datePublished":"2017-08-07T15:07:03+00:00","mainEntityOfPage":{"@id":"https:\/\/www.meydan.tv\/az\/article\/21-yasli-yeniyetmede-var-dovlet-bahali-masinlar-haradandir\/"},"wordCount":1104,"publisher":{"@id":"https:\/\/www.meydan.tv\/az\/#organization"},"image":{"@id":"https:\/\/www.meydan.tv\/az\/article\/21-yasli-yeniyetmede-var-dovlet-bahali-masinlar-haradandir\/#primaryimage"},"thumbnailUrl":"https:\/\/www.meydan.tv\/wp-content\/uploads\/35555.png","articleSection":["M\u0259nim Fikrimc\u0259"],"inLanguage":"az"},{"@type":"WebPage","@id":"https:\/\/www.meydan.tv\/az\/article\/21-yasli-yeniyetmede-var-dovlet-bahali-masinlar-haradandir\/","url":"https:\/\/www.meydan.tv\/az\/article\/21-yasli-yeniyetmede-var-dovlet-bahali-masinlar-haradandir\/","name":"21 ya\u015fl\u0131 yeniyetm\u0259d\u0259 var-d\u00f6vl\u0259t, bahal\u0131 ma\u015f\u0131nlar haradand\u0131r? - MEYDAN.TV","isPartOf":{"@id":"https:\/\/www.meydan.tv\/az\/#website"},"primaryImageOfPage":{"@id":"https:\/\/www.meydan.tv\/az\/article\/21-yasli-yeniyetmede-var-dovlet-bahali-masinlar-haradandir\/#primaryimage"},"image":{"@id":"https:\/\/www.meydan.tv\/az\/article\/21-yasli-yeniyetmede-var-dovlet-bahali-masinlar-haradandir\/#primaryimage"},"thumbnailUrl":"https:\/\/www.meydan.tv\/wp-content\/uploads\/35555.png","datePublished":"2017-08-07T15:07:03+00:00","breadcrumb":{"@id":"https:\/\/www.meydan.tv\/az\/article\/21-yasli-yeniyetmede-var-dovlet-bahali-masinlar-haradandir\/#breadcrumb"},"inLanguage":"az","potentialAction":[{"@type":"ReadAction","target":["https:\/\/www.meydan.tv\/az\/article\/21-yasli-yeniyetmede-var-dovlet-bahali-masinlar-haradandir\/"]}]},{"@type":"ImageObject","inLanguage":"az","@id":"https:\/\/www.meydan.tv\/az\/article\/21-yasli-yeniyetmede-var-dovlet-bahali-masinlar-haradandir\/#primaryimage","url":"https:\/\/www.meydan.tv\/wp-content\/uploads\/35555.png","contentUrl":"https:\/\/www.meydan.tv\/wp-content\/uploads\/35555.png","width":1140,"height":500,"caption":"Source:"},{"@type":"BreadcrumbList","@id":"https:\/\/www.meydan.tv\/az\/article\/21-yasli-yeniyetmede-var-dovlet-bahali-masinlar-haradandir\/#breadcrumb","itemListElement":[{"@type":"ListItem","position":1,"name":"Ana s\u0259hif\u0259","item":"https:\/\/www.meydan.tv\/az\/"},{"@type":"ListItem","position":2,"name":"M\u0259nim Fikrimc\u0259","item":"https:\/\/www.meydan.tv\/az\/section\/menim-fikrimce\/"},{"@type":"ListItem","position":3,"name":"21 ya\u015fl\u0131 yeniyetm\u0259d\u0259 var-d\u00f6vl\u0259t, bahal\u0131 ma\u015f\u0131nlar haradand\u0131r?"}]},{"@type":"WebSite","@id":"https:\/\/www.meydan.tv\/az\/#website","url":"https:\/\/www.meydan.tv\/az\/","name":"MEYDAN.TV","description":"Meydan TV Az\u0259rbaycan\u0131n media m\u0259kan\u0131ndak\u0131 alternativ s\u0259sidir","publisher":{"@id":"https:\/\/www.meydan.tv\/az\/#organization"},"potentialAction":[{"@type":"SearchAction","target":{"@type":"EntryPoint","urlTemplate":"https:\/\/www.meydan.tv\/az\/?s={search_term_string}"},"query-input":{"@type":"PropertyValueSpecification","valueRequired":true,"valueName":"search_term_string"}}],"inLanguage":"az"},{"@type":"Organization","@id":"https:\/\/www.meydan.tv\/az\/#organization","name":"Meydan TV","url":"https:\/\/www.meydan.tv\/az\/","logo":{"@type":"ImageObject","inLanguage":"az","@id":"https:\/\/www.meydan.tv\/az\/#\/schema\/logo\/image\/","url":"https:\/\/www.meydan.tv\/wp-content\/uploads\/2021\/07\/meydan-logo.svg","contentUrl":"https:\/\/www.meydan.tv\/wp-content\/uploads\/2021\/07\/meydan-logo.svg","width":195,"height":46,"caption":"Meydan TV"},"image":{"@id":"https:\/\/www.meydan.tv\/az\/#\/schema\/logo\/image\/"}},{"@type":"Person","@id":"https:\/\/www.meydan.tv\/az\/#\/schema\/person\/10d11eccf6da3662cf5fdab9806ea91a","name":"user-manager"}]}},"_links":{"self":[{"href":"https:\/\/www.meydan.tv\/az\/wp-json\/wp\/v2\/posts\/185944","targetHints":{"allow":["GET"]}}],"collection":[{"href":"https:\/\/www.meydan.tv\/az\/wp-json\/wp\/v2\/posts"}],"about":[{"href":"https:\/\/www.meydan.tv\/az\/wp-json\/wp\/v2\/types\/post"}],"author":[{"embeddable":true,"href":"https:\/\/www.meydan.tv\/az\/wp-json\/wp\/v2\/users\/11"}],"replies":[{"embeddable":true,"href":"https:\/\/www.meydan.tv\/az\/wp-json\/wp\/v2\/comments?post=185944"}],"version-history":[{"count":0,"href":"https:\/\/www.meydan.tv\/az\/wp-json\/wp\/v2\/posts\/185944\/revisions"}],"wp:featuredmedia":[{"embeddable":true,"href":"https:\/\/www.meydan.tv\/az\/wp-json\/wp\/v2\/media\/90185"}],"wp:attachment":[{"href":"https:\/\/www.meydan.tv\/az\/wp-json\/wp\/v2\/media?parent=185944"}],"wp:term":[{"taxonomy":"category","embeddable":true,"href":"https:\/\/www.meydan.tv\/az\/wp-json\/wp\/v2\/categories?post=185944"},{"taxonomy":"post_tag","embeddable":true,"href":"https:\/\/www.meydan.tv\/az\/wp-json\/wp\/v2\/tags?post=185944"}],"curies":[{"name":"wp","href":"https:\/\/api.w.org\/{rel}","templated":true}]}}