{"id":185910,"date":"2017-08-04T14:49:52","date_gmt":"2017-08-04T14:49:52","guid":{"rendered":"https:\/\/www.meydan.tv\/article\/prezident-yuz-minlerle-yeni-is-yeri-yaradilib\/"},"modified":"2017-08-04T14:49:52","modified_gmt":"2017-08-04T14:49:52","slug":"prezident-yuz-minlerle-yeni-is-yeri-yaradilib","status":"publish","type":"post","link":"https:\/\/www.meydan.tv\/az\/article\/prezident-yuz-minlerle-yeni-is-yeri-yaradilib\/","title":{"rendered":"Prezident: Y\u00fcz minl\u0259rl\u0259 yeni i\u015f yeri yarad\u0131l\u0131b"},"content":{"rendered":"<figure class=\"wp-block-image size-large\">\n  <img decoding=\"async\" src=\"https:\/\/www.meydan.tv\/az\/olke-bascisi-ilham-eliyev-foto-president-az\/\" alt=\"\u00d6lk\u0259 ba\u015f\u00e7\u0131s\u0131 \u0130lham \u018fliyev &#8211; Foto: president.az\" class=\"wp-image-88837\"\/><figcaption>\n    \u00d6lk\u0259 ba\u015f\u00e7\u0131s\u0131 \u0130lham \u018fliyev &#8211; Foto: president.az<br \/>\n  <\/figcaption><\/figure>\n<p>\n  <i><br \/>\n    \u201cAz\u0259rbaycanda bir \u00e7ox \u00f6lk\u0259l\u0259ri incid\u0259n, bo\u011fan i\u015fsizlik problemi yoxdur\u201d<br \/>\n  <\/i>\n<\/p>\n<p>\n  \u201cAz\u0259rbaycanda i\u015fsizliyin v\u0259 yoxsullu\u011fun s\u0259viyy\u0259si daha da a\u015fa\u011f\u0131 d\u00fc\u015f\u0259c\u0259k\u201d.\n<\/p>\n<p>\n  Bunu Qaxda barama, t\u00fct\u00fcn v\u0259 f\u0131nd\u0131q istehsal\u0131n\u0131n inki\u015faf\u0131 m\u0259s\u0259l\u0259l\u0259rin\u0259 dair respublika m\u00fc\u015favir\u0259sind\u0259 Az\u0259rbaycan prezidenti \u0130lham \u018fliyev b\u0259yan edib.\n<\/p>\n<p>\n  M\u0259lumat\u0131 president.az sayt\u0131 yay\u0131mlay\u0131b.\n<\/p>\n<p>\n  \u201cSosial infrastruktur yarad\u0131ld\u0131, 3 mind\u0259n \u00e7ox m\u0259kt\u0259b, 600-d\u0259n \u00e7ox x\u0259st\u0259xana, b\u00f6lg\u0259l\u0259rd\u0259 50-y\u0259 yax\u0131n Olimpiya \u0130dman Kompleksi tikildi\u201d, &#8211; \u0130lham \u018fliyev bel\u0259 deyib.\n<\/p>\n<p>\n  Prezident yeni i\u015f yerl\u0259rind\u0259n, sahibkarl\u0131\u011fa ayr\u0131lan kreditl\u0259rd\u0259n d\u0259 dan\u0131\u015f\u0131b:\n<\/p>\n<p>\n  \u201cSahibkarlara veril\u0259n kreditl\u0259r hesab\u0131na y\u00fcz minl\u0259rl\u0259 yeni i\u015f yeri yarad\u0131l\u0131b. B\u00fct\u00f6vl\u00fckd\u0259 2004-c\u00fc ild\u0259n bu g\u00fcn\u0259 1 milyon yar\u0131m i\u015f yeri a\u00e7\u0131l\u0131b. Bunun b\u00f6y\u00fck \u0259ks\u0259riyy\u0259ti daimidir. Dem\u0259k olar ki, haz\u0131rda Az\u0259rbaycanda i\u015fsizlik kimi bir \u00e7ox \u00f6lk\u0259l\u0259ri incid\u0259n, bo\u011fan sosial amil yoxdur. \u0130\u015fsizlik 5 faiz s\u0259viyy\u0259sind\u0259dir. Bu g\u00fcn i\u015fl\u0259m\u0259k ist\u0259y\u0259n \u00f6z\u00fc \u00fc\u00e7\u00fcn i\u015f tapa bil\u0259r. Son iki il \u0259rzind\u0259 x\u00fcsusil\u0259 k\u0259nd t\u0259s\u0259rr\u00fcfat\u0131, s\u0259naye sah\u0259l\u0259rind\u0259 \u00e7ox b\u00f6y\u00fck i\u015fl\u0259rin g\u00f6r\u00fcld\u00fcy\u00fcn\u00fc n\u0259z\u0259r\u0259 alsaq, Az\u0259rbaycanda i\u015fsizliyin v\u0259 yoxsullu\u011fun s\u0259viyy\u0259si daha da a\u015fa\u011f\u0131 d\u00fc\u015f\u0259c\u0259k. Biz xalq\u0131m\u0131z\u0131, d\u00f6vl\u0259timizi bu b\u00f6y\u00fck b\u0259lalardan qurtara bildik\u201d, &#8211; dey\u0259 o vur\u011fulay\u0131b.\n<\/p>\n<p>\n  \u0130qtisad\u00e7\u0131 Nem\u0259t \u018fliyev bir m\u00fcdd\u0259t \u00f6nc\u0259 prezidentin ox\u015far \u00e7\u0131x\u0131\u015f\u0131 il\u0259 ba\u011fl\u0131 Meydan TV-y\u0259 bildirmi\u015fdi ki, yeni i\u015f yerl\u0259ri il\u0259 ba\u011fl\u0131 s\u0259sl\u0259n\u0259n r\u0259q\u0259ml\u0259r h\u0259m populist, h\u0259m d\u0259 konkret siyasi m\u0259qs\u0259dl\u0259r g\u00fcd\u00fcr:\n<\/p>\n<p>\n  \u201cYeni i\u015f yerl\u0259rinin a\u00e7\u0131lmas\u0131n\u0131 inkar etmir\u0259m. Amma bunun \u00fcz\u0259rind\u0259 manipulyasiya edib i\u015fsizlik s\u0259viyy\u0259sinin azalmas\u0131 haqda fikir yaratmaq ba\u011f\u0131\u015flanmazd\u0131r. D\u00f6vl\u0259t Statistika Komit\u0259sinin m\u0259lumatlar\u0131 g\u00f6st\u0259rir ki, 2004-c\u00fc ild\u0259n sonra a\u00e7\u0131qlanan milyondan \u00e7ox yeni i\u015f yeri hesab\u0131na \u00f6lk\u0259d\u0259 i\u015fsizlik s\u0259viyy\u0259si azalmay\u0131b. H\u0259tta bu s\u0259viyy\u0259 2004-c\u00fc ild\u0259n \u0259vv\u0259lki d\u00f6vrd\u0259n d\u0259 y\u00fcks\u0259y\u0259 qalx\u0131b. Ona g\u00f6r\u0259 d\u0259 yeni i\u015f yerl\u0259ri bar\u0259d\u0259 ictimaiyy\u0259t\u0259 \u00e7atd\u0131r\u0131lan fikirl\u0259r \u00e7a\u015fq\u0131nl\u0131q yaratmaqdan ba\u015fqa bir \u015fey deyil\u201d.<\/p>\n","protected":false},"excerpt":{"rendered":"<p>\u201cAz\u0259rbaycanda bir \u00e7ox \u00f6lk\u0259l\u0259ri incid\u0259n, bo\u011fan i\u015fsizlik problemi yoxdur\u201d<\/p>\n","protected":false},"author":11,"featured_media":88837,"comment_status":"closed","ping_status":"open","sticky":false,"template":"","format":"standard","meta":{"_acf_changed":false,"_sitemap_exclude":false,"_sitemap_priority":"","_sitemap_frequency":"","footnotes":""},"categories":[56],"tags":[],"class_list":["post-185910","post","type-post","status-publish","format-standard","has-post-thumbnail","hentry","category-xeberler","infinite-scroll-item","generate-columns","tablet-grid-50","mobile-grid-100","grid-parent","grid-33","no-featured-image-padding"],"acf":[],"yoast_head":"<!-- This site is optimized with the Yoast SEO plugin v27.4 - https:\/\/yoast.com\/product\/yoast-seo-wordpress\/ -->\n<title>Prezident: Y\u00fcz minl\u0259rl\u0259 yeni i\u015f yeri yarad\u0131l\u0131b - MEYDAN.TV<\/title>\n<meta name=\"robots\" content=\"index, follow, max-snippet:-1, max-image-preview:large, max-video-preview:-1\" \/>\n<link rel=\"canonical\" href=\"https:\/\/www.meydan.tv\/az\/article\/prezident-yuz-minlerle-yeni-is-yeri-yaradilib\/\" \/>\n<meta property=\"og:locale\" content=\"az_AZ\" \/>\n<meta property=\"og:type\" content=\"article\" \/>\n<meta property=\"og:title\" content=\"Prezident: Y\u00fcz minl\u0259rl\u0259 yeni i\u015f yeri yarad\u0131l\u0131b - MEYDAN.TV\" \/>\n<meta property=\"og:description\" content=\"\u201cAz\u0259rbaycanda bir \u00e7ox \u00f6lk\u0259l\u0259ri incid\u0259n, bo\u011fan i\u015fsizlik problemi yoxdur\u201d\" \/>\n<meta property=\"og:url\" content=\"https:\/\/www.meydan.tv\/az\/article\/prezident-yuz-minlerle-yeni-is-yeri-yaradilib\/\" \/>\n<meta property=\"og:site_name\" content=\"MEYDAN.TV\" \/>\n<meta property=\"article:published_time\" content=\"2017-08-04T14:49:52+00:00\" \/>\n<meta property=\"og:image\" content=\"https:\/\/www.meydan.tv\/wp-content\/uploads\/33015.png\" \/>\n\t<meta property=\"og:image:width\" content=\"810\" \/>\n\t<meta property=\"og:image:height\" content=\"450\" \/>\n\t<meta property=\"og:image:type\" content=\"image\/png\" \/>\n<meta name=\"author\" content=\"user-manager\" \/>\n<meta name=\"twitter:card\" content=\"summary_large_image\" \/>\n<script type=\"application\/ld+json\" class=\"yoast-schema-graph\">{\"@context\":\"https:\\\/\\\/schema.org\",\"@graph\":[{\"@type\":\"Article\",\"@id\":\"https:\\\/\\\/www.meydan.tv\\\/az\\\/article\\\/prezident-yuz-minlerle-yeni-is-yeri-yaradilib\\\/#article\",\"isPartOf\":{\"@id\":\"https:\\\/\\\/www.meydan.tv\\\/az\\\/article\\\/prezident-yuz-minlerle-yeni-is-yeri-yaradilib\\\/\"},\"author\":{\"name\":\"user-manager\",\"@id\":\"https:\\\/\\\/www.meydan.tv\\\/az\\\/#\\\/schema\\\/person\\\/10d11eccf6da3662cf5fdab9806ea91a\"},\"headline\":\"Prezident: Y\u00fcz minl\u0259rl\u0259 yeni i\u015f yeri yarad\u0131l\u0131b\",\"datePublished\":\"2017-08-04T14:49:52+00:00\",\"mainEntityOfPage\":{\"@id\":\"https:\\\/\\\/www.meydan.tv\\\/az\\\/article\\\/prezident-yuz-minlerle-yeni-is-yeri-yaradilib\\\/\"},\"wordCount\":459,\"publisher\":{\"@id\":\"https:\\\/\\\/www.meydan.tv\\\/az\\\/#organization\"},\"image\":{\"@id\":\"https:\\\/\\\/www.meydan.tv\\\/az\\\/article\\\/prezident-yuz-minlerle-yeni-is-yeri-yaradilib\\\/#primaryimage\"},\"thumbnailUrl\":\"https:\\\/\\\/www.meydan.tv\\\/wp-content\\\/uploads\\\/33015.png\",\"articleSection\":[\"X\u0259b\u0259rl\u0259r\"],\"inLanguage\":\"az\"},{\"@type\":\"WebPage\",\"@id\":\"https:\\\/\\\/www.meydan.tv\\\/az\\\/article\\\/prezident-yuz-minlerle-yeni-is-yeri-yaradilib\\\/\",\"url\":\"https:\\\/\\\/www.meydan.tv\\\/az\\\/article\\\/prezident-yuz-minlerle-yeni-is-yeri-yaradilib\\\/\",\"name\":\"Prezident: Y\u00fcz minl\u0259rl\u0259 yeni i\u015f yeri yarad\u0131l\u0131b - MEYDAN.TV\",\"isPartOf\":{\"@id\":\"https:\\\/\\\/www.meydan.tv\\\/az\\\/#website\"},\"primaryImageOfPage\":{\"@id\":\"https:\\\/\\\/www.meydan.tv\\\/az\\\/article\\\/prezident-yuz-minlerle-yeni-is-yeri-yaradilib\\\/#primaryimage\"},\"image\":{\"@id\":\"https:\\\/\\\/www.meydan.tv\\\/az\\\/article\\\/prezident-yuz-minlerle-yeni-is-yeri-yaradilib\\\/#primaryimage\"},\"thumbnailUrl\":\"https:\\\/\\\/www.meydan.tv\\\/wp-content\\\/uploads\\\/33015.png\",\"datePublished\":\"2017-08-04T14:49:52+00:00\",\"breadcrumb\":{\"@id\":\"https:\\\/\\\/www.meydan.tv\\\/az\\\/article\\\/prezident-yuz-minlerle-yeni-is-yeri-yaradilib\\\/#breadcrumb\"},\"inLanguage\":\"az\",\"potentialAction\":[{\"@type\":\"ReadAction\",\"target\":[\"https:\\\/\\\/www.meydan.tv\\\/az\\\/article\\\/prezident-yuz-minlerle-yeni-is-yeri-yaradilib\\\/\"]}]},{\"@type\":\"ImageObject\",\"inLanguage\":\"az\",\"@id\":\"https:\\\/\\\/www.meydan.tv\\\/az\\\/article\\\/prezident-yuz-minlerle-yeni-is-yeri-yaradilib\\\/#primaryimage\",\"url\":\"https:\\\/\\\/www.meydan.tv\\\/wp-content\\\/uploads\\\/33015.png\",\"contentUrl\":\"https:\\\/\\\/www.meydan.tv\\\/wp-content\\\/uploads\\\/33015.png\",\"width\":810,\"height\":450,\"caption\":\"Source:\"},{\"@type\":\"BreadcrumbList\",\"@id\":\"https:\\\/\\\/www.meydan.tv\\\/az\\\/article\\\/prezident-yuz-minlerle-yeni-is-yeri-yaradilib\\\/#breadcrumb\",\"itemListElement\":[{\"@type\":\"ListItem\",\"position\":1,\"name\":\"Ana s\u0259hif\u0259\",\"item\":\"https:\\\/\\\/www.meydan.tv\\\/az\\\/\"},{\"@type\":\"ListItem\",\"position\":2,\"name\":\"X\u0259b\u0259rl\u0259r\",\"item\":\"https:\\\/\\\/www.meydan.tv\\\/az\\\/section\\\/xeberler\\\/\"},{\"@type\":\"ListItem\",\"position\":3,\"name\":\"Prezident: Y\u00fcz minl\u0259rl\u0259 yeni i\u015f yeri yarad\u0131l\u0131b\"}]},{\"@type\":\"WebSite\",\"@id\":\"https:\\\/\\\/www.meydan.tv\\\/az\\\/#website\",\"url\":\"https:\\\/\\\/www.meydan.tv\\\/az\\\/\",\"name\":\"MEYDAN.TV\",\"description\":\"Meydan TV Az\u0259rbaycan\u0131n media m\u0259kan\u0131ndak\u0131 alternativ s\u0259sidir\",\"publisher\":{\"@id\":\"https:\\\/\\\/www.meydan.tv\\\/az\\\/#organization\"},\"potentialAction\":[{\"@type\":\"SearchAction\",\"target\":{\"@type\":\"EntryPoint\",\"urlTemplate\":\"https:\\\/\\\/www.meydan.tv\\\/az\\\/?s={search_term_string}\"},\"query-input\":{\"@type\":\"PropertyValueSpecification\",\"valueRequired\":true,\"valueName\":\"search_term_string\"}}],\"inLanguage\":\"az\"},{\"@type\":\"Organization\",\"@id\":\"https:\\\/\\\/www.meydan.tv\\\/az\\\/#organization\",\"name\":\"Meydan TV\",\"url\":\"https:\\\/\\\/www.meydan.tv\\\/az\\\/\",\"logo\":{\"@type\":\"ImageObject\",\"inLanguage\":\"az\",\"@id\":\"https:\\\/\\\/www.meydan.tv\\\/az\\\/#\\\/schema\\\/logo\\\/image\\\/\",\"url\":\"https:\\\/\\\/www.meydan.tv\\\/wp-content\\\/uploads\\\/2021\\\/07\\\/meydan-logo.svg\",\"contentUrl\":\"https:\\\/\\\/www.meydan.tv\\\/wp-content\\\/uploads\\\/2021\\\/07\\\/meydan-logo.svg\",\"width\":195,\"height\":46,\"caption\":\"Meydan TV\"},\"image\":{\"@id\":\"https:\\\/\\\/www.meydan.tv\\\/az\\\/#\\\/schema\\\/logo\\\/image\\\/\"}},{\"@type\":\"Person\",\"@id\":\"https:\\\/\\\/www.meydan.tv\\\/az\\\/#\\\/schema\\\/person\\\/10d11eccf6da3662cf5fdab9806ea91a\",\"name\":\"user-manager\"}]}<\/script>\n<!-- \/ Yoast SEO plugin. -->","yoast_head_json":{"title":"Prezident: Y\u00fcz minl\u0259rl\u0259 yeni i\u015f yeri yarad\u0131l\u0131b - MEYDAN.TV","robots":{"index":"index","follow":"follow","max-snippet":"max-snippet:-1","max-image-preview":"max-image-preview:large","max-video-preview":"max-video-preview:-1"},"canonical":"https:\/\/www.meydan.tv\/az\/article\/prezident-yuz-minlerle-yeni-is-yeri-yaradilib\/","og_locale":"az_AZ","og_type":"article","og_title":"Prezident: Y\u00fcz minl\u0259rl\u0259 yeni i\u015f yeri yarad\u0131l\u0131b - MEYDAN.TV","og_description":"\u201cAz\u0259rbaycanda bir \u00e7ox \u00f6lk\u0259l\u0259ri incid\u0259n, bo\u011fan i\u015fsizlik problemi yoxdur\u201d","og_url":"https:\/\/www.meydan.tv\/az\/article\/prezident-yuz-minlerle-yeni-is-yeri-yaradilib\/","og_site_name":"MEYDAN.TV","article_published_time":"2017-08-04T14:49:52+00:00","og_image":[{"width":810,"height":450,"url":"https:\/\/www.meydan.tv\/wp-content\/uploads\/33015.png","type":"image\/png"}],"author":"user-manager","twitter_card":"summary_large_image","schema":{"@context":"https:\/\/schema.org","@graph":[{"@type":"Article","@id":"https:\/\/www.meydan.tv\/az\/article\/prezident-yuz-minlerle-yeni-is-yeri-yaradilib\/#article","isPartOf":{"@id":"https:\/\/www.meydan.tv\/az\/article\/prezident-yuz-minlerle-yeni-is-yeri-yaradilib\/"},"author":{"name":"user-manager","@id":"https:\/\/www.meydan.tv\/az\/#\/schema\/person\/10d11eccf6da3662cf5fdab9806ea91a"},"headline":"Prezident: Y\u00fcz minl\u0259rl\u0259 yeni i\u015f yeri yarad\u0131l\u0131b","datePublished":"2017-08-04T14:49:52+00:00","mainEntityOfPage":{"@id":"https:\/\/www.meydan.tv\/az\/article\/prezident-yuz-minlerle-yeni-is-yeri-yaradilib\/"},"wordCount":459,"publisher":{"@id":"https:\/\/www.meydan.tv\/az\/#organization"},"image":{"@id":"https:\/\/www.meydan.tv\/az\/article\/prezident-yuz-minlerle-yeni-is-yeri-yaradilib\/#primaryimage"},"thumbnailUrl":"https:\/\/www.meydan.tv\/wp-content\/uploads\/33015.png","articleSection":["X\u0259b\u0259rl\u0259r"],"inLanguage":"az"},{"@type":"WebPage","@id":"https:\/\/www.meydan.tv\/az\/article\/prezident-yuz-minlerle-yeni-is-yeri-yaradilib\/","url":"https:\/\/www.meydan.tv\/az\/article\/prezident-yuz-minlerle-yeni-is-yeri-yaradilib\/","name":"Prezident: Y\u00fcz minl\u0259rl\u0259 yeni i\u015f yeri yarad\u0131l\u0131b - MEYDAN.TV","isPartOf":{"@id":"https:\/\/www.meydan.tv\/az\/#website"},"primaryImageOfPage":{"@id":"https:\/\/www.meydan.tv\/az\/article\/prezident-yuz-minlerle-yeni-is-yeri-yaradilib\/#primaryimage"},"image":{"@id":"https:\/\/www.meydan.tv\/az\/article\/prezident-yuz-minlerle-yeni-is-yeri-yaradilib\/#primaryimage"},"thumbnailUrl":"https:\/\/www.meydan.tv\/wp-content\/uploads\/33015.png","datePublished":"2017-08-04T14:49:52+00:00","breadcrumb":{"@id":"https:\/\/www.meydan.tv\/az\/article\/prezident-yuz-minlerle-yeni-is-yeri-yaradilib\/#breadcrumb"},"inLanguage":"az","potentialAction":[{"@type":"ReadAction","target":["https:\/\/www.meydan.tv\/az\/article\/prezident-yuz-minlerle-yeni-is-yeri-yaradilib\/"]}]},{"@type":"ImageObject","inLanguage":"az","@id":"https:\/\/www.meydan.tv\/az\/article\/prezident-yuz-minlerle-yeni-is-yeri-yaradilib\/#primaryimage","url":"https:\/\/www.meydan.tv\/wp-content\/uploads\/33015.png","contentUrl":"https:\/\/www.meydan.tv\/wp-content\/uploads\/33015.png","width":810,"height":450,"caption":"Source:"},{"@type":"BreadcrumbList","@id":"https:\/\/www.meydan.tv\/az\/article\/prezident-yuz-minlerle-yeni-is-yeri-yaradilib\/#breadcrumb","itemListElement":[{"@type":"ListItem","position":1,"name":"Ana s\u0259hif\u0259","item":"https:\/\/www.meydan.tv\/az\/"},{"@type":"ListItem","position":2,"name":"X\u0259b\u0259rl\u0259r","item":"https:\/\/www.meydan.tv\/az\/section\/xeberler\/"},{"@type":"ListItem","position":3,"name":"Prezident: Y\u00fcz minl\u0259rl\u0259 yeni i\u015f yeri yarad\u0131l\u0131b"}]},{"@type":"WebSite","@id":"https:\/\/www.meydan.tv\/az\/#website","url":"https:\/\/www.meydan.tv\/az\/","name":"MEYDAN.TV","description":"Meydan TV Az\u0259rbaycan\u0131n media m\u0259kan\u0131ndak\u0131 alternativ s\u0259sidir","publisher":{"@id":"https:\/\/www.meydan.tv\/az\/#organization"},"potentialAction":[{"@type":"SearchAction","target":{"@type":"EntryPoint","urlTemplate":"https:\/\/www.meydan.tv\/az\/?s={search_term_string}"},"query-input":{"@type":"PropertyValueSpecification","valueRequired":true,"valueName":"search_term_string"}}],"inLanguage":"az"},{"@type":"Organization","@id":"https:\/\/www.meydan.tv\/az\/#organization","name":"Meydan TV","url":"https:\/\/www.meydan.tv\/az\/","logo":{"@type":"ImageObject","inLanguage":"az","@id":"https:\/\/www.meydan.tv\/az\/#\/schema\/logo\/image\/","url":"https:\/\/www.meydan.tv\/wp-content\/uploads\/2021\/07\/meydan-logo.svg","contentUrl":"https:\/\/www.meydan.tv\/wp-content\/uploads\/2021\/07\/meydan-logo.svg","width":195,"height":46,"caption":"Meydan TV"},"image":{"@id":"https:\/\/www.meydan.tv\/az\/#\/schema\/logo\/image\/"}},{"@type":"Person","@id":"https:\/\/www.meydan.tv\/az\/#\/schema\/person\/10d11eccf6da3662cf5fdab9806ea91a","name":"user-manager"}]}},"_links":{"self":[{"href":"https:\/\/www.meydan.tv\/az\/wp-json\/wp\/v2\/posts\/185910","targetHints":{"allow":["GET"]}}],"collection":[{"href":"https:\/\/www.meydan.tv\/az\/wp-json\/wp\/v2\/posts"}],"about":[{"href":"https:\/\/www.meydan.tv\/az\/wp-json\/wp\/v2\/types\/post"}],"author":[{"embeddable":true,"href":"https:\/\/www.meydan.tv\/az\/wp-json\/wp\/v2\/users\/11"}],"replies":[{"embeddable":true,"href":"https:\/\/www.meydan.tv\/az\/wp-json\/wp\/v2\/comments?post=185910"}],"version-history":[{"count":0,"href":"https:\/\/www.meydan.tv\/az\/wp-json\/wp\/v2\/posts\/185910\/revisions"}],"wp:featuredmedia":[{"embeddable":true,"href":"https:\/\/www.meydan.tv\/az\/wp-json\/wp\/v2\/media\/88837"}],"wp:attachment":[{"href":"https:\/\/www.meydan.tv\/az\/wp-json\/wp\/v2\/media?parent=185910"}],"wp:term":[{"taxonomy":"category","embeddable":true,"href":"https:\/\/www.meydan.tv\/az\/wp-json\/wp\/v2\/categories?post=185910"},{"taxonomy":"post_tag","embeddable":true,"href":"https:\/\/www.meydan.tv\/az\/wp-json\/wp\/v2\/tags?post=185910"}],"curies":[{"name":"wp","href":"https:\/\/api.w.org\/{rel}","templated":true}]}}