{"id":185879,"date":"2017-08-02T20:30:12","date_gmt":"2017-08-02T20:30:12","guid":{"rendered":"https:\/\/www.meydan.tv\/article\/insan-milli-deyer-mengenesinde\/"},"modified":"2017-08-02T20:30:12","modified_gmt":"2017-08-02T20:30:12","slug":"insan-milli-deyer-mengenesinde","status":"publish","type":"post","link":"https:\/\/www.meydan.tv\/az\/article\/insan-milli-deyer-mengenesinde\/","title":{"rendered":"\u0130nsan &#8221;milli d\u0259y\u0259r&#8221; m\u0259ng\u0259n\u0259sind\u0259"},"content":{"rendered":"<p>\n  Mill\u0259timiz \u00f6z milli d\u0259y\u0259rl\u0259ri il\u0259 f\u0259xr edir. Do\u011fru, ya yanl\u0131\u015f, K\u0130V d\u0259 bu milli d\u0259y\u0259rl\u0259ri t\u0259bli\u011f edir. F\u0259q\u0259t bu milli d\u0259y\u0259rl\u0259rin sadalanmas\u0131nda xeyli riyakarl\u0131q m\u00fc\u015fahid\u0259 edilir. El\u0259 t\u0259m\u0259l d\u0259y\u0259rl\u0259r var ki, onlars\u0131z mill\u0259timizi t\u0259s\u0259vv\u00fcr etm\u0259k m\u00fcmk\u00fcn deyil. Amma onlar\u0131n he\u00e7 adlar\u0131n\u0131 \u00e7\u0259kmirl\u0259r. M\u0259s\u0259l\u0259n, r\u00fc\u015fv\u0259t. Mill\u0259timizin h\u0259yat\u0131nda \u0259n m\u00fch\u00fcm t\u0259zah\u00fcr v\u0259 ad\u0259t-\u0259n\u0259n\u0259 r\u00fc\u015fv\u0259tdir. Amma di g\u0259l ki, onu milli d\u0259y\u0259r sayana d\u0259rhal h\u00fccum \u00e7\u0259kib, onu milli nihilizmd\u0259 su\u00e7layarlar. Yaxud yaltaql\u0131q. Kim des\u0259 ki, yaltaql\u0131q bizim milli d\u0259y\u0259r deyil, onunla he\u00e7 m\u00fcbahis\u0259 etm\u0259yin, ba\u015f\u0131n\u0131z\u0131 xata-baladan xilas etm\u0259k \u00fc\u00e7\u00fcn d\u00f6n\u00fcb dinm\u0259zc\u0259 \u00e7\u0131x\u0131n gedin.\n<\/p>\n<p>\n  Dig\u0259r m\u00fch\u00fcm milli d\u0259y\u0259r yeyib-i\u00e7m\u0259kdir. Mill\u0259tin h\u0259yat\u0131nda bu d\u0259y\u0259rsiz he\u00e7 bir hadis\u0259 ba\u015f vermir, he\u00e7 bir q\u0259rar q\u0259bul edilmir. Mill\u0259t b\u00fct\u00fcn \u0259yri-d\u00fcz i\u015fl\u0259rinin q\u0259rar\u0131n\u0131 yeyib-i\u00e7m\u0259k m\u0259clisl\u0259rind\u0259 verir. Di g\u0259l ki, yeyib-i\u00e7m\u0259yi t\u0259m\u0259l milli d\u0259y\u0259r dey\u0259n\u0259 ham\u0131 h\u00fccum \u00e7\u0259k\u0259r ki, \u201cs\u0259n mill\u0259ti qar\u0131na ba\u011flay\u0131b a\u015fa\u011f\u0131lay\u0131rsan\u201d.\n<\/p>\n<p>\n  Yeyib-i\u00e7m\u0259yin insanlar\u0131m\u0131z\u0131n taleyind\u0259 m\u0259\u015fum rolu bar\u0259d\u0259 yazmaq ist\u0259yir\u0259m.\n<\/p>\n<p>\n  1963-c\u00fc ild\u0259 onuncu sinifd\u0259 idim. Sinfimiz\u0259 \u0259sli \u015eu\u015fadan olan h\u00fcnd\u00fcrboy bir o\u011flan g\u0259ldi. P\u0259rviz Bayramov. Yana\u015f\u0131 oturduq. Tez d\u0259 dostla\u015fd\u0131q. Boksla m\u0259\u015f\u011ful olurdu. M\u0259n is\u0259 boksu \u00e7ox sevirdim.\n<\/p>\n<p>\n  Atam idmanla m\u0259\u015f\u011ful olma\u011fa icaz\u0259 vermirdi. S\u00f6z\u00fc bir idi: \u201cOxu!\u201d Boksa olan at\u0259\u015fin m\u0259h\u0259bb\u0259timi P\u0259rvizin idman m\u0259\u015fql\u0259rini m\u00fc\u015fahid\u0259 etm\u0259kl\u0259 s\u00f6nd\u00fcr\u00fcrd\u00fcm.\n<\/p>\n<p>\n  P\u0259rviz \u00e7ox m\u00fclayim v\u0259 sakit adam idi. N\u0259zak\u0259tli, t\u0259rbiy\u0259li, h\u00f6rm\u0259tcil. G\u00fccl\u00fc boks\u00e7u olma\u011f\u0131na r\u0259\u011fm\u0259n dala\u015f v\u0259 qov\u011fa il\u0259 he\u00e7 aras\u0131 yox idi, simas\u0131ndan t\u0259b\u0259ss\u00fcm \u0259ksik olmurdu. G\u00fcc\u00fcn\u00fc yax\u015f\u0131 d\u0259rk etdiyi \u00fc\u00e7\u00fcn \u00f6z\u00fcnd\u0259n z\u0259if\u0259 g\u00fcz\u0259\u015ft\u0259 getm\u0259yi he\u00e7 vaxt ki\u00e7iklik saym\u0131rd\u0131.\n<\/p>\n<p>\n  P\u0259rvizl\u0259 \u201cDinamo\u201d c\u0259miyy\u0259tin\u0259 gedib h\u0259sr\u0259tl\u0259 m\u0259\u015fq\u00e7i A\u011falarovun ke\u00e7irdiyi t\u0259liml\u0259r\u0259 tama\u015fa edirdim. Sonra Bak\u0131 v\u0259 Az\u0259rbaycan birincilik yar\u0131\u015flar\u0131na bax\u0131rd\u0131m. El\u0259 h\u0259min vaxt idman ustas\u0131 A\u011facan \u018fbiyevin d\u00f6y\u00fc\u015fl\u0259rin\u0259 baxm\u0131\u015fd\u0131m. He\u00e7 bir f\u00f6vq\u0259lad\u0259 qabiliyy\u0259t g\u00f6rm\u00fcrd\u00fcm, orta s\u0259viyy\u0259li idman ustas\u0131, y\u00fczd\u0259n biri. P\u0259rviz is\u0259 t\u0259bi\u0259tin boks \u00fc\u00e7\u00fcn yaratd\u0131\u011f\u0131 m\u0259xluq idi. H\u00fcnd\u00fcr, enlik\u00fcr\u0259k, ayaqlar\u0131 ar\u0131q, qollar\u0131 uzun, reaksiyas\u0131 ild\u0131r\u0131m s\u00fcr\u0259tli, z\u0259rb\u0259si qam\u00e7\u0131 kimi s\u0259rt v\u0259 amans\u0131z. Hesab edirdim ki, onun s\u0259viyy\u0259si Olimpiya \u00e7empionu Boris Laqutind\u0259n \u0259ksik deyil, b\u0259lk\u0259 d\u0259 art\u0131qd\u0131r. K\u00f6n\u00fcll\u00fc \u0130dman C\u0259miyy\u0259ti \u201cDinamo\u201dnun g\u0259ncl\u0259r aras\u0131nda respublika \u00e7empionu oldu, sonra h\u0259min c\u0259miyy\u0259tin g\u0259ncl\u0259r aras\u0131nda SSR\u0130 \u00e7empionat\u0131nda qalib g\u0259ldi. G\u00f6r\u00fc\u015fl\u0259rinin \u0259ks\u0259riyy\u0259tini el\u0259 birinci raundda nokautla bitirirdi.\n<\/p>\n<p>\n  \u018fmin idim ki, P\u0259rvizin boksda parlaq g\u0259l\u0259c\u0259yi var. R\u0259qibl\u0259ri n\u0259 q\u0259d\u0259r \u00e7al\u0131\u015fsalar da, onu he\u00e7 c\u00fcr vura bilmirdil\u0259r. Onun z\u0259rb\u0259ni g\u00f6r\u00fcb-duyub ondan yay\u0131nmaq qabiliyy\u0259ti m\u0259n\u0259 SSR\u0130 \u00e7empionu Viktor Ageyevi xat\u0131rlad\u0131rd\u0131. B\u00fct\u00fcn z\u0259rb\u0259l\u0259rd\u0259n yay\u0131n\u0131rd\u0131. Onun t\u0259hl\u00fck\u0259ni hiss etm\u0259k v\u0259 ondan yay\u0131nmaq sah\u0259sind\u0259 m\u00fcst\u0259sna fitri qabiliyy\u0259ti var idi.\n<\/p>\n<p>\n  M\u0259n\u0259 dey\u0259rdi: \u201cQ\u0259fild\u0259n vur m\u0259ni. Qorxma, vur. M\u0259n z\u0259rb\u0259d\u0259n yay\u0131nmaq m\u0259har\u0259timi art\u0131r\u0131ram, m\u0259\u015fq edir\u0259m\u201d. \u018fvv\u0259l k\u00f6n\u00fcls\u00fcz, sonra is\u0259, onun t\u0259kidind\u0259n sonra, he\u00e7 g\u00f6zl\u0259m\u0259diyi \u015f\u0259raitd\u0259 guya ona z\u0259rb\u0259 endirirdim. Birisi d\u0259 tutmurdu, ani olaraq \u0259li v\u0259 qolu il\u0259 blok qoyurdu. H\u0259tta \u00fcz-b\u0259-\u00fcz deyil, b\u00f6y\u00fcr t\u0259r\u0259fd\u0259n vuranda da, g\u00f6z\u00fcn\u00fcn ucu il\u0259 d\u0259 olsa, h\u0259r \u015feyi g\u00f6r\u00fcb z\u0259rb\u0259d\u0259n yay\u0131n\u0131rd\u0131 v\u0259 hiss edirdim ki, parta yolda\u015f\u0131m bu m\u0259har\u0259ti il\u0259 f\u0259xr edir.\n<\/p>\n<p>\n  \u018fmin idim ki, P\u0259rviz, q\u0259zav\u00fc-q\u0259d\u0259rd\u0259n yay\u0131nsa, SSR\u0130, d\u00fcnya v\u0259 Olimpiya \u00e7empionu olacaq. Onu art\u0131q SSR\u0130-d\u0259 g\u0259l\u0259c\u0259yi parlaq olan g\u0259ncl\u0259rin siyah\u0131s\u0131na salm\u0131\u015fd\u0131lar. N\u00f6vb\u0259ti pill\u0259 g\u0259ncl\u0259r aras\u0131nda SSR\u0130 birinciliyi idi. P\u0259rviz respublika y\u0131\u011fmas\u0131 il\u0259 Odessaya yolland\u0131.\n<\/p>\n<p>\n  Burada o, milli d\u0259y\u0259r q\u0259zas\u0131na d\u00fc\u015fd\u00fc.\n<\/p>\n<p>\n  X\u0259b\u0259r g\u0259ldi ki, P\u0259rvizi h\u0259bs edibl\u0259r. Birinci d\u00f6y\u00fc\u015f\u00fc ad\u0259ti \u00fczr\u0259 nokautla ba\u015fa \u00e7atd\u0131r\u0131b. Milli g\u0259ncl\u0259r y\u0131\u011fmam\u0131z onu yeyib-i\u00e7m\u0259y\u0259 apar\u0131b. Orada yax\u015f\u0131 i\u00e7ibl\u0259r, \u00e7\u0131xanda yerli g\u0259ncl\u0259rl\u0259 dava d\u00fc\u015f\u00fcb. Yerlil\u0259rd\u0259n kims\u0259 P\u0259rvizi vurmaq ist\u0259yib. Onun fitri reaksiyas\u0131 blok qoymaq deyil, z\u0259rb\u0259 emdirm\u0259k \u015f\u0259klind\u0259 t\u0259zah\u00fcr edib. Boks \u00e7empionuna h\u00fccum etm\u0259k niyy\u0259tind\u0259 olan yerli g\u0259ncin \u00e7\u0259n\u0259 s\u00fcm\u00fcy\u00fc s\u0131n\u0131b.\n<\/p>\n<p>\n  Hans\u0131sa yerli r\u0259isin o\u011flu imi\u015f.\n<\/p>\n<p>\n  M\u0259\u015fq\u00e7i A\u011falarov \u00f6z istedadl\u0131 yetirm\u0259sinin m\u00fcdafi\u0259si \u00fc\u00e7\u00fcn Odessada n\u0259 ed\u0259 bil\u0259rdi ki? G\u0259l\u0259c\u0259k Olimpiya \u00e7empionunu m\u0259hk\u0259m\u0259 q\u0259rar\u0131 il\u0259 m\u0259hb\u0259s\u0259 sald\u0131lar.\n<\/p>\n<p>\n  SSR\u0130 \u00fc\u00e7\u00fcn bel\u0259 davran\u0131\u015f adi hal idi. Sovet tarixind\u0259 yegan\u0259 dahi futbol\u00e7i Eduard Streltsovu da istedad\u0131n\u0131n gur \u00e7a\u011f\u0131nda m\u0259hb\u0259s\u0259 salm\u0131\u015fd\u0131lar. Qurulu\u015f istedadlar\u0131n q\u0259nimi idi, onlar\u0131 miskin q\u0259lib\u0259 salmaq \u00fc\u00e7\u00fcn \u0259lind\u0259n g\u0259l\u0259ni edirdi.\n<\/p>\n<p>\n  \u018fmin idim ki, P\u0259rviz \u00f6z\u00fc he\u00e7 vaxt dava salmazd\u0131. \u018fmin idim ki, milli yem\u0259k-i\u00e7m\u0259k d\u0259y\u0259rinin alud\u0259\u00e7il\u0259ri davan\u0131 ba\u015flam\u0131\u015f, P\u0259rviz is\u0259 yanl\u0131\u015f h\u0259mr\u0259yliyin qurban\u0131 olmu\u015fdu.\n<\/p>\n<p>\n  X\u0259b\u0259r tutdum ki, h\u0259bs m\u00fcdd\u0259tind\u0259n sonra P\u0259rviz idman\u0131 t\u0259rk etmi\u015f v\u0259 milli r\u00fc\u015fv\u0259txor kadrlar\u0131n be\u015fiyi say\u0131lan \u201cnarxoz\u201da girmi\u015fdi. X\u0259b\u0259r tutdum ki, P\u0259rviz oran\u0131 bitir\u0259nd\u0259n sonra harada is\u0259 ambar m\u00fcdiri i\u015fl\u0259yirmi\u015f.\n<\/p>\n<p>\n  Onu g\u00f6rm\u0259k ist\u0259yim yox idi, \u00e7\u00fcnki vicdan \u0259zab\u0131 \u00e7\u0259kirdim. \u00d6z\u00fcm\u00fcn he\u00e7 bir g\u00fcnah\u0131m yox idi, sad\u0259c\u0259 anlay\u0131rd\u0131m ki, bu b\u00f6y\u00fck istedad\u0131 m\u0259hv etmi\u015f milli d\u0259y\u0259rin da\u015f\u0131y\u0131c\u0131s\u0131 olan mill\u0259tin n\u00fcmay\u0259nd\u0259si kimi m\u0259nim d\u0259, dolay\u0131s\u0131 da olsa, g\u00fcnah pay\u0131m var.\n<\/p>\n<p>\n  G\u00fcnl\u0259rin birind\u0259 x\u0259b\u0259r tutdum ki, P\u0259rviz Bayramovun \u00fcr\u0259yi \u00e7atlam\u0131\u015f, d\u00fcnyas\u0131n\u0131 d\u0259yi\u015fmi\u015fdir.\n<\/p>\n<p>\n  Qeyr\u0259tli v\u0259 istedadl\u0131 mill\u0259t \u00f6vlad\u0131n\u0131 q\u0259hr ed\u0259n milli d\u0259y\u0259rl\u0259rimiz bar\u0259d\u0259 d\u00fc\u015f\u00fcn\u0259nd\u0259 ilk olaraq P\u0259rviz Bayramovu xat\u0131rlay\u0131ram.\n<\/p>\n<p>\n  <i><br \/>\n    <b><br \/>\n      Yaz\u0131 m\u00fc\u0259llifin fikirl\u0259rini \u0259ks etdirir v\u0259 Meydan TV-nin m\u00f6vqeyi il\u0259 \u00fcst-\u00fcst\u0259 d\u00fc\u015fm\u0259y\u0259 bil\u0259r.<br \/>\n    <\/b><br \/>\n  <\/i><\/p>\n","protected":false},"excerpt":{"rendered":"<p>Mill\u0259timiz \u00f6z milli d\u0259y\u0259rl\u0259ri il\u0259 f\u0259xr edir<\/p>\n","protected":false},"author":11,"featured_media":81375,"comment_status":"closed","ping_status":"open","sticky":false,"template":"","format":"standard","meta":{"_acf_changed":false,"_sitemap_exclude":false,"_sitemap_priority":"","_sitemap_frequency":"","footnotes":""},"categories":[57],"tags":[],"class_list":["post-185879","post","type-post","status-publish","format-standard","has-post-thumbnail","hentry","category-menim-fikrimce","infinite-scroll-item","generate-columns","tablet-grid-50","mobile-grid-100","grid-parent","grid-33","no-featured-image-padding"],"acf":[],"yoast_head":"<!-- This site is optimized with the Yoast SEO plugin v27.5 - https:\/\/yoast.com\/product\/yoast-seo-wordpress\/ -->\n<title>\u0130nsan &#039;&#039;milli d\u0259y\u0259r&#039;&#039; m\u0259ng\u0259n\u0259sind\u0259 - MEYDAN.TV<\/title>\n<meta name=\"robots\" content=\"index, follow, max-snippet:-1, max-image-preview:large, max-video-preview:-1\" \/>\n<link rel=\"canonical\" href=\"https:\/\/www.meydan.tv\/az\/article\/insan-milli-deyer-mengenesinde\/\" \/>\n<meta property=\"og:locale\" content=\"az_AZ\" \/>\n<meta property=\"og:type\" content=\"article\" \/>\n<meta property=\"og:title\" content=\"\u0130nsan &#039;&#039;milli d\u0259y\u0259r&#039;&#039; m\u0259ng\u0259n\u0259sind\u0259 - MEYDAN.TV\" \/>\n<meta property=\"og:description\" content=\"Mill\u0259timiz \u00f6z milli d\u0259y\u0259rl\u0259ri il\u0259 f\u0259xr edir\" \/>\n<meta property=\"og:url\" content=\"https:\/\/www.meydan.tv\/az\/article\/insan-milli-deyer-mengenesinde\/\" \/>\n<meta property=\"og:site_name\" content=\"MEYDAN.TV\" \/>\n<meta property=\"article:published_time\" content=\"2017-08-02T20:30:12+00:00\" \/>\n<meta property=\"og:image\" content=\"https:\/\/www.meydan.tv\/wp-content\/uploads\/31837-1095x821.png\" \/>\n\t<meta property=\"og:image:width\" content=\"1095\" \/>\n\t<meta property=\"og:image:height\" content=\"821\" \/>\n\t<meta property=\"og:image:type\" content=\"image\/png\" \/>\n<meta name=\"author\" content=\"user-manager\" \/>\n<meta name=\"twitter:card\" content=\"summary_large_image\" \/>\n<script type=\"application\/ld+json\" class=\"yoast-schema-graph\">{\"@context\":\"https:\\\/\\\/schema.org\",\"@graph\":[{\"@type\":\"Article\",\"@id\":\"https:\\\/\\\/www.meydan.tv\\\/az\\\/article\\\/insan-milli-deyer-mengenesinde\\\/#article\",\"isPartOf\":{\"@id\":\"https:\\\/\\\/www.meydan.tv\\\/az\\\/article\\\/insan-milli-deyer-mengenesinde\\\/\"},\"author\":{\"name\":\"user-manager\",\"@id\":\"https:\\\/\\\/www.meydan.tv\\\/az\\\/#\\\/schema\\\/person\\\/10d11eccf6da3662cf5fdab9806ea91a\"},\"headline\":\"\u0130nsan &#8221;milli d\u0259y\u0259r&#8221; m\u0259ng\u0259n\u0259sind\u0259\",\"datePublished\":\"2017-08-02T20:30:12+00:00\",\"mainEntityOfPage\":{\"@id\":\"https:\\\/\\\/www.meydan.tv\\\/az\\\/article\\\/insan-milli-deyer-mengenesinde\\\/\"},\"wordCount\":1274,\"publisher\":{\"@id\":\"https:\\\/\\\/www.meydan.tv\\\/az\\\/#organization\"},\"image\":{\"@id\":\"https:\\\/\\\/www.meydan.tv\\\/az\\\/article\\\/insan-milli-deyer-mengenesinde\\\/#primaryimage\"},\"thumbnailUrl\":\"https:\\\/\\\/www.meydan.tv\\\/wp-content\\\/uploads\\\/31837.png\",\"articleSection\":[\"M\u0259nim Fikrimc\u0259\"],\"inLanguage\":\"az\"},{\"@type\":\"WebPage\",\"@id\":\"https:\\\/\\\/www.meydan.tv\\\/az\\\/article\\\/insan-milli-deyer-mengenesinde\\\/\",\"url\":\"https:\\\/\\\/www.meydan.tv\\\/az\\\/article\\\/insan-milli-deyer-mengenesinde\\\/\",\"name\":\"\u0130nsan ''milli d\u0259y\u0259r'' m\u0259ng\u0259n\u0259sind\u0259 - MEYDAN.TV\",\"isPartOf\":{\"@id\":\"https:\\\/\\\/www.meydan.tv\\\/az\\\/#website\"},\"primaryImageOfPage\":{\"@id\":\"https:\\\/\\\/www.meydan.tv\\\/az\\\/article\\\/insan-milli-deyer-mengenesinde\\\/#primaryimage\"},\"image\":{\"@id\":\"https:\\\/\\\/www.meydan.tv\\\/az\\\/article\\\/insan-milli-deyer-mengenesinde\\\/#primaryimage\"},\"thumbnailUrl\":\"https:\\\/\\\/www.meydan.tv\\\/wp-content\\\/uploads\\\/31837.png\",\"datePublished\":\"2017-08-02T20:30:12+00:00\",\"breadcrumb\":{\"@id\":\"https:\\\/\\\/www.meydan.tv\\\/az\\\/article\\\/insan-milli-deyer-mengenesinde\\\/#breadcrumb\"},\"inLanguage\":\"az\",\"potentialAction\":[{\"@type\":\"ReadAction\",\"target\":[\"https:\\\/\\\/www.meydan.tv\\\/az\\\/article\\\/insan-milli-deyer-mengenesinde\\\/\"]}]},{\"@type\":\"ImageObject\",\"inLanguage\":\"az\",\"@id\":\"https:\\\/\\\/www.meydan.tv\\\/az\\\/article\\\/insan-milli-deyer-mengenesinde\\\/#primaryimage\",\"url\":\"https:\\\/\\\/www.meydan.tv\\\/wp-content\\\/uploads\\\/31837.png\",\"contentUrl\":\"https:\\\/\\\/www.meydan.tv\\\/wp-content\\\/uploads\\\/31837.png\",\"width\":2732,\"height\":2048,\"caption\":\"Source:\"},{\"@type\":\"BreadcrumbList\",\"@id\":\"https:\\\/\\\/www.meydan.tv\\\/az\\\/article\\\/insan-milli-deyer-mengenesinde\\\/#breadcrumb\",\"itemListElement\":[{\"@type\":\"ListItem\",\"position\":1,\"name\":\"Ana s\u0259hif\u0259\",\"item\":\"https:\\\/\\\/www.meydan.tv\\\/az\\\/\"},{\"@type\":\"ListItem\",\"position\":2,\"name\":\"M\u0259nim Fikrimc\u0259\",\"item\":\"https:\\\/\\\/www.meydan.tv\\\/az\\\/section\\\/menim-fikrimce\\\/\"},{\"@type\":\"ListItem\",\"position\":3,\"name\":\"\u0130nsan &#8221;milli d\u0259y\u0259r&#8221; m\u0259ng\u0259n\u0259sind\u0259\"}]},{\"@type\":\"WebSite\",\"@id\":\"https:\\\/\\\/www.meydan.tv\\\/az\\\/#website\",\"url\":\"https:\\\/\\\/www.meydan.tv\\\/az\\\/\",\"name\":\"MEYDAN.TV\",\"description\":\"Meydan TV Az\u0259rbaycan\u0131n media m\u0259kan\u0131ndak\u0131 alternativ s\u0259sidir\",\"publisher\":{\"@id\":\"https:\\\/\\\/www.meydan.tv\\\/az\\\/#organization\"},\"potentialAction\":[{\"@type\":\"SearchAction\",\"target\":{\"@type\":\"EntryPoint\",\"urlTemplate\":\"https:\\\/\\\/www.meydan.tv\\\/az\\\/?s={search_term_string}\"},\"query-input\":{\"@type\":\"PropertyValueSpecification\",\"valueRequired\":true,\"valueName\":\"search_term_string\"}}],\"inLanguage\":\"az\"},{\"@type\":\"Organization\",\"@id\":\"https:\\\/\\\/www.meydan.tv\\\/az\\\/#organization\",\"name\":\"Meydan TV\",\"url\":\"https:\\\/\\\/www.meydan.tv\\\/az\\\/\",\"logo\":{\"@type\":\"ImageObject\",\"inLanguage\":\"az\",\"@id\":\"https:\\\/\\\/www.meydan.tv\\\/az\\\/#\\\/schema\\\/logo\\\/image\\\/\",\"url\":\"https:\\\/\\\/www.meydan.tv\\\/wp-content\\\/uploads\\\/2021\\\/07\\\/meydan-logo.svg\",\"contentUrl\":\"https:\\\/\\\/www.meydan.tv\\\/wp-content\\\/uploads\\\/2021\\\/07\\\/meydan-logo.svg\",\"width\":195,\"height\":46,\"caption\":\"Meydan TV\"},\"image\":{\"@id\":\"https:\\\/\\\/www.meydan.tv\\\/az\\\/#\\\/schema\\\/logo\\\/image\\\/\"}},{\"@type\":\"Person\",\"@id\":\"https:\\\/\\\/www.meydan.tv\\\/az\\\/#\\\/schema\\\/person\\\/10d11eccf6da3662cf5fdab9806ea91a\",\"name\":\"user-manager\"}]}<\/script>\n<!-- \/ Yoast SEO plugin. -->","yoast_head_json":{"title":"\u0130nsan ''milli d\u0259y\u0259r'' m\u0259ng\u0259n\u0259sind\u0259 - MEYDAN.TV","robots":{"index":"index","follow":"follow","max-snippet":"max-snippet:-1","max-image-preview":"max-image-preview:large","max-video-preview":"max-video-preview:-1"},"canonical":"https:\/\/www.meydan.tv\/az\/article\/insan-milli-deyer-mengenesinde\/","og_locale":"az_AZ","og_type":"article","og_title":"\u0130nsan ''milli d\u0259y\u0259r'' m\u0259ng\u0259n\u0259sind\u0259 - MEYDAN.TV","og_description":"Mill\u0259timiz \u00f6z milli d\u0259y\u0259rl\u0259ri il\u0259 f\u0259xr edir","og_url":"https:\/\/www.meydan.tv\/az\/article\/insan-milli-deyer-mengenesinde\/","og_site_name":"MEYDAN.TV","article_published_time":"2017-08-02T20:30:12+00:00","og_image":[{"width":1095,"height":821,"url":"https:\/\/www.meydan.tv\/wp-content\/uploads\/31837-1095x821.png","type":"image\/png"}],"author":"user-manager","twitter_card":"summary_large_image","schema":{"@context":"https:\/\/schema.org","@graph":[{"@type":"Article","@id":"https:\/\/www.meydan.tv\/az\/article\/insan-milli-deyer-mengenesinde\/#article","isPartOf":{"@id":"https:\/\/www.meydan.tv\/az\/article\/insan-milli-deyer-mengenesinde\/"},"author":{"name":"user-manager","@id":"https:\/\/www.meydan.tv\/az\/#\/schema\/person\/10d11eccf6da3662cf5fdab9806ea91a"},"headline":"\u0130nsan &#8221;milli d\u0259y\u0259r&#8221; m\u0259ng\u0259n\u0259sind\u0259","datePublished":"2017-08-02T20:30:12+00:00","mainEntityOfPage":{"@id":"https:\/\/www.meydan.tv\/az\/article\/insan-milli-deyer-mengenesinde\/"},"wordCount":1274,"publisher":{"@id":"https:\/\/www.meydan.tv\/az\/#organization"},"image":{"@id":"https:\/\/www.meydan.tv\/az\/article\/insan-milli-deyer-mengenesinde\/#primaryimage"},"thumbnailUrl":"https:\/\/www.meydan.tv\/wp-content\/uploads\/31837.png","articleSection":["M\u0259nim Fikrimc\u0259"],"inLanguage":"az"},{"@type":"WebPage","@id":"https:\/\/www.meydan.tv\/az\/article\/insan-milli-deyer-mengenesinde\/","url":"https:\/\/www.meydan.tv\/az\/article\/insan-milli-deyer-mengenesinde\/","name":"\u0130nsan ''milli d\u0259y\u0259r'' m\u0259ng\u0259n\u0259sind\u0259 - MEYDAN.TV","isPartOf":{"@id":"https:\/\/www.meydan.tv\/az\/#website"},"primaryImageOfPage":{"@id":"https:\/\/www.meydan.tv\/az\/article\/insan-milli-deyer-mengenesinde\/#primaryimage"},"image":{"@id":"https:\/\/www.meydan.tv\/az\/article\/insan-milli-deyer-mengenesinde\/#primaryimage"},"thumbnailUrl":"https:\/\/www.meydan.tv\/wp-content\/uploads\/31837.png","datePublished":"2017-08-02T20:30:12+00:00","breadcrumb":{"@id":"https:\/\/www.meydan.tv\/az\/article\/insan-milli-deyer-mengenesinde\/#breadcrumb"},"inLanguage":"az","potentialAction":[{"@type":"ReadAction","target":["https:\/\/www.meydan.tv\/az\/article\/insan-milli-deyer-mengenesinde\/"]}]},{"@type":"ImageObject","inLanguage":"az","@id":"https:\/\/www.meydan.tv\/az\/article\/insan-milli-deyer-mengenesinde\/#primaryimage","url":"https:\/\/www.meydan.tv\/wp-content\/uploads\/31837.png","contentUrl":"https:\/\/www.meydan.tv\/wp-content\/uploads\/31837.png","width":2732,"height":2048,"caption":"Source:"},{"@type":"BreadcrumbList","@id":"https:\/\/www.meydan.tv\/az\/article\/insan-milli-deyer-mengenesinde\/#breadcrumb","itemListElement":[{"@type":"ListItem","position":1,"name":"Ana s\u0259hif\u0259","item":"https:\/\/www.meydan.tv\/az\/"},{"@type":"ListItem","position":2,"name":"M\u0259nim Fikrimc\u0259","item":"https:\/\/www.meydan.tv\/az\/section\/menim-fikrimce\/"},{"@type":"ListItem","position":3,"name":"\u0130nsan &#8221;milli d\u0259y\u0259r&#8221; m\u0259ng\u0259n\u0259sind\u0259"}]},{"@type":"WebSite","@id":"https:\/\/www.meydan.tv\/az\/#website","url":"https:\/\/www.meydan.tv\/az\/","name":"MEYDAN.TV","description":"Meydan TV Az\u0259rbaycan\u0131n media m\u0259kan\u0131ndak\u0131 alternativ s\u0259sidir","publisher":{"@id":"https:\/\/www.meydan.tv\/az\/#organization"},"potentialAction":[{"@type":"SearchAction","target":{"@type":"EntryPoint","urlTemplate":"https:\/\/www.meydan.tv\/az\/?s={search_term_string}"},"query-input":{"@type":"PropertyValueSpecification","valueRequired":true,"valueName":"search_term_string"}}],"inLanguage":"az"},{"@type":"Organization","@id":"https:\/\/www.meydan.tv\/az\/#organization","name":"Meydan TV","url":"https:\/\/www.meydan.tv\/az\/","logo":{"@type":"ImageObject","inLanguage":"az","@id":"https:\/\/www.meydan.tv\/az\/#\/schema\/logo\/image\/","url":"https:\/\/www.meydan.tv\/wp-content\/uploads\/2021\/07\/meydan-logo.svg","contentUrl":"https:\/\/www.meydan.tv\/wp-content\/uploads\/2021\/07\/meydan-logo.svg","width":195,"height":46,"caption":"Meydan TV"},"image":{"@id":"https:\/\/www.meydan.tv\/az\/#\/schema\/logo\/image\/"}},{"@type":"Person","@id":"https:\/\/www.meydan.tv\/az\/#\/schema\/person\/10d11eccf6da3662cf5fdab9806ea91a","name":"user-manager"}]}},"_links":{"self":[{"href":"https:\/\/www.meydan.tv\/az\/wp-json\/wp\/v2\/posts\/185879","targetHints":{"allow":["GET"]}}],"collection":[{"href":"https:\/\/www.meydan.tv\/az\/wp-json\/wp\/v2\/posts"}],"about":[{"href":"https:\/\/www.meydan.tv\/az\/wp-json\/wp\/v2\/types\/post"}],"author":[{"embeddable":true,"href":"https:\/\/www.meydan.tv\/az\/wp-json\/wp\/v2\/users\/11"}],"replies":[{"embeddable":true,"href":"https:\/\/www.meydan.tv\/az\/wp-json\/wp\/v2\/comments?post=185879"}],"version-history":[{"count":0,"href":"https:\/\/www.meydan.tv\/az\/wp-json\/wp\/v2\/posts\/185879\/revisions"}],"wp:featuredmedia":[{"embeddable":true,"href":"https:\/\/www.meydan.tv\/az\/wp-json\/wp\/v2\/media\/81375"}],"wp:attachment":[{"href":"https:\/\/www.meydan.tv\/az\/wp-json\/wp\/v2\/media?parent=185879"}],"wp:term":[{"taxonomy":"category","embeddable":true,"href":"https:\/\/www.meydan.tv\/az\/wp-json\/wp\/v2\/categories?post=185879"},{"taxonomy":"post_tag","embeddable":true,"href":"https:\/\/www.meydan.tv\/az\/wp-json\/wp\/v2\/tags?post=185879"}],"curies":[{"name":"wp","href":"https:\/\/api.w.org\/{rel}","templated":true}]}}