{"id":185861,"date":"2017-08-01T20:02:11","date_gmt":"2017-08-01T20:02:11","guid":{"rendered":"https:\/\/www.meydan.tv\/article\/qaydalar-onu-pozmaq-ucundur\/"},"modified":"2017-08-01T20:02:11","modified_gmt":"2017-08-01T20:02:11","slug":"qaydalar-onu-pozmaq-ucundur","status":"publish","type":"post","link":"https:\/\/www.meydan.tv\/az\/article\/qaydalar-onu-pozmaq-ucundur\/","title":{"rendered":"Qaydalar onu pozmaq \u00fc\u00e7\u00fcnd\u00fcr"},"content":{"rendered":"<figure class=\"wp-block-image size-large\">\n  <img decoding=\"async\" src=\"https:\/\/www.meydan.tv\/az\/ilham-eliyev-45\/\" alt=\"\u0130lham \u018fliyev\" class=\"wp-image-89992\"\/><figcaption>\n    \u0130lham \u018fliyev<br \/>\n  <\/figcaption><\/figure>\n<p>\n  <i><br \/>\n    Xeyli vaxtd\u0131r dart\u0131\u015f\u0131lan m\u00f6vzuya s\u00f6zard\u0131<br \/>\n  <\/i>\n<\/p>\n<p>\n  Az\u0259rbaycan M\u0259tbuat \u015euras\u0131n\u0131n \u00abAz\u0259rbaycan jurnalistl\u0259rinin\u00a0pe\u015f\u0259 davran\u0131\u015f\u0131 qaydalar\u0131\u00bb adl\u0131 4 prinsipd\u0259n ibar\u0259t s\u0259n\u0259di var. AT\u018fT v\u0259 M\u0259tbuat \u015euras\u0131n\u0131n birg\u0259 layih\u0259si \u0259sas\u0131nda t\u0259kmill\u0259\u015fdiril\u0259n bu s\u0259n\u0259din iki b\u0259ndind\u0259n \u2013 I v\u0259 IV b\u0259ndind\u0259n \u2013 ki\u00e7ik sitatlarla vaxt\u0131n\u0131z\u0131 alacam. Bu qaydalar\u0131 \u00f6zl\u0259ri m\u00fc\u0259yy\u0259nl\u0259\u015fdiribl\u0259r v\u0259 qaydalara \u0259m\u0259l etm\u0259y\u0259nl\u0259ri, ya da bu qaydalara \u0259m\u0259l edib hakimiyy\u0259tin qoydu\u011fu \u201cqaydalar\u0131\u201d pozanlar\u0131 \u201cpe\u015f\u0259 davran\u0131\u015f\u0131 qaydalar\u0131n\u0131\u201d pozmaqda su\u00e7lay\u0131b m\u00fcxt\u0259lif sanksiyalara m\u0259ruz qoyurlar. M\u0259tbuata sahibliyi boynuna g\u00f6t\u00fcr\u0259nl\u0259rin i\u015f prinsipi bel\u0259dir. \u0130ctimai birlik olan M\u0259tbuat \u015euras\u0131 bu i\u015find\u0259n o q\u0259d\u0259r ilhamlan\u0131b ki, arada prokuror kimi ittiham ir\u0259li s\u00fcr\u00fcb, m\u0259hk\u0259m\u0259 kimi q\u0259rar da \u00e7\u0131xar\u0131r. M\u015e-nin bu add\u0131mlar\u0131na h\u0259l\u0259 ne\u00e7\u0259 il qabaq reaksiya bildirmi\u015fdim, qurultaylardan birind\u0259 Nizamnam\u0259y\u0259 t\u0259klif edil\u0259n m\u00fcrt\u0259ce d\u0259yi\u015fiklikl\u0259r\u0259 birinin d\u0259 \u0259lav\u0259 olunmas\u0131n\u0131 \u2013 M\u015e-y\u0259 t\u0259cridxana saxlamaq s\u0259lahiyy\u0259ti verilm\u0259si t\u0259klifini ir\u0259li s\u00fcrm\u00fc\u015fd\u00fcm. O vaxt ironiyan\u0131 ba\u015fa d\u00fc\u015f\u00fcb t\u0259klifl\u0259rini geri \u00e7\u0259kdil\u0259r. Ancaq sonrak\u0131 ill\u0259rd\u0259 h\u0259min nizamnam\u0259nin ba\u015f\u0131na hans\u0131 oyunlar a\u00e7\u0131lmas\u0131ndan x\u0259b\u0259rsiz\u0259m&#8230;\n<\/p>\n<p>\n  G\u00f6r\u00fcn\u00fcr, ist\u0259dikl\u0259rini ke\u00e7iribl\u0259r. R\u0259smi, ya da qeyri-r\u0259smi s\u0259lahiyy\u0259t qazan\u0131blar. Yoxsa 90-a yax\u0131n media qurumunun (q\u0259zet, sayt, portal) ad\u0131n\u0131 \u201cqara siyah\u0131\u201dya nec\u0259 sala bil\u0259rdil\u0259r? Yeri g\u0259lmi\u015fk\u0259n, \u201creket jurnalistikas\u0131\u201d il\u0259 m\u00fcbariz\u0259ni qar\u015f\u0131s\u0131na m\u0259qs\u0259d qoyan M\u015e-nin media qurumlar\u0131n\u0131 \u201cQara siyah\u0131\u201dya salmas\u0131n\u0131n ba\u015fl\u0131ca s\u0259b\u0259bi r\u00fc\u015fv\u0259tdir. \u015eantaj, h\u0259d\u0259-qorxu yoluyla al\u0131nan r\u00fc\u015fv\u0259t. B\u0259s \u015fantajs\u0131z al\u0131nan, yaxud veril\u0259n r\u00fc\u015fv\u0259t?! Lap el\u0259 m\u0259nzil \u015f\u0259klind\u0259&#8230; Onun u\u011frunda m\u00fcbariz\u0259 nec\u0259 olsun?!. \u00c7ox t\u0259\u0259ss\u00fcf ki, M\u015e onun u\u011frunda, y\u0259ni jurnalistl\u0259r\u0259 m\u0259nzil verilm\u0259sin\u0259 \u00e7al\u0131\u015fmaqla \u00f6z\u00fc \u00f6z prinsipl\u0259rin\u0259 aya\u011f\u0131n\u0131 silib&#8230;\n<\/p>\n<p>\n  \u201cQara siyah\u0131\u201d il\u0259 bu linkd\u0259 tan\u0131\u015f ola<br \/>\n  <a href=\"http:\/\/www.presscouncil.az\/az\/show.page.php?guid=4ff42de6-5936-11df-8837-0022190362dd\" target=\"_blank\" rel=\"noopener\"><br \/>\n    bil\u0259rsiniz:<br \/>\n  <\/a>\n<\/p>\n<p>\n  Bundan ba\u015fqa, t\u0259nqid\u00e7i media da daim M\u015e-nin h\u0259d\u0259find\u0259dir. M\u0259s\u0259l\u0259n, M\u0259tbuat \u015euras\u0131n\u0131n 2 aprel 2014-c\u00fc il tarixli iclas\u0131ndan:\n<\/p>\n<p>\n  \u201c\u0130ctimai Televiziya v\u0259 Radio Yay\u0131mlar\u0131 \u015eirk\u0259tinin &#8220;Azadl\u0131q&#8221; q\u0259zeti il\u0259 ba\u011fl\u0131 m\u00fcraci\u0259tind\u0259 cavabdeh t\u0259r\u0259fin etik prinsipl\u0259ri pozdu\u011fu m\u00fc\u0259yy\u0259nl\u0259\u015fdirilib\u201d.<br \/>\n  <br \/>\n  M\u0259tbuat \u015euras\u0131n\u0131n 30 aprel 2014-c\u00fc il tarixli iclas\u0131ndan:\n<\/p>\n<p>\n  \u201cYeni Az\u0259rbaycan Partiyas\u0131n\u0131n \u201cAzadl\u0131q\u201d q\u0259zeti bar\u0259d\u0259 m\u00fcraci\u0259ti cavabdeh t\u0259r\u0259fin i\u015ftirak\u0131 olmadan m\u00fczakir\u0259 edilib. Q\u0259zet r\u0259hb\u0259rliyi m\u0259lumatland\u0131r\u0131lmas\u0131na baxmayaraq, komissiyan\u0131n iclas\u0131na qat\u0131lmay\u0131b. M\u00fczakir\u0259l\u0259r zaman\u0131 komissiya \u00fczvl\u0259rinin \u00e7\u0131x\u0131\u015flar\u0131nda yekdil fikir s\u0259sl\u0259nib ki, m\u0259tbu n\u0259\u015frin 18 aprel 2014-c\u00fc il say\u0131nda ged\u0259n yaz\u0131da d\u00f6vl\u0259t ba\u015f\u00e7\u0131s\u0131 il\u0259 ba\u011fl\u0131 etik \u00e7\u0259r\u00e7iv\u0259ni a\u015fan fikirl\u0259r yer al\u0131b. M\u0259qal\u0259d\u0259 \u015f\u0259r\u0259f v\u0259 l\u0259yaq\u0259tin t\u0259hqirin\u0259, i\u015fg\u00fczar n\u00fcfuzun a\u015fa\u011f\u0131lanmas\u0131na y\u00f6n\u0259l\u0259n fikirl\u0259r t\u0259qdim olunub v\u0259 \u201cAz\u0259rbaycan Jurnalistl\u0259rinin Pe\u015f\u0259 Davran\u0131\u015f\u0131 Qaydalar\u0131\u201dn\u0131n prinsip v\u0259 b\u0259ndl\u0259rinin t\u0259l\u0259bl\u0259ri pozulub. Komissiya \u201cAzadl\u0131q\u201d q\u0259zetin\u0259 M\u015e-nin x\u0259b\u0259rdarl\u0131\u011f\u0131n\u0131n elan olunmas\u0131 bar\u0259d\u0259 r\u0259y \u00e7\u0131xar\u0131b\u201d.\n<\/p>\n<p>\n  \u0130ndi g\u0259lin \u00abAz\u0259rbaycan jurnalistl\u0259rinin\u00a0pe\u015f\u0259 davran\u0131\u015f\u0131 qaydalar\u0131\u00bbna baxaq.\n<\/p>\n<p>\n  \u201cPR\u0130NS\u0130P 1: H\u0259qiq\u0259t\u0259 xidm\u0259t, d\u0259qiqlik v\u0259 obyektivlik\n<\/p>\n<p>\n  1.1. Jurnalistikan\u0131n ali m\u0259qs\u0259di h\u0259qiq\u0259ti yaymaqd\u0131r, obyektivlik is\u0259 \u0259sas pe\u015f\u0259karl\u0131q meyar\u0131d\u0131r.\n<\/p>\n<p>\n  PR\u0130NS\u0130P 4: Jurnalistin \u00f6z\u00fcn\u00fcn v\u0259 \u00e7al\u0131\u015fd\u0131\u011f\u0131 orqan\u0131n\u0131n reputasiyas\u0131n\u0131n qorunmas\u0131\n<\/p>\n<p>\n  4.1.\u00a0Jurnalist c\u0259miyy\u0259ti d\u0259qiq informasiya il\u0259 t\u0259min etm\u0259k qabiliyy\u0259tin\u0259 m\u0259nfi t\u0259sir g\u00f6st\u0259r\u0259 bil\u0259c\u0259k h\u0259r hans\u0131 \u015f\u0259xsi, siyasi v\u0259 ya maliyy\u0259 xarakterli h\u0259v\u0259sl\u0259ndirm\u0259l\u0259r q\u0259bul etm\u0259m\u0259li,\u00a0qiym\u0259tli h\u0259diyy\u0259 almamal\u0131, yaxud \u00f6z\u00fcn\u0259 pulsuz xidm\u0259t g\u00f6st\u0259rilm\u0259sin\u0259 \u015f\u0259rait yaratmamal\u0131d\u0131r\u201d.\n<\/p>\n<p>\n  M\u0259tbuat \u015euras\u0131n\u0131 media sah\u0259sind\u0259 s\u0259lahiyy\u0259t yiy\u0259si kimi tan\u0131tma\u011fa \u00e7al\u0131\u015fan prezidentin k\u00f6m\u0259k\u00e7isi (k\u00f6m\u0259k\u00e7i jurnalistl\u0259rl\u0259 qar\u0131\u015fd\u0131rmamal\u0131), ev b\u00f6lg\u00fcs\u00fcnd\u0259 ba\u015fl\u0131ca s\u00f6z sahibl\u0259rind\u0259n olan \u018fli H\u0259s\u0259nov m\u0259nzil paylanmas\u0131ndan sonra yaranm\u0131\u015f qalmaqala o\u011flu \u015eamxal H\u0259s\u0259nlinin r\u0259hb\u0259rlik etdiyi \u201cX\u0259z\u0259r\u201d televiziyas\u0131na m\u00fcsahib\u0259sind\u0259 ayd\u0131nl\u0131q g\u0259tirib. \u018fslind\u0259, bu m\u00fcsahib\u0259sind\u0259 o, \u00abAz\u0259rbaycan jurnalistl\u0259rinin\u00a0pe\u015f\u0259 davran\u0131\u015f\u0131 qaydalar\u0131\u00bbn\u0131n ka\u011f\u0131z par\u00e7as\u0131 kimi d\u0259 i\u015f\u0259 yaramad\u0131\u011f\u0131n\u0131 ortaya qoyub. Eyni zamanda prezidentin b\u0259zi k\u00f6m\u0259k\u00e7il\u0259rinin (jurnalistl\u0259rin) \u201cbu m\u0259nzil z\u0259hm\u0259timin (k\u00fcl\u00fcng\u00e7alanlar) qar\u015f\u0131l\u0131\u011f\u0131nda d\u00f6vl\u0259timin h\u0259diyy\u0259sidir\u201d fikirl\u0259rini darmada\u011f\u0131n edib, h\u0259r k\u0259s\u0259 yerini g\u00f6st\u0259rib:\n<\/p>\n<p>\n  \u201cD\u00f6vl\u0259tin jurnalist\u0259 \u0259v\u0259zsiz ev tikib verm\u0259si d\u00fcnyan\u0131n he\u00e7 yerind\u0259 yoxdur&#8230; Bu m\u0259nzill\u0259r c\u0259nab prezidentin Az\u0259rbaycan jurnalistl\u0259rin\u0259 h\u0259diyy\u0259sidir. H\u0259diyy\u0259ni d\u0259 he\u00e7 vaxt m\u00fczakir\u0259 etm\u0259zl\u0259r; h\u0259diyy\u0259 b\u00f6y\u00fck d\u0259 ola bil\u0259r, ki\u00e7ik d\u0259\u201d.\n<\/p>\n<p>\n  Bel\u0259. Pe\u015f\u0259 d\u0259 yer\u0259 s\u0259rildi, davran\u0131\u015f da. Bu m\u00fcsahib\u0259d\u0259n sonra \u201cz\u0259hm\u0259timin m\u00fcqabilind\u0259\u201d, \u201cjurnalistikada uzun ill\u0259r k\u00fcl\u00fcng \u00e7ald\u0131\u011f\u0131ma g\u00f6r\u0259\u201d s\u00f6zl\u0259ri, eyni zamanda ev almayanlar\u0131n naraz\u0131l\u0131q statuslar\u0131 s\u0259ngiyib. \u0130ndi ba\u015fl\u0131ca i\u015f ev alanlar\u0131n prezidentin po\u00e7tuna m\u0259ktub yollamas\u0131d\u0131r. H\u0259l\u0259lik i\u015f z\u0259if gedir, g\u00fcn\u0259 2-3 m\u0259ktub \u00e7ox azd\u0131r.\n<\/p>\n<p>\n  \u0130ndiy\u0259 kimi prezident\u0259 c\u0259mi 15 t\u0259\u015f\u0259kk\u00fcr m\u0259ktubu yaz\u0131l\u0131b. Bu gedi\u015fl\u0259 g\u0259l\u0259n M\u0259tbuat G\u00fcn\u00fcn\u0259 q\u0259d\u0259r yazacaqlar&#8230; Yaz\u0131n, prezidentin k\u00f6m\u0259k\u00e7il\u0259ri, yaz\u0131n, g\u00f6z\u00fc yolda qalan var!..<\/p>\n<p>  P.S.\u018fziz oxucular, siz m\u0259tbuatda bel\u0259 bir x\u0259b\u0259rl\u0259 d\u0259 qar\u015f\u0131la\u015fa bil\u0259rdiniz; \u00f6lk\u0259d\u0259 ger\u00e7\u0259k demokratik m\u00fchit, siyasi q\u00fcvv\u0259l\u0259rd\u0259n as\u0131l\u0131 olmayan m\u0259tbuat, h\u0259m d\u0259 onun \u015euras\u0131, q\u0259l\u0259mini (klaviaturas\u0131n\u0131) satmayan jurnalistl\u0259r \u00e7ox olsayd\u0131. Olmal\u0131yd\u0131&#8230; olmad\u0131. Ona g\u00f6r\u0259 siz a\u015fa\u011f\u0131dak\u0131 x\u0259yali x\u0259b\u0259ri n\u0259 telekanallardan e\u015fid\u0259c\u0259k, n\u0259 d\u0259 q\u0259zetl\u0259rd\u0259n, saytlardan oxuya bil\u0259c\u0259ksiniz.\n<\/p>\n<p>\n  \u201cM\u0259tbuat \u015euras\u0131n\u0131n 00.00.0000-c\u0131 il tarixli iclas\u0131ndan:\n<\/p>\n<p>\n  &#8211; Bu g\u00fcn Az\u0259rbaycan M\u0259tbuat \u015euras\u0131 (M\u015e) \u0130dar\u0259 Hey\u0259tinin iclas\u0131 ke\u00e7irilib. \u015eura s\u0259dri iclas\u0131 a\u00e7araq g\u00fcnd\u0259likd\u0259 duran m\u0259s\u0259l\u0259l\u0259r bar\u0259d\u0259 m\u0259lumat verib. G\u00fcnd\u0259lik s\u0259s\u0259 qoyularaq yekdillikl\u0259 b\u0259y\u0259nilib.\n<\/p>\n<p>\n  M\u015e-d\u0259n veril\u0259n m\u0259lumata g\u00f6r\u0259, \u00f6nc\u0259 M\u0259tbuat \u015euras\u0131n\u0131n \u015eikay\u0259tl\u0259r \u00fczr\u0259 Komissiyas\u0131n\u0131n r\u0259yl\u0259ri v\u0259 &#8220;Reket jurnalistika&#8221;ya qar\u015f\u0131 m\u00fcbariz\u0259 Komissiyas\u0131n\u0131n t\u0259qdimat\u0131 \u0259sas\u0131nda q\u0259rarlar \u00e7\u0131xar\u0131l\u0131b.\n<\/p>\n<p>\n  22 iyul M\u0259tbuat G\u00fcn\u00fc \u0259r\u0259f\u0259sind\u0259 prezident \u0130lham \u018fliyevd\u0259n 255 jurnalistin ev almas\u0131 Az\u0259rbaycan M\u0259tbuat \u015euras\u0131n\u0131n \u00abAZ\u018fRBAYCAN JURNAL\u0130STL\u018fR\u0130N\u0130N\u00a0PE\u015e\u018f DAVRANI\u015eI QAYDALARI\u00bbn\u0131n t\u0259l\u0259bl\u0259rini pozulmas\u0131 kimi qiym\u0259tl\u0259ndirilib v\u0259 h\u0259min jurnalistl\u0259rin ad\u0131n\u0131n M\u015e-nin &#8220;qara siyah\u0131&#8221;s\u0131na sal\u0131nmas\u0131 q\u0259rara al\u0131n\u0131b\u201d.\n<\/p>\n<p>\n  G\u00fcl\u00fcms\u0259yin, c\u0259nablar!<\/p>\n","protected":false},"excerpt":{"rendered":"<p>Xeyli vaxtd\u0131r dart\u0131\u015f\u0131lan m\u00f6vzuya s\u00f6zard\u0131<\/p>\n","protected":false},"author":11,"featured_media":89992,"comment_status":"closed","ping_status":"open","sticky":false,"template":"","format":"standard","meta":{"_acf_changed":false,"_sitemap_exclude":false,"_sitemap_priority":"","_sitemap_frequency":"","footnotes":""},"categories":[51],"tags":[],"class_list":["post-185861","post","type-post","status-publish","format-standard","has-post-thumbnail","hentry","category-analitika","infinite-scroll-item","generate-columns","tablet-grid-50","mobile-grid-100","grid-parent","grid-33","no-featured-image-padding"],"acf":[],"yoast_head":"<!-- This site is optimized with the Yoast SEO plugin v27.4 - https:\/\/yoast.com\/product\/yoast-seo-wordpress\/ -->\n<title>Qaydalar onu pozmaq \u00fc\u00e7\u00fcnd\u00fcr - MEYDAN.TV<\/title>\n<meta name=\"robots\" content=\"index, follow, max-snippet:-1, max-image-preview:large, max-video-preview:-1\" \/>\n<link rel=\"canonical\" href=\"https:\/\/www.meydan.tv\/az\/article\/qaydalar-onu-pozmaq-ucundur\/\" \/>\n<meta property=\"og:locale\" content=\"az_AZ\" \/>\n<meta property=\"og:type\" content=\"article\" \/>\n<meta property=\"og:title\" content=\"Qaydalar onu pozmaq \u00fc\u00e7\u00fcnd\u00fcr - MEYDAN.TV\" \/>\n<meta property=\"og:description\" content=\"Xeyli vaxtd\u0131r dart\u0131\u015f\u0131lan m\u00f6vzuya s\u00f6zard\u0131\" \/>\n<meta property=\"og:url\" content=\"https:\/\/www.meydan.tv\/az\/article\/qaydalar-onu-pozmaq-ucundur\/\" \/>\n<meta property=\"og:site_name\" content=\"MEYDAN.TV\" \/>\n<meta property=\"article:published_time\" content=\"2017-08-01T20:02:11+00:00\" \/>\n<meta property=\"og:image\" content=\"https:\/\/www.meydan.tv\/wp-content\/uploads\/35488.jpg\" \/>\n\t<meta property=\"og:image:width\" content=\"1000\" \/>\n\t<meta property=\"og:image:height\" content=\"633\" \/>\n\t<meta property=\"og:image:type\" content=\"image\/jpeg\" \/>\n<meta name=\"author\" content=\"user-manager\" \/>\n<meta name=\"twitter:card\" content=\"summary_large_image\" \/>\n<script type=\"application\/ld+json\" class=\"yoast-schema-graph\">{\"@context\":\"https:\\\/\\\/schema.org\",\"@graph\":[{\"@type\":\"Article\",\"@id\":\"https:\\\/\\\/www.meydan.tv\\\/az\\\/article\\\/qaydalar-onu-pozmaq-ucundur\\\/#article\",\"isPartOf\":{\"@id\":\"https:\\\/\\\/www.meydan.tv\\\/az\\\/article\\\/qaydalar-onu-pozmaq-ucundur\\\/\"},\"author\":{\"name\":\"user-manager\",\"@id\":\"https:\\\/\\\/www.meydan.tv\\\/az\\\/#\\\/schema\\\/person\\\/10d11eccf6da3662cf5fdab9806ea91a\"},\"headline\":\"Qaydalar onu pozmaq \u00fc\u00e7\u00fcnd\u00fcr\",\"datePublished\":\"2017-08-01T20:02:11+00:00\",\"mainEntityOfPage\":{\"@id\":\"https:\\\/\\\/www.meydan.tv\\\/az\\\/article\\\/qaydalar-onu-pozmaq-ucundur\\\/\"},\"wordCount\":1334,\"publisher\":{\"@id\":\"https:\\\/\\\/www.meydan.tv\\\/az\\\/#organization\"},\"image\":{\"@id\":\"https:\\\/\\\/www.meydan.tv\\\/az\\\/article\\\/qaydalar-onu-pozmaq-ucundur\\\/#primaryimage\"},\"thumbnailUrl\":\"https:\\\/\\\/www.meydan.tv\\\/wp-content\\\/uploads\\\/35488.jpg\",\"articleSection\":[\"Analitika\"],\"inLanguage\":\"az\"},{\"@type\":\"WebPage\",\"@id\":\"https:\\\/\\\/www.meydan.tv\\\/az\\\/article\\\/qaydalar-onu-pozmaq-ucundur\\\/\",\"url\":\"https:\\\/\\\/www.meydan.tv\\\/az\\\/article\\\/qaydalar-onu-pozmaq-ucundur\\\/\",\"name\":\"Qaydalar onu pozmaq \u00fc\u00e7\u00fcnd\u00fcr - MEYDAN.TV\",\"isPartOf\":{\"@id\":\"https:\\\/\\\/www.meydan.tv\\\/az\\\/#website\"},\"primaryImageOfPage\":{\"@id\":\"https:\\\/\\\/www.meydan.tv\\\/az\\\/article\\\/qaydalar-onu-pozmaq-ucundur\\\/#primaryimage\"},\"image\":{\"@id\":\"https:\\\/\\\/www.meydan.tv\\\/az\\\/article\\\/qaydalar-onu-pozmaq-ucundur\\\/#primaryimage\"},\"thumbnailUrl\":\"https:\\\/\\\/www.meydan.tv\\\/wp-content\\\/uploads\\\/35488.jpg\",\"datePublished\":\"2017-08-01T20:02:11+00:00\",\"breadcrumb\":{\"@id\":\"https:\\\/\\\/www.meydan.tv\\\/az\\\/article\\\/qaydalar-onu-pozmaq-ucundur\\\/#breadcrumb\"},\"inLanguage\":\"az\",\"potentialAction\":[{\"@type\":\"ReadAction\",\"target\":[\"https:\\\/\\\/www.meydan.tv\\\/az\\\/article\\\/qaydalar-onu-pozmaq-ucundur\\\/\"]}]},{\"@type\":\"ImageObject\",\"inLanguage\":\"az\",\"@id\":\"https:\\\/\\\/www.meydan.tv\\\/az\\\/article\\\/qaydalar-onu-pozmaq-ucundur\\\/#primaryimage\",\"url\":\"https:\\\/\\\/www.meydan.tv\\\/wp-content\\\/uploads\\\/35488.jpg\",\"contentUrl\":\"https:\\\/\\\/www.meydan.tv\\\/wp-content\\\/uploads\\\/35488.jpg\",\"width\":1000,\"height\":633,\"caption\":\"Source:\"},{\"@type\":\"BreadcrumbList\",\"@id\":\"https:\\\/\\\/www.meydan.tv\\\/az\\\/article\\\/qaydalar-onu-pozmaq-ucundur\\\/#breadcrumb\",\"itemListElement\":[{\"@type\":\"ListItem\",\"position\":1,\"name\":\"Ana s\u0259hif\u0259\",\"item\":\"https:\\\/\\\/www.meydan.tv\\\/az\\\/\"},{\"@type\":\"ListItem\",\"position\":2,\"name\":\"Analitika\",\"item\":\"https:\\\/\\\/www.meydan.tv\\\/az\\\/section\\\/analitika\\\/\"},{\"@type\":\"ListItem\",\"position\":3,\"name\":\"Qaydalar onu pozmaq \u00fc\u00e7\u00fcnd\u00fcr\"}]},{\"@type\":\"WebSite\",\"@id\":\"https:\\\/\\\/www.meydan.tv\\\/az\\\/#website\",\"url\":\"https:\\\/\\\/www.meydan.tv\\\/az\\\/\",\"name\":\"MEYDAN.TV\",\"description\":\"Meydan TV Az\u0259rbaycan\u0131n media m\u0259kan\u0131ndak\u0131 alternativ s\u0259sidir\",\"publisher\":{\"@id\":\"https:\\\/\\\/www.meydan.tv\\\/az\\\/#organization\"},\"potentialAction\":[{\"@type\":\"SearchAction\",\"target\":{\"@type\":\"EntryPoint\",\"urlTemplate\":\"https:\\\/\\\/www.meydan.tv\\\/az\\\/?s={search_term_string}\"},\"query-input\":{\"@type\":\"PropertyValueSpecification\",\"valueRequired\":true,\"valueName\":\"search_term_string\"}}],\"inLanguage\":\"az\"},{\"@type\":\"Organization\",\"@id\":\"https:\\\/\\\/www.meydan.tv\\\/az\\\/#organization\",\"name\":\"Meydan TV\",\"url\":\"https:\\\/\\\/www.meydan.tv\\\/az\\\/\",\"logo\":{\"@type\":\"ImageObject\",\"inLanguage\":\"az\",\"@id\":\"https:\\\/\\\/www.meydan.tv\\\/az\\\/#\\\/schema\\\/logo\\\/image\\\/\",\"url\":\"https:\\\/\\\/www.meydan.tv\\\/wp-content\\\/uploads\\\/2021\\\/07\\\/meydan-logo.svg\",\"contentUrl\":\"https:\\\/\\\/www.meydan.tv\\\/wp-content\\\/uploads\\\/2021\\\/07\\\/meydan-logo.svg\",\"width\":195,\"height\":46,\"caption\":\"Meydan TV\"},\"image\":{\"@id\":\"https:\\\/\\\/www.meydan.tv\\\/az\\\/#\\\/schema\\\/logo\\\/image\\\/\"}},{\"@type\":\"Person\",\"@id\":\"https:\\\/\\\/www.meydan.tv\\\/az\\\/#\\\/schema\\\/person\\\/10d11eccf6da3662cf5fdab9806ea91a\",\"name\":\"user-manager\"}]}<\/script>\n<!-- \/ Yoast SEO plugin. -->","yoast_head_json":{"title":"Qaydalar onu pozmaq \u00fc\u00e7\u00fcnd\u00fcr - MEYDAN.TV","robots":{"index":"index","follow":"follow","max-snippet":"max-snippet:-1","max-image-preview":"max-image-preview:large","max-video-preview":"max-video-preview:-1"},"canonical":"https:\/\/www.meydan.tv\/az\/article\/qaydalar-onu-pozmaq-ucundur\/","og_locale":"az_AZ","og_type":"article","og_title":"Qaydalar onu pozmaq \u00fc\u00e7\u00fcnd\u00fcr - MEYDAN.TV","og_description":"Xeyli vaxtd\u0131r dart\u0131\u015f\u0131lan m\u00f6vzuya s\u00f6zard\u0131","og_url":"https:\/\/www.meydan.tv\/az\/article\/qaydalar-onu-pozmaq-ucundur\/","og_site_name":"MEYDAN.TV","article_published_time":"2017-08-01T20:02:11+00:00","og_image":[{"width":1000,"height":633,"url":"https:\/\/www.meydan.tv\/wp-content\/uploads\/35488.jpg","type":"image\/jpeg"}],"author":"user-manager","twitter_card":"summary_large_image","schema":{"@context":"https:\/\/schema.org","@graph":[{"@type":"Article","@id":"https:\/\/www.meydan.tv\/az\/article\/qaydalar-onu-pozmaq-ucundur\/#article","isPartOf":{"@id":"https:\/\/www.meydan.tv\/az\/article\/qaydalar-onu-pozmaq-ucundur\/"},"author":{"name":"user-manager","@id":"https:\/\/www.meydan.tv\/az\/#\/schema\/person\/10d11eccf6da3662cf5fdab9806ea91a"},"headline":"Qaydalar onu pozmaq \u00fc\u00e7\u00fcnd\u00fcr","datePublished":"2017-08-01T20:02:11+00:00","mainEntityOfPage":{"@id":"https:\/\/www.meydan.tv\/az\/article\/qaydalar-onu-pozmaq-ucundur\/"},"wordCount":1334,"publisher":{"@id":"https:\/\/www.meydan.tv\/az\/#organization"},"image":{"@id":"https:\/\/www.meydan.tv\/az\/article\/qaydalar-onu-pozmaq-ucundur\/#primaryimage"},"thumbnailUrl":"https:\/\/www.meydan.tv\/wp-content\/uploads\/35488.jpg","articleSection":["Analitika"],"inLanguage":"az"},{"@type":"WebPage","@id":"https:\/\/www.meydan.tv\/az\/article\/qaydalar-onu-pozmaq-ucundur\/","url":"https:\/\/www.meydan.tv\/az\/article\/qaydalar-onu-pozmaq-ucundur\/","name":"Qaydalar onu pozmaq \u00fc\u00e7\u00fcnd\u00fcr - MEYDAN.TV","isPartOf":{"@id":"https:\/\/www.meydan.tv\/az\/#website"},"primaryImageOfPage":{"@id":"https:\/\/www.meydan.tv\/az\/article\/qaydalar-onu-pozmaq-ucundur\/#primaryimage"},"image":{"@id":"https:\/\/www.meydan.tv\/az\/article\/qaydalar-onu-pozmaq-ucundur\/#primaryimage"},"thumbnailUrl":"https:\/\/www.meydan.tv\/wp-content\/uploads\/35488.jpg","datePublished":"2017-08-01T20:02:11+00:00","breadcrumb":{"@id":"https:\/\/www.meydan.tv\/az\/article\/qaydalar-onu-pozmaq-ucundur\/#breadcrumb"},"inLanguage":"az","potentialAction":[{"@type":"ReadAction","target":["https:\/\/www.meydan.tv\/az\/article\/qaydalar-onu-pozmaq-ucundur\/"]}]},{"@type":"ImageObject","inLanguage":"az","@id":"https:\/\/www.meydan.tv\/az\/article\/qaydalar-onu-pozmaq-ucundur\/#primaryimage","url":"https:\/\/www.meydan.tv\/wp-content\/uploads\/35488.jpg","contentUrl":"https:\/\/www.meydan.tv\/wp-content\/uploads\/35488.jpg","width":1000,"height":633,"caption":"Source:"},{"@type":"BreadcrumbList","@id":"https:\/\/www.meydan.tv\/az\/article\/qaydalar-onu-pozmaq-ucundur\/#breadcrumb","itemListElement":[{"@type":"ListItem","position":1,"name":"Ana s\u0259hif\u0259","item":"https:\/\/www.meydan.tv\/az\/"},{"@type":"ListItem","position":2,"name":"Analitika","item":"https:\/\/www.meydan.tv\/az\/section\/analitika\/"},{"@type":"ListItem","position":3,"name":"Qaydalar onu pozmaq \u00fc\u00e7\u00fcnd\u00fcr"}]},{"@type":"WebSite","@id":"https:\/\/www.meydan.tv\/az\/#website","url":"https:\/\/www.meydan.tv\/az\/","name":"MEYDAN.TV","description":"Meydan TV Az\u0259rbaycan\u0131n media m\u0259kan\u0131ndak\u0131 alternativ s\u0259sidir","publisher":{"@id":"https:\/\/www.meydan.tv\/az\/#organization"},"potentialAction":[{"@type":"SearchAction","target":{"@type":"EntryPoint","urlTemplate":"https:\/\/www.meydan.tv\/az\/?s={search_term_string}"},"query-input":{"@type":"PropertyValueSpecification","valueRequired":true,"valueName":"search_term_string"}}],"inLanguage":"az"},{"@type":"Organization","@id":"https:\/\/www.meydan.tv\/az\/#organization","name":"Meydan TV","url":"https:\/\/www.meydan.tv\/az\/","logo":{"@type":"ImageObject","inLanguage":"az","@id":"https:\/\/www.meydan.tv\/az\/#\/schema\/logo\/image\/","url":"https:\/\/www.meydan.tv\/wp-content\/uploads\/2021\/07\/meydan-logo.svg","contentUrl":"https:\/\/www.meydan.tv\/wp-content\/uploads\/2021\/07\/meydan-logo.svg","width":195,"height":46,"caption":"Meydan TV"},"image":{"@id":"https:\/\/www.meydan.tv\/az\/#\/schema\/logo\/image\/"}},{"@type":"Person","@id":"https:\/\/www.meydan.tv\/az\/#\/schema\/person\/10d11eccf6da3662cf5fdab9806ea91a","name":"user-manager"}]}},"_links":{"self":[{"href":"https:\/\/www.meydan.tv\/az\/wp-json\/wp\/v2\/posts\/185861","targetHints":{"allow":["GET"]}}],"collection":[{"href":"https:\/\/www.meydan.tv\/az\/wp-json\/wp\/v2\/posts"}],"about":[{"href":"https:\/\/www.meydan.tv\/az\/wp-json\/wp\/v2\/types\/post"}],"author":[{"embeddable":true,"href":"https:\/\/www.meydan.tv\/az\/wp-json\/wp\/v2\/users\/11"}],"replies":[{"embeddable":true,"href":"https:\/\/www.meydan.tv\/az\/wp-json\/wp\/v2\/comments?post=185861"}],"version-history":[{"count":0,"href":"https:\/\/www.meydan.tv\/az\/wp-json\/wp\/v2\/posts\/185861\/revisions"}],"wp:featuredmedia":[{"embeddable":true,"href":"https:\/\/www.meydan.tv\/az\/wp-json\/wp\/v2\/media\/89992"}],"wp:attachment":[{"href":"https:\/\/www.meydan.tv\/az\/wp-json\/wp\/v2\/media?parent=185861"}],"wp:term":[{"taxonomy":"category","embeddable":true,"href":"https:\/\/www.meydan.tv\/az\/wp-json\/wp\/v2\/categories?post=185861"},{"taxonomy":"post_tag","embeddable":true,"href":"https:\/\/www.meydan.tv\/az\/wp-json\/wp\/v2\/tags?post=185861"}],"curies":[{"name":"wp","href":"https:\/\/api.w.org\/{rel}","templated":true}]}}