{"id":185770,"date":"2017-07-26T20:39:38","date_gmt":"2017-07-26T20:39:38","guid":{"rendered":"https:\/\/www.meydan.tv\/article\/urek-agrisi-konul-yangisi\/"},"modified":"2017-07-26T20:39:38","modified_gmt":"2017-07-26T20:39:38","slug":"urek-agrisi-konul-yangisi","status":"publish","type":"post","link":"https:\/\/www.meydan.tv\/az\/article\/urek-agrisi-konul-yangisi\/","title":{"rendered":"\u00dcr\u0259k a\u011fr\u0131s\u0131, k\u00f6n\u00fcl yan\u011f\u0131s\u0131"},"content":{"rendered":"<p>\n  Sinnim v\u00fccudumu q\u00fcruba apar\u0131r. H\u0259yat\u0131m\u0131 xat\u0131rlay\u0131ram. Yanl\u0131\u015f t\u0259s\u0259vv\u00fcrl\u0259rimin, tovlan\u0131b inand\u0131\u011f\u0131m insanlar\u0131n, pu\u00e7a \u00e7\u0131xm\u0131\u015f \u00fcmidl\u0259rimin indi bir o q\u0259d\u0259r d\u0259 m\u0259nas\u0131 v\u0259 v\u0259zni yoxdur. F\u0259q\u0259t bir ne\u00e7\u0259 t\u0259m\u0259l, sars\u0131lmaz m\u0259fhumlar qal\u0131b ki, onlars\u0131z, \u00fcmumiyy\u0259tl\u0259, ya\u015fama\u011fa d\u0259ym\u0259z: \u015f\u0259r\u0259f v\u0259 l\u0259yaq\u0259t, V\u0259t\u0259n\u0259 sevgi, \u0259zizl\u0259rimin g\u0259l\u0259c\u0259yi. Heyr\u0259tl\u0259 g\u00f6r\u00fcr\u0259m ki, Az\u0259rbaycanda yaranm\u0131\u015f ger\u00e7\u0259klik bu m\u0259fhumlar aras\u0131nda ke\u00e7ilm\u0259si m\u00fcmk\u00fcn olmayan s\u0259dl\u0259r \u00e7\u0259kib.\n<\/p>\n<p>\n  \u018fzizl\u0259rimd\u0259n ba\u015flay\u0131m. \u00d6z\u00fcm he\u00e7, bayaq \u0259rz etdim ki, \u00f6mr\u00fcm\u00fc s\u00fcr\u00fcb quruba yax\u0131nla\u015f\u0131ram. N\u0259 s\u0259rv\u0259tim var, n\u0259 d\u0259 yadda qalas\u0131 u\u011furum. Birc\u0259 onunla f\u0259xr edir\u0259m ki, \u015f\u0259r\u0259f v\u0259 l\u0259yaq\u0259timi qoruya bilmi\u015f\u0259m, n\u0259 z\u0259r\u0259, n\u0259 zora \u0259yilmi\u015f\u0259m. \u00d6l\u00fcmd\u0259n qorxmam\u0131\u015fam, n\u0259fsim\u0259 daim qalib g\u0259lmi\u015f\u0259m. Do\u011fma V\u0259t\u0259nimd\u0259 q\u0259rib kimi ya\u015fam\u0131\u015fam. Al\u00e7aq atalar\u0131n r\u0259zil \u201cPalaza b\u00fcr\u00fcn, eln\u0259n s\u00fcr\u00fcn\u201d kimi m\u0259sl\u0259h\u0259tin\u0259 he\u00e7 vaxt uymam\u0131\u015fam, vicdan\u0131m\u0131n s\u0259sin\u0259 qulaq asm\u0131\u015fam. He\u00e7 vaxt dikg\u0259z\u0259n m\u0259m\u0259li ikiayaql\u0131lar s\u00fcr\u00fcs\u00fcn\u00fcn t\u0259sirin\u0259 d\u00fc\u015fm\u0259mi\u015f\u0259m, \u0259ks\u0259riyy\u0259tin \u0259yildiyi r\u0259zal\u0259t\u0259 ba\u015f \u0259ym\u0259mi\u015f\u0259m.\n<\/p>\n<p>\n  Lakin m\u0259nim \u0259zizl\u0259rim bu V\u0259t\u0259nimd\u0259 m\u0259nim \u00fcmid etdiyim kimi \u015f\u0259r\u0259f v\u0259 l\u0259yaq\u0259tl\u0259 ya\u015faya bil\u0259c\u0259kl\u0259rmi? \u00dcmumiyy\u0259tl\u0259, bu V\u0259t\u0259n ya\u015famaq \u00fc\u00e7\u00fcn m\u00fcnasibdirmi?\n<\/p>\n<p>\n  M\u0259nim n\u0259slim g\u0259l\u0259n n\u0259sl\u0259 hans\u0131 Az\u0259rbaycan\u0131 miras qoyur?\n<\/p>\n<p>\n  Zahir\u0259n baxanda, m\u0259nim n\u0259slim \u00f6z x\u0259l\u0259fl\u0259rin\u0259 \u0259razisi ki\u00e7ilmi\u015f, Qaraba\u011fs\u0131z Az\u0259rbaycan\u0131 qoyur. Niy\u0259sini soru\u015fmaq laz\u0131m deyil, s\u0259b\u0259b \u00e7ox ayd\u0131nd\u0131r: V\u0259t\u0259nin \u201cdilb\u0259r gu\u015f\u0259si\u201d Qaraba\u011f\u0131 hakimiyy\u0259t\u0259, neft\u0259, r\u00fc\u015fv\u0259t\u0259, v\u0259zif\u0259l\u0259r\u0259 d\u0259yi\u015fdil\u0259r. Kim? B\u00f6yl\u0259 b\u0259sit sualm\u0131 ver\u0259rl\u0259r? Son otuz ild\u0259 hakimiyy\u0259td\u0259 oturmu\u015f insanlar, hakimiyy\u0259td\u0259 oturduqlar\u0131 ill\u0259rin say\u0131na m\u00fct\u0259nasib payda h\u0259min bu cinay\u0259tin m\u0259suliyy\u0259tini da\u015f\u0131mal\u0131d\u0131rlar. F\u0259q\u0259t da\u015f\u0131m\u0131rlar.\n<\/p>\n<p>\n  M\u0259nim n\u0259slim \u00f6z x\u0259l\u0259fl\u0259rin\u0259 s\u0259nayesi da\u011f\u0131lm\u0131\u015f, elmi-texniki potensial\u0131 \u0259m\u0259li olaraq m\u0259hv edilmi\u015f Az\u0259rbaycan verir. Erm\u0259nistanda \u0130T sektorunun art\u0131q yar\u0131m milyard dollarl\u0131q d\u00f6vriyy\u0259ni a\u015fd\u0131\u011f\u0131n\u0131 xat\u0131rlasaq, hakim z\u00fcmr\u0259mizin f\u0259rsizliyin\u0259 he\u00e7 bir \u0259lav\u0259 s\u00fcbut laz\u0131m deyil.\n<\/p>\n<p>\n  M\u0259nim n\u0259slim \u00f6z\u00fcnd\u0259n sonra elm\u0259 v\u0259 \u0259d\u0259biyyata tam yad bir n\u0259sil t\u0259rk edir. M\u0259kt\u0259b ill\u0259rimd\u0259 sinif yolda\u015flar\u0131m kitab oxumaq \u00fc\u00e7\u00fcn n\u00f6vb\u0259y\u0259 durard\u0131, indi \u0259lli g\u0259nc\u0259 qira\u0259t bar\u0259d\u0259 sual verir\u0259m, yaln\u0131z biri n\u0259 is\u0259 oxuyub. \u018fllid\u0259n biri! Anlay\u0131ram ki, Ramiz \u018fnv\u0259rovi\u00e7in memarl\u0131\u011f\u0131 il\u0259 tikilmi\u015f c\u0259miyy\u0259timiz \u00f6z \u0259z\u0259li m\u0259qs\u0259din\u0259 \u00e7at\u0131b, d\u00fc\u015f\u00fcnm\u0259y\u0259n m\u0259xluqlar\u0131n \u0259ks\u0259riyy\u0259t t\u0259\u015fkil etdiyi bir m\u00fchit yaran\u0131b. El\u0259 bir m\u00fchit ki, qanmaz adam qanan adama q\u0259z\u0259bl\u0259 ba\u011f\u0131r\u0131r: \u201csus, \u0259d\u0259bsiz!\u201d\n<\/p>\n<p>\n  M\u0259nim \u0259zizl\u0259rim el\u0259 bir c\u0259miyy\u0259t\u0259 d\u00fc\u015f\u00fcbl\u0259r ki, h\u0259min c\u0259miyy\u0259tin g\u0259l\u0259c\u0259yi yoxdur. Riyakarl\u0131qla \u201cimkanl\u0131\u201d adlanan o\u011fru d\u0259st\u0259si var\u0131n\u0131 da, \u00f6vlad\u0131n\u0131 da xaric\u0259 qa\u00e7\u0131r\u0131r.\n<\/p>\n<p>\n  Sad\u0259 insanlardan \u0259vv\u0259l onlar anlay\u0131rlar ki, qurduqlar\u0131 bu d\u00f6vl\u0259tin g\u0259l\u0259c\u0259yi yoxdur.\n<\/p>\n<p>\n  Onlar\u0131n ard\u0131nca bacaran h\u0259r k\u0259s Az\u0259rbaycandan qa\u00e7\u0131r. M\u00fcxalif\u0259t ad\u0131 il\u0259, jurnalist-bloger ad\u0131 il\u0259, erm\u0259ni-y\u0259hudu ad\u0131 il\u0259 bacaran \u0259kilir bu d\u00f6vl\u0259td\u0259n. Qalanlar is\u0259 acizan\u0259 f\u0259ryad \u00e7\u0259kib qans\u0131z hakim z\u00fcmr\u0259d\u0259n \u0259b\u0259s yer\u0259 insaf v\u0259 m\u00fcr\u00fcvv\u0259t dil\u0259yirl\u0259r. \u018fb\u0259s yer\u0259!\n<\/p>\n<p>\n  Az\u0259rbaycan\u0131n \u00e7ox pulaparan m\u00fcc\u0259ssim\u0259l\u0259ri var: Yevrovijn, Panavropa idman yar\u0131\u015flar\u0131, \u0130slamiada v\u0259 sair EKSPOlar&#8230; Onlar\u0131n he\u00e7 birind\u0259n xalq\u0131m\u0131za v\u0259 d\u00f6vl\u0259timiz\u0259 n\u0259h\u0259ng ziyandan savay\u0131 bir q\u0259piklik xeyir g\u0259lm\u0259yib.\n<\/p>\n<p>\n  Hakim z\u00fcmr\u0259y\u0259 se\u00e7ki el\u0259 apar\u0131l\u0131r ki, oraya d\u00fc\u015f\u0259n \u201cqazanmaq\u201d s\u00f6z\u00fcn\u00fc \u201cb\u00fcdc\u0259ni talamaq\u201d kimi anlay\u0131r. Bir m\u0259\u015fhur \u201coliqarx\u201d\u0131n m\u00fclkiyy\u0259tind\u0259 olan 120 \u015firk\u0259td\u0259n biri d\u0259 g\u0259lirl\u0259 i\u015fl\u0259mir. Lakin bazar iqtisadiyyat\u0131nda g\u00f6r\u00fcnm\u0259y\u0259n m\u00f6c\u00fcz\u0259 ba\u015f verir, 25 il ziyanla i\u015fl\u0259y\u0259n holdinq m\u00fcflis olmur. Niy\u0259? Hans\u0131 bank pe\u015f\u0259kar m\u00fcflis\u0259 borc verir? He\u00e7 bir bank vermir. B\u0259s pul haradand\u0131r? B\u00fcdc\u0259d\u0259n. M\u00fck\u0259mm\u0259l r\u00fc\u015fv\u0259t piramidas\u0131ndan.\n<\/p>\n<p>\n  D\u00fcnyada el\u0259 d\u00f6vl\u0259tl\u0259r var ki, onlar\u0131n borcu illik g\u0259lirl\u0259rind\u0259n d\u0259f\u0259l\u0259rl\u0259 \u00e7oxdur. Ham\u0131ya b\u0259llidir ki, onlar bu borcu he\u00e7 vaxt qaytara bilm\u0259y\u0259c\u0259k. Vaxta\u015f\u0131r\u0131 s\u0259l\u0259m\u00e7il\u0259r topla\u015f\u0131b bu miskin guya d\u00f6vl\u0259tl\u0259rin borclar\u0131n\u0131 silirl\u0259r.\n<\/p>\n<p>\n  Bizim d\u0259 guya biznesmen \u0259rbab\u0131m\u0131z\u0131n xalqdan borc v\u0259 ya q\u0259nim\u0259t kimi \u00e7ald\u0131qlar\u0131 pullar m\u00fcnt\u0259z\u0259m silinir, guya m\u00fcc\u0259rr\u0259d \u201cb\u00fcdc\u0259\u201d hesab\u0131na \u00f6d\u0259nir. \u201cB\u00fcdc\u0259\u201dnin \u0259sl ad\u0131 \u201cxalq\u0131n pulu\u201ddur. Hakim z\u00fcmr\u0259mizin m\u00fcasir z\u0259man\u0259y\u0259, elm\u0259 v\u0259 d\u0259rrak\u0259y\u0259 uy\u011fun g\u0259lm\u0259y\u0259n bivecliyinin maliyy\u0259 itkisini xalq \u00f6d\u0259yir. 25 ildir ki, \u00f6d\u0259yir.\n<\/p>\n<p>\n  Bu V\u0259t\u0259nd\u0259 m\u0259nim \u0259zizl\u0259rim \u015f\u0259r\u0259f v\u0259 l\u0259yaq\u0259tl\u0259 ya\u015faya bil\u0259c\u0259kl\u0259rmi? \u00c7\u0259tin. He\u00e7 vaxt a\u011fl\u0131ma g\u0259tirm\u0259mi\u015f\u0259m ki, V\u0259t\u0259nimi t\u0259rk edim. Lakin indi q\u0259ti \u0259min\u0259m ki, bu V\u0259t\u0259nd\u0259 \u015f\u0259r\u0259f v\u0259 l\u0259yaq\u0259tl\u0259 ya\u015famaq h\u0259dsiz m\u00fc\u015fk\u00fcl i\u015fdir. D\u00fc\u015f\u00fcn\u00fcr\u0259m ki, \u0259zizl\u0259rimd\u0259 m\u0259nd\u0259 olan s\u0259bat v\u0259 d\u00f6z\u00fcm yoxdur. Onlara he\u00e7 \u00e7\u0259kdiyim c\u0259falar\u0131 \u00e7\u0259km\u0259yi arzulam\u0131ram da. Odur ki, s\u0259lam\u0259t v\u0259 dinc ya\u015famaq \u00fc\u00e7\u00fcn ba\u015fqa m\u0259kan axtarmal\u0131 olacaqlar. \u201cC\u0259nn\u0259t m\u0259kan\u201d Az\u0259rbaycan\u0131 hakim z\u00fcmr\u0259 viran\u0259y\u0259 \u00e7evirib.<br \/>\n  <br \/>\n  Q\u0259rib\u0259 viran\u0259dir, deyilmi? Zahir\u0259n abad, s\u0259liq\u0259li, asfaltlanm\u0131\u015f, g\u00fcl-\u00e7i\u00e7\u0259k \u0259kilmi\u015f, divarlar\u0131 qa\u015f\u0131nm\u0131\u015f v\u0259 aqlay yap\u0131\u015fd\u0131r\u0131lm\u0131\u015f viran\u0259 \u00f6lk\u0259. H\u0259r \u015feyi var, bir azadl\u0131qdan ba\u015fqa.\n<\/p>\n<p>\n  Bax\u0131rsan m\u00f6ht\u0259\u015f\u0259m Ali M\u0259hk\u0259m\u0259 saray\u0131na, \u00fcst\u00fcnd\u0259 guya \u201c\u018fdliyy\u0259\u201d s\u00f6z\u00fc yaz\u0131l\u0131b, oxuyursan \u201cZ\u00fclmiyy\u0259\u201d. \u00dcst\u00fc m\u0259rm\u0259r \u201cMilli M\u0259clis\u201d\u0259 yavuqla\u015f\u0131b anlay\u0131rsan ki, bu ad\u0131n \u0259vv\u0259lind\u0259 \u201cAnti\u201d \u00e7at\u0131\u015fm\u0131r. Vergil\u0259r Nazirliyi n\u0259dir? Total r\u00fc\u015fv\u0259t v\u0259 qar\u0259t nazirliyi. G\u00f6mr\u00fck n\u0259dir? Dinm\u0259 verdir, r\u0259smi qa\u00e7aqmal\u00e7\u0131l\u0131q komit\u0259sidir. K\u0259nd T\u0259s\u0259rr\u00fcfat\u0131 Nazirliyinuin \u0259sl ad\u0131 \u201cK\u0259ndistan M\u0259zarl\u0131\u011f\u0131\u201d olmal\u0131d\u0131r, zira bu idar\u0259 k\u0259ndimizi otuz ildir m\u0259hv edir.\n<\/p>\n<p>\n  Polis. \u015e\u0259rl\u0259m\u0259, b\u00f6htan, i\u015fg\u0259nc\u0259, qorxu v\u0259 vahim\u0259 m\u0259nb\u0259yi. D\u00f6vl\u0259tin m\u0259chul v\u0259 qorxunc \u0259zici al\u0259ti. \u0130ctimai asayi\u015f\u0259 he\u00e7 bir aidiyyat\u0131 olmayan bir qurum.\n<\/p>\n<p>\n  B\u0259l\u0259diyy\u0259? G\u00fcl\u00fcnc v\u0259 r\u0259zil bir g\u00f6r\u00fcnt\u00fc, demokratiyaya ihan\u0259 v\u0259 kinay\u0259.\n<\/p>\n<p>\n  TV? \u018fhalinin manqurtla\u015fd\u0131r\u0131lmas\u0131 m\u0259kt\u0259bi, s\u0259n\u0259tin q\u0259nimi, m\u0259rif\u0259tin d\u00fc\u015fm\u0259ni, b\u00fcdc\u0259 pullar\u0131n\u0131 yuyan ma\u015f\u0131n.\n<\/p>\n<p>\n  M\u0259tbuat? \u00d6l\u00fc can. \u0130nternet? Bloklan\u0131b. Jurnalistl\u0259r? Hakimiyy\u0259td\u0259n s\u0259d\u0259q\u0259 yar\u0131\u015f\u0131na qo\u015fulan m\u0259xluqatdan jurnalist \u00e7\u0131xmaz.\n<\/p>\n<p>\n  M\u0259kt\u0259b v\u0259 m\u00fc\u0259lliml\u0259r? Se\u00e7ki saxtakarl\u0131\u011f\u0131n\u0131n atalar\u0131 v\u0259 analar\u0131, m\u00fcti r\u0259iyy\u0259t t\u0259rbiy\u0259sinin ocaqlar\u0131.\n<\/p>\n<p>\n  S\u0259hiyy\u0259? Naziri can\u0131n\u0131n m\u00fcalic\u0259si \u00fc\u00e7\u00fcn xaric\u0259 gedir, s\u0131ravi v\u0259t\u0259nda\u015flar da ona bax\u0131b \u0130rana-Turana \u00fcz tutur.\n<\/p>\n<p>\n  Bel\u0259 \u00f6lk\u0259 \u00fc\u00e7\u00fcn hans\u0131 g\u0259l\u0259c\u0259k arzulamaq olar? G\u0259l\u0259c\u0259k olan\u0131n ard\u0131 v\u0259 inki\u015faf\u0131 \u00fcz\u0259rind\u0259 qurulur. Hans\u0131 m\u00fcsb\u0259t miras\u0131m\u0131z var ki, onun \u00fcz\u0259rind\u0259 \u0259zizl\u0259rimiz \u00fc\u00e7\u00fcn rahat v\u0259 m\u00fcnasib bir \u00f6lk\u0259 quraq?\n<\/p>\n<p>\n  M\u0259n g\u00f6rm\u00fcr\u0259m. M\u00fcxalif\u0259td\u0259n soru\u015fmay\u0131n, orada da savads\u0131zl\u0131q h\u00f6km s\u00fcr\u00fcr. V\u0259t\u0259nda\u015f c\u0259miyy\u0259ti \u00f6mr\u00fcn\u00fc ba\u011f\u0131\u015flay\u0131b ba\u015fda Prezident Aparat\u0131 olmaqla \u018fdiyy\u0259 v\u0259 Maliyy\u0259 nazirlikl\u0259rin\u0259.\n<\/p>\n<p>\n  Ziyal\u0131dan sormay\u0131n, h\u00fcrk\u00fcd\u00fcb qorxudars\u0131n\u0131z&#8230;\n<\/p>\n<p>\n  Hakim z\u00fcmr\u0259 d\u00fcnyaya m\u00fcraci\u0259t edir ki, \u201cAz\u0259rbaycana s\u0259rmay\u0259 qoyun!\u201d\n<\/p>\n<p>\n  Ha-ha-ha!!!! On be\u015f ya\u015fl\u0131 n\u0259v\u0259m \u00f6z \u0259l i\u015fl\u0259rini \u0130nternetd\u0259 yerl\u0259\u015fdirib, bir ne\u00e7\u0259 xaricinin xo\u015funa g\u0259lib, bir r\u0259smi on dollara almaq ist\u0259yibl\u0259r. U\u015faq raz\u0131la\u015f\u0131b. Pul g\u00f6nd\u0259rm\u0259k ist\u0259yirl\u0259r. Az\u0259rbaycan h\u00f6kum\u0259ti v\u0259t\u0259nda\u015f\u0131m\u0131za xaricd\u0259n on dollar alma\u011f\u0131 qada\u011fan edir.\n<\/p>\n<p>\n  N\u0259 r\u0259zil, n\u0259 h\u0259qir bir d\u00f6vl\u0259t qurduq!\n<\/p>\n<p>\n  Amma etiraf edim ki, h\u0259qiq\u0259t\u0259n millidir! Mill\u0259timiz\u0259 m\u00fcnasib, m\u00fct\u0259nasib, \u0259ynin\u0259 bi\u00e7ilib oturan d\u00f6vl\u0259tdir.\n<\/p>\n<p>\n  Rusiyan\u0131n sabiq ba\u015f naziri, rus folkloruna d\u0259y\u0259rli t\u00f6hf\u0259l\u0259r vermi\u015f m\u0259rhum Viktor \u00c7ermom\u0131rdinin s\u0259rrat ifad\u0259si var: \u201c\u0130st\u0259dik daha yax\u015f\u0131 al\u0131ns\u0131n, h\u0259mi\u015f\u0259ki kimi \u00e7\u0131xd\u0131\u201d.\n<\/p>\n<p>\n  T\u0259k Rusiyaya deyil, h\u0259m d\u0259 bizim v\u0259ziyy\u0259timiz\u0259 uy\u011fun g\u0259lir.\n<\/p>\n<p>\n  <i><br \/>\n    <b><br \/>\n      Yaz\u0131 m\u00fc\u0259llifin fikirl\u0259rini \u0259ks etdirir v\u0259 Meydan TV-nin m\u00f6vqeyi il\u0259 \u00fcst-\u00fcst\u0259 d\u00fc\u015fm\u0259y\u0259 bil\u0259r.<br \/>\n    <\/b><br \/>\n  <\/i><\/p>\n","protected":false},"excerpt":{"rendered":"<p>Sinnim v\u00fccudumu q\u00fcruba apar\u0131r<\/p>\n","protected":false},"author":11,"featured_media":81375,"comment_status":"closed","ping_status":"open","sticky":false,"template":"","format":"standard","meta":{"_acf_changed":false,"_sitemap_exclude":false,"_sitemap_priority":"","_sitemap_frequency":"","footnotes":""},"categories":[57],"tags":[],"class_list":["post-185770","post","type-post","status-publish","format-standard","has-post-thumbnail","hentry","category-menim-fikrimce","infinite-scroll-item","generate-columns","tablet-grid-50","mobile-grid-100","grid-parent","grid-33","no-featured-image-padding"],"acf":[],"yoast_head":"<!-- This site is optimized with the Yoast SEO plugin v27.5 - https:\/\/yoast.com\/product\/yoast-seo-wordpress\/ -->\n<title>\u00dcr\u0259k a\u011fr\u0131s\u0131, k\u00f6n\u00fcl yan\u011f\u0131s\u0131 - MEYDAN.TV<\/title>\n<meta name=\"robots\" content=\"index, follow, max-snippet:-1, max-image-preview:large, max-video-preview:-1\" \/>\n<link rel=\"canonical\" href=\"https:\/\/www.meydan.tv\/az\/article\/urek-agrisi-konul-yangisi\/\" \/>\n<meta property=\"og:locale\" content=\"az_AZ\" \/>\n<meta property=\"og:type\" content=\"article\" \/>\n<meta property=\"og:title\" content=\"\u00dcr\u0259k a\u011fr\u0131s\u0131, k\u00f6n\u00fcl yan\u011f\u0131s\u0131 - MEYDAN.TV\" \/>\n<meta property=\"og:description\" content=\"Sinnim v\u00fccudumu q\u00fcruba apar\u0131r\" \/>\n<meta property=\"og:url\" content=\"https:\/\/www.meydan.tv\/az\/article\/urek-agrisi-konul-yangisi\/\" \/>\n<meta property=\"og:site_name\" content=\"MEYDAN.TV\" \/>\n<meta property=\"article:published_time\" content=\"2017-07-26T20:39:38+00:00\" \/>\n<meta property=\"og:image\" content=\"https:\/\/www.meydan.tv\/wp-content\/uploads\/31837-1095x821.png\" \/>\n\t<meta property=\"og:image:width\" content=\"1095\" \/>\n\t<meta property=\"og:image:height\" content=\"821\" \/>\n\t<meta property=\"og:image:type\" content=\"image\/png\" \/>\n<meta name=\"author\" content=\"user-manager\" \/>\n<meta name=\"twitter:card\" content=\"summary_large_image\" \/>\n<script type=\"application\/ld+json\" class=\"yoast-schema-graph\">{\"@context\":\"https:\\\/\\\/schema.org\",\"@graph\":[{\"@type\":\"Article\",\"@id\":\"https:\\\/\\\/www.meydan.tv\\\/az\\\/article\\\/urek-agrisi-konul-yangisi\\\/#article\",\"isPartOf\":{\"@id\":\"https:\\\/\\\/www.meydan.tv\\\/az\\\/article\\\/urek-agrisi-konul-yangisi\\\/\"},\"author\":{\"name\":\"user-manager\",\"@id\":\"https:\\\/\\\/www.meydan.tv\\\/az\\\/#\\\/schema\\\/person\\\/10d11eccf6da3662cf5fdab9806ea91a\"},\"headline\":\"\u00dcr\u0259k a\u011fr\u0131s\u0131, k\u00f6n\u00fcl yan\u011f\u0131s\u0131\",\"datePublished\":\"2017-07-26T20:39:38+00:00\",\"mainEntityOfPage\":{\"@id\":\"https:\\\/\\\/www.meydan.tv\\\/az\\\/article\\\/urek-agrisi-konul-yangisi\\\/\"},\"wordCount\":1669,\"publisher\":{\"@id\":\"https:\\\/\\\/www.meydan.tv\\\/az\\\/#organization\"},\"image\":{\"@id\":\"https:\\\/\\\/www.meydan.tv\\\/az\\\/article\\\/urek-agrisi-konul-yangisi\\\/#primaryimage\"},\"thumbnailUrl\":\"https:\\\/\\\/www.meydan.tv\\\/wp-content\\\/uploads\\\/31837.png\",\"articleSection\":[\"M\u0259nim Fikrimc\u0259\"],\"inLanguage\":\"az\"},{\"@type\":\"WebPage\",\"@id\":\"https:\\\/\\\/www.meydan.tv\\\/az\\\/article\\\/urek-agrisi-konul-yangisi\\\/\",\"url\":\"https:\\\/\\\/www.meydan.tv\\\/az\\\/article\\\/urek-agrisi-konul-yangisi\\\/\",\"name\":\"\u00dcr\u0259k a\u011fr\u0131s\u0131, k\u00f6n\u00fcl yan\u011f\u0131s\u0131 - MEYDAN.TV\",\"isPartOf\":{\"@id\":\"https:\\\/\\\/www.meydan.tv\\\/az\\\/#website\"},\"primaryImageOfPage\":{\"@id\":\"https:\\\/\\\/www.meydan.tv\\\/az\\\/article\\\/urek-agrisi-konul-yangisi\\\/#primaryimage\"},\"image\":{\"@id\":\"https:\\\/\\\/www.meydan.tv\\\/az\\\/article\\\/urek-agrisi-konul-yangisi\\\/#primaryimage\"},\"thumbnailUrl\":\"https:\\\/\\\/www.meydan.tv\\\/wp-content\\\/uploads\\\/31837.png\",\"datePublished\":\"2017-07-26T20:39:38+00:00\",\"breadcrumb\":{\"@id\":\"https:\\\/\\\/www.meydan.tv\\\/az\\\/article\\\/urek-agrisi-konul-yangisi\\\/#breadcrumb\"},\"inLanguage\":\"az\",\"potentialAction\":[{\"@type\":\"ReadAction\",\"target\":[\"https:\\\/\\\/www.meydan.tv\\\/az\\\/article\\\/urek-agrisi-konul-yangisi\\\/\"]}]},{\"@type\":\"ImageObject\",\"inLanguage\":\"az\",\"@id\":\"https:\\\/\\\/www.meydan.tv\\\/az\\\/article\\\/urek-agrisi-konul-yangisi\\\/#primaryimage\",\"url\":\"https:\\\/\\\/www.meydan.tv\\\/wp-content\\\/uploads\\\/31837.png\",\"contentUrl\":\"https:\\\/\\\/www.meydan.tv\\\/wp-content\\\/uploads\\\/31837.png\",\"width\":2732,\"height\":2048,\"caption\":\"Source:\"},{\"@type\":\"BreadcrumbList\",\"@id\":\"https:\\\/\\\/www.meydan.tv\\\/az\\\/article\\\/urek-agrisi-konul-yangisi\\\/#breadcrumb\",\"itemListElement\":[{\"@type\":\"ListItem\",\"position\":1,\"name\":\"Ana s\u0259hif\u0259\",\"item\":\"https:\\\/\\\/www.meydan.tv\\\/az\\\/\"},{\"@type\":\"ListItem\",\"position\":2,\"name\":\"M\u0259nim Fikrimc\u0259\",\"item\":\"https:\\\/\\\/www.meydan.tv\\\/az\\\/section\\\/menim-fikrimce\\\/\"},{\"@type\":\"ListItem\",\"position\":3,\"name\":\"\u00dcr\u0259k a\u011fr\u0131s\u0131, k\u00f6n\u00fcl yan\u011f\u0131s\u0131\"}]},{\"@type\":\"WebSite\",\"@id\":\"https:\\\/\\\/www.meydan.tv\\\/az\\\/#website\",\"url\":\"https:\\\/\\\/www.meydan.tv\\\/az\\\/\",\"name\":\"MEYDAN.TV\",\"description\":\"Meydan TV Az\u0259rbaycan\u0131n media m\u0259kan\u0131ndak\u0131 alternativ s\u0259sidir\",\"publisher\":{\"@id\":\"https:\\\/\\\/www.meydan.tv\\\/az\\\/#organization\"},\"potentialAction\":[{\"@type\":\"SearchAction\",\"target\":{\"@type\":\"EntryPoint\",\"urlTemplate\":\"https:\\\/\\\/www.meydan.tv\\\/az\\\/?s={search_term_string}\"},\"query-input\":{\"@type\":\"PropertyValueSpecification\",\"valueRequired\":true,\"valueName\":\"search_term_string\"}}],\"inLanguage\":\"az\"},{\"@type\":\"Organization\",\"@id\":\"https:\\\/\\\/www.meydan.tv\\\/az\\\/#organization\",\"name\":\"Meydan TV\",\"url\":\"https:\\\/\\\/www.meydan.tv\\\/az\\\/\",\"logo\":{\"@type\":\"ImageObject\",\"inLanguage\":\"az\",\"@id\":\"https:\\\/\\\/www.meydan.tv\\\/az\\\/#\\\/schema\\\/logo\\\/image\\\/\",\"url\":\"https:\\\/\\\/www.meydan.tv\\\/wp-content\\\/uploads\\\/2021\\\/07\\\/meydan-logo.svg\",\"contentUrl\":\"https:\\\/\\\/www.meydan.tv\\\/wp-content\\\/uploads\\\/2021\\\/07\\\/meydan-logo.svg\",\"width\":195,\"height\":46,\"caption\":\"Meydan TV\"},\"image\":{\"@id\":\"https:\\\/\\\/www.meydan.tv\\\/az\\\/#\\\/schema\\\/logo\\\/image\\\/\"}},{\"@type\":\"Person\",\"@id\":\"https:\\\/\\\/www.meydan.tv\\\/az\\\/#\\\/schema\\\/person\\\/10d11eccf6da3662cf5fdab9806ea91a\",\"name\":\"user-manager\"}]}<\/script>\n<!-- \/ Yoast SEO plugin. -->","yoast_head_json":{"title":"\u00dcr\u0259k a\u011fr\u0131s\u0131, k\u00f6n\u00fcl yan\u011f\u0131s\u0131 - MEYDAN.TV","robots":{"index":"index","follow":"follow","max-snippet":"max-snippet:-1","max-image-preview":"max-image-preview:large","max-video-preview":"max-video-preview:-1"},"canonical":"https:\/\/www.meydan.tv\/az\/article\/urek-agrisi-konul-yangisi\/","og_locale":"az_AZ","og_type":"article","og_title":"\u00dcr\u0259k a\u011fr\u0131s\u0131, k\u00f6n\u00fcl yan\u011f\u0131s\u0131 - MEYDAN.TV","og_description":"Sinnim v\u00fccudumu q\u00fcruba apar\u0131r","og_url":"https:\/\/www.meydan.tv\/az\/article\/urek-agrisi-konul-yangisi\/","og_site_name":"MEYDAN.TV","article_published_time":"2017-07-26T20:39:38+00:00","og_image":[{"width":1095,"height":821,"url":"https:\/\/www.meydan.tv\/wp-content\/uploads\/31837-1095x821.png","type":"image\/png"}],"author":"user-manager","twitter_card":"summary_large_image","schema":{"@context":"https:\/\/schema.org","@graph":[{"@type":"Article","@id":"https:\/\/www.meydan.tv\/az\/article\/urek-agrisi-konul-yangisi\/#article","isPartOf":{"@id":"https:\/\/www.meydan.tv\/az\/article\/urek-agrisi-konul-yangisi\/"},"author":{"name":"user-manager","@id":"https:\/\/www.meydan.tv\/az\/#\/schema\/person\/10d11eccf6da3662cf5fdab9806ea91a"},"headline":"\u00dcr\u0259k a\u011fr\u0131s\u0131, k\u00f6n\u00fcl yan\u011f\u0131s\u0131","datePublished":"2017-07-26T20:39:38+00:00","mainEntityOfPage":{"@id":"https:\/\/www.meydan.tv\/az\/article\/urek-agrisi-konul-yangisi\/"},"wordCount":1669,"publisher":{"@id":"https:\/\/www.meydan.tv\/az\/#organization"},"image":{"@id":"https:\/\/www.meydan.tv\/az\/article\/urek-agrisi-konul-yangisi\/#primaryimage"},"thumbnailUrl":"https:\/\/www.meydan.tv\/wp-content\/uploads\/31837.png","articleSection":["M\u0259nim Fikrimc\u0259"],"inLanguage":"az"},{"@type":"WebPage","@id":"https:\/\/www.meydan.tv\/az\/article\/urek-agrisi-konul-yangisi\/","url":"https:\/\/www.meydan.tv\/az\/article\/urek-agrisi-konul-yangisi\/","name":"\u00dcr\u0259k a\u011fr\u0131s\u0131, k\u00f6n\u00fcl yan\u011f\u0131s\u0131 - MEYDAN.TV","isPartOf":{"@id":"https:\/\/www.meydan.tv\/az\/#website"},"primaryImageOfPage":{"@id":"https:\/\/www.meydan.tv\/az\/article\/urek-agrisi-konul-yangisi\/#primaryimage"},"image":{"@id":"https:\/\/www.meydan.tv\/az\/article\/urek-agrisi-konul-yangisi\/#primaryimage"},"thumbnailUrl":"https:\/\/www.meydan.tv\/wp-content\/uploads\/31837.png","datePublished":"2017-07-26T20:39:38+00:00","breadcrumb":{"@id":"https:\/\/www.meydan.tv\/az\/article\/urek-agrisi-konul-yangisi\/#breadcrumb"},"inLanguage":"az","potentialAction":[{"@type":"ReadAction","target":["https:\/\/www.meydan.tv\/az\/article\/urek-agrisi-konul-yangisi\/"]}]},{"@type":"ImageObject","inLanguage":"az","@id":"https:\/\/www.meydan.tv\/az\/article\/urek-agrisi-konul-yangisi\/#primaryimage","url":"https:\/\/www.meydan.tv\/wp-content\/uploads\/31837.png","contentUrl":"https:\/\/www.meydan.tv\/wp-content\/uploads\/31837.png","width":2732,"height":2048,"caption":"Source:"},{"@type":"BreadcrumbList","@id":"https:\/\/www.meydan.tv\/az\/article\/urek-agrisi-konul-yangisi\/#breadcrumb","itemListElement":[{"@type":"ListItem","position":1,"name":"Ana s\u0259hif\u0259","item":"https:\/\/www.meydan.tv\/az\/"},{"@type":"ListItem","position":2,"name":"M\u0259nim Fikrimc\u0259","item":"https:\/\/www.meydan.tv\/az\/section\/menim-fikrimce\/"},{"@type":"ListItem","position":3,"name":"\u00dcr\u0259k a\u011fr\u0131s\u0131, k\u00f6n\u00fcl yan\u011f\u0131s\u0131"}]},{"@type":"WebSite","@id":"https:\/\/www.meydan.tv\/az\/#website","url":"https:\/\/www.meydan.tv\/az\/","name":"MEYDAN.TV","description":"Meydan TV Az\u0259rbaycan\u0131n media m\u0259kan\u0131ndak\u0131 alternativ s\u0259sidir","publisher":{"@id":"https:\/\/www.meydan.tv\/az\/#organization"},"potentialAction":[{"@type":"SearchAction","target":{"@type":"EntryPoint","urlTemplate":"https:\/\/www.meydan.tv\/az\/?s={search_term_string}"},"query-input":{"@type":"PropertyValueSpecification","valueRequired":true,"valueName":"search_term_string"}}],"inLanguage":"az"},{"@type":"Organization","@id":"https:\/\/www.meydan.tv\/az\/#organization","name":"Meydan TV","url":"https:\/\/www.meydan.tv\/az\/","logo":{"@type":"ImageObject","inLanguage":"az","@id":"https:\/\/www.meydan.tv\/az\/#\/schema\/logo\/image\/","url":"https:\/\/www.meydan.tv\/wp-content\/uploads\/2021\/07\/meydan-logo.svg","contentUrl":"https:\/\/www.meydan.tv\/wp-content\/uploads\/2021\/07\/meydan-logo.svg","width":195,"height":46,"caption":"Meydan TV"},"image":{"@id":"https:\/\/www.meydan.tv\/az\/#\/schema\/logo\/image\/"}},{"@type":"Person","@id":"https:\/\/www.meydan.tv\/az\/#\/schema\/person\/10d11eccf6da3662cf5fdab9806ea91a","name":"user-manager"}]}},"_links":{"self":[{"href":"https:\/\/www.meydan.tv\/az\/wp-json\/wp\/v2\/posts\/185770","targetHints":{"allow":["GET"]}}],"collection":[{"href":"https:\/\/www.meydan.tv\/az\/wp-json\/wp\/v2\/posts"}],"about":[{"href":"https:\/\/www.meydan.tv\/az\/wp-json\/wp\/v2\/types\/post"}],"author":[{"embeddable":true,"href":"https:\/\/www.meydan.tv\/az\/wp-json\/wp\/v2\/users\/11"}],"replies":[{"embeddable":true,"href":"https:\/\/www.meydan.tv\/az\/wp-json\/wp\/v2\/comments?post=185770"}],"version-history":[{"count":0,"href":"https:\/\/www.meydan.tv\/az\/wp-json\/wp\/v2\/posts\/185770\/revisions"}],"wp:featuredmedia":[{"embeddable":true,"href":"https:\/\/www.meydan.tv\/az\/wp-json\/wp\/v2\/media\/81375"}],"wp:attachment":[{"href":"https:\/\/www.meydan.tv\/az\/wp-json\/wp\/v2\/media?parent=185770"}],"wp:term":[{"taxonomy":"category","embeddable":true,"href":"https:\/\/www.meydan.tv\/az\/wp-json\/wp\/v2\/categories?post=185770"},{"taxonomy":"post_tag","embeddable":true,"href":"https:\/\/www.meydan.tv\/az\/wp-json\/wp\/v2\/tags?post=185770"}],"curies":[{"name":"wp","href":"https:\/\/api.w.org\/{rel}","templated":true}]}}