{"id":185706,"date":"2017-07-24T13:04:22","date_gmt":"2017-07-24T13:04:22","guid":{"rendered":"https:\/\/www.meydan.tv\/article\/rauf-mirqedirov-socide-putin-eliyevden-qeti-secim-teleb-edib\/"},"modified":"2017-07-24T13:04:22","modified_gmt":"2017-07-24T13:04:22","slug":"rauf-mirqedirov-socide-putin-eliyevden-qeti-secim-teleb-edib","status":"publish","type":"post","link":"https:\/\/www.meydan.tv\/az\/article\/rauf-mirqedirov-socide-putin-eliyevden-qeti-secim-teleb-edib\/","title":{"rendered":"Rauf Mirq\u0259dirov: &#8221;So\u00e7id\u0259 Putin \u018fliyevd\u0259n q\u0259ti se\u00e7im t\u0259l\u0259b edib&#8221;"},"content":{"rendered":"<figure class=\"wp-block-image size-large\">\n  <img decoding=\"async\" src=\"https:\/\/www.meydan.tv\/az\/89527\/\" alt=\"\" class=\"wp-image-89527\"\/><figcaption><\/figcaption><\/figure>\n<p>\n  <i><br \/>\n    \u018fr\u0259stun Oruclu: &#8221;\u018fliyev hakimiyy\u0259tinin Tramp administrasiya il\u0259 m\u00fcnasib\u0259tl\u0259r qurmaq \u015fans\u0131 s\u0131fra b\u0259rab\u0259rdir&#8221;<br \/>\n  <\/i>\n<\/p>\n<p>\n  \u0130yulun 21-d\u0259 Az\u0259rbaycan prezidenti \u0130lham \u018fliyev v\u0259 Rusiya prezidenti Vladimir Putin So\u00e7id\u0259 Da\u011fl\u0131q Qaraba\u011f m\u00fcnaqi\u015f\u0259sinin h\u0259lli il\u0259 ba\u011fl\u0131 m\u0259s\u0259l\u0259l\u0259ri m\u00fczakir\u0259 edib.\n<\/p>\n<p>\n  R\u0259smi m\u0259lumatda qeyd olunur ki, d\u00f6vl\u0259t ba\u015f\u00e7\u0131lar\u0131 iki \u00f6lk\u0259 aras\u0131nda strateji t\u0259r\u0259fda\u015fl\u0131q \u0259laq\u0259l\u0259rinin m\u00f6vcudlu\u011funu bir daha t\u0259sdiql\u0259yib, ikit\u0259r\u0259fli m\u00fcnasib\u0259tl\u0259rin siyasi, iqtisadi, humanitar v\u0259 dig\u0259r sah\u0259l\u0259rd\u0259 u\u011furla inki\u015faf etdiyini vur\u011fulay\u0131blar.\n<\/p>\n<p>\n  Bildirilir ki, prezidentl\u0259r beyn\u0259lxalq v\u0259 regional problematika \u0259traf\u0131nda da fikir m\u00fcbadil\u0259si apar\u0131b.\n<\/p>\n<\/p>\n<blockquote><p>\n  \u201cBak\u0131-Moskva aras\u0131nda qar\u015f\u0131l\u0131ql\u0131 h\u00f6rm\u0259t\u0259 \u0259saslanan \u0259laq\u0259l\u0259rin d\u0259st\u0259kl\u0259nm\u0259si kim\u0259s\u0259 s\u0259rf etmir\u201d\n<\/p><\/blockquote>\n<p>\n  Prezidentl\u0259rin g\u00f6r\u00fc\u015f\u00fcn\u00fc APA-ya \u015f\u0259rh ed\u0259n Az\u0259rbaycan-Rusiya Parlamentl\u0259raras\u0131 Dostluq Qrupunun r\u0259hb\u0259ri Dmitri Savelyev bildirib ki, iki d\u00f6vl\u0259tin m\u00fcnasib\u0259tl\u0259rini pozmaq c\u0259hdl\u0259rin\u0259 baxmayaraq, So\u00e7i g\u00f6r\u00fc\u015f\u00fc iki \u00f6lk\u0259 aras\u0131nda dostluq m\u00fcnasib\u0259tl\u0259rinin ancaq inki\u015faf ed\u0259c\u0259yinin daha bir \u0259yani s\u00fcbutudur.\n<\/p>\n<figure class=\"wp-block-image size-large\">\n  <img decoding=\"async\" src=\"https:\/\/www.meydan.tv\/az\/89533\/\" alt=\"\" class=\"wp-image-89533\"\/><figcaption>\n    Dmitri Savelyev<br \/>\n  <\/figcaption><\/figure>\n<p>\n  \u201c\u015e\u00fcbh\u0259siz ki, bizim aram\u0131zda olan m\u00f6hk\u0259m, qar\u015f\u0131l\u0131ql\u0131 h\u00f6rm\u0259t\u0259 \u0259saslanan \u00f6lk\u0259l\u0259rimiz aras\u0131ndak\u0131 \u0259laq\u0259l\u0259rin d\u0259st\u0259kl\u0259nm\u0259si kim\u0259s\u0259 s\u0259rf etmir. Onlar h\u0259r yolla Rusiya v\u0259 Az\u0259rbaycan\u0131 bir-birinin qar\u015f\u0131s\u0131nda v\u0259 el\u0259c\u0259 d\u0259 d\u00fcnya ictimaiyy\u0259ti qar\u015f\u0131s\u0131nda qaralama\u011fa c\u0259hd edirl\u0259r. Lakin sonda h\u0259qiq\u0259t h\u0259r zaman ortal\u0131\u011fa \u00e7\u0131x\u0131r. Rusiya v\u0259 Az\u0259rbaycan m\u0259tbuat, turistl\u0259r, biznes v\u0259 beyn\u0259lxalq m\u00fc\u015fahid\u0259\u00e7il\u0259r \u00fc\u00e7\u00fcn a\u00e7\u0131qd\u0131r. B\u00fct\u00fcn m\u0259s\u0259l\u0259l\u0259r r\u0259hb\u0259rl\u0259rimiz aras\u0131nda i\u015f rejimind\u0259 m\u00fczakir\u0259 olunur. \u018fsas a\u00e7ar rolunu oynayan q\u0259rarlar ard\u0131c\u0131l h\u0259yata ke\u00e7irilir, Rusiya v\u0259 Az\u0259rbaycan aras\u0131ndak\u0131 m\u00fcnasib\u0259tl\u0259rin b\u00fct\u00fcn sah\u0259l\u0259rd\u0259ki inki\u015faf\u0131na keyfiyy\u0259tli v\u0259 m\u00fcsb\u0259t t\u0259sir g\u00f6st\u0259rir. Bundan sonrak\u0131 \u0259m\u0259kda\u015fl\u0131\u011f\u0131m\u0131z da bu \u015f\u0259kild\u0259 in\u015fa olunacaq&#8221;.\n<\/p>\n<\/p>\n<blockquote><p>\n  \u201cAz\u0259rbaycan-Rusiya m\u00fcnasib\u0259tl\u0259rind\u0259 subyektiv amill\u0259r b\u00f6y\u00fck rol oynay\u0131r\u201d\n<\/p><\/blockquote>\n<p>\n  Avropada m\u00fchacir h\u0259yat\u0131 ya\u015fayan siyasi icmal\u00e7\u0131 Rauf Mirq\u0259dirov prezidentl\u0259rin g\u00f6r\u00fc\u015f\u00fcn\u00fc Meydan TV-y\u0259 \u015f\u0259rh ed\u0259rk\u0259n bildirib ki, d\u00f6vl\u0259tl\u0259raras\u0131 probleml\u0259r iki yolla h\u0259ll olunur:\n<\/p>\n<p>\n  &#8220;Birinci, \u0259n y\u00fcks\u0259k s\u0259viyy\u0259d\u0259 ikit\u0259r\u0259fli dan\u0131\u015f\u0131qlar olur v\u0259 bunlar\u0131n qalstuklu, yaxud qalstuksuz olmas\u0131n\u0131n el\u0259 bir \u0259h\u0259miyy\u0259ti yoxdur. \u018fsas m\u0259s\u0259l\u0259 t\u0259r\u0259fl\u0259rin m\u00fczakir\u0259 etdiyi predmet haqda d\u0259qiq m\u00f6vqeyinin olmas\u0131 v\u0259 bunlar\u0131n \u00fcst-\u00fcst\u0259 d\u00fc\u015fm\u0259si, ya da uzla\u015fd\u0131r\u0131lmas\u0131 m\u00fcmk\u00fcnl\u00fcy\u00fcd\u00fcr. El\u0259 m\u0259s\u0259l\u0259l\u0259r var ki, birinci \u015f\u0259xsl\u0259r centlemensaya\u011f\u0131 raz\u0131la\u015f\u0131r, sonradan ona h\u00fcquqi don geyindirilir. \u0130kinci yol &#8211; xarici i\u015fl\u0259r nazirl\u0259ri, ekspertl\u0259r v\u0259 diplomatlar say\u0259sind\u0259 m\u00fc\u0259yy\u0259n s\u0259n\u0259dl\u0259r haz\u0131rlan\u0131r, sonda y\u00fcks\u0259k s\u0259viyy\u0259li g\u00f6r\u00fc\u015f n\u0259tic\u0259sind\u0259 r\u0259smi xarakter al\u0131r. Bunun birinci m\u0259qs\u0259di odur ki, birinci \u015f\u0259xsl\u0259r g\u00f6r\u00fc\u015f\u00fcb s\u0259n\u0259di imzalas\u0131nlar. Az\u0259rbaycan-Rusiya m\u00fcnasib\u0259tl\u0259rind\u0259 subyektiv amill\u0259r b\u00f6y\u00fck rol oynay\u0131r, s\u00f6hb\u0259t \u015f\u0259xsi m\u00fcnasib\u0259tl\u0259rd\u0259n, f\u0259rdl\u0259rin bir-biril\u0259 raz\u0131la\u015fmas\u0131ndan gedir. M\u0259s\u0259l\u0259n, Amerikada siyasi, h\u00fcquqi sistem f\u0259rqlidir, prezident hans\u0131sa add\u0131m atmaq ist\u0259s\u0259, onun \u00f6z\u00fcn\u00fcn t\u0259msil etdiyi partiya da onun \u0259leyhin\u0259 \u00e7\u0131xa bil\u0259r. Y\u0259ni subyektiv amill\u0259rl\u0259 yana\u015f\u0131 c\u0259miyy\u0259tin rolu var. Postsovet m\u0259kan\u0131nda birinci \u015f\u0259xsl\u0259r m\u00fc\u0259yy\u0259n q\u0259rarlar q\u0259bul edir, sonradan bunu c\u0259miyy\u0259t\u0259 \u201cyedirdirl\u0259r\u201d. Bu bax\u0131mdan bel\u0259 g\u00f6r\u00fc\u015fl\u0259rin \u0259h\u0259miyy\u0259ti b\u00f6y\u00fck olsa da, m\u00fctl\u0259q deyil&#8221;.\n<\/p>\n<\/p>\n<blockquote><p>\n  \u201cR\u0259smi Moskvan\u0131n fikrinc\u0259, art\u0131q se\u00e7imin zaman\u0131d\u0131r\u201d\n<\/p><\/blockquote>\n<p>\n  Rauf Mirq\u0259dirov xat\u0131rlad\u0131r ki, son d\u00f6vrl\u0259rd\u0259 Az\u0259rbaycan-Rusiya m\u00fcnasib\u0259tl\u0259rind\u0259 yaranan m\u00fc\u0259yy\u0259n bir g\u0259rginlik m\u00fcxt\u0259lif s\u0259viyy\u0259l\u0259rd\u0259 \u00f6z\u00fcn\u00fc b\u00fcruz\u0259 verirdi:\n<\/p>\n<p>\n  &#8220;M\u0259s\u0259l\u0259n, Rusiyada az\u0259rbaycanl\u0131lar\u0131n ictimai t\u0259\u015fkilat\u0131n\u0131n l\u0259\u011fvi, halbuki, bu t\u0259\u015fkilat Kremlin n\u0259zar\u0259ti alt\u0131nda olsa da, Moskva bu istiqam\u0259td\u0259 n\u00fcmayi\u015fkaran\u0259 add\u0131m atd\u0131. Daha sonra xarici i\u015fl\u0259r nazirlikl\u0259ri s\u0259viyy\u0259sind\u0259 \u00e7ox ciddi problem yarand\u0131, ondan \u0259vv\u0259l 2 az\u0259rbaycanl\u0131n\u0131n K\u0259lb\u0259c\u0259rd\u0259 girov g\u00f6t\u00fcr\u00fclm\u0259si v\u0259 n\u0259hay\u0259t, Aleksandr Lap\u015finin h\u0259bsi v\u0259 s. \u00a0Bu n\u00fcmayi\u015fkaran\u0259 add\u0131mlar\u0131n mahiyy\u0259ti ondan ibar\u0259tdir ki, Putin \u018fliyevd\u0259n q\u0259ti se\u00e7im t\u0259l\u0259b edir. R\u0259smi Moskvan\u0131n fikrinc\u0259, art\u0131q se\u00e7imin zaman\u0131d\u0131r. \u00c7\u00fcnki Rusiya s\u0259rh\u0259dl\u0259rinin b\u00fct\u00fcn perimetri \u00fczr\u0259 n\u0259zar\u0259ti \u0259l\u0259 ke\u00e7irm\u0259k ist\u0259yir. Art\u0131q Moldovada ciddi prosesl\u0259r gedir, he\u00e7 ke\u00e7mi\u015f kommunist prezident Voronin a\u00e7\u0131q Rusiyap\u0259r\u0259st m\u00f6vqed\u0259n \u00e7\u0131x\u0131\u015f etmirdi. Amma indiki prezident \u0130qor Dodon Q\u0259rbl\u0259 m\u00fcnasib\u0259tl\u0259ri k\u0259skinl\u0259\u015fdirir. Yaxud Donetski r\u0259hb\u0259rliyinin \u00f6zba\u015f\u0131na \u015f\u0259kild\u0259 ki\u00e7ik Rusiya respublika elan etm\u0259sini \u00a0d\u00fc\u015f\u00fcnm\u0259k sad\u0259l\u00f6hvl\u00fckd\u00fcr. Bel\u0259likl\u0259, Az\u0259rbaycan\u0131n da Rusiyan\u0131n c\u0131zd\u0131\u011f\u0131 perimetrd\u0259 \u00e7ox vacib rolu var, bu, Yax\u0131n \u015e\u0259rq\u0259, \u0130rana \u00e7\u0131x\u0131\u015fd\u0131r, enerji da\u015f\u0131y\u0131c\u0131lar\u0131na n\u0259zar\u0259tdir&#8221;.\n<\/p>\n<\/p>\n<blockquote><p>\n  \u201cG\u0259r\u0259k, Q\u0259rb bu \u00f6lk\u0259l\u0259r\u0259 Rusiyadan t\u0259hl\u00fck\u0259sizlik t\u0259minat\u0131 versin, ba\u015fqa yol yoxdur\u201d\n<\/p><\/blockquote>\n<p>\n  Siyasi icmal\u00e7\u0131 iddia edir ki, So\u00e7i g\u00f6r\u00fc\u015f\u00fcnd\u0259 d\u0259 Putin \u018fliyevd\u0259n se\u00e7im t\u0259l\u0259b edib. Qaraba\u011f probleminin h\u0259llind\u0259 h\u0259rbi-siyasi t\u0259sir imkanlar\u0131n\u0131n Rusiyada olmas\u0131 m\u0259lumdur:\n<\/p>\n<figure class=\"wp-block-image size-large\">\n  <img decoding=\"async\" src=\"https:\/\/www.meydan.tv\/az\/89536\/\" alt=\"\" class=\"wp-image-89536\"\/><figcaption>\n    Rauf Mirq\u0259dirov<br \/>\n  <\/figcaption><\/figure>\n<p>\n  \u201c\u00c7\u00fcnki regionda h\u0259rbi-siyasi b\u00f6y\u00fck d\u00f6vl\u0259t Rusiyad\u0131r. T\u0259\u0259ss\u00fcf ki, vaxt\u0131nda imkanlar olsa da, T\u00fcrkiy\u0259 Az\u0259rbaycanda h\u0259rbi bazalar\u0131n\u0131 yaratmad\u0131. Bu g\u00fcn t\u0259\u0259ss\u00fcfl\u0259 Kr\u0131m, 2008-ci ilin G\u00fcrc\u00fcstandak\u0131 avqust hadis\u0259l\u0259rini xat\u0131rlay\u0131r\u0131q. Avqust hadis\u0259l\u0259ri ona g\u00f6r\u0259 ba\u015f verdi ki, 2007-2008-ci ilin aral\u0131\u011f\u0131nda Ukrayna v\u0259 G\u00fcrc\u00fcstana NATO \u00fczvl\u00fcy\u00fcn\u0259 namiz\u0259dlik statusu verilm\u0259di. Ard\u0131nca Rusiya xarici siyas\u0259tind\u0259 t\u0259hdid v\u0259 \u015fantaj\u0131 \u0259sas amil\u0259 \u00e7evirdi. \u018flb\u0259tt\u0259, AB\u015e Rusiyan\u0131n ciddi t\u0259zyiqi s\u0259b\u0259bind\u0259n bu add\u0131m\u0131 atmad\u0131. Ondan sonra Rusiya anlad\u0131 ki, g\u00fcc v\u0259 \u015fantajla bu \u00f6lk\u0259l\u0259ri n\u0259zar\u0259t alt\u0131na ala bil\u0259r. \u00a0Adi bir misal, Rusiya medias\u0131nda Belarus prezidentinin Ukrayna s\u0259f\u0259rin\u0259 q\u0131sqancl\u0131qla yana\u015fmas\u0131 a\u00e7\u0131q \u015f\u0259kild\u0259 \u00f6z\u00fcn\u00fc b\u00fcruz\u0259 verir. \u00c7\u00fcnki bu iki d\u00f6vl\u0259tin m\u00fcnasib\u0259tl\u0259rinin yax\u015f\u0131 olmas\u0131 Rusiyan\u0131n maraqlar\u0131na ziddir. Qaraba\u011f m\u00fcnaqi\u015f\u0259si d\u0259 Rusiya maraqlar\u0131n\u0131 regionda t\u0259sbit etm\u0259d\u0259n h\u0259ll oluna bilm\u0259z. Rusiyan\u0131n ist\u0259kl\u0259rinin ger\u00e7\u0259kl\u0259\u015fm\u0259si Bak\u0131 v\u0259 \u0130r\u0259van\u0131n xarici siyas\u0259t v\u0259 xarici \u0259laq\u0259l\u0259rini tam \u015f\u0259kild\u0259 Moskvaya verm\u0259si anlam\u0131na g\u0259lir\u201d.\n<\/p>\n<p>\n  Siyasi icmal\u00e7\u0131 Az\u0259rbaycan\u0131n Rusiyan\u0131n t\u0259sir dair\u0259sin\u0259 ke\u00e7m\u0259si t\u0259hl\u00fck\u0259sinin oldu\u011funu istisna etmir:\n<\/p>\n<p>\n  \u201cRegionda h\u0259rbi fitn\u0259karl\u0131q vasit\u0259sil\u0259 Rusiyan\u0131n birba\u015fa h\u0259rbi m\u00fcdaxil\u0259si imkanlar\u0131 yarad\u0131la bil\u0259r. \u018fg\u0259r Az\u0259rbaycan Moskvan\u0131 qane ed\u0259n m\u0259s\u0259l\u0259l\u0259ri onun ixtiyar\u0131na vers\u0259ydi, o zaman Qaraba\u011f m\u0259s\u0259l\u0259si \u00e7oxdan h\u0259ll olunard\u0131. Amma h\u0259min m\u0259s\u0259l\u0259l\u0259rin tam h\u0259lli o dem\u0259kdir ki, Az\u0259rbaycan xarici siyas\u0259td\u0259 se\u00e7im etm\u0259kd\u0259n imtina edir. Bununla paralel kommunikasiyalara, enerji d\u0259hlizl\u0259rin\u0259 n\u0259zar\u0259tin Rusiyan\u0131n maraq dair\u0259sin\u0259 ke\u00e7m\u0259si, art\u0131q Az\u0259rbaycan\u0131n suveren siyasi-iqtisadi maraqlar\u0131n\u0131n olmamas\u0131 anlam\u0131na g\u0259lir. M\u0259s\u0259l\u0259 ondad\u0131r ki, xarici siyas\u0259td\u0259 manevr etm\u0259k imkan\u0131ndan m\u0259hrum olmaq hakim elitan\u0131n da maraqlar\u0131na ziddir. Ona g\u00f6r\u0259 hakim elitan\u0131n maraqlar\u0131 il\u0259 d\u00f6vl\u0259tin m\u0259nafel\u0259ri \u00fcst-\u00fcst\u0259 d\u00fc\u015f\u0259nd\u0259 birinci m\u00fc\u0259yy\u0259n m\u00fcqavim\u0259t g\u00f6st\u0259rm\u0259y\u0259 \u00e7al\u0131\u015f\u0131r. Ancaq hakim elita n\u0259 q\u0259d\u0259r m\u00fcqavim\u0259t g\u00f6st\u0259r\u0259c\u0259k v\u0259 Q\u0259rb d\u0259y\u0259rl\u0259rin maraqlara qurban verilm\u0259si siyas\u0259tini h\u0259yata ke\u00e7ir\u0259c\u0259k, bu suallara cavab verm\u0259k \u00e7\u0259tindir. G\u0259r\u0259k, Q\u0259rb bu \u00f6lk\u0259l\u0259r\u0259 Rusiyadan t\u0259hl\u00fck\u0259sizlik t\u0259minat\u0131 versin, ba\u015fqa yol yoxdur\u201d.\n<\/p>\n<\/p>\n<blockquote><p>\n  \u201cAB\u015e-Avropa m\u00fcnasib\u0259tl\u0259ri, ist\u0259rs\u0259 d\u0259 Amerikadak\u0131 daxili v\u0259ziyy\u0259t Rusiyan\u0131n \u0259lin\u0259 oynay\u0131r\u201d\n<\/p><\/blockquote>\n<p>\n  AB\u015e-da m\u00fchacir h\u0259yat\u0131 ya\u015fayan siyasi icmal\u00e7\u0131 \u018fr\u0259stun Oruclu hesab etmir ki, So\u00e7id\u0259 Qaraba\u011f m\u0259s\u0259l\u0259si m\u00fczakir\u0259 olunub:\n<\/p>\n<p>\n  \u201cQaraba\u011f m\u0259s\u0259l\u0259si prezidentl\u0259rin g\u00f6r\u00fc\u015f\u00fcnd\u0259 bir vasit\u0259 kimi m\u00fczakir\u0259 oluna bil\u0259rdi. So\u00e7id\u0259 Putin \u018fliyevin qar\u015f\u0131s\u0131na \u015f\u0259rt kimi Avrasiya \u0130ttifaq\u0131 v\u0259 G\u00f6mr\u00fck Sazi\u015fin\u0259 \u00fczv olma\u011f\u0131 qoyub\u201d.\n<\/p>\n<p>\n  \u018fr\u0259stun Oruclu deyir ki, Q\u0259rbin, ilk n\u00f6vb\u0259d\u0259, AB\u015e-\u0131n daxili probleml\u0259r\u0259 k\u00f6kl\u0259nm\u0259si v\u0259 xarici siyas\u0259t vektorunun z\u0259ifl\u0259m\u0259si Rusiyan\u0131n postsovet m\u0259kan\u0131nda g\u00fccl\u0259nm\u0259sin\u0259 imkan verir: &#8220;Son d\u00f6vrl\u0259r postsovet m\u0259kan\u0131ndak\u0131 m\u00fcnaqi\u015f\u0259l\u0259rd\u0259 canlanma m\u0259rh\u0259l\u0259sinin ba\u015flanmas\u0131 bunu t\u0259sdiql\u0259yir. M\u0259s\u0259l\u0259n, \u00d6zb\u0259kistan\u0131n yeni hakimiyy\u0259ti Rusiyan\u0131n t\u0259sir dair\u0259sind\u0259dir, bir m\u00fcdd\u0259t sonra Qazax\u0131stan da \u00f6z m\u00f6vqeyini tam d\u0259qiql\u0259\u015fdir\u0259c\u0259k v\u0259 bel\u0259likl\u0259, Orta Asiyayla m\u0259s\u0259l\u0259 b\u0259llidir. Bax\u0131n, Dnestryan\u0131 Respublika m\u00fcst\u0259qilliyini elan edir, Ukraynada Q\u0259rbin d\u0259st\u0259yi olsa da, t\u0259\u015f\u0259bb\u00fcs Rusiyadad\u0131r, Donetskid\u0259 ki\u00e7ik Rusiyan\u0131n yarad\u0131lmas\u0131 s\u0131radan bir m\u0259s\u0259l\u0259 deyil. Ard\u0131nca Rusiya NATO \u00fczv\u00fc olan \u015e\u0259rqi Avropa \u00f6lk\u0259l\u0259rini t\u0259hdid ed\u0259c\u0259k. B\u00fct\u00fcn bunlar\u0131n s\u0259b\u0259bi ilk n\u00f6vb\u0259d\u0259 AB\u015e xarici siyas\u0259tinin passivliyi v\u0259 Va\u015finqton siyasi m\u0259tb\u0259xind\u0259 daxili \u00e7\u0259ki\u015fm\u0259l\u0259rin \u00f6n plana \u00e7\u0131xmas\u0131d\u0131r. Bel\u0259 olduqda Qaraba\u011f m\u00fcnaqi\u015f\u0259sind\u0259 t\u0259\u015f\u0259bb\u00fcs\u00fcn Rusiyan\u0131n \u0259lind\u0259 olmas\u0131na t\u0259bii yana\u015f\u0131n&#8221;.\n<\/p>\n<figure class=\"wp-block-image size-large\">\n  <img decoding=\"async\" src=\"https:\/\/www.meydan.tv\/az\/89539\/\" alt=\"\" class=\"wp-image-89539\"\/><figcaption>\n    \u018fr\u0259stun Oruclu<br \/>\n  <\/figcaption><\/figure>\n<p>\n  Siyasi icmal\u00e7\u0131 hesab edir ki, Avropa il\u0259 AB\u015e aras\u0131ndak\u0131 ziddiyy\u0259tl\u0259r d\u0259 Q\u0259rbin Rusiyaya qar\u015f\u0131 vahid g\u00fcc kimi dayanmas\u0131na imkan vermir. &#8220;\u00dcmumiyy\u0259tl\u0259, Q\u0259rb Rusiyaya k\u0259skin m\u00fcnasib\u0259t y\u00f6n\u0259ltm\u0259k ist\u0259mir d\u0259. Haz\u0131rk\u0131 Tramp administrasiyas\u0131 Rusiyaya loyal yana\u015f\u0131r, Putin-Tramp g\u00f6r\u00fc\u015f\u00fcn\u00fcn tonunda da, bu, \u00f6z\u00fcn\u00fc g\u00f6st\u0259rdi. H\u0259m d\u0259 AB\u015e-da Tramp administrasiyana qar\u015f\u0131 m\u00fcnasib\u0259t \u00e7ox s\u0259rtdir. Bel\u0259likl\u0259, ist\u0259r AB\u015e-Avropa m\u00fcnasib\u0259tl\u0259ri, ist\u0259rs\u0259 d\u0259 Amerika daxili v\u0259ziyy\u0259t Rusiyan\u0131n \u0259lin\u0259 oynay\u0131r.\n<\/p>\n<p>\n  Eyni zamanda Q\u0259rbin Az\u0259rbaycana m\u00fcnasib\u0259ti enerji m\u0259nafel\u0259ri il\u0259 \u0259hat\u0259l\u0259ndiyind\u0259n art\u0131q \u00f6lk\u0259miz Avropa \u00fc\u00e7\u00fcn maraql\u0131 deyil. Bir azdan sonra Q\u0259rb \u015firk\u0259tl\u0259ri \u0259vv\u0259lki ill\u0259rd\u0259 oldu\u011fu kimi Az\u0259rbaycandan neft milyardlar\u0131 g\u00f6t\u00fcr\u0259 bilm\u0259y\u0259c\u0259k, \u00e7\u00fcnki neft bu \u00f6lk\u0259nin \u00f6z\u00fcn\u00fcn t\u0259l\u0259bat\u0131n\u0131 da az \u00f6d\u0259yir. Q\u0259rbd\u0259 \u018fliyev hakimiyy\u0259tin\u0259 i\u015fl\u0259y\u0259n lobbil\u0259r var ki, onlar Bak\u0131dan ald\u0131qlar\u0131 pulla Avropan\u0131n siyas\u0259tin\u0259 d\u0259 t\u0259sir g\u00f6st\u0259rirl\u0259r\u201d.\n<\/p>\n<\/p>\n<blockquote><p>\n  \u201cYax\u0131n aylarda Rusiyan\u0131n Az\u0259rbaycana t\u0259siri bir q\u0259d\u0259r d\u0259 g\u00fccl\u0259n\u0259c\u0259k\u201d\n<\/p><\/blockquote>\n<p>\n  \u018fr\u0259stun Oruclunun s\u00f6zl\u0259rin\u0259 g\u00f6r\u0259, \u018fliyev hakimiyy\u0259tinin Tramp administrasiya il\u0259 m\u00fcnasib\u0259tl\u0259r qurmaq \u015fans\u0131 s\u0131fra b\u0259rab\u0259rdir. \u00c7\u00fcnki Tramp administrasiyas\u0131 \u00f6z probleml\u0259ri il\u0259 m\u0259\u015f\u011fuldur:\n<\/p>\n<p>\n  \u201cDig\u0259r t\u0259r\u0259fd\u0259n, guya Bak\u0131 Avropaya inteqrasiyaya yeni n\u0259f\u0259s verir, bu, imitasiyad\u0131r. \u018fliyev hakimiyy\u0259tinin d\u00fc\u015f\u00fcnc\u0259 t\u0259rzi Avropaya inteqrasiyaya yol ver\u0259 bilm\u0259z. \u018fliyevl\u0259r \u00f6zl\u0259rini Az\u0259rbaycan\u0131n sahibi hesab edirl\u0259r, d\u00f6vl\u0259t, hakimiyy\u0259t orqan\u0131 kimi yox. \u0130lham \u018fliyevin balansl\u0131 x\u0259tt\u0259 \u00fcst\u00fcnl\u00fck verm\u0259sin\u0259, yaxud \u0130srailin Q\u0259rbd\u0259ki n\u00fcmay\u0259nd\u0259l\u0259ri vasit\u0259sil\u0259 blef siyas\u0259ti y\u00fcr\u00fctm\u0259sin\u0259 baxmayaraq, yax\u0131n aylarda Rusiyan\u0131n Az\u0259rbaycana t\u0259siri bir q\u0259d\u0259r d\u0259 g\u00fccl\u0259n\u0259c\u0259k. G\u0259l\u0259n il is\u0259 Az\u0259rbaycan Rusiyan\u0131n t\u0259sir alt\u0131na d\u00fc\u015f\u0259c\u0259k. Bundan sonra g\u00f6r\u00fcnt\u00fc Bak\u0131n\u0131n olsa da, xarici siyas\u0259t m\u0259s\u0259l\u0259l\u0259rini Moskva h\u0259ll ed\u0259c\u0259k. T\u0259\u0259ss\u00fcf ki, Az\u0259rbaycan\u0131n m\u00fcst\u0259qilliyi m\u0259hdudla\u015fd\u0131r\u0131lacaq. Amma n\u00f6vb\u0259ti Rusiya vassallar\u0131 bu hakimiyy\u0259tin olaca\u011f\u0131n\u0131 d\u00fc\u015f\u00fcnm\u00fcr\u0259m, \u00e7\u00fcnki indiki hakimiyy\u0259tin ba\u015fqa ba\u011fl\u0131l\u0131qlar\u0131 var, Moskva \u00fc\u00e7\u00fcn bu m\u0259qbul say\u0131lm\u0131r. \u00dcmumiyy\u0259tl\u0259, Rusiya \u00fc\u00e7\u00fcn Az\u0259rbaycanda v\u0259ziyy\u0259ti d\u0259yi\u015fm\u0259k \u00e7\u0259tin deyil\u201d.<\/p>\n","protected":false},"excerpt":{"rendered":"<p>\u018fr\u0259stun Oruclu: &#8221;\u018fliyev hakimiyy\u0259tinin Tramp administrasiya il\u0259 m\u00fcnasib\u0259tl\u0259r qurmaq \u015fans\u0131 s\u0131fra b\u0259rab\u0259rdir&#8221;<\/p>\n","protected":false},"author":11,"featured_media":89527,"comment_status":"closed","ping_status":"open","sticky":false,"template":"","format":"standard","meta":{"_acf_changed":false,"_sitemap_exclude":false,"_sitemap_priority":"","_sitemap_frequency":"","footnotes":""},"categories":[51],"tags":[],"class_list":["post-185706","post","type-post","status-publish","format-standard","has-post-thumbnail","hentry","category-analitika","infinite-scroll-item","generate-columns","tablet-grid-50","mobile-grid-100","grid-parent","grid-33","no-featured-image-padding"],"acf":[],"yoast_head":"<!-- This site is optimized with the Yoast SEO plugin v27.4 - https:\/\/yoast.com\/product\/yoast-seo-wordpress\/ -->\n<title>Rauf Mirq\u0259dirov: &#039;&#039;So\u00e7id\u0259 Putin \u018fliyevd\u0259n q\u0259ti se\u00e7im t\u0259l\u0259b edib&#039;&#039; - MEYDAN.TV<\/title>\n<meta name=\"robots\" content=\"index, follow, max-snippet:-1, max-image-preview:large, max-video-preview:-1\" \/>\n<link rel=\"canonical\" href=\"https:\/\/www.meydan.tv\/az\/article\/rauf-mirqedirov-socide-putin-eliyevden-qeti-secim-teleb-edib\/\" \/>\n<meta property=\"og:locale\" content=\"az_AZ\" \/>\n<meta property=\"og:type\" content=\"article\" \/>\n<meta property=\"og:title\" content=\"Rauf Mirq\u0259dirov: &#039;&#039;So\u00e7id\u0259 Putin \u018fliyevd\u0259n q\u0259ti se\u00e7im t\u0259l\u0259b edib&#039;&#039; - MEYDAN.TV\" \/>\n<meta property=\"og:description\" content=\"\u018fr\u0259stun Oruclu: &#039;&#039;\u018fliyev hakimiyy\u0259tinin Tramp administrasiya il\u0259 m\u00fcnasib\u0259tl\u0259r qurmaq \u015fans\u0131 s\u0131fra b\u0259rab\u0259rdir&#039;&#039;\" \/>\n<meta property=\"og:url\" content=\"https:\/\/www.meydan.tv\/az\/article\/rauf-mirqedirov-socide-putin-eliyevden-qeti-secim-teleb-edib\/\" \/>\n<meta property=\"og:site_name\" content=\"MEYDAN.TV\" \/>\n<meta property=\"article:published_time\" content=\"2017-07-24T13:04:22+00:00\" \/>\n<meta property=\"og:image\" content=\"https:\/\/www.meydan.tv\/wp-content\/uploads\/35267.jpg\" \/>\n\t<meta property=\"og:image:width\" content=\"768\" \/>\n\t<meta property=\"og:image:height\" content=\"474\" \/>\n\t<meta property=\"og:image:type\" content=\"image\/jpeg\" \/>\n<meta name=\"author\" content=\"user-manager\" \/>\n<meta name=\"twitter:card\" content=\"summary_large_image\" \/>\n<script type=\"application\/ld+json\" class=\"yoast-schema-graph\">{\"@context\":\"https:\\\/\\\/schema.org\",\"@graph\":[{\"@type\":\"Article\",\"@id\":\"https:\\\/\\\/www.meydan.tv\\\/az\\\/article\\\/rauf-mirqedirov-socide-putin-eliyevden-qeti-secim-teleb-edib\\\/#article\",\"isPartOf\":{\"@id\":\"https:\\\/\\\/www.meydan.tv\\\/az\\\/article\\\/rauf-mirqedirov-socide-putin-eliyevden-qeti-secim-teleb-edib\\\/\"},\"author\":{\"name\":\"user-manager\",\"@id\":\"https:\\\/\\\/www.meydan.tv\\\/az\\\/#\\\/schema\\\/person\\\/10d11eccf6da3662cf5fdab9806ea91a\"},\"headline\":\"Rauf Mirq\u0259dirov: &#8221;So\u00e7id\u0259 Putin \u018fliyevd\u0259n q\u0259ti se\u00e7im t\u0259l\u0259b edib&#8221;\",\"datePublished\":\"2017-07-24T13:04:22+00:00\",\"mainEntityOfPage\":{\"@id\":\"https:\\\/\\\/www.meydan.tv\\\/az\\\/article\\\/rauf-mirqedirov-socide-putin-eliyevden-qeti-secim-teleb-edib\\\/\"},\"wordCount\":2283,\"publisher\":{\"@id\":\"https:\\\/\\\/www.meydan.tv\\\/az\\\/#organization\"},\"image\":{\"@id\":\"https:\\\/\\\/www.meydan.tv\\\/az\\\/article\\\/rauf-mirqedirov-socide-putin-eliyevden-qeti-secim-teleb-edib\\\/#primaryimage\"},\"thumbnailUrl\":\"https:\\\/\\\/www.meydan.tv\\\/wp-content\\\/uploads\\\/35267.jpg\",\"articleSection\":[\"Analitika\"],\"inLanguage\":\"az\"},{\"@type\":\"WebPage\",\"@id\":\"https:\\\/\\\/www.meydan.tv\\\/az\\\/article\\\/rauf-mirqedirov-socide-putin-eliyevden-qeti-secim-teleb-edib\\\/\",\"url\":\"https:\\\/\\\/www.meydan.tv\\\/az\\\/article\\\/rauf-mirqedirov-socide-putin-eliyevden-qeti-secim-teleb-edib\\\/\",\"name\":\"Rauf Mirq\u0259dirov: ''So\u00e7id\u0259 Putin \u018fliyevd\u0259n q\u0259ti se\u00e7im t\u0259l\u0259b edib'' - MEYDAN.TV\",\"isPartOf\":{\"@id\":\"https:\\\/\\\/www.meydan.tv\\\/az\\\/#website\"},\"primaryImageOfPage\":{\"@id\":\"https:\\\/\\\/www.meydan.tv\\\/az\\\/article\\\/rauf-mirqedirov-socide-putin-eliyevden-qeti-secim-teleb-edib\\\/#primaryimage\"},\"image\":{\"@id\":\"https:\\\/\\\/www.meydan.tv\\\/az\\\/article\\\/rauf-mirqedirov-socide-putin-eliyevden-qeti-secim-teleb-edib\\\/#primaryimage\"},\"thumbnailUrl\":\"https:\\\/\\\/www.meydan.tv\\\/wp-content\\\/uploads\\\/35267.jpg\",\"datePublished\":\"2017-07-24T13:04:22+00:00\",\"breadcrumb\":{\"@id\":\"https:\\\/\\\/www.meydan.tv\\\/az\\\/article\\\/rauf-mirqedirov-socide-putin-eliyevden-qeti-secim-teleb-edib\\\/#breadcrumb\"},\"inLanguage\":\"az\",\"potentialAction\":[{\"@type\":\"ReadAction\",\"target\":[\"https:\\\/\\\/www.meydan.tv\\\/az\\\/article\\\/rauf-mirqedirov-socide-putin-eliyevden-qeti-secim-teleb-edib\\\/\"]}]},{\"@type\":\"ImageObject\",\"inLanguage\":\"az\",\"@id\":\"https:\\\/\\\/www.meydan.tv\\\/az\\\/article\\\/rauf-mirqedirov-socide-putin-eliyevden-qeti-secim-teleb-edib\\\/#primaryimage\",\"url\":\"https:\\\/\\\/www.meydan.tv\\\/wp-content\\\/uploads\\\/35267.jpg\",\"contentUrl\":\"https:\\\/\\\/www.meydan.tv\\\/wp-content\\\/uploads\\\/35267.jpg\",\"width\":768,\"height\":474,\"caption\":\"Source:\"},{\"@type\":\"BreadcrumbList\",\"@id\":\"https:\\\/\\\/www.meydan.tv\\\/az\\\/article\\\/rauf-mirqedirov-socide-putin-eliyevden-qeti-secim-teleb-edib\\\/#breadcrumb\",\"itemListElement\":[{\"@type\":\"ListItem\",\"position\":1,\"name\":\"Ana s\u0259hif\u0259\",\"item\":\"https:\\\/\\\/www.meydan.tv\\\/az\\\/\"},{\"@type\":\"ListItem\",\"position\":2,\"name\":\"Analitika\",\"item\":\"https:\\\/\\\/www.meydan.tv\\\/az\\\/section\\\/analitika\\\/\"},{\"@type\":\"ListItem\",\"position\":3,\"name\":\"Rauf Mirq\u0259dirov: &#8221;So\u00e7id\u0259 Putin \u018fliyevd\u0259n q\u0259ti se\u00e7im t\u0259l\u0259b edib&#8221;\"}]},{\"@type\":\"WebSite\",\"@id\":\"https:\\\/\\\/www.meydan.tv\\\/az\\\/#website\",\"url\":\"https:\\\/\\\/www.meydan.tv\\\/az\\\/\",\"name\":\"MEYDAN.TV\",\"description\":\"Meydan TV Az\u0259rbaycan\u0131n media m\u0259kan\u0131ndak\u0131 alternativ s\u0259sidir\",\"publisher\":{\"@id\":\"https:\\\/\\\/www.meydan.tv\\\/az\\\/#organization\"},\"potentialAction\":[{\"@type\":\"SearchAction\",\"target\":{\"@type\":\"EntryPoint\",\"urlTemplate\":\"https:\\\/\\\/www.meydan.tv\\\/az\\\/?s={search_term_string}\"},\"query-input\":{\"@type\":\"PropertyValueSpecification\",\"valueRequired\":true,\"valueName\":\"search_term_string\"}}],\"inLanguage\":\"az\"},{\"@type\":\"Organization\",\"@id\":\"https:\\\/\\\/www.meydan.tv\\\/az\\\/#organization\",\"name\":\"Meydan TV\",\"url\":\"https:\\\/\\\/www.meydan.tv\\\/az\\\/\",\"logo\":{\"@type\":\"ImageObject\",\"inLanguage\":\"az\",\"@id\":\"https:\\\/\\\/www.meydan.tv\\\/az\\\/#\\\/schema\\\/logo\\\/image\\\/\",\"url\":\"https:\\\/\\\/www.meydan.tv\\\/wp-content\\\/uploads\\\/2021\\\/07\\\/meydan-logo.svg\",\"contentUrl\":\"https:\\\/\\\/www.meydan.tv\\\/wp-content\\\/uploads\\\/2021\\\/07\\\/meydan-logo.svg\",\"width\":195,\"height\":46,\"caption\":\"Meydan TV\"},\"image\":{\"@id\":\"https:\\\/\\\/www.meydan.tv\\\/az\\\/#\\\/schema\\\/logo\\\/image\\\/\"}},{\"@type\":\"Person\",\"@id\":\"https:\\\/\\\/www.meydan.tv\\\/az\\\/#\\\/schema\\\/person\\\/10d11eccf6da3662cf5fdab9806ea91a\",\"name\":\"user-manager\"}]}<\/script>\n<!-- \/ Yoast SEO plugin. -->","yoast_head_json":{"title":"Rauf Mirq\u0259dirov: ''So\u00e7id\u0259 Putin \u018fliyevd\u0259n q\u0259ti se\u00e7im t\u0259l\u0259b edib'' - MEYDAN.TV","robots":{"index":"index","follow":"follow","max-snippet":"max-snippet:-1","max-image-preview":"max-image-preview:large","max-video-preview":"max-video-preview:-1"},"canonical":"https:\/\/www.meydan.tv\/az\/article\/rauf-mirqedirov-socide-putin-eliyevden-qeti-secim-teleb-edib\/","og_locale":"az_AZ","og_type":"article","og_title":"Rauf Mirq\u0259dirov: ''So\u00e7id\u0259 Putin \u018fliyevd\u0259n q\u0259ti se\u00e7im t\u0259l\u0259b edib'' - MEYDAN.TV","og_description":"\u018fr\u0259stun Oruclu: ''\u018fliyev hakimiyy\u0259tinin Tramp administrasiya il\u0259 m\u00fcnasib\u0259tl\u0259r qurmaq \u015fans\u0131 s\u0131fra b\u0259rab\u0259rdir''","og_url":"https:\/\/www.meydan.tv\/az\/article\/rauf-mirqedirov-socide-putin-eliyevden-qeti-secim-teleb-edib\/","og_site_name":"MEYDAN.TV","article_published_time":"2017-07-24T13:04:22+00:00","og_image":[{"width":768,"height":474,"url":"https:\/\/www.meydan.tv\/wp-content\/uploads\/35267.jpg","type":"image\/jpeg"}],"author":"user-manager","twitter_card":"summary_large_image","schema":{"@context":"https:\/\/schema.org","@graph":[{"@type":"Article","@id":"https:\/\/www.meydan.tv\/az\/article\/rauf-mirqedirov-socide-putin-eliyevden-qeti-secim-teleb-edib\/#article","isPartOf":{"@id":"https:\/\/www.meydan.tv\/az\/article\/rauf-mirqedirov-socide-putin-eliyevden-qeti-secim-teleb-edib\/"},"author":{"name":"user-manager","@id":"https:\/\/www.meydan.tv\/az\/#\/schema\/person\/10d11eccf6da3662cf5fdab9806ea91a"},"headline":"Rauf Mirq\u0259dirov: &#8221;So\u00e7id\u0259 Putin \u018fliyevd\u0259n q\u0259ti se\u00e7im t\u0259l\u0259b edib&#8221;","datePublished":"2017-07-24T13:04:22+00:00","mainEntityOfPage":{"@id":"https:\/\/www.meydan.tv\/az\/article\/rauf-mirqedirov-socide-putin-eliyevden-qeti-secim-teleb-edib\/"},"wordCount":2283,"publisher":{"@id":"https:\/\/www.meydan.tv\/az\/#organization"},"image":{"@id":"https:\/\/www.meydan.tv\/az\/article\/rauf-mirqedirov-socide-putin-eliyevden-qeti-secim-teleb-edib\/#primaryimage"},"thumbnailUrl":"https:\/\/www.meydan.tv\/wp-content\/uploads\/35267.jpg","articleSection":["Analitika"],"inLanguage":"az"},{"@type":"WebPage","@id":"https:\/\/www.meydan.tv\/az\/article\/rauf-mirqedirov-socide-putin-eliyevden-qeti-secim-teleb-edib\/","url":"https:\/\/www.meydan.tv\/az\/article\/rauf-mirqedirov-socide-putin-eliyevden-qeti-secim-teleb-edib\/","name":"Rauf Mirq\u0259dirov: ''So\u00e7id\u0259 Putin \u018fliyevd\u0259n q\u0259ti se\u00e7im t\u0259l\u0259b edib'' - MEYDAN.TV","isPartOf":{"@id":"https:\/\/www.meydan.tv\/az\/#website"},"primaryImageOfPage":{"@id":"https:\/\/www.meydan.tv\/az\/article\/rauf-mirqedirov-socide-putin-eliyevden-qeti-secim-teleb-edib\/#primaryimage"},"image":{"@id":"https:\/\/www.meydan.tv\/az\/article\/rauf-mirqedirov-socide-putin-eliyevden-qeti-secim-teleb-edib\/#primaryimage"},"thumbnailUrl":"https:\/\/www.meydan.tv\/wp-content\/uploads\/35267.jpg","datePublished":"2017-07-24T13:04:22+00:00","breadcrumb":{"@id":"https:\/\/www.meydan.tv\/az\/article\/rauf-mirqedirov-socide-putin-eliyevden-qeti-secim-teleb-edib\/#breadcrumb"},"inLanguage":"az","potentialAction":[{"@type":"ReadAction","target":["https:\/\/www.meydan.tv\/az\/article\/rauf-mirqedirov-socide-putin-eliyevden-qeti-secim-teleb-edib\/"]}]},{"@type":"ImageObject","inLanguage":"az","@id":"https:\/\/www.meydan.tv\/az\/article\/rauf-mirqedirov-socide-putin-eliyevden-qeti-secim-teleb-edib\/#primaryimage","url":"https:\/\/www.meydan.tv\/wp-content\/uploads\/35267.jpg","contentUrl":"https:\/\/www.meydan.tv\/wp-content\/uploads\/35267.jpg","width":768,"height":474,"caption":"Source:"},{"@type":"BreadcrumbList","@id":"https:\/\/www.meydan.tv\/az\/article\/rauf-mirqedirov-socide-putin-eliyevden-qeti-secim-teleb-edib\/#breadcrumb","itemListElement":[{"@type":"ListItem","position":1,"name":"Ana s\u0259hif\u0259","item":"https:\/\/www.meydan.tv\/az\/"},{"@type":"ListItem","position":2,"name":"Analitika","item":"https:\/\/www.meydan.tv\/az\/section\/analitika\/"},{"@type":"ListItem","position":3,"name":"Rauf Mirq\u0259dirov: &#8221;So\u00e7id\u0259 Putin \u018fliyevd\u0259n q\u0259ti se\u00e7im t\u0259l\u0259b edib&#8221;"}]},{"@type":"WebSite","@id":"https:\/\/www.meydan.tv\/az\/#website","url":"https:\/\/www.meydan.tv\/az\/","name":"MEYDAN.TV","description":"Meydan TV Az\u0259rbaycan\u0131n media m\u0259kan\u0131ndak\u0131 alternativ s\u0259sidir","publisher":{"@id":"https:\/\/www.meydan.tv\/az\/#organization"},"potentialAction":[{"@type":"SearchAction","target":{"@type":"EntryPoint","urlTemplate":"https:\/\/www.meydan.tv\/az\/?s={search_term_string}"},"query-input":{"@type":"PropertyValueSpecification","valueRequired":true,"valueName":"search_term_string"}}],"inLanguage":"az"},{"@type":"Organization","@id":"https:\/\/www.meydan.tv\/az\/#organization","name":"Meydan TV","url":"https:\/\/www.meydan.tv\/az\/","logo":{"@type":"ImageObject","inLanguage":"az","@id":"https:\/\/www.meydan.tv\/az\/#\/schema\/logo\/image\/","url":"https:\/\/www.meydan.tv\/wp-content\/uploads\/2021\/07\/meydan-logo.svg","contentUrl":"https:\/\/www.meydan.tv\/wp-content\/uploads\/2021\/07\/meydan-logo.svg","width":195,"height":46,"caption":"Meydan TV"},"image":{"@id":"https:\/\/www.meydan.tv\/az\/#\/schema\/logo\/image\/"}},{"@type":"Person","@id":"https:\/\/www.meydan.tv\/az\/#\/schema\/person\/10d11eccf6da3662cf5fdab9806ea91a","name":"user-manager"}]}},"_links":{"self":[{"href":"https:\/\/www.meydan.tv\/az\/wp-json\/wp\/v2\/posts\/185706","targetHints":{"allow":["GET"]}}],"collection":[{"href":"https:\/\/www.meydan.tv\/az\/wp-json\/wp\/v2\/posts"}],"about":[{"href":"https:\/\/www.meydan.tv\/az\/wp-json\/wp\/v2\/types\/post"}],"author":[{"embeddable":true,"href":"https:\/\/www.meydan.tv\/az\/wp-json\/wp\/v2\/users\/11"}],"replies":[{"embeddable":true,"href":"https:\/\/www.meydan.tv\/az\/wp-json\/wp\/v2\/comments?post=185706"}],"version-history":[{"count":0,"href":"https:\/\/www.meydan.tv\/az\/wp-json\/wp\/v2\/posts\/185706\/revisions"}],"wp:featuredmedia":[{"embeddable":true,"href":"https:\/\/www.meydan.tv\/az\/wp-json\/wp\/v2\/media\/89527"}],"wp:attachment":[{"href":"https:\/\/www.meydan.tv\/az\/wp-json\/wp\/v2\/media?parent=185706"}],"wp:term":[{"taxonomy":"category","embeddable":true,"href":"https:\/\/www.meydan.tv\/az\/wp-json\/wp\/v2\/categories?post=185706"},{"taxonomy":"post_tag","embeddable":true,"href":"https:\/\/www.meydan.tv\/az\/wp-json\/wp\/v2\/tags?post=185706"}],"curies":[{"name":"wp","href":"https:\/\/api.w.org\/{rel}","templated":true}]}}