{"id":185705,"date":"2017-07-24T01:46:50","date_gmt":"2017-07-24T01:46:50","guid":{"rendered":"https:\/\/www.meydan.tv\/article\/30-ilin-aricisi\/"},"modified":"2021-10-29T16:20:23","modified_gmt":"2021-10-29T12:20:23","slug":"30-ilin-aricisi","status":"publish","type":"post","link":"https:\/\/www.meydan.tv\/az\/article\/30-ilin-aricisi\/","title":{"rendered":"30 ilin ar\u0131\u00e7\u0131s\u0131"},"content":{"rendered":"<figure class=\"wp-block-image size-large\">\n  <img decoding=\"async\" src=\"https:\/\/www.meydan.tv\/az\/rasim-dayi-petekdeki-umumi-veziyyete-nezaret-edir\/\" alt=\"Rasim day\u0131 p\u0259t\u0259kd\u0259ki \u00fcmumi v\u0259ziyy\u0259t\u0259 n\u0259zar\u0259t edir.\" class=\"wp-image-89389\"\/><figcaption>\n    Rasim day\u0131 p\u0259t\u0259kd\u0259ki \u00fcmumi v\u0259ziyy\u0259t\u0259 n\u0259zar\u0259t edir.<br \/>\n  <\/figcaption><\/figure>\n<p>\n  Rasim Mikay\u0131lov Qaxda anadan olub. Uzun ill\u0259r Qaxda m\u0259kt\u0259b m\u00fc\u0259llimi i\u015fl\u0259yib. 1987-ci ild\u0259 T\u0259qa\u00fcd\u0259 \u00e7\u0131xd\u0131qdan sonra ar\u0131\u00e7\u0131l\u0131qla m\u0259\u015f\u011ful olma\u011fa ba\u015flay\u0131b. \u0130lk g\u00fcnl\u0259rd\u0259 10-15 qutu ar\u0131s\u0131 olub. Daha sonra bu i\u015fi geni\u015fl\u0259ndirm\u0259y\u0259 q\u0259rar verib. Haz\u0131rda 40-a yax\u0131n ar\u0131 qutusu var. H\u0259r il \u00fcmumilikd\u0259 100-150 kq bal haz\u0131rlaya bilir.\n<\/p>\n<p>\n  Rasim day\u0131 ild\u0259 iki d\u0259f\u0259 olmaqla bal y\u0131\u011f\u0131r: &#8220;Birinci y\u0131\u011f\u0131m\u0131 y\u0131\u011fmaq \u00fc\u00e7\u00fcn G\u00fcrc\u00fcstan s\u0259rh\u0259din\u0259 gedib ar\u0131lar\u0131 ora qoyuruq. O &#8220;may bal\u0131\u201d adlan\u0131r. Daha sonra pay\u0131z bal\u0131n\u0131 y\u0131\u011fmaq \u00fc\u00e7\u00fcn Qax\u0131n da\u011flar\u0131na g\u0259tiririk ki, bu y\u0131\u011f\u0131m da avqust ay\u0131nda olacaq. Buna da &#8220;pay\u0131z bal\u0131\u201d deyirik&#8221;.\n<\/p>\n<p>\n  Rasim Mikay\u0131lovun ar\u0131\u00e7\u0131l\u0131qdan ba\u015fqa, maldarl\u0131q, tax\u0131l\u00e7\u0131l\u0131q, f\u0131nd\u0131q ba\u011flar\u0131ndan m\u0259hsul y\u0131\u011faraq g\u0259lir \u0259ld\u0259 edir.\n<\/p>\n<figure class=\"wp-block-image size-large\">\n  <img decoding=\"async\" src=\"https:\/\/www.meydan.tv\/az\/rasim-dayi-3-4-gunden-bir-oglu-ile-gelib-arilarin-peteklerine-nezer-kecirir\/\" alt=\"Rasim day\u0131 3-4 g\u00fcnd\u0259n bir o\u011flu il\u0259 g\u0259lib ar\u0131lar\u0131n p\u0259t\u0259kl\u0259rin\u0259 n\u0259z\u0259r ke\u00e7irir\" class=\"wp-image-89401\"\/><figcaption>\n    Rasim day\u0131 3-4 g\u00fcnd\u0259n bir o\u011flu il\u0259 g\u0259lib ar\u0131lar\u0131n p\u0259t\u0259kl\u0259rin\u0259 n\u0259z\u0259r ke\u00e7irir<br \/>\n  <\/figcaption><\/figure>\n<figure class=\"wp-block-image size-large\">\n  <img decoding=\"async\" src=\"https:\/\/www.meydan.tv\/az\/arilarin-isleme-gucunu-nezere-alaraq-qutulardaki-peteklerin-sayi-coxalir\/\" alt=\"Ar\u0131lar\u0131n i\u015fl\u0259m\u0259 g\u00fcc\u00fcn\u00fc n\u0259z\u0259r\u0259 alaraq qutulardak\u0131 p\u0259t\u0259kl\u0259rin say\u0131 \u00e7oxal\u0131r\" class=\"wp-image-89407\"\/><figcaption>\n    Ar\u0131lar\u0131n i\u015fl\u0259m\u0259 g\u00fcc\u00fcn\u00fc n\u0259z\u0259r\u0259 alaraq qutulardak\u0131 p\u0259t\u0259kl\u0259rin say\u0131 \u00e7oxal\u0131r<br \/>\n  <\/figcaption><\/figure>\n<figure class=\"wp-block-image size-large\">\n  <img decoding=\"async\" src=\"https:\/\/www.meydan.tv\/az\/her-bir-qutuda-ana-ari-var-ki-bu-ari-diger-arilari-islemeye-mecbur-edir\/\" alt=\"H\u0259r bir qutuda ana ar\u0131 var ki, bu ar\u0131 dig\u0259r ar\u0131lar\u0131 i\u015fl\u0259m\u0259y\u0259 m\u0259cbur edir\" class=\"wp-image-89413\"\/><figcaption>\n    H\u0259r bir qutuda ana ar\u0131 var ki, bu ar\u0131 dig\u0259r ar\u0131lar\u0131 i\u015fl\u0259m\u0259y\u0259 m\u0259cbur edir<br \/>\n  <\/figcaption><\/figure>\n","protected":false},"excerpt":{"rendered":"<p>Rasim Mikay\u0131lov Qaxda anadan olub<\/p>\n","protected":false},"author":11,"featured_media":89389,"comment_status":"closed","ping_status":"open","sticky":false,"template":"","format":"standard","meta":{"_acf_changed":false,"_sitemap_exclude":false,"_sitemap_priority":"","_sitemap_frequency":"","footnotes":""},"categories":[58],"tags":[],"class_list":["post-185705","post","type-post","status-publish","format-standard","has-post-thumbnail","hentry","category-fotoreportaj","infinite-scroll-item","generate-columns","tablet-grid-50","mobile-grid-100","grid-parent","grid-33","no-featured-image-padding"],"acf":[],"yoast_head":"<!-- This site is optimized with the Yoast SEO plugin v27.4 - https:\/\/yoast.com\/product\/yoast-seo-wordpress\/ -->\n<title>30 ilin ar\u0131\u00e7\u0131s\u0131 - MEYDAN.TV<\/title>\n<meta name=\"robots\" content=\"index, follow, max-snippet:-1, max-image-preview:large, max-video-preview:-1\" \/>\n<link rel=\"canonical\" href=\"https:\/\/www.meydan.tv\/az\/article\/30-ilin-aricisi\/\" \/>\n<meta property=\"og:locale\" content=\"az_AZ\" \/>\n<meta property=\"og:type\" content=\"article\" \/>\n<meta property=\"og:title\" content=\"30 ilin ar\u0131\u00e7\u0131s\u0131 - MEYDAN.TV\" \/>\n<meta property=\"og:description\" content=\"Rasim Mikay\u0131lov Qaxda anadan olub\" \/>\n<meta property=\"og:url\" content=\"https:\/\/www.meydan.tv\/az\/article\/30-ilin-aricisi\/\" \/>\n<meta property=\"og:site_name\" content=\"MEYDAN.TV\" \/>\n<meta property=\"article:published_time\" content=\"2017-07-24T01:46:50+00:00\" \/>\n<meta property=\"article:modified_time\" content=\"2021-10-29T12:20:23+00:00\" \/>\n<meta property=\"og:image\" content=\"https:\/\/www.meydan.tv\/wp-content\/uploads\/35262.jpg\" \/>\n\t<meta property=\"og:image:width\" content=\"1500\" \/>\n\t<meta property=\"og:image:height\" content=\"1000\" \/>\n\t<meta property=\"og:image:type\" content=\"image\/jpeg\" \/>\n<meta name=\"author\" content=\"user-manager\" \/>\n<meta name=\"twitter:card\" content=\"summary_large_image\" \/>\n<script type=\"application\/ld+json\" class=\"yoast-schema-graph\">{\"@context\":\"https:\\\/\\\/schema.org\",\"@graph\":[{\"@type\":\"Article\",\"@id\":\"https:\\\/\\\/www.meydan.tv\\\/az\\\/article\\\/30-ilin-aricisi\\\/#article\",\"isPartOf\":{\"@id\":\"https:\\\/\\\/www.meydan.tv\\\/az\\\/article\\\/30-ilin-aricisi\\\/\"},\"author\":{\"name\":\"user-manager\",\"@id\":\"https:\\\/\\\/www.meydan.tv\\\/az\\\/#\\\/schema\\\/person\\\/10d11eccf6da3662cf5fdab9806ea91a\"},\"headline\":\"30 ilin ar\u0131\u00e7\u0131s\u0131\",\"datePublished\":\"2017-07-24T01:46:50+00:00\",\"dateModified\":\"2021-10-29T12:20:23+00:00\",\"mainEntityOfPage\":{\"@id\":\"https:\\\/\\\/www.meydan.tv\\\/az\\\/article\\\/30-ilin-aricisi\\\/\"},\"wordCount\":249,\"publisher\":{\"@id\":\"https:\\\/\\\/www.meydan.tv\\\/az\\\/#organization\"},\"image\":{\"@id\":\"https:\\\/\\\/www.meydan.tv\\\/az\\\/article\\\/30-ilin-aricisi\\\/#primaryimage\"},\"thumbnailUrl\":\"https:\\\/\\\/www.meydan.tv\\\/wp-content\\\/uploads\\\/35262.jpg\",\"articleSection\":[\"Fotoreportaj\"],\"inLanguage\":\"az\"},{\"@type\":\"WebPage\",\"@id\":\"https:\\\/\\\/www.meydan.tv\\\/az\\\/article\\\/30-ilin-aricisi\\\/\",\"url\":\"https:\\\/\\\/www.meydan.tv\\\/az\\\/article\\\/30-ilin-aricisi\\\/\",\"name\":\"30 ilin ar\u0131\u00e7\u0131s\u0131 - MEYDAN.TV\",\"isPartOf\":{\"@id\":\"https:\\\/\\\/www.meydan.tv\\\/az\\\/#website\"},\"primaryImageOfPage\":{\"@id\":\"https:\\\/\\\/www.meydan.tv\\\/az\\\/article\\\/30-ilin-aricisi\\\/#primaryimage\"},\"image\":{\"@id\":\"https:\\\/\\\/www.meydan.tv\\\/az\\\/article\\\/30-ilin-aricisi\\\/#primaryimage\"},\"thumbnailUrl\":\"https:\\\/\\\/www.meydan.tv\\\/wp-content\\\/uploads\\\/35262.jpg\",\"datePublished\":\"2017-07-24T01:46:50+00:00\",\"dateModified\":\"2021-10-29T12:20:23+00:00\",\"breadcrumb\":{\"@id\":\"https:\\\/\\\/www.meydan.tv\\\/az\\\/article\\\/30-ilin-aricisi\\\/#breadcrumb\"},\"inLanguage\":\"az\",\"potentialAction\":[{\"@type\":\"ReadAction\",\"target\":[\"https:\\\/\\\/www.meydan.tv\\\/az\\\/article\\\/30-ilin-aricisi\\\/\"]}]},{\"@type\":\"ImageObject\",\"inLanguage\":\"az\",\"@id\":\"https:\\\/\\\/www.meydan.tv\\\/az\\\/article\\\/30-ilin-aricisi\\\/#primaryimage\",\"url\":\"https:\\\/\\\/www.meydan.tv\\\/wp-content\\\/uploads\\\/35262.jpg\",\"contentUrl\":\"https:\\\/\\\/www.meydan.tv\\\/wp-content\\\/uploads\\\/35262.jpg\",\"width\":1500,\"height\":1000,\"caption\":\"Source:\"},{\"@type\":\"BreadcrumbList\",\"@id\":\"https:\\\/\\\/www.meydan.tv\\\/az\\\/article\\\/30-ilin-aricisi\\\/#breadcrumb\",\"itemListElement\":[{\"@type\":\"ListItem\",\"position\":1,\"name\":\"Ana s\u0259hif\u0259\",\"item\":\"https:\\\/\\\/www.meydan.tv\\\/az\\\/\"},{\"@type\":\"ListItem\",\"position\":2,\"name\":\"Fotoreportaj\",\"item\":\"https:\\\/\\\/www.meydan.tv\\\/az\\\/section\\\/fotoreportaj\\\/\"},{\"@type\":\"ListItem\",\"position\":3,\"name\":\"30 ilin ar\u0131\u00e7\u0131s\u0131\"}]},{\"@type\":\"WebSite\",\"@id\":\"https:\\\/\\\/www.meydan.tv\\\/az\\\/#website\",\"url\":\"https:\\\/\\\/www.meydan.tv\\\/az\\\/\",\"name\":\"MEYDAN.TV\",\"description\":\"Meydan TV Az\u0259rbaycan\u0131n media m\u0259kan\u0131ndak\u0131 alternativ s\u0259sidir\",\"publisher\":{\"@id\":\"https:\\\/\\\/www.meydan.tv\\\/az\\\/#organization\"},\"potentialAction\":[{\"@type\":\"SearchAction\",\"target\":{\"@type\":\"EntryPoint\",\"urlTemplate\":\"https:\\\/\\\/www.meydan.tv\\\/az\\\/?s={search_term_string}\"},\"query-input\":{\"@type\":\"PropertyValueSpecification\",\"valueRequired\":true,\"valueName\":\"search_term_string\"}}],\"inLanguage\":\"az\"},{\"@type\":\"Organization\",\"@id\":\"https:\\\/\\\/www.meydan.tv\\\/az\\\/#organization\",\"name\":\"Meydan TV\",\"url\":\"https:\\\/\\\/www.meydan.tv\\\/az\\\/\",\"logo\":{\"@type\":\"ImageObject\",\"inLanguage\":\"az\",\"@id\":\"https:\\\/\\\/www.meydan.tv\\\/az\\\/#\\\/schema\\\/logo\\\/image\\\/\",\"url\":\"https:\\\/\\\/www.meydan.tv\\\/wp-content\\\/uploads\\\/2021\\\/07\\\/meydan-logo.svg\",\"contentUrl\":\"https:\\\/\\\/www.meydan.tv\\\/wp-content\\\/uploads\\\/2021\\\/07\\\/meydan-logo.svg\",\"width\":195,\"height\":46,\"caption\":\"Meydan TV\"},\"image\":{\"@id\":\"https:\\\/\\\/www.meydan.tv\\\/az\\\/#\\\/schema\\\/logo\\\/image\\\/\"}},{\"@type\":\"Person\",\"@id\":\"https:\\\/\\\/www.meydan.tv\\\/az\\\/#\\\/schema\\\/person\\\/10d11eccf6da3662cf5fdab9806ea91a\",\"name\":\"user-manager\"}]}<\/script>\n<!-- \/ Yoast SEO plugin. -->","yoast_head_json":{"title":"30 ilin ar\u0131\u00e7\u0131s\u0131 - MEYDAN.TV","robots":{"index":"index","follow":"follow","max-snippet":"max-snippet:-1","max-image-preview":"max-image-preview:large","max-video-preview":"max-video-preview:-1"},"canonical":"https:\/\/www.meydan.tv\/az\/article\/30-ilin-aricisi\/","og_locale":"az_AZ","og_type":"article","og_title":"30 ilin ar\u0131\u00e7\u0131s\u0131 - MEYDAN.TV","og_description":"Rasim Mikay\u0131lov Qaxda anadan olub","og_url":"https:\/\/www.meydan.tv\/az\/article\/30-ilin-aricisi\/","og_site_name":"MEYDAN.TV","article_published_time":"2017-07-24T01:46:50+00:00","article_modified_time":"2021-10-29T12:20:23+00:00","og_image":[{"width":1500,"height":1000,"url":"https:\/\/www.meydan.tv\/wp-content\/uploads\/35262.jpg","type":"image\/jpeg"}],"author":"user-manager","twitter_card":"summary_large_image","schema":{"@context":"https:\/\/schema.org","@graph":[{"@type":"Article","@id":"https:\/\/www.meydan.tv\/az\/article\/30-ilin-aricisi\/#article","isPartOf":{"@id":"https:\/\/www.meydan.tv\/az\/article\/30-ilin-aricisi\/"},"author":{"name":"user-manager","@id":"https:\/\/www.meydan.tv\/az\/#\/schema\/person\/10d11eccf6da3662cf5fdab9806ea91a"},"headline":"30 ilin ar\u0131\u00e7\u0131s\u0131","datePublished":"2017-07-24T01:46:50+00:00","dateModified":"2021-10-29T12:20:23+00:00","mainEntityOfPage":{"@id":"https:\/\/www.meydan.tv\/az\/article\/30-ilin-aricisi\/"},"wordCount":249,"publisher":{"@id":"https:\/\/www.meydan.tv\/az\/#organization"},"image":{"@id":"https:\/\/www.meydan.tv\/az\/article\/30-ilin-aricisi\/#primaryimage"},"thumbnailUrl":"https:\/\/www.meydan.tv\/wp-content\/uploads\/35262.jpg","articleSection":["Fotoreportaj"],"inLanguage":"az"},{"@type":"WebPage","@id":"https:\/\/www.meydan.tv\/az\/article\/30-ilin-aricisi\/","url":"https:\/\/www.meydan.tv\/az\/article\/30-ilin-aricisi\/","name":"30 ilin ar\u0131\u00e7\u0131s\u0131 - MEYDAN.TV","isPartOf":{"@id":"https:\/\/www.meydan.tv\/az\/#website"},"primaryImageOfPage":{"@id":"https:\/\/www.meydan.tv\/az\/article\/30-ilin-aricisi\/#primaryimage"},"image":{"@id":"https:\/\/www.meydan.tv\/az\/article\/30-ilin-aricisi\/#primaryimage"},"thumbnailUrl":"https:\/\/www.meydan.tv\/wp-content\/uploads\/35262.jpg","datePublished":"2017-07-24T01:46:50+00:00","dateModified":"2021-10-29T12:20:23+00:00","breadcrumb":{"@id":"https:\/\/www.meydan.tv\/az\/article\/30-ilin-aricisi\/#breadcrumb"},"inLanguage":"az","potentialAction":[{"@type":"ReadAction","target":["https:\/\/www.meydan.tv\/az\/article\/30-ilin-aricisi\/"]}]},{"@type":"ImageObject","inLanguage":"az","@id":"https:\/\/www.meydan.tv\/az\/article\/30-ilin-aricisi\/#primaryimage","url":"https:\/\/www.meydan.tv\/wp-content\/uploads\/35262.jpg","contentUrl":"https:\/\/www.meydan.tv\/wp-content\/uploads\/35262.jpg","width":1500,"height":1000,"caption":"Source:"},{"@type":"BreadcrumbList","@id":"https:\/\/www.meydan.tv\/az\/article\/30-ilin-aricisi\/#breadcrumb","itemListElement":[{"@type":"ListItem","position":1,"name":"Ana s\u0259hif\u0259","item":"https:\/\/www.meydan.tv\/az\/"},{"@type":"ListItem","position":2,"name":"Fotoreportaj","item":"https:\/\/www.meydan.tv\/az\/section\/fotoreportaj\/"},{"@type":"ListItem","position":3,"name":"30 ilin ar\u0131\u00e7\u0131s\u0131"}]},{"@type":"WebSite","@id":"https:\/\/www.meydan.tv\/az\/#website","url":"https:\/\/www.meydan.tv\/az\/","name":"MEYDAN.TV","description":"Meydan TV Az\u0259rbaycan\u0131n media m\u0259kan\u0131ndak\u0131 alternativ s\u0259sidir","publisher":{"@id":"https:\/\/www.meydan.tv\/az\/#organization"},"potentialAction":[{"@type":"SearchAction","target":{"@type":"EntryPoint","urlTemplate":"https:\/\/www.meydan.tv\/az\/?s={search_term_string}"},"query-input":{"@type":"PropertyValueSpecification","valueRequired":true,"valueName":"search_term_string"}}],"inLanguage":"az"},{"@type":"Organization","@id":"https:\/\/www.meydan.tv\/az\/#organization","name":"Meydan TV","url":"https:\/\/www.meydan.tv\/az\/","logo":{"@type":"ImageObject","inLanguage":"az","@id":"https:\/\/www.meydan.tv\/az\/#\/schema\/logo\/image\/","url":"https:\/\/www.meydan.tv\/wp-content\/uploads\/2021\/07\/meydan-logo.svg","contentUrl":"https:\/\/www.meydan.tv\/wp-content\/uploads\/2021\/07\/meydan-logo.svg","width":195,"height":46,"caption":"Meydan TV"},"image":{"@id":"https:\/\/www.meydan.tv\/az\/#\/schema\/logo\/image\/"}},{"@type":"Person","@id":"https:\/\/www.meydan.tv\/az\/#\/schema\/person\/10d11eccf6da3662cf5fdab9806ea91a","name":"user-manager"}]}},"_links":{"self":[{"href":"https:\/\/www.meydan.tv\/az\/wp-json\/wp\/v2\/posts\/185705","targetHints":{"allow":["GET"]}}],"collection":[{"href":"https:\/\/www.meydan.tv\/az\/wp-json\/wp\/v2\/posts"}],"about":[{"href":"https:\/\/www.meydan.tv\/az\/wp-json\/wp\/v2\/types\/post"}],"author":[{"embeddable":true,"href":"https:\/\/www.meydan.tv\/az\/wp-json\/wp\/v2\/users\/11"}],"replies":[{"embeddable":true,"href":"https:\/\/www.meydan.tv\/az\/wp-json\/wp\/v2\/comments?post=185705"}],"version-history":[{"count":1,"href":"https:\/\/www.meydan.tv\/az\/wp-json\/wp\/v2\/posts\/185705\/revisions"}],"predecessor-version":[{"id":216790,"href":"https:\/\/www.meydan.tv\/az\/wp-json\/wp\/v2\/posts\/185705\/revisions\/216790"}],"wp:featuredmedia":[{"embeddable":true,"href":"https:\/\/www.meydan.tv\/az\/wp-json\/wp\/v2\/media\/89389"}],"wp:attachment":[{"href":"https:\/\/www.meydan.tv\/az\/wp-json\/wp\/v2\/media?parent=185705"}],"wp:term":[{"taxonomy":"category","embeddable":true,"href":"https:\/\/www.meydan.tv\/az\/wp-json\/wp\/v2\/categories?post=185705"},{"taxonomy":"post_tag","embeddable":true,"href":"https:\/\/www.meydan.tv\/az\/wp-json\/wp\/v2\/tags?post=185705"}],"curies":[{"name":"wp","href":"https:\/\/api.w.org\/{rel}","templated":true}]}}