{"id":185700,"date":"2017-07-22T22:40:13","date_gmt":"2017-07-22T22:40:13","guid":{"rendered":"https:\/\/www.meydan.tv\/article\/azerbaycan-metbuati-bohran-davam-edir\/"},"modified":"2017-07-22T22:40:13","modified_gmt":"2017-07-22T22:40:13","slug":"azerbaycan-metbuati-bohran-davam-edir","status":"publish","type":"post","link":"https:\/\/www.meydan.tv\/az\/article\/azerbaycan-metbuati-bohran-davam-edir\/","title":{"rendered":"Az\u0259rbaycan m\u0259tbuat\u0131: b\u00f6hran davam edir"},"content":{"rendered":"<figure class=\"wp-block-image size-large\">\n  <img decoding=\"async\" src=\"https:\/\/www.meydan.tv\/az\/eflatun-amasov-ve-ilham-eliyev-jurnalistlere-ev-verme-merasiminde\/\" alt=\"\u018fflatun Ama\u015fov v\u0259 \u0130lham \u018fliyev jurnalistl\u0259r\u0259 ev verm\u0259 m\u0259rasimind\u0259\" class=\"wp-image-89491\"\/><figcaption>\n    \u018fflatun Ama\u015fov v\u0259 \u0130lham \u018fliyev jurnalistl\u0259r\u0259 ev verm\u0259 m\u0259rasimind\u0259<br \/>\n  <\/figcaption><\/figure>\n<p>\n  Az\u0259rbaycan m\u0259tbuat\u0131 iyulun 22-d\u0259 pe\u015f\u0259 bayram\u0131n\u0131 qeyd edir. Bu tarix ba\u015flan\u011f\u0131c\u0131n\u0131 1875-ci ild\u0259 maarif\u00e7i H\u0259s\u0259n B\u0259y Z\u0259rdabi t\u0259r\u0259find\u0259n ilk milli q\u0259zetin \u2013 \u201c\u018fkin\u00e7i\u201d q\u0259zetinin t\u0259sis edilm\u0259sind\u0259n g\u00f6t\u00fcr\u00fcr.\n<\/p>\n<p>\n  Bu g\u00fcn haz\u0131rki jurnalistika d\u0259st\u0259sinin q\u0259dim maarif\u00e7i ruhu \u00f6z\u00fcnd\u0259 da\u015f\u0131d\u0131\u011f\u0131n\u0131 dey\u0259 bil\u0259rik? B\u0259li, m\u00fcasir m\u0259tbuat da ilk s\u0259l\u0259fl\u0259ri kimi yoxsuldur. Amma Z\u0259rdabinin yoxsullu\u011fu &#8220;\u018fkin\u00e7i&#8221;nin y\u00fcks\u0259k t\u0259yinat\u0131 il\u0259 \u0259v\u0259zl\u0259nirdi, bu n\u0259\u015fr dig\u0259r b\u0259nz\u0259r n\u0259\u015frl\u0259r kimi, klassikin s\u00f6zl\u0259ri il\u0259 des\u0259k, a\u011fl\u0131l\u0131, xeyirxahl\u0131\u011f\u0131 v\u0259 \u0259b\u0259diyy\u0259ti yay\u0131rd\u0131. M\u00fcasir jurnalistika is\u0259 c\u0259miyy\u0259t\u0259 a\u011f\u0131ls\u0131zl\u0131\u011f\u0131 v\u0259 d\u0259y\u0259rsizliyi da\u015f\u0131y\u0131r.\n<\/p>\n<p>\n  V\u0259 bu, qanunauy\u011fundur, bel\u0259 ki, bu g\u00fcn m\u0259tbuat c\u0259miyy\u0259tin deyil, d\u00f6vl\u0259ti \u00f6z maraqlar\u0131n\u0131n qullu\u011funa qoyan m\u0259mur &#8211; oliqarx qar\u0131\u015f\u0131\u011f\u0131ndan ibar\u0259t hakimiyy\u0259tin maraqlar\u0131n\u0131n ifad\u0259\u00e7isidir. Bel\u0259 anti-c\u0259miyy\u0259t maraqlar\u0131na xidm\u0259t mahiyy\u0259tc\u0259 \u00f6lk\u0259ni uzunm\u00fcdd\u0259tli v\u0259 iztirabl\u0131 b\u00f6hrana s\u00fcr\u00fckl\u0259yib. M\u00fcasir Az\u0259rbaycan m\u0259tbuat\u0131 bu kritik v\u0259ziyy\u0259tin birba\u015fa i\u015ftirak\u00e7\u0131s\u0131d\u0131r, bel\u0259 ki, o, uzun ill\u0259r \u0259rzind\u0259 d\u00fcnyan\u0131n \u0259n \u00e7ox korrupsiyaya u\u011fram\u0131\u015f h\u00f6kum\u0259tl\u0259rind\u0259n birinin u\u011furlar\u0131n\u0131 v\u0259 \u00fcst\u00fcnl\u00fckl\u0259rini m\u0259dh edir.\n<\/p>\n<p>\n  Jurnalistikan\u0131n son bir ili Az\u0259rbaycan m\u0259tbuat\u0131na yarad\u0131c\u0131l\u0131q azadl\u0131\u011f\u0131, t\u0259hl\u00fck\u0259sizlik v\u0259 iqtisadi \u00e7i\u00e7\u0259kl\u0259nm\u0259 n\u00f6qteyi-n\u0259z\u0259rd\u0259n yax\u015f\u0131 he\u00e7 n\u0259 g\u0259tirm\u0259yib.\n<\/p>\n<blockquote><p>\n  Diffamasiyaya g\u00f6r\u0259 s\u0259rtl\u0259\u015fm\u0259\n<\/p><\/blockquote>\n<p>\n  Az\u0259rbaycan qanunvericil\u0259ri ilk n\u00f6vb\u0259d\u0259 d\u00f6vl\u0259t ba\u015f\u00e7\u0131s\u0131n\u0131n \u015f\u0259r\u0259f v\u0259 l\u0259yaq\u0259tini m\u00fcdafi\u0259 etm\u0259k m\u0259qs\u0259dil\u0259 Cinay\u0259t M\u0259c\u0259ll\u0259sin\u0259 bir s\u0131ra d\u00fcz\u0259li\u015fl\u0259r q\u0259bul edibl\u0259r. 2016-c\u0131 il noyabr\u0131n 29-da CM-in haz\u0131rki redaksiyada Az\u0259rbaycan Respublikas\u0131 Prezidentinin \u015f\u0259r\u0259f v\u0259 layaq\u0259tini k\u00fctl\u0259vi \u00e7\u0131x\u0131\u015fda, k\u00fctl\u0259vi n\u00fcmayi\u015f etdiril\u0259n \u0259s\u0259rd\u0259, k\u00fctl\u0259vi informasiya vasit\u0259sind\u0259 v\u0259 ya k\u00fctl\u0259vi n\u00fcmayi\u015f etdirildiyi halda internet informasiya ehtiyat\u0131nda l\u0259k\u0259l\u0259m\u0259 v\u0259 ya al\u00e7altmaya g\u00f6r\u0259 c\u0259rim\u0259, islah i\u015fl\u0259ri v\u0259 ya iki il\u0259 q\u0259d\u0259r azadl\u0131qdan m\u0259hrumetm\u0259 c\u0259zas\u0131 n\u0259z\u0259rd\u0259 tutan 323-c\u00fc &#8220;D\u00f6vl\u0259t ba\u015f\u00e7\u0131s\u0131n\u0131n \u015f\u0259r\u0259f v\u0259 l\u04d9yaq\u04d9tini l\u0259k\u0259l\u0259m\u0259 v\u0259 ya al\u00e7altma&#8221; madd\u0259sin\u0259 d\u0259yi\u015fiklikl\u0259r q\u0259bul edilib. 323-1-ci &#8220;Az\u0259rbaycan prezidentinin ba\u015fqas\u0131n\u0131n ad\u0131ndan t\u0259hqir edilm\u0259si&#8221; madd\u0259si \u0259lav\u0259 edilib. Bu \u0259m\u0259l\u0259 g\u00f6r\u0259 \u00fc\u00e7 il\u0259d\u0259k azadl\u0131qdan m\u0259hrumetm\u0259 c\u0259zas\u0131 n\u0259z\u0259rd\u0259 tutulur.\n<\/p>\n<p>\n  \u0130nternetd\u0259 t\u0259hqir\u0259 g\u00f6r\u0259 m\u0259suliyy\u0259t n\u0259z\u0259rd\u0259 tutan CM-nin 148-1-ci madd\u0259y\u0259 &#8220;saxta istifad\u0259\u00e7i adlar\u0131ndan, profill\u0259rd\u0259n v\u0259 ya hesablardan istifad\u0259 il\u0259&#8221; \u0259lav\u0259si edilib. Bu madd\u0259 bir il\u0259 q\u0259d\u0259r azadl\u0131qdan m\u0259hrumetm\u0259 n\u0259z\u0259rd\u0259 tutur. Amma bununla da kifay\u0259tl\u0259nm\u0259yibl\u0259r. 1 iyun 2017-ci ild\u0259 prezidentin \u015f\u0259r\u0259f v\u0259 l\u0259yaq\u0259tinin al\u00e7ald\u0131lmas\u0131na g\u00f6r\u0259 c\u0259za \u0259lav\u0259 olaraq s\u0259rtl\u0259\u015fdirilib &#8211; 5 il\u0259d\u0259k azadl\u0131qdan m\u0259hrumetm\u0259. C\u0259rim\u0259 m\u0259bl\u0259\u011fi iki-\u00fc\u00e7 d\u0259f\u0259 artaraq, 1500 v\u0259 3000 manata \u00e7at\u0131b.\n<\/p>\n<p>\n  2017-ci il aprelin 17-d\u0259n d\u00f6vl\u0259t t\u0259r\u0259find\u0259n .az \u00fcst domenl\u0259rind\u0259ki informasiya internet-resurslar\u0131 qanunvericilik yolu il\u0259 d\u00f6vl\u0259tin n\u0259zar\u0259ti alt\u0131na al\u0131n\u0131b. Bunun \u00fc\u00e7\u00fcn &#8220;\u0130nformasiya, informasiyala\u015fd\u0131rma v\u0259 informasiyan\u0131n m\u00fchafiz\u0259si haqq\u0131nda&#8221; qanuna, habel\u0259 &#8220;Telekommunikasiyalar haqq\u0131nda&#8221; qanuna d\u00fcz\u0259li\u015fl\u0259r edilib. D\u0259yi\u015fiklikl\u0259r hosting-provayderl\u0259rin v\u0259 internet t\u0259dar\u00fck\u00e7\u00fcs\u00fcn\u00fcn \u00fcz\u0259rin\u0259 qada\u011fan olunmu\u015f informasiya a\u015fkar etdikd\u0259 bu bar\u0259d\u0259 sayt sahibin\u0259 m\u0259lumat verm\u0259k v\u0259 onu silm\u0259k \u00f6hd\u0259liyi qoyur. \u018fks halda resursa \u00e7\u0131x\u0131\u015f m\u0259hk\u0259m\u0259 qaydas\u0131nda m\u0259hdudla\u015fd\u0131r\u0131lacaq, hosting sahibl\u0259ri v\u0259 ya provayderl\u0259r \u00f6zl\u0259ri is\u0259 c\u0259zaland\u0131r\u0131lacaq.\n<\/p>\n<p>\n  M\u00fcst\u0259qil ekspertl\u0259r bunda internetd\u0259 senzuran\u0131 g\u00fccl\u0259ndirm\u0259k c\u0259hdl\u0259ri sezdil\u0259r v\u0259 haql\u0131 da \u00e7\u0131xd\u0131lar. Yazda m\u00fcxalif Meydan TV, Azadl\u0131q Radiosu, Az\u0259rbaycan Saat\u0131 v\u0259 Azadl\u0131g.info saytlar\u0131 r\u0259smi olaraq blokland\u0131.\n<\/p>\n<p>\n  C\u0259zan\u0131n ard\u0131c\u0131l olaraq s\u0259rtl\u0259\u015fdirilm\u0259si hakimiyy\u0259tin internetd\u0259, o c\u00fcml\u0259d\u0259n K\u0130V-d\u0259 v\u0259 sosial \u015f\u0259b\u0259k\u0259d\u0259 artan t\u0259nqidl\u0259 qar\u015f\u0131la\u015fd\u0131\u011f\u0131n\u0131 g\u00f6st\u0259rir. Bu, h\u0259m\u00e7inin 2003-c\u00fc ild\u0259 jurnalist birliyi t\u0259r\u0259find\u0259n yarad\u0131lm\u0131\u015f K\u0130V-d\u0259 pe\u015f\u0259kar-etik \u00f6z\u00fcn\u00fct\u0259nziml\u0259m\u0259 mexanizminin tamamil\u0259 devalvasiyaya u\u011frad\u0131\u011f\u0131n\u0131 v\u0259 art\u0131q internet m\u0259kan\u0131nda keyfiyy\u0259tli informasiya t\u0259b\u0259q\u0259sinin formala\u015fmas\u0131na t\u0259sir etm\u0259diyini g\u00f6st\u0259rir. Dem\u0259k olar ki, hakimiyy\u0259t pulla \u00f6z t\u0259r\u0259fin\u0259 \u00e7\u0259km\u0259kl\u0259, \u015fantaj v\u0259 zorak\u0131l\u0131qla m\u0259suliyy\u0259tsizl\u0259\u015fdirdiyi Az\u0259rbaycan jurnalistikas\u0131 \u00fc\u00e7\u00fcn qazd\u0131\u011f\u0131 quyuya \u00f6z\u00fc d\u00fc\u015f\u00fcb. \u0130nformasiya birliyi hakimiyy\u0259t\u0259 xidm\u0259t ed\u0259nl\u0259r\u0259 v\u0259 qisas almaq arzusunda olan qat\u0131 t\u0259nqid\u00e7il\u0259r\u0259 b\u00f6l\u00fcn\u00fcb. Tarazl\u0131l\u0131q, obyektivlik, pl\u00fcralizm prinsipl\u0259ri jurnalistika bortundan k\u0259narda qal\u0131b. V\u0259 art\u0131q hakimiyy\u0259t he\u00e7 bir qanunvericilik m\u0259hdudiyy\u0259tl\u0259ri il\u0259 informasiya m\u0259kan\u0131n\u0131 n\u0259zar\u0259ti alt\u0131na ala v\u0259 \u00f6z\u00fcn\u00fc biab\u0131r olmaqdan qoruya bilm\u0259z.\n<\/p>\n<blockquote><p>\n  S\u00f6z azadl\u0131\u011f\u0131ndan m\u0259hrumetm\u0259\n<\/p><\/blockquote>\n<p>\n  \u00d6t\u0259n il jurnalistl\u0259rin m\u00fcxt\u0259lif b\u0259han\u0259l\u0259rl\u0259 &#8211; xuliqanl\u0131q, \u015fantaj b\u0259han\u0259l\u0259ri il\u0259 h\u0259bs edil\u0259r\u0259k, z\u0259r\u0259rsizl\u0259\u015fdirilm\u0259si t\u0259cr\u00fcb\u0259si davam edib.\n<\/p>\n<p>\n  Bir il \u0259rzind\u0259 4 jurnalist v\u0259 iki bloger h\u0259bs edilib, onlardan biri &#8211; Mehman Q\u0259l\u0259nd\u0259rov h\u0259bsd\u0259 d\u00fcnyas\u0131n\u0131 d\u0259yi\u015fib. Sonuncu bel\u0259 apofeoz bu ilin may\u0131nda Az\u0259rbaycanl\u0131 jurnalist \u018ffqan Muxtarl\u0131n\u0131n Tbilisid\u0259 o\u011furlanmas\u0131 v\u0259 cinay\u0259t yolu il\u0259 Az\u0259rbaycana g\u00f6nd\u0259rilm\u0259si olub.\n<\/p>\n<p>\n  \u00dcmumilikd\u0259 h\u0259bs edilmi\u015f jurnalistl\u0259rin v\u0259 blogerl\u0259rin say\u0131 14-\u0259 \u00e7at\u0131b.\n<\/p>\n<p>\n  Bloklanm\u0131\u015f m\u00fcxalif\u0259t resurslar\u0131 il\u0259 \u0259m\u0259kda\u015fl\u0131q ed\u0259n onlarla jurnalist d\u00f6vl\u0259tin t\u0259zyiqin\u0259 m\u0259ruz qal\u0131r. Onlar m\u00fcnt\u0259z\u0259m olaraq Ba\u015f Prokurorluqda dindirm\u0259l\u0259r\u0259 c\u0259lb edilir, onlar\u0131n \u00f6lk\u0259d\u0259n \u00e7\u0131x\u0131\u015f\u0131na qada\u011fa qoyulub, hesablar\u0131 dondurulub.\n<\/p>\n<p>\n  Jurnalistl\u0259r\u0259 g\u00fcc yolu il\u0259 t\u0259zyiq v\u0259 psixoloji t\u0259zyiq, ilin n\u0259tic\u0259l\u0259rind\u0259n g\u00f6r\u00fcnd\u00fcy\u00fc kimi, s\u00f6z azadl\u0131\u011f\u0131n\u0131n bo\u011fulmas\u0131n\u0131n, jurnalist m\u00fchitind\u0259 \u00f6z\u00fcn\u00fcsenzuran\u0131n g\u00fccl\u0259ndirilm\u0259sinin m\u00fch\u00fcm al\u0259tl\u0259rind\u0259n biri olaraq qal\u0131r.\n<\/p>\n<p>\n  H\u0259bs edil\u0259nl\u0259rin siyah\u0131s\u0131\n<\/p>\n<p>\n  1. \u018fliyev Nicat Nazim o\u011flu &#8211; Azadxeber.org sayt\u0131n\u0131n ba\u015f redaktoru\n<\/p>\n<p>\n  2. Quliyev Araz Faiq o\u011flu &#8211; xeber44.com dini sayt\u0131n\u0131n ba\u015f redaktoru\n<\/p>\n<p>\n  3. Ramazanov R\u0259\u015fad A\u011faaddin o\u011flu &#8211; bloger\n<\/p>\n<p>\n  4. Seymur H\u0259zi M\u0259\u015f\u011ful o\u011flu &#8211; m\u00fcxalif &#8220;Azadl\u0131q&#8221; q\u0259zetinin jurnalisti\n<\/p>\n<p>\n  5. \u015eir\u0259liyev Cavid \u018fl\u0259sg\u0259r o\u011flu &#8211; &#8220;7g\u00fcn.az&#8221; sayt\u0131n\u0131n redaktoru\n<\/p>\n<p>\n  6. Fikr\u0259t F\u0259r\u0259m\u0259zo\u011flu &#8211; &#8220;jam.az&#8221; sayt\u0131n\u0131n ba\u015f redaktoru\n<\/p>\n<p>\n  7. Sad\u0131qov \u018ffqan H\u0259t\u0259mxan o\u011flu &#8211; Azel.tv sayt\u0131n\u0131n banisi v\u0259 ba\u015f redaktoru\n<\/p>\n<p>\n  9. \u0130smay\u0131ll\u0131 El\u00e7in &#8211; &#8220;kent.info&#8221; sayt\u0131n\u0131n ba\u015f redaktoru\n<\/p>\n<p>\n  10. H\u00fcseynov Mehman &#8211; bloger, Reportyorlar\u0131n Azadl\u0131q v\u0259 T\u0259hl\u00fck\u0259sizlik \u0130nstitutunun (RAT\u0130) direktoru\n<\/p>\n<p>\n  11. H\u0259s\u0259nov Tofiq Xasay o\u011flu, satirik\n<\/p>\n<p>\n  12. \u015e\u0259k\u0259rli \u018fs\u0259d S\u0259day o\u011flu &#8211; jurnalist, publisist\n<\/p>\n<p>\n  13. \u018fziz Orucov, &#8220;Kanal 13&#8221; onlay\u0131n TV- nin icra\u00e7\u0131 direktoru\n<\/p>\n<p>\n  14.\u018ffqan Muxtarl\u0131 &#8211; jurnalist\n<\/p>\n<blockquote><p>\n  \u0130qtisadi t\u0259zyiq\n<\/p><\/blockquote>\n<p>\n  D\u00f6vl\u0259t Statisika Komit\u0259sinin hesabat\u0131na g\u00f6r\u0259, 2016-c\u0131 ild\u0259 Az\u0259rbaycan K\u0130V-in iqtisadi t\u0259n\u0259zz\u00fcl\u00fc davam edib. \u00dcmumilikd\u0259 K\u0130V-in \u0259sas leqal g\u0259lirinin h\u0259cmi &#8211; mediareklam 43,9% azalaraq, 14.675.000 manat (8.621.190 dollar) t\u0259\u015fkil edib.\n<\/p>\n<p>\n  10 m\u0259rk\u0259zi v\u0259 bir o q\u0259d\u0259r d\u0259 regional telekanal\u0131 \u0259hat\u0259 ed\u0259n TV-reklam 11.800.000 manat v\u0259 ya 59,4% azalaraq, 8.036.000 manat (4 720.950 dollar) t\u0259\u015fkil edib. Orta hesabla 1 telekanala 400 min manat d\u00fc\u015f\u00fcb.\n<\/p>\n<p>\n  Radio reklam 1.615.300 manat v\u0259 ya 52,2% azalaraq, 1.479.000 (868.870 dollar) t\u0259\u015fkil edib. Az\u0259rbaycanda t\u0259xmin\u0259n 10 radiostansiya yay\u0131mlan\u0131r, onlar\u0131n h\u0259r birin\u0259 illik orta hesabla 147 min manat d\u00fc\u015f\u00fcr.\n<\/p>\n<p>\n  \u0130nternet-reklam 318.600 manat v\u0259 ya 20,3% itir\u0259r\u0259k, 1.247.000 manat (732.580 dollar) t\u0259\u015fkil edib. Burada t\u0259xmin\u0259n 200 media-sayt var, orta hesabla h\u0259r bir sayta t\u0259xmin\u0259n 6000 manat d\u00fc\u015f\u00fcr.\n<\/p>\n<p>\n  V\u0259 n\u0259hay\u0259t, q\u0259zet v\u0259 jurnallarda reklam 8.700 manat v\u0259 ya 0,61% azalaraq, 1.400.000 manat (87.530 dollar) t\u0259\u015fkil edib. Real olaraq 30-a yax\u0131n \u00e7ap q\u0259zet v\u0259 jurnal\u0131 var. Orta hesabla onlar\u0131n h\u0259r birin\u0259 illik 46 min reklam pulu d\u00fc\u015f\u00fcr.\n<\/p>\n<p>\n  \u00dcDM-d\u0259 mediareklam bazar\u0131n\u0131n pay\u0131 0,02% t\u0259\u015fkil edib, bir halda ki, beyn\u0259lxalq norma 1%-\u0259 b\u0259rab\u0259rdir. Bu, son 10 ild\u0259 \u0259n a\u015fa\u011f\u0131 g\u00f6st\u0259ricidir. 2005-ci ild\u0259 bu g\u00f6st\u0259rici 0,14% s\u0259viyy\u0259sind\u0259 olub. 90-c\u0131 ill\u0259rin ortalar\u0131ndan 2015-ci b\u00f6hran ilin\u0259 q\u0259d\u0259r o, nisb\u0259t\u0259n az v\u0259 ya \u00e7ox olub.\n<\/p>\n<p>\n  Reklam bazar\u0131ndan m\u0259lumatlar K\u0130V-in m\u0259tbuat\u0131n \u0259sas sponsoru olan hakimiyy\u0259td\u0259n as\u0131l\u0131l\u0131\u011f\u0131n\u0131n artmas\u0131 t\u0259may\u00fcl\u00fcn\u00fcn davam etdiyini g\u00f6st\u0259rir. V\u0259saitin b\u00f6y\u00fck hiss\u0259si K\u0130V-\u0259 qeyri-leqal formada daxil olur v\u0259 yaln\u0131z bir hiss\u0259si r\u0259smi olaraq K\u0130V-in \u0130nki\u015faf\u0131na D\u00f6vl\u0259t D\u0259st\u0259yi Fondu vasit\u0259sil\u0259 d\u00f6vl\u0259t t\u0259r\u0259find\u0259n subsidiyala\u015f\u0131r. Bu qurumun m\u00f6vcud oldu\u011fu g\u00fcnd\u0259n etibar\u0259n &#8211; 2009-2016-c\u0131 ill\u0259rd\u0259 28 milyon manata yax\u0131n v\u0259sait ayr\u0131l\u0131b. &#8220;T\u0259xmin\u0259n bu q\u0259d\u0259r d\u0259 v\u0259sait media qurumlar\u0131n\u0131n probleml\u0259rinin h\u0259llin\u0259 y\u00f6n\u0259ldilib&#8221;, dey\u0259 AR prezidentinin k\u00f6m\u0259k\u00e7isi \u018fli H\u0259s\u0259nov 2016-c\u0131 ilin dekabr\u0131nda bildirib. Leqal maliyy\u0259l\u0259\u015fm\u0259 \u00e7ap K\u0130V-l\u0259ri \u00fc\u00e7\u00fcn qrantlar v\u0259 jurnalistl\u0259r \u00fc\u00e7\u00fcn m\u0259nzill\u0259r \u015f\u0259klind\u0259 h\u0259yata ke\u00e7irilir. N\u00f6vb\u0259ti 255 m\u0259nzillik ev jurnalistl\u0259r\u0259 iyulun 22-i \u0259r\u0259f\u0259sind\u0259 t\u0259hvil verilib.\n<\/p>\n<p>\n  Mediareklam h\u0259cminin g\u00f6st\u0259ricil\u0259ri\n<\/p>\n<figure class=\"wp-block-image size-large\">\n  <img decoding=\"async\" src=\"https:\/\/www.meydan.tv\/az\/89488\/\" alt=\"\" class=\"wp-image-89488\"\/><figcaption><\/figcaption><\/figure>\n<\/p>\n<blockquote><p>\n  \u0130nformasiyaya \u00e7\u0131x\u0131\u015f\n<\/p><\/blockquote>\n<p>\n  Jurnalistl\u0259rin informasiyaya, ilk n\u00f6vb\u0259d\u0259 d\u00f6vl\u0259t qurumlar\u0131n\u0131n informasiyalar\u0131na \u00e7\u0131x\u0131\u015f\u0131 b\u00f6y\u00fck problem olaraq qal\u0131r. Qanunvericilik bazas\u0131n\u0131n (&#8220;K\u0130V haqq\u0131nda&#8221; qanun, &#8220;\u0130nformasiya azadl\u0131\u011f\u0131 haqq\u0131nda&#8221; qanun, CM) m\u00f6vcudlu\u011funa baxmayaraq, m\u0259qal\u0259 yazmaq \u00fc\u00e7\u00fcn z\u0259ruri m\u0259lumat\u0131 \u0259ld\u0259 etm\u0259k b\u00f6y\u00fck \u00e7\u0259tinlik do\u011furur. Prezident Administrasiyas\u0131ndan ba\u015flayaraq, a\u015fa\u011f\u0131ya do\u011fru r\u0259smi qurumlar, dem\u0259k olar ki, qanunvericiliy\u0259 m\u0259h\u0259l qoymur v\u0259 qanunla m\u00fc\u0259yy\u0259n edilmi\u015f m\u00fcdd\u0259td\u0259 &#8211; d\u0259rhal, 24 saat \u0259rzind\u0259 v\u0259 7 g\u00fcn \u0259rzind\u0259 informasiya \u0259ld\u0259 edilm\u0259sin\u0259 mane olur. \u00c7ox vaxt cavab verm\u0259kd\u0259n imtina edirl\u0259r. Bel\u0259 t\u0259cr\u00fcb\u0259ni Turan agentliyi bir s\u0131ra d\u00f6vl\u0259t strukturlar\u0131il\u0259 tamasda olaraq, \u0259ld\u0259 el\u0259yib, m\u0259s\u0259l\u0259n Bak\u0131 \u015f\u0259h\u0259r \u0130cra Hakimiyy\u0259ti, F\u00f6vq\u0259lad\u0259 Hallar Nazirliyi, &#8220;Az\u0259rsu&#8221; ASC il\u0259 bel\u0259 t\u0259cr\u00fcb\u0259si var. H\u0259tta m\u0259hk\u0259m\u0259 qaydas\u0131nda bel\u0259 cavab almaq m\u00fcmk\u00fcn olmur. Bu c\u00fcr subyektl\u0259rl\u0259 m\u0259hk\u0259m\u0259 prosesl\u0259ri aylarla v\u0259 ill\u0259rl\u0259 uzan\u0131r. Cavablar\u0131n al\u0131nmas\u0131 t\u0259cr\u00fcb\u0259si d\u00f6vl\u0259t qurumlar\u0131 v\u0259 m\u0259hk\u0259m\u0259 orqanlar\u0131 t\u0259r\u0259find\u0259n jurnalistl\u0259rin i\u015finin sabotaj edildiyini g\u00f6st\u0259rir. &#8220;\u0130nformasiya \u0259ld\u0259 etm\u0259k azadl\u0131\u011f\u0131 haqq\u0131nda&#8221; qanunun icras\u0131na g\u00f6r\u0259 m\u0259sul olan insan h\u00fcquqlar\u0131 \u00fczr\u0259 ombudsman institutu, dem\u0259k olar ki, bu probleml\u0259ri h\u0259ll etm\u0259k iqtidar\u0131nda deyil.\n<\/p>\n<blockquote><p>\n  X\u00fclas\u0259\n<\/p><\/blockquote>\n<p>\n  K\u0130V-in f\u0259aliyy\u0259tinin qeyd edil\u0259n aspektl\u0259ri Az\u0259rbaycanda haz\u0131rki rejimin m\u0259tbuat\u0131 s\u00fcr\u00fckl\u0259diyi uzunillik b\u00f6hran\u0131n davam etdiyini g\u00f6st\u0259rir. Bu aspektl\u0259r m\u0259tbuat\u0131n m\u0259qs\u0259dy\u00f6nl\u00fc v\u0259 ard\u0131c\u0131l \u015f\u0259kild\u0259 neytralla\u015fd\u0131r\u0131ld\u0131\u011f\u0131n\u0131 g\u00f6st\u0259rir v\u0259 K\u0130V sah\u0259sind\u0259 d\u00fc\u015f\u00fcn\u00fclm\u00fc\u015f d\u00f6vl\u0259t siyas\u0259ti kimi qiym\u0259tl\u0259ndiril\u0259 bil\u0259r. Bu siyas\u0259tin \u0259sas m\u0259qs\u0259di m\u0259tbuat\u0131n hakimiyy\u0259tin f\u0259aliyy\u0259tin\u0259 ictimai n\u0259zar\u0259t funksiyas\u0131n\u0131n yerin\u0259 yetirilm\u0259sind\u0259n m\u0259hrum edilm\u0259sidir. M\u0259tbuat\u0131n ictimai n\u0259zar\u0259t funksiyas\u0131n\u0131 itirm\u0259si m\u0259mur aparat\u0131n\u0131n misli g\u00f6r\u00fcnm\u0259mi\u015f miqyasda sui-istifad\u0259l\u0259rin\u0259, korrupsiyaya v\u0259 n\u0259hay\u0259t, \u00f6lk\u0259d\u0259 iqtisadi b\u00f6hrana v\u0259 sistem b\u00f6hran\u0131na g\u0259tirib \u00e7\u0131xar\u0131b.<\/p>\n","protected":false},"excerpt":{"rendered":"<p>Az\u0259rbaycan m\u0259tbuat\u0131 iyulun 22-d\u0259 pe\u015f\u0259 bayram\u0131n\u0131 qeyd edir<\/p>\n","protected":false},"author":11,"featured_media":89491,"comment_status":"closed","ping_status":"open","sticky":false,"template":"","format":"standard","meta":{"_acf_changed":false,"_sitemap_exclude":false,"_sitemap_priority":"","_sitemap_frequency":"","footnotes":""},"categories":[51],"tags":[],"class_list":["post-185700","post","type-post","status-publish","format-standard","has-post-thumbnail","hentry","category-analitika","infinite-scroll-item","generate-columns","tablet-grid-50","mobile-grid-100","grid-parent","grid-33","no-featured-image-padding"],"acf":[],"yoast_head":"<!-- This site is optimized with the Yoast SEO plugin v27.4 - https:\/\/yoast.com\/product\/yoast-seo-wordpress\/ -->\n<title>Az\u0259rbaycan m\u0259tbuat\u0131: b\u00f6hran davam edir - MEYDAN.TV<\/title>\n<meta name=\"robots\" content=\"index, follow, max-snippet:-1, max-image-preview:large, max-video-preview:-1\" \/>\n<link rel=\"canonical\" href=\"https:\/\/www.meydan.tv\/az\/article\/azerbaycan-metbuati-bohran-davam-edir\/\" \/>\n<meta property=\"og:locale\" content=\"az_AZ\" \/>\n<meta property=\"og:type\" content=\"article\" \/>\n<meta property=\"og:title\" content=\"Az\u0259rbaycan m\u0259tbuat\u0131: b\u00f6hran davam edir - MEYDAN.TV\" \/>\n<meta property=\"og:description\" content=\"Az\u0259rbaycan m\u0259tbuat\u0131 iyulun 22-d\u0259 pe\u015f\u0259 bayram\u0131n\u0131 qeyd edir\" \/>\n<meta property=\"og:url\" content=\"https:\/\/www.meydan.tv\/az\/article\/azerbaycan-metbuati-bohran-davam-edir\/\" \/>\n<meta property=\"og:site_name\" content=\"MEYDAN.TV\" \/>\n<meta property=\"article:published_time\" content=\"2017-07-22T22:40:13+00:00\" \/>\n<meta property=\"og:image\" content=\"https:\/\/www.meydan.tv\/wp-content\/uploads\/35241.jpg\" \/>\n\t<meta property=\"og:image:width\" content=\"960\" \/>\n\t<meta property=\"og:image:height\" content=\"751\" \/>\n\t<meta property=\"og:image:type\" content=\"image\/jpeg\" \/>\n<meta name=\"author\" content=\"user-manager\" \/>\n<meta name=\"twitter:card\" content=\"summary_large_image\" \/>\n<script type=\"application\/ld+json\" class=\"yoast-schema-graph\">{\"@context\":\"https:\\\/\\\/schema.org\",\"@graph\":[{\"@type\":\"Article\",\"@id\":\"https:\\\/\\\/www.meydan.tv\\\/az\\\/article\\\/azerbaycan-metbuati-bohran-davam-edir\\\/#article\",\"isPartOf\":{\"@id\":\"https:\\\/\\\/www.meydan.tv\\\/az\\\/article\\\/azerbaycan-metbuati-bohran-davam-edir\\\/\"},\"author\":{\"name\":\"user-manager\",\"@id\":\"https:\\\/\\\/www.meydan.tv\\\/az\\\/#\\\/schema\\\/person\\\/10d11eccf6da3662cf5fdab9806ea91a\"},\"headline\":\"Az\u0259rbaycan m\u0259tbuat\u0131: b\u00f6hran davam edir\",\"datePublished\":\"2017-07-22T22:40:13+00:00\",\"mainEntityOfPage\":{\"@id\":\"https:\\\/\\\/www.meydan.tv\\\/az\\\/article\\\/azerbaycan-metbuati-bohran-davam-edir\\\/\"},\"wordCount\":2184,\"publisher\":{\"@id\":\"https:\\\/\\\/www.meydan.tv\\\/az\\\/#organization\"},\"image\":{\"@id\":\"https:\\\/\\\/www.meydan.tv\\\/az\\\/article\\\/azerbaycan-metbuati-bohran-davam-edir\\\/#primaryimage\"},\"thumbnailUrl\":\"https:\\\/\\\/www.meydan.tv\\\/wp-content\\\/uploads\\\/35241.jpg\",\"articleSection\":[\"Analitika\"],\"inLanguage\":\"az\"},{\"@type\":\"WebPage\",\"@id\":\"https:\\\/\\\/www.meydan.tv\\\/az\\\/article\\\/azerbaycan-metbuati-bohran-davam-edir\\\/\",\"url\":\"https:\\\/\\\/www.meydan.tv\\\/az\\\/article\\\/azerbaycan-metbuati-bohran-davam-edir\\\/\",\"name\":\"Az\u0259rbaycan m\u0259tbuat\u0131: b\u00f6hran davam edir - MEYDAN.TV\",\"isPartOf\":{\"@id\":\"https:\\\/\\\/www.meydan.tv\\\/az\\\/#website\"},\"primaryImageOfPage\":{\"@id\":\"https:\\\/\\\/www.meydan.tv\\\/az\\\/article\\\/azerbaycan-metbuati-bohran-davam-edir\\\/#primaryimage\"},\"image\":{\"@id\":\"https:\\\/\\\/www.meydan.tv\\\/az\\\/article\\\/azerbaycan-metbuati-bohran-davam-edir\\\/#primaryimage\"},\"thumbnailUrl\":\"https:\\\/\\\/www.meydan.tv\\\/wp-content\\\/uploads\\\/35241.jpg\",\"datePublished\":\"2017-07-22T22:40:13+00:00\",\"breadcrumb\":{\"@id\":\"https:\\\/\\\/www.meydan.tv\\\/az\\\/article\\\/azerbaycan-metbuati-bohran-davam-edir\\\/#breadcrumb\"},\"inLanguage\":\"az\",\"potentialAction\":[{\"@type\":\"ReadAction\",\"target\":[\"https:\\\/\\\/www.meydan.tv\\\/az\\\/article\\\/azerbaycan-metbuati-bohran-davam-edir\\\/\"]}]},{\"@type\":\"ImageObject\",\"inLanguage\":\"az\",\"@id\":\"https:\\\/\\\/www.meydan.tv\\\/az\\\/article\\\/azerbaycan-metbuati-bohran-davam-edir\\\/#primaryimage\",\"url\":\"https:\\\/\\\/www.meydan.tv\\\/wp-content\\\/uploads\\\/35241.jpg\",\"contentUrl\":\"https:\\\/\\\/www.meydan.tv\\\/wp-content\\\/uploads\\\/35241.jpg\",\"width\":960,\"height\":751,\"caption\":\"Source:\"},{\"@type\":\"BreadcrumbList\",\"@id\":\"https:\\\/\\\/www.meydan.tv\\\/az\\\/article\\\/azerbaycan-metbuati-bohran-davam-edir\\\/#breadcrumb\",\"itemListElement\":[{\"@type\":\"ListItem\",\"position\":1,\"name\":\"Ana s\u0259hif\u0259\",\"item\":\"https:\\\/\\\/www.meydan.tv\\\/az\\\/\"},{\"@type\":\"ListItem\",\"position\":2,\"name\":\"Analitika\",\"item\":\"https:\\\/\\\/www.meydan.tv\\\/az\\\/section\\\/analitika\\\/\"},{\"@type\":\"ListItem\",\"position\":3,\"name\":\"Az\u0259rbaycan m\u0259tbuat\u0131: b\u00f6hran davam edir\"}]},{\"@type\":\"WebSite\",\"@id\":\"https:\\\/\\\/www.meydan.tv\\\/az\\\/#website\",\"url\":\"https:\\\/\\\/www.meydan.tv\\\/az\\\/\",\"name\":\"MEYDAN.TV\",\"description\":\"Meydan TV Az\u0259rbaycan\u0131n media m\u0259kan\u0131ndak\u0131 alternativ s\u0259sidir\",\"publisher\":{\"@id\":\"https:\\\/\\\/www.meydan.tv\\\/az\\\/#organization\"},\"potentialAction\":[{\"@type\":\"SearchAction\",\"target\":{\"@type\":\"EntryPoint\",\"urlTemplate\":\"https:\\\/\\\/www.meydan.tv\\\/az\\\/?s={search_term_string}\"},\"query-input\":{\"@type\":\"PropertyValueSpecification\",\"valueRequired\":true,\"valueName\":\"search_term_string\"}}],\"inLanguage\":\"az\"},{\"@type\":\"Organization\",\"@id\":\"https:\\\/\\\/www.meydan.tv\\\/az\\\/#organization\",\"name\":\"Meydan TV\",\"url\":\"https:\\\/\\\/www.meydan.tv\\\/az\\\/\",\"logo\":{\"@type\":\"ImageObject\",\"inLanguage\":\"az\",\"@id\":\"https:\\\/\\\/www.meydan.tv\\\/az\\\/#\\\/schema\\\/logo\\\/image\\\/\",\"url\":\"https:\\\/\\\/www.meydan.tv\\\/wp-content\\\/uploads\\\/2021\\\/07\\\/meydan-logo.svg\",\"contentUrl\":\"https:\\\/\\\/www.meydan.tv\\\/wp-content\\\/uploads\\\/2021\\\/07\\\/meydan-logo.svg\",\"width\":195,\"height\":46,\"caption\":\"Meydan TV\"},\"image\":{\"@id\":\"https:\\\/\\\/www.meydan.tv\\\/az\\\/#\\\/schema\\\/logo\\\/image\\\/\"}},{\"@type\":\"Person\",\"@id\":\"https:\\\/\\\/www.meydan.tv\\\/az\\\/#\\\/schema\\\/person\\\/10d11eccf6da3662cf5fdab9806ea91a\",\"name\":\"user-manager\"}]}<\/script>\n<!-- \/ Yoast SEO plugin. -->","yoast_head_json":{"title":"Az\u0259rbaycan m\u0259tbuat\u0131: b\u00f6hran davam edir - MEYDAN.TV","robots":{"index":"index","follow":"follow","max-snippet":"max-snippet:-1","max-image-preview":"max-image-preview:large","max-video-preview":"max-video-preview:-1"},"canonical":"https:\/\/www.meydan.tv\/az\/article\/azerbaycan-metbuati-bohran-davam-edir\/","og_locale":"az_AZ","og_type":"article","og_title":"Az\u0259rbaycan m\u0259tbuat\u0131: b\u00f6hran davam edir - MEYDAN.TV","og_description":"Az\u0259rbaycan m\u0259tbuat\u0131 iyulun 22-d\u0259 pe\u015f\u0259 bayram\u0131n\u0131 qeyd edir","og_url":"https:\/\/www.meydan.tv\/az\/article\/azerbaycan-metbuati-bohran-davam-edir\/","og_site_name":"MEYDAN.TV","article_published_time":"2017-07-22T22:40:13+00:00","og_image":[{"width":960,"height":751,"url":"https:\/\/www.meydan.tv\/wp-content\/uploads\/35241.jpg","type":"image\/jpeg"}],"author":"user-manager","twitter_card":"summary_large_image","schema":{"@context":"https:\/\/schema.org","@graph":[{"@type":"Article","@id":"https:\/\/www.meydan.tv\/az\/article\/azerbaycan-metbuati-bohran-davam-edir\/#article","isPartOf":{"@id":"https:\/\/www.meydan.tv\/az\/article\/azerbaycan-metbuati-bohran-davam-edir\/"},"author":{"name":"user-manager","@id":"https:\/\/www.meydan.tv\/az\/#\/schema\/person\/10d11eccf6da3662cf5fdab9806ea91a"},"headline":"Az\u0259rbaycan m\u0259tbuat\u0131: b\u00f6hran davam edir","datePublished":"2017-07-22T22:40:13+00:00","mainEntityOfPage":{"@id":"https:\/\/www.meydan.tv\/az\/article\/azerbaycan-metbuati-bohran-davam-edir\/"},"wordCount":2184,"publisher":{"@id":"https:\/\/www.meydan.tv\/az\/#organization"},"image":{"@id":"https:\/\/www.meydan.tv\/az\/article\/azerbaycan-metbuati-bohran-davam-edir\/#primaryimage"},"thumbnailUrl":"https:\/\/www.meydan.tv\/wp-content\/uploads\/35241.jpg","articleSection":["Analitika"],"inLanguage":"az"},{"@type":"WebPage","@id":"https:\/\/www.meydan.tv\/az\/article\/azerbaycan-metbuati-bohran-davam-edir\/","url":"https:\/\/www.meydan.tv\/az\/article\/azerbaycan-metbuati-bohran-davam-edir\/","name":"Az\u0259rbaycan m\u0259tbuat\u0131: b\u00f6hran davam edir - MEYDAN.TV","isPartOf":{"@id":"https:\/\/www.meydan.tv\/az\/#website"},"primaryImageOfPage":{"@id":"https:\/\/www.meydan.tv\/az\/article\/azerbaycan-metbuati-bohran-davam-edir\/#primaryimage"},"image":{"@id":"https:\/\/www.meydan.tv\/az\/article\/azerbaycan-metbuati-bohran-davam-edir\/#primaryimage"},"thumbnailUrl":"https:\/\/www.meydan.tv\/wp-content\/uploads\/35241.jpg","datePublished":"2017-07-22T22:40:13+00:00","breadcrumb":{"@id":"https:\/\/www.meydan.tv\/az\/article\/azerbaycan-metbuati-bohran-davam-edir\/#breadcrumb"},"inLanguage":"az","potentialAction":[{"@type":"ReadAction","target":["https:\/\/www.meydan.tv\/az\/article\/azerbaycan-metbuati-bohran-davam-edir\/"]}]},{"@type":"ImageObject","inLanguage":"az","@id":"https:\/\/www.meydan.tv\/az\/article\/azerbaycan-metbuati-bohran-davam-edir\/#primaryimage","url":"https:\/\/www.meydan.tv\/wp-content\/uploads\/35241.jpg","contentUrl":"https:\/\/www.meydan.tv\/wp-content\/uploads\/35241.jpg","width":960,"height":751,"caption":"Source:"},{"@type":"BreadcrumbList","@id":"https:\/\/www.meydan.tv\/az\/article\/azerbaycan-metbuati-bohran-davam-edir\/#breadcrumb","itemListElement":[{"@type":"ListItem","position":1,"name":"Ana s\u0259hif\u0259","item":"https:\/\/www.meydan.tv\/az\/"},{"@type":"ListItem","position":2,"name":"Analitika","item":"https:\/\/www.meydan.tv\/az\/section\/analitika\/"},{"@type":"ListItem","position":3,"name":"Az\u0259rbaycan m\u0259tbuat\u0131: b\u00f6hran davam edir"}]},{"@type":"WebSite","@id":"https:\/\/www.meydan.tv\/az\/#website","url":"https:\/\/www.meydan.tv\/az\/","name":"MEYDAN.TV","description":"Meydan TV Az\u0259rbaycan\u0131n media m\u0259kan\u0131ndak\u0131 alternativ s\u0259sidir","publisher":{"@id":"https:\/\/www.meydan.tv\/az\/#organization"},"potentialAction":[{"@type":"SearchAction","target":{"@type":"EntryPoint","urlTemplate":"https:\/\/www.meydan.tv\/az\/?s={search_term_string}"},"query-input":{"@type":"PropertyValueSpecification","valueRequired":true,"valueName":"search_term_string"}}],"inLanguage":"az"},{"@type":"Organization","@id":"https:\/\/www.meydan.tv\/az\/#organization","name":"Meydan TV","url":"https:\/\/www.meydan.tv\/az\/","logo":{"@type":"ImageObject","inLanguage":"az","@id":"https:\/\/www.meydan.tv\/az\/#\/schema\/logo\/image\/","url":"https:\/\/www.meydan.tv\/wp-content\/uploads\/2021\/07\/meydan-logo.svg","contentUrl":"https:\/\/www.meydan.tv\/wp-content\/uploads\/2021\/07\/meydan-logo.svg","width":195,"height":46,"caption":"Meydan TV"},"image":{"@id":"https:\/\/www.meydan.tv\/az\/#\/schema\/logo\/image\/"}},{"@type":"Person","@id":"https:\/\/www.meydan.tv\/az\/#\/schema\/person\/10d11eccf6da3662cf5fdab9806ea91a","name":"user-manager"}]}},"_links":{"self":[{"href":"https:\/\/www.meydan.tv\/az\/wp-json\/wp\/v2\/posts\/185700","targetHints":{"allow":["GET"]}}],"collection":[{"href":"https:\/\/www.meydan.tv\/az\/wp-json\/wp\/v2\/posts"}],"about":[{"href":"https:\/\/www.meydan.tv\/az\/wp-json\/wp\/v2\/types\/post"}],"author":[{"embeddable":true,"href":"https:\/\/www.meydan.tv\/az\/wp-json\/wp\/v2\/users\/11"}],"replies":[{"embeddable":true,"href":"https:\/\/www.meydan.tv\/az\/wp-json\/wp\/v2\/comments?post=185700"}],"version-history":[{"count":0,"href":"https:\/\/www.meydan.tv\/az\/wp-json\/wp\/v2\/posts\/185700\/revisions"}],"wp:featuredmedia":[{"embeddable":true,"href":"https:\/\/www.meydan.tv\/az\/wp-json\/wp\/v2\/media\/89491"}],"wp:attachment":[{"href":"https:\/\/www.meydan.tv\/az\/wp-json\/wp\/v2\/media?parent=185700"}],"wp:term":[{"taxonomy":"category","embeddable":true,"href":"https:\/\/www.meydan.tv\/az\/wp-json\/wp\/v2\/categories?post=185700"},{"taxonomy":"post_tag","embeddable":true,"href":"https:\/\/www.meydan.tv\/az\/wp-json\/wp\/v2\/tags?post=185700"}],"curies":[{"name":"wp","href":"https:\/\/api.w.org\/{rel}","templated":true}]}}