{"id":185664,"date":"2017-07-20T15:57:21","date_gmt":"2017-07-20T15:57:21","guid":{"rendered":"https:\/\/www.meydan.tv\/article\/kamaleddin-heyderovun-fermasi-ve-azerbaycan-kendi\/"},"modified":"2017-07-20T15:57:21","modified_gmt":"2017-07-20T15:57:21","slug":"kamaleddin-heyderovun-fermasi-ve-azerbaycan-kendi","status":"publish","type":"post","link":"https:\/\/www.meydan.tv\/az\/article\/kamaleddin-heyderovun-fermasi-ve-azerbaycan-kendi\/","title":{"rendered":"Kamal\u0259ddin Heyd\u0259rovun fermas\u0131 v\u0259 Az\u0259rbaycan k\u0259ndi"},"content":{"rendered":"<figure class=\"wp-block-image size-large\">\n  <img decoding=\"async\" src=\"https:\/\/www.meydan.tv\/az\/kemaleddin-heyderov-2\/\" alt=\"K\u0259mal\u0259ddin Heyd\u0259rov\" class=\"wp-image-89320\"\/><figcaption>\n    K\u0259mal\u0259ddin Heyd\u0259rov<br \/>\n  <\/figcaption><\/figure>\n<p>\n  M\u0259tl\u0259b\u0259 birba\u015fa ke\u00e7\u0259 bilm\u0259m\u0259yim h\u0259mi\u015f\u0259 \u0259n \u00e7ox \u0259s\u0259bil\u0259\u015fdiyim \u015feydir. M\u0259s\u0259l\u0259n, dem\u0259k ist\u0259yir\u0259ms\u0259, m\u0259n o vaxtlar c\u0259mi ikiotaql\u0131 m\u0259kt\u0259bd\u0259n v\u0259 yaln\u0131z z\u0259ruri \u0259rzaq m\u0259hsullar\u0131n\u0131n sat\u0131ld\u0131\u011f\u0131 d\u00fckandan savay\u0131 ictimai tikilisi, y\u00fck ma\u015f\u0131n\u0131ndan ba\u015fqa n\u0259qliyyat\u0131 olmayan ucqar bir k\u0259ndd\u0259 b\u00f6y\u00fcm\u00fc\u015f\u0259m, m\u00fctl\u0259q gedib 70-c\u0131 ill\u0259rin sosial probleml\u0259rin\u0259 \u00e7\u0131x\u0131ram. H\u0259r\u00e7\u0259nd sovetin indiki s\u0259rb\u0259st soy\u011fun\u00e7ulardan f\u0259rqli olaraq h\u0259r \u0259m\u0259l\u0259 insan amilind\u0259n-zaddan bir don geyind\u0259rm\u0259si vard\u0131. V\u0259 neyl\u0259y\u0259s\u0259n ki, b\u00fct\u00fcn hallarda bunlar bizim milli tariximizin x\u0259cal\u0259tli s\u0259hif\u0259l\u0259ridir&#8230;\n<\/p>\n<blockquote><p>\n  Birinci ferma\n<\/p><\/blockquote>\n<p>\n  K\u0259ndimizin \u00fcz\u00fcn\u0259 g\u00fcn orda sovetin sovet vaxt\u0131 b\u00f6y\u00fck bir ferma tikintisi il\u0259 do\u011fdu. Urusy\u0259td\u0259n g\u0259lm\u0259 yara\u015f\u0131ql\u0131 cins in\u0259kl\u0259ri o fermada \u00e7imizdirib daray\u0131r, saathesab\u0131 x\u00fcsusi qidalarla yedirib-i\u00e7irdir, a\u00e7\u0131q havada g\u0259zdirir, h\u0259kim n\u0259zar\u0259ti alt\u0131nda b\u0259sl\u0259yirdil\u0259r. \u0130n\u0259kl\u0259r \u0259ll\u0259 deyil, aqreqatla sa\u011f\u0131l\u0131rd\u0131lar. Peyin v\u0259 dig\u0259r tullant\u0131lar k\u00fcr\u0259k, yaba il\u0259 at\u0131lmay\u0131b x\u00fcsusi novlara ax\u0131d\u0131l\u0131rd\u0131. \u0130nsan \u0259m\u0259yini o d\u00f6vr \u00fc\u00e7\u00fcn xeyli y\u00fcng\u00fcll\u0259\u015fdir\u0259n \u201cferma \u015f\u0259h\u0259rciyi\u201d k\u0259ndimizin gir\u0259c\u0259yind\u0259 sal\u0131nm\u0131\u015fd\u0131. O s\u0259b\u0259bd\u0259n b\u00f6y\u00fckl\u0259rin s\u0131x-s\u0131x g\u0259ldiyi o k\u0259ndin b\u0259rbad yolu az vaxtda t\u0259z\u0259l\u0259ndi, k\u00fc\u00e7\u0259l\u0259r\u0259 i\u015f\u0131q, evl\u0259r\u0259 su x\u0259tl\u0259ri \u00e7\u0259kildi.\n<\/p>\n<p>\n  Sovet y\u0131x\u0131lar-y\u0131x\u0131lmaz m\u0259d\u0259ni ferman\u0131n b\u0259xt\u0259v\u0259r in\u0259kl\u0259rini s\u0131\u011fallayaraq onlara mehriban \u00e7\u0131x\u0131\u015flar h\u0259sr ed\u0259n m\u0259murlar quduzla\u015f\u0131b o heyvanlar\u0131 ferma qar\u0131\u015f\u0131q yem\u0259y\u0259 ba\u015flad\u0131lar. B\u00fct\u00fcn k\u0259ndin sabit i\u015f-dolan\u0131\u015f\u0131q yeri olan i\u00e7i dolu n\u0259h\u0259ng tikilil\u0259r bir ne\u00e7\u0259 ay\u0131n i\u00e7ind\u0259 ya\u011fmalan\u0131b, talan edildi. G\u00f6r\u00fcrs\u00fczm\u00fc, o boyda tarixin m\u0259ntiqi sonunu h\u0259tta \u201c\u00e7oxdan\u0131\u015fan\u201d m\u0259n iki c\u00fcml\u0259 il\u0259 \u00e7atd\u0131ra bildim.\n<\/p>\n<blockquote><p>\n  \u0130kinci ferma\n<\/p><\/blockquote>\n<p>\n  \u00dcst\u00fcnd\u0259n uzun ill\u0259r ke\u00e7\u0259nd\u0259n sonra k\u0259ndimiz\u0259 g\u0259l\u0259n yolun alt\u0131-yeddi kilometrliyind\u0259 f\u00f6vq\u0259lad\u0259 ferma peyda oldu. \u018fslind\u0259 yuxar\u0131dak\u0131 hekay\u0259tin tam x\u0259yali variant\u0131 olan bug\u00fcnk\u00fc \u0259fsan\u0259y\u0259 \u201cferma\u201d dem\u0259y\u0259 adam\u0131n dili g\u0259lmir. Tan\u0131mayanlar\u0131n Bak\u0131-Tbilisi magistral\u0131ndan g\u00f6r\u00fcn\u0259n m\u00f6ht\u0259\u015f\u0259m \u00fcnvan\u0131 hara v\u0259 n\u0259 z\u0259nn ed\u0259 bil\u0259c\u0259kl\u0259ri bar\u0259d\u0259ki ehtimallar\u0131m\u0131 yazm\u0131ram. \u015e\u00fc\u015f\u0259 kimi asfalt, bahal\u0131 g\u00fcll\u0259r, b\u0259z\u0259k v\u0259 meyv\u0259 a\u011faclar\u0131ndan ibar\u0259t parklar, bol sulu h\u0259mi\u015f\u0259ya\u015f\u0131l bitki \u00f6rt\u00fcy\u00fc, y\u00fcks\u0259k ya\u015fay\u0131\u015f s\u0259viyy\u0259sinin t\u0259minat\u0131 avro standartlara uy\u011fun tikilil\u0259r, komp\u00fcter, internet v\u0259 sair\u0259 \u00f6z\u0259llikl\u0259r&#8230; Avropa m\u0259n\u015f\u0259li y\u00fcks\u0259k cins\u0259 m\u0259nsub canl\u0131lar \u00fc\u00e7\u00fcn yarad\u0131lan ideal \u015f\u0259rait t\u0259bii ki, h\u0259\u015ftad\u0131nc\u0131 ill\u0259rin rus in\u0259yinin yuxusuna da girm\u0259zdi, nec\u0259 ki, biz o zamanlar hay\u0131l-may\u0131l oldu\u011fumuz \u201cprimitiv\u201dm\u0259nz\u0259r\u0259y\u0259 g\u00f6r\u0259 indi utan\u0131r\u0131q. H\u0259m d\u0259 ona g\u00f6r\u0259 utan\u0131r\u0131q ki, bir azdan \u00f6z\u00fcm\u00fcz\u00fcn d\u0259yi\u015fm\u0259y\u0259n h\u0259yat\u0131m\u0131za d\u00f6n\u0259c\u0259yik&#8230;\n<\/p>\n<p>\n  O d\u00f6n\u00fc\u015f b\u00fct\u00fcn bu na\u011f\u0131llar al\u0259mind\u0259n be\u015fc\u0259 add\u0131m sonradan ba\u015flanan \u00e7ala-\u00e7uxurlu b\u0259rbad yollardan, qupquru, susuz \u00e7\u00f6ll\u0259rd\u0259n, k\u0259ndaras\u0131 qaranl\u0131q k\u00fc\u00e7\u0259l\u0259rd\u0259n, n\u0259sli k\u0259silm\u0259kd\u0259 olan \u201cc\u0131r\u201d in\u0259kl\u0259rd\u0259n v\u0259 bir loxma \u00e7\u00f6r\u0259yini min \u0259ziyy\u0259tl\u0259 da\u015fdan-k\u00f6m\u00fcrd\u0259n \u00e7\u0131xardan yan\u0131q adamlardan ke\u00e7ir. Torpa\u011f\u0131 d\u0259y\u0259r-d\u0259ym\u0259zin\u0259 \u0259lind\u0259n al\u0131n\u0131b suyunun qaba\u011f\u0131 k\u0259slimi\u015f yerli-yersiz \u0259halisi il\u0259, Kamal\u0259ddin Heyd\u0259rovun avropal\u0131 in\u0259kl\u0259rinin d\u0131rna\u011f\u0131 q\u0259d\u0259r d\u0259y\u0259rd\u0259n m\u0259hrum v\u0259t\u0259nda\u015flarlar\u0131yla uzaqlarda t\u00fcst\u00fcl\u0259n\u0259n o k\u0259nd bizim k\u0259ndimizdir&#8230; Uzatsam \u0259limi, dan\u0131\u015fsam dilimi yand\u0131ran o \u0259zabke\u015f k\u0259nd b\u00fct\u00f6v Az\u0259rbaycand\u0131r&#8230;\n<\/p>\n<p>\n  Amma biz \u00e7ox \u00e7obanlar\u0131 s\u00fcr\u00fcs\u00fcz, \u00e7ox s\u00fcr\u00fcl\u0259ri \u00e7obans\u0131z qoyan bu kinonu \u00e7ox g\u00f6rm\u00fc\u015f\u00fck. C\u0259nab nazir d\u0259 g\u00f6r\u00fcb, ondan daha b\u00f6y\u00fck c\u0259nablar v\u0259 xan\u0131mlar da g\u00f6r\u00fcbl\u0259r. Sad\u0259c\u0259 b\u00fct\u00fcn eyni c\u00fcr xo\u015fb\u0259xtl\u0259rin eyni yadda\u015f problemi var. Biz is\u0259 unutmad\u0131q, unutmuruq!<br \/>\n  <br \/>\n  M\u0259s\u0259l\u0259 xo\u015fb\u0259xtlikd\u0259, yaxud b\u0259db\u0259xtlikd\u0259 deyil, diqq\u0259tli olmaqdad\u0131r&#8230;\n<\/p>\n<p>\n  P.s. Heyvansev\u0259r olaraq fermadak\u0131 ideal \u015f\u0259rait\u0259 say\u011f\u0131m\u0131z var. Sad\u0259c\u0259 \u00f6lk\u0259nin yaln\u0131z o xo\u015fb\u0259xt heyvanlardan ibar\u0259t olmad\u0131\u011f\u0131n\u0131 xat\u0131rlatmaq ist\u0259dik.\n<\/p>\n<p>\n  <i><br \/>\n    <b><br \/>\n      Yaz\u0131 m\u00fc\u0259llifin fikirl\u0259rini \u0259ks etdirir v\u0259 Meydan TV-nin m\u00f6vqeyi il\u0259 \u00fcst-\u00fcst\u0259 d\u00fc\u015fm\u0259y\u0259 bil\u0259r.<br \/>\n    <\/b><br \/>\n  <\/i><\/p>\n","protected":false},"excerpt":{"rendered":"<p>M\u0259tl\u0259b\u0259 birba\u015fa ke\u00e7\u0259 bilm\u0259m\u0259yim h\u0259mi\u015f\u0259 \u0259n \u00e7ox \u0259s\u0259bil\u0259\u015fdiyim \u015feydir<\/p>\n","protected":false},"author":11,"featured_media":89320,"comment_status":"closed","ping_status":"open","sticky":false,"template":"","format":"standard","meta":{"_acf_changed":false,"_sitemap_exclude":false,"_sitemap_priority":"","_sitemap_frequency":"","footnotes":""},"categories":[57],"tags":[],"class_list":["post-185664","post","type-post","status-publish","format-standard","has-post-thumbnail","hentry","category-menim-fikrimce","infinite-scroll-item","generate-columns","tablet-grid-50","mobile-grid-100","grid-parent","grid-33","no-featured-image-padding"],"acf":[],"yoast_head":"<!-- This site is optimized with the Yoast SEO plugin v27.5 - https:\/\/yoast.com\/product\/yoast-seo-wordpress\/ -->\n<title>Kamal\u0259ddin Heyd\u0259rovun fermas\u0131 v\u0259 Az\u0259rbaycan k\u0259ndi - MEYDAN.TV<\/title>\n<meta name=\"robots\" content=\"index, follow, max-snippet:-1, max-image-preview:large, max-video-preview:-1\" \/>\n<link rel=\"canonical\" href=\"https:\/\/www.meydan.tv\/az\/article\/kamaleddin-heyderovun-fermasi-ve-azerbaycan-kendi\/\" \/>\n<meta property=\"og:locale\" content=\"az_AZ\" \/>\n<meta property=\"og:type\" content=\"article\" \/>\n<meta property=\"og:title\" content=\"Kamal\u0259ddin Heyd\u0259rovun fermas\u0131 v\u0259 Az\u0259rbaycan k\u0259ndi - MEYDAN.TV\" \/>\n<meta property=\"og:description\" content=\"M\u0259tl\u0259b\u0259 birba\u015fa ke\u00e7\u0259 bilm\u0259m\u0259yim h\u0259mi\u015f\u0259 \u0259n \u00e7ox \u0259s\u0259bil\u0259\u015fdiyim \u015feydir\" \/>\n<meta property=\"og:url\" content=\"https:\/\/www.meydan.tv\/az\/article\/kamaleddin-heyderovun-fermasi-ve-azerbaycan-kendi\/\" \/>\n<meta property=\"og:site_name\" content=\"MEYDAN.TV\" \/>\n<meta property=\"article:published_time\" content=\"2017-07-20T15:57:21+00:00\" \/>\n<meta property=\"og:image\" content=\"https:\/\/www.meydan.tv\/wp-content\/uploads\/35204-scaled.jpg\" \/>\n\t<meta property=\"og:image:width\" content=\"2560\" \/>\n\t<meta property=\"og:image:height\" content=\"1700\" \/>\n\t<meta property=\"og:image:type\" content=\"image\/jpeg\" \/>\n<meta name=\"author\" content=\"user-manager\" \/>\n<meta name=\"twitter:card\" content=\"summary_large_image\" \/>\n<script type=\"application\/ld+json\" class=\"yoast-schema-graph\">{\"@context\":\"https:\\\/\\\/schema.org\",\"@graph\":[{\"@type\":\"Article\",\"@id\":\"https:\\\/\\\/www.meydan.tv\\\/az\\\/article\\\/kamaleddin-heyderovun-fermasi-ve-azerbaycan-kendi\\\/#article\",\"isPartOf\":{\"@id\":\"https:\\\/\\\/www.meydan.tv\\\/az\\\/article\\\/kamaleddin-heyderovun-fermasi-ve-azerbaycan-kendi\\\/\"},\"author\":{\"name\":\"user-manager\",\"@id\":\"https:\\\/\\\/www.meydan.tv\\\/az\\\/#\\\/schema\\\/person\\\/10d11eccf6da3662cf5fdab9806ea91a\"},\"headline\":\"Kamal\u0259ddin Heyd\u0259rovun fermas\u0131 v\u0259 Az\u0259rbaycan k\u0259ndi\",\"datePublished\":\"2017-07-20T15:57:21+00:00\",\"mainEntityOfPage\":{\"@id\":\"https:\\\/\\\/www.meydan.tv\\\/az\\\/article\\\/kamaleddin-heyderovun-fermasi-ve-azerbaycan-kendi\\\/\"},\"wordCount\":877,\"publisher\":{\"@id\":\"https:\\\/\\\/www.meydan.tv\\\/az\\\/#organization\"},\"image\":{\"@id\":\"https:\\\/\\\/www.meydan.tv\\\/az\\\/article\\\/kamaleddin-heyderovun-fermasi-ve-azerbaycan-kendi\\\/#primaryimage\"},\"thumbnailUrl\":\"https:\\\/\\\/www.meydan.tv\\\/wp-content\\\/uploads\\\/35204-scaled.jpg\",\"articleSection\":[\"M\u0259nim Fikrimc\u0259\"],\"inLanguage\":\"az\"},{\"@type\":\"WebPage\",\"@id\":\"https:\\\/\\\/www.meydan.tv\\\/az\\\/article\\\/kamaleddin-heyderovun-fermasi-ve-azerbaycan-kendi\\\/\",\"url\":\"https:\\\/\\\/www.meydan.tv\\\/az\\\/article\\\/kamaleddin-heyderovun-fermasi-ve-azerbaycan-kendi\\\/\",\"name\":\"Kamal\u0259ddin Heyd\u0259rovun fermas\u0131 v\u0259 Az\u0259rbaycan k\u0259ndi - MEYDAN.TV\",\"isPartOf\":{\"@id\":\"https:\\\/\\\/www.meydan.tv\\\/az\\\/#website\"},\"primaryImageOfPage\":{\"@id\":\"https:\\\/\\\/www.meydan.tv\\\/az\\\/article\\\/kamaleddin-heyderovun-fermasi-ve-azerbaycan-kendi\\\/#primaryimage\"},\"image\":{\"@id\":\"https:\\\/\\\/www.meydan.tv\\\/az\\\/article\\\/kamaleddin-heyderovun-fermasi-ve-azerbaycan-kendi\\\/#primaryimage\"},\"thumbnailUrl\":\"https:\\\/\\\/www.meydan.tv\\\/wp-content\\\/uploads\\\/35204-scaled.jpg\",\"datePublished\":\"2017-07-20T15:57:21+00:00\",\"breadcrumb\":{\"@id\":\"https:\\\/\\\/www.meydan.tv\\\/az\\\/article\\\/kamaleddin-heyderovun-fermasi-ve-azerbaycan-kendi\\\/#breadcrumb\"},\"inLanguage\":\"az\",\"potentialAction\":[{\"@type\":\"ReadAction\",\"target\":[\"https:\\\/\\\/www.meydan.tv\\\/az\\\/article\\\/kamaleddin-heyderovun-fermasi-ve-azerbaycan-kendi\\\/\"]}]},{\"@type\":\"ImageObject\",\"inLanguage\":\"az\",\"@id\":\"https:\\\/\\\/www.meydan.tv\\\/az\\\/article\\\/kamaleddin-heyderovun-fermasi-ve-azerbaycan-kendi\\\/#primaryimage\",\"url\":\"https:\\\/\\\/www.meydan.tv\\\/wp-content\\\/uploads\\\/35204-scaled.jpg\",\"contentUrl\":\"https:\\\/\\\/www.meydan.tv\\\/wp-content\\\/uploads\\\/35204-scaled.jpg\",\"width\":2560,\"height\":1700,\"caption\":\"Source:\"},{\"@type\":\"BreadcrumbList\",\"@id\":\"https:\\\/\\\/www.meydan.tv\\\/az\\\/article\\\/kamaleddin-heyderovun-fermasi-ve-azerbaycan-kendi\\\/#breadcrumb\",\"itemListElement\":[{\"@type\":\"ListItem\",\"position\":1,\"name\":\"Ana s\u0259hif\u0259\",\"item\":\"https:\\\/\\\/www.meydan.tv\\\/az\\\/\"},{\"@type\":\"ListItem\",\"position\":2,\"name\":\"M\u0259nim Fikrimc\u0259\",\"item\":\"https:\\\/\\\/www.meydan.tv\\\/az\\\/section\\\/menim-fikrimce\\\/\"},{\"@type\":\"ListItem\",\"position\":3,\"name\":\"Kamal\u0259ddin Heyd\u0259rovun fermas\u0131 v\u0259 Az\u0259rbaycan k\u0259ndi\"}]},{\"@type\":\"WebSite\",\"@id\":\"https:\\\/\\\/www.meydan.tv\\\/az\\\/#website\",\"url\":\"https:\\\/\\\/www.meydan.tv\\\/az\\\/\",\"name\":\"MEYDAN.TV\",\"description\":\"Meydan TV Az\u0259rbaycan\u0131n media m\u0259kan\u0131ndak\u0131 alternativ s\u0259sidir\",\"publisher\":{\"@id\":\"https:\\\/\\\/www.meydan.tv\\\/az\\\/#organization\"},\"potentialAction\":[{\"@type\":\"SearchAction\",\"target\":{\"@type\":\"EntryPoint\",\"urlTemplate\":\"https:\\\/\\\/www.meydan.tv\\\/az\\\/?s={search_term_string}\"},\"query-input\":{\"@type\":\"PropertyValueSpecification\",\"valueRequired\":true,\"valueName\":\"search_term_string\"}}],\"inLanguage\":\"az\"},{\"@type\":\"Organization\",\"@id\":\"https:\\\/\\\/www.meydan.tv\\\/az\\\/#organization\",\"name\":\"Meydan TV\",\"url\":\"https:\\\/\\\/www.meydan.tv\\\/az\\\/\",\"logo\":{\"@type\":\"ImageObject\",\"inLanguage\":\"az\",\"@id\":\"https:\\\/\\\/www.meydan.tv\\\/az\\\/#\\\/schema\\\/logo\\\/image\\\/\",\"url\":\"https:\\\/\\\/www.meydan.tv\\\/wp-content\\\/uploads\\\/2021\\\/07\\\/meydan-logo.svg\",\"contentUrl\":\"https:\\\/\\\/www.meydan.tv\\\/wp-content\\\/uploads\\\/2021\\\/07\\\/meydan-logo.svg\",\"width\":195,\"height\":46,\"caption\":\"Meydan TV\"},\"image\":{\"@id\":\"https:\\\/\\\/www.meydan.tv\\\/az\\\/#\\\/schema\\\/logo\\\/image\\\/\"}},{\"@type\":\"Person\",\"@id\":\"https:\\\/\\\/www.meydan.tv\\\/az\\\/#\\\/schema\\\/person\\\/10d11eccf6da3662cf5fdab9806ea91a\",\"name\":\"user-manager\"}]}<\/script>\n<!-- \/ Yoast SEO plugin. -->","yoast_head_json":{"title":"Kamal\u0259ddin Heyd\u0259rovun fermas\u0131 v\u0259 Az\u0259rbaycan k\u0259ndi - MEYDAN.TV","robots":{"index":"index","follow":"follow","max-snippet":"max-snippet:-1","max-image-preview":"max-image-preview:large","max-video-preview":"max-video-preview:-1"},"canonical":"https:\/\/www.meydan.tv\/az\/article\/kamaleddin-heyderovun-fermasi-ve-azerbaycan-kendi\/","og_locale":"az_AZ","og_type":"article","og_title":"Kamal\u0259ddin Heyd\u0259rovun fermas\u0131 v\u0259 Az\u0259rbaycan k\u0259ndi - MEYDAN.TV","og_description":"M\u0259tl\u0259b\u0259 birba\u015fa ke\u00e7\u0259 bilm\u0259m\u0259yim h\u0259mi\u015f\u0259 \u0259n \u00e7ox \u0259s\u0259bil\u0259\u015fdiyim \u015feydir","og_url":"https:\/\/www.meydan.tv\/az\/article\/kamaleddin-heyderovun-fermasi-ve-azerbaycan-kendi\/","og_site_name":"MEYDAN.TV","article_published_time":"2017-07-20T15:57:21+00:00","og_image":[{"width":2560,"height":1700,"url":"https:\/\/www.meydan.tv\/wp-content\/uploads\/35204-scaled.jpg","type":"image\/jpeg"}],"author":"user-manager","twitter_card":"summary_large_image","schema":{"@context":"https:\/\/schema.org","@graph":[{"@type":"Article","@id":"https:\/\/www.meydan.tv\/az\/article\/kamaleddin-heyderovun-fermasi-ve-azerbaycan-kendi\/#article","isPartOf":{"@id":"https:\/\/www.meydan.tv\/az\/article\/kamaleddin-heyderovun-fermasi-ve-azerbaycan-kendi\/"},"author":{"name":"user-manager","@id":"https:\/\/www.meydan.tv\/az\/#\/schema\/person\/10d11eccf6da3662cf5fdab9806ea91a"},"headline":"Kamal\u0259ddin Heyd\u0259rovun fermas\u0131 v\u0259 Az\u0259rbaycan k\u0259ndi","datePublished":"2017-07-20T15:57:21+00:00","mainEntityOfPage":{"@id":"https:\/\/www.meydan.tv\/az\/article\/kamaleddin-heyderovun-fermasi-ve-azerbaycan-kendi\/"},"wordCount":877,"publisher":{"@id":"https:\/\/www.meydan.tv\/az\/#organization"},"image":{"@id":"https:\/\/www.meydan.tv\/az\/article\/kamaleddin-heyderovun-fermasi-ve-azerbaycan-kendi\/#primaryimage"},"thumbnailUrl":"https:\/\/www.meydan.tv\/wp-content\/uploads\/35204-scaled.jpg","articleSection":["M\u0259nim Fikrimc\u0259"],"inLanguage":"az"},{"@type":"WebPage","@id":"https:\/\/www.meydan.tv\/az\/article\/kamaleddin-heyderovun-fermasi-ve-azerbaycan-kendi\/","url":"https:\/\/www.meydan.tv\/az\/article\/kamaleddin-heyderovun-fermasi-ve-azerbaycan-kendi\/","name":"Kamal\u0259ddin Heyd\u0259rovun fermas\u0131 v\u0259 Az\u0259rbaycan k\u0259ndi - MEYDAN.TV","isPartOf":{"@id":"https:\/\/www.meydan.tv\/az\/#website"},"primaryImageOfPage":{"@id":"https:\/\/www.meydan.tv\/az\/article\/kamaleddin-heyderovun-fermasi-ve-azerbaycan-kendi\/#primaryimage"},"image":{"@id":"https:\/\/www.meydan.tv\/az\/article\/kamaleddin-heyderovun-fermasi-ve-azerbaycan-kendi\/#primaryimage"},"thumbnailUrl":"https:\/\/www.meydan.tv\/wp-content\/uploads\/35204-scaled.jpg","datePublished":"2017-07-20T15:57:21+00:00","breadcrumb":{"@id":"https:\/\/www.meydan.tv\/az\/article\/kamaleddin-heyderovun-fermasi-ve-azerbaycan-kendi\/#breadcrumb"},"inLanguage":"az","potentialAction":[{"@type":"ReadAction","target":["https:\/\/www.meydan.tv\/az\/article\/kamaleddin-heyderovun-fermasi-ve-azerbaycan-kendi\/"]}]},{"@type":"ImageObject","inLanguage":"az","@id":"https:\/\/www.meydan.tv\/az\/article\/kamaleddin-heyderovun-fermasi-ve-azerbaycan-kendi\/#primaryimage","url":"https:\/\/www.meydan.tv\/wp-content\/uploads\/35204-scaled.jpg","contentUrl":"https:\/\/www.meydan.tv\/wp-content\/uploads\/35204-scaled.jpg","width":2560,"height":1700,"caption":"Source:"},{"@type":"BreadcrumbList","@id":"https:\/\/www.meydan.tv\/az\/article\/kamaleddin-heyderovun-fermasi-ve-azerbaycan-kendi\/#breadcrumb","itemListElement":[{"@type":"ListItem","position":1,"name":"Ana s\u0259hif\u0259","item":"https:\/\/www.meydan.tv\/az\/"},{"@type":"ListItem","position":2,"name":"M\u0259nim Fikrimc\u0259","item":"https:\/\/www.meydan.tv\/az\/section\/menim-fikrimce\/"},{"@type":"ListItem","position":3,"name":"Kamal\u0259ddin Heyd\u0259rovun fermas\u0131 v\u0259 Az\u0259rbaycan k\u0259ndi"}]},{"@type":"WebSite","@id":"https:\/\/www.meydan.tv\/az\/#website","url":"https:\/\/www.meydan.tv\/az\/","name":"MEYDAN.TV","description":"Meydan TV Az\u0259rbaycan\u0131n media m\u0259kan\u0131ndak\u0131 alternativ s\u0259sidir","publisher":{"@id":"https:\/\/www.meydan.tv\/az\/#organization"},"potentialAction":[{"@type":"SearchAction","target":{"@type":"EntryPoint","urlTemplate":"https:\/\/www.meydan.tv\/az\/?s={search_term_string}"},"query-input":{"@type":"PropertyValueSpecification","valueRequired":true,"valueName":"search_term_string"}}],"inLanguage":"az"},{"@type":"Organization","@id":"https:\/\/www.meydan.tv\/az\/#organization","name":"Meydan TV","url":"https:\/\/www.meydan.tv\/az\/","logo":{"@type":"ImageObject","inLanguage":"az","@id":"https:\/\/www.meydan.tv\/az\/#\/schema\/logo\/image\/","url":"https:\/\/www.meydan.tv\/wp-content\/uploads\/2021\/07\/meydan-logo.svg","contentUrl":"https:\/\/www.meydan.tv\/wp-content\/uploads\/2021\/07\/meydan-logo.svg","width":195,"height":46,"caption":"Meydan TV"},"image":{"@id":"https:\/\/www.meydan.tv\/az\/#\/schema\/logo\/image\/"}},{"@type":"Person","@id":"https:\/\/www.meydan.tv\/az\/#\/schema\/person\/10d11eccf6da3662cf5fdab9806ea91a","name":"user-manager"}]}},"_links":{"self":[{"href":"https:\/\/www.meydan.tv\/az\/wp-json\/wp\/v2\/posts\/185664","targetHints":{"allow":["GET"]}}],"collection":[{"href":"https:\/\/www.meydan.tv\/az\/wp-json\/wp\/v2\/posts"}],"about":[{"href":"https:\/\/www.meydan.tv\/az\/wp-json\/wp\/v2\/types\/post"}],"author":[{"embeddable":true,"href":"https:\/\/www.meydan.tv\/az\/wp-json\/wp\/v2\/users\/11"}],"replies":[{"embeddable":true,"href":"https:\/\/www.meydan.tv\/az\/wp-json\/wp\/v2\/comments?post=185664"}],"version-history":[{"count":0,"href":"https:\/\/www.meydan.tv\/az\/wp-json\/wp\/v2\/posts\/185664\/revisions"}],"wp:featuredmedia":[{"embeddable":true,"href":"https:\/\/www.meydan.tv\/az\/wp-json\/wp\/v2\/media\/89320"}],"wp:attachment":[{"href":"https:\/\/www.meydan.tv\/az\/wp-json\/wp\/v2\/media?parent=185664"}],"wp:term":[{"taxonomy":"category","embeddable":true,"href":"https:\/\/www.meydan.tv\/az\/wp-json\/wp\/v2\/categories?post=185664"},{"taxonomy":"post_tag","embeddable":true,"href":"https:\/\/www.meydan.tv\/az\/wp-json\/wp\/v2\/tags?post=185664"}],"curies":[{"name":"wp","href":"https:\/\/api.w.org\/{rel}","templated":true}]}}