{"id":185613,"date":"2017-07-18T15:57:01","date_gmt":"2017-07-18T15:57:01","guid":{"rendered":"https:\/\/www.meydan.tv\/article\/avropa-investisiya-bankina-terif\/"},"modified":"2017-07-18T15:57:01","modified_gmt":"2017-07-18T15:57:01","slug":"avropa-investisiya-bankina-terif","status":"publish","type":"post","link":"https:\/\/www.meydan.tv\/az\/article\/avropa-investisiya-bankina-terif\/","title":{"rendered":"Avropa \u0130nvestisiya Bank\u0131na t\u0259rif"},"content":{"rendered":"<figure class=\"wp-block-image size-large\">\n  <img decoding=\"async\" src=\"https:\/\/www.meydan.tv\/az\/89119\/\" alt=\"\" class=\"wp-image-89119\"\/><figcaption><\/figcaption><\/figure>\n<p>\n  Beyn\u0259lxalq auditoriya \u00fc\u00e7\u00fcn yazd\u0131\u011f\u0131m m\u0259qal\u0259md\u0259 d\u00f6rd bankdan biri haqq\u0131nda qeyd etmi\u015f\u0259m ki, bu bank maddi bax\u0131mdan \u0259laq\u0259li alqoritmi, ba\u015fqa s\u00f6zl\u0259 des\u0259k Az\u0259rbaycanda neft-qaz layih\u0259l\u0259rinin maliyy\u0259l\u0259\u015fdirilm\u0259si imkanlar\u0131 il\u0259 \u00f6lk\u0259d\u0259 \u0259dliyy\u0259 sisteminin inki\u015faf\u0131 aras\u0131nda \u0259laq\u0259ni hesablamaqla m\u0259\u015f\u011fuldur.\n<\/p>\n<p>\n  Bu, m\u0259qal\u0259d\u0259 qald\u0131rd\u0131\u011f\u0131m m\u0259s\u0259l\u0259l\u0259rd\u0259n sonra 2017-ci ilin mart\u0131nda Az\u0259rbaycan\u0131n M\u0259d\u0259n S\u0259nayesind\u0259 \u015e\u0259ffafl\u0131q T\u0259\u015f\u0259bb\u00fcs\u00fcnd\u0259n (MS\u015eT) \u00e7\u0131xar\u0131lmas\u0131n\u0131n verdiyi n\u0259tic\u0259l\u0259rd\u0259n biridir.\n<\/p>\n<p>\n  Avropa Yenid\u0259nqurma v\u0259 \u0130nki\u015faf Bank\u0131ndan c\u0259nab \u00c7akraboti a\u00e7\u0131q \u015f\u0259kild\u0259 MS\u015eT-n\u00fcn bu m\u00fcdrik q\u0259rar\u0131n\u0131 sor\u011fulad\u0131\u011f\u0131, bel\u0259likl\u0259 d\u0259 h\u00f6kum\u0259tin t\u0259nqid\u00e7il\u0259rinin davaml\u0131 \u015f\u0259kild\u0259 h\u0259bsin\u0259 d\u0259st\u0259k verdiyi halda, D\u00fcnya Bank\u0131 v\u0259 Asiya \u0130nki\u015faf Bank\u0131 m\u00f6vzunu f\u0259ls\u0259fil\u0259\u015fdirm\u0259d\u0259n kreditl\u0259ri t\u0259sdiq etdiyi halda Avropa \u0130nvestisiya Bank\u0131 \u0259dliyy\u0259 sisteminin m\u00f6hk\u0259ml\u0259ndirilm\u0259si y\u00f6n\u00fcnd\u0259 mexanizm ir\u0259li s\u00fcr\u00fcr.\n<\/p>\n<blockquote><p>\n  Bu h\u0259v\u0259sl\u0259ndirici x\u0259b\u0259ri etibarl\u0131 xarici m\u0259nb\u0259d\u0259n e\u015fitmi\u015f\u0259m\n<\/p><\/blockquote>\n<p>\n  Avropa \u0130nvestiya Bank\u0131n\u0131 t\u0259rifl\u0259diyim halda dig\u0259r \u00fc\u00e7 bank\u0131 pisl\u0259y\u0259 bilm\u0259r\u0259m. Onlar\u0131n d\u00fc\u015f\u00fcnc\u0259si 2015-ci ild\u0259n Birinci Avropa Oyunlar\u0131ndan \u0259vv\u0259l, Avropa Olimpiya Komit\u0259sinin r\u0259hb\u0259ri c\u0259nab Patrik Haykey kimi bu d\u00fc\u015f\u00fcnc\u0259 t\u0259rzin\u0259 haqq qazand\u0131r\u0131r: Avropa Olimpiya Komit\u0259si Az\u0259rbaycanda bir s\u0131ra hadis\u0259l\u0259ri zaman-zaman t\u0259nqid ed\u0259n \u00f6lk\u0259nin tam h\u00fcquqlu, m\u0259hdudla\u015fd\u0131r\u0131lmam\u0131\u015f \u00fczvl\u00fck h\u00fcququnun aliliyini saxlayan Avropa \u015euras\u0131 v\u0259 AT\u018fT-d\u0259n b\u00f6y\u00fck \u00e7empion ola bilm\u0259z.\n<\/p>\n<p>\n  Oyunlardan bir il sonra c\u0259nab Haykey Braziliyada korrupsiya m\u0259s\u0259l\u0259sin\u0259 g\u00f6r\u0259 h\u0259bs olundu, amma bu ba\u015fqa bir m\u00fczakir\u0259 m\u00f6vzusudur.\n<\/p>\n<blockquote><p>\n  Se\u00e7kinin yanl\u0131\u015f m\u00fc\u015fahid\u0259sinin \u0259sas g\u00fcnah\u0131\n<\/p><\/blockquote>\n<p>\n  Avropa \u015euras\u0131 v\u0259 AT\u018fT-in \u00f6lk\u0259nin kursuna d\u00fcz\u0259li\u015fl\u0259r etm\u0259k \u00fc\u00e7\u00fcn istifad\u0259 etdiyi vasit\u0259l\u0259r ke\u00e7mi\u015fd\u0259 qal\u0131b, ona g\u00f6r\u0259 ki, el\u0259 ba\u015flan\u011f\u0131cda hakimiyy\u0259t \u0259l\u0259 alma yaxud da k\u0259l\u0259k g\u0259lm\u0259 yolu il\u0259 el\u0259 d\u0259 d\u0259h\u015f\u0259tli olmayan se\u00e7ki d\u0259y\u0259rl\u0259ndirm\u0259sinini onlardan almaq m\u0259s\u0259l\u0259sini bacar\u0131qla prioritet\u0259 \u00e7evirib.\n<\/p>\n<p>\n  \u201c\u0130nstitusional demokratiya se\u00e7ki demokratiyas\u0131na qar\u015f\u0131\u201d kimi n\u0259z\u0259riyy\u0259l\u0259r qurmaqla b\u00fcrokratik proqramla\u015fd\u0131rma m\u00fcqabilind\u0259 fundamental demokratik d\u0259y\u0259rl\u0259r\u0259 x\u0259yan\u0259tl\u0259rin\u0259 b\u0259ra\u0259t qazand\u0131r\u0131blar.\n<\/p>\n<p>\n  Misal \u00fc\u00e7\u00fcn, birg\u0259 m\u0259tbuat konfrans\u0131nda Avstriyal\u0131 parlamentari AT\u018fT Parlament Assambleyas\u0131n\u0131n Az\u0259rbaycanda m\u00fc\u015fahid\u0259 missiyas\u0131n\u0131n r\u0259hb\u0259ri Volfanq Qrossrul 2010-cu ild\u0259 t\u0259kc\u0259 AT\u018fT-in Demokratik T\u0259sisiatlar v\u0259 \u0130nsan Haqlar\u0131 ofisini t\u0259nqid etm\u0259kl\u0259 kifay\u0259tl\u0259nm\u0259mi\u015fdi, bunun davam\u0131 olaraq AT\u018fT-in o zamank\u0131 r\u0259hb\u0259ri Qazax\u0131stan\u0131n xarici i\u015fl\u0259r nazirin\u0259 Demokratik T\u0259sisatlar v\u0259 \u0130nsan Haqlar\u0131 ofisi haqq\u0131nda \u015fikay\u0259t m\u0259ktubu da yazm\u0131\u015fd\u0131.\n<\/p>\n<p>\n  2015-ci ild\u0259 ispaniyal\u0131 deputat, Az\u0259rbaycana \u00e7ox az sayda m\u00fc\u015fahid\u0259\u00e7i g\u00f6nd\u0259r\u0259n A\u015ePA-n\u0131n r\u0259hb\u0259ri c\u0259nab Jordi (OD\u0130HR-d\u0259n he\u00e7 bir m\u00fc\u00e7ahid\u0259\u00e7inin se\u00e7kiy\u0259 burax\u0131lmam\u0131\u015fd\u0131) parlament se\u00e7kil\u0259rini Az\u0259rbaycan xalq\u0131n\u0131n demokratik se\u00e7imi adland\u0131rm\u0131\u015fd\u0131. \u0130ki ild\u0259n d\u0259 az m\u00fcdd\u0259t sonra 2017-ci ilin mart\u0131nda o, B\u0259\u015f\u0259r \u018fs\u0259d\u0259 d\u0259st\u0259yini ifad\u0259 etm\u0259k \u00fc\u00e7\u00fcn D\u0259m\u0259\u015fq\u0259 u\u00e7mu\u015fdu. Bu onun A\u015ePA-da karyeras\u0131n\u0131n biab\u0131r\u00e7\u0131 bir \u015f\u0259kild\u0259 sona \u00e7atmas\u0131 il\u0259 n\u0259tic\u0259l\u0259nmi\u015fdi. Amma bu da ba\u015fqa bir m\u00fczakir\u0259 m\u00f6vzusudur.\n<\/p>\n<blockquote><p>\n  D\u00f6z\u00fclm\u0259z standart\n<\/p><\/blockquote>\n<p>\n  <br \/>\n  A\u015ePA v\u0259 AT\u018fT-in Parlament Asambleyas\u0131n\u0131n m\u00fc\u015fahid\u0259 missiyas\u0131n\u0131n prinsipl\u0259ri ona \u0259saslan\u0131rd\u0131 ki, Demokratik T\u0259sisatlar v\u0259 insan haqlar\u0131 ofisinin yana\u015fmas\u0131 \u201c\u00e7ox texniki\u201d yana\u015fma olub v\u0259 \u0259slind\u0259 yax\u015f\u0131 m\u00fc\u015fahid\u0259\u00e7il\u0259r \u201cdaha geni\u015f siyasi m\u0259nz\u0259r\u0259y\u0259 n\u0259z\u0259r salmal\u0131 idil\u0259r\u201d.\n<\/p>\n<p>\n  Subyektiv izahlar \u00fc\u00e7\u00fcn geni\u015f yer qoymaqdan v\u0259 Az\u0259rbaycanda demokratiyan\u0131n a\u015f\u0131nmas\u0131n\u0131 s\u00fcr\u0259tl\u0259ndirm\u0259kd\u0259n ba\u015fqa, deyil\u0259n \u201cprinsipl\u0259r\u201d siyasi m\u0259hbuslar m\u0259s\u0259l\u0259sin\u0259 \u00fcnvanlanm\u0131rd\u0131: h\u0259bsd\u0259 oldu\u011fum 4.5 il \u0259rzind\u0259 A\u015ePA he\u00e7 zaman m\u0259nim i\u015fiml\u0259 ba\u011fl\u0131 bir s\u0259n\u0259d q\u0259bul etm\u0259yib. Yaln\u0131z bir d\u0259f\u0259 2015-ci ilin iyununda Avropa \u0130nsan Haqlar\u0131 M\u0259hk\u0259m\u0259sinin g\u0259ldiyi q\u0259na\u0259tl\u0259 ba\u011fl\u0131 narahatl\u0131\u011f\u0131n\u0131 ifad\u0259 edib.\n<\/p>\n<p>\n  Bel\u0259likl\u0259 d\u0259, \u018fliyevi t\u0259nqid ed\u0259n \u015f\u0259xsl\u0259rin azadl\u0131\u011f\u0131 \u00e7ox l\u0259ng i\u015fl\u0259y\u0259n m\u0259hk\u0259m\u0259l\u0259rin \u201ctexniki subyekti\u201dn\u0259 \u00e7evrildiyi bir vaxtda, m\u00fcsb\u0259t m\u0259hk\u0259m\u0259 q\u0259rar\u0131ndan v\u0259 Avropa \u015euras\u0131 Nazirl\u0259r Kabinetinin ill\u0259rl\u0259 uzanan s\u00fcr\u00fcnd\u00fcrm\u0259\u00e7iliyind\u0259n sonra A\u015ePA-ya g\u00f6r\u0259 c\u0259nab \u018fliyevin se\u00e7ki maraqlar\u0131 \u201cgeni\u015f siyasi m\u00fczakir\u0259l\u0259r\u201d m\u00f6vzusudur.\n<\/p>\n<blockquote><p>\n  B\u0259li, s\u00fcr\u00fcnd\u00fcrm\u0259\u00e7ilik\n<\/p><\/blockquote>\n<p>\n  Avropa \u015euras\u0131 Nazirl\u0259r Kabineti A\u0130HM-nin q\u0259rar\u0131na \u0259sas\u0259n h\u0259r r\u00fcbd\u0259 bir d\u0259f\u0259 olmaqla 11 d\u0259f\u0259 (!) m\u0259nim azadl\u0131\u011fa burax\u0131lma\u011f\u0131mla ba\u011fl\u0131 Az\u0259rbaycan h\u00f6kum\u0259tin\u0259 \u00e7a\u011f\u0131r\u0131\u015f edib.\n<\/p>\n<p>\n  H\u00f6kum\u0259t q\u0259rar\u0131n icras\u0131ndan birba\u015fa imtina edir, bunun \u0259v\u0259zin\u0259 is\u0259 A\u015ePA komit\u0259sinin Az\u0259rbaycanda g\u00f6r\u00fc\u015fl\u0259ri, formal v\u0259 ritual etiraflar olaraq Avropa \u015euras\u0131n\u0131n \u018fliyev rejimin\u0259 h\u00f6rm\u0259tli bir \u00fczv kimi h\u0259qiqi m\u00fcnasib\u0259ti haqq\u0131nda hesabatlar verir.\n<\/p>\n<blockquote><p>\n  Muxtar u\u00e7u\u015f\n<\/p><\/blockquote>\n<p>\n  AT\u018fT v\u0259 Avropa \u015euras\u0131n\u0131n insan h\u00fcquqlar\u0131n\u0131n pozulmas\u0131na qar\u015f\u0131 m\u00fcdafi\u0259sinin praktik olaraq \u00f6ld\u00fcy\u00fc bir vaxtda MS\u015eT v\u0259 Avropa \u0130nvestisya Bank\u0131n\u0131n \u00f6z bildiyi kimi h\u0259r\u0259k\u0259t etm\u0259si t\u0259\u0259c\u00fcbl\u00fc deyil.\n<\/p>\n<p>\n  Bildiyim q\u0259d\u0259ril\u0259 Avropa \u0130nvestisiya Bank\u0131 m\u0259nim i\u015fiml\u0259 ba\u011fl\u0131 A\u0130HM-nin verdiyi q\u0259rar\u0131n icra etm\u0259kd\u0259n imtina ed\u0259n Az\u0259rbaycan\u0131n \u0259dliyy\u0259 sisteminin n\u0259 d\u0259r\u0259c\u0259d\u0259 etibarl\u0131 olmas\u0131 il\u0259 ba\u011fl\u0131 ortaya b\u00f6y\u00fck sual qoyub v\u0259 \u00f6lk\u0259 il\u0259 assosiasiya olunan enerji layih\u0259l\u0259ri il\u0259 ba\u011fl\u0131 kreditin verilm\u0259sind\u0259n imtina etm\u0259y\u0259 meyll\u0259nir.\n<\/p>\n<p>\n  Bu m\u0259qal\u0259ni d\u0259 ona g\u00f6r\u0259 yaz\u0131ram ki, Avropa \u0130nvestisiya Bank\u0131 h\u0259l\u0259 d\u0259 Nazirl\u0259r kabineti v\u0259 Az\u0259rbaycan h\u00f6kum\u0259ti aras\u0131nda funksional \u0259m\u0259kda\u015fl\u0131\u011f\u0131n holoqrafik filmi il\u0259 aldad\u0131lm\u0131\u015f ola bil\u0259r. Qoyun izah edim.\n<\/p>\n<blockquote><p>\n  Bu l\u0259n\u0259t\u0259g\u0259lmi\u015f \u00f6z\u00fcn\u00fc n\u0259 hesab edir?\n<\/p><\/blockquote>\n<p>\n  Haz\u0131rda m\u00f6vcud olan qanunlar\u0131n da t\u0259l\u0259b etdiyi kimi, 9 kvartall\u0131q m\u00fczakir\u0259 (2014-c\u00fc ilin dekabr\u0131ndan 2016-c\u0131 ilin dekabr\u0131nad\u0259k) h\u00f6kum\u0259tin A\u0130HM-nin q\u0259rar\u0131n\u0131n icra etm\u0259si \u00fc\u00e7\u00fcn ayr\u0131ca olaraq \u00fcmumi (qanunverici d\u0259yi\u015fiklikl\u0259r v\u0259 s.) v\u0259 individual \u00f6l\u00e7\u00fc (m\u0259nim d\u0259rhl azadl\u0131\u011fa burax\u0131lma\u011f\u0131m) formala\u015fd\u0131r\u0131b.\n<\/p>\n<p>\n  Amma, 2016-c\u0131 ilin mart\u0131nda A\u015ePA prezidenti Pedro Aqramunt h\u0259bsxanada m\u0259n\u0259 ba\u015f \u00e7\u0259k\u0259nd\u0259n sonra ictimai \u015f\u0259kild\u0259 dedi ki, he\u00e7 bir individual \u00f6l\u00e7\u00fc t\u0259tbiq olunmamal\u0131d\u0131r v\u0259 m\u0259n \u00fcmumi \u00f6l\u00e7\u00fcl\u0259rin n\u0259tic\u0259si olaraq azadl\u0131\u011fa burax\u0131lmal\u0131yam. M\u0259n d\u0259rhal A\u015e hey\u0259tinin m\u00f6vcud \u00fcmumi yana\u015fma kompromisin\u0259 etiraz etdim.\n<\/p>\n<p>\n  Nazirl\u0259r Kabinetinin 10-c\u00fc r\u00fcb\u0259d\u0259k, 2017-ci ilin mart\u0131na q\u0259d\u0259r ayr\u0131ca individual \u00f6l\u00fc\u00e7\u00fcn\u00fcn t\u0259tbiq olunmas\u0131nda israr\u0131n\u0131 davam etdirdi v\u0259 bu q\u0259rar m\u0259nim azadl\u0131\u011f\u0131m\u0131 \u00fcmumi \u00f6l\u00e7\u00fcl\u0259rd\u0259n as\u0131l\u0131 v\u0259ziyy\u0259td\u0259 qoydu.\n<\/p>\n<blockquote><p>\n  Bu hans\u0131 s\u0259b\u0259bl\u0259rd\u0259n ba\u015f verdi?\n<\/p><\/blockquote>\n<p>\n  2017-ci il 10-12 yanvar tarixl\u0259rind\u0259 Avropa \u015euras\u0131n\u0131n iki y\u00fcks\u0259k r\u00fctb\u0259li r\u0259smisi Avropa \u0130nsan h\u00fcquq v\u0259 azadl\u0131qlar\u0131na dair konvesiyas\u0131n\u0131n 2015-ci ild\u0259 ba\u015f katib Turborn Yaqland\u0131n t\u0259\u015f\u0259bb\u00fcs\u00fc il\u0259 qald\u0131r\u0131lan 52-ci madd\u0259si il\u0259 \u00f6lk\u0259y\u0259 g\u0259li\u015fin\u0259 icaz\u0259 verildi. G\u0259l\u0259n r\u0259smil\u0259rin tap\u015f\u0131r\u0131\u011f\u0131 A\u0130HM-nin m\u0259nim i\u015fiml\u0259 ba\u011fl\u0131 verdiyi q\u0259rara dair Az\u0259rbaycan hakimiyy\u0259tinin hans\u0131 niyy\u0259td\u0259 olmas\u0131 haqq\u0131nda m\u0259lumat\u0131n toplanmas\u0131 idi.\n<\/p>\n<p>\n  Bu centlmenl\u0259rin Bak\u0131da ke\u00e7irdiyi g\u00f6r\u00fc\u015fl\u0259rin n\u0259tic\u0259si olaraq bir s\u0131ra beyn\u0259lxalq insan haqlar\u0131 t\u0259\u015fkilat\u0131 sevinc \u0259hval-ruhiyy\u0259sin\u0259 girdi: ham\u0131ya deyildi ki, \u0130lqar qar\u015f\u0131dan g\u0259l\u0259n bir ne\u00e7\u0259 h\u0259ft\u0259 \u0259rzind\u0259 azadl\u0131\u011fa burax\u0131lacaq.\n<\/p>\n<p>\n  Paralel olaraq h\u00f6kum\u0259ty\u00f6nl\u00fc media v\u0259 qonqolarda f\u0259aliyy\u0259t g\u00f6st\u0259r\u0259n \u015f\u0259xsl\u0259r siqnal g\u00f6nd\u0259rdil\u0259r ki, m\u0259n prezidentin imzalad\u0131\u011f\u0131 17 mart s\u0259r\u0259ncam\u0131 il\u0259 azadl\u0131\u011fa burax\u0131la bil\u0259r\u0259m. A\u015e r\u0259smisi m\u0259nim v\u0259kilim\u0259 z\u0259ng ed\u0259r\u0259k soru\u015fdu ki, o A\u015e-a d\u0259rc olunan bu x\u0259b\u0259rl\u0259rl\u0259 ba\u011fl\u0131 q\u0131sa qeyd g\u00f6nd\u0259r\u0259 bil\u0259rmi. Onlar\u0131n h\u0259r\u0259k\u0259tsizliyin\u0259 bel\u0259 bir b\u0259han\u0259 verm\u0259m\u0259k \u00fc\u00e7\u00fcn v\u0259kil a\u011f\u0131ll\u0131 t\u0259rp\u0259n\u0259r\u0259k bunu etm\u0259di. Bu t\u0259klifi e\u015fid\u0259nd\u0259 b\u0259rk q\u0259z\u0259bl\u0259ndim. M\u0259n ona bel\u0259 bir m\u0259ktub yazaraq bu c\u00fcr b\u0259han\u0259l\u0259r\u0259 yol verm\u0259m\u0259y\u0259 \u00e7a\u011f\u0131rd\u0131m, bunu x\u00fcsusil\u0259 d\u0259 2017-ci il fevral\u0131n 15-d\u0259 m\u0259n\u0259 h\u0259bsxanada ba\u015f \u00e7\u0259k\u0259n A\u015ePA komit\u0259 s\u0259dri Alan Desteksin dedikl\u0259rin\u0259 g\u00f6r\u0259 etdim.\n<\/p>\n<p>\n  \u0130nsan haqlar\u0131 t\u0259\u015fkilatlar\u0131n\u0131n sevinci g\u00f6zl\u0259nildyi kimi vaxt\u0131ndan \u0259vv\u0259l ba\u015f vermi\u015fdi. 52-ci madd\u0259 missiyas\u0131n\u0131n prosesinin bir hiss\u0259si olaraq c\u0259nab \u018fliyev s\u0259r\u0259ncam ver\u0259r\u0259k d\u00f6vl\u0259t orqanlar\u0131n\u0131n 2017-ci il aprelin 10-dak \u201ccinay\u0259t c\u0259zas\u0131 siyas\u0259tinin humanistl\u0259\u015fdirilm\u0259si\u201d il\u0259 ba\u011fl\u0131 layih\u0259l\u0259rin haz\u0131rlanaraq t\u0259qdim edilm\u0259sini ist\u0259di.\n<\/p>\n<p>\n  Avropa \u015euras\u0131n\u0131n 2017-ci ilin mart\u0131ndak\u0131 10-cu q\u0259rar\u0131 m\u0259nim azadl\u0131\u011fa burax\u0131lma\u011f\u0131ma bu s\u0259r\u0259ncam\u0131n t\u0259tbiqi il\u0259 d\u0259st\u0259k verdiyini t\u0259sdiql\u0259di. Bel\u0259likl\u0259 d\u0259, rejimin c\u0259zaland\u0131r\u0131lmas\u0131 \u00fc\u00e7\u00fcn daha bir kvartall\u0131q imkan bo\u015fa x\u0259rcl\u0259ndi.\n<\/p>\n<p>\n  2017-ci il iyunun 8-d\u0259 Nazirl\u0259r Kabinetinin 11-ci q\u0259rar\u0131nda deyilirdi ki, \u201chumanistl\u0259\u015fdirm\u0259 paketi\u201dn\u0259 parlamentin iyunda ke\u00e7iril\u0259c\u0259k \u0259lav\u0259 sessiyada bax\u0131lacaq. A\u015e h\u0259r\u0259k\u0259tsizliyi n\u0259z\u0259rd\u0259 tutan bu b\u0259han\u0259ni d\u0259 rahatca uddu.\n<\/p>\n<blockquote><p>\n  K\u00f6hn\u0259 k\u0259l\u0259kl\u0259r\n<\/p><\/blockquote>\n<p>\n  Bunun n\u0259tic\u0259si olaraq c\u0259nab \u018fliyev \u201cs\u00f6z verdiyi kimi\u201d \u00fc\u00e7 layih\u0259d\u0259n ancaq birini, onu da ancaq iyunun 29-da parlament\u0259 g\u00f6nd\u0259rdi. \u0130yunun 30-da ke\u00e7iril\u0259n \u0259lav\u0259 sessiyada is\u0259 bunu q\u0259bul etm\u0259k \u00fc\u00e7\u00fcn vaxt olmad\u0131. Parlament yay t\u0259tilin\u0259 \u00e7\u0131xd\u0131.\n<\/p>\n<p>\n  Parlamentin pay\u0131z sessiyas\u0131n\u0131n ilk plenar iclas\u0131 oktyabrda ke\u00e7iril\u0259c\u0259k. Bel\u0259likl\u0259 d\u0259, Avropa \u015euras\u0131n\u0131n sentyabrda ke\u00e7iril\u0259c\u0259k r\u00fcbl\u00fck sessiyas\u0131 da Bak\u0131ya qar\u015f\u0131 he\u00e7 bir c\u0259za mexanizmi t\u0259tbiq etm\u0259y\u0259r\u0259k Az\u0259rbaycan parlamentini pay\u0131z sessiyas\u0131nda ke\u00e7iril\u0259c\u0259k iclasda t\u0259klifl\u0259r paketini q\u0259bul etm\u0259y\u0259 \u00e7a\u011f\u0131racaq. 2017-ci il dekabr\u0131n \u0259vv\u0259ll\u0259rind\u0259 is\u0259 rejim v\u0259 onun Avropa \u015euras\u0131ndak\u0131 dostlar\u0131 komit\u0259ni \u0259min ed\u0259c\u0259k ki, layih\u0259 Yeni \u0130ld\u0259n \u0259vv\u0259l v\u0259 ya texniki olaraq pay\u0131z sessiyas\u0131nda s\u0259sverm\u0259y\u0259 qoyulacaq.\n<\/p>\n<p>\n  Amma \u018fliyev t\u0259r\u0259find\u0259n imzalanan layih\u0259min tez bir zamanda q\u00fcvv\u0259y\u0259 min\u0259c\u0259yin\u0259, ya da m\u0259nim komit\u0259nin v\u0259 rezin m\u00f6h\u00fcrl\u00fc, parlamentin \u00fczv\u00fcn\u00fcn g\u00f6rm\u0259diyi t\u0259klifl\u0259r paketinin t\u0259tbiqi il\u0259 azadl\u0131\u011fa burax\u0131laca\u011f\u0131ma qarantiya yoxdur.\n<\/p>\n<blockquote><p>\n  N\u0259tic\u0259l\u0259r\n<\/p><\/blockquote>\n<p>\n  H\u00f6kum\u0259t Avropa \u0130nvestisiya Bank\u0131n\u0131n suallar\u0131na komit\u0259 iclas\u0131n\u0131n m\u0259nim i\u015fiml\u0259 ba\u011fl\u0131 verdiyi \u201cm\u00fcsb\u0259t ir\u0259lil\u0259yi\u015fin oldu\u011funa dair\u201d 11-ci q\u0259rar\u0131na istinad ed\u0259r\u0259k \u0259dliyy\u0259 sisteminin keyfiyy\u0259tin\u0259 dair suallar\u0131 cavabland\u0131ra bil\u0259r. M\u00fcmk\u00fcnd\u00fcr ki, bu ifad\u0259nin bu q\u0259rara sal\u0131nmas\u0131nda m\u0259qs\u0259d laqeyd g\u00f6r\u00fcn\u0259n Avropa \u0130nvestisiya Bank\u0131n\u0131n n\u0259z\u0259rd\u0259 tutdu\u011fu pulu \u0259ld\u0259 etm\u0259kdir.\n<\/p>\n<p>\n  M\u0259n Avropa \u0130nvestisiya Bank\u0131na bildirm\u0259k ist\u0259yir\u0259m ki, reall\u0131qda he\u00e7 bir proses yoxdur. Komit\u0259 il\u0259 Az\u0259rbaycan aras\u0131nda m\u0259nim i\u015fiml\u0259 ba\u011fl\u0131 A\u0130HM-nin q\u0259rar\u0131n\u0131n icras\u0131 il\u0259 ba\u011fl\u0131 he\u00e7 bir real ir\u0259lil\u0259yi\u015f yoxdur.\n<\/p>\n<p>\n  Q\u0259rardan 2 il 6 ay sonrak\u0131 m\u00fcdd\u0259td\u0259 Nazirl\u0259r Kabinetind\u0259 s\u0259s azl\u0131\u011f\u0131n\u0131n qar\u015f\u0131s\u0131n\u0131n al\u0131nmas\u0131na dairq\u0259rar\u0131 (q\u0259rarlar 2\/3 s\u0259s \u00e7oxlu\u011fu il\u0259 q\u0259bul edilir) h\u0259r\u0259k\u0259tsizlik \u00fc\u00e7\u00fcn daha bir qism b\u0259han\u0259y\u0259 yol a\u00e7\u0131b: yerli m\u0259hk\u0259m\u0259l\u0259rin qaydaya sal\u0131nmas\u0131na dair g\u00f6zl\u0259nti.\n<\/p>\n<p>\n  2017-ci ilin mart\u0131nda bu daha bir b\u0259han\u0259nin k\u0259\u015ffin\u0259 s\u0259b\u0259b olub: sirli \u201chumanistl\u0259\u015fdirm\u0259 paketi\u201d.\n<\/p><\/p>\n","protected":false},"excerpt":{"rendered":"<p>D\u00f6z\u00fclm\u0259z standart<\/p>\n","protected":false},"author":11,"featured_media":89119,"comment_status":"closed","ping_status":"open","sticky":false,"template":"","format":"standard","meta":{"_acf_changed":false,"_sitemap_exclude":false,"_sitemap_priority":"","_sitemap_frequency":"","footnotes":""},"categories":[57],"tags":[],"class_list":["post-185613","post","type-post","status-publish","format-standard","has-post-thumbnail","hentry","category-menim-fikrimce","infinite-scroll-item","generate-columns","tablet-grid-50","mobile-grid-100","grid-parent","grid-33","no-featured-image-padding"],"acf":[],"yoast_head":"<!-- This site is optimized with the Yoast SEO plugin v27.5 - https:\/\/yoast.com\/product\/yoast-seo-wordpress\/ -->\n<title>Avropa \u0130nvestisiya Bank\u0131na t\u0259rif - MEYDAN.TV<\/title>\n<meta name=\"robots\" content=\"index, follow, max-snippet:-1, max-image-preview:large, max-video-preview:-1\" \/>\n<link rel=\"canonical\" href=\"https:\/\/www.meydan.tv\/az\/article\/avropa-investisiya-bankina-terif\/\" \/>\n<meta property=\"og:locale\" content=\"az_AZ\" \/>\n<meta property=\"og:type\" content=\"article\" \/>\n<meta property=\"og:title\" content=\"Avropa \u0130nvestisiya Bank\u0131na t\u0259rif - MEYDAN.TV\" \/>\n<meta property=\"og:description\" content=\"D\u00f6z\u00fclm\u0259z standart\" \/>\n<meta property=\"og:url\" content=\"https:\/\/www.meydan.tv\/az\/article\/avropa-investisiya-bankina-terif\/\" \/>\n<meta property=\"og:site_name\" content=\"MEYDAN.TV\" \/>\n<meta property=\"article:published_time\" content=\"2017-07-18T15:57:01+00:00\" \/>\n<meta property=\"og:image\" content=\"https:\/\/www.meydan.tv\/wp-content\/uploads\/35155.jpg\" \/>\n\t<meta property=\"og:image:width\" content=\"720\" \/>\n\t<meta property=\"og:image:height\" content=\"480\" \/>\n\t<meta property=\"og:image:type\" content=\"image\/jpeg\" \/>\n<meta name=\"author\" content=\"user-manager\" \/>\n<meta name=\"twitter:card\" content=\"summary_large_image\" \/>\n<script type=\"application\/ld+json\" class=\"yoast-schema-graph\">{\"@context\":\"https:\\\/\\\/schema.org\",\"@graph\":[{\"@type\":\"Article\",\"@id\":\"https:\\\/\\\/www.meydan.tv\\\/az\\\/article\\\/avropa-investisiya-bankina-terif\\\/#article\",\"isPartOf\":{\"@id\":\"https:\\\/\\\/www.meydan.tv\\\/az\\\/article\\\/avropa-investisiya-bankina-terif\\\/\"},\"author\":{\"name\":\"user-manager\",\"@id\":\"https:\\\/\\\/www.meydan.tv\\\/az\\\/#\\\/schema\\\/person\\\/10d11eccf6da3662cf5fdab9806ea91a\"},\"headline\":\"Avropa \u0130nvestisiya Bank\u0131na t\u0259rif\",\"datePublished\":\"2017-07-18T15:57:01+00:00\",\"mainEntityOfPage\":{\"@id\":\"https:\\\/\\\/www.meydan.tv\\\/az\\\/article\\\/avropa-investisiya-bankina-terif\\\/\"},\"wordCount\":2215,\"publisher\":{\"@id\":\"https:\\\/\\\/www.meydan.tv\\\/az\\\/#organization\"},\"image\":{\"@id\":\"https:\\\/\\\/www.meydan.tv\\\/az\\\/article\\\/avropa-investisiya-bankina-terif\\\/#primaryimage\"},\"thumbnailUrl\":\"https:\\\/\\\/www.meydan.tv\\\/wp-content\\\/uploads\\\/35155.jpg\",\"articleSection\":[\"M\u0259nim Fikrimc\u0259\"],\"inLanguage\":\"az\"},{\"@type\":\"WebPage\",\"@id\":\"https:\\\/\\\/www.meydan.tv\\\/az\\\/article\\\/avropa-investisiya-bankina-terif\\\/\",\"url\":\"https:\\\/\\\/www.meydan.tv\\\/az\\\/article\\\/avropa-investisiya-bankina-terif\\\/\",\"name\":\"Avropa \u0130nvestisiya Bank\u0131na t\u0259rif - MEYDAN.TV\",\"isPartOf\":{\"@id\":\"https:\\\/\\\/www.meydan.tv\\\/az\\\/#website\"},\"primaryImageOfPage\":{\"@id\":\"https:\\\/\\\/www.meydan.tv\\\/az\\\/article\\\/avropa-investisiya-bankina-terif\\\/#primaryimage\"},\"image\":{\"@id\":\"https:\\\/\\\/www.meydan.tv\\\/az\\\/article\\\/avropa-investisiya-bankina-terif\\\/#primaryimage\"},\"thumbnailUrl\":\"https:\\\/\\\/www.meydan.tv\\\/wp-content\\\/uploads\\\/35155.jpg\",\"datePublished\":\"2017-07-18T15:57:01+00:00\",\"breadcrumb\":{\"@id\":\"https:\\\/\\\/www.meydan.tv\\\/az\\\/article\\\/avropa-investisiya-bankina-terif\\\/#breadcrumb\"},\"inLanguage\":\"az\",\"potentialAction\":[{\"@type\":\"ReadAction\",\"target\":[\"https:\\\/\\\/www.meydan.tv\\\/az\\\/article\\\/avropa-investisiya-bankina-terif\\\/\"]}]},{\"@type\":\"ImageObject\",\"inLanguage\":\"az\",\"@id\":\"https:\\\/\\\/www.meydan.tv\\\/az\\\/article\\\/avropa-investisiya-bankina-terif\\\/#primaryimage\",\"url\":\"https:\\\/\\\/www.meydan.tv\\\/wp-content\\\/uploads\\\/35155.jpg\",\"contentUrl\":\"https:\\\/\\\/www.meydan.tv\\\/wp-content\\\/uploads\\\/35155.jpg\",\"width\":720,\"height\":480,\"caption\":\"Source:\"},{\"@type\":\"BreadcrumbList\",\"@id\":\"https:\\\/\\\/www.meydan.tv\\\/az\\\/article\\\/avropa-investisiya-bankina-terif\\\/#breadcrumb\",\"itemListElement\":[{\"@type\":\"ListItem\",\"position\":1,\"name\":\"Ana s\u0259hif\u0259\",\"item\":\"https:\\\/\\\/www.meydan.tv\\\/az\\\/\"},{\"@type\":\"ListItem\",\"position\":2,\"name\":\"M\u0259nim Fikrimc\u0259\",\"item\":\"https:\\\/\\\/www.meydan.tv\\\/az\\\/section\\\/menim-fikrimce\\\/\"},{\"@type\":\"ListItem\",\"position\":3,\"name\":\"Avropa \u0130nvestisiya Bank\u0131na t\u0259rif\"}]},{\"@type\":\"WebSite\",\"@id\":\"https:\\\/\\\/www.meydan.tv\\\/az\\\/#website\",\"url\":\"https:\\\/\\\/www.meydan.tv\\\/az\\\/\",\"name\":\"MEYDAN.TV\",\"description\":\"Meydan TV Az\u0259rbaycan\u0131n media m\u0259kan\u0131ndak\u0131 alternativ s\u0259sidir\",\"publisher\":{\"@id\":\"https:\\\/\\\/www.meydan.tv\\\/az\\\/#organization\"},\"potentialAction\":[{\"@type\":\"SearchAction\",\"target\":{\"@type\":\"EntryPoint\",\"urlTemplate\":\"https:\\\/\\\/www.meydan.tv\\\/az\\\/?s={search_term_string}\"},\"query-input\":{\"@type\":\"PropertyValueSpecification\",\"valueRequired\":true,\"valueName\":\"search_term_string\"}}],\"inLanguage\":\"az\"},{\"@type\":\"Organization\",\"@id\":\"https:\\\/\\\/www.meydan.tv\\\/az\\\/#organization\",\"name\":\"Meydan TV\",\"url\":\"https:\\\/\\\/www.meydan.tv\\\/az\\\/\",\"logo\":{\"@type\":\"ImageObject\",\"inLanguage\":\"az\",\"@id\":\"https:\\\/\\\/www.meydan.tv\\\/az\\\/#\\\/schema\\\/logo\\\/image\\\/\",\"url\":\"https:\\\/\\\/www.meydan.tv\\\/wp-content\\\/uploads\\\/2021\\\/07\\\/meydan-logo.svg\",\"contentUrl\":\"https:\\\/\\\/www.meydan.tv\\\/wp-content\\\/uploads\\\/2021\\\/07\\\/meydan-logo.svg\",\"width\":195,\"height\":46,\"caption\":\"Meydan TV\"},\"image\":{\"@id\":\"https:\\\/\\\/www.meydan.tv\\\/az\\\/#\\\/schema\\\/logo\\\/image\\\/\"}},{\"@type\":\"Person\",\"@id\":\"https:\\\/\\\/www.meydan.tv\\\/az\\\/#\\\/schema\\\/person\\\/10d11eccf6da3662cf5fdab9806ea91a\",\"name\":\"user-manager\"}]}<\/script>\n<!-- \/ Yoast SEO plugin. -->","yoast_head_json":{"title":"Avropa \u0130nvestisiya Bank\u0131na t\u0259rif - MEYDAN.TV","robots":{"index":"index","follow":"follow","max-snippet":"max-snippet:-1","max-image-preview":"max-image-preview:large","max-video-preview":"max-video-preview:-1"},"canonical":"https:\/\/www.meydan.tv\/az\/article\/avropa-investisiya-bankina-terif\/","og_locale":"az_AZ","og_type":"article","og_title":"Avropa \u0130nvestisiya Bank\u0131na t\u0259rif - MEYDAN.TV","og_description":"D\u00f6z\u00fclm\u0259z standart","og_url":"https:\/\/www.meydan.tv\/az\/article\/avropa-investisiya-bankina-terif\/","og_site_name":"MEYDAN.TV","article_published_time":"2017-07-18T15:57:01+00:00","og_image":[{"width":720,"height":480,"url":"https:\/\/www.meydan.tv\/wp-content\/uploads\/35155.jpg","type":"image\/jpeg"}],"author":"user-manager","twitter_card":"summary_large_image","schema":{"@context":"https:\/\/schema.org","@graph":[{"@type":"Article","@id":"https:\/\/www.meydan.tv\/az\/article\/avropa-investisiya-bankina-terif\/#article","isPartOf":{"@id":"https:\/\/www.meydan.tv\/az\/article\/avropa-investisiya-bankina-terif\/"},"author":{"name":"user-manager","@id":"https:\/\/www.meydan.tv\/az\/#\/schema\/person\/10d11eccf6da3662cf5fdab9806ea91a"},"headline":"Avropa \u0130nvestisiya Bank\u0131na t\u0259rif","datePublished":"2017-07-18T15:57:01+00:00","mainEntityOfPage":{"@id":"https:\/\/www.meydan.tv\/az\/article\/avropa-investisiya-bankina-terif\/"},"wordCount":2215,"publisher":{"@id":"https:\/\/www.meydan.tv\/az\/#organization"},"image":{"@id":"https:\/\/www.meydan.tv\/az\/article\/avropa-investisiya-bankina-terif\/#primaryimage"},"thumbnailUrl":"https:\/\/www.meydan.tv\/wp-content\/uploads\/35155.jpg","articleSection":["M\u0259nim Fikrimc\u0259"],"inLanguage":"az"},{"@type":"WebPage","@id":"https:\/\/www.meydan.tv\/az\/article\/avropa-investisiya-bankina-terif\/","url":"https:\/\/www.meydan.tv\/az\/article\/avropa-investisiya-bankina-terif\/","name":"Avropa \u0130nvestisiya Bank\u0131na t\u0259rif - MEYDAN.TV","isPartOf":{"@id":"https:\/\/www.meydan.tv\/az\/#website"},"primaryImageOfPage":{"@id":"https:\/\/www.meydan.tv\/az\/article\/avropa-investisiya-bankina-terif\/#primaryimage"},"image":{"@id":"https:\/\/www.meydan.tv\/az\/article\/avropa-investisiya-bankina-terif\/#primaryimage"},"thumbnailUrl":"https:\/\/www.meydan.tv\/wp-content\/uploads\/35155.jpg","datePublished":"2017-07-18T15:57:01+00:00","breadcrumb":{"@id":"https:\/\/www.meydan.tv\/az\/article\/avropa-investisiya-bankina-terif\/#breadcrumb"},"inLanguage":"az","potentialAction":[{"@type":"ReadAction","target":["https:\/\/www.meydan.tv\/az\/article\/avropa-investisiya-bankina-terif\/"]}]},{"@type":"ImageObject","inLanguage":"az","@id":"https:\/\/www.meydan.tv\/az\/article\/avropa-investisiya-bankina-terif\/#primaryimage","url":"https:\/\/www.meydan.tv\/wp-content\/uploads\/35155.jpg","contentUrl":"https:\/\/www.meydan.tv\/wp-content\/uploads\/35155.jpg","width":720,"height":480,"caption":"Source:"},{"@type":"BreadcrumbList","@id":"https:\/\/www.meydan.tv\/az\/article\/avropa-investisiya-bankina-terif\/#breadcrumb","itemListElement":[{"@type":"ListItem","position":1,"name":"Ana s\u0259hif\u0259","item":"https:\/\/www.meydan.tv\/az\/"},{"@type":"ListItem","position":2,"name":"M\u0259nim Fikrimc\u0259","item":"https:\/\/www.meydan.tv\/az\/section\/menim-fikrimce\/"},{"@type":"ListItem","position":3,"name":"Avropa \u0130nvestisiya Bank\u0131na t\u0259rif"}]},{"@type":"WebSite","@id":"https:\/\/www.meydan.tv\/az\/#website","url":"https:\/\/www.meydan.tv\/az\/","name":"MEYDAN.TV","description":"Meydan TV Az\u0259rbaycan\u0131n media m\u0259kan\u0131ndak\u0131 alternativ s\u0259sidir","publisher":{"@id":"https:\/\/www.meydan.tv\/az\/#organization"},"potentialAction":[{"@type":"SearchAction","target":{"@type":"EntryPoint","urlTemplate":"https:\/\/www.meydan.tv\/az\/?s={search_term_string}"},"query-input":{"@type":"PropertyValueSpecification","valueRequired":true,"valueName":"search_term_string"}}],"inLanguage":"az"},{"@type":"Organization","@id":"https:\/\/www.meydan.tv\/az\/#organization","name":"Meydan TV","url":"https:\/\/www.meydan.tv\/az\/","logo":{"@type":"ImageObject","inLanguage":"az","@id":"https:\/\/www.meydan.tv\/az\/#\/schema\/logo\/image\/","url":"https:\/\/www.meydan.tv\/wp-content\/uploads\/2021\/07\/meydan-logo.svg","contentUrl":"https:\/\/www.meydan.tv\/wp-content\/uploads\/2021\/07\/meydan-logo.svg","width":195,"height":46,"caption":"Meydan TV"},"image":{"@id":"https:\/\/www.meydan.tv\/az\/#\/schema\/logo\/image\/"}},{"@type":"Person","@id":"https:\/\/www.meydan.tv\/az\/#\/schema\/person\/10d11eccf6da3662cf5fdab9806ea91a","name":"user-manager"}]}},"_links":{"self":[{"href":"https:\/\/www.meydan.tv\/az\/wp-json\/wp\/v2\/posts\/185613","targetHints":{"allow":["GET"]}}],"collection":[{"href":"https:\/\/www.meydan.tv\/az\/wp-json\/wp\/v2\/posts"}],"about":[{"href":"https:\/\/www.meydan.tv\/az\/wp-json\/wp\/v2\/types\/post"}],"author":[{"embeddable":true,"href":"https:\/\/www.meydan.tv\/az\/wp-json\/wp\/v2\/users\/11"}],"replies":[{"embeddable":true,"href":"https:\/\/www.meydan.tv\/az\/wp-json\/wp\/v2\/comments?post=185613"}],"version-history":[{"count":0,"href":"https:\/\/www.meydan.tv\/az\/wp-json\/wp\/v2\/posts\/185613\/revisions"}],"wp:featuredmedia":[{"embeddable":true,"href":"https:\/\/www.meydan.tv\/az\/wp-json\/wp\/v2\/media\/89119"}],"wp:attachment":[{"href":"https:\/\/www.meydan.tv\/az\/wp-json\/wp\/v2\/media?parent=185613"}],"wp:term":[{"taxonomy":"category","embeddable":true,"href":"https:\/\/www.meydan.tv\/az\/wp-json\/wp\/v2\/categories?post=185613"},{"taxonomy":"post_tag","embeddable":true,"href":"https:\/\/www.meydan.tv\/az\/wp-json\/wp\/v2\/tags?post=185613"}],"curies":[{"name":"wp","href":"https:\/\/api.w.org\/{rel}","templated":true}]}}