{"id":185609,"date":"2017-07-18T13:19:35","date_gmt":"2017-07-18T13:19:35","guid":{"rendered":"https:\/\/www.meydan.tv\/article\/90-ci-illerin-ortasinda-azerbaycan-diplomatiyasi-kobud-sehve-yol-verdi\/"},"modified":"2017-07-18T13:19:35","modified_gmt":"2017-07-18T13:19:35","slug":"90-ci-illerin-ortasinda-azerbaycan-diplomatiyasi-kobud-sehve-yol-verdi","status":"publish","type":"post","link":"https:\/\/www.meydan.tv\/az\/article\/90-ci-illerin-ortasinda-azerbaycan-diplomatiyasi-kobud-sehve-yol-verdi\/","title":{"rendered":"&#8221;90-c\u0131 ill\u0259rin ortas\u0131nda Az\u0259rbaycan diplomatiyas\u0131 kobud s\u0259hv\u0259 yol verdi&#8221;"},"content":{"rendered":"<figure class=\"wp-block-image size-large\">\n  <img decoding=\"async\" src=\"https:\/\/www.meydan.tv\/az\/heyder-eliyev-ve-ter-petrosyan\/\" alt=\"Heyd\u0259r \u018fliyev v\u0259 Ter-Petrosyan\" class=\"wp-image-89104\"\/><figcaption>\n    Heyd\u0259r \u018fliyev v\u0259 Ter-Petrosyan<br \/>\n  <\/figcaption><\/figure>\n<p>\n  <i><br \/>\n    \u0130lqar V\u0259lizad\u0259: &#8221;Erm\u0259nistan prezidentinin m\u00f6vqeyi kompromis yox, \u015fantajd\u0131r&#8221;<br \/>\n  <\/i>\n<\/p>\n<p>\n  &#8220;Erm\u0259nistan t\u0259r\u0259fi Da\u011fl\u0131q Qaraba\u011f probleminin h\u0259llind\u0259 g\u00fcz\u0259\u015ft\u0259 yox, kompromis\u0259 ehtiyac oldu\u011funu h\u0259r zaman b\u0259yan edib&#8221;.\n<\/p>\n<p>\n  Erm\u0259nistan prezidenti Serj Sarkisyan yerli telekanala m\u00fcsahib\u0259sind\u0259 bel\u0259 deyib. M\u0259lumat\u0131 \u201cR\u0130A Novosti\u201d yay\u0131b.\n<\/p>\n<\/p>\n<blockquote><p>\n  \u201cErm\u0259nistan t\u0259r\u0259finin qar\u015f\u0131l\u0131ql\u0131 g\u00fcz\u0259\u015ft\u0259 getm\u0259k arzusu da qalmayacaq\u201d\n<\/p><\/blockquote>\n<p>\n  &#8220;Son 20 ild\u0259 biz he\u00e7 vaxt v\u0259 he\u00e7 yerd\u0259 g\u00fcz\u0259\u015ftd\u0259n dan\u0131\u015fmam\u0131\u015f\u0131q. Biz bundan \u0259vv\u0259l d\u0259, indi d\u0259 problemin kompromisli h\u0259llind\u0259n dan\u0131\u015f\u0131r\u0131q. \u018fmin\u0259m ki, problem n\u00f6vb\u0259ti 20 ild\u0259 d\u0259 h\u0259llini tapmasa, art\u0131q Erm\u0259nistan t\u0259r\u0259finin qar\u015f\u0131l\u0131ql\u0131 g\u00fcz\u0259\u015ft\u0259 getm\u0259k arzusu da qalmayacaq, \u00e7\u00fcnki bu, problemin h\u0259llin\u0259 g\u0259tirib \u00e7\u0131xarm\u0131r\u201d \u2013 dey\u0259 Sarkisyan bildirib.\n<\/p>\n<p>\n  Prezident qeyd edib ki, Erm\u0259nistan t\u0259r\u0259fi \u00fc\u00e7 prinsipi \u0259sas g\u00f6t\u00fcr\u00fcr: Da\u011fl\u0131q Qaraba\u011f \u0259halisinin \u00f6z m\u00fcq\u0259dd\u0259rat\u0131n\u0131 t\u0259yin etm\u0259si, Erm\u0259nistanla Qaraba\u011f aras\u0131nda quru s\u0259rh\u0259d v\u0259 Qaraba\u011f\u0131n t\u0259hl\u00fck\u0259sizliyin\u0259 z\u0259man\u0259t.\n<\/p>\n<\/p>\n<blockquote><p>\n  \u201cSarkisyan terminl\u0259rl\u0259 oynay\u0131r\u201d\n<\/p><\/blockquote>\n<p>\n  Siyasi icmal\u00e7\u0131 \u0130lqar V\u0259lizad\u0259 hesab edir ki, Serj Sarkisyan terminl\u0259rl\u0259 oynay\u0131r, mahiyy\u0259tc\u0259 he\u00e7 n\u0259 d\u0259yi\u015fmir:\n<\/p>\n<p>\n  \u201cMahiyy\u0259t ondan ibar\u0259tdir ki, Erm\u0259nistan m\u00fcnaqi\u015f\u0259nin paket variant\u0131n\u0131n t\u0259r\u0259fdar\u0131d\u0131r. Paket variant\u0131 problemi b\u00fct\u00fcn \u015f\u0259rtl\u0259r\u0259 \u0259m\u0259l etm\u0259k \u00fcz\u0259rind\u0259 qurulur. Y\u0259ni Az\u0259rbaycan Da\u011fl\u0131q Qaraba\u011f\u0131n statusunu tan\u0131y\u0131r v\u0259 Erm\u0259nistan \u0259traf rayonlar\u0131 bo\u015fald\u0131r, qa\u00e7q\u0131nlara qay\u0131tma\u011fa imkan verir. Ba\u015fqa bir \u015f\u0259rt is\u0259 Da\u011fl\u0131q Qaraba\u011fla Erm\u0259nistan aras\u0131nda d\u0259hliz a\u00e7\u0131l\u0131r v\u0259 \u0259razi erm\u0259nil\u0259rin n\u0259zar\u0259tind\u0259 olur. D\u0259hliz t\u0259kc\u0259 La\u00e7\u0131n yolu yox, h\u0259m rayonun \u00f6z\u00fcd\u00fcr. G\u00fcman ki, K\u0259lb\u0259c\u0259ri d\u0259 d\u0259hliz kimi hesab edirl\u0259r. Amma bu \u015f\u0259rtl\u0259r ne\u00e7\u0259 ill\u0259rdir d\u0259yi\u015fmir v\u0259 Erm\u0259nistan \u201ckompromis\u201d dey\u0259nd\u0259, bunlar\u0131 n\u0259z\u0259rd\u0259 tutur. \u018fslind\u0259, Erm\u0259nistan prezidentinin m\u00f6vqeyi kompromis yox, \u015fantajd\u0131r. O, dem\u0259k ist\u0259yir, \u0259razil\u0259ri o zaman qaytaraca\u011f\u0131q ki, Qaraba\u011f\u0131n statusunu tan\u0131yacaqs\u0131n\u0131z. Status dey\u0259nd\u0259 is\u0259 Qaraba\u011f\u0131n m\u00fcst\u0259qilliyind\u0259n dan\u0131\u015f\u0131rlar. H\u0259tta Erm\u0259nistan Az\u0259rbaycan\u0131n raz\u0131la\u015fd\u0131\u011f\u0131 m\u00fcv\u0259qq\u0259ti statusu da q\u0259bul etmir. \u00c7\u00fcnki deyirl\u0259r ki, m\u00fcv\u0259qq\u0259ti status Az\u0259rbaycan\u0131n yuridiksiyas\u0131 alt\u0131nda olacaq\u201d.\n<\/p>\n<figure class=\"wp-block-image size-large\">\n  <img decoding=\"async\" src=\"https:\/\/www.meydan.tv\/az\/ilqar-velizade-9\/\" alt=\"\u0130lqar V\u0259lizad\u0259\" class=\"wp-image-89113\"\/><figcaption>\n    \u0130lqar V\u0259lizad\u0259<br \/>\n  <\/figcaption><\/figure>\n<p>\n  \u0130lqar V\u0259lizad\u0259nin s\u00f6zl\u0259rin\u0259 g\u00f6r\u0259, Serj Sarkisyan\u0131n m\u0259ntiqil\u0259 m\u0259s\u0259l\u0259y\u0259 yana\u015fd\u0131qda, dan\u0131\u015f\u0131qlar\u0131 davam etdirm\u0259y\u0259 ehtiyac qalm\u0131r:\n<\/p>\n<p>\n  \u201cDan\u0131\u015f\u0131qlar\u0131n \u0259sas mahiyy\u0259ti Da\u011fl\u0131q Qaraba\u011f\u0131n g\u0259l\u0259c\u0259k statusunun m\u00fc\u0259yy\u0259nl\u0259\u015fdirilm\u0259sind\u0259n ibar\u0259tdir. Onsuz da Da\u011fl\u0131q Qaraba\u011f \u0259traf\u0131ndak\u0131 i\u015f\u011fal olunan rayonlar qeyd-\u015f\u0259rtsiz Az\u0259rbaycana qaytar\u0131lmal\u0131d\u0131r. \u00dcmumiyy\u0259tl\u0259, h\u0259min rayonlar dan\u0131\u015f\u0131qlar\u0131n predmeti deyil\u201d.\n<\/p>\n<\/p>\n<blockquote><p>\n  \u201cBu, art\u0131q qar\u015f\u0131l\u0131ql\u0131 g\u00fcz\u0259\u015ft yox, \u015f\u0259rtdir\u201d\n<\/p><\/blockquote>\n<p>\n  Avropada m\u00fchacir h\u0259yata ya\u015fayan siyasi icmal\u00e7\u0131 Rauf Mirq\u0259dirov da deyir ki, kompromis qar\u015f\u0131l\u0131ql\u0131 g\u00fcz\u0259\u015ftdir v\u0259 \u00a0Sarkisyan bu fikri h\u0259r iki \u00f6lk\u0259nin daxili auditoriyas\u0131 \u00fc\u00e7\u00fcn s\u0259sl\u0259ndirib:\n<\/p>\n<p>\n  \u201cOna g\u00f6r\u0259 \u00e7\u0131x\u0131\u015f\u0131n\u0131n \u0259vv\u0259lind\u0259 deyir ki, Erm\u0259nistan he\u00e7 vaxt g\u00fcz\u0259\u015ft dem\u0259yib, h\u0259mi\u015f\u0259 kompromisl\u0259rd\u0259n dan\u0131\u015f\u0131b. Kompromis b\u0259rab\u0259r tutumlu olmal\u0131d\u0131r, amma \u0259ks\u0259r hallarda kompromisl\u0259r qeyri-b\u0259rab\u0259r tutumlu olur. Ger\u00e7\u0259k siyas\u0259td\u0259 g\u00fcc, regional m\u0259qamlar rol oynay\u0131r v\u0259 t\u0259r\u0259fl\u0259rd\u0259n bunlardan \u00f6z maraqlar\u0131 \u00fc\u00e7\u00fcn istifad\u0259 edir. Sarkisyan da \u00fc\u00e7 prinsipi \u0259sas g\u00f6t\u00fcr\u00fcr: Da\u011fl\u0131q Qaraba\u011f \u0259halisinin \u00f6z m\u00fcq\u0259dd\u0259rat\u0131n\u0131 t\u0259yin etm\u0259si, Erm\u0259nistanla Qaraba\u011f aras\u0131nda quru s\u0259rh\u0259d v\u0259 Qaraba\u011f\u0131n t\u0259hl\u00fck\u0259sizliyin\u0259 z\u0259man\u0259t. B\u0259li, sonuncu-t\u0259hl\u00fck\u0259sizlik m\u0259s\u0259l\u0259si vacibdir, h\u0259tta Az\u0259rbaycan g\u00fcc yoluyla \u0259razil\u0259rini azad ets\u0259 d\u0259, b\u00f6lg\u0259nin erm\u0259ni \u0259halisin\u0259 t\u0259hl\u00fck\u0259sizlik t\u0259minat\u0131 verm\u0259lidir v\u0259 problemin h\u0259llinin elementl\u0259rind\u0259n biri d\u0259 bu amildir\u201d.\n<\/p>\n<figure class=\"wp-block-image size-large\">\n  <img decoding=\"async\" src=\"https:\/\/www.meydan.tv\/az\/89107\/\" alt=\"\" class=\"wp-image-89107\"\/><figcaption>\n    Rauf Mirq\u0259dirov<br \/>\n  <\/figcaption><\/figure>\n<p>\n  R.Mirq\u0259dirov hesab edir ki, Sarkisyan\u0131n birinci \u015f\u0259rti-\u00f6z m\u00fcq\u0259dd\u0259rat\u0131n\u0131 t\u0259yin etm\u0259- m\u00fcharib\u0259nin n\u0259tic\u0259l\u0259rind\u0259n do\u011fulub. Onlar \u015f\u0259rt qoyur ki, Da\u011fl\u0131q Qaraba\u011f \u0259trag\u0131ndak\u0131 rayonlar\u0131 bu prinsip q\u0259bul edildiyi t\u0259qdird\u0259 qaytara bil\u0259rl\u0259r:\n<\/p>\n<p>\n  \u201c\u018fslind\u0259 Erm\u0259nistan\u0131n \u00a0status \u0259v\u0259zin\u0259 \u0259razil\u0259r d\u00fcsturu beyn\u0259lxalq h\u00fcquq normalar\u0131na k\u00f6kl\u00fc \u015f\u0259kild\u0259 ziddir. \u00c7\u00fcnki BMT T\u0259hl\u00fck\u0259sizlik \u015euras\u0131n\u0131n m\u00fcnaqi\u015f\u0259 haqda 4 q\u0259tnam\u0259sind\u0259 qeyd olunub ki, \u0259razil\u0259rin i\u015f\u011fal\u0131 t\u0259hdidi il\u0259 d\u00f6vl\u0259tl\u0259rin s\u0259rh\u0259dl\u0259rinin d\u0259yi\u015fdirilm\u0259si t\u0259l\u0259bi qeyri-m\u00fcmk\u00fcnd\u00fcr. \u018frazil\u0259ri i\u015f\u011fal edib, ard\u0131nca \u015f\u0259rtl\u0259r qoyulmas\u0131 beyn\u0259lxalq h\u00fcquqda \u015fantajd\u0131r. Bu, art\u0131q qar\u015f\u0131l\u0131ql\u0131 g\u00fcz\u0259\u015ft yox, \u015f\u0259rtdir, ultimatumdur v\u0259 \u015fantajd\u0131r. Qar\u015f\u0131l\u0131ql\u0131 g\u00fcz\u0259\u015ft t\u0259hl\u00fck\u0259sizliyin t\u0259minat\u0131, iqtisadi \u0259laq\u0259l\u0259rin b\u0259rpas\u0131, iqtisadi blokadan\u0131n g\u00f6t\u00fcr\u00fclm\u0259si, m\u00fc\u0259yy\u0259n \u015f\u0259rtl\u0259rl\u0259 d\u0259hlizin qoyulmas\u0131 ola bil\u0259rdi\u201d.\n<\/p>\n<\/p>\n<blockquote><p>\n  \u201cAz\u0259rbaycan diplomatisiyas\u0131 Minsk Qrupuna faktiki olaraq qeyri-m\u00fc\u0259yy\u0259n s\u0259lahiyy\u0259tl\u0259r \u00e7\u0259r\u00e7iv\u0259sind\u0259 f\u0259aliyy\u0259t g\u00f6st\u0259rm\u0259k imkan verdi\u201d\n<\/p><\/blockquote>\n<p>\n  \u015e\u0259rh\u00e7i deyir ki, status m\u0259s\u0259l\u0259si beyn\u0259lxalq h\u00fcququn \u00e7ox m\u00fcr\u0259kk\u0259b v\u0259 ziddiyy\u0259tli normas\u0131d\u0131r. Beyn\u0259lxalq ictimaiyy\u0259t h\u0259l\u0259 hans\u0131na \u00fcst\u00fcnl\u00fck verilm\u0259sini m\u00fc\u0259yy\u0259n ed\u0259 bilm\u0259yib:\n<\/p>\n<p>\n  \u201cKosovada beyn\u0259lxalq ictimaiyy\u0259t \u00f6z m\u00fcq\u0259dd\u0259rat\u0131n\u0131 t\u0259yin etm\u0259k h\u00fcququnu t\u0259l\u0259b edirs\u0259, Kiprd\u0259, G\u00fcrc\u00fcstanda, Moldovada v\u0259 Ukraynada \u0259razi b\u00fct\u00f6vl\u00fcy\u00fc prinsipind\u0259n \u00e7\u0131x\u0131\u015f edirl\u0259r. Az\u0259rbaycan\u0131n is\u0259 \u0259razi b\u00fct\u00f6vl\u00fcy\u00fcn\u00fc tan\u0131y\u0131rlar, ancaq x\u0131rda n\u00fcans \u0259lav\u0259 edirl\u0259r ki, hans\u0131 \u015f\u0259rtl\u0259r \u0259sas\u0131nda raz\u0131l\u0131\u011fa g\u0259ls\u0259niz, m\u0259qbul sayaca\u011f\u0131q. Y\u0259ni \u0259razi b\u00fct\u00f6vl\u00fcy\u00fcn\u00fcz\u00fc tan\u0131y\u0131r\u0131q, amma \u0259razinizi Erm\u0259nistana verm\u0259kl\u0259 raz\u0131la\u015fsan\u0131z, bunu m\u0259qbul hesab ed\u0259c\u0259yik. Fikir verin, G\u00fcrc\u00fcstan, Moldova v\u0259 Ukrayna haqda bel\u0259 demirl\u0259r. Bu, bir ne\u00e7\u0259 amill\u0259r ba\u011fl\u0131d\u0131r, birinci, Da\u011fl\u0131q Qaraba\u011f m\u00fcnaqi\u015f\u0259si sovet m\u0259kan\u0131nda beyn\u0259lxalq mexanizml\u0259rin i\u015f\u0259 sal\u0131nd\u0131\u011f\u0131 ilk problemdir. O d\u00f6vrd\u0259 beyn\u0259lxalq al\u0259min m\u00fcnaqi\u015f\u0259y\u0259 m\u00fcnasib\u0259ti bir q\u0259d\u0259r f\u0259rqliydi, ilkin d\u00f6vrd\u0259 m\u00fcnaqi\u015f\u0259 SSR\u0130-ni da\u011f\u0131d\u0131rd\u0131 v\u0259 Erm\u0259nistana problemi yaratd\u0131\u011f\u0131 \u00fc\u00e7\u00fcn bir simpatiya vard\u0131. \u0130kinci, Erm\u0259nistan m\u00fcnaqi\u015f\u0259y\u0259 daha haz\u0131rl\u0131ql\u0131 v\u0259ziyy\u0259td\u0259ydi, diaspora beyn\u0259lxalq al\u0259mi \u00f6z t\u0259r\u0259fin\u0259 \u00e7\u0259k\u0259 bilmi\u015fdi. N\u0259hay\u0259t, daha ciddi amil &#8211; Az\u0259rbaycan 90-c\u0131 ill\u0259rd\u0259 m\u00fcnaqi\u015f\u0259nin h\u0259rbi m\u0259rh\u0259sind\u0259 \u0259razil\u0259rini itirmi\u015fdi. Bununla SSR\u0130-nin da\u011f\u0131lma d\u00f6vr\u00fcnd\u0259 m\u00fc\u0259yy\u0259n \u0259n\u0259n\u0259 formala\u015fd\u0131 ki, Az\u0259rbaycan g\u00fcz\u0259\u015ft\u0259 getsin, h\u0259tta \u0259razi m\u00fcbadil\u0259si t\u0259klifi d\u0259 vard\u0131. H\u0259min \u0259n\u0259n\u0259nin mahiyy\u0259tind\u0259 Erm\u0259nistana m\u00fc\u0259yy\u0259n g\u00fcz\u0259\u015ftl\u0259r edib Rusiyadan qopartmaq ist\u0259yi d\u0259 \u00f6z rolunu oynad\u0131\u201d.\n<\/p>\n<figure class=\"wp-block-image size-large\">\n  <img decoding=\"async\" src=\"https:\/\/www.meydan.tv\/az\/ilham-eliyev-ve-serk-serkisyan\/\" alt=\"\u0130lham \u018fliyev v\u0259 Serk S\u0259rkisyan\" class=\"wp-image-89110\"\/><figcaption>\n    \u0130lham \u018fliyev v\u0259 Serk S\u0259rkisyan<br \/>\n  <\/figcaption><\/figure>\n<p>\n  Rauf Mirq\u0259dirov iddia edir ki, 90-c\u0131 ill\u0259rin ortas\u0131nda Az\u0259rbaycan diplomatiyas\u0131 kobud s\u0259hv\u0259 yol verdi, \u00a0\u0259razil\u0259rin i\u015f\u011faldan azad olunmas\u0131yla status m\u0259s\u0259l\u0259sini bir-birin\u0259 qar\u0131\u015fd\u0131rd\u0131, indi d\u0259 onun \u0259ziyy\u0259tini \u00e7\u0259kir:\n<\/p>\n<p>\n  \u201c1995-ci ilin birinci yar\u0131s\u0131na q\u0259d\u0259r dan\u0131\u015f\u0131qlarda \u00e7ox d\u0259qiq b\u00f6lg\u00fc vard\u0131, h\u0259tta Minsk Qrupu qrafik haz\u0131rlam\u0131\u015fd\u0131, birinci m\u0259rh\u0259l\u0259-Da\u011fl\u0131q Qaraba\u011f \u0259traf\u0131ndak\u0131 i\u015f\u011fal olunmu\u015f \u0259razil\u0259r azad edilir, m\u0259cburi k\u00f6\u00e7k\u00fcnl\u0259r qay\u0131d\u0131r, kommunikasiyalar a\u00e7\u0131l\u0131r, t\u0259hl\u00fck\u0259sizlik sistemi yarad\u0131l\u0131r, d\u0259hlizin n\u0259zar\u0259t mexanizmi qurulur v\u0259 s\u00fclhm\u0259raml\u0131 q\u00fcvv\u0259l\u0259r yerl\u0259\u015fdirilir. Yaln\u0131z bunlardan sonra Minsk Qrupunun konfrans\u0131 \u00e7a\u011fr\u0131l\u0131r v\u0259 m\u00fcnaqi\u015f\u0259nin h\u0259lli m\u0259s\u0259l\u0259sin\u0259 ke\u00e7irilir, status m\u00fczakir\u0259 edilir. Ancaq Az\u0259rbaycan diplomatisiyas\u0131 Minsk Qrupuna faktiki olaraq qeyri-m\u00fc\u0259yy\u0259n s\u0259lahiyy\u0259tl\u0259r \u00e7\u0259r\u00e7iv\u0259sind\u0259 f\u0259aliyy\u0259t g\u00f6st\u0259rm\u0259k imkan verdi. Halbuki, ona q\u0259d\u0259r Minsk Qrupunun BMT T\u0259hl\u00fck\u0259sizlik \u015euras\u0131n\u0131n q\u0259bul etdiyi q\u0259tnam\u0259l\u0259ri il\u0259 s\u0259rh\u0259dl\u0259nmi\u015f s\u0259lahiyy\u0259tl\u0259ri vard\u0131. Minsk Qrupu h\u0259min q\u0259tnam\u0259l\u0259rd\u0259ki b\u0259ndl\u0259ri h\u0259yata ke\u00e7ir\u0259nd\u0259n sonra status m\u00fczakir\u0259 olunmal\u0131yd\u0131. Az\u0259rbaycan h\u0259r \u015feyi bir yerd\u0259 m\u00fczakir\u0259 etm\u0259y\u0259 raz\u0131la\u015fd\u0131, bax, kobud s\u0259hv bundan ibar\u0259t idi\u201d.<\/p>\n","protected":false},"excerpt":{"rendered":"<p>\u0130lqar V\u0259lizad\u0259: &#8221;Erm\u0259nistan prezidentinin m\u00f6vqeyi kompromis yox, \u015fantajd\u0131r&#8221;<\/p>\n","protected":false},"author":11,"featured_media":89104,"comment_status":"closed","ping_status":"open","sticky":false,"template":"","format":"standard","meta":{"_acf_changed":false,"_sitemap_exclude":false,"_sitemap_priority":"","_sitemap_frequency":"","footnotes":""},"categories":[51],"tags":[],"class_list":["post-185609","post","type-post","status-publish","format-standard","has-post-thumbnail","hentry","category-analitika","infinite-scroll-item","generate-columns","tablet-grid-50","mobile-grid-100","grid-parent","grid-33","no-featured-image-padding"],"acf":[],"yoast_head":"<!-- This site is optimized with the Yoast SEO plugin v27.4 - https:\/\/yoast.com\/product\/yoast-seo-wordpress\/ -->\n<title>&#039;&#039;90-c\u0131 ill\u0259rin ortas\u0131nda Az\u0259rbaycan diplomatiyas\u0131 kobud s\u0259hv\u0259 yol verdi&#039;&#039; - MEYDAN.TV<\/title>\n<meta name=\"robots\" content=\"index, follow, max-snippet:-1, max-image-preview:large, max-video-preview:-1\" \/>\n<link rel=\"canonical\" href=\"https:\/\/www.meydan.tv\/az\/article\/90-ci-illerin-ortasinda-azerbaycan-diplomatiyasi-kobud-sehve-yol-verdi\/\" \/>\n<meta property=\"og:locale\" content=\"az_AZ\" \/>\n<meta property=\"og:type\" content=\"article\" \/>\n<meta property=\"og:title\" content=\"&#039;&#039;90-c\u0131 ill\u0259rin ortas\u0131nda Az\u0259rbaycan diplomatiyas\u0131 kobud s\u0259hv\u0259 yol verdi&#039;&#039; - MEYDAN.TV\" \/>\n<meta property=\"og:description\" content=\"\u0130lqar V\u0259lizad\u0259: &#039;&#039;Erm\u0259nistan prezidentinin m\u00f6vqeyi kompromis yox, \u015fantajd\u0131r&#039;&#039;\" \/>\n<meta property=\"og:url\" content=\"https:\/\/www.meydan.tv\/az\/article\/90-ci-illerin-ortasinda-azerbaycan-diplomatiyasi-kobud-sehve-yol-verdi\/\" \/>\n<meta property=\"og:site_name\" content=\"MEYDAN.TV\" \/>\n<meta property=\"article:published_time\" content=\"2017-07-18T13:19:35+00:00\" \/>\n<meta property=\"og:image\" content=\"https:\/\/www.meydan.tv\/wp-content\/uploads\/35153.png\" \/>\n\t<meta property=\"og:image:width\" content=\"710\" \/>\n\t<meta property=\"og:image:height\" content=\"522\" \/>\n\t<meta property=\"og:image:type\" content=\"image\/png\" \/>\n<meta name=\"author\" content=\"user-manager\" \/>\n<meta name=\"twitter:card\" content=\"summary_large_image\" \/>\n<script type=\"application\/ld+json\" class=\"yoast-schema-graph\">{\"@context\":\"https:\\\/\\\/schema.org\",\"@graph\":[{\"@type\":\"Article\",\"@id\":\"https:\\\/\\\/www.meydan.tv\\\/az\\\/article\\\/90-ci-illerin-ortasinda-azerbaycan-diplomatiyasi-kobud-sehve-yol-verdi\\\/#article\",\"isPartOf\":{\"@id\":\"https:\\\/\\\/www.meydan.tv\\\/az\\\/article\\\/90-ci-illerin-ortasinda-azerbaycan-diplomatiyasi-kobud-sehve-yol-verdi\\\/\"},\"author\":{\"name\":\"user-manager\",\"@id\":\"https:\\\/\\\/www.meydan.tv\\\/az\\\/#\\\/schema\\\/person\\\/10d11eccf6da3662cf5fdab9806ea91a\"},\"headline\":\"&#8221;90-c\u0131 ill\u0259rin ortas\u0131nda Az\u0259rbaycan diplomatiyas\u0131 kobud s\u0259hv\u0259 yol verdi&#8221;\",\"datePublished\":\"2017-07-18T13:19:35+00:00\",\"mainEntityOfPage\":{\"@id\":\"https:\\\/\\\/www.meydan.tv\\\/az\\\/article\\\/90-ci-illerin-ortasinda-azerbaycan-diplomatiyasi-kobud-sehve-yol-verdi\\\/\"},\"wordCount\":1556,\"publisher\":{\"@id\":\"https:\\\/\\\/www.meydan.tv\\\/az\\\/#organization\"},\"image\":{\"@id\":\"https:\\\/\\\/www.meydan.tv\\\/az\\\/article\\\/90-ci-illerin-ortasinda-azerbaycan-diplomatiyasi-kobud-sehve-yol-verdi\\\/#primaryimage\"},\"thumbnailUrl\":\"https:\\\/\\\/www.meydan.tv\\\/wp-content\\\/uploads\\\/35153.png\",\"articleSection\":[\"Analitika\"],\"inLanguage\":\"az\"},{\"@type\":\"WebPage\",\"@id\":\"https:\\\/\\\/www.meydan.tv\\\/az\\\/article\\\/90-ci-illerin-ortasinda-azerbaycan-diplomatiyasi-kobud-sehve-yol-verdi\\\/\",\"url\":\"https:\\\/\\\/www.meydan.tv\\\/az\\\/article\\\/90-ci-illerin-ortasinda-azerbaycan-diplomatiyasi-kobud-sehve-yol-verdi\\\/\",\"name\":\"''90-c\u0131 ill\u0259rin ortas\u0131nda Az\u0259rbaycan diplomatiyas\u0131 kobud s\u0259hv\u0259 yol verdi'' - MEYDAN.TV\",\"isPartOf\":{\"@id\":\"https:\\\/\\\/www.meydan.tv\\\/az\\\/#website\"},\"primaryImageOfPage\":{\"@id\":\"https:\\\/\\\/www.meydan.tv\\\/az\\\/article\\\/90-ci-illerin-ortasinda-azerbaycan-diplomatiyasi-kobud-sehve-yol-verdi\\\/#primaryimage\"},\"image\":{\"@id\":\"https:\\\/\\\/www.meydan.tv\\\/az\\\/article\\\/90-ci-illerin-ortasinda-azerbaycan-diplomatiyasi-kobud-sehve-yol-verdi\\\/#primaryimage\"},\"thumbnailUrl\":\"https:\\\/\\\/www.meydan.tv\\\/wp-content\\\/uploads\\\/35153.png\",\"datePublished\":\"2017-07-18T13:19:35+00:00\",\"breadcrumb\":{\"@id\":\"https:\\\/\\\/www.meydan.tv\\\/az\\\/article\\\/90-ci-illerin-ortasinda-azerbaycan-diplomatiyasi-kobud-sehve-yol-verdi\\\/#breadcrumb\"},\"inLanguage\":\"az\",\"potentialAction\":[{\"@type\":\"ReadAction\",\"target\":[\"https:\\\/\\\/www.meydan.tv\\\/az\\\/article\\\/90-ci-illerin-ortasinda-azerbaycan-diplomatiyasi-kobud-sehve-yol-verdi\\\/\"]}]},{\"@type\":\"ImageObject\",\"inLanguage\":\"az\",\"@id\":\"https:\\\/\\\/www.meydan.tv\\\/az\\\/article\\\/90-ci-illerin-ortasinda-azerbaycan-diplomatiyasi-kobud-sehve-yol-verdi\\\/#primaryimage\",\"url\":\"https:\\\/\\\/www.meydan.tv\\\/wp-content\\\/uploads\\\/35153.png\",\"contentUrl\":\"https:\\\/\\\/www.meydan.tv\\\/wp-content\\\/uploads\\\/35153.png\",\"width\":710,\"height\":522,\"caption\":\"Source:\"},{\"@type\":\"BreadcrumbList\",\"@id\":\"https:\\\/\\\/www.meydan.tv\\\/az\\\/article\\\/90-ci-illerin-ortasinda-azerbaycan-diplomatiyasi-kobud-sehve-yol-verdi\\\/#breadcrumb\",\"itemListElement\":[{\"@type\":\"ListItem\",\"position\":1,\"name\":\"Ana s\u0259hif\u0259\",\"item\":\"https:\\\/\\\/www.meydan.tv\\\/az\\\/\"},{\"@type\":\"ListItem\",\"position\":2,\"name\":\"Analitika\",\"item\":\"https:\\\/\\\/www.meydan.tv\\\/az\\\/section\\\/analitika\\\/\"},{\"@type\":\"ListItem\",\"position\":3,\"name\":\"&#8221;90-c\u0131 ill\u0259rin ortas\u0131nda Az\u0259rbaycan diplomatiyas\u0131 kobud s\u0259hv\u0259 yol verdi&#8221;\"}]},{\"@type\":\"WebSite\",\"@id\":\"https:\\\/\\\/www.meydan.tv\\\/az\\\/#website\",\"url\":\"https:\\\/\\\/www.meydan.tv\\\/az\\\/\",\"name\":\"MEYDAN.TV\",\"description\":\"Meydan TV Az\u0259rbaycan\u0131n media m\u0259kan\u0131ndak\u0131 alternativ s\u0259sidir\",\"publisher\":{\"@id\":\"https:\\\/\\\/www.meydan.tv\\\/az\\\/#organization\"},\"potentialAction\":[{\"@type\":\"SearchAction\",\"target\":{\"@type\":\"EntryPoint\",\"urlTemplate\":\"https:\\\/\\\/www.meydan.tv\\\/az\\\/?s={search_term_string}\"},\"query-input\":{\"@type\":\"PropertyValueSpecification\",\"valueRequired\":true,\"valueName\":\"search_term_string\"}}],\"inLanguage\":\"az\"},{\"@type\":\"Organization\",\"@id\":\"https:\\\/\\\/www.meydan.tv\\\/az\\\/#organization\",\"name\":\"Meydan TV\",\"url\":\"https:\\\/\\\/www.meydan.tv\\\/az\\\/\",\"logo\":{\"@type\":\"ImageObject\",\"inLanguage\":\"az\",\"@id\":\"https:\\\/\\\/www.meydan.tv\\\/az\\\/#\\\/schema\\\/logo\\\/image\\\/\",\"url\":\"https:\\\/\\\/www.meydan.tv\\\/wp-content\\\/uploads\\\/2021\\\/07\\\/meydan-logo.svg\",\"contentUrl\":\"https:\\\/\\\/www.meydan.tv\\\/wp-content\\\/uploads\\\/2021\\\/07\\\/meydan-logo.svg\",\"width\":195,\"height\":46,\"caption\":\"Meydan TV\"},\"image\":{\"@id\":\"https:\\\/\\\/www.meydan.tv\\\/az\\\/#\\\/schema\\\/logo\\\/image\\\/\"}},{\"@type\":\"Person\",\"@id\":\"https:\\\/\\\/www.meydan.tv\\\/az\\\/#\\\/schema\\\/person\\\/10d11eccf6da3662cf5fdab9806ea91a\",\"name\":\"user-manager\"}]}<\/script>\n<!-- \/ Yoast SEO plugin. -->","yoast_head_json":{"title":"''90-c\u0131 ill\u0259rin ortas\u0131nda Az\u0259rbaycan diplomatiyas\u0131 kobud s\u0259hv\u0259 yol verdi'' - MEYDAN.TV","robots":{"index":"index","follow":"follow","max-snippet":"max-snippet:-1","max-image-preview":"max-image-preview:large","max-video-preview":"max-video-preview:-1"},"canonical":"https:\/\/www.meydan.tv\/az\/article\/90-ci-illerin-ortasinda-azerbaycan-diplomatiyasi-kobud-sehve-yol-verdi\/","og_locale":"az_AZ","og_type":"article","og_title":"''90-c\u0131 ill\u0259rin ortas\u0131nda Az\u0259rbaycan diplomatiyas\u0131 kobud s\u0259hv\u0259 yol verdi'' - MEYDAN.TV","og_description":"\u0130lqar V\u0259lizad\u0259: ''Erm\u0259nistan prezidentinin m\u00f6vqeyi kompromis yox, \u015fantajd\u0131r''","og_url":"https:\/\/www.meydan.tv\/az\/article\/90-ci-illerin-ortasinda-azerbaycan-diplomatiyasi-kobud-sehve-yol-verdi\/","og_site_name":"MEYDAN.TV","article_published_time":"2017-07-18T13:19:35+00:00","og_image":[{"width":710,"height":522,"url":"https:\/\/www.meydan.tv\/wp-content\/uploads\/35153.png","type":"image\/png"}],"author":"user-manager","twitter_card":"summary_large_image","schema":{"@context":"https:\/\/schema.org","@graph":[{"@type":"Article","@id":"https:\/\/www.meydan.tv\/az\/article\/90-ci-illerin-ortasinda-azerbaycan-diplomatiyasi-kobud-sehve-yol-verdi\/#article","isPartOf":{"@id":"https:\/\/www.meydan.tv\/az\/article\/90-ci-illerin-ortasinda-azerbaycan-diplomatiyasi-kobud-sehve-yol-verdi\/"},"author":{"name":"user-manager","@id":"https:\/\/www.meydan.tv\/az\/#\/schema\/person\/10d11eccf6da3662cf5fdab9806ea91a"},"headline":"&#8221;90-c\u0131 ill\u0259rin ortas\u0131nda Az\u0259rbaycan diplomatiyas\u0131 kobud s\u0259hv\u0259 yol verdi&#8221;","datePublished":"2017-07-18T13:19:35+00:00","mainEntityOfPage":{"@id":"https:\/\/www.meydan.tv\/az\/article\/90-ci-illerin-ortasinda-azerbaycan-diplomatiyasi-kobud-sehve-yol-verdi\/"},"wordCount":1556,"publisher":{"@id":"https:\/\/www.meydan.tv\/az\/#organization"},"image":{"@id":"https:\/\/www.meydan.tv\/az\/article\/90-ci-illerin-ortasinda-azerbaycan-diplomatiyasi-kobud-sehve-yol-verdi\/#primaryimage"},"thumbnailUrl":"https:\/\/www.meydan.tv\/wp-content\/uploads\/35153.png","articleSection":["Analitika"],"inLanguage":"az"},{"@type":"WebPage","@id":"https:\/\/www.meydan.tv\/az\/article\/90-ci-illerin-ortasinda-azerbaycan-diplomatiyasi-kobud-sehve-yol-verdi\/","url":"https:\/\/www.meydan.tv\/az\/article\/90-ci-illerin-ortasinda-azerbaycan-diplomatiyasi-kobud-sehve-yol-verdi\/","name":"''90-c\u0131 ill\u0259rin ortas\u0131nda Az\u0259rbaycan diplomatiyas\u0131 kobud s\u0259hv\u0259 yol verdi'' - MEYDAN.TV","isPartOf":{"@id":"https:\/\/www.meydan.tv\/az\/#website"},"primaryImageOfPage":{"@id":"https:\/\/www.meydan.tv\/az\/article\/90-ci-illerin-ortasinda-azerbaycan-diplomatiyasi-kobud-sehve-yol-verdi\/#primaryimage"},"image":{"@id":"https:\/\/www.meydan.tv\/az\/article\/90-ci-illerin-ortasinda-azerbaycan-diplomatiyasi-kobud-sehve-yol-verdi\/#primaryimage"},"thumbnailUrl":"https:\/\/www.meydan.tv\/wp-content\/uploads\/35153.png","datePublished":"2017-07-18T13:19:35+00:00","breadcrumb":{"@id":"https:\/\/www.meydan.tv\/az\/article\/90-ci-illerin-ortasinda-azerbaycan-diplomatiyasi-kobud-sehve-yol-verdi\/#breadcrumb"},"inLanguage":"az","potentialAction":[{"@type":"ReadAction","target":["https:\/\/www.meydan.tv\/az\/article\/90-ci-illerin-ortasinda-azerbaycan-diplomatiyasi-kobud-sehve-yol-verdi\/"]}]},{"@type":"ImageObject","inLanguage":"az","@id":"https:\/\/www.meydan.tv\/az\/article\/90-ci-illerin-ortasinda-azerbaycan-diplomatiyasi-kobud-sehve-yol-verdi\/#primaryimage","url":"https:\/\/www.meydan.tv\/wp-content\/uploads\/35153.png","contentUrl":"https:\/\/www.meydan.tv\/wp-content\/uploads\/35153.png","width":710,"height":522,"caption":"Source:"},{"@type":"BreadcrumbList","@id":"https:\/\/www.meydan.tv\/az\/article\/90-ci-illerin-ortasinda-azerbaycan-diplomatiyasi-kobud-sehve-yol-verdi\/#breadcrumb","itemListElement":[{"@type":"ListItem","position":1,"name":"Ana s\u0259hif\u0259","item":"https:\/\/www.meydan.tv\/az\/"},{"@type":"ListItem","position":2,"name":"Analitika","item":"https:\/\/www.meydan.tv\/az\/section\/analitika\/"},{"@type":"ListItem","position":3,"name":"&#8221;90-c\u0131 ill\u0259rin ortas\u0131nda Az\u0259rbaycan diplomatiyas\u0131 kobud s\u0259hv\u0259 yol verdi&#8221;"}]},{"@type":"WebSite","@id":"https:\/\/www.meydan.tv\/az\/#website","url":"https:\/\/www.meydan.tv\/az\/","name":"MEYDAN.TV","description":"Meydan TV Az\u0259rbaycan\u0131n media m\u0259kan\u0131ndak\u0131 alternativ s\u0259sidir","publisher":{"@id":"https:\/\/www.meydan.tv\/az\/#organization"},"potentialAction":[{"@type":"SearchAction","target":{"@type":"EntryPoint","urlTemplate":"https:\/\/www.meydan.tv\/az\/?s={search_term_string}"},"query-input":{"@type":"PropertyValueSpecification","valueRequired":true,"valueName":"search_term_string"}}],"inLanguage":"az"},{"@type":"Organization","@id":"https:\/\/www.meydan.tv\/az\/#organization","name":"Meydan TV","url":"https:\/\/www.meydan.tv\/az\/","logo":{"@type":"ImageObject","inLanguage":"az","@id":"https:\/\/www.meydan.tv\/az\/#\/schema\/logo\/image\/","url":"https:\/\/www.meydan.tv\/wp-content\/uploads\/2021\/07\/meydan-logo.svg","contentUrl":"https:\/\/www.meydan.tv\/wp-content\/uploads\/2021\/07\/meydan-logo.svg","width":195,"height":46,"caption":"Meydan TV"},"image":{"@id":"https:\/\/www.meydan.tv\/az\/#\/schema\/logo\/image\/"}},{"@type":"Person","@id":"https:\/\/www.meydan.tv\/az\/#\/schema\/person\/10d11eccf6da3662cf5fdab9806ea91a","name":"user-manager"}]}},"_links":{"self":[{"href":"https:\/\/www.meydan.tv\/az\/wp-json\/wp\/v2\/posts\/185609","targetHints":{"allow":["GET"]}}],"collection":[{"href":"https:\/\/www.meydan.tv\/az\/wp-json\/wp\/v2\/posts"}],"about":[{"href":"https:\/\/www.meydan.tv\/az\/wp-json\/wp\/v2\/types\/post"}],"author":[{"embeddable":true,"href":"https:\/\/www.meydan.tv\/az\/wp-json\/wp\/v2\/users\/11"}],"replies":[{"embeddable":true,"href":"https:\/\/www.meydan.tv\/az\/wp-json\/wp\/v2\/comments?post=185609"}],"version-history":[{"count":0,"href":"https:\/\/www.meydan.tv\/az\/wp-json\/wp\/v2\/posts\/185609\/revisions"}],"wp:featuredmedia":[{"embeddable":true,"href":"https:\/\/www.meydan.tv\/az\/wp-json\/wp\/v2\/media\/89104"}],"wp:attachment":[{"href":"https:\/\/www.meydan.tv\/az\/wp-json\/wp\/v2\/media?parent=185609"}],"wp:term":[{"taxonomy":"category","embeddable":true,"href":"https:\/\/www.meydan.tv\/az\/wp-json\/wp\/v2\/categories?post=185609"},{"taxonomy":"post_tag","embeddable":true,"href":"https:\/\/www.meydan.tv\/az\/wp-json\/wp\/v2\/tags?post=185609"}],"curies":[{"name":"wp","href":"https:\/\/api.w.org\/{rel}","templated":true}]}}