{"id":185593,"date":"2017-07-17T16:34:38","date_gmt":"2017-07-17T16:34:38","guid":{"rendered":"https:\/\/www.meydan.tv\/article\/problemli-kreditlerle-bagli-veziyyet-getdikce-agirlasacaq\/"},"modified":"2017-07-17T16:34:38","modified_gmt":"2017-07-17T16:34:38","slug":"problemli-kreditlerle-bagli-veziyyet-getdikce-agirlasacaq","status":"publish","type":"post","link":"https:\/\/www.meydan.tv\/az\/article\/problemli-kreditlerle-bagli-veziyyet-getdikce-agirlasacaq\/","title":{"rendered":"&#8221;Problemli kreditl\u0259rl\u0259 ba\u011fl\u0131 v\u0259ziyy\u0259t getdikc\u0259 a\u011f\u0131rla\u015facaq&#8221;"},"content":{"rendered":"<figure class=\"wp-block-image size-large\">\n  <img decoding=\"async\" src=\"https:\/\/www.meydan.tv\/az\/89053\/\" alt=\"\" class=\"wp-image-89053\"\/><figcaption><\/figcaption><\/figure>\n<p>\n  <i><br \/>\n    Samir \u018fliyev: &#8221;Kreditl\u0259r \u00fczr\u0259 \u00f6d\u0259m\u0259m\u0259l\u0259r b\u00f6hran\u0131 getdikc\u0259 daha miqyasl\u0131 v\u0259 g\u00f6z\u0259\u00e7arpan olur&#8221;<br \/>\n  <\/i>\n<\/p>\n<p>\n  Az\u0259rbaycan\u0131n M\u0259rk\u0259zi Bank\u0131 (AMB) \u00f6lk\u0259nin bank sah\u0259sind\u0259ki v\u0259ziyy\u0259t\u0259 dair n\u00f6vb\u0259ti statistikan\u0131 elan edib. S\u0259n\u0259d\u0259 g\u00f6r\u0259, problemli kreditl\u0259rin h\u0259cmi ayl\u0131q m\u00fcqayis\u0259d\u0259 145,8 mln. manat v\u0259 ya 9,15%, illik hesablamada is\u0259 225,6 mln. manat v\u0259 ya 14,90% art\u0131b. Vaxt\u0131 ke\u00e7mi\u015f kreditl\u0259rin \u00fcmumi m\u0259bl\u0259\u011fi 1 739,8 mln. manat t\u0259\u015fkil edir, onlar\u0131n b\u00fct\u00fcn banklar\u0131n \u00fcmumi kredit portfelind\u0259 pay\u0131, dem\u0259k olar ki, 12%-\u0259 \u00e7at\u0131b.\n<\/p>\n<p>\n  \u0130qtisadi T\u0259\u015f\u0259bb\u00fcsl\u0259r M\u0259rk\u0259zinin eksperti Samir \u018fliyevin &#8220;Turan&#8221;a dedikl\u0259rin\u0259 g\u00f6r\u0259, bu m\u0259lumatlar \u0259yani sur\u0259td\u0259 g\u00f6st\u0259rir ki, kreditl\u0259r \u00fczr\u0259 \u00f6d\u0259m\u0259m\u0259l\u0259r b\u00f6hran\u0131 getdikc\u0259 daha miqyasl\u0131 v\u0259 g\u00f6z\u0259\u00e7arpan olur &#8211; ax\u0131r zaman proqnozlar\u0131 v\u0259 &#8220;d\u0259h\u015f\u0259tl\u0259r filmi&#8221; sah\u0259sind\u0259n daha ayd\u0131n sur\u0259td\u0259 reall\u0131qlar sah\u0259sin\u0259 ke\u00e7ir.\n<\/p>\n<p>\n  Az\u0259rbaycanda ke\u00e7\u0259n ild\u0259n davam ed\u0259n s\u0259naye v\u0259 \u00dcDM templ\u0259rinin azalmas\u0131 (2016-c\u0131 ild\u0259 \u00dcDM 3,8% azal\u0131b), b\u00fcdc\u0259 k\u0259sirinin 2015-ci ild\u0259 oldu\u011fu il\u0259 m\u00fcqayis\u0259d\u0259 6 d\u0259f\u0259d\u0259n \u00e7ox artmas\u0131, maliyy\u0259 sisteminin iflici, iqtisadiyyat\u0131n komatoz-depressiv v\u0259ziyy\u0259t\u0259 d\u00fc\u015fm\u0259si, i\u015fg\u00fczar f\u0259all\u0131\u011f\u0131n z\u0259ifl\u0259m\u0259si, gizli i\u015fsizliyin artmas\u0131, yoxsulluq, real sektorda investisiya b\u00f6hran\u0131 v\u0259t\u0259nda\u015flar\u0131n \u00f6d\u0259m\u0259 qabiliyy\u0259ti problemini d\u0259rinl\u0259\u015fdirir.\n<\/p>\n<p>\n  G\u00fcnd\u0259lik t\u0259l\u0259bat mallar\u0131 v\u0259 xidm\u0259tl\u0259r\u0259: qaz, su, istilik v\u0259 elektrik enerjisi, h\u0259m\u00e7inin d\u0259rman preparatlar\u0131na olan qiym\u0259tl\u0259rin davam ed\u0259n s\u00fcr\u0259tli art\u0131m\u0131 \u0259halinin maliyy\u0259 ehtiyatlar\u0131n\u0131 t\u00fck\u0259ndirir. Nominal \u0259m\u0259k haqq\u0131n\u0131n 6%, real maa\u015flar\u0131n is\u0259 2,1% artd\u0131\u011f\u0131na baxmayaraq, bu ilin yanvar-may aylar\u0131nda insanlar\u0131n ald\u0131qlar\u0131 real g\u0259lirl\u0259rin, 13,9%-\u0259 b\u0259rab\u0259r inflyasiya n\u0259z\u0259r\u0259 al\u0131nmaqla, 3,7% azalmas\u0131ndan ibar\u0259t paradoksal hal m\u0259hz bununla izah olunur.\n<\/p>\n<figure class=\"wp-block-image size-large\">\n  <img decoding=\"async\" src=\"https:\/\/www.meydan.tv\/az\/89059\/\" alt=\"\" class=\"wp-image-89059\"\/><figcaption>\n    Samir \u018fliyev<br \/>\n  <\/figcaption><\/figure>\n<p>\n  Ekspertin s\u00f6zl\u0259rin\u0259 g\u00f6r\u0259, \u00f6lk\u0259d\u0259 iqtisadi b\u00f6hran d\u0259rinl\u0259\u015fdikc\u0259, problemli kreditl\u0259rl\u0259 ba\u011fl\u0131 v\u0259ziyy\u0259t getdikc\u0259 a\u011f\u0131rla\u015facaq. Ki\u00e7ik v\u0259 orta biznes taxtapara \u00fcst\u00fcnd\u0259dir, insanlar i\u015fsiz v\u0259 ya\u015fay\u0131\u015f \u00fc\u00e7\u00fcn laz\u0131m olan v\u0259saitsiz qal\u0131r v\u0259 bu, bank kreditl\u0259rinin vaxt\u0131n\u0131n \u00f6t\u00fcr\u00fclm\u0259sin\u0259 g\u0259tirib \u00e7\u0131xar\u0131r. Bank kreditl\u0259ri \u00fczr\u0259 \u00f6d\u0259m\u0259m\u0259l\u0259rin iqtisadi t\u0259n\u0259zz\u00fcl, investisiya b\u00f6hran\u0131 v\u0259 \u0259halinin \u0259ks\u0259r hiss\u0259sinin h\u0259yat s\u0259viyy\u0259sinin a\u015fa\u011f\u0131 d\u00fc\u015fm\u0259si il\u0259 g\u00fccl\u0259ndiril\u0259n art\u0131m\u0131 pozulmu\u015f milli maliyy\u0259 sistemin\u0259 olduqca ciddi z\u0259rb\u0259 vura, bank kreditl\u0259\u015fdirm\u0259sini iflic ed\u0259, investisiya komas\u0131n\u0131 d\u0259rinl\u0259\u015fdir\u0259, h\u0259m\u00e7inin v\u0259t\u0259nda\u015flar\u0131n istehlak f\u0259all\u0131\u011f\u0131n\u0131 azalda bil\u0259r.\n<\/p>\n<p>\n  Bu arada, Milli M\u0259clisin deputat\u0131 Vahid \u018fhm\u0259dov Maliyy\u0259 Bazarlar\u0131na N\u0259zar\u0259t Palatas\u0131n\u0131n (MBNP) bank sah\u0259sind\u0259 v\u0259ziyy\u0259tin sabitl\u0259\u015fdirilm\u0259si \u00fczr\u0259 t\u0259dbirl\u0259rinin s\u0259m\u0259r\u0259liliyi x\u00fcsusunda kifay\u0259t q\u0259d\u0259r k\u0259skin t\u0259nqidi m\u00fclahiz\u0259l\u0259r s\u00f6yl\u0259yib. Onun fikrinc\u0259, bu qurumun yarad\u0131lmas\u0131 h\u0259min sistemin sa\u011flamla\u015fd\u0131r\u0131lmas\u0131 sah\u0259sind\u0259 m\u00fcsb\u0259t rol oynamad\u0131. \u018fksin\u0259, 11 bank ba\u011fland\u0131, halbuki kredit t\u0259\u015fkilatlar\u0131n\u0131n birl\u0259\u015fm\u0259si t\u0259klif olunmu\u015fdu. Palata v\u0259 AMB aras\u0131nda fikir ayr\u0131l\u0131\u011f\u0131 banklar\u0131n v\u0259ziyy\u0259tini daha da a\u011f\u0131rla\u015fd\u0131r\u0131r.\n<\/p>\n<figure class=\"wp-block-image size-large\">\n  <img decoding=\"async\" src=\"https:\/\/www.meydan.tv\/az\/87894\/\" alt=\"\" class=\"wp-image-87894\"\/><figcaption>\n    Vahid \u018fhm\u0259dov<br \/>\n  <\/figcaption><\/figure>\n<p>\n  &#8220;Banklar\u0131n indiki v\u0259ziyy\u0259ti ke\u00e7\u0259nilkind\u0259n dem\u0259k olar ki, f\u0259rql\u0259nmir v\u0259 bu, onu g\u00f6st\u0259rir ki, g\u00f6r\u00fclm\u00fc\u015f t\u0259dbirl\u0259r g\u00f6zl\u0259nil\u0259n n\u0259tic\u0259l\u0259ri verm\u0259yib. \u0130ki devalvasiyadan sonra bu t\u0259\u015fkilatlar h\u0259l\u0259 d\u0259 ciddi \u00e7\u0259tinlikl\u0259r \u00e7\u0259kir, halbuki h\u00f6kum\u0259t k\u00f6m\u0259k ed\u0259c\u0259yini v\u0259d etmi\u015fdi. Bu yard\u0131m\u0131n n\u0259d\u0259n ibar\u0259t oldu\u011fu ayd\u0131n deyil. \u0130qtisadi Siyas\u0259t \u00fczr\u0259 Parlament Komit\u0259sind\u0259 biz \u0259man\u0259t\u00e7il\u0259r \u00fc\u00e7\u00fcn dollarla al\u0131nm\u0131\u015f kreditl\u0259rin qaytar\u0131lmas\u0131 \u00fczr\u0259 14 s\u0259hif\u0259lik plan haz\u0131rlam\u0131\u015fd\u0131q. Amma t\u0259klifl\u0259rimizd\u0259n he\u00e7 biri q\u0259bul edilm\u0259yib v\u0259 h\u0259yata ke\u00e7irilm\u0259yib. MBNP bu plana \u0259h\u0259miyy\u0259t verm\u0259yib, laz\u0131m\u0131nca d\u00fc\u015f\u00fcn\u00fclm\u0259mi\u015f q\u0259rarlar q\u0259bul edib. Bunun n\u0259tic\u0259si is\u0259 g\u00f6z qaba\u011f\u0131ndad\u0131r&#8221;, &#8211; dey\u0259 V.\u018fhm\u0259dov bildirib.\n<\/p>\n<p>\n  Bu g\u00fcn kreditl\u0259rin verilm\u0259si, s\u0259rmay\u0259l\u0259rin c\u0259lb olunmas\u0131, maliyy\u0259 sisteminin optimalla\u015fd\u0131r\u0131lmas\u0131 \u00fczr\u0259 probleml\u0259r h\u0259l\u0259 d\u0259 h\u0259ll olunmam\u0131\u015f qal\u0131r. Banklar\u0131n \u0259sasl\u0131 portfeli olmal\u0131d\u0131r ki, onlar real iqtisadiyyata s\u0259rmay\u0259 qoya bilsin. Lakin v\u0259ziyy\u0259tin t\u0259hl\u00fck\u0259liliyi ondan ibar\u0259tdir ki, kapital ax\u0131n\u0131na g\u00f6r\u0259 banklar\u0131n s\u0259naye v\u0259 biznesi d\u0259st\u0259kl\u0259m\u0259si \u00fc\u00e7\u00fcn s\u0259rb\u0259st maliyy\u0259 resurslar\u0131 dem\u0259k olar ki, qalmay\u0131b. \u0130nsanlar banklardan \u00f6z \u0259man\u0259tl\u0259rini geri g\u00f6t\u00fcrm\u0259kd\u0259 davam edirl\u0259r.\n<\/p>\n<p>\n  Bir \u00e7ox ekspertl\u0259rin \u00fcmumi r\u0259yin\u0259 g\u00f6r\u0259, g\u0259l\u0259c\u0259k x\u00fcsusunda proqnozlar yax\u015f\u0131 deyil: i\u015fsizliyin artmas\u0131, iqtisadiyyat\u0131n \u00fcmumi depressiya v\u0259ziyy\u0259ti insanlar\u0131n g\u0259lirl\u0259rin\u0259 m\u0259nfi t\u0259sir g\u00f6st\u0259r\u0259c\u0259k, g\u00f6t\u00fcr\u00fclm\u00fc\u015f borclar\u0131 qaytarma\u011fa imkan verm\u0259y\u0259c\u0259k. B\u00fct\u00fcn bunlar \u00f6d\u0259m\u0259m\u0259l\u0259r b\u00f6hran\u0131n\u0131 daha da k\u0259skinl\u0259\u015fdir\u0259c\u0259k v\u0259 bank sektorunun onsuz da s\u0259bats\u0131z v\u0259ziyy\u0259tini a\u011f\u0131rla\u015fd\u0131racaq.<\/p>\n","protected":false},"excerpt":{"rendered":"<p>Samir \u018fliyev: &#8221;Kreditl\u0259r \u00fczr\u0259 \u00f6d\u0259m\u0259m\u0259l\u0259r b\u00f6hran\u0131 getdikc\u0259 daha miqyasl\u0131 v\u0259 g\u00f6z\u0259\u00e7arpan olur&#8221;<\/p>\n","protected":false},"author":11,"featured_media":89053,"comment_status":"closed","ping_status":"open","sticky":false,"template":"","format":"standard","meta":{"_acf_changed":false,"_sitemap_exclude":false,"_sitemap_priority":"","_sitemap_frequency":"","footnotes":""},"categories":[51],"tags":[],"class_list":["post-185593","post","type-post","status-publish","format-standard","has-post-thumbnail","hentry","category-analitika","infinite-scroll-item","generate-columns","tablet-grid-50","mobile-grid-100","grid-parent","grid-33","no-featured-image-padding"],"acf":[],"yoast_head":"<!-- This site is optimized with the Yoast SEO plugin v27.4 - https:\/\/yoast.com\/product\/yoast-seo-wordpress\/ -->\n<title>&#039;&#039;Problemli kreditl\u0259rl\u0259 ba\u011fl\u0131 v\u0259ziyy\u0259t getdikc\u0259 a\u011f\u0131rla\u015facaq&#039;&#039; - MEYDAN.TV<\/title>\n<meta name=\"robots\" content=\"index, follow, max-snippet:-1, max-image-preview:large, max-video-preview:-1\" \/>\n<link rel=\"canonical\" href=\"https:\/\/www.meydan.tv\/az\/article\/problemli-kreditlerle-bagli-veziyyet-getdikce-agirlasacaq\/\" \/>\n<meta property=\"og:locale\" content=\"az_AZ\" \/>\n<meta property=\"og:type\" content=\"article\" \/>\n<meta property=\"og:title\" content=\"&#039;&#039;Problemli kreditl\u0259rl\u0259 ba\u011fl\u0131 v\u0259ziyy\u0259t getdikc\u0259 a\u011f\u0131rla\u015facaq&#039;&#039; - MEYDAN.TV\" \/>\n<meta property=\"og:description\" content=\"Samir \u018fliyev: &#039;&#039;Kreditl\u0259r \u00fczr\u0259 \u00f6d\u0259m\u0259m\u0259l\u0259r b\u00f6hran\u0131 getdikc\u0259 daha miqyasl\u0131 v\u0259 g\u00f6z\u0259\u00e7arpan olur&#039;&#039;\" \/>\n<meta property=\"og:url\" content=\"https:\/\/www.meydan.tv\/az\/article\/problemli-kreditlerle-bagli-veziyyet-getdikce-agirlasacaq\/\" \/>\n<meta property=\"og:site_name\" content=\"MEYDAN.TV\" \/>\n<meta property=\"article:published_time\" content=\"2017-07-17T16:34:38+00:00\" \/>\n<meta property=\"og:image\" content=\"https:\/\/www.meydan.tv\/wp-content\/uploads\/35132.jpg\" \/>\n\t<meta property=\"og:image:width\" content=\"800\" \/>\n\t<meta property=\"og:image:height\" content=\"533\" \/>\n\t<meta property=\"og:image:type\" content=\"image\/jpeg\" \/>\n<meta name=\"author\" content=\"user-manager\" \/>\n<meta name=\"twitter:card\" content=\"summary_large_image\" \/>\n<script type=\"application\/ld+json\" class=\"yoast-schema-graph\">{\"@context\":\"https:\\\/\\\/schema.org\",\"@graph\":[{\"@type\":\"Article\",\"@id\":\"https:\\\/\\\/www.meydan.tv\\\/az\\\/article\\\/problemli-kreditlerle-bagli-veziyyet-getdikce-agirlasacaq\\\/#article\",\"isPartOf\":{\"@id\":\"https:\\\/\\\/www.meydan.tv\\\/az\\\/article\\\/problemli-kreditlerle-bagli-veziyyet-getdikce-agirlasacaq\\\/\"},\"author\":{\"name\":\"user-manager\",\"@id\":\"https:\\\/\\\/www.meydan.tv\\\/az\\\/#\\\/schema\\\/person\\\/10d11eccf6da3662cf5fdab9806ea91a\"},\"headline\":\"&#8221;Problemli kreditl\u0259rl\u0259 ba\u011fl\u0131 v\u0259ziyy\u0259t getdikc\u0259 a\u011f\u0131rla\u015facaq&#8221;\",\"datePublished\":\"2017-07-17T16:34:38+00:00\",\"mainEntityOfPage\":{\"@id\":\"https:\\\/\\\/www.meydan.tv\\\/az\\\/article\\\/problemli-kreditlerle-bagli-veziyyet-getdikce-agirlasacaq\\\/\"},\"wordCount\":970,\"publisher\":{\"@id\":\"https:\\\/\\\/www.meydan.tv\\\/az\\\/#organization\"},\"image\":{\"@id\":\"https:\\\/\\\/www.meydan.tv\\\/az\\\/article\\\/problemli-kreditlerle-bagli-veziyyet-getdikce-agirlasacaq\\\/#primaryimage\"},\"thumbnailUrl\":\"https:\\\/\\\/www.meydan.tv\\\/wp-content\\\/uploads\\\/35132.jpg\",\"articleSection\":[\"Analitika\"],\"inLanguage\":\"az\"},{\"@type\":\"WebPage\",\"@id\":\"https:\\\/\\\/www.meydan.tv\\\/az\\\/article\\\/problemli-kreditlerle-bagli-veziyyet-getdikce-agirlasacaq\\\/\",\"url\":\"https:\\\/\\\/www.meydan.tv\\\/az\\\/article\\\/problemli-kreditlerle-bagli-veziyyet-getdikce-agirlasacaq\\\/\",\"name\":\"''Problemli kreditl\u0259rl\u0259 ba\u011fl\u0131 v\u0259ziyy\u0259t getdikc\u0259 a\u011f\u0131rla\u015facaq'' - MEYDAN.TV\",\"isPartOf\":{\"@id\":\"https:\\\/\\\/www.meydan.tv\\\/az\\\/#website\"},\"primaryImageOfPage\":{\"@id\":\"https:\\\/\\\/www.meydan.tv\\\/az\\\/article\\\/problemli-kreditlerle-bagli-veziyyet-getdikce-agirlasacaq\\\/#primaryimage\"},\"image\":{\"@id\":\"https:\\\/\\\/www.meydan.tv\\\/az\\\/article\\\/problemli-kreditlerle-bagli-veziyyet-getdikce-agirlasacaq\\\/#primaryimage\"},\"thumbnailUrl\":\"https:\\\/\\\/www.meydan.tv\\\/wp-content\\\/uploads\\\/35132.jpg\",\"datePublished\":\"2017-07-17T16:34:38+00:00\",\"breadcrumb\":{\"@id\":\"https:\\\/\\\/www.meydan.tv\\\/az\\\/article\\\/problemli-kreditlerle-bagli-veziyyet-getdikce-agirlasacaq\\\/#breadcrumb\"},\"inLanguage\":\"az\",\"potentialAction\":[{\"@type\":\"ReadAction\",\"target\":[\"https:\\\/\\\/www.meydan.tv\\\/az\\\/article\\\/problemli-kreditlerle-bagli-veziyyet-getdikce-agirlasacaq\\\/\"]}]},{\"@type\":\"ImageObject\",\"inLanguage\":\"az\",\"@id\":\"https:\\\/\\\/www.meydan.tv\\\/az\\\/article\\\/problemli-kreditlerle-bagli-veziyyet-getdikce-agirlasacaq\\\/#primaryimage\",\"url\":\"https:\\\/\\\/www.meydan.tv\\\/wp-content\\\/uploads\\\/35132.jpg\",\"contentUrl\":\"https:\\\/\\\/www.meydan.tv\\\/wp-content\\\/uploads\\\/35132.jpg\",\"width\":800,\"height\":533,\"caption\":\"Source:\"},{\"@type\":\"BreadcrumbList\",\"@id\":\"https:\\\/\\\/www.meydan.tv\\\/az\\\/article\\\/problemli-kreditlerle-bagli-veziyyet-getdikce-agirlasacaq\\\/#breadcrumb\",\"itemListElement\":[{\"@type\":\"ListItem\",\"position\":1,\"name\":\"Ana s\u0259hif\u0259\",\"item\":\"https:\\\/\\\/www.meydan.tv\\\/az\\\/\"},{\"@type\":\"ListItem\",\"position\":2,\"name\":\"Analitika\",\"item\":\"https:\\\/\\\/www.meydan.tv\\\/az\\\/section\\\/analitika\\\/\"},{\"@type\":\"ListItem\",\"position\":3,\"name\":\"&#8221;Problemli kreditl\u0259rl\u0259 ba\u011fl\u0131 v\u0259ziyy\u0259t getdikc\u0259 a\u011f\u0131rla\u015facaq&#8221;\"}]},{\"@type\":\"WebSite\",\"@id\":\"https:\\\/\\\/www.meydan.tv\\\/az\\\/#website\",\"url\":\"https:\\\/\\\/www.meydan.tv\\\/az\\\/\",\"name\":\"MEYDAN.TV\",\"description\":\"Meydan TV Az\u0259rbaycan\u0131n media m\u0259kan\u0131ndak\u0131 alternativ s\u0259sidir\",\"publisher\":{\"@id\":\"https:\\\/\\\/www.meydan.tv\\\/az\\\/#organization\"},\"potentialAction\":[{\"@type\":\"SearchAction\",\"target\":{\"@type\":\"EntryPoint\",\"urlTemplate\":\"https:\\\/\\\/www.meydan.tv\\\/az\\\/?s={search_term_string}\"},\"query-input\":{\"@type\":\"PropertyValueSpecification\",\"valueRequired\":true,\"valueName\":\"search_term_string\"}}],\"inLanguage\":\"az\"},{\"@type\":\"Organization\",\"@id\":\"https:\\\/\\\/www.meydan.tv\\\/az\\\/#organization\",\"name\":\"Meydan TV\",\"url\":\"https:\\\/\\\/www.meydan.tv\\\/az\\\/\",\"logo\":{\"@type\":\"ImageObject\",\"inLanguage\":\"az\",\"@id\":\"https:\\\/\\\/www.meydan.tv\\\/az\\\/#\\\/schema\\\/logo\\\/image\\\/\",\"url\":\"https:\\\/\\\/www.meydan.tv\\\/wp-content\\\/uploads\\\/2021\\\/07\\\/meydan-logo.svg\",\"contentUrl\":\"https:\\\/\\\/www.meydan.tv\\\/wp-content\\\/uploads\\\/2021\\\/07\\\/meydan-logo.svg\",\"width\":195,\"height\":46,\"caption\":\"Meydan TV\"},\"image\":{\"@id\":\"https:\\\/\\\/www.meydan.tv\\\/az\\\/#\\\/schema\\\/logo\\\/image\\\/\"}},{\"@type\":\"Person\",\"@id\":\"https:\\\/\\\/www.meydan.tv\\\/az\\\/#\\\/schema\\\/person\\\/10d11eccf6da3662cf5fdab9806ea91a\",\"name\":\"user-manager\"}]}<\/script>\n<!-- \/ Yoast SEO plugin. -->","yoast_head_json":{"title":"''Problemli kreditl\u0259rl\u0259 ba\u011fl\u0131 v\u0259ziyy\u0259t getdikc\u0259 a\u011f\u0131rla\u015facaq'' - MEYDAN.TV","robots":{"index":"index","follow":"follow","max-snippet":"max-snippet:-1","max-image-preview":"max-image-preview:large","max-video-preview":"max-video-preview:-1"},"canonical":"https:\/\/www.meydan.tv\/az\/article\/problemli-kreditlerle-bagli-veziyyet-getdikce-agirlasacaq\/","og_locale":"az_AZ","og_type":"article","og_title":"''Problemli kreditl\u0259rl\u0259 ba\u011fl\u0131 v\u0259ziyy\u0259t getdikc\u0259 a\u011f\u0131rla\u015facaq'' - MEYDAN.TV","og_description":"Samir \u018fliyev: ''Kreditl\u0259r \u00fczr\u0259 \u00f6d\u0259m\u0259m\u0259l\u0259r b\u00f6hran\u0131 getdikc\u0259 daha miqyasl\u0131 v\u0259 g\u00f6z\u0259\u00e7arpan olur''","og_url":"https:\/\/www.meydan.tv\/az\/article\/problemli-kreditlerle-bagli-veziyyet-getdikce-agirlasacaq\/","og_site_name":"MEYDAN.TV","article_published_time":"2017-07-17T16:34:38+00:00","og_image":[{"width":800,"height":533,"url":"https:\/\/www.meydan.tv\/wp-content\/uploads\/35132.jpg","type":"image\/jpeg"}],"author":"user-manager","twitter_card":"summary_large_image","schema":{"@context":"https:\/\/schema.org","@graph":[{"@type":"Article","@id":"https:\/\/www.meydan.tv\/az\/article\/problemli-kreditlerle-bagli-veziyyet-getdikce-agirlasacaq\/#article","isPartOf":{"@id":"https:\/\/www.meydan.tv\/az\/article\/problemli-kreditlerle-bagli-veziyyet-getdikce-agirlasacaq\/"},"author":{"name":"user-manager","@id":"https:\/\/www.meydan.tv\/az\/#\/schema\/person\/10d11eccf6da3662cf5fdab9806ea91a"},"headline":"&#8221;Problemli kreditl\u0259rl\u0259 ba\u011fl\u0131 v\u0259ziyy\u0259t getdikc\u0259 a\u011f\u0131rla\u015facaq&#8221;","datePublished":"2017-07-17T16:34:38+00:00","mainEntityOfPage":{"@id":"https:\/\/www.meydan.tv\/az\/article\/problemli-kreditlerle-bagli-veziyyet-getdikce-agirlasacaq\/"},"wordCount":970,"publisher":{"@id":"https:\/\/www.meydan.tv\/az\/#organization"},"image":{"@id":"https:\/\/www.meydan.tv\/az\/article\/problemli-kreditlerle-bagli-veziyyet-getdikce-agirlasacaq\/#primaryimage"},"thumbnailUrl":"https:\/\/www.meydan.tv\/wp-content\/uploads\/35132.jpg","articleSection":["Analitika"],"inLanguage":"az"},{"@type":"WebPage","@id":"https:\/\/www.meydan.tv\/az\/article\/problemli-kreditlerle-bagli-veziyyet-getdikce-agirlasacaq\/","url":"https:\/\/www.meydan.tv\/az\/article\/problemli-kreditlerle-bagli-veziyyet-getdikce-agirlasacaq\/","name":"''Problemli kreditl\u0259rl\u0259 ba\u011fl\u0131 v\u0259ziyy\u0259t getdikc\u0259 a\u011f\u0131rla\u015facaq'' - MEYDAN.TV","isPartOf":{"@id":"https:\/\/www.meydan.tv\/az\/#website"},"primaryImageOfPage":{"@id":"https:\/\/www.meydan.tv\/az\/article\/problemli-kreditlerle-bagli-veziyyet-getdikce-agirlasacaq\/#primaryimage"},"image":{"@id":"https:\/\/www.meydan.tv\/az\/article\/problemli-kreditlerle-bagli-veziyyet-getdikce-agirlasacaq\/#primaryimage"},"thumbnailUrl":"https:\/\/www.meydan.tv\/wp-content\/uploads\/35132.jpg","datePublished":"2017-07-17T16:34:38+00:00","breadcrumb":{"@id":"https:\/\/www.meydan.tv\/az\/article\/problemli-kreditlerle-bagli-veziyyet-getdikce-agirlasacaq\/#breadcrumb"},"inLanguage":"az","potentialAction":[{"@type":"ReadAction","target":["https:\/\/www.meydan.tv\/az\/article\/problemli-kreditlerle-bagli-veziyyet-getdikce-agirlasacaq\/"]}]},{"@type":"ImageObject","inLanguage":"az","@id":"https:\/\/www.meydan.tv\/az\/article\/problemli-kreditlerle-bagli-veziyyet-getdikce-agirlasacaq\/#primaryimage","url":"https:\/\/www.meydan.tv\/wp-content\/uploads\/35132.jpg","contentUrl":"https:\/\/www.meydan.tv\/wp-content\/uploads\/35132.jpg","width":800,"height":533,"caption":"Source:"},{"@type":"BreadcrumbList","@id":"https:\/\/www.meydan.tv\/az\/article\/problemli-kreditlerle-bagli-veziyyet-getdikce-agirlasacaq\/#breadcrumb","itemListElement":[{"@type":"ListItem","position":1,"name":"Ana s\u0259hif\u0259","item":"https:\/\/www.meydan.tv\/az\/"},{"@type":"ListItem","position":2,"name":"Analitika","item":"https:\/\/www.meydan.tv\/az\/section\/analitika\/"},{"@type":"ListItem","position":3,"name":"&#8221;Problemli kreditl\u0259rl\u0259 ba\u011fl\u0131 v\u0259ziyy\u0259t getdikc\u0259 a\u011f\u0131rla\u015facaq&#8221;"}]},{"@type":"WebSite","@id":"https:\/\/www.meydan.tv\/az\/#website","url":"https:\/\/www.meydan.tv\/az\/","name":"MEYDAN.TV","description":"Meydan TV Az\u0259rbaycan\u0131n media m\u0259kan\u0131ndak\u0131 alternativ s\u0259sidir","publisher":{"@id":"https:\/\/www.meydan.tv\/az\/#organization"},"potentialAction":[{"@type":"SearchAction","target":{"@type":"EntryPoint","urlTemplate":"https:\/\/www.meydan.tv\/az\/?s={search_term_string}"},"query-input":{"@type":"PropertyValueSpecification","valueRequired":true,"valueName":"search_term_string"}}],"inLanguage":"az"},{"@type":"Organization","@id":"https:\/\/www.meydan.tv\/az\/#organization","name":"Meydan TV","url":"https:\/\/www.meydan.tv\/az\/","logo":{"@type":"ImageObject","inLanguage":"az","@id":"https:\/\/www.meydan.tv\/az\/#\/schema\/logo\/image\/","url":"https:\/\/www.meydan.tv\/wp-content\/uploads\/2021\/07\/meydan-logo.svg","contentUrl":"https:\/\/www.meydan.tv\/wp-content\/uploads\/2021\/07\/meydan-logo.svg","width":195,"height":46,"caption":"Meydan TV"},"image":{"@id":"https:\/\/www.meydan.tv\/az\/#\/schema\/logo\/image\/"}},{"@type":"Person","@id":"https:\/\/www.meydan.tv\/az\/#\/schema\/person\/10d11eccf6da3662cf5fdab9806ea91a","name":"user-manager"}]}},"_links":{"self":[{"href":"https:\/\/www.meydan.tv\/az\/wp-json\/wp\/v2\/posts\/185593","targetHints":{"allow":["GET"]}}],"collection":[{"href":"https:\/\/www.meydan.tv\/az\/wp-json\/wp\/v2\/posts"}],"about":[{"href":"https:\/\/www.meydan.tv\/az\/wp-json\/wp\/v2\/types\/post"}],"author":[{"embeddable":true,"href":"https:\/\/www.meydan.tv\/az\/wp-json\/wp\/v2\/users\/11"}],"replies":[{"embeddable":true,"href":"https:\/\/www.meydan.tv\/az\/wp-json\/wp\/v2\/comments?post=185593"}],"version-history":[{"count":0,"href":"https:\/\/www.meydan.tv\/az\/wp-json\/wp\/v2\/posts\/185593\/revisions"}],"wp:featuredmedia":[{"embeddable":true,"href":"https:\/\/www.meydan.tv\/az\/wp-json\/wp\/v2\/media\/89053"}],"wp:attachment":[{"href":"https:\/\/www.meydan.tv\/az\/wp-json\/wp\/v2\/media?parent=185593"}],"wp:term":[{"taxonomy":"category","embeddable":true,"href":"https:\/\/www.meydan.tv\/az\/wp-json\/wp\/v2\/categories?post=185593"},{"taxonomy":"post_tag","embeddable":true,"href":"https:\/\/www.meydan.tv\/az\/wp-json\/wp\/v2\/tags?post=185593"}],"curies":[{"name":"wp","href":"https:\/\/api.w.org\/{rel}","templated":true}]}}