{"id":185572,"date":"2017-07-15T14:44:41","date_gmt":"2017-07-15T14:44:41","guid":{"rendered":"https:\/\/www.meydan.tv\/article\/hokumet-oz-yaritmaz-isine-gore-xalqi-cezalandirir\/"},"modified":"2017-07-15T14:44:41","modified_gmt":"2017-07-15T14:44:41","slug":"hokumet-oz-yaritmaz-isine-gore-xalqi-cezalandirir","status":"publish","type":"post","link":"https:\/\/www.meydan.tv\/az\/article\/hokumet-oz-yaritmaz-isine-gore-xalqi-cezalandirir\/","title":{"rendered":"&#8221;H\u00f6k\u00fcm\u0259t \u00f6z yar\u0131tmaz i\u015fin\u0259 g\u00f6r\u0259 xalq\u0131 c\u0259zaland\u0131r\u0131r&#8221;"},"content":{"rendered":"<figure class=\"wp-block-image size-large\">\n  <img decoding=\"async\" src=\"https:\/\/www.meydan.tv\/az\/88990\/\" alt=\"\" class=\"wp-image-88990\"\/><figcaption><\/figcaption><\/figure>\n<p>\n  <i><br \/>\n    Nazim B\u0259yd\u0259mirli: &#8221;\u018fhali kas\u0131bla\u015facaq, iqtisadiyyat z\u0259ifl\u0259y\u0259c\u0259k v\u0259 t\u0259n\u0259zz\u00fcl davam ed\u0259c\u0259k&#8221;<br \/>\n  <\/i>\n<\/p>\n<p><div>\n    \u0130yulun 14-d\u0259 Tarif \u015euras\u0131 \u201cA\u0130-92\u201d markal\u0131 benzinin qiym\u0259tini art\u0131rd\u0131. Qiym\u0259t 1 litr \u00fc\u00e7\u00fcn 90 q\u0259pik oldu.\n  <\/div>\n<\/p>\n<p>\n  \u015eura qeyd etdi ki, tarif d\u0259yi\u015fikliyind\u0259n sonra da \u201cA\u0130-92\u201d markal\u0131 benzinin p\u0259rak\u0259nd\u0259 sat\u0131\u015f qiym\u0259ti Az\u0259rbaycanda \u0259ks\u0259r MDB v\u0259 region \u00f6lk\u0259l\u0259ri il\u0259 m\u00fcqayis\u0259d\u0259 a\u015fa\u011f\u0131 olacaq. Bel\u0259 ki, haz\u0131rda \u201cA\u0130-92\u201d markal\u0131 avtomobil benzininin p\u0259rak\u0259nd\u0259 sat\u0131\u015f qiym\u0259ti G\u00fcrc\u00fcstanda 0,86, Rusiyada 0,61, Qazax\u0131standa 0,43, Belarusda 0,59, Ukraynada 0,98 dollard\u0131r.\n<\/p>\n<p>\n  &#8221;\u00d6lk\u0259d\u0259 istehsal edil\u0259n m\u00fch\u0259rrik yanacaqlar\u0131n\u0131n keyfiyy\u0259tinin y\u00fcks\u0259k avrostandartlara \u00e7atd\u0131r\u0131lmas\u0131, ekoloji m\u00fchitin yax\u015f\u0131la\u015fd\u0131r\u0131lmas\u0131 v\u0259 artan \u00f6lk\u0259daxili t\u0259l\u0259bat\u0131n etibarl\u0131 t\u0259min edilm\u0259si m\u0259qs\u0259dil\u0259 investisiya imkanlar\u0131n\u0131n geni\u015fl\u0259ndirilm\u0259si, neft emal\u0131 s\u0259nayesind\u0259 yenid\u0259nqurma v\u0259 modernl\u0259\u015fdim\u0259 i\u015fl\u0259rinin h\u0259yata ke\u00e7irilm\u0259sinin z\u0259ruriliyi, el\u0259c\u0259 d\u0259 \u00f6t\u0259n ill\u0259r \u0259rzind\u0259 manat\u0131n m\u0259z\u0259nn\u0259sind\u0259 ba\u015f ver\u0259n d\u0259yi\u015fiklikl\u0259r, artan daxili t\u0259l\u0259bat\u0131n SOCAR-\u0131n ixrac imkanlar\u0131n\u0131 m\u0259hdudla\u015fd\u0131rmas\u0131 v\u0259 xarici valyuta g\u0259lirl\u0259rinin azalmas\u0131 n\u0259z\u0259r\u0259 al\u0131naraq, \u201cA\u0130-92\u201d markal\u0131 avtomobil benzini \u00fczr\u0259 tarif t\u0259nziml\u0259nm\u0259si apar\u0131l\u0131b&#8221;, &#8211; dey\u0259 \u015euran\u0131n q\u0259rar\u0131nda bildirilir.\n<\/p>\n<p>\n  \u0130qtisad\u00e7\u0131 Samir \u018fliyev 2013-c\u00fc ilin dekabr\u0131nda yanaca\u011f\u0131n qiym\u0259tinin art\u0131r\u0131lmas\u0131n\u0131 xat\u0131rlay\u0131r. Deyir, h\u0259min vaxt q\u0259rar d\u00fcnya bazar\u0131nda neftin qiym\u0259tinin k\u0259skin bahala\u015fmas\u0131yla \u0259sasland\u0131r\u0131ld\u0131:\n<\/p>\n<figure class=\"wp-block-image size-large\">\n  <img decoding=\"async\" src=\"https:\/\/www.meydan.tv\/az\/88993\/\" alt=\"\" class=\"wp-image-88993\"\/><figcaption>\n    Samir \u018fliyev<br \/>\n  <\/figcaption><\/figure>\n<p>\n  &#8221;2013-c\u00fc ild\u0259n \u0259vv\u0259lki qiym\u0259t art\u0131m\u0131nda is\u0259 neftin qiym\u0259ti 60 dollar idi. Amma dekabrda yanaca\u011f\u0131n qiym\u0259ti art\u0131r\u0131landa neftin qiym\u0259ti 100 dollardan da \u00e7ox idi. Y\u0259ni h\u0259min zamank\u0131 qiym\u0259t art\u0131mlar\u0131 s\u0131rf neftin d\u00fcnya bazar\u0131ndak\u0131 qiym\u0259til\u0259 ba\u011fl\u0131yd\u0131. \u0130kinci, h\u0259min d\u00f6vrd\u0259 aksiz vergil\u0259r art\u0131r\u0131ld\u0131. Avtomatik olaraq yanaca\u011f\u0131n da qiym\u0259ti bahala\u015fd\u0131. 2014-c\u00fc ilin fevral\u0131nda Nazirl\u0259r Kabineti aksiz vergisinin faiz d\u0259r\u0259c\u0259sini 2 ay \u0259vv\u0259lkind\u0259n d\u0259 a\u015fa\u011f\u0131 s\u0259viyy\u0259y\u0259 endirdi. G\u00f6zl\u0259m\u0259k olard\u0131 ki, Nazirl\u0259r Kabinetinin bu q\u0259rar\u0131ndan sonra yanaca\u011f\u0131n qiym\u0259ti ucuzla\u015facaq. H\u0259tta ekspertl\u0259r mediada sual verdil\u0259r ki, \u0259g\u0259r aksiz vergisinin d\u0259r\u0259c\u0259si azal\u0131bsa, n\u0259 \u00fc\u00e7\u00fcn yanaca\u011f\u0131n v\u0259 dig\u0259r m\u0259hsullar\u0131n qiym\u0259ti ucuzla\u015fm\u0131r? Amma reaksiya olmad\u0131. S\u0259b\u0259b o idi ki, aksiz vergisind\u0259n \u0259ld\u0259 olunan g\u0259lir SOCAR-a gedir&#8221;.\n<\/p>\n<p>\n  \u0130qtisad\u00e7\u0131 deyir ki, 2015-ci ild\u0259 devalvasiya \u0259r\u0259f\u0259sind\u0259 d\u0259 yanaca\u011f\u0131n qiym\u0259tinin ucuzla\u015fmas\u0131 g\u00fcnd\u0259m\u0259 g\u0259tirildi. Bug\u00fcn d\u00fcnya bazar\u0131nda neftin qiym\u0259ti 2013-c\u00fc ill\u0259 m\u00fcqayis\u0259d\u0259 2 d\u0259f\u0259d\u0259n \u00e7ox ucuzla\u015f\u0131b. Bununla paralel neft ixrac ed\u0259n \u00f6lk\u0259l\u0259rd\u0259 d\u0259 yanaca\u011f\u0131n qiym\u0259ti ucuzla\u015f\u0131r. Amma Az\u0259rbaycanda \u0259ksin\u0259 q\u0259rar q\u0259bul olunur. Yanaca\u011f\u0131n qiym\u0259ti art\u0131r\u0131l\u0131r\u201d.\n<\/p>\n<p>\n  \u0130qttisad\u00e7\u0131-alim Nazim B\u0259yd\u0259mirli Tarif \u015euras\u0131n\u0131n q\u0259rar\u0131n\u0131 \u015f\u0259rh etm\u0259kd\u0259 \u00e7\u0259tinlik \u00e7\u0259kdiyini dedi.\n<\/p>\n<p>\n  Onun s\u00f6zl\u0259rin\u0259 g\u00f6r\u0259, 14 iyul q\u0259rar\u0131ndan sonra \u0259n\u0259n\u0259vi olaraq z\u0259ncirvari \u015f\u0259kild\u0259 b\u00fct\u00fcn xidm\u0259t sektorunda, \u0259hali \u00fc\u00e7\u00fcn \u0259n vacib olan qida sektorunda qiym\u0259t art\u0131m\u0131 \u00e7ox ciddi \u015f\u0259kild\u0259 \u00f6z\u00fcn\u00fc b\u00fcruz\u0259 ver\u0259c\u0259k:\n<\/p>\n<p>\n  \u201c\u00dcmumilikd\u0259 \u0259hali kas\u0131bla\u015facaq, iqtisadiyyat z\u0259ifl\u0259y\u0259c\u0259k v\u0259 t\u0259n\u0259zz\u00fcl\u00fcn davam etm\u0259sini g\u00f6r\u0259c\u0259yik. Biz bunu \u0259vv\u0259lki ill\u0259rd\u0259 olan qiym\u0259t art\u0131mlar\u0131nda da m\u00fc\u015fahid\u0259 etmi\u015fik\u201d.\n<\/p>\n<figure class=\"wp-block-image size-large\">\n  <img decoding=\"async\" src=\"https:\/\/www.meydan.tv\/az\/88996\/\" alt=\"\" class=\"wp-image-88996\"\/><figcaption>\n    Nazim B\u0259yd\u0259mirli<br \/>\n  <\/figcaption><\/figure>\n<p>\n  O, hesab edir ki, \u0259slind\u0259, indiki iqtisadi dur\u011funluq zaman\u0131 Tarif \u015euras\u0131n\u0131n q\u0259rar\u0131 insanlar\u0131n iqtisadi-sosial durumuna ciddi z\u0259rb\u0259 olacaq:\n<\/p>\n<p>\n  \u201cG\u00f6r\u00fcn\u00fcr, h\u00f6kum\u0259tin son vaxtlar beyn\u0259lxalq maliyy\u0259 qurumlar\u0131ndan ald\u0131\u011f\u0131 b\u00f6y\u00fck h\u0259cmd\u0259 kreditl\u0259r bu q\u0259rar\u0131 q\u0259bul etm\u0259y\u0259 t\u0259sir g\u00f6st\u0259rib. \u00c7\u00fcnki bu tipli qurumlardan kreditl\u0259r al\u0131nanda h\u00f6kum\u0259tin qar\u015f\u0131s\u0131nda kommunal xidm\u0259tl\u0259rin qiym\u0259tl\u0259ri v\u0259 vergil\u0259rin art\u0131r\u0131lmas\u0131 m\u0259s\u0259l\u0259si qoyulur. G\u00fcman ki, beyn\u0259lxalq qurumlar\u0131n Az\u0259rbaycan iqtisadiyyat\u0131na etibar\u0131 az oldu\u011fundan daha etibarl\u0131 m\u0259nb\u0259 kimi \u0259halid\u0259n bu v\u0259saitin toplanmas\u0131n\u0131 proqnozla\u015fd\u0131r\u0131rlar. Ba\u015fqa bir izah SOCAR-\u0131n idar\u0259\u00e7iliyind\u0259ki kobud s\u0259hvl\u0259r v\u0259 \u0259sass\u0131z x\u0259rcl\u0259m\u0259l\u0259ri qar\u015f\u0131lamaq \u00fc\u00e7\u00fcn qiym\u0259t art\u0131m\u0131na gedilib. \u00a0\u018fslind\u0259, yanaca\u011f\u0131n qiym\u0259tini ucuzla\u015fd\u0131rmaq daha m\u0259ntiqli olard\u0131\u201d.\n<\/p>\n<p><div>\n    \u0130qtisad\u00e7\u0131 R\u00f6v\u015f\u0259n A\u011fayev diqq\u0259ti Tarif \u015euras\u0131n\u0131n q\u0259rar\u0131ndak\u0131 \u201ch\u0259tta bu qiym\u0259t art\u0131m\u0131ndan sonra A-92 markal\u0131 benzinin qiym\u0259ti Az\u0259rbaycanda \u0259ks\u0259r MDB v\u0259 region \u00f6lk\u0259l\u0259ri il\u0259 m\u00fcqayis\u0259d\u0259 a\u015fa\u011f\u0131 olacaq\u201d c\u00fcml\u0259sin\u0259 y\u00f6n\u0259ldir. Bunu t\u0259skinlik hesab edir:\n  <\/div>\n<\/p>\n<p>\n  \u201cProblem benzinin qiym\u0259tind\u0259 deyil, A-92 markal\u0131 benzinin qiym\u0259ti 1.2 manat da ola bil\u0259rdi. \u018fsas m\u0259s\u0259l\u0259 odur ki, bu \u00f6lk\u0259l\u0259rd\u0259 insanlar\u0131n ya\u015fay\u0131\u015f s\u0259viyy\u0259si, g\u0259lir \u0259ld\u0259 etm\u0259 imkanlar\u0131 m\u00f6vcud qiym\u0259t s\u0259viyy\u0259sin\u0259 uy\u011fundurmu? R\u0259smi a\u00e7\u0131qlamada ad\u0131\u00e7\u0259kil\u0259n 3 \u00f6lk\u0259d\u0259 &#8211; Qazax\u0131stan, Rusiya v\u0259 Belorusda orta ayl\u0131q \u0259m\u0259k haqq\u0131 s\u0259viyy\u0259si orta hesabla Az\u0259rbaycandan 2-2.5 d\u0259f\u0259 y\u00fcks\u0259kdir. \u018flav\u0259 olaraq, bu \u00f6lk\u0259l\u0259rd\u0259 m\u0259\u015f\u011ful \u0259halinin orta hesabla 70-80 faizi r\u0259smi \u0259m\u0259k m\u00fcqavil\u0259si \u0259sas\u0131nda b\u0259lli m\u0259bl\u0259\u011fd\u0259 \u0259m\u0259k haqq\u0131 s\u0259viyy\u0259sin\u0259, i\u015f yerl\u0259rin\u0259 v\u0259 sosial s\u0131\u011forta imkan\u0131na malikdirl\u0259r. Az\u0259rbaycanda h\u0259min g\u00f6st\u0259rici t\u0259xmin\u0259n 33 faizdir. Ad\u0131\u00e7\u0259kil\u0259n 3 \u00f6lk\u0259d\u0259 orta ayl\u0131q \u0259m\u0259k haqq\u0131na Az\u0259rbaycanla m\u00fcqayis\u0259d\u0259 az\u0131 2 d\u0259f\u0259 \u00e7ox A-92 markal\u0131 benzin almaq olur &#8211; \u0259n vacib m\u0259qam bax budur\u201d.\n<\/p>\n<figure class=\"wp-block-image size-large\">\n  <img decoding=\"async\" src=\"https:\/\/www.meydan.tv\/az\/62242\/\" alt=\"\" class=\"wp-image-62242\"\/><figcaption>\n    \u0130qtisadi ekspert R\u00f6v\u015f\u0259n A\u011fayev<br \/>\n  <\/figcaption><\/figure>\n<p>\n  R\u00f6v\u015f\u0259n A\u011fayev yaz\u0131r ki, devalvasiyadan sonrak\u0131 m\u0259rh\u0259l\u0259d\u0259 \u00f6lk\u0259 iqtisadiyyat\u0131 ikir\u0259q\u0259mli inflyasiyadan can qurtara bilmir:\n<\/p>\n<p>\n  \u201cEnerji da\u015f\u0131y\u0131c\u0131lar\u0131n\u0131n qiym\u0259t art\u0131m\u0131 \u00f6lk\u0259d\u0259 y\u00fcks\u0259k inflyasiyadan can qurtarma\u011fa imkan verm\u0259y\u0259c\u0259k. Bel\u0259 \u015f\u0259raitd\u0259 h\u00f6kum\u0259t s\u0259rt pul-kredit siyas\u0259ti il\u0259 iqtisadi f\u0259all\u0131\u011f\u0131n art\u0131m\u0131ndan yen\u0259 d\u0259 \u00e7\u0259kin\u0259c\u0259k. N\u0259hay\u0259t, metropoliten \u0259traf\u0131nda son g\u00fcnl\u0259r yaranan m\u00fczakir\u0259l\u0259r g\u00f6st\u0259rir ki, d\u00f6vl\u0259t \u015firk\u0259tl\u0259rinin problemi a\u015fa\u011f\u0131 tarifd\u0259 deyil, s\u0259m\u0259r\u0259siz v\u0259 \u015f\u0259ffaf olmayan x\u0259rc\u0259l\u0259m\u0259l\u0259rd\u0259dir\u201d.\n<\/p>\n<p>\n  Tarif \u015euras\u0131n\u0131n q\u0259rar\u0131n\u0131 \u201cFacebook\u201d s\u0259hif\u0259sind\u0259 \u015f\u0259rh ed\u0259n AB\u015e-da m\u00fchacir\u0259td\u0259 olan sabiq Milli M\u0259clis s\u0259dri R\u0259sul Quliyev hesab edir ki, Az\u0259rbaycanda qiym\u0259tl\u0259rin h\u00f6k\u00fcm\u0259t t\u0259r\u0259find\u0259n m\u00fc\u0259yy\u0259nl\u0259\u015fdirilm\u0259si bir daha \u00f6lk\u0259nin kommunist rejimi il\u0259 ya\u015fad\u0131\u011f\u0131na s\u00fcbutdur. \u00dcmumiyy\u0259tl\u0259, \u00f6lk\u0259nin ba\u015f\u00e7\u0131lar\u0131 bazar iqtisadiyyat\u0131na ke\u00e7m\u0259k bar\u0259d\u0259 d\u00fc\u015f\u00fcn\u00fcrl\u0259rmi? Yoxsa inki\u015faf\u0131n q\u0259nimi olan amir\u0259likd\u0259n ba\u015fqa yol bilmirl\u0259r. He\u00e7 kim\u0259 sirr deyil ki, qiym\u0259tl\u0259rin h\u00f6k\u00fcm\u0259t t\u0259r\u0259find\u0259n t\u0259nziml\u0259ndiyi bir \u00f6lk\u0259d\u0259 inki\u015faf ola bilm\u0259z v\u0259 h\u0259mi\u015f\u0259 insanlar dil\u0259n\u00e7i kimi ya\u015fayacaq. H\u00f6k\u00fcm\u0259t benzin\u0259 maya d\u0259y\u0259ri \u0259sas\u0131nda qiym\u0259t m\u00fc\u0259yy\u0259nl\u0259\u015fdirm\u0259k \u0259v\u0259zin\u0259, b\u00fcdc\u0259nin k\u0259sirin\u0259 g\u00f6r\u0259 qiym\u0259tl\u0259ri art\u0131r\u0131r. Bu c\u00fcr siyas\u0259tl\u0259 benzinin bir litri 3 manat da ola bil\u0259r&#8221;.\n<\/p>\n<figure class=\"wp-block-image size-large\">\n  <img decoding=\"async\" src=\"https:\/\/www.meydan.tv\/az\/56893\/\" alt=\"\" class=\"wp-image-56893\"\/><figcaption>\n    R\u0259sul Quliyev<br \/>\n  <\/figcaption><\/figure>\n<p>\n  R\u0259sul Quliyev deyir ki, haz\u0131rda istehsal olunan benzinin maya d\u0259y\u0259ri maksimum 15 q\u0259pikdir. Bunun \u00fcz\u0259rin\u0259 2 qat vergi qoyduqda bir litr 30 q\u0259pik olur:\n<\/p>\n<p>\n  \u201cBel\u0259 bir halda benzinin qiym\u0259tini b\u00fcdc\u0259 k\u0259siri il\u0259 \u0259laq\u0259l\u0259ndirib 90 q\u0259piy\u0259 qald\u0131ran h\u00f6k\u00fcm\u0259t \u00f6z yar\u0131tmaz i\u015fin\u0259 g\u00f6r\u0259 xalq\u0131 c\u0259zaland\u0131r\u0131r. Y\u0259ni b\u00fcdc\u0259ni cibl\u0259ri onsuzda bo\u015f olan camaat\u0131n cibind\u0259n \u00e7\u0131xard\u0131r. Bazar iqtisadiyat\u0131ndan uzaq olan, orta \u0259srl\u0259rin bac x\u0259rac\u0131na ox\u015fayan bu siyas\u0259tl\u0259 t\u0259k benzinin yox, b\u00fct\u00fcn m\u0259hsullar\u0131n qiym\u0259tl\u0259rinin qalxaca\u011f\u0131 g\u00fcn \u00e7ox da uzaqda deyil&#8221;.\n<\/p>\n<p>\n  H\u00fcquq\u015f\u00fcnas \u018fl\u0259sg\u0259r M\u0259mm\u0259dli is\u0259 \u201cFacebook\u201d s\u0259hif\u0259sind\u0259 \u201c\u0130nformasiya \u0259ld\u0259 etm\u0259k haqq\u0131nda Qanun\u201dun 29-cu madd\u0259sini xat\u0131rlad\u0131b:\n<\/p>\n<p>\n  \u201cQanunda bildirilib ki, t\u0259bii-inhisarda olan sah\u0259d\u0259 qiym\u0259t art\u0131m\u0131 1 ay \u00f6nc\u0259d\u0259n elan olunmal\u0131d\u0131r. Tarif \u015euras\u0131n\u0131n \u00fczvl\u0259ri d\u0259 y\u0259qin ki, qanunlar\u0131 oxuyacaq q\u0259d\u0259r h\u0259rfl\u0259ri tan\u0131y\u0131r. 12 Yanvar 2015-ci ild\u0259 Tarif \u015euras\u0131 benzinin qiym\u0259tini 2 q\u0259pik art\u0131rd\u0131qdan q\u0131sa m\u00fcdd\u0259t sonra bu q\u0259rar\u0131 l\u0259\u011fv etm\u0259li oldu. \u018fsas kimi d\u0259 &#8220;bu q\u0259rar prezident \u0130lham \u018fliyevin tap\u015f\u0131r\u0131\u011f\u0131na \u0259sas\u0259n verilib&#8221; &#8211; dedi. Y\u0259ni prezidentin x\u0259b\u0259ri olmadan bu q\u0259rar verildiyi etiraf edildi. Daha sonra \u0259lalt\u0131 media bunu &#8220;h\u00fcmanist add\u0131m&#8221; kimi geni\u015f t\u0259bli\u011f etdi. \u0130yulun 14-d\u0259 Tarif \u015euras\u0131 yen\u0259 qeyri-i\u015f zaman\u0131, gec\u0259-gec\u0259 xalq\u0131n cibin\u0259 gir\u0259r\u0259k bu d\u0259f\u0259 2 yox 20 q\u0259pik bizd\u0259n ya\u011fmalama\u011fa q\u0259rar verib. M\u0259ntiql\u0259 xalq\u0131 2 q\u0259pik d\u0259 olsa \u0259lav\u0259 x\u0259rc\u0259 salmaq ist\u0259m\u0259y\u0259n prezident g\u0259r\u0259k bu d\u0259f\u0259 q\u0259rar\u0131 geri oxutmaqla b\u0259rab\u0259r, Tarif \u015euras\u0131n\u0131n \u00fczvl\u0259rini \u00f6z i\u015fl\u0259rind\u0259n ay\u0131r\u0131b, &#8220;gec\u0259 xidm\u0259tl\u0259rin\u0259&#8221; yollas\u0131n. \u00c7\u00fcnki bunlar gec\u0259 12-d\u0259n sonra xidm\u0259t\u0259 \u00e7ox h\u0259v\u0259slidirl\u0259r\u201d.<\/p>\n","protected":false},"excerpt":{"rendered":"<p>Nazim B\u0259yd\u0259mirli: &#8221;\u018fhali kas\u0131bla\u015facaq, iqtisadiyyat z\u0259ifl\u0259y\u0259c\u0259k v\u0259 t\u0259n\u0259zz\u00fcl davam ed\u0259c\u0259k&#8221;<\/p>\n","protected":false},"author":11,"featured_media":88990,"comment_status":"closed","ping_status":"open","sticky":false,"template":"","format":"standard","meta":{"_acf_changed":false,"_sitemap_exclude":false,"_sitemap_priority":"","_sitemap_frequency":"","footnotes":""},"categories":[51],"tags":[],"class_list":["post-185572","post","type-post","status-publish","format-standard","has-post-thumbnail","hentry","category-analitika","infinite-scroll-item","generate-columns","tablet-grid-50","mobile-grid-100","grid-parent","grid-33","no-featured-image-padding"],"acf":[],"yoast_head":"<!-- This site is optimized with the Yoast SEO plugin v27.4 - https:\/\/yoast.com\/product\/yoast-seo-wordpress\/ -->\n<title>&#039;&#039;H\u00f6k\u00fcm\u0259t \u00f6z yar\u0131tmaz i\u015fin\u0259 g\u00f6r\u0259 xalq\u0131 c\u0259zaland\u0131r\u0131r&#039;&#039; - MEYDAN.TV<\/title>\n<meta name=\"robots\" content=\"index, follow, max-snippet:-1, max-image-preview:large, max-video-preview:-1\" \/>\n<link rel=\"canonical\" href=\"https:\/\/www.meydan.tv\/az\/article\/hokumet-oz-yaritmaz-isine-gore-xalqi-cezalandirir\/\" \/>\n<meta property=\"og:locale\" content=\"az_AZ\" \/>\n<meta property=\"og:type\" content=\"article\" \/>\n<meta property=\"og:title\" content=\"&#039;&#039;H\u00f6k\u00fcm\u0259t \u00f6z yar\u0131tmaz i\u015fin\u0259 g\u00f6r\u0259 xalq\u0131 c\u0259zaland\u0131r\u0131r&#039;&#039; - MEYDAN.TV\" \/>\n<meta property=\"og:description\" content=\"Nazim B\u0259yd\u0259mirli: &#039;&#039;\u018fhali kas\u0131bla\u015facaq, iqtisadiyyat z\u0259ifl\u0259y\u0259c\u0259k v\u0259 t\u0259n\u0259zz\u00fcl davam ed\u0259c\u0259k&#039;&#039;\" \/>\n<meta property=\"og:url\" content=\"https:\/\/www.meydan.tv\/az\/article\/hokumet-oz-yaritmaz-isine-gore-xalqi-cezalandirir\/\" \/>\n<meta property=\"og:site_name\" content=\"MEYDAN.TV\" \/>\n<meta property=\"article:published_time\" content=\"2017-07-15T14:44:41+00:00\" \/>\n<meta property=\"og:image\" content=\"https:\/\/www.meydan.tv\/wp-content\/uploads\/35108.jpg\" \/>\n\t<meta property=\"og:image:width\" content=\"1000\" \/>\n\t<meta property=\"og:image:height\" content=\"651\" \/>\n\t<meta property=\"og:image:type\" content=\"image\/jpeg\" \/>\n<meta name=\"author\" content=\"user-manager\" \/>\n<meta name=\"twitter:card\" content=\"summary_large_image\" \/>\n<script type=\"application\/ld+json\" class=\"yoast-schema-graph\">{\"@context\":\"https:\\\/\\\/schema.org\",\"@graph\":[{\"@type\":\"Article\",\"@id\":\"https:\\\/\\\/www.meydan.tv\\\/az\\\/article\\\/hokumet-oz-yaritmaz-isine-gore-xalqi-cezalandirir\\\/#article\",\"isPartOf\":{\"@id\":\"https:\\\/\\\/www.meydan.tv\\\/az\\\/article\\\/hokumet-oz-yaritmaz-isine-gore-xalqi-cezalandirir\\\/\"},\"author\":{\"name\":\"user-manager\",\"@id\":\"https:\\\/\\\/www.meydan.tv\\\/az\\\/#\\\/schema\\\/person\\\/10d11eccf6da3662cf5fdab9806ea91a\"},\"headline\":\"&#8221;H\u00f6k\u00fcm\u0259t \u00f6z yar\u0131tmaz i\u015fin\u0259 g\u00f6r\u0259 xalq\u0131 c\u0259zaland\u0131r\u0131r&#8221;\",\"datePublished\":\"2017-07-15T14:44:41+00:00\",\"mainEntityOfPage\":{\"@id\":\"https:\\\/\\\/www.meydan.tv\\\/az\\\/article\\\/hokumet-oz-yaritmaz-isine-gore-xalqi-cezalandirir\\\/\"},\"wordCount\":1694,\"publisher\":{\"@id\":\"https:\\\/\\\/www.meydan.tv\\\/az\\\/#organization\"},\"image\":{\"@id\":\"https:\\\/\\\/www.meydan.tv\\\/az\\\/article\\\/hokumet-oz-yaritmaz-isine-gore-xalqi-cezalandirir\\\/#primaryimage\"},\"thumbnailUrl\":\"https:\\\/\\\/www.meydan.tv\\\/wp-content\\\/uploads\\\/35108.jpg\",\"articleSection\":[\"Analitika\"],\"inLanguage\":\"az\"},{\"@type\":\"WebPage\",\"@id\":\"https:\\\/\\\/www.meydan.tv\\\/az\\\/article\\\/hokumet-oz-yaritmaz-isine-gore-xalqi-cezalandirir\\\/\",\"url\":\"https:\\\/\\\/www.meydan.tv\\\/az\\\/article\\\/hokumet-oz-yaritmaz-isine-gore-xalqi-cezalandirir\\\/\",\"name\":\"''H\u00f6k\u00fcm\u0259t \u00f6z yar\u0131tmaz i\u015fin\u0259 g\u00f6r\u0259 xalq\u0131 c\u0259zaland\u0131r\u0131r'' - MEYDAN.TV\",\"isPartOf\":{\"@id\":\"https:\\\/\\\/www.meydan.tv\\\/az\\\/#website\"},\"primaryImageOfPage\":{\"@id\":\"https:\\\/\\\/www.meydan.tv\\\/az\\\/article\\\/hokumet-oz-yaritmaz-isine-gore-xalqi-cezalandirir\\\/#primaryimage\"},\"image\":{\"@id\":\"https:\\\/\\\/www.meydan.tv\\\/az\\\/article\\\/hokumet-oz-yaritmaz-isine-gore-xalqi-cezalandirir\\\/#primaryimage\"},\"thumbnailUrl\":\"https:\\\/\\\/www.meydan.tv\\\/wp-content\\\/uploads\\\/35108.jpg\",\"datePublished\":\"2017-07-15T14:44:41+00:00\",\"breadcrumb\":{\"@id\":\"https:\\\/\\\/www.meydan.tv\\\/az\\\/article\\\/hokumet-oz-yaritmaz-isine-gore-xalqi-cezalandirir\\\/#breadcrumb\"},\"inLanguage\":\"az\",\"potentialAction\":[{\"@type\":\"ReadAction\",\"target\":[\"https:\\\/\\\/www.meydan.tv\\\/az\\\/article\\\/hokumet-oz-yaritmaz-isine-gore-xalqi-cezalandirir\\\/\"]}]},{\"@type\":\"ImageObject\",\"inLanguage\":\"az\",\"@id\":\"https:\\\/\\\/www.meydan.tv\\\/az\\\/article\\\/hokumet-oz-yaritmaz-isine-gore-xalqi-cezalandirir\\\/#primaryimage\",\"url\":\"https:\\\/\\\/www.meydan.tv\\\/wp-content\\\/uploads\\\/35108.jpg\",\"contentUrl\":\"https:\\\/\\\/www.meydan.tv\\\/wp-content\\\/uploads\\\/35108.jpg\",\"width\":1000,\"height\":651,\"caption\":\"Source:\"},{\"@type\":\"BreadcrumbList\",\"@id\":\"https:\\\/\\\/www.meydan.tv\\\/az\\\/article\\\/hokumet-oz-yaritmaz-isine-gore-xalqi-cezalandirir\\\/#breadcrumb\",\"itemListElement\":[{\"@type\":\"ListItem\",\"position\":1,\"name\":\"Ana s\u0259hif\u0259\",\"item\":\"https:\\\/\\\/www.meydan.tv\\\/az\\\/\"},{\"@type\":\"ListItem\",\"position\":2,\"name\":\"Analitika\",\"item\":\"https:\\\/\\\/www.meydan.tv\\\/az\\\/section\\\/analitika\\\/\"},{\"@type\":\"ListItem\",\"position\":3,\"name\":\"&#8221;H\u00f6k\u00fcm\u0259t \u00f6z yar\u0131tmaz i\u015fin\u0259 g\u00f6r\u0259 xalq\u0131 c\u0259zaland\u0131r\u0131r&#8221;\"}]},{\"@type\":\"WebSite\",\"@id\":\"https:\\\/\\\/www.meydan.tv\\\/az\\\/#website\",\"url\":\"https:\\\/\\\/www.meydan.tv\\\/az\\\/\",\"name\":\"MEYDAN.TV\",\"description\":\"Meydan TV Az\u0259rbaycan\u0131n media m\u0259kan\u0131ndak\u0131 alternativ s\u0259sidir\",\"publisher\":{\"@id\":\"https:\\\/\\\/www.meydan.tv\\\/az\\\/#organization\"},\"potentialAction\":[{\"@type\":\"SearchAction\",\"target\":{\"@type\":\"EntryPoint\",\"urlTemplate\":\"https:\\\/\\\/www.meydan.tv\\\/az\\\/?s={search_term_string}\"},\"query-input\":{\"@type\":\"PropertyValueSpecification\",\"valueRequired\":true,\"valueName\":\"search_term_string\"}}],\"inLanguage\":\"az\"},{\"@type\":\"Organization\",\"@id\":\"https:\\\/\\\/www.meydan.tv\\\/az\\\/#organization\",\"name\":\"Meydan TV\",\"url\":\"https:\\\/\\\/www.meydan.tv\\\/az\\\/\",\"logo\":{\"@type\":\"ImageObject\",\"inLanguage\":\"az\",\"@id\":\"https:\\\/\\\/www.meydan.tv\\\/az\\\/#\\\/schema\\\/logo\\\/image\\\/\",\"url\":\"https:\\\/\\\/www.meydan.tv\\\/wp-content\\\/uploads\\\/2021\\\/07\\\/meydan-logo.svg\",\"contentUrl\":\"https:\\\/\\\/www.meydan.tv\\\/wp-content\\\/uploads\\\/2021\\\/07\\\/meydan-logo.svg\",\"width\":195,\"height\":46,\"caption\":\"Meydan TV\"},\"image\":{\"@id\":\"https:\\\/\\\/www.meydan.tv\\\/az\\\/#\\\/schema\\\/logo\\\/image\\\/\"}},{\"@type\":\"Person\",\"@id\":\"https:\\\/\\\/www.meydan.tv\\\/az\\\/#\\\/schema\\\/person\\\/10d11eccf6da3662cf5fdab9806ea91a\",\"name\":\"user-manager\"}]}<\/script>\n<!-- \/ Yoast SEO plugin. -->","yoast_head_json":{"title":"''H\u00f6k\u00fcm\u0259t \u00f6z yar\u0131tmaz i\u015fin\u0259 g\u00f6r\u0259 xalq\u0131 c\u0259zaland\u0131r\u0131r'' - MEYDAN.TV","robots":{"index":"index","follow":"follow","max-snippet":"max-snippet:-1","max-image-preview":"max-image-preview:large","max-video-preview":"max-video-preview:-1"},"canonical":"https:\/\/www.meydan.tv\/az\/article\/hokumet-oz-yaritmaz-isine-gore-xalqi-cezalandirir\/","og_locale":"az_AZ","og_type":"article","og_title":"''H\u00f6k\u00fcm\u0259t \u00f6z yar\u0131tmaz i\u015fin\u0259 g\u00f6r\u0259 xalq\u0131 c\u0259zaland\u0131r\u0131r'' - MEYDAN.TV","og_description":"Nazim B\u0259yd\u0259mirli: ''\u018fhali kas\u0131bla\u015facaq, iqtisadiyyat z\u0259ifl\u0259y\u0259c\u0259k v\u0259 t\u0259n\u0259zz\u00fcl davam ed\u0259c\u0259k''","og_url":"https:\/\/www.meydan.tv\/az\/article\/hokumet-oz-yaritmaz-isine-gore-xalqi-cezalandirir\/","og_site_name":"MEYDAN.TV","article_published_time":"2017-07-15T14:44:41+00:00","og_image":[{"width":1000,"height":651,"url":"https:\/\/www.meydan.tv\/wp-content\/uploads\/35108.jpg","type":"image\/jpeg"}],"author":"user-manager","twitter_card":"summary_large_image","schema":{"@context":"https:\/\/schema.org","@graph":[{"@type":"Article","@id":"https:\/\/www.meydan.tv\/az\/article\/hokumet-oz-yaritmaz-isine-gore-xalqi-cezalandirir\/#article","isPartOf":{"@id":"https:\/\/www.meydan.tv\/az\/article\/hokumet-oz-yaritmaz-isine-gore-xalqi-cezalandirir\/"},"author":{"name":"user-manager","@id":"https:\/\/www.meydan.tv\/az\/#\/schema\/person\/10d11eccf6da3662cf5fdab9806ea91a"},"headline":"&#8221;H\u00f6k\u00fcm\u0259t \u00f6z yar\u0131tmaz i\u015fin\u0259 g\u00f6r\u0259 xalq\u0131 c\u0259zaland\u0131r\u0131r&#8221;","datePublished":"2017-07-15T14:44:41+00:00","mainEntityOfPage":{"@id":"https:\/\/www.meydan.tv\/az\/article\/hokumet-oz-yaritmaz-isine-gore-xalqi-cezalandirir\/"},"wordCount":1694,"publisher":{"@id":"https:\/\/www.meydan.tv\/az\/#organization"},"image":{"@id":"https:\/\/www.meydan.tv\/az\/article\/hokumet-oz-yaritmaz-isine-gore-xalqi-cezalandirir\/#primaryimage"},"thumbnailUrl":"https:\/\/www.meydan.tv\/wp-content\/uploads\/35108.jpg","articleSection":["Analitika"],"inLanguage":"az"},{"@type":"WebPage","@id":"https:\/\/www.meydan.tv\/az\/article\/hokumet-oz-yaritmaz-isine-gore-xalqi-cezalandirir\/","url":"https:\/\/www.meydan.tv\/az\/article\/hokumet-oz-yaritmaz-isine-gore-xalqi-cezalandirir\/","name":"''H\u00f6k\u00fcm\u0259t \u00f6z yar\u0131tmaz i\u015fin\u0259 g\u00f6r\u0259 xalq\u0131 c\u0259zaland\u0131r\u0131r'' - MEYDAN.TV","isPartOf":{"@id":"https:\/\/www.meydan.tv\/az\/#website"},"primaryImageOfPage":{"@id":"https:\/\/www.meydan.tv\/az\/article\/hokumet-oz-yaritmaz-isine-gore-xalqi-cezalandirir\/#primaryimage"},"image":{"@id":"https:\/\/www.meydan.tv\/az\/article\/hokumet-oz-yaritmaz-isine-gore-xalqi-cezalandirir\/#primaryimage"},"thumbnailUrl":"https:\/\/www.meydan.tv\/wp-content\/uploads\/35108.jpg","datePublished":"2017-07-15T14:44:41+00:00","breadcrumb":{"@id":"https:\/\/www.meydan.tv\/az\/article\/hokumet-oz-yaritmaz-isine-gore-xalqi-cezalandirir\/#breadcrumb"},"inLanguage":"az","potentialAction":[{"@type":"ReadAction","target":["https:\/\/www.meydan.tv\/az\/article\/hokumet-oz-yaritmaz-isine-gore-xalqi-cezalandirir\/"]}]},{"@type":"ImageObject","inLanguage":"az","@id":"https:\/\/www.meydan.tv\/az\/article\/hokumet-oz-yaritmaz-isine-gore-xalqi-cezalandirir\/#primaryimage","url":"https:\/\/www.meydan.tv\/wp-content\/uploads\/35108.jpg","contentUrl":"https:\/\/www.meydan.tv\/wp-content\/uploads\/35108.jpg","width":1000,"height":651,"caption":"Source:"},{"@type":"BreadcrumbList","@id":"https:\/\/www.meydan.tv\/az\/article\/hokumet-oz-yaritmaz-isine-gore-xalqi-cezalandirir\/#breadcrumb","itemListElement":[{"@type":"ListItem","position":1,"name":"Ana s\u0259hif\u0259","item":"https:\/\/www.meydan.tv\/az\/"},{"@type":"ListItem","position":2,"name":"Analitika","item":"https:\/\/www.meydan.tv\/az\/section\/analitika\/"},{"@type":"ListItem","position":3,"name":"&#8221;H\u00f6k\u00fcm\u0259t \u00f6z yar\u0131tmaz i\u015fin\u0259 g\u00f6r\u0259 xalq\u0131 c\u0259zaland\u0131r\u0131r&#8221;"}]},{"@type":"WebSite","@id":"https:\/\/www.meydan.tv\/az\/#website","url":"https:\/\/www.meydan.tv\/az\/","name":"MEYDAN.TV","description":"Meydan TV Az\u0259rbaycan\u0131n media m\u0259kan\u0131ndak\u0131 alternativ s\u0259sidir","publisher":{"@id":"https:\/\/www.meydan.tv\/az\/#organization"},"potentialAction":[{"@type":"SearchAction","target":{"@type":"EntryPoint","urlTemplate":"https:\/\/www.meydan.tv\/az\/?s={search_term_string}"},"query-input":{"@type":"PropertyValueSpecification","valueRequired":true,"valueName":"search_term_string"}}],"inLanguage":"az"},{"@type":"Organization","@id":"https:\/\/www.meydan.tv\/az\/#organization","name":"Meydan TV","url":"https:\/\/www.meydan.tv\/az\/","logo":{"@type":"ImageObject","inLanguage":"az","@id":"https:\/\/www.meydan.tv\/az\/#\/schema\/logo\/image\/","url":"https:\/\/www.meydan.tv\/wp-content\/uploads\/2021\/07\/meydan-logo.svg","contentUrl":"https:\/\/www.meydan.tv\/wp-content\/uploads\/2021\/07\/meydan-logo.svg","width":195,"height":46,"caption":"Meydan TV"},"image":{"@id":"https:\/\/www.meydan.tv\/az\/#\/schema\/logo\/image\/"}},{"@type":"Person","@id":"https:\/\/www.meydan.tv\/az\/#\/schema\/person\/10d11eccf6da3662cf5fdab9806ea91a","name":"user-manager"}]}},"_links":{"self":[{"href":"https:\/\/www.meydan.tv\/az\/wp-json\/wp\/v2\/posts\/185572","targetHints":{"allow":["GET"]}}],"collection":[{"href":"https:\/\/www.meydan.tv\/az\/wp-json\/wp\/v2\/posts"}],"about":[{"href":"https:\/\/www.meydan.tv\/az\/wp-json\/wp\/v2\/types\/post"}],"author":[{"embeddable":true,"href":"https:\/\/www.meydan.tv\/az\/wp-json\/wp\/v2\/users\/11"}],"replies":[{"embeddable":true,"href":"https:\/\/www.meydan.tv\/az\/wp-json\/wp\/v2\/comments?post=185572"}],"version-history":[{"count":0,"href":"https:\/\/www.meydan.tv\/az\/wp-json\/wp\/v2\/posts\/185572\/revisions"}],"wp:featuredmedia":[{"embeddable":true,"href":"https:\/\/www.meydan.tv\/az\/wp-json\/wp\/v2\/media\/88990"}],"wp:attachment":[{"href":"https:\/\/www.meydan.tv\/az\/wp-json\/wp\/v2\/media?parent=185572"}],"wp:term":[{"taxonomy":"category","embeddable":true,"href":"https:\/\/www.meydan.tv\/az\/wp-json\/wp\/v2\/categories?post=185572"},{"taxonomy":"post_tag","embeddable":true,"href":"https:\/\/www.meydan.tv\/az\/wp-json\/wp\/v2\/tags?post=185572"}],"curies":[{"name":"wp","href":"https:\/\/api.w.org\/{rel}","templated":true}]}}