{"id":185563,"date":"2017-07-14T19:53:29","date_gmt":"2017-07-14T19:53:29","guid":{"rendered":"https:\/\/www.meydan.tv\/article\/evez-olunan-ve-evezolunmaz-2-lider\/"},"modified":"2017-07-14T19:53:29","modified_gmt":"2017-07-14T19:53:29","slug":"evez-olunan-ve-evezolunmaz-2-lider","status":"publish","type":"post","link":"https:\/\/www.meydan.tv\/az\/article\/evez-olunan-ve-evezolunmaz-2-lider\/","title":{"rendered":"\u018fv\u0259z olunan v\u0259 \u0259v\u0259zolunmaz 2 lider"},"content":{"rendered":"<figure class=\"wp-block-image size-large\">\n  <img decoding=\"async\" src=\"https:\/\/www.meydan.tv\/az\/corcill\/\" alt=\"\u00c7\u00f6r\u00e7ill\" class=\"wp-image-88960\"\/><figcaption>\n    \u00c7\u00f6r\u00e7ill<br \/>\n  <\/figcaption><\/figure>\n<p>\n  10 may 1940-c\u0131 il. \u0130ngilt\u0259r\u0259 parlamentinin toplant\u0131s\u0131nda \u0130kinci Cahan Sava\u015f\u0131n\u0131n gedi\u015fi m\u00fczakir\u0259 olunur. S\u0259sl\u0259n\u0259n k\u0259skin t\u0259nqidl\u0259r m\u00fcqabilind\u0259 ba\u015f nazir Nevil \u00c7emberlen istefa verir v\u0259 onu Uinston \u00c7\u00f6r\u00e7ill \u0259v\u0259z edir. \u00dc\u00e7 g\u00fcn sonra ba\u015f nazir kimi parlamentd\u0259 ilk nitqind\u0259 \u00c7\u00f6r\u00e7ill \u201cm\u0259nim (britaniyal\u0131lara \u2013 Y.S.) qan, a\u011f\u0131r z\u0259hm\u0259t, g\u00f6z ya\u015f\u0131 v\u0259 t\u0259rd\u0259n savay\u0131 t\u0259klifim yoxdur\u201d- s\u00f6yl\u0259yir.\n<\/p>\n<p>\n  V\u0259ziyy\u0259t, do\u011frudan da, a\u011f\u0131r idi. \u0130ngilt\u0259r\u0259 Skandinaviya u\u011frunda sava\u015f\u0131 nasist Almaniyas\u0131na uduzmaqda idi. Atlantika u\u011frunda d\u00f6y\u00fc\u015fd\u0259 alman sualt\u0131 qay\u0131qlar\u0131 ingilis donanmas\u0131na a\u011f\u0131r t\u0259l\u0259fat ya\u015fad\u0131rd\u0131lar. \u00c7\u00f6r\u00e7illin ba\u015f nazir oldu\u011fu g\u00fcn almanlar Fransa, Bel\u00e7ika v\u0259 Niderland \u00fcz\u0259rin\u0259 h\u00fccuma ke\u00e7dil\u0259r. Art\u0131q bir ne\u00e7\u0259 g\u00fcnd\u0259n sonra m\u00fctt\u0259fiql\u0259rin, el\u0259c\u0259 d\u0259 ingilis ekspedisiya korpusunun v\u0259ziyy\u0259tinin \u00fcmidsiz olmas\u0131 ayd\u0131nla\u015fd\u0131.\n<\/p>\n<p>\n  May\u0131n 14-d\u0259 Niderland, 28-d\u0259 is\u0259 Bel\u00e7ika t\u0259slim oldu. Fransa kimi b\u00f6y\u00fck d\u00f6vl\u0259tin m\u00fcqavim\u0259ti is\u0259 r\u0259sm\u0259n 43 g\u00fcn (faktiki olaraq daha az) \u00e7\u0259kdi. \u0130yunun 22-d\u0259 Kompyen me\u015f\u0259sind\u0259 imzalanan aktla Fransa t\u0259slim oldu.\n<\/p>\n<p>\n  Bundan sonra \u0130ngilt\u0259r\u0259 Almaniya, \u0130taliya v\u0259 Yaponiya ittifaq\u0131na qar\u015f\u0131 t\u0259k qald\u0131 (AB\u015e v\u0259 SSR\u0130 o zaman h\u0259l\u0259 sava\u015fa qo\u015fulmam\u0131\u015fd\u0131lar). T\u0259sad\u00fcfi deyil ki, Hitler Fransa \u00fcz\u0259rind\u0259 q\u0259l\u0259b\u0259d\u0259n sonra \u0130ngilt\u0259r\u0259nin d\u0259 m\u00fcqavim\u0259ti dayand\u0131raca\u011f\u0131na v\u0259 Almaniya il\u0259 s\u00fclh ba\u011flayaca\u011f\u0131na \u0259min idi. Bu \u00fcmid he\u00e7 d\u0259 \u0259sass\u0131z deyildi. H\u0259tta Britaniya Nazirl\u0259r Kabinetinin b\u0259zi \u00fczvl\u0259ri d\u0259 v\u0259ziyy\u0259tin \u00e7\u0131x\u0131lmaz oldu\u011funu \u0259sas g\u0259tir\u0259r\u0259k almanlarla anla\u015fma\u011f\u0131 t\u0259klif edirdil\u0259r.\n<\/p>\n<p>\n  Bu d\u00f6vrd\u0259 \u0130ngilt\u0259r\u0259nin v\u0259ziyy\u0259ti ger\u00e7\u0259kd\u0259n \u00fcmidsiz g\u00f6r\u00fcn\u00fcrd\u00fc. 1940-c\u0131 ilin m\u00fcz\u0259ff\u0259r yaz kampaniyas\u0131 n\u0259tic\u0259sind\u0259 Almaniya Atlantik okean\u0131 sahill\u0259rind\u0259 vacib strateji n\u00f6qt\u0259l\u0259ri \u0259l\u0259 ke\u00e7irmi\u015f, bununla da h\u0259m aviasiyasin\u0131n, h\u0259m d\u0259 sualt\u0131 qay\u0131qlar\u0131n\u0131n ingilisl\u0259r\u0259 qar\u015f\u0131 m\u00fcbariz\u0259sinin daha m\u0259hsuldar olmas\u0131 \u00fc\u00e7\u00fcn \u015f\u0259rait \u0259ld\u0259 etmi\u015fdi. Bundan sonra alman sualt\u0131 qay\u0131qlar\u0131n\u0131n ingilis donanmas\u0131na vurdu\u011fu z\u0259r\u0259r d\u0259f\u0259l\u0259rl\u0259 \u00e7oxalm\u0131\u015fd\u0131. Aviasiya is\u0259 iyul ay\u0131n\u0131n \u0259vv\u0259ll\u0259rind\u0259n ba\u015flayaraq B\u00f6y\u00fck Britaniya \u015f\u0259h\u0259rl\u0259rini arams\u0131z bombalay\u0131rd\u0131.\n<\/p>\n<p>\n  \u0130yun ay\u0131nda \u0130taliyan\u0131n Almaniya t\u0259r\u0259find\u0259 m\u00fcharib\u0259y\u0259 qo\u015fulmas\u0131 n\u0259tic\u0259sind\u0259 ingilisl\u0259r \u00fc\u00e7\u00fcn 2 yeni c\u0259bh\u0259 a\u00e7\u0131ld\u0131. Onlardan biri Aral\u0131q d\u0259nizind\u0259ki sava\u015f teatr\u0131 idi, dig\u0259ri is\u0259 \u015eimali Afrikada italyan t\u0259cav\u00fcz\u00fcn\u0259 qar\u015f\u0131 c\u0259bh\u0259. Bel\u0259likl\u0259, \u0130ngilt\u0259r\u0259nin v\u0259ziyy\u0259ti \u00c7\u00f6r\u00e7illin ba\u015f nazir olmas\u0131ndan \u0259vv\u0259lki d\u00f6vrl\u0259 m\u00fcqayis\u0259d\u0259 qat-qat a\u011f\u0131rla\u015fm\u0131\u015fd\u0131.\n<\/p>\n<p>\n  Lakin \u00c7\u00f6r\u00e7ill t\u0259slim olmaqdan q\u0259ti imtina etdi v\u0259 ingilisl\u0259rin sona q\u0259d\u0259r m\u00fcqavim\u0259t g\u00f6st\u0259r\u0259c\u0259yini bildirdi. Strateji \u015f\u0259rait is\u0259 t\u0259dric\u0259n d\u0259yi\u015fm\u0259kd\u0259 idi. Britaniya aviasiyas\u0131 v\u0259 donanmas\u0131n\u0131n d\u00f6y\u00fc\u015f qabiliyy\u0259tini qorumas\u0131 n\u0259tic\u0259sind\u0259 Hitler 1940-c\u0131 ilin pay\u0131z\u0131nda Britaniya adalar\u0131na qo\u015fun \u00e7\u0131xarmaq haqq\u0131ndak\u0131 \u201cD\u0259niz aslan\u0131\u201d plan\u0131ndan imtina etdi v\u0259 SSR\u0130 il\u0259 m\u00fcharib\u0259y\u0259 haz\u0131rla\u015fma\u011fa ba\u015flad\u0131. Bununla \u0259laq\u0259dar alman aviasiyas\u0131n\u0131n xeyli hiss\u0259si \u015f\u0259rq\u0259 g\u00f6nd\u0259rildi v\u0259 Britaniya \u015f\u0259h\u0259rl\u0259rinin bombardman\u0131 azald\u0131.\n<\/p>\n<p>\n  1941-ci ilin iyununda SSR\u0130-nin, dekabr\u0131nda is\u0259 AB\u015e-\u0131n Almaniya il\u0259 m\u00fcharib\u0259y\u0259 qo\u015fulmas\u0131 B\u00f6y\u00fck Britaniyan\u0131n v\u0259ziyy\u0259tini bir q\u0259d\u0259r y\u00fcng\u00fcll\u0259\u015fdirdi. Lakin yeni \u00e7\u0259tinlikl\u0259r d\u0259 ortaya \u00e7\u0131xd\u0131. N\u0259h\u0259ng imperiyan\u0131n Asiya v\u0259 Afrikadakl m\u00fcst\u0259ml\u0259k\u0259l\u0259ri t\u0259hl\u00fck\u0259 alt\u0131na d\u00fc\u015fd\u00fc. X\u00fcsus\u0259n Asiyada Yaponiya ingilis m\u00fcst\u0259ml\u0259k\u0259l\u0259rin\u0259 qar\u015f\u0131 u\u011furlu \u0259m\u0259liyyatlara ba\u015flad\u0131.\n<\/p>\n<p>\n  Bu ill\u0259rd\u0259 \u00c7\u00f6r\u00e7ill Antihitler koalisiyas\u0131n\u0131n \u00fczvl\u0259ri aras\u0131nda \u0259n \u00e7ox s\u0259f\u0259r ed\u0259n lider idi. T\u0259bii ki, t\u0259hl\u00fck\u0259sizlik bax\u0131m\u0131ndan s\u0259f\u0259rl\u0259r bar\u0259d\u0259 \u00f6nc\u0259d\u0259n x\u0259b\u0259r verilmirdi.\n<\/p>\n<figure class=\"wp-block-image size-large\">\n  <img decoding=\"async\" src=\"https:\/\/www.meydan.tv\/az\/corcill-2\/\" alt=\"\u00c7\u00f6r\u00e7ill\" class=\"wp-image-88957\"\/><figcaption>\n    \u00c7\u00f6r\u00e7ill<br \/>\n  <\/figcaption><\/figure>\n<p>\n  Lakin sonrak\u0131 tarixl\u0259 m\u0259lum olurdu ki, ba\u015f nazir Va\u015finqtonda, Moskvada, Qahir\u0259d\u0259, Adanada v\u0259 dig\u0259r yerl\u0259rd\u0259 olub. O gah t\u0259yyar\u0259, gah g\u0259mi, gah qatarla h\u0259r\u0259k\u0259t edirdi.\n<\/p>\n<p>\n  B\u00fct\u00fcn \u00e7\u0259tinlikl\u0259r\u0259 baxmayaraq, Antihitler koalisiyas\u0131 \u00fczvl\u0259rinin iqtisadi potensial\u0131 t\u0259dric\u0259n \u00f6z s\u00f6z\u00fcn\u00fc dem\u0259y\u0259 ba\u015flad\u0131. SSR\u0130 sovet-alman c\u0259bh\u0259sind\u0259, ingilis v\u0259 amerikanlar is\u0259 Afrika v\u0259 Asiyada, Aral\u0131q d\u0259nizi v\u0259 Sakit okean teatr\u0131nda \u00fcst\u00fcnl\u00fcy\u00fc \u0259l\u0259 ke\u00e7irdil\u0259r. Radarlardan istifad\u0259, almanlar\u0131n \u201cEniqma\u201d \u015fifr aparat\u0131n\u0131n kodunun s\u0131nd\u0131r\u0131lmas\u0131 il\u0259 gizli yaz\u0131\u015fmalar\u0131n oxunmas\u0131, s\u0259mada \u00fcst\u00fcnl\u00fcy\u00fcn \u0259l\u0259 ke\u00e7irilm\u0259si n\u0259tic\u0259sind\u0259 alman sualt\u0131 qay\u0131qlar\u0131n\u0131n effektivliyi minimuma endirildi.<br \/>\n  <br \/>\n  Art\u0131q 1943-c\u00fc ild\u0259 ingilis-amerikan qo\u015funlar\u0131n\u0131n \u0130taliyaya qo\u015fun \u00e7\u0131xarmas\u0131 n\u0259tic\u0259sind\u0259 Mussolininin fa\u015fist hakimiyy\u0259t devrildi. Almaniya v\u0259 Yaponiyaya qar\u015f\u0131 m\u00fcharib\u0259 is\u0259 h\u0259l\u0259 2 il davam etdi. N\u0259hay\u0259t, 1945-ci ilin may\u0131nda Almaniya t\u0259slim oldu. Yaponiyan\u0131n t\u0259slimi is\u0259 sentyabr\u0131n 2-d\u0259 ba\u015f verdi. Lakin bu vaxt \u00c7\u00f6r\u00e7ill art\u0131q ba\u015f nazir deyildi&#8230;\n<\/p>\n<p>\n  \u0130ngilt\u0259r\u0259d\u0259 son parlament se\u00e7kil\u0259ri 1935-ci ild\u0259 ke\u00e7irilmi\u015fdi. N\u00f6vb\u0259ti se\u00e7kil\u0259r 1940-c\u0131 ild\u0259 olmal\u0131 idi, lakin m\u00fcharib\u0259 s\u0259b\u0259bind\u0259n t\u0259xir\u0259 sal\u0131nm\u0131\u015fd\u0131. M\u00fchafiz\u0259karlar parlament\u0259 \u00e7oxlu\u011fa malik olsalar da, \u00c7\u00f6r\u00e7ill kabinetini formala\u015fd\u0131rark\u0259n milli h\u0259mr\u0259ylik namin\u0259 m\u00fcxalif leyborist v\u0259 liberal partiyalar\u0131n\u0131n n\u00fcmay\u0259nd\u0259l\u0259rini d\u0259 c\u0259lb etmi\u015fdi. Leyboristl\u0259rin lideri Klement Ettli h\u00f6kum\u0259td\u0259 ikinci adam idi.\n<\/p>\n<p>\n  Almaniya \u00fcz\u0259rind\u0259 q\u0259l\u0259b\u0259nin art\u0131q \u015f\u00fcbh\u0259 do\u011furmad\u0131\u011f\u0131 bir vaxtda Ettli \u00c7\u00f6r\u00e7ill\u0259 1945-ci ilin oktyabr\u0131nda yeni parlament se\u00e7kil\u0259ri ke\u00e7irm\u0259yi t\u0259klif etdi. Ba\u015f nazir is\u0259 \u00f6z\u00fcn\u00fcn xalq aras\u0131ndak\u0131 populyarl\u0131\u011f\u0131ndan (r\u0259y or\u011fular\u0131na g\u00f6r\u0259 sava\u015f ill\u0259rind\u0259 \u00c7\u00f6r\u00e7ill\u0259 etimad 80%-d\u0259n a\u015fa\u011f\u0131 d\u00fc\u015fm\u00fcrd\u00fc) maksimum yararlanmaq \u00fc\u00e7\u00fcn se\u00e7kil\u0259ri daha tez\u0259, iyulun 5-n\u0259 t\u0259yin etdi.\n<\/p>\n<p>\n  Se\u00e7ki kampaniyas\u0131 zaman\u0131 ana m\u00fcxalif\u0259t partiyas\u0131 olan leyboristl\u0259r v\u0259 onlar\u0131n lideri Klement Ettli g\u0259l\u0259c\u0259kd\u0259n dan\u0131\u015f\u0131r, sava\u015f\u0131n vurdu\u011fu z\u0259rb\u0259l\u0259ri aradan qald\u0131rmaq \u00fc\u00e7\u00fcn g\u00f6r\u0259c\u0259kl\u0259ri i\u015fl\u0259rini, proqramlar\u0131n\u0131 ac\u0131qlay\u0131rd\u0131lar. M\u00fchafiz\u0259karlar is\u0259 \u00f6z liderl\u0259ri \u00c7\u00f6r\u00e7illin populyarl\u0131\u011f\u0131na arxay\u0131n idil\u0259r. Onlar g\u0259l\u0259c\u0259kd\u0259n deyil, art\u0131q ke\u00e7mi\u015f\u0259 \u00e7evrilm\u0259kd\u0259 olan m\u00fcharib\u0259d\u0259 liderl\u0259rinin xidm\u0259tl\u0259rind\u0259n dan\u0131\u015f\u0131r, ciddi iqtisadi proqramlarla \u00e7\u0131x\u0131\u015f etmirdil\u0259r. Q\u0259l\u0259b\u0259ni cibind\u0259 hiss ed\u0259n \u00c7\u00f6r\u00e7ill is\u0259 ciddi yanl\u0131\u015fl\u0131qlara yol verdi. \u00c7\u0131x\u0131\u015flar\u0131n\u0131n birind\u0259 o leyboristl\u0259ri \u0130ngilt\u0259r\u0259d\u0259 gestapo yaratmaq ist\u0259yind\u0259 ittiham etdi. Britaniya se\u00e7ici is\u0259 siyasi m\u00fcbariz\u0259nin bu \u015f\u0259kild\u0259 apar\u0131lmas\u0131na \u00f6yr\u0259\u015fm\u0259yib.\n<\/p>\n<p>\n  Se\u00e7kil\u0259rin n\u0259tic\u0259l\u0259ri tamamil\u0259 g\u00f6zl\u0259nilm\u0259z oldu. \u00d6lk\u0259ni olduqca a\u011f\u0131r bir \u015f\u0259raitd\u0259, m\u0259\u011flubiyy\u0259tin bir add\u0131ml\u0131\u011f\u0131nda q\u0259bul edib q\u0259l\u0259b\u0259y\u0259 da\u015f\u0131m\u0131\u015f \u00c7\u00f6r\u00e7ill\u0259 se\u00e7icil\u0259rin 1\/3 hiss\u0259sind\u0259n bir q\u0259d\u0259r \u00e7oxu &#8211; 36%-i s\u0259s verdi. Leyboristl\u0259rin s\u0259si is\u0259 50%-\u0259 yax\u0131n idi. Mojaritar sistemin \u00f6z\u0259llikl\u0259rin\u0259 g\u00f6r\u0259 mandatlar aras\u0131ndak\u0131 f\u0259rq daha b\u00f6y\u00fck idi. Parlamentd\u0259 m\u00fchafiz\u0259karlar 197, leyboristl\u0259r is\u0259 2 d\u0259f\u0259 \u00e7ox, 393 yer qazanm\u0131\u015fd\u0131lar. Bu m\u00fchafiz\u0259karlar partiyas\u0131n\u0131n tarix boyu \u0259n a\u011f\u0131r m\u0259\u011flubiyy\u0259tl\u0259rind\u0259n biri idi. Taleyin istehzas\u0131 il\u0259 onun da m\u00fc\u0259llifi \u0130ngilt\u0259r\u0259 tarixinin \u0259n parlaq \u015f\u0259xsiyy\u0259tl\u0259rind\u0259n biri, \u00f6lk\u0259si qar\u015f\u0131s\u0131nda m\u00fcst\u0259sna xidm\u0259tl\u0259ri olan Uinston \u00c7\u00f6r\u00e7ill idi.\n<\/p>\n<p>\n  \u0130yulun 26-da yekun n\u0259tic\u0259l\u0259r elan olunark\u0259n \u00c7\u00f6r\u00e7ill B\u00f6y\u00fck \u00fc\u00e7l\u00fcy\u00fcn (SSR\u0130, AB\u015e v\u0259 B\u00f6y\u00fck Britaniya liderl\u0259rinin) Podstam konfrans\u0131nda i\u015ftirak edirdi. \u0130ki g\u00fcn sonra is\u0259 yerini yeni ba\u015f nazir Klement Ettliy\u0259 ver\u0259r\u0259k v\u0259t\u0259n\u0259 d\u00f6nd\u00fc. Burada kral VI Corc onu imperiyan\u0131n \u0259n q\u0259dim v\u0259 \u0259n ali c\u0259ngav\u0259r ordeni olan N\u0259cab\u0259tli Bant ordeni il\u0259 t\u0259ltif etm\u0259k ist\u0259di. \u00c7\u00f6r\u00e7ill is\u0259 ac\u0131 kinay\u0259 il\u0259 \u201cxalq art\u0131q m\u0259ni Ba\u015fmaq ordeni il\u0259 t\u0259ltif edib\u201d (y\u0259ni t\u0259pik vurub istefaya g\u00f6nd\u0259rib) s\u00f6yl\u0259y\u0259r\u0259k imtina etdi. Yan\u0131z 9 il sonra yen\u0259 ba\u015f nazir statusunda olark\u0259n Uinston \u00c7\u00f6r\u00e7ill krali\u00e7a II Yelizaveta t\u0259r\u0259find\u0259n N\u0259cab\u0259tli Bant ordeni il\u0259 m\u00fckafatland\u0131r\u0131ld\u0131.\n<\/p>\n<p>\n  Klement Ettli d\u00fcnya tarixind\u0259 \u00c7\u00f6r\u00e7ill q\u0259d\u0259r m\u0259\u015fhur olmad\u0131 v\u0259 ola da bilm\u0259zdi. \u00c7\u00fcnki o art\u0131q s\u00fclh d\u00f6vr\u00fcn\u00fcn iqtidar\u0131 idi v\u0259 daha \u00e7ox daxili probleml\u0259rin h\u0259ll edilm\u0259sin\u0259 \u00e7al\u0131\u015f\u0131rd\u0131. Bu probleml\u0259rin \u00f6hd\u0259sind\u0259n is\u0259 o, u\u011furla g\u0259ldi. Hakimiyy\u0259td\u0259 oldu\u011fu 6 il \u0259rzind\u0259 \u0130ngilt\u0259r\u0259nin da\u011f\u0131lm\u0131\u015f iqtisadiyyat\u0131n\u0131n dir\u00e7\u0259lm\u0259sin\u0259 v\u0259 \u0259halinin rifah\u0131n\u0131n, sosial t\u0259minat\u0131n\u0131n y\u00fcks\u0259lm\u0259sin\u0259 nail oldu. Buna g\u00f6r\u0259 d\u0259 Ettli \u0130ngilt\u0259r\u0259nin \u00f6z\u00fcnd\u0259 \u0259n yax\u015f\u0131 ba\u015f nazirl\u0259rd\u0259n biri say\u0131l\u0131r.\n<\/p>\n<p>\n  ***\n<\/p>\n<p>\n  Camal \u018fbd\u00fcl Naser d\u0259 XX \u0259srin \u00f6n\u0259mli fiqurlar\u0131ndand\u0131r. Misird\u0259 monarxiyan\u0131n devrilm\u0259si il\u0259 n\u0259tic\u0259l\u0259n\u0259n inqilab\u0131n \u0259sas xadiml\u0259rind\u0259n biri, bir m\u00fcdd\u0259t sonra is\u0259 respublikan\u0131n \u015f\u0259riksiz hakimi olan Naserin \u0259r\u0259b d\u00fcnyas\u0131nda ged\u0259n prosesl\u0259r\u0259 t\u0259siri h\u0259tta \u00f6l\u00fcm\u00fcnd\u0259n sonra da duyulmaqda idi.\n<\/p>\n<p>\n  1952-ci il inqilab\u0131ndan 2 il sonra Camal \u018fbd\u00fcl Naser prezident M\u00fch\u0259mm\u0259d N\u0259cibi devir\u0259r\u0259k hakimiyy\u0259ti \u0259l\u0259 ald\u0131. 1956-c\u0131 ilin iyununda ke\u00e7iril\u0259n referendumla is\u0259 h\u0259m Konstitusiya q\u0259bul edildi, h\u0259m d\u0259 Naser prezident se\u00e7ildi. C\u0259mi 1 ay sonra is\u0259 yeni prezident S\u00fcvey\u015f kanal\u0131n\u0131n millil\u0259\u015fdirilm\u0259si haqq\u0131nda q\u0259rar verdi. Bu da \u0130ngilt\u0259r\u0259, Fransa v\u0259 \u0130sraill\u0259 h\u0259rbi konflikt\u0259 s\u0259b\u0259b oldu.\n<\/p>\n<figure class=\"wp-block-image size-large\">\n  <img decoding=\"async\" src=\"https:\/\/www.meydan.tv\/az\/ebdul-nasir\/\" alt=\"\u018fbd\u00fcl Nasir\" class=\"wp-image-88963\"\/><figcaption>\n    \u018fbd\u00fcl Nasir<br \/>\n  <\/figcaption><\/figure>\n<p>\n  T\u0259bii ki, Misir bu g\u00fccl\u0259r\u0259 m\u00fcqavim\u0259t g\u00f6st\u0259rm\u0259k imkan\u0131nda deyildi v\u0259 \u0259m\u0259liyyatlar\u0131n gedi\u015fi f\u0259lak\u0259tli \u015f\u0259kil alma\u011fa ba\u015flad\u0131. Lakin bu konflikt \u0130kinci cahan sava\u015f\u0131ndan sonra AB\u015e v\u0259 SSR\u0130-nin eyni m\u00f6vq\u0259d\u0259n \u00e7\u0131x\u0131\u015f etdiyi nadir hadis\u0259l\u0259rd\u0259n biri oldu. H\u0259r iki f\u00f6vq\u0259ld\u00f6vl\u0259t Misirin S\u00fcvey\u015f \u00fcz\u0259rind\u0259 suverenliyini d\u0259st\u0259kl\u0259y\u0259r\u0259k t\u0259cav\u00fcz\u00fcn durdurulmas\u0131n\u0131 t\u0259l\u0259b etdil\u0259r. N\u0259tic\u0259d\u0259 h\u0259rbi m\u0259\u011flubiyy\u0259t\u0259 baxmayaraq, Misir \u00f6z m\u0259qs\u0259din\u0259 nail olaraq m\u0259n\u0259vi q\u0259l\u0259b\u0259 qazand\u0131.\n<\/p>\n<p>\n  Q\u0259rb \u00fcz\u0259rind\u0259 q\u0259l\u0259b\u0259y\u0259 \u0259srl\u0259rdir ki, tamarz\u0131 qalan \u0259r\u0259b d\u00fcnyas\u0131nda bu hadis\u0259 Naserin n\u00fcfuzunu g\u00f6yl\u0259r\u0259 qald\u0131rd\u0131. Suriyada, \u0130raqda, Livanda, Sudanda, Y\u0259m\u0259nd\u0259, m\u00fcst\u0259qillik u\u011frunda m\u00fcbariz\u0259 aparan \u018flc\u0259zaird\u0259 v\u0259 dig\u0259r \u00f6lk\u0259l\u0259rd\u0259 Naserin \u00e7oxsayl\u0131 p\u0259r\u0259sti\u015fkarlar ordusu yarand\u0131. O zaman yeniyetm\u0259 olan M\u00fc\u0259mm\u0259r Q\u0259ddafi \u00fc\u00e7\u00fcn d\u0259 Misir prezidenti kumir\u0259 \u00e7evrilmi\u015fdi. Prezidentin \u00f6lk\u0259 daxilind\u0259ki n\u00fcfuzundan is\u0259 b\u0259hs etm\u0259y\u0259 d\u0259ym\u0259z.\n<\/p>\n<p>\n  Camal \u018fbd\u00fcl Naser \u00f6z n\u00fcfuzundan ilk n\u00f6vb\u0259d\u0259 \u015f\u0259xsi hakimiyy\u0259tini m\u00f6hk\u0259ml\u0259ndirm\u0259k \u00fc\u00e7\u00fcn istifad\u0259 etdi. Monarxiya t\u0259r\u0259fdarlar\u0131, liberal V\u0259fd partiyas\u0131n\u0131n v\u0259 islam\u00e7\u0131 M\u00fcs\u0259lman qarda\u015flar\u0131 t\u0259\u015fkilat\u0131n\u0131n \u00fczvl\u0259ri, kommunistl\u0259r h\u0259bs edil\u0259r\u0259k zindanlara at\u0131ld\u0131lar.\n<\/p>\n<p>\n  Maraql\u0131d\u0131r ki, kommunistl\u0259r\u0259 qar\u015f\u0131 bu m\u00fcnasib\u0259tin\u0259 baxmayaraq, Naser sovet r\u0259hb\u0259rliyi t\u0259r\u0259find\u0259n daim d\u0259st\u0259kl\u0259nirdi. SSR\u0130 Misirin h\u0259m iqtisadiyyat\u0131na, h\u0259m d\u0259 h\u0259rbi q\u00fcvv\u0259l\u0259rin\u0259 xeyli yard\u0131m edirdi. \u00d6lk\u0259d\u0259 100-\u0259 q\u0259d\u0259r s\u0259naye obyekti, o c\u00fcml\u0259d\u0259n Asuan su b\u0259ndi, Heluan metallurgiya kombinat\u0131 n\u0259h\u0259ng m\u00fc\u0259ssis\u0259l\u0259r sovetl\u0259rin k\u00f6m\u0259yi il\u0259 tikilmi\u015fdi. 1955-1970-ci ill\u0259rd\u0259 SSR\u0130 g\u00fcz\u0259\u015ftli \u015f\u0259rtl\u0259rl\u0259 Misir\u0259 milyardlarla dollar m\u0259bl\u0259\u011find\u0259 h\u0259rbi texnika satm\u0131\u015fd\u0131.\n<\/p>\n<p>\n  Sovet lideri Xru\u015f\u015fov 1964-c\u00fc ilin may\u0131nda Misird\u0259 s\u0259f\u0259rd\u0259 olark\u0259n daha da ir\u0259li ged\u0259r\u0259k Naseri Sovet \u0130ttifaq\u0131 Q\u0259hr\u0259man\u0131 ad\u0131 il\u0259 t\u0259ltif etdi. Qeyd etm\u0259k laz\u0131md\u0131r ki, bu q\u0259rar SSR\u0130 r\u0259hb\u0259rliyind\u0259 he\u00e7 d\u0259 ham\u0131n\u0131n \u00fcr\u0259yinc\u0259 deyildi. Xru\u015f\u015fov 5 ay sonra v\u0259zif\u0259sind\u0259n \u00e7\u0131xar\u0131lark\u0259n ir\u0259li s\u00fcr\u00fcl\u0259n ittihamlardan biri d\u0259 m\u0259hz s\u00f6z\u00fcged\u0259n t\u0259ltif epizodu il\u0259 ba\u011fl\u0131 idi.\n<\/p>\n<p>\n  1950-ci ill\u0259rin ikinci yar\u0131s\u0131 \u2013 1960-c\u0131 ill\u0259rd\u0259 Camal \u018fbd\u00fcl Naser \u0259r\u0259b d\u00fcnyas\u0131n\u0131n \u0259n n\u00fcfuzlu siyasi xadimi, pan\u0259r\u0259bizm c\u0259r\u0259yan\u0131n\u0131n lideri idi. Bu t\u0259zah\u00fcrd\u0259 yuxar\u0131da b\u0259hs etdiyim S\u00fcvey\u015f q\u0259l\u0259b\u0259si il\u0259 yana\u015f\u0131 Misir prezidentinin g\u00f6z\u0259l natiq v\u0259 bacar\u0131ql\u0131 populist olmas\u0131 da b\u00f6y\u00fck rol oynay\u0131rd\u0131. Qeyd ed\u0259k ki, bu d\u00f6vrd\u0259 \u0259r\u0259b \u00f6lk\u0259l\u0259rind\u0259 d\u00fcny\u0259vi qurulu\u015f ideyas\u0131n\u0131n daha populyar olmas\u0131nda da Naserin n\u00fcfuzunun rolu dan\u0131lmazd\u0131r.\n<\/p>\n<p>\n  Bundan \u0259lav\u0259, Naser iqtidar\u0131n\u0131n t\u0259hsil, s\u0259hiyy\u0259 sah\u0259sind\u0259 m\u00fct\u0259r\u0259qqi add\u0131mlar\u0131n\u0131, \u00f6lk\u0259ni feodalizm geriliyind\u0259n qurtarmaq \u00fc\u00e7\u00fcn g\u00f6rd\u00fcy\u00fc t\u0259dbirl\u0259ri qeyd etm\u0259k laz\u0131md\u0131r. Bununla yana\u015f\u0131 Camal \u018fbd\u00fcl Naserin n\u00fcfuzu artd\u0131qca hakimiyy\u0259ti daha despotik olurdu. \u00d6lk\u0259d\u0259 birpartiyal\u0131 sistem m\u00f6vcud idi. H\u0259tta vitse-prezident kimi y\u00fcks\u0259k v\u0259zif\u0259y\u0259 t\u0259yinat\u0131 da Naser he\u00e7 bir d\u00f6vl\u0259t strukturunun raz\u0131l\u0131\u011f\u0131 olmadan h\u0259yata ke\u00e7irm\u0259k s\u0259lahiyy\u0259tin\u0259 malik idi.\n<\/p>\n<p>\n  \u018fr\u0259b d\u00fcnyas\u0131n\u0131n \u0259sas problemi is\u0259 \u0130sraill\u0259 m\u00fcnasib\u0259tl\u0259r idi. O zaman \u0259r\u0259bl\u0259r aras\u0131nda \u201c\u00dc\u00e7 yox\u201d prinsipi (\u0130sraill\u0259 s\u00fclh\u0259 yox! \u0130srailin tan\u0131nmas\u0131na yox! \u0130sraill\u0259 dan\u0131\u015f\u0131qlara yox!) populyar idi. Naser h\u0259m \u0259n n\u00fcfuzlu \u0259r\u0259b siyas\u0259t\u00e7isi kimi, h\u0259m d\u0259 Misirin dig\u0259r \u0259r\u0259b \u00f6lk\u0259l\u0259rind\u0259n daha g\u00fccl\u00fc olmas\u0131 \u00fcz\u00fcnd\u0259n anti-\u0130srail m\u00fcbariz\u0259sin\u0259 ba\u015f\u00e7\u0131l\u0131q etm\u0259li idi.\n<\/p>\n<p>\n  Bir \u00e7ox t\u0259zah\u00fcrl\u0259rd\u0259n duymaq olar ki, \u0130sraill\u0259 konfrontasiyaya getm\u0259k Naserin o q\u0259d\u0259r d\u0259 \u00fcr\u0259yinc\u0259 deyildi. Lakin \u00fcz\u0259rin\u0259 g\u00f6t\u00fcrd\u00fcy\u00fc v\u0259 \u00e7ox m\u0259mnunluqla ifa etdiyi \u201c\u0259r\u0259b d\u00fcnyas\u0131n\u0131n lideri\u201d rolu ba\u015fqa se\u00e7im imkan\u0131 buraxm\u0131rd\u0131.\n<\/p>\n<p>\n  1960-c\u0131 ill\u0259rin ortalar\u0131nda \u0259sas\u0259n Suriya v\u0259 \u0130ordaniya il\u0259 \u0130srail aras\u0131nda m\u00fcnasib\u0259tl\u0259r daha da g\u0259rginl\u0259\u015fm\u0259y\u0259 ba\u015flad\u0131. 1967-ci ilin yaz\u0131nda is\u0259 n\u00f6vb\u0259ti \u0259r\u0259b-\u0130srail sava\u015f\u0131n\u0131n qa\u00e7\u0131lmazl\u0131\u011f\u0131 ayd\u0131n idi. \u018fr\u0259b liderl\u0259ri xeyli optimist \u00e7\u0131x\u0131\u015flar edirdil\u0259r. O zaman Suriyan\u0131n h\u0259l\u0259 m\u00fcdafi\u0259 naziri olan Hafez \u018fs\u0259d s\u00f6yl\u0259irdi: \u201cBizim q\u00fcvv\u0259l\u0259r n\u0259inki t\u0259cav\u00fcz\u00fc d\u0259f etm\u0259y\u0259, h\u0259tta azadl\u0131q prosesinin ba\u015flama\u011fa, \u0259r\u0259b torpaqlar\u0131nda sionist m\u00f6vcudlu\u011funa son verm\u0259y\u0259 haz\u0131rd\u0131rlar\u201d .\n<\/p>\n<p>\n  Qahir\u0259d\u0259n yay\u0131mlanan \u201c\u018fr\u0259bl\u0259rin s\u0259si\u201d radiosu is\u0259 \u201cBiz daha BMT-y\u0259 \u0130sraild\u0259n \u015fikay\u0259tl\u0259rl\u0259 m\u00fcraci\u0259t etm\u0259y\u0259c\u0259yik. \u0130srail\u0259 m\u00fcnasib\u0259td\u0259 istifad\u0259 ed\u0259c\u0259yimiz yegan\u0259 t\u0259sir vasit\u0259si \u2013 n\u0259tic\u0259si sionist d\u00f6vl\u0259tin tam m\u0259hv edilm\u0259si olacaq total m\u00fcharib\u0259dir\u201d, \u2013 dey\u0259 bildirirdi. \u0130yunun \u0259vv\u0259ll\u0259rind\u0259 is\u0259 Naser \u00f6z\u00fc \u0259r\u0259bl\u0259r\u0259 m\u00fcraci\u0259t ed\u0259r\u0259k \u201cy\u0259hudil\u0259ri d\u0259niz\u0259 t\u00f6k\u0259r\u0259k bir mill\u0259t kimi m\u0259hv etm\u0259y\u0259\u201d \u00e7a\u011f\u0131rd\u0131.\n<\/p>\n<p>\n  Lakin h\u0259rbi \u0259m\u0259liyyatlar\u0131n gedi\u015fi he\u00e7 d\u0259 \u0259r\u0259bl\u0259rin planla\u015fd\u0131rd\u0131\u011f\u0131 kimi olmad\u0131. \u0130yunun 5-d\u0259 Misir, Suriya, \u0130ordaniya, \u0130raq v\u0259 \u018flc\u0259zair kimi 5 \u0259r\u0259b d\u00f6vl\u0259tin\u0259 qar\u015f\u0131 t\u0259klikd\u0259 sava\u015fa ba\u015flayan \u0130srail tarix\u0259 Alt\u0131g\u00fcnl\u00fck m\u00fcharib\u0259 ad\u0131 il\u0259 d\u00fc\u015f\u0259n konfliktd\u0259 tam v\u0259 \u015f\u0259ksiz q\u0259l\u0259b\u0259 qazand\u0131. \u018fr\u0259b \u00f6lk\u0259l\u0259ri n\u0259 oldu\u011funu anlama\u011fa macal tapmam\u0131\u015f canl\u0131 q\u00fcvv\u0259 v\u0259 texnika sar\u0131dan d\u0259h\u015f\u0259tli t\u0259lafatla \u00fczl\u0259\u015fmi\u015f, xeyli \u0259razil\u0259r itirmi\u015fdil\u0259r. Mind\u0259n az \u0259sg\u0259r v\u0259 bir ne\u00e7\u0259 t\u0259yyar\u0259 itir\u0259n \u0130srail Sinay yar\u0131madas\u0131n\u0131, Holan y\u00fcks\u0259klikl\u0259rini, \u015f\u0259rqi Q\u00fcds\u00fc, Q\u0259zza sektorunu, \u0130ordan \u00e7ay\u0131n\u0131n q\u0259rb sahill\u0259rini \u0259l\u0259 ke\u00e7irmi\u015fdi.\n<\/p>\n<p>\n  \u018fr\u0259b koalisiyas\u0131na daxil olan d\u00f6vl\u0259tl\u0259r aras\u0131nda \u0259n \u00e7ox itkil\u0259r\u0259 m\u0259ruz qalan Misir oldu. \u00d6l\u0259n h\u0259rb\u00e7il\u0259rin say\u0131 12-15 min aras\u0131nda idi, 5 min \u0259sir d\u00fc\u015fm\u00fc\u015fd\u00fc. Sinay yar\u0131madas\u0131nda olan 935 tankdan 820-i itirilmi\u015fdi. 419 t\u0259yyar\u0259d\u0259n 304-\u00fc m\u0259hv edilmidi. Bir s\u00f6zl\u0259, n\u0259tic\u0259l\u0259r tam bir fiasko idi.\n<\/p>\n<p>\n  H\u0259l\u0259 at\u0259\u015fk\u0259s ba\u011flanmam\u0131\u015f, iyunun 9-da Naser biab\u0131r\u00e7\u0131 m\u0259\u011flubiyy\u0259ti etiraf ed\u0259r\u0259k istefa verdiyini v\u0259 s\u0259lahiyy\u0259tl\u0259rini vitse-prezident Z\u0259k\u0259riyy\u0259 M\u00fchiddin\u0259 \u00f6t\u00fcrd\u00fcy\u00fcn\u00fc bildirdi. Bu x\u0259b\u0259ri e\u015fid\u0259n y\u00fczminl\u0259rl\u0259 misirli k\u00fc\u00e7\u0259l\u0259r\u0259 \u00e7\u0131xaraq istefa q\u0259rar\u0131na etiraz\u0131n\u0131 bildirdi. Onlar prezidentin yenid\u0259n v\u0259zif\u0259y\u0259 qay\u0131tmas\u0131n\u0131 t\u0259l\u0259b edirdil\u0259r. Ert\u0259si g\u00fcn Naser xalq\u0131n r\u0259yini n\u0259z\u0259r\u0259 ald\u0131\u011f\u0131n\u0131, istefadan vaz ke\u00e7diyini a\u00e7\u0131qlad\u0131.\n<\/p>\n<p>\n  Alt\u0131g\u00fcnl\u00fck m\u00fcharib\u0259d\u0259n 3 il sonra Camal \u018fbd\u00fcl Naser 52 ya\u015f\u0131nda \u00fcr\u0259k x\u0259st\u0259liyind\u0259n v\u0259fat etdi. Vitse-prezident kimi onun yerin\u0259 ke\u00e7\u0259n \u018fnv\u0259r Sadat \u00f6lk\u0259d\u0259 ciddi n\u00fcfuza malik deyildi v\u0259 proqnozlar\u0131n \u0259ks\u0259riyy\u0259tin\u0259 g\u00f6r\u0259 m\u00fcv\u0259qq\u0259ti fiqur idi. Lakin o, \u00f6z hakimiyy\u0259tini qoruma\u011f\u0131 bacard\u0131. 1971-ci ilin may\u0131nda \u018fli S\u0259bri ba\u015fda olmaqla Naserin bir qrup yax\u0131n silahda\u015flar\u0131 h\u0259bs edildil\u0259r v\u0259 sui-q\u0259sd t\u0259\u015fkil etm\u0259kd\u0259 su\u00e7lanaraq a\u011f\u0131r c\u0259zalara m\u0259hkum olundular. Bu hadis\u0259l\u0259r Misird\u0259 \u201cMay islah inqilab\u0131\u201d ad\u0131n\u0131 ald\u0131.\n<\/p>\n<p>\n  Yeni prezident Misirin xarici siyas\u0259tind\u0259 k\u0259skin d\u00f6n\u00fc\u015fl\u0259r\u0259 imza atd\u0131. SSR\u0130 il\u0259 dostluqdan imtina ed\u0259n Sadat AB\u015e-la yax\u0131nla\u015fma kursu g\u00f6t\u00fcrd\u00fc. 1977-ci ild\u0259 \u018fnv\u0259r Sadat\u0131n Q\u00fcds\u0259 s\u0259f\u0259r ed\u0259r\u0259k \u0130srail parlamentind\u0259 \u00e7\u0131x\u0131\u015f etm\u0259si b\u00fct\u00fcn d\u00fcnyan\u0131 \u015foka sald\u0131. Bel\u0259c\u0259, Misir \u0130sraili r\u0259sm\u0259n tan\u0131yan ilk \u0259r\u0259b d\u00f6vl\u0259ti odu. N\u00f6vb\u0259ti ild\u0259 is\u0259 \u0130srailin ba\u015f naziri Begin v\u0259 Misir prezidenti Kemp-Devidd\u0259 s\u00fclh sazi\u015fi imzalad\u0131lar. Vaxtil\u0259 nasist Almaniyas\u0131n\u0131n k\u0259\u015ffiyyat\u0131 il\u0259 s\u0131x \u0259laq\u0259l\u0259ri olan \u018fnv\u0259r Sadat bu sazi\u015f\u0259 g\u00f6r\u0259 Beginl\u0259 birlikd\u0259 Nobel s\u00fclh m\u00fckafat\u0131na layiq g\u00f6r\u00fcld\u00fc.\n<\/p>\n<p>\n  Sadat hakimiyy\u0259tinin sonrak\u0131 ill\u0259rind\u0259 d\u0259 Naserin \u00e7oxlu t\u0259r\u0259fdar\u0131 v\u0259zif\u0259l\u0259rind\u0259n \u00e7\u0131xar\u0131ld\u0131lar, zindanlara at\u0131ld\u0131lar. 1981-ci ild\u0259 is\u0259 \u201cM\u00fcs\u0259lman qarda\u015flar\u201d t\u0259\u015fkilat\u0131n\u0131n \u00fczv\u00fc olan zabitl\u0259rin sui-q\u0259sdi n\u0259tic\u0259sind\u0259 \u018fnv\u0259r Sadat \u00f6ld\u00fcr\u00fcld\u00fc. Misird\u0259 \u201c\u0259r\u0259b bahar\u0131\u201dna q\u0259d\u0259r 30 il davam ed\u0259n H\u00fcsn\u00fc M\u00fcbar\u0259k hakimiyy\u0259ti ba\u015flad\u0131. B\u00fct\u00fcn bu 30 il \u0259rzind\u0259 \u00f6lk\u0259d\u0259 f\u00f6vq\u0259lad\u0259 v\u0259ziyy\u0259t t\u0259tbiq olundu.\n<\/p>\n<p>\n  ***\n<\/p>\n<p>\n  Xaricd\u0259 qalib, daxild\u0259 m\u0259\u011flub olan bir lider v\u0259 xaricd\u0259 m\u0259\u011flub, daxild\u0259 qalib olan ikinci lider&#8230; Bir qayda olaraq bu tipli m\u0259qal\u0259l\u0259rin sonunda m\u00fcqayis\u0259li t\u0259hlil apar\u0131l\u0131r. Lakin fikrimizc\u0259, buna ehtiyac yoxdur. Zat\u0259n h\u0259r \u015fey ortada v\u0259 obyektiv olan \u015f\u0259xsl\u0259r \u00f6zl\u0259ri n\u0259tic\u0259 \u00e7\u0131xaracaqlar. Faktlara r\u0259\u011fm\u0259n ideoloji kli\u015fel\u0259rd\u0259n \u00e7\u0131xa bilm\u0259y\u0259nl\u0259r\u0259 is\u0259 t\u0259hlil d\u0259 k\u00f6m\u0259k etm\u0259y\u0259c\u0259k.<\/p>\n","protected":false},"excerpt":{"rendered":"<p>10 may 1940-c\u0131 il<\/p>\n","protected":false},"author":11,"featured_media":88960,"comment_status":"closed","ping_status":"open","sticky":false,"template":"","format":"standard","meta":{"_acf_changed":false,"_sitemap_exclude":false,"_sitemap_priority":"","_sitemap_frequency":"","footnotes":""},"categories":[57],"tags":[],"class_list":["post-185563","post","type-post","status-publish","format-standard","has-post-thumbnail","hentry","category-menim-fikrimce","infinite-scroll-item","generate-columns","tablet-grid-50","mobile-grid-100","grid-parent","grid-33","no-featured-image-padding"],"acf":[],"yoast_head":"<!-- This site is optimized with the Yoast SEO plugin v27.5 - https:\/\/yoast.com\/product\/yoast-seo-wordpress\/ -->\n<title>\u018fv\u0259z olunan v\u0259 \u0259v\u0259zolunmaz 2 lider - MEYDAN.TV<\/title>\n<meta name=\"robots\" content=\"index, follow, max-snippet:-1, max-image-preview:large, max-video-preview:-1\" \/>\n<link rel=\"canonical\" href=\"https:\/\/www.meydan.tv\/az\/article\/evez-olunan-ve-evezolunmaz-2-lider\/\" \/>\n<meta property=\"og:locale\" content=\"az_AZ\" \/>\n<meta property=\"og:type\" content=\"article\" \/>\n<meta property=\"og:title\" content=\"\u018fv\u0259z olunan v\u0259 \u0259v\u0259zolunmaz 2 lider - MEYDAN.TV\" \/>\n<meta property=\"og:description\" content=\"10 may 1940-c\u0131 il\" \/>\n<meta property=\"og:url\" content=\"https:\/\/www.meydan.tv\/az\/article\/evez-olunan-ve-evezolunmaz-2-lider\/\" \/>\n<meta property=\"og:site_name\" content=\"MEYDAN.TV\" \/>\n<meta property=\"article:published_time\" content=\"2017-07-14T19:53:29+00:00\" \/>\n<meta property=\"og:image\" content=\"https:\/\/www.meydan.tv\/wp-content\/uploads\/35091.jpg\" \/>\n\t<meta property=\"og:image:width\" content=\"1168\" \/>\n\t<meta property=\"og:image:height\" content=\"657\" \/>\n\t<meta property=\"og:image:type\" content=\"image\/jpeg\" \/>\n<meta name=\"author\" content=\"user-manager\" \/>\n<meta name=\"twitter:card\" content=\"summary_large_image\" \/>\n<script type=\"application\/ld+json\" class=\"yoast-schema-graph\">{\"@context\":\"https:\\\/\\\/schema.org\",\"@graph\":[{\"@type\":\"Article\",\"@id\":\"https:\\\/\\\/www.meydan.tv\\\/az\\\/article\\\/evez-olunan-ve-evezolunmaz-2-lider\\\/#article\",\"isPartOf\":{\"@id\":\"https:\\\/\\\/www.meydan.tv\\\/az\\\/article\\\/evez-olunan-ve-evezolunmaz-2-lider\\\/\"},\"author\":{\"name\":\"user-manager\",\"@id\":\"https:\\\/\\\/www.meydan.tv\\\/az\\\/#\\\/schema\\\/person\\\/10d11eccf6da3662cf5fdab9806ea91a\"},\"headline\":\"\u018fv\u0259z olunan v\u0259 \u0259v\u0259zolunmaz 2 lider\",\"datePublished\":\"2017-07-14T19:53:29+00:00\",\"mainEntityOfPage\":{\"@id\":\"https:\\\/\\\/www.meydan.tv\\\/az\\\/article\\\/evez-olunan-ve-evezolunmaz-2-lider\\\/\"},\"wordCount\":3460,\"publisher\":{\"@id\":\"https:\\\/\\\/www.meydan.tv\\\/az\\\/#organization\"},\"image\":{\"@id\":\"https:\\\/\\\/www.meydan.tv\\\/az\\\/article\\\/evez-olunan-ve-evezolunmaz-2-lider\\\/#primaryimage\"},\"thumbnailUrl\":\"https:\\\/\\\/www.meydan.tv\\\/wp-content\\\/uploads\\\/35091.jpg\",\"articleSection\":[\"M\u0259nim Fikrimc\u0259\"],\"inLanguage\":\"az\"},{\"@type\":\"WebPage\",\"@id\":\"https:\\\/\\\/www.meydan.tv\\\/az\\\/article\\\/evez-olunan-ve-evezolunmaz-2-lider\\\/\",\"url\":\"https:\\\/\\\/www.meydan.tv\\\/az\\\/article\\\/evez-olunan-ve-evezolunmaz-2-lider\\\/\",\"name\":\"\u018fv\u0259z olunan v\u0259 \u0259v\u0259zolunmaz 2 lider - MEYDAN.TV\",\"isPartOf\":{\"@id\":\"https:\\\/\\\/www.meydan.tv\\\/az\\\/#website\"},\"primaryImageOfPage\":{\"@id\":\"https:\\\/\\\/www.meydan.tv\\\/az\\\/article\\\/evez-olunan-ve-evezolunmaz-2-lider\\\/#primaryimage\"},\"image\":{\"@id\":\"https:\\\/\\\/www.meydan.tv\\\/az\\\/article\\\/evez-olunan-ve-evezolunmaz-2-lider\\\/#primaryimage\"},\"thumbnailUrl\":\"https:\\\/\\\/www.meydan.tv\\\/wp-content\\\/uploads\\\/35091.jpg\",\"datePublished\":\"2017-07-14T19:53:29+00:00\",\"breadcrumb\":{\"@id\":\"https:\\\/\\\/www.meydan.tv\\\/az\\\/article\\\/evez-olunan-ve-evezolunmaz-2-lider\\\/#breadcrumb\"},\"inLanguage\":\"az\",\"potentialAction\":[{\"@type\":\"ReadAction\",\"target\":[\"https:\\\/\\\/www.meydan.tv\\\/az\\\/article\\\/evez-olunan-ve-evezolunmaz-2-lider\\\/\"]}]},{\"@type\":\"ImageObject\",\"inLanguage\":\"az\",\"@id\":\"https:\\\/\\\/www.meydan.tv\\\/az\\\/article\\\/evez-olunan-ve-evezolunmaz-2-lider\\\/#primaryimage\",\"url\":\"https:\\\/\\\/www.meydan.tv\\\/wp-content\\\/uploads\\\/35091.jpg\",\"contentUrl\":\"https:\\\/\\\/www.meydan.tv\\\/wp-content\\\/uploads\\\/35091.jpg\",\"width\":1168,\"height\":657,\"caption\":\"Source:\"},{\"@type\":\"BreadcrumbList\",\"@id\":\"https:\\\/\\\/www.meydan.tv\\\/az\\\/article\\\/evez-olunan-ve-evezolunmaz-2-lider\\\/#breadcrumb\",\"itemListElement\":[{\"@type\":\"ListItem\",\"position\":1,\"name\":\"Ana s\u0259hif\u0259\",\"item\":\"https:\\\/\\\/www.meydan.tv\\\/az\\\/\"},{\"@type\":\"ListItem\",\"position\":2,\"name\":\"M\u0259nim Fikrimc\u0259\",\"item\":\"https:\\\/\\\/www.meydan.tv\\\/az\\\/section\\\/menim-fikrimce\\\/\"},{\"@type\":\"ListItem\",\"position\":3,\"name\":\"\u018fv\u0259z olunan v\u0259 \u0259v\u0259zolunmaz 2 lider\"}]},{\"@type\":\"WebSite\",\"@id\":\"https:\\\/\\\/www.meydan.tv\\\/az\\\/#website\",\"url\":\"https:\\\/\\\/www.meydan.tv\\\/az\\\/\",\"name\":\"MEYDAN.TV\",\"description\":\"Meydan TV Az\u0259rbaycan\u0131n media m\u0259kan\u0131ndak\u0131 alternativ s\u0259sidir\",\"publisher\":{\"@id\":\"https:\\\/\\\/www.meydan.tv\\\/az\\\/#organization\"},\"potentialAction\":[{\"@type\":\"SearchAction\",\"target\":{\"@type\":\"EntryPoint\",\"urlTemplate\":\"https:\\\/\\\/www.meydan.tv\\\/az\\\/?s={search_term_string}\"},\"query-input\":{\"@type\":\"PropertyValueSpecification\",\"valueRequired\":true,\"valueName\":\"search_term_string\"}}],\"inLanguage\":\"az\"},{\"@type\":\"Organization\",\"@id\":\"https:\\\/\\\/www.meydan.tv\\\/az\\\/#organization\",\"name\":\"Meydan TV\",\"url\":\"https:\\\/\\\/www.meydan.tv\\\/az\\\/\",\"logo\":{\"@type\":\"ImageObject\",\"inLanguage\":\"az\",\"@id\":\"https:\\\/\\\/www.meydan.tv\\\/az\\\/#\\\/schema\\\/logo\\\/image\\\/\",\"url\":\"https:\\\/\\\/www.meydan.tv\\\/wp-content\\\/uploads\\\/2021\\\/07\\\/meydan-logo.svg\",\"contentUrl\":\"https:\\\/\\\/www.meydan.tv\\\/wp-content\\\/uploads\\\/2021\\\/07\\\/meydan-logo.svg\",\"width\":195,\"height\":46,\"caption\":\"Meydan TV\"},\"image\":{\"@id\":\"https:\\\/\\\/www.meydan.tv\\\/az\\\/#\\\/schema\\\/logo\\\/image\\\/\"}},{\"@type\":\"Person\",\"@id\":\"https:\\\/\\\/www.meydan.tv\\\/az\\\/#\\\/schema\\\/person\\\/10d11eccf6da3662cf5fdab9806ea91a\",\"name\":\"user-manager\"}]}<\/script>\n<!-- \/ Yoast SEO plugin. -->","yoast_head_json":{"title":"\u018fv\u0259z olunan v\u0259 \u0259v\u0259zolunmaz 2 lider - MEYDAN.TV","robots":{"index":"index","follow":"follow","max-snippet":"max-snippet:-1","max-image-preview":"max-image-preview:large","max-video-preview":"max-video-preview:-1"},"canonical":"https:\/\/www.meydan.tv\/az\/article\/evez-olunan-ve-evezolunmaz-2-lider\/","og_locale":"az_AZ","og_type":"article","og_title":"\u018fv\u0259z olunan v\u0259 \u0259v\u0259zolunmaz 2 lider - MEYDAN.TV","og_description":"10 may 1940-c\u0131 il","og_url":"https:\/\/www.meydan.tv\/az\/article\/evez-olunan-ve-evezolunmaz-2-lider\/","og_site_name":"MEYDAN.TV","article_published_time":"2017-07-14T19:53:29+00:00","og_image":[{"width":1168,"height":657,"url":"https:\/\/www.meydan.tv\/wp-content\/uploads\/35091.jpg","type":"image\/jpeg"}],"author":"user-manager","twitter_card":"summary_large_image","schema":{"@context":"https:\/\/schema.org","@graph":[{"@type":"Article","@id":"https:\/\/www.meydan.tv\/az\/article\/evez-olunan-ve-evezolunmaz-2-lider\/#article","isPartOf":{"@id":"https:\/\/www.meydan.tv\/az\/article\/evez-olunan-ve-evezolunmaz-2-lider\/"},"author":{"name":"user-manager","@id":"https:\/\/www.meydan.tv\/az\/#\/schema\/person\/10d11eccf6da3662cf5fdab9806ea91a"},"headline":"\u018fv\u0259z olunan v\u0259 \u0259v\u0259zolunmaz 2 lider","datePublished":"2017-07-14T19:53:29+00:00","mainEntityOfPage":{"@id":"https:\/\/www.meydan.tv\/az\/article\/evez-olunan-ve-evezolunmaz-2-lider\/"},"wordCount":3460,"publisher":{"@id":"https:\/\/www.meydan.tv\/az\/#organization"},"image":{"@id":"https:\/\/www.meydan.tv\/az\/article\/evez-olunan-ve-evezolunmaz-2-lider\/#primaryimage"},"thumbnailUrl":"https:\/\/www.meydan.tv\/wp-content\/uploads\/35091.jpg","articleSection":["M\u0259nim Fikrimc\u0259"],"inLanguage":"az"},{"@type":"WebPage","@id":"https:\/\/www.meydan.tv\/az\/article\/evez-olunan-ve-evezolunmaz-2-lider\/","url":"https:\/\/www.meydan.tv\/az\/article\/evez-olunan-ve-evezolunmaz-2-lider\/","name":"\u018fv\u0259z olunan v\u0259 \u0259v\u0259zolunmaz 2 lider - MEYDAN.TV","isPartOf":{"@id":"https:\/\/www.meydan.tv\/az\/#website"},"primaryImageOfPage":{"@id":"https:\/\/www.meydan.tv\/az\/article\/evez-olunan-ve-evezolunmaz-2-lider\/#primaryimage"},"image":{"@id":"https:\/\/www.meydan.tv\/az\/article\/evez-olunan-ve-evezolunmaz-2-lider\/#primaryimage"},"thumbnailUrl":"https:\/\/www.meydan.tv\/wp-content\/uploads\/35091.jpg","datePublished":"2017-07-14T19:53:29+00:00","breadcrumb":{"@id":"https:\/\/www.meydan.tv\/az\/article\/evez-olunan-ve-evezolunmaz-2-lider\/#breadcrumb"},"inLanguage":"az","potentialAction":[{"@type":"ReadAction","target":["https:\/\/www.meydan.tv\/az\/article\/evez-olunan-ve-evezolunmaz-2-lider\/"]}]},{"@type":"ImageObject","inLanguage":"az","@id":"https:\/\/www.meydan.tv\/az\/article\/evez-olunan-ve-evezolunmaz-2-lider\/#primaryimage","url":"https:\/\/www.meydan.tv\/wp-content\/uploads\/35091.jpg","contentUrl":"https:\/\/www.meydan.tv\/wp-content\/uploads\/35091.jpg","width":1168,"height":657,"caption":"Source:"},{"@type":"BreadcrumbList","@id":"https:\/\/www.meydan.tv\/az\/article\/evez-olunan-ve-evezolunmaz-2-lider\/#breadcrumb","itemListElement":[{"@type":"ListItem","position":1,"name":"Ana s\u0259hif\u0259","item":"https:\/\/www.meydan.tv\/az\/"},{"@type":"ListItem","position":2,"name":"M\u0259nim Fikrimc\u0259","item":"https:\/\/www.meydan.tv\/az\/section\/menim-fikrimce\/"},{"@type":"ListItem","position":3,"name":"\u018fv\u0259z olunan v\u0259 \u0259v\u0259zolunmaz 2 lider"}]},{"@type":"WebSite","@id":"https:\/\/www.meydan.tv\/az\/#website","url":"https:\/\/www.meydan.tv\/az\/","name":"MEYDAN.TV","description":"Meydan TV Az\u0259rbaycan\u0131n media m\u0259kan\u0131ndak\u0131 alternativ s\u0259sidir","publisher":{"@id":"https:\/\/www.meydan.tv\/az\/#organization"},"potentialAction":[{"@type":"SearchAction","target":{"@type":"EntryPoint","urlTemplate":"https:\/\/www.meydan.tv\/az\/?s={search_term_string}"},"query-input":{"@type":"PropertyValueSpecification","valueRequired":true,"valueName":"search_term_string"}}],"inLanguage":"az"},{"@type":"Organization","@id":"https:\/\/www.meydan.tv\/az\/#organization","name":"Meydan TV","url":"https:\/\/www.meydan.tv\/az\/","logo":{"@type":"ImageObject","inLanguage":"az","@id":"https:\/\/www.meydan.tv\/az\/#\/schema\/logo\/image\/","url":"https:\/\/www.meydan.tv\/wp-content\/uploads\/2021\/07\/meydan-logo.svg","contentUrl":"https:\/\/www.meydan.tv\/wp-content\/uploads\/2021\/07\/meydan-logo.svg","width":195,"height":46,"caption":"Meydan TV"},"image":{"@id":"https:\/\/www.meydan.tv\/az\/#\/schema\/logo\/image\/"}},{"@type":"Person","@id":"https:\/\/www.meydan.tv\/az\/#\/schema\/person\/10d11eccf6da3662cf5fdab9806ea91a","name":"user-manager"}]}},"_links":{"self":[{"href":"https:\/\/www.meydan.tv\/az\/wp-json\/wp\/v2\/posts\/185563","targetHints":{"allow":["GET"]}}],"collection":[{"href":"https:\/\/www.meydan.tv\/az\/wp-json\/wp\/v2\/posts"}],"about":[{"href":"https:\/\/www.meydan.tv\/az\/wp-json\/wp\/v2\/types\/post"}],"author":[{"embeddable":true,"href":"https:\/\/www.meydan.tv\/az\/wp-json\/wp\/v2\/users\/11"}],"replies":[{"embeddable":true,"href":"https:\/\/www.meydan.tv\/az\/wp-json\/wp\/v2\/comments?post=185563"}],"version-history":[{"count":0,"href":"https:\/\/www.meydan.tv\/az\/wp-json\/wp\/v2\/posts\/185563\/revisions"}],"wp:featuredmedia":[{"embeddable":true,"href":"https:\/\/www.meydan.tv\/az\/wp-json\/wp\/v2\/media\/88960"}],"wp:attachment":[{"href":"https:\/\/www.meydan.tv\/az\/wp-json\/wp\/v2\/media?parent=185563"}],"wp:term":[{"taxonomy":"category","embeddable":true,"href":"https:\/\/www.meydan.tv\/az\/wp-json\/wp\/v2\/categories?post=185563"},{"taxonomy":"post_tag","embeddable":true,"href":"https:\/\/www.meydan.tv\/az\/wp-json\/wp\/v2\/tags?post=185563"}],"curies":[{"name":"wp","href":"https:\/\/api.w.org\/{rel}","templated":true}]}}