{"id":185519,"date":"2017-07-12T19:01:04","date_gmt":"2017-07-12T19:01:04","guid":{"rendered":"https:\/\/www.meydan.tv\/article\/rauf-mirqedirov-brussel-gorusu-neticesiz-bitdi\/"},"modified":"2017-07-12T19:01:04","modified_gmt":"2017-07-12T19:01:04","slug":"rauf-mirqedirov-brussel-gorusu-neticesiz-bitdi","status":"publish","type":"post","link":"https:\/\/www.meydan.tv\/az\/article\/rauf-mirqedirov-brussel-gorusu-neticesiz-bitdi\/","title":{"rendered":"Rauf Mirq\u0259dirov: Br\u00fcssel g\u00f6r\u00fc\u015f\u00fc n\u0259tic\u0259siz bitdi"},"content":{"rendered":"<figure class=\"wp-block-image size-large\">\n  <img decoding=\"async\" src=\"https:\/\/www.meydan.tv\/az\/88816\/\" alt=\"\" class=\"wp-image-88816\"\/><figcaption><\/figcaption><\/figure>\n<p>\n  <i><br \/>\n    &#8221;\u0130ndiki qeyri-m\u00fc\u0259yy\u0259n \u015f\u0259raitd\u0259 Rusiya \u0259lind\u0259 olan imkanlar\u0131 itirm\u0259k ist\u0259mir&#8221;<br \/>\n  <\/i>\n<\/p>\n<p>\n  \u0130yulun 11-d\u0259 Br\u00fcsseld\u0259 Az\u0259rbaycan v\u0259 Erm\u0259nistan xarici i\u015fl\u0259r nazirl\u0259ri Elmar M\u0259mm\u0259dyarov v\u0259 Edvard Nalbandyanla AT\u018fT-in Minsk Qrupunun h\u0259ms\u0259drl\u0259ri aras\u0131nda g\u00f6r\u00fc\u015f olub.\n<\/p>\n<p>\n  AT\u018fT-in Minsk Qrupunun h\u0259ms\u0259drl\u0259ri ilin sonunda prezidentl\u0259r aras\u0131nda y\u00fcks\u0259k s\u0259viyy\u0259li g\u00f6r\u00fc\u015f\u00fcn t\u0259\u015fkili \u00fc\u00e7\u00fcn \u00f6z k\u00f6m\u0259kl\u0259rini t\u0259klif edibl\u0259r.\n<\/p>\n<p>\n  Bu bar\u0259d\u0259 h\u0259ms\u0259drl\u0259rin b\u0259yanatda qeyd olunub. Bildirilir ki, g\u00f6r\u00fc\u015fd\u0259 Da\u011fl\u0131q Qaraba\u011f m\u00fcnaqi\u015f\u0259sinin t\u0259nziml\u0259nm\u0259si il\u0259 ba\u011fl\u0131 g\u0259l\u0259c\u0259kd\u0259 g\u00f6r\u00fcl\u0259c\u0259k i\u015fl\u0259rin format\u0131 m\u00fczakir\u0259 edilib:\n<\/p>\n<p>\n  &#8220;Nazirl\u0259rin g\u00f6r\u00fc\u015f\u00fc zaman\u0131 t\u0259mas x\u0259ttind\u0259ki haz\u0131rk\u0131 v\u0259ziyy\u0259t m\u00fczakir\u0259 olunub. \u0130ki \u00f6lk\u0259 xarici i\u015fl\u0259r nazirl\u0259ri bu ilin sentyabr\u0131nda BMT Ba\u015f Assambleyas\u0131n\u0131n 72-ci sessiyas\u0131 \u00e7\u0259r\u00e7iv\u0259sind\u0259 g\u00f6r\u00fc\u015fm\u0259y\u0259 raz\u0131l\u0131q \u00a0veribl\u0259r&#8221;.\n<\/p>\n<p>\n  Az\u0259rbaycan Xarici \u0130\u015fl\u0259r Nazirliyinin m\u0259tbuat xidm\u0259tinin r\u0259hb\u0259ri Hikm\u0259t Hac\u0131yev APA-ya Bak\u0131n\u0131n t\u0259klif\u0259 raz\u0131l\u0131\u011f\u0131n\u0131 ifad\u0259 edib.\n<\/p>\n<p>\n  X\u0130N r\u0259smisi bildirib ki, h\u0259ms\u0259drl\u0259r t\u0259r\u0259find\u0259n Az\u0259rbaycan v\u0259 Erm\u0259nistan prezidentl\u0259rinin g\u00f6r\u00fc\u015f\u00fc bar\u0259sind\u0259 t\u0259klif h\u0259r iki \u00f6lk\u0259nin xarici i\u015fl\u0259r nazirl\u0259ri t\u0259r\u0259find\u0259n d\u00f6vl\u0259t ba\u015f\u00e7\u0131lar\u0131na m\u0259ruz\u0259 edil\u0259c\u0259k: \u201c2017-ci ilin pay\u0131z\u0131nda h\u0259ms\u0259drl\u0259rin regiona t\u0259krar s\u0259f\u0259ri planla\u015fd\u0131r\u0131l\u0131b. G\u00f6r\u00fc\u015f \u0259snas\u0131nda xarici i\u015fl\u0259r naziri Elmar M\u0259mm\u0259dyarov bir daha bildirib ki, m\u00fcnaqi\u015f\u0259 il\u0259 \u0259laq\u0259dar g\u0259rginliyin azald\u0131lmas\u0131 v\u0259 regionda t\u0259hl\u00fck\u0259sizliyin t\u0259min olunmas\u0131 \u00fc\u00e7\u00fcn h\u0259ms\u0259drl\u0259rin t\u0259qdim etdikl\u0259ri m\u00f6vcud planlara uy\u011fun olaraq, Erm\u0259nistan qo\u015funlar\u0131 Az\u0259rbaycan\u0131n i\u015f\u011fal edilmi\u015f \u0259razil\u0259rind\u0259n \u00e7\u0131xar\u0131lmal\u0131d\u0131r\u201d.\n<\/p>\n<p>\n  H.Hac\u0131yevin s\u00f6zl\u0259rin\u0259 g\u00f6r\u0259, M\u0259mm\u0259dyarov-Nalbandyan g\u00f6r\u00fc\u015f\u00fcnd\u0259 h\u0259r hans\u0131 mexanizml\u0259rin yarad\u0131lmas\u0131 m\u00fczakir\u0259 m\u00f6vzusu olmay\u0131b.\n<\/p>\n<p>\n  M\u00fchacir\u0259td\u0259 olan siyasi icmal\u00e7\u0131 Rauf Mirq\u0259dirov nazirl\u0259rin g\u00f6r\u00fc\u015f\u00fcn\u00fcn n\u0259tic\u0259siz yekunla\u015fd\u0131\u011f\u0131n\u0131 d\u00fc\u015f\u00fcn\u00fcr:\n<\/p>\n<p>\n  &#8220;Ciddi n\u0259tic\u0259 olsayd\u0131, t\u0259r\u0259fl\u0259rin b\u0259yanatlar\u0131 daha d\u0259qiq v\u0259 daha s\u0259lis olard\u0131&#8221;.\n<\/p>\n<p>\n  O, Meydan.TV-y\u0259 deyib ki, h\u0259ms\u0259drl\u0259r t\u0259mas x\u0259ttind\u0259ki g\u0259rginliyi a\u015fa\u011f\u0131 salmaq \u00fc\u00e7\u00fcn n\u00f6vb\u0259ti g\u00f6r\u00fc\u015fl\u0259r t\u0259\u015fkil etm\u0259k ist\u0259yirl\u0259r: &#8220;Onlar\u0131n he\u00e7 bir yeni t\u0259klifi yoxdur v\u0259 k\u00f6hn\u0259 t\u0259klifl\u0259rin \u0259traf\u0131nda da yenil\u0259nm\u0259 sezilmir. Bel\u0259 bir \u015f\u0259raitd\u0259 n\u0259tic\u0259nin olaca\u011f\u0131n\u0131 d\u00fc\u015f\u00fcnm\u00fcr\u0259m&#8221;.\n<\/p>\n<figure class=\"wp-block-image size-large\">\n  <img decoding=\"async\" src=\"https:\/\/www.meydan.tv\/az\/88819\/\" alt=\"\" class=\"wp-image-88819\"\/><figcaption>\n    Rauf Mirq\u0259dirov<br \/>\n  <\/figcaption><\/figure>\n<p>\n  R.Mirq\u0259dirov xat\u0131rlad\u0131b ki, Erm\u0259nistan xarici i\u015fl\u0259r naziri Nalbandyan Br\u00fcssel\u0259 getm\u0259zd\u0259n \u0259vv\u0259l Rusiya xarici i\u015fl\u0259r naziri Lavrovla g\u00f6r\u00fc\u015f\u00fcb: &#8220;Prinsipc\u0259, Nalbandyan\u0131n Lavrovdan t\u0259limat alaraq Br\u00fcssel\u0259 g\u0259ldiyini dem\u0259k olar&#8221;.\n<\/p>\n<p>\n  Onun fikrinc\u0259, haz\u0131rda Da\u011fl\u0131q Qaraba\u011fla ba\u011fl\u0131 dan\u0131\u015f\u0131qlardan ciddi n\u0259tic\u0259 g\u00f6zl\u0259m\u0259k m\u00fcmk\u00fcns\u00fczd\u00fcr: &#8220;S\u0259b\u0259b regionda v\u0259 d\u00fcnyada qeyri-m\u00fc\u0259yy\u0259n \u015f\u0259raitl\u0259 ba\u011fl\u0131d\u0131r. \u0130ndiki qeyri-m\u00fc\u0259yy\u0259n \u015f\u0259raitd\u0259 Rusiya \u0259lind\u0259 olan imkanlar\u0131 itirm\u0259k ist\u0259mir. Da\u011fl\u0131q Qaraba\u011f m\u00fcnaqi\u015f\u0259si regionda mara\u011f\u0131 olan g\u00fccl\u0259r \u00fc\u00e7\u00fcn t\u0259sir v\u0259 alver vasit\u0259sidir. Bu alver is\u0259 ba\u015fa \u00e7atmay\u0131b, Trampla Putinin g\u00f6r\u00fc\u015f\u00fc d\u0259 g\u00f6st\u0259rdi ki, \u00fcmumiyy\u0259tl\u0259, AB\u015e-dak\u0131 durumla ba\u011fl\u0131 ciddi alver he\u00e7 ba\u015flamay\u0131b da. Bu m\u0259nada v\u0259ziyy\u0259ti dondurmaq m\u00fcmk\u00fcn olmasa da, s\u00f6hb\u0259t g\u0259rginliyin v\u0259 qar\u015f\u0131durman\u0131n s\u0259viyy\u0259sini azaltmaqdan gedir. H\u0259ms\u0259drl\u0259r d\u0259 bu missiyan\u0131 yerin\u0259 yetirirl\u0259r&#8221;.\n<\/p>\n<p>\n  Siyasi icmal\u00e7\u0131 deyib ki, prezidentl\u0259rin g\u00f6r\u00fc\u015f\u00fc ba\u015f tutarsa, n\u0259tic\u0259 ver\u0259c\u0259yin\u0259 inanm\u0131r:\n<\/p>\n<p>\n  &#8220;R\u0259smi Bak\u0131 Minsk Qrupundan ciddi bir t\u0259\u015f\u0259bb\u00fcs g\u00f6zl\u0259m\u0259m\u0259lidir. S\u00f6hb\u0259t Moskva-Va\u015finqton-Qafqaz \u00fc\u00e7buca\u011f\u0131ndan gedir, bu regionda m\u00fcnasib\u0259tl\u0259r ayd\u0131nla\u015fmal\u0131d\u0131r. Problem ondad\u0131r ki, Az\u0259rbaycan hakimiyy\u0259ti bu \u00fc\u00e7bucaqda m\u00fcnasib\u0259tl\u0259rin ayd\u0131nla\u015fmas\u0131ndan qorxur. Minsk Qrupu dan\u0131\u015f\u0131qlar\u0131 bo\u015f yer\u0259 aparm\u0131r, onlara bunu BMT T\u0259hl\u00fck\u0259sizlik \u015euras\u0131 h\u0259val\u0259 edib. \u018fslind\u0259 BMT T\u0259hl\u00fck\u0259sizlik \u015euras\u0131 da dan\u0131\u015f\u0131qlara n\u0259zar\u0259t etm\u0259lidir, m\u0259lum q\u0259tnam\u0259l\u0259rin n\u0259 d\u0259r\u0259c\u0259d\u0259 yerin\u0259 yetirilib-yetirilm\u0259d\u0259yin\u0259 baxmal\u0131d\u0131r. \u018fg\u0259r biz problemi BMT T\u0259hl\u00fck\u0259sizlik \u015euras\u0131na qaytarsaq, h\u0259min \u00fc\u00e7bucaqda t\u0259kl\u0259n\u0259rik v\u0259 m\u0259s\u0259l\u0259nin m\u00fczakir\u0259sini formal h\u0259yata ke\u00e7ir\u0259rl\u0259r. Halbuki, T\u0259hl\u00fck\u0259sizlik \u015euras\u0131n\u0131n q\u0259tnam\u0259l\u0259rind\u0259 \u0259razil\u0259rin qaytar\u0131lmas\u0131 birm\u0259nal\u0131 olsa da, haz\u0131rk\u0131 m\u00fczakir\u0259l\u0259rd\u0259 bunlar yoxdur. H\u0259tta d\u0259hlizin statusu gedir. Diplomatiyam\u0131z\u0131n z\u0259ifliyi burda g\u00f6r\u00fcn\u00fcr. \u018fg\u0259r Az\u0259rbaycan qeyd etdiyim m\u0259qamlar\u0131 g\u00fcnd\u0259m\u0259 g\u0259tirmirs\u0259, bu, qorxudand\u0131r. \u00d6t\u0259n ilin aprel \u0259m\u0259liyyat\u0131 m\u00fcnaqi\u015f\u0259nin BMT T\u0259hl\u00fck\u0259sizlik \u015euras\u0131n\u0131n g\u00fcnd\u0259min\u0259 g\u0259tirilm\u0259si situasiyas\u0131n\u0131 yaratm\u0131\u015fd\u0131. Amma bunu ed\u0259 bilm\u0259dik. \u0130yulun 4-d\u0259 2 ya\u015fl\u0131 u\u015faq \u00f6ld\u00fcr\u00fcld\u00fc, imkan yarand\u0131 ki, m\u00fcnaqi\u015f\u0259 BMT T\u0259hl\u00fck\u0259sizlik \u015euras\u0131n\u0131n g\u00fcnd\u0259min\u0259 g\u0259tirilsin, amma Bak\u0131 yen\u0259 t\u0259\u015f\u0259bb\u00fcs g\u00f6st\u0259rm\u0259di. H\u0259l\u0259lik r\u0259smi Bak\u0131 veril\u0259n qurbanlar\u0131n yaratd\u0131\u011f\u0131 \u015f\u0259raitd\u0259n istifad\u0259 ed\u0259 bilmir. Son vaxtlar b\u0259zi siyasi icmal\u00e7\u0131lar dan\u0131\u015f\u0131qlar prosesind\u0259n \u00e7\u0131xma\u011f\u0131 t\u0259klif edir, o zaman yeniliyi \u00f6z\u00fcnd\u0259 ehtiva ed\u0259n add\u0131mlar olmal\u0131d\u0131r. Amma biz bunlar\u0131 g\u00f6rm\u00fcr\u00fck&#8221;.<\/p>\n","protected":false},"excerpt":{"rendered":"<p>&#8221;\u0130ndiki qeyri-m\u00fc\u0259yy\u0259n \u015f\u0259raitd\u0259 Rusiya \u0259lind\u0259 olan imkanlar\u0131 itirm\u0259k ist\u0259mir&#8221;<\/p>\n","protected":false},"author":11,"featured_media":88816,"comment_status":"closed","ping_status":"open","sticky":false,"template":"","format":"standard","meta":{"_acf_changed":false,"_sitemap_exclude":false,"_sitemap_priority":"","_sitemap_frequency":"","footnotes":""},"categories":[51],"tags":[],"class_list":["post-185519","post","type-post","status-publish","format-standard","has-post-thumbnail","hentry","category-analitika","infinite-scroll-item","generate-columns","tablet-grid-50","mobile-grid-100","grid-parent","grid-33","no-featured-image-padding"],"acf":[],"yoast_head":"<!-- This site is optimized with the Yoast SEO plugin v27.4 - https:\/\/yoast.com\/product\/yoast-seo-wordpress\/ -->\n<title>Rauf Mirq\u0259dirov: Br\u00fcssel g\u00f6r\u00fc\u015f\u00fc n\u0259tic\u0259siz bitdi - MEYDAN.TV<\/title>\n<meta name=\"robots\" content=\"index, follow, max-snippet:-1, max-image-preview:large, max-video-preview:-1\" \/>\n<link rel=\"canonical\" href=\"https:\/\/www.meydan.tv\/az\/article\/rauf-mirqedirov-brussel-gorusu-neticesiz-bitdi\/\" \/>\n<meta property=\"og:locale\" content=\"az_AZ\" \/>\n<meta property=\"og:type\" content=\"article\" \/>\n<meta property=\"og:title\" content=\"Rauf Mirq\u0259dirov: Br\u00fcssel g\u00f6r\u00fc\u015f\u00fc n\u0259tic\u0259siz bitdi - MEYDAN.TV\" \/>\n<meta property=\"og:description\" content=\"&#039;&#039;\u0130ndiki qeyri-m\u00fc\u0259yy\u0259n \u015f\u0259raitd\u0259 Rusiya \u0259lind\u0259 olan imkanlar\u0131 itirm\u0259k ist\u0259mir&#039;&#039;\" \/>\n<meta property=\"og:url\" content=\"https:\/\/www.meydan.tv\/az\/article\/rauf-mirqedirov-brussel-gorusu-neticesiz-bitdi\/\" \/>\n<meta property=\"og:site_name\" content=\"MEYDAN.TV\" \/>\n<meta property=\"article:published_time\" content=\"2017-07-12T19:01:04+00:00\" \/>\n<meta property=\"og:image\" content=\"https:\/\/www.meydan.tv\/wp-content\/uploads\/35038.jpg\" \/>\n\t<meta property=\"og:image:width\" content=\"750\" \/>\n\t<meta property=\"og:image:height\" content=\"500\" \/>\n\t<meta property=\"og:image:type\" content=\"image\/jpeg\" \/>\n<meta name=\"author\" content=\"user-manager\" \/>\n<meta name=\"twitter:card\" content=\"summary_large_image\" \/>\n<script type=\"application\/ld+json\" class=\"yoast-schema-graph\">{\"@context\":\"https:\\\/\\\/schema.org\",\"@graph\":[{\"@type\":\"Article\",\"@id\":\"https:\\\/\\\/www.meydan.tv\\\/az\\\/article\\\/rauf-mirqedirov-brussel-gorusu-neticesiz-bitdi\\\/#article\",\"isPartOf\":{\"@id\":\"https:\\\/\\\/www.meydan.tv\\\/az\\\/article\\\/rauf-mirqedirov-brussel-gorusu-neticesiz-bitdi\\\/\"},\"author\":{\"name\":\"user-manager\",\"@id\":\"https:\\\/\\\/www.meydan.tv\\\/az\\\/#\\\/schema\\\/person\\\/10d11eccf6da3662cf5fdab9806ea91a\"},\"headline\":\"Rauf Mirq\u0259dirov: Br\u00fcssel g\u00f6r\u00fc\u015f\u00fc n\u0259tic\u0259siz bitdi\",\"datePublished\":\"2017-07-12T19:01:04+00:00\",\"mainEntityOfPage\":{\"@id\":\"https:\\\/\\\/www.meydan.tv\\\/az\\\/article\\\/rauf-mirqedirov-brussel-gorusu-neticesiz-bitdi\\\/\"},\"wordCount\":1016,\"publisher\":{\"@id\":\"https:\\\/\\\/www.meydan.tv\\\/az\\\/#organization\"},\"image\":{\"@id\":\"https:\\\/\\\/www.meydan.tv\\\/az\\\/article\\\/rauf-mirqedirov-brussel-gorusu-neticesiz-bitdi\\\/#primaryimage\"},\"thumbnailUrl\":\"https:\\\/\\\/www.meydan.tv\\\/wp-content\\\/uploads\\\/35038.jpg\",\"articleSection\":[\"Analitika\"],\"inLanguage\":\"az\"},{\"@type\":\"WebPage\",\"@id\":\"https:\\\/\\\/www.meydan.tv\\\/az\\\/article\\\/rauf-mirqedirov-brussel-gorusu-neticesiz-bitdi\\\/\",\"url\":\"https:\\\/\\\/www.meydan.tv\\\/az\\\/article\\\/rauf-mirqedirov-brussel-gorusu-neticesiz-bitdi\\\/\",\"name\":\"Rauf Mirq\u0259dirov: Br\u00fcssel g\u00f6r\u00fc\u015f\u00fc n\u0259tic\u0259siz bitdi - MEYDAN.TV\",\"isPartOf\":{\"@id\":\"https:\\\/\\\/www.meydan.tv\\\/az\\\/#website\"},\"primaryImageOfPage\":{\"@id\":\"https:\\\/\\\/www.meydan.tv\\\/az\\\/article\\\/rauf-mirqedirov-brussel-gorusu-neticesiz-bitdi\\\/#primaryimage\"},\"image\":{\"@id\":\"https:\\\/\\\/www.meydan.tv\\\/az\\\/article\\\/rauf-mirqedirov-brussel-gorusu-neticesiz-bitdi\\\/#primaryimage\"},\"thumbnailUrl\":\"https:\\\/\\\/www.meydan.tv\\\/wp-content\\\/uploads\\\/35038.jpg\",\"datePublished\":\"2017-07-12T19:01:04+00:00\",\"breadcrumb\":{\"@id\":\"https:\\\/\\\/www.meydan.tv\\\/az\\\/article\\\/rauf-mirqedirov-brussel-gorusu-neticesiz-bitdi\\\/#breadcrumb\"},\"inLanguage\":\"az\",\"potentialAction\":[{\"@type\":\"ReadAction\",\"target\":[\"https:\\\/\\\/www.meydan.tv\\\/az\\\/article\\\/rauf-mirqedirov-brussel-gorusu-neticesiz-bitdi\\\/\"]}]},{\"@type\":\"ImageObject\",\"inLanguage\":\"az\",\"@id\":\"https:\\\/\\\/www.meydan.tv\\\/az\\\/article\\\/rauf-mirqedirov-brussel-gorusu-neticesiz-bitdi\\\/#primaryimage\",\"url\":\"https:\\\/\\\/www.meydan.tv\\\/wp-content\\\/uploads\\\/35038.jpg\",\"contentUrl\":\"https:\\\/\\\/www.meydan.tv\\\/wp-content\\\/uploads\\\/35038.jpg\",\"width\":750,\"height\":500,\"caption\":\"Source:\"},{\"@type\":\"BreadcrumbList\",\"@id\":\"https:\\\/\\\/www.meydan.tv\\\/az\\\/article\\\/rauf-mirqedirov-brussel-gorusu-neticesiz-bitdi\\\/#breadcrumb\",\"itemListElement\":[{\"@type\":\"ListItem\",\"position\":1,\"name\":\"Ana s\u0259hif\u0259\",\"item\":\"https:\\\/\\\/www.meydan.tv\\\/az\\\/\"},{\"@type\":\"ListItem\",\"position\":2,\"name\":\"Analitika\",\"item\":\"https:\\\/\\\/www.meydan.tv\\\/az\\\/section\\\/analitika\\\/\"},{\"@type\":\"ListItem\",\"position\":3,\"name\":\"Rauf Mirq\u0259dirov: Br\u00fcssel g\u00f6r\u00fc\u015f\u00fc n\u0259tic\u0259siz bitdi\"}]},{\"@type\":\"WebSite\",\"@id\":\"https:\\\/\\\/www.meydan.tv\\\/az\\\/#website\",\"url\":\"https:\\\/\\\/www.meydan.tv\\\/az\\\/\",\"name\":\"MEYDAN.TV\",\"description\":\"Meydan TV Az\u0259rbaycan\u0131n media m\u0259kan\u0131ndak\u0131 alternativ s\u0259sidir\",\"publisher\":{\"@id\":\"https:\\\/\\\/www.meydan.tv\\\/az\\\/#organization\"},\"potentialAction\":[{\"@type\":\"SearchAction\",\"target\":{\"@type\":\"EntryPoint\",\"urlTemplate\":\"https:\\\/\\\/www.meydan.tv\\\/az\\\/?s={search_term_string}\"},\"query-input\":{\"@type\":\"PropertyValueSpecification\",\"valueRequired\":true,\"valueName\":\"search_term_string\"}}],\"inLanguage\":\"az\"},{\"@type\":\"Organization\",\"@id\":\"https:\\\/\\\/www.meydan.tv\\\/az\\\/#organization\",\"name\":\"Meydan TV\",\"url\":\"https:\\\/\\\/www.meydan.tv\\\/az\\\/\",\"logo\":{\"@type\":\"ImageObject\",\"inLanguage\":\"az\",\"@id\":\"https:\\\/\\\/www.meydan.tv\\\/az\\\/#\\\/schema\\\/logo\\\/image\\\/\",\"url\":\"https:\\\/\\\/www.meydan.tv\\\/wp-content\\\/uploads\\\/2021\\\/07\\\/meydan-logo.svg\",\"contentUrl\":\"https:\\\/\\\/www.meydan.tv\\\/wp-content\\\/uploads\\\/2021\\\/07\\\/meydan-logo.svg\",\"width\":195,\"height\":46,\"caption\":\"Meydan TV\"},\"image\":{\"@id\":\"https:\\\/\\\/www.meydan.tv\\\/az\\\/#\\\/schema\\\/logo\\\/image\\\/\"}},{\"@type\":\"Person\",\"@id\":\"https:\\\/\\\/www.meydan.tv\\\/az\\\/#\\\/schema\\\/person\\\/10d11eccf6da3662cf5fdab9806ea91a\",\"name\":\"user-manager\"}]}<\/script>\n<!-- \/ Yoast SEO plugin. -->","yoast_head_json":{"title":"Rauf Mirq\u0259dirov: Br\u00fcssel g\u00f6r\u00fc\u015f\u00fc n\u0259tic\u0259siz bitdi - MEYDAN.TV","robots":{"index":"index","follow":"follow","max-snippet":"max-snippet:-1","max-image-preview":"max-image-preview:large","max-video-preview":"max-video-preview:-1"},"canonical":"https:\/\/www.meydan.tv\/az\/article\/rauf-mirqedirov-brussel-gorusu-neticesiz-bitdi\/","og_locale":"az_AZ","og_type":"article","og_title":"Rauf Mirq\u0259dirov: Br\u00fcssel g\u00f6r\u00fc\u015f\u00fc n\u0259tic\u0259siz bitdi - MEYDAN.TV","og_description":"''\u0130ndiki qeyri-m\u00fc\u0259yy\u0259n \u015f\u0259raitd\u0259 Rusiya \u0259lind\u0259 olan imkanlar\u0131 itirm\u0259k ist\u0259mir''","og_url":"https:\/\/www.meydan.tv\/az\/article\/rauf-mirqedirov-brussel-gorusu-neticesiz-bitdi\/","og_site_name":"MEYDAN.TV","article_published_time":"2017-07-12T19:01:04+00:00","og_image":[{"width":750,"height":500,"url":"https:\/\/www.meydan.tv\/wp-content\/uploads\/35038.jpg","type":"image\/jpeg"}],"author":"user-manager","twitter_card":"summary_large_image","schema":{"@context":"https:\/\/schema.org","@graph":[{"@type":"Article","@id":"https:\/\/www.meydan.tv\/az\/article\/rauf-mirqedirov-brussel-gorusu-neticesiz-bitdi\/#article","isPartOf":{"@id":"https:\/\/www.meydan.tv\/az\/article\/rauf-mirqedirov-brussel-gorusu-neticesiz-bitdi\/"},"author":{"name":"user-manager","@id":"https:\/\/www.meydan.tv\/az\/#\/schema\/person\/10d11eccf6da3662cf5fdab9806ea91a"},"headline":"Rauf Mirq\u0259dirov: Br\u00fcssel g\u00f6r\u00fc\u015f\u00fc n\u0259tic\u0259siz bitdi","datePublished":"2017-07-12T19:01:04+00:00","mainEntityOfPage":{"@id":"https:\/\/www.meydan.tv\/az\/article\/rauf-mirqedirov-brussel-gorusu-neticesiz-bitdi\/"},"wordCount":1016,"publisher":{"@id":"https:\/\/www.meydan.tv\/az\/#organization"},"image":{"@id":"https:\/\/www.meydan.tv\/az\/article\/rauf-mirqedirov-brussel-gorusu-neticesiz-bitdi\/#primaryimage"},"thumbnailUrl":"https:\/\/www.meydan.tv\/wp-content\/uploads\/35038.jpg","articleSection":["Analitika"],"inLanguage":"az"},{"@type":"WebPage","@id":"https:\/\/www.meydan.tv\/az\/article\/rauf-mirqedirov-brussel-gorusu-neticesiz-bitdi\/","url":"https:\/\/www.meydan.tv\/az\/article\/rauf-mirqedirov-brussel-gorusu-neticesiz-bitdi\/","name":"Rauf Mirq\u0259dirov: Br\u00fcssel g\u00f6r\u00fc\u015f\u00fc n\u0259tic\u0259siz bitdi - MEYDAN.TV","isPartOf":{"@id":"https:\/\/www.meydan.tv\/az\/#website"},"primaryImageOfPage":{"@id":"https:\/\/www.meydan.tv\/az\/article\/rauf-mirqedirov-brussel-gorusu-neticesiz-bitdi\/#primaryimage"},"image":{"@id":"https:\/\/www.meydan.tv\/az\/article\/rauf-mirqedirov-brussel-gorusu-neticesiz-bitdi\/#primaryimage"},"thumbnailUrl":"https:\/\/www.meydan.tv\/wp-content\/uploads\/35038.jpg","datePublished":"2017-07-12T19:01:04+00:00","breadcrumb":{"@id":"https:\/\/www.meydan.tv\/az\/article\/rauf-mirqedirov-brussel-gorusu-neticesiz-bitdi\/#breadcrumb"},"inLanguage":"az","potentialAction":[{"@type":"ReadAction","target":["https:\/\/www.meydan.tv\/az\/article\/rauf-mirqedirov-brussel-gorusu-neticesiz-bitdi\/"]}]},{"@type":"ImageObject","inLanguage":"az","@id":"https:\/\/www.meydan.tv\/az\/article\/rauf-mirqedirov-brussel-gorusu-neticesiz-bitdi\/#primaryimage","url":"https:\/\/www.meydan.tv\/wp-content\/uploads\/35038.jpg","contentUrl":"https:\/\/www.meydan.tv\/wp-content\/uploads\/35038.jpg","width":750,"height":500,"caption":"Source:"},{"@type":"BreadcrumbList","@id":"https:\/\/www.meydan.tv\/az\/article\/rauf-mirqedirov-brussel-gorusu-neticesiz-bitdi\/#breadcrumb","itemListElement":[{"@type":"ListItem","position":1,"name":"Ana s\u0259hif\u0259","item":"https:\/\/www.meydan.tv\/az\/"},{"@type":"ListItem","position":2,"name":"Analitika","item":"https:\/\/www.meydan.tv\/az\/section\/analitika\/"},{"@type":"ListItem","position":3,"name":"Rauf Mirq\u0259dirov: Br\u00fcssel g\u00f6r\u00fc\u015f\u00fc n\u0259tic\u0259siz bitdi"}]},{"@type":"WebSite","@id":"https:\/\/www.meydan.tv\/az\/#website","url":"https:\/\/www.meydan.tv\/az\/","name":"MEYDAN.TV","description":"Meydan TV Az\u0259rbaycan\u0131n media m\u0259kan\u0131ndak\u0131 alternativ s\u0259sidir","publisher":{"@id":"https:\/\/www.meydan.tv\/az\/#organization"},"potentialAction":[{"@type":"SearchAction","target":{"@type":"EntryPoint","urlTemplate":"https:\/\/www.meydan.tv\/az\/?s={search_term_string}"},"query-input":{"@type":"PropertyValueSpecification","valueRequired":true,"valueName":"search_term_string"}}],"inLanguage":"az"},{"@type":"Organization","@id":"https:\/\/www.meydan.tv\/az\/#organization","name":"Meydan TV","url":"https:\/\/www.meydan.tv\/az\/","logo":{"@type":"ImageObject","inLanguage":"az","@id":"https:\/\/www.meydan.tv\/az\/#\/schema\/logo\/image\/","url":"https:\/\/www.meydan.tv\/wp-content\/uploads\/2021\/07\/meydan-logo.svg","contentUrl":"https:\/\/www.meydan.tv\/wp-content\/uploads\/2021\/07\/meydan-logo.svg","width":195,"height":46,"caption":"Meydan TV"},"image":{"@id":"https:\/\/www.meydan.tv\/az\/#\/schema\/logo\/image\/"}},{"@type":"Person","@id":"https:\/\/www.meydan.tv\/az\/#\/schema\/person\/10d11eccf6da3662cf5fdab9806ea91a","name":"user-manager"}]}},"_links":{"self":[{"href":"https:\/\/www.meydan.tv\/az\/wp-json\/wp\/v2\/posts\/185519","targetHints":{"allow":["GET"]}}],"collection":[{"href":"https:\/\/www.meydan.tv\/az\/wp-json\/wp\/v2\/posts"}],"about":[{"href":"https:\/\/www.meydan.tv\/az\/wp-json\/wp\/v2\/types\/post"}],"author":[{"embeddable":true,"href":"https:\/\/www.meydan.tv\/az\/wp-json\/wp\/v2\/users\/11"}],"replies":[{"embeddable":true,"href":"https:\/\/www.meydan.tv\/az\/wp-json\/wp\/v2\/comments?post=185519"}],"version-history":[{"count":0,"href":"https:\/\/www.meydan.tv\/az\/wp-json\/wp\/v2\/posts\/185519\/revisions"}],"wp:featuredmedia":[{"embeddable":true,"href":"https:\/\/www.meydan.tv\/az\/wp-json\/wp\/v2\/media\/88816"}],"wp:attachment":[{"href":"https:\/\/www.meydan.tv\/az\/wp-json\/wp\/v2\/media?parent=185519"}],"wp:term":[{"taxonomy":"category","embeddable":true,"href":"https:\/\/www.meydan.tv\/az\/wp-json\/wp\/v2\/categories?post=185519"},{"taxonomy":"post_tag","embeddable":true,"href":"https:\/\/www.meydan.tv\/az\/wp-json\/wp\/v2\/tags?post=185519"}],"curies":[{"name":"wp","href":"https:\/\/api.w.org\/{rel}","templated":true}]}}