{"id":185457,"date":"2017-07-10T02:06:56","date_gmt":"2017-07-10T02:06:56","guid":{"rendered":"https:\/\/www.meydan.tv\/article\/turkiyenin-cenubi-qafqazda-gulene-qarsi-mubarizesi\/"},"modified":"2017-07-10T02:06:56","modified_gmt":"2017-07-10T02:06:56","slug":"turkiyenin-cenubi-qafqazda-gulene-qarsi-mubarizesi","status":"publish","type":"post","link":"https:\/\/www.meydan.tv\/az\/article\/turkiyenin-cenubi-qafqazda-gulene-qarsi-mubarizesi\/","title":{"rendered":"T\u00fcrkiy\u0259nin C\u0259nubi Qafqazda G\u00fcl\u0259n\u0259 qar\u015f\u0131 m\u00fcbariz\u0259si"},"content":{"rendered":"<figure class=\"wp-block-image size-large\">\n  <img decoding=\"async\" src=\"https:\/\/www.meydan.tv\/az\/photo-c-depo-photos-abaca-pa-images\/\" alt=\"Photo (c) Depo Photos\/ABACA\/PA Images\" class=\"wp-image-88587\"\/><figcaption>\n    Photo (c) Depo Photos\/ABACA\/PA Images<br \/>\n  <\/figcaption><\/figure>\n<p>\n  <i><br \/>\n    T\u00fcrkiy\u0259 h\u00f6kum\u0259tinin G\u00fcl\u0259n h\u0259r\u0259kat\u0131nda real v\u0259 t\u0259x\u0259yy\u00fcl m\u0259hsulu olan d\u00fc\u015fm\u0259nl\u0259rin\u0259 qar\u015f\u0131 m\u00fcbariz\u0259si indi d\u0259 Az\u0259rbaycana v\u0259 G\u00fcrc\u00fcstana \u00e7at\u0131b<br \/>\n  <\/i>\n<\/p>\n<p>\n  Avropa Parlamenti may\u0131n sonunda Tbilisid\u0259 o\u011furland\u0131\u011f\u0131 bildiril\u0259n v\u0259 bir ne\u00e7\u0259 g\u00fcn sonra Az\u0259rbaycanda m\u0259hk\u0259m\u0259 qar\u015f\u0131s\u0131na \u00e7\u0131xar\u0131lan az\u0259rbaycanl\u0131 ara\u015fd\u0131rma\u00e7\u0131 jurnalist \u018ffqan Muxtarl\u0131n\u0131n i\u015fi il\u0259 ba\u011fl\u0131 qurumun ciddi narahatl\u0131\u011f\u0131n\u0131 ifad\u0259 ed\u0259n q\u0259tnam\u0259 q\u0259bul edib. G\u00fcrc\u00fcstan\u0131 diqq\u0259t m\u0259rk\u0259zin\u0259 g\u0259tir\u0259n daha bir m\u0259s\u0259l\u0259 var: t\u00fcrkiy\u0259li m\u00fc\u0259llim Mustafa Emre \u00c7abuk G\u00fcrc\u00fcstan\u0131n paytaxt\u0131nda qeyri-m\u00fc\u0259yy\u0259n taleyil\u0259 ba\u015f-ba\u015fa Qldani h\u0259bsxanas\u0131nda saxlan\u0131l\u0131r.\n<\/p>\n<p>\n  Ankara AB\u015e-da ya\u015fayan t\u00fcrk-m\u00fcs\u0259lman din xadimi F\u0259tullah G\u00fcl\u0259nl\u0259 \u0259laq\u0259l\u0259ndiril\u0259n Hizm\u0259t h\u0259r\u0259kat\u0131 il\u0259 \u0259laq\u0259l\u0259rinin oldu\u011funu bildir\u0259r\u0259k \u00c7abuku terrorizmi d\u0259st\u0259kl\u0259m\u0259kd\u0259 ittiham edib.\n<\/p>\n<p>\n  On be\u015f ildir G\u00fcrc\u00fcstanda ya\u015fayan \u00c7abuk T\u00fcrkiy\u0259y\u0259 ekstradisiya olunmaq, ox\u015far ittihamlarla m\u00fchakim\u0259 edilm\u0259k v\u0259 i\u015fg\u0259nc\u0259y\u0259 m\u0259ruz qalmaq t\u0259hl\u00fck\u0259si il\u0259 \u00fcz-\u00fcz\u0259dir.\n<\/p>\n<p>\n  \u00c7abuk G\u00fcrc\u00fcstana ilk d\u0259f\u0259 2002-ci ild\u0259 g\u0259lib v\u0259 G\u00fcrc\u00fcstan T\u0259hsil Nazirliyinin bu ilin \u0259vv\u0259lind\u0259 ba\u011flad\u0131\u011f\u0131 Batumid\u0259ki R\u0259fa\u0259ddin \u015eahin Dostluq M\u0259kt\u0259bind\u0259 fizika m\u00fc\u0259llimi i\u015fl\u0259yib.\n<\/p>\n<p>\n  G\u00fcrc\u00fcstan hakimiyy\u0259ti bu m\u0259kt\u0259bin ba\u011flanmas\u0131 q\u0259rar\u0131n\u0131 T\u00fcrkiy\u0259 r\u0259smil\u0259ri 5-12 ya\u015fl\u0131 \u015fagirdl\u0259r\u0259 t\u0259hsil ver\u0259n G\u00fcl\u0259n m\u0259kt\u0259bl\u0259rini &#8220;terror\u00e7u qruplara d\u0259st\u0259k ver\u0259n m\u00fc\u0259ssis\u0259&#8221; adland\u0131randan sonra verib.\n<\/p>\n<p>\n  Muxtarl\u0131n\u0131n o\u011furlanmas\u0131 G\u00fcrc\u00fcstan\u0131n qon\u015fu \u00f6lk\u0259l\u0259rd\u0259n olan dissidentl\u0259r \u00fc\u00e7\u00fcn t\u0259hl\u00fck\u0259siz \u00f6lk\u0259 olmas\u0131na dair yarad\u0131lan obraz\u0131n\u0131 da\u011f\u0131td\u0131 v\u0259 bir \u00e7ox G\u00fcrc\u00fcstan sakini neftl\u0259 z\u0259ngin olan Az\u0259rbaycan\u0131n bu \u00f6lk\u0259y\u0259 siyasi t\u0259sir imkanlar\u0131n\u0131 m\u00fczakir\u0259 etm\u0259y\u0259 ba\u015flad\u0131.<br \/>\n  <br \/>\n  B\u0259s, T\u00fcrkiy\u0259nin getdikc\u0259 avtoritarizm\u0259 do\u011fru getdiyi bir d\u00f6vrd\u0259 G\u00fcrc\u00fcstan hakimiyy\u0259tini daha bir ba\u015fa\u011fr\u0131s\u0131 g\u00f6zl\u0259yirmi?\n<\/p>\n<blockquote><p>\n  Yax\u015f\u0131 t\u0259hsilin aqib\u0259ti\n<\/p><\/blockquote>\n<p>\n  Prezident R\u0259c\u0259b Tayyib \u018frdo\u011fan\u0131n g\u00f6st\u0259ri\u015fi il\u0259 T\u00fcrkiy\u0259 r\u0259smil\u0259ri v\u0259 diplomatlar d\u00fcnyan\u0131n b\u00fct\u00fcn \u00f6lk\u0259l\u0259rin\u0259 m\u00fcraci\u0259t ed\u0259r\u0259k xaricd\u0259 f\u0259aliyy\u0259t g\u00f6st\u0259r\u0259n G\u00fcl\u0259n m\u0259kt\u0259bl\u0259rinin ba\u011flan\u0131lmas\u0131n\u0131 ist\u0259yibl\u0259r. T\u00fcrkiy\u0259 h\u00f6kum\u0259ti israr ed\u0259r\u0259k bildirir ki, bu m\u0259kt\u0259bl\u0259r \u015f\u0259b\u0259k\u0259si milli t\u0259hl\u00fck\u0259sizliy\u0259 t\u0259hdiddir, G\u00fcl\u0259n \u015f\u0259b\u0259k\u0259si is\u0259 terror\u00e7u qrupdur.\n<\/p>\n<p>\n  T\u00fcrkiy\u0259 h\u00f6kum\u0259tinin terror\u00e7u \u015f\u0259b\u0259k\u0259 adland\u0131rd\u0131\u011f\u0131 FET\u00d6 \u00f6t\u0259n il iyulun 15-d\u0259 \u00e7evrili\u015f c\u0259hdind\u0259 ittiham edilib. Ba\u015f ver\u0259nl\u0259ri &#8220;Allah\u0131n l\u00fctf\u00fc&#8221; adland\u0131ran \u018frdo\u011fan s\u00f6z verib ki, cevrili\u015f c\u0259hdin\u0259 cavabdeh olanlar cavab ver\u0259c\u0259kl\u0259r.\n<\/p>\n<p>\n  T\u0259k G\u00fcl\u0259n t\u0259r\u0259fdarlar\u0131 yox, t\u00fcrkiy\u0259li liberallar, sekulyar demokratlar, jurnalistl\u0259r d\u0259 h\u0259bs olunub, onlar\u0131n \u0259ks\u0259riyy\u0259ti i\u015fg\u0259nc\u0259l\u0259r\u0259 m\u0259ruz qal\u0131b, i\u015f yerl\u0259rind\u0259n azad olunublar.\n<\/p>\n<p>\n  \u00c7evrili\u015f c\u0259hdind\u0259n bir ay sonra T\u00fcrkiy\u0259d\u0259 40 min \u015f\u0259xs h\u0259bs olunub, 100 min n\u0259f\u0259r h\u0259rbi, \u00f6z\u0259l m\u00fc\u0259ssis\u0259 v\u0259 sivil xidm\u0259t sah\u0259sind\u0259 tutdu\u011fu v\u0259zif\u0259sind\u0259n uzaqla\u015fd\u0131r\u0131l\u0131b.\n<\/p>\n<p>\n  G\u00fcl\u0259n t\u0259may\u00fcll\u00fc m\u0259kt\u0259bl\u0259rd\u0259 \u00e7al\u0131\u015fan t\u00fcrkiy\u0259lil\u0259r ya f\u0259aliyy\u0259t g\u00f6st\u0259rdik\u0259ri \u00f6lk\u0259l\u0259rd\u0259n siyasi si\u011f\u0131nacaq ist\u0259yir, ya da b\u0259xtl\u0259rini Avropa Birliyi v\u0259 AB\u015e-da s\u0131nay\u0131rlar.\n<\/p>\n<p>\n  \u00c7abuk da eyni v\u0259ziyy\u0259t\u0259 d\u00fc\u015f\u00fcb. 2007-ci ild\u0259, o, \u015e\u0259rqi G\u00fcrc\u00fcstanda \u2013 Kutaisid\u0259 Niko Nikoladze ad\u0131na m\u0259kt\u0259bd\u0259 direktor v\u0259zif\u0259sind\u0259 \u00e7al\u0131\u015fma\u011fa ba\u015flay\u0131r. 2010-2016-c\u0131 ill\u0259rd\u0259 \u00c7abuk G\u00fcrc\u00fcstanda f\u0259aliyy\u0259t g\u00f6st\u0259r\u0259n G\u00fcl\u0259n m\u0259kt\u0259bl\u0259rind\u0259 ba\u015f direktorun m\u00fcavini v\u0259zif\u0259sini icra edir.\n<\/p>\n<p>\n  &#8220;Onun r\u0259hb\u0259rliyi il\u0259 yerli v\u0259 beyn\u0259lxalq olimpiadalarda i\u015ftirak ed\u0259n t\u0259l\u0259b\u0259l\u0259r u\u011fur qazan\u0131blar&#8221;,- ba\u011flan\u0131lan \u201c\u015eahin\u201d Dostluq M\u0259kt\u0259binin m\u00fc\u0259lliml\u0259rind\u0259n biri deyir. Ad\u0131n\u0131n anonim saxlan\u0131lmas\u0131n\u0131 ist\u0259y\u0259n m\u00fc\u0259llim bildirir ki, \u00c7abukun t\u0259yinat\u0131ndan sonra m\u0259kt\u0259bd\u0259 t\u0259hsilin keyfiyy\u0259ti \u00e7ox y\u00fcks\u0259lib. M\u00fc\u0259llim \u00c7abuk kimi u\u011fur qazanan bir t\u0259dris i\u015f\u00e7isinin terror\u00e7u adland\u0131r\u0131ld\u0131\u011f\u0131na inana bilm\u0259diyini deyib.\n<\/p>\n<figure class=\"wp-block-image size-large\">\n  <img decoding=\"async\" src=\"https:\/\/www.meydan.tv\/az\/tbiliside-aksiya\/\" alt=\"Tbilisid\u0259 aksiya\" class=\"wp-image-88584\"\/><figcaption>\n    Tbilisid\u0259 aksiya<br \/>\n  <\/figcaption><\/figure>\n<p>\n  May\u0131n 24-d\u0259 G\u00fcrc\u00fcstan h\u00f6kum\u0259ti T\u00fcrkiy\u0259nin sor\u011fusu \u0259sas\u0131nda \u00c7abukun ekstradisiyas\u0131 m\u0259s\u0259l\u0259sin\u0259 ba\u015f vurub. T\u00fcrkiy\u0259 prokurorlu\u011funun verdiyi m\u0259lumata g\u00f6r\u0259, \u00c7abuk T\u00fcrkiy\u0259nin Cinay\u0259t M\u0259c\u0259ll\u0259sinin 314\/2-ci madd\u0259si il\u0259 t\u00f6vsif olunan cinay\u0259ti t\u00f6r\u0259tdiyin\u0259 g\u00f6r\u0259 axtar\u0131\u015fa verilib: FET\u00d6 terror t\u0259\u015fkilat\u0131na \u00fczvl\u00fck ( FET\u00d6-nu terror t\u0259\u015fkilat\u0131 kimi ancaq T\u00fcrkiy\u0259 tan\u0131y\u0131b). &#8220;OpenDemocracy&#8221;nin \u0259ld\u0259 etdiyi m\u0259lumata g\u00f6r\u0259, o, Direktorlar \u015euras\u0131n\u0131n icaz\u0259si il\u0259 Tbilisid\u0259 yerl\u0259\u015f\u0259n \u201cD\u0259mir\u0259l\u201d \u00f6z\u0259l m\u0259kt\u0259binin 60 faizlik pay\u0131n\u0131 AB\u015e-da qeydiyyatdan ke\u00e7\u0259n &#8220;Metropolitan Education and Consultation Services&#8221; \u015firk\u0259tin\u0259 satmaq ist\u0259yib.\n<\/p>\n<p>\n  \u00c7abuku g\u00fcnahland\u0131ran s\u0259n\u0259dl\u0259rd\u0259 \u0259sas\u0259n G\u00fcl\u0259n h\u0259r\u0259kat\u0131n\u0131n T\u00fcrkiy\u0259d\u0259ki f\u0259aliyy\u0259ti t\u0259svir olunur. S\u0259n\u0259dl\u0259rd\u0259 \u00c7abukun m\u0259kt\u0259bin f\u0259aliyy\u0259tind\u0259 rolu, yaxud da AB\u015e \u015firk\u0259ti il\u0259 s\u00f6vd\u0259l\u0259\u015fm\u0259sinin terror\u00e7u f\u0259aliyy\u0259ti v\u0259 terror t\u0259\u015fkilat\u0131 il\u0259 ba\u011fl\u0131l\u0131\u011f\u0131 d\u0259qiq g\u00f6st\u0259rilm\u0259yib.\n<\/p>\n<p>\n  &#8220;El\u0259 bu s\u0259b\u0259bd\u0259n d\u0259 biz ittihamlar\u0131n tamamil\u0259 \u0259sass\u0131z v\u0259 siyasi motivli oldu\u011funa inan\u0131r\u0131q&#8221;,- Tbilisid\u0259 f\u0259aliyy\u0259t g\u00f6st\u0259r\u0259n \u0130nsan Haqlar\u0131n\u0131n T\u0259drisi v\u0259 Monitorinqi M\u0259rk\u0259zinin civil v\u0259 siyasi h\u00fcquqlar \u00fczr\u0259 proqram direktoru Tamta Mikeladze deyir.\n<\/p>\n<blockquote><p>\n  Xallar\u0131n yerl\u0259\u015fdirilm\u0259si\n<\/p><\/blockquote>\n<p>\n  \u00c7abuk T\u00fcrkiy\u0259nin ba\u015f naziri Bin\u0259li Y\u0131ld\u0131r\u0131m\u0131n g\u00fcrc\u00fcstanl\u0131 h\u0259mkar\u0131 Giorgi Kvirika\u015fvili il\u0259 Tbilisid\u0259 may ay\u0131nda ba\u015f tutan g\u00f6r\u00fc\u015f\u00fcnd\u0259n q\u0131sa m\u00fcdd\u0259t sonra saxlan\u0131l\u0131b.\n<\/p>\n<p>\n  T\u00fcrkiy\u0259nin t\u0259hsil naziri Aleksandr Cecelava ictimai \u015f\u0259kild\u0259 T\u00fcrkiy\u0259 t\u0259r\u0259fin \u00c7abukun saxlan\u0131lmas\u0131 il\u0259 ba\u011fl\u0131 r\u0259smi sor\u011fu g\u00f6nd\u0259rdiyini inkar edib, bununla bel\u0259, &#8220;\u015fagirdl\u0259ri ideoloji t\u0259zyiqd\u0259n qorumaq \u00fc\u00e7\u00fcn \u0259ll\u0259rind\u0259n g\u0259l\u0259ni etdikl\u0259rini&#8221; bildirib.\n<\/p>\n<p>\n  H\u00f6kum\u0259ty\u00f6nl\u00fc &#8220;Zaman&#8221;q\u0259zeti yaz\u0131r ki, ba\u015f nazir Kvirika\u015fvili Y\u0131ld\u0131r\u0131mla ke\u00e7irdiyi m\u0259tbuat konfrans\u0131nda \u00f6t\u0259nilki \u00e7evrili\u015f c\u0259hdi il\u0259 ba\u011fl\u0131 sitat\u0131nda deyib: &#8220;Biz buradan (G\u00fcrc\u00fcstandan) terrorun \u0259sas m\u0259nb\u0259l\u0259rini uzaqla\u015fd\u0131rmal\u0131y\u0131q. Biz bu m\u0259nb\u0259l\u0259rl\u0259 daha geni\u015f \u015f\u0259kild\u0259 m\u00fcbariz\u0259 aparmal\u0131, iqtisadi v\u0259 biznes partnyorlu\u011funu inki\u015faf etdirm\u0259liyik&#8221;.\n<\/p>\n<p>\n  May\u0131n 25-d\u0259 Tbilisi \u015e\u0259h\u0259r M\u0259hk\u0259m\u0259si \u00c7abuk haqq\u0131nda 3 ayl\u0131q h\u0259bs-q\u0259timkan t\u0259dbiri se\u00e7ib. Onun T\u00fcrkiy\u0259y\u0259 ekstradisiya olunmas\u0131 g\u00f6zl\u0259nilir.\n<\/p>\n<p>\n  &#8220;O, bir aydan \u00e7oxdur h\u0259bsd\u0259dir, ittiham is\u0259 h\u0259m qorxunc, h\u0259m d\u0259 g\u00fclm\u0259lidir&#8221;, &#8211; \u00c7abukun h\u0259yat yolda\u015f\u0131 Tu\u011fba G\u00fcrc\u00fcstan\u0131n demokratiya il\u0259 ba\u011fl\u0131 \u00fcz\u0259rin\u0259 g\u00f6t\u00fcrd\u00fcy\u00fc \u00f6hd\u0259likl\u0259r\u0259 \u0259m\u0259l ed\u0259c\u0259yin\u0259 inand\u0131\u011f\u0131n\u0131 deyir. &#8220;G\u00fcrc\u00fcstan demokratiyan\u0131n t\u00fck\u0259ndiyi yerd\u0259 yox, demokratik Avropan\u0131n qap\u0131s\u0131n\u0131n astanas\u0131ndad\u0131r&#8221;.\n<\/p>\n<p>\n  O, a\u00e7\u0131q \u015f\u0259kild\u0259 \u00e7a\u011f\u0131r\u0131\u015f ed\u0259r\u0259k G\u00fcrc\u00fcstan h\u00f6kum\u0259tini Ankaran\u0131n t\u0259zyiql\u0259rin\u0259 ba\u015f \u0259ym\u0259m\u0259y\u0259 s\u0259sl\u0259yib v\u0259 repressiya qorxusuna g\u00f6r\u0259 G\u00fcrc\u00fcstan h\u00f6kum\u0259tind\u0259n onu qorumas\u0131n\u0131 xahi\u015f edib.\n<\/p>\n<p>\n  Mustafa \u00c7abukun, el\u0259c\u0259 d\u0259 G\u00fcrc\u00fcstanda ya\u015fayan az\u0259rbaycanl\u0131 jurnalist v\u0259 aktivistl\u0259rin i\u015fi G\u00fcrc\u00fcstan\u0131n demokratik d\u0259y\u0259rl\u0259r qar\u015f\u0131s\u0131nda g\u00f6t\u00fcrd\u00fcy\u00fc \u00f6hd\u0259likl\u0259rin imtahan\u0131d\u0131r. Mkeladze deyir ki, G\u00fcrc\u00fcstan h\u00f6kum\u0259ti qon\u015fu d\u00f6vl\u0259tl\u0259r\u0259 olan siyasi loyall\u0131\u011f\u0131na g\u00f6r\u0259 fundamental insan h\u00fcquq v\u0259 azadl\u0131qlar\u0131na ehtiyac\u0131 olan xarici v\u0259t\u0259nda\u015flar\u0131 qorumaqdan imtina ed\u0259r. Bu da \u00f6z n\u00f6vb\u0259sind\u0259 \u00f6lk\u0259d\u0259 bu prinsipl\u0259r\u0259 \u0259saslanan demokratik d\u00f6vl\u0259t quruculu\u011funa z\u0259r\u0259r vurur.\n<\/p>\n<figure class=\"wp-block-image size-large\">\n  <img decoding=\"async\" src=\"https:\/\/www.meydan.tv\/az\/demirel-liseyi-tbilisi\/\" alt=\"Demirel liseyi &#8211; Tbilisi\" class=\"wp-image-88581\"\/><figcaption>\n    Demirel liseyi &#8211; Tbilisi<br \/>\n  <\/figcaption><\/figure>\n<p>\n  Bu c\u00fcr s\u00f6vd\u0259l\u0259\u015fm\u0259 T\u00fcrkiy\u0259 il\u0259 C\u0259nubi Qafqaz \u00f6lk\u0259l\u0259ri aras\u0131nda ad\u0259t hal\u0131n\u0131 al\u0131b. 1990-c\u0131 ill\u0259rd\u0259n ba\u015flayaraq G\u00fcl\u0259n m\u0259kt\u0259bl\u0259rin\u0259 b\u00fct\u00fcn regionda qap\u0131 a\u00e7\u0131l\u0131b. D\u0259mir p\u0259rd\u0259 aradan qald\u0131r\u0131landan sonra Nax\u00e7\u0131van T\u00fcrkiy\u0259d\u0259n xaricd\u0259 G\u00fcl\u0259n t\u0259may\u00fcll\u00fc m\u0259kt\u0259bl\u0259r\u0259 ev sahibliyi ed\u0259n ilk \u015f\u0259h\u0259r, G\u00fcrc\u00fcstan G\u00fcl\u0259n h\u0259r\u0259kat\u0131 n\u00fcmay\u0259nd\u0259l\u0259rin\u0259 qap\u0131 a\u00e7an ilk \u00f6lk\u0259 olub. T\u0259mizl\u0259m\u0259y\u0259 q\u0259d\u0259r Az\u0259rbaycanda G\u00fcl\u0259n t\u0259r\u0259find\u0259n maliyy\u0259l\u0259\u015fdiril\u0259n 13 m\u0259kt\u0259b v\u0259 haz\u0131rda millil\u0259\u015fdirilmi\u015f Qafqaz Universiteti f\u0259aliyy\u0259t g\u00f6st\u0259rirdi. D\u00fcnyan\u0131n 160 \u00f6lk\u0259sind\u0259 bu h\u0259r\u0259kat\u0131n m\u0259kt\u0259bl\u0259ri f\u0259aliyy\u0259t g\u00f6st\u0259rir.\n<\/p>\n<p>\n  AKP h\u00f6kum\u0259ti \u00f6t\u0259n il \u00e7evrili\u015f c\u0259hdind\u0259n sonra \u00f6z g\u00fcc\u00fcn\u00fc b\u0259rpa etdi v\u0259 Ankara Qafqazda v\u0259 M\u0259rk\u0259zi Asiyada G\u00fcl\u0259n davam\u00e7\u0131lar\u0131na qar\u015f\u0131 t\u0259mizl\u0259m\u0259y\u0259 siyas\u0259tin\u0259 ba\u015flad\u0131. \u00dczun m\u00fcdd\u0259t T\u00fcrkiy\u0259nin m\u00fctt\u0259fiqi olan avtoritar Az\u0259rbaycan bu ist\u0259y\u0259 tabe olma\u011fa \u00e7ox ist\u0259kli idi. Bak\u0131 m\u0259s\u0259l\u0259ni m\u0259kt\u0259bl\u0259ri millil\u0259\u015fdirm\u0259kl\u0259 h\u0259ll etdi. M\u00fcst\u0259qillikd\u0259n sonra T\u00fcrkiy\u0259 il\u0259 g\u00fccl\u00fc iqtisadi v\u0259 siyasi \u0259laq\u0259l\u0259r yaradan M\u0259rk\u0259zi Asiya \u00f6lk\u0259l\u0259ri is\u0259 eyni h\u0259mr\u0259yliyi g\u00f6st\u0259rm\u0259di. Qazax\u0131stan v\u0259 Q\u0131r\u011f\u0131z\u0131stan T\u00fcrkiy\u0259nin g\u00fcl\u0259n\u00e7il\u0259rin t\u0259qibi il\u0259 ba\u011fl\u0131 m\u00fcraci\u0259tini geri \u00e7evirdi. \u00d6zb\u0259kistan G\u00fcl\u0259n m\u0259kt\u0259bl\u0259rini xo\u015f qar\u015f\u0131lamay\u0131b, T\u00fcrkm\u0259nistan G\u00fcl\u0259n davam\u00e7\u0131lar\u0131na qar\u015f\u0131 k\u00fctl\u0259vi t\u0259zyiql\u0259r\u0259 ba\u015flad\u0131. Tacikistan sonuncu G\u00fcl\u0259n m\u0259kt\u0259bini 2015-ci ild\u0259 ba\u011flay\u0131b, bu, \u00f6lk\u0259d\u0259 islam qruplar\u0131na qar\u015f\u0131 geni\u015f kampaniyan\u0131n t\u0259rkib hiss\u0259si kimi qiym\u0259tl\u0259ndiril\u0259 bil\u0259r.\n<\/p>\n<blockquote><p>\n  T\u0259zyiq n\u00f6qt\u0259l\u0259ri\n<\/p><\/blockquote>\n<p>\n  Ankaran\u0131n konkret G\u00fcrc\u00fcstan \u00fcz\u0259rind\u0259 hans\u0131 t\u0259sir imkanlar\u0131 var?\n<\/p>\n<p>\n  Strateji v\u0259 Beyn\u0259lxalq Ara\u015fd\u0131rmalar Fondunun r\u0259hb\u0259ri Giorgi Badridze deyir ki, T\u00fcrkiy\u0259 G\u00fcrc\u00fcstan\u0131n \u0259h\u0259miyy\u0259tli strateji partnyorudur. \u201c\u018fn b\u00f6y\u00fck qon\u015fu Rusiyan\u0131n bizi davaml\u0131 h\u0259rbi v\u0259 iqtisadi t\u0259zyiq alt\u0131nda qoydu\u011fu bir d\u00fcnyada T\u00fcrkiy\u0259 h\u0259m m\u00fch\u00fcm siyasi, h\u0259m d\u0259 iqtisadi rol oynay\u0131r. Ancaq bu, o dem\u0259k deyil ki, G\u00fcrc\u00fcstan yax\u015f\u0131 m\u00fcnasib\u0259tl\u0259rin x\u0259trin\u0259 qanunun aliliyin\u0259 m\u0259h\u0259l qoymamal\u0131d\u0131r, amma T\u00fcrkiy\u0259nin r\u0259smi m\u00fcraci\u0259tinin h\u00fcquqi \u0259sas\u0131 olsa v\u0259 bu, ikit\u0259r\u0259fli raz\u0131la\u015fma \u0259sas\u0131nda ba\u015f vers\u0259, buna m\u0259h\u0259l qoymamaq m\u00fcmk\u00fcn deyil\u201d.\n<\/p>\n<p>\n  Ayd\u0131n g\u00f6r\u00fcn\u00fcr ki, Ankara G\u00fcl\u0259n m\u0259kt\u0259bl\u0259rinin ba\u011flanmas\u0131 v\u0259 orda \u00e7al\u0131\u015fan t\u00fcrkl\u0259rin deportasiya olunmas\u0131 \u00fc\u00e7\u00fcn r\u0259smi Tbilisiy\u0259 b\u00f6y\u00fck t\u0259zyiql\u0259r edib. 2014-c\u00fc ild\u0259 \u201ctwitter\u201dd\u0259 \u018frdo\u011fan\u0131 t\u0259nqid etdiyin\u0259 g\u00f6r\u0259 deportasiya olunan az\u0259rbaycanl\u0131 jurnalist \u201cGlobe Post\u201dun ba\u015f redaktoru Mahir Zeynalov da Badridzenin fikirl\u0259rini b\u00f6l\u00fc\u015f\u00fcr. Zeynalov vur\u011fulay\u0131r ki, G\u00fcrc\u00fcstan\u0131n Avropa Birliyind\u0259n sonra ikinci \u0259n b\u00f6y\u00fck ticar\u0259t partnyoru olan T\u00fcrkiy\u0259nin t\u0259l\u0259bl\u0259rin\u0259 m\u0259h\u0259l qoymamas\u0131 \u00e7ox \u00e7\u0259tindir. T\u00fcrkiy\u0259d\u0259n g\u0259l\u0259n pullar G\u00fcrc\u00fcstan\u0131n \u00e7oxsayl\u0131 infrastruktur layih\u0259l\u0259rin\u0259 s\u0259rf olunub v\u0259 bu t\u0259sir q\u0259rb vilay\u0259ti Acarada daha \u00e7ox hiss olunur.\n<\/p>\n<p>\n  G\u00fcrc\u00fcstan\u0131n G\u0259nc H\u00fcquq\u015f\u00fcnaslar Assosiasiyas\u0131 \u00c7abukun i\u015fi il\u0259 ba\u011fl\u0131 bildirib ki, m\u0259hk\u0259m\u0259nin h\u0259bsl\u0259 ba\u011fl\u0131 verdiyi q\u0259rar G\u00fcrc\u00fcstan qanunvericiliyi v\u0259 Avropa Konvensiyas\u0131n\u0131n standartlar\u0131na uy\u011fun deyil. Prokurorluq \u00c7abukun \u00f6lk\u0259d\u0259n qa\u00e7\u0131b \u201ccinay\u0259tkar f\u0259aliyy\u0259tini\u201d davam etdir\u0259 bil\u0259c\u0259yini des\u0259 d\u0259, bu narahatl\u0131\u011f\u0131 he\u00e7 n\u0259 il\u0259 \u0259sasland\u0131rmay\u0131b.\n<\/p>\n<p>\n  \u201cM\u0259hk\u0259m\u0259nin q\u0259rar\u0131n\u0131n he\u00e7 bir \u0259sas yoxdur\u201d, &#8211; \u00c7abukun v\u0259kili Vaxtanq Kvizhinadze deyir. O bildirib ki, onun bu q\u0259rardan verdiyi \u015fikay\u0259ti t\u0259min olunmay\u0131b. \u00c7abukun uzun ill\u0259r G\u00fcrc\u00fcstanda ya\u015famas\u0131na v\u0259 ya\u015fay\u0131\u015f izni olmas\u0131na baxmayaraq, q\u0259rar q\u00fcvv\u0259sind\u0259 saxlan\u0131ld\u0131.\n<\/p>\n<p>\n  \u201cMustafa m\u0259hk\u0259m\u0259d\u0259n \u0259vv\u0259l \u00fcz\u0259rin\u0259 d\u00fc\u015f\u0259n he\u00e7 bir \u00f6hd\u0259likd\u0259n yay\u0131nmay\u0131b\u201d, &#8211; Kvizhinadze deyib.\n<\/p>\n<p>\n  H\u0259yat yolda\u015f\u0131n\u0131n dediyin\u0259 g\u00f6r\u0259, may\u0131n 24-\u00fc polis \u00c7abuku h\u0259bs etm\u0259y\u0259 g\u0259l\u0259nd\u0259 ona m\u0259lumat verdil\u0259r ki, G\u00fcrc\u00fcstan hakimiyy\u0259tinin onunla he\u00e7 bir problemi yoxdur, onun h\u0259bsi \u00fc\u00e7\u00fcn T\u00fcrkiy\u0259 t\u0259r\u0259f m\u00fcraci\u0259t edib.\n<\/p>\n<p>\n  \u201dBiz 17 ay idi T\u00fcrkiy\u0259y\u0259 getmirdik, buna baxmayaraq, h\u0259yat yolda\u015f\u0131m terror\u00e7uluqda v\u0259 \u00e7evrili\u015f c\u0259hdind\u0259 g\u00fcnahland\u0131r\u0131l\u0131r\u201d,- Tu\u011fba \u00c7abuk ah \u00e7\u0259k\u0259r\u0259k deyir.\n<\/p>\n<p>\n  G\u00fcrc\u00fcstan qanunvericiliyi xarici h\u00fcquq-m\u00fchafiz\u0259 orqanlar\u0131n\u0131n axtar\u0131\u015fa verdiyi \u015f\u0259xsl\u0259ri h\u0259bs etm\u0259y\u0259 imkan verir, amma bu h\u0259bs c\u0259za \u00fcsulu kimi yox, sonuncu \u00e7\u0131x\u0131\u015f yolu kimi se\u00e7ilir.\n<\/p>\n<p>\n  \u00c7abuk pasportunu t\u0259hvil ver\u0259r\u0259k v\u0259 10 000 lari ( 3248 funt) \u00f6d\u0259y\u0259r\u0259k \u015f\u0259rti azadl\u0131\u011fa burax\u0131la bil\u0259rdi. O, buna c\u0259hd edib, amma m\u0259hk\u0259m\u0259 onu \u015f\u0259rti azadl\u0131\u011fa buraxmaqdan imtina edib.\n<\/p>\n<p>\n  \u201cMustafa siyasi s\u0131\u011f\u0131nacaq v\u0259 v\u0259t\u0259nda\u015fl\u0131q almay\u0131nca, ekstradisiya oluna bil\u0259r\u201d,- dey\u0259 Kvizhinadze bildirir: \u201cT\u0259bii ki, Tbilisi Ankaraya t\u0259zyiq edib T\u00fcrkiy\u0259nin \u00c7abukun h\u00fcquqlar\u0131na h\u00f6rm\u0259tl\u0259 yana\u015f\u0131lmas\u0131 \u00fc\u00e7\u00fcn qarantiya ala bil\u0259r\u201d.\n<\/p>\n<p>\n  G\u00fcrc\u00fcstan\u0131n qa\u00e7q\u0131nlar naziri Sozar Subari iyunun 7-d\u0259n ba\u015flayaraq bildirib ki, sad\u0259c\u0259 Ankara bel\u0259 ist\u0259yib dey\u0259 \u00c7abuk t\u0259cili deportasiya oluna bilm\u0259z v\u0259 ekstradisiyan\u0131n m\u00fcmk\u00fcn olmas\u0131 \u00fc\u00e7\u00fcn \u00e7oxlu s\u0259n\u0259dl\u0259r laz\u0131md\u0131r. Bu arada \u201cAmnesty \u0130nternational\u201d \u00c7abukun m\u00fcdafi\u0259si \u00fc\u00e7\u00fcn kampaniyaya ba\u015flay\u0131b. G\u00fcrc\u00fcstan\u0131n Cinay\u0259t Hallar\u0131 \u00fczr\u0259 Beyn\u0259lxalq \u018fm\u0259kda\u015fl\u0131q haqq\u0131nda qanununun 28-ci madd\u0259sin\u0259 g\u00f6r\u0259, \u00c7abukun \u201cD\u0259mir\u0259l\u201d m\u0259kt\u0259bi il\u0259 ba\u011fl\u0131 cinay\u0259t t\u00f6r\u0259tdiyin\u0259 dair iddia kimi cinay\u0259t tam olaraq, ya da qism\u0259n \u00f6lk\u0259 \u0259razisind\u0259 t\u00f6r\u0259dilibs\u0259, G\u00fcrc\u00fcstan ekstradisiyadan imtina ed\u0259 bil\u0259r. G\u00fcrc\u00fcstan v\u0259 T\u00fcrkiy\u0259 aras\u0131nda sivil, ticar\u0259t v\u0259 cinay\u0259t hallar\u0131 il\u0259 ba\u011fl\u0131 ikit\u0259r\u0259fli h\u00fcquqi \u0259m\u0259kda\u015fl\u0131\u011fa dair imzalanan m\u00fcqavil\u0259nin 35-ci madd\u0259si d\u0259 eyni m\u0259qam\u0131 vur\u011fulay\u0131r.\n<\/p>\n<p>\n  \u201cMuxtarl\u0131 qalmaqal\u0131n\u0131n G\u00fcrc\u00fcstan\u0131n beyn\u0259lxalq imicin\u0259 vurdu\u011fu z\u0259r\u0259rd\u0259n sonra G\u00fcrc\u00fcstan h\u00f6kum\u0259tinin \u00c7abuku T\u00fcrkiy\u0259 h\u00f6kum\u0259tin\u0259 t\u0259hvil verm\u0259kd\u0259 n\u0259 d\u0259r\u0259c\u0259d\u0259 ist\u0259kli oldu\u011funu dey\u0259 bilm\u0259r\u0259m\u201d,- m\u0259hk\u0259m\u0259nin yekun q\u0259rar\u0131n\u0131n siyasi yox, h\u00fcquqi \u0259saslarla m\u00fc\u015fayi\u0259t olunaca\u011f\u0131na \u00fcmid ed\u0259n Badridze deyir.\n<\/p>\n<blockquote><p>\n  Bak\u0131da yadda\u015flar\u0131n unudulmas\u0131\n<\/p><\/blockquote>\n<p>\n  \u00c7abukun h\u0259mkar\u0131, t\u00fcrk \u201c\u0130st\u0259k\u201d m\u0259kt\u0259binin meneceri Taci \u015eent\u00fcrk iyunun 7-d\u0259 Bak\u0131da saxlan\u0131l\u0131b. O, h\u0259yat yolda\u015f\u0131na z\u0259ng ed\u0259nd\u0259 T\u00fcrkiy\u0259y\u0259 g\u00f6nd\u0259rilm\u0259k \u00fczr\u0259 oldu\u011funu deyib. O, ail\u0259si il\u0259 son d\u0259f\u0259 hava liman\u0131nda g\u00f6r\u00fc\u015fm\u0259k ist\u0259diyini xahi\u015f edib.<br \/>\n  <br \/>\n  \u201cN\u0259 polis imkan verdi ki, u\u015faqlar atalar\u0131 il\u0259 \u00f6p\u00fc\u015f\u00fcb-g\u00f6r\u00fc\u015fs\u00fcnl\u0259r, n\u0259 d\u0259 v\u0259kilimiz onu g\u00f6r\u0259 bildi\u201d. Fatma \u015eent\u00fcrk bildirib ki, onlara yegan\u0259 s\u0259b\u0259b kimi Tacinin pasportunun h\u00fcquqi q\u00fcvv\u0259sini itirm\u0259si g\u00f6st\u0259rilib. Amma \u015eent\u00fcrk\u00fcn bu il sentyabr\u0131n 7-d\u0259k Az\u0259rbaycanda ya\u015fay\u0131\u015f izni h\u00fcququ olub. Az\u0259rbaycanda ya\u015fay\u0131\u015f izninin olmas\u0131na baxmayaraq, onun pasportunun hans\u0131 s\u0259b\u0259bl\u0259 h\u00fcquqi q\u00fcvv\u0259sini itirdiyi haqda r\u0259smi m\u0259lumat verilm\u0259yib.\n<\/p>\n<figure class=\"wp-block-image size-large\">\n  <img decoding=\"async\" src=\"https:\/\/www.meydan.tv\/az\/taci-senturk\/\" alt=\"Taci \u015eent\u00fcrk\" class=\"wp-image-88590\"\/><figcaption>\n    Taci \u015eent\u00fcrk<br \/>\n  <\/figcaption><\/figure>\n<p>\n  Fatma deyir ki, Taci apar\u0131lmazdan 20 d\u0259qiq\u0259 \u00f6nc\u0259 BMT-nin Bak\u0131dak\u0131 ofisinin n\u00fcmay\u0259nd\u0259si Tacinin t\u0259yyar\u0259d\u0259n endirilm\u0259sini t\u0259l\u0259b ed\u0259r\u0259k bildirib ki, o v\u0259 onun ail\u0259si indi BMT-nin Qa\u00e7q\u0131nlar Komit\u0259sinin qorumas\u0131 alt\u0131ndad\u0131r. Amma \u015eent\u00fcrk t\u0259yyar\u0259d\u0259n endiril\u0259nd\u0259n sonra t\u0259\u015fkilat\u0131n n\u00fcmay\u0259nd\u0259si onu m\u00fc\u015fayi\u0259t etm\u0259yib.\n<\/p>\n<p>\n  \u201cPolis onu hava liman\u0131n\u0131n terminal\u0131nda g\u00f6zl\u0259yirdi v\u0259 onu ba\u015f M\u00fct\u0259\u015f\u0259kkil Cinay\u0259tkarl\u0131qla M\u00fcbariz\u0259 \u0130dar\u0259sin\u0259 qaytar\u0131blar\u201d, &#8211; Fatma deyir: \u201cM\u0259nim Tacinin T\u00fcrkiy\u0259y\u0259 g\u00f6nd\u0259ril\u0259c\u0259yin\u0259 dair davaml\u0131 israrlar\u0131ma baxmayaraq, BMT n\u00fcmay\u0259nd\u0259 hey\u0259ti he\u00e7 bir t\u0259dbir g\u00f6rm\u0259di\u201d.\n<\/p>\n<p>\n  Onun h\u0259yat yolda\u015f\u0131 iyunun 8-d\u0259 T\u00fcrkiy\u0259y\u0259 g\u00f6nd\u0259rilib. \u015eent\u00fcrk haz\u0131rda Konyada M\u00fct\u0259\u015f\u0259kkil Cinay\u0259tkarl\u0131q v\u0259 Qa\u00e7aqmal\u00e7\u0131l\u0131qla M\u00fcbariz\u0259 Departamentind\u0259 dindirilir.\n<\/p>\n<p>\n  Fatma \u015eent\u00fcrk \u00f6z\u00fcn\u00fc t\u0259hl\u00fck\u0259d\u0259 hiss etdiyind\u0259n Az\u0259rbaycan\u0131 t\u0259rk etm\u0259k ist\u0259yir:\n<\/p>\n<p>\n  \u201cH\u0259tta BMT-nin qoruma il\u0259 ba\u011fl\u0131 m\u0259ktubu da bizim t\u0259hl\u00fck\u0259sizliyimiz\u0259 qarantiya vermir. Taci h\u0259mi\u015f\u0259 Az\u0259rbaycan\u0131n bizim qarda\u015f\u0131m\u0131z oldu\u011funa, bizi he\u00e7 zaman satmayaca\u011f\u0131na inan\u0131rd\u0131, buna baxmayaraq bu, ba\u015f verdi. H\u0259tta bizim az\u0259rbaycanl\u0131 h\u00fcquq\u015f\u00fcnas da m\u0259s\u0259l\u0259nin siyasi motivli oldu\u011funu dey\u0259r\u0259k i\u015fi boynuna g\u00f6t\u00fcrm\u0259kd\u0259n imtina etdi. Bildirdi ki, bu, onun t\u0259hl\u00fck\u0259sizliyini d\u0259 z\u0259rb\u0259 alt\u0131na qoya bil\u0259r\u201d.\n<\/p>\n<p>\n  Taci \u015eent\u00fcrk\u00fcn i\u015find\u0259n Avropa \u0130nsan Haqlar\u0131 M\u0259hk\u0259m\u0259sin\u0259 \u015fikay\u0259t ed\u0259c\u0259k m\u00fcst\u0259qil h\u00fcquq\u015f\u00fcnas S\u0259m\u0259d R\u0259himli deyir ki, \u015eent\u00fcrk\u00fcn i\u015fi \u00e7ox q\u0259rib\u0259dir: \u201cO, T\u00fcrkiy\u0259y\u0259 he\u00e7 bir h\u00fcquqi prosedur olmadan ekstradisya olunub. Az\u0259rbaycan hakimiyy\u0259ti BMT-nin qoruma t\u0259dbirl\u0259rin\u0259 m\u0259h\u0259l qoymay\u0131b\u201d.\n<\/p>\n<p>\n  \u015eent\u00fcrk bu usulla Az\u0259rbaycandan deport olunan yegan\u0259 t\u00fcrkiy\u0259li deyil. \u0130yunun 6-da G\u00fcl\u0259n h\u0259r\u0259kat\u0131n\u0131n \u00fczv\u00fc M\u0259h\u0259rr\u0259m Menek\u015fe he\u00e7 bir h\u00fcquqi \u0259sas olmadan \u0130stanbula g\u00f6nd\u0259rilib. Menek\u015fe 1990-c\u0131 ill\u0259rd\u0259n Az\u0259rbaycanda ya\u015fay\u0131b v\u0259 ki\u00e7ik biznesl\u0259 m\u0259\u015f\u011ful olub. R\u0259himli deyir ki, h\u0259r iki i\u015fl\u0259 ba\u011fl\u0131 T\u00fcrkiy\u0259 t\u0259r\u0259fin n\u0259 r\u0259smi ittham\u0131 olub, n\u0259 d\u0259 T\u00fcrkiy\u0259 hakimiyy\u0259ti formal prosedur h\u0259yata ke\u00e7irib: \u201cAnkara g\u00f6st\u0259ri\u015f verib, Az\u0259rbaycan is\u0259 icra edib\u201d.\n<\/p>\n<p>\n  Eyni aqib\u0259ti 2014-c\u00fc ild\u0259n T\u00fcrkiy\u0259d\u0259 ya\u015fayan v\u0259 i\u015fl\u0259y\u0259n jurnalist Rauf Mirq\u0259dirov da ya\u015fay\u0131b, o da vaxtil\u0259 T\u00fcrkiy\u0259d\u0259n Az\u0259rbaycana bu yolla deportasiya olunub.\n<\/p>\n<p>\n  N\u0130DA V\u0259t\u0259nda\u015f H\u0259r\u0259kat\u0131n\u0131n idar\u0259 hey\u0259tinin \u00fczv\u00fc \u00dclvi H\u0259s\u0259nli deyir ki, \u018frdo\u011fan v\u0259 \u018fliyev \u00fcz\u00fcn m\u00fcdd\u0259t \u0259rzind\u0259 qanunlar\u0131 \u00f6z maraqlar\u0131na uy\u011funla\u015fd\u0131r\u0131blar:\n<\/p>\n<p>\n  \u201cBizim x\u0259b\u0259rimiz olmayan ba\u015fqa hallar da ola bil\u0259r. Ankara il\u0259 Bak\u0131 bir-birinin xeyrin\u0259 o q\u0259d\u0259r alver edibl\u0259r ki, bu, milli maraqlardan daha \u00e7ox rejimin maraqlar\u0131na xidm\u0259t edib. Amma bu, he\u00e7 d\u0259 h\u0259mi\u015f\u0259 bel\u0259 olmay\u0131b. \u018frdo\u011fan\u0131n pisl\u0259\u015f\u0259n beyn\u0259lxalq imici v\u0259 prinsipial d\u00fc\u015fm\u0259ni G\u00fcl\u0259nd\u0259n yaxa qurtarmaq \u0259hdi Az\u0259rbaycan v\u0259 G\u00fcrc\u00fcstan\u0131 m\u00fcxalif fikr\u0259 qar\u015f\u0131 m\u00fcbariz\u0259d\u0259 T\u00fcrkiy\u0259 il\u0259 daha yax\u0131n m\u00fctt\u0259fiq\u0259 \u00e7evirib\u201d.\n<\/p>\n<p>\n  Taci \u015eent\u00fcrk\u00fcn taleyind\u0259n Az\u0259rbaycanda az adam\u0131n x\u0259b\u0259ri olub. Bak\u0131 sakinl\u0259rind\u0259n soru\u015fanda onlar\u0131n h\u0259r biri Taci \u015eent\u00fcrk\u00fc tan\u0131mad\u0131\u011f\u0131n\u0131 deyib. Onlar\u0131 daha \u00e7ox t\u0259\u0259cc\u00fcbl\u0259ndir\u0259n t\u00fcrk milliyy\u0259tind\u0259n olan bir \u015f\u0259xsin deportasiyas\u0131 olub: az\u0259rbaycanl\u0131larla t\u00fcrkl\u0259rin \u00e7oxlu m\u0259d\u0259ni ba\u011flar\u0131 oldu\u011fundan az\u0259rbaycanl\u0131lar T\u00fcrkiy\u0259 v\u0259t\u0259nda\u015f\u0131na qar\u015f\u0131 pis r\u0259ftar\u0131 utancverici hadis\u0259 kimi qiym\u0259tl\u0259ndirirl\u0259r.\n<\/p>\n<p>\n  \u00c7abuka is\u0259 G\u00fcrc\u00fcstan v\u0259t\u0259nda\u015fl\u0131\u011f\u0131n\u0131n verilm\u0259si m\u0259s\u0259l\u0259sin\u0259 bax\u0131lacaq. Siyasi si\u011f\u0131nacaq m\u0259s\u0259l\u0259si m\u00fczakir\u0259 olundu\u011fundan ekstradisya m\u0259s\u0259l\u0259si h\u0259l\u0259lik dayand\u0131r\u0131l\u0131b.\n<\/p>\n<p>\n  Onun T\u00fcrkiy\u0259d\u0259 \u0259dal\u0259tsizlikl\u0259 qar\u015f\u0131la\u015faca\u011f\u0131na s\u0259b\u0259b olacaq deportasiya q\u0259rar\u0131 is\u0259 avqustun 24-d\u0259 3 ayl\u0131q h\u0259bs-q\u0259timkan t\u0259biri m\u00fcdd\u0259ti bit\u0259nd\u0259n sonra ke\u00e7iril\u0259c\u0259k m\u0259hk\u0259m\u0259 prosesind\u0259n sonra veril\u0259c\u0259k.\n<\/p>\n<p>\n  2006-2016-c\u0131 ill\u0259rd\u0259 T\u00fcrkiy\u0259 Q\u0259rbi Avropa \u00f6lk\u0259l\u0259rin\u0259 ekstradisya il\u0259 ba\u011fl\u0131 399 sor\u011fu g\u00f6nd\u0259rib. Bu sor\u011fular\u0131n yaln\u0131z 11-n\u0259 m\u00fcsb\u0259t cavab verilib (9-u AB \u00f6lk\u0259si olmaqla). Bu m\u00fcraci\u0259tl\u0259r\u0259 15 iyulda t\u00f6r\u0259dil\u0259n \u00e7evrili\u015f c\u0259hdin\u0259 g\u00f6r\u0259 59 n\u0259f\u0259rin ekstradisiyas\u0131 daxildir. Almaniya G\u00fcl\u0259nl\u0259 \u0259laq\u0259si olan 22 \u015f\u0259xsin \u00f6lk\u0259d\u0259n \u00e7\u0131xar\u0131lmas\u0131ndan imtina edib. Yunan\u0131standa is\u0259 T\u00fcrkiy\u0259nin ekstradisiya sor\u011fusuna Ali M\u0259hk\u0259m\u0259 v\u0259t\u0259nda\u015f c\u0259miyy\u0259tinin etiraz\u0131ndan sonra r\u0259dd cavab\u0131 verib.\n<\/p>\n<p>\n  Varl\u0131 v\u0259 geni\u015f t\u0259sir imkanlar\u0131na malik Q\u0259rbi Avropa \u00f6lk\u0259l\u0259ri T\u00fcrkiy\u0259 h\u00f6kum\u0259tinin ekstradisiya sor\u011fular\u0131na \u201cyox\u201d cavab\u0131 ver\u0259 bilir.\n<\/p>\n<p>\n  Amma G\u00fcrc\u00fcstanla Az\u0259rbaycan bu t\u0259l\u0259bl\u0259r\u0259 \u201cyox\u201d dey\u0259 bilmir. Bu \u00f6lk\u0259l\u0259rin he\u00e7 biri Q\u0259rb koridoru \u00fcz\u0259rind\u0259 yerl\u0259\u015f\u0259n v\u0259 Rusiya il\u0259 balans yaradan T\u00fcrkiy\u0259 il\u0259 m\u00fcnasib\u0259tl\u0259rini korlamaq ist\u0259mir. Ankaran\u0131n g\u00fcl\u0259n\u00e7il\u0259r\u0259 qar\u015f\u0131 ba\u015flad\u0131\u011f\u0131 ovla bu iki d\u00f6vl\u0259t suverenlikl\u0259rini qoruma testind\u0259n ke\u00e7ir\u0259 bil\u0259r. \u018fg\u0259r bunda maraql\u0131 olsalar.\n<\/p>\n<p>\n  <i><br \/>\n    <b><br \/>\n      Yaz\u0131 \u201copendemocracy.net\u201d sayt\u0131nda<br \/>\n      <a href=\"https:\/\/www.opendemocracy.net\/od-russia\/lamiya-adilgizi\/turkeys-fight-against-gulen-in-south-caucasus\" target=\"_blank\" rel=\"noopener\"><br \/>\n        d\u0259rc olunub.<br \/>\n      <\/a><br \/>\n    <\/b><br \/>\n  <\/i>\n<\/p><\/p>\n","protected":false},"excerpt":{"rendered":"<p>T\u00fcrkiy\u0259 h\u00f6kum\u0259tinin G\u00fcl\u0259n h\u0259r\u0259kat\u0131nda real v\u0259 t\u0259x\u0259yy\u00fcl m\u0259hsulu olan d\u00fc\u015fm\u0259nl\u0259rin\u0259 qar\u015f\u0131 m\u00fcbariz\u0259si indi d\u0259 Az\u0259rbaycana v\u0259 G\u00fcrc\u00fcstana \u00e7at\u0131b<\/p>\n","protected":false},"author":11,"featured_media":88587,"comment_status":"closed","ping_status":"open","sticky":false,"template":"","format":"standard","meta":{"_acf_changed":false,"_sitemap_exclude":false,"_sitemap_priority":"","_sitemap_frequency":"","footnotes":""},"categories":[51],"tags":[],"class_list":["post-185457","post","type-post","status-publish","format-standard","has-post-thumbnail","hentry","category-analitika","infinite-scroll-item","generate-columns","tablet-grid-50","mobile-grid-100","grid-parent","grid-33","no-featured-image-padding"],"acf":[],"yoast_head":"<!-- This site is optimized with the Yoast SEO plugin v27.4 - https:\/\/yoast.com\/product\/yoast-seo-wordpress\/ -->\n<title>T\u00fcrkiy\u0259nin C\u0259nubi Qafqazda G\u00fcl\u0259n\u0259 qar\u015f\u0131 m\u00fcbariz\u0259si - MEYDAN.TV<\/title>\n<meta name=\"robots\" content=\"index, follow, max-snippet:-1, max-image-preview:large, max-video-preview:-1\" \/>\n<link rel=\"canonical\" href=\"https:\/\/www.meydan.tv\/az\/article\/turkiyenin-cenubi-qafqazda-gulene-qarsi-mubarizesi\/\" \/>\n<meta property=\"og:locale\" content=\"az_AZ\" \/>\n<meta property=\"og:type\" content=\"article\" \/>\n<meta property=\"og:title\" content=\"T\u00fcrkiy\u0259nin C\u0259nubi Qafqazda G\u00fcl\u0259n\u0259 qar\u015f\u0131 m\u00fcbariz\u0259si - MEYDAN.TV\" \/>\n<meta property=\"og:description\" content=\"T\u00fcrkiy\u0259 h\u00f6kum\u0259tinin G\u00fcl\u0259n h\u0259r\u0259kat\u0131nda real v\u0259 t\u0259x\u0259yy\u00fcl m\u0259hsulu olan d\u00fc\u015fm\u0259nl\u0259rin\u0259 qar\u015f\u0131 m\u00fcbariz\u0259si indi d\u0259 Az\u0259rbaycana v\u0259 G\u00fcrc\u00fcstana \u00e7at\u0131b\" \/>\n<meta property=\"og:url\" content=\"https:\/\/www.meydan.tv\/az\/article\/turkiyenin-cenubi-qafqazda-gulene-qarsi-mubarizesi\/\" \/>\n<meta property=\"og:site_name\" content=\"MEYDAN.TV\" \/>\n<meta property=\"article:published_time\" content=\"2017-07-10T02:06:56+00:00\" \/>\n<meta property=\"og:image\" content=\"https:\/\/www.meydan.tv\/wp-content\/uploads\/34935.png\" \/>\n\t<meta property=\"og:image:width\" content=\"1052\" \/>\n\t<meta property=\"og:image:height\" content=\"603\" \/>\n\t<meta property=\"og:image:type\" content=\"image\/png\" \/>\n<meta name=\"author\" content=\"user-manager\" \/>\n<meta name=\"twitter:card\" content=\"summary_large_image\" \/>\n<script type=\"application\/ld+json\" class=\"yoast-schema-graph\">{\"@context\":\"https:\\\/\\\/schema.org\",\"@graph\":[{\"@type\":\"Article\",\"@id\":\"https:\\\/\\\/www.meydan.tv\\\/az\\\/article\\\/turkiyenin-cenubi-qafqazda-gulene-qarsi-mubarizesi\\\/#article\",\"isPartOf\":{\"@id\":\"https:\\\/\\\/www.meydan.tv\\\/az\\\/article\\\/turkiyenin-cenubi-qafqazda-gulene-qarsi-mubarizesi\\\/\"},\"author\":{\"name\":\"user-manager\",\"@id\":\"https:\\\/\\\/www.meydan.tv\\\/az\\\/#\\\/schema\\\/person\\\/10d11eccf6da3662cf5fdab9806ea91a\"},\"headline\":\"T\u00fcrkiy\u0259nin C\u0259nubi Qafqazda G\u00fcl\u0259n\u0259 qar\u015f\u0131 m\u00fcbariz\u0259si\",\"datePublished\":\"2017-07-10T02:06:56+00:00\",\"mainEntityOfPage\":{\"@id\":\"https:\\\/\\\/www.meydan.tv\\\/az\\\/article\\\/turkiyenin-cenubi-qafqazda-gulene-qarsi-mubarizesi\\\/\"},\"wordCount\":3870,\"publisher\":{\"@id\":\"https:\\\/\\\/www.meydan.tv\\\/az\\\/#organization\"},\"image\":{\"@id\":\"https:\\\/\\\/www.meydan.tv\\\/az\\\/article\\\/turkiyenin-cenubi-qafqazda-gulene-qarsi-mubarizesi\\\/#primaryimage\"},\"thumbnailUrl\":\"https:\\\/\\\/www.meydan.tv\\\/wp-content\\\/uploads\\\/34935.png\",\"articleSection\":[\"Analitika\"],\"inLanguage\":\"az\"},{\"@type\":\"WebPage\",\"@id\":\"https:\\\/\\\/www.meydan.tv\\\/az\\\/article\\\/turkiyenin-cenubi-qafqazda-gulene-qarsi-mubarizesi\\\/\",\"url\":\"https:\\\/\\\/www.meydan.tv\\\/az\\\/article\\\/turkiyenin-cenubi-qafqazda-gulene-qarsi-mubarizesi\\\/\",\"name\":\"T\u00fcrkiy\u0259nin C\u0259nubi Qafqazda G\u00fcl\u0259n\u0259 qar\u015f\u0131 m\u00fcbariz\u0259si - MEYDAN.TV\",\"isPartOf\":{\"@id\":\"https:\\\/\\\/www.meydan.tv\\\/az\\\/#website\"},\"primaryImageOfPage\":{\"@id\":\"https:\\\/\\\/www.meydan.tv\\\/az\\\/article\\\/turkiyenin-cenubi-qafqazda-gulene-qarsi-mubarizesi\\\/#primaryimage\"},\"image\":{\"@id\":\"https:\\\/\\\/www.meydan.tv\\\/az\\\/article\\\/turkiyenin-cenubi-qafqazda-gulene-qarsi-mubarizesi\\\/#primaryimage\"},\"thumbnailUrl\":\"https:\\\/\\\/www.meydan.tv\\\/wp-content\\\/uploads\\\/34935.png\",\"datePublished\":\"2017-07-10T02:06:56+00:00\",\"breadcrumb\":{\"@id\":\"https:\\\/\\\/www.meydan.tv\\\/az\\\/article\\\/turkiyenin-cenubi-qafqazda-gulene-qarsi-mubarizesi\\\/#breadcrumb\"},\"inLanguage\":\"az\",\"potentialAction\":[{\"@type\":\"ReadAction\",\"target\":[\"https:\\\/\\\/www.meydan.tv\\\/az\\\/article\\\/turkiyenin-cenubi-qafqazda-gulene-qarsi-mubarizesi\\\/\"]}]},{\"@type\":\"ImageObject\",\"inLanguage\":\"az\",\"@id\":\"https:\\\/\\\/www.meydan.tv\\\/az\\\/article\\\/turkiyenin-cenubi-qafqazda-gulene-qarsi-mubarizesi\\\/#primaryimage\",\"url\":\"https:\\\/\\\/www.meydan.tv\\\/wp-content\\\/uploads\\\/34935.png\",\"contentUrl\":\"https:\\\/\\\/www.meydan.tv\\\/wp-content\\\/uploads\\\/34935.png\",\"width\":1052,\"height\":603,\"caption\":\"Source:\"},{\"@type\":\"BreadcrumbList\",\"@id\":\"https:\\\/\\\/www.meydan.tv\\\/az\\\/article\\\/turkiyenin-cenubi-qafqazda-gulene-qarsi-mubarizesi\\\/#breadcrumb\",\"itemListElement\":[{\"@type\":\"ListItem\",\"position\":1,\"name\":\"Ana s\u0259hif\u0259\",\"item\":\"https:\\\/\\\/www.meydan.tv\\\/az\\\/\"},{\"@type\":\"ListItem\",\"position\":2,\"name\":\"Analitika\",\"item\":\"https:\\\/\\\/www.meydan.tv\\\/az\\\/section\\\/analitika\\\/\"},{\"@type\":\"ListItem\",\"position\":3,\"name\":\"T\u00fcrkiy\u0259nin C\u0259nubi Qafqazda G\u00fcl\u0259n\u0259 qar\u015f\u0131 m\u00fcbariz\u0259si\"}]},{\"@type\":\"WebSite\",\"@id\":\"https:\\\/\\\/www.meydan.tv\\\/az\\\/#website\",\"url\":\"https:\\\/\\\/www.meydan.tv\\\/az\\\/\",\"name\":\"MEYDAN.TV\",\"description\":\"Meydan TV Az\u0259rbaycan\u0131n media m\u0259kan\u0131ndak\u0131 alternativ s\u0259sidir\",\"publisher\":{\"@id\":\"https:\\\/\\\/www.meydan.tv\\\/az\\\/#organization\"},\"potentialAction\":[{\"@type\":\"SearchAction\",\"target\":{\"@type\":\"EntryPoint\",\"urlTemplate\":\"https:\\\/\\\/www.meydan.tv\\\/az\\\/?s={search_term_string}\"},\"query-input\":{\"@type\":\"PropertyValueSpecification\",\"valueRequired\":true,\"valueName\":\"search_term_string\"}}],\"inLanguage\":\"az\"},{\"@type\":\"Organization\",\"@id\":\"https:\\\/\\\/www.meydan.tv\\\/az\\\/#organization\",\"name\":\"Meydan TV\",\"url\":\"https:\\\/\\\/www.meydan.tv\\\/az\\\/\",\"logo\":{\"@type\":\"ImageObject\",\"inLanguage\":\"az\",\"@id\":\"https:\\\/\\\/www.meydan.tv\\\/az\\\/#\\\/schema\\\/logo\\\/image\\\/\",\"url\":\"https:\\\/\\\/www.meydan.tv\\\/wp-content\\\/uploads\\\/2021\\\/07\\\/meydan-logo.svg\",\"contentUrl\":\"https:\\\/\\\/www.meydan.tv\\\/wp-content\\\/uploads\\\/2021\\\/07\\\/meydan-logo.svg\",\"width\":195,\"height\":46,\"caption\":\"Meydan TV\"},\"image\":{\"@id\":\"https:\\\/\\\/www.meydan.tv\\\/az\\\/#\\\/schema\\\/logo\\\/image\\\/\"}},{\"@type\":\"Person\",\"@id\":\"https:\\\/\\\/www.meydan.tv\\\/az\\\/#\\\/schema\\\/person\\\/10d11eccf6da3662cf5fdab9806ea91a\",\"name\":\"user-manager\"}]}<\/script>\n<!-- \/ Yoast SEO plugin. -->","yoast_head_json":{"title":"T\u00fcrkiy\u0259nin C\u0259nubi Qafqazda G\u00fcl\u0259n\u0259 qar\u015f\u0131 m\u00fcbariz\u0259si - MEYDAN.TV","robots":{"index":"index","follow":"follow","max-snippet":"max-snippet:-1","max-image-preview":"max-image-preview:large","max-video-preview":"max-video-preview:-1"},"canonical":"https:\/\/www.meydan.tv\/az\/article\/turkiyenin-cenubi-qafqazda-gulene-qarsi-mubarizesi\/","og_locale":"az_AZ","og_type":"article","og_title":"T\u00fcrkiy\u0259nin C\u0259nubi Qafqazda G\u00fcl\u0259n\u0259 qar\u015f\u0131 m\u00fcbariz\u0259si - MEYDAN.TV","og_description":"T\u00fcrkiy\u0259 h\u00f6kum\u0259tinin G\u00fcl\u0259n h\u0259r\u0259kat\u0131nda real v\u0259 t\u0259x\u0259yy\u00fcl m\u0259hsulu olan d\u00fc\u015fm\u0259nl\u0259rin\u0259 qar\u015f\u0131 m\u00fcbariz\u0259si indi d\u0259 Az\u0259rbaycana v\u0259 G\u00fcrc\u00fcstana \u00e7at\u0131b","og_url":"https:\/\/www.meydan.tv\/az\/article\/turkiyenin-cenubi-qafqazda-gulene-qarsi-mubarizesi\/","og_site_name":"MEYDAN.TV","article_published_time":"2017-07-10T02:06:56+00:00","og_image":[{"width":1052,"height":603,"url":"https:\/\/www.meydan.tv\/wp-content\/uploads\/34935.png","type":"image\/png"}],"author":"user-manager","twitter_card":"summary_large_image","schema":{"@context":"https:\/\/schema.org","@graph":[{"@type":"Article","@id":"https:\/\/www.meydan.tv\/az\/article\/turkiyenin-cenubi-qafqazda-gulene-qarsi-mubarizesi\/#article","isPartOf":{"@id":"https:\/\/www.meydan.tv\/az\/article\/turkiyenin-cenubi-qafqazda-gulene-qarsi-mubarizesi\/"},"author":{"name":"user-manager","@id":"https:\/\/www.meydan.tv\/az\/#\/schema\/person\/10d11eccf6da3662cf5fdab9806ea91a"},"headline":"T\u00fcrkiy\u0259nin C\u0259nubi Qafqazda G\u00fcl\u0259n\u0259 qar\u015f\u0131 m\u00fcbariz\u0259si","datePublished":"2017-07-10T02:06:56+00:00","mainEntityOfPage":{"@id":"https:\/\/www.meydan.tv\/az\/article\/turkiyenin-cenubi-qafqazda-gulene-qarsi-mubarizesi\/"},"wordCount":3870,"publisher":{"@id":"https:\/\/www.meydan.tv\/az\/#organization"},"image":{"@id":"https:\/\/www.meydan.tv\/az\/article\/turkiyenin-cenubi-qafqazda-gulene-qarsi-mubarizesi\/#primaryimage"},"thumbnailUrl":"https:\/\/www.meydan.tv\/wp-content\/uploads\/34935.png","articleSection":["Analitika"],"inLanguage":"az"},{"@type":"WebPage","@id":"https:\/\/www.meydan.tv\/az\/article\/turkiyenin-cenubi-qafqazda-gulene-qarsi-mubarizesi\/","url":"https:\/\/www.meydan.tv\/az\/article\/turkiyenin-cenubi-qafqazda-gulene-qarsi-mubarizesi\/","name":"T\u00fcrkiy\u0259nin C\u0259nubi Qafqazda G\u00fcl\u0259n\u0259 qar\u015f\u0131 m\u00fcbariz\u0259si - MEYDAN.TV","isPartOf":{"@id":"https:\/\/www.meydan.tv\/az\/#website"},"primaryImageOfPage":{"@id":"https:\/\/www.meydan.tv\/az\/article\/turkiyenin-cenubi-qafqazda-gulene-qarsi-mubarizesi\/#primaryimage"},"image":{"@id":"https:\/\/www.meydan.tv\/az\/article\/turkiyenin-cenubi-qafqazda-gulene-qarsi-mubarizesi\/#primaryimage"},"thumbnailUrl":"https:\/\/www.meydan.tv\/wp-content\/uploads\/34935.png","datePublished":"2017-07-10T02:06:56+00:00","breadcrumb":{"@id":"https:\/\/www.meydan.tv\/az\/article\/turkiyenin-cenubi-qafqazda-gulene-qarsi-mubarizesi\/#breadcrumb"},"inLanguage":"az","potentialAction":[{"@type":"ReadAction","target":["https:\/\/www.meydan.tv\/az\/article\/turkiyenin-cenubi-qafqazda-gulene-qarsi-mubarizesi\/"]}]},{"@type":"ImageObject","inLanguage":"az","@id":"https:\/\/www.meydan.tv\/az\/article\/turkiyenin-cenubi-qafqazda-gulene-qarsi-mubarizesi\/#primaryimage","url":"https:\/\/www.meydan.tv\/wp-content\/uploads\/34935.png","contentUrl":"https:\/\/www.meydan.tv\/wp-content\/uploads\/34935.png","width":1052,"height":603,"caption":"Source:"},{"@type":"BreadcrumbList","@id":"https:\/\/www.meydan.tv\/az\/article\/turkiyenin-cenubi-qafqazda-gulene-qarsi-mubarizesi\/#breadcrumb","itemListElement":[{"@type":"ListItem","position":1,"name":"Ana s\u0259hif\u0259","item":"https:\/\/www.meydan.tv\/az\/"},{"@type":"ListItem","position":2,"name":"Analitika","item":"https:\/\/www.meydan.tv\/az\/section\/analitika\/"},{"@type":"ListItem","position":3,"name":"T\u00fcrkiy\u0259nin C\u0259nubi Qafqazda G\u00fcl\u0259n\u0259 qar\u015f\u0131 m\u00fcbariz\u0259si"}]},{"@type":"WebSite","@id":"https:\/\/www.meydan.tv\/az\/#website","url":"https:\/\/www.meydan.tv\/az\/","name":"MEYDAN.TV","description":"Meydan TV Az\u0259rbaycan\u0131n media m\u0259kan\u0131ndak\u0131 alternativ s\u0259sidir","publisher":{"@id":"https:\/\/www.meydan.tv\/az\/#organization"},"potentialAction":[{"@type":"SearchAction","target":{"@type":"EntryPoint","urlTemplate":"https:\/\/www.meydan.tv\/az\/?s={search_term_string}"},"query-input":{"@type":"PropertyValueSpecification","valueRequired":true,"valueName":"search_term_string"}}],"inLanguage":"az"},{"@type":"Organization","@id":"https:\/\/www.meydan.tv\/az\/#organization","name":"Meydan TV","url":"https:\/\/www.meydan.tv\/az\/","logo":{"@type":"ImageObject","inLanguage":"az","@id":"https:\/\/www.meydan.tv\/az\/#\/schema\/logo\/image\/","url":"https:\/\/www.meydan.tv\/wp-content\/uploads\/2021\/07\/meydan-logo.svg","contentUrl":"https:\/\/www.meydan.tv\/wp-content\/uploads\/2021\/07\/meydan-logo.svg","width":195,"height":46,"caption":"Meydan TV"},"image":{"@id":"https:\/\/www.meydan.tv\/az\/#\/schema\/logo\/image\/"}},{"@type":"Person","@id":"https:\/\/www.meydan.tv\/az\/#\/schema\/person\/10d11eccf6da3662cf5fdab9806ea91a","name":"user-manager"}]}},"_links":{"self":[{"href":"https:\/\/www.meydan.tv\/az\/wp-json\/wp\/v2\/posts\/185457","targetHints":{"allow":["GET"]}}],"collection":[{"href":"https:\/\/www.meydan.tv\/az\/wp-json\/wp\/v2\/posts"}],"about":[{"href":"https:\/\/www.meydan.tv\/az\/wp-json\/wp\/v2\/types\/post"}],"author":[{"embeddable":true,"href":"https:\/\/www.meydan.tv\/az\/wp-json\/wp\/v2\/users\/11"}],"replies":[{"embeddable":true,"href":"https:\/\/www.meydan.tv\/az\/wp-json\/wp\/v2\/comments?post=185457"}],"version-history":[{"count":0,"href":"https:\/\/www.meydan.tv\/az\/wp-json\/wp\/v2\/posts\/185457\/revisions"}],"wp:featuredmedia":[{"embeddable":true,"href":"https:\/\/www.meydan.tv\/az\/wp-json\/wp\/v2\/media\/88587"}],"wp:attachment":[{"href":"https:\/\/www.meydan.tv\/az\/wp-json\/wp\/v2\/media?parent=185457"}],"wp:term":[{"taxonomy":"category","embeddable":true,"href":"https:\/\/www.meydan.tv\/az\/wp-json\/wp\/v2\/categories?post=185457"},{"taxonomy":"post_tag","embeddable":true,"href":"https:\/\/www.meydan.tv\/az\/wp-json\/wp\/v2\/tags?post=185457"}],"curies":[{"name":"wp","href":"https:\/\/api.w.org\/{rel}","templated":true}]}}