{"id":185405,"date":"2017-07-06T17:19:17","date_gmt":"2017-07-06T17:19:17","guid":{"rendered":"https:\/\/www.meydan.tv\/article\/kreml-hakim-elitanin-rusiyaya-ne-qeder-bagli-olub-olmamasini-test-edir\/"},"modified":"2017-07-06T17:19:17","modified_gmt":"2017-07-06T17:19:17","slug":"kreml-hakim-elitanin-rusiyaya-ne-qeder-bagli-olub-olmamasini-test-edir","status":"publish","type":"post","link":"https:\/\/www.meydan.tv\/az\/article\/kreml-hakim-elitanin-rusiyaya-ne-qeder-bagli-olub-olmamasini-test-edir\/","title":{"rendered":"&#8221;Kreml hakim elitan\u0131n Rusiyaya n\u0259 q\u0259d\u0259r ba\u011fl\u0131 olub-olmamas\u0131n\u0131 test edir&#8221;"},"content":{"rendered":"<figure class=\"wp-block-image size-large\">\n  <img decoding=\"async\" src=\"https:\/\/www.meydan.tv\/az\/88269\/\" alt=\"\" class=\"wp-image-88269\"\/><figcaption><\/figcaption><\/figure>\n<p>\n  <i><br \/>\n    Rusiya X\u0130N 1 g\u00fcn \u0259vv\u0259lki b\u0259yanat\u0131n\u0131 yenil\u0259y\u0259r\u0259k s\u0259rtl\u0259\u015fdirib<br \/>\n  <\/i>\n<\/p>\n<p>\n  <a href=\"http:\/\/www.mid.ru\/ru\/foreign_policy\/news\/-\/asset_publisher\/cKNonkJE02Bw\/content\/id\/2808388\"><br \/>\n    Rusiya Xarici \u0130\u015fl\u0259r Nazirliyi<br \/>\n  <\/a><br \/>\n  5 iyul b\u0259yanat\u0131n\u0131 bir q\u0259d\u0259r d\u0259 geni\u015fl\u0259ndir\u0259r\u0259k, 1 g\u00fcn sonra s\u0259rt ifad\u0259l\u0259rl\u0259 yenid\u0259n yay\u0131b.\n<\/p>\n<p>\n  B\u0259yanatda Bak\u0131ya burax\u0131lmayan Rusiya v\u0259t\u0259nda\u015f\u0131 olan erm\u0259nil\u0259r\u0259 qar\u015f\u0131 h\u0259r\u0259k\u0259tl\u0259ri &#8220;B\u00fct\u00fcn bunlar v\u0259h\u015fic\u0259sin\u0259 g\u00f6r\u00fcn\u00fcr\u201d dey\u0259 \u00a0qiym\u0259tl\u0259ndirilib.\n<\/p>\n<p>\n  Rusiya X\u0130N Az\u0259rbaycan\u0131 iki \u00f6lk\u0259 aras\u0131nda imzalanm\u0131\u015f \u201cDostluq, \u0259m\u0259kda\u015fl\u0131q v\u0259 qar\u015f\u0131l\u0131ql\u0131 t\u0259hl\u00fck\u0259sizlik haqq\u0131nda\u201d M\u00fcqavil\u0259ni, \u201cV\u0259t\u0259nda\u015flar\u0131n vizas\u0131z s\u0259f\u0259rl\u0259ri bar\u0259d\u0259 h\u00f6kum\u0259tl\u0259raras\u0131 sazi\u015f\u201di, \u201cDostluq v\u0259 strateji t\u0259r\u0259fda\u015fl\u0131q haqq\u0131nda\u201d B\u0259yannam\u0259ni pozmaqda ittiham edir. Eyni zamanda Rusiya X\u0130N xat\u0131rlad\u0131b ki, Az\u0259rbaycan \u00f6z\u00fcn\u00fc mili v\u0259 dini tolerantl\u0131q, multikulturalizm n\u00fcmun\u0259si kimi t\u0259qdim edir.\n<\/p>\n<p>\n  B\u0259yanat\u0131n sonunda &#8220;Rusiya yaranm\u0131\u015f v\u0259ziyy\u0259t\u0259 uy\u011fun n\u0259tic\u0259l\u0259r \u00e7\u0131xaracaq&#8221; c\u00fcml\u0259si yer al\u0131b.\n<\/p>\n<p>\n  Az\u0259rbaycan Xarici \u0130\u015fl\u0259r Nazirliyinin m\u0259tbuat xidm\u0259tinin katibi Hikm\u0259t Hac\u0131yev iyulun 5-d\u0259 Rusiya X\u0130N-in b\u0259yanat\u0131na reaksiya ver\u0259r\u0259k xat\u0131rlatm\u0131\u015fd\u0131 ki, Az\u0259rbaycanla Rusiya aras\u0131nda v\u0259t\u0259nda\u015flar\u0131n vizas\u0131z gedi\u015f-g\u0259li\u015fi v\u0259 strateji t\u0259r\u0259fda\u015fl\u0131\u011fa dair sazi\u015f imzalan\u0131b. Az\u0259rbaycan multikultural \u0259n\u0259n\u0259l\u0259ri il\u0259 f\u0259xr edir. Bu, d\u00fcnya \u00fc\u00e7\u00fcn n\u00fcmun\u0259dir. Amma t\u0259\u0259ss\u00fcf ki, Az\u0259rbaycan erm\u0259ni i\u015f\u011fal\u0131ndan \u0259ziyy\u0259t \u00e7\u0259kir.\n<\/p>\n<p>\n  X\u0130N s\u00f6z\u00e7\u00fcs\u00fc bu bar\u0259d\u0259 Rusiya t\u0259r\u0259fin\u0259 m\u0259lumat verildiyini d\u0259 \u0259lav\u0259 etmi\u015fdi:\n<\/p>\n<p>\n  \u201cErm\u0259nistan\u0131n Az\u0259rbaycana qar\u015f\u0131 i\u015f\u011fal v\u0259 t\u0259cav\u00fcz\u00fc n\u0259tic\u0259sind\u0259 qanl\u0131 etnik t\u0259mizl\u0259m\u0259 siyas\u0259ti h\u0259yata ke\u00e7irilib. Bu siyas\u0259t Erm\u0259nistan \u0259razisind\u0259 d\u0259 apar\u0131l\u0131b. T\u0259\u0259ss\u00fcf ki, milliyy\u0259tc\u0259 erm\u0259ni olan b\u0259zi \u015f\u0259xsl\u0259r etnik z\u0259mind\u0259 t\u0259friq\u0259 apar\u0131r. Bu s\u0259b\u0259bd\u0259n biz bu kimi t\u0259dbirl\u0259r h\u0259yata ke\u00e7iririk. Rusiyal\u0131 h\u0259ms\u0259dr, o c\u00fcml\u0259d\u0259n dig\u0259r h\u0259ms\u0259drl\u0259r \u00fcz\u0259ril\u0259rin\u0259 d\u00fc\u015f\u0259n \u00f6hd\u0259likd\u0259n \u00e7\u0131x\u0131\u015f ed\u0259r\u0259k m\u00fcnaqi\u015f\u0259nin h\u0259lli \u00fc\u00e7\u00fcn s\u0259yl\u0259rini art\u0131rmal\u0131d\u0131r. Erm\u0259nistan silahl\u0131 q\u00fcvv\u0259l\u0259ri i\u015f\u011fal alt\u0131ndak\u0131 \u0259razil\u0259rimizd\u0259n \u00e7\u0131xar\u0131lmal\u0131d\u0131r. Regionda s\u00fclh, h\u0259rt\u0259r\u0259fli gedi\u015f-g\u0259li\u015f v\u0259 sivil m\u00fcnasib\u0259tl\u0259r t\u0259min olunmal\u0131d\u0131r\u201d.\n<\/p>\n<p>\n  Siyasi icmal\u00e7\u0131 \u0130lqar V\u0259lizad\u0259 hesab edir ki, Az\u0259rbaycan\u0131n t\u0259tbiq etdiyi praktika yeni deyil, 20-25 ildir bu praktika t\u0259tbiq olunur v\u0259 Rusiya r\u0259smi orqanlar\u0131n\u0131n da v\u0259ziyy\u0259td\u0259n x\u0259b\u0259rdard\u0131r:\n<\/p>\n<p>\n  \u201c\u0130kincisi, praktikan\u0131n t\u0259tbiqi Bak\u0131-Moskva m\u00fcnasib\u0259tl\u0259rind\u0259 bir amil kimi rol oynamay\u0131b. G\u00f6r\u00fcn\u00fcr, haz\u0131rda kims\u0259 bu amili qabartmaq ist\u0259yir v\u0259 &#8220;niy\u0259 indi&#8221; sual\u0131 yaran\u0131r. Suala d\u0259qiq cavab verm\u0259k \u00e7\u0259tin olsa da, bunu t\u0259sad\u00fcfi add\u0131m saymaq olmaz. D\u00fc\u015f\u00fcn\u00fcr\u0259m ki, Rusiya X\u0130N-in b\u0259yanat\u0131nda mesaj elementl\u0259ri d\u0259 var. Rusiyan\u0131n hans\u0131 n\u0259tic\u0259 \u00e7\u0131xarda bilm\u0259si \u00f6z i\u015fl\u0259ridir. Amma Az\u0259rbaycana bu m\u0259s\u0259l\u0259 il\u0259 ba\u011fl\u0131 t\u0259zyiq imkanlar\u0131 yoxdur. Eyni zamanda, Bak\u0131n\u0131n reaksiyas\u0131 ba\u015fad\u00fc\u015f\u00fcl\u0259ndir. Erm\u0259nistandan Rusiyaya minl\u0259rl\u0259 adam k\u00f6\u00e7\u00fcb v\u0259t\u0259nda\u015fl\u0131q alsalar da, \u00f6lk\u0259l\u0259ri il\u0259 \u0259laq\u0259l\u0259rini k\u0259smirl\u0259r. F\u0259rz ed\u0259k ki, bunlar sabah Bak\u0131ya g\u0259lib normal g\u0259zirl\u0259r, bunu anlamaq \u00e7\u0259tindir, \u00e7\u00fcnki Az\u0259rbaycan Erm\u0259nistanla m\u00fcharib\u0259 \u015f\u0259raitind\u0259dir. Bel\u0259 v\u0259ziyy\u0259td\u0259 Rusiya v\u0259t\u0259nda\u015flar\u0131 olan erm\u0259nil\u0259rin t\u0259hl\u00fck\u0259sizliyin\u0259 t\u0259minat verm\u0259k asan deyil\u201d.\n<\/p>\n<figure class=\"wp-block-image size-large\">\n  <img decoding=\"async\" src=\"https:\/\/www.meydan.tv\/az\/ilqar-velizade-7\/\" alt=\"\u0130lqar V\u0259lizad\u0259\" class=\"wp-image-63278\"\/><figcaption>\n    \u0130lqar V\u0259lizad\u0259<br \/>\n  <\/figcaption><\/figure>\n<p>\n  \u0130lqar V\u0259lizad\u0259 bildirib ki, Rusiya insdentin olmamas\u0131n\u0131 ist\u0259yirs\u0259, adekvat add\u0131mdan n\u0259tic\u0259 \u00e7\u0131xarda bil\u0259rdi:\n<\/p>\n<p>\n  \u201cAz\u0259rbaycan Rusiyaya \u00fcz tutub deyir ki, prosesl\u0259ri analiz ets\u0259niz, adekvat reaksiya verm\u0259lisiniz.\n<\/p>\n<p>\n  Siyasi icmal\u00e7\u0131 g\u00fcman edir ki, bu m\u0259s\u0259l\u0259 davam\u0131n\u0131 tapacaq. Amma Bak\u0131n\u0131n t\u0259tbiq etdiyi praktikada Az\u0259rbaycanla b\u0259rab\u0259r Rusiya v\u0259t\u0259nda\u015flar\u0131n\u0131n da t\u0259hl\u00fck\u0259sizliyi \u00f6n plana \u00e7\u0259kilir. Ona g\u00f6r\u0259 m\u00fcr\u0259kk\u0259b m\u0259s\u0259l\u0259nin yaln\u0131z Rusiya X\u0130N t\u0259r\u0259find\u0259n qald\u0131r\u0131lmas\u0131, bu qurumun olay\u0131 tam bilm\u0259m\u0259si, qeyri-kompenentlikd\u0259n ir\u0259li g\u0259ldiyini g\u00f6st\u0259rir\u201d.\n<\/p>\n<p>\n  ReAL \u0130dar\u0259 Hey\u0259tinin \u00fczv\u00fc Az\u0259r Qas\u0131ml\u0131n\u0131n q\u0259na\u0259tinc\u0259, Rusiya X\u0130N-in b\u0259yanat\u0131 Moskvan\u0131n Bak\u0131ya t\u0259zyiqinin a\u00e7\u0131q m\u00fcst\u0259viy\u0259 ke\u00e7m\u0259sinin g\u00f6st\u0259ricisidir:\n<\/p>\n<p>\n  \u201cDig\u0259r t\u0259r\u0259fd\u0259n d\u0259, m\u0259lum b\u0259yanat Rusiya il\u0259 Az\u0259rbaycan aras\u0131nda m\u00fcnasib\u0259tl\u0259rin he\u00e7 d\u0259 yax\u015f\u0131 olmad\u0131\u011f\u0131n\u0131n daha bir n\u00fcmun\u0259sidir. Bir m\u00fcdd\u0259t \u0259vv\u0259l qon\u015fu \u00f6lk\u0259nin \u018fdliyy\u0259 Nazirliyi \u00dcmumrusiya Az\u0259rbaycanl\u0131lar\u0131 Konqresini l\u0259\u011fv etmi\u015fdi. \u00c7ox maraql\u0131d\u0131r ki, bu \u0259r\u0259f\u0259l\u0259rd\u0259 m\u0259hz prezident Putin\u0259 yax\u0131n \u015f\u0259xsl\u0259rin, konkret olaraq jurnalist Solovyovun,<br \/>\n  <a href=\"\/az\/article\/xanim-eliyeva-dedi-yol-vermez-ki-azerbaycan-xalqinda-ermenilerin-timsalinda-dusmen-obrazi-formalassin\/\"><br \/>\n    yaz\u0131\u00e7\u0131 Proxanovun<br \/>\n  <\/a><br \/>\n  , Duqinin Bak\u0131ya g\u0259lib birinci v\u0259 ikinci \u015f\u0259xsl\u0259rl\u0259 g\u00f6r\u00fc\u015fm\u0259l\u0259ri m\u00fc\u0259yy\u0259n suallar do\u011furur. Birinci sual odur ki, onlar\u0131 Kreml g\u00f6nd\u0259rir, yoxsa \u00f6zl\u0259ri g\u0259lir? \u0130kinci sual; Bak\u0131n\u0131n bu adamlar\u0131 q\u0259bul etm\u0259k ist\u0259yi varm\u0131, yoxsa buna m\u0259cburdurlar? N\u0259hay\u0259t, Rusiyaya yax\u0131n Bolqar\u0131standa Az\u0259rbaycanla ba\u011fl\u0131 ara\u015fd\u0131rman\u0131n d\u0259rcini d\u0259 bura \u0259lav\u0259 ets\u0259k, \u018fliyevl\u0259r ail\u0259si il\u0259 Kreml aras\u0131nda m\u00fc\u0259yy\u0259n g\u0259rginlikl\u0259rin oldu\u011funu d\u00fc\u015f\u00fcnm\u0259k olar. Yeri g\u0259lmi\u015fk\u0259n, 4 iyulda F\u00fczuli rayonu istiqam\u0259tind\u0259 at\u0259\u015fk\u0259sin pozulmas\u0131 1 k\u00f6rp\u0259nin v\u0259 n\u0259n\u0259sinin \u00f6ld\u00fcr\u00fclm\u0259si bu prosesin t\u0259rkib hiss\u0259sidir\u201d.\n<\/p>\n<figure class=\"wp-block-image size-large\">\n  <img decoding=\"async\" src=\"https:\/\/www.meydan.tv\/az\/64772\/\" alt=\"\" class=\"wp-image-64772\"\/><figcaption>\n    Az\u0259r Qas\u0131ml\u0131<br \/>\n  <\/figcaption><\/figure>\n<p>\n  A.Qas\u0131ml\u0131 bildirib ki, \u018fliyevl\u0259r ail\u0259si il\u0259 Kreml aras\u0131nda ba\u015flanan g\u0259rginlik 2018-ci il se\u00e7kil\u0259rin\u0259 q\u0259d\u0259r davam ed\u0259c\u0259k:\n<\/p>\n<p>\n  &#8220;Rusiyan\u0131n Az\u0259rbaycandan m\u00fc\u0259yy\u0259n ist\u0259kl\u0259ri var ki, Bak\u0131 bunlar\u0131 yerin\u0259 yetir\u0259 bilmir. Art\u0131q m\u0259s\u0259l\u0259 ideoloji m\u00fcst\u0259viy\u0259 \u00e7\u0131x\u0131b ki, Kreml hakim elitan\u0131n Rusiyaya n\u0259 q\u0259d\u0259r ba\u011fl\u0131 olub-olmamas\u0131n\u0131 test edir. Sual yaran\u0131r; yaz\u0131\u00e7\u0131 Proxanovun prezident v\u0259 birinci-prezidentl\u0259 g\u00f6r\u00fc\u015f\u00fcb saatlarla s\u00f6hb\u0259t etm\u0259sinin n\u0259 anlam\u0131 var? Daxili siyasi h\u0259yatda bu g\u00f6r\u00fc\u015fl\u0259r hakim elitaya he\u00e7 bir d\u0259st\u0259k g\u0259tirmir. Sad\u0259c\u0259, Kreml hakim ail\u0259ni ideoloji testd\u0259n ke\u00e7irir&#8221;.<\/p>\n","protected":false},"excerpt":{"rendered":"<p>Rusiya X\u0130N 1 g\u00fcn \u0259vv\u0259lki b\u0259yanat\u0131n\u0131 yenil\u0259y\u0259r\u0259k s\u0259rtl\u0259\u015fdirib<\/p>\n","protected":false},"author":11,"featured_media":88269,"comment_status":"closed","ping_status":"open","sticky":false,"template":"","format":"standard","meta":{"_acf_changed":false,"_sitemap_exclude":false,"_sitemap_priority":"","_sitemap_frequency":"","footnotes":""},"categories":[51],"tags":[],"class_list":["post-185405","post","type-post","status-publish","format-standard","has-post-thumbnail","hentry","category-analitika","infinite-scroll-item","generate-columns","tablet-grid-50","mobile-grid-100","grid-parent","grid-33","no-featured-image-padding"],"acf":[],"yoast_head":"<!-- This site is optimized with the Yoast SEO plugin v27.4 - https:\/\/yoast.com\/product\/yoast-seo-wordpress\/ -->\n<title>&#039;&#039;Kreml hakim elitan\u0131n Rusiyaya n\u0259 q\u0259d\u0259r ba\u011fl\u0131 olub-olmamas\u0131n\u0131 test edir&#039;&#039; - MEYDAN.TV<\/title>\n<meta name=\"robots\" content=\"index, follow, max-snippet:-1, max-image-preview:large, max-video-preview:-1\" \/>\n<link rel=\"canonical\" href=\"https:\/\/www.meydan.tv\/az\/article\/kreml-hakim-elitanin-rusiyaya-ne-qeder-bagli-olub-olmamasini-test-edir\/\" \/>\n<meta property=\"og:locale\" content=\"az_AZ\" \/>\n<meta property=\"og:type\" content=\"article\" \/>\n<meta property=\"og:title\" content=\"&#039;&#039;Kreml hakim elitan\u0131n Rusiyaya n\u0259 q\u0259d\u0259r ba\u011fl\u0131 olub-olmamas\u0131n\u0131 test edir&#039;&#039; - MEYDAN.TV\" \/>\n<meta property=\"og:description\" content=\"Rusiya X\u0130N 1 g\u00fcn \u0259vv\u0259lki b\u0259yanat\u0131n\u0131 yenil\u0259y\u0259r\u0259k s\u0259rtl\u0259\u015fdirib\" \/>\n<meta property=\"og:url\" content=\"https:\/\/www.meydan.tv\/az\/article\/kreml-hakim-elitanin-rusiyaya-ne-qeder-bagli-olub-olmamasini-test-edir\/\" \/>\n<meta property=\"og:site_name\" content=\"MEYDAN.TV\" \/>\n<meta property=\"article:published_time\" content=\"2017-07-06T17:19:17+00:00\" \/>\n<meta property=\"og:image\" content=\"https:\/\/www.meydan.tv\/wp-content\/uploads\/34811.jpg\" \/>\n\t<meta property=\"og:image:width\" content=\"750\" \/>\n\t<meta property=\"og:image:height\" content=\"500\" \/>\n\t<meta property=\"og:image:type\" content=\"image\/jpeg\" \/>\n<meta name=\"author\" content=\"user-manager\" \/>\n<meta name=\"twitter:card\" content=\"summary_large_image\" \/>\n<script type=\"application\/ld+json\" class=\"yoast-schema-graph\">{\"@context\":\"https:\\\/\\\/schema.org\",\"@graph\":[{\"@type\":\"Article\",\"@id\":\"https:\\\/\\\/www.meydan.tv\\\/az\\\/article\\\/kreml-hakim-elitanin-rusiyaya-ne-qeder-bagli-olub-olmamasini-test-edir\\\/#article\",\"isPartOf\":{\"@id\":\"https:\\\/\\\/www.meydan.tv\\\/az\\\/article\\\/kreml-hakim-elitanin-rusiyaya-ne-qeder-bagli-olub-olmamasini-test-edir\\\/\"},\"author\":{\"name\":\"user-manager\",\"@id\":\"https:\\\/\\\/www.meydan.tv\\\/az\\\/#\\\/schema\\\/person\\\/10d11eccf6da3662cf5fdab9806ea91a\"},\"headline\":\"&#8221;Kreml hakim elitan\u0131n Rusiyaya n\u0259 q\u0259d\u0259r ba\u011fl\u0131 olub-olmamas\u0131n\u0131 test edir&#8221;\",\"datePublished\":\"2017-07-06T17:19:17+00:00\",\"mainEntityOfPage\":{\"@id\":\"https:\\\/\\\/www.meydan.tv\\\/az\\\/article\\\/kreml-hakim-elitanin-rusiyaya-ne-qeder-bagli-olub-olmamasini-test-edir\\\/\"},\"wordCount\":1174,\"publisher\":{\"@id\":\"https:\\\/\\\/www.meydan.tv\\\/az\\\/#organization\"},\"image\":{\"@id\":\"https:\\\/\\\/www.meydan.tv\\\/az\\\/article\\\/kreml-hakim-elitanin-rusiyaya-ne-qeder-bagli-olub-olmamasini-test-edir\\\/#primaryimage\"},\"thumbnailUrl\":\"https:\\\/\\\/www.meydan.tv\\\/wp-content\\\/uploads\\\/34811.jpg\",\"articleSection\":[\"Analitika\"],\"inLanguage\":\"az\"},{\"@type\":\"WebPage\",\"@id\":\"https:\\\/\\\/www.meydan.tv\\\/az\\\/article\\\/kreml-hakim-elitanin-rusiyaya-ne-qeder-bagli-olub-olmamasini-test-edir\\\/\",\"url\":\"https:\\\/\\\/www.meydan.tv\\\/az\\\/article\\\/kreml-hakim-elitanin-rusiyaya-ne-qeder-bagli-olub-olmamasini-test-edir\\\/\",\"name\":\"''Kreml hakim elitan\u0131n Rusiyaya n\u0259 q\u0259d\u0259r ba\u011fl\u0131 olub-olmamas\u0131n\u0131 test edir'' - MEYDAN.TV\",\"isPartOf\":{\"@id\":\"https:\\\/\\\/www.meydan.tv\\\/az\\\/#website\"},\"primaryImageOfPage\":{\"@id\":\"https:\\\/\\\/www.meydan.tv\\\/az\\\/article\\\/kreml-hakim-elitanin-rusiyaya-ne-qeder-bagli-olub-olmamasini-test-edir\\\/#primaryimage\"},\"image\":{\"@id\":\"https:\\\/\\\/www.meydan.tv\\\/az\\\/article\\\/kreml-hakim-elitanin-rusiyaya-ne-qeder-bagli-olub-olmamasini-test-edir\\\/#primaryimage\"},\"thumbnailUrl\":\"https:\\\/\\\/www.meydan.tv\\\/wp-content\\\/uploads\\\/34811.jpg\",\"datePublished\":\"2017-07-06T17:19:17+00:00\",\"breadcrumb\":{\"@id\":\"https:\\\/\\\/www.meydan.tv\\\/az\\\/article\\\/kreml-hakim-elitanin-rusiyaya-ne-qeder-bagli-olub-olmamasini-test-edir\\\/#breadcrumb\"},\"inLanguage\":\"az\",\"potentialAction\":[{\"@type\":\"ReadAction\",\"target\":[\"https:\\\/\\\/www.meydan.tv\\\/az\\\/article\\\/kreml-hakim-elitanin-rusiyaya-ne-qeder-bagli-olub-olmamasini-test-edir\\\/\"]}]},{\"@type\":\"ImageObject\",\"inLanguage\":\"az\",\"@id\":\"https:\\\/\\\/www.meydan.tv\\\/az\\\/article\\\/kreml-hakim-elitanin-rusiyaya-ne-qeder-bagli-olub-olmamasini-test-edir\\\/#primaryimage\",\"url\":\"https:\\\/\\\/www.meydan.tv\\\/wp-content\\\/uploads\\\/34811.jpg\",\"contentUrl\":\"https:\\\/\\\/www.meydan.tv\\\/wp-content\\\/uploads\\\/34811.jpg\",\"width\":750,\"height\":500,\"caption\":\"Source:\"},{\"@type\":\"BreadcrumbList\",\"@id\":\"https:\\\/\\\/www.meydan.tv\\\/az\\\/article\\\/kreml-hakim-elitanin-rusiyaya-ne-qeder-bagli-olub-olmamasini-test-edir\\\/#breadcrumb\",\"itemListElement\":[{\"@type\":\"ListItem\",\"position\":1,\"name\":\"Ana s\u0259hif\u0259\",\"item\":\"https:\\\/\\\/www.meydan.tv\\\/az\\\/\"},{\"@type\":\"ListItem\",\"position\":2,\"name\":\"Analitika\",\"item\":\"https:\\\/\\\/www.meydan.tv\\\/az\\\/section\\\/analitika\\\/\"},{\"@type\":\"ListItem\",\"position\":3,\"name\":\"&#8221;Kreml hakim elitan\u0131n Rusiyaya n\u0259 q\u0259d\u0259r ba\u011fl\u0131 olub-olmamas\u0131n\u0131 test edir&#8221;\"}]},{\"@type\":\"WebSite\",\"@id\":\"https:\\\/\\\/www.meydan.tv\\\/az\\\/#website\",\"url\":\"https:\\\/\\\/www.meydan.tv\\\/az\\\/\",\"name\":\"MEYDAN.TV\",\"description\":\"Meydan TV Az\u0259rbaycan\u0131n media m\u0259kan\u0131ndak\u0131 alternativ s\u0259sidir\",\"publisher\":{\"@id\":\"https:\\\/\\\/www.meydan.tv\\\/az\\\/#organization\"},\"potentialAction\":[{\"@type\":\"SearchAction\",\"target\":{\"@type\":\"EntryPoint\",\"urlTemplate\":\"https:\\\/\\\/www.meydan.tv\\\/az\\\/?s={search_term_string}\"},\"query-input\":{\"@type\":\"PropertyValueSpecification\",\"valueRequired\":true,\"valueName\":\"search_term_string\"}}],\"inLanguage\":\"az\"},{\"@type\":\"Organization\",\"@id\":\"https:\\\/\\\/www.meydan.tv\\\/az\\\/#organization\",\"name\":\"Meydan TV\",\"url\":\"https:\\\/\\\/www.meydan.tv\\\/az\\\/\",\"logo\":{\"@type\":\"ImageObject\",\"inLanguage\":\"az\",\"@id\":\"https:\\\/\\\/www.meydan.tv\\\/az\\\/#\\\/schema\\\/logo\\\/image\\\/\",\"url\":\"https:\\\/\\\/www.meydan.tv\\\/wp-content\\\/uploads\\\/2021\\\/07\\\/meydan-logo.svg\",\"contentUrl\":\"https:\\\/\\\/www.meydan.tv\\\/wp-content\\\/uploads\\\/2021\\\/07\\\/meydan-logo.svg\",\"width\":195,\"height\":46,\"caption\":\"Meydan TV\"},\"image\":{\"@id\":\"https:\\\/\\\/www.meydan.tv\\\/az\\\/#\\\/schema\\\/logo\\\/image\\\/\"}},{\"@type\":\"Person\",\"@id\":\"https:\\\/\\\/www.meydan.tv\\\/az\\\/#\\\/schema\\\/person\\\/10d11eccf6da3662cf5fdab9806ea91a\",\"name\":\"user-manager\"}]}<\/script>\n<!-- \/ Yoast SEO plugin. -->","yoast_head_json":{"title":"''Kreml hakim elitan\u0131n Rusiyaya n\u0259 q\u0259d\u0259r ba\u011fl\u0131 olub-olmamas\u0131n\u0131 test edir'' - MEYDAN.TV","robots":{"index":"index","follow":"follow","max-snippet":"max-snippet:-1","max-image-preview":"max-image-preview:large","max-video-preview":"max-video-preview:-1"},"canonical":"https:\/\/www.meydan.tv\/az\/article\/kreml-hakim-elitanin-rusiyaya-ne-qeder-bagli-olub-olmamasini-test-edir\/","og_locale":"az_AZ","og_type":"article","og_title":"''Kreml hakim elitan\u0131n Rusiyaya n\u0259 q\u0259d\u0259r ba\u011fl\u0131 olub-olmamas\u0131n\u0131 test edir'' - MEYDAN.TV","og_description":"Rusiya X\u0130N 1 g\u00fcn \u0259vv\u0259lki b\u0259yanat\u0131n\u0131 yenil\u0259y\u0259r\u0259k s\u0259rtl\u0259\u015fdirib","og_url":"https:\/\/www.meydan.tv\/az\/article\/kreml-hakim-elitanin-rusiyaya-ne-qeder-bagli-olub-olmamasini-test-edir\/","og_site_name":"MEYDAN.TV","article_published_time":"2017-07-06T17:19:17+00:00","og_image":[{"width":750,"height":500,"url":"https:\/\/www.meydan.tv\/wp-content\/uploads\/34811.jpg","type":"image\/jpeg"}],"author":"user-manager","twitter_card":"summary_large_image","schema":{"@context":"https:\/\/schema.org","@graph":[{"@type":"Article","@id":"https:\/\/www.meydan.tv\/az\/article\/kreml-hakim-elitanin-rusiyaya-ne-qeder-bagli-olub-olmamasini-test-edir\/#article","isPartOf":{"@id":"https:\/\/www.meydan.tv\/az\/article\/kreml-hakim-elitanin-rusiyaya-ne-qeder-bagli-olub-olmamasini-test-edir\/"},"author":{"name":"user-manager","@id":"https:\/\/www.meydan.tv\/az\/#\/schema\/person\/10d11eccf6da3662cf5fdab9806ea91a"},"headline":"&#8221;Kreml hakim elitan\u0131n Rusiyaya n\u0259 q\u0259d\u0259r ba\u011fl\u0131 olub-olmamas\u0131n\u0131 test edir&#8221;","datePublished":"2017-07-06T17:19:17+00:00","mainEntityOfPage":{"@id":"https:\/\/www.meydan.tv\/az\/article\/kreml-hakim-elitanin-rusiyaya-ne-qeder-bagli-olub-olmamasini-test-edir\/"},"wordCount":1174,"publisher":{"@id":"https:\/\/www.meydan.tv\/az\/#organization"},"image":{"@id":"https:\/\/www.meydan.tv\/az\/article\/kreml-hakim-elitanin-rusiyaya-ne-qeder-bagli-olub-olmamasini-test-edir\/#primaryimage"},"thumbnailUrl":"https:\/\/www.meydan.tv\/wp-content\/uploads\/34811.jpg","articleSection":["Analitika"],"inLanguage":"az"},{"@type":"WebPage","@id":"https:\/\/www.meydan.tv\/az\/article\/kreml-hakim-elitanin-rusiyaya-ne-qeder-bagli-olub-olmamasini-test-edir\/","url":"https:\/\/www.meydan.tv\/az\/article\/kreml-hakim-elitanin-rusiyaya-ne-qeder-bagli-olub-olmamasini-test-edir\/","name":"''Kreml hakim elitan\u0131n Rusiyaya n\u0259 q\u0259d\u0259r ba\u011fl\u0131 olub-olmamas\u0131n\u0131 test edir'' - MEYDAN.TV","isPartOf":{"@id":"https:\/\/www.meydan.tv\/az\/#website"},"primaryImageOfPage":{"@id":"https:\/\/www.meydan.tv\/az\/article\/kreml-hakim-elitanin-rusiyaya-ne-qeder-bagli-olub-olmamasini-test-edir\/#primaryimage"},"image":{"@id":"https:\/\/www.meydan.tv\/az\/article\/kreml-hakim-elitanin-rusiyaya-ne-qeder-bagli-olub-olmamasini-test-edir\/#primaryimage"},"thumbnailUrl":"https:\/\/www.meydan.tv\/wp-content\/uploads\/34811.jpg","datePublished":"2017-07-06T17:19:17+00:00","breadcrumb":{"@id":"https:\/\/www.meydan.tv\/az\/article\/kreml-hakim-elitanin-rusiyaya-ne-qeder-bagli-olub-olmamasini-test-edir\/#breadcrumb"},"inLanguage":"az","potentialAction":[{"@type":"ReadAction","target":["https:\/\/www.meydan.tv\/az\/article\/kreml-hakim-elitanin-rusiyaya-ne-qeder-bagli-olub-olmamasini-test-edir\/"]}]},{"@type":"ImageObject","inLanguage":"az","@id":"https:\/\/www.meydan.tv\/az\/article\/kreml-hakim-elitanin-rusiyaya-ne-qeder-bagli-olub-olmamasini-test-edir\/#primaryimage","url":"https:\/\/www.meydan.tv\/wp-content\/uploads\/34811.jpg","contentUrl":"https:\/\/www.meydan.tv\/wp-content\/uploads\/34811.jpg","width":750,"height":500,"caption":"Source:"},{"@type":"BreadcrumbList","@id":"https:\/\/www.meydan.tv\/az\/article\/kreml-hakim-elitanin-rusiyaya-ne-qeder-bagli-olub-olmamasini-test-edir\/#breadcrumb","itemListElement":[{"@type":"ListItem","position":1,"name":"Ana s\u0259hif\u0259","item":"https:\/\/www.meydan.tv\/az\/"},{"@type":"ListItem","position":2,"name":"Analitika","item":"https:\/\/www.meydan.tv\/az\/section\/analitika\/"},{"@type":"ListItem","position":3,"name":"&#8221;Kreml hakim elitan\u0131n Rusiyaya n\u0259 q\u0259d\u0259r ba\u011fl\u0131 olub-olmamas\u0131n\u0131 test edir&#8221;"}]},{"@type":"WebSite","@id":"https:\/\/www.meydan.tv\/az\/#website","url":"https:\/\/www.meydan.tv\/az\/","name":"MEYDAN.TV","description":"Meydan TV Az\u0259rbaycan\u0131n media m\u0259kan\u0131ndak\u0131 alternativ s\u0259sidir","publisher":{"@id":"https:\/\/www.meydan.tv\/az\/#organization"},"potentialAction":[{"@type":"SearchAction","target":{"@type":"EntryPoint","urlTemplate":"https:\/\/www.meydan.tv\/az\/?s={search_term_string}"},"query-input":{"@type":"PropertyValueSpecification","valueRequired":true,"valueName":"search_term_string"}}],"inLanguage":"az"},{"@type":"Organization","@id":"https:\/\/www.meydan.tv\/az\/#organization","name":"Meydan TV","url":"https:\/\/www.meydan.tv\/az\/","logo":{"@type":"ImageObject","inLanguage":"az","@id":"https:\/\/www.meydan.tv\/az\/#\/schema\/logo\/image\/","url":"https:\/\/www.meydan.tv\/wp-content\/uploads\/2021\/07\/meydan-logo.svg","contentUrl":"https:\/\/www.meydan.tv\/wp-content\/uploads\/2021\/07\/meydan-logo.svg","width":195,"height":46,"caption":"Meydan TV"},"image":{"@id":"https:\/\/www.meydan.tv\/az\/#\/schema\/logo\/image\/"}},{"@type":"Person","@id":"https:\/\/www.meydan.tv\/az\/#\/schema\/person\/10d11eccf6da3662cf5fdab9806ea91a","name":"user-manager"}]}},"_links":{"self":[{"href":"https:\/\/www.meydan.tv\/az\/wp-json\/wp\/v2\/posts\/185405","targetHints":{"allow":["GET"]}}],"collection":[{"href":"https:\/\/www.meydan.tv\/az\/wp-json\/wp\/v2\/posts"}],"about":[{"href":"https:\/\/www.meydan.tv\/az\/wp-json\/wp\/v2\/types\/post"}],"author":[{"embeddable":true,"href":"https:\/\/www.meydan.tv\/az\/wp-json\/wp\/v2\/users\/11"}],"replies":[{"embeddable":true,"href":"https:\/\/www.meydan.tv\/az\/wp-json\/wp\/v2\/comments?post=185405"}],"version-history":[{"count":0,"href":"https:\/\/www.meydan.tv\/az\/wp-json\/wp\/v2\/posts\/185405\/revisions"}],"wp:featuredmedia":[{"embeddable":true,"href":"https:\/\/www.meydan.tv\/az\/wp-json\/wp\/v2\/media\/88269"}],"wp:attachment":[{"href":"https:\/\/www.meydan.tv\/az\/wp-json\/wp\/v2\/media?parent=185405"}],"wp:term":[{"taxonomy":"category","embeddable":true,"href":"https:\/\/www.meydan.tv\/az\/wp-json\/wp\/v2\/categories?post=185405"},{"taxonomy":"post_tag","embeddable":true,"href":"https:\/\/www.meydan.tv\/az\/wp-json\/wp\/v2\/tags?post=185405"}],"curies":[{"name":"wp","href":"https:\/\/api.w.org\/{rel}","templated":true}]}}