{"id":185382,"date":"2017-07-05T17:36:51","date_gmt":"2017-07-05T17:36:51","guid":{"rendered":"https:\/\/www.meydan.tv\/article\/vicdaniniz-olsun\/"},"modified":"2017-07-05T17:36:51","modified_gmt":"2017-07-05T17:36:51","slug":"vicdaniniz-olsun","status":"publish","type":"post","link":"https:\/\/www.meydan.tv\/az\/article\/vicdaniniz-olsun\/","title":{"rendered":"Vicdan\u0131n\u0131z olsun!"},"content":{"rendered":"<p>\n  H\u0259yatda \u0259n z\u0259hl\u0259m ged\u0259n \u015feyl\u0259rd\u0259n biri d\u0259 davaml\u0131 \u015fikay\u0259t el\u0259m\u0259k, s\u0131zlamaq, \u00f6z\u00fcn\u00fc aciz g\u00f6st\u0259rib, \u0259trafdak\u0131lara neqativ enerji \u00f6t\u00fcrm\u0259kdir. Bu m\u0259s\u0259l\u0259ni art\u0131q \u00f6z\u00fcm\u0259 prinsip el\u0259mi\u015f\u0259m. \u00d6lk\u0259mizd\u0259 sonsuz sayda problem var. \u0130nsanlar\u0131m\u0131z\u0131n g\u00fcz\u0259ran\u0131 g\u00fcn\u00fc-g\u00fcnd\u0259n pisl\u0259\u015fir. Bunu ba\u015fa d\u00fc\u015fm\u0259k \u00e7\u0259tin deyil. Adamlar h\u0259tta dan\u0131\u015fmasalar da, \u00fcz ifad\u0259l\u0259ri onlar\u0131n \u0259v\u0259zin\u0259 dan\u0131\u015f\u0131r. K\u0259d\u0259r, qay\u011f\u0131, q\u0259z\u0259b v\u0259 s. bu kimi xo\u015fag\u0259lm\u0259z ifad\u0259l\u0259r, f\u0259rdl\u0259rin 90 faizinin simas\u0131nda \u00f6z\u00fcn\u00fc diqq\u0259ti a\u015f\u0131r\u0131 d\u0259r\u0259c\u0259d\u0259 \u00e7\u0259k\u0259n makiyaj kimi g\u00f6st\u0259rm\u0259kd\u0259dir.\n<\/p>\n<p>\n  Bax, ona g\u00f6r\u0259 d\u0259 \u015f\u0259xsi probleml\u0259r v\u0259 qay\u011f\u0131lar\u0131m olmas\u0131na r\u0259\u011fm\u0259n, maksimum \u015f\u0259kild\u0259 \u00e7al\u0131\u015f\u0131ram ki, g\u00fcl\u00fcms\u0259yim, pozitivliyimi qoruyub, saxlay\u0131m. Niy\u0259 g\u00f6r\u0259 m\u0259n, \u00f6z probleml\u0259riml\u0259 ba\u015fqalar\u0131n\u0131 y\u00fckl\u0259m\u0259liy\u0259m ax\u0131?! He\u00e7 kim\u0259 neqativ enerji \u00f6t\u00fcrm\u0259k haqq\u0131m yoxdur.\n<\/p>\n<p>\n  \u0130ndi is\u0259 bir az prinsipim\u0259 zidd getm\u0259li olacam. \u015eikay\u0259tim var! D\u00fczd\u00fcr, bu \u015f\u0259xsi problem m\u00fcst\u0259visind\u0259n \u00e7oxdan \u00e7\u0131x\u0131b v\u0259 ictimai problem\u0259 \u00e7evirilib, ancaq yen\u0259 d\u0259 x\u0259b\u0259rdarl\u0131q etm\u0259yi \u00f6z\u00fcm\u0259 borc bilir\u0259m. \u0130st\u0259m\u0259y\u0259n, yaz\u0131n\u0131 yar\u0131m\u00e7\u0131q saxlay\u0131b, oxumaya bil\u0259r.<br \/>\n  <br \/>\n  M\u0259qs\u0259dim kiml\u0259r\u0259s\u0259 neqativ enerji \u00f6t\u00fcrm\u0259k deyil! Bu yaz\u0131m, m\u0259s\u0259l\u0259ni ictimail\u0259\u015fdirib, h\u0259ll yolunu tapma\u011fa hesablan\u0131b. Hal-haz\u0131rda, \u00f6z\u00fcm\u00fc sanki yax\u0131n dost-tan\u0131\u015f\u0131ma onun do\u011fmas\u0131 haqda n\u0259s\u0259 pis x\u0259b\u0259r verirmi\u015f kimi hiss edir\u0259m. Bel\u0259 h\u0259ssasl\u0131\u011f\u0131 m\u0259nd\u0259 yaradan n\u00fcanslar m\u0259hz \u00f6lk\u0259d\u0259ki probleml\u0259rin artmas\u0131 il\u0259 ba\u011fl\u0131d\u0131r.\n<\/p>\n<p>\n  S\u00f6hb\u0259t \u0259lilliyi olan \u015f\u0259xsl\u0259rin son yar\u0131m ild\u0259 davam ed\u0259n, h\u0259r ay veril\u0259n v\u0259 ya verilm\u0259li olan sosial m\u00fcavin\u0259tl\u0259rinin gecikdirilm\u0259si il\u0259 ba\u011fl\u0131d\u0131r. Bu m\u0259s\u0259l\u0259 dig\u0259rl\u0259rin\u0259 el\u0259-bel\u0259, h\u0259tta qeyri-ciddi g\u00f6r\u00fcn\u0259bil\u0259r. Ki, g\u00f6r\u00fcn\u00fcr d\u0259.. D\u0259f\u0259l\u0259rl\u0259 \u0259lilliyi olan \u015f\u0259xsl\u0259rin problemin\u0259 diqq\u0259t \u00e7\u0259ks\u0259k d\u0259, ictimaiyy\u0259td\u0259n n\u0259inki ciddi d\u0259st\u0259k, h\u0259tta \u0259n\u0259n\u0259vi reaksiya da g\u00f6rm\u0259mi\u015fik.\n<\/p>\n<p>\n  H\u0259tta sosial mediada f\u0259al olan, ictimai r\u0259yi yaradan \u015f\u0259xsl\u0259r d\u0259, \u0259lilliyi olan \u015f\u0259xsl\u0259rin \u00fcmumi v\u0259 son d\u0259r\u0259c\u0259d\u0259 ciddi probleml\u0259rini ictimail\u0259\u015fdirm\u0259y\u0259 el\u0259 d\u0259 maraq g\u00f6st\u0259rm\u0259yibl\u0259r.\n<\/p>\n<p>\n  \u0130nan\u0131n, v\u0259ziyy\u0259t h\u0259qiq\u0259t\u0259n ac\u0131nacaql\u0131d\u0131r. 6-7 aya yax\u0131nd\u0131r, h\u0259r ay ald\u0131\u011f\u0131m neft \u00f6lk\u0259si \u00fc\u00e7\u00fcn dil\u0259n\u00e7i pay\u0131 say\u0131lan 140 manatl\u0131q sosial m\u00fcavin\u0259tim gecikdirilir. Pul vaxt\u0131nda karta k\u00f6\u00e7m\u00fcr. \u018fvv\u0259ll\u0259r, pulu h\u0259r ay\u0131n 17-18-i al\u0131rd\u0131msa, art\u0131q 6-7 ayd\u0131r ki, vaxt\u0131ndan 5-10 g\u00fcn ke\u00e7\u0259nd\u0259n sonra al\u0131ram. V\u0259 bu hal\u0131 t\u0259kc\u0259 m\u0259n yox, minl\u0259rl\u0259 sosial m\u00fcavinat alan \u0259lilliyi olan v\u0259t\u0259nda\u015flar\u0131m\u0131z ya\u015fay\u0131r.\n<\/p>\n<p>\n  \u0130yunun 6-da bir qrup \u0259lilliyi olan \u015f\u0259xsl\u0259 \u018fm\u0259k v\u0259 \u018fhalisinin Sosial M\u00fcdafi\u0259si Nazirliyi \u00f6n\u00fcnd\u0259 etiraz aksiyas\u0131 el\u0259dik. T\u0259l\u0259bl\u0259rimizi dil\u0259 g\u0259tirdik. Prioritet olaraq \u0259sas t\u0259l\u0259bimiz sosial m\u00fcavin\u0259tl\u0259rin artmas\u0131 v\u0259 b\u0259rab\u0259r h\u00fcququn b\u0259rpa olunaraq, h\u0259r yerd\u0259 \u00f6z\u00fcn\u00fc g\u00f6st\u0259rm\u0259si il\u0259 ba\u011fl\u0131 idi. H\u0259mi\u015f\u0259 oldu\u011fu kimi bizi dinl\u0259yib, yalandan ba\u015f\u0131m\u0131z\u0131 s\u0131\u011fallay\u0131b, \u201ch\u0259r \u015feyin yax\u015f\u0131 olaca\u011f\u0131n\u0131\u201d v\u0259d verib, yola sald\u0131lar.\n<\/p>\n<p>\n  \u201cSa\u011f olsunlar\u201d, h\u0259tta iyun ay\u0131n\u0131 bizim \u00fc\u00e7\u00fcn yaddaqalan etm\u0259k \u00fc\u00e7\u00fcn sosial m\u00fcavinatlar\u0131m\u0131z\u0131n yar\u0131s\u0131n\u0131, y\u0259ni 65 manat\u0131n\u0131 verdil\u0259r. Qalan hiss\u0259si is\u0259 bilinmir hardad\u0131r&#8230; 2-ci qrup \u0259lilliyi olan tan\u0131\u015flar\u0131m var, onlar da, 3 ayd\u0131r ki, pensiyalar\u0131n ala bilmirl\u0259r. N\u0259z\u0259r\u0259 alsaq ki, \u0259lilliyi olan adamlar\u0131n \u00e7oxu i\u015fl\u0259mir v\u0259 onlar h\u0259min pensiya v\u0259 m\u00fcavinatlardan ba\u015fqa g\u0259lir \u0259ld\u0259 ed\u0259 bilmirl\u0259r, bax, h\u0259min v\u0259ziyy\u0259ti t\u0259s\u0259vv\u00fcr etm\u0259k \u00e7\u0259tin deyil..\n<\/p>\n<p>\n  Nazir S\u0259lim M\u00fcsl\u00fcmovla fevral ay\u0131nda \u015f\u0259xs\u0259n g\u00f6r\u00fc\u015f\u00fcb, \u0259lilliyi olan \u015f\u0259xsl\u0259rin sosial m\u00fcavinatlar\u0131n\u0131n, pensiyalar\u0131n\u0131n artmas\u0131n\u0131 ondan da t\u0259l\u0259b etmi\u015fdik. Nazir is\u0259 \u00fcz\u00fcnd\u0259 t\u0259\u0259ss\u00fcf hissi yarad\u0131b, pullar\u0131n art\u0131r\u0131lmas\u0131 guya onlar\u0131n nazirliyi yox, birba\u015fa Maliyy\u0259 Nazirliyi il\u0259 ba\u011fl\u0131 imi\u015f. N\u0259 imi\u015f \u0259f\u0259ndim, guya bunlar n\u0259 q\u0259d\u0259r xahi\u015f, t\u0259l\u0259b ets\u0259l\u0259r d\u0259, Maliyy\u0259 Nazirliyi pullar\u0131 art\u0131rm\u0131rm\u0131\u015f. Sonradan ara\u015fd\u0131r\u0131b, \u00f6yr\u0259ndim ki, \u0259slind\u0259 Maliyy\u0259 Nazirliyin\u0259, \u018fm\u0259k v\u0259 \u018fhalinin Sosial M\u00fcdafi\u0259si Nazirliyind\u0259n he\u00e7 el\u0259 xahi\u015f, t\u0259l\u0259b g\u0259lm\u0259yib. Faktiki olaraq, Maliyy\u0259 Nazirliyi dig\u0259r d\u00f6vl\u0259t orqanlar\u0131ndan ora daxil olan pullar\u0131n art\u0131r\u0131lmas\u0131 il\u0259 ka\u011f\u0131zlar\u0131 h\u0259qiqi ehtiyac\u0131n \u00f6d\u0259nm\u0259si \u00fc\u00e7\u00fcn uy\u011fun bildiyi halda, tutarl\u0131 r\u0259smi t\u0259l\u0259bl\u0259r\u0259 m\u00fcsb\u0259t adekvat cavab verir.\n<\/p>\n<p>\n  \u00dcst\u0259lik sosial m\u00fcavinatlar\u0131n kartlara k\u00f6\u00e7\u00fcr\u00fclm\u0259si Maliyy\u0259 Nazirliyind\u0259ki D\u00f6vl\u0259t X\u0259zinadarl\u0131q Agentliyi il\u0259 \u0259laq\u0259lidir. Onlar is\u0259 bu c\u00fcr m\u0259s\u0259l\u0259l\u0259rd\u0259 pul k\u00f6\u00e7\u00fcrm\u0259l\u0259rl\u0259 ba\u011fl\u0131 \u0259mrl\u0259ri \u201cyuxar\u0131lar\u201ddan al\u0131rlar.\n<\/p>\n<p>\n  \u0130ndi h\u00f6kum\u0259t\u0259 bel\u0259 bir t\u0259klifim var! \u00d6lk\u0259d\u0259 r\u0259smi olaraq 600 mind\u0259n \u00e7ox \u0259lilliyi olan v\u0259t\u0259nda\u015f var. Bu yar\u0131m milyondan \u00e7ox insan dem\u0259kdir. Dem\u0259li, b\u00f6y\u00fck g\u0259mi sifari\u015f edirsiniz, ya d\u00fcz\u0259ldirsiniz, Nuhun g\u0259misi boyda g\u0259mi. H\u0259, bax, yar\u0131m milyon \u0259lilliyi olan v\u0259t\u0259nda\u015flar\u0131 da \u201cs\u0259yah\u0259t, m\u00fcalic\u0259\u201d ad\u0131 il\u0259 o g\u0259miy\u0259 mindirib, yola sal\u0131rs\u0131n\u0131z X\u0259z\u0259rin ortas\u0131na, sonra da d\u0259nizin ortas\u0131nda g\u0259mini bat\u0131r\u0131rs\u0131n\u0131z. V\u0259ssalam! Sizin d\u0259 can\u0131n\u0131z qurtar\u0131r, bizim d\u0259.\n<\/p>\n<p>\n  Hitler o vaxt \u00f6z \u00f6lk\u0259sind\u0259 olan \u0259lilliyi olan \u015f\u0259xsl\u0259ri q\u0131r\u0131rd\u0131 ki, bizim \u201cali irqimiz\u0259\u201d o c\u00fcr adamlar yara\u015fm\u0131r. Deyim ki, bu, daha s\u0259mimi add\u0131md\u0131r. Bir d\u0259 onu \u0259lav\u0259 edim ki, vicdan\u0131n\u0131z olsun!\n<\/p>\n<p>\n  <i><br \/>\n    <b><br \/>\n      Yaz\u0131 m\u00fc\u0259llifin fikirl\u0259rini \u0259ks etdirir v\u0259 Meydan TV-nin m\u00f6vqeyi il\u0259 \u00fcst-\u00fcst\u0259 d\u00fc\u015fm\u0259y\u0259 bil\u0259r.<br \/>\n    <\/b><br \/>\n  <\/i><\/p>\n","protected":false},"excerpt":{"rendered":"<p>H\u0259yatda \u0259n z\u0259hl\u0259m ged\u0259n \u015feyl\u0259rd\u0259n biri d\u0259 davaml\u0131 \u015fikay\u0259t el\u0259m\u0259k, s\u0131zlamaq, \u00f6z\u00fcn\u00fc aciz g\u00f6st\u0259rib, \u0259trafdak\u0131lara neqativ enerji \u00f6t\u00fcrm\u0259kdir<\/p>\n","protected":false},"author":11,"featured_media":80446,"comment_status":"closed","ping_status":"open","sticky":false,"template":"","format":"standard","meta":{"_acf_changed":false,"_sitemap_exclude":false,"_sitemap_priority":"","_sitemap_frequency":"","footnotes":""},"categories":[57],"tags":[],"class_list":["post-185382","post","type-post","status-publish","format-standard","has-post-thumbnail","hentry","category-menim-fikrimce","infinite-scroll-item","generate-columns","tablet-grid-50","mobile-grid-100","grid-parent","grid-33","no-featured-image-padding"],"acf":[],"yoast_head":"<!-- This site is optimized with the Yoast SEO plugin v27.5 - https:\/\/yoast.com\/product\/yoast-seo-wordpress\/ -->\n<title>Vicdan\u0131n\u0131z olsun! - MEYDAN.TV<\/title>\n<meta name=\"robots\" content=\"index, follow, max-snippet:-1, max-image-preview:large, max-video-preview:-1\" \/>\n<link rel=\"canonical\" href=\"https:\/\/www.meydan.tv\/az\/article\/vicdaniniz-olsun\/\" \/>\n<meta property=\"og:locale\" content=\"az_AZ\" \/>\n<meta property=\"og:type\" content=\"article\" \/>\n<meta property=\"og:title\" content=\"Vicdan\u0131n\u0131z olsun! - MEYDAN.TV\" \/>\n<meta property=\"og:description\" content=\"H\u0259yatda \u0259n z\u0259hl\u0259m ged\u0259n \u015feyl\u0259rd\u0259n biri d\u0259 davaml\u0131 \u015fikay\u0259t el\u0259m\u0259k, s\u0131zlamaq, \u00f6z\u00fcn\u00fc aciz g\u00f6st\u0259rib, \u0259trafdak\u0131lara neqativ enerji \u00f6t\u00fcrm\u0259kdir\" \/>\n<meta property=\"og:url\" content=\"https:\/\/www.meydan.tv\/az\/article\/vicdaniniz-olsun\/\" \/>\n<meta property=\"og:site_name\" content=\"MEYDAN.TV\" \/>\n<meta property=\"article:published_time\" content=\"2017-07-05T17:36:51+00:00\" \/>\n<meta property=\"og:image\" content=\"https:\/\/www.meydan.tv\/wp-content\/uploads\/31395.jpg\" \/>\n\t<meta property=\"og:image:width\" content=\"1366\" \/>\n\t<meta property=\"og:image:height\" content=\"1024\" \/>\n\t<meta property=\"og:image:type\" content=\"image\/jpeg\" \/>\n<meta name=\"author\" content=\"user-manager\" \/>\n<meta name=\"twitter:card\" content=\"summary_large_image\" \/>\n<script type=\"application\/ld+json\" class=\"yoast-schema-graph\">{\"@context\":\"https:\\\/\\\/schema.org\",\"@graph\":[{\"@type\":\"Article\",\"@id\":\"https:\\\/\\\/www.meydan.tv\\\/az\\\/article\\\/vicdaniniz-olsun\\\/#article\",\"isPartOf\":{\"@id\":\"https:\\\/\\\/www.meydan.tv\\\/az\\\/article\\\/vicdaniniz-olsun\\\/\"},\"author\":{\"name\":\"user-manager\",\"@id\":\"https:\\\/\\\/www.meydan.tv\\\/az\\\/#\\\/schema\\\/person\\\/10d11eccf6da3662cf5fdab9806ea91a\"},\"headline\":\"Vicdan\u0131n\u0131z olsun!\",\"datePublished\":\"2017-07-05T17:36:51+00:00\",\"mainEntityOfPage\":{\"@id\":\"https:\\\/\\\/www.meydan.tv\\\/az\\\/article\\\/vicdaniniz-olsun\\\/\"},\"wordCount\":1128,\"publisher\":{\"@id\":\"https:\\\/\\\/www.meydan.tv\\\/az\\\/#organization\"},\"image\":{\"@id\":\"https:\\\/\\\/www.meydan.tv\\\/az\\\/article\\\/vicdaniniz-olsun\\\/#primaryimage\"},\"thumbnailUrl\":\"https:\\\/\\\/www.meydan.tv\\\/wp-content\\\/uploads\\\/31395.jpg\",\"articleSection\":[\"M\u0259nim Fikrimc\u0259\"],\"inLanguage\":\"az\"},{\"@type\":\"WebPage\",\"@id\":\"https:\\\/\\\/www.meydan.tv\\\/az\\\/article\\\/vicdaniniz-olsun\\\/\",\"url\":\"https:\\\/\\\/www.meydan.tv\\\/az\\\/article\\\/vicdaniniz-olsun\\\/\",\"name\":\"Vicdan\u0131n\u0131z olsun! - MEYDAN.TV\",\"isPartOf\":{\"@id\":\"https:\\\/\\\/www.meydan.tv\\\/az\\\/#website\"},\"primaryImageOfPage\":{\"@id\":\"https:\\\/\\\/www.meydan.tv\\\/az\\\/article\\\/vicdaniniz-olsun\\\/#primaryimage\"},\"image\":{\"@id\":\"https:\\\/\\\/www.meydan.tv\\\/az\\\/article\\\/vicdaniniz-olsun\\\/#primaryimage\"},\"thumbnailUrl\":\"https:\\\/\\\/www.meydan.tv\\\/wp-content\\\/uploads\\\/31395.jpg\",\"datePublished\":\"2017-07-05T17:36:51+00:00\",\"breadcrumb\":{\"@id\":\"https:\\\/\\\/www.meydan.tv\\\/az\\\/article\\\/vicdaniniz-olsun\\\/#breadcrumb\"},\"inLanguage\":\"az\",\"potentialAction\":[{\"@type\":\"ReadAction\",\"target\":[\"https:\\\/\\\/www.meydan.tv\\\/az\\\/article\\\/vicdaniniz-olsun\\\/\"]}]},{\"@type\":\"ImageObject\",\"inLanguage\":\"az\",\"@id\":\"https:\\\/\\\/www.meydan.tv\\\/az\\\/article\\\/vicdaniniz-olsun\\\/#primaryimage\",\"url\":\"https:\\\/\\\/www.meydan.tv\\\/wp-content\\\/uploads\\\/31395.jpg\",\"contentUrl\":\"https:\\\/\\\/www.meydan.tv\\\/wp-content\\\/uploads\\\/31395.jpg\",\"width\":1366,\"height\":1024,\"caption\":\"Source:\"},{\"@type\":\"BreadcrumbList\",\"@id\":\"https:\\\/\\\/www.meydan.tv\\\/az\\\/article\\\/vicdaniniz-olsun\\\/#breadcrumb\",\"itemListElement\":[{\"@type\":\"ListItem\",\"position\":1,\"name\":\"Ana s\u0259hif\u0259\",\"item\":\"https:\\\/\\\/www.meydan.tv\\\/az\\\/\"},{\"@type\":\"ListItem\",\"position\":2,\"name\":\"M\u0259nim Fikrimc\u0259\",\"item\":\"https:\\\/\\\/www.meydan.tv\\\/az\\\/section\\\/menim-fikrimce\\\/\"},{\"@type\":\"ListItem\",\"position\":3,\"name\":\"Vicdan\u0131n\u0131z olsun!\"}]},{\"@type\":\"WebSite\",\"@id\":\"https:\\\/\\\/www.meydan.tv\\\/az\\\/#website\",\"url\":\"https:\\\/\\\/www.meydan.tv\\\/az\\\/\",\"name\":\"MEYDAN.TV\",\"description\":\"Meydan TV Az\u0259rbaycan\u0131n media m\u0259kan\u0131ndak\u0131 alternativ s\u0259sidir\",\"publisher\":{\"@id\":\"https:\\\/\\\/www.meydan.tv\\\/az\\\/#organization\"},\"potentialAction\":[{\"@type\":\"SearchAction\",\"target\":{\"@type\":\"EntryPoint\",\"urlTemplate\":\"https:\\\/\\\/www.meydan.tv\\\/az\\\/?s={search_term_string}\"},\"query-input\":{\"@type\":\"PropertyValueSpecification\",\"valueRequired\":true,\"valueName\":\"search_term_string\"}}],\"inLanguage\":\"az\"},{\"@type\":\"Organization\",\"@id\":\"https:\\\/\\\/www.meydan.tv\\\/az\\\/#organization\",\"name\":\"Meydan TV\",\"url\":\"https:\\\/\\\/www.meydan.tv\\\/az\\\/\",\"logo\":{\"@type\":\"ImageObject\",\"inLanguage\":\"az\",\"@id\":\"https:\\\/\\\/www.meydan.tv\\\/az\\\/#\\\/schema\\\/logo\\\/image\\\/\",\"url\":\"https:\\\/\\\/www.meydan.tv\\\/wp-content\\\/uploads\\\/2021\\\/07\\\/meydan-logo.svg\",\"contentUrl\":\"https:\\\/\\\/www.meydan.tv\\\/wp-content\\\/uploads\\\/2021\\\/07\\\/meydan-logo.svg\",\"width\":195,\"height\":46,\"caption\":\"Meydan TV\"},\"image\":{\"@id\":\"https:\\\/\\\/www.meydan.tv\\\/az\\\/#\\\/schema\\\/logo\\\/image\\\/\"}},{\"@type\":\"Person\",\"@id\":\"https:\\\/\\\/www.meydan.tv\\\/az\\\/#\\\/schema\\\/person\\\/10d11eccf6da3662cf5fdab9806ea91a\",\"name\":\"user-manager\"}]}<\/script>\n<!-- \/ Yoast SEO plugin. -->","yoast_head_json":{"title":"Vicdan\u0131n\u0131z olsun! - MEYDAN.TV","robots":{"index":"index","follow":"follow","max-snippet":"max-snippet:-1","max-image-preview":"max-image-preview:large","max-video-preview":"max-video-preview:-1"},"canonical":"https:\/\/www.meydan.tv\/az\/article\/vicdaniniz-olsun\/","og_locale":"az_AZ","og_type":"article","og_title":"Vicdan\u0131n\u0131z olsun! - MEYDAN.TV","og_description":"H\u0259yatda \u0259n z\u0259hl\u0259m ged\u0259n \u015feyl\u0259rd\u0259n biri d\u0259 davaml\u0131 \u015fikay\u0259t el\u0259m\u0259k, s\u0131zlamaq, \u00f6z\u00fcn\u00fc aciz g\u00f6st\u0259rib, \u0259trafdak\u0131lara neqativ enerji \u00f6t\u00fcrm\u0259kdir","og_url":"https:\/\/www.meydan.tv\/az\/article\/vicdaniniz-olsun\/","og_site_name":"MEYDAN.TV","article_published_time":"2017-07-05T17:36:51+00:00","og_image":[{"width":1366,"height":1024,"url":"https:\/\/www.meydan.tv\/wp-content\/uploads\/31395.jpg","type":"image\/jpeg"}],"author":"user-manager","twitter_card":"summary_large_image","schema":{"@context":"https:\/\/schema.org","@graph":[{"@type":"Article","@id":"https:\/\/www.meydan.tv\/az\/article\/vicdaniniz-olsun\/#article","isPartOf":{"@id":"https:\/\/www.meydan.tv\/az\/article\/vicdaniniz-olsun\/"},"author":{"name":"user-manager","@id":"https:\/\/www.meydan.tv\/az\/#\/schema\/person\/10d11eccf6da3662cf5fdab9806ea91a"},"headline":"Vicdan\u0131n\u0131z olsun!","datePublished":"2017-07-05T17:36:51+00:00","mainEntityOfPage":{"@id":"https:\/\/www.meydan.tv\/az\/article\/vicdaniniz-olsun\/"},"wordCount":1128,"publisher":{"@id":"https:\/\/www.meydan.tv\/az\/#organization"},"image":{"@id":"https:\/\/www.meydan.tv\/az\/article\/vicdaniniz-olsun\/#primaryimage"},"thumbnailUrl":"https:\/\/www.meydan.tv\/wp-content\/uploads\/31395.jpg","articleSection":["M\u0259nim Fikrimc\u0259"],"inLanguage":"az"},{"@type":"WebPage","@id":"https:\/\/www.meydan.tv\/az\/article\/vicdaniniz-olsun\/","url":"https:\/\/www.meydan.tv\/az\/article\/vicdaniniz-olsun\/","name":"Vicdan\u0131n\u0131z olsun! - MEYDAN.TV","isPartOf":{"@id":"https:\/\/www.meydan.tv\/az\/#website"},"primaryImageOfPage":{"@id":"https:\/\/www.meydan.tv\/az\/article\/vicdaniniz-olsun\/#primaryimage"},"image":{"@id":"https:\/\/www.meydan.tv\/az\/article\/vicdaniniz-olsun\/#primaryimage"},"thumbnailUrl":"https:\/\/www.meydan.tv\/wp-content\/uploads\/31395.jpg","datePublished":"2017-07-05T17:36:51+00:00","breadcrumb":{"@id":"https:\/\/www.meydan.tv\/az\/article\/vicdaniniz-olsun\/#breadcrumb"},"inLanguage":"az","potentialAction":[{"@type":"ReadAction","target":["https:\/\/www.meydan.tv\/az\/article\/vicdaniniz-olsun\/"]}]},{"@type":"ImageObject","inLanguage":"az","@id":"https:\/\/www.meydan.tv\/az\/article\/vicdaniniz-olsun\/#primaryimage","url":"https:\/\/www.meydan.tv\/wp-content\/uploads\/31395.jpg","contentUrl":"https:\/\/www.meydan.tv\/wp-content\/uploads\/31395.jpg","width":1366,"height":1024,"caption":"Source:"},{"@type":"BreadcrumbList","@id":"https:\/\/www.meydan.tv\/az\/article\/vicdaniniz-olsun\/#breadcrumb","itemListElement":[{"@type":"ListItem","position":1,"name":"Ana s\u0259hif\u0259","item":"https:\/\/www.meydan.tv\/az\/"},{"@type":"ListItem","position":2,"name":"M\u0259nim Fikrimc\u0259","item":"https:\/\/www.meydan.tv\/az\/section\/menim-fikrimce\/"},{"@type":"ListItem","position":3,"name":"Vicdan\u0131n\u0131z olsun!"}]},{"@type":"WebSite","@id":"https:\/\/www.meydan.tv\/az\/#website","url":"https:\/\/www.meydan.tv\/az\/","name":"MEYDAN.TV","description":"Meydan TV Az\u0259rbaycan\u0131n media m\u0259kan\u0131ndak\u0131 alternativ s\u0259sidir","publisher":{"@id":"https:\/\/www.meydan.tv\/az\/#organization"},"potentialAction":[{"@type":"SearchAction","target":{"@type":"EntryPoint","urlTemplate":"https:\/\/www.meydan.tv\/az\/?s={search_term_string}"},"query-input":{"@type":"PropertyValueSpecification","valueRequired":true,"valueName":"search_term_string"}}],"inLanguage":"az"},{"@type":"Organization","@id":"https:\/\/www.meydan.tv\/az\/#organization","name":"Meydan TV","url":"https:\/\/www.meydan.tv\/az\/","logo":{"@type":"ImageObject","inLanguage":"az","@id":"https:\/\/www.meydan.tv\/az\/#\/schema\/logo\/image\/","url":"https:\/\/www.meydan.tv\/wp-content\/uploads\/2021\/07\/meydan-logo.svg","contentUrl":"https:\/\/www.meydan.tv\/wp-content\/uploads\/2021\/07\/meydan-logo.svg","width":195,"height":46,"caption":"Meydan TV"},"image":{"@id":"https:\/\/www.meydan.tv\/az\/#\/schema\/logo\/image\/"}},{"@type":"Person","@id":"https:\/\/www.meydan.tv\/az\/#\/schema\/person\/10d11eccf6da3662cf5fdab9806ea91a","name":"user-manager"}]}},"_links":{"self":[{"href":"https:\/\/www.meydan.tv\/az\/wp-json\/wp\/v2\/posts\/185382","targetHints":{"allow":["GET"]}}],"collection":[{"href":"https:\/\/www.meydan.tv\/az\/wp-json\/wp\/v2\/posts"}],"about":[{"href":"https:\/\/www.meydan.tv\/az\/wp-json\/wp\/v2\/types\/post"}],"author":[{"embeddable":true,"href":"https:\/\/www.meydan.tv\/az\/wp-json\/wp\/v2\/users\/11"}],"replies":[{"embeddable":true,"href":"https:\/\/www.meydan.tv\/az\/wp-json\/wp\/v2\/comments?post=185382"}],"version-history":[{"count":0,"href":"https:\/\/www.meydan.tv\/az\/wp-json\/wp\/v2\/posts\/185382\/revisions"}],"wp:featuredmedia":[{"embeddable":true,"href":"https:\/\/www.meydan.tv\/az\/wp-json\/wp\/v2\/media\/80446"}],"wp:attachment":[{"href":"https:\/\/www.meydan.tv\/az\/wp-json\/wp\/v2\/media?parent=185382"}],"wp:term":[{"taxonomy":"category","embeddable":true,"href":"https:\/\/www.meydan.tv\/az\/wp-json\/wp\/v2\/categories?post=185382"},{"taxonomy":"post_tag","embeddable":true,"href":"https:\/\/www.meydan.tv\/az\/wp-json\/wp\/v2\/tags?post=185382"}],"curies":[{"name":"wp","href":"https:\/\/api.w.org\/{rel}","templated":true}]}}