{"id":185207,"date":"2017-06-27T18:38:04","date_gmt":"2017-06-27T18:38:04","guid":{"rendered":"https:\/\/www.meydan.tv\/article\/xanim-eliyeva-dedi-yol-vermez-ki-azerbaycan-xalqinda-ermenilerin-timsalinda-dusmen-obrazi-formalassin\/"},"modified":"2017-06-27T18:38:04","modified_gmt":"2017-06-27T18:38:04","slug":"xanim-eliyeva-dedi-yol-vermez-ki-azerbaycan-xalqinda-ermenilerin-timsalinda-dusmen-obrazi-formalassin","status":"publish","type":"post","link":"https:\/\/www.meydan.tv\/az\/article\/xanim-eliyeva-dedi-yol-vermez-ki-azerbaycan-xalqinda-ermenilerin-timsalinda-dusmen-obrazi-formalassin\/","title":{"rendered":"&#8221;Xan\u0131m \u018fliyeva dedi, yol verm\u0259z ki, Az\u0259rbaycan xalq\u0131nda erm\u0259nil\u0259rin timsal\u0131nda d\u00fc\u015fm\u0259n obraz\u0131 formala\u015fs\u0131n&#8221;"},"content":{"rendered":"<figure class=\"wp-block-image size-large\">\n  <img decoding=\"async\" src=\"https:\/\/www.meydan.tv\/az\/87459\/\" alt=\"\" class=\"wp-image-87459\"\/><figcaption><\/figcaption><\/figure>\n<p>\n  \u0130yunun 26-da rusiyal\u0131 yaz\u0131\u00e7\u0131 Aleksandr Proxanov Az\u0259rbaycan\u0131n Birinci vitse-prezidenti Mehriban \u018fliyeva il\u0259 g\u00f6r\u00fc\u015f\u00fcb. A.Proxanov &#8220;virtualaz.org&#8221;-la Mehriban \u018fliyeva il\u0259 g\u00f6r\u00fc\u015f\u00fc bar\u0259d\u0259 t\u0259\u0259ss\u00fcratlar\u0131n\u0131 b\u00f6l\u00fc\u015f\u00fcb.\n<\/p>\n<blockquote><p>\n  M\u0259n ona valeh oldum\n<\/p><\/blockquote>\n<p>\n  M\u00fcasir Rusiyan\u0131n ideoloqlar\u0131ndan biri hesab edil\u0259n yaz\u0131\u00e7\u0131 deyib ki, Mehriban \u018fliyevaya valeh olub:<\/p>\n<p>  &#8220;Onun m\u0259lah\u0259ti, g\u00f6z\u0259lliyi, d\u00fc\u015f\u00fcn\u00fclm\u00fc\u015f fikirl\u0259ri, b\u00fc g\u00fcn\u00fcm\u00fcz\u00fcn m\u00fcr\u0259kk\u0259b t\u0259zah\u00fcrl\u0259ri bar\u0259d\u0259 d\u0259rin d\u00fc\u015f\u00fcnc\u0259sin\u0259 heyranam. S\u00f6hb\u0259timizin \u0259vv\u0259lind\u0259 o, m\u0259nim b\u0259\u015f\u0259riyy\u0259tin haz\u0131rda ya\u015fad\u0131\u011f\u0131 d\u0259yi\u015fiklikl\u0259r\u0259 m\u00fcnasib\u0259td\u0259 m\u00f6vqeyiml\u0259 maraqland\u0131. Yeni b\u0259\u015f\u0259r hans\u0131 hissl\u0259ri do\u011furur v\u0259 hans\u0131 taleyin m\u00fcjd\u0259\u00e7isidir. Bu, n\u0259 d\u0259r\u0259c\u0259d\u0259 t\u0259hl\u00fck\u0259li v\u0259 hans\u0131 d\u0259r\u0259c\u0259d\u0259 g\u00f6z\u0259ldir? S\u00f6hb\u0259timizin ilk 15 d\u0259qiq\u0259sini biz onunla b\u0259\u015f\u0259riyy\u0259t\u0259 g\u0259l\u0259n v\u0259 k\u00f6hn\u0259 ideyalar\u0131 silib aparan yeni ideyalar \u2013 d\u00fc\u015fm\u0259n\u00e7ilik, nifr\u0259t, r\u0259qab\u0259t v\u0259 dominantl\u0131q bar\u0259d\u0259 fikir m\u00fcbadil\u0259sind\u0259 olduq.<br \/>\n  <br \/>\n  M\u0259n eyni zamanda ondan soru\u015fdum ki, haz\u0131rda n\u0259 il\u0259 m\u0259\u015f\u011fuldur v\u0259 n\u0259l\u0259rl\u0259 maraqlan\u0131r. Cavab verdi ki, yeni v\u0259zif\u0259sinin onun \u00fcz\u0259rin\u0259 qoydu\u011fu xeyli sayda qay\u011f\u0131lara baxmayaraq, m\u00fctali\u0259 edir. Bel\u0259 ki, bu yax\u0131nlarda Lev Nikolayevi\u00e7 Tolstoy v\u0259 onun h\u0259yat tarix\u00e7\u0259si bar\u0259d\u0259 kitab\u0131 oxuyub. Onu m\u0259\u015f\u011ful edir ki, n\u0259y\u0259 g\u00f6r\u0259 bu c\u00fcr n\u0259h\u0259ng insan b\u00fct\u00fcn i\u015fl\u0259rini ataraq, evind\u0259n, ail\u0259sind\u0259n did\u0259rgin d\u00fc\u015f\u00fcb, n\u0259 axtar\u0131rm\u0131\u015f?\n<\/p>\n<p>\n  Biz onunla \u00e7ox maraqla v\u0259 d\u0259rin \u015f\u0259kild\u0259 bu d\u00fcnyada birlik, b\u00fct\u00fcn varl\u0131qlar\u0131n birliyini axtaran Tolstoy bar\u0259d\u0259 m\u00fczakir\u0259 apard\u0131q. O, Tolstoy v\u0259 insanda inki\u015faf etmi\u015f bu h\u0259yat ideyas\u0131 bar\u0259d\u0259 \u00e7ox maraqla dan\u0131\u015f\u0131rd\u0131.\n<\/p>\n<p>\n  Sonra biz onunla yeni Az\u0259rbaycan d\u00f6vl\u0259tinin t\u0259\u015f\u0259kk\u00fcl\u00fc bar\u0259d\u0259 dan\u0131\u015fd\u0131q. Bu m\u0259s\u0259l\u0259d\u0259 olduqca vacibdir ki, insanlarda yeni irad\u0259, yeni ideya, yeni daxili m\u0259d\u0259niyy\u0259t yarans\u0131n. Bel\u0259 ki, Az\u0259rbaycan d\u00f6vl\u0259tinin inki\u015faf\u0131 yeni mill\u0259tin, yeni, m\u00fctl\u0259q m\u0259nada m\u00fcst\u0259qil v\u0259 s\u00fcveren, lakin d\u00fcnyaya a\u00e7\u0131q Az\u0259rbaycan d\u00fcnyag\u00f6r\u00fc\u015f\u00fcn\u00fcn inki\u015faf\u0131 il\u0259 paralel \u015f\u0259kild\u0259 getsin. Ki, o bu g\u00fcn b\u0259\u015f\u0259riyy\u0259tin h\u0259yat\u0131nda ba\u015f ver\u0259n b\u00fct\u00fcn xeyir \u0259m\u0259ll\u0259r\u0259 a\u00e7\u0131q olsun.\n<\/p>\n<figure class=\"wp-block-image size-large\">\n  <img decoding=\"async\" src=\"https:\/\/www.meydan.tv\/az\/rusiyali-yazici-aleksandr-proxanov\/\" alt=\"Rusiyal\u0131 yaz\u0131\u00e7\u0131 Aleksandr Proxanov\" class=\"wp-image-87453\"\/><figcaption>\n    Rusiyal\u0131 yaz\u0131\u00e7\u0131 Aleksandr Proxanov<br \/>\n  <\/figcaption><\/figure>\n<p>\n  M\u0259n ona Bak\u0131da \u0130zbor klubumuzun filial\u0131n\u0131n a\u00e7\u0131lmas\u0131 bar\u0259d\u0259 arzumu \u00e7atd\u0131rd\u0131m ki, bu yolla Az\u0259rbaycan v\u0259 Rusiya ziyal\u0131lar\u0131n\u0131n \u00f6z\u00fcn\u0259m\u0259xsus birliyini yaradaq. V\u0259 bel\u0259 birg\u0259 m\u0259n\u0259vi yarad\u0131c\u0131l\u0131qda Rusiya v\u0259 Az\u0259rbaycan d\u00fc\u015f\u00fcnc\u0259si aras\u0131nda daimi \u0259laq\u0259l\u0259r yaradaq&#8221;.<\/p>\n<p>  Jurnalistin &#8220;D\u00fcn\u0259n siz Az\u0259rbaycan prezidenti \u0130lham \u018fliyevl\u0259, bu g\u00fcn is\u0259 birinci xan\u0131m, Az\u0259rbaycan\u0131n Birinci vitse-prezidenti Mehriban \u018fliyeva il\u0259 g\u00f6r\u00fc\u015fm\u00fcs\u00fcn\u00fcz. Siz Birinci vitse-prezidentl\u0259 d\u00f6vl\u0259t ba\u015f\u00e7\u0131s\u0131n\u0131n t\u00f6vsiy\u0259si \u0259sas\u0131nda g\u00f6r\u00fc\u015fd\u00fcn\u00fcz? Bu g\u00f6r\u00fc\u015fl\u0259r h\u0259r hans\u0131 \u015f\u0259kild\u0259 ba\u011fl\u0131d\u0131r&#8221; &#8211; sual\u0131n\u0131 cavablabd\u0131ran yaz\u0131\u00e7\u0131 hedab edib ki, bu, bir g\u00f6r\u00fc\u015f idi v\u0259 iki hiss\u0259y\u0259 b\u00f6l\u00fcnm\u00fc\u015fd\u00fc:<br \/>\n  <br \/>\n  &#8220;Bir g\u00f6r\u00fc\u015f\u00fcn bu iki hiss\u0259sini bir sutkal\u0131q zaman fasil\u0259si ay\u0131rd\u0131. Prezident \u0130lham \u018fliyevl\u0259 g\u00f6r\u00fc\u015f zaman\u0131 hiss etdiyim o s\u0259mimiyy\u0259t bu g\u00fcn xan\u0131m \u018fliyevan\u0131n iqam\u0259tgah\u0131nda t\u0259krarland\u0131.<\/p>\n<p>  Bu, bir insanla g\u00f6r\u00fc\u015f\u0259 b\u0259nz\u0259yirdi. Lakin biri hans\u0131sa m\u0259qamda prezident, dig\u0259ri is\u0259 vitse-prezident rolunu yerin\u0259 yetirirdi. Bu insanlarla \u00fcnsiyy\u0259t m\u0259nd\u0259 isti t\u0259\u0259ss\u00fcrat yaratd\u0131. S\u00f6hb\u0259tl\u0259rimiz \u00e7ox m\u00fcr\u0259kk\u0259b v\u0259 t\u0259hl\u00fck\u0259li m\u00f6vzular\u0131 \u0259hat\u0259 ets\u0259 d\u0259, onlar m\u0259n\u0259 ail\u0259 \u00e7evr\u0259sind\u0259 s\u00f6hb\u0259ti xat\u0131rlatd\u0131. Bu, protokol s\u00f6hb\u0259ti deyildi, m\u00fc\u015favir\u0259 deyildi, d\u00fc\u015f\u00fcnc\u0259l\u0259rin gizl\u0259dilm\u0259si il\u0259 ba\u011fl\u0131 bir \u015fey deyildi. Bu, a\u00e7\u0131q h\u0259y\u0259canlar, \u0259n k\u0259skin v\u0259 h\u0259ms\u00f6hb\u0259t \u00fc\u00e7\u00fcn xo\u015fag\u0259lm\u0259z t\u0259zah\u00fcrl\u0259r bar\u0259d\u0259 fikirl\u0259r idi. Bug\u00fcnk\u00fc d\u00fcnya \u00e7ox sirli v\u0259 m\u00fcbh\u0259mdir. V\u0259 bu sirri a\u00e7maq \u00fc\u00e7\u00fcn \u00e7ox ehtiyatl\u0131 olmal\u0131san ki, s\u0259hv etm\u0259y\u0259s\u0259n v\u0259 d\u00fcnyaya z\u0259r\u0259r verm\u0259y\u0259s\u0259n. Bu g\u00f6r\u00fc\u015fl\u0259rd\u0259n t\u0259\u0259ss\u00fcratlar\u0131m bu c\u00fcrd\u00fcr&#8221;.\n<\/p>\n<blockquote><p>\n  Prezidentin v\u0259 vitse-prezidentin d\u00fc\u015f\u00fcnc\u0259l\u0259rind\u0259 nifr\u0259t duymad\u0131m\n<\/p><\/blockquote>\n<p>\n  A.Proxanov deyib ki, g\u00f6r\u00fc\u015fd\u0259 s\u00fclh v\u0259 h\u0259rbi m\u0259s\u0259l\u0259l\u0259r m\u00fczakir\u0259 olunub:\n<\/p>\n<p>\n  &#8220;M\u0259ni sevindir\u0259n v\u0259 heyr\u0259tl\u0259ndir\u0259n odur ki, h\u0259m prezidentin, h\u0259m d\u0259 vitse-prezidentin d\u00fc\u015f\u00fcnc\u0259l\u0259rind\u0259 nifr\u0259t duymad\u0131m.\n<\/p>\n<p>\n  Xan\u0131m \u018fliyeva dedi ki, he\u00e7 vaxt yol verm\u0259z ki, Az\u0259rbaycan xalq\u0131nda erm\u0259nil\u0259rin timsal\u0131nda d\u00fc\u015fm\u0259n obraz\u0131 formala\u015fs\u0131n. Vaxt var idi ki, bu xalqlar birlikd\u0259 ya\u015fay\u0131rd\u0131, bir masa arxas\u0131nda \u0259yl\u0259\u015f\u0259r\u0259k \u015f\u0259rab i\u00e7irdi. H\u0259min zaman geri d\u00f6nm\u0259lidir.\n<\/p>\n<p>\n  Mehriban \u018fliyeva anlay\u0131r ki, qan t\u00f6km\u0259k yolverilm\u0259zdir. \u00c7ox k\u00fcsk\u00fcnl\u00fckl\u0259r toplan\u0131b. Lakin bununla birlikd\u0259, o hesab edir ki, bu, y\u00fcks\u0259k humanitar prinsipl\u0259r \u0259sas\u0131nda h\u0259ll edil\u0259ndir. O prinsipl\u0259r ki, b\u00fct\u00fcn insanlar v\u0259 xalqlar \u00f6z\u00fcnd\u0259 insaniyy\u0259ti art\u0131rmal\u0131d\u0131r. V\u0259 xalqlarda insaniyy\u0259t n\u0259 q\u0259d\u0259r \u00e7ox olarsa, onlar bir-birin\u0259 o q\u0259d\u0259r yax\u0131n olacaqlar.\n<\/p>\n<p>\n  G\u00f6r\u00fc\u015f vaxt\u0131 c\u0259nab prezident m\u00fcharib\u0259 v\u0259ziyy\u0259tind\u0259 olan d\u00f6vl\u0259tin ba\u015f\u00e7\u0131s\u0131na xas t\u0259rzd\u0259 geosiyasi, h\u0259rbi strategiya v\u0259 r\u0259qab\u0259t kateqoriyalar\u0131 \u00fczr\u0259 d\u00fc\u015f\u00fcn\u00fcrd\u00fcs\u0259, onun xan\u0131m\u0131 humanizmd\u0259n dan\u0131\u015f\u0131rd\u0131, m\u00fc\u0259yy\u0259n q\u0259d\u0259r Lev Tolstoy kimi&#8221;.\n<\/p>\n<blockquote><p>\n  Az\u0259rbaycan yeni d\u00f6vl\u0259tini rus v\u0259 sovet varl\u0131\u011f\u0131n\u0131 da\u011f\u0131tmadan qurur\n<\/p><\/blockquote>\n<p>\n  Yaz\u0131\u00e7\u0131 v\u0259 siyas\u0259t\u00e7i \u0130smay\u0131ll\u0131 rayonunun \u0130vanovka k\u0259ndind\u0259 olmas\u0131ndan, \u00f6lk\u0259d\u0131 ruslara m\u00fcnasib\u0259td\u0259n d\u0259 dan\u0131\u015f\u0131b:<\/p>\n<p>  &#8220;Bilirsiniz, m\u0259n h\u0259l\u0259 d\u0259 Ukraynada c\u0259r\u0259yan ed\u0259n bug\u00fcnk\u00fc hadis\u0259l\u0259rin t\u0259\u0259ss\u00fcrat\u0131 alt\u0131ndayam. M\u0259n d\u0259h\u015f\u0259t\u0259 g\u0259lir\u0259m v\u0259 \u00fczg\u00fcn\u0259m ki, ukraynal\u0131lar \u00f6zl\u0259rinin yeni d\u00f6vl\u0259tini rusofobiya \u00fcz\u0259rind\u0259 qururlar. Lakin bu yax\u015f\u0131 he\u00e7 n\u0259 g\u0259tirmir v\u0259 yeni f\u0259lak\u0259rl\u0259r t\u00f6r\u0259dir.\n<\/p>\n<p>\n  Az\u0259rbaycan is\u0259 yeni d\u00f6vl\u0259tini rus v\u0259 sovet varl\u0131\u011f\u0131n\u0131 da\u011f\u0131tmadan, harmoniya tapma\u011fa \u00e7al\u0131\u015faraq qurur. O, Az\u0259rbaycanla Sovet \u0130ttifaq\u0131 aras\u0131nda, yaxud \u00fcmumi tariximizin 70 ilind\u0259n \u0259vv\u0259lki az\u0259rbaycanl\u0131larla ruslar aras\u0131nda b\u00fct\u00fcn parlaq, vacib v\u0259 m\u0259d\u0259ni olan\u0131 saxlama\u011fa can at\u0131r.\n<\/p>\n<p>\n  V\u0259 bu n\u0259tic\u0259l\u0259rini verir. M\u0259rhum Heyd\u0259r \u018fliyevin, eyni zamanda haz\u0131rk\u0131 prezident \u0130lham \u018fliyevin v\u0259 onun xan\u0131m\u0131 Mehriban \u018fliyevan\u0131n yana\u015fmas\u0131 bel\u0259 olub v\u0259 bel\u0259dir. \u00d6z d\u00f6vl\u0259tini nifr\u0259t, antaqonizm, zor \u00fcz\u0259rind\u0259 qurmaq olmaz.\n<\/p>\n<p>\n  Bildiyiniz kimi, m\u0259n molokanam v\u0259 do\u011fma \u0130vanovka k\u0259ndim rusca g\u00f6z\u0259l dan\u0131\u015f\u0131r. M\u0259n molokanlardan m\u00fcasir v\u0259 d\u00fczg\u00fcn rus dilini \u00f6yr\u0259nm\u0259k ist\u0259yir\u0259m. Az\u0259rbaycanda rus m\u0259kt\u0259bl\u0259rinin nec\u0259 i\u015fl\u0259diyini v\u0259 rus dilinin nec\u0259 qorundu\u011funu g\u00f6r\u00fcr\u0259m&#8221;.\n<\/p>\n<blockquote><p>\n  Biz iki qarda\u015f d\u00f6vl\u0259t olmaq \u00fc\u00e7\u00fcn h\u0259r \u015fey\u0259 malikik\n<\/p><\/blockquote>\n<p>\n  &#8220;Yax\u0131n ill\u0259rd\u0259 iki \u00f6lk\u0259nin m\u00fcnasib\u0259tl\u0259rinin g\u0259l\u0259c\u0259yini nec\u0259 g\u00f6r\u00fcrs\u00fcn\u00fcz&#8221;- sual\u0131n\u0131 m\u00fcsahib bel\u0259 cavabland\u0131r\u0131b:\n<\/p>\n<p>\n  &#8220;Rusiya \u00f6z\u00fcn\u00fcn yeni d\u00f6vl\u0259tini qurur v\u0259 m\u0259n bacard\u0131\u011f\u0131m q\u0259d\u0259r bunda i\u015ftirak edir\u0259m. Az\u0259rbaycan da \u00f6z\u00fcn\u00fcn yeni d\u00f6vl\u0259tini qurur. Vacibdir ki, rus v\u0259 Az\u0259rbaycan d\u00f6vl\u0259t quruculu\u011fu paralel getsin. Onlar diqq\u0259tl\u0259 bir-birini izl\u0259sinl\u0259r v\u0259 bir-birini n\u0259z\u0259rd\u0259n itirm\u0259sinl\u0259r. Vacibdir ki, qon\u015funun d\u00f6vl\u0259t quruculu\u011fundak\u0131 h\u0259r bir add\u0131m d\u0259rs kimi qavran\u0131ls\u0131n.<\/p>\n<p>  M\u0259nim \u0130zbor klubunun Bak\u0131da \u015f\u00f6b\u0259sinin yarad\u0131lmas\u0131 ideyam vard\u0131 v\u0259 bu ideyan\u0131 prezident d\u0259, vitse-prezident d\u0259 d\u0259st\u0259kl\u0259di. Bu is\u0259 \u00f6z\u00fc-\u00f6zl\u00fcy\u00fcnd\u0259 rusiyal\u0131 v\u0259 az\u0259rbaycanl\u0131 d\u00f6vl\u0259t\u00e7il\u0259rin g\u00f6r\u00fc\u015f\u00fcd\u00fcr v\u0259 onlar d\u00f6vl\u0259tl\u0259rimizin t\u0259\u015f\u0259kk\u00fcl\u00fc maraqlar\u0131ndan \u00e7\u0131x\u0131\u015f ed\u0259r\u0259k m\u00fcnasib\u0259tl\u0259r qursunlar. V\u0259 bu, n\u0259s\u0259 abstrakt bir \u015fey olmas\u0131n, t\u0259cr\u00fcb\u0259 m\u00fcbadil\u0259si apar\u0131ls\u0131n, g\u00f6r\u00fc\u015fl\u0259r v\u0259 \u015f\u00fcbh\u0259l\u0259r payla\u015f\u0131ls\u0131n. Biz iki qarda\u015f d\u00f6vl\u0259t olmaq \u00fc\u00e7\u00fcn h\u0259r \u015fey\u0259 malikik.\n<\/p>\n<figure class=\"wp-block-image size-large\">\n  <img decoding=\"async\" src=\"https:\/\/www.meydan.tv\/az\/aleksandr-proxanov-foto-report\/\" alt=\"Aleksandr Proxanov (Foto: Report)\" class=\"wp-image-87468\"\/><figcaption>\n    Aleksandr Proxanov (Foto: Report)<br \/>\n  <\/figcaption><\/figure>\n<p>\n  A.Proxanov Erm\u0259nistan t\u0259r\u0259finin onun s\u0259f\u0259rin\u0259 reaksiyas\u0131na da m\u00fcnasib\u0259t bildirib:\n<\/p>\n<p>\n  &#8220;\u018fg\u0259r erm\u0259nil\u0259r hesab edirs\u0259 ki, m\u0259n Az\u0259rbaycana bir ne\u00e7\u0259 Rusiya diviziyas\u0131, S-600 kompleksl\u0259ri, yaxud La\u00e7\u0131na yeni h\u00fccum plan\u0131 g\u0259tirmi\u015f\u0259m, \u00e7ox yan\u0131l\u0131rlar. M\u0259nim arxamda n\u0259 Ba\u015f q\u0259rargah, n\u0259 d\u0259 FTX var. M\u0259n rusiyal\u0131 ziyal\u0131, intellektual v\u0259 yaz\u0131\u00e7\u0131yam. Bura g\u0259lmi\u015f\u0259m ki, Bak\u0131dak\u0131 dostlar\u0131m\u0131 qucaqlay\u0131m, t\u0259sdiq edim ki, Bak\u0131n\u0131, az\u0259rbaycanl\u0131 dostlar\u0131m\u0131 sevir\u0259m. M\u0259n bura Kala\u015fnikov avtomat\u0131 il\u0259 yox, g\u00fcl-\u00e7i\u00e7\u0259kl\u0259 g\u0259lmi\u015f\u0259m&#8221;.\n<\/p>\n<p>\n  M\u00fcasir Rusiyan\u0131n ideoloqlar\u0131ndan biri hesab olunan, yaz\u0131\u00e7\u0131 v\u0259 siyas\u0259t\u00e7i Aleksandr Proxanov bir ne\u00e7\u0259 g\u00fcnd\u00fcr Az\u0259rbaycanda s\u0259f\u0259rd\u0259dir. Bu g\u00fcnl\u0259rd\u0259 rusiyal\u0131 qonaq Qaraba\u011f icmas\u0131n\u0131n liderl\u0259ri, ziyal\u0131lar\u0131n n\u00fcmay\u0259nd\u0259l\u0259ri il\u0259 g\u00f6r\u00fc\u015f\u00fcb, \u0130vanovka k\u0259ndin\u0259 s\u0259f\u0259r edib, r\u0259smi \u015f\u0259xsl\u0259rl\u0259 v\u0259 Az\u0259rbaycan prezidenti \u0130lham \u018fliyevl\u0259 g\u00f6r\u00fc\u015f\u00fcb. Bak\u0131da s\u0259f\u0259ri \u00e7\u0259r\u00e7iv\u0259sind\u0259 A.Proxanov bir s\u0131ra b\u0259yanatlar verib.<\/p>\n","protected":false},"excerpt":{"rendered":"<p>Aleksandr Proxanov: &#8220;Biz iki qarda\u015f d\u00f6vl\u0259t olmaq \u00fc\u00e7\u00fcn h\u0259r \u015fey\u0259 malikik&#8221;<\/p>\n","protected":false},"author":11,"featured_media":87459,"comment_status":"closed","ping_status":"open","sticky":false,"template":"","format":"standard","meta":{"_acf_changed":false,"_sitemap_exclude":false,"_sitemap_priority":"","_sitemap_frequency":"","footnotes":""},"categories":[56],"tags":[],"class_list":["post-185207","post","type-post","status-publish","format-standard","has-post-thumbnail","hentry","category-xeberler","infinite-scroll-item","generate-columns","tablet-grid-50","mobile-grid-100","grid-parent","grid-33","no-featured-image-padding"],"acf":[],"yoast_head":"<!-- This site is optimized with the Yoast SEO plugin v27.4 - https:\/\/yoast.com\/product\/yoast-seo-wordpress\/ -->\n<title>&#039;&#039;Xan\u0131m \u018fliyeva dedi, yol verm\u0259z ki, Az\u0259rbaycan xalq\u0131nda erm\u0259nil\u0259rin timsal\u0131nda d\u00fc\u015fm\u0259n obraz\u0131 formala\u015fs\u0131n&#039;&#039; - MEYDAN.TV<\/title>\n<meta name=\"robots\" content=\"index, follow, max-snippet:-1, max-image-preview:large, max-video-preview:-1\" \/>\n<link rel=\"canonical\" href=\"https:\/\/www.meydan.tv\/az\/article\/xanim-eliyeva-dedi-yol-vermez-ki-azerbaycan-xalqinda-ermenilerin-timsalinda-dusmen-obrazi-formalassin\/\" \/>\n<meta property=\"og:locale\" content=\"az_AZ\" \/>\n<meta property=\"og:type\" content=\"article\" \/>\n<meta property=\"og:title\" content=\"&#039;&#039;Xan\u0131m \u018fliyeva dedi, yol verm\u0259z ki, Az\u0259rbaycan xalq\u0131nda erm\u0259nil\u0259rin timsal\u0131nda d\u00fc\u015fm\u0259n obraz\u0131 formala\u015fs\u0131n&#039;&#039; - MEYDAN.TV\" \/>\n<meta property=\"og:description\" content=\"Aleksandr Proxanov: &quot;Biz iki qarda\u015f d\u00f6vl\u0259t olmaq \u00fc\u00e7\u00fcn h\u0259r \u015fey\u0259 malikik&quot;\" \/>\n<meta property=\"og:url\" content=\"https:\/\/www.meydan.tv\/az\/article\/xanim-eliyeva-dedi-yol-vermez-ki-azerbaycan-xalqinda-ermenilerin-timsalinda-dusmen-obrazi-formalassin\/\" \/>\n<meta property=\"og:site_name\" content=\"MEYDAN.TV\" \/>\n<meta property=\"article:published_time\" content=\"2017-06-27T18:38:04+00:00\" \/>\n<meta property=\"og:image\" content=\"https:\/\/www.meydan.tv\/wp-content\/uploads\/34546.png\" \/>\n\t<meta property=\"og:image:width\" content=\"1000\" \/>\n\t<meta property=\"og:image:height\" content=\"560\" \/>\n\t<meta property=\"og:image:type\" content=\"image\/png\" \/>\n<meta name=\"author\" content=\"user-manager\" \/>\n<meta name=\"twitter:card\" content=\"summary_large_image\" \/>\n<script type=\"application\/ld+json\" class=\"yoast-schema-graph\">{\"@context\":\"https:\\\/\\\/schema.org\",\"@graph\":[{\"@type\":\"Article\",\"@id\":\"https:\\\/\\\/www.meydan.tv\\\/az\\\/article\\\/xanim-eliyeva-dedi-yol-vermez-ki-azerbaycan-xalqinda-ermenilerin-timsalinda-dusmen-obrazi-formalassin\\\/#article\",\"isPartOf\":{\"@id\":\"https:\\\/\\\/www.meydan.tv\\\/az\\\/article\\\/xanim-eliyeva-dedi-yol-vermez-ki-azerbaycan-xalqinda-ermenilerin-timsalinda-dusmen-obrazi-formalassin\\\/\"},\"author\":{\"name\":\"user-manager\",\"@id\":\"https:\\\/\\\/www.meydan.tv\\\/az\\\/#\\\/schema\\\/person\\\/10d11eccf6da3662cf5fdab9806ea91a\"},\"headline\":\"&#8221;Xan\u0131m \u018fliyeva dedi, yol verm\u0259z ki, Az\u0259rbaycan xalq\u0131nda erm\u0259nil\u0259rin timsal\u0131nda d\u00fc\u015fm\u0259n obraz\u0131 formala\u015fs\u0131n&#8221;\",\"datePublished\":\"2017-06-27T18:38:04+00:00\",\"mainEntityOfPage\":{\"@id\":\"https:\\\/\\\/www.meydan.tv\\\/az\\\/article\\\/xanim-eliyeva-dedi-yol-vermez-ki-azerbaycan-xalqinda-ermenilerin-timsalinda-dusmen-obrazi-formalassin\\\/\"},\"wordCount\":1730,\"publisher\":{\"@id\":\"https:\\\/\\\/www.meydan.tv\\\/az\\\/#organization\"},\"image\":{\"@id\":\"https:\\\/\\\/www.meydan.tv\\\/az\\\/article\\\/xanim-eliyeva-dedi-yol-vermez-ki-azerbaycan-xalqinda-ermenilerin-timsalinda-dusmen-obrazi-formalassin\\\/#primaryimage\"},\"thumbnailUrl\":\"https:\\\/\\\/www.meydan.tv\\\/wp-content\\\/uploads\\\/34546.png\",\"articleSection\":[\"X\u0259b\u0259rl\u0259r\"],\"inLanguage\":\"az\"},{\"@type\":\"WebPage\",\"@id\":\"https:\\\/\\\/www.meydan.tv\\\/az\\\/article\\\/xanim-eliyeva-dedi-yol-vermez-ki-azerbaycan-xalqinda-ermenilerin-timsalinda-dusmen-obrazi-formalassin\\\/\",\"url\":\"https:\\\/\\\/www.meydan.tv\\\/az\\\/article\\\/xanim-eliyeva-dedi-yol-vermez-ki-azerbaycan-xalqinda-ermenilerin-timsalinda-dusmen-obrazi-formalassin\\\/\",\"name\":\"''Xan\u0131m \u018fliyeva dedi, yol verm\u0259z ki, Az\u0259rbaycan xalq\u0131nda erm\u0259nil\u0259rin timsal\u0131nda d\u00fc\u015fm\u0259n obraz\u0131 formala\u015fs\u0131n'' - MEYDAN.TV\",\"isPartOf\":{\"@id\":\"https:\\\/\\\/www.meydan.tv\\\/az\\\/#website\"},\"primaryImageOfPage\":{\"@id\":\"https:\\\/\\\/www.meydan.tv\\\/az\\\/article\\\/xanim-eliyeva-dedi-yol-vermez-ki-azerbaycan-xalqinda-ermenilerin-timsalinda-dusmen-obrazi-formalassin\\\/#primaryimage\"},\"image\":{\"@id\":\"https:\\\/\\\/www.meydan.tv\\\/az\\\/article\\\/xanim-eliyeva-dedi-yol-vermez-ki-azerbaycan-xalqinda-ermenilerin-timsalinda-dusmen-obrazi-formalassin\\\/#primaryimage\"},\"thumbnailUrl\":\"https:\\\/\\\/www.meydan.tv\\\/wp-content\\\/uploads\\\/34546.png\",\"datePublished\":\"2017-06-27T18:38:04+00:00\",\"breadcrumb\":{\"@id\":\"https:\\\/\\\/www.meydan.tv\\\/az\\\/article\\\/xanim-eliyeva-dedi-yol-vermez-ki-azerbaycan-xalqinda-ermenilerin-timsalinda-dusmen-obrazi-formalassin\\\/#breadcrumb\"},\"inLanguage\":\"az\",\"potentialAction\":[{\"@type\":\"ReadAction\",\"target\":[\"https:\\\/\\\/www.meydan.tv\\\/az\\\/article\\\/xanim-eliyeva-dedi-yol-vermez-ki-azerbaycan-xalqinda-ermenilerin-timsalinda-dusmen-obrazi-formalassin\\\/\"]}]},{\"@type\":\"ImageObject\",\"inLanguage\":\"az\",\"@id\":\"https:\\\/\\\/www.meydan.tv\\\/az\\\/article\\\/xanim-eliyeva-dedi-yol-vermez-ki-azerbaycan-xalqinda-ermenilerin-timsalinda-dusmen-obrazi-formalassin\\\/#primaryimage\",\"url\":\"https:\\\/\\\/www.meydan.tv\\\/wp-content\\\/uploads\\\/34546.png\",\"contentUrl\":\"https:\\\/\\\/www.meydan.tv\\\/wp-content\\\/uploads\\\/34546.png\",\"width\":1000,\"height\":560,\"caption\":\"Source:\"},{\"@type\":\"BreadcrumbList\",\"@id\":\"https:\\\/\\\/www.meydan.tv\\\/az\\\/article\\\/xanim-eliyeva-dedi-yol-vermez-ki-azerbaycan-xalqinda-ermenilerin-timsalinda-dusmen-obrazi-formalassin\\\/#breadcrumb\",\"itemListElement\":[{\"@type\":\"ListItem\",\"position\":1,\"name\":\"Ana s\u0259hif\u0259\",\"item\":\"https:\\\/\\\/www.meydan.tv\\\/az\\\/\"},{\"@type\":\"ListItem\",\"position\":2,\"name\":\"X\u0259b\u0259rl\u0259r\",\"item\":\"https:\\\/\\\/www.meydan.tv\\\/az\\\/section\\\/xeberler\\\/\"},{\"@type\":\"ListItem\",\"position\":3,\"name\":\"&#8221;Xan\u0131m \u018fliyeva dedi, yol verm\u0259z ki, Az\u0259rbaycan xalq\u0131nda erm\u0259nil\u0259rin timsal\u0131nda d\u00fc\u015fm\u0259n obraz\u0131 formala\u015fs\u0131n&#8221;\"}]},{\"@type\":\"WebSite\",\"@id\":\"https:\\\/\\\/www.meydan.tv\\\/az\\\/#website\",\"url\":\"https:\\\/\\\/www.meydan.tv\\\/az\\\/\",\"name\":\"MEYDAN.TV\",\"description\":\"Meydan TV Az\u0259rbaycan\u0131n media m\u0259kan\u0131ndak\u0131 alternativ s\u0259sidir\",\"publisher\":{\"@id\":\"https:\\\/\\\/www.meydan.tv\\\/az\\\/#organization\"},\"potentialAction\":[{\"@type\":\"SearchAction\",\"target\":{\"@type\":\"EntryPoint\",\"urlTemplate\":\"https:\\\/\\\/www.meydan.tv\\\/az\\\/?s={search_term_string}\"},\"query-input\":{\"@type\":\"PropertyValueSpecification\",\"valueRequired\":true,\"valueName\":\"search_term_string\"}}],\"inLanguage\":\"az\"},{\"@type\":\"Organization\",\"@id\":\"https:\\\/\\\/www.meydan.tv\\\/az\\\/#organization\",\"name\":\"Meydan TV\",\"url\":\"https:\\\/\\\/www.meydan.tv\\\/az\\\/\",\"logo\":{\"@type\":\"ImageObject\",\"inLanguage\":\"az\",\"@id\":\"https:\\\/\\\/www.meydan.tv\\\/az\\\/#\\\/schema\\\/logo\\\/image\\\/\",\"url\":\"https:\\\/\\\/www.meydan.tv\\\/wp-content\\\/uploads\\\/2021\\\/07\\\/meydan-logo.svg\",\"contentUrl\":\"https:\\\/\\\/www.meydan.tv\\\/wp-content\\\/uploads\\\/2021\\\/07\\\/meydan-logo.svg\",\"width\":195,\"height\":46,\"caption\":\"Meydan TV\"},\"image\":{\"@id\":\"https:\\\/\\\/www.meydan.tv\\\/az\\\/#\\\/schema\\\/logo\\\/image\\\/\"}},{\"@type\":\"Person\",\"@id\":\"https:\\\/\\\/www.meydan.tv\\\/az\\\/#\\\/schema\\\/person\\\/10d11eccf6da3662cf5fdab9806ea91a\",\"name\":\"user-manager\"}]}<\/script>\n<!-- \/ Yoast SEO plugin. -->","yoast_head_json":{"title":"''Xan\u0131m \u018fliyeva dedi, yol verm\u0259z ki, Az\u0259rbaycan xalq\u0131nda erm\u0259nil\u0259rin timsal\u0131nda d\u00fc\u015fm\u0259n obraz\u0131 formala\u015fs\u0131n'' - MEYDAN.TV","robots":{"index":"index","follow":"follow","max-snippet":"max-snippet:-1","max-image-preview":"max-image-preview:large","max-video-preview":"max-video-preview:-1"},"canonical":"https:\/\/www.meydan.tv\/az\/article\/xanim-eliyeva-dedi-yol-vermez-ki-azerbaycan-xalqinda-ermenilerin-timsalinda-dusmen-obrazi-formalassin\/","og_locale":"az_AZ","og_type":"article","og_title":"''Xan\u0131m \u018fliyeva dedi, yol verm\u0259z ki, Az\u0259rbaycan xalq\u0131nda erm\u0259nil\u0259rin timsal\u0131nda d\u00fc\u015fm\u0259n obraz\u0131 formala\u015fs\u0131n'' - MEYDAN.TV","og_description":"Aleksandr Proxanov: \"Biz iki qarda\u015f d\u00f6vl\u0259t olmaq \u00fc\u00e7\u00fcn h\u0259r \u015fey\u0259 malikik\"","og_url":"https:\/\/www.meydan.tv\/az\/article\/xanim-eliyeva-dedi-yol-vermez-ki-azerbaycan-xalqinda-ermenilerin-timsalinda-dusmen-obrazi-formalassin\/","og_site_name":"MEYDAN.TV","article_published_time":"2017-06-27T18:38:04+00:00","og_image":[{"width":1000,"height":560,"url":"https:\/\/www.meydan.tv\/wp-content\/uploads\/34546.png","type":"image\/png"}],"author":"user-manager","twitter_card":"summary_large_image","schema":{"@context":"https:\/\/schema.org","@graph":[{"@type":"Article","@id":"https:\/\/www.meydan.tv\/az\/article\/xanim-eliyeva-dedi-yol-vermez-ki-azerbaycan-xalqinda-ermenilerin-timsalinda-dusmen-obrazi-formalassin\/#article","isPartOf":{"@id":"https:\/\/www.meydan.tv\/az\/article\/xanim-eliyeva-dedi-yol-vermez-ki-azerbaycan-xalqinda-ermenilerin-timsalinda-dusmen-obrazi-formalassin\/"},"author":{"name":"user-manager","@id":"https:\/\/www.meydan.tv\/az\/#\/schema\/person\/10d11eccf6da3662cf5fdab9806ea91a"},"headline":"&#8221;Xan\u0131m \u018fliyeva dedi, yol verm\u0259z ki, Az\u0259rbaycan xalq\u0131nda erm\u0259nil\u0259rin timsal\u0131nda d\u00fc\u015fm\u0259n obraz\u0131 formala\u015fs\u0131n&#8221;","datePublished":"2017-06-27T18:38:04+00:00","mainEntityOfPage":{"@id":"https:\/\/www.meydan.tv\/az\/article\/xanim-eliyeva-dedi-yol-vermez-ki-azerbaycan-xalqinda-ermenilerin-timsalinda-dusmen-obrazi-formalassin\/"},"wordCount":1730,"publisher":{"@id":"https:\/\/www.meydan.tv\/az\/#organization"},"image":{"@id":"https:\/\/www.meydan.tv\/az\/article\/xanim-eliyeva-dedi-yol-vermez-ki-azerbaycan-xalqinda-ermenilerin-timsalinda-dusmen-obrazi-formalassin\/#primaryimage"},"thumbnailUrl":"https:\/\/www.meydan.tv\/wp-content\/uploads\/34546.png","articleSection":["X\u0259b\u0259rl\u0259r"],"inLanguage":"az"},{"@type":"WebPage","@id":"https:\/\/www.meydan.tv\/az\/article\/xanim-eliyeva-dedi-yol-vermez-ki-azerbaycan-xalqinda-ermenilerin-timsalinda-dusmen-obrazi-formalassin\/","url":"https:\/\/www.meydan.tv\/az\/article\/xanim-eliyeva-dedi-yol-vermez-ki-azerbaycan-xalqinda-ermenilerin-timsalinda-dusmen-obrazi-formalassin\/","name":"''Xan\u0131m \u018fliyeva dedi, yol verm\u0259z ki, Az\u0259rbaycan xalq\u0131nda erm\u0259nil\u0259rin timsal\u0131nda d\u00fc\u015fm\u0259n obraz\u0131 formala\u015fs\u0131n'' - MEYDAN.TV","isPartOf":{"@id":"https:\/\/www.meydan.tv\/az\/#website"},"primaryImageOfPage":{"@id":"https:\/\/www.meydan.tv\/az\/article\/xanim-eliyeva-dedi-yol-vermez-ki-azerbaycan-xalqinda-ermenilerin-timsalinda-dusmen-obrazi-formalassin\/#primaryimage"},"image":{"@id":"https:\/\/www.meydan.tv\/az\/article\/xanim-eliyeva-dedi-yol-vermez-ki-azerbaycan-xalqinda-ermenilerin-timsalinda-dusmen-obrazi-formalassin\/#primaryimage"},"thumbnailUrl":"https:\/\/www.meydan.tv\/wp-content\/uploads\/34546.png","datePublished":"2017-06-27T18:38:04+00:00","breadcrumb":{"@id":"https:\/\/www.meydan.tv\/az\/article\/xanim-eliyeva-dedi-yol-vermez-ki-azerbaycan-xalqinda-ermenilerin-timsalinda-dusmen-obrazi-formalassin\/#breadcrumb"},"inLanguage":"az","potentialAction":[{"@type":"ReadAction","target":["https:\/\/www.meydan.tv\/az\/article\/xanim-eliyeva-dedi-yol-vermez-ki-azerbaycan-xalqinda-ermenilerin-timsalinda-dusmen-obrazi-formalassin\/"]}]},{"@type":"ImageObject","inLanguage":"az","@id":"https:\/\/www.meydan.tv\/az\/article\/xanim-eliyeva-dedi-yol-vermez-ki-azerbaycan-xalqinda-ermenilerin-timsalinda-dusmen-obrazi-formalassin\/#primaryimage","url":"https:\/\/www.meydan.tv\/wp-content\/uploads\/34546.png","contentUrl":"https:\/\/www.meydan.tv\/wp-content\/uploads\/34546.png","width":1000,"height":560,"caption":"Source:"},{"@type":"BreadcrumbList","@id":"https:\/\/www.meydan.tv\/az\/article\/xanim-eliyeva-dedi-yol-vermez-ki-azerbaycan-xalqinda-ermenilerin-timsalinda-dusmen-obrazi-formalassin\/#breadcrumb","itemListElement":[{"@type":"ListItem","position":1,"name":"Ana s\u0259hif\u0259","item":"https:\/\/www.meydan.tv\/az\/"},{"@type":"ListItem","position":2,"name":"X\u0259b\u0259rl\u0259r","item":"https:\/\/www.meydan.tv\/az\/section\/xeberler\/"},{"@type":"ListItem","position":3,"name":"&#8221;Xan\u0131m \u018fliyeva dedi, yol verm\u0259z ki, Az\u0259rbaycan xalq\u0131nda erm\u0259nil\u0259rin timsal\u0131nda d\u00fc\u015fm\u0259n obraz\u0131 formala\u015fs\u0131n&#8221;"}]},{"@type":"WebSite","@id":"https:\/\/www.meydan.tv\/az\/#website","url":"https:\/\/www.meydan.tv\/az\/","name":"MEYDAN.TV","description":"Meydan TV Az\u0259rbaycan\u0131n media m\u0259kan\u0131ndak\u0131 alternativ s\u0259sidir","publisher":{"@id":"https:\/\/www.meydan.tv\/az\/#organization"},"potentialAction":[{"@type":"SearchAction","target":{"@type":"EntryPoint","urlTemplate":"https:\/\/www.meydan.tv\/az\/?s={search_term_string}"},"query-input":{"@type":"PropertyValueSpecification","valueRequired":true,"valueName":"search_term_string"}}],"inLanguage":"az"},{"@type":"Organization","@id":"https:\/\/www.meydan.tv\/az\/#organization","name":"Meydan TV","url":"https:\/\/www.meydan.tv\/az\/","logo":{"@type":"ImageObject","inLanguage":"az","@id":"https:\/\/www.meydan.tv\/az\/#\/schema\/logo\/image\/","url":"https:\/\/www.meydan.tv\/wp-content\/uploads\/2021\/07\/meydan-logo.svg","contentUrl":"https:\/\/www.meydan.tv\/wp-content\/uploads\/2021\/07\/meydan-logo.svg","width":195,"height":46,"caption":"Meydan TV"},"image":{"@id":"https:\/\/www.meydan.tv\/az\/#\/schema\/logo\/image\/"}},{"@type":"Person","@id":"https:\/\/www.meydan.tv\/az\/#\/schema\/person\/10d11eccf6da3662cf5fdab9806ea91a","name":"user-manager"}]}},"_links":{"self":[{"href":"https:\/\/www.meydan.tv\/az\/wp-json\/wp\/v2\/posts\/185207","targetHints":{"allow":["GET"]}}],"collection":[{"href":"https:\/\/www.meydan.tv\/az\/wp-json\/wp\/v2\/posts"}],"about":[{"href":"https:\/\/www.meydan.tv\/az\/wp-json\/wp\/v2\/types\/post"}],"author":[{"embeddable":true,"href":"https:\/\/www.meydan.tv\/az\/wp-json\/wp\/v2\/users\/11"}],"replies":[{"embeddable":true,"href":"https:\/\/www.meydan.tv\/az\/wp-json\/wp\/v2\/comments?post=185207"}],"version-history":[{"count":0,"href":"https:\/\/www.meydan.tv\/az\/wp-json\/wp\/v2\/posts\/185207\/revisions"}],"wp:featuredmedia":[{"embeddable":true,"href":"https:\/\/www.meydan.tv\/az\/wp-json\/wp\/v2\/media\/87459"}],"wp:attachment":[{"href":"https:\/\/www.meydan.tv\/az\/wp-json\/wp\/v2\/media?parent=185207"}],"wp:term":[{"taxonomy":"category","embeddable":true,"href":"https:\/\/www.meydan.tv\/az\/wp-json\/wp\/v2\/categories?post=185207"},{"taxonomy":"post_tag","embeddable":true,"href":"https:\/\/www.meydan.tv\/az\/wp-json\/wp\/v2\/tags?post=185207"}],"curies":[{"name":"wp","href":"https:\/\/api.w.org\/{rel}","templated":true}]}}