{"id":185199,"date":"2017-06-27T14:03:05","date_gmt":"2017-06-27T14:03:05","guid":{"rendered":"https:\/\/www.meydan.tv\/article\/beynelxalq-banka-xilasedici-destek\/"},"modified":"2017-06-27T14:03:05","modified_gmt":"2017-06-27T14:03:05","slug":"beynelxalq-banka-xilasedici-destek","status":"publish","type":"post","link":"https:\/\/www.meydan.tv\/az\/article\/beynelxalq-banka-xilasedici-destek\/","title":{"rendered":"Beyn\u0259lxalq Banka xilasedici d\u0259st\u0259k"},"content":{"rendered":"<figure class=\"wp-block-image size-large\">\n  <img decoding=\"async\" src=\"https:\/\/www.meydan.tv\/az\/87549\/\" alt=\"\" class=\"wp-image-87549\"\/><figcaption><\/figcaption><\/figure>\n<p>\n  Az\u0259rbaycan Hesablama Palatas\u0131 cari ilin D\u00f6vl\u0259t B\u00fcdc\u0259sin\u0259 d\u0259yi\u015fiklik edilm\u0259sini n\u0259z\u0259rd\u0259 tutan qanun layih\u0259sini m\u00fczakir\u0259 \u00fc\u00e7\u00fcn parlament\u0259 g\u00f6nd\u0259rilm\u0259sini t\u00f6vsiy\u0259 edib.\n<\/p>\n<p>\n  Bununla ba\u011fl\u0131 m\u00fczakir\u0259l\u0259r parlament n\u0259zar\u0259ti ali orqan\u0131n\u0131n iclas\u0131 gedi\u015find\u0259 apar\u0131l\u0131b. Maliyy\u0259 naziri Samir \u015e\u0259rifovun Milli M\u0259clisin \u0130qtisadi Siyas\u0259t, S\u0259naye v\u0259 Sahibkarl\u0131q \u00fczr\u0259 Komit\u0259sinin iclas\u0131nda qanun layih\u0259sinin m\u00fczakir\u0259si zaman\u0131 bildirdiyi kimi, Az\u0259rbaycan\u0131n cari il\u0259 D\u00f6vl\u0259t B\u00fcdc\u0259sin\u0259 yenid\u0259n bax\u0131lmas\u0131 bank v\u0259 maliyy\u0259 sisteminin sabitliyini t\u0259min etm\u0259k z\u0259rur\u0259tind\u0259n ir\u0259li g\u0259lir. Dig\u0259r s\u0259b\u0259bl\u0259r aras\u0131nda nazir h\u0259m\u00e7inin \u00f6lk\u0259mizin daxili v\u0259 xarici \u00f6hd\u0259likl\u0259rinin t\u0259nziml\u0259nm\u0259si z\u0259rur\u0259tini g\u00f6st\u0259rib.\n<\/p>\n<p>\n  \u00d6lk\u0259nin \u0259sas maliyy\u0259 s\u0259n\u0259dinin yenid\u0259n bax\u0131lm\u0131\u015f variant\u0131nda g\u0259lirl\u0259r 16,77 mlrd. manat s\u0259viyy\u0259sind\u0259 proqnozla\u015fd\u0131r\u0131l\u0131r ki, bu da cari il \u00fc\u00e7\u00fcn ilkin proqnozdan 3,1% \u00e7oxdur. X\u0259rcl\u0259r\u0259 g\u0259ldikd\u0259 is\u0259, onlar 17,94 mlrd. manat s\u0259viyy\u0259sind\u0259 m\u00fc\u0259yy\u0259nl\u0259\u015fdirilib (1,04 mlrd. manat v\u0259 ya 6,2% \u00e7ox). M\u0259xaric madd\u0259sinin art\u0131r\u0131lmas\u0131 D\u00f6vl\u0259t B\u00fcdc\u0259si k\u0259sirinin 0,5 mlrd. manat h\u0259cmind\u0259 (proqnozlara nisb\u0259td\u0259 +18%) artmas\u0131na g\u0259tirib \u00e7\u0131xaracaq.\n<\/p>\n<p>\n  \u018fsas fiskal qanununa yenid\u0259n bax\u0131lmas\u0131 \u00e7\u0259r\u00e7iv\u0259sind\u0259 Az\u0259rbaycan Beyn\u0259lxalq Bank\u0131n\u0131n (ABB) avrobond buraxmas\u0131 \u00fc\u00e7\u00fcn xarici borcalmalar\u0131n yuxar\u0131 h\u0259ddini 4,5 mlrd. manata q\u0259d\u0259r art\u0131rmaq planla\u015fd\u0131r\u0131l\u0131r. D\u00f6vl\u0259t B\u00fcdc\u0259si x\u0259rcl\u0259rinin artmas\u0131n\u0131n daha bir s\u0259b\u0259bi kimi d\u00f6vl\u0259t balans\u0131nda olan u\u015faq ba\u011f\u00e7alar\u0131n\u0131n sax\u0131lamas\u0131 \u00fczr\u0259 x\u0259rcl\u0259rin t\u0259nziml\u0259nm\u0259si, h\u0259m\u00e7inin \u00f6lk\u0259nin \u015f\u0259h\u0259r v\u0259 rayonlar\u0131nda yeni u\u015faq ba\u011f\u00e7alar\u0131n\u0131n yarad\u0131lmas\u0131 prosesinin maliyy\u0259 t\u0259minat\u0131 g\u00f6st\u0259rilir. X\u0259rcl\u0259rin artmas\u0131 h\u0259m\u00e7inin Az\u0259rbaycan \u018fman\u0259tl\u0259rin S\u0131\u011fortalanmas\u0131 Fondu v\u0259 ARDN\u015e \u00fc\u00e7\u00fcn \u0259lav\u0259 v\u0259saitin ayr\u0131lmas\u0131 il\u0259 ba\u011fl\u0131d\u0131r. Bundan \u0259lav\u0259, AMB-nin xarici borclar\u0131n\u0131n yenid\u0259n strukturla\u015fd\u0131r\u0131lmas\u0131na d\u00f6vl\u0259t t\u0259xmin\u0259n 4 mlrd. manat ay\u0131racaq.\n<\/p>\n<p>\n  \u0130clas\u0131n sonunda 2017-ci il \u00fc\u00e7\u00fcn D\u00f6vl\u0259t B\u00fcdc\u0259sin\u0259 yenid\u0259n bax\u0131lmas\u0131 \u00fczr\u0259 qanun layih\u0259sini Milli M\u0259clisin plenar iclas\u0131nda m\u00fczakir\u0259 etm\u0259k t\u00f6vsiy\u0259 olunub. V\u0259 nikbinlik \u00fc\u00e7\u00fcn \u0259sas Maliyy\u0259 Nazirliyinin a\u00e7\u0131qlad\u0131\u011f\u0131 D\u00f6vl\u0259t B\u00fcdc\u0259sinin cari ilin birinci r\u00fcb\u00fcn\u00fcn yekunlar\u0131 \u00fczr\u0259 g\u0259lirl\u0259ri ola bil\u0259r: r\u0259smi m\u0259lumatlara g\u00f6r\u0259, onlar proqnozla\u015fd\u0131r\u0131lan 3,473 mlrd. manata qar\u015f\u0131 3,4% artaraq 3,591 mlrd. manat t\u0259\u015fkil edib.\n<\/p>\n<p>\n  O c\u00fcml\u0259d\u0259n, Vergil\u0259r Nazirliyinin x\u0259tti il\u0259 daxilolmalar 1,42 mlrd. manat v\u0259 ya \u00fcmumi v\u0259saitin 40%-d\u0259n \u00e7oxunu, D\u00f6vl\u0259t G\u00f6mr\u00fck Komit\u0259sinin x\u0259tti il\u0259 is\u0259 571 mln. (proqnozdan 17,5% \u00e7ox) manat t\u0259\u015fkil edib. M\u0259hz bu s\u0259b\u0259bd\u0259n &#8220;xalq\u0131n pul dax\u0131l\u0131&#8221;n\u0131n doldurulmas\u0131na cavabdeh olan h\u0259min qurumlar\u0131n x\u0259tti il\u0259 daxilolmalar\u0131n bir ne\u00e7\u0259 pozisiya art\u0131r\u0131lmas\u0131 (Vergil\u0259r Nazirliyi &#8211; 135 mln. D\u00f6vl\u0259t G\u00f6mr\u00fck Komit\u0259si &#8211; 50 mln. manat) planla\u015fd\u0131r\u0131l\u0131r. H\u0259m\u00e7inin b\u00fcdc\u0259d\u0259nk\u0259nar g\u0259lirl\u0259r hesab\u0131na 76 mln. manat h\u0259cmind\u0259 \u0259lav\u0259 v\u0259saitl\u0259rin c\u0259lb olunmas\u0131 n\u0259z\u0259rd\u0259 tutulur. M\u0259rk\u0259zi Bank\u0131n m\u0259nf\u0259\u0259ti d\u0259 Az\u0259rbaycan\u0131n D\u00f6vl\u0259t B\u00fcdc\u0259sin\u0259 daxil olacaq.\n<\/p>\n<p>\n  &#8220;B\u00fcdc\u0259nin m\u0259xaric hiss\u0259sinin artmas\u0131, \u0259sas\u0259n, ABB-nin xarici borc \u00f6hd\u0259likl\u0259rinin yenid\u0259n strukturla\u015fd\u0131r\u0131lmas\u0131 il\u0259 ba\u011fl\u0131d\u0131r&#8221;, &#8211; dey\u0259 &#8220;Ekonomiks&#8221; Beyn\u0259lxalq \u0130qtisadi Ara\u015fd\u0131rmalar Birliyinin s\u0259dri Fikr\u0259t Yusifov &#8220;Turan&#8221;a bildirib. \u0130qtisad\u00e7\u0131 izah edib ki:\n<\/p>\n<p>\n  &#8220;B\u00fcdc\u0259nin m\u0259xaric madd\u0259sinin art\u0131r\u0131lmas\u0131 \u00fc\u00e7\u00fcn ba\u015fl\u0131ca \u0259sas Az\u0259rbaycan Beyn\u0259lxalq Bank\u0131n\u0131n onun xarici borc \u00f6hd\u0259likl\u0259rinin sonradan d\u00f6vl\u0259t\u0259 ke\u00e7m\u0259si il\u0259 sa\u011flamla\u015fd\u0131rmas\u0131d\u0131r. Bel\u0259likl\u0259, indiki halda, dig\u0259r hallarla yana\u015f\u0131, m\u0259hz Beyn\u0259lxalq Bank\u0131n sa\u011flamla\u015fd\u0131r\u0131lmas\u0131 \u00f6lk\u0259nin \u0259sas maliyy\u0259 s\u0259n\u0259din\u0259 yenid\u0259n bax\u0131lmas\u0131n\u0131 z\u0259ruri etmi\u015f \u0259sas amildir. Bu, onunla ba\u011fl\u0131d\u0131r ki, q\u00fcvv\u0259d\u0259 olan b\u00fcdc\u0259d\u0259 bu m\u0259qs\u0259dl\u0259r \u00fc\u00e7\u00fcn v\u0259sait n\u0259z\u0259rd\u0259 tutulmay\u0131b, d\u00f6vl\u0259t is\u0259 tezlikl\u0259 bu maliyy\u0259 qurumunun \u00f6hd\u0259likl\u0259ri \u00fczr\u0259 cavab verm\u0259li olacaq&#8221;.\n<\/p>\n<p>\n  Onun s\u00f6zl\u0259rin\u0259 g\u00f6r\u0259, xarici borcun bir hiss\u0259sini bu ilin sonuna q\u0259d\u0259r qaytarmaq laz\u0131m g\u0259l\u0259c\u0259k v\u0259 bu s\u0259b\u0259bd\u0259n, d\u00f6vl\u0259t b\u00fcdc\u0259sin\u0259 yenid\u0259n baxmaq t\u0259l\u0259b olunur, \u00e7\u00fcnki adlar\u0131 \u00e7\u0259kil\u0259n x\u0259rcl\u0259r orada n\u0259z\u0259rd\u0259 tutulmay\u0131b. Bel\u0259likl\u0259, m\u00fcsahibimizin dediyi kimi, m\u0259hz Beyn\u0259lxalq Bank\u0131n sa\u011flamla\u015fd\u0131r\u0131lmas\u0131 &#8220;xalq\u0131n pul kis\u0259si&#8221;nin m\u0259xaric hiss\u0259sinin art\u0131r\u0131lmas\u0131n\u0131 t\u0259l\u0259b edib ki, bu da yaranm\u0131\u015f k\u0259sir art\u0131m\u0131 hesab\u0131na \u0259ld\u0259 olunub.\n<\/p>\n<figure class=\"wp-block-image size-large\">\n  <img decoding=\"async\" src=\"https:\/\/www.meydan.tv\/az\/87558\/\" alt=\"\" class=\"wp-image-87558\"\/><figcaption>\n    Samir \u015e\u0259rifov<br \/>\n  <\/figcaption><\/figure>\n<p>\n  Bundan ba\u015fqa, art\u0131q deyildiyi kimi, yenid\u0259n bax\u0131lm\u0131\u015f m\u0259xaric hiss\u0259si dig\u0259r istiqam\u0259tl\u0259rd\u0259 x\u0259rcl\u0259ri n\u0259z\u0259rd\u0259 tutur. Ax\u0131, d\u00fcn\u0259n maliyy\u0259 naziri Samir \u015e\u0259rifovun b\u0259yan etdiyi kimi, b\u00fcdc\u0259 Az\u0259rbaycan \u018fman\u0259tl\u0259rinin S\u0131\u011fortalanmas\u0131 Fonduna (A\u018fSF) v\u0259 ARDN\u015e-ya \u0259lav\u0259 \u00f6d\u0259ni\u015fl\u0259r \u015f\u0259klind\u0259 y\u00fckl\u0259nm\u0259y\u0259 m\u0259ruz qalacaq.\n<\/p>\n<p>\n  \u018fman\u0259tl\u0259rin S\u0131\u011fortalanmas\u0131 Fondunun maliyy\u0259l\u0259\u015fdirilm\u0259si m\u0259s\u0259l\u0259sini \u015f\u0259rh ed\u0259rk\u0259n, F.Yusifov bildirib ki, bu, h\u0259min qurumun m\u0259xaric madd\u0259l\u0259rinin art\u0131r\u0131lmas\u0131 planlar\u0131 il\u0259 ba\u011fl\u0131d\u0131r. &#8220;\u018fman\u0259tl\u0259rin S\u0131\u011fortalanmas\u0131 Fondu banklar\u0131n if\u0131as\u0131 s\u0259b\u0259bind\u0259n \u0259man\u0259t\u00e7il\u0259rin s\u0131\u011fortalanm\u0131\u015f v\u0259saitl\u0259rinin \u00f6d\u0259nilm\u0259si il\u0259 m\u0259\u015f\u011ful oldu\u011fundan bu quruma da \u0259lav\u0259 v\u0259sait ayr\u0131l\u0131r, dem\u0259li, s\u0259r\u0259ncamda olan v\u0259sait m\u00f6vcud planlar\u0131n maliyy\u0259l\u0259\u015fdirilm\u0259si \u00fc\u00e7\u00fcn kifay\u0259t deyil&#8221;, &#8211; dey\u0259 m\u0259nb\u0259 qeyd edib v\u0259 d\u0259qiql\u0259\u015fdirib ki, g\u0259lirl\u0259r vergi \u00f6d\u0259yicil\u0259rinin, b\u00fcdc\u0259 k\u0259siri is\u0259 onun \u00f6d\u0259nilm\u0259si m\u0259nb\u0259yi hesab\u0131na t\u0259min olunacaq. Bu, Neft Fondunun v\u0259saiti v\u0259 ya beyn\u0259lxalq maliyy\u0259 institutlar\u0131n\u0131n hans\u0131sa kredit resurslar\u0131 ola bil\u0259r.\n<\/p>\n<p>\n  &#8220;Yad\u0131mdad\u0131r, materiallarda k\u0259sirin n\u0259yin hesab\u0131na \u00f6d\u0259nil\u0259c\u0259yi bar\u0259d\u0259 m\u0259lumat yoxdur&#8221;, &#8211; dey\u0259 o bildirib.\n<\/p>\n<p>\n  Q\u00fcvv\u0259d\u0259 olan &#8220;Az\u0259rbaycan\u0131n 2017-ci il \u00fc\u00e7\u00fcn D\u00f6vl\u0259t B\u00fcdc\u0259si haqq\u0131nda&#8221; Qanuna g\u00f6r\u0259, \u00f6lk\u0259nin \u0259sas maliyy\u0259 s\u0259n\u0259dinin g\u0259lirl\u0259ri 16,255 milyard manat, x\u0259rcl\u0259ri is\u0259 16,9 mlrd. m\u0259bl\u0259\u011find\u0259 manat t\u0259sdiq edilb (b\u00fcdc\u0259d\u0259 neftin 1 barelinin qiym\u0259ti $40 q\u0259d\u0259rind\u0259 n\u0259z\u0259rd\u0259 tutulmaqla).<\/p>\n","protected":false},"excerpt":{"rendered":"<p>Az\u0259rbaycan Hesablama Palatas\u0131 cari ilin D\u00f6vl\u0259t B\u00fcdc\u0259sin\u0259 d\u0259yi\u015fiklik edilm\u0259sini n\u0259z\u0259rd\u0259 &#8230; <\/p>\n<p class=\"read-more-container\"><a title=\"Beyn\u0259lxalq Banka xilasedici d\u0259st\u0259k\" class=\"read-more button\" href=\"https:\/\/www.meydan.tv\/az\/article\/beynelxalq-banka-xilasedici-destek\/#more-185199\" aria-label=\"Read more about Beyn\u0259lxalq Banka xilasedici d\u0259st\u0259k\">Davam\u0131<\/a><\/p>\n","protected":false},"author":11,"featured_media":87549,"comment_status":"closed","ping_status":"open","sticky":false,"template":"","format":"standard","meta":{"_acf_changed":false,"_sitemap_exclude":false,"_sitemap_priority":"","_sitemap_frequency":"","footnotes":""},"categories":[51],"tags":[],"class_list":["post-185199","post","type-post","status-publish","format-standard","has-post-thumbnail","hentry","category-analitika","infinite-scroll-item","generate-columns","tablet-grid-50","mobile-grid-100","grid-parent","grid-33","no-featured-image-padding"],"acf":[],"yoast_head":"<!-- This site is optimized with the Yoast SEO plugin v27.4 - https:\/\/yoast.com\/product\/yoast-seo-wordpress\/ -->\n<title>Beyn\u0259lxalq Banka xilasedici d\u0259st\u0259k - MEYDAN.TV<\/title>\n<meta name=\"robots\" content=\"index, follow, max-snippet:-1, max-image-preview:large, max-video-preview:-1\" \/>\n<link rel=\"canonical\" href=\"https:\/\/www.meydan.tv\/az\/article\/beynelxalq-banka-xilasedici-destek\/\" \/>\n<meta property=\"og:locale\" content=\"az_AZ\" \/>\n<meta property=\"og:type\" content=\"article\" \/>\n<meta property=\"og:title\" content=\"Beyn\u0259lxalq Banka xilasedici d\u0259st\u0259k - MEYDAN.TV\" \/>\n<meta property=\"og:description\" content=\"Az\u0259rbaycan Hesablama Palatas\u0131 cari ilin D\u00f6vl\u0259t B\u00fcdc\u0259sin\u0259 d\u0259yi\u015fiklik edilm\u0259sini n\u0259z\u0259rd\u0259 ... Davam\u0131\" \/>\n<meta property=\"og:url\" content=\"https:\/\/www.meydan.tv\/az\/article\/beynelxalq-banka-xilasedici-destek\/\" \/>\n<meta property=\"og:site_name\" content=\"MEYDAN.TV\" \/>\n<meta property=\"article:published_time\" content=\"2017-06-27T14:03:05+00:00\" \/>\n<meta property=\"og:image\" content=\"https:\/\/www.meydan.tv\/wp-content\/uploads\/34539.jpg\" \/>\n\t<meta property=\"og:image:width\" content=\"800\" \/>\n\t<meta property=\"og:image:height\" content=\"533\" \/>\n\t<meta property=\"og:image:type\" content=\"image\/jpeg\" \/>\n<meta name=\"author\" content=\"user-manager\" \/>\n<meta name=\"twitter:card\" content=\"summary_large_image\" \/>\n<script type=\"application\/ld+json\" class=\"yoast-schema-graph\">{\"@context\":\"https:\\\/\\\/schema.org\",\"@graph\":[{\"@type\":\"Article\",\"@id\":\"https:\\\/\\\/www.meydan.tv\\\/az\\\/article\\\/beynelxalq-banka-xilasedici-destek\\\/#article\",\"isPartOf\":{\"@id\":\"https:\\\/\\\/www.meydan.tv\\\/az\\\/article\\\/beynelxalq-banka-xilasedici-destek\\\/\"},\"author\":{\"name\":\"user-manager\",\"@id\":\"https:\\\/\\\/www.meydan.tv\\\/az\\\/#\\\/schema\\\/person\\\/10d11eccf6da3662cf5fdab9806ea91a\"},\"headline\":\"Beyn\u0259lxalq Banka xilasedici d\u0259st\u0259k\",\"datePublished\":\"2017-06-27T14:03:05+00:00\",\"mainEntityOfPage\":{\"@id\":\"https:\\\/\\\/www.meydan.tv\\\/az\\\/article\\\/beynelxalq-banka-xilasedici-destek\\\/\"},\"wordCount\":1198,\"publisher\":{\"@id\":\"https:\\\/\\\/www.meydan.tv\\\/az\\\/#organization\"},\"image\":{\"@id\":\"https:\\\/\\\/www.meydan.tv\\\/az\\\/article\\\/beynelxalq-banka-xilasedici-destek\\\/#primaryimage\"},\"thumbnailUrl\":\"https:\\\/\\\/www.meydan.tv\\\/wp-content\\\/uploads\\\/34539.jpg\",\"articleSection\":[\"Analitika\"],\"inLanguage\":\"az\"},{\"@type\":\"WebPage\",\"@id\":\"https:\\\/\\\/www.meydan.tv\\\/az\\\/article\\\/beynelxalq-banka-xilasedici-destek\\\/\",\"url\":\"https:\\\/\\\/www.meydan.tv\\\/az\\\/article\\\/beynelxalq-banka-xilasedici-destek\\\/\",\"name\":\"Beyn\u0259lxalq Banka xilasedici d\u0259st\u0259k - MEYDAN.TV\",\"isPartOf\":{\"@id\":\"https:\\\/\\\/www.meydan.tv\\\/az\\\/#website\"},\"primaryImageOfPage\":{\"@id\":\"https:\\\/\\\/www.meydan.tv\\\/az\\\/article\\\/beynelxalq-banka-xilasedici-destek\\\/#primaryimage\"},\"image\":{\"@id\":\"https:\\\/\\\/www.meydan.tv\\\/az\\\/article\\\/beynelxalq-banka-xilasedici-destek\\\/#primaryimage\"},\"thumbnailUrl\":\"https:\\\/\\\/www.meydan.tv\\\/wp-content\\\/uploads\\\/34539.jpg\",\"datePublished\":\"2017-06-27T14:03:05+00:00\",\"breadcrumb\":{\"@id\":\"https:\\\/\\\/www.meydan.tv\\\/az\\\/article\\\/beynelxalq-banka-xilasedici-destek\\\/#breadcrumb\"},\"inLanguage\":\"az\",\"potentialAction\":[{\"@type\":\"ReadAction\",\"target\":[\"https:\\\/\\\/www.meydan.tv\\\/az\\\/article\\\/beynelxalq-banka-xilasedici-destek\\\/\"]}]},{\"@type\":\"ImageObject\",\"inLanguage\":\"az\",\"@id\":\"https:\\\/\\\/www.meydan.tv\\\/az\\\/article\\\/beynelxalq-banka-xilasedici-destek\\\/#primaryimage\",\"url\":\"https:\\\/\\\/www.meydan.tv\\\/wp-content\\\/uploads\\\/34539.jpg\",\"contentUrl\":\"https:\\\/\\\/www.meydan.tv\\\/wp-content\\\/uploads\\\/34539.jpg\",\"width\":800,\"height\":533,\"caption\":\"Source:\"},{\"@type\":\"BreadcrumbList\",\"@id\":\"https:\\\/\\\/www.meydan.tv\\\/az\\\/article\\\/beynelxalq-banka-xilasedici-destek\\\/#breadcrumb\",\"itemListElement\":[{\"@type\":\"ListItem\",\"position\":1,\"name\":\"Ana s\u0259hif\u0259\",\"item\":\"https:\\\/\\\/www.meydan.tv\\\/az\\\/\"},{\"@type\":\"ListItem\",\"position\":2,\"name\":\"Analitika\",\"item\":\"https:\\\/\\\/www.meydan.tv\\\/az\\\/section\\\/analitika\\\/\"},{\"@type\":\"ListItem\",\"position\":3,\"name\":\"Beyn\u0259lxalq Banka xilasedici d\u0259st\u0259k\"}]},{\"@type\":\"WebSite\",\"@id\":\"https:\\\/\\\/www.meydan.tv\\\/az\\\/#website\",\"url\":\"https:\\\/\\\/www.meydan.tv\\\/az\\\/\",\"name\":\"MEYDAN.TV\",\"description\":\"Meydan TV Az\u0259rbaycan\u0131n media m\u0259kan\u0131ndak\u0131 alternativ s\u0259sidir\",\"publisher\":{\"@id\":\"https:\\\/\\\/www.meydan.tv\\\/az\\\/#organization\"},\"potentialAction\":[{\"@type\":\"SearchAction\",\"target\":{\"@type\":\"EntryPoint\",\"urlTemplate\":\"https:\\\/\\\/www.meydan.tv\\\/az\\\/?s={search_term_string}\"},\"query-input\":{\"@type\":\"PropertyValueSpecification\",\"valueRequired\":true,\"valueName\":\"search_term_string\"}}],\"inLanguage\":\"az\"},{\"@type\":\"Organization\",\"@id\":\"https:\\\/\\\/www.meydan.tv\\\/az\\\/#organization\",\"name\":\"Meydan TV\",\"url\":\"https:\\\/\\\/www.meydan.tv\\\/az\\\/\",\"logo\":{\"@type\":\"ImageObject\",\"inLanguage\":\"az\",\"@id\":\"https:\\\/\\\/www.meydan.tv\\\/az\\\/#\\\/schema\\\/logo\\\/image\\\/\",\"url\":\"https:\\\/\\\/www.meydan.tv\\\/wp-content\\\/uploads\\\/2021\\\/07\\\/meydan-logo.svg\",\"contentUrl\":\"https:\\\/\\\/www.meydan.tv\\\/wp-content\\\/uploads\\\/2021\\\/07\\\/meydan-logo.svg\",\"width\":195,\"height\":46,\"caption\":\"Meydan TV\"},\"image\":{\"@id\":\"https:\\\/\\\/www.meydan.tv\\\/az\\\/#\\\/schema\\\/logo\\\/image\\\/\"}},{\"@type\":\"Person\",\"@id\":\"https:\\\/\\\/www.meydan.tv\\\/az\\\/#\\\/schema\\\/person\\\/10d11eccf6da3662cf5fdab9806ea91a\",\"name\":\"user-manager\"}]}<\/script>\n<!-- \/ Yoast SEO plugin. -->","yoast_head_json":{"title":"Beyn\u0259lxalq Banka xilasedici d\u0259st\u0259k - MEYDAN.TV","robots":{"index":"index","follow":"follow","max-snippet":"max-snippet:-1","max-image-preview":"max-image-preview:large","max-video-preview":"max-video-preview:-1"},"canonical":"https:\/\/www.meydan.tv\/az\/article\/beynelxalq-banka-xilasedici-destek\/","og_locale":"az_AZ","og_type":"article","og_title":"Beyn\u0259lxalq Banka xilasedici d\u0259st\u0259k - MEYDAN.TV","og_description":"Az\u0259rbaycan Hesablama Palatas\u0131 cari ilin D\u00f6vl\u0259t B\u00fcdc\u0259sin\u0259 d\u0259yi\u015fiklik edilm\u0259sini n\u0259z\u0259rd\u0259 ... Davam\u0131","og_url":"https:\/\/www.meydan.tv\/az\/article\/beynelxalq-banka-xilasedici-destek\/","og_site_name":"MEYDAN.TV","article_published_time":"2017-06-27T14:03:05+00:00","og_image":[{"width":800,"height":533,"url":"https:\/\/www.meydan.tv\/wp-content\/uploads\/34539.jpg","type":"image\/jpeg"}],"author":"user-manager","twitter_card":"summary_large_image","schema":{"@context":"https:\/\/schema.org","@graph":[{"@type":"Article","@id":"https:\/\/www.meydan.tv\/az\/article\/beynelxalq-banka-xilasedici-destek\/#article","isPartOf":{"@id":"https:\/\/www.meydan.tv\/az\/article\/beynelxalq-banka-xilasedici-destek\/"},"author":{"name":"user-manager","@id":"https:\/\/www.meydan.tv\/az\/#\/schema\/person\/10d11eccf6da3662cf5fdab9806ea91a"},"headline":"Beyn\u0259lxalq Banka xilasedici d\u0259st\u0259k","datePublished":"2017-06-27T14:03:05+00:00","mainEntityOfPage":{"@id":"https:\/\/www.meydan.tv\/az\/article\/beynelxalq-banka-xilasedici-destek\/"},"wordCount":1198,"publisher":{"@id":"https:\/\/www.meydan.tv\/az\/#organization"},"image":{"@id":"https:\/\/www.meydan.tv\/az\/article\/beynelxalq-banka-xilasedici-destek\/#primaryimage"},"thumbnailUrl":"https:\/\/www.meydan.tv\/wp-content\/uploads\/34539.jpg","articleSection":["Analitika"],"inLanguage":"az"},{"@type":"WebPage","@id":"https:\/\/www.meydan.tv\/az\/article\/beynelxalq-banka-xilasedici-destek\/","url":"https:\/\/www.meydan.tv\/az\/article\/beynelxalq-banka-xilasedici-destek\/","name":"Beyn\u0259lxalq Banka xilasedici d\u0259st\u0259k - MEYDAN.TV","isPartOf":{"@id":"https:\/\/www.meydan.tv\/az\/#website"},"primaryImageOfPage":{"@id":"https:\/\/www.meydan.tv\/az\/article\/beynelxalq-banka-xilasedici-destek\/#primaryimage"},"image":{"@id":"https:\/\/www.meydan.tv\/az\/article\/beynelxalq-banka-xilasedici-destek\/#primaryimage"},"thumbnailUrl":"https:\/\/www.meydan.tv\/wp-content\/uploads\/34539.jpg","datePublished":"2017-06-27T14:03:05+00:00","breadcrumb":{"@id":"https:\/\/www.meydan.tv\/az\/article\/beynelxalq-banka-xilasedici-destek\/#breadcrumb"},"inLanguage":"az","potentialAction":[{"@type":"ReadAction","target":["https:\/\/www.meydan.tv\/az\/article\/beynelxalq-banka-xilasedici-destek\/"]}]},{"@type":"ImageObject","inLanguage":"az","@id":"https:\/\/www.meydan.tv\/az\/article\/beynelxalq-banka-xilasedici-destek\/#primaryimage","url":"https:\/\/www.meydan.tv\/wp-content\/uploads\/34539.jpg","contentUrl":"https:\/\/www.meydan.tv\/wp-content\/uploads\/34539.jpg","width":800,"height":533,"caption":"Source:"},{"@type":"BreadcrumbList","@id":"https:\/\/www.meydan.tv\/az\/article\/beynelxalq-banka-xilasedici-destek\/#breadcrumb","itemListElement":[{"@type":"ListItem","position":1,"name":"Ana s\u0259hif\u0259","item":"https:\/\/www.meydan.tv\/az\/"},{"@type":"ListItem","position":2,"name":"Analitika","item":"https:\/\/www.meydan.tv\/az\/section\/analitika\/"},{"@type":"ListItem","position":3,"name":"Beyn\u0259lxalq Banka xilasedici d\u0259st\u0259k"}]},{"@type":"WebSite","@id":"https:\/\/www.meydan.tv\/az\/#website","url":"https:\/\/www.meydan.tv\/az\/","name":"MEYDAN.TV","description":"Meydan TV Az\u0259rbaycan\u0131n media m\u0259kan\u0131ndak\u0131 alternativ s\u0259sidir","publisher":{"@id":"https:\/\/www.meydan.tv\/az\/#organization"},"potentialAction":[{"@type":"SearchAction","target":{"@type":"EntryPoint","urlTemplate":"https:\/\/www.meydan.tv\/az\/?s={search_term_string}"},"query-input":{"@type":"PropertyValueSpecification","valueRequired":true,"valueName":"search_term_string"}}],"inLanguage":"az"},{"@type":"Organization","@id":"https:\/\/www.meydan.tv\/az\/#organization","name":"Meydan TV","url":"https:\/\/www.meydan.tv\/az\/","logo":{"@type":"ImageObject","inLanguage":"az","@id":"https:\/\/www.meydan.tv\/az\/#\/schema\/logo\/image\/","url":"https:\/\/www.meydan.tv\/wp-content\/uploads\/2021\/07\/meydan-logo.svg","contentUrl":"https:\/\/www.meydan.tv\/wp-content\/uploads\/2021\/07\/meydan-logo.svg","width":195,"height":46,"caption":"Meydan TV"},"image":{"@id":"https:\/\/www.meydan.tv\/az\/#\/schema\/logo\/image\/"}},{"@type":"Person","@id":"https:\/\/www.meydan.tv\/az\/#\/schema\/person\/10d11eccf6da3662cf5fdab9806ea91a","name":"user-manager"}]}},"_links":{"self":[{"href":"https:\/\/www.meydan.tv\/az\/wp-json\/wp\/v2\/posts\/185199","targetHints":{"allow":["GET"]}}],"collection":[{"href":"https:\/\/www.meydan.tv\/az\/wp-json\/wp\/v2\/posts"}],"about":[{"href":"https:\/\/www.meydan.tv\/az\/wp-json\/wp\/v2\/types\/post"}],"author":[{"embeddable":true,"href":"https:\/\/www.meydan.tv\/az\/wp-json\/wp\/v2\/users\/11"}],"replies":[{"embeddable":true,"href":"https:\/\/www.meydan.tv\/az\/wp-json\/wp\/v2\/comments?post=185199"}],"version-history":[{"count":0,"href":"https:\/\/www.meydan.tv\/az\/wp-json\/wp\/v2\/posts\/185199\/revisions"}],"wp:featuredmedia":[{"embeddable":true,"href":"https:\/\/www.meydan.tv\/az\/wp-json\/wp\/v2\/media\/87549"}],"wp:attachment":[{"href":"https:\/\/www.meydan.tv\/az\/wp-json\/wp\/v2\/media?parent=185199"}],"wp:term":[{"taxonomy":"category","embeddable":true,"href":"https:\/\/www.meydan.tv\/az\/wp-json\/wp\/v2\/categories?post=185199"},{"taxonomy":"post_tag","embeddable":true,"href":"https:\/\/www.meydan.tv\/az\/wp-json\/wp\/v2\/tags?post=185199"}],"curies":[{"name":"wp","href":"https:\/\/api.w.org\/{rel}","templated":true}]}}