{"id":185189,"date":"2017-06-24T18:28:12","date_gmt":"2017-06-24T18:28:12","guid":{"rendered":"https:\/\/www.meydan.tv\/article\/italianka-mehellesinde\/"},"modified":"2021-10-29T16:19:11","modified_gmt":"2021-10-29T12:19:11","slug":"italianka-mehellesinde","status":"publish","type":"post","link":"https:\/\/www.meydan.tv\/az\/article\/italianka-mehellesinde\/","title":{"rendered":"&#8221;\u0130talianka&#8221; m\u0259h\u0259ll\u0259sind\u0259"},"content":{"rendered":"<figure class=\"wp-block-image size-large\">\n  <img decoding=\"async\" src=\"https:\/\/www.meydan.tv\/az\/87489\/\" alt=\"\" class=\"wp-image-87489\"\/><figcaption><\/figcaption><\/figure>\n<p>\n  83 ya\u015fl\u0131 Tamilla xan\u0131m 57 ildi Bak\u0131n\u0131n \u201c\u0130talianka\u201d adlanan k\u00f6hn\u0259 m\u0259h\u0259ll\u0259l\u0259sind\u0259 ya\u015fay\u0131r. Dediyin\u0259 g\u00f6r\u0259, ya\u015fad\u0131\u011f\u0131 m\u0259h\u0259ll\u0259 1901-ci ild\u0259 sal\u0131n\u0131b. \u00a0\u018fvv\u0259lki qon\u015fular\u0131 daha \u00e7ox ruslar, y\u0259hudil\u0259r v\u0259 erm\u0259nil\u0259r olub. Marqo adl\u0131 r\u0259fiq\u0259si il\u0259 eyni m\u0259h\u0259ll\u0259d\u0259 ya\u015fay\u0131blar.\n<\/p>\n<figure class=\"wp-block-image size-large\">\n  <img decoding=\"async\" src=\"https:\/\/www.meydan.tv\/az\/87492\/\" alt=\"\" class=\"wp-image-87492\"\/><figcaption><\/figcaption><\/figure>\n<p>\n  54 ya\u015fl\u0131 Rahib Ta\u011f\u0131yev 38 ildir \u201c\u0130talianka\u201dda ya\u015fay\u0131r: \u201c\u018fvv\u0259l\u0259r daha \u00e7ox mehriban\u00e7\u0131l\u0131q vard\u0131. H\u0259tta o zamanlar qon\u015fular harasa ged\u0259nd\u0259 bir-birin\u0259 evl\u0259rinin a\u00e7arlar\u0131n\u0131 da etibar ed\u0259rdil\u0259r. Amma indi k\u00f6hn\u0259 qon\u015fular\u0131n h\u0259r\u0259si bir yana gedib, h\u0259tta Bak\u0131dan k\u00f6\u00e7\u00fcbl\u0259r. Bu m\u0259h\u0259ll\u0259d\u0259 \u0259sas\u0259n ruslar v\u0259 erm\u0259nil\u0259r ya\u015fay\u0131rdi. \u0130ndi t\u0259k-t\u00fck rus qon\u015fular\u0131m\u0131z qal\u0131b\u201d.\n<\/p>\n<figure class=\"wp-block-image size-large\">\n  <img decoding=\"async\" src=\"https:\/\/www.meydan.tv\/az\/87495\/\" alt=\"\" class=\"wp-image-87495\"\/><figcaption><\/figcaption><\/figure>\n<p>\n  Bu m\u0259h\u0259ll\u0259l\u0259rd\u0259 ya\u015fayan \u00a0insanlar\u0131 h\u0259mi\u015f\u0259 bir sual narahat edir: G\u00f6r\u0259s\u0259n bizim m\u0259h\u0259ll\u0259ni d\u0259 n\u0259 vaxtsa s\u00f6k\u0259c\u0259kl\u0259r?\n<\/p>\n<figure class=\"wp-block-image size-large\">\n  <img decoding=\"async\" src=\"https:\/\/www.meydan.tv\/az\/87498\/\" alt=\"\" class=\"wp-image-87498\"\/><figcaption><\/figcaption><\/figure>\n<p>\n  \u201cItalianka\u201d m\u0259h\u0259ll\u0259sinin sakini Ruzigar \u018fs\u0259dova deyir ki, ovaxt\u0131 xeyir-\u015f\u0259rimizi d\u0259 el\u0259 bu eyvanda ed\u0259rdik. Qon\u015fulardan kimisi stol, kimisi qab-qacaq, kimisi d\u0259 oturacaqlar g\u0259tir\u0259rdi. O zaman insanlar\u0131n v\u0259 xusus\u0259n d\u0259 \u201cItalianka\u201d m\u0259h\u0259ll\u0259sinin sakinl\u0259rinin bir-birin\u0259 etibar\u0131 \u00e7ox idi.\n<\/p>\n<figure class=\"wp-block-image size-large\">\n  <img decoding=\"async\" src=\"https:\/\/www.meydan.tv\/az\/87501\/\" alt=\"\" class=\"wp-image-87501\"\/><figcaption><\/figcaption><\/figure>\n<p>\n  Ruzigar xan\u0131m deyir ki, yudu\u011fumuz paltarlar b\u0259z\u0259n \u00e7ox oldu\u011fundan h\u0259tta qon\u015funun da ipl\u0259rind\u0259n as\u0131r\u0131q. Ovaxtk\u0131 ad\u0259t-\u0259n\u0259n\u0259 d\u0259 bel\u0259 idi.\n<\/p>\n<figure class=\"wp-block-image size-large\">\n  <img decoding=\"async\" src=\"https:\/\/www.meydan.tv\/az\/87507\/\" alt=\"\" class=\"wp-image-87507\"\/><figcaption><\/figcaption><\/figure>\n<p>\n  K\u00f6hn\u0259 m\u0259h\u0259ll\u0259l\u0259rin \u00f6z\u00fcn\u0259m\u0259xsus tunel\u0259b\u0259nz\u0259r giri\u015fl\u0259ri var. Bu tunell\u0259rin aras\u0131nda bir t\u0259r\u0259fd\u0259 yeni Bak\u0131, dig\u0259r t\u0259r\u0259fd\u0259 is\u0259 Bak\u0131n\u0131n \u201cItalianka\u201d adlanan k\u00f6hn\u0259 m\u0259h\u0259ll\u0259l\u0259ri yerl\u0259\u015fir.\n<\/p>\n<figure class=\"wp-block-image size-large\">\n  <img decoding=\"async\" src=\"https:\/\/www.meydan.tv\/az\/87504\/\" alt=\"\" class=\"wp-image-87504\"\/><figcaption><\/figcaption><\/figure>\n<p>\n  \u201cItalianka\u201d adlanan k\u00f6hn\u0259 m\u0259h\u0259ll\u0259rd\u0259 ya\u015fayan insanlar\u0131 s\u00f6k\u00fcnt\u00fc yox, dostlardan, qon\u015fulardan ayr\u0131 d\u00fc\u015fm\u0259k narahat edir.\n<\/p>\n<figure class=\"wp-block-image size-large\">\n  <img decoding=\"async\" src=\"https:\/\/www.meydan.tv\/az\/87510\/\" alt=\"\" class=\"wp-image-87510\"\/><figcaption><\/figcaption><\/figure>\n<p>\n  \u201cItalianka\u201d m\u0259h\u0259ll\u0259sinin sakini, \u00a062 ya\u015fl\u0131 Rufat Abbasov deyir ki, bir-birini qucaqlayan bu eyvanlarda ya\u015fayanlar \u00e7ox mehriban olublar.\n<\/p>\n<figure class=\"wp-block-image size-large\">\n  <img decoding=\"async\" src=\"https:\/\/www.meydan.tv\/az\/87489\/\" alt=\"\" class=\"wp-image-87489\"\/><figcaption><\/figcaption><\/figure>\n<p>\n  \u201cYa\u015fad\u0131\u011f\u0131m \u201cItalianka\u201d m\u0259h\u0259ll\u0259si 130 il bundan \u00f6nc\u0259 tikilib. 52 ildir bu m\u0259h\u0259ll\u0259nin sakiniy\u0259m. 47 il orta m\u0259kt\u0259bd\u0259 rus dili m\u00fc\u0259llim\u0259si i\u015fl\u0259mi\u015f\u0259m. H\u0259m o vaxtlar, h\u0259m d\u0259 indi asud\u0259 vaxtlar\u0131mda evimin qar\u015f\u0131s\u0131nda kitab oxuma\u011f\u0131 sevir\u0259m. S\u0259s-k\u00fcyl\u00fc Bak\u0131n\u0131n m\u0259rk\u0259zi olsa da, bel\u0259 \u201cItalianka\u201d m\u0259h\u0259ll\u0259l\u0259rinin i\u00e7ind\u0259 bir ba\u015fqa al\u0259m, bir ba\u015fqa sakitlik var\u201d- 71 ya\u015fl\u0131 Nina N\u0259c\u0259fovan\u0131n dedikl\u0259ri.\n<\/p>\n<figure class=\"wp-block-image size-large\">\n  <img decoding=\"async\" src=\"https:\/\/www.meydan.tv\/az\/87519\/\" alt=\"\" class=\"wp-image-87519\"\/><figcaption><\/figcaption><\/figure>\n<p>\n  Bak\u0131 d\u00fcnyada el\u0259 \u015f\u0259h\u0259rl\u0259rd\u0259ndir ki, k\u00f6hn\u0259lik \u00e7at\u0131\u015fmazl\u0131q kimi ba\u015fa d\u00fc\u015f\u00fclm\u00fcr, q\u0259dimliy\u0259, t\u0259biiliy\u0259 b\u0259rab\u0259r tutulur. Eyni zamanda burada ya\u015fayan insanlar da el\u0259 insanlardand\u0131r ki, bu q\u0259dimiliyin, t\u0259biiliyin h\u0259sr\u0259tini h\u0259mi\u015f\u0259 \u00e7\u0259kirl\u0259r\n<\/p>\n<figure class=\"wp-block-image size-large\">\n  <img decoding=\"async\" src=\"https:\/\/www.meydan.tv\/az\/87513\/\" alt=\"\" class=\"wp-image-87513\"\/><figcaption><\/figcaption><\/figure>\n<p>\n  \u201c\u018fsl\u0259n K\u00fcrd\u0259mirliy\u0259m. Bak\u0131da kafed\u0259 xadim\u0259\u00e7\u0131 i\u015fl\u0259yir\u0259m. Kafemizin bir qap\u0131s\u0131 \u015f\u0259h\u0259r\u0259 a\u00e7\u0131l\u0131r, dig\u0259r qap\u0131s\u0131 \u201cItalianka\u201d m\u0259h\u0259ll\u0259sin\u0259. \u00c7ox q\u0259rib\u0259dir, h\u0259r d\u0259f\u0259 bu m\u0259h\u0259ll\u0259 t\u0259r\u0259f\u0259 ke\u00e7\u0259nd\u0259 sanki bir ba\u015fqa al\u0259m\u0259 d\u00fc\u015f\u00fcr\u0259m. \u0130nsan\u0131n ruhu dinc\u0259lir sakit\u00e7\u0131likd\u0259n\u201d- 62 ya\u015fl\u0131 M\u0259lah\u0259t Salmanovan\u0131n dedikl\u0259ri\n<\/p>\n<figure class=\"wp-block-image size-large\">\n  <img decoding=\"async\" src=\"https:\/\/www.meydan.tv\/az\/87516\/\" alt=\"\" class=\"wp-image-87516\"\/><figcaption><\/figcaption><\/figure>\n<p>\n  \u201cItalianka\u201d m\u0259h\u0259ll\u0259l\u0259rinin \u00e7oxunda ki\u00e7ik hovuzlar da vard\u0131r. Bu hovuzlar\u0131 el\u0259 m\u0259h\u0259ll\u0259 sakinl\u0259ri tikibl\u0259r. Dedikl\u0259rin\u0259 g\u00f6r\u0259, yay aylar\u0131nda hovuzun k\u0259nr\u0131na y\u0131\u011f\u0131\u015faraq dinc\u0259lir, bir-birl\u0259ri il\u0259 s\u00f6hb\u0259t ed\u0259rdil\u0259r.\n<\/p>\n<figure class=\"wp-block-image size-large\">\n  <img decoding=\"async\" src=\"https:\/\/www.meydan.tv\/az\/87522\/\" alt=\"\" class=\"wp-image-87522\"\/><figcaption><\/figcaption><\/figure>\n<p>\n  1904 \u2013c\u00fc ild\u0259 tikilmi\u015f pill\u0259kanlar. Sakinl\u0259rin s\u00f6zl\u0259rin\u0259 g\u00f6r\u0259, he\u00e7 bir texnikadan istifad\u0259 olunmay\u0131b. Pill\u0259kan Bahadur Xanlarov t\u0259r\u0259find\u0259n tikilib.\n<\/p>\n<figure class=\"wp-block-image size-large\">\n  <img decoding=\"async\" src=\"https:\/\/www.meydan.tv\/az\/87525\/\" alt=\"\" class=\"wp-image-87525\"\/><figcaption><\/figcaption><\/figure>\n<p>\n  Bu m\u0259h\u0259ll\u0259l\u0259rd\u0259 bir nostaljilik var. Bir anl\u0131q ke\u00e7mi\u015f\u0259 d\u00fc\u015fm\u0259k \u00fc\u00e7\u00fcn h\u00fcnd\u00fcr binalar\u0131n arxas\u0131ndan, ki\u00e7ik darvazalardan ke\u00e7\u0259r\u0259k, Bak\u0131n\u0131n k\u00f6hn\u0259 m\u0259h\u0259ll\u0259l\u0259rin\u0259 girm\u0259k kifay\u0259t edir.\n<\/p>\n<figure class=\"wp-block-image size-large\">\n  <img decoding=\"async\" src=\"https:\/\/www.meydan.tv\/az\/87531\/\" alt=\"\" class=\"wp-image-87531\"\/><figcaption><\/figcaption><\/figure>\n","protected":false},"excerpt":{"rendered":"<p>Dediyin\u0259 g\u00f6r\u0259, ya\u015fad\u0131\u011f\u0131 m\u0259h\u0259ll\u0259 1901-ci ild\u0259 sal\u0131n\u0131b<\/p>\n","protected":false},"author":11,"featured_media":87489,"comment_status":"closed","ping_status":"open","sticky":false,"template":"","format":"standard","meta":{"_acf_changed":false,"_sitemap_exclude":false,"_sitemap_priority":"","_sitemap_frequency":"","footnotes":""},"categories":[58],"tags":[],"class_list":["post-185189","post","type-post","status-publish","format-standard","has-post-thumbnail","hentry","category-fotoreportaj","infinite-scroll-item","generate-columns","tablet-grid-50","mobile-grid-100","grid-parent","grid-33","no-featured-image-padding"],"acf":[],"yoast_head":"<!-- This site is optimized with the Yoast SEO plugin v27.4 - https:\/\/yoast.com\/product\/yoast-seo-wordpress\/ -->\n<title>&#039;&#039;\u0130talianka&#039;&#039; m\u0259h\u0259ll\u0259sind\u0259 - MEYDAN.TV<\/title>\n<meta name=\"robots\" content=\"index, follow, max-snippet:-1, max-image-preview:large, max-video-preview:-1\" \/>\n<link rel=\"canonical\" href=\"https:\/\/www.meydan.tv\/az\/article\/italianka-mehellesinde\/\" \/>\n<meta property=\"og:locale\" content=\"az_AZ\" \/>\n<meta property=\"og:type\" content=\"article\" \/>\n<meta property=\"og:title\" content=\"&#039;&#039;\u0130talianka&#039;&#039; m\u0259h\u0259ll\u0259sind\u0259 - MEYDAN.TV\" \/>\n<meta property=\"og:description\" content=\"Dediyin\u0259 g\u00f6r\u0259, ya\u015fad\u0131\u011f\u0131 m\u0259h\u0259ll\u0259 1901-ci ild\u0259 sal\u0131n\u0131b\" \/>\n<meta property=\"og:url\" content=\"https:\/\/www.meydan.tv\/az\/article\/italianka-mehellesinde\/\" \/>\n<meta property=\"og:site_name\" content=\"MEYDAN.TV\" \/>\n<meta property=\"article:published_time\" content=\"2017-06-24T18:28:12+00:00\" \/>\n<meta property=\"article:modified_time\" content=\"2021-10-29T12:19:11+00:00\" \/>\n<meta property=\"og:image\" content=\"https:\/\/www.meydan.tv\/wp-content\/uploads\/34494.jpg\" \/>\n\t<meta property=\"og:image:width\" content=\"1620\" \/>\n\t<meta property=\"og:image:height\" content=\"1080\" \/>\n\t<meta property=\"og:image:type\" content=\"image\/jpeg\" \/>\n<meta name=\"author\" content=\"user-manager\" \/>\n<meta name=\"twitter:card\" content=\"summary_large_image\" \/>\n<script type=\"application\/ld+json\" class=\"yoast-schema-graph\">{\"@context\":\"https:\\\/\\\/schema.org\",\"@graph\":[{\"@type\":\"Article\",\"@id\":\"https:\\\/\\\/www.meydan.tv\\\/az\\\/article\\\/italianka-mehellesinde\\\/#article\",\"isPartOf\":{\"@id\":\"https:\\\/\\\/www.meydan.tv\\\/az\\\/article\\\/italianka-mehellesinde\\\/\"},\"author\":{\"name\":\"user-manager\",\"@id\":\"https:\\\/\\\/www.meydan.tv\\\/az\\\/#\\\/schema\\\/person\\\/10d11eccf6da3662cf5fdab9806ea91a\"},\"headline\":\"&#8221;\u0130talianka&#8221; m\u0259h\u0259ll\u0259sind\u0259\",\"datePublished\":\"2017-06-24T18:28:12+00:00\",\"dateModified\":\"2021-10-29T12:19:11+00:00\",\"mainEntityOfPage\":{\"@id\":\"https:\\\/\\\/www.meydan.tv\\\/az\\\/article\\\/italianka-mehellesinde\\\/\"},\"wordCount\":706,\"publisher\":{\"@id\":\"https:\\\/\\\/www.meydan.tv\\\/az\\\/#organization\"},\"image\":{\"@id\":\"https:\\\/\\\/www.meydan.tv\\\/az\\\/article\\\/italianka-mehellesinde\\\/#primaryimage\"},\"thumbnailUrl\":\"https:\\\/\\\/www.meydan.tv\\\/wp-content\\\/uploads\\\/34494.jpg\",\"articleSection\":[\"Fotoreportaj\"],\"inLanguage\":\"az\"},{\"@type\":\"WebPage\",\"@id\":\"https:\\\/\\\/www.meydan.tv\\\/az\\\/article\\\/italianka-mehellesinde\\\/\",\"url\":\"https:\\\/\\\/www.meydan.tv\\\/az\\\/article\\\/italianka-mehellesinde\\\/\",\"name\":\"''\u0130talianka'' m\u0259h\u0259ll\u0259sind\u0259 - MEYDAN.TV\",\"isPartOf\":{\"@id\":\"https:\\\/\\\/www.meydan.tv\\\/az\\\/#website\"},\"primaryImageOfPage\":{\"@id\":\"https:\\\/\\\/www.meydan.tv\\\/az\\\/article\\\/italianka-mehellesinde\\\/#primaryimage\"},\"image\":{\"@id\":\"https:\\\/\\\/www.meydan.tv\\\/az\\\/article\\\/italianka-mehellesinde\\\/#primaryimage\"},\"thumbnailUrl\":\"https:\\\/\\\/www.meydan.tv\\\/wp-content\\\/uploads\\\/34494.jpg\",\"datePublished\":\"2017-06-24T18:28:12+00:00\",\"dateModified\":\"2021-10-29T12:19:11+00:00\",\"breadcrumb\":{\"@id\":\"https:\\\/\\\/www.meydan.tv\\\/az\\\/article\\\/italianka-mehellesinde\\\/#breadcrumb\"},\"inLanguage\":\"az\",\"potentialAction\":[{\"@type\":\"ReadAction\",\"target\":[\"https:\\\/\\\/www.meydan.tv\\\/az\\\/article\\\/italianka-mehellesinde\\\/\"]}]},{\"@type\":\"ImageObject\",\"inLanguage\":\"az\",\"@id\":\"https:\\\/\\\/www.meydan.tv\\\/az\\\/article\\\/italianka-mehellesinde\\\/#primaryimage\",\"url\":\"https:\\\/\\\/www.meydan.tv\\\/wp-content\\\/uploads\\\/34494.jpg\",\"contentUrl\":\"https:\\\/\\\/www.meydan.tv\\\/wp-content\\\/uploads\\\/34494.jpg\",\"width\":1620,\"height\":1080,\"caption\":\"Source:\"},{\"@type\":\"BreadcrumbList\",\"@id\":\"https:\\\/\\\/www.meydan.tv\\\/az\\\/article\\\/italianka-mehellesinde\\\/#breadcrumb\",\"itemListElement\":[{\"@type\":\"ListItem\",\"position\":1,\"name\":\"Ana s\u0259hif\u0259\",\"item\":\"https:\\\/\\\/www.meydan.tv\\\/az\\\/\"},{\"@type\":\"ListItem\",\"position\":2,\"name\":\"Fotoreportaj\",\"item\":\"https:\\\/\\\/www.meydan.tv\\\/az\\\/section\\\/fotoreportaj\\\/\"},{\"@type\":\"ListItem\",\"position\":3,\"name\":\"&#8221;\u0130talianka&#8221; m\u0259h\u0259ll\u0259sind\u0259\"}]},{\"@type\":\"WebSite\",\"@id\":\"https:\\\/\\\/www.meydan.tv\\\/az\\\/#website\",\"url\":\"https:\\\/\\\/www.meydan.tv\\\/az\\\/\",\"name\":\"MEYDAN.TV\",\"description\":\"Meydan TV Az\u0259rbaycan\u0131n media m\u0259kan\u0131ndak\u0131 alternativ s\u0259sidir\",\"publisher\":{\"@id\":\"https:\\\/\\\/www.meydan.tv\\\/az\\\/#organization\"},\"potentialAction\":[{\"@type\":\"SearchAction\",\"target\":{\"@type\":\"EntryPoint\",\"urlTemplate\":\"https:\\\/\\\/www.meydan.tv\\\/az\\\/?s={search_term_string}\"},\"query-input\":{\"@type\":\"PropertyValueSpecification\",\"valueRequired\":true,\"valueName\":\"search_term_string\"}}],\"inLanguage\":\"az\"},{\"@type\":\"Organization\",\"@id\":\"https:\\\/\\\/www.meydan.tv\\\/az\\\/#organization\",\"name\":\"Meydan TV\",\"url\":\"https:\\\/\\\/www.meydan.tv\\\/az\\\/\",\"logo\":{\"@type\":\"ImageObject\",\"inLanguage\":\"az\",\"@id\":\"https:\\\/\\\/www.meydan.tv\\\/az\\\/#\\\/schema\\\/logo\\\/image\\\/\",\"url\":\"https:\\\/\\\/www.meydan.tv\\\/wp-content\\\/uploads\\\/2021\\\/07\\\/meydan-logo.svg\",\"contentUrl\":\"https:\\\/\\\/www.meydan.tv\\\/wp-content\\\/uploads\\\/2021\\\/07\\\/meydan-logo.svg\",\"width\":195,\"height\":46,\"caption\":\"Meydan TV\"},\"image\":{\"@id\":\"https:\\\/\\\/www.meydan.tv\\\/az\\\/#\\\/schema\\\/logo\\\/image\\\/\"}},{\"@type\":\"Person\",\"@id\":\"https:\\\/\\\/www.meydan.tv\\\/az\\\/#\\\/schema\\\/person\\\/10d11eccf6da3662cf5fdab9806ea91a\",\"name\":\"user-manager\"}]}<\/script>\n<!-- \/ Yoast SEO plugin. -->","yoast_head_json":{"title":"''\u0130talianka'' m\u0259h\u0259ll\u0259sind\u0259 - MEYDAN.TV","robots":{"index":"index","follow":"follow","max-snippet":"max-snippet:-1","max-image-preview":"max-image-preview:large","max-video-preview":"max-video-preview:-1"},"canonical":"https:\/\/www.meydan.tv\/az\/article\/italianka-mehellesinde\/","og_locale":"az_AZ","og_type":"article","og_title":"''\u0130talianka'' m\u0259h\u0259ll\u0259sind\u0259 - MEYDAN.TV","og_description":"Dediyin\u0259 g\u00f6r\u0259, ya\u015fad\u0131\u011f\u0131 m\u0259h\u0259ll\u0259 1901-ci ild\u0259 sal\u0131n\u0131b","og_url":"https:\/\/www.meydan.tv\/az\/article\/italianka-mehellesinde\/","og_site_name":"MEYDAN.TV","article_published_time":"2017-06-24T18:28:12+00:00","article_modified_time":"2021-10-29T12:19:11+00:00","og_image":[{"width":1620,"height":1080,"url":"https:\/\/www.meydan.tv\/wp-content\/uploads\/34494.jpg","type":"image\/jpeg"}],"author":"user-manager","twitter_card":"summary_large_image","schema":{"@context":"https:\/\/schema.org","@graph":[{"@type":"Article","@id":"https:\/\/www.meydan.tv\/az\/article\/italianka-mehellesinde\/#article","isPartOf":{"@id":"https:\/\/www.meydan.tv\/az\/article\/italianka-mehellesinde\/"},"author":{"name":"user-manager","@id":"https:\/\/www.meydan.tv\/az\/#\/schema\/person\/10d11eccf6da3662cf5fdab9806ea91a"},"headline":"&#8221;\u0130talianka&#8221; m\u0259h\u0259ll\u0259sind\u0259","datePublished":"2017-06-24T18:28:12+00:00","dateModified":"2021-10-29T12:19:11+00:00","mainEntityOfPage":{"@id":"https:\/\/www.meydan.tv\/az\/article\/italianka-mehellesinde\/"},"wordCount":706,"publisher":{"@id":"https:\/\/www.meydan.tv\/az\/#organization"},"image":{"@id":"https:\/\/www.meydan.tv\/az\/article\/italianka-mehellesinde\/#primaryimage"},"thumbnailUrl":"https:\/\/www.meydan.tv\/wp-content\/uploads\/34494.jpg","articleSection":["Fotoreportaj"],"inLanguage":"az"},{"@type":"WebPage","@id":"https:\/\/www.meydan.tv\/az\/article\/italianka-mehellesinde\/","url":"https:\/\/www.meydan.tv\/az\/article\/italianka-mehellesinde\/","name":"''\u0130talianka'' m\u0259h\u0259ll\u0259sind\u0259 - MEYDAN.TV","isPartOf":{"@id":"https:\/\/www.meydan.tv\/az\/#website"},"primaryImageOfPage":{"@id":"https:\/\/www.meydan.tv\/az\/article\/italianka-mehellesinde\/#primaryimage"},"image":{"@id":"https:\/\/www.meydan.tv\/az\/article\/italianka-mehellesinde\/#primaryimage"},"thumbnailUrl":"https:\/\/www.meydan.tv\/wp-content\/uploads\/34494.jpg","datePublished":"2017-06-24T18:28:12+00:00","dateModified":"2021-10-29T12:19:11+00:00","breadcrumb":{"@id":"https:\/\/www.meydan.tv\/az\/article\/italianka-mehellesinde\/#breadcrumb"},"inLanguage":"az","potentialAction":[{"@type":"ReadAction","target":["https:\/\/www.meydan.tv\/az\/article\/italianka-mehellesinde\/"]}]},{"@type":"ImageObject","inLanguage":"az","@id":"https:\/\/www.meydan.tv\/az\/article\/italianka-mehellesinde\/#primaryimage","url":"https:\/\/www.meydan.tv\/wp-content\/uploads\/34494.jpg","contentUrl":"https:\/\/www.meydan.tv\/wp-content\/uploads\/34494.jpg","width":1620,"height":1080,"caption":"Source:"},{"@type":"BreadcrumbList","@id":"https:\/\/www.meydan.tv\/az\/article\/italianka-mehellesinde\/#breadcrumb","itemListElement":[{"@type":"ListItem","position":1,"name":"Ana s\u0259hif\u0259","item":"https:\/\/www.meydan.tv\/az\/"},{"@type":"ListItem","position":2,"name":"Fotoreportaj","item":"https:\/\/www.meydan.tv\/az\/section\/fotoreportaj\/"},{"@type":"ListItem","position":3,"name":"&#8221;\u0130talianka&#8221; m\u0259h\u0259ll\u0259sind\u0259"}]},{"@type":"WebSite","@id":"https:\/\/www.meydan.tv\/az\/#website","url":"https:\/\/www.meydan.tv\/az\/","name":"MEYDAN.TV","description":"Meydan TV Az\u0259rbaycan\u0131n media m\u0259kan\u0131ndak\u0131 alternativ s\u0259sidir","publisher":{"@id":"https:\/\/www.meydan.tv\/az\/#organization"},"potentialAction":[{"@type":"SearchAction","target":{"@type":"EntryPoint","urlTemplate":"https:\/\/www.meydan.tv\/az\/?s={search_term_string}"},"query-input":{"@type":"PropertyValueSpecification","valueRequired":true,"valueName":"search_term_string"}}],"inLanguage":"az"},{"@type":"Organization","@id":"https:\/\/www.meydan.tv\/az\/#organization","name":"Meydan TV","url":"https:\/\/www.meydan.tv\/az\/","logo":{"@type":"ImageObject","inLanguage":"az","@id":"https:\/\/www.meydan.tv\/az\/#\/schema\/logo\/image\/","url":"https:\/\/www.meydan.tv\/wp-content\/uploads\/2021\/07\/meydan-logo.svg","contentUrl":"https:\/\/www.meydan.tv\/wp-content\/uploads\/2021\/07\/meydan-logo.svg","width":195,"height":46,"caption":"Meydan TV"},"image":{"@id":"https:\/\/www.meydan.tv\/az\/#\/schema\/logo\/image\/"}},{"@type":"Person","@id":"https:\/\/www.meydan.tv\/az\/#\/schema\/person\/10d11eccf6da3662cf5fdab9806ea91a","name":"user-manager"}]}},"_links":{"self":[{"href":"https:\/\/www.meydan.tv\/az\/wp-json\/wp\/v2\/posts\/185189","targetHints":{"allow":["GET"]}}],"collection":[{"href":"https:\/\/www.meydan.tv\/az\/wp-json\/wp\/v2\/posts"}],"about":[{"href":"https:\/\/www.meydan.tv\/az\/wp-json\/wp\/v2\/types\/post"}],"author":[{"embeddable":true,"href":"https:\/\/www.meydan.tv\/az\/wp-json\/wp\/v2\/users\/11"}],"replies":[{"embeddable":true,"href":"https:\/\/www.meydan.tv\/az\/wp-json\/wp\/v2\/comments?post=185189"}],"version-history":[{"count":1,"href":"https:\/\/www.meydan.tv\/az\/wp-json\/wp\/v2\/posts\/185189\/revisions"}],"predecessor-version":[{"id":216765,"href":"https:\/\/www.meydan.tv\/az\/wp-json\/wp\/v2\/posts\/185189\/revisions\/216765"}],"wp:featuredmedia":[{"embeddable":true,"href":"https:\/\/www.meydan.tv\/az\/wp-json\/wp\/v2\/media\/87489"}],"wp:attachment":[{"href":"https:\/\/www.meydan.tv\/az\/wp-json\/wp\/v2\/media?parent=185189"}],"wp:term":[{"taxonomy":"category","embeddable":true,"href":"https:\/\/www.meydan.tv\/az\/wp-json\/wp\/v2\/categories?post=185189"},{"taxonomy":"post_tag","embeddable":true,"href":"https:\/\/www.meydan.tv\/az\/wp-json\/wp\/v2\/tags?post=185189"}],"curies":[{"name":"wp","href":"https:\/\/api.w.org\/{rel}","templated":true}]}}