{"id":185141,"date":"2017-06-22T18:36:12","date_gmt":"2017-06-22T18:36:12","guid":{"rendered":"https:\/\/www.meydan.tv\/article\/manat-neden-mohkemlenir\/"},"modified":"2017-06-22T18:36:12","modified_gmt":"2017-06-22T18:36:12","slug":"manat-neden-mohkemlenir","status":"publish","type":"post","link":"https:\/\/www.meydan.tv\/az\/article\/manat-neden-mohkemlenir\/","title":{"rendered":"Manat n\u0259d\u0259n m\u00f6hk\u0259ml\u0259nir?"},"content":{"rendered":"<figure class=\"wp-block-image size-large\">\n  <img decoding=\"async\" src=\"https:\/\/www.meydan.tv\/az\/57875\/\" alt=\"\" class=\"wp-image-57875\"\/><figcaption><\/figcaption><\/figure>\n<p>\n  <i><br \/>\n    &#8221;Milli valyutan\u0131n g\u0259l\u0259c\u0259k taleyi islahatlar\u0131n apar\u0131lmas\u0131 keyfiyy\u0259tind\u0259n as\u0131l\u0131 olacaq&#8221;<br \/>\n  <\/i>\n<\/p>\n<p>\n  Manatdan az yazma\u011f\u0131m milli valyutan\u0131n sabitliyinin t\u0259min olunmas\u0131 anlam\u0131na g\u0259lmir. \u015e\u00fcbh\u0259siz ki, indiki iqtisadi \u015f\u0259rtl\u0259r \u00e7\u0259r\u00e7iv\u0259sind\u0259 manat\u0131n sabitliyi h\u0259l\u0259 uzun m\u00fcdd\u0259t ictimai \u0259h\u0259miyy\u0259t k\u0259sb ed\u0259c\u0259k. Az\u0259rbaycan manat\u0131n\u0131n son sabitliyini t\u0259min ed\u0259n amill\u0259rd\u0259n b\u0259hs ed\u0259c\u0259m.\n<\/p>\n<p>\n  <b><br \/>\n    1.<br \/>\n  <\/b><br \/>\n  \u0130dxal\u0131n azalmas\u0131: Bu ilin ilk 5 ay\u0131nda Az\u0259rbaycana idxal 3,33 milyard dollar olub. Bu da \u00f6t\u0259n ilin eyni d\u00f6vr\u00fcn\u00fcn m\u00fcvafiq g\u00f6st\u0259ricind\u0259n 15 faiz v\u0259 ya 514,5 milyon dollar azd\u0131r.\n<\/p>\n<p>\n  <b><br \/>\n    2.<br \/>\n  <\/b><br \/>\n  \u0130xracat\u0131n artmas\u0131: Bu ilin ilk 5 ay\u0131nda Az\u0259rbaycandan ixrac 4,45 milyard dollar olub ki, bu, \u00f6t\u0259n ilin m\u00fcvafiq g\u00f6st\u0259ricisind\u0259n 45 faiz v\u0259 ya 1,36 milyard dollar \u00e7oxdur.\n<\/p>\n<p>\n  Bel\u0259likl\u0259 d\u0259 \u00f6lk\u0259d\u0259 ilin ilk 5 ay\u0131nda xarici ticar\u0259t d\u00f6vriyy\u0259si 1,63 milyard dollar m\u00fcsb\u0259t saldoya malik olub. Halbuki, \u00f6t\u0259n ilin eyni d\u00f6vr\u00fcnd\u0259 xarici ticar\u0259t balans\u0131nda 242 milyon dollarl\u0131q k\u0259sir var idi. Eyni zamanda, n\u0259z\u0259r almaq laz\u0131md\u0131r ki, \u00f6t\u0259n ill\u0259 m\u00fcqayis\u0259d\u0259 ixracatdan \u0259ld\u0259 edil\u0259n valyuta 1,36 milyard dollar artd\u0131\u011f\u0131 halda, idxala x\u0259rcl\u0259n\u0259n valyuta 514,5 milyon manat azal\u0131b.\n<\/p>\n<p>\n  <b><br \/>\n    3.<br \/>\n  <\/b><br \/>\n  \u0130dxal v\u0259 ixrac olunan m\u0259hsullar\u0131n qiym\u0259t indeksl\u0259ri: 2017-ci ilin aprelind\u0259 idxal olunan m\u0259hsullar\u0131n qiym\u0259tl\u0259ri \u0259vv\u0259lki ayla m\u00fcqayis\u0259d\u0259 2,5 faiz, o c\u00fcml\u0259d\u0259n MDB v\u0259 dig\u0259r \u00f6lk\u0259l\u0259rd\u0259n idxal olunan m\u0259hsullar\u0131n qiym\u0259tl\u0259ri 2,5 faiz bahala\u015f\u0131b. 2017-ci ilin aprelind\u0259 ixrac olunan m\u0259hsullar\u0131n qiym\u0259tl\u0259ri \u0259vv\u0259lki ayla m\u00fcqayis\u0259d\u0259 2,3 faiz, o c\u00fcml\u0259d\u0259n dig\u0259r \u00f6lk\u0259l\u0259r\u0259 ixrac olunan m\u0259hsullar\u0131n qiym\u0259tl\u0259ri 2,5 faiz ucuzla\u015f\u0131b. MDB \u00f6lk\u0259l\u0259rin\u0259 ixrac olunan m\u0259hsullar\u0131n qiym\u0259tl\u0259ri is\u0259 0,2 faiz bahala\u015f\u0131b. X\u00fcsusil\u0259 d\u0259 MDB \u00f6lk\u0259l\u0259rin\u0259 ixrac olunan m\u0259hsullar\u0131n qiym\u0259tinin bahala\u015fmas\u0131 milli valyutan\u0131n m\u0259z\u0259nn\u0259sinin m\u00f6hk\u0259ml\u0259nm\u0259sin\u0259 c\u00fczi d\u0259 olsa m\u00fcsb\u0259t t\u0259sir g\u00f6st\u0259rib.\n<\/p>\n<p>\n  <b><br \/>\n    4.<br \/>\n  <\/b><br \/>\n  Na\u011fds\u0131z \u0259m\u0259liyyatlar\u0131n artmas\u0131: 2017-ci ilin aprelind\u0259n na\u011fd \u0259m\u0259liyyatlara qoyulan m\u0259hdudiyy\u0259tl\u0259r d\u0259 d\u00f6vriyy\u0259d\u0259 olan v\u0259 valyutalar\u0131n al\u0131\u015f\u0131na y\u00f6n\u0259l\u0259n s\u0259rb\u0259st v\u0259sait y\u0131\u011f\u0131mlar\u0131n\u0131n azalmas\u0131na t\u0259sir g\u00f6st\u0259rib. Bu da son n\u0259tic\u0259d\u0259 na\u011fd valyuta al\u0131\u015f\u0131na t\u0259l\u0259bi azald\u0131r.\n<\/p>\n<p>\n  <b><br \/>\n    5.<br \/>\n  <\/b><br \/>\n  Manatla depozitl\u0259r\u0259 g\u00f6r\u0259 faiz d\u0259rc\u0259l\u0259rinin art\u0131r\u0131lmas\u0131: Bu ild\u0259n ba\u015flayaraq manatla \u0259man\u0259tl\u0259rin faiz d\u0259r\u0259cl\u0259rinin xarici valyuta il\u0259 m\u00fcqayis\u0259d\u0259 5 d\u0259f\u0259y\u0259d\u0259k y\u00fcks\u0259k olmas\u0131 xarici valyuta il\u0259 yerl\u0259\u015fdiril\u0259n depozitl\u0259rin geri \u00e7\u0259kil\u0259r\u0259k manatla yerl\u0259\u015fdirilm\u0259sin\u0259 s\u0259b\u0259b olub. N\u0259tic\u0259d\u0259, c\u0259mi \u0259man\u0259tl\u0259rd\u0259 valyuta il\u0259 olan \u0259man\u0259tl\u0259rin pay\u0131 5 faiz azal\u0131b v\u0259 haz\u0131rda b\u00fct\u00fcn \u0259man\u0259tl\u0259rin d\u00f6rd\u0259 \u00fc\u00e7\u00fc valyuta il\u0259dir. Halbuki \u0259vv\u0259ll\u0259r bu g\u00f6st\u0259rici be\u015fd\u0259 d\u00f6rd s\u0259viyy\u0259sind\u0259n d\u0259 yuxar\u0131 idi. Bel\u0259 ki, 2017-ci il may\u0131n 1-n\u0259 \u0259halinin banklardak\u0131 \u0259man\u0259tl\u0259rinin 76,6 faizi xarici, 23,4 faizi is\u0259 milli valyutada qoyulub.\n<\/p>\n<p>\n  <b><br \/>\n    6.<br \/>\n  <\/b><br \/>\n  \u018fhalinin y\u0131\u011f\u0131mlar\u0131n\u0131n azalmas\u0131: \u00d6t\u0259n il inflyasiya s\u0259viyy\u0259sinin y\u00fcks\u0259k olmas\u0131, x\u00fcsusil\u0259 d\u0259 \u0259rzaq mallar\u0131n\u0131n qiym\u0259tinin artmas\u0131, \u0259halinin y\u0131\u011f\u0131mlar\u0131n\u0131n daha \u00e7ox hiss\u0259sinin istehlaka x\u0259rcl\u0259nm\u0259sini \u015f\u0259rtl\u0259ndirdi. Bel\u0259likl\u0259 d\u0259 ail\u0259l\u0259rin bir \u00e7oxunun qazanc\u0131 onlar\u0131n dolan\u0131\u015f\u0131qlar\u0131 \u00fc\u00e7\u00fcn t\u0259l\u0259b olunan istehlak s\u0259b\u0259tinin d\u0259y\u0259rini g\u00fccl\u0259 \u00f6td\u00fcy\u00fcn\u0259 g\u00f6r\u0259 onlar\u0131n v\u0259sait toplamaq v\u0259 valyuta almaq \u00fc\u00e7\u00fcn s\u0259rb\u0259st y\u0131\u011f\u0131mlar etm\u0259k imkanlar\u0131 azal\u0131b. \u018fksin\u0259, h\u0259tta dollarla s\u0259rb\u0259st y\u0131\u011f\u0131mlar\u0131 olanlar onu x\u0259rcl\u0259m\u0259y\u0259r\u0259k manata olan t\u0259l\u0259batlar\u0131n\u0131 \u00f6d\u0259m\u0259kl\u0259 milli valyutan\u0131n m\u0259z\u0259nn\u0259sinin sabitl\u0259\u015fm\u0259sin\u0259 xidm\u0259t edirl\u0259r.\n<\/p>\n<p>\n  <b><br \/>\n    7.<br \/>\n  <\/b><br \/>\n  Psixoloji t\u0259zyiql\u0259rin azalmas\u0131: Qon\u015fu \u00f6lk\u0259l\u0259rd\u0259 Rusiya, T\u00fcrkiy\u0259, \u00c7in, G\u00fcrc\u00fcstan, Ukrayna v\u0259 Qazax\u0131standa milli valyutalar\u0131n m\u0259z\u0259nn\u0259sinin sabitl\u0259\u015fm\u0259si v\u0259 m\u00f6hk\u0259ml\u0259nm\u0259si Az\u0259rbaycan manat\u0131n\u0131n da m\u0259z\u0259nn\u0259sinin sabitl\u0259\u015fm\u0259sin\u0259 m\u00fcsb\u0259t t\u0259sir g\u00f6st\u0259rir.\n<\/p>\n<p>\n  <b><br \/>\n    8.<br \/>\n  <\/b><br \/>\n  M\u00fchafiz\u0259kar monetar v\u0259 m\u0259hdudla\u015fd\u0131r\u0131c\u0131 fiskal siyas\u0259tin h\u0259yata ke\u00e7irilm\u0259si: \u0130\u015fg\u00fczar aktivliyin azalmas\u0131na v\u0259 al\u0131c\u0131l\u0131q qabliyy\u0259tinin a\u015fa\u011f\u0131 d\u00fc\u015fm\u0259sin\u0259 g\u0259tirib \u00e7\u0131xaran buxovlay\u0131c\u0131 monetar siyas\u0259tin d\u00f6vl\u0259t x\u0259rcl\u0259rinin m\u0259hudla\u015fd\u0131r\u0131lmas\u0131 il\u0259 m\u00fc\u015faiy\u0259t olunmas\u0131 d\u00f6vriyy\u0259d\u0259ki manat k\u00fctl\u0259sinin azalmas\u0131na g\u0259tirib \u00e7\u0131xar\u0131r. Bel\u0259 ki, M\u0259rk\u0259zi Bank\u0131n m\u0259lumat\u0131na g\u00f6r\u0259, bu ilin ilk 5 ay\u0131nda d\u00f6vriyy\u0259d\u0259 olan manatla pul bazas\u0131 7,8 milyard t\u0259\u015fkil edib ki, bu da 2017-ci ilin yanvar\u0131na olan g\u00f6st\u0259ricid\u0259n 1,2 milyard manatad\u0259k azd\u0131r.\n<\/p>\n<p>\n  Manat\u0131n m\u00f6hk\u0259ml\u0259nm\u0259sinin lehin\u0259 olan bu faktorlar\u0131n say\u0131n\u0131 bir az da art\u0131rmaq olar, lakin, haz\u0131rda ba\u015fl\u0131ca m\u0259s\u0259l\u0259 onlar\u0131n n\u0259 d\u0259r\u0259c\u0259d\u0259 dayan\u0131ql\u0131 olmas\u0131ndad\u0131r. Bu is\u0259 iqtisadiyyat\u0131n m\u00f6vcud durumundan v\u0259 eyni zamanda islahatlar\u0131n apar\u0131lmas\u0131 keyfiyy\u0259tind\u0259n as\u0131l\u0131 olacaq.<\/p>\n","protected":false},"excerpt":{"rendered":"<p>&#8221;Milli valyutan\u0131n g\u0259l\u0259c\u0259k taleyi islahatlar\u0131n apar\u0131lmas\u0131 keyfiyy\u0259tind\u0259n as\u0131l\u0131 olacaq&#8221;<\/p>\n","protected":false},"author":11,"featured_media":57875,"comment_status":"closed","ping_status":"open","sticky":false,"template":"","format":"standard","meta":{"_acf_changed":false,"_sitemap_exclude":false,"_sitemap_priority":"","_sitemap_frequency":"","footnotes":""},"categories":[51],"tags":[],"class_list":["post-185141","post","type-post","status-publish","format-standard","has-post-thumbnail","hentry","category-analitika","infinite-scroll-item","generate-columns","tablet-grid-50","mobile-grid-100","grid-parent","grid-33","no-featured-image-padding"],"acf":[],"yoast_head":"<!-- This site is optimized with the Yoast SEO plugin v27.4 - https:\/\/yoast.com\/product\/yoast-seo-wordpress\/ -->\n<title>Manat n\u0259d\u0259n m\u00f6hk\u0259ml\u0259nir? - MEYDAN.TV<\/title>\n<meta name=\"robots\" content=\"index, follow, max-snippet:-1, max-image-preview:large, max-video-preview:-1\" \/>\n<link rel=\"canonical\" href=\"https:\/\/www.meydan.tv\/az\/article\/manat-neden-mohkemlenir\/\" \/>\n<meta property=\"og:locale\" content=\"az_AZ\" \/>\n<meta property=\"og:type\" content=\"article\" \/>\n<meta property=\"og:title\" content=\"Manat n\u0259d\u0259n m\u00f6hk\u0259ml\u0259nir? - MEYDAN.TV\" \/>\n<meta property=\"og:description\" content=\"&#039;&#039;Milli valyutan\u0131n g\u0259l\u0259c\u0259k taleyi islahatlar\u0131n apar\u0131lmas\u0131 keyfiyy\u0259tind\u0259n as\u0131l\u0131 olacaq&#039;&#039;\" \/>\n<meta property=\"og:url\" content=\"https:\/\/www.meydan.tv\/az\/article\/manat-neden-mohkemlenir\/\" \/>\n<meta property=\"og:site_name\" content=\"MEYDAN.TV\" \/>\n<meta property=\"article:published_time\" content=\"2017-06-22T18:36:12+00:00\" \/>\n<meta property=\"og:image\" content=\"https:\/\/www.meydan.tv\/wp-content\/uploads\/21927.jpg\" \/>\n\t<meta property=\"og:image:width\" content=\"852\" \/>\n\t<meta property=\"og:image:height\" content=\"479\" \/>\n\t<meta property=\"og:image:type\" content=\"image\/jpeg\" \/>\n<meta name=\"author\" content=\"user-manager\" \/>\n<meta name=\"twitter:card\" content=\"summary_large_image\" \/>\n<script type=\"application\/ld+json\" class=\"yoast-schema-graph\">{\"@context\":\"https:\\\/\\\/schema.org\",\"@graph\":[{\"@type\":\"Article\",\"@id\":\"https:\\\/\\\/www.meydan.tv\\\/az\\\/article\\\/manat-neden-mohkemlenir\\\/#article\",\"isPartOf\":{\"@id\":\"https:\\\/\\\/www.meydan.tv\\\/az\\\/article\\\/manat-neden-mohkemlenir\\\/\"},\"author\":{\"name\":\"user-manager\",\"@id\":\"https:\\\/\\\/www.meydan.tv\\\/az\\\/#\\\/schema\\\/person\\\/10d11eccf6da3662cf5fdab9806ea91a\"},\"headline\":\"Manat n\u0259d\u0259n m\u00f6hk\u0259ml\u0259nir?\",\"datePublished\":\"2017-06-22T18:36:12+00:00\",\"mainEntityOfPage\":{\"@id\":\"https:\\\/\\\/www.meydan.tv\\\/az\\\/article\\\/manat-neden-mohkemlenir\\\/\"},\"wordCount\":951,\"publisher\":{\"@id\":\"https:\\\/\\\/www.meydan.tv\\\/az\\\/#organization\"},\"image\":{\"@id\":\"https:\\\/\\\/www.meydan.tv\\\/az\\\/article\\\/manat-neden-mohkemlenir\\\/#primaryimage\"},\"thumbnailUrl\":\"https:\\\/\\\/www.meydan.tv\\\/wp-content\\\/uploads\\\/21927.jpg\",\"articleSection\":[\"Analitika\"],\"inLanguage\":\"az\"},{\"@type\":\"WebPage\",\"@id\":\"https:\\\/\\\/www.meydan.tv\\\/az\\\/article\\\/manat-neden-mohkemlenir\\\/\",\"url\":\"https:\\\/\\\/www.meydan.tv\\\/az\\\/article\\\/manat-neden-mohkemlenir\\\/\",\"name\":\"Manat n\u0259d\u0259n m\u00f6hk\u0259ml\u0259nir? - MEYDAN.TV\",\"isPartOf\":{\"@id\":\"https:\\\/\\\/www.meydan.tv\\\/az\\\/#website\"},\"primaryImageOfPage\":{\"@id\":\"https:\\\/\\\/www.meydan.tv\\\/az\\\/article\\\/manat-neden-mohkemlenir\\\/#primaryimage\"},\"image\":{\"@id\":\"https:\\\/\\\/www.meydan.tv\\\/az\\\/article\\\/manat-neden-mohkemlenir\\\/#primaryimage\"},\"thumbnailUrl\":\"https:\\\/\\\/www.meydan.tv\\\/wp-content\\\/uploads\\\/21927.jpg\",\"datePublished\":\"2017-06-22T18:36:12+00:00\",\"breadcrumb\":{\"@id\":\"https:\\\/\\\/www.meydan.tv\\\/az\\\/article\\\/manat-neden-mohkemlenir\\\/#breadcrumb\"},\"inLanguage\":\"az\",\"potentialAction\":[{\"@type\":\"ReadAction\",\"target\":[\"https:\\\/\\\/www.meydan.tv\\\/az\\\/article\\\/manat-neden-mohkemlenir\\\/\"]}]},{\"@type\":\"ImageObject\",\"inLanguage\":\"az\",\"@id\":\"https:\\\/\\\/www.meydan.tv\\\/az\\\/article\\\/manat-neden-mohkemlenir\\\/#primaryimage\",\"url\":\"https:\\\/\\\/www.meydan.tv\\\/wp-content\\\/uploads\\\/21927.jpg\",\"contentUrl\":\"https:\\\/\\\/www.meydan.tv\\\/wp-content\\\/uploads\\\/21927.jpg\",\"width\":852,\"height\":479,\"caption\":\"Source:\"},{\"@type\":\"BreadcrumbList\",\"@id\":\"https:\\\/\\\/www.meydan.tv\\\/az\\\/article\\\/manat-neden-mohkemlenir\\\/#breadcrumb\",\"itemListElement\":[{\"@type\":\"ListItem\",\"position\":1,\"name\":\"Ana s\u0259hif\u0259\",\"item\":\"https:\\\/\\\/www.meydan.tv\\\/az\\\/\"},{\"@type\":\"ListItem\",\"position\":2,\"name\":\"Analitika\",\"item\":\"https:\\\/\\\/www.meydan.tv\\\/az\\\/section\\\/analitika\\\/\"},{\"@type\":\"ListItem\",\"position\":3,\"name\":\"Manat n\u0259d\u0259n m\u00f6hk\u0259ml\u0259nir?\"}]},{\"@type\":\"WebSite\",\"@id\":\"https:\\\/\\\/www.meydan.tv\\\/az\\\/#website\",\"url\":\"https:\\\/\\\/www.meydan.tv\\\/az\\\/\",\"name\":\"MEYDAN.TV\",\"description\":\"Meydan TV Az\u0259rbaycan\u0131n media m\u0259kan\u0131ndak\u0131 alternativ s\u0259sidir\",\"publisher\":{\"@id\":\"https:\\\/\\\/www.meydan.tv\\\/az\\\/#organization\"},\"potentialAction\":[{\"@type\":\"SearchAction\",\"target\":{\"@type\":\"EntryPoint\",\"urlTemplate\":\"https:\\\/\\\/www.meydan.tv\\\/az\\\/?s={search_term_string}\"},\"query-input\":{\"@type\":\"PropertyValueSpecification\",\"valueRequired\":true,\"valueName\":\"search_term_string\"}}],\"inLanguage\":\"az\"},{\"@type\":\"Organization\",\"@id\":\"https:\\\/\\\/www.meydan.tv\\\/az\\\/#organization\",\"name\":\"Meydan TV\",\"url\":\"https:\\\/\\\/www.meydan.tv\\\/az\\\/\",\"logo\":{\"@type\":\"ImageObject\",\"inLanguage\":\"az\",\"@id\":\"https:\\\/\\\/www.meydan.tv\\\/az\\\/#\\\/schema\\\/logo\\\/image\\\/\",\"url\":\"https:\\\/\\\/www.meydan.tv\\\/wp-content\\\/uploads\\\/2021\\\/07\\\/meydan-logo.svg\",\"contentUrl\":\"https:\\\/\\\/www.meydan.tv\\\/wp-content\\\/uploads\\\/2021\\\/07\\\/meydan-logo.svg\",\"width\":195,\"height\":46,\"caption\":\"Meydan TV\"},\"image\":{\"@id\":\"https:\\\/\\\/www.meydan.tv\\\/az\\\/#\\\/schema\\\/logo\\\/image\\\/\"}},{\"@type\":\"Person\",\"@id\":\"https:\\\/\\\/www.meydan.tv\\\/az\\\/#\\\/schema\\\/person\\\/10d11eccf6da3662cf5fdab9806ea91a\",\"name\":\"user-manager\"}]}<\/script>\n<!-- \/ Yoast SEO plugin. -->","yoast_head_json":{"title":"Manat n\u0259d\u0259n m\u00f6hk\u0259ml\u0259nir? - MEYDAN.TV","robots":{"index":"index","follow":"follow","max-snippet":"max-snippet:-1","max-image-preview":"max-image-preview:large","max-video-preview":"max-video-preview:-1"},"canonical":"https:\/\/www.meydan.tv\/az\/article\/manat-neden-mohkemlenir\/","og_locale":"az_AZ","og_type":"article","og_title":"Manat n\u0259d\u0259n m\u00f6hk\u0259ml\u0259nir? - MEYDAN.TV","og_description":"''Milli valyutan\u0131n g\u0259l\u0259c\u0259k taleyi islahatlar\u0131n apar\u0131lmas\u0131 keyfiyy\u0259tind\u0259n as\u0131l\u0131 olacaq''","og_url":"https:\/\/www.meydan.tv\/az\/article\/manat-neden-mohkemlenir\/","og_site_name":"MEYDAN.TV","article_published_time":"2017-06-22T18:36:12+00:00","og_image":[{"width":852,"height":479,"url":"https:\/\/www.meydan.tv\/wp-content\/uploads\/21927.jpg","type":"image\/jpeg"}],"author":"user-manager","twitter_card":"summary_large_image","schema":{"@context":"https:\/\/schema.org","@graph":[{"@type":"Article","@id":"https:\/\/www.meydan.tv\/az\/article\/manat-neden-mohkemlenir\/#article","isPartOf":{"@id":"https:\/\/www.meydan.tv\/az\/article\/manat-neden-mohkemlenir\/"},"author":{"name":"user-manager","@id":"https:\/\/www.meydan.tv\/az\/#\/schema\/person\/10d11eccf6da3662cf5fdab9806ea91a"},"headline":"Manat n\u0259d\u0259n m\u00f6hk\u0259ml\u0259nir?","datePublished":"2017-06-22T18:36:12+00:00","mainEntityOfPage":{"@id":"https:\/\/www.meydan.tv\/az\/article\/manat-neden-mohkemlenir\/"},"wordCount":951,"publisher":{"@id":"https:\/\/www.meydan.tv\/az\/#organization"},"image":{"@id":"https:\/\/www.meydan.tv\/az\/article\/manat-neden-mohkemlenir\/#primaryimage"},"thumbnailUrl":"https:\/\/www.meydan.tv\/wp-content\/uploads\/21927.jpg","articleSection":["Analitika"],"inLanguage":"az"},{"@type":"WebPage","@id":"https:\/\/www.meydan.tv\/az\/article\/manat-neden-mohkemlenir\/","url":"https:\/\/www.meydan.tv\/az\/article\/manat-neden-mohkemlenir\/","name":"Manat n\u0259d\u0259n m\u00f6hk\u0259ml\u0259nir? - MEYDAN.TV","isPartOf":{"@id":"https:\/\/www.meydan.tv\/az\/#website"},"primaryImageOfPage":{"@id":"https:\/\/www.meydan.tv\/az\/article\/manat-neden-mohkemlenir\/#primaryimage"},"image":{"@id":"https:\/\/www.meydan.tv\/az\/article\/manat-neden-mohkemlenir\/#primaryimage"},"thumbnailUrl":"https:\/\/www.meydan.tv\/wp-content\/uploads\/21927.jpg","datePublished":"2017-06-22T18:36:12+00:00","breadcrumb":{"@id":"https:\/\/www.meydan.tv\/az\/article\/manat-neden-mohkemlenir\/#breadcrumb"},"inLanguage":"az","potentialAction":[{"@type":"ReadAction","target":["https:\/\/www.meydan.tv\/az\/article\/manat-neden-mohkemlenir\/"]}]},{"@type":"ImageObject","inLanguage":"az","@id":"https:\/\/www.meydan.tv\/az\/article\/manat-neden-mohkemlenir\/#primaryimage","url":"https:\/\/www.meydan.tv\/wp-content\/uploads\/21927.jpg","contentUrl":"https:\/\/www.meydan.tv\/wp-content\/uploads\/21927.jpg","width":852,"height":479,"caption":"Source:"},{"@type":"BreadcrumbList","@id":"https:\/\/www.meydan.tv\/az\/article\/manat-neden-mohkemlenir\/#breadcrumb","itemListElement":[{"@type":"ListItem","position":1,"name":"Ana s\u0259hif\u0259","item":"https:\/\/www.meydan.tv\/az\/"},{"@type":"ListItem","position":2,"name":"Analitika","item":"https:\/\/www.meydan.tv\/az\/section\/analitika\/"},{"@type":"ListItem","position":3,"name":"Manat n\u0259d\u0259n m\u00f6hk\u0259ml\u0259nir?"}]},{"@type":"WebSite","@id":"https:\/\/www.meydan.tv\/az\/#website","url":"https:\/\/www.meydan.tv\/az\/","name":"MEYDAN.TV","description":"Meydan TV Az\u0259rbaycan\u0131n media m\u0259kan\u0131ndak\u0131 alternativ s\u0259sidir","publisher":{"@id":"https:\/\/www.meydan.tv\/az\/#organization"},"potentialAction":[{"@type":"SearchAction","target":{"@type":"EntryPoint","urlTemplate":"https:\/\/www.meydan.tv\/az\/?s={search_term_string}"},"query-input":{"@type":"PropertyValueSpecification","valueRequired":true,"valueName":"search_term_string"}}],"inLanguage":"az"},{"@type":"Organization","@id":"https:\/\/www.meydan.tv\/az\/#organization","name":"Meydan TV","url":"https:\/\/www.meydan.tv\/az\/","logo":{"@type":"ImageObject","inLanguage":"az","@id":"https:\/\/www.meydan.tv\/az\/#\/schema\/logo\/image\/","url":"https:\/\/www.meydan.tv\/wp-content\/uploads\/2021\/07\/meydan-logo.svg","contentUrl":"https:\/\/www.meydan.tv\/wp-content\/uploads\/2021\/07\/meydan-logo.svg","width":195,"height":46,"caption":"Meydan TV"},"image":{"@id":"https:\/\/www.meydan.tv\/az\/#\/schema\/logo\/image\/"}},{"@type":"Person","@id":"https:\/\/www.meydan.tv\/az\/#\/schema\/person\/10d11eccf6da3662cf5fdab9806ea91a","name":"user-manager"}]}},"_links":{"self":[{"href":"https:\/\/www.meydan.tv\/az\/wp-json\/wp\/v2\/posts\/185141","targetHints":{"allow":["GET"]}}],"collection":[{"href":"https:\/\/www.meydan.tv\/az\/wp-json\/wp\/v2\/posts"}],"about":[{"href":"https:\/\/www.meydan.tv\/az\/wp-json\/wp\/v2\/types\/post"}],"author":[{"embeddable":true,"href":"https:\/\/www.meydan.tv\/az\/wp-json\/wp\/v2\/users\/11"}],"replies":[{"embeddable":true,"href":"https:\/\/www.meydan.tv\/az\/wp-json\/wp\/v2\/comments?post=185141"}],"version-history":[{"count":0,"href":"https:\/\/www.meydan.tv\/az\/wp-json\/wp\/v2\/posts\/185141\/revisions"}],"wp:featuredmedia":[{"embeddable":true,"href":"https:\/\/www.meydan.tv\/az\/wp-json\/wp\/v2\/media\/57875"}],"wp:attachment":[{"href":"https:\/\/www.meydan.tv\/az\/wp-json\/wp\/v2\/media?parent=185141"}],"wp:term":[{"taxonomy":"category","embeddable":true,"href":"https:\/\/www.meydan.tv\/az\/wp-json\/wp\/v2\/categories?post=185141"},{"taxonomy":"post_tag","embeddable":true,"href":"https:\/\/www.meydan.tv\/az\/wp-json\/wp\/v2\/tags?post=185141"}],"curies":[{"name":"wp","href":"https:\/\/api.w.org\/{rel}","templated":true}]}}