{"id":185114,"date":"2017-06-22T11:52:58","date_gmt":"2017-06-22T11:52:58","guid":{"rendered":"https:\/\/www.meydan.tv\/article\/jurnalist-kamran-mahmudov-serhedde-saxlanib-yenilenib\/"},"modified":"2017-06-22T11:52:58","modified_gmt":"2017-06-22T11:52:58","slug":"jurnalist-kamran-mahmudov-serhedde-saxlanib-yenilenib","status":"publish","type":"post","link":"https:\/\/www.meydan.tv\/az\/article\/jurnalist-kamran-mahmudov-serhedde-saxlanib-yenilenib\/","title":{"rendered":"Jurnalist Kamran Mahmudov s\u0259rh\u0259dd\u0259 saxlan\u0131b (Yenil\u0259nib)"},"content":{"rendered":"<figure class=\"wp-block-image size-large\">\n  <img decoding=\"async\" src=\"https:\/\/www.meydan.tv\/az\/87227\/\" alt=\"\" class=\"wp-image-87227\"\/><figcaption><\/figcaption><\/figure>\n<p>\n  <b><br \/>\n    <i><br \/>\n      V\u0259kil: &#8221;\u0130lkin olaraq &#8221;Kamran axtar\u0131\u015fdad\u0131r&#8221; &#8211; deyildi&#8221;<br \/>\n    <\/i><br \/>\n  <\/b>\n<\/p>\n<p>\n  \u0130yunun 22-d\u0259 jurnalist Kamran Mahmudov G\u00fcrc\u00fcstana ged\u0259rk\u0259n saxlan\u0131b. Bu bar\u0259d\u0259 Meydan TV-y\u0259 v\u0259kil Cavid Rzazad\u0259 m\u0259lumat verib.\n<\/p>\n<p>\n  \u201cKamran Mahmudovu G\u00fcrc\u00fcstana m\u0259niml\u0259 birlikd\u0259 ged\u0259rk\u0259n s\u0259rh\u0259dd\u0259 saxlay\u0131b Qazax Rayon Polis \u0130dar\u0259sin\u0259 apard\u0131lar. Hardasa saat 4 idi. M\u0259n s\u0259rh\u0259ddi ma\u015f\u0131nla ke\u00e7mi\u015fdim art\u0131q. Z\u0259ng edib saxland\u0131\u011f\u0131n\u0131 dedi, qay\u0131td\u0131m. \u0130lkin olaraq \u201cKamran axtar\u0131\u015fdad\u0131r\u201d &#8211; deyildi\u201d.\n<\/p>\n<p>\n  V\u0259kilin bildirm\u0259sin\u0259 g\u00f6r\u0259, jurnalist m\u00fcv\u0259qq\u0259ti saxlanma kameras\u0131na apar\u0131l\u0131b.\n<\/p>\n<p>\n  \u201cKamran\u0131n \u00fcz\u0259rind\u0259n 127 manat pul, plastik kartlar v\u0259 dig\u0259r \u015f\u0259xsi \u0259\u015fyalar a\u015fkar edilib g\u00f6t\u00fcr\u00fcld\u00fc. \u015e\u0259xsi axtar\u0131\u015f hal \u015fahidl\u0259rinin v\u0259 m\u0259nim v\u0259kil olaraq i\u015ftirak\u0131m olmadan apar\u0131ld\u0131. V\u0259kili oldu\u011fumu bildirs\u0259m d\u0259, m\u0259ni yan\u0131na buraxmad\u0131lar. 9-da yax\u0131nla\u015fd\u0131m, dedil\u0259r &#8220;razvoddur, yar\u0131m saat sonra g\u0259l&#8221;. Yar\u0131m saat sonra yax\u0131nla\u015fd\u0131m. Bu d\u0259f\u0259 d\u0259 &#8220;bu g\u00fcn bizim d\u0259rs g\u00fcn\u00fcm\u00fczd\u00fcr, ona g\u00f6r\u0259 i\u00e7\u0259ri buraxa bilm\u0259y\u0259c\u0259yik&#8221;, &#8211; bildirildi. H\u0259l\u0259 ki g\u00f6zl\u0259yir\u0259m&#8221;.\n<\/p>\n<p>\n  V\u0259kil deyir ki, \u00f6nc\u0259d\u0259n Kamran Mahmudova axtar\u0131\u015fda oldu\u011fu bar\u0259d\u0259 he\u00e7 bir m\u0259lumat verilm\u0259yib.\n<\/p>\n<p>\n  &#8220;Kamran Mahmudov saxlan\u0131b v\u0259 Qazax Rayon Polis \u015e\u00f6b\u0259sin\u0259 g\u0259tirilib. \u0130ndi ara\u015fd\u0131rma gedir&#8221;.\n<\/p>\n<p>\n  Bunu Qazax Rayon Polis \u015e\u00f6b\u0259sind\u0259n Azadl\u0131q Radiosuna bildiribl\u0259r.\n<\/p>\n<p>\n  Polis \u0259m\u0259kda\u015f\u0131 deyib ki, K.Mahmudovun saxlanma s\u0259b\u0259bi \u00f6lk\u0259d\u0259n \u00e7\u0131x\u0131\u015f\u0131na yasaq qoyulmas\u0131 il\u0259 ba\u011fl\u0131d\u0131r:\n<\/p>\n<p>\n  &#8220;Amma biz dey\u0259 bilm\u0259rik ki, bu qada\u011fan\u0131 konkret kim qoyub. Sad\u0259c\u0259 olaraq, \u00e7\u0131x\u0131\u015f yasa\u011f\u0131 oldu\u011fu \u00fc\u00e7\u00fcn saxlan\u0131l\u0131b v\u0259 yax\u0131n saatlarda m\u0259s\u0259l\u0259 tam m\u0259lum olar&#8221;.\n<\/p>\n<p>\n  K.Mahmudov Azadl\u0131qRadiosunun Bak\u0131 ofisi ba\u011flananad\u0259k bu radioyla \u0259m\u0259kda\u015fl\u0131q edib. O, daha sonra \u201cKanal 13\u201d internet televiziyas\u0131nda \u00e7al\u0131\u015f\u0131rd\u0131. Ancaq onun axtar\u0131\u015fda olma s\u0259b\u0259bi, saxlanmas\u0131 bar\u0259d\u0259 r\u0259smi orqanlardan a\u00e7\u0131qlama almaq, h\u0259l\u0259lik, m\u00fcmk\u00fcn olmay\u0131b.\n<\/p>\n<p>\n  \u201cKanal 13\u201d internet televiziyas\u0131n\u0131n Bak\u0131 filial\u0131n\u0131n r\u0259hb\u0259ri v\u0259 icra\u00e7\u0131 direktoru \u018fziz Orucov may\u0131n 2-d\u0259 polisin qanuni t\u0259l\u0259bin\u0259 tabe olmamaq ittiham\u0131 il\u0259 bir ay m\u00fcdd\u0259tin\u0259 inzibati qaydada h\u0259bs edilib. \u0130yunun 2-d\u0259 is\u0259 Ba\u015f Prokurorlu\u011fun A\u011f\u0131r cinay\u0259tl\u0259r\u0259 dair i\u015fl\u0259r \u00fczr\u0259 \u0130stintaq \u0130dar\u0259si inzibati c\u0259zas\u0131n\u0131n ba\u015fa \u00e7atd\u0131\u011f\u0131 g\u00fcn \u018f.Orucova Cinay\u0259t M\u0259c\u0259ll\u0259sinin 192.2.2-ci (b\u00f6y\u00fck g\u0259lir \u0259ld\u0259 etm\u0259kl\u0259 qanunsuz sahibkarl\u0131q) v\u0259 308.2-ci (v\u0259zif\u0259 s\u0259lahiyy\u0259tl\u0259rind\u0259n sui-istifad\u0259, a\u011f\u0131r n\u0259tic\u0259l\u0259r\u0259 s\u0259b\u0259b olduqda) madd\u0259l\u0259ri il\u0259 ittiham ir\u0259li s\u00fcr\u00fcb. N\u0259simi Rayon M\u0259hk\u0259m\u0259sinin q\u0259rar\u0131na g\u00f6r\u0259, \u018f.Orucov bar\u0259sind\u0259 4 ay m\u00fcdd\u0259tin\u0259 h\u0259bs-q\u0259timkan t\u0259dbiri se\u00e7ilib. \u018f.Orucov ittihamlar\u0131 q\u0259bul etmir v\u0259 h\u0259bsinin \u201cKanal 13\u201d internet televiziyas\u0131n\u0131n f\u0259aliyy\u0259ti il\u0259 ba\u011fl\u0131 oldu\u011funu bildirir.\n<\/p>\n<p>\n  \u201cKanal 13\u201d 2008-ci il oktyabr\u0131n 10-dan yay\u0131mlan\u0131rd\u0131. M\u00fcdafi\u0259 t\u0259r\u0259fi bildirir ki, ofisd\u0259 axtar\u0131\u015f zaman\u0131 b\u00fct\u00fcn komp\u00fcterl\u0259r g\u00f6t\u00fcr\u00fcld\u00fcy\u00fcnd\u0259n internet televiziyas\u0131n\u0131n i\u015fin\u0259 mane\u0259 yaran\u0131b.<\/p>\n","protected":false},"excerpt":{"rendered":"<p>V\u0259kil: &#8221;\u0130lkin olaraq &#8221;Kamran axtar\u0131\u015fdad\u0131r&#8221; &#8211; deyildi&#8221;<\/p>\n","protected":false},"author":11,"featured_media":87227,"comment_status":"closed","ping_status":"open","sticky":false,"template":"","format":"standard","meta":{"_acf_changed":false,"_sitemap_exclude":false,"_sitemap_priority":"","_sitemap_frequency":"","footnotes":""},"categories":[56],"tags":[],"class_list":["post-185114","post","type-post","status-publish","format-standard","has-post-thumbnail","hentry","category-xeberler","infinite-scroll-item","generate-columns","tablet-grid-50","mobile-grid-100","grid-parent","grid-33","no-featured-image-padding"],"acf":[],"yoast_head":"<!-- This site is optimized with the Yoast SEO plugin v27.4 - https:\/\/yoast.com\/product\/yoast-seo-wordpress\/ -->\n<title>Jurnalist Kamran Mahmudov s\u0259rh\u0259dd\u0259 saxlan\u0131b (Yenil\u0259nib) - MEYDAN.TV<\/title>\n<meta name=\"robots\" content=\"index, follow, max-snippet:-1, max-image-preview:large, max-video-preview:-1\" \/>\n<link rel=\"canonical\" href=\"https:\/\/www.meydan.tv\/az\/article\/jurnalist-kamran-mahmudov-serhedde-saxlanib-yenilenib\/\" \/>\n<meta property=\"og:locale\" content=\"az_AZ\" \/>\n<meta property=\"og:type\" content=\"article\" \/>\n<meta property=\"og:title\" content=\"Jurnalist Kamran Mahmudov s\u0259rh\u0259dd\u0259 saxlan\u0131b (Yenil\u0259nib) - MEYDAN.TV\" \/>\n<meta property=\"og:description\" content=\"V\u0259kil: &#039;&#039;\u0130lkin olaraq &#039;&#039;Kamran axtar\u0131\u015fdad\u0131r&#039;&#039; - deyildi&#039;&#039;\" \/>\n<meta property=\"og:url\" content=\"https:\/\/www.meydan.tv\/az\/article\/jurnalist-kamran-mahmudov-serhedde-saxlanib-yenilenib\/\" \/>\n<meta property=\"og:site_name\" content=\"MEYDAN.TV\" \/>\n<meta property=\"article:published_time\" content=\"2017-06-22T11:52:58+00:00\" \/>\n<meta property=\"og:image\" content=\"https:\/\/www.meydan.tv\/wp-content\/uploads\/34416.jpg\" \/>\n\t<meta property=\"og:image:width\" content=\"960\" \/>\n\t<meta property=\"og:image:height\" content=\"640\" \/>\n\t<meta property=\"og:image:type\" content=\"image\/jpeg\" \/>\n<meta name=\"author\" content=\"user-manager\" \/>\n<meta name=\"twitter:card\" content=\"summary_large_image\" \/>\n<script type=\"application\/ld+json\" class=\"yoast-schema-graph\">{\"@context\":\"https:\\\/\\\/schema.org\",\"@graph\":[{\"@type\":\"Article\",\"@id\":\"https:\\\/\\\/www.meydan.tv\\\/az\\\/article\\\/jurnalist-kamran-mahmudov-serhedde-saxlanib-yenilenib\\\/#article\",\"isPartOf\":{\"@id\":\"https:\\\/\\\/www.meydan.tv\\\/az\\\/article\\\/jurnalist-kamran-mahmudov-serhedde-saxlanib-yenilenib\\\/\"},\"author\":{\"name\":\"user-manager\",\"@id\":\"https:\\\/\\\/www.meydan.tv\\\/az\\\/#\\\/schema\\\/person\\\/10d11eccf6da3662cf5fdab9806ea91a\"},\"headline\":\"Jurnalist Kamran Mahmudov s\u0259rh\u0259dd\u0259 saxlan\u0131b (Yenil\u0259nib)\",\"datePublished\":\"2017-06-22T11:52:58+00:00\",\"mainEntityOfPage\":{\"@id\":\"https:\\\/\\\/www.meydan.tv\\\/az\\\/article\\\/jurnalist-kamran-mahmudov-serhedde-saxlanib-yenilenib\\\/\"},\"wordCount\":587,\"publisher\":{\"@id\":\"https:\\\/\\\/www.meydan.tv\\\/az\\\/#organization\"},\"image\":{\"@id\":\"https:\\\/\\\/www.meydan.tv\\\/az\\\/article\\\/jurnalist-kamran-mahmudov-serhedde-saxlanib-yenilenib\\\/#primaryimage\"},\"thumbnailUrl\":\"https:\\\/\\\/www.meydan.tv\\\/wp-content\\\/uploads\\\/34416.jpg\",\"articleSection\":[\"X\u0259b\u0259rl\u0259r\"],\"inLanguage\":\"az\"},{\"@type\":\"WebPage\",\"@id\":\"https:\\\/\\\/www.meydan.tv\\\/az\\\/article\\\/jurnalist-kamran-mahmudov-serhedde-saxlanib-yenilenib\\\/\",\"url\":\"https:\\\/\\\/www.meydan.tv\\\/az\\\/article\\\/jurnalist-kamran-mahmudov-serhedde-saxlanib-yenilenib\\\/\",\"name\":\"Jurnalist Kamran Mahmudov s\u0259rh\u0259dd\u0259 saxlan\u0131b (Yenil\u0259nib) - MEYDAN.TV\",\"isPartOf\":{\"@id\":\"https:\\\/\\\/www.meydan.tv\\\/az\\\/#website\"},\"primaryImageOfPage\":{\"@id\":\"https:\\\/\\\/www.meydan.tv\\\/az\\\/article\\\/jurnalist-kamran-mahmudov-serhedde-saxlanib-yenilenib\\\/#primaryimage\"},\"image\":{\"@id\":\"https:\\\/\\\/www.meydan.tv\\\/az\\\/article\\\/jurnalist-kamran-mahmudov-serhedde-saxlanib-yenilenib\\\/#primaryimage\"},\"thumbnailUrl\":\"https:\\\/\\\/www.meydan.tv\\\/wp-content\\\/uploads\\\/34416.jpg\",\"datePublished\":\"2017-06-22T11:52:58+00:00\",\"breadcrumb\":{\"@id\":\"https:\\\/\\\/www.meydan.tv\\\/az\\\/article\\\/jurnalist-kamran-mahmudov-serhedde-saxlanib-yenilenib\\\/#breadcrumb\"},\"inLanguage\":\"az\",\"potentialAction\":[{\"@type\":\"ReadAction\",\"target\":[\"https:\\\/\\\/www.meydan.tv\\\/az\\\/article\\\/jurnalist-kamran-mahmudov-serhedde-saxlanib-yenilenib\\\/\"]}]},{\"@type\":\"ImageObject\",\"inLanguage\":\"az\",\"@id\":\"https:\\\/\\\/www.meydan.tv\\\/az\\\/article\\\/jurnalist-kamran-mahmudov-serhedde-saxlanib-yenilenib\\\/#primaryimage\",\"url\":\"https:\\\/\\\/www.meydan.tv\\\/wp-content\\\/uploads\\\/34416.jpg\",\"contentUrl\":\"https:\\\/\\\/www.meydan.tv\\\/wp-content\\\/uploads\\\/34416.jpg\",\"width\":960,\"height\":640,\"caption\":\"Source:\"},{\"@type\":\"BreadcrumbList\",\"@id\":\"https:\\\/\\\/www.meydan.tv\\\/az\\\/article\\\/jurnalist-kamran-mahmudov-serhedde-saxlanib-yenilenib\\\/#breadcrumb\",\"itemListElement\":[{\"@type\":\"ListItem\",\"position\":1,\"name\":\"Ana s\u0259hif\u0259\",\"item\":\"https:\\\/\\\/www.meydan.tv\\\/az\\\/\"},{\"@type\":\"ListItem\",\"position\":2,\"name\":\"X\u0259b\u0259rl\u0259r\",\"item\":\"https:\\\/\\\/www.meydan.tv\\\/az\\\/section\\\/xeberler\\\/\"},{\"@type\":\"ListItem\",\"position\":3,\"name\":\"Jurnalist Kamran Mahmudov s\u0259rh\u0259dd\u0259 saxlan\u0131b (Yenil\u0259nib)\"}]},{\"@type\":\"WebSite\",\"@id\":\"https:\\\/\\\/www.meydan.tv\\\/az\\\/#website\",\"url\":\"https:\\\/\\\/www.meydan.tv\\\/az\\\/\",\"name\":\"MEYDAN.TV\",\"description\":\"Meydan TV Az\u0259rbaycan\u0131n media m\u0259kan\u0131ndak\u0131 alternativ s\u0259sidir\",\"publisher\":{\"@id\":\"https:\\\/\\\/www.meydan.tv\\\/az\\\/#organization\"},\"potentialAction\":[{\"@type\":\"SearchAction\",\"target\":{\"@type\":\"EntryPoint\",\"urlTemplate\":\"https:\\\/\\\/www.meydan.tv\\\/az\\\/?s={search_term_string}\"},\"query-input\":{\"@type\":\"PropertyValueSpecification\",\"valueRequired\":true,\"valueName\":\"search_term_string\"}}],\"inLanguage\":\"az\"},{\"@type\":\"Organization\",\"@id\":\"https:\\\/\\\/www.meydan.tv\\\/az\\\/#organization\",\"name\":\"Meydan TV\",\"url\":\"https:\\\/\\\/www.meydan.tv\\\/az\\\/\",\"logo\":{\"@type\":\"ImageObject\",\"inLanguage\":\"az\",\"@id\":\"https:\\\/\\\/www.meydan.tv\\\/az\\\/#\\\/schema\\\/logo\\\/image\\\/\",\"url\":\"https:\\\/\\\/www.meydan.tv\\\/wp-content\\\/uploads\\\/2021\\\/07\\\/meydan-logo.svg\",\"contentUrl\":\"https:\\\/\\\/www.meydan.tv\\\/wp-content\\\/uploads\\\/2021\\\/07\\\/meydan-logo.svg\",\"width\":195,\"height\":46,\"caption\":\"Meydan TV\"},\"image\":{\"@id\":\"https:\\\/\\\/www.meydan.tv\\\/az\\\/#\\\/schema\\\/logo\\\/image\\\/\"}},{\"@type\":\"Person\",\"@id\":\"https:\\\/\\\/www.meydan.tv\\\/az\\\/#\\\/schema\\\/person\\\/10d11eccf6da3662cf5fdab9806ea91a\",\"name\":\"user-manager\"}]}<\/script>\n<!-- \/ Yoast SEO plugin. -->","yoast_head_json":{"title":"Jurnalist Kamran Mahmudov s\u0259rh\u0259dd\u0259 saxlan\u0131b (Yenil\u0259nib) - MEYDAN.TV","robots":{"index":"index","follow":"follow","max-snippet":"max-snippet:-1","max-image-preview":"max-image-preview:large","max-video-preview":"max-video-preview:-1"},"canonical":"https:\/\/www.meydan.tv\/az\/article\/jurnalist-kamran-mahmudov-serhedde-saxlanib-yenilenib\/","og_locale":"az_AZ","og_type":"article","og_title":"Jurnalist Kamran Mahmudov s\u0259rh\u0259dd\u0259 saxlan\u0131b (Yenil\u0259nib) - MEYDAN.TV","og_description":"V\u0259kil: ''\u0130lkin olaraq ''Kamran axtar\u0131\u015fdad\u0131r'' - deyildi''","og_url":"https:\/\/www.meydan.tv\/az\/article\/jurnalist-kamran-mahmudov-serhedde-saxlanib-yenilenib\/","og_site_name":"MEYDAN.TV","article_published_time":"2017-06-22T11:52:58+00:00","og_image":[{"width":960,"height":640,"url":"https:\/\/www.meydan.tv\/wp-content\/uploads\/34416.jpg","type":"image\/jpeg"}],"author":"user-manager","twitter_card":"summary_large_image","schema":{"@context":"https:\/\/schema.org","@graph":[{"@type":"Article","@id":"https:\/\/www.meydan.tv\/az\/article\/jurnalist-kamran-mahmudov-serhedde-saxlanib-yenilenib\/#article","isPartOf":{"@id":"https:\/\/www.meydan.tv\/az\/article\/jurnalist-kamran-mahmudov-serhedde-saxlanib-yenilenib\/"},"author":{"name":"user-manager","@id":"https:\/\/www.meydan.tv\/az\/#\/schema\/person\/10d11eccf6da3662cf5fdab9806ea91a"},"headline":"Jurnalist Kamran Mahmudov s\u0259rh\u0259dd\u0259 saxlan\u0131b (Yenil\u0259nib)","datePublished":"2017-06-22T11:52:58+00:00","mainEntityOfPage":{"@id":"https:\/\/www.meydan.tv\/az\/article\/jurnalist-kamran-mahmudov-serhedde-saxlanib-yenilenib\/"},"wordCount":587,"publisher":{"@id":"https:\/\/www.meydan.tv\/az\/#organization"},"image":{"@id":"https:\/\/www.meydan.tv\/az\/article\/jurnalist-kamran-mahmudov-serhedde-saxlanib-yenilenib\/#primaryimage"},"thumbnailUrl":"https:\/\/www.meydan.tv\/wp-content\/uploads\/34416.jpg","articleSection":["X\u0259b\u0259rl\u0259r"],"inLanguage":"az"},{"@type":"WebPage","@id":"https:\/\/www.meydan.tv\/az\/article\/jurnalist-kamran-mahmudov-serhedde-saxlanib-yenilenib\/","url":"https:\/\/www.meydan.tv\/az\/article\/jurnalist-kamran-mahmudov-serhedde-saxlanib-yenilenib\/","name":"Jurnalist Kamran Mahmudov s\u0259rh\u0259dd\u0259 saxlan\u0131b (Yenil\u0259nib) - MEYDAN.TV","isPartOf":{"@id":"https:\/\/www.meydan.tv\/az\/#website"},"primaryImageOfPage":{"@id":"https:\/\/www.meydan.tv\/az\/article\/jurnalist-kamran-mahmudov-serhedde-saxlanib-yenilenib\/#primaryimage"},"image":{"@id":"https:\/\/www.meydan.tv\/az\/article\/jurnalist-kamran-mahmudov-serhedde-saxlanib-yenilenib\/#primaryimage"},"thumbnailUrl":"https:\/\/www.meydan.tv\/wp-content\/uploads\/34416.jpg","datePublished":"2017-06-22T11:52:58+00:00","breadcrumb":{"@id":"https:\/\/www.meydan.tv\/az\/article\/jurnalist-kamran-mahmudov-serhedde-saxlanib-yenilenib\/#breadcrumb"},"inLanguage":"az","potentialAction":[{"@type":"ReadAction","target":["https:\/\/www.meydan.tv\/az\/article\/jurnalist-kamran-mahmudov-serhedde-saxlanib-yenilenib\/"]}]},{"@type":"ImageObject","inLanguage":"az","@id":"https:\/\/www.meydan.tv\/az\/article\/jurnalist-kamran-mahmudov-serhedde-saxlanib-yenilenib\/#primaryimage","url":"https:\/\/www.meydan.tv\/wp-content\/uploads\/34416.jpg","contentUrl":"https:\/\/www.meydan.tv\/wp-content\/uploads\/34416.jpg","width":960,"height":640,"caption":"Source:"},{"@type":"BreadcrumbList","@id":"https:\/\/www.meydan.tv\/az\/article\/jurnalist-kamran-mahmudov-serhedde-saxlanib-yenilenib\/#breadcrumb","itemListElement":[{"@type":"ListItem","position":1,"name":"Ana s\u0259hif\u0259","item":"https:\/\/www.meydan.tv\/az\/"},{"@type":"ListItem","position":2,"name":"X\u0259b\u0259rl\u0259r","item":"https:\/\/www.meydan.tv\/az\/section\/xeberler\/"},{"@type":"ListItem","position":3,"name":"Jurnalist Kamran Mahmudov s\u0259rh\u0259dd\u0259 saxlan\u0131b (Yenil\u0259nib)"}]},{"@type":"WebSite","@id":"https:\/\/www.meydan.tv\/az\/#website","url":"https:\/\/www.meydan.tv\/az\/","name":"MEYDAN.TV","description":"Meydan TV Az\u0259rbaycan\u0131n media m\u0259kan\u0131ndak\u0131 alternativ s\u0259sidir","publisher":{"@id":"https:\/\/www.meydan.tv\/az\/#organization"},"potentialAction":[{"@type":"SearchAction","target":{"@type":"EntryPoint","urlTemplate":"https:\/\/www.meydan.tv\/az\/?s={search_term_string}"},"query-input":{"@type":"PropertyValueSpecification","valueRequired":true,"valueName":"search_term_string"}}],"inLanguage":"az"},{"@type":"Organization","@id":"https:\/\/www.meydan.tv\/az\/#organization","name":"Meydan TV","url":"https:\/\/www.meydan.tv\/az\/","logo":{"@type":"ImageObject","inLanguage":"az","@id":"https:\/\/www.meydan.tv\/az\/#\/schema\/logo\/image\/","url":"https:\/\/www.meydan.tv\/wp-content\/uploads\/2021\/07\/meydan-logo.svg","contentUrl":"https:\/\/www.meydan.tv\/wp-content\/uploads\/2021\/07\/meydan-logo.svg","width":195,"height":46,"caption":"Meydan TV"},"image":{"@id":"https:\/\/www.meydan.tv\/az\/#\/schema\/logo\/image\/"}},{"@type":"Person","@id":"https:\/\/www.meydan.tv\/az\/#\/schema\/person\/10d11eccf6da3662cf5fdab9806ea91a","name":"user-manager"}]}},"_links":{"self":[{"href":"https:\/\/www.meydan.tv\/az\/wp-json\/wp\/v2\/posts\/185114","targetHints":{"allow":["GET"]}}],"collection":[{"href":"https:\/\/www.meydan.tv\/az\/wp-json\/wp\/v2\/posts"}],"about":[{"href":"https:\/\/www.meydan.tv\/az\/wp-json\/wp\/v2\/types\/post"}],"author":[{"embeddable":true,"href":"https:\/\/www.meydan.tv\/az\/wp-json\/wp\/v2\/users\/11"}],"replies":[{"embeddable":true,"href":"https:\/\/www.meydan.tv\/az\/wp-json\/wp\/v2\/comments?post=185114"}],"version-history":[{"count":0,"href":"https:\/\/www.meydan.tv\/az\/wp-json\/wp\/v2\/posts\/185114\/revisions"}],"wp:featuredmedia":[{"embeddable":true,"href":"https:\/\/www.meydan.tv\/az\/wp-json\/wp\/v2\/media\/87227"}],"wp:attachment":[{"href":"https:\/\/www.meydan.tv\/az\/wp-json\/wp\/v2\/media?parent=185114"}],"wp:term":[{"taxonomy":"category","embeddable":true,"href":"https:\/\/www.meydan.tv\/az\/wp-json\/wp\/v2\/categories?post=185114"},{"taxonomy":"post_tag","embeddable":true,"href":"https:\/\/www.meydan.tv\/az\/wp-json\/wp\/v2\/tags?post=185114"}],"curies":[{"name":"wp","href":"https:\/\/api.w.org\/{rel}","templated":true}]}}