{"id":185108,"date":"2017-06-21T21:35:06","date_gmt":"2017-06-21T21:35:06","guid":{"rendered":"https:\/\/www.meydan.tv\/article\/qudret-muellimin-internati-ve-sinifde-qalan-memurlar\/"},"modified":"2017-06-21T21:35:06","modified_gmt":"2017-06-21T21:35:06","slug":"qudret-muellimin-internati-ve-sinifde-qalan-memurlar","status":"publish","type":"post","link":"https:\/\/www.meydan.tv\/az\/article\/qudret-muellimin-internati-ve-sinifde-qalan-memurlar\/","title":{"rendered":"Q\u00fcdr\u0259t m\u00fc\u0259llimin internat\u0131 v\u0259 sinifd\u0259 qalan m\u0259murlar"},"content":{"rendered":"<figure class=\"wp-block-image size-large\">\n  <img decoding=\"async\" src=\"https:\/\/www.meydan.tv\/az\/nazli-agayeva-4\/\" alt=\"Nazl\u0131 A\u011fayeva\" class=\"wp-image-80491\"\/><figcaption>\n    Nazl\u0131 A\u011fayeva<br \/>\n  <\/figcaption><\/figure>\n<p>\n  Bu, yaln\u0131z bir rayona aid h\u0259yat hekay\u0259si deyil, \u00fcmummilli Az\u0259rbaycan\u0131n tarixi d\u0259rsidir&#8230;\n<\/p>\n<p>\n  \u00d6hd\u0259md\u0259 bir tan\u0131\u015f\u0131n Q\u0259b\u0259l\u0259nin ke\u00e7mi\u015f icra ba\u015f\u00e7\u0131s\u0131 \u018flibala M\u0259mm\u0259dova \u00e7atacaq salam\u0131 vard\u0131. Bir ax\u015fam biri T\u00fcrkiy\u0259d\u0259, o biri Bak\u0131da ya\u015fayan iki n\u0259f\u0259r\u0259 s\u00fcrpriz etm\u0259k ist\u0259dim.\n<\/p>\n<p>\n  H\u0259r\u00e7\u0259nd ilk andaca \u201csalam alan\u0131n\u201d s\u00fcrprizd\u0259n m\u0259mnun qalmad\u0131\u011f\u0131n\u0131 duydum. Amma daha i\u015f-i\u015fd\u0259n ke\u00e7mi\u015fdi. Ba\u015f\u00e7\u0131l\u0131q d\u00f6vr\u00fcnd\u0259 adam\u0131n qan\u0131n\u0131 \u00e7ox qaraltsam da, sonradan bir d\u0259f\u0259 \u00fcz-\u00fcz\u0259 g\u0259l\u0259nd\u0259 g\u00f6r\u00fc\u015fm\u00fc\u015fd\u00fck. Onda i\u015far\u0259 vurmu\u015fdu ki, \u201cDey\u0259s\u0259n art\u0131q Q\u0259b\u0259l\u0259d\u0259 h\u0259r \u015fey qaydas\u0131ndad\u0131r, s\u0259sin \u00e7\u0131xm\u0131r daha\u201d.\n<\/p>\n<p>\n  S\u0259sim \u00e7\u0131x\u0131r, siz e\u015fid\u0259 bilmirsiz\u201d- demi\u015fdim.\n<\/p>\n<p>\n  Xo\u015fm\u0259raml\u0131 z\u0259ngimin soyuq qar\u015f\u0131lanma m\u0259qam\u0131nda: \u201cYen\u0259 o i\u015fl\u0259rl\u0259 m\u0259\u015f\u011fulsan?\u201d &#8211; dey\u0259 soru\u015fdu. \u0130st\u0259dim, \u201cyox, sizin kimi dollar i\u015fin\u0259 bax\u0131ram\u201d dey\u0259m, amma yen\u0259 abr\u0131ma q\u0131s\u0131l\u0131b susdum.\n<\/p>\n<p>\n  Onda m\u00fcsahibim m\u00fcxalif q\u0259zetl\u0259rd\u0259n z\u0259hl\u0259si getdiyini v\u0259 onlar\u0131 oxumad\u0131\u011f\u0131n\u0131 bildirdi. \u00c7\u00fcnki bu q\u0259zetl\u0259r yalan\u00e7\u0131, b\u00f6htan\u00e7\u0131, t\u0259xribat\u00e7\u0131 v\u0259 sair\u0259 imi\u015f (oxumadan hardan bilib g\u00f6r\u0259s\u0259n?). \u018fsas\u0259n \u00f6z\u00fcm\u0259 aid olan \u201csa\u011fl\u0131q\u201dlar\u0131 vecim\u0259 almay\u0131b sad\u0259c\u0259 probleml\u0259rd\u0259n yazd\u0131\u011f\u0131m\u0131z\u0131 dedim. M\u0259s\u0259l\u0259n, hava liman\u0131 m\u00fcnasib\u0259til\u0259 itirilmi\u015f y\u00fczl\u0259rl\u0259 hektar m\u00fcnbit torpaqdan ki, onun do\u011fma k\u0259ndinin d\u0259 \u0259kin sah\u0259l\u0259ri ora daxildi. \u00dcst\u0259lik rayon \u0259razisind\u0259 he\u00e7 bir bitki \u00f6rt\u00fcy\u00fcn\u0259 yaramayan o q\u0259d\u0259r da\u015fl\u0131q yerl\u0259r ola-ola&#8230;\n<\/p>\n<p>\n  S\u00f6z\u00fcm\u00fc a\u011fz\u0131mda qoyub adam \u00f6z\u00fcn\u0259 \u0259l qatd\u0131: \u201cBu, d\u00fcnya \u0259h\u0259miyy\u0259tli, analoqsuz hava liman\u0131n\u0131 m\u0259nas\u0131z \u0259kin sah\u0259l\u0259ri b\u0259han\u0259sil\u0259 qaralama\u011fa y\u00f6nl\u0259n\u0259n pax\u0131ll\u0131qd\u0131r. H\u00f6kum\u0259tin simas\u0131nda heyd\u0259rovlara gec\u0259-g\u00fcnd\u00fcz dua etm\u0259kd\u0259ns\u0259, bo\u015f s\u00f6zl\u0259rl\u0259 \u00fcr\u0259k buland\u0131rmaqd\u0131r v\u0259 sair\u0259 \u0259xlaqa zidd(???) h\u0259r\u0259k\u0259tl\u0259rdir&#8230;\u201d\n<\/p>\n<p>\n  N\u0259f\u0259sini d\u0259r\u0259r-d\u0259rm\u0259z qald\u0131\u011f\u0131 yerd\u0259n davam etdi:\n<\/p>\n<p>\n  Q\u00fcdr\u0259ti tan\u0131y\u0131rd\u0131n da, internat\u0131n direktorunu.\n<\/p>\n<p>\n  R\u0259hm\u0259tlik Q\u00fcdr\u0259t m\u00fc\u0259llimi!, dedim.\n<\/p>\n<p>\n  H\u0259, bax sizin o Q\u00fcdr\u0259t m\u00fc\u0259lliminiz dilinin b\u0259las\u0131na d\u00fc\u015fd\u00fc.\n<\/p>\n<p>\n  Q\u00fcdr\u0259t Aslanovu Q\u0259b\u0259l\u0259d\u0259 kim tan\u0131m\u0131rd\u0131 ki? Ad\u0131na v\u0259 soyad\u0131na layiq q\u00fcrurlu, l\u0259yaq\u0259tli \u015f\u0259xsiyy\u0259t idi. C\u0259sar\u0259tli m\u00f6vqeyi, \u0259dal\u0259tli davran\u0131\u015f\u0131, \u0259yilm\u0259zliyi, haqqsev\u0259rliyi, isbatl\u0131 s\u00f6zl\u0259ri, t\u0259bii yumor hissi ona daim \u00e7oxalan b\u00f6y\u00fck n\u00fcfuz qazand\u0131rm\u0131\u015fd\u0131. Uzun ill\u0259r \u201cinternat u\u015faqlar\u0131\u201dn\u0131n a\u011f\u0131r m\u0259suliyy\u0259tini sev\u0259-sev\u0259, vicdanla da\u015f\u0131m\u0131\u015f, \u00e7\u0259tin, mane\u0259l\u0259rl\u0259 dolu bir yol q\u0259t ed\u0259r\u0259k \u201cy\u0131\u011fma\u201d internat\u0131 rayonun \u0259n n\u00fcmun\u0259vi m\u0259kt\u0259bin\u0259 \u00e7evirmi\u015fdi. O \u00fczd\u0259ndi ki, n\u0259 q\u0259d\u0259r pozurlar-pozsunlar 4 sayl\u0131 m\u0259\u015fhur m\u0259kt\u0259bd\u0259n h\u0259l\u0259 d\u0259 Q\u00fcdr\u0259t m\u00fc\u0259llimin d\u0259sti-x\u0259tti silinm\u0259yib.\n<\/p>\n<p>\n  \u0130ni\u015fill\u0259rd\u0259 Q\u0259b\u0259l\u0259nin tunel\u0259 b\u0259nz\u0259r m\u0259\u015fhur \u201cQozlu yol\u201dundan a\u011faclar k\u00fctl\u0259vi k\u0259sil\u0259rk\u0259n \u201cANS\u201d kanal\u0131 ondan bu m\u0259s\u0259l\u0259 il\u0259 ba\u011fl\u0131 m\u00fcsahib\u0259 g\u00f6t\u00fcrm\u00fc\u015fd\u00fc. O zaman Q\u00fcdr\u0259t m\u00fc\u0259llim tarixi k\u00f6kl\u0259ri ikinci y\u00fcz illiyi x\u0131rdalayan t\u0259bi\u0259t abid\u0259sinin \u0259v\u0259zsiz m\u0259n\u0259vi d\u0259y\u0259rl\u0259rind\u0259n dan\u0131\u015f\u0131bm\u0131\u015f. K\u0259silmi\u015f qozlar\u0131n taleyi bar\u0259d\u0259ki suala is\u0259 k\u0259s\u0259c\u0259 cavab verib: \u201cHarda olacaqlar, qoz a\u011faclar\u0131 yuxar\u0131lar\u0131n parketin\u0259 gedibl\u0259r\u201d.\n<\/p>\n<p>\n  H\u0259r\u00e7\u0259nd indiy\u0259 q\u0259d\u0259r o s\u00fcjetin hans\u0131 m\u0259qs\u0259d v\u0259 c\u0259sar\u0259tl\u0259 \u00e7\u0259kildiyini anlaya bilm\u0259dim, \u00e7\u00fcnki n\u0259 ondan \u0259vv\u0259ll\u0259r \u201cq\u0259r\u0259zsiz\u201d kanal \u00f6z\u0259l Q\u0259b\u0259l\u0259y\u0259 g\u0259l\u0259rdi, n\u0259 d\u0259 o vaxtdan sonra \u201cANS\u201d-i buralarda g\u00f6r\u0259n oldu.\n<\/p>\n<p>\n  \u201cAnti pedaqoji\u201d h\u0259r\u0259k\u0259t\u0259 operativ cavab olaraq m\u0259kt\u0259b\u0259 \u201cyoxlama\u201d g\u00f6nd\u0259ril\u0259n g\u00fcn Q\u00fcdr\u0259t m\u00fc\u0259llim \u0259riz\u0259sini verdi. H\u0259m d\u0259 onun he\u00e7 bir halda he\u00e7 bir \u015f\u0259rt\u0259 t\u0259slim olmad\u0131\u011f\u0131n\u0131 yax\u015f\u0131 bil\u0259n ham\u0131n\u0131 heyr\u0259td\u0259 qoyaraq. Kollektivd\u0259 h\u0259r k\u0259s bu istefaya qar\u015f\u0131 \u00e7\u0131xanda Q\u00fcdr\u0259t m\u00fc\u0259llim onlardan verdiyi q\u0259rara say\u011f\u0131 g\u00f6st\u0259rm\u0259l\u0259rini ist\u0259di. Etiraz y\u00fcr\u00fc\u015f\u00fcn\u0259 haz\u0131rla\u015fan \u015fagirdl\u0259ri bu add\u0131mdan da\u015f\u0131nd\u0131rd\u0131:\n<\/p>\n<p>\n  \u201cSizin yeriniz sinifl\u0259rinizdir, k\u00fc\u00e7\u0259l\u0259r yox!\u201d.\n<\/p>\n<p>\n  Bir s\u00f6zl\u0259, kims\u0259ni bu m\u0259s\u0259l\u0259y\u0259 qar\u0131\u015fd\u0131rmadan \u00fcst\u00fcn\u0259 g\u0259l\u0259n qondarma ittihamlar\u0131 t\u0259k qar\u015f\u0131lad\u0131.\n<\/p>\n<p>\n  Bir d\u0259f\u0259 rastla\u015fanda Q\u00fcdr\u0259t m\u00fc\u0259llim\u0259 \u015fagirdl\u0259ri haql\u0131 ik\u0259n susdurmas\u0131na incikiliyimi \u00e7atd\u0131rd\u0131m:\n<\/p>\n<p>\n  \u2013 Ax\u0131, bu u\u015faqlar sizin siman\u0131zda haqq\u0131 qorumaq ist\u0259yirdil\u0259r. H\u0259m d\u0259 sizd\u0259n daim bunu \u00f6yr\u0259ndikl\u0259ri \u00fc\u00e7\u00fcn.\n<\/p>\n<p>\n  \u2013 M\u0259n d\u0259 onlar\u0131 qorumaq ist\u0259dim, &#8211; dedi, \u2013 U\u015faqlar\u0131n aksiyas\u0131 he\u00e7 bir n\u0259tic\u0259 verm\u0259y\u0259c\u0259kdi, bunu biz bilirik. Amma onlar bilmirl\u0259r. \u018fn az\u0131ndan bir m\u00fcdd\u0259t bilm\u0259y\u0259c\u0259kl\u0259r. Qoy \u0259dal\u0259t\u0259, haqqa olan inamlar\u0131n\u0131 itirm\u0259sinl\u0259r. He\u00e7 olmasa, h\u0259l\u0259lik itirm\u0259sinl\u0259r.\n<\/p>\n<p>\n  \u00c7\u00fcnki&#8230; \u201c\u00c7\u00fcnki\u201dsini Q\u00fcdr\u0259t m\u00fc\u0259llimin qoruma\u011fa \u00e7al\u0131\u015fd\u0131\u011f\u0131 h\u0259min fidanlar zaman ke\u00e7dikc\u0259 anlayacaqlar v\u0259 onun ruhunu bir daha h\u00f6rm\u0259t v\u0259 ehtiramla yad ed\u0259c\u0259kl\u0259r.\n<\/p>\n<p>\n  Qald\u0131 ki, \u00f6z\u00fcn\u00fc m\u00f6vcud iqtidar\u0131n t\u0259\u0259ss\u00fcbke\u015fi kimi g\u00f6st\u0259rm\u0259y\u0259 \u00e7al\u0131\u015fan sabiq ba\u015f\u00e7\u0131ya:\n<\/p>\n<p>\n  \u2013 Ba\u015f al\u0131b ged\u0259n zorak\u0131l\u0131qlara baxmayaraq, \u00f6lk\u0259d\u0259 s\u0131nmayan Q\u00fcdr\u0259t m\u00fc\u0259lliml\u0259rin layiqli varisl\u0259ri v\u0259 onlar\u0131 t\u0259m\u0259nnas\u0131z sevib d\u0259y\u0259rl\u0259ndir\u0259n y\u00fczl\u0259rl\u0259 sad\u0259 insan var&#8230; \u018fliniz\u0259 havay\u0131 ke\u00e7\u0259n s\u0259rv\u0259t\u0259 g\u00f6r\u0259 b\u00fctl\u0259\u015fdirdiyiniz adamlar hakimiyy\u0259ti itirs\u0259l\u0259r, \u0259traflar\u0131nda ne\u00e7\u0259 n\u0259f\u0259r qalacaq? B\u0259s siz yen\u0259d\u0259mi onlar\u0131n yan\u0131nda olacaqs\u0131n\u0131z? Q\u00fcdr\u0259t m\u00fc\u0259llimd\u0259n sitat g\u0259tir\u0259r\u0259k m\u0259n\u0259 i\u00e7inizd\u0259ki miskin q\u0259z\u0259bi p\u00fcsk\u00fcrd\u00fcn\u00fcz. \u00dcst\u0259lik heyd\u0259rovlara m\u0259h\u0259bb\u0259tiniz m\u0259n\u0259 s\u0259mimi g\u0259lm\u0259di. H\u0259tta bu tip yaz\u0131lar\u0131mla onlara qar\u015f\u0131 m\u0259n sizd\u0259n daha d\u00fcr\u00fcst\u0259m.\n<\/p>\n<p>\n  Bilir\u0259m, uydurdu\u011funuz saxta mifin z\u0259rr\u0259si olaraq guya bizi he\u00e7\u0259 say\u0131rs\u0131n\u0131z. Amma \u00f6z aram\u0131zd\u0131r, h\u0259l\u0259 T\u0259hsil \u015e\u00f6b\u0259sinin \u00e7oxillik m\u00fcdiri v\u0259 b\u00fct\u00f6v Q\u0259b\u0259l\u0259nin ba\u015f\u00e7\u0131s\u0131 oldu\u011funuz zamanlarda siz Q\u00fcdr\u0259t Aslanovdan g\u00fccl\u00fc deyildiniz. H\u0259tta indi, Q\u00fcdr\u0259t m\u00fc\u0259llim h\u0259yatda olmayanda bel\u0259 yen\u0259 sizd\u0259n g\u00fccl\u00fcd\u00fcr, \u018flibala M\u0259mm\u0259dov&#8230;<\/p>\n","protected":false},"excerpt":{"rendered":"<p>Bu, yaln\u0131z bir rayona aid h\u0259yat hekay\u0259si deyil, \u00fcmummilli Az\u0259rbaycan\u0131n tarixi d\u0259rsidir&#8230;<\/p>\n","protected":false},"author":11,"featured_media":80491,"comment_status":"closed","ping_status":"open","sticky":false,"template":"","format":"standard","meta":{"_acf_changed":false,"_sitemap_exclude":false,"_sitemap_priority":"","_sitemap_frequency":"","footnotes":""},"categories":[57],"tags":[],"class_list":["post-185108","post","type-post","status-publish","format-standard","has-post-thumbnail","hentry","category-menim-fikrimce","infinite-scroll-item","generate-columns","tablet-grid-50","mobile-grid-100","grid-parent","grid-33","no-featured-image-padding"],"acf":[],"yoast_head":"<!-- This site is optimized with the Yoast SEO plugin v27.5 - https:\/\/yoast.com\/product\/yoast-seo-wordpress\/ -->\n<title>Q\u00fcdr\u0259t m\u00fc\u0259llimin internat\u0131 v\u0259 sinifd\u0259 qalan m\u0259murlar - MEYDAN.TV<\/title>\n<meta name=\"robots\" content=\"index, follow, max-snippet:-1, max-image-preview:large, max-video-preview:-1\" \/>\n<link rel=\"canonical\" href=\"https:\/\/www.meydan.tv\/az\/article\/qudret-muellimin-internati-ve-sinifde-qalan-memurlar\/\" \/>\n<meta property=\"og:locale\" content=\"az_AZ\" \/>\n<meta property=\"og:type\" content=\"article\" \/>\n<meta property=\"og:title\" content=\"Q\u00fcdr\u0259t m\u00fc\u0259llimin internat\u0131 v\u0259 sinifd\u0259 qalan m\u0259murlar - MEYDAN.TV\" \/>\n<meta property=\"og:description\" content=\"Bu, yaln\u0131z bir rayona aid h\u0259yat hekay\u0259si deyil, \u00fcmummilli Az\u0259rbaycan\u0131n tarixi d\u0259rsidir...\" \/>\n<meta property=\"og:url\" content=\"https:\/\/www.meydan.tv\/az\/article\/qudret-muellimin-internati-ve-sinifde-qalan-memurlar\/\" \/>\n<meta property=\"og:site_name\" content=\"MEYDAN.TV\" \/>\n<meta property=\"article:published_time\" content=\"2017-06-21T21:35:06+00:00\" \/>\n<meta property=\"og:image\" content=\"https:\/\/www.meydan.tv\/wp-content\/uploads\/31405.jpg\" \/>\n\t<meta property=\"og:image:width\" content=\"1334\" \/>\n\t<meta property=\"og:image:height\" content=\"998\" \/>\n\t<meta property=\"og:image:type\" content=\"image\/jpeg\" \/>\n<meta name=\"author\" content=\"user-manager\" \/>\n<meta name=\"twitter:card\" content=\"summary_large_image\" \/>\n<script type=\"application\/ld+json\" class=\"yoast-schema-graph\">{\"@context\":\"https:\\\/\\\/schema.org\",\"@graph\":[{\"@type\":\"Article\",\"@id\":\"https:\\\/\\\/www.meydan.tv\\\/az\\\/article\\\/qudret-muellimin-internati-ve-sinifde-qalan-memurlar\\\/#article\",\"isPartOf\":{\"@id\":\"https:\\\/\\\/www.meydan.tv\\\/az\\\/article\\\/qudret-muellimin-internati-ve-sinifde-qalan-memurlar\\\/\"},\"author\":{\"name\":\"user-manager\",\"@id\":\"https:\\\/\\\/www.meydan.tv\\\/az\\\/#\\\/schema\\\/person\\\/10d11eccf6da3662cf5fdab9806ea91a\"},\"headline\":\"Q\u00fcdr\u0259t m\u00fc\u0259llimin internat\u0131 v\u0259 sinifd\u0259 qalan m\u0259murlar\",\"datePublished\":\"2017-06-21T21:35:06+00:00\",\"mainEntityOfPage\":{\"@id\":\"https:\\\/\\\/www.meydan.tv\\\/az\\\/article\\\/qudret-muellimin-internati-ve-sinifde-qalan-memurlar\\\/\"},\"wordCount\":1217,\"publisher\":{\"@id\":\"https:\\\/\\\/www.meydan.tv\\\/az\\\/#organization\"},\"image\":{\"@id\":\"https:\\\/\\\/www.meydan.tv\\\/az\\\/article\\\/qudret-muellimin-internati-ve-sinifde-qalan-memurlar\\\/#primaryimage\"},\"thumbnailUrl\":\"https:\\\/\\\/www.meydan.tv\\\/wp-content\\\/uploads\\\/31405.jpg\",\"articleSection\":[\"M\u0259nim Fikrimc\u0259\"],\"inLanguage\":\"az\"},{\"@type\":\"WebPage\",\"@id\":\"https:\\\/\\\/www.meydan.tv\\\/az\\\/article\\\/qudret-muellimin-internati-ve-sinifde-qalan-memurlar\\\/\",\"url\":\"https:\\\/\\\/www.meydan.tv\\\/az\\\/article\\\/qudret-muellimin-internati-ve-sinifde-qalan-memurlar\\\/\",\"name\":\"Q\u00fcdr\u0259t m\u00fc\u0259llimin internat\u0131 v\u0259 sinifd\u0259 qalan m\u0259murlar - MEYDAN.TV\",\"isPartOf\":{\"@id\":\"https:\\\/\\\/www.meydan.tv\\\/az\\\/#website\"},\"primaryImageOfPage\":{\"@id\":\"https:\\\/\\\/www.meydan.tv\\\/az\\\/article\\\/qudret-muellimin-internati-ve-sinifde-qalan-memurlar\\\/#primaryimage\"},\"image\":{\"@id\":\"https:\\\/\\\/www.meydan.tv\\\/az\\\/article\\\/qudret-muellimin-internati-ve-sinifde-qalan-memurlar\\\/#primaryimage\"},\"thumbnailUrl\":\"https:\\\/\\\/www.meydan.tv\\\/wp-content\\\/uploads\\\/31405.jpg\",\"datePublished\":\"2017-06-21T21:35:06+00:00\",\"breadcrumb\":{\"@id\":\"https:\\\/\\\/www.meydan.tv\\\/az\\\/article\\\/qudret-muellimin-internati-ve-sinifde-qalan-memurlar\\\/#breadcrumb\"},\"inLanguage\":\"az\",\"potentialAction\":[{\"@type\":\"ReadAction\",\"target\":[\"https:\\\/\\\/www.meydan.tv\\\/az\\\/article\\\/qudret-muellimin-internati-ve-sinifde-qalan-memurlar\\\/\"]}]},{\"@type\":\"ImageObject\",\"inLanguage\":\"az\",\"@id\":\"https:\\\/\\\/www.meydan.tv\\\/az\\\/article\\\/qudret-muellimin-internati-ve-sinifde-qalan-memurlar\\\/#primaryimage\",\"url\":\"https:\\\/\\\/www.meydan.tv\\\/wp-content\\\/uploads\\\/31405.jpg\",\"contentUrl\":\"https:\\\/\\\/www.meydan.tv\\\/wp-content\\\/uploads\\\/31405.jpg\",\"width\":1334,\"height\":998,\"caption\":\"Source:\"},{\"@type\":\"BreadcrumbList\",\"@id\":\"https:\\\/\\\/www.meydan.tv\\\/az\\\/article\\\/qudret-muellimin-internati-ve-sinifde-qalan-memurlar\\\/#breadcrumb\",\"itemListElement\":[{\"@type\":\"ListItem\",\"position\":1,\"name\":\"Ana s\u0259hif\u0259\",\"item\":\"https:\\\/\\\/www.meydan.tv\\\/az\\\/\"},{\"@type\":\"ListItem\",\"position\":2,\"name\":\"M\u0259nim Fikrimc\u0259\",\"item\":\"https:\\\/\\\/www.meydan.tv\\\/az\\\/section\\\/menim-fikrimce\\\/\"},{\"@type\":\"ListItem\",\"position\":3,\"name\":\"Q\u00fcdr\u0259t m\u00fc\u0259llimin internat\u0131 v\u0259 sinifd\u0259 qalan m\u0259murlar\"}]},{\"@type\":\"WebSite\",\"@id\":\"https:\\\/\\\/www.meydan.tv\\\/az\\\/#website\",\"url\":\"https:\\\/\\\/www.meydan.tv\\\/az\\\/\",\"name\":\"MEYDAN.TV\",\"description\":\"Meydan TV Az\u0259rbaycan\u0131n media m\u0259kan\u0131ndak\u0131 alternativ s\u0259sidir\",\"publisher\":{\"@id\":\"https:\\\/\\\/www.meydan.tv\\\/az\\\/#organization\"},\"potentialAction\":[{\"@type\":\"SearchAction\",\"target\":{\"@type\":\"EntryPoint\",\"urlTemplate\":\"https:\\\/\\\/www.meydan.tv\\\/az\\\/?s={search_term_string}\"},\"query-input\":{\"@type\":\"PropertyValueSpecification\",\"valueRequired\":true,\"valueName\":\"search_term_string\"}}],\"inLanguage\":\"az\"},{\"@type\":\"Organization\",\"@id\":\"https:\\\/\\\/www.meydan.tv\\\/az\\\/#organization\",\"name\":\"Meydan TV\",\"url\":\"https:\\\/\\\/www.meydan.tv\\\/az\\\/\",\"logo\":{\"@type\":\"ImageObject\",\"inLanguage\":\"az\",\"@id\":\"https:\\\/\\\/www.meydan.tv\\\/az\\\/#\\\/schema\\\/logo\\\/image\\\/\",\"url\":\"https:\\\/\\\/www.meydan.tv\\\/wp-content\\\/uploads\\\/2021\\\/07\\\/meydan-logo.svg\",\"contentUrl\":\"https:\\\/\\\/www.meydan.tv\\\/wp-content\\\/uploads\\\/2021\\\/07\\\/meydan-logo.svg\",\"width\":195,\"height\":46,\"caption\":\"Meydan TV\"},\"image\":{\"@id\":\"https:\\\/\\\/www.meydan.tv\\\/az\\\/#\\\/schema\\\/logo\\\/image\\\/\"}},{\"@type\":\"Person\",\"@id\":\"https:\\\/\\\/www.meydan.tv\\\/az\\\/#\\\/schema\\\/person\\\/10d11eccf6da3662cf5fdab9806ea91a\",\"name\":\"user-manager\"}]}<\/script>\n<!-- \/ Yoast SEO plugin. -->","yoast_head_json":{"title":"Q\u00fcdr\u0259t m\u00fc\u0259llimin internat\u0131 v\u0259 sinifd\u0259 qalan m\u0259murlar - MEYDAN.TV","robots":{"index":"index","follow":"follow","max-snippet":"max-snippet:-1","max-image-preview":"max-image-preview:large","max-video-preview":"max-video-preview:-1"},"canonical":"https:\/\/www.meydan.tv\/az\/article\/qudret-muellimin-internati-ve-sinifde-qalan-memurlar\/","og_locale":"az_AZ","og_type":"article","og_title":"Q\u00fcdr\u0259t m\u00fc\u0259llimin internat\u0131 v\u0259 sinifd\u0259 qalan m\u0259murlar - MEYDAN.TV","og_description":"Bu, yaln\u0131z bir rayona aid h\u0259yat hekay\u0259si deyil, \u00fcmummilli Az\u0259rbaycan\u0131n tarixi d\u0259rsidir...","og_url":"https:\/\/www.meydan.tv\/az\/article\/qudret-muellimin-internati-ve-sinifde-qalan-memurlar\/","og_site_name":"MEYDAN.TV","article_published_time":"2017-06-21T21:35:06+00:00","og_image":[{"width":1334,"height":998,"url":"https:\/\/www.meydan.tv\/wp-content\/uploads\/31405.jpg","type":"image\/jpeg"}],"author":"user-manager","twitter_card":"summary_large_image","schema":{"@context":"https:\/\/schema.org","@graph":[{"@type":"Article","@id":"https:\/\/www.meydan.tv\/az\/article\/qudret-muellimin-internati-ve-sinifde-qalan-memurlar\/#article","isPartOf":{"@id":"https:\/\/www.meydan.tv\/az\/article\/qudret-muellimin-internati-ve-sinifde-qalan-memurlar\/"},"author":{"name":"user-manager","@id":"https:\/\/www.meydan.tv\/az\/#\/schema\/person\/10d11eccf6da3662cf5fdab9806ea91a"},"headline":"Q\u00fcdr\u0259t m\u00fc\u0259llimin internat\u0131 v\u0259 sinifd\u0259 qalan m\u0259murlar","datePublished":"2017-06-21T21:35:06+00:00","mainEntityOfPage":{"@id":"https:\/\/www.meydan.tv\/az\/article\/qudret-muellimin-internati-ve-sinifde-qalan-memurlar\/"},"wordCount":1217,"publisher":{"@id":"https:\/\/www.meydan.tv\/az\/#organization"},"image":{"@id":"https:\/\/www.meydan.tv\/az\/article\/qudret-muellimin-internati-ve-sinifde-qalan-memurlar\/#primaryimage"},"thumbnailUrl":"https:\/\/www.meydan.tv\/wp-content\/uploads\/31405.jpg","articleSection":["M\u0259nim Fikrimc\u0259"],"inLanguage":"az"},{"@type":"WebPage","@id":"https:\/\/www.meydan.tv\/az\/article\/qudret-muellimin-internati-ve-sinifde-qalan-memurlar\/","url":"https:\/\/www.meydan.tv\/az\/article\/qudret-muellimin-internati-ve-sinifde-qalan-memurlar\/","name":"Q\u00fcdr\u0259t m\u00fc\u0259llimin internat\u0131 v\u0259 sinifd\u0259 qalan m\u0259murlar - MEYDAN.TV","isPartOf":{"@id":"https:\/\/www.meydan.tv\/az\/#website"},"primaryImageOfPage":{"@id":"https:\/\/www.meydan.tv\/az\/article\/qudret-muellimin-internati-ve-sinifde-qalan-memurlar\/#primaryimage"},"image":{"@id":"https:\/\/www.meydan.tv\/az\/article\/qudret-muellimin-internati-ve-sinifde-qalan-memurlar\/#primaryimage"},"thumbnailUrl":"https:\/\/www.meydan.tv\/wp-content\/uploads\/31405.jpg","datePublished":"2017-06-21T21:35:06+00:00","breadcrumb":{"@id":"https:\/\/www.meydan.tv\/az\/article\/qudret-muellimin-internati-ve-sinifde-qalan-memurlar\/#breadcrumb"},"inLanguage":"az","potentialAction":[{"@type":"ReadAction","target":["https:\/\/www.meydan.tv\/az\/article\/qudret-muellimin-internati-ve-sinifde-qalan-memurlar\/"]}]},{"@type":"ImageObject","inLanguage":"az","@id":"https:\/\/www.meydan.tv\/az\/article\/qudret-muellimin-internati-ve-sinifde-qalan-memurlar\/#primaryimage","url":"https:\/\/www.meydan.tv\/wp-content\/uploads\/31405.jpg","contentUrl":"https:\/\/www.meydan.tv\/wp-content\/uploads\/31405.jpg","width":1334,"height":998,"caption":"Source:"},{"@type":"BreadcrumbList","@id":"https:\/\/www.meydan.tv\/az\/article\/qudret-muellimin-internati-ve-sinifde-qalan-memurlar\/#breadcrumb","itemListElement":[{"@type":"ListItem","position":1,"name":"Ana s\u0259hif\u0259","item":"https:\/\/www.meydan.tv\/az\/"},{"@type":"ListItem","position":2,"name":"M\u0259nim Fikrimc\u0259","item":"https:\/\/www.meydan.tv\/az\/section\/menim-fikrimce\/"},{"@type":"ListItem","position":3,"name":"Q\u00fcdr\u0259t m\u00fc\u0259llimin internat\u0131 v\u0259 sinifd\u0259 qalan m\u0259murlar"}]},{"@type":"WebSite","@id":"https:\/\/www.meydan.tv\/az\/#website","url":"https:\/\/www.meydan.tv\/az\/","name":"MEYDAN.TV","description":"Meydan TV Az\u0259rbaycan\u0131n media m\u0259kan\u0131ndak\u0131 alternativ s\u0259sidir","publisher":{"@id":"https:\/\/www.meydan.tv\/az\/#organization"},"potentialAction":[{"@type":"SearchAction","target":{"@type":"EntryPoint","urlTemplate":"https:\/\/www.meydan.tv\/az\/?s={search_term_string}"},"query-input":{"@type":"PropertyValueSpecification","valueRequired":true,"valueName":"search_term_string"}}],"inLanguage":"az"},{"@type":"Organization","@id":"https:\/\/www.meydan.tv\/az\/#organization","name":"Meydan TV","url":"https:\/\/www.meydan.tv\/az\/","logo":{"@type":"ImageObject","inLanguage":"az","@id":"https:\/\/www.meydan.tv\/az\/#\/schema\/logo\/image\/","url":"https:\/\/www.meydan.tv\/wp-content\/uploads\/2021\/07\/meydan-logo.svg","contentUrl":"https:\/\/www.meydan.tv\/wp-content\/uploads\/2021\/07\/meydan-logo.svg","width":195,"height":46,"caption":"Meydan TV"},"image":{"@id":"https:\/\/www.meydan.tv\/az\/#\/schema\/logo\/image\/"}},{"@type":"Person","@id":"https:\/\/www.meydan.tv\/az\/#\/schema\/person\/10d11eccf6da3662cf5fdab9806ea91a","name":"user-manager"}]}},"_links":{"self":[{"href":"https:\/\/www.meydan.tv\/az\/wp-json\/wp\/v2\/posts\/185108","targetHints":{"allow":["GET"]}}],"collection":[{"href":"https:\/\/www.meydan.tv\/az\/wp-json\/wp\/v2\/posts"}],"about":[{"href":"https:\/\/www.meydan.tv\/az\/wp-json\/wp\/v2\/types\/post"}],"author":[{"embeddable":true,"href":"https:\/\/www.meydan.tv\/az\/wp-json\/wp\/v2\/users\/11"}],"replies":[{"embeddable":true,"href":"https:\/\/www.meydan.tv\/az\/wp-json\/wp\/v2\/comments?post=185108"}],"version-history":[{"count":0,"href":"https:\/\/www.meydan.tv\/az\/wp-json\/wp\/v2\/posts\/185108\/revisions"}],"wp:featuredmedia":[{"embeddable":true,"href":"https:\/\/www.meydan.tv\/az\/wp-json\/wp\/v2\/media\/80491"}],"wp:attachment":[{"href":"https:\/\/www.meydan.tv\/az\/wp-json\/wp\/v2\/media?parent=185108"}],"wp:term":[{"taxonomy":"category","embeddable":true,"href":"https:\/\/www.meydan.tv\/az\/wp-json\/wp\/v2\/categories?post=185108"},{"taxonomy":"post_tag","embeddable":true,"href":"https:\/\/www.meydan.tv\/az\/wp-json\/wp\/v2\/tags?post=185108"}],"curies":[{"name":"wp","href":"https:\/\/api.w.org\/{rel}","templated":true}]}}