{"id":184978,"date":"2017-06-16T15:59:59","date_gmt":"2017-06-16T15:59:59","guid":{"rendered":"https:\/\/www.meydan.tv\/article\/yorganalti-doyusler\/"},"modified":"2017-06-16T15:59:59","modified_gmt":"2017-06-16T15:59:59","slug":"yorganalti-doyusler","status":"publish","type":"post","link":"https:\/\/www.meydan.tv\/az\/article\/yorganalti-doyusler\/","title":{"rendered":"Yor\u011fanalt\u0131 d\u00f6y\u00fc\u015fl\u0259r"},"content":{"rendered":"<p>\n  He\u00e7 bir prezident \u0259b\u0259di deyil. H\u0259tta onun soyad\u0131 \u018fliyev olsa bel\u0259. N\u0259 vaxtsa onu bu v\u0259zif\u0259d\u0259 kims\u0259 lab\u00fcd olaraq d\u0259yi\u015f\u0259c\u0259k. Bunu \u018fliyev \u00f6z\u00fc d\u0259 anlay\u0131r v\u0259 t\u0259dric\u0259n bu d\u0259yi\u015fikliy\u0259 haz\u0131rla\u015f\u0131r. T\u0259bii ki, ald\u0131\u011f\u0131 t\u0259rbiy\u0259 v\u0259 v\u0259rdi\u015fl\u0259r\u0259 uy\u011fun olaraq. Bu t\u0259rbiy\u0259 v\u0259 v\u0259rdi\u015f\u0259 \u0259n sad\u0259 izah\u0131 ulu \u00f6nd\u0259rin zaman\u0131nda camaat aras\u0131nda geni\u015f g\u0259zmi\u015f bir l\u0259tif\u0259 \u00e7ox ayd\u0131n verir:\n<\/p>\n<p>\n  \u201cAB\u015e-\u0131n prezidenti Billi Klintonu, RF-nin prezidenti Boris Yeltsini v\u0259 Az\u0259rbaycan\u0131n prezidenti Heyd\u0259r \u018fliyevi lap yuxar\u0131, lap-lap yuxar\u0131 \u00e7a\u011f\u0131r\u0131b bildirirl\u0259r ki, \u0259l-\u018fh\u0259d v\u0259 as-Sam\u0259d q\u0259rara al\u0131b ki, Yer k\u00fcr\u0259si layih\u0259sini \u00fc\u00e7 g\u00fcnd\u0259n sonra qapats\u0131n: \u201cQay\u0131d\u0131n Yer\u0259 v\u0259 bu x\u0259b\u0259ri xalqlar\u0131n\u0131za \u00e7atd\u0131r\u0131n\u201d. Billi Klinton qay\u0131d\u0131r Va\u015finqtona v\u0259 televiziya il\u0259 xalqa m\u00fcraci\u0259t edib deyir: \u201cM\u0259nd\u0259 sizin \u00fc\u00e7\u00fcn bir yax\u015f\u0131, iki pis x\u0259b\u0259r var. Yax\u015f\u0131 x\u0259b\u0259r odur ki, Allah var. Pis x\u0259b\u0259rin biri odur ki, \u00fc\u00e7 g\u00fcnd\u0259n sonra d\u00fcnyan\u0131n ax\u0131r\u0131d\u0131r, o birisi odur ki, qalan \u00fc\u00e7 g\u00fcn\u0259 biz \u00e7atd\u0131r\u0131b b\u00fct\u00fcn d\u00fcnyan\u0131n s\u0259rv\u0259tini \u0259l\u0259 ke\u00e7ir\u0259 bilm\u0259y\u0259c\u0259yik\u201d.\n<\/p>\n<p>\n  Boris Yeltsin televiziya il\u0259 rus xalq\u0131na m\u00fcraci\u0259t edir: \u201cDoroqiye rossiyane! M\u0259nd\u0259 sizin \u00fc\u00e7\u00fcn iki yax\u015f\u0131, bir pis x\u0259b\u0259r var. Yax\u015f\u0131 x\u0259b\u0259rin biri odur ki, Allah var. \u0130kincisi odur ki, m\u0259n ara\u011f\u0131 pulsuz paylamaq bar\u0259d\u0259 f\u0259rman imzalam\u0131\u015fam. Pis x\u0259b\u0259r odur ki, \u00fc\u00e7 g\u00fcnd\u0259n sonra d\u00fcnyan\u0131n ax\u0131r\u0131d\u0131r\u201d.\n<\/p>\n<p>\n  Ulu \u00f6nd\u0259r Az.TV il\u0259 xalqa m\u00fcraci\u0259t edir: \u201cM\u0259nd\u0259 sizin \u00fc\u00e7\u00fcn \u00fc\u00e7 yax\u015f\u0131 x\u0259b\u0259r var. Biri odur ki, Allah var. \u0130kincisi odur ki, bizim m\u00fcst\u0259qilliyimiz \u0259b\u0259di v\u0259 sars\u0131lmazd\u0131r. \u00dc\u00e7\u00fcnc\u00fcs\u00fc odur ki, d\u00fcnyan\u0131n ax\u0131r\u0131na kimi sizin prezidentiniz m\u0259n olaca\u011fam\u201d.\n<\/p>\n<p>\n  El\u0259 bu l\u0259tif\u0259 olmasayd\u0131 da, bam\u0259z\u0259 xalq\u0131m\u0131z\u0131n \u00f6z\u00fcn\u0259 v\u0259 ger\u00e7\u0259k d\u00fcnyaya h\u0259qiqi y\u00fcng\u00fcl m\u00fcnasib\u0259ti ham\u0131ya b\u0259llidir. F\u0259q\u0259t bununla yana\u015f\u0131 xalqdan \u0259sla as\u0131l\u0131 olmayan hakimiyy\u0259t m\u0259s\u0259l\u0259si d\u0259 var ki, onunla yuxar\u0131da \u0259yl\u0259\u015fmi\u015f insanlar ciddi m\u0259\u015f\u011fuldurlar, zira bu m\u0259\u015f\u011f\u0259l\u0259 \u00e7ox g\u0259lirli v\u0259 \u015firindir.\n<\/p>\n<p>\n  T\u0259k Az\u0259rbaycanda deyil, b\u00fct\u00fcn d\u00fcnyada hakimiyy\u0259t m\u0259s\u0259l\u0259sini a\u011f\u0131r ki\u015fil\u0259r \u00f6z aralar\u0131nda \u0259vv\u0259l-\u0259vv\u0259l h\u0259ll edirl\u0259r, sonra onu se\u00e7icil\u0259rin i\u015ftirak m\u0259rasimi il\u0259 qanunil\u0259\u015fdirirl\u0259r. B\u0259z\u0259n el\u0259 olur ki, bir d\u0259st\u0259 a\u011f\u0131r ki\u015finin s\u00f6z\u00fc ba\u015fqa d\u0259st\u0259 a\u011f\u0131r ki\u015finin s\u00f6z\u00fc il\u0259 \u00e7\u0259p g\u0259lir, onda se\u00e7ki m\u0259rasimind\u0259 \u0259li g\u0259tirm\u0259mi\u015f a\u011f\u0131r ki\u015fi d\u0259st\u0259si -nec\u0259 ki, indi Amerikada ba\u015f verir &#8211; o biri a\u011f\u0131r ki\u015fil\u0259rin se\u00e7dirdiyi prezidenti tam demokratik t\u0259rzd\u0259 a\u015f\u0131rma\u011fa \u00e7al\u0131\u015f\u0131r. Biz bunu bin\u0259va Donald Tramp\u0131n n\u00fcmun\u0259sind\u0259 g\u00f6r\u00fcr\u00fck, \u00e7ox ehtimal ki, ki\u015fini v\u0259zif\u0259sind\u0259n tam d\u00f6rd il kam alma\u011fa qoymad\u0131lar.\n<\/p>\n<p>\n  D\u00fczd\u00fcr, el\u0259 \u00f6lk\u0259l\u0259r var ki, orada xalq bilir demokratiya n\u0259m\u0259n\u0259dir, v\u0259t\u0259nda\u015f c\u0259miyy\u0259ti g\u00fccl\u00fcd\u00fcr, partiyalar, h\u0259mkarlar, m\u0259tbuat v\u0259 QHT-l\u0259r a\u011f\u0131r ki\u015fil\u0259rin ist\u0259m\u0259diyi adam\u0131 yuxar\u0131 pill\u0259y\u0259 it\u0259l\u0259y\u0259 bilirl\u0259r. F\u0259q\u0259t bel\u0259 \u00f6lk\u0259l\u0259rin say\u0131 azd\u0131r, bir \u0259lin barma\u011f\u0131 il\u0259 say\u0131b qurtarmaq olar. Az\u0259rbaycan bu azsayl\u0131 \u00f6lk\u0259l\u0259r s\u0131ras\u0131na daxil deyil, biz a\u011f\u0131r ki\u015fil\u0259rin xalq\u0131 mindiyi \u00e7oxsayl\u0131 \u00f6lk\u0259l\u0259r s\u0131ras\u0131nday\u0131q.\n<\/p>\n<p>\n  M\u00fcxt\u0259s\u0259r, 1969-cu ild\u0259n b\u0259ri c\u00fczi fasil\u0259l\u0259rl\u0259 davam ed\u0259n hakimiyy\u0259t z\u0259ncirinin n\u00f6vb\u0259ti halqas\u0131n\u0131 V m\u0259rt\u0259b\u0259d\u0259ki i\u015f ota\u011f\u0131n\u0131n b\u0259z\u0259yi olan k\u0259til\u0259 \u0259yl\u0259\u015fdirm\u0259k vaxt\u0131 \u00e7at\u0131r. \u00c7at\u0131r \u00e7ats\u0131n da, bunun xalqa n\u0259 d\u0259xli? N\u0259 vaxt ondan soru\u015fublar ki, indi d\u0259 soru\u015fsunlar? He\u00e7 soru\u015fmurlar da, f\u0259q\u0259t sizin f\u0259qir b\u0259nd\u0259niz f\u00fczulluq edib bu m\u0259s\u0259l\u0259y\u0259 burnunu soxur v\u0259 seyr\u00e7i xalq\u0131m\u0131z\u0131 m\u0259s\u0259l\u0259d\u0259n agah etm\u0259y\u0259 \u00e7al\u0131\u015f\u0131r.\n<\/p>\n<p>\n  Son 25 ild\u0259 \u00f6lk\u0259ni v\u0259 mill\u0259ti yor\u011fa at kimi minib \u00e7apan z\u00fcmr\u0259 indi t\u0259la\u015f i\u00e7ind\u0259dir. Onlar d\u0259qiq bilm\u0259s\u0259l\u0259r d\u0259, hiss edirl\u0259r ki, \u0259n yuxar\u0131 s\u0259fd\u0259 hakimiyy\u0259t yor\u011fan\u0131n\u0131n alt\u0131nda g\u0259rgin d\u00f6y\u00fc\u015fl\u0259r gedir. Kim d\u00f6y\u00fc\u015f\u00fcr, n\u0259yin namin\u0259 d\u00f6y\u00fc\u015f\u00fcr? He\u00e7 k\u0259s he\u00e7 n\u0259 bilmir, yaln\u0131z ehtimal v\u0259 t\u0259xminl\u0259r burul\u011fan\u0131n\u0131n bulan\u0131q sular\u0131na bax\u0131b n\u0259yis\u0259 anlama\u011fa \u00e7al\u0131\u015f\u0131rlar. Yor\u011fanalt\u0131 d\u00fcy\u00fc\u015fl\u0259rin \u0259lam\u0259ti kimi bir d\u0259 g\u00f6r\u00fcrs\u0259n ki, d\u00fcn\u0259n\u0259 q\u0259d\u0259r s\u00f6zs\u00fcz a\u011f\u0131r ki\u015fi say\u0131lan kimis\u0259 y\u00fcng\u00fcl qoz qab\u0131\u011f\u0131 kimi yor\u011fan\u0131n alt\u0131ndan atd\u0131lar e\u015fiy\u0259. B\u0259z\u0259n is\u0259 i\u00e7\u0259riy\u0259. O da buna d\u00f6zm\u0259yir, s\u00fcr\u0259tl\u0259 \u00e7\u0259rl\u0259yib \u00f6mr\u00fcn\u00fc ba\u011f\u0131\u015flay\u0131r qalan b\u0259xt\u0259v\u0259rl\u0259r\u0259.\n<\/p>\n<p>\n  Yuxar\u0131da \u0259yl\u0259\u015f\u0259nl\u0259r bir \u015feyd\u0259n \u0259mindirl\u0259r ki, hakimiyy\u0259t hakim z\u00fcmr\u0259nin \u0259lind\u0259 qalacaq. Y\u0259ni sosial lift i\u015f\u0259 d\u00fc\u015fm\u0259y\u0259c\u0259k, hadis\u0259l\u0259r n\u00f6vb\u0259ti \u0259b\u00fclf\u0259zl\u0259ri, isalar\u0131, p\u0259nahlar\u0131 v\u0259 isg\u0259nd\u0259rl\u0259ri hakimiyy\u0259t\u0259 g\u0259tirm\u0259y\u0259c\u0259k. \u201cN\u0259uzu bi-l-lahi min\u0259-\u015f-\u015feytani-r-racim!\u201d H\u0259min vaxtlar getdi ged\u0259r-g\u0259lm\u0259z\u0259, bir d\u0259 qay\u0131tmayacaq. H\u0259min hadis\u0259l\u0259rin m\u0259nas\u0131 bir m\u00fc\u0259yy\u0259n tayfan\u0131n \u0259lind\u0259n \u00e7\u0131x\u0131b ba\u015fqa tayfa n\u00fcmay\u0259nd\u0259l\u0259rinin \u0259lin\u0259 t\u0259sad\u00fcf\u0259n ke\u00e7mi\u015f hakimiyy\u0259ti haqq\u0131 v\u0259 q\u00fcdr\u0259ti olan tayfaya qaytarmaq idi. Bu v\u0259zif\u0259ni Ulu \u00f6nd\u0259rin h\u0259ssas v\u0259 d\u0259qiq r\u0259hb\u0259rliyi alt\u0131nda El\u00e7ib\u0259y \u00f6z \u0259lalt\u0131lar\u0131n\u0131n k\u00f6m\u0259yi il\u0259 u\u011furla h\u0259yata ke\u00e7irdi. Hakimiyy\u0259t \u00f6z qanuni sahibin\u0259 qay\u0131dandan sonra onun bir d\u0259 \u0259ld\u0259n verilm\u0259si ehtimal\u0131 s\u0131fra yax\u0131nd\u0131r. Z\u0259r bizd\u0259, zor bizd\u0259, xalq n\u0259kar\u0259dir ki, s\u0259sini \u00e7\u0131xars\u0131n! \u018fzib suyunu \u00e7\u0131xarar\u0131q!\n<\/p>\n<p>\n  \u00c7\u0131xar\u0131rlar da. A\u011f\u0131ll\u0131 v\u0259 vicdanl\u0131 naraz\u0131lar i\u00e7\u0259rid\u0259, \u0259l\u0259bax\u0131ml\u0131 naraz\u0131lar parlamentd\u0259, m\u00fcxalif\u0259td\u0259 sat\u0131lmaq \u00fc\u00e7\u00fcn d\u00fcz\u00fclm\u00fc\u015fl\u0259rin say\u0131 y\u00fczl\u0259rl\u0259dir. Yazarlar\u0131n 99%-i tamahdan ba\u015flar\u0131n\u0131 itirib, ab\u0131r n\u0259dir unudublar. Xalq\u0131n mal\u0131n\u0131 bas\u0131b yey\u0259n a\u011f\u0131r ki\u015fil\u0259rd\u0259n birinin dediyi kimi: \u201cBizim hakimiyy\u0259t\u0259 he\u00e7 k\u0259s bata bilm\u0259z!\u201d\n<\/p>\n<p>\n  F\u0259q\u0259t yuxar\u0131da yor\u011fanalt\u0131 d\u00f6y\u00fc\u015fl\u0259r gedir v\u0259 d\u00f6vl\u0259t axurunun \u0259traf\u0131nda topla\u015f\u0131b xalq\u0131n mal\u0131n\u0131 yey\u0259nl\u0259r aras\u0131nda t\u0259\u015fvi\u015f v\u0259 h\u0259y\u0259can sezilm\u0259kd\u0259dir. Kim g\u0259l\u0259c\u0259k? Nec\u0259 g\u0259l\u0259c\u0259k? Kiminl\u0259 g\u0259l\u0259c\u0259k? Kimd\u0259n n\u0259yi alacaq v\u0259 kim\u0259 n\u0259yi ver\u0259c\u0259k? A\u011fr\u0131l\u0131 suallard\u0131r, h\u0259r birinin v\u0259zni milyon, on milyon, y\u00fcz milyon dollarla \u00f6l\u00e7\u00fcl\u00fcr.\n<\/p>\n<p>\n  D\u0259qiq birc\u0259 odur ki, b\u00fct\u00fcn bunlar\u0131n maa\u015fla dolanan m\u00fc\u0259lliml\u0259r\u0259, h\u0259kiml\u0259r\u0259, t\u0259qa\u00fcd\u00fcn q\u0259pik-quru\u015funa m\u00f6htac olan ah\u0131llara he\u00e7 bir d\u0259xli yoxdur. B\u0259lk\u0259 d\u0259 el\u0259 bel\u0259 yax\u015f\u0131d\u0131r. Mill\u0259t q\u0259fl\u0259t yuxusundan oyananda he\u00e7 d\u0259 h\u0259r zaman \u00f6z xeyrini d\u00fczg\u00fcn anlam\u0131r. Bir d\u0259 g\u00f6r\u00fcrs\u0259n ki, nal\u0131 m\u0131xa, yor\u011fan\u0131 k\u0259f\u0259n\u0259 d\u0259yi\u015fir. D\u0259yi\u015fir v\u0259 sevinir.\n<\/p>\n<p>\n  <i><br \/>\n    <b><br \/>\n      Yaz\u0131 m\u00fc\u0259llifin fikirl\u0259rini \u0259ks etdirir v\u0259 Meydan TV-nin m\u00f6vqeyi il\u0259 \u00fcst-\u00fcst\u0259 d\u00fc\u015fm\u0259y\u0259 bil\u0259r.<br \/>\n    <\/b><br \/>\n  <\/i><\/p>\n","protected":false},"excerpt":{"rendered":"<p>He\u00e7 bir prezident \u0259b\u0259di deyil<\/p>\n","protected":false},"author":11,"featured_media":81375,"comment_status":"closed","ping_status":"open","sticky":false,"template":"","format":"standard","meta":{"_acf_changed":false,"_sitemap_exclude":false,"_sitemap_priority":"","_sitemap_frequency":"","footnotes":""},"categories":[57],"tags":[],"class_list":["post-184978","post","type-post","status-publish","format-standard","has-post-thumbnail","hentry","category-menim-fikrimce","infinite-scroll-item","generate-columns","tablet-grid-50","mobile-grid-100","grid-parent","grid-33","no-featured-image-padding"],"acf":[],"yoast_head":"<!-- This site is optimized with the Yoast SEO plugin v27.5 - https:\/\/yoast.com\/product\/yoast-seo-wordpress\/ -->\n<title>Yor\u011fanalt\u0131 d\u00f6y\u00fc\u015fl\u0259r - MEYDAN.TV<\/title>\n<meta name=\"robots\" content=\"index, follow, max-snippet:-1, max-image-preview:large, max-video-preview:-1\" \/>\n<link rel=\"canonical\" href=\"https:\/\/www.meydan.tv\/az\/article\/yorganalti-doyusler\/\" \/>\n<meta property=\"og:locale\" content=\"az_AZ\" \/>\n<meta property=\"og:type\" content=\"article\" \/>\n<meta property=\"og:title\" content=\"Yor\u011fanalt\u0131 d\u00f6y\u00fc\u015fl\u0259r - MEYDAN.TV\" \/>\n<meta property=\"og:description\" content=\"He\u00e7 bir prezident \u0259b\u0259di deyil\" \/>\n<meta property=\"og:url\" content=\"https:\/\/www.meydan.tv\/az\/article\/yorganalti-doyusler\/\" \/>\n<meta property=\"og:site_name\" content=\"MEYDAN.TV\" \/>\n<meta property=\"article:published_time\" content=\"2017-06-16T15:59:59+00:00\" \/>\n<meta property=\"og:image\" content=\"https:\/\/www.meydan.tv\/wp-content\/uploads\/31837-1095x821.png\" \/>\n\t<meta property=\"og:image:width\" content=\"1095\" \/>\n\t<meta property=\"og:image:height\" content=\"821\" \/>\n\t<meta property=\"og:image:type\" content=\"image\/png\" \/>\n<meta name=\"author\" content=\"user-manager\" \/>\n<meta name=\"twitter:card\" content=\"summary_large_image\" \/>\n<script type=\"application\/ld+json\" class=\"yoast-schema-graph\">{\"@context\":\"https:\\\/\\\/schema.org\",\"@graph\":[{\"@type\":\"Article\",\"@id\":\"https:\\\/\\\/www.meydan.tv\\\/az\\\/article\\\/yorganalti-doyusler\\\/#article\",\"isPartOf\":{\"@id\":\"https:\\\/\\\/www.meydan.tv\\\/az\\\/article\\\/yorganalti-doyusler\\\/\"},\"author\":{\"name\":\"user-manager\",\"@id\":\"https:\\\/\\\/www.meydan.tv\\\/az\\\/#\\\/schema\\\/person\\\/10d11eccf6da3662cf5fdab9806ea91a\"},\"headline\":\"Yor\u011fanalt\u0131 d\u00f6y\u00fc\u015fl\u0259r\",\"datePublished\":\"2017-06-16T15:59:59+00:00\",\"mainEntityOfPage\":{\"@id\":\"https:\\\/\\\/www.meydan.tv\\\/az\\\/article\\\/yorganalti-doyusler\\\/\"},\"wordCount\":1400,\"publisher\":{\"@id\":\"https:\\\/\\\/www.meydan.tv\\\/az\\\/#organization\"},\"image\":{\"@id\":\"https:\\\/\\\/www.meydan.tv\\\/az\\\/article\\\/yorganalti-doyusler\\\/#primaryimage\"},\"thumbnailUrl\":\"https:\\\/\\\/www.meydan.tv\\\/wp-content\\\/uploads\\\/31837.png\",\"articleSection\":[\"M\u0259nim Fikrimc\u0259\"],\"inLanguage\":\"az\"},{\"@type\":\"WebPage\",\"@id\":\"https:\\\/\\\/www.meydan.tv\\\/az\\\/article\\\/yorganalti-doyusler\\\/\",\"url\":\"https:\\\/\\\/www.meydan.tv\\\/az\\\/article\\\/yorganalti-doyusler\\\/\",\"name\":\"Yor\u011fanalt\u0131 d\u00f6y\u00fc\u015fl\u0259r - MEYDAN.TV\",\"isPartOf\":{\"@id\":\"https:\\\/\\\/www.meydan.tv\\\/az\\\/#website\"},\"primaryImageOfPage\":{\"@id\":\"https:\\\/\\\/www.meydan.tv\\\/az\\\/article\\\/yorganalti-doyusler\\\/#primaryimage\"},\"image\":{\"@id\":\"https:\\\/\\\/www.meydan.tv\\\/az\\\/article\\\/yorganalti-doyusler\\\/#primaryimage\"},\"thumbnailUrl\":\"https:\\\/\\\/www.meydan.tv\\\/wp-content\\\/uploads\\\/31837.png\",\"datePublished\":\"2017-06-16T15:59:59+00:00\",\"breadcrumb\":{\"@id\":\"https:\\\/\\\/www.meydan.tv\\\/az\\\/article\\\/yorganalti-doyusler\\\/#breadcrumb\"},\"inLanguage\":\"az\",\"potentialAction\":[{\"@type\":\"ReadAction\",\"target\":[\"https:\\\/\\\/www.meydan.tv\\\/az\\\/article\\\/yorganalti-doyusler\\\/\"]}]},{\"@type\":\"ImageObject\",\"inLanguage\":\"az\",\"@id\":\"https:\\\/\\\/www.meydan.tv\\\/az\\\/article\\\/yorganalti-doyusler\\\/#primaryimage\",\"url\":\"https:\\\/\\\/www.meydan.tv\\\/wp-content\\\/uploads\\\/31837.png\",\"contentUrl\":\"https:\\\/\\\/www.meydan.tv\\\/wp-content\\\/uploads\\\/31837.png\",\"width\":2732,\"height\":2048,\"caption\":\"Source:\"},{\"@type\":\"BreadcrumbList\",\"@id\":\"https:\\\/\\\/www.meydan.tv\\\/az\\\/article\\\/yorganalti-doyusler\\\/#breadcrumb\",\"itemListElement\":[{\"@type\":\"ListItem\",\"position\":1,\"name\":\"Ana s\u0259hif\u0259\",\"item\":\"https:\\\/\\\/www.meydan.tv\\\/az\\\/\"},{\"@type\":\"ListItem\",\"position\":2,\"name\":\"M\u0259nim Fikrimc\u0259\",\"item\":\"https:\\\/\\\/www.meydan.tv\\\/az\\\/section\\\/menim-fikrimce\\\/\"},{\"@type\":\"ListItem\",\"position\":3,\"name\":\"Yor\u011fanalt\u0131 d\u00f6y\u00fc\u015fl\u0259r\"}]},{\"@type\":\"WebSite\",\"@id\":\"https:\\\/\\\/www.meydan.tv\\\/az\\\/#website\",\"url\":\"https:\\\/\\\/www.meydan.tv\\\/az\\\/\",\"name\":\"MEYDAN.TV\",\"description\":\"Meydan TV Az\u0259rbaycan\u0131n media m\u0259kan\u0131ndak\u0131 alternativ s\u0259sidir\",\"publisher\":{\"@id\":\"https:\\\/\\\/www.meydan.tv\\\/az\\\/#organization\"},\"potentialAction\":[{\"@type\":\"SearchAction\",\"target\":{\"@type\":\"EntryPoint\",\"urlTemplate\":\"https:\\\/\\\/www.meydan.tv\\\/az\\\/?s={search_term_string}\"},\"query-input\":{\"@type\":\"PropertyValueSpecification\",\"valueRequired\":true,\"valueName\":\"search_term_string\"}}],\"inLanguage\":\"az\"},{\"@type\":\"Organization\",\"@id\":\"https:\\\/\\\/www.meydan.tv\\\/az\\\/#organization\",\"name\":\"Meydan TV\",\"url\":\"https:\\\/\\\/www.meydan.tv\\\/az\\\/\",\"logo\":{\"@type\":\"ImageObject\",\"inLanguage\":\"az\",\"@id\":\"https:\\\/\\\/www.meydan.tv\\\/az\\\/#\\\/schema\\\/logo\\\/image\\\/\",\"url\":\"https:\\\/\\\/www.meydan.tv\\\/wp-content\\\/uploads\\\/2021\\\/07\\\/meydan-logo.svg\",\"contentUrl\":\"https:\\\/\\\/www.meydan.tv\\\/wp-content\\\/uploads\\\/2021\\\/07\\\/meydan-logo.svg\",\"width\":195,\"height\":46,\"caption\":\"Meydan TV\"},\"image\":{\"@id\":\"https:\\\/\\\/www.meydan.tv\\\/az\\\/#\\\/schema\\\/logo\\\/image\\\/\"}},{\"@type\":\"Person\",\"@id\":\"https:\\\/\\\/www.meydan.tv\\\/az\\\/#\\\/schema\\\/person\\\/10d11eccf6da3662cf5fdab9806ea91a\",\"name\":\"user-manager\"}]}<\/script>\n<!-- \/ Yoast SEO plugin. -->","yoast_head_json":{"title":"Yor\u011fanalt\u0131 d\u00f6y\u00fc\u015fl\u0259r - MEYDAN.TV","robots":{"index":"index","follow":"follow","max-snippet":"max-snippet:-1","max-image-preview":"max-image-preview:large","max-video-preview":"max-video-preview:-1"},"canonical":"https:\/\/www.meydan.tv\/az\/article\/yorganalti-doyusler\/","og_locale":"az_AZ","og_type":"article","og_title":"Yor\u011fanalt\u0131 d\u00f6y\u00fc\u015fl\u0259r - MEYDAN.TV","og_description":"He\u00e7 bir prezident \u0259b\u0259di deyil","og_url":"https:\/\/www.meydan.tv\/az\/article\/yorganalti-doyusler\/","og_site_name":"MEYDAN.TV","article_published_time":"2017-06-16T15:59:59+00:00","og_image":[{"width":1095,"height":821,"url":"https:\/\/www.meydan.tv\/wp-content\/uploads\/31837-1095x821.png","type":"image\/png"}],"author":"user-manager","twitter_card":"summary_large_image","schema":{"@context":"https:\/\/schema.org","@graph":[{"@type":"Article","@id":"https:\/\/www.meydan.tv\/az\/article\/yorganalti-doyusler\/#article","isPartOf":{"@id":"https:\/\/www.meydan.tv\/az\/article\/yorganalti-doyusler\/"},"author":{"name":"user-manager","@id":"https:\/\/www.meydan.tv\/az\/#\/schema\/person\/10d11eccf6da3662cf5fdab9806ea91a"},"headline":"Yor\u011fanalt\u0131 d\u00f6y\u00fc\u015fl\u0259r","datePublished":"2017-06-16T15:59:59+00:00","mainEntityOfPage":{"@id":"https:\/\/www.meydan.tv\/az\/article\/yorganalti-doyusler\/"},"wordCount":1400,"publisher":{"@id":"https:\/\/www.meydan.tv\/az\/#organization"},"image":{"@id":"https:\/\/www.meydan.tv\/az\/article\/yorganalti-doyusler\/#primaryimage"},"thumbnailUrl":"https:\/\/www.meydan.tv\/wp-content\/uploads\/31837.png","articleSection":["M\u0259nim Fikrimc\u0259"],"inLanguage":"az"},{"@type":"WebPage","@id":"https:\/\/www.meydan.tv\/az\/article\/yorganalti-doyusler\/","url":"https:\/\/www.meydan.tv\/az\/article\/yorganalti-doyusler\/","name":"Yor\u011fanalt\u0131 d\u00f6y\u00fc\u015fl\u0259r - MEYDAN.TV","isPartOf":{"@id":"https:\/\/www.meydan.tv\/az\/#website"},"primaryImageOfPage":{"@id":"https:\/\/www.meydan.tv\/az\/article\/yorganalti-doyusler\/#primaryimage"},"image":{"@id":"https:\/\/www.meydan.tv\/az\/article\/yorganalti-doyusler\/#primaryimage"},"thumbnailUrl":"https:\/\/www.meydan.tv\/wp-content\/uploads\/31837.png","datePublished":"2017-06-16T15:59:59+00:00","breadcrumb":{"@id":"https:\/\/www.meydan.tv\/az\/article\/yorganalti-doyusler\/#breadcrumb"},"inLanguage":"az","potentialAction":[{"@type":"ReadAction","target":["https:\/\/www.meydan.tv\/az\/article\/yorganalti-doyusler\/"]}]},{"@type":"ImageObject","inLanguage":"az","@id":"https:\/\/www.meydan.tv\/az\/article\/yorganalti-doyusler\/#primaryimage","url":"https:\/\/www.meydan.tv\/wp-content\/uploads\/31837.png","contentUrl":"https:\/\/www.meydan.tv\/wp-content\/uploads\/31837.png","width":2732,"height":2048,"caption":"Source:"},{"@type":"BreadcrumbList","@id":"https:\/\/www.meydan.tv\/az\/article\/yorganalti-doyusler\/#breadcrumb","itemListElement":[{"@type":"ListItem","position":1,"name":"Ana s\u0259hif\u0259","item":"https:\/\/www.meydan.tv\/az\/"},{"@type":"ListItem","position":2,"name":"M\u0259nim Fikrimc\u0259","item":"https:\/\/www.meydan.tv\/az\/section\/menim-fikrimce\/"},{"@type":"ListItem","position":3,"name":"Yor\u011fanalt\u0131 d\u00f6y\u00fc\u015fl\u0259r"}]},{"@type":"WebSite","@id":"https:\/\/www.meydan.tv\/az\/#website","url":"https:\/\/www.meydan.tv\/az\/","name":"MEYDAN.TV","description":"Meydan TV Az\u0259rbaycan\u0131n media m\u0259kan\u0131ndak\u0131 alternativ s\u0259sidir","publisher":{"@id":"https:\/\/www.meydan.tv\/az\/#organization"},"potentialAction":[{"@type":"SearchAction","target":{"@type":"EntryPoint","urlTemplate":"https:\/\/www.meydan.tv\/az\/?s={search_term_string}"},"query-input":{"@type":"PropertyValueSpecification","valueRequired":true,"valueName":"search_term_string"}}],"inLanguage":"az"},{"@type":"Organization","@id":"https:\/\/www.meydan.tv\/az\/#organization","name":"Meydan TV","url":"https:\/\/www.meydan.tv\/az\/","logo":{"@type":"ImageObject","inLanguage":"az","@id":"https:\/\/www.meydan.tv\/az\/#\/schema\/logo\/image\/","url":"https:\/\/www.meydan.tv\/wp-content\/uploads\/2021\/07\/meydan-logo.svg","contentUrl":"https:\/\/www.meydan.tv\/wp-content\/uploads\/2021\/07\/meydan-logo.svg","width":195,"height":46,"caption":"Meydan TV"},"image":{"@id":"https:\/\/www.meydan.tv\/az\/#\/schema\/logo\/image\/"}},{"@type":"Person","@id":"https:\/\/www.meydan.tv\/az\/#\/schema\/person\/10d11eccf6da3662cf5fdab9806ea91a","name":"user-manager"}]}},"_links":{"self":[{"href":"https:\/\/www.meydan.tv\/az\/wp-json\/wp\/v2\/posts\/184978","targetHints":{"allow":["GET"]}}],"collection":[{"href":"https:\/\/www.meydan.tv\/az\/wp-json\/wp\/v2\/posts"}],"about":[{"href":"https:\/\/www.meydan.tv\/az\/wp-json\/wp\/v2\/types\/post"}],"author":[{"embeddable":true,"href":"https:\/\/www.meydan.tv\/az\/wp-json\/wp\/v2\/users\/11"}],"replies":[{"embeddable":true,"href":"https:\/\/www.meydan.tv\/az\/wp-json\/wp\/v2\/comments?post=184978"}],"version-history":[{"count":0,"href":"https:\/\/www.meydan.tv\/az\/wp-json\/wp\/v2\/posts\/184978\/revisions"}],"wp:featuredmedia":[{"embeddable":true,"href":"https:\/\/www.meydan.tv\/az\/wp-json\/wp\/v2\/media\/81375"}],"wp:attachment":[{"href":"https:\/\/www.meydan.tv\/az\/wp-json\/wp\/v2\/media?parent=184978"}],"wp:term":[{"taxonomy":"category","embeddable":true,"href":"https:\/\/www.meydan.tv\/az\/wp-json\/wp\/v2\/categories?post=184978"},{"taxonomy":"post_tag","embeddable":true,"href":"https:\/\/www.meydan.tv\/az\/wp-json\/wp\/v2\/tags?post=184978"}],"curies":[{"name":"wp","href":"https:\/\/api.w.org\/{rel}","templated":true}]}}