{"id":184965,"date":"2017-06-15T17:18:14","date_gmt":"2017-06-15T17:18:14","guid":{"rendered":"https:\/\/www.meydan.tv\/article\/azerbaycan-mediasi-kritik-heddedir\/"},"modified":"2017-06-15T17:18:14","modified_gmt":"2017-06-15T17:18:14","slug":"azerbaycan-mediasi-kritik-heddedir","status":"publish","type":"post","link":"https:\/\/www.meydan.tv\/az\/article\/azerbaycan-mediasi-kritik-heddedir\/","title":{"rendered":"Az\u0259rbaycan medias\u0131 kritik h\u0259dd\u0259dir"},"content":{"rendered":"<figure class=\"wp-block-image size-large\">\n  <img decoding=\"async\" src=\"https:\/\/www.meydan.tv\/az\/63408\/\" alt=\"\" class=\"wp-image-63408\"\/><figcaption><\/figcaption><\/figure>\n<p>\n  <i><br \/>\n    Yax\u0131n zamanlarda b\u00fct\u00fcn s\u0259sl\u0259rin k\u0259silm\u0259si s\u00fcrpriz olmayacaq<br \/>\n  <\/i>\n<\/p>\n<p>\n  \u00d6lk\u0259d\u0259 media azadl\u0131\u011f\u0131n\u0131n v\u0259ziyy\u0259ti h\u0259r g\u00fcn bir az daha a\u011f\u0131rla\u015f\u0131r. Son g\u00fcnl\u0259r ard-arda ba\u015f ver\u0259n hadis\u0259l\u0259r prosesin normal ax\u0131n\u0131ndan uzaqla\u015fd\u0131\u011f\u0131n\u0131 ayd\u0131n g\u00f6st\u0259rir.\n<\/p>\n<p>\n  D\u00fcnya m\u0259tbuat azadl\u0131\u011f\u0131 g\u00fcn\u00fc \u0259r\u0259f\u0259sind\u0259 Az\u0259rbaycan\u0131n ilk internet tv-l\u0259rind\u0259n biri olan Kanal 13-\u00fcn r\u0259hb\u0259ri \u018fziz Orucova qar\u015f\u0131 \u00e7ox g\u00fcl\u00fcnc bir iddia il\u0259 30 g\u00fcn inzibati h\u0259bs verildi. Guya onu axrat\u0131\u015fda olan \u00a0kiminl\u0259s\u0259 ox\u015far oldu\u011funa g\u00f6r\u0259 polis saxlay\u0131b, lakin o polis\u0259 m\u00fcqavim\u0259t g\u00f6st\u0259rib. Halbuki \u018fziz \u00a0Orucov jurnalist xan\u0131m\u0131 Lamiyy\u0259 \u00c7erpanova il\u0259 birlikd\u0259 i\u015f\u0259 ged\u0259rk\u0259n onlar\u0131 t\u0259qib ed\u0259n polis saxlam\u0131\u015f v\u0259 \u015f\u00f6b\u0259y\u0259 aparm\u0131\u015fd\u0131. H\u0259r hans\u0131 qar\u015f\u0131durma, m\u00fcqavim\u0259t olmam\u0131\u015f, buna baxmayaraq, saxlanmas\u0131na \u201ch\u00fcquqi s\u0259b\u0259b\u201d uydurmaq \u00fc\u00e7\u00fcn bel\u0259 bir f\u0259rziy\u0259 qondar\u0131laraq h\u0259bs\u0259 at\u0131ld\u0131.\n<\/p>\n<p>\n  Bizd\u0259 \u00e7ox yerind\u0259 atalar s\u00f6zl\u0259ri var. Onlardan biri d\u0259 \u201co\u011furluqla, quldurluq 40 g\u00fcn \u00e7\u0259km\u0259z, a\u00e7\u0131lar!\u201d-m\u0259s\u0259lidir. \u018fzizin h\u0259bsind\u0259 d\u0259 bel\u0259 oldu. 30 g\u00fcnl\u00fck inzibati h\u0259bsin son g\u00fcn\u00fcnd\u0259 onu yenid\u0259n istintaqa \u00e7\u0259kdil\u0259r v\u0259 bu d\u0259f\u0259 a\u011f\u0131r cinay\u0259tl\u0259 su\u00e7layaraq, \u00a0Cinay\u0259t M\u0259c\u0259ll\u0259sinin iki madd\u0259si il\u0259 cinay\u0259t m\u0259suliyy\u0259tin\u0259 c\u0259lb etdil\u0259r. Bu d\u0259f\u0259 d\u0259 \u018fzizi h\u00fcquqi bax\u0131mdan he\u00e7 bir m\u0259suliyy\u0259ti olmayan v\u0259 he\u00e7 bir vaxt he\u00e7 bir imza s\u0259lahiyy\u0259ti olmad\u0131\u011f\u0131, sad\u0259c\u0259 h\u0259mt\u0259sisi\u00e7isi oldu\u011fu \u201cQafqaz Media Resurs M\u0259rk\u0259zi\u201d \u00a0\u0130ctimai Birliyinin hans\u0131sa \u201cf\u0259aliyy\u0259tin\u0259 g\u00f6r\u0259\u201d 2014-c\u00fc ild\u0259 a\u00e7\u0131lm\u0131\u015f m\u0259\u015fhur QHT cinay\u0259t i\u015fi \u00e7\u0259r\u00e7iv\u0259sind\u0259 su\u00e7lad\u0131lar. Lakin r\u0259smi ittiham bu olsa da, Kanal 13-\u00fcn dig\u0259r jurnalistl\u0259rinin d\u0259 istintaqa c\u0259lb olunmas\u0131 xoruzun quyru\u011funu g\u00f6st\u0259rdi. \u018fzizin birba\u015fa Kanal 13-\u00fcn f\u0259aliyy\u0259tin\u0259 g\u00f6r\u0259 h\u0259bs edildiyi dan\u0131lmaz fakt kimi ortadad\u0131r.\n<\/p>\n<p>\n  May\u0131n 22-d\u0259 is\u0259 regionda f\u0259aliyy\u0259ti il\u0259 t\u0259qdir toplayan, qorxmadan h\u0259qiq\u0259tl\u0259ri s\u00f6yl\u0259y\u0259n, bir ne\u00e7\u0259 m\u00fcst\u0259qil media qurumu il\u0259 s\u0259rb\u0259st \u0259m\u0259kda\u015fl\u0131q ed\u0259n jurnalist-bloger Nicat \u018fmraslanov yen\u0259 uydurma s\u0259b\u0259bl\u0259 ya\u015fad\u0131\u011f\u0131 Qazax rayonunda eyni \u201cn\u00f6vb\u0259t\u00e7i madd\u0259 il\u0259\u201d &#8211; polis\u0259 m\u00fcqavim\u0259t madd\u0259si il\u0259 30 sutkal\u0131q inzibati h\u0259bs\u0259 m\u0259hkum edildi. \u00a0Nicata qar\u015f\u0131 pis r\u0259ftara v\u0259 i\u015fg\u0259nc\u0259y\u0259 yol verildiyini s\u00f6yl\u0259y\u0259n v\u0259kili El\u00e7in Sad\u0131qovdan G\u0259nc\u0259 Apelyasiya M\u0259hk\u0259m\u0259sind\u0259 v\u0259kilin v\u0259 jurnalist X\u0259dic\u0259 \u0130smay\u0131l\u0131n g\u00f6z\u00fc qar\u015f\u0131s\u0131nda hakim k\u00f6m\u0259k\u00e7isi imtina \u0259riz\u0259si yazd\u0131rd\u0131. X\u0259dic\u0259 \u0130smay\u0131l mobil telefonu il\u0259 bu g\u00f6r\u00fcnt\u00fcl\u0259ri lent\u0259 al\u0131b payla\u015faraq ictimail\u0259\u015fdirs\u0259 d\u0259, he\u00e7 bir qurum, o c\u00fcml\u0259d\u0259n Omdudsman buna reaksiya verm\u0259y\u0259r\u0259k, adi hal kimi qar\u015f\u0131lad\u0131. Nicat\u0131n di\u015fl\u0259rinin t\u00f6k\u00fclm\u0259si, sa\u011f \u0259linin q\u0131c olmas\u0131 m\u00fc\u015fahid\u0259 olunsa da, bununla ba\u011fl\u0131 prokurorluq n\u0259d\u0259ns\u0259 ara\u015fd\u0131rma aparmaq, yaxud \u0259n\u0259n\u0259y\u0259 \u00e7evril\u0259n \u201cb\u0259yanat\u201d verm\u0259k kimi davran\u0131\u015flardan uzaq qald\u0131.\n<\/p>\n<p>\n  Bel\u0259 ged\u0259rs\u0259, 30 g\u00fcnl\u00fck inzibati h\u0259bsin yekunla\u015fmas\u0131na g\u00fcnl\u0259r qala yeni bir qondarma \u201ccinay\u0259t i\u015finin\u201d a\u00e7\u0131lmas\u0131 v\u0259 Nicat\u0131 da \u018fziz kimi \u201ccinay\u0259tkar\u201d elan ed\u0259r\u0259k, a\u011f\u0131r cinay\u0259td\u0259 su\u00e7lamalar\u0131 s\u00fcrpriz olmayacaq.\n<\/p>\n<p>\n  May\u0131n 29-da daha b\u00f6y\u00fck \u201cbomba\u201d partlad\u0131ld\u0131. Ara\u015fd\u0131rma\u00e7\u0131 jurnalist \u018ffqan M\u00fcxtarl\u0131 ya\u015fad\u0131\u011f\u0131 Tbilisi \u015f\u0259h\u0259rind\u0259 gec\u0259 evinin \u00f6n\u00fcnd\u0259n \u00a0yoxa \u00e7\u0131xd\u0131. H\u0259r k\u0259s onun axtar\u0131\u015f\u0131na ba\u015flad\u0131qdan sonra, m\u0259lum oldu ki, G\u00fcrc\u00fcstan\u0131n r\u0259smi uniformada olan \u015f\u0259xsl\u0259ri onun ba\u015f\u0131na torba ke\u00e7irib, o\u011furlay\u0131b, sonra v\u0259h\u015fic\u0259 \u00a0d\u00f6y\u00fcb \u00a0v\u0259 3 saatl\u0131q m\u00fcdd\u0259td\u0259 2 avtomobil v\u0259 hey\u0259t d\u0259yi\u015f\u0259r\u0259k, Az\u0259rbaycan DSX-\u0259 t\u0259hvil veribl\u0259r. DSX is\u0259 guya \u018ffqan\u0131n \u00a0s\u0259rh\u0259ddi k\u00f6n\u00fcll\u00fc qanunsuz ke\u00e7diyi v\u0259 qa\u00e7aqmal\u00e7\u0131l\u0131qla m\u0259\u015f\u011ful oldu\u011fu \u00fc\u00e7\u00fcn saxlay\u0131b, Cinay\u0259t M\u0259c\u0259ll\u0259sinin 3 madd\u0259si il\u0259 ittiham ir\u0259li s\u00fcrd\u00fc. Bu qondarma cinay\u0259t i\u015fi d\u0259 uzun s\u00fcrm\u0259d\u0259n c\u0259miyy\u0259t\u0259 m\u0259lum oldu ki quramad\u0131r. Tamamil\u0259 qanunsuz adam o\u011furlu\u011fu ba\u015f verib. Bu, G\u00fcrc\u00fcstan\u0131n Prezidenti s\u0259viyy\u0259sind\u0259 etiraf edildi. Q\u0131sa m\u00fcdd\u0259t ke\u00e7m\u0259mi\u015f Az\u0259rbaycan\u0131n Milli M\u0259clisinin deputat\u0131 Elman N\u0259sirov da istintaq\u0131n versiyas\u0131n\u0131n saxta oldu\u011funu bilm\u0259d\u0259n etiraf etmi\u015f oldu. Do\u011frudur, Ba\u015f Prokurorluq Elman N\u0259sirovun \u201cyalan\u201d dan\u0131\u015fd\u0131\u011f\u0131n\u0131 bir B\u0259yanatla b\u0259yan ets\u0259 d\u0259, \u0259m\u0259li il\u0259 Elman N\u0259sirovun do\u011fru dediyini t\u0259sdiql\u0259y\u0259n add\u0131mlar atd\u0131.\n<\/p>\n<p>\n  <a href=\"https:\/\/alasgarmaammadli.blogspot.com\/2017\/06\/olkd-media-azadlgnn-vziyyti-kritik-hdd.html\"><br \/>\n    m\u0259nb\u0259<br \/>\n  <\/a><\/p>\n","protected":false},"excerpt":{"rendered":"<p>Yax\u0131n zamanlarda b\u00fct\u00fcn s\u0259sl\u0259rin k\u0259silm\u0259si s\u00fcrpriz olmayacaq<\/p>\n","protected":false},"author":11,"featured_media":63408,"comment_status":"closed","ping_status":"open","sticky":false,"template":"","format":"standard","meta":{"_acf_changed":false,"_sitemap_exclude":false,"_sitemap_priority":"","_sitemap_frequency":"","footnotes":""},"categories":[51],"tags":[],"class_list":["post-184965","post","type-post","status-publish","format-standard","has-post-thumbnail","hentry","category-analitika","infinite-scroll-item","generate-columns","tablet-grid-50","mobile-grid-100","grid-parent","grid-33","no-featured-image-padding"],"acf":[],"yoast_head":"<!-- This site is optimized with the Yoast SEO plugin v27.4 - https:\/\/yoast.com\/product\/yoast-seo-wordpress\/ -->\n<title>Az\u0259rbaycan medias\u0131 kritik h\u0259dd\u0259dir - MEYDAN.TV<\/title>\n<meta name=\"robots\" content=\"index, follow, max-snippet:-1, max-image-preview:large, max-video-preview:-1\" \/>\n<link rel=\"canonical\" href=\"https:\/\/www.meydan.tv\/az\/article\/azerbaycan-mediasi-kritik-heddedir\/\" \/>\n<meta property=\"og:locale\" content=\"az_AZ\" \/>\n<meta property=\"og:type\" content=\"article\" \/>\n<meta property=\"og:title\" content=\"Az\u0259rbaycan medias\u0131 kritik h\u0259dd\u0259dir - MEYDAN.TV\" \/>\n<meta property=\"og:description\" content=\"Yax\u0131n zamanlarda b\u00fct\u00fcn s\u0259sl\u0259rin k\u0259silm\u0259si s\u00fcrpriz olmayacaq\" \/>\n<meta property=\"og:url\" content=\"https:\/\/www.meydan.tv\/az\/article\/azerbaycan-mediasi-kritik-heddedir\/\" \/>\n<meta property=\"og:site_name\" content=\"MEYDAN.TV\" \/>\n<meta property=\"article:published_time\" content=\"2017-06-15T17:18:14+00:00\" \/>\n<meta property=\"og:image\" content=\"https:\/\/www.meydan.tv\/wp-content\/uploads\/24171.jpg\" \/>\n\t<meta property=\"og:image:width\" content=\"1280\" \/>\n\t<meta property=\"og:image:height\" content=\"720\" \/>\n\t<meta property=\"og:image:type\" content=\"image\/jpeg\" \/>\n<meta name=\"author\" content=\"user-manager\" \/>\n<meta name=\"twitter:card\" content=\"summary_large_image\" \/>\n<script type=\"application\/ld+json\" class=\"yoast-schema-graph\">{\"@context\":\"https:\\\/\\\/schema.org\",\"@graph\":[{\"@type\":\"Article\",\"@id\":\"https:\\\/\\\/www.meydan.tv\\\/az\\\/article\\\/azerbaycan-mediasi-kritik-heddedir\\\/#article\",\"isPartOf\":{\"@id\":\"https:\\\/\\\/www.meydan.tv\\\/az\\\/article\\\/azerbaycan-mediasi-kritik-heddedir\\\/\"},\"author\":{\"name\":\"user-manager\",\"@id\":\"https:\\\/\\\/www.meydan.tv\\\/az\\\/#\\\/schema\\\/person\\\/10d11eccf6da3662cf5fdab9806ea91a\"},\"headline\":\"Az\u0259rbaycan medias\u0131 kritik h\u0259dd\u0259dir\",\"datePublished\":\"2017-06-15T17:18:14+00:00\",\"mainEntityOfPage\":{\"@id\":\"https:\\\/\\\/www.meydan.tv\\\/az\\\/article\\\/azerbaycan-mediasi-kritik-heddedir\\\/\"},\"wordCount\":869,\"publisher\":{\"@id\":\"https:\\\/\\\/www.meydan.tv\\\/az\\\/#organization\"},\"image\":{\"@id\":\"https:\\\/\\\/www.meydan.tv\\\/az\\\/article\\\/azerbaycan-mediasi-kritik-heddedir\\\/#primaryimage\"},\"thumbnailUrl\":\"https:\\\/\\\/www.meydan.tv\\\/wp-content\\\/uploads\\\/24171.jpg\",\"articleSection\":[\"Analitika\"],\"inLanguage\":\"az\"},{\"@type\":\"WebPage\",\"@id\":\"https:\\\/\\\/www.meydan.tv\\\/az\\\/article\\\/azerbaycan-mediasi-kritik-heddedir\\\/\",\"url\":\"https:\\\/\\\/www.meydan.tv\\\/az\\\/article\\\/azerbaycan-mediasi-kritik-heddedir\\\/\",\"name\":\"Az\u0259rbaycan medias\u0131 kritik h\u0259dd\u0259dir - MEYDAN.TV\",\"isPartOf\":{\"@id\":\"https:\\\/\\\/www.meydan.tv\\\/az\\\/#website\"},\"primaryImageOfPage\":{\"@id\":\"https:\\\/\\\/www.meydan.tv\\\/az\\\/article\\\/azerbaycan-mediasi-kritik-heddedir\\\/#primaryimage\"},\"image\":{\"@id\":\"https:\\\/\\\/www.meydan.tv\\\/az\\\/article\\\/azerbaycan-mediasi-kritik-heddedir\\\/#primaryimage\"},\"thumbnailUrl\":\"https:\\\/\\\/www.meydan.tv\\\/wp-content\\\/uploads\\\/24171.jpg\",\"datePublished\":\"2017-06-15T17:18:14+00:00\",\"breadcrumb\":{\"@id\":\"https:\\\/\\\/www.meydan.tv\\\/az\\\/article\\\/azerbaycan-mediasi-kritik-heddedir\\\/#breadcrumb\"},\"inLanguage\":\"az\",\"potentialAction\":[{\"@type\":\"ReadAction\",\"target\":[\"https:\\\/\\\/www.meydan.tv\\\/az\\\/article\\\/azerbaycan-mediasi-kritik-heddedir\\\/\"]}]},{\"@type\":\"ImageObject\",\"inLanguage\":\"az\",\"@id\":\"https:\\\/\\\/www.meydan.tv\\\/az\\\/article\\\/azerbaycan-mediasi-kritik-heddedir\\\/#primaryimage\",\"url\":\"https:\\\/\\\/www.meydan.tv\\\/wp-content\\\/uploads\\\/24171.jpg\",\"contentUrl\":\"https:\\\/\\\/www.meydan.tv\\\/wp-content\\\/uploads\\\/24171.jpg\",\"width\":1280,\"height\":720,\"caption\":\"Source:\"},{\"@type\":\"BreadcrumbList\",\"@id\":\"https:\\\/\\\/www.meydan.tv\\\/az\\\/article\\\/azerbaycan-mediasi-kritik-heddedir\\\/#breadcrumb\",\"itemListElement\":[{\"@type\":\"ListItem\",\"position\":1,\"name\":\"Ana s\u0259hif\u0259\",\"item\":\"https:\\\/\\\/www.meydan.tv\\\/az\\\/\"},{\"@type\":\"ListItem\",\"position\":2,\"name\":\"Analitika\",\"item\":\"https:\\\/\\\/www.meydan.tv\\\/az\\\/section\\\/analitika\\\/\"},{\"@type\":\"ListItem\",\"position\":3,\"name\":\"Az\u0259rbaycan medias\u0131 kritik h\u0259dd\u0259dir\"}]},{\"@type\":\"WebSite\",\"@id\":\"https:\\\/\\\/www.meydan.tv\\\/az\\\/#website\",\"url\":\"https:\\\/\\\/www.meydan.tv\\\/az\\\/\",\"name\":\"MEYDAN.TV\",\"description\":\"Meydan TV Az\u0259rbaycan\u0131n media m\u0259kan\u0131ndak\u0131 alternativ s\u0259sidir\",\"publisher\":{\"@id\":\"https:\\\/\\\/www.meydan.tv\\\/az\\\/#organization\"},\"potentialAction\":[{\"@type\":\"SearchAction\",\"target\":{\"@type\":\"EntryPoint\",\"urlTemplate\":\"https:\\\/\\\/www.meydan.tv\\\/az\\\/?s={search_term_string}\"},\"query-input\":{\"@type\":\"PropertyValueSpecification\",\"valueRequired\":true,\"valueName\":\"search_term_string\"}}],\"inLanguage\":\"az\"},{\"@type\":\"Organization\",\"@id\":\"https:\\\/\\\/www.meydan.tv\\\/az\\\/#organization\",\"name\":\"Meydan TV\",\"url\":\"https:\\\/\\\/www.meydan.tv\\\/az\\\/\",\"logo\":{\"@type\":\"ImageObject\",\"inLanguage\":\"az\",\"@id\":\"https:\\\/\\\/www.meydan.tv\\\/az\\\/#\\\/schema\\\/logo\\\/image\\\/\",\"url\":\"https:\\\/\\\/www.meydan.tv\\\/wp-content\\\/uploads\\\/2021\\\/07\\\/meydan-logo.svg\",\"contentUrl\":\"https:\\\/\\\/www.meydan.tv\\\/wp-content\\\/uploads\\\/2021\\\/07\\\/meydan-logo.svg\",\"width\":195,\"height\":46,\"caption\":\"Meydan TV\"},\"image\":{\"@id\":\"https:\\\/\\\/www.meydan.tv\\\/az\\\/#\\\/schema\\\/logo\\\/image\\\/\"}},{\"@type\":\"Person\",\"@id\":\"https:\\\/\\\/www.meydan.tv\\\/az\\\/#\\\/schema\\\/person\\\/10d11eccf6da3662cf5fdab9806ea91a\",\"name\":\"user-manager\"}]}<\/script>\n<!-- \/ Yoast SEO plugin. -->","yoast_head_json":{"title":"Az\u0259rbaycan medias\u0131 kritik h\u0259dd\u0259dir - MEYDAN.TV","robots":{"index":"index","follow":"follow","max-snippet":"max-snippet:-1","max-image-preview":"max-image-preview:large","max-video-preview":"max-video-preview:-1"},"canonical":"https:\/\/www.meydan.tv\/az\/article\/azerbaycan-mediasi-kritik-heddedir\/","og_locale":"az_AZ","og_type":"article","og_title":"Az\u0259rbaycan medias\u0131 kritik h\u0259dd\u0259dir - MEYDAN.TV","og_description":"Yax\u0131n zamanlarda b\u00fct\u00fcn s\u0259sl\u0259rin k\u0259silm\u0259si s\u00fcrpriz olmayacaq","og_url":"https:\/\/www.meydan.tv\/az\/article\/azerbaycan-mediasi-kritik-heddedir\/","og_site_name":"MEYDAN.TV","article_published_time":"2017-06-15T17:18:14+00:00","og_image":[{"width":1280,"height":720,"url":"https:\/\/www.meydan.tv\/wp-content\/uploads\/24171.jpg","type":"image\/jpeg"}],"author":"user-manager","twitter_card":"summary_large_image","schema":{"@context":"https:\/\/schema.org","@graph":[{"@type":"Article","@id":"https:\/\/www.meydan.tv\/az\/article\/azerbaycan-mediasi-kritik-heddedir\/#article","isPartOf":{"@id":"https:\/\/www.meydan.tv\/az\/article\/azerbaycan-mediasi-kritik-heddedir\/"},"author":{"name":"user-manager","@id":"https:\/\/www.meydan.tv\/az\/#\/schema\/person\/10d11eccf6da3662cf5fdab9806ea91a"},"headline":"Az\u0259rbaycan medias\u0131 kritik h\u0259dd\u0259dir","datePublished":"2017-06-15T17:18:14+00:00","mainEntityOfPage":{"@id":"https:\/\/www.meydan.tv\/az\/article\/azerbaycan-mediasi-kritik-heddedir\/"},"wordCount":869,"publisher":{"@id":"https:\/\/www.meydan.tv\/az\/#organization"},"image":{"@id":"https:\/\/www.meydan.tv\/az\/article\/azerbaycan-mediasi-kritik-heddedir\/#primaryimage"},"thumbnailUrl":"https:\/\/www.meydan.tv\/wp-content\/uploads\/24171.jpg","articleSection":["Analitika"],"inLanguage":"az"},{"@type":"WebPage","@id":"https:\/\/www.meydan.tv\/az\/article\/azerbaycan-mediasi-kritik-heddedir\/","url":"https:\/\/www.meydan.tv\/az\/article\/azerbaycan-mediasi-kritik-heddedir\/","name":"Az\u0259rbaycan medias\u0131 kritik h\u0259dd\u0259dir - MEYDAN.TV","isPartOf":{"@id":"https:\/\/www.meydan.tv\/az\/#website"},"primaryImageOfPage":{"@id":"https:\/\/www.meydan.tv\/az\/article\/azerbaycan-mediasi-kritik-heddedir\/#primaryimage"},"image":{"@id":"https:\/\/www.meydan.tv\/az\/article\/azerbaycan-mediasi-kritik-heddedir\/#primaryimage"},"thumbnailUrl":"https:\/\/www.meydan.tv\/wp-content\/uploads\/24171.jpg","datePublished":"2017-06-15T17:18:14+00:00","breadcrumb":{"@id":"https:\/\/www.meydan.tv\/az\/article\/azerbaycan-mediasi-kritik-heddedir\/#breadcrumb"},"inLanguage":"az","potentialAction":[{"@type":"ReadAction","target":["https:\/\/www.meydan.tv\/az\/article\/azerbaycan-mediasi-kritik-heddedir\/"]}]},{"@type":"ImageObject","inLanguage":"az","@id":"https:\/\/www.meydan.tv\/az\/article\/azerbaycan-mediasi-kritik-heddedir\/#primaryimage","url":"https:\/\/www.meydan.tv\/wp-content\/uploads\/24171.jpg","contentUrl":"https:\/\/www.meydan.tv\/wp-content\/uploads\/24171.jpg","width":1280,"height":720,"caption":"Source:"},{"@type":"BreadcrumbList","@id":"https:\/\/www.meydan.tv\/az\/article\/azerbaycan-mediasi-kritik-heddedir\/#breadcrumb","itemListElement":[{"@type":"ListItem","position":1,"name":"Ana s\u0259hif\u0259","item":"https:\/\/www.meydan.tv\/az\/"},{"@type":"ListItem","position":2,"name":"Analitika","item":"https:\/\/www.meydan.tv\/az\/section\/analitika\/"},{"@type":"ListItem","position":3,"name":"Az\u0259rbaycan medias\u0131 kritik h\u0259dd\u0259dir"}]},{"@type":"WebSite","@id":"https:\/\/www.meydan.tv\/az\/#website","url":"https:\/\/www.meydan.tv\/az\/","name":"MEYDAN.TV","description":"Meydan TV Az\u0259rbaycan\u0131n media m\u0259kan\u0131ndak\u0131 alternativ s\u0259sidir","publisher":{"@id":"https:\/\/www.meydan.tv\/az\/#organization"},"potentialAction":[{"@type":"SearchAction","target":{"@type":"EntryPoint","urlTemplate":"https:\/\/www.meydan.tv\/az\/?s={search_term_string}"},"query-input":{"@type":"PropertyValueSpecification","valueRequired":true,"valueName":"search_term_string"}}],"inLanguage":"az"},{"@type":"Organization","@id":"https:\/\/www.meydan.tv\/az\/#organization","name":"Meydan TV","url":"https:\/\/www.meydan.tv\/az\/","logo":{"@type":"ImageObject","inLanguage":"az","@id":"https:\/\/www.meydan.tv\/az\/#\/schema\/logo\/image\/","url":"https:\/\/www.meydan.tv\/wp-content\/uploads\/2021\/07\/meydan-logo.svg","contentUrl":"https:\/\/www.meydan.tv\/wp-content\/uploads\/2021\/07\/meydan-logo.svg","width":195,"height":46,"caption":"Meydan TV"},"image":{"@id":"https:\/\/www.meydan.tv\/az\/#\/schema\/logo\/image\/"}},{"@type":"Person","@id":"https:\/\/www.meydan.tv\/az\/#\/schema\/person\/10d11eccf6da3662cf5fdab9806ea91a","name":"user-manager"}]}},"_links":{"self":[{"href":"https:\/\/www.meydan.tv\/az\/wp-json\/wp\/v2\/posts\/184965","targetHints":{"allow":["GET"]}}],"collection":[{"href":"https:\/\/www.meydan.tv\/az\/wp-json\/wp\/v2\/posts"}],"about":[{"href":"https:\/\/www.meydan.tv\/az\/wp-json\/wp\/v2\/types\/post"}],"author":[{"embeddable":true,"href":"https:\/\/www.meydan.tv\/az\/wp-json\/wp\/v2\/users\/11"}],"replies":[{"embeddable":true,"href":"https:\/\/www.meydan.tv\/az\/wp-json\/wp\/v2\/comments?post=184965"}],"version-history":[{"count":0,"href":"https:\/\/www.meydan.tv\/az\/wp-json\/wp\/v2\/posts\/184965\/revisions"}],"wp:featuredmedia":[{"embeddable":true,"href":"https:\/\/www.meydan.tv\/az\/wp-json\/wp\/v2\/media\/63408"}],"wp:attachment":[{"href":"https:\/\/www.meydan.tv\/az\/wp-json\/wp\/v2\/media?parent=184965"}],"wp:term":[{"taxonomy":"category","embeddable":true,"href":"https:\/\/www.meydan.tv\/az\/wp-json\/wp\/v2\/categories?post=184965"},{"taxonomy":"post_tag","embeddable":true,"href":"https:\/\/www.meydan.tv\/az\/wp-json\/wp\/v2\/tags?post=184965"}],"curies":[{"name":"wp","href":"https:\/\/api.w.org\/{rel}","templated":true}]}}