{"id":184942,"date":"2017-06-15T00:39:03","date_gmt":"2017-06-15T00:39:03","guid":{"rendered":"https:\/\/www.meydan.tv\/article\/heyatimizi-ve-isimizi-menalandiran-proses\/"},"modified":"2017-06-15T00:39:03","modified_gmt":"2017-06-15T00:39:03","slug":"heyatimizi-ve-isimizi-menalandiran-proses","status":"publish","type":"post","link":"https:\/\/www.meydan.tv\/az\/article\/heyatimizi-ve-isimizi-menalandiran-proses\/","title":{"rendered":"H\u0259yat\u0131m\u0131z\u0131 v\u0259 i\u015fimizi m\u0259naland\u0131ran proses&#8230;"},"content":{"rendered":"<figure class=\"wp-block-image size-large\">\n  <img decoding=\"async\" src=\"https:\/\/www.meydan.tv\/az\/gunel-movlud-illustrasiya\/\" alt=\"G\u00fcnel M\u00f6vlud (ill\u00fcstrasiya)\" class=\"wp-image-79558\"\/><figcaption>\n    G\u00fcnel M\u00f6vlud (ill\u00fcstrasiya)<br \/>\n  <\/figcaption><\/figure>\n<p>\n  \u0130ki h\u0259ft\u0259 \u0259vv\u0259l Norve\u00e7d\u0259 \u0259d\u0259biyyat festival\u0131nda i\u015ftirak edirdim. 4 g\u00fcn \u00e7\u0259k\u0259n festivalda jurnalistl\u0259rin d\u0259 i\u015fin\u0259 geni\u015f yer ayr\u0131lm\u0131\u015fd\u0131. M\u00fczakir\u0259 m\u00f6vzular\u0131ndan biri d\u0259 Norve\u00e7\u0259 g\u0259lib, \u00f6z i\u015fini davam ed\u0259 bilm\u0259y\u0259n jurnalistl\u0259rin problemi idi.\n<\/p>\n<p>\n  Norve\u00e7 50 \u015f\u0259h\u0259rd\u0259n v\u0259 10-dan \u00e7ox \u00f6lk\u0259d\u0259n ibar\u0259t \u201cT\u0259hl\u00fck\u0259siz \u015f\u0259h\u0259r\u201d layih\u0259sind\u0259 (t\u0259hl\u00fck\u0259d\u0259 olan yarad\u0131c\u0131 insanlar\u0131 qorumaq \u00fc\u00e7\u00fcn n\u0259z\u0259rd\u0259 tutulan bir v\u0259 ya iki illik proqram) \u0259n \u00e7ox yaz\u0131\u00e7\u0131, musiqi\u00e7i, r\u0259ssam, jurnalist q\u0259bul ed\u0259n \u00f6lk\u0259dir. Layih\u0259d\u0259ki dig\u0259r \u00f6lk\u0259l\u0259rd\u0259n f\u0259rqli olaraq, qonaq g\u0259l\u0259c\u0259k yarad\u0131c\u0131 insanlara b\u0259ri ba\u015fdan 3 illik oturumla t\u0259min edir (dig\u0259r \u00f6lk\u0259l\u0259r oturumu proqram\u0131n m\u00fcdd\u0259tin\u0259 uygun bir v\u0259 ya iki il verir) v\u0259 3 il bit\u0259nd\u0259n sonra h\u0259min adam v\u0259 ail\u0259si inteqrasiya edibs\u0259, sonsuz ya\u015fay\u0131\u015f izni il\u0259 t\u0259min edir. Qal\u0131r daha 4 il ke\u00e7\u0259nd\u0259n sonra v\u0259t\u0259nda\u015fl\u0131q almaq. Bu da cinay\u0259t etm\u0259diyin, dil \u00f6yr\u0259nib inteqrasiya el\u0259diyin halda \u00e7ox m\u00fcmk\u00fcnd\u00fcr.\n<\/p>\n<p>\n  Amma ortaya dig\u0259r probleml\u0259r \u00e7\u0131x\u0131r. Norve\u00e7in bu jurnalistl\u0259r \u00fc\u00e7\u00fcn n\u0259z\u0259rd\u0259 tutdu\u011fu iki illik maa\u015fl\u0131 inteqrasiya proqram\u0131 bit\u0259nd\u0259n sonra qonaq g\u0259lmi\u015f jurnalistl\u0259r qal\u0131r havada. N\u0259z\u0259r\u0259 alsaq ki, h\u0259tta Norve\u00e7 dilinin da\u015f\u0131y\u0131c\u0131s\u0131 olan yerli jurnalistl\u0259r \u00fc\u00e7\u00fcn i\u015f tapmaq el\u0259 d\u0259 asan deyil, onda dil\u0259 alababat yiy\u0259l\u0259nmi\u015f, hans\u0131 m\u00f6vzular\u0131n trend oldu\u011funu bilm\u0259y\u0259n, Norve\u00e7 c\u0259miyy\u0259tini yax\u015f\u0131 tan\u0131mayan g\u0259lm\u0259 jurnalistl\u0259rin m\u0259tbuatda i\u015f tapmaq \u015fanslar\u0131 \u00e7ox az olur. Buna g\u00f6r\u0259 d\u0259, onlar sosial yard\u0131m\u0131n \u00fcmidin\u0259 qalmamaq \u00fc\u00e7\u00fcn m\u00fcxt\u0259lif fiziki z\u0259hm\u0259t t\u0259l\u0259b ed\u0259n s\u00fcr\u00fcc\u00fcl\u00fck, market i\u015fi kimi asan \u00f6yr\u0259nilib, x\u00fcsusi intellektual y\u00fck t\u0259l\u0259b etm\u0259y\u0259n i\u015fl\u0259r\u0259 getm\u0259li olurlar.\n<\/p>\n<p>\n  Bu hal \u00e7oxuna depressiv t\u0259sir edir. Baxmayaraq ki, Norve\u00e7d\u0259 insanlarda he\u00e7 bir i\u015f\u0259 yuxar\u0131dan a\u015fa\u011f\u0131 baxmaq kimi bir v\u0259rdi\u015f yoxdur, burda adamlar b\u00fct\u00fcn n\u00f6v z\u0259hm\u0259tl\u0259 m\u0259\u015f\u011ful olanlara eyni ehtiram dolu g\u00f6zl\u0259rl\u0259 bax\u0131r. Yen\u0259 d\u0259 s\u00fcr\u00fcc\u00fcl\u00fck etm\u0259li olan g\u0259lm\u0259 jurnalist \u00f6z\u00fcn\u00fc \u00e7ox pis hiss edir. Ax\u0131 m\u0259s\u0259l\u0259 h\u0259m d\u0259 \u00f6z i\u015fin\u0259 ba\u011fl\u0131l\u0131qda, sevgid\u0259, v\u0259rdi\u015fd\u0259dir.\n<\/p>\n<p>\n  M\u00fczakir\u0259d\u0259 S\u0259rh\u0259dsiz Reportyorlar v\u0259 \u0130CORN t\u0259\u015fkilat\u0131n\u0131n d\u0259v\u0259ti il\u0259 \u00f6z\u00fcm\u00fcn v\u0259t\u0259ndan uzaqda i\u015fl\u0259m\u0259k t\u0259cr\u00fcb\u0259md\u0259n dan\u0131\u015fd\u0131m. Rus dilinin m\u0259n\u0259 a\u00e7d\u0131\u011f\u0131 imkanlardan, bu imkanlar\u0131n say\u0259sind\u0259 t\u0259kc\u0259 Az\u0259rbaycan\u0131n s\u00fcrg\u00fcnd\u0259ki medias\u0131 il\u0259 deyil, h\u0259m d\u0259 postsovet \u00f6lk\u0259l\u0259rinin m\u0259tbuat\u0131 iil\u0259 \u0259m\u0259kda\u015fl\u0131q etdiyimd\u0259n dan\u0131\u015fd\u0131m. Bir \u00f6lk\u0259ni deyil, b\u00fct\u00fcn regionu tan\u0131ma\u011f\u0131n, izl\u0259m\u0259yin, bu regionda \u0259laq\u0259l\u0259r qurma\u011f\u0131n vacibliyind\u0259n, sosial \u015f\u0259b\u0259k\u0259l\u0259rin xaricd\u0259n i\u015fl\u0259y\u0259n jurnalistl\u0259r\u0259 a\u00e7d\u0131\u011f\u0131 imkanlardan v\u0259 s.\n<\/p>\n<p>\n  Opponentl\u0259rimd\u0259n biri Norve\u00e7d\u0259 b\u00f6y\u00fck q\u0259zetl\u0259rd\u0259n birinin redaktoru idi. O, ba\u015fqa maraql\u0131 bir problemd\u0259n dan\u0131\u015fd\u0131. Dedi ki, bizim g\u0259lm\u0259 jurnalistl\u0259r\u0259 i\u015f verdiyimiz d\u0259 az olmur. Amma bu zaman ortaya bizim al\u0131\u015fmad\u0131\u011f\u0131m\u0131z probleml\u0259r \u00e7\u0131x\u0131r. Bir qayda olaraq, bura g\u0259l\u0259n jurnalistl\u0259r \u00f6z \u00f6lk\u0259l\u0259rind\u0259 vacib adamlardan biri olublar v\u0259 buna g\u00f6r\u0259 d\u0259 hakimiyy\u0259tl\u0259ri il\u0259 probleml\u0259ri yaran\u0131b. \u00d6z \u00f6lk\u0259l\u0259rind\u0259 B\u0259\u015f\u0259r \u018fs\u0259dl\u0259, Putinl\u0259, Xamneyi il\u0259 \u0259ll\u0259\u015f\u0259n adamlar g\u0259libl\u0259r bura. Biz d\u0259 onlara tap\u015f\u0131r\u0131q veririk ki, get u\u015faq ba\u011f\u00e7as\u0131ndan reportaj haz\u0131rla. Jurnalistin \u00fcz\u00fc d\u0259yi\u015fir. Deyir, n\u0259 u\u015faq ba\u011f\u00e7as\u0131, m\u0259n \u00f6z \u00f6lk\u0259md\u0259 B\u0259\u015f\u0259r \u018fs\u0259d rejimi il\u0259 infiomasiya m\u00fcbariz\u0259si aparm\u0131\u015fam.\n<\/p>\n<p>\n  Biz o adama uzun-uzad\u0131 izah edirik ki, Norve\u00e7d\u0259 B\u0259\u015f\u0259r \u018fs\u0259d yoxdur. Olmayacaq da. Burda sizin \u00f6lk\u0259d\u0259 jurnalistin q\u0259l\u0259mini iti ed\u0259n, \u00f6z\u00fcn\u00fc ulduz ed\u0259n m\u00f6vzular tapmaq m\u00fcmk\u00fcn deyil. Burda hans\u0131sa \u015f\u0259h\u0259r q\u0259zetind\u0259 \u0259n maraql\u0131, oxunan m\u0259qal\u0259l\u0259rd\u0259n biri \u015f\u0259h\u0259rin m\u0259kt\u0259bl\u0259rind\u0259n, idar\u0259sind\u0259n, yolundan b\u0259hs ed\u0259n bir \u015fey ola bil\u0259r. T\u0259nqid d\u0259 t\u0259hl\u00fck\u0259 yaratm\u0131r, kimi ist\u0259yirsiz t\u0259nqid edin. Sad\u0259c\u0259 o t\u0259nqid bizim oxuculara maraql\u0131 deyils\u0259, biz davaml\u0131 onlar\u0131 \u00e7ap ed\u0259 bilm\u0259rik. B\u00fct\u00fcn bu hallar da yen\u0259 h\u0259min jurnalistl\u0259r\u0259 depressiv t\u0259sir ba\u011f\u0131\u015flay\u0131r, \u00f6z\u00fcn\u00fc burda laz\u0131ms\u0131z, boz adam kimi hiss etm\u0259sin\u0259 s\u0259b\u0259b olur. S\u00f6z\u00fcn a\u00e7\u0131\u011f\u0131, biz bilmirik ki, bu problemi nec\u0259 h\u0259ll ed\u0259k. \u00d6zl\u0259ri d\u0259 s\u00f6zl\u0259 i\u015fl\u0259y\u0259 bil\u0259n adamlard\u0131r. B\u0259z\u0259n el\u0259 s\u00f6z deyirl\u0259r ki, \u00e7ox pis oluruq. M\u0259s\u0259l\u0259n, o g\u00fcn biri deyir ki, siz bizi bura g\u0259tirib h\u0259yat\u0131m\u0131z\u0131 xilas etdiniz, amma pe\u015f\u0259mizi \u00f6ld\u00fcrd\u00fcn\u00fcz. \u0130nsan kimi xilas edib, jurnalist kimi bizi m\u0259hv edirsiz.\n<\/p>\n<p>\n  Daha sonra Norve\u00e7d\u0259 qonaq olan jurnalistl\u0259r dan\u0131\u015fd\u0131. Onlar\u0131n ham\u0131s\u0131 pe\u015f\u0259 f\u0259aliyy\u0259tini dayand\u0131rma\u011fa m\u0259cbur olmu\u015fdular. Bu adamlar\u0131, onlar\u0131n probleml\u0259rini dinl\u0259dikc\u0259, \u00f6z\u00fcm\u00fcn, h\u0259mkarlar\u0131m\u0131n jurnalist kimi nec\u0259 \u015fansl\u0131 oldu\u011fumuzu d\u00fc\u015f\u00fcn\u00fcrd\u00fcm. G\u00f6r\u00fcn, bizim h\u0259yat\u0131m\u0131z\u0131, i\u015fimizi m\u0259naland\u0131ran n\u0259 q\u0259d\u0259r problem, m\u0259murlar, hallar var. Bir g\u00fcn d\u0259 olsun dar\u0131xma\u011fa, m\u00f6vzu q\u0131tl\u0131\u011f\u0131 \u00e7\u0259km\u0259y\u0259 vaxt\u0131m\u0131z olmur. Korrupsiya bir yandan, h\u0259bsl\u0259r bir yandan, t\u0259xyiql\u0259r bir yandan&#8230;.\n<\/p>\n<p>\n  Bir anl\u0131q t\u0259s\u0259vv\u00fcr el\u0259dim ki, \u015f\u0259xs\u0259n \u00f6z\u00fcm Az\u0259rbaycanda deyil, sivil, m\u00fcasir, probleml\u0259ri az olan \u00f6lk\u0259d\u0259 ya\u015fayan q\u0259l\u0259m adam\u0131 olayd\u0131m. El\u0259 bir \u00f6lk\u0259d\u0259 ki, orda xalq m\u00fcasir, hakimiyy\u0259t t\u0259nqid\u0259 a\u00e7\u0131q, korrupsiya yox, t\u0259hsil yax\u015f\u0131d\u0131r. M\u0259nim v\u0259 h\u0259mkarlar\u0131m\u0131n taleyi nec\u0259 olacaqd\u0131? Biz n\u0259 ed\u0259c\u0259kdik? A\u011fl\u0131ma he\u00e7 n\u0259 g\u0259lmir.\n<\/p>\n<p>\n  Almaniyada ya\u015fayanda bir d\u0259f\u0259 r\u0259ssam dostumuz Niki dedi ki, bax, siz \u015fikay\u0259tl\u0259nirsiniz, amma \u0259slind\u0259 \u00e7ox xo\u015fb\u0259xt insanlars\u0131n\u0131z. H\u0259yat\u0131n\u0131z\u0131, i\u015finizi t\u0259hl\u00fck\u0259li etm\u0259kl\u0259 yana\u015f\u0131, ona maraq, mac\u0259ra qatan bir rejim var \u00f6lk\u0259nizd\u0259. Amma m\u0259n oturub d\u00fc\u015f\u00fcn\u00fcr\u0259m ki, n\u0259 edim, h\u0259yat\u0131m\u0131 nec\u0259 m\u0259nal\u0131 edim, hara s\u0259f\u0259r edim?\n<\/p>\n<p>\n  N\u0259 bilim, demir\u0259m biz minn\u0259tdar olmal\u0131y\u0131q h\u0259yat\u0131m\u0131z\u0131 v\u0259 i\u015fimizi bel\u0259 maraql\u0131 ed\u0259n probleml\u0259r\u0259, amma b\u0259lk\u0259 d\u0259, biz\u0259 el\u0259 bu laz\u0131m idi. B\u0259lk\u0259 biz ba\u015fqa c\u00fcr he\u00e7 ya\u015faya da bilm\u0259zdik?!\n<\/p>\n<p>\n  <i><br \/>\n    <b><br \/>\n      Yaz\u0131 m\u00fc\u0259llifin fikirl\u0259rini \u0259ks etdirir v\u0259 Meydan TV-nin m\u00f6vqeyi il\u0259 \u00fcst-\u00fcst\u0259 d\u00fc\u015fm\u0259y\u0259 bil\u0259r.<br \/>\n    <\/b><br \/>\n  <\/i><\/p>\n","protected":false},"excerpt":{"rendered":"<p>\u0130ki h\u0259ft\u0259 \u0259vv\u0259l Norve\u00e7d\u0259 \u0259d\u0259biyyat festival\u0131nda i\u015ftirak edirdim.<\/p>\n","protected":false},"author":11,"featured_media":79558,"comment_status":"closed","ping_status":"open","sticky":false,"template":"","format":"standard","meta":{"_acf_changed":false,"_sitemap_exclude":false,"_sitemap_priority":"","_sitemap_frequency":"","footnotes":""},"categories":[57],"tags":[],"class_list":["post-184942","post","type-post","status-publish","format-standard","has-post-thumbnail","hentry","category-menim-fikrimce","infinite-scroll-item","generate-columns","tablet-grid-50","mobile-grid-100","grid-parent","grid-33","no-featured-image-padding"],"acf":[],"yoast_head":"<!-- This site is optimized with the Yoast SEO plugin v27.5 - https:\/\/yoast.com\/product\/yoast-seo-wordpress\/ -->\n<title>H\u0259yat\u0131m\u0131z\u0131 v\u0259 i\u015fimizi m\u0259naland\u0131ran proses... - MEYDAN.TV<\/title>\n<meta name=\"robots\" content=\"index, follow, max-snippet:-1, max-image-preview:large, max-video-preview:-1\" \/>\n<link rel=\"canonical\" href=\"https:\/\/www.meydan.tv\/az\/article\/heyatimizi-ve-isimizi-menalandiran-proses\/\" \/>\n<meta property=\"og:locale\" content=\"az_AZ\" \/>\n<meta property=\"og:type\" content=\"article\" \/>\n<meta property=\"og:title\" content=\"H\u0259yat\u0131m\u0131z\u0131 v\u0259 i\u015fimizi m\u0259naland\u0131ran proses... - MEYDAN.TV\" \/>\n<meta property=\"og:description\" content=\"\u0130ki h\u0259ft\u0259 \u0259vv\u0259l Norve\u00e7d\u0259 \u0259d\u0259biyyat festival\u0131nda i\u015ftirak edirdim.\" \/>\n<meta property=\"og:url\" content=\"https:\/\/www.meydan.tv\/az\/article\/heyatimizi-ve-isimizi-menalandiran-proses\/\" \/>\n<meta property=\"og:site_name\" content=\"MEYDAN.TV\" \/>\n<meta property=\"article:published_time\" content=\"2017-06-15T00:39:03+00:00\" \/>\n<meta property=\"og:image\" content=\"https:\/\/www.meydan.tv\/wp-content\/uploads\/31012.png\" \/>\n\t<meta property=\"og:image:width\" content=\"1000\" \/>\n\t<meta property=\"og:image:height\" content=\"560\" \/>\n\t<meta property=\"og:image:type\" content=\"image\/png\" \/>\n<meta name=\"author\" content=\"user-manager\" \/>\n<meta name=\"twitter:card\" content=\"summary_large_image\" \/>\n<script type=\"application\/ld+json\" class=\"yoast-schema-graph\">{\"@context\":\"https:\\\/\\\/schema.org\",\"@graph\":[{\"@type\":\"Article\",\"@id\":\"https:\\\/\\\/www.meydan.tv\\\/az\\\/article\\\/heyatimizi-ve-isimizi-menalandiran-proses\\\/#article\",\"isPartOf\":{\"@id\":\"https:\\\/\\\/www.meydan.tv\\\/az\\\/article\\\/heyatimizi-ve-isimizi-menalandiran-proses\\\/\"},\"author\":{\"name\":\"user-manager\",\"@id\":\"https:\\\/\\\/www.meydan.tv\\\/az\\\/#\\\/schema\\\/person\\\/10d11eccf6da3662cf5fdab9806ea91a\"},\"headline\":\"H\u0259yat\u0131m\u0131z\u0131 v\u0259 i\u015fimizi m\u0259naland\u0131ran proses&#8230;\",\"datePublished\":\"2017-06-15T00:39:03+00:00\",\"mainEntityOfPage\":{\"@id\":\"https:\\\/\\\/www.meydan.tv\\\/az\\\/article\\\/heyatimizi-ve-isimizi-menalandiran-proses\\\/\"},\"wordCount\":1252,\"publisher\":{\"@id\":\"https:\\\/\\\/www.meydan.tv\\\/az\\\/#organization\"},\"image\":{\"@id\":\"https:\\\/\\\/www.meydan.tv\\\/az\\\/article\\\/heyatimizi-ve-isimizi-menalandiran-proses\\\/#primaryimage\"},\"thumbnailUrl\":\"https:\\\/\\\/www.meydan.tv\\\/wp-content\\\/uploads\\\/31012.png\",\"articleSection\":[\"M\u0259nim Fikrimc\u0259\"],\"inLanguage\":\"az\"},{\"@type\":\"WebPage\",\"@id\":\"https:\\\/\\\/www.meydan.tv\\\/az\\\/article\\\/heyatimizi-ve-isimizi-menalandiran-proses\\\/\",\"url\":\"https:\\\/\\\/www.meydan.tv\\\/az\\\/article\\\/heyatimizi-ve-isimizi-menalandiran-proses\\\/\",\"name\":\"H\u0259yat\u0131m\u0131z\u0131 v\u0259 i\u015fimizi m\u0259naland\u0131ran proses... - MEYDAN.TV\",\"isPartOf\":{\"@id\":\"https:\\\/\\\/www.meydan.tv\\\/az\\\/#website\"},\"primaryImageOfPage\":{\"@id\":\"https:\\\/\\\/www.meydan.tv\\\/az\\\/article\\\/heyatimizi-ve-isimizi-menalandiran-proses\\\/#primaryimage\"},\"image\":{\"@id\":\"https:\\\/\\\/www.meydan.tv\\\/az\\\/article\\\/heyatimizi-ve-isimizi-menalandiran-proses\\\/#primaryimage\"},\"thumbnailUrl\":\"https:\\\/\\\/www.meydan.tv\\\/wp-content\\\/uploads\\\/31012.png\",\"datePublished\":\"2017-06-15T00:39:03+00:00\",\"breadcrumb\":{\"@id\":\"https:\\\/\\\/www.meydan.tv\\\/az\\\/article\\\/heyatimizi-ve-isimizi-menalandiran-proses\\\/#breadcrumb\"},\"inLanguage\":\"az\",\"potentialAction\":[{\"@type\":\"ReadAction\",\"target\":[\"https:\\\/\\\/www.meydan.tv\\\/az\\\/article\\\/heyatimizi-ve-isimizi-menalandiran-proses\\\/\"]}]},{\"@type\":\"ImageObject\",\"inLanguage\":\"az\",\"@id\":\"https:\\\/\\\/www.meydan.tv\\\/az\\\/article\\\/heyatimizi-ve-isimizi-menalandiran-proses\\\/#primaryimage\",\"url\":\"https:\\\/\\\/www.meydan.tv\\\/wp-content\\\/uploads\\\/31012.png\",\"contentUrl\":\"https:\\\/\\\/www.meydan.tv\\\/wp-content\\\/uploads\\\/31012.png\",\"width\":1000,\"height\":560,\"caption\":\"Source:\"},{\"@type\":\"BreadcrumbList\",\"@id\":\"https:\\\/\\\/www.meydan.tv\\\/az\\\/article\\\/heyatimizi-ve-isimizi-menalandiran-proses\\\/#breadcrumb\",\"itemListElement\":[{\"@type\":\"ListItem\",\"position\":1,\"name\":\"Ana s\u0259hif\u0259\",\"item\":\"https:\\\/\\\/www.meydan.tv\\\/az\\\/\"},{\"@type\":\"ListItem\",\"position\":2,\"name\":\"M\u0259nim Fikrimc\u0259\",\"item\":\"https:\\\/\\\/www.meydan.tv\\\/az\\\/section\\\/menim-fikrimce\\\/\"},{\"@type\":\"ListItem\",\"position\":3,\"name\":\"H\u0259yat\u0131m\u0131z\u0131 v\u0259 i\u015fimizi m\u0259naland\u0131ran proses&#8230;\"}]},{\"@type\":\"WebSite\",\"@id\":\"https:\\\/\\\/www.meydan.tv\\\/az\\\/#website\",\"url\":\"https:\\\/\\\/www.meydan.tv\\\/az\\\/\",\"name\":\"MEYDAN.TV\",\"description\":\"Meydan TV Az\u0259rbaycan\u0131n media m\u0259kan\u0131ndak\u0131 alternativ s\u0259sidir\",\"publisher\":{\"@id\":\"https:\\\/\\\/www.meydan.tv\\\/az\\\/#organization\"},\"potentialAction\":[{\"@type\":\"SearchAction\",\"target\":{\"@type\":\"EntryPoint\",\"urlTemplate\":\"https:\\\/\\\/www.meydan.tv\\\/az\\\/?s={search_term_string}\"},\"query-input\":{\"@type\":\"PropertyValueSpecification\",\"valueRequired\":true,\"valueName\":\"search_term_string\"}}],\"inLanguage\":\"az\"},{\"@type\":\"Organization\",\"@id\":\"https:\\\/\\\/www.meydan.tv\\\/az\\\/#organization\",\"name\":\"Meydan TV\",\"url\":\"https:\\\/\\\/www.meydan.tv\\\/az\\\/\",\"logo\":{\"@type\":\"ImageObject\",\"inLanguage\":\"az\",\"@id\":\"https:\\\/\\\/www.meydan.tv\\\/az\\\/#\\\/schema\\\/logo\\\/image\\\/\",\"url\":\"https:\\\/\\\/www.meydan.tv\\\/wp-content\\\/uploads\\\/2021\\\/07\\\/meydan-logo.svg\",\"contentUrl\":\"https:\\\/\\\/www.meydan.tv\\\/wp-content\\\/uploads\\\/2021\\\/07\\\/meydan-logo.svg\",\"width\":195,\"height\":46,\"caption\":\"Meydan TV\"},\"image\":{\"@id\":\"https:\\\/\\\/www.meydan.tv\\\/az\\\/#\\\/schema\\\/logo\\\/image\\\/\"}},{\"@type\":\"Person\",\"@id\":\"https:\\\/\\\/www.meydan.tv\\\/az\\\/#\\\/schema\\\/person\\\/10d11eccf6da3662cf5fdab9806ea91a\",\"name\":\"user-manager\"}]}<\/script>\n<!-- \/ Yoast SEO plugin. -->","yoast_head_json":{"title":"H\u0259yat\u0131m\u0131z\u0131 v\u0259 i\u015fimizi m\u0259naland\u0131ran proses... - MEYDAN.TV","robots":{"index":"index","follow":"follow","max-snippet":"max-snippet:-1","max-image-preview":"max-image-preview:large","max-video-preview":"max-video-preview:-1"},"canonical":"https:\/\/www.meydan.tv\/az\/article\/heyatimizi-ve-isimizi-menalandiran-proses\/","og_locale":"az_AZ","og_type":"article","og_title":"H\u0259yat\u0131m\u0131z\u0131 v\u0259 i\u015fimizi m\u0259naland\u0131ran proses... - MEYDAN.TV","og_description":"\u0130ki h\u0259ft\u0259 \u0259vv\u0259l Norve\u00e7d\u0259 \u0259d\u0259biyyat festival\u0131nda i\u015ftirak edirdim.","og_url":"https:\/\/www.meydan.tv\/az\/article\/heyatimizi-ve-isimizi-menalandiran-proses\/","og_site_name":"MEYDAN.TV","article_published_time":"2017-06-15T00:39:03+00:00","og_image":[{"width":1000,"height":560,"url":"https:\/\/www.meydan.tv\/wp-content\/uploads\/31012.png","type":"image\/png"}],"author":"user-manager","twitter_card":"summary_large_image","schema":{"@context":"https:\/\/schema.org","@graph":[{"@type":"Article","@id":"https:\/\/www.meydan.tv\/az\/article\/heyatimizi-ve-isimizi-menalandiran-proses\/#article","isPartOf":{"@id":"https:\/\/www.meydan.tv\/az\/article\/heyatimizi-ve-isimizi-menalandiran-proses\/"},"author":{"name":"user-manager","@id":"https:\/\/www.meydan.tv\/az\/#\/schema\/person\/10d11eccf6da3662cf5fdab9806ea91a"},"headline":"H\u0259yat\u0131m\u0131z\u0131 v\u0259 i\u015fimizi m\u0259naland\u0131ran proses&#8230;","datePublished":"2017-06-15T00:39:03+00:00","mainEntityOfPage":{"@id":"https:\/\/www.meydan.tv\/az\/article\/heyatimizi-ve-isimizi-menalandiran-proses\/"},"wordCount":1252,"publisher":{"@id":"https:\/\/www.meydan.tv\/az\/#organization"},"image":{"@id":"https:\/\/www.meydan.tv\/az\/article\/heyatimizi-ve-isimizi-menalandiran-proses\/#primaryimage"},"thumbnailUrl":"https:\/\/www.meydan.tv\/wp-content\/uploads\/31012.png","articleSection":["M\u0259nim Fikrimc\u0259"],"inLanguage":"az"},{"@type":"WebPage","@id":"https:\/\/www.meydan.tv\/az\/article\/heyatimizi-ve-isimizi-menalandiran-proses\/","url":"https:\/\/www.meydan.tv\/az\/article\/heyatimizi-ve-isimizi-menalandiran-proses\/","name":"H\u0259yat\u0131m\u0131z\u0131 v\u0259 i\u015fimizi m\u0259naland\u0131ran proses... - MEYDAN.TV","isPartOf":{"@id":"https:\/\/www.meydan.tv\/az\/#website"},"primaryImageOfPage":{"@id":"https:\/\/www.meydan.tv\/az\/article\/heyatimizi-ve-isimizi-menalandiran-proses\/#primaryimage"},"image":{"@id":"https:\/\/www.meydan.tv\/az\/article\/heyatimizi-ve-isimizi-menalandiran-proses\/#primaryimage"},"thumbnailUrl":"https:\/\/www.meydan.tv\/wp-content\/uploads\/31012.png","datePublished":"2017-06-15T00:39:03+00:00","breadcrumb":{"@id":"https:\/\/www.meydan.tv\/az\/article\/heyatimizi-ve-isimizi-menalandiran-proses\/#breadcrumb"},"inLanguage":"az","potentialAction":[{"@type":"ReadAction","target":["https:\/\/www.meydan.tv\/az\/article\/heyatimizi-ve-isimizi-menalandiran-proses\/"]}]},{"@type":"ImageObject","inLanguage":"az","@id":"https:\/\/www.meydan.tv\/az\/article\/heyatimizi-ve-isimizi-menalandiran-proses\/#primaryimage","url":"https:\/\/www.meydan.tv\/wp-content\/uploads\/31012.png","contentUrl":"https:\/\/www.meydan.tv\/wp-content\/uploads\/31012.png","width":1000,"height":560,"caption":"Source:"},{"@type":"BreadcrumbList","@id":"https:\/\/www.meydan.tv\/az\/article\/heyatimizi-ve-isimizi-menalandiran-proses\/#breadcrumb","itemListElement":[{"@type":"ListItem","position":1,"name":"Ana s\u0259hif\u0259","item":"https:\/\/www.meydan.tv\/az\/"},{"@type":"ListItem","position":2,"name":"M\u0259nim Fikrimc\u0259","item":"https:\/\/www.meydan.tv\/az\/section\/menim-fikrimce\/"},{"@type":"ListItem","position":3,"name":"H\u0259yat\u0131m\u0131z\u0131 v\u0259 i\u015fimizi m\u0259naland\u0131ran proses&#8230;"}]},{"@type":"WebSite","@id":"https:\/\/www.meydan.tv\/az\/#website","url":"https:\/\/www.meydan.tv\/az\/","name":"MEYDAN.TV","description":"Meydan TV Az\u0259rbaycan\u0131n media m\u0259kan\u0131ndak\u0131 alternativ s\u0259sidir","publisher":{"@id":"https:\/\/www.meydan.tv\/az\/#organization"},"potentialAction":[{"@type":"SearchAction","target":{"@type":"EntryPoint","urlTemplate":"https:\/\/www.meydan.tv\/az\/?s={search_term_string}"},"query-input":{"@type":"PropertyValueSpecification","valueRequired":true,"valueName":"search_term_string"}}],"inLanguage":"az"},{"@type":"Organization","@id":"https:\/\/www.meydan.tv\/az\/#organization","name":"Meydan TV","url":"https:\/\/www.meydan.tv\/az\/","logo":{"@type":"ImageObject","inLanguage":"az","@id":"https:\/\/www.meydan.tv\/az\/#\/schema\/logo\/image\/","url":"https:\/\/www.meydan.tv\/wp-content\/uploads\/2021\/07\/meydan-logo.svg","contentUrl":"https:\/\/www.meydan.tv\/wp-content\/uploads\/2021\/07\/meydan-logo.svg","width":195,"height":46,"caption":"Meydan TV"},"image":{"@id":"https:\/\/www.meydan.tv\/az\/#\/schema\/logo\/image\/"}},{"@type":"Person","@id":"https:\/\/www.meydan.tv\/az\/#\/schema\/person\/10d11eccf6da3662cf5fdab9806ea91a","name":"user-manager"}]}},"_links":{"self":[{"href":"https:\/\/www.meydan.tv\/az\/wp-json\/wp\/v2\/posts\/184942","targetHints":{"allow":["GET"]}}],"collection":[{"href":"https:\/\/www.meydan.tv\/az\/wp-json\/wp\/v2\/posts"}],"about":[{"href":"https:\/\/www.meydan.tv\/az\/wp-json\/wp\/v2\/types\/post"}],"author":[{"embeddable":true,"href":"https:\/\/www.meydan.tv\/az\/wp-json\/wp\/v2\/users\/11"}],"replies":[{"embeddable":true,"href":"https:\/\/www.meydan.tv\/az\/wp-json\/wp\/v2\/comments?post=184942"}],"version-history":[{"count":0,"href":"https:\/\/www.meydan.tv\/az\/wp-json\/wp\/v2\/posts\/184942\/revisions"}],"wp:featuredmedia":[{"embeddable":true,"href":"https:\/\/www.meydan.tv\/az\/wp-json\/wp\/v2\/media\/79558"}],"wp:attachment":[{"href":"https:\/\/www.meydan.tv\/az\/wp-json\/wp\/v2\/media?parent=184942"}],"wp:term":[{"taxonomy":"category","embeddable":true,"href":"https:\/\/www.meydan.tv\/az\/wp-json\/wp\/v2\/categories?post=184942"},{"taxonomy":"post_tag","embeddable":true,"href":"https:\/\/www.meydan.tv\/az\/wp-json\/wp\/v2\/tags?post=184942"}],"curies":[{"name":"wp","href":"https:\/\/api.w.org\/{rel}","templated":true}]}}