{"id":184803,"date":"2017-06-08T03:02:03","date_gmt":"2017-06-08T03:02:03","guid":{"rendered":"https:\/\/www.meydan.tv\/article\/o-illerin-dostlugu\/"},"modified":"2017-06-08T03:02:03","modified_gmt":"2017-06-08T03:02:03","slug":"o-illerin-dostlugu","status":"publish","type":"post","link":"https:\/\/www.meydan.tv\/az\/article\/o-illerin-dostlugu\/","title":{"rendered":"O ill\u0259rin dostlu\u011fu"},"content":{"rendered":"<figure class=\"wp-block-image size-large\">\n  <img decoding=\"async\" src=\"https:\/\/www.meydan.tv\/az\/gunel-movlud-illustrasiya\/\" alt=\"G\u00fcnel M\u00f6vlud (ill\u00fcstrasiya)\" class=\"wp-image-79558\"\/><figcaption>\n    G\u00fcnel M\u00f6vlud (ill\u00fcstrasiya)<br \/>\n  <\/figcaption><\/figure>\n<p>\n  H\u0259rd\u0259n qar\u015f\u0131ma 6-7 il \u0259vv\u0259l yax\u0131n \u00fcnsiyy\u0259td\u0259 oldu\u011fum, oturub s\u00f6hb\u0259tl\u0259\u015fdiyimiz, bir-birimiz\u0259 gedi\u015f-g\u0259li\u015fimiz olan, hal-x\u0259tir saxlad\u0131\u011f\u0131m adamlar\u0131n adlar\u0131, \u015f\u0259kill\u0259ri \u00e7\u0131x\u0131r. Yad\u0131ma d\u00fc\u015f\u00fcr ki, bu adamlarla normal m\u00fcnasib\u0259tim olub, b\u0259z\u0259n do\u011fum g\u00fcn\u00fcn\u00fc qeyd etmi\u015fik, o m\u0259clisd\u0259 ham\u0131n\u0131 tan\u0131m\u0131\u015fam. Bir d\u0259 bax\u0131ram ki, bu adam \u00e7oxdan dostlu\u011fumda yoxdur, onun bar\u0259sind\u0259 \u00e7oxdand\u0131r he\u00e7 n\u0259 e\u015fitmir\u0259m, indi d\u0259 qar\u015f\u0131ma \u00e7\u0131xmasayd\u0131, he\u00e7 yad\u0131ma da d\u00fc\u015fm\u0259y\u0259c\u0259kdi.\n<\/p>\n<p>\n  \u00d6z\u00fcm\u0259 sual verir\u0259m, yax\u015f\u0131, dey\u0259k ki, m\u0259ni ba\u015fqa \u00f6lk\u0259l\u0259r, hadis\u0259l\u0259r, ba\u015f\u0131ma g\u0259l\u0259nl\u0259r, i\u015f yorub, \u0259ld\u0259n sal\u0131b, insanlar\u0131n \u00e7oxundan uzaqla\u015fd\u0131r\u0131b. B\u0259s stabil h\u0259yat ya\u015fayan, m\u0259n tan\u0131yandan i\u015fini, evini, he\u00e7 bir \u015feyini d\u0259yi\u015fm\u0259y\u0259n bu adamlar nec\u0259 uzaqla\u015f\u0131blar? Bir d\u0259 bax\u0131ram ki, yox, \u00f6z\u00fcml\u0259 ba\u011fl\u0131 haql\u0131 deyil\u0259m, bu adamlar \u00f6zl\u0259ri \u0259traf\u0131mdan yoxa \u00e7\u0131x\u0131blar. M\u0259n sad\u0259c\u0259 sezm\u0259mi\u015f\u0259m, fikir verm\u0259mi\u015f\u0259m, amma onlarla, b\u0259lk\u0259 d\u0259 y\u00fczl\u0259rl\u0259 insan m\u0259nd\u0259n uzaqla\u015f\u0131b.\n<\/p>\n<p>\n  S\u0259b\u0259bi is\u0259 ayd\u0131nd\u0131r. Qorxu. \u0130\u015fin\u0259 g\u00f6r\u0259, \u00f6z\u00fcn\u0259 g\u00f6r\u0259, karyeras\u0131na g\u00f6r\u0259. Qorxublar, \u00e7\u0131x\u0131\u015f yolunu yoxa \u00e7\u0131xmaqda, uzaqla\u015fmaqda g\u00f6r\u00fcbl\u0259r. M\u0259ns\u0259 sad\u0259c\u0259 f\u0259rqind\u0259 olmam\u0131\u015fam. \u00c7\u00fcnki bu adamlarla 6-7 il \u0259vv\u0259l \u0259yl\u0259nc\u0259 dostu, maraq dostu, i\u015f dostu olmu\u015fam.\n<\/p>\n<p>\n  \u00c7\u00fcnki insanlar\u0131n ba\u015fqalar\u0131 il\u0259 dostluqetm\u0259 s\u0259b\u0259bl\u0259ri m\u00fcxt\u0259lifdir. M\u0259s\u0259l\u0259n, insanlar var, h\u0259yat sad\u0259c\u0259 el\u0259 g\u0259tirir ki, onlar\u0131n \u00f6m\u00fcrl\u0259rind\u0259 he\u00e7 n\u0259 ba\u015f vermir, h\u0259yatlar\u0131 stabildir, bir-birl\u0259rind\u0259n ba\u015fqa el\u0259 d\u0259 \u00e7ox adam tan\u0131may\u0131blar, buna g\u00f6r\u0259 d\u0259 dostluqlar\u0131 \u00f6m\u00fcr boyu davam edib. Adamlar var ki, beyinl\u0259ri dostluq edir. Onlar\u0131 oxuduqlar\u0131, bildikl\u0259ri, axtar\u0131\u015flar\u0131, maraq dair\u0259l\u0259rind\u0259 olan sah\u0259l\u0259r birl\u0259\u015fdirir. El\u0259 adamlar var ki, s\u0259viyy\u0259l\u0259ri dostluq edir. Y\u0259ni insan olaraq xisl\u0259tl\u0259ri, mahiyy\u0259tl\u0259ri ox\u015fard\u0131r, onlara bir-biri il\u0259 rahatd\u0131r, maraql\u0131d\u0131r.\n<\/p>\n<p>\n  Adamlar var ki, x\u0259st\u0259likl\u0259ri, v\u0259rdi\u015fl\u0259ri, hobbil\u0259ri il\u0259 dostluq edirl\u0259r. Narkotik as\u0131l\u0131s\u0131 olan admalar, alkoqol as\u0131l\u0131l\u0131\u011f\u0131 olanlar, qumar x\u0259st\u0259l\u0259ri bir-birin\u0259 maraql\u0131d\u0131r. Eyni zamanda da\u011fa d\u0131rma\u015fanlar, dal\u011f\u0131clar, marka toplayanlar bir-biri il\u0259 h\u0259v\u0259sl\u0259 \u00fcnsiyy\u0259td\u0259 olur, bir-birini axtar\u0131r.\n<\/p>\n<p>\n  Bir qrup insan da var ki, onlar vicdanlar\u0131 il\u0259 bir-birin\u0259 dost olurlar. Bu adamlar bir-birind\u0259n savad, maraq, davran\u0131\u015f bax\u0131m\u0131ndan, \u0259n m\u00fcxt\u0259lif xasiyy\u0259tl\u0259ri il\u0259 f\u0259rql\u0259n\u0259 bil\u0259rl\u0259r. Amma bu f\u0259rqli adamlar\u0131n dostluq etm\u0259sin\u0259, bir-birin\u0259 maraql\u0131 olmas\u0131na s\u0259b\u0259b olan birc\u0259 \u015fey var. M\u00fc\u0259yy\u0259n m\u0259s\u0259l\u0259l\u0259rd\u0259 bu adamlar \u00f6z maraqlar\u0131na, \u00fcmumi r\u0259y\u0259, \u00e7\u0131xara deyil, vicdanlar\u0131na qulaq as\u0131rlar. B\u0259lk\u0259 d\u0259 qalan m\u0259s\u0259l\u0259l\u0259rd\u0259 bu adamlar bir-birin\u0259 bir qram da maraql\u0131 deyill\u0259r, ortada onlar\u0131 birl\u0259\u015fdir\u0259n \u00fcmumi c\u0259h\u0259t &#8211; \u0259dal\u0259tsizlikl\u0259 bar\u0131\u015fmamaq kimi bir xasiyy\u0259t durunca, savad\u0131ndan, mara\u011f\u0131ndan, xasiyy\u0259tind\u0259n as\u0131l\u0131 olmayaraq, onlar birlikd\u0259 ola bilirl\u0259r, bir-birin\u0259 maraql\u0131 ola bilirl\u0259r.\n<\/p>\n<p>\n  6-c\u0131 sinifd\u0259 bir yerd\u0259 oxudu\u011fum bir o\u011flan var. Nec\u0259s\u0259 tan\u0131y\u0131b m\u0259ni sosial \u015f\u0259b\u0259k\u0259l\u0259rd\u0259n. Min yer\u0259 yaz\u0131b ki, biz bir yerd\u0259 oxumu\u015fuq, sinif yolda\u015f\u0131 olmu\u015fuq, indi tapd\u0131m s\u0259ni, m\u0259n\u0259 cavab ver. Girib \u015f\u0259kill\u0259rin\u0259, payla\u015f\u0131mlar\u0131na bax\u0131ram. G\u00f6r\u00fcr\u0259m ki, orta statistik v\u0259t\u0259nda\u015fd\u0131r. Siyas\u0259tl\u0259 maraqlanm\u0131r, d\u00fcnyadan x\u0259b\u0259ri yoxdur, muskul y\u0131\u011f\u0131b, b\u0259d\u0259n \u015fi\u015firdib. D\u00fc\u015f\u00fcn\u00fcr\u0259m ki, tutaq ki, m\u0259n bu adama cavab verdim, h\u0259, salam, sa\u011f ol. Sonra? Sonra bu adamla n\u0259 dan\u0131\u015facam? Harda i\u015fl\u0259diyimi bil\u0259nd\u0259, ba\u015f\u0131ma g\u0259l\u0259nl\u0259ri bil\u0259nd\u0259, \u00f6lk\u0259md\u0259n qa\u00e7aq d\u00fc\u015fd\u00fcy\u00fcm\u00fc, h\u0259mkarlar\u0131m\u0131n h\u0259bs olundu\u011funu, dostlar\u0131m\u0131n yar\u0131s\u0131n\u0131n ya h\u0259bsd\u0259n \u00e7\u0131xd\u0131\u011f\u0131n\u0131, ya da indi h\u0259bsd\u0259 oldu\u011funu bil\u0259nd\u0259 n\u0259 ed\u0259c\u0259k? Q\u0259fil yoxa \u00e7\u0131xacaq, m\u0259ni dostluqdan sil\u0259c\u0259k. Qorxudan gizl\u0259n\u0259c\u0259k. M\u0259n ax\u0131 ona niy\u0259 enerji, vaxt s\u0259rf etm\u0259liy\u0259m?!\n<\/p>\n<p>\n  Bir d\u0259, ax\u0131 o ill\u0259rd\u0259ki biz olaraq dost olmu\u015fuq. \u0130ndi biz ba\u015fqa-ba\u015fqa adamlar\u0131q. \u0130ndi bizi daha he\u00e7 n\u0259 birl\u0259\u015fdirmir. \u0130ndi n\u0259 o \u00f6z\u00fc, n\u0259 o ill\u0259r m\u0259n\u0259 q\u0259tiyy\u0259n maraql\u0131 deyil. Nec\u0259 ki, indi \u0259traf\u0131mdan yoxa \u00e7\u0131xan onlarla adam lap g\u00f6r\u00fc\u015fm\u0259k ist\u0259s\u0259, dan\u0131\u015fmaq, \u00fcnsiyy\u0259t qurmaq ist\u0259s\u0259, m\u0259n\u0259 maraql\u0131 deyill\u0259r, onlarla dan\u0131\u015fma\u011fa s\u00f6z\u00fcm olmayacaq ax\u0131.\n<\/p>\n<p>\n  H\u0259rd\u0259n b\u0259zi dostlar\u0131m yad\u0131ma d\u00fc\u015f\u00fcr. Yad\u0131ma d\u00fc\u015f\u00fcr ki, onlar nec\u0259 m\u0259d\u0259ni, yax\u015f\u0131, pozitiv insanlar idi. Yad\u0131ma d\u00fc\u015f\u00fcr ki, o vaxt m\u0259n\u0259 onlarla nec\u0259 xo\u015f idi. Amma indi o adamlar\u0131 g\u00f6rs\u0259m, bir yerd\u0259 otursaq, 5 d\u0259qiq\u0259d\u0259n art\u0131q he\u00e7 n\u0259 dan\u0131\u015fa bilm\u0259r\u0259m onlarla.\n<\/p>\n<p>\n  Sonra da firkil\u0259r\u015fir\u0259m ki, b\u0259lk\u0259 b\u0259db\u0259xtlik el\u0259 budur&#8230;\n<\/p>\n<p>\n  <i><br \/>\n    <b><br \/>\n      Yaz\u0131 m\u00fc\u0259llifin fikirl\u0259rini \u0259ks etdirir v\u0259 Meydan TV-nin m\u00f6vqeyi il\u0259 \u00fcst-\u00fcst\u0259 d\u00fc\u015fm\u0259y\u0259 bil\u0259r.<br \/>\n    <\/b><br \/>\n  <\/i><\/p>\n","protected":false},"excerpt":{"rendered":"<p>H\u0259rd\u0259n qar\u015f\u0131ma 6-7 il \u0259vv\u0259l yax\u0131n \u00fcnsiyy\u0259td\u0259 oldu\u011fum, oturub s\u00f6hb\u0259tl\u0259\u015fdiyimiz, bir-birimiz\u0259 gedi\u015f-g\u0259li\u015fimiz olan, hal-x\u0259tir saxlad\u0131\u011f\u0131m adamlar\u0131n adlar\u0131, \u015f\u0259kill\u0259ri \u00e7\u0131x\u0131r<\/p>\n","protected":false},"author":11,"featured_media":79558,"comment_status":"closed","ping_status":"open","sticky":false,"template":"","format":"standard","meta":{"_acf_changed":false,"_sitemap_exclude":false,"_sitemap_priority":"","_sitemap_frequency":"","footnotes":""},"categories":[57],"tags":[],"class_list":["post-184803","post","type-post","status-publish","format-standard","has-post-thumbnail","hentry","category-menim-fikrimce","infinite-scroll-item","generate-columns","tablet-grid-50","mobile-grid-100","grid-parent","grid-33","no-featured-image-padding"],"acf":[],"yoast_head":"<!-- This site is optimized with the Yoast SEO plugin v27.5 - https:\/\/yoast.com\/product\/yoast-seo-wordpress\/ -->\n<title>O ill\u0259rin dostlu\u011fu - MEYDAN.TV<\/title>\n<meta name=\"robots\" content=\"index, follow, max-snippet:-1, max-image-preview:large, max-video-preview:-1\" \/>\n<link rel=\"canonical\" href=\"https:\/\/www.meydan.tv\/az\/article\/o-illerin-dostlugu\/\" \/>\n<meta property=\"og:locale\" content=\"az_AZ\" \/>\n<meta property=\"og:type\" content=\"article\" \/>\n<meta property=\"og:title\" content=\"O ill\u0259rin dostlu\u011fu - MEYDAN.TV\" \/>\n<meta property=\"og:description\" content=\"H\u0259rd\u0259n qar\u015f\u0131ma 6-7 il \u0259vv\u0259l yax\u0131n \u00fcnsiyy\u0259td\u0259 oldu\u011fum, oturub s\u00f6hb\u0259tl\u0259\u015fdiyimiz, bir-birimiz\u0259 gedi\u015f-g\u0259li\u015fimiz olan, hal-x\u0259tir saxlad\u0131\u011f\u0131m adamlar\u0131n adlar\u0131, \u015f\u0259kill\u0259ri \u00e7\u0131x\u0131r\" \/>\n<meta property=\"og:url\" content=\"https:\/\/www.meydan.tv\/az\/article\/o-illerin-dostlugu\/\" \/>\n<meta property=\"og:site_name\" content=\"MEYDAN.TV\" \/>\n<meta property=\"article:published_time\" content=\"2017-06-08T03:02:03+00:00\" \/>\n<meta property=\"og:image\" content=\"https:\/\/www.meydan.tv\/wp-content\/uploads\/31012.png\" \/>\n\t<meta property=\"og:image:width\" content=\"1000\" \/>\n\t<meta property=\"og:image:height\" content=\"560\" \/>\n\t<meta property=\"og:image:type\" content=\"image\/png\" \/>\n<meta name=\"author\" content=\"user-manager\" \/>\n<meta name=\"twitter:card\" content=\"summary_large_image\" \/>\n<script type=\"application\/ld+json\" class=\"yoast-schema-graph\">{\"@context\":\"https:\\\/\\\/schema.org\",\"@graph\":[{\"@type\":\"Article\",\"@id\":\"https:\\\/\\\/www.meydan.tv\\\/az\\\/article\\\/o-illerin-dostlugu\\\/#article\",\"isPartOf\":{\"@id\":\"https:\\\/\\\/www.meydan.tv\\\/az\\\/article\\\/o-illerin-dostlugu\\\/\"},\"author\":{\"name\":\"user-manager\",\"@id\":\"https:\\\/\\\/www.meydan.tv\\\/az\\\/#\\\/schema\\\/person\\\/10d11eccf6da3662cf5fdab9806ea91a\"},\"headline\":\"O ill\u0259rin dostlu\u011fu\",\"datePublished\":\"2017-06-08T03:02:03+00:00\",\"mainEntityOfPage\":{\"@id\":\"https:\\\/\\\/www.meydan.tv\\\/az\\\/article\\\/o-illerin-dostlugu\\\/\"},\"wordCount\":957,\"publisher\":{\"@id\":\"https:\\\/\\\/www.meydan.tv\\\/az\\\/#organization\"},\"image\":{\"@id\":\"https:\\\/\\\/www.meydan.tv\\\/az\\\/article\\\/o-illerin-dostlugu\\\/#primaryimage\"},\"thumbnailUrl\":\"https:\\\/\\\/www.meydan.tv\\\/wp-content\\\/uploads\\\/31012.png\",\"articleSection\":[\"M\u0259nim Fikrimc\u0259\"],\"inLanguage\":\"az\"},{\"@type\":\"WebPage\",\"@id\":\"https:\\\/\\\/www.meydan.tv\\\/az\\\/article\\\/o-illerin-dostlugu\\\/\",\"url\":\"https:\\\/\\\/www.meydan.tv\\\/az\\\/article\\\/o-illerin-dostlugu\\\/\",\"name\":\"O ill\u0259rin dostlu\u011fu - MEYDAN.TV\",\"isPartOf\":{\"@id\":\"https:\\\/\\\/www.meydan.tv\\\/az\\\/#website\"},\"primaryImageOfPage\":{\"@id\":\"https:\\\/\\\/www.meydan.tv\\\/az\\\/article\\\/o-illerin-dostlugu\\\/#primaryimage\"},\"image\":{\"@id\":\"https:\\\/\\\/www.meydan.tv\\\/az\\\/article\\\/o-illerin-dostlugu\\\/#primaryimage\"},\"thumbnailUrl\":\"https:\\\/\\\/www.meydan.tv\\\/wp-content\\\/uploads\\\/31012.png\",\"datePublished\":\"2017-06-08T03:02:03+00:00\",\"breadcrumb\":{\"@id\":\"https:\\\/\\\/www.meydan.tv\\\/az\\\/article\\\/o-illerin-dostlugu\\\/#breadcrumb\"},\"inLanguage\":\"az\",\"potentialAction\":[{\"@type\":\"ReadAction\",\"target\":[\"https:\\\/\\\/www.meydan.tv\\\/az\\\/article\\\/o-illerin-dostlugu\\\/\"]}]},{\"@type\":\"ImageObject\",\"inLanguage\":\"az\",\"@id\":\"https:\\\/\\\/www.meydan.tv\\\/az\\\/article\\\/o-illerin-dostlugu\\\/#primaryimage\",\"url\":\"https:\\\/\\\/www.meydan.tv\\\/wp-content\\\/uploads\\\/31012.png\",\"contentUrl\":\"https:\\\/\\\/www.meydan.tv\\\/wp-content\\\/uploads\\\/31012.png\",\"width\":1000,\"height\":560,\"caption\":\"Source:\"},{\"@type\":\"BreadcrumbList\",\"@id\":\"https:\\\/\\\/www.meydan.tv\\\/az\\\/article\\\/o-illerin-dostlugu\\\/#breadcrumb\",\"itemListElement\":[{\"@type\":\"ListItem\",\"position\":1,\"name\":\"Ana s\u0259hif\u0259\",\"item\":\"https:\\\/\\\/www.meydan.tv\\\/az\\\/\"},{\"@type\":\"ListItem\",\"position\":2,\"name\":\"M\u0259nim Fikrimc\u0259\",\"item\":\"https:\\\/\\\/www.meydan.tv\\\/az\\\/section\\\/menim-fikrimce\\\/\"},{\"@type\":\"ListItem\",\"position\":3,\"name\":\"O ill\u0259rin dostlu\u011fu\"}]},{\"@type\":\"WebSite\",\"@id\":\"https:\\\/\\\/www.meydan.tv\\\/az\\\/#website\",\"url\":\"https:\\\/\\\/www.meydan.tv\\\/az\\\/\",\"name\":\"MEYDAN.TV\",\"description\":\"Meydan TV Az\u0259rbaycan\u0131n media m\u0259kan\u0131ndak\u0131 alternativ s\u0259sidir\",\"publisher\":{\"@id\":\"https:\\\/\\\/www.meydan.tv\\\/az\\\/#organization\"},\"potentialAction\":[{\"@type\":\"SearchAction\",\"target\":{\"@type\":\"EntryPoint\",\"urlTemplate\":\"https:\\\/\\\/www.meydan.tv\\\/az\\\/?s={search_term_string}\"},\"query-input\":{\"@type\":\"PropertyValueSpecification\",\"valueRequired\":true,\"valueName\":\"search_term_string\"}}],\"inLanguage\":\"az\"},{\"@type\":\"Organization\",\"@id\":\"https:\\\/\\\/www.meydan.tv\\\/az\\\/#organization\",\"name\":\"Meydan TV\",\"url\":\"https:\\\/\\\/www.meydan.tv\\\/az\\\/\",\"logo\":{\"@type\":\"ImageObject\",\"inLanguage\":\"az\",\"@id\":\"https:\\\/\\\/www.meydan.tv\\\/az\\\/#\\\/schema\\\/logo\\\/image\\\/\",\"url\":\"https:\\\/\\\/www.meydan.tv\\\/wp-content\\\/uploads\\\/2021\\\/07\\\/meydan-logo.svg\",\"contentUrl\":\"https:\\\/\\\/www.meydan.tv\\\/wp-content\\\/uploads\\\/2021\\\/07\\\/meydan-logo.svg\",\"width\":195,\"height\":46,\"caption\":\"Meydan TV\"},\"image\":{\"@id\":\"https:\\\/\\\/www.meydan.tv\\\/az\\\/#\\\/schema\\\/logo\\\/image\\\/\"}},{\"@type\":\"Person\",\"@id\":\"https:\\\/\\\/www.meydan.tv\\\/az\\\/#\\\/schema\\\/person\\\/10d11eccf6da3662cf5fdab9806ea91a\",\"name\":\"user-manager\"}]}<\/script>\n<!-- \/ Yoast SEO plugin. -->","yoast_head_json":{"title":"O ill\u0259rin dostlu\u011fu - MEYDAN.TV","robots":{"index":"index","follow":"follow","max-snippet":"max-snippet:-1","max-image-preview":"max-image-preview:large","max-video-preview":"max-video-preview:-1"},"canonical":"https:\/\/www.meydan.tv\/az\/article\/o-illerin-dostlugu\/","og_locale":"az_AZ","og_type":"article","og_title":"O ill\u0259rin dostlu\u011fu - MEYDAN.TV","og_description":"H\u0259rd\u0259n qar\u015f\u0131ma 6-7 il \u0259vv\u0259l yax\u0131n \u00fcnsiyy\u0259td\u0259 oldu\u011fum, oturub s\u00f6hb\u0259tl\u0259\u015fdiyimiz, bir-birimiz\u0259 gedi\u015f-g\u0259li\u015fimiz olan, hal-x\u0259tir saxlad\u0131\u011f\u0131m adamlar\u0131n adlar\u0131, \u015f\u0259kill\u0259ri \u00e7\u0131x\u0131r","og_url":"https:\/\/www.meydan.tv\/az\/article\/o-illerin-dostlugu\/","og_site_name":"MEYDAN.TV","article_published_time":"2017-06-08T03:02:03+00:00","og_image":[{"width":1000,"height":560,"url":"https:\/\/www.meydan.tv\/wp-content\/uploads\/31012.png","type":"image\/png"}],"author":"user-manager","twitter_card":"summary_large_image","schema":{"@context":"https:\/\/schema.org","@graph":[{"@type":"Article","@id":"https:\/\/www.meydan.tv\/az\/article\/o-illerin-dostlugu\/#article","isPartOf":{"@id":"https:\/\/www.meydan.tv\/az\/article\/o-illerin-dostlugu\/"},"author":{"name":"user-manager","@id":"https:\/\/www.meydan.tv\/az\/#\/schema\/person\/10d11eccf6da3662cf5fdab9806ea91a"},"headline":"O ill\u0259rin dostlu\u011fu","datePublished":"2017-06-08T03:02:03+00:00","mainEntityOfPage":{"@id":"https:\/\/www.meydan.tv\/az\/article\/o-illerin-dostlugu\/"},"wordCount":957,"publisher":{"@id":"https:\/\/www.meydan.tv\/az\/#organization"},"image":{"@id":"https:\/\/www.meydan.tv\/az\/article\/o-illerin-dostlugu\/#primaryimage"},"thumbnailUrl":"https:\/\/www.meydan.tv\/wp-content\/uploads\/31012.png","articleSection":["M\u0259nim Fikrimc\u0259"],"inLanguage":"az"},{"@type":"WebPage","@id":"https:\/\/www.meydan.tv\/az\/article\/o-illerin-dostlugu\/","url":"https:\/\/www.meydan.tv\/az\/article\/o-illerin-dostlugu\/","name":"O ill\u0259rin dostlu\u011fu - MEYDAN.TV","isPartOf":{"@id":"https:\/\/www.meydan.tv\/az\/#website"},"primaryImageOfPage":{"@id":"https:\/\/www.meydan.tv\/az\/article\/o-illerin-dostlugu\/#primaryimage"},"image":{"@id":"https:\/\/www.meydan.tv\/az\/article\/o-illerin-dostlugu\/#primaryimage"},"thumbnailUrl":"https:\/\/www.meydan.tv\/wp-content\/uploads\/31012.png","datePublished":"2017-06-08T03:02:03+00:00","breadcrumb":{"@id":"https:\/\/www.meydan.tv\/az\/article\/o-illerin-dostlugu\/#breadcrumb"},"inLanguage":"az","potentialAction":[{"@type":"ReadAction","target":["https:\/\/www.meydan.tv\/az\/article\/o-illerin-dostlugu\/"]}]},{"@type":"ImageObject","inLanguage":"az","@id":"https:\/\/www.meydan.tv\/az\/article\/o-illerin-dostlugu\/#primaryimage","url":"https:\/\/www.meydan.tv\/wp-content\/uploads\/31012.png","contentUrl":"https:\/\/www.meydan.tv\/wp-content\/uploads\/31012.png","width":1000,"height":560,"caption":"Source:"},{"@type":"BreadcrumbList","@id":"https:\/\/www.meydan.tv\/az\/article\/o-illerin-dostlugu\/#breadcrumb","itemListElement":[{"@type":"ListItem","position":1,"name":"Ana s\u0259hif\u0259","item":"https:\/\/www.meydan.tv\/az\/"},{"@type":"ListItem","position":2,"name":"M\u0259nim Fikrimc\u0259","item":"https:\/\/www.meydan.tv\/az\/section\/menim-fikrimce\/"},{"@type":"ListItem","position":3,"name":"O ill\u0259rin dostlu\u011fu"}]},{"@type":"WebSite","@id":"https:\/\/www.meydan.tv\/az\/#website","url":"https:\/\/www.meydan.tv\/az\/","name":"MEYDAN.TV","description":"Meydan TV Az\u0259rbaycan\u0131n media m\u0259kan\u0131ndak\u0131 alternativ s\u0259sidir","publisher":{"@id":"https:\/\/www.meydan.tv\/az\/#organization"},"potentialAction":[{"@type":"SearchAction","target":{"@type":"EntryPoint","urlTemplate":"https:\/\/www.meydan.tv\/az\/?s={search_term_string}"},"query-input":{"@type":"PropertyValueSpecification","valueRequired":true,"valueName":"search_term_string"}}],"inLanguage":"az"},{"@type":"Organization","@id":"https:\/\/www.meydan.tv\/az\/#organization","name":"Meydan TV","url":"https:\/\/www.meydan.tv\/az\/","logo":{"@type":"ImageObject","inLanguage":"az","@id":"https:\/\/www.meydan.tv\/az\/#\/schema\/logo\/image\/","url":"https:\/\/www.meydan.tv\/wp-content\/uploads\/2021\/07\/meydan-logo.svg","contentUrl":"https:\/\/www.meydan.tv\/wp-content\/uploads\/2021\/07\/meydan-logo.svg","width":195,"height":46,"caption":"Meydan TV"},"image":{"@id":"https:\/\/www.meydan.tv\/az\/#\/schema\/logo\/image\/"}},{"@type":"Person","@id":"https:\/\/www.meydan.tv\/az\/#\/schema\/person\/10d11eccf6da3662cf5fdab9806ea91a","name":"user-manager"}]}},"_links":{"self":[{"href":"https:\/\/www.meydan.tv\/az\/wp-json\/wp\/v2\/posts\/184803","targetHints":{"allow":["GET"]}}],"collection":[{"href":"https:\/\/www.meydan.tv\/az\/wp-json\/wp\/v2\/posts"}],"about":[{"href":"https:\/\/www.meydan.tv\/az\/wp-json\/wp\/v2\/types\/post"}],"author":[{"embeddable":true,"href":"https:\/\/www.meydan.tv\/az\/wp-json\/wp\/v2\/users\/11"}],"replies":[{"embeddable":true,"href":"https:\/\/www.meydan.tv\/az\/wp-json\/wp\/v2\/comments?post=184803"}],"version-history":[{"count":0,"href":"https:\/\/www.meydan.tv\/az\/wp-json\/wp\/v2\/posts\/184803\/revisions"}],"wp:featuredmedia":[{"embeddable":true,"href":"https:\/\/www.meydan.tv\/az\/wp-json\/wp\/v2\/media\/79558"}],"wp:attachment":[{"href":"https:\/\/www.meydan.tv\/az\/wp-json\/wp\/v2\/media?parent=184803"}],"wp:term":[{"taxonomy":"category","embeddable":true,"href":"https:\/\/www.meydan.tv\/az\/wp-json\/wp\/v2\/categories?post=184803"},{"taxonomy":"post_tag","embeddable":true,"href":"https:\/\/www.meydan.tv\/az\/wp-json\/wp\/v2\/tags?post=184803"}],"curies":[{"name":"wp","href":"https:\/\/api.w.org\/{rel}","templated":true}]}}