{"id":184800,"date":"2017-06-07T23:39:21","date_gmt":"2017-06-07T23:39:21","guid":{"rendered":"https:\/\/www.meydan.tv\/article\/yangin-kockunleri-yene-evsiz-qoydu\/"},"modified":"2017-06-07T23:39:21","modified_gmt":"2017-06-07T23:39:21","slug":"yangin-kockunleri-yene-evsiz-qoydu","status":"publish","type":"post","link":"https:\/\/www.meydan.tv\/az\/article\/yangin-kockunleri-yene-evsiz-qoydu\/","title":{"rendered":"Yan\u011f\u0131n k\u00f6\u00e7k\u00fcnl\u0259ri yen\u0259 evsiz qoydu"},"content":{"rendered":"<figure class=\"wp-block-embed is-type-video is-provider-youtube wp-block-embed-youtube wp-embed-aspect-16-9 wp-has-aspect-ratio\">\n<div class=\"wp-block-embed__wrapper\">\n    <iframe loading=\"lazy\"\ttitle=\"\" width=\"1200\" height=\"675\" src=\"https:\/\/www.youtube.com\/embed\/5vIgJ0XFgqk\"\tframeborder=\"0\"\tallow=\"accelerometer; autoplay; clipboard-write; encrypted-media; gyroscope; picture-in-picture\" allowfullscreen><\/iframe>\n  <\/div><figcaption><\/figcaption><\/figure>\n<p>\n  Yasamal rayonu, \u015e\u0259rifzad\u0259 il\u0259 \u0130sf\u0259ndiyar Z\u00fclalov k\u00fc\u00e7\u0259sinin k\u0259si\u015fm\u0259sind\u0259 yerl\u0259\u015f\u0259n, m\u0259cburi k\u00f6\u00e7k\u00fcnl\u0259rin ya\u015fad\u0131\u011f\u0131 5 m\u0259rt\u0259b\u0259li binada yan\u011f\u0131n olub. Hadis\u0259 yerin\u0259 yan\u011f\u0131ns\u00f6nd\u00fcr\u0259nl\u0259r v\u0259 t\u0259cili tibbi yard\u0131m ma\u015f\u0131nlar\u0131 c\u0259lb olunub. Bir ne\u00e7\u0259 ev yarars\u0131z v\u0259ziyy\u0259t\u0259 d\u00fc\u015f\u00fcb. Sakinl\u0259r yan\u011f\u0131n\u0131n ilkin s\u0259b\u0259bl\u0259rini bilm\u0259s\u0259l\u0259r d\u0259, elektrik naqill\u0259rind\u0259n yarand\u0131\u011f\u0131n\u0131 g\u00fcman edirl\u0259r. Evi yanan Z\u0259min\u0259 Babayev deyir ki, binada bir ne\u00e7\u0259 d\u0259f\u0259 q\u0131sa qapanmadan yan\u011f\u0131nlar olub. D\u0259f\u0259l\u0259rl\u0259 elektrik naqill\u0259rinin v\u0259ziyy\u0259ti bar\u0259d\u0259 m\u0259lumat vers\u0259l\u0259r d\u0259, he\u00e7 bir t\u0259dbir g\u00f6r\u00fclm\u0259yib.\n<\/p>\n<p>\n  Yan\u011f\u0131ndan sonra hadis\u0259 yerin\u0259 Qa\u00e7q\u0131nlar\u0131n v\u0259 M\u0259cburi K\u00f6\u00e7k\u00fcnl\u0259rin \u0130\u015fl\u0259ri \u00fczr\u0259 D\u00f6vl\u0259t Komit\u0259sinin s\u0259dri \u018fli H\u0259s\u0259nov da g\u0259lib. O, m\u0259cburi k\u00f6\u00e7k\u00fcnl\u0259rin v\u0259ziyy\u0259ti il\u0259 maraqlan\u0131b, onlar\u0131n problemini dinl\u0259yib.<\/p>\n","protected":false},"excerpt":{"rendered":"<p>Yasamalda m\u0259cburi k\u00f6\u00e7k\u00fcnl\u0259rin ya\u015fad\u0131\u011f\u0131 5 m\u0259rt\u0259b\u0259li binada yan\u011f\u0131n olub.<\/p>\n","protected":false},"author":11,"featured_media":86422,"comment_status":"closed","ping_status":"open","sticky":false,"template":"","format":"standard","meta":{"_acf_changed":false,"_sitemap_exclude":false,"_sitemap_priority":"","_sitemap_frequency":"","footnotes":""},"categories":[63],"tags":[],"class_list":["post-184800","post","type-post","status-publish","format-standard","has-post-thumbnail","hentry","category-video-2","infinite-scroll-item","generate-columns","tablet-grid-50","mobile-grid-100","grid-parent","grid-33","no-featured-image-padding"],"acf":[],"yoast_head":"<!-- This site is optimized with the Yoast SEO plugin v28.3 - https:\/\/yoast.com\/product\/yoast-seo-wordpress\/ -->\n<title>Yan\u011f\u0131n k\u00f6\u00e7k\u00fcnl\u0259ri yen\u0259 evsiz qoydu - MEYDAN.TV<\/title>\n<meta name=\"robots\" content=\"index, follow, max-snippet:-1, max-image-preview:large, max-video-preview:-1\" \/>\n<link rel=\"canonical\" href=\"https:\/\/www.meydan.tv\/az\/article\/yangin-kockunleri-yene-evsiz-qoydu\/\" \/>\n<meta property=\"og:locale\" content=\"az_AZ\" \/>\n<meta property=\"og:type\" content=\"article\" \/>\n<meta property=\"og:title\" content=\"Yan\u011f\u0131n k\u00f6\u00e7k\u00fcnl\u0259ri yen\u0259 evsiz qoydu - MEYDAN.TV\" \/>\n<meta property=\"og:description\" content=\"Yasamalda m\u0259cburi k\u00f6\u00e7k\u00fcnl\u0259rin ya\u015fad\u0131\u011f\u0131 5 m\u0259rt\u0259b\u0259li binada yan\u011f\u0131n olub.\" \/>\n<meta property=\"og:url\" content=\"https:\/\/www.meydan.tv\/az\/article\/yangin-kockunleri-yene-evsiz-qoydu\/\" \/>\n<meta property=\"og:site_name\" content=\"MEYDAN.TV\" \/>\n<meta property=\"article:published_time\" content=\"2017-06-07T23:39:21+00:00\" \/>\n<meta property=\"og:image\" content=\"https:\/\/www.meydan.tv\/wp-content\/uploads\/34068.png\" \/>\n\t<meta property=\"og:image:width\" content=\"810\" \/>\n\t<meta property=\"og:image:height\" content=\"450\" \/>\n\t<meta property=\"og:image:type\" content=\"image\/png\" \/>\n<meta name=\"twitter:card\" content=\"summary_large_image\" \/>\n<!-- \/ Yoast SEO plugin. -->","yoast_head_json":{"title":"Yan\u011f\u0131n k\u00f6\u00e7k\u00fcnl\u0259ri yen\u0259 evsiz qoydu - MEYDAN.TV","robots":{"index":"index","follow":"follow","max-snippet":"max-snippet:-1","max-image-preview":"max-image-preview:large","max-video-preview":"max-video-preview:-1"},"canonical":"https:\/\/www.meydan.tv\/az\/article\/yangin-kockunleri-yene-evsiz-qoydu\/","og_locale":"az_AZ","og_type":"article","og_title":"Yan\u011f\u0131n k\u00f6\u00e7k\u00fcnl\u0259ri yen\u0259 evsiz qoydu - MEYDAN.TV","og_description":"Yasamalda m\u0259cburi k\u00f6\u00e7k\u00fcnl\u0259rin ya\u015fad\u0131\u011f\u0131 5 m\u0259rt\u0259b\u0259li binada yan\u011f\u0131n olub.","og_url":"https:\/\/www.meydan.tv\/az\/article\/yangin-kockunleri-yene-evsiz-qoydu\/","og_site_name":"MEYDAN.TV","article_published_time":"2017-06-07T23:39:21+00:00","og_image":[{"width":810,"height":450,"url":"https:\/\/www.meydan.tv\/wp-content\/uploads\/34068.png","type":"image\/png"}],"twitter_card":"summary_large_image","schema":{"@context":"https:\/\/schema.org","@graph":[{"@type":"Article","@id":"https:\/\/www.meydan.tv\/az\/article\/yangin-kockunleri-yene-evsiz-qoydu\/#article","isPartOf":{"@id":"https:\/\/www.meydan.tv\/az\/article\/yangin-kockunleri-yene-evsiz-qoydu\/"},"author":{"name":"user-manager","@id":"https:\/\/www.meydan.tv\/az\/#\/schema\/person\/10d11eccf6da3662cf5fdab9806ea91a"},"headline":"Yan\u011f\u0131n k\u00f6\u00e7k\u00fcnl\u0259ri yen\u0259 evsiz qoydu","datePublished":"2017-06-07T23:39:21+00:00","mainEntityOfPage":{"@id":"https:\/\/www.meydan.tv\/az\/article\/yangin-kockunleri-yene-evsiz-qoydu\/"},"wordCount":190,"publisher":{"@id":"https:\/\/www.meydan.tv\/az\/#organization"},"image":{"@id":"https:\/\/www.meydan.tv\/az\/article\/yangin-kockunleri-yene-evsiz-qoydu\/#primaryimage"},"thumbnailUrl":"https:\/\/www.meydan.tv\/wp-content\/uploads\/34068.png","articleSection":["Video"],"inLanguage":"az"},{"@type":"WebPage","@id":"https:\/\/www.meydan.tv\/az\/article\/yangin-kockunleri-yene-evsiz-qoydu\/","url":"https:\/\/www.meydan.tv\/az\/article\/yangin-kockunleri-yene-evsiz-qoydu\/","name":"Yan\u011f\u0131n k\u00f6\u00e7k\u00fcnl\u0259ri yen\u0259 evsiz qoydu - MEYDAN.TV","isPartOf":{"@id":"https:\/\/www.meydan.tv\/az\/#website"},"primaryImageOfPage":{"@id":"https:\/\/www.meydan.tv\/az\/article\/yangin-kockunleri-yene-evsiz-qoydu\/#primaryimage"},"image":{"@id":"https:\/\/www.meydan.tv\/az\/article\/yangin-kockunleri-yene-evsiz-qoydu\/#primaryimage"},"thumbnailUrl":"https:\/\/www.meydan.tv\/wp-content\/uploads\/34068.png","datePublished":"2017-06-07T23:39:21+00:00","breadcrumb":{"@id":"https:\/\/www.meydan.tv\/az\/article\/yangin-kockunleri-yene-evsiz-qoydu\/#breadcrumb"},"inLanguage":"az","potentialAction":[{"@type":"ReadAction","target":["https:\/\/www.meydan.tv\/az\/article\/yangin-kockunleri-yene-evsiz-qoydu\/"]}]},{"@type":"ImageObject","inLanguage":"az","@id":"https:\/\/www.meydan.tv\/az\/article\/yangin-kockunleri-yene-evsiz-qoydu\/#primaryimage","url":"https:\/\/www.meydan.tv\/wp-content\/uploads\/34068.png","contentUrl":"https:\/\/www.meydan.tv\/wp-content\/uploads\/34068.png","width":810,"height":450,"caption":"Source:"},{"@type":"BreadcrumbList","@id":"https:\/\/www.meydan.tv\/az\/article\/yangin-kockunleri-yene-evsiz-qoydu\/#breadcrumb","itemListElement":[{"@type":"ListItem","position":1,"name":"Ana s\u0259hif\u0259","item":"https:\/\/www.meydan.tv\/az\/"},{"@type":"ListItem","position":2,"name":"Video","item":"https:\/\/www.meydan.tv\/az\/section\/video-2\/"},{"@type":"ListItem","position":3,"name":"Yan\u011f\u0131n k\u00f6\u00e7k\u00fcnl\u0259ri yen\u0259 evsiz qoydu"}]},{"@type":"WebSite","@id":"https:\/\/www.meydan.tv\/az\/#website","url":"https:\/\/www.meydan.tv\/az\/","name":"MEYDAN.TV","description":"Meydan TV Az\u0259rbaycan\u0131n media m\u0259kan\u0131ndak\u0131 alternativ s\u0259sidir","publisher":{"@id":"https:\/\/www.meydan.tv\/az\/#organization"},"potentialAction":[{"@type":"SearchAction","target":{"@type":"EntryPoint","urlTemplate":"https:\/\/www.meydan.tv\/az\/?s={search_term_string}"},"query-input":{"@type":"PropertyValueSpecification","valueRequired":true,"valueName":"search_term_string"}}],"inLanguage":"az"},{"@type":"Organization","@id":"https:\/\/www.meydan.tv\/az\/#organization","name":"Meydan TV","url":"https:\/\/www.meydan.tv\/az\/","logo":{"@type":"ImageObject","inLanguage":"az","@id":"https:\/\/www.meydan.tv\/az\/#\/schema\/logo\/image\/","url":"https:\/\/www.meydan.tv\/wp-content\/uploads\/2021\/07\/meydan-logo.svg","contentUrl":"https:\/\/www.meydan.tv\/wp-content\/uploads\/2021\/07\/meydan-logo.svg","width":195,"height":46,"caption":"Meydan TV"},"image":{"@id":"https:\/\/www.meydan.tv\/az\/#\/schema\/logo\/image\/"}},{"@type":"Person","@id":"https:\/\/www.meydan.tv\/az\/#\/schema\/person\/10d11eccf6da3662cf5fdab9806ea91a","name":"user-manager"}]}},"_links":{"self":[{"href":"https:\/\/www.meydan.tv\/az\/wp-json\/wp\/v2\/posts\/184800","targetHints":{"allow":["GET"]}}],"collection":[{"href":"https:\/\/www.meydan.tv\/az\/wp-json\/wp\/v2\/posts"}],"about":[{"href":"https:\/\/www.meydan.tv\/az\/wp-json\/wp\/v2\/types\/post"}],"author":[{"embeddable":true,"href":"https:\/\/www.meydan.tv\/az\/wp-json\/wp\/v2\/users\/11"}],"replies":[{"embeddable":true,"href":"https:\/\/www.meydan.tv\/az\/wp-json\/wp\/v2\/comments?post=184800"}],"version-history":[{"count":0,"href":"https:\/\/www.meydan.tv\/az\/wp-json\/wp\/v2\/posts\/184800\/revisions"}],"wp:featuredmedia":[{"embeddable":true,"href":"https:\/\/www.meydan.tv\/az\/wp-json\/wp\/v2\/media\/86422"}],"wp:attachment":[{"href":"https:\/\/www.meydan.tv\/az\/wp-json\/wp\/v2\/media?parent=184800"}],"wp:term":[{"taxonomy":"category","embeddable":true,"href":"https:\/\/www.meydan.tv\/az\/wp-json\/wp\/v2\/categories?post=184800"},{"taxonomy":"post_tag","embeddable":true,"href":"https:\/\/www.meydan.tv\/az\/wp-json\/wp\/v2\/tags?post=184800"}],"curies":[{"name":"wp","href":"https:\/\/api.w.org\/{rel}","templated":true}]}}