{"id":184781,"date":"2017-06-07T14:59:16","date_gmt":"2017-06-07T14:59:16","guid":{"rendered":"https:\/\/www.meydan.tv\/article\/nazirlik-beynelxalq-bankin-defolt-veziyyetinin-esl-sebebini-gizledir\/"},"modified":"2017-06-07T14:59:16","modified_gmt":"2017-06-07T14:59:16","slug":"nazirlik-beynelxalq-bankin-defolt-veziyyetinin-esl-sebebini-gizledir","status":"publish","type":"post","link":"https:\/\/www.meydan.tv\/az\/article\/nazirlik-beynelxalq-bankin-defolt-veziyyetinin-esl-sebebini-gizledir\/","title":{"rendered":"&#8221;Nazirlik Beyn\u0259lxalq Bank\u0131n defolt v\u0259ziyy\u0259tinin \u0259sl s\u0259b\u0259bini gizl\u0259dir&#8221;"},"content":{"rendered":"<figure class=\"wp-block-image size-large\">\n  <img decoding=\"async\" src=\"https:\/\/www.meydan.tv\/az\/86299\/\" alt=\"\" class=\"wp-image-86299\"\/><figcaption><\/figcaption><\/figure>\n<p>\n  <i><br \/>\n    Nem\u0259t \u018fliyev: &#8221;Bunda yar\u0131tmaz iqtisadi-bank siyas\u0259tinin v\u0259 devalvasiyalar\u0131n rolu var&#8221;<br \/>\n  <\/i>\n<\/p>\n<p>\n  \u201cMaliyy\u0259 Nazirliyi Beyn\u0259lxalq Bank\u0131n defolt v\u0259ziyy\u0259t\u0259 d\u00fc\u015fm\u0259sinin \u0259sas s\u0259b\u0259binin devalvasiya il\u0259 ba\u011fl\u0131 olmas\u0131na \u00a0dair fikirl\u0259rin geni\u015fl\u0259nm\u0259sind\u0259n narahatd\u0131r. Nazirlik bu s\u0259b\u0259bd\u0259n Beyn\u0259lxalq Bankla ba\u011fl\u0131 x\u0259b\u0259rl\u0259rd\u0259 r\u0259smi m\u0259lumatlara istinad edilm\u0259sini t\u00f6vsiyy\u0259 edib\u201d.\n<\/p>\n<p>\n  \u0130qtisad\u00e7\u0131 Nem\u0259t \u018fliyevin s\u00f6zl\u0259ridir. O, nazirliyin verdiyi izahlar\u0131n m\u00f6t\u0259b\u0259rliyini itirdiyini deyir:\n<\/p>\n<p>\n  \u201cOna g\u00f6r\u0259 d\u0259 a\u00e7\u0131qlad\u0131qlar\u0131 \u015f\u0259rhl\u0259r Bil\u0259c\u0259rid\u0259n o yana ke\u00e7mir. Maliyy\u0259 Nazirliyinin t\u00f6vsiyy\u0259 etdiyi izahata g\u00f6r\u0259, Beyn\u0259lxalq Bank\u0131n defolt v\u0259ziyy\u0259t\u0259 d\u00fc\u015fm\u0259sinin \u0259sas s\u0259b\u0259bi b\u0259zi adamlar\u0131n cinay\u0259tkar \u0259m\u0259ll\u0259riymi\u015f. Burada devalvasiyan\u0131n t\u0259siri azd\u0131r. Nazirlik ham\u0131n\u0131n bel\u0259 d\u00fc\u015f\u00fcnm\u0259sini, bununla kifay\u0259tl\u0259nm\u0259sini ist\u0259yir. Lakin g\u00f6z\u00fcm\u00fcz\u00fcn qar\u015f\u0131s\u0131nda ba\u015f ver\u0259nl\u0259r bunu m\u00fcmk\u00fcns\u00fcz edir\u201d.\n<\/p>\n<p>\n  \u0130qtisad\u00e7\u0131 bildirir ki, 2015-ci ild\u0259 h\u00f6kum\u0259tin q\u0259bul etdiyi iki b\u00f6y\u00fck devalvasiya q\u0259rar\u0131 \u00f6lk\u0259nin b\u00fct\u00fcn bank, maliyy\u0259 sistemini y\u0131x\u0131b. \u018fhalini v\u0259 m\u00fc\u0259ssis\u0259l\u0259ri var-yoxdan \u00e7\u0131xar\u0131b. B\u00fct\u00fcn bunlardan is\u0259 x\u0259b\u0259r tutmayan qalmay\u0131b:\n<\/p>\n<p>\n  \u201cBanklar\u0131n kreditl\u0259\u015fm\u0259ni dayand\u0131rmaqla \u0259sas f\u0259aliyy\u0259td\u0259n m\u0259hrum olmas\u0131n\u0131n ba\u015fl\u0131ca s\u0259b\u0259bi manat\u0131n k\u0259skin d\u0259y\u0259r itirm\u0259sidir. Manat dig\u0259r valyutalara n\u0259z\u0259r\u0259n d\u0259y\u0259r itirdi, ham\u0131n\u0131n g\u00f6z\u00fcnd\u0259n d\u00fc\u015fd\u00fc v\u0259 bu s\u0259b\u0259bd\u0259n minl\u0259rl\u0259 \u0259man\u0259t\u00e7il\u0259r banklara k\u00fctl\u0259vi ax\u0131n ed\u0259r\u0259k milli valyuta il\u0259 saxlad\u0131qlar\u0131 \u0259man\u0259tl\u0259ri xarici valyutaya \u00e7evirdil\u0259r. Az sonrak\u0131 m\u0259rh\u0259l\u0259d\u0259 daha bet\u0259ri ba\u015f verdi: banklara inam itdi\u201d.\n<\/p>\n<p>\n  Nem\u0259t \u018fliyev deyir ki, banklara inam\u0131n itm\u0259si s\u0259b\u0259bind\u0259n \u0259man\u0259t\u00e7il\u0259r v\u0259 maliyy\u0259 t\u0259\u015fkilatlar\u0131 \u201cdollarla\u201d saxlad\u0131qlar\u0131 depozitl\u0259ri d\u0259 bank sistemind\u0259n \u00e7\u0131xarma\u011fa ba\u015flad\u0131. Bel\u0259likl\u0259, banklar b\u00f6y\u00fck maliyy\u0259 resurslar\u0131ndan m\u0259hrum oldular:\n<\/p>\n<p>\n  \u201cBunlar m\u0259hz devalvasiyan\u0131n t\u00f6r\u0259tdiyi f\u0259sadlar idi. M\u0259rk\u0259zi Bank\u0131n valyuta ehtiyyatlar\u0131n\u0131n 73 faizd\u0259n \u00e7oxu az m\u00fcdd\u0259td\u0259 itkiy\u0259 verildi, \u0259ld\u0259n \u00e7\u0131xd\u0131. Ard\u0131nca da banklar iflas elan edil\u0259r\u0259k ba\u011fland\u0131 v\u0259 s. Ba\u015f ver\u0259nl\u0259r, \u0259lb\u0259tt\u0259, \u0259man\u0259t v\u0259 depozitl\u0259rin, bank aktivl\u0259rinin \u0259sas hiss\u0259sini \u00f6z \u0259lind\u0259 c\u0259ml\u0259mi\u015f Beyn\u0259lxalq Bank\u0131 daha \u00e7ox h\u0259d\u0259f\u0259 g\u0259tirm\u0259liydi v\u0259 g\u0259tirdi d\u0259\u201d.\n<\/p>\n<p>\n  Sonda Nem\u0259t \u018fliyev bildirir ki, Maliyy\u0259 Nazirliyinin a\u00e7\u0131lamas\u0131 Beyn\u0259lxalq Bank\u0131n \u00e7\u00f6km\u0259sind\u0259 devalvasiyan\u0131n v\u0259 yar\u0131tmaz siyas\u0259tin rolunun arxa plana \u00f6t\u00fcr\u00fclm\u0259si niyy\u0259ti g\u00fcd\u00fcr:\n<\/p>\n<p>\n  \u201cBu, do\u011fru deyil. B\u00fct\u00fcn ba\u015f ver\u0259nl\u0259rin \u0259sas s\u0259b\u0259bini b\u0259zi adamlar\u0131n cinay\u0259t \u0259m\u0259ll\u0259ri il\u0259 \u0259laq\u0259l\u0259ndirm\u0259k yolverilm\u0259zdir. Bu q\u0259d\u0259r asanl\u0131qla \u00f6t\u00fc\u015fm\u0259k, m\u0259suliyy\u0259td\u0259n yaxa qurtarmaq \u0259sla m\u00fcmk\u00fcn deyil. \u018flb\u0259tt\u0259, Beyn\u0259lxalq Bank\u0131n bu k\u00f6k\u0259 d\u00fc\u015fm\u0259sind\u0259 cinay\u0259tkar f\u0259aliyy\u0259tin varl\u0131\u011f\u0131n\u0131 inkar etm\u0259k m\u00fcmk\u00fcn deyil. Bank\u0131n m\u00fc\u015fahid\u0259 \u015furas\u0131na r\u0259hb\u0259rlik ed\u0259n Maliyy\u0259 Nazirliyind\u0259 oturan v\u0259zif\u0259li \u015f\u0259xsl\u0259rin burada ayr\u0131ca, h\u0259m d\u0259 daha b\u00f6y\u00fck pay\u0131 var. Amma Beyn\u0259lxalq Bank\u0131n defolt v\u0259ziyy\u0259t\u0259 g\u0259lm\u0259sind\u0259 yar\u0131tmaz iqtisadi-bank siyas\u0259tinin, iki b\u00f6y\u00fck devalvasiya q\u0259rar\u0131n\u0131n rolu daha \u00e7oxdur. Bu, h\u0259qiq\u0259tdir\u201d.\n<\/p>\n<figure class=\"wp-block-image size-large\">\n  <img decoding=\"async\" src=\"https:\/\/www.meydan.tv\/az\/86302\/\" alt=\"\" class=\"wp-image-86302\"\/><figcaption><\/figcaption><\/figure>\n<p>\n  Maliyy\u0259 nazirinin m\u00fcavini Az\u0259r Bayramov Milli M\u0259clisin \u0130qtisadi siyas\u0259t, s\u0259naye v\u0259 sahibkarl\u0131q Komit\u0259sinin may\u0131n 25-d\u0259 ke\u00e7iril\u0259n iclas\u0131nda \u0259halinin Beyn\u0259lxalq Bankdak\u0131 \u0259man\u0259tl\u0259ri il\u0259 ba\u011fl\u0131 he\u00e7 bir problem olmad\u0131\u011f\u0131n\u0131 deyib:\n<\/p>\n<p>\n  \u201cKe\u00e7\u0259n il \u0259man\u0259tl\u0259rin s\u0131\u011fortalanmas\u0131 m\u0259bl\u0259\u011fin\u0259 t\u0259tbiq olunan m\u0259hdudiyy\u0259tl\u0259r d\u0259 aradan qald\u0131r\u0131l\u0131b. B\u00fct\u00fcn \u0259man\u0259tl\u0259r, o c\u00fcml\u0259d\u0259n d\u00f6vl\u0259t bank\u0131 olan ABB-d\u0259 s\u0131\u011fortalan\u0131r\u201d.\n<\/p>\n<p>\n  \u201cFitch\u201d beyn\u0259lxalq reytinq agentliyi Az\u0259rbaycan Beyn\u0259lxalq Bank\u0131n\u0131n xarici valyutada emitentin uzunm\u00fcdd\u0259tli defolt reytinqini \u201cCCC\u201d s\u0259viyy\u0259sind\u0259n \u201cRD\u201d (m\u0259hdud defolt) s\u0259viyy\u0259sin\u0259d\u0259k endirib.\n<\/p>\n<p>\n  Bank\u0131n q\u0131sam\u00fcdd\u0259tli reytinqi \u201cC\u201d s\u0259viyy\u0259sind\u0259n \u201cRD\u201d s\u0259viyy\u0259sin\u0259d\u0259k sal\u0131n\u0131b. H\u0259r iki reytinq RWE (yenid\u0259n bax\u0131lma) siyah\u0131s\u0131ndan \u00e7\u0131xar\u0131l\u0131b.\n<\/p>\n<p>\n  Bank\u0131n dayan\u0131ql\u0131l\u0131q reytinqi \u201cf\u201d s\u0259viyy\u0259sind\u0259 saxlan\u0131l\u0131b. Veril\u0259n d\u0259st\u0259k \u201c5\u201d s\u0259viyy\u0259sind\u0259 t\u0259sdiql\u0259nib.\n<\/p>\n<p>\n  Reytinqin endirilm\u0259si bank\u0131n elan etdiyi restrukturizasiya plan\u0131 il\u0259 \u0259laq\u0259dard\u0131r. \u201cFitch\u201din meyarlar\u0131na \u0259sas\u0259n, restrukturizasiya \u00fcmidsiz borclar\u0131n m\u00fcbadil\u0259si dem\u0259kdir.<\/p>\n","protected":false},"excerpt":{"rendered":"<p>Nem\u0259t \u018fliyev: &#8221;Bunda yar\u0131tmaz iqtisadi-bank siyas\u0259tinin v\u0259 devalvasiyalar\u0131n rolu var&#8221;<\/p>\n","protected":false},"author":11,"featured_media":86299,"comment_status":"closed","ping_status":"open","sticky":false,"template":"","format":"standard","meta":{"_acf_changed":false,"_sitemap_exclude":false,"_sitemap_priority":"","_sitemap_frequency":"","footnotes":""},"categories":[51],"tags":[],"class_list":["post-184781","post","type-post","status-publish","format-standard","has-post-thumbnail","hentry","category-analitika","infinite-scroll-item","generate-columns","tablet-grid-50","mobile-grid-100","grid-parent","grid-33","no-featured-image-padding"],"acf":[],"yoast_head":"<!-- This site is optimized with the Yoast SEO plugin v27.4 - https:\/\/yoast.com\/product\/yoast-seo-wordpress\/ -->\n<title>&#039;&#039;Nazirlik Beyn\u0259lxalq Bank\u0131n defolt v\u0259ziyy\u0259tinin \u0259sl s\u0259b\u0259bini gizl\u0259dir&#039;&#039; - MEYDAN.TV<\/title>\n<meta name=\"robots\" content=\"index, follow, max-snippet:-1, max-image-preview:large, max-video-preview:-1\" \/>\n<link rel=\"canonical\" href=\"https:\/\/www.meydan.tv\/az\/article\/nazirlik-beynelxalq-bankin-defolt-veziyyetinin-esl-sebebini-gizledir\/\" \/>\n<meta property=\"og:locale\" content=\"az_AZ\" \/>\n<meta property=\"og:type\" content=\"article\" \/>\n<meta property=\"og:title\" content=\"&#039;&#039;Nazirlik Beyn\u0259lxalq Bank\u0131n defolt v\u0259ziyy\u0259tinin \u0259sl s\u0259b\u0259bini gizl\u0259dir&#039;&#039; - MEYDAN.TV\" \/>\n<meta property=\"og:description\" content=\"Nem\u0259t \u018fliyev: &#039;&#039;Bunda yar\u0131tmaz iqtisadi-bank siyas\u0259tinin v\u0259 devalvasiyalar\u0131n rolu var&#039;&#039;\" \/>\n<meta property=\"og:url\" content=\"https:\/\/www.meydan.tv\/az\/article\/nazirlik-beynelxalq-bankin-defolt-veziyyetinin-esl-sebebini-gizledir\/\" \/>\n<meta property=\"og:site_name\" content=\"MEYDAN.TV\" \/>\n<meta property=\"article:published_time\" content=\"2017-06-07T14:59:16+00:00\" \/>\n<meta property=\"og:image\" content=\"https:\/\/www.meydan.tv\/wp-content\/uploads\/34029.jpg\" \/>\n\t<meta property=\"og:image:width\" content=\"1023\" \/>\n\t<meta property=\"og:image:height\" content=\"575\" \/>\n\t<meta property=\"og:image:type\" content=\"image\/jpeg\" \/>\n<meta name=\"author\" content=\"user-manager\" \/>\n<meta name=\"twitter:card\" content=\"summary_large_image\" \/>\n<script type=\"application\/ld+json\" class=\"yoast-schema-graph\">{\"@context\":\"https:\\\/\\\/schema.org\",\"@graph\":[{\"@type\":\"Article\",\"@id\":\"https:\\\/\\\/www.meydan.tv\\\/az\\\/article\\\/nazirlik-beynelxalq-bankin-defolt-veziyyetinin-esl-sebebini-gizledir\\\/#article\",\"isPartOf\":{\"@id\":\"https:\\\/\\\/www.meydan.tv\\\/az\\\/article\\\/nazirlik-beynelxalq-bankin-defolt-veziyyetinin-esl-sebebini-gizledir\\\/\"},\"author\":{\"name\":\"user-manager\",\"@id\":\"https:\\\/\\\/www.meydan.tv\\\/az\\\/#\\\/schema\\\/person\\\/10d11eccf6da3662cf5fdab9806ea91a\"},\"headline\":\"&#8221;Nazirlik Beyn\u0259lxalq Bank\u0131n defolt v\u0259ziyy\u0259tinin \u0259sl s\u0259b\u0259bini gizl\u0259dir&#8221;\",\"datePublished\":\"2017-06-07T14:59:16+00:00\",\"mainEntityOfPage\":{\"@id\":\"https:\\\/\\\/www.meydan.tv\\\/az\\\/article\\\/nazirlik-beynelxalq-bankin-defolt-veziyyetinin-esl-sebebini-gizledir\\\/\"},\"wordCount\":861,\"publisher\":{\"@id\":\"https:\\\/\\\/www.meydan.tv\\\/az\\\/#organization\"},\"image\":{\"@id\":\"https:\\\/\\\/www.meydan.tv\\\/az\\\/article\\\/nazirlik-beynelxalq-bankin-defolt-veziyyetinin-esl-sebebini-gizledir\\\/#primaryimage\"},\"thumbnailUrl\":\"https:\\\/\\\/www.meydan.tv\\\/wp-content\\\/uploads\\\/34029.jpg\",\"articleSection\":[\"Analitika\"],\"inLanguage\":\"az\"},{\"@type\":\"WebPage\",\"@id\":\"https:\\\/\\\/www.meydan.tv\\\/az\\\/article\\\/nazirlik-beynelxalq-bankin-defolt-veziyyetinin-esl-sebebini-gizledir\\\/\",\"url\":\"https:\\\/\\\/www.meydan.tv\\\/az\\\/article\\\/nazirlik-beynelxalq-bankin-defolt-veziyyetinin-esl-sebebini-gizledir\\\/\",\"name\":\"''Nazirlik Beyn\u0259lxalq Bank\u0131n defolt v\u0259ziyy\u0259tinin \u0259sl s\u0259b\u0259bini gizl\u0259dir'' - MEYDAN.TV\",\"isPartOf\":{\"@id\":\"https:\\\/\\\/www.meydan.tv\\\/az\\\/#website\"},\"primaryImageOfPage\":{\"@id\":\"https:\\\/\\\/www.meydan.tv\\\/az\\\/article\\\/nazirlik-beynelxalq-bankin-defolt-veziyyetinin-esl-sebebini-gizledir\\\/#primaryimage\"},\"image\":{\"@id\":\"https:\\\/\\\/www.meydan.tv\\\/az\\\/article\\\/nazirlik-beynelxalq-bankin-defolt-veziyyetinin-esl-sebebini-gizledir\\\/#primaryimage\"},\"thumbnailUrl\":\"https:\\\/\\\/www.meydan.tv\\\/wp-content\\\/uploads\\\/34029.jpg\",\"datePublished\":\"2017-06-07T14:59:16+00:00\",\"breadcrumb\":{\"@id\":\"https:\\\/\\\/www.meydan.tv\\\/az\\\/article\\\/nazirlik-beynelxalq-bankin-defolt-veziyyetinin-esl-sebebini-gizledir\\\/#breadcrumb\"},\"inLanguage\":\"az\",\"potentialAction\":[{\"@type\":\"ReadAction\",\"target\":[\"https:\\\/\\\/www.meydan.tv\\\/az\\\/article\\\/nazirlik-beynelxalq-bankin-defolt-veziyyetinin-esl-sebebini-gizledir\\\/\"]}]},{\"@type\":\"ImageObject\",\"inLanguage\":\"az\",\"@id\":\"https:\\\/\\\/www.meydan.tv\\\/az\\\/article\\\/nazirlik-beynelxalq-bankin-defolt-veziyyetinin-esl-sebebini-gizledir\\\/#primaryimage\",\"url\":\"https:\\\/\\\/www.meydan.tv\\\/wp-content\\\/uploads\\\/34029.jpg\",\"contentUrl\":\"https:\\\/\\\/www.meydan.tv\\\/wp-content\\\/uploads\\\/34029.jpg\",\"width\":1023,\"height\":575,\"caption\":\"Source:\"},{\"@type\":\"BreadcrumbList\",\"@id\":\"https:\\\/\\\/www.meydan.tv\\\/az\\\/article\\\/nazirlik-beynelxalq-bankin-defolt-veziyyetinin-esl-sebebini-gizledir\\\/#breadcrumb\",\"itemListElement\":[{\"@type\":\"ListItem\",\"position\":1,\"name\":\"Ana s\u0259hif\u0259\",\"item\":\"https:\\\/\\\/www.meydan.tv\\\/az\\\/\"},{\"@type\":\"ListItem\",\"position\":2,\"name\":\"Analitika\",\"item\":\"https:\\\/\\\/www.meydan.tv\\\/az\\\/section\\\/analitika\\\/\"},{\"@type\":\"ListItem\",\"position\":3,\"name\":\"&#8221;Nazirlik Beyn\u0259lxalq Bank\u0131n defolt v\u0259ziyy\u0259tinin \u0259sl s\u0259b\u0259bini gizl\u0259dir&#8221;\"}]},{\"@type\":\"WebSite\",\"@id\":\"https:\\\/\\\/www.meydan.tv\\\/az\\\/#website\",\"url\":\"https:\\\/\\\/www.meydan.tv\\\/az\\\/\",\"name\":\"MEYDAN.TV\",\"description\":\"Meydan TV Az\u0259rbaycan\u0131n media m\u0259kan\u0131ndak\u0131 alternativ s\u0259sidir\",\"publisher\":{\"@id\":\"https:\\\/\\\/www.meydan.tv\\\/az\\\/#organization\"},\"potentialAction\":[{\"@type\":\"SearchAction\",\"target\":{\"@type\":\"EntryPoint\",\"urlTemplate\":\"https:\\\/\\\/www.meydan.tv\\\/az\\\/?s={search_term_string}\"},\"query-input\":{\"@type\":\"PropertyValueSpecification\",\"valueRequired\":true,\"valueName\":\"search_term_string\"}}],\"inLanguage\":\"az\"},{\"@type\":\"Organization\",\"@id\":\"https:\\\/\\\/www.meydan.tv\\\/az\\\/#organization\",\"name\":\"Meydan TV\",\"url\":\"https:\\\/\\\/www.meydan.tv\\\/az\\\/\",\"logo\":{\"@type\":\"ImageObject\",\"inLanguage\":\"az\",\"@id\":\"https:\\\/\\\/www.meydan.tv\\\/az\\\/#\\\/schema\\\/logo\\\/image\\\/\",\"url\":\"https:\\\/\\\/www.meydan.tv\\\/wp-content\\\/uploads\\\/2021\\\/07\\\/meydan-logo.svg\",\"contentUrl\":\"https:\\\/\\\/www.meydan.tv\\\/wp-content\\\/uploads\\\/2021\\\/07\\\/meydan-logo.svg\",\"width\":195,\"height\":46,\"caption\":\"Meydan TV\"},\"image\":{\"@id\":\"https:\\\/\\\/www.meydan.tv\\\/az\\\/#\\\/schema\\\/logo\\\/image\\\/\"}},{\"@type\":\"Person\",\"@id\":\"https:\\\/\\\/www.meydan.tv\\\/az\\\/#\\\/schema\\\/person\\\/10d11eccf6da3662cf5fdab9806ea91a\",\"name\":\"user-manager\"}]}<\/script>\n<!-- \/ Yoast SEO plugin. -->","yoast_head_json":{"title":"''Nazirlik Beyn\u0259lxalq Bank\u0131n defolt v\u0259ziyy\u0259tinin \u0259sl s\u0259b\u0259bini gizl\u0259dir'' - MEYDAN.TV","robots":{"index":"index","follow":"follow","max-snippet":"max-snippet:-1","max-image-preview":"max-image-preview:large","max-video-preview":"max-video-preview:-1"},"canonical":"https:\/\/www.meydan.tv\/az\/article\/nazirlik-beynelxalq-bankin-defolt-veziyyetinin-esl-sebebini-gizledir\/","og_locale":"az_AZ","og_type":"article","og_title":"''Nazirlik Beyn\u0259lxalq Bank\u0131n defolt v\u0259ziyy\u0259tinin \u0259sl s\u0259b\u0259bini gizl\u0259dir'' - MEYDAN.TV","og_description":"Nem\u0259t \u018fliyev: ''Bunda yar\u0131tmaz iqtisadi-bank siyas\u0259tinin v\u0259 devalvasiyalar\u0131n rolu var''","og_url":"https:\/\/www.meydan.tv\/az\/article\/nazirlik-beynelxalq-bankin-defolt-veziyyetinin-esl-sebebini-gizledir\/","og_site_name":"MEYDAN.TV","article_published_time":"2017-06-07T14:59:16+00:00","og_image":[{"width":1023,"height":575,"url":"https:\/\/www.meydan.tv\/wp-content\/uploads\/34029.jpg","type":"image\/jpeg"}],"author":"user-manager","twitter_card":"summary_large_image","schema":{"@context":"https:\/\/schema.org","@graph":[{"@type":"Article","@id":"https:\/\/www.meydan.tv\/az\/article\/nazirlik-beynelxalq-bankin-defolt-veziyyetinin-esl-sebebini-gizledir\/#article","isPartOf":{"@id":"https:\/\/www.meydan.tv\/az\/article\/nazirlik-beynelxalq-bankin-defolt-veziyyetinin-esl-sebebini-gizledir\/"},"author":{"name":"user-manager","@id":"https:\/\/www.meydan.tv\/az\/#\/schema\/person\/10d11eccf6da3662cf5fdab9806ea91a"},"headline":"&#8221;Nazirlik Beyn\u0259lxalq Bank\u0131n defolt v\u0259ziyy\u0259tinin \u0259sl s\u0259b\u0259bini gizl\u0259dir&#8221;","datePublished":"2017-06-07T14:59:16+00:00","mainEntityOfPage":{"@id":"https:\/\/www.meydan.tv\/az\/article\/nazirlik-beynelxalq-bankin-defolt-veziyyetinin-esl-sebebini-gizledir\/"},"wordCount":861,"publisher":{"@id":"https:\/\/www.meydan.tv\/az\/#organization"},"image":{"@id":"https:\/\/www.meydan.tv\/az\/article\/nazirlik-beynelxalq-bankin-defolt-veziyyetinin-esl-sebebini-gizledir\/#primaryimage"},"thumbnailUrl":"https:\/\/www.meydan.tv\/wp-content\/uploads\/34029.jpg","articleSection":["Analitika"],"inLanguage":"az"},{"@type":"WebPage","@id":"https:\/\/www.meydan.tv\/az\/article\/nazirlik-beynelxalq-bankin-defolt-veziyyetinin-esl-sebebini-gizledir\/","url":"https:\/\/www.meydan.tv\/az\/article\/nazirlik-beynelxalq-bankin-defolt-veziyyetinin-esl-sebebini-gizledir\/","name":"''Nazirlik Beyn\u0259lxalq Bank\u0131n defolt v\u0259ziyy\u0259tinin \u0259sl s\u0259b\u0259bini gizl\u0259dir'' - MEYDAN.TV","isPartOf":{"@id":"https:\/\/www.meydan.tv\/az\/#website"},"primaryImageOfPage":{"@id":"https:\/\/www.meydan.tv\/az\/article\/nazirlik-beynelxalq-bankin-defolt-veziyyetinin-esl-sebebini-gizledir\/#primaryimage"},"image":{"@id":"https:\/\/www.meydan.tv\/az\/article\/nazirlik-beynelxalq-bankin-defolt-veziyyetinin-esl-sebebini-gizledir\/#primaryimage"},"thumbnailUrl":"https:\/\/www.meydan.tv\/wp-content\/uploads\/34029.jpg","datePublished":"2017-06-07T14:59:16+00:00","breadcrumb":{"@id":"https:\/\/www.meydan.tv\/az\/article\/nazirlik-beynelxalq-bankin-defolt-veziyyetinin-esl-sebebini-gizledir\/#breadcrumb"},"inLanguage":"az","potentialAction":[{"@type":"ReadAction","target":["https:\/\/www.meydan.tv\/az\/article\/nazirlik-beynelxalq-bankin-defolt-veziyyetinin-esl-sebebini-gizledir\/"]}]},{"@type":"ImageObject","inLanguage":"az","@id":"https:\/\/www.meydan.tv\/az\/article\/nazirlik-beynelxalq-bankin-defolt-veziyyetinin-esl-sebebini-gizledir\/#primaryimage","url":"https:\/\/www.meydan.tv\/wp-content\/uploads\/34029.jpg","contentUrl":"https:\/\/www.meydan.tv\/wp-content\/uploads\/34029.jpg","width":1023,"height":575,"caption":"Source:"},{"@type":"BreadcrumbList","@id":"https:\/\/www.meydan.tv\/az\/article\/nazirlik-beynelxalq-bankin-defolt-veziyyetinin-esl-sebebini-gizledir\/#breadcrumb","itemListElement":[{"@type":"ListItem","position":1,"name":"Ana s\u0259hif\u0259","item":"https:\/\/www.meydan.tv\/az\/"},{"@type":"ListItem","position":2,"name":"Analitika","item":"https:\/\/www.meydan.tv\/az\/section\/analitika\/"},{"@type":"ListItem","position":3,"name":"&#8221;Nazirlik Beyn\u0259lxalq Bank\u0131n defolt v\u0259ziyy\u0259tinin \u0259sl s\u0259b\u0259bini gizl\u0259dir&#8221;"}]},{"@type":"WebSite","@id":"https:\/\/www.meydan.tv\/az\/#website","url":"https:\/\/www.meydan.tv\/az\/","name":"MEYDAN.TV","description":"Meydan TV Az\u0259rbaycan\u0131n media m\u0259kan\u0131ndak\u0131 alternativ s\u0259sidir","publisher":{"@id":"https:\/\/www.meydan.tv\/az\/#organization"},"potentialAction":[{"@type":"SearchAction","target":{"@type":"EntryPoint","urlTemplate":"https:\/\/www.meydan.tv\/az\/?s={search_term_string}"},"query-input":{"@type":"PropertyValueSpecification","valueRequired":true,"valueName":"search_term_string"}}],"inLanguage":"az"},{"@type":"Organization","@id":"https:\/\/www.meydan.tv\/az\/#organization","name":"Meydan TV","url":"https:\/\/www.meydan.tv\/az\/","logo":{"@type":"ImageObject","inLanguage":"az","@id":"https:\/\/www.meydan.tv\/az\/#\/schema\/logo\/image\/","url":"https:\/\/www.meydan.tv\/wp-content\/uploads\/2021\/07\/meydan-logo.svg","contentUrl":"https:\/\/www.meydan.tv\/wp-content\/uploads\/2021\/07\/meydan-logo.svg","width":195,"height":46,"caption":"Meydan TV"},"image":{"@id":"https:\/\/www.meydan.tv\/az\/#\/schema\/logo\/image\/"}},{"@type":"Person","@id":"https:\/\/www.meydan.tv\/az\/#\/schema\/person\/10d11eccf6da3662cf5fdab9806ea91a","name":"user-manager"}]}},"_links":{"self":[{"href":"https:\/\/www.meydan.tv\/az\/wp-json\/wp\/v2\/posts\/184781","targetHints":{"allow":["GET"]}}],"collection":[{"href":"https:\/\/www.meydan.tv\/az\/wp-json\/wp\/v2\/posts"}],"about":[{"href":"https:\/\/www.meydan.tv\/az\/wp-json\/wp\/v2\/types\/post"}],"author":[{"embeddable":true,"href":"https:\/\/www.meydan.tv\/az\/wp-json\/wp\/v2\/users\/11"}],"replies":[{"embeddable":true,"href":"https:\/\/www.meydan.tv\/az\/wp-json\/wp\/v2\/comments?post=184781"}],"version-history":[{"count":0,"href":"https:\/\/www.meydan.tv\/az\/wp-json\/wp\/v2\/posts\/184781\/revisions"}],"wp:featuredmedia":[{"embeddable":true,"href":"https:\/\/www.meydan.tv\/az\/wp-json\/wp\/v2\/media\/86299"}],"wp:attachment":[{"href":"https:\/\/www.meydan.tv\/az\/wp-json\/wp\/v2\/media?parent=184781"}],"wp:term":[{"taxonomy":"category","embeddable":true,"href":"https:\/\/www.meydan.tv\/az\/wp-json\/wp\/v2\/categories?post=184781"},{"taxonomy":"post_tag","embeddable":true,"href":"https:\/\/www.meydan.tv\/az\/wp-json\/wp\/v2\/tags?post=184781"}],"curies":[{"name":"wp","href":"https:\/\/api.w.org\/{rel}","templated":true}]}}