{"id":184746,"date":"2017-06-05T19:04:32","date_gmt":"2017-06-05T19:04:32","guid":{"rendered":"https:\/\/www.meydan.tv\/article\/jurnalist-ovu\/"},"modified":"2017-06-05T19:04:32","modified_gmt":"2017-06-05T19:04:32","slug":"jurnalist-ovu","status":"publish","type":"post","link":"https:\/\/www.meydan.tv\/az\/article\/jurnalist-ovu\/","title":{"rendered":"Jurnalist ovu"},"content":{"rendered":"<figure class=\"wp-block-image size-large\">\n  <img decoding=\"async\" src=\"https:\/\/www.meydan.tv\/az\/86245\/\" alt=\"\" class=\"wp-image-86245\"\/><figcaption><\/figcaption><\/figure>\n<p>\n  \u0130nsan\u0131 \u0259n ehtiyac\u0131 olan \u015feyl\u0259 s\u0131namaq x\u00fcsusi q\u0259ddarl\u0131qd\u0131r. O s\u0131naqdan nec\u0259 \u00e7\u0131xmaq is\u0259 \u015f\u0259xsiyy\u0259t, irad\u0259, \u0259n \u0259sas da \u00f6z\u00fcn\u0259 v\u0259 s\u00f6z\u00fcn\u0259 sahib olmaq m\u0259s\u0259l\u0259sidir. Lov\u011fal\u0131q olmas\u0131n, h\u0259yat\u0131mda bir ne\u00e7\u0259 bel\u0259 s\u0131naqlardan \u0259la olmasa da, kafi \u00e7\u0131xa bilmi\u015f\u0259m. Art\u0131q s\u0131naq m\u00fcdd\u0259tim ke\u00e7ib dey\u0259 toxunmaq ist\u0259diyim m\u00f6vzuda t\u0259r\u0259fsiz oldu\u011fumu d\u00fc\u015f\u00fcn\u00fcr\u0259m. Y\u0259ni \u201cpi\u015fiyin a\u011fz\u0131 \u0259t\u0259 \u00e7atmayanda\u201d-zad kimi aforizml\u0259r m\u0259n\u0259 yap\u0131\u015fmaz.\n<\/p>\n<p>\n  \u00d6lk\u0259d\u0259 i\u015f\u0131q s\u00fcr\u0259til\u0259 d\u0259yi\u015f\u0259n g\u00fcnd\u0259min qazmaq alt\u0131nda gizl\u0259n\u0259n toyuq buduna b\u0259nz\u0259r bir hiss\u0259si sabit olaraq qal\u0131r. B\u00fct\u00fcn \u201csensasiyal\u0131\u201d x\u0259b\u0259rl\u0259rin uza\u011f\u0131 \u00fc\u00e7-d\u00f6rd g\u00fcn \u00f6mr\u00fc oldu\u011fu halda h\u0259min hiss\u0259y\u0259 olan maraq azalm\u0131r. S\u00f6hb\u0259t jurnalistl\u0259r\u0259 veril\u0259c\u0259k n\u00f6vb\u0259ti ev qalmaqal\u0131ndan gedir. Anlayaca\u011f\u0131m\u0131z, bel\u0259 m\u0259s\u0259l\u0259l\u0259rin ustad iqtidar\u0131 tilovu q\u0259l\u0259m \u0259hli t\u0259r\u0259f\u0259 ataraq an\u0131nda yaranan t\u0131xac\u0131 l\u0259zz\u0259tl\u0259 seyr v\u0259 saf-\u00e7\u00fcr\u00fck etm\u0259kd\u0259dir.\n<\/p>\n<p>\n  Bildiyimiz kimi, Az\u0259rbaycanda maksimum iqlim qur\u015fa\u011f\u0131, m\u00fcmk\u00fcn t\u0259bii s\u0259rv\u0259tl\u0259rin ham\u0131s\u0131 v\u0259 bunlara uy\u011fun da K\u00fctl\u0259vi \u0130nformasoya Vasit\u0259l\u0259ri \u2013 K\u0130V var. Bel\u0259 ki, bizim f\u0259dakar \u201cK\u0130V\u201dimiz \u00f6lk\u0259d\u0259 ba\u015f al\u0131b ged\u0259n inki\u015faf\u0131, maddi-m\u0259n\u0259vi rifah hal\u0131n\u0131, bunlar\u0131n fonundak\u0131 \u00e7i\u00e7\u0259kl\u0259n\u0259n Az\u0259rbaycan\u0131n, da\u011f\u0131lmaqda olan Amerikan\u0131n, b\u00f6hranda bo\u011fulan Avropan\u0131n real m\u0259nz\u0259r\u0259sini g\u00fcnd\u0259m\u0259 g\u0259tirm\u0259kl\u0259 xalq\u0131m\u0131za layiqinc\u0259 informasiya xidm\u0259ti g\u00f6st\u0259rir. \u015e\u00fck\u00fcrl\u0259r olsun ki, b\u0259zi \u201c\u00fcns\u00fcr\u201d istisnalar xaric indiy\u0259 q\u0259d\u0259r milli t\u0259\u0259ss\u00fcbke\u015f internet v\u0259 oturaq tele-efir m\u0259kanlar\u0131m\u0131z, q\u0259zet v\u0259 saytlar\u0131m\u0131z t\u0259r\u0259find\u0259n hakim, h\u0259kim, dava-d\u0259rman, normal qida, sosial-m\u0259i\u015f\u0259t \u00e7at\u0131\u015fmazl\u0131\u011f\u0131ndan bu v\u0259 ya ba\u015fqa \u015f\u0259kild\u0259 h\u0259yat\u0131n\u0131 itir\u0259n v\u0259t\u0259nda\u015flar a\u015fkar edilm\u0259yib. \u0130\u015f o yer\u0259 \u00e7at\u0131b ki, \u00f6l\u00fcm statistikas\u0131 yaln\u0131z bekar\u00e7\u0131l\u0131qdan intihar ed\u0259n m\u0259rhumlar\u0131n umuduna d\u0259yi\u015fir. Qaraba\u011f\u0131n d\u0259qiq n\u0259 zaman qaytar\u0131lmas\u0131 h\u0259rbi sirr oldu\u011fundan bu bar\u0259d\u0259 h\u0259l\u0259lik yaln\u0131z xo\u015f m\u00fclahiz\u0259l\u0259r y\u00fcr\u00fcd\u00fcl\u00fcr.\n<\/p>\n<p>\n  Bel\u0259 olan sur\u0259td\u0259, \u0259lb\u0259tt\u0259, h\u00f6kum\u0259t \u00f6lk\u0259nin g\u00fczg\u00fcs\u00fc olan z\u00fcmr\u0259nin \u0259m\u0259yini qiym\u0259tl\u0259ndirm\u0259lidir. Amma bu q\u0259d\u0259r jurnalist\u0259 ev \u00e7atd\u0131rmaq olmaz ki&#8230; Ev az, jurnalist \u00e7ox. B\u0259s onda m\u0259nzil kim\u0259 verilsin? \u018fn ehtiyac\u0131 olanam\u0131? O deyil. \u018fn istedadl\u0131yam\u0131? O deyil. \u018fn c\u0259sar\u0259tliyim\u0259? O da deyil&#8230;\n<\/p>\n<p>\n  Bunlar\u0131n tam \u0259ksi olanlaram\u0131? Amma onlar\u0131 nec\u0259 se\u00e7ib ay\u0131racaqlar, hans\u0131 x\u00fcsusiyy\u0259tl\u0259rin\u0259 \u00fcst\u00fcnl\u00fck ver\u0259c\u0259kl\u0259r? \u201c\u00dcslub\u201d, m\u0259dhetm\u0259, sitayi\u015f eyni. Minn\u0259tdarl\u0131q des\u0259n, bunu \u00f6t\u0259n \u0259m\u0259liyyatdan sonrak\u0131 utand\u0131r\u0131c\u0131 \u201cdil-a\u011f\u0131z\u201d yar\u0131\u015fmas\u0131nda \u0259yani g\u00f6rd\u00fck. Baxmayaraq ki, i\u015ftirak\u00e7\u0131lar\u0131 tan\u0131m\u0131ram, amma aralar\u0131nda \u201c\u0259n\u201d olmasa da, veril\u0259n m\u00fckafata \u0259n az\u0131ndan evsizlik s\u0259b\u0259bind\u0259n haqq ed\u0259nl\u0259rin oldu\u011funa inan\u0131ram. V\u0259 m\u0259hz onlara g\u00f6r\u0259 \u00f6z pay\u0131ma h\u0259min m\u0259rasimi h\u0259mi\u015f\u0259 t\u0259\u0259ss\u00fcfl\u0259 xat\u0131rlay\u0131ram. Y\u0259ni niy\u0259 pis-yax\u015f\u0131 yarad\u0131c\u0131 adam \u0259n z\u0259ruri t\u0259bii t\u0259l\u0259bata g\u00f6r\u0259 hakimiyy\u0259t\u0259 borclu qalmal\u0131d\u0131r? Niy\u0259 \u00f6lk\u0259d\u0259ki durum h\u0259r k\u0259si yuxar\u0131lardan bir c\u00fcr as\u0131l\u0131 etm\u0259lidir? Niy\u0259 h\u0259tta \u201cxo\u015fm\u0259raml\u0131\u201d ev ba\u011f\u0131\u015flama bel\u0259, qocaman bir sual i\u015far\u0259sin\u0259 d\u00f6n\u00fcb a\u011f\u0131r hissl\u0259r\u0259 s\u0259b\u0259b olmal\u0131d\u0131r?\n<\/p>\n<p>\n  Bu kimi suallara m\u00fcxt\u0259lif yana\u015fmalar ola bil\u0259r. M\u0259nim bildiyim odur ki, b\u00f6lg\u00fc hans\u0131 prinsipl\u0259rl\u0259 apar\u0131l\u0131r-apar\u0131ls\u0131n, bu \u201cevverm\u0259\u201d m\u0259s\u0259l\u0259si yarad\u0131c\u0131 m\u00fchit \u00fc\u00e7\u00fcn m\u0259n\u0259vi travma m\u0259nb\u0259yidir. H\u0259tta \u201cudanlar\u0131n\u201d bel\u0259 qa\u00e7a bilm\u0259y\u0259c\u0259yi bir vicdan hesabat\u0131d\u0131r. Normal \u015f\u00fcurlu kims\u0259 ba\u015fqalar\u0131n\u0131n d\u00f6z\u00fclm\u0259z \u015f\u0259raitini g\u00f6r\u0259-g\u00f6r\u0259 \u00f6z\u00fcn\u0259 inay\u0259t edilmi\u015f komfortlu m\u0259nzild\u0259 tam rahat ola bilm\u0259z. H\u0259l\u0259 h\u0259bs\u0259 at\u0131lm\u0131\u015f s\u00f6z adamlar\u0131n\u0131 demirik ki, onda, \u00fcmumiyy\u0259tl\u0259, h\u0259min d\u00f6rd divar\u0131n \u0259h\u0259miyy\u0259ti s\u0131f\u0131ra enir.\n<\/p>\n<p>\n  B\u00f6y\u00fck H\u0259s\u0259n b\u0259y Z\u0259rdabinin ad\u0131 il\u0259 tarix\u0259 d\u00fc\u015f\u0259r\u0259k Mirz\u0259 C\u0259lil, Sabir, \u018fd\u00fcrr\u0259him b\u0259y Haqverdiyev kimi ne\u00e7\u0259-ne\u00e7\u0259 ayd\u0131nlar\u0131n min zill\u0259tl\u0259 b\u00f6y\u00fck d\u00fcnyaya \u00e7\u0131xartd\u0131qlar\u0131 Milli M\u0259tbuat G\u00fcn\u00fcn\u00fc \u201cev dusta\u011f\u0131\u201d olmadan qeyd ed\u0259c\u0259k b\u00fct\u00fcn c\u0259fake\u015f q\u0259l\u0259mda\u015flara xo\u015f g\u00fcnl\u0259r arzusuyla&#8230;\n<\/p>\n<p>\n  <i><br \/>\n    <b><br \/>\n      Yaz\u0131 m\u00fc\u0259llifin fikirl\u0259rini \u0259ks etdirir v\u0259 Meydan TV-nin m\u00f6vqeyi il\u0259 \u00fcst-\u00fcst\u0259 d\u00fc\u015fm\u0259y\u0259 bil\u0259r.<br \/>\n    <\/b><br \/>\n  <\/i><\/p>\n","protected":false},"excerpt":{"rendered":"<p>\u0130nsan\u0131 \u0259n ehtiyac\u0131 olan \u015feyl\u0259 s\u0131namaq x\u00fcsusi q\u0259ddarl\u0131qd\u0131r<\/p>\n","protected":false},"author":11,"featured_media":86245,"comment_status":"closed","ping_status":"open","sticky":false,"template":"","format":"standard","meta":{"_acf_changed":false,"_sitemap_exclude":false,"_sitemap_priority":"","_sitemap_frequency":"","footnotes":""},"categories":[57],"tags":[],"class_list":["post-184746","post","type-post","status-publish","format-standard","has-post-thumbnail","hentry","category-menim-fikrimce","infinite-scroll-item","generate-columns","tablet-grid-50","mobile-grid-100","grid-parent","grid-33","no-featured-image-padding"],"acf":[],"yoast_head":"<!-- This site is optimized with the Yoast SEO plugin v27.5 - https:\/\/yoast.com\/product\/yoast-seo-wordpress\/ -->\n<title>Jurnalist ovu - MEYDAN.TV<\/title>\n<meta name=\"robots\" content=\"index, follow, max-snippet:-1, max-image-preview:large, max-video-preview:-1\" \/>\n<link rel=\"canonical\" href=\"https:\/\/www.meydan.tv\/az\/article\/jurnalist-ovu\/\" \/>\n<meta property=\"og:locale\" content=\"az_AZ\" \/>\n<meta property=\"og:type\" content=\"article\" \/>\n<meta property=\"og:title\" content=\"Jurnalist ovu - MEYDAN.TV\" \/>\n<meta property=\"og:description\" content=\"\u0130nsan\u0131 \u0259n ehtiyac\u0131 olan \u015feyl\u0259 s\u0131namaq x\u00fcsusi q\u0259ddarl\u0131qd\u0131r\" \/>\n<meta property=\"og:url\" content=\"https:\/\/www.meydan.tv\/az\/article\/jurnalist-ovu\/\" \/>\n<meta property=\"og:site_name\" content=\"MEYDAN.TV\" \/>\n<meta property=\"article:published_time\" content=\"2017-06-05T19:04:32+00:00\" \/>\n<meta property=\"og:image\" content=\"https:\/\/www.meydan.tv\/wp-content\/uploads\/33969.jpg\" \/>\n\t<meta property=\"og:image:width\" content=\"1500\" \/>\n\t<meta property=\"og:image:height\" content=\"998\" \/>\n\t<meta property=\"og:image:type\" content=\"image\/jpeg\" \/>\n<meta name=\"author\" content=\"user-manager\" \/>\n<meta name=\"twitter:card\" content=\"summary_large_image\" \/>\n<script type=\"application\/ld+json\" class=\"yoast-schema-graph\">{\"@context\":\"https:\\\/\\\/schema.org\",\"@graph\":[{\"@type\":\"Article\",\"@id\":\"https:\\\/\\\/www.meydan.tv\\\/az\\\/article\\\/jurnalist-ovu\\\/#article\",\"isPartOf\":{\"@id\":\"https:\\\/\\\/www.meydan.tv\\\/az\\\/article\\\/jurnalist-ovu\\\/\"},\"author\":{\"name\":\"user-manager\",\"@id\":\"https:\\\/\\\/www.meydan.tv\\\/az\\\/#\\\/schema\\\/person\\\/10d11eccf6da3662cf5fdab9806ea91a\"},\"headline\":\"Jurnalist ovu\",\"datePublished\":\"2017-06-05T19:04:32+00:00\",\"mainEntityOfPage\":{\"@id\":\"https:\\\/\\\/www.meydan.tv\\\/az\\\/article\\\/jurnalist-ovu\\\/\"},\"wordCount\":874,\"publisher\":{\"@id\":\"https:\\\/\\\/www.meydan.tv\\\/az\\\/#organization\"},\"image\":{\"@id\":\"https:\\\/\\\/www.meydan.tv\\\/az\\\/article\\\/jurnalist-ovu\\\/#primaryimage\"},\"thumbnailUrl\":\"https:\\\/\\\/www.meydan.tv\\\/wp-content\\\/uploads\\\/33969.jpg\",\"articleSection\":[\"M\u0259nim Fikrimc\u0259\"],\"inLanguage\":\"az\"},{\"@type\":\"WebPage\",\"@id\":\"https:\\\/\\\/www.meydan.tv\\\/az\\\/article\\\/jurnalist-ovu\\\/\",\"url\":\"https:\\\/\\\/www.meydan.tv\\\/az\\\/article\\\/jurnalist-ovu\\\/\",\"name\":\"Jurnalist ovu - MEYDAN.TV\",\"isPartOf\":{\"@id\":\"https:\\\/\\\/www.meydan.tv\\\/az\\\/#website\"},\"primaryImageOfPage\":{\"@id\":\"https:\\\/\\\/www.meydan.tv\\\/az\\\/article\\\/jurnalist-ovu\\\/#primaryimage\"},\"image\":{\"@id\":\"https:\\\/\\\/www.meydan.tv\\\/az\\\/article\\\/jurnalist-ovu\\\/#primaryimage\"},\"thumbnailUrl\":\"https:\\\/\\\/www.meydan.tv\\\/wp-content\\\/uploads\\\/33969.jpg\",\"datePublished\":\"2017-06-05T19:04:32+00:00\",\"breadcrumb\":{\"@id\":\"https:\\\/\\\/www.meydan.tv\\\/az\\\/article\\\/jurnalist-ovu\\\/#breadcrumb\"},\"inLanguage\":\"az\",\"potentialAction\":[{\"@type\":\"ReadAction\",\"target\":[\"https:\\\/\\\/www.meydan.tv\\\/az\\\/article\\\/jurnalist-ovu\\\/\"]}]},{\"@type\":\"ImageObject\",\"inLanguage\":\"az\",\"@id\":\"https:\\\/\\\/www.meydan.tv\\\/az\\\/article\\\/jurnalist-ovu\\\/#primaryimage\",\"url\":\"https:\\\/\\\/www.meydan.tv\\\/wp-content\\\/uploads\\\/33969.jpg\",\"contentUrl\":\"https:\\\/\\\/www.meydan.tv\\\/wp-content\\\/uploads\\\/33969.jpg\",\"width\":1500,\"height\":998,\"caption\":\"Source:\"},{\"@type\":\"BreadcrumbList\",\"@id\":\"https:\\\/\\\/www.meydan.tv\\\/az\\\/article\\\/jurnalist-ovu\\\/#breadcrumb\",\"itemListElement\":[{\"@type\":\"ListItem\",\"position\":1,\"name\":\"Ana s\u0259hif\u0259\",\"item\":\"https:\\\/\\\/www.meydan.tv\\\/az\\\/\"},{\"@type\":\"ListItem\",\"position\":2,\"name\":\"M\u0259nim Fikrimc\u0259\",\"item\":\"https:\\\/\\\/www.meydan.tv\\\/az\\\/section\\\/menim-fikrimce\\\/\"},{\"@type\":\"ListItem\",\"position\":3,\"name\":\"Jurnalist ovu\"}]},{\"@type\":\"WebSite\",\"@id\":\"https:\\\/\\\/www.meydan.tv\\\/az\\\/#website\",\"url\":\"https:\\\/\\\/www.meydan.tv\\\/az\\\/\",\"name\":\"MEYDAN.TV\",\"description\":\"Meydan TV Az\u0259rbaycan\u0131n media m\u0259kan\u0131ndak\u0131 alternativ s\u0259sidir\",\"publisher\":{\"@id\":\"https:\\\/\\\/www.meydan.tv\\\/az\\\/#organization\"},\"potentialAction\":[{\"@type\":\"SearchAction\",\"target\":{\"@type\":\"EntryPoint\",\"urlTemplate\":\"https:\\\/\\\/www.meydan.tv\\\/az\\\/?s={search_term_string}\"},\"query-input\":{\"@type\":\"PropertyValueSpecification\",\"valueRequired\":true,\"valueName\":\"search_term_string\"}}],\"inLanguage\":\"az\"},{\"@type\":\"Organization\",\"@id\":\"https:\\\/\\\/www.meydan.tv\\\/az\\\/#organization\",\"name\":\"Meydan TV\",\"url\":\"https:\\\/\\\/www.meydan.tv\\\/az\\\/\",\"logo\":{\"@type\":\"ImageObject\",\"inLanguage\":\"az\",\"@id\":\"https:\\\/\\\/www.meydan.tv\\\/az\\\/#\\\/schema\\\/logo\\\/image\\\/\",\"url\":\"https:\\\/\\\/www.meydan.tv\\\/wp-content\\\/uploads\\\/2021\\\/07\\\/meydan-logo.svg\",\"contentUrl\":\"https:\\\/\\\/www.meydan.tv\\\/wp-content\\\/uploads\\\/2021\\\/07\\\/meydan-logo.svg\",\"width\":195,\"height\":46,\"caption\":\"Meydan TV\"},\"image\":{\"@id\":\"https:\\\/\\\/www.meydan.tv\\\/az\\\/#\\\/schema\\\/logo\\\/image\\\/\"}},{\"@type\":\"Person\",\"@id\":\"https:\\\/\\\/www.meydan.tv\\\/az\\\/#\\\/schema\\\/person\\\/10d11eccf6da3662cf5fdab9806ea91a\",\"name\":\"user-manager\"}]}<\/script>\n<!-- \/ Yoast SEO plugin. -->","yoast_head_json":{"title":"Jurnalist ovu - MEYDAN.TV","robots":{"index":"index","follow":"follow","max-snippet":"max-snippet:-1","max-image-preview":"max-image-preview:large","max-video-preview":"max-video-preview:-1"},"canonical":"https:\/\/www.meydan.tv\/az\/article\/jurnalist-ovu\/","og_locale":"az_AZ","og_type":"article","og_title":"Jurnalist ovu - MEYDAN.TV","og_description":"\u0130nsan\u0131 \u0259n ehtiyac\u0131 olan \u015feyl\u0259 s\u0131namaq x\u00fcsusi q\u0259ddarl\u0131qd\u0131r","og_url":"https:\/\/www.meydan.tv\/az\/article\/jurnalist-ovu\/","og_site_name":"MEYDAN.TV","article_published_time":"2017-06-05T19:04:32+00:00","og_image":[{"width":1500,"height":998,"url":"https:\/\/www.meydan.tv\/wp-content\/uploads\/33969.jpg","type":"image\/jpeg"}],"author":"user-manager","twitter_card":"summary_large_image","schema":{"@context":"https:\/\/schema.org","@graph":[{"@type":"Article","@id":"https:\/\/www.meydan.tv\/az\/article\/jurnalist-ovu\/#article","isPartOf":{"@id":"https:\/\/www.meydan.tv\/az\/article\/jurnalist-ovu\/"},"author":{"name":"user-manager","@id":"https:\/\/www.meydan.tv\/az\/#\/schema\/person\/10d11eccf6da3662cf5fdab9806ea91a"},"headline":"Jurnalist ovu","datePublished":"2017-06-05T19:04:32+00:00","mainEntityOfPage":{"@id":"https:\/\/www.meydan.tv\/az\/article\/jurnalist-ovu\/"},"wordCount":874,"publisher":{"@id":"https:\/\/www.meydan.tv\/az\/#organization"},"image":{"@id":"https:\/\/www.meydan.tv\/az\/article\/jurnalist-ovu\/#primaryimage"},"thumbnailUrl":"https:\/\/www.meydan.tv\/wp-content\/uploads\/33969.jpg","articleSection":["M\u0259nim Fikrimc\u0259"],"inLanguage":"az"},{"@type":"WebPage","@id":"https:\/\/www.meydan.tv\/az\/article\/jurnalist-ovu\/","url":"https:\/\/www.meydan.tv\/az\/article\/jurnalist-ovu\/","name":"Jurnalist ovu - MEYDAN.TV","isPartOf":{"@id":"https:\/\/www.meydan.tv\/az\/#website"},"primaryImageOfPage":{"@id":"https:\/\/www.meydan.tv\/az\/article\/jurnalist-ovu\/#primaryimage"},"image":{"@id":"https:\/\/www.meydan.tv\/az\/article\/jurnalist-ovu\/#primaryimage"},"thumbnailUrl":"https:\/\/www.meydan.tv\/wp-content\/uploads\/33969.jpg","datePublished":"2017-06-05T19:04:32+00:00","breadcrumb":{"@id":"https:\/\/www.meydan.tv\/az\/article\/jurnalist-ovu\/#breadcrumb"},"inLanguage":"az","potentialAction":[{"@type":"ReadAction","target":["https:\/\/www.meydan.tv\/az\/article\/jurnalist-ovu\/"]}]},{"@type":"ImageObject","inLanguage":"az","@id":"https:\/\/www.meydan.tv\/az\/article\/jurnalist-ovu\/#primaryimage","url":"https:\/\/www.meydan.tv\/wp-content\/uploads\/33969.jpg","contentUrl":"https:\/\/www.meydan.tv\/wp-content\/uploads\/33969.jpg","width":1500,"height":998,"caption":"Source:"},{"@type":"BreadcrumbList","@id":"https:\/\/www.meydan.tv\/az\/article\/jurnalist-ovu\/#breadcrumb","itemListElement":[{"@type":"ListItem","position":1,"name":"Ana s\u0259hif\u0259","item":"https:\/\/www.meydan.tv\/az\/"},{"@type":"ListItem","position":2,"name":"M\u0259nim Fikrimc\u0259","item":"https:\/\/www.meydan.tv\/az\/section\/menim-fikrimce\/"},{"@type":"ListItem","position":3,"name":"Jurnalist ovu"}]},{"@type":"WebSite","@id":"https:\/\/www.meydan.tv\/az\/#website","url":"https:\/\/www.meydan.tv\/az\/","name":"MEYDAN.TV","description":"Meydan TV Az\u0259rbaycan\u0131n media m\u0259kan\u0131ndak\u0131 alternativ s\u0259sidir","publisher":{"@id":"https:\/\/www.meydan.tv\/az\/#organization"},"potentialAction":[{"@type":"SearchAction","target":{"@type":"EntryPoint","urlTemplate":"https:\/\/www.meydan.tv\/az\/?s={search_term_string}"},"query-input":{"@type":"PropertyValueSpecification","valueRequired":true,"valueName":"search_term_string"}}],"inLanguage":"az"},{"@type":"Organization","@id":"https:\/\/www.meydan.tv\/az\/#organization","name":"Meydan TV","url":"https:\/\/www.meydan.tv\/az\/","logo":{"@type":"ImageObject","inLanguage":"az","@id":"https:\/\/www.meydan.tv\/az\/#\/schema\/logo\/image\/","url":"https:\/\/www.meydan.tv\/wp-content\/uploads\/2021\/07\/meydan-logo.svg","contentUrl":"https:\/\/www.meydan.tv\/wp-content\/uploads\/2021\/07\/meydan-logo.svg","width":195,"height":46,"caption":"Meydan TV"},"image":{"@id":"https:\/\/www.meydan.tv\/az\/#\/schema\/logo\/image\/"}},{"@type":"Person","@id":"https:\/\/www.meydan.tv\/az\/#\/schema\/person\/10d11eccf6da3662cf5fdab9806ea91a","name":"user-manager"}]}},"_links":{"self":[{"href":"https:\/\/www.meydan.tv\/az\/wp-json\/wp\/v2\/posts\/184746","targetHints":{"allow":["GET"]}}],"collection":[{"href":"https:\/\/www.meydan.tv\/az\/wp-json\/wp\/v2\/posts"}],"about":[{"href":"https:\/\/www.meydan.tv\/az\/wp-json\/wp\/v2\/types\/post"}],"author":[{"embeddable":true,"href":"https:\/\/www.meydan.tv\/az\/wp-json\/wp\/v2\/users\/11"}],"replies":[{"embeddable":true,"href":"https:\/\/www.meydan.tv\/az\/wp-json\/wp\/v2\/comments?post=184746"}],"version-history":[{"count":0,"href":"https:\/\/www.meydan.tv\/az\/wp-json\/wp\/v2\/posts\/184746\/revisions"}],"wp:featuredmedia":[{"embeddable":true,"href":"https:\/\/www.meydan.tv\/az\/wp-json\/wp\/v2\/media\/86245"}],"wp:attachment":[{"href":"https:\/\/www.meydan.tv\/az\/wp-json\/wp\/v2\/media?parent=184746"}],"wp:term":[{"taxonomy":"category","embeddable":true,"href":"https:\/\/www.meydan.tv\/az\/wp-json\/wp\/v2\/categories?post=184746"},{"taxonomy":"post_tag","embeddable":true,"href":"https:\/\/www.meydan.tv\/az\/wp-json\/wp\/v2\/tags?post=184746"}],"curies":[{"name":"wp","href":"https:\/\/api.w.org\/{rel}","templated":true}]}}