{"id":184744,"date":"2017-06-05T18:56:47","date_gmt":"2017-06-05T18:56:47","guid":{"rendered":"https:\/\/www.meydan.tv\/article\/gurcustan-avropadir\/"},"modified":"2017-06-05T18:56:47","modified_gmt":"2017-06-05T18:56:47","slug":"gurcustan-avropadir","status":"publish","type":"post","link":"https:\/\/www.meydan.tv\/az\/article\/gurcustan-avropadir\/","title":{"rendered":"G\u00fcrc\u00fcstan Avropad\u0131r"},"content":{"rendered":"<p>\n  D\u00fcnyada haz\u0131rda, \u0259d\u0259biyyat\u00e7\u0131lar demi\u015f, c\u00f6vlan ed\u0259n sa\u011f-populist reqres bir \u00e7ox d\u00f6vl\u0259ti \u00f6z t\u0259sirin\u0259 sal\u0131b. Ba\u015f\u0131nda Putin-\u018frdo\u011fan-Brexit-Trump d\u00f6rdl\u00fcy\u00fc ged\u0259n bu proses demokratik \u0259n\u0259n\u0259l\u0259ri, institutlar\u0131 z\u0259if olan d\u00f6vl\u0259tl\u0259ri daha tez m\u0259\u011flub edir.\n<\/p>\n<p>\n  O boyda Amerikada q\u0259l\u0259b\u0259 \u00e7alm\u0131\u015f bu axmaq gedi\u015fat AB\u015e demokratiyas\u0131n\u0131n m\u00fcqavim\u0259ti il\u0259 \u00fczl\u0259\u015fib, ona g\u00f6r\u0259 d\u0259 Amerika T\u00fcrkiy\u0259nin g\u00fcn\u00fcn\u0259 d\u00fc\u015fm\u0259yib. El\u0259c\u0259 d\u0259 Britaniya &#8211; hakimiyy\u0259td\u0259 m\u00fchafiz\u0259karlard\u0131r, amma \u00f6lk\u0259 demokratik olaraq qal\u0131r, t\u0259bii ki. Sad\u0259c\u0259 avrosentrizmd\u0259n geri \u00e7\u0259kilir. Bu h\u0259r\u0259kat Avstriyada, Hollandiyada, Almaniyada, Fransada uduzdu, \u00e7\u00fcnki onlar art\u0131q vahid kontinental Avropa kimi \u0259n\u0259n\u0259l\u0259r\u0259 malikdirl\u0259r. Avropa Birliyi kimi qurumu yar\u0131m \u0259sr saxlamaq o dem\u0259kdir ki, orada \u00e7ox b\u00f6y\u00fck demokratiya enerjisi y\u0131\u011f\u0131l\u0131b, bel\u0259 asan m\u0259\u011flub etm\u0259k olmaz.\n<\/p>\n<p>\n  Putin v\u0259 \u018frdo\u011fan onsuz da var idil\u0259r, bu tendensiya qalxandan sonra bir az da q\u0131z\u0131\u015fd\u0131lar. K\u00f6z\u0259r\u0259n rus demokratiyas\u0131 (daha do\u011frusu, demokratik q\u00fcvv\u0259l\u0259ri) buna m\u00fcqavim\u0259t g\u00f6st\u0259r\u0259 bilm\u0259dil\u0259r. T\u00fcrkiy\u0259nin demokratik \u0259n\u0259n\u0259l\u0259ri is\u0259 Rusiyadan \u00e7ox-\u00e7ox g\u00fccl\u00fcd\u00fcr, amma bel\u0259 qlobal h\u0259r\u0259kat qar\u015f\u0131s\u0131nda \u00e7ox z\u0259ifdir. T\u00fcrkiy\u0259d\u0259 demokratiyan\u0131n sonuncu dir\u00e7\u0259li\u015fi 1980-l\u0259rin sonunda ba\u015flay\u0131b, 2002-d\u0259 \u018frdo\u011fan hakimiyy\u0259t\u0259 g\u0259l\u0259nd\u0259n sonra zirv\u0259d\u0259n \u00fcz\u00fca\u015fa\u011f\u0131 gedir. Bu q\u0131sa m\u00fcdd\u0259tli m\u00fcs\u0259lman demokratiyas\u0131, t\u0259bii ki, tez uduzmal\u0131 idi. \u018frdo\u011fan\u0131n fikri demokratiya sah\u0259sind\u0259 T\u00fcrkiy\u0259d\u0259 da\u015f\u0131 da\u015f \u00fcst\u0259 qoymamaqd\u0131r, h\u0259l\u0259 ki, u\u011furla gedir.\n<\/p>\n<p>\n  Ba\u015fqa d\u00f6vl\u0259tl\u0259r d\u0259 var bu prosesd\u0259n t\u0259sirl\u0259n\u0259n &#8211; Pol\u015fa, Macar\u0131stan, \u00c7exiya v\u0259 s. Sonuncu n\u00fcmun\u0259 is\u0259, h\u0259l\u0259 ki, G\u00fcrc\u00fcstand\u0131r. B\u00fct\u00fcn bu sadalananlar i\u00e7\u0259risind\u0259 (Rusiya xaric) \u0259n z\u0259if demokratik institutla\u015fmaya malik \u00f6lk\u0259 G\u00fcrc\u00fcstand\u0131r. D\u00fcnyada liberallar\u0131n, sosial-demokratlar\u0131n, qlobalistl\u0259rin, ya\u015f\u0131llar\u0131n n\u00fcfuzunun z\u0259ifl\u0259diyi vaxt G\u00fcrc\u00fcstan ada kimi qala bilm\u0259z, orada da qeyri-demokratik q\u00fcvv\u0259l\u0259rl\u0259 demokratik q\u00fcvv\u0259l\u0259rin demokratik \u015f\u0259raitd\u0259 m\u00fcbariz\u0259si gedir. \u018ffqan Muxtarl\u0131 hadis\u0259sind\u0259 g\u00f6rd\u00fck ki, q\u0259l\u0259b\u0259 demokratlarda deyil.\n<\/p>\n<p>\n  G\u00fcrc\u00fcstan\u0131n \u018ffqana qar\u015f\u0131 h\u0259r\u0259k\u0259ti daha \u00e7ox Trump-\u0131n \u018fr-Riyaddak\u0131 \u00e7\u0131x\u0131\u015f\u0131n\u0131 xat\u0131rlad\u0131r. Trump bildirdi ki, \u201cbiz ba\u015fqa d\u00f6vl\u0259tl\u0259rin i\u015fin\u0259 qar\u0131\u015fmayaca\u011f\u0131q, biz\u0259 amerikanlar\u0131n v\u0259ziyy\u0259ti maraql\u0131d\u0131r\u201d. Pitsburqda da bildirdi ki, \u201cm\u0259n Pitsburqu t\u0259msil edir\u0259m, &#8220;Paris&#8221;i (iqliml\u0259 ba\u011fl\u0131 beyn\u0259lxalq Paris anla\u015fmas\u0131n\u0131 n\u0259z\u0259rd\u0259 tutur) yox\u201d. G\u00fcrc\u00fcstan h\u00f6kum\u0259ti d\u0259 \u00f6z\u00fcn\u00fc g\u00fcrc\u00fcstanl\u0131lar\u0131n h\u00f6kum\u0259ti kimi apard\u0131, az\u0259rbaycanl\u0131 qa\u00e7q\u0131nlar\u0131n yox.\n<\/p>\n<p>\n  \u018flb\u0259tt\u0259, g\u00fcrc\u00fcl\u0259rin d\u0259 mara\u011f\u0131nda olmal\u0131d\u0131r ki, \u00f6z d\u00f6vl\u0259tl\u0259rind\u0259 SOCAR-\u0131n oyunca\u011f\u0131 olan h\u00f6kum\u0259t olmas\u0131n, \u0130nsan h\u00fcquqlar\u0131na h\u00f6rm\u0259t olunsun. Amma maraqlar\u0131nda olacaqm\u0131? \u0130raqda bombalamada \u00f6l\u0259n y\u00fczl\u0259rl\u0259 m\u00fclki \u015f\u0259xs amerikal\u0131lar\u0131n mara\u011f\u0131ndad\u0131rm\u0131? Yaxud Suriya qa\u00e7q\u0131nlar\u0131na t\u00fcrkl\u0259rin m\u00fcnasib\u0259ti \u00e7oxmu yax\u015f\u0131d\u0131r? \u00c7ox misal \u00e7\u0259km\u0259k olar. adamlar \u00f6z ba\u015flar\u0131n\u0131n \u00e7ar\u0259sin\u0259 zorla bax\u0131rlar, qald\u0131, \u0130raq\u0131n, Suriyan\u0131n, Az\u0259rbaycan\u0131n.\n<\/p>\n<p>\n  G\u00fcrc\u00fcstan h\u00f6kum\u0259tinin etdiyi biab\u0131r\u00e7\u0131d\u0131r, buna he\u00e7 kim b\u0259ra\u0259t qazand\u0131ra bilm\u0259z. M\u0259nim toxundu\u011fum m\u0259s\u0259l\u0259 ba\u015fqad\u0131r &#8211; G\u00fcrc\u00fcstan d\u00fcz yoldad\u0131rm\u0131? Son g\u00fcnl\u0259r daha \u00e7ox &#8220;Bu da sizin G\u00fcrc\u00fcstan&#8221;, &#8220;Qafqazdan bir \u015fey \u00e7\u0131xmaz&#8221;, &#8220;Biz demokratiyaya haz\u0131r deyilik, olmayaca\u011f\u0131q da&#8221; kimi sa\u011f-populistl\u0259r\u0259 s\u0259rf ed\u0259n, \u00fc\u00e7\u00fcnc\u00fc d\u00fcnyan\u0131n diktatorlar\u0131n\u0131n sevimli \u015f\u00fcar\u0131 olan &#8220;\u00fc\u00e7\u00fcnc\u00fc yol&#8221; s\u0259fs\u0259t\u0259sinin m\u00fcdd\u0259alar\u0131 kimi s\u0259sl\u0259n\u0259n \u00e7oxlu fikirl\u0259r g\u00f6rd\u00fck. Amma, xan\u0131mlar v\u0259 c\u0259nablar, G\u00fcrc\u00fcstan d\u00fcz yoldad\u0131r. \u018ffqan\u0131 verm\u0259si d\u00fcz deyil, siyasi qazan\u0131nda demokratik m\u00fcbariz\u0259nin getm\u0259si d\u00fczg\u00fcnd\u00fcr. G\u00fcrc\u00fcstan demokratik \u00f6lk\u0259l\u0259rin ya\u015fad\u0131\u011f\u0131 problemi ya\u015fay\u0131r.\n<\/p>\n<p>\n  G\u00fcrc\u00fcstan\u0131n yolu avropala\u015fmad\u0131r, ona g\u00f6r\u0259 d\u0259 Avropan\u0131n \u00fcmumi probleml\u0259ri onlara da siray\u0259t edir. S\u00f6hb\u0259t qlobal populistl\u0259\u015fm\u0259nin t\u0259sirind\u0259n getmir (bu, biz\u0259 d\u0259 t\u0259sir edib), s\u00f6hb\u0259t bu t\u0259sirin hans\u0131 \u00fcsulla ba\u015f verm\u0259sind\u0259n gedir, proqressivl\u0259rin v\u0259 reqressivl\u0259rin m\u00fcbariz\u0259sinin demokratik mahiyy\u0259tind\u0259n gedir. T\u00fcrkiy\u0259nin G\u00fcrc\u00fcstandan m\u00fcqayis\u0259y\u0259g\u0259lm\u0259z d\u0259r\u0259c\u0259d\u0259 g\u00fccl\u00fc demokratiyas\u0131 bu prosesin qaba\u011f\u0131nda \u00e7\u00f6kd\u00fc. G\u00fcrc\u00fcstan\u0131n r\u00fc\u015feym hal\u0131ndak\u0131 bu c\u0131qq\u0131l\u0131 demokratiyas\u0131ndan n\u0259 g\u00f6zl\u0259yirsiniz? Ba\u015f naziri tutub Haaqa M\u0259hk\u0259m\u0259sin\u0259 verm\u0259sini?\n<\/p>\n<p>\n  T\u0259bii ki, G\u00fcrc\u00fcstan h\u00f6kum\u0259tin\u0259 bu r\u00fcsvay\u00e7\u0131 h\u0259r\u0259k\u0259tin\u0259 g\u00f6r\u0259 etirazlar olmal\u0131d\u0131r. Sad\u0259c\u0259 \u0259s\u0259bd\u0259n g\u00f6zard\u0131 etdiyimiz bir \u015fey var \u2013 G\u00fcrc\u00fcstan tutdu\u011fu yolla yen\u0259 n\u00fcmun\u0259dir. \u018ffqanla ba\u011fl\u0131 r\u00fcsvay\u00e7\u0131 h\u0259r\u0259k\u0259ti is\u0259 Avropa d\u0259y\u0259rl\u0259rinin z\u0259ruriliyin\u0259 \u015f\u00fcbh\u0259 yaratmamal\u0131d\u0131r. B\u00fct\u00fcn d\u00fcnyada inki\u015faf\u0131n, xo\u015fb\u0259xt g\u0259l\u0259c\u0259yin yolu Avropa d\u0259y\u0259rl\u0259rind\u0259n ke\u00e7ir. Ham\u0131m\u0131z \u0259vv\u0259l-ax\u0131r ora \u00fcz tutaca\u011f\u0131q. G\u00fcrc\u00fcstan bizd\u0259n qabaqdad\u0131r, sad\u0259c\u0259 aya\u011f\u0131ndan tutub dala \u00e7\u0259kirik. \u018ffqan i\u015find\u0259 bizimkil\u0259r bunu bacard\u0131lar. \u00dcmid ed\u0259k, G\u00fcrc\u00fcstan bu z\u0259if demokratik institutla\u015fmas\u0131 il\u0259 aya\u011f\u0131n\u0131 bizim \u0259limizd\u0259n \u00e7\u0131xar\u0131b qaba\u011fa qa\u00e7acaq.\n<\/p>\n<p>\n  <i><br \/>\n    <b><br \/>\n      Yaz\u0131 m\u00fc\u0259llifin fikirl\u0259rini \u0259ks etdirir v\u0259 Meydan TV-nin m\u00f6vqeyi il\u0259 \u00fcst-\u00fcst\u0259 d\u00fc\u015fm\u0259y\u0259 bil\u0259r.<br \/>\n    <\/b><br \/>\n  <\/i><\/p>\n","protected":false},"excerpt":{"rendered":"<p>D\u00fcnyada haz\u0131rda, \u0259d\u0259biyyat\u00e7\u0131lar demi\u015f, c\u00f6vlan ed\u0259n sa\u011f-populist reqres bir \u00e7ox d\u00f6vl\u0259ti \u00f6z t\u0259sirin\u0259 sal\u0131b<\/p>\n","protected":false},"author":11,"featured_media":79618,"comment_status":"closed","ping_status":"open","sticky":false,"template":"","format":"standard","meta":{"_acf_changed":false,"_sitemap_exclude":false,"_sitemap_priority":"","_sitemap_frequency":"","footnotes":""},"categories":[57],"tags":[],"class_list":["post-184744","post","type-post","status-publish","format-standard","has-post-thumbnail","hentry","category-menim-fikrimce","infinite-scroll-item","generate-columns","tablet-grid-50","mobile-grid-100","grid-parent","grid-33","no-featured-image-padding"],"acf":[],"yoast_head":"<!-- This site is optimized with the Yoast SEO plugin v27.5 - https:\/\/yoast.com\/product\/yoast-seo-wordpress\/ -->\n<title>G\u00fcrc\u00fcstan Avropad\u0131r - MEYDAN.TV<\/title>\n<meta name=\"robots\" content=\"index, follow, max-snippet:-1, max-image-preview:large, max-video-preview:-1\" \/>\n<link rel=\"canonical\" href=\"https:\/\/www.meydan.tv\/az\/article\/gurcustan-avropadir\/\" \/>\n<meta property=\"og:locale\" content=\"az_AZ\" \/>\n<meta property=\"og:type\" content=\"article\" \/>\n<meta property=\"og:title\" content=\"G\u00fcrc\u00fcstan Avropad\u0131r - MEYDAN.TV\" \/>\n<meta property=\"og:description\" content=\"D\u00fcnyada haz\u0131rda, \u0259d\u0259biyyat\u00e7\u0131lar demi\u015f, c\u00f6vlan ed\u0259n sa\u011f-populist reqres bir \u00e7ox d\u00f6vl\u0259ti \u00f6z t\u0259sirin\u0259 sal\u0131b\" \/>\n<meta property=\"og:url\" content=\"https:\/\/www.meydan.tv\/az\/article\/gurcustan-avropadir\/\" \/>\n<meta property=\"og:site_name\" content=\"MEYDAN.TV\" \/>\n<meta property=\"article:published_time\" content=\"2017-06-05T18:56:47+00:00\" \/>\n<meta property=\"og:image\" content=\"https:\/\/www.meydan.tv\/wp-content\/uploads\/31024-1095x821.png\" \/>\n\t<meta property=\"og:image:width\" content=\"1095\" \/>\n\t<meta property=\"og:image:height\" content=\"821\" \/>\n\t<meta property=\"og:image:type\" content=\"image\/png\" \/>\n<meta name=\"author\" content=\"user-manager\" \/>\n<meta name=\"twitter:card\" content=\"summary_large_image\" \/>\n<script type=\"application\/ld+json\" class=\"yoast-schema-graph\">{\"@context\":\"https:\\\/\\\/schema.org\",\"@graph\":[{\"@type\":\"Article\",\"@id\":\"https:\\\/\\\/www.meydan.tv\\\/az\\\/article\\\/gurcustan-avropadir\\\/#article\",\"isPartOf\":{\"@id\":\"https:\\\/\\\/www.meydan.tv\\\/az\\\/article\\\/gurcustan-avropadir\\\/\"},\"author\":{\"name\":\"user-manager\",\"@id\":\"https:\\\/\\\/www.meydan.tv\\\/az\\\/#\\\/schema\\\/person\\\/10d11eccf6da3662cf5fdab9806ea91a\"},\"headline\":\"G\u00fcrc\u00fcstan Avropad\u0131r\",\"datePublished\":\"2017-06-05T18:56:47+00:00\",\"mainEntityOfPage\":{\"@id\":\"https:\\\/\\\/www.meydan.tv\\\/az\\\/article\\\/gurcustan-avropadir\\\/\"},\"wordCount\":1044,\"publisher\":{\"@id\":\"https:\\\/\\\/www.meydan.tv\\\/az\\\/#organization\"},\"image\":{\"@id\":\"https:\\\/\\\/www.meydan.tv\\\/az\\\/article\\\/gurcustan-avropadir\\\/#primaryimage\"},\"thumbnailUrl\":\"https:\\\/\\\/www.meydan.tv\\\/wp-content\\\/uploads\\\/31024.png\",\"articleSection\":[\"M\u0259nim Fikrimc\u0259\"],\"inLanguage\":\"az\"},{\"@type\":\"WebPage\",\"@id\":\"https:\\\/\\\/www.meydan.tv\\\/az\\\/article\\\/gurcustan-avropadir\\\/\",\"url\":\"https:\\\/\\\/www.meydan.tv\\\/az\\\/article\\\/gurcustan-avropadir\\\/\",\"name\":\"G\u00fcrc\u00fcstan Avropad\u0131r - MEYDAN.TV\",\"isPartOf\":{\"@id\":\"https:\\\/\\\/www.meydan.tv\\\/az\\\/#website\"},\"primaryImageOfPage\":{\"@id\":\"https:\\\/\\\/www.meydan.tv\\\/az\\\/article\\\/gurcustan-avropadir\\\/#primaryimage\"},\"image\":{\"@id\":\"https:\\\/\\\/www.meydan.tv\\\/az\\\/article\\\/gurcustan-avropadir\\\/#primaryimage\"},\"thumbnailUrl\":\"https:\\\/\\\/www.meydan.tv\\\/wp-content\\\/uploads\\\/31024.png\",\"datePublished\":\"2017-06-05T18:56:47+00:00\",\"breadcrumb\":{\"@id\":\"https:\\\/\\\/www.meydan.tv\\\/az\\\/article\\\/gurcustan-avropadir\\\/#breadcrumb\"},\"inLanguage\":\"az\",\"potentialAction\":[{\"@type\":\"ReadAction\",\"target\":[\"https:\\\/\\\/www.meydan.tv\\\/az\\\/article\\\/gurcustan-avropadir\\\/\"]}]},{\"@type\":\"ImageObject\",\"inLanguage\":\"az\",\"@id\":\"https:\\\/\\\/www.meydan.tv\\\/az\\\/article\\\/gurcustan-avropadir\\\/#primaryimage\",\"url\":\"https:\\\/\\\/www.meydan.tv\\\/wp-content\\\/uploads\\\/31024.png\",\"contentUrl\":\"https:\\\/\\\/www.meydan.tv\\\/wp-content\\\/uploads\\\/31024.png\",\"width\":2732,\"height\":2048,\"caption\":\"Source:\"},{\"@type\":\"BreadcrumbList\",\"@id\":\"https:\\\/\\\/www.meydan.tv\\\/az\\\/article\\\/gurcustan-avropadir\\\/#breadcrumb\",\"itemListElement\":[{\"@type\":\"ListItem\",\"position\":1,\"name\":\"Ana s\u0259hif\u0259\",\"item\":\"https:\\\/\\\/www.meydan.tv\\\/az\\\/\"},{\"@type\":\"ListItem\",\"position\":2,\"name\":\"M\u0259nim Fikrimc\u0259\",\"item\":\"https:\\\/\\\/www.meydan.tv\\\/az\\\/section\\\/menim-fikrimce\\\/\"},{\"@type\":\"ListItem\",\"position\":3,\"name\":\"G\u00fcrc\u00fcstan Avropad\u0131r\"}]},{\"@type\":\"WebSite\",\"@id\":\"https:\\\/\\\/www.meydan.tv\\\/az\\\/#website\",\"url\":\"https:\\\/\\\/www.meydan.tv\\\/az\\\/\",\"name\":\"MEYDAN.TV\",\"description\":\"Meydan TV Az\u0259rbaycan\u0131n media m\u0259kan\u0131ndak\u0131 alternativ s\u0259sidir\",\"publisher\":{\"@id\":\"https:\\\/\\\/www.meydan.tv\\\/az\\\/#organization\"},\"potentialAction\":[{\"@type\":\"SearchAction\",\"target\":{\"@type\":\"EntryPoint\",\"urlTemplate\":\"https:\\\/\\\/www.meydan.tv\\\/az\\\/?s={search_term_string}\"},\"query-input\":{\"@type\":\"PropertyValueSpecification\",\"valueRequired\":true,\"valueName\":\"search_term_string\"}}],\"inLanguage\":\"az\"},{\"@type\":\"Organization\",\"@id\":\"https:\\\/\\\/www.meydan.tv\\\/az\\\/#organization\",\"name\":\"Meydan TV\",\"url\":\"https:\\\/\\\/www.meydan.tv\\\/az\\\/\",\"logo\":{\"@type\":\"ImageObject\",\"inLanguage\":\"az\",\"@id\":\"https:\\\/\\\/www.meydan.tv\\\/az\\\/#\\\/schema\\\/logo\\\/image\\\/\",\"url\":\"https:\\\/\\\/www.meydan.tv\\\/wp-content\\\/uploads\\\/2021\\\/07\\\/meydan-logo.svg\",\"contentUrl\":\"https:\\\/\\\/www.meydan.tv\\\/wp-content\\\/uploads\\\/2021\\\/07\\\/meydan-logo.svg\",\"width\":195,\"height\":46,\"caption\":\"Meydan TV\"},\"image\":{\"@id\":\"https:\\\/\\\/www.meydan.tv\\\/az\\\/#\\\/schema\\\/logo\\\/image\\\/\"}},{\"@type\":\"Person\",\"@id\":\"https:\\\/\\\/www.meydan.tv\\\/az\\\/#\\\/schema\\\/person\\\/10d11eccf6da3662cf5fdab9806ea91a\",\"name\":\"user-manager\"}]}<\/script>\n<!-- \/ Yoast SEO plugin. -->","yoast_head_json":{"title":"G\u00fcrc\u00fcstan Avropad\u0131r - MEYDAN.TV","robots":{"index":"index","follow":"follow","max-snippet":"max-snippet:-1","max-image-preview":"max-image-preview:large","max-video-preview":"max-video-preview:-1"},"canonical":"https:\/\/www.meydan.tv\/az\/article\/gurcustan-avropadir\/","og_locale":"az_AZ","og_type":"article","og_title":"G\u00fcrc\u00fcstan Avropad\u0131r - MEYDAN.TV","og_description":"D\u00fcnyada haz\u0131rda, \u0259d\u0259biyyat\u00e7\u0131lar demi\u015f, c\u00f6vlan ed\u0259n sa\u011f-populist reqres bir \u00e7ox d\u00f6vl\u0259ti \u00f6z t\u0259sirin\u0259 sal\u0131b","og_url":"https:\/\/www.meydan.tv\/az\/article\/gurcustan-avropadir\/","og_site_name":"MEYDAN.TV","article_published_time":"2017-06-05T18:56:47+00:00","og_image":[{"width":1095,"height":821,"url":"https:\/\/www.meydan.tv\/wp-content\/uploads\/31024-1095x821.png","type":"image\/png"}],"author":"user-manager","twitter_card":"summary_large_image","schema":{"@context":"https:\/\/schema.org","@graph":[{"@type":"Article","@id":"https:\/\/www.meydan.tv\/az\/article\/gurcustan-avropadir\/#article","isPartOf":{"@id":"https:\/\/www.meydan.tv\/az\/article\/gurcustan-avropadir\/"},"author":{"name":"user-manager","@id":"https:\/\/www.meydan.tv\/az\/#\/schema\/person\/10d11eccf6da3662cf5fdab9806ea91a"},"headline":"G\u00fcrc\u00fcstan Avropad\u0131r","datePublished":"2017-06-05T18:56:47+00:00","mainEntityOfPage":{"@id":"https:\/\/www.meydan.tv\/az\/article\/gurcustan-avropadir\/"},"wordCount":1044,"publisher":{"@id":"https:\/\/www.meydan.tv\/az\/#organization"},"image":{"@id":"https:\/\/www.meydan.tv\/az\/article\/gurcustan-avropadir\/#primaryimage"},"thumbnailUrl":"https:\/\/www.meydan.tv\/wp-content\/uploads\/31024.png","articleSection":["M\u0259nim Fikrimc\u0259"],"inLanguage":"az"},{"@type":"WebPage","@id":"https:\/\/www.meydan.tv\/az\/article\/gurcustan-avropadir\/","url":"https:\/\/www.meydan.tv\/az\/article\/gurcustan-avropadir\/","name":"G\u00fcrc\u00fcstan Avropad\u0131r - MEYDAN.TV","isPartOf":{"@id":"https:\/\/www.meydan.tv\/az\/#website"},"primaryImageOfPage":{"@id":"https:\/\/www.meydan.tv\/az\/article\/gurcustan-avropadir\/#primaryimage"},"image":{"@id":"https:\/\/www.meydan.tv\/az\/article\/gurcustan-avropadir\/#primaryimage"},"thumbnailUrl":"https:\/\/www.meydan.tv\/wp-content\/uploads\/31024.png","datePublished":"2017-06-05T18:56:47+00:00","breadcrumb":{"@id":"https:\/\/www.meydan.tv\/az\/article\/gurcustan-avropadir\/#breadcrumb"},"inLanguage":"az","potentialAction":[{"@type":"ReadAction","target":["https:\/\/www.meydan.tv\/az\/article\/gurcustan-avropadir\/"]}]},{"@type":"ImageObject","inLanguage":"az","@id":"https:\/\/www.meydan.tv\/az\/article\/gurcustan-avropadir\/#primaryimage","url":"https:\/\/www.meydan.tv\/wp-content\/uploads\/31024.png","contentUrl":"https:\/\/www.meydan.tv\/wp-content\/uploads\/31024.png","width":2732,"height":2048,"caption":"Source:"},{"@type":"BreadcrumbList","@id":"https:\/\/www.meydan.tv\/az\/article\/gurcustan-avropadir\/#breadcrumb","itemListElement":[{"@type":"ListItem","position":1,"name":"Ana s\u0259hif\u0259","item":"https:\/\/www.meydan.tv\/az\/"},{"@type":"ListItem","position":2,"name":"M\u0259nim Fikrimc\u0259","item":"https:\/\/www.meydan.tv\/az\/section\/menim-fikrimce\/"},{"@type":"ListItem","position":3,"name":"G\u00fcrc\u00fcstan Avropad\u0131r"}]},{"@type":"WebSite","@id":"https:\/\/www.meydan.tv\/az\/#website","url":"https:\/\/www.meydan.tv\/az\/","name":"MEYDAN.TV","description":"Meydan TV Az\u0259rbaycan\u0131n media m\u0259kan\u0131ndak\u0131 alternativ s\u0259sidir","publisher":{"@id":"https:\/\/www.meydan.tv\/az\/#organization"},"potentialAction":[{"@type":"SearchAction","target":{"@type":"EntryPoint","urlTemplate":"https:\/\/www.meydan.tv\/az\/?s={search_term_string}"},"query-input":{"@type":"PropertyValueSpecification","valueRequired":true,"valueName":"search_term_string"}}],"inLanguage":"az"},{"@type":"Organization","@id":"https:\/\/www.meydan.tv\/az\/#organization","name":"Meydan TV","url":"https:\/\/www.meydan.tv\/az\/","logo":{"@type":"ImageObject","inLanguage":"az","@id":"https:\/\/www.meydan.tv\/az\/#\/schema\/logo\/image\/","url":"https:\/\/www.meydan.tv\/wp-content\/uploads\/2021\/07\/meydan-logo.svg","contentUrl":"https:\/\/www.meydan.tv\/wp-content\/uploads\/2021\/07\/meydan-logo.svg","width":195,"height":46,"caption":"Meydan TV"},"image":{"@id":"https:\/\/www.meydan.tv\/az\/#\/schema\/logo\/image\/"}},{"@type":"Person","@id":"https:\/\/www.meydan.tv\/az\/#\/schema\/person\/10d11eccf6da3662cf5fdab9806ea91a","name":"user-manager"}]}},"_links":{"self":[{"href":"https:\/\/www.meydan.tv\/az\/wp-json\/wp\/v2\/posts\/184744","targetHints":{"allow":["GET"]}}],"collection":[{"href":"https:\/\/www.meydan.tv\/az\/wp-json\/wp\/v2\/posts"}],"about":[{"href":"https:\/\/www.meydan.tv\/az\/wp-json\/wp\/v2\/types\/post"}],"author":[{"embeddable":true,"href":"https:\/\/www.meydan.tv\/az\/wp-json\/wp\/v2\/users\/11"}],"replies":[{"embeddable":true,"href":"https:\/\/www.meydan.tv\/az\/wp-json\/wp\/v2\/comments?post=184744"}],"version-history":[{"count":0,"href":"https:\/\/www.meydan.tv\/az\/wp-json\/wp\/v2\/posts\/184744\/revisions"}],"wp:featuredmedia":[{"embeddable":true,"href":"https:\/\/www.meydan.tv\/az\/wp-json\/wp\/v2\/media\/79618"}],"wp:attachment":[{"href":"https:\/\/www.meydan.tv\/az\/wp-json\/wp\/v2\/media?parent=184744"}],"wp:term":[{"taxonomy":"category","embeddable":true,"href":"https:\/\/www.meydan.tv\/az\/wp-json\/wp\/v2\/categories?post=184744"},{"taxonomy":"post_tag","embeddable":true,"href":"https:\/\/www.meydan.tv\/az\/wp-json\/wp\/v2\/tags?post=184744"}],"curies":[{"name":"wp","href":"https:\/\/api.w.org\/{rel}","templated":true}]}}