{"id":184729,"date":"2017-06-05T14:32:53","date_gmt":"2017-06-05T14:32:53","guid":{"rendered":"https:\/\/www.meydan.tv\/article\/prezidentin-kadr-deyisikliyi\/"},"modified":"2017-06-05T14:32:53","modified_gmt":"2017-06-05T14:32:53","slug":"prezidentin-kadr-deyisikliyi","status":"publish","type":"post","link":"https:\/\/www.meydan.tv\/az\/article\/prezidentin-kadr-deyisikliyi\/","title":{"rendered":"Prezidentin kadr d\u0259yi\u015fikliyi"},"content":{"rendered":"<figure class=\"wp-block-image size-large\">\n  <img decoding=\"async\" src=\"https:\/\/www.meydan.tv\/az\/86179\/\" alt=\"\" class=\"wp-image-86179\"\/><figcaption><\/figcaption><\/figure>\n<p>\n  <i><br \/>\n    Yax\u0131n g\u0259l\u0259c\u0259kd\u0259 komandan\u0131n \u018fliyevan\u0131n \u0259lind\u0259 c\u0259ml\u0259\u015fm\u0259sinin \u015fahidi olaca\u011f\u0131q<br \/>\n  <\/i>\n<\/p>\n<p>\n  \u0130yunun 1-d\u0259 d\u0259rc edilmi\u015f Az\u0259rbaycan Prezident Administrasiyas\u0131n\u0131n yeni r\u0259hb\u0259r hey\u0259tinin siyah\u0131s\u0131n\u0131 bir s\u0131ra K\u0130V-l\u0259r v\u0259 ekspertl\u0259r \u00f6lk\u0259d\u0259 \u00e7ox dan\u0131\u015f\u0131lan, amma reall\u0131qda ba\u015f verm\u0259y\u0259n islahatlara do\u011fru m\u00fc\u0259yy\u0259n add\u0131m kimi q\u0259l\u0259m\u0259 verm\u0259y\u0259 \u00e7al\u0131\u015f\u0131blar.\n<\/p>\n<p>\n  <a href=\"\/az\/article\/prezidentin-yeni-komekcileri-teyin-olundu\/\"><br \/>\n    Yeni siyah\u0131ya<br \/>\n  <\/a><br \/>\n  baxd\u0131qda d\u00f6vl\u0259t ba\u015f\u00e7\u0131s\u0131n\u0131n komandas\u0131n\u0131n &#8220;skeletinin&#8221; zaman\u0131n \u00e7a\u011f\u0131r\u0131\u015flar\u0131na g\u00f6r\u0259 optimalla\u015fd\u0131r\u0131lm\u0131\u015f konturlar\u0131n\u0131n formala\u015fd\u0131r\u0131ld\u0131\u011f\u0131 g\u00f6r\u00fcn\u00fcr. N\u00f6vb\u0259ti d\u0259f\u0259 administrasiyan\u0131n bir s\u0131ra r\u0259hb\u0259r \u0259m\u0259kda\u015flar\u0131n\u0131n say\u0131 iki d\u0259f\u0259 artaraq 8 n\u0259f\u0259r\u0259 \u00e7atan, prezidentin k\u00f6m\u0259k\u00e7il\u0259ri v\u0259zif\u0259sin\u0259 y\u00fcks\u0259ldilm\u0259si q\u0259rarlar\u0131n daha y\u0131\u011fcam v\u0259 operativ \u015f\u0259kild\u0259 q\u0259bulu z\u0259rur\u0259tind\u0259n x\u0259b\u0259r verir.\n<\/p>\n<p>\n  Administrasiya \u00fc\u00e7\u00fcn \u00e7a\u011f\u0131r\u0131\u015flar s\u0131ras\u0131na iqtisadi b\u00f6hran, bank sisteminin \u00e7\u00f6km\u0259si, sosial g\u0259rginlik, xarici t\u0259zyiq, Qaraba\u011f m\u00fcnaqi\u015f\u0259si, Birinci vitse-prezident institutunun v\u0259 onun m\u00f6vqeyinin g\u00fccl\u0259nm\u0259si kontekstind\u0259 institusional d\u0259yi\u015fiklikl\u0259r v\u0259 kadr d\u0259yi\u015fiklikl\u0259ri, 2018-ci prezident se\u00e7kil\u0259ri ilin\u0259 q\u0259d\u0259m qoymaq daxildir.\n<\/p>\n<p>\n  G\u00fcc blokuna g\u00f6r\u0259 m\u0259sul olan \u015f\u0259xsl\u0259r &#8211; prezidentin m\u00fcdafi\u0259 m\u0259s\u0259l\u0259l\u0259ri \u00fczr\u0259 k\u00f6m\u0259k\u00e7isi Vahid \u018fliyev v\u0259 m\u00fcdafi\u0259 m\u0259s\u0259l\u0259l\u0259ri \u015f\u00f6b\u0259sinin m\u00fcdiri M\u0259h\u0259rr\u0259m \u018fliyev prezident komandas\u0131ndan gedib. Milli T\u0259hl\u00fck\u0259sizlik v\u0259 M\u00fcdafi\u0259 nazirlikl\u0259rind\u0259ki qalmaqall\u0131 hadis\u0259l\u0259r n\u00f6qteyi-n\u0259z\u0259rd\u0259n onlar\u0131n gedi\u015fini qanunauy\u011fun hesab etm\u0259k olar.\n<\/p>\n<p>\n  Siyah\u0131da Birinci vitse-prezidentin katibliyinin r\u0259isi v\u0259zif\u0259sin\u0259 t\u0259yin olunan Altay H\u0259s\u0259nov n\u0259z\u0259r\u0259\u00e7arpan t\u0259yinat kimi g\u00f6r\u00fcn\u00fcr. Birinci ledinin qohumu, b\u00fct\u00fcn t\u0259\u015f\u0259bb\u00fcsl\u0259rind\u0259 onun silahda\u015f\u0131 olan H\u0259s\u0259nov \u00f6z\u00fcn\u00fc ail\u0259 komandas\u0131n\u0131n etibarl\u0131 oyun\u00e7usu kimi s\u00fcbut edib. Onun Birinci vitse-prezidentin \u015ftat siyah\u0131s\u0131nda m\u00fch\u00fcm d\u00f6vl\u0259t m\u0259muru v\u0259zif\u0259sin\u0259 y\u00fcks\u0259ldilm\u0259si n\u00f6vb\u0259ti il ke\u00e7iril\u0259c\u0259k se\u00e7kil\u0259rd\u0259 prezident v\u0259zif\u0259sin\u0259 a\u00e7\u0131q-a\u015fkar iddia\u00e7\u0131 kimi bax\u0131lan Mehriban \u018fliyevan\u0131n m\u0259murlar hey\u0259tinin formala\u015fd\u0131r\u0131lmas\u0131nda m\u00fch\u00fcm rol oynayaca\u011f\u0131n\u0131 g\u00f6st\u0259rir.\n<\/p>\n<figure class=\"wp-block-image size-large\">\n  <img decoding=\"async\" src=\"https:\/\/www.meydan.tv\/az\/86182\/\" alt=\"\" class=\"wp-image-86182\"\/><figcaption><\/figcaption><\/figure>\n<p>\n  Yax\u0131n g\u0259l\u0259c\u0259kd\u0259 c\u0259miyy\u0259t yeni kadr d\u0259yi\u015fiklikl\u0259rinin v\u0259 institusional d\u0259yi\u015fiklikl\u0259rin v\u0259 hakimiyy\u0259tin daha \u00e7ox apar\u0131c\u0131 sosial-iqtisadi blok \u00fcz\u0259rind\u0259 n\u0259zar\u0259ti r\u0259smi s\u0259viyy\u0259d\u0259 \u0259lin\u0259 alan v\u0259 komandas\u0131n\u0131n formala\u015fd\u0131r\u0131lmas\u0131ndan sonra il \u0259rzind\u0259 s\u00f6z\u00fcn geni\u015f m\u0259nas\u0131nda 12 yol x\u0259rit\u0259sinin h\u0259yata ke\u00e7irilm\u0259sin\u0259 ba\u015flamal\u0131 olan \u018fliyevan\u0131n \u0259lind\u0259 c\u0259ml\u0259\u015fm\u0259sinin \u015fahidi olacaq. \u018fliyev strateql\u0259rinin fikrinc\u0259, m\u0259hz bu yol x\u0259rit\u0259l\u0259ri se\u00e7kiqaba\u011f\u0131 d\u00f6vrd\u0259 onun xeyrin\u0259 ictimai d\u0259st\u0259k formala\u015fd\u0131rmal\u0131d\u0131r.\n<\/p>\n<p>\n  Onun \u0259sas \u201cba\u015f a\u011fr\u0131s\u0131\u201d komandadaxili v\u0259 ictimai naraz\u0131l\u0131q s\u0259b\u0259bind\u0259n yaranm\u0131\u015f \u0259lveri\u015fsiz siyasi fondur. Bu naraz\u0131l\u0131qlar\u0131n \u0259sas\u0131nda oliqarx qruplar\u0131n\u0131n m\u00fcxt\u0259lif maraqlar\u0131 v\u0259 d\u0259y\u0259rl\u0259r v\u0259 idar\u0259etm\u0259 sisteminin b\u00f6hran\u0131 durur. Hakimiyy\u0259tdaxili yerd\u0259yi\u015fm\u0259l\u0259r v\u0259 art\u0131q y\u00fckl\u0259rd\u0259n qurtulmaya paralel olaraq f\u0259rqli d\u00fc\u015f\u00fcn\u0259nl\u0259r\u0259 qar\u015f\u0131 misli g\u00f6r\u00fcnm\u0259mi\u015f t\u0259zyiq &#8211; m\u00fcxalif\u0259t f\u0259allar\u0131n\u0131n v\u0259 sad\u0259c\u0259 v\u0259t\u0259nda\u015f f\u0259allar\u0131n\u0131n h\u0259bsl\u0259ri, messencerl\u0259rin bloklanmas\u0131, s\u00f6z azadl\u0131\u011f\u0131 sah\u0259sind\u0259 qanunvericiliyin s\u0259rtl\u0259\u015fdirilm\u0259si v\u0259 s. m\u00fc\u015fahid\u0259 olunur.\n<\/p>\n<p>\n  Amma h\u0259l\u0259lik ail\u0259nin 2018-ci il\u0259 y\u00f6n\u0259lmi\u015f strategiyas\u0131n\u0131n d\u0259yi\u015fiklikl\u0259r\u0259 m\u0259ruz qala bil\u0259c\u0259yinin he\u00e7 bir \u0259lam\u0259ti g\u00f6r\u00fcnm\u00fcr. H\u0259mi\u015f\u0259 oldu\u011fu kimi, ke\u00e7id d\u00f6vr\u00fcnd\u0259 hakimiyy\u0259t c\u0259miyy\u0259tin se\u00e7kil\u0259rin n\u0259tic\u0259sin\u0259 t\u0259sirini minimuma endirm\u0259k m\u0259qs\u0259dil\u0259 c\u0259miyy\u0259tl\u0259 s\u0259rt monoloqu se\u00e7ir. Az\u0259rbaycanda \u018fliyevl\u0259rin hakimiyy\u0259t\u0259 qay\u0131td\u0131\u011f\u0131 son 24 ilin b\u00fct\u00fcn se\u00e7ki ill\u0259ri bunu n\u00fcmayi\u015f etdirib. Haz\u0131rk\u0131 halda bu x\u0259tti b\u00f6hran v\u0259 komandadaxili yerd\u0259yi\u015fm\u0259l\u0259r d\u0259 tamamlay\u0131r. V\u0259 onlar Az\u0259rbaycanda n\u00f6vb\u0259ti prosesl\u0259rin gedi\u015fat\u0131n\u0131 m\u00fc\u0259yy\u0259n ed\u0259c\u0259k.<\/p>\n","protected":false},"excerpt":{"rendered":"<p>Yax\u0131n g\u0259l\u0259c\u0259kd\u0259 komandan\u0131n \u018fliyevan\u0131n \u0259lind\u0259 c\u0259ml\u0259\u015fm\u0259sinin \u015fahidi olaca\u011f\u0131q<\/p>\n","protected":false},"author":11,"featured_media":86179,"comment_status":"closed","ping_status":"open","sticky":false,"template":"","format":"standard","meta":{"_acf_changed":false,"_sitemap_exclude":false,"_sitemap_priority":"","_sitemap_frequency":"","footnotes":""},"categories":[51],"tags":[],"class_list":["post-184729","post","type-post","status-publish","format-standard","has-post-thumbnail","hentry","category-analitika","infinite-scroll-item","generate-columns","tablet-grid-50","mobile-grid-100","grid-parent","grid-33","no-featured-image-padding"],"acf":[],"yoast_head":"<!-- This site is optimized with the Yoast SEO plugin v27.4 - https:\/\/yoast.com\/product\/yoast-seo-wordpress\/ -->\n<title>Prezidentin kadr d\u0259yi\u015fikliyi - MEYDAN.TV<\/title>\n<meta name=\"robots\" content=\"index, follow, max-snippet:-1, max-image-preview:large, max-video-preview:-1\" \/>\n<link rel=\"canonical\" href=\"https:\/\/www.meydan.tv\/az\/article\/prezidentin-kadr-deyisikliyi\/\" \/>\n<meta property=\"og:locale\" content=\"az_AZ\" \/>\n<meta property=\"og:type\" content=\"article\" \/>\n<meta property=\"og:title\" content=\"Prezidentin kadr d\u0259yi\u015fikliyi - MEYDAN.TV\" \/>\n<meta property=\"og:description\" content=\"Yax\u0131n g\u0259l\u0259c\u0259kd\u0259 komandan\u0131n \u018fliyevan\u0131n \u0259lind\u0259 c\u0259ml\u0259\u015fm\u0259sinin \u015fahidi olaca\u011f\u0131q\" \/>\n<meta property=\"og:url\" content=\"https:\/\/www.meydan.tv\/az\/article\/prezidentin-kadr-deyisikliyi\/\" \/>\n<meta property=\"og:site_name\" content=\"MEYDAN.TV\" \/>\n<meta property=\"article:published_time\" content=\"2017-06-05T14:32:53+00:00\" \/>\n<meta property=\"og:image\" content=\"https:\/\/www.meydan.tv\/wp-content\/uploads\/33949.jpg\" \/>\n\t<meta property=\"og:image:width\" content=\"800\" \/>\n\t<meta property=\"og:image:height\" content=\"518\" \/>\n\t<meta property=\"og:image:type\" content=\"image\/jpeg\" \/>\n<meta name=\"author\" content=\"user-manager\" \/>\n<meta name=\"twitter:card\" content=\"summary_large_image\" \/>\n<script type=\"application\/ld+json\" class=\"yoast-schema-graph\">{\"@context\":\"https:\\\/\\\/schema.org\",\"@graph\":[{\"@type\":\"Article\",\"@id\":\"https:\\\/\\\/www.meydan.tv\\\/az\\\/article\\\/prezidentin-kadr-deyisikliyi\\\/#article\",\"isPartOf\":{\"@id\":\"https:\\\/\\\/www.meydan.tv\\\/az\\\/article\\\/prezidentin-kadr-deyisikliyi\\\/\"},\"author\":{\"name\":\"user-manager\",\"@id\":\"https:\\\/\\\/www.meydan.tv\\\/az\\\/#\\\/schema\\\/person\\\/10d11eccf6da3662cf5fdab9806ea91a\"},\"headline\":\"Prezidentin kadr d\u0259yi\u015fikliyi\",\"datePublished\":\"2017-06-05T14:32:53+00:00\",\"mainEntityOfPage\":{\"@id\":\"https:\\\/\\\/www.meydan.tv\\\/az\\\/article\\\/prezidentin-kadr-deyisikliyi\\\/\"},\"wordCount\":789,\"publisher\":{\"@id\":\"https:\\\/\\\/www.meydan.tv\\\/az\\\/#organization\"},\"image\":{\"@id\":\"https:\\\/\\\/www.meydan.tv\\\/az\\\/article\\\/prezidentin-kadr-deyisikliyi\\\/#primaryimage\"},\"thumbnailUrl\":\"https:\\\/\\\/www.meydan.tv\\\/wp-content\\\/uploads\\\/33949.jpg\",\"articleSection\":[\"Analitika\"],\"inLanguage\":\"az\"},{\"@type\":\"WebPage\",\"@id\":\"https:\\\/\\\/www.meydan.tv\\\/az\\\/article\\\/prezidentin-kadr-deyisikliyi\\\/\",\"url\":\"https:\\\/\\\/www.meydan.tv\\\/az\\\/article\\\/prezidentin-kadr-deyisikliyi\\\/\",\"name\":\"Prezidentin kadr d\u0259yi\u015fikliyi - MEYDAN.TV\",\"isPartOf\":{\"@id\":\"https:\\\/\\\/www.meydan.tv\\\/az\\\/#website\"},\"primaryImageOfPage\":{\"@id\":\"https:\\\/\\\/www.meydan.tv\\\/az\\\/article\\\/prezidentin-kadr-deyisikliyi\\\/#primaryimage\"},\"image\":{\"@id\":\"https:\\\/\\\/www.meydan.tv\\\/az\\\/article\\\/prezidentin-kadr-deyisikliyi\\\/#primaryimage\"},\"thumbnailUrl\":\"https:\\\/\\\/www.meydan.tv\\\/wp-content\\\/uploads\\\/33949.jpg\",\"datePublished\":\"2017-06-05T14:32:53+00:00\",\"breadcrumb\":{\"@id\":\"https:\\\/\\\/www.meydan.tv\\\/az\\\/article\\\/prezidentin-kadr-deyisikliyi\\\/#breadcrumb\"},\"inLanguage\":\"az\",\"potentialAction\":[{\"@type\":\"ReadAction\",\"target\":[\"https:\\\/\\\/www.meydan.tv\\\/az\\\/article\\\/prezidentin-kadr-deyisikliyi\\\/\"]}]},{\"@type\":\"ImageObject\",\"inLanguage\":\"az\",\"@id\":\"https:\\\/\\\/www.meydan.tv\\\/az\\\/article\\\/prezidentin-kadr-deyisikliyi\\\/#primaryimage\",\"url\":\"https:\\\/\\\/www.meydan.tv\\\/wp-content\\\/uploads\\\/33949.jpg\",\"contentUrl\":\"https:\\\/\\\/www.meydan.tv\\\/wp-content\\\/uploads\\\/33949.jpg\",\"width\":800,\"height\":518,\"caption\":\"Source:\"},{\"@type\":\"BreadcrumbList\",\"@id\":\"https:\\\/\\\/www.meydan.tv\\\/az\\\/article\\\/prezidentin-kadr-deyisikliyi\\\/#breadcrumb\",\"itemListElement\":[{\"@type\":\"ListItem\",\"position\":1,\"name\":\"Ana s\u0259hif\u0259\",\"item\":\"https:\\\/\\\/www.meydan.tv\\\/az\\\/\"},{\"@type\":\"ListItem\",\"position\":2,\"name\":\"Analitika\",\"item\":\"https:\\\/\\\/www.meydan.tv\\\/az\\\/section\\\/analitika\\\/\"},{\"@type\":\"ListItem\",\"position\":3,\"name\":\"Prezidentin kadr d\u0259yi\u015fikliyi\"}]},{\"@type\":\"WebSite\",\"@id\":\"https:\\\/\\\/www.meydan.tv\\\/az\\\/#website\",\"url\":\"https:\\\/\\\/www.meydan.tv\\\/az\\\/\",\"name\":\"MEYDAN.TV\",\"description\":\"Meydan TV Az\u0259rbaycan\u0131n media m\u0259kan\u0131ndak\u0131 alternativ s\u0259sidir\",\"publisher\":{\"@id\":\"https:\\\/\\\/www.meydan.tv\\\/az\\\/#organization\"},\"potentialAction\":[{\"@type\":\"SearchAction\",\"target\":{\"@type\":\"EntryPoint\",\"urlTemplate\":\"https:\\\/\\\/www.meydan.tv\\\/az\\\/?s={search_term_string}\"},\"query-input\":{\"@type\":\"PropertyValueSpecification\",\"valueRequired\":true,\"valueName\":\"search_term_string\"}}],\"inLanguage\":\"az\"},{\"@type\":\"Organization\",\"@id\":\"https:\\\/\\\/www.meydan.tv\\\/az\\\/#organization\",\"name\":\"Meydan TV\",\"url\":\"https:\\\/\\\/www.meydan.tv\\\/az\\\/\",\"logo\":{\"@type\":\"ImageObject\",\"inLanguage\":\"az\",\"@id\":\"https:\\\/\\\/www.meydan.tv\\\/az\\\/#\\\/schema\\\/logo\\\/image\\\/\",\"url\":\"https:\\\/\\\/www.meydan.tv\\\/wp-content\\\/uploads\\\/2021\\\/07\\\/meydan-logo.svg\",\"contentUrl\":\"https:\\\/\\\/www.meydan.tv\\\/wp-content\\\/uploads\\\/2021\\\/07\\\/meydan-logo.svg\",\"width\":195,\"height\":46,\"caption\":\"Meydan TV\"},\"image\":{\"@id\":\"https:\\\/\\\/www.meydan.tv\\\/az\\\/#\\\/schema\\\/logo\\\/image\\\/\"}},{\"@type\":\"Person\",\"@id\":\"https:\\\/\\\/www.meydan.tv\\\/az\\\/#\\\/schema\\\/person\\\/10d11eccf6da3662cf5fdab9806ea91a\",\"name\":\"user-manager\"}]}<\/script>\n<!-- \/ Yoast SEO plugin. -->","yoast_head_json":{"title":"Prezidentin kadr d\u0259yi\u015fikliyi - MEYDAN.TV","robots":{"index":"index","follow":"follow","max-snippet":"max-snippet:-1","max-image-preview":"max-image-preview:large","max-video-preview":"max-video-preview:-1"},"canonical":"https:\/\/www.meydan.tv\/az\/article\/prezidentin-kadr-deyisikliyi\/","og_locale":"az_AZ","og_type":"article","og_title":"Prezidentin kadr d\u0259yi\u015fikliyi - MEYDAN.TV","og_description":"Yax\u0131n g\u0259l\u0259c\u0259kd\u0259 komandan\u0131n \u018fliyevan\u0131n \u0259lind\u0259 c\u0259ml\u0259\u015fm\u0259sinin \u015fahidi olaca\u011f\u0131q","og_url":"https:\/\/www.meydan.tv\/az\/article\/prezidentin-kadr-deyisikliyi\/","og_site_name":"MEYDAN.TV","article_published_time":"2017-06-05T14:32:53+00:00","og_image":[{"width":800,"height":518,"url":"https:\/\/www.meydan.tv\/wp-content\/uploads\/33949.jpg","type":"image\/jpeg"}],"author":"user-manager","twitter_card":"summary_large_image","schema":{"@context":"https:\/\/schema.org","@graph":[{"@type":"Article","@id":"https:\/\/www.meydan.tv\/az\/article\/prezidentin-kadr-deyisikliyi\/#article","isPartOf":{"@id":"https:\/\/www.meydan.tv\/az\/article\/prezidentin-kadr-deyisikliyi\/"},"author":{"name":"user-manager","@id":"https:\/\/www.meydan.tv\/az\/#\/schema\/person\/10d11eccf6da3662cf5fdab9806ea91a"},"headline":"Prezidentin kadr d\u0259yi\u015fikliyi","datePublished":"2017-06-05T14:32:53+00:00","mainEntityOfPage":{"@id":"https:\/\/www.meydan.tv\/az\/article\/prezidentin-kadr-deyisikliyi\/"},"wordCount":789,"publisher":{"@id":"https:\/\/www.meydan.tv\/az\/#organization"},"image":{"@id":"https:\/\/www.meydan.tv\/az\/article\/prezidentin-kadr-deyisikliyi\/#primaryimage"},"thumbnailUrl":"https:\/\/www.meydan.tv\/wp-content\/uploads\/33949.jpg","articleSection":["Analitika"],"inLanguage":"az"},{"@type":"WebPage","@id":"https:\/\/www.meydan.tv\/az\/article\/prezidentin-kadr-deyisikliyi\/","url":"https:\/\/www.meydan.tv\/az\/article\/prezidentin-kadr-deyisikliyi\/","name":"Prezidentin kadr d\u0259yi\u015fikliyi - MEYDAN.TV","isPartOf":{"@id":"https:\/\/www.meydan.tv\/az\/#website"},"primaryImageOfPage":{"@id":"https:\/\/www.meydan.tv\/az\/article\/prezidentin-kadr-deyisikliyi\/#primaryimage"},"image":{"@id":"https:\/\/www.meydan.tv\/az\/article\/prezidentin-kadr-deyisikliyi\/#primaryimage"},"thumbnailUrl":"https:\/\/www.meydan.tv\/wp-content\/uploads\/33949.jpg","datePublished":"2017-06-05T14:32:53+00:00","breadcrumb":{"@id":"https:\/\/www.meydan.tv\/az\/article\/prezidentin-kadr-deyisikliyi\/#breadcrumb"},"inLanguage":"az","potentialAction":[{"@type":"ReadAction","target":["https:\/\/www.meydan.tv\/az\/article\/prezidentin-kadr-deyisikliyi\/"]}]},{"@type":"ImageObject","inLanguage":"az","@id":"https:\/\/www.meydan.tv\/az\/article\/prezidentin-kadr-deyisikliyi\/#primaryimage","url":"https:\/\/www.meydan.tv\/wp-content\/uploads\/33949.jpg","contentUrl":"https:\/\/www.meydan.tv\/wp-content\/uploads\/33949.jpg","width":800,"height":518,"caption":"Source:"},{"@type":"BreadcrumbList","@id":"https:\/\/www.meydan.tv\/az\/article\/prezidentin-kadr-deyisikliyi\/#breadcrumb","itemListElement":[{"@type":"ListItem","position":1,"name":"Ana s\u0259hif\u0259","item":"https:\/\/www.meydan.tv\/az\/"},{"@type":"ListItem","position":2,"name":"Analitika","item":"https:\/\/www.meydan.tv\/az\/section\/analitika\/"},{"@type":"ListItem","position":3,"name":"Prezidentin kadr d\u0259yi\u015fikliyi"}]},{"@type":"WebSite","@id":"https:\/\/www.meydan.tv\/az\/#website","url":"https:\/\/www.meydan.tv\/az\/","name":"MEYDAN.TV","description":"Meydan TV Az\u0259rbaycan\u0131n media m\u0259kan\u0131ndak\u0131 alternativ s\u0259sidir","publisher":{"@id":"https:\/\/www.meydan.tv\/az\/#organization"},"potentialAction":[{"@type":"SearchAction","target":{"@type":"EntryPoint","urlTemplate":"https:\/\/www.meydan.tv\/az\/?s={search_term_string}"},"query-input":{"@type":"PropertyValueSpecification","valueRequired":true,"valueName":"search_term_string"}}],"inLanguage":"az"},{"@type":"Organization","@id":"https:\/\/www.meydan.tv\/az\/#organization","name":"Meydan TV","url":"https:\/\/www.meydan.tv\/az\/","logo":{"@type":"ImageObject","inLanguage":"az","@id":"https:\/\/www.meydan.tv\/az\/#\/schema\/logo\/image\/","url":"https:\/\/www.meydan.tv\/wp-content\/uploads\/2021\/07\/meydan-logo.svg","contentUrl":"https:\/\/www.meydan.tv\/wp-content\/uploads\/2021\/07\/meydan-logo.svg","width":195,"height":46,"caption":"Meydan TV"},"image":{"@id":"https:\/\/www.meydan.tv\/az\/#\/schema\/logo\/image\/"}},{"@type":"Person","@id":"https:\/\/www.meydan.tv\/az\/#\/schema\/person\/10d11eccf6da3662cf5fdab9806ea91a","name":"user-manager"}]}},"_links":{"self":[{"href":"https:\/\/www.meydan.tv\/az\/wp-json\/wp\/v2\/posts\/184729","targetHints":{"allow":["GET"]}}],"collection":[{"href":"https:\/\/www.meydan.tv\/az\/wp-json\/wp\/v2\/posts"}],"about":[{"href":"https:\/\/www.meydan.tv\/az\/wp-json\/wp\/v2\/types\/post"}],"author":[{"embeddable":true,"href":"https:\/\/www.meydan.tv\/az\/wp-json\/wp\/v2\/users\/11"}],"replies":[{"embeddable":true,"href":"https:\/\/www.meydan.tv\/az\/wp-json\/wp\/v2\/comments?post=184729"}],"version-history":[{"count":0,"href":"https:\/\/www.meydan.tv\/az\/wp-json\/wp\/v2\/posts\/184729\/revisions"}],"wp:featuredmedia":[{"embeddable":true,"href":"https:\/\/www.meydan.tv\/az\/wp-json\/wp\/v2\/media\/86179"}],"wp:attachment":[{"href":"https:\/\/www.meydan.tv\/az\/wp-json\/wp\/v2\/media?parent=184729"}],"wp:term":[{"taxonomy":"category","embeddable":true,"href":"https:\/\/www.meydan.tv\/az\/wp-json\/wp\/v2\/categories?post=184729"},{"taxonomy":"post_tag","embeddable":true,"href":"https:\/\/www.meydan.tv\/az\/wp-json\/wp\/v2\/tags?post=184729"}],"curies":[{"name":"wp","href":"https:\/\/api.w.org\/{rel}","templated":true}]}}