{"id":184709,"date":"2017-06-03T14:31:17","date_gmt":"2017-06-03T14:31:17","guid":{"rendered":"https:\/\/www.meydan.tv\/article\/nicat-emiraslanov-isgenceye-meruz-qalib-butun-disleri-tokulub\/"},"modified":"2017-06-03T14:31:17","modified_gmt":"2017-06-03T14:31:17","slug":"nicat-emiraslanov-isgenceye-meruz-qalib-butun-disleri-tokulub","status":"publish","type":"post","link":"https:\/\/www.meydan.tv\/az\/article\/nicat-emiraslanov-isgenceye-meruz-qalib-butun-disleri-tokulub\/","title":{"rendered":"&#8221;Nicat \u018fmiraslanov i\u015fg\u0259nc\u0259y\u0259 m\u0259ruz qal\u0131b, b\u00fct\u00fcn di\u015fl\u0259ri t\u00f6k\u00fcl\u00fcb&#8221;"},"content":{"rendered":"<figure class=\"wp-block-image size-large\">\n  <img decoding=\"async\" src=\"https:\/\/www.meydan.tv\/az\/nicat-emiraslanov-3\/\" alt=\"Nicat \u018fmiraslanov\" class=\"wp-image-86085\"\/><figcaption>\n    Nicat \u018fmiraslanov<br \/>\n  <\/figcaption><\/figure>\n<p>\n  <i><br \/>\n    V\u0259kil: &#8221;Hakimin k\u00f6m\u0259k\u00e7isi ona zorla \u015fikay\u0259td\u0259n imtina \u0259riz\u0259si yazd\u0131r\u0131rd\u0131&#8221;<br \/>\n  <\/i>\n<\/p>\n<p>\n  \u00a0Qazax Rayon Polis \u015e\u00f6b\u0259sind\u0259 saxlanan jurnalist Nicat \u018fmiraslanov i\u015fg\u0259nc\u0259l\u0259r\u0259 m\u0259ruz qal\u0131b. Onun b\u00fct\u00fcn di\u015fl\u0259ri t\u00f6k\u00fcl\u00fcb. Bu bar\u0259d\u0259 m\u0259lumat\u0131 onun v\u0259kili E\u00e7in Sad\u0131qov v\u0259 ara\u015fd\u0131rma\u00e7\u0131 jurnalist X\u0259dic\u0259 \u0130smay\u0131lova yay\u0131b.\n<\/p>\n<p>\n  \u0130yunun 3-d\u0259 G\u0259nc\u0259 Apelyasiya M\u0259hk\u0259m\u0259sind\u0259 Nicat \u018fmiraslanovun 30 sutkal\u0131q h\u0259bs c\u0259zas\u0131ndan veril\u0259n apelyasiya \u015fikay\u0259tin\u0259 bax\u0131l\u0131b. V\u0259kilin s\u00f6zl\u0259rin\u0259 g\u00f6r\u0259, proses ba\u015flamazdan \u00f6nc\u0259 hakimin katibi jurnalist\u0259 zorla \u0259riz\u0259 yazd\u0131r\u0131b:\n<\/p>\n<p>\n  \u201cM\u0259hk\u0259m\u0259 ba\u015flamazdan \u0259vv\u0259l biz zala daxil olduq. G\u00f6rd\u00fck ki, hakimin katibi apelyasiya \u015fikay\u0259tini geri g\u00f6t\u00fcrm\u0259si il\u0259 ba\u011fl\u0131 Nicata diqt\u0259 edir. M\u0259hk\u0259m\u0259 saat 11-d\u0259 ba\u015flamal\u0131 oldu\u011fu halda hakim g\u00f6zl\u0259yirdi ki, Nicat imtina \u0259riz\u0259 yazs\u0131n, ondan sonra zala daxil olsun. Nicat\u0131 h\u0259bsd\u0259n \u0259vv\u0259l ham\u0131 g\u00f6r\u00fcb. Bizim onunla \u015f\u0259xsi g\u00f6r\u00fc\u015fl\u0259rimiz olmu\u015fdu v\u0259 onda da g\u00f6rm\u00fc\u015fd\u00fck ki, Nicat\u0131n di\u015fl\u0259ri var. Ancaq indi onun a\u011fz\u0131nda he\u00e7 bir di\u015fi yerind\u0259 deyil\u201d.\n<\/p>\n<p>\n  X\u0259dic\u0259 \u0130smay\u0131lova bu haqda N.\u018fmiraslanovdan soru\u015fdu\u011funu deyir:\n<\/p>\n<p>\n  \u201cM\u0259n\u0259 dedi ki, ham\u0131s\u0131 qopub d\u00fc\u015f\u00fcb. Suallara sad\u0259c\u0259 g\u00f6zl\u0259ri il\u0259 cavab verm\u0259y\u0259 \u00e7al\u0131\u015f\u0131rd\u0131. \u018fll\u0259ri q\u0131c olmu\u015fdu. Hakimin k\u00f6m\u0259k\u00e7isinin dedikl\u0259rini m\u0259cbur\u0259n yazd\u0131\u011f\u0131 hiss olunurdu. Diqt\u0259 olunurdu ki, v\u0259kilin ondan icaz\u0259siz apelyasiya \u015fikay\u0259ti verdiyini yazs\u0131n v\u0259 \u00f6z\u00fcn\u00fc t\u0259qsirli bilm\u0259sini \u0259riz\u0259d\u0259 qeyd el\u0259sin. Bizim israrl\u0131 suallar\u0131m\u0131zdan sonra hakimin k\u00f6m\u0259k\u00e7isi ondan \u201cm\u0259g\u0259r biz s\u0259ni m\u0259cbur edirik\u201d dey\u0259 soru\u015fdu. O da \u201cyox\u201d cavab\u0131n\u0131 verdi v\u0259 ba\u015f\u0131n\u0131 a\u015fa\u011f\u0131 sald\u0131. \u0130ndi Nicat\u0131n a\u011fz\u0131nda di\u015fl\u0259ri yoxdu v\u0259 sa\u011f \u0259li q\u0131c olub\u201d.\n<\/p>\n<p>\n  V\u0259kil deyir ki, onunla konfedensial g\u00f6r\u00fc\u015f\u0259 d\u0259 icaz\u0259 verilm\u0259yib:\n<\/p>\n<p>\n  \u201cV\u0259kili oldu\u011fuma baxmayaraq, hakim m\u0259ni d\u0259 zaldan \u00e7\u0131xard\u0131. Nicat bildirdi ki, h\u0259l\u0259 18 g\u00fcn polisin n\u0259zar\u0259tind\u0259 olacaq, onu ba\u015fa d\u00fc\u015f\u00fcm. B\u0259d\u0259ni d\u0259 \u0259sirdi, hiss olunurdu ki, onu b\u0259rk qorxudublar. Bu, onu dem\u0259y\u0259 \u0259sas verir ki, Nicat \u018fmiraslanov i\u015fg\u0259nc\u0259l\u0259r\u0259 m\u0259ruz qal\u0131r\u201d.\n<\/p>\n<p>\n  <a href=\"\/az\/article\/jurnalistleri-mudafie-komitesi-nicat-emiraslanovu-azad-etmeye-cagirir\/\"><br \/>\n    May\u0131n 23-d\u0259<br \/>\n  <\/a><br \/>\n  Qazax Rayon M\u0259hk\u0259m\u0259sind\u0259 hakim Qurban Abbasovun s\u0259drliyil\u0259 jurnalist Nicat \u018fmiraslanova h\u00f6km oxunub.\n<\/p>\n<p>\n  Jurnalist \u0130nzibati X\u0259talar M\u0259c\u0259ll\u0259sinin 535.1 madd\u0259si, polisin qanuni \u0259mrin\u0259 tabe olmamaq ittiham\u0131yla t\u0259qsirl\u0259ndiril\u0259r\u0259k 30 sutka azadl\u0131qdan m\u0259hrum edilib.\n<\/p>\n<p>\n  Nicat \u018fmiraslanov may\u0131n 22-d\u0259 ax\u015fam saatlar\u0131nda saxlan\u0131l\u0131b.\n<\/p>\n<p>\n  N. \u018fmiraslanovun yax\u0131nlar\u0131 onun saxlanma s\u0259b\u0259bi kimi &#8220;Facebook&#8221; sosial \u015f\u0259b\u0259k\u0259d\u0259ki payla\u015f\u0131mlar\u0131n\u0131 g\u00f6st\u0259rirl\u0259r.\n<\/p>\n<p>\n  N.\u018fmiraslanov m\u00fcst\u0259qil jurnalist kimi f\u0259aliyy\u0259t g\u00f6st\u0259rir.<\/p>\n","protected":false},"excerpt":{"rendered":"<p>V\u0259kil: &#8221;Hakimin k\u00f6m\u0259k\u00e7isi ona zorla \u015fikay\u0259td\u0259n imtina \u0259riz\u0259si yazd\u0131r\u0131rd\u0131&#8221;<\/p>\n","protected":false},"author":11,"featured_media":86085,"comment_status":"closed","ping_status":"open","sticky":false,"template":"","format":"standard","meta":{"_acf_changed":false,"_sitemap_exclude":false,"_sitemap_priority":"","_sitemap_frequency":"","footnotes":""},"categories":[56],"tags":[],"class_list":["post-184709","post","type-post","status-publish","format-standard","has-post-thumbnail","hentry","category-xeberler","infinite-scroll-item","generate-columns","tablet-grid-50","mobile-grid-100","grid-parent","grid-33","no-featured-image-padding"],"acf":[],"yoast_head":"<!-- This site is optimized with the Yoast SEO plugin v27.4 - https:\/\/yoast.com\/product\/yoast-seo-wordpress\/ -->\n<title>&#039;&#039;Nicat \u018fmiraslanov i\u015fg\u0259nc\u0259y\u0259 m\u0259ruz qal\u0131b, b\u00fct\u00fcn di\u015fl\u0259ri t\u00f6k\u00fcl\u00fcb&#039;&#039; - MEYDAN.TV<\/title>\n<meta name=\"robots\" content=\"index, follow, max-snippet:-1, max-image-preview:large, max-video-preview:-1\" \/>\n<link rel=\"canonical\" href=\"https:\/\/www.meydan.tv\/az\/article\/nicat-emiraslanov-isgenceye-meruz-qalib-butun-disleri-tokulub\/\" \/>\n<meta property=\"og:locale\" content=\"az_AZ\" \/>\n<meta property=\"og:type\" content=\"article\" \/>\n<meta property=\"og:title\" content=\"&#039;&#039;Nicat \u018fmiraslanov i\u015fg\u0259nc\u0259y\u0259 m\u0259ruz qal\u0131b, b\u00fct\u00fcn di\u015fl\u0259ri t\u00f6k\u00fcl\u00fcb&#039;&#039; - MEYDAN.TV\" \/>\n<meta property=\"og:description\" content=\"V\u0259kil: &#039;&#039;Hakimin k\u00f6m\u0259k\u00e7isi ona zorla \u015fikay\u0259td\u0259n imtina \u0259riz\u0259si yazd\u0131r\u0131rd\u0131&#039;&#039;\" \/>\n<meta property=\"og:url\" content=\"https:\/\/www.meydan.tv\/az\/article\/nicat-emiraslanov-isgenceye-meruz-qalib-butun-disleri-tokulub\/\" \/>\n<meta property=\"og:site_name\" content=\"MEYDAN.TV\" \/>\n<meta property=\"article:published_time\" content=\"2017-06-03T14:31:17+00:00\" \/>\n<meta property=\"og:image\" content=\"https:\/\/www.meydan.tv\/wp-content\/uploads\/33899.jpg\" \/>\n\t<meta property=\"og:image:width\" content=\"2048\" \/>\n\t<meta property=\"og:image:height\" content=\"1363\" \/>\n\t<meta property=\"og:image:type\" content=\"image\/jpeg\" \/>\n<meta name=\"author\" content=\"user-manager\" \/>\n<meta name=\"twitter:card\" content=\"summary_large_image\" \/>\n<script type=\"application\/ld+json\" class=\"yoast-schema-graph\">{\"@context\":\"https:\\\/\\\/schema.org\",\"@graph\":[{\"@type\":\"Article\",\"@id\":\"https:\\\/\\\/www.meydan.tv\\\/az\\\/article\\\/nicat-emiraslanov-isgenceye-meruz-qalib-butun-disleri-tokulub\\\/#article\",\"isPartOf\":{\"@id\":\"https:\\\/\\\/www.meydan.tv\\\/az\\\/article\\\/nicat-emiraslanov-isgenceye-meruz-qalib-butun-disleri-tokulub\\\/\"},\"author\":{\"name\":\"user-manager\",\"@id\":\"https:\\\/\\\/www.meydan.tv\\\/az\\\/#\\\/schema\\\/person\\\/10d11eccf6da3662cf5fdab9806ea91a\"},\"headline\":\"&#8221;Nicat \u018fmiraslanov i\u015fg\u0259nc\u0259y\u0259 m\u0259ruz qal\u0131b, b\u00fct\u00fcn di\u015fl\u0259ri t\u00f6k\u00fcl\u00fcb&#8221;\",\"datePublished\":\"2017-06-03T14:31:17+00:00\",\"mainEntityOfPage\":{\"@id\":\"https:\\\/\\\/www.meydan.tv\\\/az\\\/article\\\/nicat-emiraslanov-isgenceye-meruz-qalib-butun-disleri-tokulub\\\/\"},\"wordCount\":534,\"publisher\":{\"@id\":\"https:\\\/\\\/www.meydan.tv\\\/az\\\/#organization\"},\"image\":{\"@id\":\"https:\\\/\\\/www.meydan.tv\\\/az\\\/article\\\/nicat-emiraslanov-isgenceye-meruz-qalib-butun-disleri-tokulub\\\/#primaryimage\"},\"thumbnailUrl\":\"https:\\\/\\\/www.meydan.tv\\\/wp-content\\\/uploads\\\/33899.jpg\",\"articleSection\":[\"X\u0259b\u0259rl\u0259r\"],\"inLanguage\":\"az\"},{\"@type\":\"WebPage\",\"@id\":\"https:\\\/\\\/www.meydan.tv\\\/az\\\/article\\\/nicat-emiraslanov-isgenceye-meruz-qalib-butun-disleri-tokulub\\\/\",\"url\":\"https:\\\/\\\/www.meydan.tv\\\/az\\\/article\\\/nicat-emiraslanov-isgenceye-meruz-qalib-butun-disleri-tokulub\\\/\",\"name\":\"''Nicat \u018fmiraslanov i\u015fg\u0259nc\u0259y\u0259 m\u0259ruz qal\u0131b, b\u00fct\u00fcn di\u015fl\u0259ri t\u00f6k\u00fcl\u00fcb'' - MEYDAN.TV\",\"isPartOf\":{\"@id\":\"https:\\\/\\\/www.meydan.tv\\\/az\\\/#website\"},\"primaryImageOfPage\":{\"@id\":\"https:\\\/\\\/www.meydan.tv\\\/az\\\/article\\\/nicat-emiraslanov-isgenceye-meruz-qalib-butun-disleri-tokulub\\\/#primaryimage\"},\"image\":{\"@id\":\"https:\\\/\\\/www.meydan.tv\\\/az\\\/article\\\/nicat-emiraslanov-isgenceye-meruz-qalib-butun-disleri-tokulub\\\/#primaryimage\"},\"thumbnailUrl\":\"https:\\\/\\\/www.meydan.tv\\\/wp-content\\\/uploads\\\/33899.jpg\",\"datePublished\":\"2017-06-03T14:31:17+00:00\",\"breadcrumb\":{\"@id\":\"https:\\\/\\\/www.meydan.tv\\\/az\\\/article\\\/nicat-emiraslanov-isgenceye-meruz-qalib-butun-disleri-tokulub\\\/#breadcrumb\"},\"inLanguage\":\"az\",\"potentialAction\":[{\"@type\":\"ReadAction\",\"target\":[\"https:\\\/\\\/www.meydan.tv\\\/az\\\/article\\\/nicat-emiraslanov-isgenceye-meruz-qalib-butun-disleri-tokulub\\\/\"]}]},{\"@type\":\"ImageObject\",\"inLanguage\":\"az\",\"@id\":\"https:\\\/\\\/www.meydan.tv\\\/az\\\/article\\\/nicat-emiraslanov-isgenceye-meruz-qalib-butun-disleri-tokulub\\\/#primaryimage\",\"url\":\"https:\\\/\\\/www.meydan.tv\\\/wp-content\\\/uploads\\\/33899.jpg\",\"contentUrl\":\"https:\\\/\\\/www.meydan.tv\\\/wp-content\\\/uploads\\\/33899.jpg\",\"width\":2048,\"height\":1363,\"caption\":\"Source:\"},{\"@type\":\"BreadcrumbList\",\"@id\":\"https:\\\/\\\/www.meydan.tv\\\/az\\\/article\\\/nicat-emiraslanov-isgenceye-meruz-qalib-butun-disleri-tokulub\\\/#breadcrumb\",\"itemListElement\":[{\"@type\":\"ListItem\",\"position\":1,\"name\":\"Ana s\u0259hif\u0259\",\"item\":\"https:\\\/\\\/www.meydan.tv\\\/az\\\/\"},{\"@type\":\"ListItem\",\"position\":2,\"name\":\"X\u0259b\u0259rl\u0259r\",\"item\":\"https:\\\/\\\/www.meydan.tv\\\/az\\\/section\\\/xeberler\\\/\"},{\"@type\":\"ListItem\",\"position\":3,\"name\":\"&#8221;Nicat \u018fmiraslanov i\u015fg\u0259nc\u0259y\u0259 m\u0259ruz qal\u0131b, b\u00fct\u00fcn di\u015fl\u0259ri t\u00f6k\u00fcl\u00fcb&#8221;\"}]},{\"@type\":\"WebSite\",\"@id\":\"https:\\\/\\\/www.meydan.tv\\\/az\\\/#website\",\"url\":\"https:\\\/\\\/www.meydan.tv\\\/az\\\/\",\"name\":\"MEYDAN.TV\",\"description\":\"Meydan TV Az\u0259rbaycan\u0131n media m\u0259kan\u0131ndak\u0131 alternativ s\u0259sidir\",\"publisher\":{\"@id\":\"https:\\\/\\\/www.meydan.tv\\\/az\\\/#organization\"},\"potentialAction\":[{\"@type\":\"SearchAction\",\"target\":{\"@type\":\"EntryPoint\",\"urlTemplate\":\"https:\\\/\\\/www.meydan.tv\\\/az\\\/?s={search_term_string}\"},\"query-input\":{\"@type\":\"PropertyValueSpecification\",\"valueRequired\":true,\"valueName\":\"search_term_string\"}}],\"inLanguage\":\"az\"},{\"@type\":\"Organization\",\"@id\":\"https:\\\/\\\/www.meydan.tv\\\/az\\\/#organization\",\"name\":\"Meydan TV\",\"url\":\"https:\\\/\\\/www.meydan.tv\\\/az\\\/\",\"logo\":{\"@type\":\"ImageObject\",\"inLanguage\":\"az\",\"@id\":\"https:\\\/\\\/www.meydan.tv\\\/az\\\/#\\\/schema\\\/logo\\\/image\\\/\",\"url\":\"https:\\\/\\\/www.meydan.tv\\\/wp-content\\\/uploads\\\/2021\\\/07\\\/meydan-logo.svg\",\"contentUrl\":\"https:\\\/\\\/www.meydan.tv\\\/wp-content\\\/uploads\\\/2021\\\/07\\\/meydan-logo.svg\",\"width\":195,\"height\":46,\"caption\":\"Meydan TV\"},\"image\":{\"@id\":\"https:\\\/\\\/www.meydan.tv\\\/az\\\/#\\\/schema\\\/logo\\\/image\\\/\"}},{\"@type\":\"Person\",\"@id\":\"https:\\\/\\\/www.meydan.tv\\\/az\\\/#\\\/schema\\\/person\\\/10d11eccf6da3662cf5fdab9806ea91a\",\"name\":\"user-manager\"}]}<\/script>\n<!-- \/ Yoast SEO plugin. -->","yoast_head_json":{"title":"''Nicat \u018fmiraslanov i\u015fg\u0259nc\u0259y\u0259 m\u0259ruz qal\u0131b, b\u00fct\u00fcn di\u015fl\u0259ri t\u00f6k\u00fcl\u00fcb'' - MEYDAN.TV","robots":{"index":"index","follow":"follow","max-snippet":"max-snippet:-1","max-image-preview":"max-image-preview:large","max-video-preview":"max-video-preview:-1"},"canonical":"https:\/\/www.meydan.tv\/az\/article\/nicat-emiraslanov-isgenceye-meruz-qalib-butun-disleri-tokulub\/","og_locale":"az_AZ","og_type":"article","og_title":"''Nicat \u018fmiraslanov i\u015fg\u0259nc\u0259y\u0259 m\u0259ruz qal\u0131b, b\u00fct\u00fcn di\u015fl\u0259ri t\u00f6k\u00fcl\u00fcb'' - MEYDAN.TV","og_description":"V\u0259kil: ''Hakimin k\u00f6m\u0259k\u00e7isi ona zorla \u015fikay\u0259td\u0259n imtina \u0259riz\u0259si yazd\u0131r\u0131rd\u0131''","og_url":"https:\/\/www.meydan.tv\/az\/article\/nicat-emiraslanov-isgenceye-meruz-qalib-butun-disleri-tokulub\/","og_site_name":"MEYDAN.TV","article_published_time":"2017-06-03T14:31:17+00:00","og_image":[{"width":2048,"height":1363,"url":"https:\/\/www.meydan.tv\/wp-content\/uploads\/33899.jpg","type":"image\/jpeg"}],"author":"user-manager","twitter_card":"summary_large_image","schema":{"@context":"https:\/\/schema.org","@graph":[{"@type":"Article","@id":"https:\/\/www.meydan.tv\/az\/article\/nicat-emiraslanov-isgenceye-meruz-qalib-butun-disleri-tokulub\/#article","isPartOf":{"@id":"https:\/\/www.meydan.tv\/az\/article\/nicat-emiraslanov-isgenceye-meruz-qalib-butun-disleri-tokulub\/"},"author":{"name":"user-manager","@id":"https:\/\/www.meydan.tv\/az\/#\/schema\/person\/10d11eccf6da3662cf5fdab9806ea91a"},"headline":"&#8221;Nicat \u018fmiraslanov i\u015fg\u0259nc\u0259y\u0259 m\u0259ruz qal\u0131b, b\u00fct\u00fcn di\u015fl\u0259ri t\u00f6k\u00fcl\u00fcb&#8221;","datePublished":"2017-06-03T14:31:17+00:00","mainEntityOfPage":{"@id":"https:\/\/www.meydan.tv\/az\/article\/nicat-emiraslanov-isgenceye-meruz-qalib-butun-disleri-tokulub\/"},"wordCount":534,"publisher":{"@id":"https:\/\/www.meydan.tv\/az\/#organization"},"image":{"@id":"https:\/\/www.meydan.tv\/az\/article\/nicat-emiraslanov-isgenceye-meruz-qalib-butun-disleri-tokulub\/#primaryimage"},"thumbnailUrl":"https:\/\/www.meydan.tv\/wp-content\/uploads\/33899.jpg","articleSection":["X\u0259b\u0259rl\u0259r"],"inLanguage":"az"},{"@type":"WebPage","@id":"https:\/\/www.meydan.tv\/az\/article\/nicat-emiraslanov-isgenceye-meruz-qalib-butun-disleri-tokulub\/","url":"https:\/\/www.meydan.tv\/az\/article\/nicat-emiraslanov-isgenceye-meruz-qalib-butun-disleri-tokulub\/","name":"''Nicat \u018fmiraslanov i\u015fg\u0259nc\u0259y\u0259 m\u0259ruz qal\u0131b, b\u00fct\u00fcn di\u015fl\u0259ri t\u00f6k\u00fcl\u00fcb'' - MEYDAN.TV","isPartOf":{"@id":"https:\/\/www.meydan.tv\/az\/#website"},"primaryImageOfPage":{"@id":"https:\/\/www.meydan.tv\/az\/article\/nicat-emiraslanov-isgenceye-meruz-qalib-butun-disleri-tokulub\/#primaryimage"},"image":{"@id":"https:\/\/www.meydan.tv\/az\/article\/nicat-emiraslanov-isgenceye-meruz-qalib-butun-disleri-tokulub\/#primaryimage"},"thumbnailUrl":"https:\/\/www.meydan.tv\/wp-content\/uploads\/33899.jpg","datePublished":"2017-06-03T14:31:17+00:00","breadcrumb":{"@id":"https:\/\/www.meydan.tv\/az\/article\/nicat-emiraslanov-isgenceye-meruz-qalib-butun-disleri-tokulub\/#breadcrumb"},"inLanguage":"az","potentialAction":[{"@type":"ReadAction","target":["https:\/\/www.meydan.tv\/az\/article\/nicat-emiraslanov-isgenceye-meruz-qalib-butun-disleri-tokulub\/"]}]},{"@type":"ImageObject","inLanguage":"az","@id":"https:\/\/www.meydan.tv\/az\/article\/nicat-emiraslanov-isgenceye-meruz-qalib-butun-disleri-tokulub\/#primaryimage","url":"https:\/\/www.meydan.tv\/wp-content\/uploads\/33899.jpg","contentUrl":"https:\/\/www.meydan.tv\/wp-content\/uploads\/33899.jpg","width":2048,"height":1363,"caption":"Source:"},{"@type":"BreadcrumbList","@id":"https:\/\/www.meydan.tv\/az\/article\/nicat-emiraslanov-isgenceye-meruz-qalib-butun-disleri-tokulub\/#breadcrumb","itemListElement":[{"@type":"ListItem","position":1,"name":"Ana s\u0259hif\u0259","item":"https:\/\/www.meydan.tv\/az\/"},{"@type":"ListItem","position":2,"name":"X\u0259b\u0259rl\u0259r","item":"https:\/\/www.meydan.tv\/az\/section\/xeberler\/"},{"@type":"ListItem","position":3,"name":"&#8221;Nicat \u018fmiraslanov i\u015fg\u0259nc\u0259y\u0259 m\u0259ruz qal\u0131b, b\u00fct\u00fcn di\u015fl\u0259ri t\u00f6k\u00fcl\u00fcb&#8221;"}]},{"@type":"WebSite","@id":"https:\/\/www.meydan.tv\/az\/#website","url":"https:\/\/www.meydan.tv\/az\/","name":"MEYDAN.TV","description":"Meydan TV Az\u0259rbaycan\u0131n media m\u0259kan\u0131ndak\u0131 alternativ s\u0259sidir","publisher":{"@id":"https:\/\/www.meydan.tv\/az\/#organization"},"potentialAction":[{"@type":"SearchAction","target":{"@type":"EntryPoint","urlTemplate":"https:\/\/www.meydan.tv\/az\/?s={search_term_string}"},"query-input":{"@type":"PropertyValueSpecification","valueRequired":true,"valueName":"search_term_string"}}],"inLanguage":"az"},{"@type":"Organization","@id":"https:\/\/www.meydan.tv\/az\/#organization","name":"Meydan TV","url":"https:\/\/www.meydan.tv\/az\/","logo":{"@type":"ImageObject","inLanguage":"az","@id":"https:\/\/www.meydan.tv\/az\/#\/schema\/logo\/image\/","url":"https:\/\/www.meydan.tv\/wp-content\/uploads\/2021\/07\/meydan-logo.svg","contentUrl":"https:\/\/www.meydan.tv\/wp-content\/uploads\/2021\/07\/meydan-logo.svg","width":195,"height":46,"caption":"Meydan TV"},"image":{"@id":"https:\/\/www.meydan.tv\/az\/#\/schema\/logo\/image\/"}},{"@type":"Person","@id":"https:\/\/www.meydan.tv\/az\/#\/schema\/person\/10d11eccf6da3662cf5fdab9806ea91a","name":"user-manager"}]}},"_links":{"self":[{"href":"https:\/\/www.meydan.tv\/az\/wp-json\/wp\/v2\/posts\/184709","targetHints":{"allow":["GET"]}}],"collection":[{"href":"https:\/\/www.meydan.tv\/az\/wp-json\/wp\/v2\/posts"}],"about":[{"href":"https:\/\/www.meydan.tv\/az\/wp-json\/wp\/v2\/types\/post"}],"author":[{"embeddable":true,"href":"https:\/\/www.meydan.tv\/az\/wp-json\/wp\/v2\/users\/11"}],"replies":[{"embeddable":true,"href":"https:\/\/www.meydan.tv\/az\/wp-json\/wp\/v2\/comments?post=184709"}],"version-history":[{"count":0,"href":"https:\/\/www.meydan.tv\/az\/wp-json\/wp\/v2\/posts\/184709\/revisions"}],"wp:featuredmedia":[{"embeddable":true,"href":"https:\/\/www.meydan.tv\/az\/wp-json\/wp\/v2\/media\/86085"}],"wp:attachment":[{"href":"https:\/\/www.meydan.tv\/az\/wp-json\/wp\/v2\/media?parent=184709"}],"wp:term":[{"taxonomy":"category","embeddable":true,"href":"https:\/\/www.meydan.tv\/az\/wp-json\/wp\/v2\/categories?post=184709"},{"taxonomy":"post_tag","embeddable":true,"href":"https:\/\/www.meydan.tv\/az\/wp-json\/wp\/v2\/tags?post=184709"}],"curies":[{"name":"wp","href":"https:\/\/api.w.org\/{rel}","templated":true}]}}