{"id":184674,"date":"2017-06-01T18:49:49","date_gmt":"2017-06-01T18:49:49","guid":{"rendered":"https:\/\/www.meydan.tv\/article\/prezidentin-yeni-komekcileri-teyin-olundu\/"},"modified":"2017-06-01T18:49:49","modified_gmt":"2017-06-01T18:49:49","slug":"prezidentin-yeni-komekcileri-teyin-olundu","status":"publish","type":"post","link":"https:\/\/www.meydan.tv\/az\/article\/prezidentin-yeni-komekcileri-teyin-olundu\/","title":{"rendered":"Prezidentin yeni k\u00f6m\u0259k\u00e7il\u0259ri t\u0259yin olundu"},"content":{"rendered":"<figure class=\"wp-block-image size-large\">\n  <img decoding=\"async\" src=\"https:\/\/www.meydan.tv\/az\/85995\/\" alt=\"\" class=\"wp-image-85995\"\/><figcaption><\/figcaption><\/figure>\n<figure class=\"wp-block-image size-large\">\n  <img decoding=\"async\" src=\"https:\/\/www.meydan.tv\/az\/85995\/\" alt=\"\" class=\"wp-image-85995\"\/><figcaption><\/figcaption><\/figure>\n<p>\n  <i><br \/>\n    Fatma Abdullazad\u0259 i\u015fd\u0259n \u00e7\u0131xar\u0131l\u0131b<br \/>\n  <\/i>\n<\/p>\n<p>\n  Az\u0259rbaycan Respublikas\u0131 Prezidentinin Administrasiyas\u0131n\u0131n strukturunda d\u0259yi\u015fiklik edilib.\n<\/p>\n<p>\n  Bu bar\u0259d\u0259 m\u0259lumat\u0131 APA yay\u0131b.\n<\/p>\n<p>\n  Bildirilib ki, Az\u0259rbaycan Prezidentinin k\u00f6m\u0259k\u00e7isi Tariyel A\u011fayev, Az\u0259rbaycan\u0131n mill\u0259t\u0259l\u0259raras\u0131, multikulturalizm v\u0259 dini m\u0259s\u0259l\u0259l\u0259r \u00fczr\u0259 d\u00f6vl\u0259t m\u00fc\u015faviri Kamal Abdullayev, Prezident Administrasiyas\u0131n\u0131n Humanitar siyas\u0259t m\u0259s\u0259l\u0259l\u0259ri \u015f\u00f6b\u0259sinin m\u00fcdiri Fatma Abdullazad\u0259, Az\u0259rbaycan Respublikas\u0131n\u0131n \u0130qtisadi siyas\u0259t m\u0259s\u0259l\u0259l\u0259ri \u00fczr\u0259 d\u00f6vl\u0259t m\u00fc\u015faviri xidm\u0259tinin \u0130qtisadi siyas\u0259t m\u0259s\u0259l\u0259l\u0259ri \u015f\u00f6b\u0259sinin m\u00fcdiri Mail R\u0259himov, Prezidentinin m\u00fcdafi\u0259 m\u0259s\u0259l\u0259l\u0259ri \u00fczr\u0259 k\u00f6m\u0259k\u00e7isi, Prezidenti Administrasiyas\u0131 r\u0259hb\u0259rinin m\u00fcavini, general-leytenant Vahid \u018fliyev, \u00a0\u0130qtisadi siyas\u0259t m\u0259s\u0259l\u0259l\u0259ri \u00fczr\u0259 d\u00f6vl\u0259t m\u00fc\u015faviri Vahid Axundov, Prezidentinin M\u00fcdafi\u0259 m\u0259s\u0259l\u0259l\u0259ri \u00fczr\u0259 k\u00f6m\u0259k\u00e7isi xidm\u0259tinin m\u00fcdafi\u0259 m\u0259s\u0259l\u0259l\u0259ri \u015f\u00f6b\u0259sinin m\u00fcdiri M\u0259h\u0259rr\u0259m \u018fliyev yeni strukturda yer almay\u0131blar.\n<\/p>\n<p>\n  Yeni strukturda t\u0259msil olunanlar a\u015fa\u011f\u0131dak\u0131lard\u0131r:\n<\/p>\n<p>\n  Az\u0259rbaycan Respublikas\u0131 Prezidentinin Administrasiyas\u0131n\u0131n r\u0259hb\u0259ri Ramiz Mehdiyev\n<\/p>\n<p>\n  Az\u0259rbaycan Respublikas\u0131 Prezidentinin k\u00f6m\u0259k\u00e7isi \u00a0C\u0259mil\u0259 Abbasova\n<\/p>\n<p>\n  Az\u0259rbaycan Respublikas\u0131n\u0131n Birinci vitse-prezidentinin Katibliyinin r\u0259isi \u00a0Altay H\u0259s\u0259nov\n<\/p>\n<p>\n  Prezidentin aqrar siyas\u0259t m\u0259s\u0259l\u0259l\u0259ri \u00fczr\u0259 k\u00f6m\u0259k\u00e7isi-\u015f\u00f6b\u0259 m\u00fcdiri Az\u0259r \u018fmiraslanov\n<\/p>\n<p>\n  Prezidentin \u0259razi-t\u0259\u015fkilati m\u0259s\u0259l\u0259l\u0259ri \u00fczr\u0259 k\u00f6m\u0259k\u00e7isi-\u015f\u00f6b\u0259 m\u00fcdiri Zeynal Na\u011fd\u0259liyev\n<\/p>\n<p>\n  Prezidentin h\u00fcquq-m\u00fchafiz\u0259 orqanlar\u0131 il\u0259 i\u015f v\u0259 h\u0259rbi m\u0259s\u0259l\u0259l\u0259r \u00fczr\u0259 k\u00f6m\u0259k\u00e7isi-\u015f\u00f6b\u0259 m\u00fcdiri Fuad \u018fl\u0259sg\u0259rov\n<\/p>\n<p>\n  Prezidentin xarici siyas\u0259t m\u0259s\u0259l\u0259l\u0259ri \u00fczr\u0259 k\u00f6m\u0259k\u00e7isi-\u015f\u00f6b\u0259 m\u00fcdiri Novruz M\u0259mm\u0259dov\n<\/p>\n<p>\n  Prezidentin ictimai-siyasi m\u0259s\u0259l\u0259l\u0259r \u00fczr\u0259 k\u00f6m\u0259k\u00e7isi-\u015f\u00f6b\u0259 m\u00fcdiri \u018fli H\u0259s\u0259nov\n<\/p>\n<p>\n  Prezidentin iqtisadi m\u0259s\u0259l\u0259l\u0259r \u00fczr\u0259 k\u00f6m\u0259k\u00e7isi-\u015f\u00f6b\u0259 m\u00fcdiri \u018fli \u018fs\u0259dov\n<\/p>\n<p>\n  Prezidentin iqtisadi siyas\u0259t v\u0259 s\u0259naye m\u0259s\u0259l\u0259l\u0259ri \u00fczr\u0259 k\u00f6m\u0259k\u00e7isi-\u015f\u00f6b\u0259 m\u00fcdiri Natiq \u018fmirov\n<\/p>\n<p>\n  Prezidentin Katibliyinin r\u0259isi-Prezidentin k\u00f6m\u0259k\u00e7isi \u00a0Dilar\u0259 Seyidzad\u0259\n<\/p>\n<p>\n  Prezidentin m\u0259tbuat katibi \u00a0Az\u0259r Qas\u0131mov\n<\/p>\n<p>\n  Prezidentin protokol xidm\u0259tinin r\u0259isi El\u00e7in Ba\u011f\u0131rov\n<\/p>\n<p>\n  D\u00f6vl\u0259t qullu\u011fu v\u0259 kadr m\u0259s\u0259l\u0259l\u0259ri \u015f\u00f6b\u0259sinin m\u00fcdiri \u00a0T\u0259l\u0259t M\u0259cidov\n<\/p>\n<p>\n  D\u00f6vl\u0259t n\u0259zar\u0259ti \u015f\u00f6b\u0259sinin m\u00fcdiri Eldar Nuriyev\n<\/p>\n<p>\n  G\u0259ncl\u0259r siyas\u0259ti v\u0259 idman m\u0259s\u0259l\u0259l\u0259ri \u015f\u00f6b\u0259sinin m\u00fcdiri Yusuf M\u0259mm\u0259d\u0259liyev\n<\/p>\n<p>\n  Qanunvericilik v\u0259 h\u00fcquq ekspertizas\u0131 m\u0259s\u0259l\u0259l\u0259ri \u015f\u00f6b\u0259sinin m\u00fcdiri \u015eahin \u018fliyev\n<\/p>\n<p>\n  S\u0259n\u0259dl\u0259rl\u0259 v\u0259 v\u0259t\u0259nda\u015flar\u0131n m\u00fcraci\u0259tl\u0259ri il\u0259 i\u015f \u015f\u00f6b\u0259sinin m\u00fcdiri S\u00fcleyman \u0130smay\u0131lov\n<\/p>\n<p>\n  Strateji ara\u015fd\u0131rma v\u0259 planla\u015fd\u0131rma \u015f\u00f6b\u0259sinin m\u00fcdiri S\u0259ad\u0259t Yusifova<\/p>\n","protected":false},"excerpt":{"rendered":"<p>Fatma Abdullazad\u0259 i\u015fd\u0259n \u00e7\u0131xar\u0131l\u0131b<\/p>\n","protected":false},"author":11,"featured_media":85995,"comment_status":"closed","ping_status":"open","sticky":false,"template":"","format":"standard","meta":{"_acf_changed":false,"_sitemap_exclude":false,"_sitemap_priority":"","_sitemap_frequency":"","footnotes":""},"categories":[56],"tags":[],"class_list":["post-184674","post","type-post","status-publish","format-standard","has-post-thumbnail","hentry","category-xeberler","infinite-scroll-item","generate-columns","tablet-grid-50","mobile-grid-100","grid-parent","grid-33","no-featured-image-padding"],"acf":[],"yoast_head":"<!-- This site is optimized with the Yoast SEO plugin v27.4 - https:\/\/yoast.com\/product\/yoast-seo-wordpress\/ -->\n<title>Prezidentin yeni k\u00f6m\u0259k\u00e7il\u0259ri t\u0259yin olundu - MEYDAN.TV<\/title>\n<meta name=\"robots\" content=\"index, follow, max-snippet:-1, max-image-preview:large, max-video-preview:-1\" \/>\n<link rel=\"canonical\" href=\"https:\/\/www.meydan.tv\/az\/article\/prezidentin-yeni-komekcileri-teyin-olundu\/\" \/>\n<meta property=\"og:locale\" content=\"az_AZ\" \/>\n<meta property=\"og:type\" content=\"article\" \/>\n<meta property=\"og:title\" content=\"Prezidentin yeni k\u00f6m\u0259k\u00e7il\u0259ri t\u0259yin olundu - MEYDAN.TV\" \/>\n<meta property=\"og:description\" content=\"Fatma Abdullazad\u0259 i\u015fd\u0259n \u00e7\u0131xar\u0131l\u0131b\" \/>\n<meta property=\"og:url\" content=\"https:\/\/www.meydan.tv\/az\/article\/prezidentin-yeni-komekcileri-teyin-olundu\/\" \/>\n<meta property=\"og:site_name\" content=\"MEYDAN.TV\" \/>\n<meta property=\"article:published_time\" content=\"2017-06-01T18:49:49+00:00\" \/>\n<meta property=\"og:image\" content=\"https:\/\/www.meydan.tv\/wp-content\/uploads\/33847.jpg\" \/>\n\t<meta property=\"og:image:width\" content=\"600\" \/>\n\t<meta property=\"og:image:height\" content=\"450\" \/>\n\t<meta property=\"og:image:type\" content=\"image\/jpeg\" \/>\n<meta name=\"author\" content=\"user-manager\" \/>\n<meta name=\"twitter:card\" content=\"summary_large_image\" \/>\n<script type=\"application\/ld+json\" class=\"yoast-schema-graph\">{\"@context\":\"https:\\\/\\\/schema.org\",\"@graph\":[{\"@type\":\"Article\",\"@id\":\"https:\\\/\\\/www.meydan.tv\\\/az\\\/article\\\/prezidentin-yeni-komekcileri-teyin-olundu\\\/#article\",\"isPartOf\":{\"@id\":\"https:\\\/\\\/www.meydan.tv\\\/az\\\/article\\\/prezidentin-yeni-komekcileri-teyin-olundu\\\/\"},\"author\":{\"name\":\"user-manager\",\"@id\":\"https:\\\/\\\/www.meydan.tv\\\/az\\\/#\\\/schema\\\/person\\\/10d11eccf6da3662cf5fdab9806ea91a\"},\"headline\":\"Prezidentin yeni k\u00f6m\u0259k\u00e7il\u0259ri t\u0259yin olundu\",\"datePublished\":\"2017-06-01T18:49:49+00:00\",\"mainEntityOfPage\":{\"@id\":\"https:\\\/\\\/www.meydan.tv\\\/az\\\/article\\\/prezidentin-yeni-komekcileri-teyin-olundu\\\/\"},\"wordCount\":534,\"publisher\":{\"@id\":\"https:\\\/\\\/www.meydan.tv\\\/az\\\/#organization\"},\"image\":{\"@id\":\"https:\\\/\\\/www.meydan.tv\\\/az\\\/article\\\/prezidentin-yeni-komekcileri-teyin-olundu\\\/#primaryimage\"},\"thumbnailUrl\":\"https:\\\/\\\/www.meydan.tv\\\/wp-content\\\/uploads\\\/33847.jpg\",\"articleSection\":[\"X\u0259b\u0259rl\u0259r\"],\"inLanguage\":\"az\"},{\"@type\":\"WebPage\",\"@id\":\"https:\\\/\\\/www.meydan.tv\\\/az\\\/article\\\/prezidentin-yeni-komekcileri-teyin-olundu\\\/\",\"url\":\"https:\\\/\\\/www.meydan.tv\\\/az\\\/article\\\/prezidentin-yeni-komekcileri-teyin-olundu\\\/\",\"name\":\"Prezidentin yeni k\u00f6m\u0259k\u00e7il\u0259ri t\u0259yin olundu - MEYDAN.TV\",\"isPartOf\":{\"@id\":\"https:\\\/\\\/www.meydan.tv\\\/az\\\/#website\"},\"primaryImageOfPage\":{\"@id\":\"https:\\\/\\\/www.meydan.tv\\\/az\\\/article\\\/prezidentin-yeni-komekcileri-teyin-olundu\\\/#primaryimage\"},\"image\":{\"@id\":\"https:\\\/\\\/www.meydan.tv\\\/az\\\/article\\\/prezidentin-yeni-komekcileri-teyin-olundu\\\/#primaryimage\"},\"thumbnailUrl\":\"https:\\\/\\\/www.meydan.tv\\\/wp-content\\\/uploads\\\/33847.jpg\",\"datePublished\":\"2017-06-01T18:49:49+00:00\",\"breadcrumb\":{\"@id\":\"https:\\\/\\\/www.meydan.tv\\\/az\\\/article\\\/prezidentin-yeni-komekcileri-teyin-olundu\\\/#breadcrumb\"},\"inLanguage\":\"az\",\"potentialAction\":[{\"@type\":\"ReadAction\",\"target\":[\"https:\\\/\\\/www.meydan.tv\\\/az\\\/article\\\/prezidentin-yeni-komekcileri-teyin-olundu\\\/\"]}]},{\"@type\":\"ImageObject\",\"inLanguage\":\"az\",\"@id\":\"https:\\\/\\\/www.meydan.tv\\\/az\\\/article\\\/prezidentin-yeni-komekcileri-teyin-olundu\\\/#primaryimage\",\"url\":\"https:\\\/\\\/www.meydan.tv\\\/wp-content\\\/uploads\\\/33847.jpg\",\"contentUrl\":\"https:\\\/\\\/www.meydan.tv\\\/wp-content\\\/uploads\\\/33847.jpg\",\"width\":600,\"height\":450,\"caption\":\"Source:\"},{\"@type\":\"BreadcrumbList\",\"@id\":\"https:\\\/\\\/www.meydan.tv\\\/az\\\/article\\\/prezidentin-yeni-komekcileri-teyin-olundu\\\/#breadcrumb\",\"itemListElement\":[{\"@type\":\"ListItem\",\"position\":1,\"name\":\"Ana s\u0259hif\u0259\",\"item\":\"https:\\\/\\\/www.meydan.tv\\\/az\\\/\"},{\"@type\":\"ListItem\",\"position\":2,\"name\":\"X\u0259b\u0259rl\u0259r\",\"item\":\"https:\\\/\\\/www.meydan.tv\\\/az\\\/section\\\/xeberler\\\/\"},{\"@type\":\"ListItem\",\"position\":3,\"name\":\"Prezidentin yeni k\u00f6m\u0259k\u00e7il\u0259ri t\u0259yin olundu\"}]},{\"@type\":\"WebSite\",\"@id\":\"https:\\\/\\\/www.meydan.tv\\\/az\\\/#website\",\"url\":\"https:\\\/\\\/www.meydan.tv\\\/az\\\/\",\"name\":\"MEYDAN.TV\",\"description\":\"Meydan TV Az\u0259rbaycan\u0131n media m\u0259kan\u0131ndak\u0131 alternativ s\u0259sidir\",\"publisher\":{\"@id\":\"https:\\\/\\\/www.meydan.tv\\\/az\\\/#organization\"},\"potentialAction\":[{\"@type\":\"SearchAction\",\"target\":{\"@type\":\"EntryPoint\",\"urlTemplate\":\"https:\\\/\\\/www.meydan.tv\\\/az\\\/?s={search_term_string}\"},\"query-input\":{\"@type\":\"PropertyValueSpecification\",\"valueRequired\":true,\"valueName\":\"search_term_string\"}}],\"inLanguage\":\"az\"},{\"@type\":\"Organization\",\"@id\":\"https:\\\/\\\/www.meydan.tv\\\/az\\\/#organization\",\"name\":\"Meydan TV\",\"url\":\"https:\\\/\\\/www.meydan.tv\\\/az\\\/\",\"logo\":{\"@type\":\"ImageObject\",\"inLanguage\":\"az\",\"@id\":\"https:\\\/\\\/www.meydan.tv\\\/az\\\/#\\\/schema\\\/logo\\\/image\\\/\",\"url\":\"https:\\\/\\\/www.meydan.tv\\\/wp-content\\\/uploads\\\/2021\\\/07\\\/meydan-logo.svg\",\"contentUrl\":\"https:\\\/\\\/www.meydan.tv\\\/wp-content\\\/uploads\\\/2021\\\/07\\\/meydan-logo.svg\",\"width\":195,\"height\":46,\"caption\":\"Meydan TV\"},\"image\":{\"@id\":\"https:\\\/\\\/www.meydan.tv\\\/az\\\/#\\\/schema\\\/logo\\\/image\\\/\"}},{\"@type\":\"Person\",\"@id\":\"https:\\\/\\\/www.meydan.tv\\\/az\\\/#\\\/schema\\\/person\\\/10d11eccf6da3662cf5fdab9806ea91a\",\"name\":\"user-manager\"}]}<\/script>\n<!-- \/ Yoast SEO plugin. -->","yoast_head_json":{"title":"Prezidentin yeni k\u00f6m\u0259k\u00e7il\u0259ri t\u0259yin olundu - MEYDAN.TV","robots":{"index":"index","follow":"follow","max-snippet":"max-snippet:-1","max-image-preview":"max-image-preview:large","max-video-preview":"max-video-preview:-1"},"canonical":"https:\/\/www.meydan.tv\/az\/article\/prezidentin-yeni-komekcileri-teyin-olundu\/","og_locale":"az_AZ","og_type":"article","og_title":"Prezidentin yeni k\u00f6m\u0259k\u00e7il\u0259ri t\u0259yin olundu - MEYDAN.TV","og_description":"Fatma Abdullazad\u0259 i\u015fd\u0259n \u00e7\u0131xar\u0131l\u0131b","og_url":"https:\/\/www.meydan.tv\/az\/article\/prezidentin-yeni-komekcileri-teyin-olundu\/","og_site_name":"MEYDAN.TV","article_published_time":"2017-06-01T18:49:49+00:00","og_image":[{"width":600,"height":450,"url":"https:\/\/www.meydan.tv\/wp-content\/uploads\/33847.jpg","type":"image\/jpeg"}],"author":"user-manager","twitter_card":"summary_large_image","schema":{"@context":"https:\/\/schema.org","@graph":[{"@type":"Article","@id":"https:\/\/www.meydan.tv\/az\/article\/prezidentin-yeni-komekcileri-teyin-olundu\/#article","isPartOf":{"@id":"https:\/\/www.meydan.tv\/az\/article\/prezidentin-yeni-komekcileri-teyin-olundu\/"},"author":{"name":"user-manager","@id":"https:\/\/www.meydan.tv\/az\/#\/schema\/person\/10d11eccf6da3662cf5fdab9806ea91a"},"headline":"Prezidentin yeni k\u00f6m\u0259k\u00e7il\u0259ri t\u0259yin olundu","datePublished":"2017-06-01T18:49:49+00:00","mainEntityOfPage":{"@id":"https:\/\/www.meydan.tv\/az\/article\/prezidentin-yeni-komekcileri-teyin-olundu\/"},"wordCount":534,"publisher":{"@id":"https:\/\/www.meydan.tv\/az\/#organization"},"image":{"@id":"https:\/\/www.meydan.tv\/az\/article\/prezidentin-yeni-komekcileri-teyin-olundu\/#primaryimage"},"thumbnailUrl":"https:\/\/www.meydan.tv\/wp-content\/uploads\/33847.jpg","articleSection":["X\u0259b\u0259rl\u0259r"],"inLanguage":"az"},{"@type":"WebPage","@id":"https:\/\/www.meydan.tv\/az\/article\/prezidentin-yeni-komekcileri-teyin-olundu\/","url":"https:\/\/www.meydan.tv\/az\/article\/prezidentin-yeni-komekcileri-teyin-olundu\/","name":"Prezidentin yeni k\u00f6m\u0259k\u00e7il\u0259ri t\u0259yin olundu - MEYDAN.TV","isPartOf":{"@id":"https:\/\/www.meydan.tv\/az\/#website"},"primaryImageOfPage":{"@id":"https:\/\/www.meydan.tv\/az\/article\/prezidentin-yeni-komekcileri-teyin-olundu\/#primaryimage"},"image":{"@id":"https:\/\/www.meydan.tv\/az\/article\/prezidentin-yeni-komekcileri-teyin-olundu\/#primaryimage"},"thumbnailUrl":"https:\/\/www.meydan.tv\/wp-content\/uploads\/33847.jpg","datePublished":"2017-06-01T18:49:49+00:00","breadcrumb":{"@id":"https:\/\/www.meydan.tv\/az\/article\/prezidentin-yeni-komekcileri-teyin-olundu\/#breadcrumb"},"inLanguage":"az","potentialAction":[{"@type":"ReadAction","target":["https:\/\/www.meydan.tv\/az\/article\/prezidentin-yeni-komekcileri-teyin-olundu\/"]}]},{"@type":"ImageObject","inLanguage":"az","@id":"https:\/\/www.meydan.tv\/az\/article\/prezidentin-yeni-komekcileri-teyin-olundu\/#primaryimage","url":"https:\/\/www.meydan.tv\/wp-content\/uploads\/33847.jpg","contentUrl":"https:\/\/www.meydan.tv\/wp-content\/uploads\/33847.jpg","width":600,"height":450,"caption":"Source:"},{"@type":"BreadcrumbList","@id":"https:\/\/www.meydan.tv\/az\/article\/prezidentin-yeni-komekcileri-teyin-olundu\/#breadcrumb","itemListElement":[{"@type":"ListItem","position":1,"name":"Ana s\u0259hif\u0259","item":"https:\/\/www.meydan.tv\/az\/"},{"@type":"ListItem","position":2,"name":"X\u0259b\u0259rl\u0259r","item":"https:\/\/www.meydan.tv\/az\/section\/xeberler\/"},{"@type":"ListItem","position":3,"name":"Prezidentin yeni k\u00f6m\u0259k\u00e7il\u0259ri t\u0259yin olundu"}]},{"@type":"WebSite","@id":"https:\/\/www.meydan.tv\/az\/#website","url":"https:\/\/www.meydan.tv\/az\/","name":"MEYDAN.TV","description":"Meydan TV Az\u0259rbaycan\u0131n media m\u0259kan\u0131ndak\u0131 alternativ s\u0259sidir","publisher":{"@id":"https:\/\/www.meydan.tv\/az\/#organization"},"potentialAction":[{"@type":"SearchAction","target":{"@type":"EntryPoint","urlTemplate":"https:\/\/www.meydan.tv\/az\/?s={search_term_string}"},"query-input":{"@type":"PropertyValueSpecification","valueRequired":true,"valueName":"search_term_string"}}],"inLanguage":"az"},{"@type":"Organization","@id":"https:\/\/www.meydan.tv\/az\/#organization","name":"Meydan TV","url":"https:\/\/www.meydan.tv\/az\/","logo":{"@type":"ImageObject","inLanguage":"az","@id":"https:\/\/www.meydan.tv\/az\/#\/schema\/logo\/image\/","url":"https:\/\/www.meydan.tv\/wp-content\/uploads\/2021\/07\/meydan-logo.svg","contentUrl":"https:\/\/www.meydan.tv\/wp-content\/uploads\/2021\/07\/meydan-logo.svg","width":195,"height":46,"caption":"Meydan TV"},"image":{"@id":"https:\/\/www.meydan.tv\/az\/#\/schema\/logo\/image\/"}},{"@type":"Person","@id":"https:\/\/www.meydan.tv\/az\/#\/schema\/person\/10d11eccf6da3662cf5fdab9806ea91a","name":"user-manager"}]}},"_links":{"self":[{"href":"https:\/\/www.meydan.tv\/az\/wp-json\/wp\/v2\/posts\/184674","targetHints":{"allow":["GET"]}}],"collection":[{"href":"https:\/\/www.meydan.tv\/az\/wp-json\/wp\/v2\/posts"}],"about":[{"href":"https:\/\/www.meydan.tv\/az\/wp-json\/wp\/v2\/types\/post"}],"author":[{"embeddable":true,"href":"https:\/\/www.meydan.tv\/az\/wp-json\/wp\/v2\/users\/11"}],"replies":[{"embeddable":true,"href":"https:\/\/www.meydan.tv\/az\/wp-json\/wp\/v2\/comments?post=184674"}],"version-history":[{"count":0,"href":"https:\/\/www.meydan.tv\/az\/wp-json\/wp\/v2\/posts\/184674\/revisions"}],"wp:featuredmedia":[{"embeddable":true,"href":"https:\/\/www.meydan.tv\/az\/wp-json\/wp\/v2\/media\/85995"}],"wp:attachment":[{"href":"https:\/\/www.meydan.tv\/az\/wp-json\/wp\/v2\/media?parent=184674"}],"wp:term":[{"taxonomy":"category","embeddable":true,"href":"https:\/\/www.meydan.tv\/az\/wp-json\/wp\/v2\/categories?post=184674"},{"taxonomy":"post_tag","embeddable":true,"href":"https:\/\/www.meydan.tv\/az\/wp-json\/wp\/v2\/tags?post=184674"}],"curies":[{"name":"wp","href":"https:\/\/api.w.org\/{rel}","templated":true}]}}