{"id":184670,"date":"2017-06-01T18:17:34","date_gmt":"2017-06-01T18:17:34","guid":{"rendered":"https:\/\/www.meydan.tv\/article\/bizim-ve-sizin-hebsiniz\/"},"modified":"2017-06-01T18:17:34","modified_gmt":"2017-06-01T18:17:34","slug":"bizim-ve-sizin-hebsiniz","status":"publish","type":"post","link":"https:\/\/www.meydan.tv\/az\/article\/bizim-ve-sizin-hebsiniz\/","title":{"rendered":"Bizim v\u0259 sizin h\u0259bsiniz\u2026"},"content":{"rendered":"<figure class=\"wp-block-image size-large\">\n  <img decoding=\"async\" src=\"https:\/\/www.meydan.tv\/az\/aynur-elgunes-3\/\" alt=\"Aynur Elg\u00fcn\u0259\u015f\" class=\"wp-image-85962\"\/><figcaption>\n    Aynur Elg\u00fcn\u0259\u015f<br \/>\n  <\/figcaption><\/figure>\n<p>\n  D\u00fcn\u0259n \u018ffqan Muxtarl\u0131n\u0131 3 ayl\u0131q h\u0259bs etdil\u0259r. \u018fslind\u0259 hakimiyy\u0259t \u00fc\u00e7\u00fcn biab\u0131r\u00e7\u0131 olay olsa da, bizim \u00fc\u00e7\u00fcn faci\u0259vi bir \u015fey ba\u015f verm\u0259di. \u0130\u00e7i m\u0259n qar\u0131\u015f\u0131q, bu yolu se\u00e7\u0259nin h\u0259r biri bilir ki, onu xo\u015f n\u0259s\u0259 g\u00f6zl\u0259mir. Yolu biz se\u00e7mi\u015fiks\u0259, dem\u0259li, bunlar\u0131 da g\u00f6z\u0259 alm\u0131\u015f\u0131q. N\u0259 kimd\u0259ns\u0259 umaca\u011f\u0131m\u0131z, n\u0259 d\u0259 ba\u015f\u0131m\u0131za g\u0259l\u0259nl\u0259r\u0259 g\u00f6r\u0259 minn\u0259t vurmaq fikrimiz var.\n<\/p>\n<p>\n  Biz jurnalistik, haqq bildiyimiz n\u0259 varsa, onu deyirik. Qoy hakimiyy\u0259t ad\u0131m\u0131za n\u0259 ist\u0259yir yazs\u0131n, bizi hans\u0131 t\u0259\u015fkilata ba\u011flay\u0131r ba\u011flas\u0131n. Birincisi, bunun bel\u0259 olmad\u0131\u011f\u0131n\u0131 \u00f6zl\u0259ri d\u0259 yax\u015f\u0131 bilir. \u0130kinci, media beyn\u0259lxalq fondlardan, reklamdan, sat\u0131\u015fdan maliyy\u0259l\u0259\u015f\u0259r.\n<\/p>\n<p>\n  Hakimiyy\u0259tin verdiyi is\u0259 \u201csus\u201d pay\u0131d\u0131r. Nec\u0259 ki, ill\u0259rdir yeyib susanlar\u0131 g\u00f6r\u00fcr\u00fck. Reklamdan, sat\u0131\u015fdan m\u0259hrum, amma b\u0259y kefind\u0259 dolananlar\u0131 g\u00f6r\u00fcr\u00fck. Onlar\u0131n ham\u0131s\u0131 ger\u00e7\u0259k media ad\u0131na l\u0259k\u0259dir.\n<\/p>\n<p>\n  \u018ffqana m\u0259hk\u0259m\u0259 qurulanda media ad\u0131ndan dan\u0131\u015fan, \u0259slind\u0259 is\u0259 hakimiyy\u0259tin mirz\u0259si olmaqdan qaba\u011fa getm\u0259y\u0259n bir qrup adam Nax\u00e7\u0131vandak\u0131 ba\u011fland\u0131\u011f\u0131 r\u0259smi elan edil\u0259n avtomobil zavodunda selfie \u00e7\u0259kdirirdi. Baxanda d\u00fc\u015f\u00fcnd\u00fcm ki, yaz\u0131q adamlard\u0131lar, ham\u0131s\u0131 qarn\u0131ndan as\u0131l\u0131b, pultla i\u015fl\u0259yir.\n<\/p>\n<p>\n  \u00dczd\u0259 \u0259leyhimiz\u0259 dan\u0131\u015f\u0131b, arxada &#8220;s\u0259n haql\u0131san e, amma&#8230; &#8221; il\u0259 c\u00fcml\u0259 quranlard\u0131. Bu adamlar\u0131n i\u00e7ind\u0259 biz\u0259 qar\u015f\u0131 q\u0259z\u0259b var, \u00e7\u00fcnki onlar kimi deyilik. \u018fks\u0259riyy\u0259ti aram\u0131zdan gedib. Xo\u015f g\u00fcz\u0259rana sat\u0131b \u00f6z\u00fcn\u00fc. Amma sat\u0131lmas\u0131n\u0131 h\u0259zm ed\u0259 bilmir dey\u0259 biz\u0259 q\u0259z\u0259blidir.\n<\/p>\n<p>\n  Hakimiyy\u0259tin yeml\u0259diyi media orqanlar\u0131nda is\u0259 haz\u0131rda ev q\u0131r\u011f\u0131n\u0131 gedir. Ba\u015flar\u0131 \u00f6zl\u0259rin\u0259 el\u0259 qar\u0131\u015f\u0131b ki, d\u00fcnyada n\u0259 ba\u015f verdiyind\u0259n x\u0259b\u0259rsizdil\u0259r. 2-3&#8230;5 evi olanlard\u0131 dala\u015fanlar. G\u00f6r\u00fcn\u0259n budur ki, evsizl\u0259r yen\u0259 evsiz qalacaq.\n<\/p>\n<p>\n  \u0130ll\u0259rdir hakimiyy\u0259t medias\u0131nda i\u015fl\u0259diyin\u0259 baxmayaraq, m\u00fcdafi\u0259 etdiyim adamlar vard\u0131. D\u00fcn\u0259n bel\u0259l\u0259rind\u0259n birinin \u0259m\u0259kda\u015f\u0131 \u00fcz\u00fcm\u0259 dedi: &#8220;M\u00fc\u0259llim\u0259, filank\u0259sin t\u0259r\u0259fini \u00e7ox tuturdunuz, g\u00f6rd\u00fcn\u00fcz ev \u00fcst\u00fcnd\u0259 nec\u0259 \u015f\u0259r\u0259fsizlik etdi?&#8221;\n<\/p>\n<p>\n  Utan\u0131b yer\u0259 girdim, ax\u0131 o adama m\u0259xsus evd\u0259 d\u0259f\u0259l\u0259rl\u0259 olmu\u015fdum, \u015f\u0259raitin\u0259 d\u0259 b\u0259l\u0259d\u0259m, ya\u015fay\u0131\u015f\u0131na da. M\u0259n he\u00e7, susdum, b\u0259s \u00f6z\u00fc nec\u0259 baxacaq yan\u0131ndak\u0131 evsiz jurnalistl\u0259rin \u00fcz\u00fcn\u0259? B\u0259li, m\u0259n jurnalist\u0259 ev verilm\u0259sinin \u0259leyhin\u0259y\u0259m. Amma bu, h\u0259r bir halda verilirs\u0259, o zaman qoyun evsizl\u0259r als\u0131n d\u0259.\n<\/p>\n<p>\n  Ba\u015fqa bir h\u0259mkar\u0131m da var, evsizlikd\u0259n evl\u0259n\u0259 bilmir. Onun da \u00e7al\u0131\u015fd\u0131\u011f\u0131 orqan\u0131n r\u0259hb\u0259ri \u00f6z\u00fcn\u0259 ev almaq ist\u0259yir, 3-c\u00fc evi. Amma o g\u0259nc s\u00f6hb\u0259timizd\u0259 \u00e7ox m\u0259ntiqli bir s\u00f6z dedi: \u201cBilirik harda i\u015fl\u0259yirik. \u018fg\u0259r m\u0259n h\u0259r g\u00f6rd\u00fcy\u00fcm\u00fc yaza bilmir v\u0259 buna g\u00f6r\u0259 susuramsa, m\u0259cburam o adamlar\u0131n ist\u0259yi il\u0259 raz\u0131la\u015f\u0131m\u201d.\n<\/p>\n<p>\n  Azad mediada is\u0259 bu m\u0259cburiyy\u0259t yoxdu. Azad median\u0131n r\u0259hb\u0259ri imkans\u0131z \u0259m\u0259kda\u015f\u0131n\u0131n probleml\u0259rin\u0259 g\u00f6z yumub \u00f6z\u00fcn\u0259 s\u0259rv\u0259t toplaya bilm\u0259z. Buna n\u0259 vicdan\u0131 yol ver\u0259r, n\u0259 d\u0259 i\u015f\u00e7il\u0259r haqq\u0131n\u0131 tapdaladar. El\u0259 bu azadl\u0131q e\u015fqidir bizi bu g\u00fcn z\u0259rb\u0259l\u0259r qar\u015f\u0131s\u0131nda sip\u0259r\u0259 \u00e7evir\u0259n.\n<\/p>\n<p>\n  Ev \u00fcst\u00fcnd\u0259 ill\u0259rl\u0259 \u00e7\u00f6r\u0259k k\u0259sdiyi i\u015f yolda\u015flar\u0131n\u0131n \u201cquyu\u201dsunu qazanlar\u0131n q\u0259rib\u0259 m\u0259ntiqi d\u0259 var: \u201cBiz sizin m\u00f6vqeyinizi anlay\u0131r\u0131q, siz d\u0259 biz\u0259 qar\u015f\u0131 tolerant olun\u201d.\n<\/p>\n<p>\n  Bu dayaz m\u0259ntiq sahibl\u0259rin\u0259 izah etm\u0259k olmur ki, biz siyas\u0259t\u00e7i deyilik, din \u00fcst\u00fcnd\u0259 sava\u015fm\u0131r\u0131q h\u0259r\u0259mizin bir platformas\u0131, \u0259qid\u0259si olsun. Ham\u0131m\u0131z jurnalistik v\u0259 pe\u015f\u0259mizin prinsipl\u0259ri \u00fcmumidir. V\u0259 o prinsipl\u0259rd\u0259 ayd\u0131n g\u00f6st\u0259rilir: Jurnalist he\u00e7 bir halda hakimiyy\u0259td\u0259n, d\u00f6vl\u0259t orqanlar\u0131ndan v\u0259 \u00f6z\u0259l \u015firk\u0259tl\u0259rd\u0259n h\u0259diyy\u0259, m\u00fckafat g\u00f6t\u00fcr\u0259 bilm\u0259z! Jurnalisti yaln\u0131z fondlar, beyn\u0259lxalq qeyri-h\u00f6kum\u0259t t\u0259\u015fkilatlar\u0131 m\u00fckafatland\u0131ra bil\u0259r.\n<\/p>\n<p>\n  \u2026\u018ffqan\u0131 h\u0259bs etdil\u0259r. Sabah bizi d\u0259 h\u0259bs ed\u0259, d\u00f6y\u0259, \u00f6ld\u00fcr\u0259 bil\u0259rl\u0259r. Ancaq \u0259limizd\u0259n birc\u0259 \u015feyi ala bilm\u0259zl\u0259r. Sizd\u0259 olmayan\u0131 \u2013 vicdan azadl\u0131\u011f\u0131n\u0131. Siz \u00e7oxdan \u00fcst\u00fcnd\u0259 dala\u015fd\u0131\u011f\u0131n\u0131z o evl\u0259rd\u0259 h\u0259m vicdan\u0131n\u0131z\u0131, h\u0259m d\u0259 \u00f6z\u00fcn\u00fcz\u00fc h\u0259bs etdirmisiniz\u2026\n<\/p>\n<\/p>\n<p>\n  <i><br \/>\n    <b><br \/>\n      Yaz\u0131 m\u00fc\u0259llifin fikirl\u0259rini \u0259ks etdirir v\u0259 Meydan TV-nin m\u00f6vqeyi il\u0259 \u00fcst-\u00fcst\u0259 d\u00fc\u015fm\u0259y\u0259 bil\u0259r.<br \/>\n    <\/b><br \/>\n  <\/i><\/p>\n","protected":false},"excerpt":{"rendered":"<p>D\u00fcn\u0259n \u018ffqan Muxtarl\u0131n\u0131 3 ayl\u0131q h\u0259bs etdil\u0259r<\/p>\n","protected":false},"author":11,"featured_media":85962,"comment_status":"closed","ping_status":"open","sticky":false,"template":"","format":"standard","meta":{"_acf_changed":false,"_sitemap_exclude":false,"_sitemap_priority":"","_sitemap_frequency":"","footnotes":""},"categories":[57],"tags":[],"class_list":["post-184670","post","type-post","status-publish","format-standard","has-post-thumbnail","hentry","category-menim-fikrimce","infinite-scroll-item","generate-columns","tablet-grid-50","mobile-grid-100","grid-parent","grid-33","no-featured-image-padding"],"acf":[],"yoast_head":"<!-- This site is optimized with the Yoast SEO plugin v27.5 - https:\/\/yoast.com\/product\/yoast-seo-wordpress\/ -->\n<title>Bizim v\u0259 sizin h\u0259bsiniz\u2026 - MEYDAN.TV<\/title>\n<meta name=\"robots\" content=\"index, follow, max-snippet:-1, max-image-preview:large, max-video-preview:-1\" \/>\n<link rel=\"canonical\" href=\"https:\/\/www.meydan.tv\/az\/article\/bizim-ve-sizin-hebsiniz\/\" \/>\n<meta property=\"og:locale\" content=\"az_AZ\" \/>\n<meta property=\"og:type\" content=\"article\" \/>\n<meta property=\"og:title\" content=\"Bizim v\u0259 sizin h\u0259bsiniz\u2026 - MEYDAN.TV\" \/>\n<meta property=\"og:description\" content=\"D\u00fcn\u0259n \u018ffqan Muxtarl\u0131n\u0131 3 ayl\u0131q h\u0259bs etdil\u0259r\" \/>\n<meta property=\"og:url\" content=\"https:\/\/www.meydan.tv\/az\/article\/bizim-ve-sizin-hebsiniz\/\" \/>\n<meta property=\"og:site_name\" content=\"MEYDAN.TV\" \/>\n<meta property=\"article:published_time\" content=\"2017-06-01T18:17:34+00:00\" \/>\n<meta property=\"og:image\" content=\"https:\/\/www.meydan.tv\/wp-content\/uploads\/33844.jpg\" \/>\n\t<meta property=\"og:image:width\" content=\"960\" \/>\n\t<meta property=\"og:image:height\" content=\"960\" \/>\n\t<meta property=\"og:image:type\" content=\"image\/jpeg\" \/>\n<meta name=\"author\" content=\"user-manager\" \/>\n<meta name=\"twitter:card\" content=\"summary_large_image\" \/>\n<script type=\"application\/ld+json\" class=\"yoast-schema-graph\">{\"@context\":\"https:\\\/\\\/schema.org\",\"@graph\":[{\"@type\":\"Article\",\"@id\":\"https:\\\/\\\/www.meydan.tv\\\/az\\\/article\\\/bizim-ve-sizin-hebsiniz\\\/#article\",\"isPartOf\":{\"@id\":\"https:\\\/\\\/www.meydan.tv\\\/az\\\/article\\\/bizim-ve-sizin-hebsiniz\\\/\"},\"author\":{\"name\":\"user-manager\",\"@id\":\"https:\\\/\\\/www.meydan.tv\\\/az\\\/#\\\/schema\\\/person\\\/10d11eccf6da3662cf5fdab9806ea91a\"},\"headline\":\"Bizim v\u0259 sizin h\u0259bsiniz\u2026\",\"datePublished\":\"2017-06-01T18:17:34+00:00\",\"mainEntityOfPage\":{\"@id\":\"https:\\\/\\\/www.meydan.tv\\\/az\\\/article\\\/bizim-ve-sizin-hebsiniz\\\/\"},\"wordCount\":821,\"publisher\":{\"@id\":\"https:\\\/\\\/www.meydan.tv\\\/az\\\/#organization\"},\"image\":{\"@id\":\"https:\\\/\\\/www.meydan.tv\\\/az\\\/article\\\/bizim-ve-sizin-hebsiniz\\\/#primaryimage\"},\"thumbnailUrl\":\"https:\\\/\\\/www.meydan.tv\\\/wp-content\\\/uploads\\\/33844.jpg\",\"articleSection\":[\"M\u0259nim Fikrimc\u0259\"],\"inLanguage\":\"az\"},{\"@type\":\"WebPage\",\"@id\":\"https:\\\/\\\/www.meydan.tv\\\/az\\\/article\\\/bizim-ve-sizin-hebsiniz\\\/\",\"url\":\"https:\\\/\\\/www.meydan.tv\\\/az\\\/article\\\/bizim-ve-sizin-hebsiniz\\\/\",\"name\":\"Bizim v\u0259 sizin h\u0259bsiniz\u2026 - MEYDAN.TV\",\"isPartOf\":{\"@id\":\"https:\\\/\\\/www.meydan.tv\\\/az\\\/#website\"},\"primaryImageOfPage\":{\"@id\":\"https:\\\/\\\/www.meydan.tv\\\/az\\\/article\\\/bizim-ve-sizin-hebsiniz\\\/#primaryimage\"},\"image\":{\"@id\":\"https:\\\/\\\/www.meydan.tv\\\/az\\\/article\\\/bizim-ve-sizin-hebsiniz\\\/#primaryimage\"},\"thumbnailUrl\":\"https:\\\/\\\/www.meydan.tv\\\/wp-content\\\/uploads\\\/33844.jpg\",\"datePublished\":\"2017-06-01T18:17:34+00:00\",\"breadcrumb\":{\"@id\":\"https:\\\/\\\/www.meydan.tv\\\/az\\\/article\\\/bizim-ve-sizin-hebsiniz\\\/#breadcrumb\"},\"inLanguage\":\"az\",\"potentialAction\":[{\"@type\":\"ReadAction\",\"target\":[\"https:\\\/\\\/www.meydan.tv\\\/az\\\/article\\\/bizim-ve-sizin-hebsiniz\\\/\"]}]},{\"@type\":\"ImageObject\",\"inLanguage\":\"az\",\"@id\":\"https:\\\/\\\/www.meydan.tv\\\/az\\\/article\\\/bizim-ve-sizin-hebsiniz\\\/#primaryimage\",\"url\":\"https:\\\/\\\/www.meydan.tv\\\/wp-content\\\/uploads\\\/33844.jpg\",\"contentUrl\":\"https:\\\/\\\/www.meydan.tv\\\/wp-content\\\/uploads\\\/33844.jpg\",\"width\":960,\"height\":960,\"caption\":\"Aynur Elg\u00fcn\u0259\u015f\"},{\"@type\":\"BreadcrumbList\",\"@id\":\"https:\\\/\\\/www.meydan.tv\\\/az\\\/article\\\/bizim-ve-sizin-hebsiniz\\\/#breadcrumb\",\"itemListElement\":[{\"@type\":\"ListItem\",\"position\":1,\"name\":\"Ana s\u0259hif\u0259\",\"item\":\"https:\\\/\\\/www.meydan.tv\\\/az\\\/\"},{\"@type\":\"ListItem\",\"position\":2,\"name\":\"M\u0259nim Fikrimc\u0259\",\"item\":\"https:\\\/\\\/www.meydan.tv\\\/az\\\/section\\\/menim-fikrimce\\\/\"},{\"@type\":\"ListItem\",\"position\":3,\"name\":\"Bizim v\u0259 sizin h\u0259bsiniz\u2026\"}]},{\"@type\":\"WebSite\",\"@id\":\"https:\\\/\\\/www.meydan.tv\\\/az\\\/#website\",\"url\":\"https:\\\/\\\/www.meydan.tv\\\/az\\\/\",\"name\":\"MEYDAN.TV\",\"description\":\"Meydan TV Az\u0259rbaycan\u0131n media m\u0259kan\u0131ndak\u0131 alternativ s\u0259sidir\",\"publisher\":{\"@id\":\"https:\\\/\\\/www.meydan.tv\\\/az\\\/#organization\"},\"potentialAction\":[{\"@type\":\"SearchAction\",\"target\":{\"@type\":\"EntryPoint\",\"urlTemplate\":\"https:\\\/\\\/www.meydan.tv\\\/az\\\/?s={search_term_string}\"},\"query-input\":{\"@type\":\"PropertyValueSpecification\",\"valueRequired\":true,\"valueName\":\"search_term_string\"}}],\"inLanguage\":\"az\"},{\"@type\":\"Organization\",\"@id\":\"https:\\\/\\\/www.meydan.tv\\\/az\\\/#organization\",\"name\":\"Meydan TV\",\"url\":\"https:\\\/\\\/www.meydan.tv\\\/az\\\/\",\"logo\":{\"@type\":\"ImageObject\",\"inLanguage\":\"az\",\"@id\":\"https:\\\/\\\/www.meydan.tv\\\/az\\\/#\\\/schema\\\/logo\\\/image\\\/\",\"url\":\"https:\\\/\\\/www.meydan.tv\\\/wp-content\\\/uploads\\\/2021\\\/07\\\/meydan-logo.svg\",\"contentUrl\":\"https:\\\/\\\/www.meydan.tv\\\/wp-content\\\/uploads\\\/2021\\\/07\\\/meydan-logo.svg\",\"width\":195,\"height\":46,\"caption\":\"Meydan TV\"},\"image\":{\"@id\":\"https:\\\/\\\/www.meydan.tv\\\/az\\\/#\\\/schema\\\/logo\\\/image\\\/\"}},{\"@type\":\"Person\",\"@id\":\"https:\\\/\\\/www.meydan.tv\\\/az\\\/#\\\/schema\\\/person\\\/10d11eccf6da3662cf5fdab9806ea91a\",\"name\":\"user-manager\"}]}<\/script>\n<!-- \/ Yoast SEO plugin. -->","yoast_head_json":{"title":"Bizim v\u0259 sizin h\u0259bsiniz\u2026 - MEYDAN.TV","robots":{"index":"index","follow":"follow","max-snippet":"max-snippet:-1","max-image-preview":"max-image-preview:large","max-video-preview":"max-video-preview:-1"},"canonical":"https:\/\/www.meydan.tv\/az\/article\/bizim-ve-sizin-hebsiniz\/","og_locale":"az_AZ","og_type":"article","og_title":"Bizim v\u0259 sizin h\u0259bsiniz\u2026 - MEYDAN.TV","og_description":"D\u00fcn\u0259n \u018ffqan Muxtarl\u0131n\u0131 3 ayl\u0131q h\u0259bs etdil\u0259r","og_url":"https:\/\/www.meydan.tv\/az\/article\/bizim-ve-sizin-hebsiniz\/","og_site_name":"MEYDAN.TV","article_published_time":"2017-06-01T18:17:34+00:00","og_image":[{"width":960,"height":960,"url":"https:\/\/www.meydan.tv\/wp-content\/uploads\/33844.jpg","type":"image\/jpeg"}],"author":"user-manager","twitter_card":"summary_large_image","schema":{"@context":"https:\/\/schema.org","@graph":[{"@type":"Article","@id":"https:\/\/www.meydan.tv\/az\/article\/bizim-ve-sizin-hebsiniz\/#article","isPartOf":{"@id":"https:\/\/www.meydan.tv\/az\/article\/bizim-ve-sizin-hebsiniz\/"},"author":{"name":"user-manager","@id":"https:\/\/www.meydan.tv\/az\/#\/schema\/person\/10d11eccf6da3662cf5fdab9806ea91a"},"headline":"Bizim v\u0259 sizin h\u0259bsiniz\u2026","datePublished":"2017-06-01T18:17:34+00:00","mainEntityOfPage":{"@id":"https:\/\/www.meydan.tv\/az\/article\/bizim-ve-sizin-hebsiniz\/"},"wordCount":821,"publisher":{"@id":"https:\/\/www.meydan.tv\/az\/#organization"},"image":{"@id":"https:\/\/www.meydan.tv\/az\/article\/bizim-ve-sizin-hebsiniz\/#primaryimage"},"thumbnailUrl":"https:\/\/www.meydan.tv\/wp-content\/uploads\/33844.jpg","articleSection":["M\u0259nim Fikrimc\u0259"],"inLanguage":"az"},{"@type":"WebPage","@id":"https:\/\/www.meydan.tv\/az\/article\/bizim-ve-sizin-hebsiniz\/","url":"https:\/\/www.meydan.tv\/az\/article\/bizim-ve-sizin-hebsiniz\/","name":"Bizim v\u0259 sizin h\u0259bsiniz\u2026 - MEYDAN.TV","isPartOf":{"@id":"https:\/\/www.meydan.tv\/az\/#website"},"primaryImageOfPage":{"@id":"https:\/\/www.meydan.tv\/az\/article\/bizim-ve-sizin-hebsiniz\/#primaryimage"},"image":{"@id":"https:\/\/www.meydan.tv\/az\/article\/bizim-ve-sizin-hebsiniz\/#primaryimage"},"thumbnailUrl":"https:\/\/www.meydan.tv\/wp-content\/uploads\/33844.jpg","datePublished":"2017-06-01T18:17:34+00:00","breadcrumb":{"@id":"https:\/\/www.meydan.tv\/az\/article\/bizim-ve-sizin-hebsiniz\/#breadcrumb"},"inLanguage":"az","potentialAction":[{"@type":"ReadAction","target":["https:\/\/www.meydan.tv\/az\/article\/bizim-ve-sizin-hebsiniz\/"]}]},{"@type":"ImageObject","inLanguage":"az","@id":"https:\/\/www.meydan.tv\/az\/article\/bizim-ve-sizin-hebsiniz\/#primaryimage","url":"https:\/\/www.meydan.tv\/wp-content\/uploads\/33844.jpg","contentUrl":"https:\/\/www.meydan.tv\/wp-content\/uploads\/33844.jpg","width":960,"height":960,"caption":"Aynur Elg\u00fcn\u0259\u015f"},{"@type":"BreadcrumbList","@id":"https:\/\/www.meydan.tv\/az\/article\/bizim-ve-sizin-hebsiniz\/#breadcrumb","itemListElement":[{"@type":"ListItem","position":1,"name":"Ana s\u0259hif\u0259","item":"https:\/\/www.meydan.tv\/az\/"},{"@type":"ListItem","position":2,"name":"M\u0259nim Fikrimc\u0259","item":"https:\/\/www.meydan.tv\/az\/section\/menim-fikrimce\/"},{"@type":"ListItem","position":3,"name":"Bizim v\u0259 sizin h\u0259bsiniz\u2026"}]},{"@type":"WebSite","@id":"https:\/\/www.meydan.tv\/az\/#website","url":"https:\/\/www.meydan.tv\/az\/","name":"MEYDAN.TV","description":"Meydan TV Az\u0259rbaycan\u0131n media m\u0259kan\u0131ndak\u0131 alternativ s\u0259sidir","publisher":{"@id":"https:\/\/www.meydan.tv\/az\/#organization"},"potentialAction":[{"@type":"SearchAction","target":{"@type":"EntryPoint","urlTemplate":"https:\/\/www.meydan.tv\/az\/?s={search_term_string}"},"query-input":{"@type":"PropertyValueSpecification","valueRequired":true,"valueName":"search_term_string"}}],"inLanguage":"az"},{"@type":"Organization","@id":"https:\/\/www.meydan.tv\/az\/#organization","name":"Meydan TV","url":"https:\/\/www.meydan.tv\/az\/","logo":{"@type":"ImageObject","inLanguage":"az","@id":"https:\/\/www.meydan.tv\/az\/#\/schema\/logo\/image\/","url":"https:\/\/www.meydan.tv\/wp-content\/uploads\/2021\/07\/meydan-logo.svg","contentUrl":"https:\/\/www.meydan.tv\/wp-content\/uploads\/2021\/07\/meydan-logo.svg","width":195,"height":46,"caption":"Meydan TV"},"image":{"@id":"https:\/\/www.meydan.tv\/az\/#\/schema\/logo\/image\/"}},{"@type":"Person","@id":"https:\/\/www.meydan.tv\/az\/#\/schema\/person\/10d11eccf6da3662cf5fdab9806ea91a","name":"user-manager"}]}},"_links":{"self":[{"href":"https:\/\/www.meydan.tv\/az\/wp-json\/wp\/v2\/posts\/184670","targetHints":{"allow":["GET"]}}],"collection":[{"href":"https:\/\/www.meydan.tv\/az\/wp-json\/wp\/v2\/posts"}],"about":[{"href":"https:\/\/www.meydan.tv\/az\/wp-json\/wp\/v2\/types\/post"}],"author":[{"embeddable":true,"href":"https:\/\/www.meydan.tv\/az\/wp-json\/wp\/v2\/users\/11"}],"replies":[{"embeddable":true,"href":"https:\/\/www.meydan.tv\/az\/wp-json\/wp\/v2\/comments?post=184670"}],"version-history":[{"count":0,"href":"https:\/\/www.meydan.tv\/az\/wp-json\/wp\/v2\/posts\/184670\/revisions"}],"wp:featuredmedia":[{"embeddable":true,"href":"https:\/\/www.meydan.tv\/az\/wp-json\/wp\/v2\/media\/85962"}],"wp:attachment":[{"href":"https:\/\/www.meydan.tv\/az\/wp-json\/wp\/v2\/media?parent=184670"}],"wp:term":[{"taxonomy":"category","embeddable":true,"href":"https:\/\/www.meydan.tv\/az\/wp-json\/wp\/v2\/categories?post=184670"},{"taxonomy":"post_tag","embeddable":true,"href":"https:\/\/www.meydan.tv\/az\/wp-json\/wp\/v2\/tags?post=184670"}],"curies":[{"name":"wp","href":"https:\/\/api.w.org\/{rel}","templated":true}]}}