{"id":184649,"date":"2017-05-31T22:58:45","date_gmt":"2017-05-31T22:58:45","guid":{"rendered":"https:\/\/www.meydan.tv\/article\/jurnalist-efqan-muxtarli-mehkemeye-getirilir\/"},"modified":"2021-10-29T16:18:20","modified_gmt":"2021-10-29T12:18:20","slug":"jurnalist-efqan-muxtarli-mehkemeye-getirilir","status":"publish","type":"post","link":"https:\/\/www.meydan.tv\/az\/article\/jurnalist-efqan-muxtarli-mehkemeye-getirilir\/","title":{"rendered":"Jurnalist \u018ffqan Muxtarl\u0131 m\u0259hk\u0259m\u0259y\u0259 g\u0259tirilir"},"content":{"rendered":"<p>\n  Jurnalist \u018ffqan Muxtarl\u0131 may\u0131n 29-u oturum izini ald\u0131\u011f\u0131 G\u00fcrc\u00fcstanda saxlan\u0131l\u0131b. May\u0131n 30-u o, Az\u0259rbaycana g\u0259tirilib.\n<\/p>\n<p>\n  V\u0259kili El\u00e7in Sad\u0131qovun dem\u0259sin\u0259 g\u00f6r\u0259, jurnalist d\u00f6y\u00fcld\u00fcy\u00fcn\u00fc bildirir. Onun \u00fcz nahiy\u0259sind\u0259 x\u0259sar\u0259t izl\u0259ri var. \u00dcst\u0259lik, o n\u0259f\u0259s almaqda \u00e7\u0259tinlik \u00e7\u0259kir. Qab\u0131r\u011falar\u0131n\u0131n s\u0131nd\u0131r\u0131ld\u0131\u011f\u0131n\u0131 d\u00fc\u015f\u00fcn\u00fcr. V\u0259kil deyib ki, \u018f.Muxtarl\u0131 saxland\u0131qdan sonra cibin\u0259 10 min avro pul da at\u0131l\u0131b.\n<\/p>\n<p>\n  \u201cCinay\u0259t M\u0259c\u0259ll\u0259sinin 315.2, 318.1 v\u0259 206.1 madd\u0259l\u0259ri il\u0259 ittiham edilir. Y\u0259ni, hakimiyy\u0259t n\u00fcmay\u0259nd\u0259sin\u0259 qar\u015f\u0131 m\u00fcqavim\u0259t g\u00f6st\u0259rm\u0259 v\u0259 ya h\u0259yat v\u0259 sa\u011flaml\u0131q \u00fc\u00e7\u00fcn t\u0259hl\u00fck\u0259li olan zor t\u0259tbiq etm\u0259, s\u0259rh\u0259di qanunsuz ke\u00e7m\u0259 v\u0259 qa\u00e7aqmal\u00e7\u0131l\u0131qda ittiham edilir. Onu \u015f\u00fcbh\u0259li \u015f\u0259xs qismind\u0259 saxlad\u0131lar\u201d, &#8211; dey\u0259 may\u0131n 30-u ax\u015fam saatlar\u0131nda jurnalistl\u0259 g\u00f6r\u00fc\u015f\u0259n v\u0259kil bildirmi\u015fdi.\n<\/p>\n<p>\n  May\u0131n 31-i S\u0259bail Rayon M\u0259hk\u0259m\u0259si jurnalist \u018ffqan Muxtarl\u0131 bar\u0259sind\u0259 3 ayl\u0131q h\u0259bs q\u0259timkan t\u0259dbiri se\u00e7ib. Jurnalisti 7 il\u0259 q\u0259d\u0259r h\u0259bs c\u0259zas\u0131 g\u00f6zl\u0259yir.\n<\/p>\n<p>\n  Ancaq Ba\u015f Prokurorlu\u011fun m\u0259tbuat xidm\u0259tinin r\u0259hb\u0259ri Eldar Sultanov is\u0259 deyib ki, \u018f.Muxtarl\u0131 Az\u0259rbaycan s\u0259rh\u0259dini qanunsuz ke\u00e7\u0259rk\u0259n saxlan\u0131b. O saxlanark\u0259n \u00fcz\u0259rind\u0259n k\u00fcll\u00fc miqdarda pul tap\u0131l\u0131b. E.Sultanovun h\u0259m\u00e7inin dem\u0259sin\u0259 g\u00f6r\u0259, \u018f.Muxtarl\u0131 saxlanark\u0259n h\u00fcquq -m\u00fchafiz\u0259 \u0259m\u0259kda\u015flar\u0131na m\u00fcqavim\u0259t g\u00f6st\u0259rib.\n<\/p>\n<p>\n  \u018f.Muxtarl\u0131 iki ild\u0259n \u00e7oxdur G\u00fcrc\u00fcstanda ya\u015fay\u0131rd\u0131. O, Az\u0259rbaycanda t\u0259qib olundu\u011funu bildirmi\u015fdi. \u018f.Muxtarl\u0131 son ill\u0259r Tbilisid\u0259 Az\u0259rbaycan hakimiyy\u0259tinin \u0259leyhin\u0259 ke\u00e7iril\u0259n aksiyalarda da f\u0259al i\u015ftirak edirdi. O, bir s\u0131ra ara\u015fd\u0131rma yaz\u0131lar\u0131n\u0131n da m\u00fc\u0259llifi idi.\n<\/p>\n<figure class=\"wp-block-image size-large\">\n  <img decoding=\"async\" src=\"https:\/\/www.meydan.tv\/az\/85869\/\" alt=\"\" class=\"wp-image-85869\"\/><figcaption><\/figcaption><\/figure>\n<figure class=\"wp-block-image size-large\">\n  <img decoding=\"async\" src=\"https:\/\/www.meydan.tv\/az\/85872\/\" alt=\"\" class=\"wp-image-85872\"\/><figcaption><\/figcaption><\/figure>\n<figure class=\"wp-block-image size-large\">\n  <img decoding=\"async\" src=\"https:\/\/www.meydan.tv\/az\/85878\/\" alt=\"\" class=\"wp-image-85878\"\/><figcaption><\/figcaption><\/figure>\n<figure class=\"wp-block-image size-large\">\n  <img decoding=\"async\" src=\"https:\/\/www.meydan.tv\/az\/85875\/\" alt=\"\" class=\"wp-image-85875\"\/><figcaption><\/figcaption><\/figure>\n<figure class=\"wp-block-image size-large\">\n  <img decoding=\"async\" src=\"https:\/\/www.meydan.tv\/az\/85887\/\" alt=\"\" class=\"wp-image-85887\"\/><figcaption><\/figcaption><\/figure>\n<figure class=\"wp-block-image size-large\">\n  <img decoding=\"async\" src=\"https:\/\/www.meydan.tv\/az\/85884\/\" alt=\"\" class=\"wp-image-85884\"\/><figcaption><\/figcaption><\/figure>\n<figure class=\"wp-block-image size-large\">\n  <img decoding=\"async\" src=\"https:\/\/www.meydan.tv\/az\/85881\/\" alt=\"\" class=\"wp-image-85881\"\/><figcaption><\/figcaption><\/figure>\n<figure class=\"wp-block-image size-large\">\n  <img decoding=\"async\" src=\"https:\/\/www.meydan.tv\/az\/85890\/\" alt=\"\" class=\"wp-image-85890\"\/><figcaption><\/figcaption><\/figure>\n<figure class=\"wp-block-image size-large\">\n  <img decoding=\"async\" src=\"https:\/\/www.meydan.tv\/az\/85896\/\" alt=\"\" class=\"wp-image-85896\"\/><figcaption><\/figcaption><\/figure>\n<figure class=\"wp-block-image size-large\">\n  <img decoding=\"async\" src=\"https:\/\/www.meydan.tv\/az\/85893\/\" alt=\"\" class=\"wp-image-85893\"\/><figcaption><\/figcaption><\/figure>\n<figure class=\"wp-block-image size-large\">\n  <img decoding=\"async\" src=\"https:\/\/www.meydan.tv\/az\/85899\/\" alt=\"\" class=\"wp-image-85899\"\/><figcaption><\/figcaption><\/figure>\n","protected":false},"excerpt":{"rendered":"<p>May\u0131n 31-i S\u0259bail Rayon M\u0259hk\u0259m\u0259si jurnalist \u018ffqan Muxtarl\u0131 bar\u0259sind\u0259 3 ayl\u0131q h\u0259bs q\u0259timkan t\u0259dbiri se\u00e7ib<\/p>\n","protected":false},"author":11,"featured_media":85869,"comment_status":"closed","ping_status":"open","sticky":false,"template":"","format":"standard","meta":{"_acf_changed":false,"_sitemap_exclude":false,"_sitemap_priority":"","_sitemap_frequency":"","footnotes":""},"categories":[58],"tags":[],"class_list":["post-184649","post","type-post","status-publish","format-standard","has-post-thumbnail","hentry","category-fotoreportaj","infinite-scroll-item","generate-columns","tablet-grid-50","mobile-grid-100","grid-parent","grid-33","no-featured-image-padding"],"acf":[],"yoast_head":"<!-- This site is optimized with the Yoast SEO plugin v27.4 - https:\/\/yoast.com\/product\/yoast-seo-wordpress\/ -->\n<title>Jurnalist \u018ffqan Muxtarl\u0131 m\u0259hk\u0259m\u0259y\u0259 g\u0259tirilir - MEYDAN.TV<\/title>\n<meta name=\"robots\" content=\"index, follow, max-snippet:-1, max-image-preview:large, max-video-preview:-1\" \/>\n<link rel=\"canonical\" href=\"https:\/\/www.meydan.tv\/az\/article\/jurnalist-efqan-muxtarli-mehkemeye-getirilir\/\" \/>\n<meta property=\"og:locale\" content=\"az_AZ\" \/>\n<meta property=\"og:type\" content=\"article\" \/>\n<meta property=\"og:title\" content=\"Jurnalist \u018ffqan Muxtarl\u0131 m\u0259hk\u0259m\u0259y\u0259 g\u0259tirilir - MEYDAN.TV\" \/>\n<meta property=\"og:description\" content=\"May\u0131n 31-i S\u0259bail Rayon M\u0259hk\u0259m\u0259si jurnalist \u018ffqan Muxtarl\u0131 bar\u0259sind\u0259 3 ayl\u0131q h\u0259bs q\u0259timkan t\u0259dbiri se\u00e7ib\" \/>\n<meta property=\"og:url\" content=\"https:\/\/www.meydan.tv\/az\/article\/jurnalist-efqan-muxtarli-mehkemeye-getirilir\/\" \/>\n<meta property=\"og:site_name\" content=\"MEYDAN.TV\" \/>\n<meta property=\"article:published_time\" content=\"2017-05-31T22:58:45+00:00\" \/>\n<meta property=\"article:modified_time\" content=\"2021-10-29T12:18:20+00:00\" \/>\n<meta property=\"og:image\" content=\"https:\/\/www.meydan.tv\/wp-content\/uploads\/33804.jpg\" \/>\n\t<meta property=\"og:image:width\" content=\"1400\" \/>\n\t<meta property=\"og:image:height\" content=\"933\" \/>\n\t<meta property=\"og:image:type\" content=\"image\/jpeg\" \/>\n<meta name=\"author\" content=\"user-manager\" \/>\n<meta name=\"twitter:card\" content=\"summary_large_image\" \/>\n<script type=\"application\/ld+json\" class=\"yoast-schema-graph\">{\"@context\":\"https:\\\/\\\/schema.org\",\"@graph\":[{\"@type\":\"Article\",\"@id\":\"https:\\\/\\\/www.meydan.tv\\\/az\\\/article\\\/jurnalist-efqan-muxtarli-mehkemeye-getirilir\\\/#article\",\"isPartOf\":{\"@id\":\"https:\\\/\\\/www.meydan.tv\\\/az\\\/article\\\/jurnalist-efqan-muxtarli-mehkemeye-getirilir\\\/\"},\"author\":{\"name\":\"user-manager\",\"@id\":\"https:\\\/\\\/www.meydan.tv\\\/az\\\/#\\\/schema\\\/person\\\/10d11eccf6da3662cf5fdab9806ea91a\"},\"headline\":\"Jurnalist \u018ffqan Muxtarl\u0131 m\u0259hk\u0259m\u0259y\u0259 g\u0259tirilir\",\"datePublished\":\"2017-05-31T22:58:45+00:00\",\"dateModified\":\"2021-10-29T12:18:20+00:00\",\"mainEntityOfPage\":{\"@id\":\"https:\\\/\\\/www.meydan.tv\\\/az\\\/article\\\/jurnalist-efqan-muxtarli-mehkemeye-getirilir\\\/\"},\"wordCount\":339,\"publisher\":{\"@id\":\"https:\\\/\\\/www.meydan.tv\\\/az\\\/#organization\"},\"image\":{\"@id\":\"https:\\\/\\\/www.meydan.tv\\\/az\\\/article\\\/jurnalist-efqan-muxtarli-mehkemeye-getirilir\\\/#primaryimage\"},\"thumbnailUrl\":\"https:\\\/\\\/www.meydan.tv\\\/wp-content\\\/uploads\\\/33804.jpg\",\"articleSection\":[\"Fotoreportaj\"],\"inLanguage\":\"az\"},{\"@type\":\"WebPage\",\"@id\":\"https:\\\/\\\/www.meydan.tv\\\/az\\\/article\\\/jurnalist-efqan-muxtarli-mehkemeye-getirilir\\\/\",\"url\":\"https:\\\/\\\/www.meydan.tv\\\/az\\\/article\\\/jurnalist-efqan-muxtarli-mehkemeye-getirilir\\\/\",\"name\":\"Jurnalist \u018ffqan Muxtarl\u0131 m\u0259hk\u0259m\u0259y\u0259 g\u0259tirilir - MEYDAN.TV\",\"isPartOf\":{\"@id\":\"https:\\\/\\\/www.meydan.tv\\\/az\\\/#website\"},\"primaryImageOfPage\":{\"@id\":\"https:\\\/\\\/www.meydan.tv\\\/az\\\/article\\\/jurnalist-efqan-muxtarli-mehkemeye-getirilir\\\/#primaryimage\"},\"image\":{\"@id\":\"https:\\\/\\\/www.meydan.tv\\\/az\\\/article\\\/jurnalist-efqan-muxtarli-mehkemeye-getirilir\\\/#primaryimage\"},\"thumbnailUrl\":\"https:\\\/\\\/www.meydan.tv\\\/wp-content\\\/uploads\\\/33804.jpg\",\"datePublished\":\"2017-05-31T22:58:45+00:00\",\"dateModified\":\"2021-10-29T12:18:20+00:00\",\"breadcrumb\":{\"@id\":\"https:\\\/\\\/www.meydan.tv\\\/az\\\/article\\\/jurnalist-efqan-muxtarli-mehkemeye-getirilir\\\/#breadcrumb\"},\"inLanguage\":\"az\",\"potentialAction\":[{\"@type\":\"ReadAction\",\"target\":[\"https:\\\/\\\/www.meydan.tv\\\/az\\\/article\\\/jurnalist-efqan-muxtarli-mehkemeye-getirilir\\\/\"]}]},{\"@type\":\"ImageObject\",\"inLanguage\":\"az\",\"@id\":\"https:\\\/\\\/www.meydan.tv\\\/az\\\/article\\\/jurnalist-efqan-muxtarli-mehkemeye-getirilir\\\/#primaryimage\",\"url\":\"https:\\\/\\\/www.meydan.tv\\\/wp-content\\\/uploads\\\/33804.jpg\",\"contentUrl\":\"https:\\\/\\\/www.meydan.tv\\\/wp-content\\\/uploads\\\/33804.jpg\",\"width\":1400,\"height\":933,\"caption\":\"Source:\"},{\"@type\":\"BreadcrumbList\",\"@id\":\"https:\\\/\\\/www.meydan.tv\\\/az\\\/article\\\/jurnalist-efqan-muxtarli-mehkemeye-getirilir\\\/#breadcrumb\",\"itemListElement\":[{\"@type\":\"ListItem\",\"position\":1,\"name\":\"Ana s\u0259hif\u0259\",\"item\":\"https:\\\/\\\/www.meydan.tv\\\/az\\\/\"},{\"@type\":\"ListItem\",\"position\":2,\"name\":\"Fotoreportaj\",\"item\":\"https:\\\/\\\/www.meydan.tv\\\/az\\\/section\\\/fotoreportaj\\\/\"},{\"@type\":\"ListItem\",\"position\":3,\"name\":\"Jurnalist \u018ffqan Muxtarl\u0131 m\u0259hk\u0259m\u0259y\u0259 g\u0259tirilir\"}]},{\"@type\":\"WebSite\",\"@id\":\"https:\\\/\\\/www.meydan.tv\\\/az\\\/#website\",\"url\":\"https:\\\/\\\/www.meydan.tv\\\/az\\\/\",\"name\":\"MEYDAN.TV\",\"description\":\"Meydan TV Az\u0259rbaycan\u0131n media m\u0259kan\u0131ndak\u0131 alternativ s\u0259sidir\",\"publisher\":{\"@id\":\"https:\\\/\\\/www.meydan.tv\\\/az\\\/#organization\"},\"potentialAction\":[{\"@type\":\"SearchAction\",\"target\":{\"@type\":\"EntryPoint\",\"urlTemplate\":\"https:\\\/\\\/www.meydan.tv\\\/az\\\/?s={search_term_string}\"},\"query-input\":{\"@type\":\"PropertyValueSpecification\",\"valueRequired\":true,\"valueName\":\"search_term_string\"}}],\"inLanguage\":\"az\"},{\"@type\":\"Organization\",\"@id\":\"https:\\\/\\\/www.meydan.tv\\\/az\\\/#organization\",\"name\":\"Meydan TV\",\"url\":\"https:\\\/\\\/www.meydan.tv\\\/az\\\/\",\"logo\":{\"@type\":\"ImageObject\",\"inLanguage\":\"az\",\"@id\":\"https:\\\/\\\/www.meydan.tv\\\/az\\\/#\\\/schema\\\/logo\\\/image\\\/\",\"url\":\"https:\\\/\\\/www.meydan.tv\\\/wp-content\\\/uploads\\\/2021\\\/07\\\/meydan-logo.svg\",\"contentUrl\":\"https:\\\/\\\/www.meydan.tv\\\/wp-content\\\/uploads\\\/2021\\\/07\\\/meydan-logo.svg\",\"width\":195,\"height\":46,\"caption\":\"Meydan TV\"},\"image\":{\"@id\":\"https:\\\/\\\/www.meydan.tv\\\/az\\\/#\\\/schema\\\/logo\\\/image\\\/\"}},{\"@type\":\"Person\",\"@id\":\"https:\\\/\\\/www.meydan.tv\\\/az\\\/#\\\/schema\\\/person\\\/10d11eccf6da3662cf5fdab9806ea91a\",\"name\":\"user-manager\"}]}<\/script>\n<!-- \/ Yoast SEO plugin. -->","yoast_head_json":{"title":"Jurnalist \u018ffqan Muxtarl\u0131 m\u0259hk\u0259m\u0259y\u0259 g\u0259tirilir - MEYDAN.TV","robots":{"index":"index","follow":"follow","max-snippet":"max-snippet:-1","max-image-preview":"max-image-preview:large","max-video-preview":"max-video-preview:-1"},"canonical":"https:\/\/www.meydan.tv\/az\/article\/jurnalist-efqan-muxtarli-mehkemeye-getirilir\/","og_locale":"az_AZ","og_type":"article","og_title":"Jurnalist \u018ffqan Muxtarl\u0131 m\u0259hk\u0259m\u0259y\u0259 g\u0259tirilir - MEYDAN.TV","og_description":"May\u0131n 31-i S\u0259bail Rayon M\u0259hk\u0259m\u0259si jurnalist \u018ffqan Muxtarl\u0131 bar\u0259sind\u0259 3 ayl\u0131q h\u0259bs q\u0259timkan t\u0259dbiri se\u00e7ib","og_url":"https:\/\/www.meydan.tv\/az\/article\/jurnalist-efqan-muxtarli-mehkemeye-getirilir\/","og_site_name":"MEYDAN.TV","article_published_time":"2017-05-31T22:58:45+00:00","article_modified_time":"2021-10-29T12:18:20+00:00","og_image":[{"width":1400,"height":933,"url":"https:\/\/www.meydan.tv\/wp-content\/uploads\/33804.jpg","type":"image\/jpeg"}],"author":"user-manager","twitter_card":"summary_large_image","schema":{"@context":"https:\/\/schema.org","@graph":[{"@type":"Article","@id":"https:\/\/www.meydan.tv\/az\/article\/jurnalist-efqan-muxtarli-mehkemeye-getirilir\/#article","isPartOf":{"@id":"https:\/\/www.meydan.tv\/az\/article\/jurnalist-efqan-muxtarli-mehkemeye-getirilir\/"},"author":{"name":"user-manager","@id":"https:\/\/www.meydan.tv\/az\/#\/schema\/person\/10d11eccf6da3662cf5fdab9806ea91a"},"headline":"Jurnalist \u018ffqan Muxtarl\u0131 m\u0259hk\u0259m\u0259y\u0259 g\u0259tirilir","datePublished":"2017-05-31T22:58:45+00:00","dateModified":"2021-10-29T12:18:20+00:00","mainEntityOfPage":{"@id":"https:\/\/www.meydan.tv\/az\/article\/jurnalist-efqan-muxtarli-mehkemeye-getirilir\/"},"wordCount":339,"publisher":{"@id":"https:\/\/www.meydan.tv\/az\/#organization"},"image":{"@id":"https:\/\/www.meydan.tv\/az\/article\/jurnalist-efqan-muxtarli-mehkemeye-getirilir\/#primaryimage"},"thumbnailUrl":"https:\/\/www.meydan.tv\/wp-content\/uploads\/33804.jpg","articleSection":["Fotoreportaj"],"inLanguage":"az"},{"@type":"WebPage","@id":"https:\/\/www.meydan.tv\/az\/article\/jurnalist-efqan-muxtarli-mehkemeye-getirilir\/","url":"https:\/\/www.meydan.tv\/az\/article\/jurnalist-efqan-muxtarli-mehkemeye-getirilir\/","name":"Jurnalist \u018ffqan Muxtarl\u0131 m\u0259hk\u0259m\u0259y\u0259 g\u0259tirilir - MEYDAN.TV","isPartOf":{"@id":"https:\/\/www.meydan.tv\/az\/#website"},"primaryImageOfPage":{"@id":"https:\/\/www.meydan.tv\/az\/article\/jurnalist-efqan-muxtarli-mehkemeye-getirilir\/#primaryimage"},"image":{"@id":"https:\/\/www.meydan.tv\/az\/article\/jurnalist-efqan-muxtarli-mehkemeye-getirilir\/#primaryimage"},"thumbnailUrl":"https:\/\/www.meydan.tv\/wp-content\/uploads\/33804.jpg","datePublished":"2017-05-31T22:58:45+00:00","dateModified":"2021-10-29T12:18:20+00:00","breadcrumb":{"@id":"https:\/\/www.meydan.tv\/az\/article\/jurnalist-efqan-muxtarli-mehkemeye-getirilir\/#breadcrumb"},"inLanguage":"az","potentialAction":[{"@type":"ReadAction","target":["https:\/\/www.meydan.tv\/az\/article\/jurnalist-efqan-muxtarli-mehkemeye-getirilir\/"]}]},{"@type":"ImageObject","inLanguage":"az","@id":"https:\/\/www.meydan.tv\/az\/article\/jurnalist-efqan-muxtarli-mehkemeye-getirilir\/#primaryimage","url":"https:\/\/www.meydan.tv\/wp-content\/uploads\/33804.jpg","contentUrl":"https:\/\/www.meydan.tv\/wp-content\/uploads\/33804.jpg","width":1400,"height":933,"caption":"Source:"},{"@type":"BreadcrumbList","@id":"https:\/\/www.meydan.tv\/az\/article\/jurnalist-efqan-muxtarli-mehkemeye-getirilir\/#breadcrumb","itemListElement":[{"@type":"ListItem","position":1,"name":"Ana s\u0259hif\u0259","item":"https:\/\/www.meydan.tv\/az\/"},{"@type":"ListItem","position":2,"name":"Fotoreportaj","item":"https:\/\/www.meydan.tv\/az\/section\/fotoreportaj\/"},{"@type":"ListItem","position":3,"name":"Jurnalist \u018ffqan Muxtarl\u0131 m\u0259hk\u0259m\u0259y\u0259 g\u0259tirilir"}]},{"@type":"WebSite","@id":"https:\/\/www.meydan.tv\/az\/#website","url":"https:\/\/www.meydan.tv\/az\/","name":"MEYDAN.TV","description":"Meydan TV Az\u0259rbaycan\u0131n media m\u0259kan\u0131ndak\u0131 alternativ s\u0259sidir","publisher":{"@id":"https:\/\/www.meydan.tv\/az\/#organization"},"potentialAction":[{"@type":"SearchAction","target":{"@type":"EntryPoint","urlTemplate":"https:\/\/www.meydan.tv\/az\/?s={search_term_string}"},"query-input":{"@type":"PropertyValueSpecification","valueRequired":true,"valueName":"search_term_string"}}],"inLanguage":"az"},{"@type":"Organization","@id":"https:\/\/www.meydan.tv\/az\/#organization","name":"Meydan TV","url":"https:\/\/www.meydan.tv\/az\/","logo":{"@type":"ImageObject","inLanguage":"az","@id":"https:\/\/www.meydan.tv\/az\/#\/schema\/logo\/image\/","url":"https:\/\/www.meydan.tv\/wp-content\/uploads\/2021\/07\/meydan-logo.svg","contentUrl":"https:\/\/www.meydan.tv\/wp-content\/uploads\/2021\/07\/meydan-logo.svg","width":195,"height":46,"caption":"Meydan TV"},"image":{"@id":"https:\/\/www.meydan.tv\/az\/#\/schema\/logo\/image\/"}},{"@type":"Person","@id":"https:\/\/www.meydan.tv\/az\/#\/schema\/person\/10d11eccf6da3662cf5fdab9806ea91a","name":"user-manager"}]}},"_links":{"self":[{"href":"https:\/\/www.meydan.tv\/az\/wp-json\/wp\/v2\/posts\/184649","targetHints":{"allow":["GET"]}}],"collection":[{"href":"https:\/\/www.meydan.tv\/az\/wp-json\/wp\/v2\/posts"}],"about":[{"href":"https:\/\/www.meydan.tv\/az\/wp-json\/wp\/v2\/types\/post"}],"author":[{"embeddable":true,"href":"https:\/\/www.meydan.tv\/az\/wp-json\/wp\/v2\/users\/11"}],"replies":[{"embeddable":true,"href":"https:\/\/www.meydan.tv\/az\/wp-json\/wp\/v2\/comments?post=184649"}],"version-history":[{"count":1,"href":"https:\/\/www.meydan.tv\/az\/wp-json\/wp\/v2\/posts\/184649\/revisions"}],"predecessor-version":[{"id":216750,"href":"https:\/\/www.meydan.tv\/az\/wp-json\/wp\/v2\/posts\/184649\/revisions\/216750"}],"wp:featuredmedia":[{"embeddable":true,"href":"https:\/\/www.meydan.tv\/az\/wp-json\/wp\/v2\/media\/85869"}],"wp:attachment":[{"href":"https:\/\/www.meydan.tv\/az\/wp-json\/wp\/v2\/media?parent=184649"}],"wp:term":[{"taxonomy":"category","embeddable":true,"href":"https:\/\/www.meydan.tv\/az\/wp-json\/wp\/v2\/categories?post=184649"},{"taxonomy":"post_tag","embeddable":true,"href":"https:\/\/www.meydan.tv\/az\/wp-json\/wp\/v2\/tags?post=184649"}],"curies":[{"name":"wp","href":"https:\/\/api.w.org\/{rel}","templated":true}]}}