{"id":184633,"date":"2017-05-31T16:12:00","date_gmt":"2017-05-31T16:12:00","guid":{"rendered":"https:\/\/www.meydan.tv\/article\/gurcu-feallar-efqan-muxtarlinin-saxlanaraq-azerbaycana-aparilmasina-etiraz-edib\/"},"modified":"2021-10-29T16:18:01","modified_gmt":"2021-10-29T12:18:01","slug":"gurcu-feallar-efqan-muxtarlinin-saxlanaraq-azerbaycana-aparilmasina-etiraz-edib","status":"publish","type":"post","link":"https:\/\/www.meydan.tv\/az\/article\/gurcu-feallar-efqan-muxtarlinin-saxlanaraq-azerbaycana-aparilmasina-etiraz-edib\/","title":{"rendered":"G\u00fcrc\u00fc f\u0259allar \u018ffqan Muxtarl\u0131n\u0131n saxlanaraq Az\u0259rbaycana apar\u0131lmas\u0131na etiraz edib"},"content":{"rendered":"<figure class=\"wp-block-image size-large\">\n  <img decoding=\"async\" src=\"https:\/\/www.meydan.tv\/az\/85800\/\" alt=\"\" class=\"wp-image-85800\"\/><figcaption><\/figcaption><\/figure>\n<p>\n  <i><br \/>\n    \u201cBu i\u015fd\u0259 h\u0259m Az\u0259rbaycan\u0131n, h\u0259m d\u0259 G\u00fcrc\u00fcstan\u0131n \u0259li var\u201d<br \/>\n  <\/i>\n<\/p>\n<p>\n  May\u0131n 31-i Tbilisid\u0259 G\u00fcrc\u00fcstan v\u0259t\u0259nda\u015f c\u0259miyy\u0259tinin n\u00fcmay\u0259nd\u0259l\u0259ri, m\u00fchacir az\u0259rbaycanl\u0131 jurnalist v\u0259 f\u0259allar \u018ffqan Muxtarl\u0131n\u0131n saxlanaraq Az\u0259rbaycana apar\u0131lmas\u0131na etiraz edibl\u0259r.\n<\/p>\n<p>\n  100-\u0259 yax\u0131n f\u0259al \u0259ll\u0259rind\u0259 g\u00fcrc\u00fc v\u0259 ingilis dill\u0259rind\u0259 \u201c\u018ffqan Muxtarl\u0131ya azadl\u0131q!\u201d yaz\u0131lm\u0131\u015f \u015f\u00fcarlarla ba\u015f ver\u0259nl\u0259ri pisl\u0259yibl\u0259r.\n<\/p>\n<p>\n  \u201cBu olaydan sonra G\u00fcrc\u00fcstan siyasi m\u00fchacirl\u0259r \u00fc\u00e7\u00fcn etibarl\u0131 yer deyil. M\u0259nc\u0259, G\u00fcrc\u00fcstan h\u00f6kum\u0259ti \u0259razisind\u0259 oturum izni olan jurnalistin o\u011furlanmas\u0131na ayd\u0131nl\u0131q g\u0259tirm\u0259lidir\u201d, &#8211; dey\u0259 aksiya i\u015ftirak\u00e7\u0131lar\u0131ndan biri bildirib.\n<\/p>\n<figure class=\"wp-block-image size-large\">\n  <img decoding=\"async\" src=\"https:\/\/www.meydan.tv\/az\/85788\/\" alt=\"\" class=\"wp-image-85788\"\/><figcaption><\/figcaption><\/figure>\n<p>\n  Tbilisid\u0259 ya\u015fayan v\u0259 Az\u0259rbaycana qaytar\u0131lmas\u0131 g\u00fcnd\u0259md\u0259 olan siyasi m\u00fchacir Da\u015fq\u0131n A\u011falar bu i\u015fd\u0259 h\u0259r iki t\u0259r\u0259fin, h\u0259m Az\u0259rbaycan\u0131n, h\u0259m d\u0259 G\u00fcrc\u00fcstan\u0131n \u0259li oldu\u011funu d\u00fc\u015f\u00fcn\u00fcr:\n<\/p>\n<p>\n  \u201c\u00d6t\u0259n il\u0259d\u0259k G\u00fcrc\u00fcstan demokratik d\u0259y\u0259rl\u0259ri qoruyurdu, amma son bir ild\u0259 el\u0259 bil ki, geri \u00e7\u0259kilm\u0259l\u0259r var. \u018fg\u0259r jurnalist \u00f6lk\u0259d\u0259n apar\u0131l\u0131rsa v\u0259 h\u00f6kum\u0259t d\u0259 buna h\u0259r hans\u0131 reaksiya vermirs\u0259, bu, art\u0131q bu m\u0259s\u0259l\u0259d\u0259 ortaql\u0131qd\u0131r, \u015f\u0259riklikdir\u201d.\n<\/p>\n<p>\n  Aksiyaya qat\u0131lan G\u00fcrc\u00fcstan v\u0259t\u0259nda\u015f c\u0259miyy\u0259tinin t\u0259msil\u00e7il\u0259ri is\u0259 bu m\u0259s\u0259l\u0259 il\u0259 ba\u011fl\u0131 h\u00f6kum\u0259t \u00fcz\u0259rind\u0259 n\u0259zar\u0259ti art\u0131racaqlar\u0131n\u0131 bildiribl\u0259r. Onlar ba\u015f ver\u0259nl\u0259ri G\u00fcrc\u00fcstan demokratiyas\u0131na z\u0259rb\u0259 kimi d\u0259y\u0259rl\u0259ndiribl\u0259r.\n<\/p>\n<p>\n  Jurnalist \u018f.Muxtarl\u0131n\u0131n may\u0131n 29-u oturum izini ald\u0131\u011f\u0131 G\u00fcrc\u00fcstanda saxlan\u0131l\u0131b. May\u0131n 30-u o, Az\u0259rbaycana g\u0259tirilib.\n<\/p>\n<p>\n  V\u0259kili El\u00e7in Sad\u0131qovun dem\u0259sin\u0259 g\u00f6r\u0259, jurnalist d\u00f6y\u00fcld\u00fcy\u00fcn\u00fc bildirir. Onun \u00fcz nahiy\u0259sind\u0259 x\u0259sar\u0259t izl\u0259ri var. \u00dcst\u0259lik, o n\u0259f\u0259s almaqda \u00e7\u0259tinlik \u00e7\u0259kir. Qab\u0131r\u011falar\u0131n\u0131n s\u0131nd\u0131r\u0131ld\u0131\u011f\u0131n\u0131 d\u00fc\u015f\u00fcn\u00fcr. V\u0259kil deyib ki, \u018f.Muxtarl\u0131 saxland\u0131qdan sonra cibin\u0259 10 min avro pul da at\u0131l\u0131b.\n<\/p>\n<p>\n  \u201cCinay\u0259t M\u0259c\u0259ll\u0259sinin 318.1 v\u0259 206.1 madd\u0259si il\u0259 ittiham edilir. Y\u0259ni, s\u0259rh\u0259di qanunsuz ke\u00e7m\u0259 v\u0259 qa\u00e7aqmal\u00e7\u0131l\u0131qda ittiham edilir. Onu \u015f\u00fcbh\u0259li \u015f\u0259xs qismind\u0259 saxlad\u0131lar. Y\u0259qin ki, h\u0259bs-q\u0259timkan t\u0259dbirinin se\u00e7ilm\u0259sin\u0259 sabah, may\u0131n 31-i m\u0259hk\u0259m\u0259d\u0259 bax\u0131lacaq\u201d, &#8211; dey\u0259 may\u0131n 30-u ax\u015fam saatlar\u0131nda jurnalistl\u0259 g\u00f6r\u00fc\u015f\u0259n v\u0259kil bildirmi\u015fdi.\n<\/p>\n<p>\n  Ancaq Ba\u015f Prokurorlu\u011fun m\u0259tbuat xidm\u0259tinin r\u0259hb\u0259ri Eldar Sultanov is\u0259 deyib ki, \u018f.Muxtarl\u0131 Az\u0259rbaycan s\u0259rh\u0259dini qanunsuz ke\u00e7\u0259rk\u0259n saxlan\u0131b. O saxlanark\u0259n \u00fcz\u0259rind\u0259n k\u00fcll\u00fc miqdarda pul tap\u0131l\u0131b. E.Sultanovun h\u0259m\u00e7inin dem\u0259sin\u0259 g\u00f6r\u0259, \u018f.Muxtarl\u0131 saxlanark\u0259n h\u00fcquq -m\u00fchafiz\u0259 \u0259m\u0259kda\u015flar\u0131na m\u00fcqavim\u0259t g\u00f6st\u0259rib.\n<\/p>\n<p>\n  \u018f.Muxtarl\u0131 iki ild\u0259n \u00e7oxdur G\u00fcrc\u00fcstanda ya\u015fay\u0131rd\u0131. O, Az\u0259rbaycanda t\u0259qib olundu\u011funu bildirmi\u015fdi. \u018f.Muxtarl\u0131 son ill\u0259r Tbilisid\u0259 Az\u0259rbaycan hakimiyy\u0259tinin \u0259leyhin\u0259 ke\u00e7iril\u0259n aksiyalarda da f\u0259al i\u015ftirak edirdi. O, bir s\u0131ra ara\u015fd\u0131rma yaz\u0131lar\u0131n\u0131n da m\u00fc\u0259llifi idi.\n<\/p>\n<p>\n  <i><br \/>\n    <b><br \/>\n      Fotolar: David Pipia,<br \/>\n      <a href=\"https:\/\/jam-news.net\/\" target=\"_blank\" rel=\"noopener\"><br \/>\n        JAMNEWS<br \/>\n      <\/a><br \/>\n    <\/b><br \/>\n  <\/i>\n<\/p>\n<figure class=\"wp-block-image size-large\">\n  <img decoding=\"async\" src=\"https:\/\/www.meydan.tv\/az\/85806\/\" alt=\"\" class=\"wp-image-85806\"\/><figcaption><\/figcaption><\/figure>\n<figure class=\"wp-block-image size-large\">\n  <img decoding=\"async\" src=\"https:\/\/www.meydan.tv\/az\/85800\/\" alt=\"\" class=\"wp-image-85800\"\/><figcaption><\/figcaption><\/figure>\n<figure class=\"wp-block-image size-large\">\n  <img decoding=\"async\" src=\"https:\/\/www.meydan.tv\/az\/85797\/\" alt=\"\" class=\"wp-image-85797\"\/><figcaption><\/figcaption><\/figure>\n<figure class=\"wp-block-image size-large\">\n  <img decoding=\"async\" src=\"https:\/\/www.meydan.tv\/az\/85803\/\" alt=\"\" class=\"wp-image-85803\"\/><figcaption><\/figcaption><\/figure>\n<figure class=\"wp-block-image size-large\">\n  <img decoding=\"async\" src=\"https:\/\/www.meydan.tv\/az\/85809\/\" alt=\"\" class=\"wp-image-85809\"\/><figcaption><\/figcaption><\/figure>\n<figure class=\"wp-block-image size-large\">\n  <img decoding=\"async\" src=\"https:\/\/www.meydan.tv\/az\/85842\/\" alt=\"\" class=\"wp-image-85842\"\/><figcaption><\/figcaption><\/figure>\n<figure class=\"wp-block-image size-large\">\n  <img decoding=\"async\" src=\"https:\/\/www.meydan.tv\/az\/85852\/\" alt=\"\" class=\"wp-image-85852\"\/><figcaption><\/figcaption><\/figure>\n<figure class=\"wp-block-image size-large\">\n  <img decoding=\"async\" src=\"https:\/\/www.meydan.tv\/az\/85839\/\" alt=\"\" class=\"wp-image-85839\"\/><figcaption><\/figcaption><\/figure>\n<figure class=\"wp-block-image size-large\">\n  <img decoding=\"async\" src=\"https:\/\/www.meydan.tv\/az\/85815\/\" alt=\"\" class=\"wp-image-85815\"\/><figcaption><\/figcaption><\/figure>\n<figure class=\"wp-block-image size-large\">\n  <img decoding=\"async\" src=\"https:\/\/www.meydan.tv\/az\/85851\/\" alt=\"\" class=\"wp-image-85851\"\/><figcaption><\/figcaption><\/figure>\n","protected":false},"excerpt":{"rendered":"<p>\u201cBu i\u015fd\u0259 h\u0259m Az\u0259rbaycan\u0131n, h\u0259m d\u0259 G\u00fcrc\u00fcstan\u0131n \u0259li var\u201d<\/p>\n","protected":false},"author":11,"featured_media":85800,"comment_status":"closed","ping_status":"open","sticky":false,"template":"","format":"standard","meta":{"_acf_changed":false,"_sitemap_exclude":false,"_sitemap_priority":"","_sitemap_frequency":"","footnotes":""},"categories":[58],"tags":[],"class_list":["post-184633","post","type-post","status-publish","format-standard","has-post-thumbnail","hentry","category-fotoreportaj","infinite-scroll-item","generate-columns","tablet-grid-50","mobile-grid-100","grid-parent","grid-33","no-featured-image-padding"],"acf":[],"yoast_head":"<!-- This site is optimized with the Yoast SEO plugin v27.4 - https:\/\/yoast.com\/product\/yoast-seo-wordpress\/ -->\n<title>G\u00fcrc\u00fc f\u0259allar \u018ffqan Muxtarl\u0131n\u0131n saxlanaraq Az\u0259rbaycana apar\u0131lmas\u0131na etiraz edib - MEYDAN.TV<\/title>\n<meta name=\"robots\" content=\"index, follow, max-snippet:-1, max-image-preview:large, max-video-preview:-1\" \/>\n<link rel=\"canonical\" href=\"https:\/\/www.meydan.tv\/az\/article\/gurcu-feallar-efqan-muxtarlinin-saxlanaraq-azerbaycana-aparilmasina-etiraz-edib\/\" \/>\n<meta property=\"og:locale\" content=\"az_AZ\" \/>\n<meta property=\"og:type\" content=\"article\" \/>\n<meta property=\"og:title\" content=\"G\u00fcrc\u00fc f\u0259allar \u018ffqan Muxtarl\u0131n\u0131n saxlanaraq Az\u0259rbaycana apar\u0131lmas\u0131na etiraz edib - MEYDAN.TV\" \/>\n<meta property=\"og:description\" content=\"\u201cBu i\u015fd\u0259 h\u0259m Az\u0259rbaycan\u0131n, h\u0259m d\u0259 G\u00fcrc\u00fcstan\u0131n \u0259li var\u201d\" \/>\n<meta property=\"og:url\" content=\"https:\/\/www.meydan.tv\/az\/article\/gurcu-feallar-efqan-muxtarlinin-saxlanaraq-azerbaycana-aparilmasina-etiraz-edib\/\" \/>\n<meta property=\"og:site_name\" content=\"MEYDAN.TV\" \/>\n<meta property=\"article:published_time\" content=\"2017-05-31T16:12:00+00:00\" \/>\n<meta property=\"article:modified_time\" content=\"2021-10-29T12:18:01+00:00\" \/>\n<meta property=\"og:image\" content=\"https:\/\/www.meydan.tv\/wp-content\/uploads\/33758-scaled.jpg\" \/>\n\t<meta property=\"og:image:width\" content=\"2560\" \/>\n\t<meta property=\"og:image:height\" content=\"1702\" \/>\n\t<meta property=\"og:image:type\" content=\"image\/jpeg\" \/>\n<meta name=\"author\" content=\"user-manager\" \/>\n<meta name=\"twitter:card\" content=\"summary_large_image\" \/>\n<script type=\"application\/ld+json\" class=\"yoast-schema-graph\">{\"@context\":\"https:\\\/\\\/schema.org\",\"@graph\":[{\"@type\":\"Article\",\"@id\":\"https:\\\/\\\/www.meydan.tv\\\/az\\\/article\\\/gurcu-feallar-efqan-muxtarlinin-saxlanaraq-azerbaycana-aparilmasina-etiraz-edib\\\/#article\",\"isPartOf\":{\"@id\":\"https:\\\/\\\/www.meydan.tv\\\/az\\\/article\\\/gurcu-feallar-efqan-muxtarlinin-saxlanaraq-azerbaycana-aparilmasina-etiraz-edib\\\/\"},\"author\":{\"name\":\"user-manager\",\"@id\":\"https:\\\/\\\/www.meydan.tv\\\/az\\\/#\\\/schema\\\/person\\\/10d11eccf6da3662cf5fdab9806ea91a\"},\"headline\":\"G\u00fcrc\u00fc f\u0259allar \u018ffqan Muxtarl\u0131n\u0131n saxlanaraq Az\u0259rbaycana apar\u0131lmas\u0131na etiraz edib\",\"datePublished\":\"2017-05-31T16:12:00+00:00\",\"dateModified\":\"2021-10-29T12:18:01+00:00\",\"mainEntityOfPage\":{\"@id\":\"https:\\\/\\\/www.meydan.tv\\\/az\\\/article\\\/gurcu-feallar-efqan-muxtarlinin-saxlanaraq-azerbaycana-aparilmasina-etiraz-edib\\\/\"},\"wordCount\":592,\"publisher\":{\"@id\":\"https:\\\/\\\/www.meydan.tv\\\/az\\\/#organization\"},\"image\":{\"@id\":\"https:\\\/\\\/www.meydan.tv\\\/az\\\/article\\\/gurcu-feallar-efqan-muxtarlinin-saxlanaraq-azerbaycana-aparilmasina-etiraz-edib\\\/#primaryimage\"},\"thumbnailUrl\":\"https:\\\/\\\/www.meydan.tv\\\/wp-content\\\/uploads\\\/33758-scaled.jpg\",\"articleSection\":[\"Fotoreportaj\"],\"inLanguage\":\"az\"},{\"@type\":\"WebPage\",\"@id\":\"https:\\\/\\\/www.meydan.tv\\\/az\\\/article\\\/gurcu-feallar-efqan-muxtarlinin-saxlanaraq-azerbaycana-aparilmasina-etiraz-edib\\\/\",\"url\":\"https:\\\/\\\/www.meydan.tv\\\/az\\\/article\\\/gurcu-feallar-efqan-muxtarlinin-saxlanaraq-azerbaycana-aparilmasina-etiraz-edib\\\/\",\"name\":\"G\u00fcrc\u00fc f\u0259allar \u018ffqan Muxtarl\u0131n\u0131n saxlanaraq Az\u0259rbaycana apar\u0131lmas\u0131na etiraz edib - MEYDAN.TV\",\"isPartOf\":{\"@id\":\"https:\\\/\\\/www.meydan.tv\\\/az\\\/#website\"},\"primaryImageOfPage\":{\"@id\":\"https:\\\/\\\/www.meydan.tv\\\/az\\\/article\\\/gurcu-feallar-efqan-muxtarlinin-saxlanaraq-azerbaycana-aparilmasina-etiraz-edib\\\/#primaryimage\"},\"image\":{\"@id\":\"https:\\\/\\\/www.meydan.tv\\\/az\\\/article\\\/gurcu-feallar-efqan-muxtarlinin-saxlanaraq-azerbaycana-aparilmasina-etiraz-edib\\\/#primaryimage\"},\"thumbnailUrl\":\"https:\\\/\\\/www.meydan.tv\\\/wp-content\\\/uploads\\\/33758-scaled.jpg\",\"datePublished\":\"2017-05-31T16:12:00+00:00\",\"dateModified\":\"2021-10-29T12:18:01+00:00\",\"breadcrumb\":{\"@id\":\"https:\\\/\\\/www.meydan.tv\\\/az\\\/article\\\/gurcu-feallar-efqan-muxtarlinin-saxlanaraq-azerbaycana-aparilmasina-etiraz-edib\\\/#breadcrumb\"},\"inLanguage\":\"az\",\"potentialAction\":[{\"@type\":\"ReadAction\",\"target\":[\"https:\\\/\\\/www.meydan.tv\\\/az\\\/article\\\/gurcu-feallar-efqan-muxtarlinin-saxlanaraq-azerbaycana-aparilmasina-etiraz-edib\\\/\"]}]},{\"@type\":\"ImageObject\",\"inLanguage\":\"az\",\"@id\":\"https:\\\/\\\/www.meydan.tv\\\/az\\\/article\\\/gurcu-feallar-efqan-muxtarlinin-saxlanaraq-azerbaycana-aparilmasina-etiraz-edib\\\/#primaryimage\",\"url\":\"https:\\\/\\\/www.meydan.tv\\\/wp-content\\\/uploads\\\/33758-scaled.jpg\",\"contentUrl\":\"https:\\\/\\\/www.meydan.tv\\\/wp-content\\\/uploads\\\/33758-scaled.jpg\",\"width\":2560,\"height\":1702,\"caption\":\"Source:\"},{\"@type\":\"BreadcrumbList\",\"@id\":\"https:\\\/\\\/www.meydan.tv\\\/az\\\/article\\\/gurcu-feallar-efqan-muxtarlinin-saxlanaraq-azerbaycana-aparilmasina-etiraz-edib\\\/#breadcrumb\",\"itemListElement\":[{\"@type\":\"ListItem\",\"position\":1,\"name\":\"Ana s\u0259hif\u0259\",\"item\":\"https:\\\/\\\/www.meydan.tv\\\/az\\\/\"},{\"@type\":\"ListItem\",\"position\":2,\"name\":\"Fotoreportaj\",\"item\":\"https:\\\/\\\/www.meydan.tv\\\/az\\\/section\\\/fotoreportaj\\\/\"},{\"@type\":\"ListItem\",\"position\":3,\"name\":\"G\u00fcrc\u00fc f\u0259allar \u018ffqan Muxtarl\u0131n\u0131n saxlanaraq Az\u0259rbaycana apar\u0131lmas\u0131na etiraz edib\"}]},{\"@type\":\"WebSite\",\"@id\":\"https:\\\/\\\/www.meydan.tv\\\/az\\\/#website\",\"url\":\"https:\\\/\\\/www.meydan.tv\\\/az\\\/\",\"name\":\"MEYDAN.TV\",\"description\":\"Meydan TV Az\u0259rbaycan\u0131n media m\u0259kan\u0131ndak\u0131 alternativ s\u0259sidir\",\"publisher\":{\"@id\":\"https:\\\/\\\/www.meydan.tv\\\/az\\\/#organization\"},\"potentialAction\":[{\"@type\":\"SearchAction\",\"target\":{\"@type\":\"EntryPoint\",\"urlTemplate\":\"https:\\\/\\\/www.meydan.tv\\\/az\\\/?s={search_term_string}\"},\"query-input\":{\"@type\":\"PropertyValueSpecification\",\"valueRequired\":true,\"valueName\":\"search_term_string\"}}],\"inLanguage\":\"az\"},{\"@type\":\"Organization\",\"@id\":\"https:\\\/\\\/www.meydan.tv\\\/az\\\/#organization\",\"name\":\"Meydan TV\",\"url\":\"https:\\\/\\\/www.meydan.tv\\\/az\\\/\",\"logo\":{\"@type\":\"ImageObject\",\"inLanguage\":\"az\",\"@id\":\"https:\\\/\\\/www.meydan.tv\\\/az\\\/#\\\/schema\\\/logo\\\/image\\\/\",\"url\":\"https:\\\/\\\/www.meydan.tv\\\/wp-content\\\/uploads\\\/2021\\\/07\\\/meydan-logo.svg\",\"contentUrl\":\"https:\\\/\\\/www.meydan.tv\\\/wp-content\\\/uploads\\\/2021\\\/07\\\/meydan-logo.svg\",\"width\":195,\"height\":46,\"caption\":\"Meydan TV\"},\"image\":{\"@id\":\"https:\\\/\\\/www.meydan.tv\\\/az\\\/#\\\/schema\\\/logo\\\/image\\\/\"}},{\"@type\":\"Person\",\"@id\":\"https:\\\/\\\/www.meydan.tv\\\/az\\\/#\\\/schema\\\/person\\\/10d11eccf6da3662cf5fdab9806ea91a\",\"name\":\"user-manager\"}]}<\/script>\n<!-- \/ Yoast SEO plugin. -->","yoast_head_json":{"title":"G\u00fcrc\u00fc f\u0259allar \u018ffqan Muxtarl\u0131n\u0131n saxlanaraq Az\u0259rbaycana apar\u0131lmas\u0131na etiraz edib - MEYDAN.TV","robots":{"index":"index","follow":"follow","max-snippet":"max-snippet:-1","max-image-preview":"max-image-preview:large","max-video-preview":"max-video-preview:-1"},"canonical":"https:\/\/www.meydan.tv\/az\/article\/gurcu-feallar-efqan-muxtarlinin-saxlanaraq-azerbaycana-aparilmasina-etiraz-edib\/","og_locale":"az_AZ","og_type":"article","og_title":"G\u00fcrc\u00fc f\u0259allar \u018ffqan Muxtarl\u0131n\u0131n saxlanaraq Az\u0259rbaycana apar\u0131lmas\u0131na etiraz edib - MEYDAN.TV","og_description":"\u201cBu i\u015fd\u0259 h\u0259m Az\u0259rbaycan\u0131n, h\u0259m d\u0259 G\u00fcrc\u00fcstan\u0131n \u0259li var\u201d","og_url":"https:\/\/www.meydan.tv\/az\/article\/gurcu-feallar-efqan-muxtarlinin-saxlanaraq-azerbaycana-aparilmasina-etiraz-edib\/","og_site_name":"MEYDAN.TV","article_published_time":"2017-05-31T16:12:00+00:00","article_modified_time":"2021-10-29T12:18:01+00:00","og_image":[{"width":2560,"height":1702,"url":"https:\/\/www.meydan.tv\/wp-content\/uploads\/33758-scaled.jpg","type":"image\/jpeg"}],"author":"user-manager","twitter_card":"summary_large_image","schema":{"@context":"https:\/\/schema.org","@graph":[{"@type":"Article","@id":"https:\/\/www.meydan.tv\/az\/article\/gurcu-feallar-efqan-muxtarlinin-saxlanaraq-azerbaycana-aparilmasina-etiraz-edib\/#article","isPartOf":{"@id":"https:\/\/www.meydan.tv\/az\/article\/gurcu-feallar-efqan-muxtarlinin-saxlanaraq-azerbaycana-aparilmasina-etiraz-edib\/"},"author":{"name":"user-manager","@id":"https:\/\/www.meydan.tv\/az\/#\/schema\/person\/10d11eccf6da3662cf5fdab9806ea91a"},"headline":"G\u00fcrc\u00fc f\u0259allar \u018ffqan Muxtarl\u0131n\u0131n saxlanaraq Az\u0259rbaycana apar\u0131lmas\u0131na etiraz edib","datePublished":"2017-05-31T16:12:00+00:00","dateModified":"2021-10-29T12:18:01+00:00","mainEntityOfPage":{"@id":"https:\/\/www.meydan.tv\/az\/article\/gurcu-feallar-efqan-muxtarlinin-saxlanaraq-azerbaycana-aparilmasina-etiraz-edib\/"},"wordCount":592,"publisher":{"@id":"https:\/\/www.meydan.tv\/az\/#organization"},"image":{"@id":"https:\/\/www.meydan.tv\/az\/article\/gurcu-feallar-efqan-muxtarlinin-saxlanaraq-azerbaycana-aparilmasina-etiraz-edib\/#primaryimage"},"thumbnailUrl":"https:\/\/www.meydan.tv\/wp-content\/uploads\/33758-scaled.jpg","articleSection":["Fotoreportaj"],"inLanguage":"az"},{"@type":"WebPage","@id":"https:\/\/www.meydan.tv\/az\/article\/gurcu-feallar-efqan-muxtarlinin-saxlanaraq-azerbaycana-aparilmasina-etiraz-edib\/","url":"https:\/\/www.meydan.tv\/az\/article\/gurcu-feallar-efqan-muxtarlinin-saxlanaraq-azerbaycana-aparilmasina-etiraz-edib\/","name":"G\u00fcrc\u00fc f\u0259allar \u018ffqan Muxtarl\u0131n\u0131n saxlanaraq Az\u0259rbaycana apar\u0131lmas\u0131na etiraz edib - MEYDAN.TV","isPartOf":{"@id":"https:\/\/www.meydan.tv\/az\/#website"},"primaryImageOfPage":{"@id":"https:\/\/www.meydan.tv\/az\/article\/gurcu-feallar-efqan-muxtarlinin-saxlanaraq-azerbaycana-aparilmasina-etiraz-edib\/#primaryimage"},"image":{"@id":"https:\/\/www.meydan.tv\/az\/article\/gurcu-feallar-efqan-muxtarlinin-saxlanaraq-azerbaycana-aparilmasina-etiraz-edib\/#primaryimage"},"thumbnailUrl":"https:\/\/www.meydan.tv\/wp-content\/uploads\/33758-scaled.jpg","datePublished":"2017-05-31T16:12:00+00:00","dateModified":"2021-10-29T12:18:01+00:00","breadcrumb":{"@id":"https:\/\/www.meydan.tv\/az\/article\/gurcu-feallar-efqan-muxtarlinin-saxlanaraq-azerbaycana-aparilmasina-etiraz-edib\/#breadcrumb"},"inLanguage":"az","potentialAction":[{"@type":"ReadAction","target":["https:\/\/www.meydan.tv\/az\/article\/gurcu-feallar-efqan-muxtarlinin-saxlanaraq-azerbaycana-aparilmasina-etiraz-edib\/"]}]},{"@type":"ImageObject","inLanguage":"az","@id":"https:\/\/www.meydan.tv\/az\/article\/gurcu-feallar-efqan-muxtarlinin-saxlanaraq-azerbaycana-aparilmasina-etiraz-edib\/#primaryimage","url":"https:\/\/www.meydan.tv\/wp-content\/uploads\/33758-scaled.jpg","contentUrl":"https:\/\/www.meydan.tv\/wp-content\/uploads\/33758-scaled.jpg","width":2560,"height":1702,"caption":"Source:"},{"@type":"BreadcrumbList","@id":"https:\/\/www.meydan.tv\/az\/article\/gurcu-feallar-efqan-muxtarlinin-saxlanaraq-azerbaycana-aparilmasina-etiraz-edib\/#breadcrumb","itemListElement":[{"@type":"ListItem","position":1,"name":"Ana s\u0259hif\u0259","item":"https:\/\/www.meydan.tv\/az\/"},{"@type":"ListItem","position":2,"name":"Fotoreportaj","item":"https:\/\/www.meydan.tv\/az\/section\/fotoreportaj\/"},{"@type":"ListItem","position":3,"name":"G\u00fcrc\u00fc f\u0259allar \u018ffqan Muxtarl\u0131n\u0131n saxlanaraq Az\u0259rbaycana apar\u0131lmas\u0131na etiraz edib"}]},{"@type":"WebSite","@id":"https:\/\/www.meydan.tv\/az\/#website","url":"https:\/\/www.meydan.tv\/az\/","name":"MEYDAN.TV","description":"Meydan TV Az\u0259rbaycan\u0131n media m\u0259kan\u0131ndak\u0131 alternativ s\u0259sidir","publisher":{"@id":"https:\/\/www.meydan.tv\/az\/#organization"},"potentialAction":[{"@type":"SearchAction","target":{"@type":"EntryPoint","urlTemplate":"https:\/\/www.meydan.tv\/az\/?s={search_term_string}"},"query-input":{"@type":"PropertyValueSpecification","valueRequired":true,"valueName":"search_term_string"}}],"inLanguage":"az"},{"@type":"Organization","@id":"https:\/\/www.meydan.tv\/az\/#organization","name":"Meydan TV","url":"https:\/\/www.meydan.tv\/az\/","logo":{"@type":"ImageObject","inLanguage":"az","@id":"https:\/\/www.meydan.tv\/az\/#\/schema\/logo\/image\/","url":"https:\/\/www.meydan.tv\/wp-content\/uploads\/2021\/07\/meydan-logo.svg","contentUrl":"https:\/\/www.meydan.tv\/wp-content\/uploads\/2021\/07\/meydan-logo.svg","width":195,"height":46,"caption":"Meydan TV"},"image":{"@id":"https:\/\/www.meydan.tv\/az\/#\/schema\/logo\/image\/"}},{"@type":"Person","@id":"https:\/\/www.meydan.tv\/az\/#\/schema\/person\/10d11eccf6da3662cf5fdab9806ea91a","name":"user-manager"}]}},"_links":{"self":[{"href":"https:\/\/www.meydan.tv\/az\/wp-json\/wp\/v2\/posts\/184633","targetHints":{"allow":["GET"]}}],"collection":[{"href":"https:\/\/www.meydan.tv\/az\/wp-json\/wp\/v2\/posts"}],"about":[{"href":"https:\/\/www.meydan.tv\/az\/wp-json\/wp\/v2\/types\/post"}],"author":[{"embeddable":true,"href":"https:\/\/www.meydan.tv\/az\/wp-json\/wp\/v2\/users\/11"}],"replies":[{"embeddable":true,"href":"https:\/\/www.meydan.tv\/az\/wp-json\/wp\/v2\/comments?post=184633"}],"version-history":[{"count":1,"href":"https:\/\/www.meydan.tv\/az\/wp-json\/wp\/v2\/posts\/184633\/revisions"}],"predecessor-version":[{"id":216744,"href":"https:\/\/www.meydan.tv\/az\/wp-json\/wp\/v2\/posts\/184633\/revisions\/216744"}],"wp:featuredmedia":[{"embeddable":true,"href":"https:\/\/www.meydan.tv\/az\/wp-json\/wp\/v2\/media\/85800"}],"wp:attachment":[{"href":"https:\/\/www.meydan.tv\/az\/wp-json\/wp\/v2\/media?parent=184633"}],"wp:term":[{"taxonomy":"category","embeddable":true,"href":"https:\/\/www.meydan.tv\/az\/wp-json\/wp\/v2\/categories?post=184633"},{"taxonomy":"post_tag","embeddable":true,"href":"https:\/\/www.meydan.tv\/az\/wp-json\/wp\/v2\/tags?post=184633"}],"curies":[{"name":"wp","href":"https:\/\/api.w.org\/{rel}","templated":true}]}}