{"id":184599,"date":"2017-05-30T15:08:17","date_gmt":"2017-05-30T15:08:17","guid":{"rendered":"https:\/\/www.meydan.tv\/article\/efqan-muxtarli-yoxa-cixib\/"},"modified":"2017-05-30T15:08:17","modified_gmt":"2017-05-30T15:08:17","slug":"efqan-muxtarli-yoxa-cixib","status":"publish","type":"post","link":"https:\/\/www.meydan.tv\/az\/article\/efqan-muxtarli-yoxa-cixib\/","title":{"rendered":"\u018ffqan Muxtarl\u0131 &#8221;yoxa&#8221; \u00e7\u0131x\u0131b"},"content":{"rendered":"<figure class=\"wp-block-image size-large\">\n  <img decoding=\"async\" src=\"https:\/\/www.meydan.tv\/az\/85611\/\" alt=\"\" class=\"wp-image-85611\"\/><figcaption><\/figcaption><\/figure>\n<p>\n  <i><br \/>\n    Jurnalistin telefonuna z\u0259ng \u00e7atm\u0131r, ail\u0259si harada olmas\u0131ndan x\u0259b\u0259rsizdir<br \/>\n  <\/i>\n<\/p>\n<p>\n  G\u00fcrc\u00fcstan\u0131n paytaxt\u0131 Tbilisid\u0259 ya\u015fayan jurnalist \u018ffqan Muxtarl\u0131 may\u0131n 29-da, ax\u015fam saatlar\u0131nda &#8220;yoxa&#8221; \u00e7\u0131x\u0131b. Bu bar\u0259d\u0259 Meydan TV-y\u0259 onun h\u0259yat yolda\u015f\u0131 Leyla Mustafayeva m\u0259lumat verib. Onun s\u00f6zl\u0259rin\u0259 g\u00f6r\u0259, h\u0259min g\u00fcn ax\u015fam saat 7 rad\u0259l\u0259rind\u0259n etibar\u0259n \u018ffqan\u0131n telefonuna z\u0259ng \u00e7atm\u0131r. L.Mustafayeva art\u0131q polis\u0259 \u0259riz\u0259 il\u0259 m\u00fcraci\u0259t etdikl\u0259rini deyir.\n<\/p>\n<p>\n  \u018ffqan Muxtarl\u0131 Az\u0259rbaycan hakimiyy\u0259tini t\u0259nqid ed\u0259n fikirl\u0259ri il\u0259 tan\u0131n\u0131r. Bir m\u00fcdd\u0259t \u00f6nc\u0259 hakimiyy\u0259ty\u00f6nl\u00fc &#8220;haqq\u0131n.az&#8221; sayt\u0131 G\u00fcrc\u00fcstanda ya\u015fayan f\u0259al az\u0259rbaycanl\u0131larla ba\u011fl\u0131 m\u0259qal\u0259 yazm\u0131\u015fd\u0131. H\u0259min m\u0259qal\u0259d\u0259 ad\u0131 \u00e7\u0259kil\u0259n \u015f\u0259xsl\u0259rin Az\u0259rbaycan \u0259leyhin\u0259 f\u0259aliyy\u0259t g\u00f6st\u0259rdiyi vur\u011fulan\u0131rd\u0131. Ad\u0131 halland\u0131r\u0131lan \u015f\u0259xsl\u0259rd\u0259n biri d\u0259 \u018ffqan Muxtarl\u0131 idi.\n<\/p>\n<p>\n  Bundan \u0259vv\u0259l m\u0259qal\u0259d\u0259 ad\u0131 ke\u00e7\u0259n daha iki n\u0259f\u0259r &#8211; professor F\u0259rman Ceyranl\u0131 v\u0259 AXCP s\u0259drinin m\u00fcavini G\u00f6z\u0259l Bayraml\u0131 h\u0259bs olunublar.\n<\/p>\n<p>\n  Art\u0131q G\u00fcrc\u00fcstanda f\u0259aliyy\u0259t g\u00f6st\u0259r\u0259n \u0130nsan Haqlar\u0131 Evin\u0259 \u018ffqan Muxtarl\u0131n\u0131n yoxa \u00e7\u0131xmas\u0131 il\u0259 ba\u011fl\u0131 m\u0259lumat verilib. G\u00fcn \u0259rzind\u0259 m\u0259s\u0259l\u0259 il\u0259 ba\u011fl\u0131 m\u0259tbuat konfrans\u0131n\u0131n ke\u00e7iril\u0259c\u0259yi g\u00f6zl\u0259nilir.<\/p>\n","protected":false},"excerpt":{"rendered":"<p>Jurnalistin telefonuna z\u0259ng \u00e7atm\u0131r, ail\u0259si harada olmas\u0131ndan x\u0259b\u0259rsizdir<\/p>\n","protected":false},"author":11,"featured_media":85611,"comment_status":"closed","ping_status":"open","sticky":false,"template":"","format":"standard","meta":{"_acf_changed":false,"_sitemap_exclude":false,"_sitemap_priority":"","_sitemap_frequency":"","footnotes":""},"categories":[56],"tags":[],"class_list":["post-184599","post","type-post","status-publish","format-standard","has-post-thumbnail","hentry","category-xeberler","infinite-scroll-item","generate-columns","tablet-grid-50","mobile-grid-100","grid-parent","grid-33","no-featured-image-padding"],"acf":[],"yoast_head":"<!-- This site is optimized with the Yoast SEO plugin v27.4 - https:\/\/yoast.com\/product\/yoast-seo-wordpress\/ -->\n<title>\u018ffqan Muxtarl\u0131 &#039;&#039;yoxa&#039;&#039; \u00e7\u0131x\u0131b - MEYDAN.TV<\/title>\n<meta name=\"robots\" content=\"index, follow, max-snippet:-1, max-image-preview:large, max-video-preview:-1\" \/>\n<link rel=\"canonical\" href=\"https:\/\/www.meydan.tv\/az\/article\/efqan-muxtarli-yoxa-cixib\/\" \/>\n<meta property=\"og:locale\" content=\"az_AZ\" \/>\n<meta property=\"og:type\" content=\"article\" \/>\n<meta property=\"og:title\" content=\"\u018ffqan Muxtarl\u0131 &#039;&#039;yoxa&#039;&#039; \u00e7\u0131x\u0131b - MEYDAN.TV\" \/>\n<meta property=\"og:description\" content=\"Jurnalistin telefonuna z\u0259ng \u00e7atm\u0131r, ail\u0259si harada olmas\u0131ndan x\u0259b\u0259rsizdir\" \/>\n<meta property=\"og:url\" content=\"https:\/\/www.meydan.tv\/az\/article\/efqan-muxtarli-yoxa-cixib\/\" \/>\n<meta property=\"og:site_name\" content=\"MEYDAN.TV\" \/>\n<meta property=\"article:published_time\" content=\"2017-05-30T15:08:17+00:00\" \/>\n<meta property=\"og:image\" content=\"https:\/\/www.meydan.tv\/wp-content\/uploads\/33706.jpg\" \/>\n\t<meta property=\"og:image:width\" content=\"1023\" \/>\n\t<meta property=\"og:image:height\" content=\"575\" \/>\n\t<meta property=\"og:image:type\" content=\"image\/jpeg\" \/>\n<meta name=\"author\" content=\"user-manager\" \/>\n<meta name=\"twitter:card\" content=\"summary_large_image\" \/>\n<script type=\"application\/ld+json\" class=\"yoast-schema-graph\">{\"@context\":\"https:\\\/\\\/schema.org\",\"@graph\":[{\"@type\":\"Article\",\"@id\":\"https:\\\/\\\/www.meydan.tv\\\/az\\\/article\\\/efqan-muxtarli-yoxa-cixib\\\/#article\",\"isPartOf\":{\"@id\":\"https:\\\/\\\/www.meydan.tv\\\/az\\\/article\\\/efqan-muxtarli-yoxa-cixib\\\/\"},\"author\":{\"name\":\"user-manager\",\"@id\":\"https:\\\/\\\/www.meydan.tv\\\/az\\\/#\\\/schema\\\/person\\\/10d11eccf6da3662cf5fdab9806ea91a\"},\"headline\":\"\u018ffqan Muxtarl\u0131 &#8221;yoxa&#8221; \u00e7\u0131x\u0131b\",\"datePublished\":\"2017-05-30T15:08:17+00:00\",\"mainEntityOfPage\":{\"@id\":\"https:\\\/\\\/www.meydan.tv\\\/az\\\/article\\\/efqan-muxtarli-yoxa-cixib\\\/\"},\"wordCount\":251,\"publisher\":{\"@id\":\"https:\\\/\\\/www.meydan.tv\\\/az\\\/#organization\"},\"image\":{\"@id\":\"https:\\\/\\\/www.meydan.tv\\\/az\\\/article\\\/efqan-muxtarli-yoxa-cixib\\\/#primaryimage\"},\"thumbnailUrl\":\"https:\\\/\\\/www.meydan.tv\\\/wp-content\\\/uploads\\\/33706.jpg\",\"articleSection\":[\"X\u0259b\u0259rl\u0259r\"],\"inLanguage\":\"az\"},{\"@type\":\"WebPage\",\"@id\":\"https:\\\/\\\/www.meydan.tv\\\/az\\\/article\\\/efqan-muxtarli-yoxa-cixib\\\/\",\"url\":\"https:\\\/\\\/www.meydan.tv\\\/az\\\/article\\\/efqan-muxtarli-yoxa-cixib\\\/\",\"name\":\"\u018ffqan Muxtarl\u0131 ''yoxa'' \u00e7\u0131x\u0131b - MEYDAN.TV\",\"isPartOf\":{\"@id\":\"https:\\\/\\\/www.meydan.tv\\\/az\\\/#website\"},\"primaryImageOfPage\":{\"@id\":\"https:\\\/\\\/www.meydan.tv\\\/az\\\/article\\\/efqan-muxtarli-yoxa-cixib\\\/#primaryimage\"},\"image\":{\"@id\":\"https:\\\/\\\/www.meydan.tv\\\/az\\\/article\\\/efqan-muxtarli-yoxa-cixib\\\/#primaryimage\"},\"thumbnailUrl\":\"https:\\\/\\\/www.meydan.tv\\\/wp-content\\\/uploads\\\/33706.jpg\",\"datePublished\":\"2017-05-30T15:08:17+00:00\",\"breadcrumb\":{\"@id\":\"https:\\\/\\\/www.meydan.tv\\\/az\\\/article\\\/efqan-muxtarli-yoxa-cixib\\\/#breadcrumb\"},\"inLanguage\":\"az\",\"potentialAction\":[{\"@type\":\"ReadAction\",\"target\":[\"https:\\\/\\\/www.meydan.tv\\\/az\\\/article\\\/efqan-muxtarli-yoxa-cixib\\\/\"]}]},{\"@type\":\"ImageObject\",\"inLanguage\":\"az\",\"@id\":\"https:\\\/\\\/www.meydan.tv\\\/az\\\/article\\\/efqan-muxtarli-yoxa-cixib\\\/#primaryimage\",\"url\":\"https:\\\/\\\/www.meydan.tv\\\/wp-content\\\/uploads\\\/33706.jpg\",\"contentUrl\":\"https:\\\/\\\/www.meydan.tv\\\/wp-content\\\/uploads\\\/33706.jpg\",\"width\":1023,\"height\":575,\"caption\":\"Source:\"},{\"@type\":\"BreadcrumbList\",\"@id\":\"https:\\\/\\\/www.meydan.tv\\\/az\\\/article\\\/efqan-muxtarli-yoxa-cixib\\\/#breadcrumb\",\"itemListElement\":[{\"@type\":\"ListItem\",\"position\":1,\"name\":\"Ana s\u0259hif\u0259\",\"item\":\"https:\\\/\\\/www.meydan.tv\\\/az\\\/\"},{\"@type\":\"ListItem\",\"position\":2,\"name\":\"X\u0259b\u0259rl\u0259r\",\"item\":\"https:\\\/\\\/www.meydan.tv\\\/az\\\/section\\\/xeberler\\\/\"},{\"@type\":\"ListItem\",\"position\":3,\"name\":\"\u018ffqan Muxtarl\u0131 &#8221;yoxa&#8221; \u00e7\u0131x\u0131b\"}]},{\"@type\":\"WebSite\",\"@id\":\"https:\\\/\\\/www.meydan.tv\\\/az\\\/#website\",\"url\":\"https:\\\/\\\/www.meydan.tv\\\/az\\\/\",\"name\":\"MEYDAN.TV\",\"description\":\"Meydan TV Az\u0259rbaycan\u0131n media m\u0259kan\u0131ndak\u0131 alternativ s\u0259sidir\",\"publisher\":{\"@id\":\"https:\\\/\\\/www.meydan.tv\\\/az\\\/#organization\"},\"potentialAction\":[{\"@type\":\"SearchAction\",\"target\":{\"@type\":\"EntryPoint\",\"urlTemplate\":\"https:\\\/\\\/www.meydan.tv\\\/az\\\/?s={search_term_string}\"},\"query-input\":{\"@type\":\"PropertyValueSpecification\",\"valueRequired\":true,\"valueName\":\"search_term_string\"}}],\"inLanguage\":\"az\"},{\"@type\":\"Organization\",\"@id\":\"https:\\\/\\\/www.meydan.tv\\\/az\\\/#organization\",\"name\":\"Meydan TV\",\"url\":\"https:\\\/\\\/www.meydan.tv\\\/az\\\/\",\"logo\":{\"@type\":\"ImageObject\",\"inLanguage\":\"az\",\"@id\":\"https:\\\/\\\/www.meydan.tv\\\/az\\\/#\\\/schema\\\/logo\\\/image\\\/\",\"url\":\"https:\\\/\\\/www.meydan.tv\\\/wp-content\\\/uploads\\\/2021\\\/07\\\/meydan-logo.svg\",\"contentUrl\":\"https:\\\/\\\/www.meydan.tv\\\/wp-content\\\/uploads\\\/2021\\\/07\\\/meydan-logo.svg\",\"width\":195,\"height\":46,\"caption\":\"Meydan TV\"},\"image\":{\"@id\":\"https:\\\/\\\/www.meydan.tv\\\/az\\\/#\\\/schema\\\/logo\\\/image\\\/\"}},{\"@type\":\"Person\",\"@id\":\"https:\\\/\\\/www.meydan.tv\\\/az\\\/#\\\/schema\\\/person\\\/10d11eccf6da3662cf5fdab9806ea91a\",\"name\":\"user-manager\"}]}<\/script>\n<!-- \/ Yoast SEO plugin. -->","yoast_head_json":{"title":"\u018ffqan Muxtarl\u0131 ''yoxa'' \u00e7\u0131x\u0131b - MEYDAN.TV","robots":{"index":"index","follow":"follow","max-snippet":"max-snippet:-1","max-image-preview":"max-image-preview:large","max-video-preview":"max-video-preview:-1"},"canonical":"https:\/\/www.meydan.tv\/az\/article\/efqan-muxtarli-yoxa-cixib\/","og_locale":"az_AZ","og_type":"article","og_title":"\u018ffqan Muxtarl\u0131 ''yoxa'' \u00e7\u0131x\u0131b - MEYDAN.TV","og_description":"Jurnalistin telefonuna z\u0259ng \u00e7atm\u0131r, ail\u0259si harada olmas\u0131ndan x\u0259b\u0259rsizdir","og_url":"https:\/\/www.meydan.tv\/az\/article\/efqan-muxtarli-yoxa-cixib\/","og_site_name":"MEYDAN.TV","article_published_time":"2017-05-30T15:08:17+00:00","og_image":[{"width":1023,"height":575,"url":"https:\/\/www.meydan.tv\/wp-content\/uploads\/33706.jpg","type":"image\/jpeg"}],"author":"user-manager","twitter_card":"summary_large_image","schema":{"@context":"https:\/\/schema.org","@graph":[{"@type":"Article","@id":"https:\/\/www.meydan.tv\/az\/article\/efqan-muxtarli-yoxa-cixib\/#article","isPartOf":{"@id":"https:\/\/www.meydan.tv\/az\/article\/efqan-muxtarli-yoxa-cixib\/"},"author":{"name":"user-manager","@id":"https:\/\/www.meydan.tv\/az\/#\/schema\/person\/10d11eccf6da3662cf5fdab9806ea91a"},"headline":"\u018ffqan Muxtarl\u0131 &#8221;yoxa&#8221; \u00e7\u0131x\u0131b","datePublished":"2017-05-30T15:08:17+00:00","mainEntityOfPage":{"@id":"https:\/\/www.meydan.tv\/az\/article\/efqan-muxtarli-yoxa-cixib\/"},"wordCount":251,"publisher":{"@id":"https:\/\/www.meydan.tv\/az\/#organization"},"image":{"@id":"https:\/\/www.meydan.tv\/az\/article\/efqan-muxtarli-yoxa-cixib\/#primaryimage"},"thumbnailUrl":"https:\/\/www.meydan.tv\/wp-content\/uploads\/33706.jpg","articleSection":["X\u0259b\u0259rl\u0259r"],"inLanguage":"az"},{"@type":"WebPage","@id":"https:\/\/www.meydan.tv\/az\/article\/efqan-muxtarli-yoxa-cixib\/","url":"https:\/\/www.meydan.tv\/az\/article\/efqan-muxtarli-yoxa-cixib\/","name":"\u018ffqan Muxtarl\u0131 ''yoxa'' \u00e7\u0131x\u0131b - MEYDAN.TV","isPartOf":{"@id":"https:\/\/www.meydan.tv\/az\/#website"},"primaryImageOfPage":{"@id":"https:\/\/www.meydan.tv\/az\/article\/efqan-muxtarli-yoxa-cixib\/#primaryimage"},"image":{"@id":"https:\/\/www.meydan.tv\/az\/article\/efqan-muxtarli-yoxa-cixib\/#primaryimage"},"thumbnailUrl":"https:\/\/www.meydan.tv\/wp-content\/uploads\/33706.jpg","datePublished":"2017-05-30T15:08:17+00:00","breadcrumb":{"@id":"https:\/\/www.meydan.tv\/az\/article\/efqan-muxtarli-yoxa-cixib\/#breadcrumb"},"inLanguage":"az","potentialAction":[{"@type":"ReadAction","target":["https:\/\/www.meydan.tv\/az\/article\/efqan-muxtarli-yoxa-cixib\/"]}]},{"@type":"ImageObject","inLanguage":"az","@id":"https:\/\/www.meydan.tv\/az\/article\/efqan-muxtarli-yoxa-cixib\/#primaryimage","url":"https:\/\/www.meydan.tv\/wp-content\/uploads\/33706.jpg","contentUrl":"https:\/\/www.meydan.tv\/wp-content\/uploads\/33706.jpg","width":1023,"height":575,"caption":"Source:"},{"@type":"BreadcrumbList","@id":"https:\/\/www.meydan.tv\/az\/article\/efqan-muxtarli-yoxa-cixib\/#breadcrumb","itemListElement":[{"@type":"ListItem","position":1,"name":"Ana s\u0259hif\u0259","item":"https:\/\/www.meydan.tv\/az\/"},{"@type":"ListItem","position":2,"name":"X\u0259b\u0259rl\u0259r","item":"https:\/\/www.meydan.tv\/az\/section\/xeberler\/"},{"@type":"ListItem","position":3,"name":"\u018ffqan Muxtarl\u0131 &#8221;yoxa&#8221; \u00e7\u0131x\u0131b"}]},{"@type":"WebSite","@id":"https:\/\/www.meydan.tv\/az\/#website","url":"https:\/\/www.meydan.tv\/az\/","name":"MEYDAN.TV","description":"Meydan TV Az\u0259rbaycan\u0131n media m\u0259kan\u0131ndak\u0131 alternativ s\u0259sidir","publisher":{"@id":"https:\/\/www.meydan.tv\/az\/#organization"},"potentialAction":[{"@type":"SearchAction","target":{"@type":"EntryPoint","urlTemplate":"https:\/\/www.meydan.tv\/az\/?s={search_term_string}"},"query-input":{"@type":"PropertyValueSpecification","valueRequired":true,"valueName":"search_term_string"}}],"inLanguage":"az"},{"@type":"Organization","@id":"https:\/\/www.meydan.tv\/az\/#organization","name":"Meydan TV","url":"https:\/\/www.meydan.tv\/az\/","logo":{"@type":"ImageObject","inLanguage":"az","@id":"https:\/\/www.meydan.tv\/az\/#\/schema\/logo\/image\/","url":"https:\/\/www.meydan.tv\/wp-content\/uploads\/2021\/07\/meydan-logo.svg","contentUrl":"https:\/\/www.meydan.tv\/wp-content\/uploads\/2021\/07\/meydan-logo.svg","width":195,"height":46,"caption":"Meydan TV"},"image":{"@id":"https:\/\/www.meydan.tv\/az\/#\/schema\/logo\/image\/"}},{"@type":"Person","@id":"https:\/\/www.meydan.tv\/az\/#\/schema\/person\/10d11eccf6da3662cf5fdab9806ea91a","name":"user-manager"}]}},"_links":{"self":[{"href":"https:\/\/www.meydan.tv\/az\/wp-json\/wp\/v2\/posts\/184599","targetHints":{"allow":["GET"]}}],"collection":[{"href":"https:\/\/www.meydan.tv\/az\/wp-json\/wp\/v2\/posts"}],"about":[{"href":"https:\/\/www.meydan.tv\/az\/wp-json\/wp\/v2\/types\/post"}],"author":[{"embeddable":true,"href":"https:\/\/www.meydan.tv\/az\/wp-json\/wp\/v2\/users\/11"}],"replies":[{"embeddable":true,"href":"https:\/\/www.meydan.tv\/az\/wp-json\/wp\/v2\/comments?post=184599"}],"version-history":[{"count":0,"href":"https:\/\/www.meydan.tv\/az\/wp-json\/wp\/v2\/posts\/184599\/revisions"}],"wp:featuredmedia":[{"embeddable":true,"href":"https:\/\/www.meydan.tv\/az\/wp-json\/wp\/v2\/media\/85611"}],"wp:attachment":[{"href":"https:\/\/www.meydan.tv\/az\/wp-json\/wp\/v2\/media?parent=184599"}],"wp:term":[{"taxonomy":"category","embeddable":true,"href":"https:\/\/www.meydan.tv\/az\/wp-json\/wp\/v2\/categories?post=184599"},{"taxonomy":"post_tag","embeddable":true,"href":"https:\/\/www.meydan.tv\/az\/wp-json\/wp\/v2\/tags?post=184599"}],"curies":[{"name":"wp","href":"https:\/\/api.w.org\/{rel}","templated":true}]}}