{"id":184550,"date":"2017-05-26T03:10:05","date_gmt":"2017-05-26T03:10:05","guid":{"rendered":"https:\/\/www.meydan.tv\/article\/bos-vedler\/"},"modified":"2017-05-26T03:10:05","modified_gmt":"2017-05-26T03:10:05","slug":"bos-vedler","status":"publish","type":"post","link":"https:\/\/www.meydan.tv\/az\/article\/bos-vedler\/","title":{"rendered":"Bo\u015f v\u0259dl\u0259r"},"content":{"rendered":"<figure class=\"wp-block-image size-large\">\n  <img decoding=\"async\" src=\"https:\/\/www.meydan.tv\/az\/ruzgar-movsum-2\/\" alt=\"R\u00fczgar M\u00f6vs\u00fcm\" class=\"wp-image-85464\"\/><figcaption>\n    R\u00fczgar M\u00f6vs\u00fcm<br \/>\n  <\/figcaption><\/figure>\n<p>\n  1944-c\u00fc ild\u0259 G\u00f6rinqin Hitler\u0259 verdiyi v\u0259d bo\u015fa \u00e7\u0131xm\u0131\u015fd\u0131 v\u0259 Almaniya s\u0259mas\u0131na art\u0131q L\u00fcftvaffe deyil, m\u00fctt\u0259fiq \u00f6lk\u0259l\u0259rin t\u0259yyar\u0259l\u0259ri a\u011fal\u0131q edirdi. D\u00fc\u015f\u00fcnm\u0259yi bacaran \u201cNSDAP\u201d \u00fczvl\u0259ri ba\u015fa d\u00fc\u015f\u00fcrd\u00fcl\u0259r ki, bu, sonun ba\u015flan\u011f\u0131c\u0131d\u0131r v\u0259 m\u00fcharib\u0259ni uduzublar. Bu h\u0259ngam\u0259d\u0259n sonra xalq\u0131n v\u0259 \u00f6lk\u0259nin k\u00f6hn\u0259 yolla getm\u0259si ancaq v\u0259 ancaq axmaql\u0131qd\u0131r. Ona g\u00f6r\u0259 d\u0259 onlar, Hitlerin arxas\u0131ndan m\u00fctt\u0259fiql\u0259rl\u0259 dan\u0131\u015f\u0131qlar aparmaq ist\u0259yirdil\u0259r. Lakin rejim fanatlar\u0131 he\u00e7 n\u0259y\u0259 baxmayaraq, ya \u00f6l\u0259n\u0259d\u0259k sava\u015f\u0131r, ya da depressiyadan, hikk\u0259d\u0259n &#8220;Heil Hitler!&#8221; deyib intihar edirdil\u0259r. B\u0259zi v\u0259zif\u0259 sahibl\u0259ri is\u0259 var-d\u00f6vl\u0259tl\u0259rini \u00e7oxdan y\u0131\u011f\u0131b neytral \u00f6lk\u0259l\u0259r\u0259 qa\u00e7maq \u00fc\u00e7\u00fcn m\u0259qam g\u00f6zl\u0259yirdil\u0259r. Eyforiya t\u0259sirini itirmi\u015fdi. B\u00f6y\u00fck alman xalq\u0131n\u0131 hipnoz etmi\u015f \u00f6lk\u0259 r\u0259hb\u0259rliyi, sonda onu a\u011f\u0131r bir faci\u0259 il\u0259 \u00fcz-\u00fcz\u0259 qoymu\u015fdu. Bu, insanl\u0131q hissind\u0259n uzaq, eqoist adamlardan ibar\u0259t h\u0259min \u00f6lk\u0259 r\u0259hb\u0259rliyi idi ki, xalq\u0131n ba\u015f\u0131na a\u00e7\u0131lm\u0131\u015f oyuna son qoymaq \u00fc\u00e7\u00fcn n\u0259inki he\u00e7 bir \u015fey etmirdi, \u0259ksin\u0259, xalq\u0131 son n\u0259f\u0259s\u0259d\u0259k d\u00f6y\u00fc\u015fm\u0259y\u0259 v\u0259 \u00f6lm\u0259y\u0259 g\u00f6nd\u0259rirdi. M\u00fcharib\u0259ni b\u00fct\u00fcn vasit\u0259l\u0259rd\u0259n istifad\u0259 ed\u0259r\u0259k davam etdirm\u0259yi d\u00fc\u015f\u00fcn\u0259n Hitler, bir yandan da \u00dc\u00e7\u00fcnc\u00fc Reyxin Silahland\u0131rma v\u0259 h\u0259rbi s\u0259naye naziri Albert \u015epeerin yalanlar\u0131 il\u0259 ruhlan\u0131rd\u0131. \u015epeer v\u0259zif\u0259sind\u0259 qalmaq, \u0259lind\u0259ki hakimiy\u0259ti itirm\u0259m\u0259k \u00fc\u00e7\u00fcn deyirdi ki, Sovet v\u0259 m\u00fct\u0259ffiq \u00f6lk\u0259l\u0259rin qo\u015funlar\u0131na m\u00fcqavim\u0259t g\u00f6st\u0259rm\u0259k \u00fc\u00e7\u00fcn h\u0259rbi s\u0259naye potensial\u0131 t\u00fck\u0259nm\u0259yib. D\u00fc\u015fm\u0259n\u0259 qar\u015f\u0131 dir\u0259nm\u0259k olar. Bu vaxt is\u0259 xalq\u0131n ixtiyar atalar\u0131 v\u0259 \u0259li g\u00fccl\u0259 silah tutan \u201cHitler-Jugend\u201d\u00e7i balalar\u0131 k\u00fc\u00e7\u0259l\u0259rd\u0259 bo\u015f-bo\u015funa q\u0131r\u0131l\u0131rd\u0131. Antihitler Koalisiya Q\u00fcvv\u0259l\u0259rinin Berlin\u0259traf\u0131 \u015f\u0259h\u0259r v\u0259 q\u0259s\u0259b\u0259l\u0259r\u0259 \u00e7atmas\u0131 da, Berlind\u0259 art\u0131q h\u0259r bina, h\u0259r m\u0259nzil u\u011frunda amans\u0131z k\u00fc\u00e7\u0259 d\u00f6y\u00fc\u015fl\u0259rinin ba\u015flamas\u0131 da, \u00f6lk\u0259y\u0259 a\u011fal\u0131q ed\u0259nl\u0259r\u0259 \u00f6z kreslolar\u0131ndan \u0259l \u00e7\u0259km\u0259k \u00fc\u00e7\u00fcn, bu c\u0259hal\u0259ti, bu d\u0259h\u015f\u0259ti bitirm\u0259k \u00fc\u00e7\u00fcn kifay\u0259t etmirdi. Onlar sanki \u0259n son v\u0259t\u0259nda\u015f\u0131 bel\u0259 qurban verm\u0259yi \u00f6nl\u0259rin\u0259 m\u0259qs\u0259d qoymu\u015fdular. Bunun n\u0259tic\u0259si olaraq itkil\u0259r h\u0259r g\u00fcn \u00e7oxal\u0131r, qan su yerin\u0259 ax\u0131rd\u0131. Halbuki ba\u015fda Hitler olmaqla, Albert \u015epeer v\u0259 \u00dc\u00e7\u00fcnc\u00fc Reyx\u0259 r\u0259hb\u0259rlik ed\u0259n dig\u0259r \u015f\u0259xsl\u0259r, etdikl\u0259rini ba\u015fa d\u00fc\u015f\u00fcb, ideyalar\u0131n\u0131n v\u0259 sisteml\u0259rinin iflasa u\u011frad\u0131\u011f\u0131n\u0131 etiraf ets\u0259ydil\u0259r, vaxt\u0131nda insanl\u0131\u011f\u0131 m\u0259hv etm\u0259k ist\u0259y\u0259n \u00f6l\u00fcm ma\u015f\u0131nlar\u0131n\u0131n \u0259yl\u0259cin\u0259 bassayd\u0131lar, m\u00fcharib\u0259nin sonuna yax\u0131n bu q\u0259d\u0259r insan h\u0259yat\u0131 m\u0259hv olmazd\u0131.\n<\/p>\n<p>\n  Bu g\u00fcn Almaniya tamam ba\u015fqa siyas\u0259t\u0259 v\u0259 iqtisadiyyata sahib olan b\u00f6y\u00fck bir d\u00f6vl\u0259tdir. Onlar buna \u00f6z tarixl\u0259rind\u0259n \u00e7\u0131xard\u0131qlar\u0131 d\u0259rsl\u0259ri d\u0259y\u0259rl\u0259ndir\u0259r\u0259k nail olublar.\n<\/p>\n<p>\n  Amma bu g\u00fcn Az\u0259rbaycandak\u0131 v\u0259ziyy\u0259ti Almaniyan\u0131n o d\u00f6n\u0259md\u0259ki v\u0259ziyy\u0259tin\u0259 ox\u015fatmaq \u00fc\u00e7\u00fcn ortaya ata bil\u0259c\u0259yimiz bir ne\u00e7\u0259 s\u0259b\u0259b var.\n<\/p>\n<p>\n  1.\u00d6lk\u0259nin m\u0259suliyy\u0259tsiz r\u0259hb\u0259rliyi, ba\u015fda prezident olmaqla, nazirl\u0259rin, deputatlar\u0131n \u00f6lk\u0259nin u\u011furlar\u0131 bar\u0259d\u0259 h\u0259ddind\u0259n art\u0131q \u015fi\u015firdilmi\u015f t\u0259bli\u011fat\u0131, xalqa dan\u0131\u015f\u0131lan yalanlar\u0131 v\u0259 xalqdan gizl\u0259dil\u0259n h\u0259qiq\u0259tl\u0259ri, c\u0259bh\u0259d\u0259ki qurbanlar;\n<\/p>\n<p>\n  2. \u0130dar\u0259\u00e7i partiyan\u0131n fanatlar\u0131, kresloya g\u00f6r\u0259 a\u011f yalan dan\u0131\u015f\u0131b, \u00f6lk\u0259nin probleml\u0259rini \u00f6rt-basd\u0131r ed\u0259nl\u0259r, v\u0259zif\u0259d\u0259 daha da \u00e7ox qalmaq \u00fc\u00e7\u00fcn ba\u015fqalar\u0131n\u0131 qurban verm\u0259kd\u0259n \u00e7\u0259kinm\u0259y\u0259nl\u0259r;\n<\/p>\n<p>\n  3. Yanl\u0131\u015f add\u0131mlar s\u0259b\u0259bind\u0259n yaranm\u0131\u015f siyasi v\u0259 iqtisadi b\u00f6hran bar\u0259d\u0259 x\u0259b\u0259rdarl\u0131qlar\u0131 iqnor ed\u0259n, u\u011fursuzluqlar\u0131 etiraf etm\u0259y\u0259n s\u00fcni v\u0259t\u0259np\u0259rv\u0259r m\u0259murlar, iqtisad\u00e7\u0131lar\u0131n, tarix\u00e7il\u0259rin, bir \u00e7ox sah\u0259 \u00fczr\u0259 ekspertl\u0259rin analizl\u0259rini vec\u0259 almadan \u00f6lk\u0259ni add\u0131m-add\u0131m u\u00e7uruma aparan YAP-\u00e7\u0131lar;\n<\/p>\n<p>\n  4. D\u00f6y\u00fcl\u0259n, \u00f6ld\u00fcr\u00fcl\u0259n, repressiyalara m\u0259ruz qalan jurnalistl\u0259r, t\u0259zyiq v\u0259 t\u0259qib alt\u0131nda qalan media orqanlar\u0131;\n<\/p>\n<p>\n  5. MTN, D\u0130N, Vergil\u0259r Nazirliyi, D\u00f6vl\u0259t G\u00f6mr\u00fck Komit\u0259si v\u0259 s. kimi d\u00f6vl\u0259t qurumlar\u0131n\u0131n h\u00f6kum\u0259tin yaratd\u0131\u011f\u0131 yalan v\u0259 r\u00fc\u015fv\u0259t mexanizml\u0259rinin funksiyalar\u0131n\u0131 h\u0259yata ke\u00e7irm\u0259sind\u0259 \u00f6n\u0259mli rol oynamas\u0131;\n<\/p>\n<p>\n  Bu yax\u0131nlarda d\u00f6vl\u0259tin onu t\u0259nqid ed\u0259n, xalqa d\u0259qiq x\u0259b\u0259rl\u0259r ver\u0259n, \u00f6lk\u0259d\u0259ki v\u0259ziyy\u0259tin r\u0259ngl\u0259rini \u00e7atd\u0131ran 5 sayta he\u00e7 bir qanuni s\u00fcbut v\u0259 s\u0259b\u0259b olmadan Az\u0259rbaycandan giri\u015f iznin\u0259 blok qoymas\u0131 \u00f6lk\u0259d\u0259ki v\u0259ziyy\u0259tin n\u0259 q\u0259d\u0259r a\u011f\u0131r oldu\u011funu t\u0259svir edir. \u018fn g\u00fclm\u0259lisi odur ki, Erm\u0259nistanda Azadl\u0131q radiosu fm dal\u011fada normal f\u0259aliyy\u0259t g\u00f6st\u0259rir. Bizd\u0259 is\u0259 h\u00f6kum\u0259t fm-i ba\u011flad\u0131, radionun ofisini ba\u011flad\u0131, sayta internetd\u0259n giri\u015f iznini d\u0259 bloklad\u0131. Jurnalistl\u0259r\u0259, m\u00fcst\u0259qil mediaya v\u0259 \u00fcmumiyy\u0259tl\u0259, azad ifad\u0259y\u0259 \u00e7oxdan m\u00fcharib\u0259 elan etmi\u015f Az\u0259rbaycan h\u00f6kum\u0259tin\u0259 fikirl\u0259\u015fib bir ad tapma\u011fa ehtiyac yoxdur. Bunun ad\u0131 \u00f6lk\u0259d\u0259ki h\u0259r \u015fey\u0259 \u201c\u00fcst\u00fc b\u0259z\u0259k, alt\u0131 t\u0259z\u0259k\u201d prinsipi il\u0259 yana\u015fan makiyaj\u0131 baha qlamur monarxiyad\u0131r. Jurnalsitl\u0259rin t\u0259qib olunmas\u0131, d\u00f6y\u00fclm\u0259si v\u0259 \u00f6ld\u00fcr\u00fclm\u0259si, siyasi dusdaqlar\u0131n say\u0131n\u0131n artmas\u0131 il\u0259 h\u0259r g\u00fcn daha da \u00e7ox tan\u0131nan Az\u0259rbaycanda, prezidentin xarici jurnalistl\u0259r\u0259 \u00f6lk\u0259d\u0259 demokratiyan\u0131n olmas\u0131 bar\u0259d\u0259 dan\u0131\u015fd\u0131\u011f\u0131 na\u011f\u0131llar, Leyla \u018fliyevan\u0131n xarici kanallara poz ver\u0259r\u0259k, \u201c\u018fli v\u0259 Nino\u201d filmini xalqa n\u00f6vb\u0259ti u\u011fur kimi soxu\u015fdurmas\u0131, A\u015ePA n\u00fcmay\u0259nd\u0259sin\u0259 Az\u0259rbaycan\u0131n leyhin\u0259 f\u0259aliyy\u0259t g\u00f6st\u0259rm\u0259si \u00fc\u00e7\u00fcn veril\u0259n r\u00fc\u015fv\u0259tin skandal\u0131, ordumuzda ba\u015f ver\u0259n gizli m\u0259qamlarla ba\u011fl\u0131 q\u0259bul edil\u0259n t\u0259l\u0259sik v\u0259 xalqdan gizli q\u0259rarlar, \u00f6lk\u0259d\u0259ki xaosun m\u0259ng\u0259n\u0259sind\u0259 h\u0259r m\u0259nada \u0259zilmi\u015f xalq, Az\u0259rbaycandan qa\u00e7maq \u00fc\u00e7\u00fcn gec\u0259-g\u00fcnd\u00fcz yollar axtaranlar v\u0259 art\u0131q Avropa \u00f6lk\u0259l\u0259rinin qap\u0131lar\u0131nda ist\u0259r siyasi, ist\u0259rs\u0259 d\u0259 maddi yard\u0131m \u00fc\u00e7\u00fcn boynunu b\u00fck\u0259nl\u0259r, bunlarla yana\u015f\u0131, b\u0259y v\u0259 xan \u0259das\u0131yla xalqa h\u0259mi\u015f\u0259ki kimi z\u00fclm ed\u0259n m\u0259murlar, h\u0259l\u0259 b\u00fct\u00fcn bunlar azm\u0131\u015f kimi, bu basabasda \u00f6lk\u0259mizd\u0259 ke\u00e7iril\u0259n beyn\u0259lxalq yar\u0131\u015flara t\u00f6k\u00fcl\u0259n milyonlar &#8211; bunlar\u0131n ham\u0131s\u0131 bu g\u00fcn Az\u0259rbaycan\u0131n nec\u0259 f\u00f6vq\u0259lad\u0259 pis v\u0259ziyy\u0259td\u0259 olmas\u0131ndan x\u0259b\u0259r verir. X\u0259b\u0259r verir, amma \u00f6lk\u0259 r\u0259hb\u0259rliyi bu x\u0259b\u0259rd\u0259n d\u0259rs \u00e7\u0131xar\u0131rm\u0131? \u00c7\u0131xarm\u0131r.\n<\/p>\n<p>\n  Hakimiyy\u0259td\u0259 oturanlar\u0131n Avropada t\u0259hsil alan \u00f6vladlar\u0131, bahal\u0131 ev-e\u015fikl\u0259ri, villalar\u0131, saraylar\u0131, ticar\u0259t obyektl\u0259ri, biznesl\u0259ri. Onlar \u00f6z kefl\u0259rind\u0259dil\u0259r. B\u0259s xalq? Xalq is\u0259 ona z\u00fclm ed\u0259n h\u00f6kum\u0259t t\u0259r\u0259find\u0259n s\u0259rv\u0259tl\u0259ri taland\u0131qdan sonra b\u00f6y\u00fck bir faci\u0259 il\u0259 \u00fcz-\u00fcz\u0259 dayan\u0131b. Bu monarxik rejim\u0259 r\u0259hb\u0259rlik, fanatl\u0131q, k\u00f6l\u0259lik ed\u0259nl\u0259r is\u0259 yollar\u0131n\u0131n yanl\u0131\u015f oldu\u011funu etiraf etmirl\u0259r. Etiraf etmirl\u0259r ki, uduzublar. Etiraf etmirl\u0259r ki, \u00f6lk\u0259nin bel\u0259 yolla idar\u0259 edilm\u0259si faci\u0259vidir, axmaql\u0131qd\u0131r v\u0259 ba\u015fa d\u00fc\u015fm\u0259k ist\u0259mirl\u0259r ki, \u0259g\u0259r onlar siyas\u0259tl\u0259rinin h\u0259r m\u0259nada iflasa u\u011frad\u0131\u011f\u0131n\u0131 vaxt\u0131nda etiraf edib, \u00f6z yollar\u0131ndan \u00e7\u0259kilm\u0259s\u0259l\u0259r, d\u00f6vl\u0259ti v\u0259 mill\u0259ti b\u0259laya aparan ma\u015f\u0131nlar\u0131n\u0131n \u0259yl\u0259cin\u0259 vaxt\u0131nda, basmasalar, Az\u0259rbaycan\u0131n bir d\u00f6vl\u0259t kimi m\u00f6vcud olmas\u0131 b\u00f6y\u00fck bir sual alt\u0131nda olacaq. Sabah \u00f6lk\u0259 \u0259n pis f\u0259lak\u0259tl\u0259 \u00fczl\u0259\u015f\u0259nd\u0259, qaranl\u0131q bir quyunun lap dibin\u0259 d\u00fc\u015f\u0259nd\u0259, bu g\u00fcn hakimiyy\u0259td\u0259 oturanlar t\u0259bii ki, \u00f6z ideyalar\u0131na g\u00f6r\u0259 intihar-filan etm\u0259y\u0259c\u0259kl\u0259r. Onlar \u015f\u0259l\u0259-k\u00fcl\u0259l\u0259rini d\u0259 g\u00f6t\u00fcr\u00fcb xaricd\u0259ki m\u00fclkl\u0259rin\u0259 qa\u00e7acaqlar.\n<\/p>\n<p>\n  Bizim prezidentin \u0259traf\u0131nda Albert \u015epeer kimi bilikli v\u0259 istedadl\u0131 adam yoxdur. Ancaq v\u0259zif\u0259d\u0259 qalmaq u\u011frunda ona \u00f6lk\u0259 \u00fc\u00e7\u00fcn faci\u0259vi olan bu yolun do\u011fru yol oldu\u011funu, bu yolun a\u011f g\u00fcn\u0259 \u00e7\u0131xaraca\u011f\u0131n\u0131 dey\u0259nl\u0259r \u00e7oxdur. Onu \u201cruhland\u0131ranlar\u201d \u00e7oxdur. H\u0259ddind\u0259n art\u0131q \u00e7ox. \u015eou davam edir. Bu vaxt is\u0259 Bak\u0131da bi\u00e7ar\u0259 v\u0259t\u0259nda\u015f g\u00fcn\u00fcn g\u00fcnorta \u00e7a\u011f\u0131 \u00fcst\u00fcn\u0259 benzin t\u00f6k\u0259r\u0259k \u00f6z\u00fcn\u00fc borcunu \u00f6d\u0259y\u0259 bilm\u0259diyi \u00fc\u00e7\u00fcn el\u0259 bank\u0131n \u00f6n\u00fcnd\u0259 yand\u0131r\u0131r, hans\u0131sa \u0259sg\u0259ri komandiri d\u00f6y\u00fcb \u00f6ld\u00fcr\u00fcr. Sonra da deyir ki, o intihar edib.\n<\/p>\n<p>\n  Bu vaxt bir ata, maddi probleml\u0259rin\u0259 g\u00f6r\u0259 \u00f6z\u00fcn\u00fc Koro\u011flu metrosunun yan\u0131ndak\u0131 k\u00f6rp\u00fcd\u0259n at\u0131b intihar edir. V\u0259ziyy\u0259t, do\u011frudan, pisdir. Pisd\u0259n d\u0259 pis. Bu s\u0259rs\u0259mliyin bitm\u0259si \u00fc\u00e7\u00fcns\u0259, bu h\u00f6kum\u0259t sanki Az\u0259rbaycan\u0131n \u0259n son v\u0259t\u0259nda\u015f\u0131n\u0131 bel\u0259 qurban verm\u0259k ist\u0259yir.\n<\/p>\n<p>\n  2017-ci ildir v\u0259 \u0130lham \u018fliyevin xalqa verdiyi b\u00fct\u00fcn v\u0259dl\u0259r bo\u015fa \u00e7\u0131x\u0131b. Az\u0259rbaycan s\u0259mas\u0131na \u00f6lk\u0259d\u0259ki \u00f6zba\u015f\u0131nal\u0131q v\u0259 qanunsuzluqlardan \u0259ziyy\u0259t \u00e7\u0259k\u0259n v\u0259t\u0259nda\u015flar\u0131n ah\u0131 a\u011fal\u0131q edir.\n<\/p>\n<p>\n  Bir \u00f6lk\u0259nin a\u011f\u0131r v\u0259ziyy\u0259tin\u0259 son qoymaq, onun yaralar\u0131n\u0131 sa\u011faltmaq \u00fc\u00e7\u00fcn \u00f6lk\u0259 r\u0259hb\u0259rliyind\u0259 oturanlar\u0131n ciddi-ciddi d\u00fc\u015f\u00fcnm\u0259si g\u0259r\u0259kdir.\n<\/p>\n<p>\n  B\u0259s bizimkil\u0259rin, \u00fcmumiyy\u0259tl\u0259, d\u00fc\u015f\u00fcnm\u0259k qabiliyy\u0259ti var?\n<\/p>\n<\/p>\n<p>\n  <i><br \/>\n    <b><br \/>\n      Yaz\u0131 m\u00fc\u0259llifin fikirl\u0259rini \u0259ks etdirir v\u0259 Meydan TV-nin m\u00f6vqeyi il\u0259 \u00fcst-\u00fcst\u0259 d\u00fc\u015fm\u0259y\u0259 bil\u0259r.<br \/>\n    <\/b><br \/>\n  <\/i><\/p>\n","protected":false},"excerpt":{"rendered":"<p>Almaniya tamam ba\u015fqa siyas\u0259t\u0259 v\u0259 iqtisadiyyata sahib olan b\u00f6y\u00fck bir d\u00f6vl\u0259tdir<\/p>\n","protected":false},"author":11,"featured_media":85464,"comment_status":"closed","ping_status":"open","sticky":false,"template":"","format":"standard","meta":{"_acf_changed":false,"_sitemap_exclude":false,"_sitemap_priority":"","_sitemap_frequency":"","footnotes":""},"categories":[57],"tags":[],"class_list":["post-184550","post","type-post","status-publish","format-standard","has-post-thumbnail","hentry","category-menim-fikrimce","infinite-scroll-item","generate-columns","tablet-grid-50","mobile-grid-100","grid-parent","grid-33","no-featured-image-padding"],"acf":[],"yoast_head":"<!-- This site is optimized with the Yoast SEO plugin v27.5 - https:\/\/yoast.com\/product\/yoast-seo-wordpress\/ -->\n<title>Bo\u015f v\u0259dl\u0259r - MEYDAN.TV<\/title>\n<meta name=\"robots\" content=\"index, follow, max-snippet:-1, max-image-preview:large, max-video-preview:-1\" \/>\n<link rel=\"canonical\" href=\"https:\/\/www.meydan.tv\/az\/article\/bos-vedler\/\" \/>\n<meta property=\"og:locale\" content=\"az_AZ\" \/>\n<meta property=\"og:type\" content=\"article\" \/>\n<meta property=\"og:title\" content=\"Bo\u015f v\u0259dl\u0259r - MEYDAN.TV\" \/>\n<meta property=\"og:description\" content=\"Almaniya tamam ba\u015fqa siyas\u0259t\u0259 v\u0259 iqtisadiyyata sahib olan b\u00f6y\u00fck bir d\u00f6vl\u0259tdir\" \/>\n<meta property=\"og:url\" content=\"https:\/\/www.meydan.tv\/az\/article\/bos-vedler\/\" \/>\n<meta property=\"og:site_name\" content=\"MEYDAN.TV\" \/>\n<meta property=\"article:published_time\" content=\"2017-05-26T03:10:05+00:00\" \/>\n<meta property=\"og:image\" content=\"https:\/\/www.meydan.tv\/wp-content\/uploads\/33631.jpg\" \/>\n\t<meta property=\"og:image:width\" content=\"810\" \/>\n\t<meta property=\"og:image:height\" content=\"450\" \/>\n\t<meta property=\"og:image:type\" content=\"image\/jpeg\" \/>\n<meta name=\"author\" content=\"user-manager\" \/>\n<meta name=\"twitter:card\" content=\"summary_large_image\" \/>\n<script type=\"application\/ld+json\" class=\"yoast-schema-graph\">{\"@context\":\"https:\\\/\\\/schema.org\",\"@graph\":[{\"@type\":\"Article\",\"@id\":\"https:\\\/\\\/www.meydan.tv\\\/az\\\/article\\\/bos-vedler\\\/#article\",\"isPartOf\":{\"@id\":\"https:\\\/\\\/www.meydan.tv\\\/az\\\/article\\\/bos-vedler\\\/\"},\"author\":{\"name\":\"user-manager\",\"@id\":\"https:\\\/\\\/www.meydan.tv\\\/az\\\/#\\\/schema\\\/person\\\/10d11eccf6da3662cf5fdab9806ea91a\"},\"headline\":\"Bo\u015f v\u0259dl\u0259r\",\"datePublished\":\"2017-05-26T03:10:05+00:00\",\"mainEntityOfPage\":{\"@id\":\"https:\\\/\\\/www.meydan.tv\\\/az\\\/article\\\/bos-vedler\\\/\"},\"wordCount\":1760,\"publisher\":{\"@id\":\"https:\\\/\\\/www.meydan.tv\\\/az\\\/#organization\"},\"image\":{\"@id\":\"https:\\\/\\\/www.meydan.tv\\\/az\\\/article\\\/bos-vedler\\\/#primaryimage\"},\"thumbnailUrl\":\"https:\\\/\\\/www.meydan.tv\\\/wp-content\\\/uploads\\\/33631.jpg\",\"articleSection\":[\"M\u0259nim Fikrimc\u0259\"],\"inLanguage\":\"az\"},{\"@type\":\"WebPage\",\"@id\":\"https:\\\/\\\/www.meydan.tv\\\/az\\\/article\\\/bos-vedler\\\/\",\"url\":\"https:\\\/\\\/www.meydan.tv\\\/az\\\/article\\\/bos-vedler\\\/\",\"name\":\"Bo\u015f v\u0259dl\u0259r - MEYDAN.TV\",\"isPartOf\":{\"@id\":\"https:\\\/\\\/www.meydan.tv\\\/az\\\/#website\"},\"primaryImageOfPage\":{\"@id\":\"https:\\\/\\\/www.meydan.tv\\\/az\\\/article\\\/bos-vedler\\\/#primaryimage\"},\"image\":{\"@id\":\"https:\\\/\\\/www.meydan.tv\\\/az\\\/article\\\/bos-vedler\\\/#primaryimage\"},\"thumbnailUrl\":\"https:\\\/\\\/www.meydan.tv\\\/wp-content\\\/uploads\\\/33631.jpg\",\"datePublished\":\"2017-05-26T03:10:05+00:00\",\"breadcrumb\":{\"@id\":\"https:\\\/\\\/www.meydan.tv\\\/az\\\/article\\\/bos-vedler\\\/#breadcrumb\"},\"inLanguage\":\"az\",\"potentialAction\":[{\"@type\":\"ReadAction\",\"target\":[\"https:\\\/\\\/www.meydan.tv\\\/az\\\/article\\\/bos-vedler\\\/\"]}]},{\"@type\":\"ImageObject\",\"inLanguage\":\"az\",\"@id\":\"https:\\\/\\\/www.meydan.tv\\\/az\\\/article\\\/bos-vedler\\\/#primaryimage\",\"url\":\"https:\\\/\\\/www.meydan.tv\\\/wp-content\\\/uploads\\\/33631.jpg\",\"contentUrl\":\"https:\\\/\\\/www.meydan.tv\\\/wp-content\\\/uploads\\\/33631.jpg\",\"width\":810,\"height\":450,\"caption\":\"Source:\"},{\"@type\":\"BreadcrumbList\",\"@id\":\"https:\\\/\\\/www.meydan.tv\\\/az\\\/article\\\/bos-vedler\\\/#breadcrumb\",\"itemListElement\":[{\"@type\":\"ListItem\",\"position\":1,\"name\":\"Ana s\u0259hif\u0259\",\"item\":\"https:\\\/\\\/www.meydan.tv\\\/az\\\/\"},{\"@type\":\"ListItem\",\"position\":2,\"name\":\"M\u0259nim Fikrimc\u0259\",\"item\":\"https:\\\/\\\/www.meydan.tv\\\/az\\\/section\\\/menim-fikrimce\\\/\"},{\"@type\":\"ListItem\",\"position\":3,\"name\":\"Bo\u015f v\u0259dl\u0259r\"}]},{\"@type\":\"WebSite\",\"@id\":\"https:\\\/\\\/www.meydan.tv\\\/az\\\/#website\",\"url\":\"https:\\\/\\\/www.meydan.tv\\\/az\\\/\",\"name\":\"MEYDAN.TV\",\"description\":\"Meydan TV Az\u0259rbaycan\u0131n media m\u0259kan\u0131ndak\u0131 alternativ s\u0259sidir\",\"publisher\":{\"@id\":\"https:\\\/\\\/www.meydan.tv\\\/az\\\/#organization\"},\"potentialAction\":[{\"@type\":\"SearchAction\",\"target\":{\"@type\":\"EntryPoint\",\"urlTemplate\":\"https:\\\/\\\/www.meydan.tv\\\/az\\\/?s={search_term_string}\"},\"query-input\":{\"@type\":\"PropertyValueSpecification\",\"valueRequired\":true,\"valueName\":\"search_term_string\"}}],\"inLanguage\":\"az\"},{\"@type\":\"Organization\",\"@id\":\"https:\\\/\\\/www.meydan.tv\\\/az\\\/#organization\",\"name\":\"Meydan TV\",\"url\":\"https:\\\/\\\/www.meydan.tv\\\/az\\\/\",\"logo\":{\"@type\":\"ImageObject\",\"inLanguage\":\"az\",\"@id\":\"https:\\\/\\\/www.meydan.tv\\\/az\\\/#\\\/schema\\\/logo\\\/image\\\/\",\"url\":\"https:\\\/\\\/www.meydan.tv\\\/wp-content\\\/uploads\\\/2021\\\/07\\\/meydan-logo.svg\",\"contentUrl\":\"https:\\\/\\\/www.meydan.tv\\\/wp-content\\\/uploads\\\/2021\\\/07\\\/meydan-logo.svg\",\"width\":195,\"height\":46,\"caption\":\"Meydan TV\"},\"image\":{\"@id\":\"https:\\\/\\\/www.meydan.tv\\\/az\\\/#\\\/schema\\\/logo\\\/image\\\/\"}},{\"@type\":\"Person\",\"@id\":\"https:\\\/\\\/www.meydan.tv\\\/az\\\/#\\\/schema\\\/person\\\/10d11eccf6da3662cf5fdab9806ea91a\",\"name\":\"user-manager\"}]}<\/script>\n<!-- \/ Yoast SEO plugin. -->","yoast_head_json":{"title":"Bo\u015f v\u0259dl\u0259r - MEYDAN.TV","robots":{"index":"index","follow":"follow","max-snippet":"max-snippet:-1","max-image-preview":"max-image-preview:large","max-video-preview":"max-video-preview:-1"},"canonical":"https:\/\/www.meydan.tv\/az\/article\/bos-vedler\/","og_locale":"az_AZ","og_type":"article","og_title":"Bo\u015f v\u0259dl\u0259r - MEYDAN.TV","og_description":"Almaniya tamam ba\u015fqa siyas\u0259t\u0259 v\u0259 iqtisadiyyata sahib olan b\u00f6y\u00fck bir d\u00f6vl\u0259tdir","og_url":"https:\/\/www.meydan.tv\/az\/article\/bos-vedler\/","og_site_name":"MEYDAN.TV","article_published_time":"2017-05-26T03:10:05+00:00","og_image":[{"width":810,"height":450,"url":"https:\/\/www.meydan.tv\/wp-content\/uploads\/33631.jpg","type":"image\/jpeg"}],"author":"user-manager","twitter_card":"summary_large_image","schema":{"@context":"https:\/\/schema.org","@graph":[{"@type":"Article","@id":"https:\/\/www.meydan.tv\/az\/article\/bos-vedler\/#article","isPartOf":{"@id":"https:\/\/www.meydan.tv\/az\/article\/bos-vedler\/"},"author":{"name":"user-manager","@id":"https:\/\/www.meydan.tv\/az\/#\/schema\/person\/10d11eccf6da3662cf5fdab9806ea91a"},"headline":"Bo\u015f v\u0259dl\u0259r","datePublished":"2017-05-26T03:10:05+00:00","mainEntityOfPage":{"@id":"https:\/\/www.meydan.tv\/az\/article\/bos-vedler\/"},"wordCount":1760,"publisher":{"@id":"https:\/\/www.meydan.tv\/az\/#organization"},"image":{"@id":"https:\/\/www.meydan.tv\/az\/article\/bos-vedler\/#primaryimage"},"thumbnailUrl":"https:\/\/www.meydan.tv\/wp-content\/uploads\/33631.jpg","articleSection":["M\u0259nim Fikrimc\u0259"],"inLanguage":"az"},{"@type":"WebPage","@id":"https:\/\/www.meydan.tv\/az\/article\/bos-vedler\/","url":"https:\/\/www.meydan.tv\/az\/article\/bos-vedler\/","name":"Bo\u015f v\u0259dl\u0259r - MEYDAN.TV","isPartOf":{"@id":"https:\/\/www.meydan.tv\/az\/#website"},"primaryImageOfPage":{"@id":"https:\/\/www.meydan.tv\/az\/article\/bos-vedler\/#primaryimage"},"image":{"@id":"https:\/\/www.meydan.tv\/az\/article\/bos-vedler\/#primaryimage"},"thumbnailUrl":"https:\/\/www.meydan.tv\/wp-content\/uploads\/33631.jpg","datePublished":"2017-05-26T03:10:05+00:00","breadcrumb":{"@id":"https:\/\/www.meydan.tv\/az\/article\/bos-vedler\/#breadcrumb"},"inLanguage":"az","potentialAction":[{"@type":"ReadAction","target":["https:\/\/www.meydan.tv\/az\/article\/bos-vedler\/"]}]},{"@type":"ImageObject","inLanguage":"az","@id":"https:\/\/www.meydan.tv\/az\/article\/bos-vedler\/#primaryimage","url":"https:\/\/www.meydan.tv\/wp-content\/uploads\/33631.jpg","contentUrl":"https:\/\/www.meydan.tv\/wp-content\/uploads\/33631.jpg","width":810,"height":450,"caption":"Source:"},{"@type":"BreadcrumbList","@id":"https:\/\/www.meydan.tv\/az\/article\/bos-vedler\/#breadcrumb","itemListElement":[{"@type":"ListItem","position":1,"name":"Ana s\u0259hif\u0259","item":"https:\/\/www.meydan.tv\/az\/"},{"@type":"ListItem","position":2,"name":"M\u0259nim Fikrimc\u0259","item":"https:\/\/www.meydan.tv\/az\/section\/menim-fikrimce\/"},{"@type":"ListItem","position":3,"name":"Bo\u015f v\u0259dl\u0259r"}]},{"@type":"WebSite","@id":"https:\/\/www.meydan.tv\/az\/#website","url":"https:\/\/www.meydan.tv\/az\/","name":"MEYDAN.TV","description":"Meydan TV Az\u0259rbaycan\u0131n media m\u0259kan\u0131ndak\u0131 alternativ s\u0259sidir","publisher":{"@id":"https:\/\/www.meydan.tv\/az\/#organization"},"potentialAction":[{"@type":"SearchAction","target":{"@type":"EntryPoint","urlTemplate":"https:\/\/www.meydan.tv\/az\/?s={search_term_string}"},"query-input":{"@type":"PropertyValueSpecification","valueRequired":true,"valueName":"search_term_string"}}],"inLanguage":"az"},{"@type":"Organization","@id":"https:\/\/www.meydan.tv\/az\/#organization","name":"Meydan TV","url":"https:\/\/www.meydan.tv\/az\/","logo":{"@type":"ImageObject","inLanguage":"az","@id":"https:\/\/www.meydan.tv\/az\/#\/schema\/logo\/image\/","url":"https:\/\/www.meydan.tv\/wp-content\/uploads\/2021\/07\/meydan-logo.svg","contentUrl":"https:\/\/www.meydan.tv\/wp-content\/uploads\/2021\/07\/meydan-logo.svg","width":195,"height":46,"caption":"Meydan TV"},"image":{"@id":"https:\/\/www.meydan.tv\/az\/#\/schema\/logo\/image\/"}},{"@type":"Person","@id":"https:\/\/www.meydan.tv\/az\/#\/schema\/person\/10d11eccf6da3662cf5fdab9806ea91a","name":"user-manager"}]}},"_links":{"self":[{"href":"https:\/\/www.meydan.tv\/az\/wp-json\/wp\/v2\/posts\/184550","targetHints":{"allow":["GET"]}}],"collection":[{"href":"https:\/\/www.meydan.tv\/az\/wp-json\/wp\/v2\/posts"}],"about":[{"href":"https:\/\/www.meydan.tv\/az\/wp-json\/wp\/v2\/types\/post"}],"author":[{"embeddable":true,"href":"https:\/\/www.meydan.tv\/az\/wp-json\/wp\/v2\/users\/11"}],"replies":[{"embeddable":true,"href":"https:\/\/www.meydan.tv\/az\/wp-json\/wp\/v2\/comments?post=184550"}],"version-history":[{"count":0,"href":"https:\/\/www.meydan.tv\/az\/wp-json\/wp\/v2\/posts\/184550\/revisions"}],"wp:featuredmedia":[{"embeddable":true,"href":"https:\/\/www.meydan.tv\/az\/wp-json\/wp\/v2\/media\/85464"}],"wp:attachment":[{"href":"https:\/\/www.meydan.tv\/az\/wp-json\/wp\/v2\/media?parent=184550"}],"wp:term":[{"taxonomy":"category","embeddable":true,"href":"https:\/\/www.meydan.tv\/az\/wp-json\/wp\/v2\/categories?post=184550"},{"taxonomy":"post_tag","embeddable":true,"href":"https:\/\/www.meydan.tv\/az\/wp-json\/wp\/v2\/tags?post=184550"}],"curies":[{"name":"wp","href":"https:\/\/api.w.org\/{rel}","templated":true}]}}