{"id":184492,"date":"2017-05-23T18:07:26","date_gmt":"2017-05-23T18:07:26","guid":{"rendered":"https:\/\/www.meydan.tv\/article\/tanimaga-gecikdiyimiz-tutu-muellimeler\/"},"modified":"2017-05-23T18:07:26","modified_gmt":"2017-05-23T18:07:26","slug":"tanimaga-gecikdiyimiz-tutu-muellimeler","status":"publish","type":"post","link":"https:\/\/www.meydan.tv\/az\/article\/tanimaga-gecikdiyimiz-tutu-muellimeler\/","title":{"rendered":"Tan\u0131ma\u011fa gecikdiyimiz Tutu m\u00fc\u0259llim\u0259l\u0259r"},"content":{"rendered":"<p>\n  \u00d6z\u00fcmd\u0259n u\u011fursuz Amerika k\u0259\u015ff etm\u0259kd\u0259ns\u0259, l\u0259yaq\u0259tli bir insan hekay\u0259ti yazma\u011fa \u00e7al\u0131\u015fd\u0131m&#8230;<\/p>\n<p>  Q\u0131rx ild\u0259n art\u0131q i\u015fl\u0259diyi m\u0259kt\u0259bin \u00f6z \u0259lil\u0259 yaratd\u0131\u011f\u0131 s\u0259liq\u0259-sahmanl\u0131 kitabxanas\u0131nda ya\u015fa dolan z\u0259ngin d\u00fcnyag\u00f6r\u00fc\u015fl\u00fc, t\u0259vaz\u00f6kar qad\u0131n\u0131 Tutu m\u00fc\u0259llim\u0259 kimi tan\u0131m\u0131\u015fd\u0131m. Bu g\u00fcn ana \u015f\u0259fq\u0259tli ip\u0259k insan\u0131n \u00f6m\u00fcr kitab\u0131n\u0131n s\u0259hif\u0259l\u0259dikc\u0259, ona daha d\u0259rind\u0259n heyran oldum&#8230;\n<\/p>\n<p>\n  Qohum himay\u0259sind\u0259 b\u00f6y\u00fcy\u0259n Tutu m\u00fc\u0259llim\u0259y\u0259 valideyn nisgilinin \u0259v\u0259zind\u0259 tanr\u0131 g\u00f6z\u0259l ail\u0259 qism\u0259t edir. \u00d6z\u0259l, xo\u015fb\u0259xt yuvas\u0131nda yetimliyini unudan g\u0259nc anan\u0131n bu d\u0259f\u0259 \u00f6vladlar\u0131 atas\u0131z qal\u0131rlar. Ard\u0131nca o\u011flanlar\u0131ndan biri d\u00fc\u015fd\u00fcy\u00fc q\u0259zan\u0131n a\u011f\u0131r f\u0259sadlar\u0131ndan qurtulmayaraq d\u00fcnyas\u0131n\u0131 d\u0259yi\u015fir. Amma n\u0259 taleyin q\u0259ddarl\u0131\u011f\u0131, n\u0259 h\u0259yat \u015f\u0259rtl\u0259rinin a\u011f\u0131rl\u0131\u011f\u0131 onun i\u015fin\u0259 olan m\u0259suliyy\u0259tini v\u0259 u\u015faqlara, kitablara h\u0259ssas, qay\u011f\u0131ke\u015f m\u00fcnasib\u0259tini d\u0259yi\u015fdir\u0259 bilmir. Yaralar\u0131n\u0131n \u00fcst\u00fc qaysaq tutma\u011fa ba\u015flad\u0131\u011f\u0131 zamanlarda Tutu m\u00fc\u0259llim\u0259 iki u\u015faq atas\u0131 olan ikinci o\u011flunu itirir. \u00d6vlad yadigarlar\u0131ndan birin\u0259 k\u00f6rp\u0259likd\u0259n \u00f6z\u00fc bax\u0131b i\u015fl\u0259diyi m\u0259kt\u0259bd\u0259 oxudur. N\u0259v\u0259si orta m\u0259kt\u0259bin ax\u0131r\u0131nc\u0131 sinfin\u0259 ke\u00e7\u0259n ili Tutu m\u00fc\u0259llim\u0259nin altm\u0131\u015f be\u015f ya\u015f\u0131 tamam olur. Direktor sevinc\u0259k pensiya madd\u0259sini t\u0259tbiq ed\u0259r\u0259k, onu h\u0259min g\u00fcn i\u015fd\u0259n azad edir.\n<\/p>\n<p>\n  \u0130st\u0259nil\u0259n qanunun maraqlara g\u00f6r\u0259 d\u0259yi\u015fdiyi \u00f6lk\u0259d\u0259 ist\u0259r pe\u015f\u0259karl\u0131\u011f\u0131, ist\u0259r \u015f\u0259xsi keyfiyy\u0259tl\u0259ri h\u0259l\u0259 \u00e7ox ill\u0259r n\u00fcmun\u0259 ola bil\u0259c\u0259k Tutu m\u00fc\u0259llim\u0259 o direktordan i\u015fl\u0259m\u0259k \u00fc\u00e7\u00fcn \u0259lav\u0259 bir il m\u00f6hl\u0259t ist\u0259yir. N\u0259v\u0259sinin a\u015fa\u011f\u0131 sinifl\u0259rd\u0259n \u00f6d\u0259ni\u015fli haz\u0131rl\u0131qlar\u0131 yaram\u00e7\u0131q qalmas\u0131n, atas\u0131z u\u015faq ali m\u0259kt\u0259b\u0259 girib bir m\u0259sl\u0259k sahibi olsun dey\u0259 c\u0259mi birc\u0259 il! Bir qad\u0131n\u0131n, anan\u0131n ba\u015fqa bir qad\u0131ndan, anadan ed\u0259 bil\u0259c\u0259yi \u0259n m\u0259ntiqi v\u0259 t\u0259bii xahi\u015f&#8230; M\u00f6hl\u0259t bit\u0259n kimi \u0259riz\u0259sini yaz\u0131b ged\u0259c\u0259kdi. Onu tan\u0131yan h\u0259r k\u0259s kimi direktor da Tutu m\u00fc\u0259llim\u0259nin n\u0259 q\u0259d\u0259r q\u00fcrurlu oldu\u011funu bilirdi. Sad\u0259c\u0259 o yer \u00e7oxdan hans\u0131sa se\u00e7ilmi\u015f m\u0259mur ail\u0259sinin g\u0259nc \u00fczv\u00fc \u00fc\u00e7\u00fcn behl\u0259nmi\u015fdi.\n<\/p>\n<p>\n  H\u0259min g\u0259nc xan\u0131m da o stajl\u0131 direktor kimi kitab adam\u0131 deyildi. \u018fsas ki, m\u0259kt\u0259bin qap\u0131s\u0131ndan girib, bir zamanlar\u0131n g\u0259nc m\u00fc\u0259llim\u0259si o direktorun add\u0131mlar\u0131yla karyera n\u0259rdivanlar\u0131na qalxmal\u0131yd\u0131. Onun hans\u0131sa \u201ckitab y\u0131\u011f\u0131n\u0131ndan g\u0259l\u0259si q\u0259pik-quru\u015fa\u201d n\u0259inki ehtiyac\u0131 yoxuydu, h\u0259tta b\u0259lk\u0259 o manatlarla n\u0259 ed\u0259c\u0259yini bilm\u0259y\u0259c\u0259kdi d\u0259.\n<\/p>\n<p>\n  Tutu m\u00fc\u0259llim\u0259 is\u0259 o m\u0259vacibd\u0259n n\u0259v\u0259sinin bitm\u0259y\u0259n m\u0259kt\u0259b pulunu, ya\u015fad\u0131qlar\u0131 balaca ota\u011f\u0131n i\u015f\u0131\u011f\u0131n\u0131, qaz\u0131n\u0131, s\u00fcfr\u0259sinin \u0259y\u0259r-\u0259skiyini d\u00fcz\u00fcb-qo\u015facaqd\u0131. M\u0259hl\u0259nin xan\u0131m-xat\u0131n Tutu m\u00fc\u0259llim\u0259si olaraq \u00e7antas\u0131na n\u0259s\u0259 qoyub xeyr\u0259-\u015f\u0259r\u0259 qat\u0131lacaqd\u0131. \u00c7al\u0131\u015fd\u0131\u011f\u0131 x\u0131rda-para i\u015fl\u0259ri d\u0259 g\u00f6z\u00fcn\u0259 qat\u0131b toplad\u0131\u011f\u0131 be\u015f-\u00fc\u00e7 manatlarla h\u0259min o yeniyetm\u0259y\u0259 \u201cxalx\u0131n u\u015faxlar\u0131\u201d geyin\u0259n \u0259yin-ba\u015fdan almaq x\u0259yal\u0131n\u0131 quracaqd\u0131. Arada vaxt tap\u0131b \u0259l alt\u0131ndak\u0131 kitablardan \u00fc\u00e7-d\u00f6rd s\u0259hif\u0259 \u00e7evir\u0259c\u0259kdi. B\u00fct\u00fcn ke\u00e7\u0259rli, insani s\u0259b\u0259bl\u0259r\u0259 r\u0259\u011fm\u0259n o direktor o kitab s\u0259rraf\u0131na o m\u00f6hl\u0259ti verm\u0259di. Sanki birc\u0259 il i\u015fl\u0259yib maa\u015f almaqla \u00f6lk\u0259nin iqtisadi-siyasi-sosial h\u0259yat\u0131ndak\u0131 \u00e7\u0131x\u0131lmaz, a\u011f\u0131r b\u00f6hrana m\u0259hz Tutu m\u00fc\u0259llim\u0259 bais olacaqd\u0131.\n<\/p>\n<p>\n  ***\n<\/p>\n<p>\n  Yeni d\u0259rs ili ba\u015flanan g\u00fcn Tutu m\u00fc\u0259llim\u0259 yayboyu h\u0259v\u0259sl\u0259 se\u00e7diyi \u0259n maraql\u0131 \u0259s\u0259rl\u0259rin siyah\u0131s\u0131n\u0131 g\u00f6t\u00fcr\u00fcb m\u0259kt\u0259b\u0259 getm\u0259di. M\u0259kt\u0259blil\u0259ri o siyah\u0131dak\u0131 g\u00f6z\u0259l \u0259s\u0259rl\u0259rl\u0259, o \u0259s\u0259rl\u0259rin d\u00fcny\u0259vi m\u00fc\u0259llifl\u0259ril\u0259 tan\u0131\u015f edib h\u0259min kitablar\u0131 onlara paylamad\u0131. B\u00f6y\u00fck qad\u0131n h\u0259min g\u00fcn b\u00f6y\u00fck ehtiyaclar\u0131n qar\u015f\u0131s\u0131na \u00e7\u0131xd\u0131. Olsun, o c\u0259fake\u015f qad\u0131n ist\u0259nil\u0259n i\u015fd\u0259n yap\u0131\u015f\u0131b q\u0259lbinin sevgisi, \u0259linin z\u0259hm\u0259ti il\u0259 o ehtiyaclar\u0131 d\u0259f ed\u0259c\u0259kdi v\u0259 h\u0259r \u015fey tezlikl\u0259 yoluna d\u00fc\u015f\u0259c\u0259kdi. Yaln\u0131z q\u0131rx be\u015f illik fasil\u0259siz i\u015fin\u0259, vicdanla yerin\u0259 yetirdiyi f\u0259aliyy\u0259tin\u0259 d\u0259ym\u0259y\u0259n birc\u0259 ilin cavab\u0131n\u0131 \u00e7\u00f6z\u0259 bilm\u0259y\u0259c\u0259kdi&#8230;\n<\/p>\n<p>\n  Yenilm\u0259zlik d\u0259rsini h\u0259yat\u0131n \u00f6z\u00fcnd\u0259n v\u0259 oxudu\u011fu y\u00fczl\u0259rl\u0259 d\u0259y\u0259rli, \u00f6lm\u0259z \u0259s\u0259rl\u0259rd\u0259n alan Tutu m\u00fc\u0259llim\u0259nin hekay\u0259ti burda bitm\u0259y\u0259c\u0259k. \u00c7\u00fcnki art\u0131q Tutu m\u00fc\u0259llim\u0259l\u0259r getdikc\u0259 kas\u0131bla\u015fan \u00f6lk\u0259nin \u0259n qiym\u0259tli m\u0259n\u0259vi s\u0259rv\u0259tidir. D\u00fcnyan\u0131n v\u0259 v\u0259t\u0259nin \u0259b\u0259di \u0259d\u0259biyyat\u0131n\u0131 yaradan H\u00fcqonu, \u00c7exovu, Servantesi, Sabiri, Axundovu, Mirz\u0259 C\u0259lili v\u0259 dig\u0259r dahil\u0259ri sev\u0259-sev\u0259, sevdir\u0259-sevdir\u0259 tan\u0131d\u0131b \u00f6yr\u0259d\u0259n d\u00fc\u015f\u00fcnc\u0259, z\u0259ka sahibinin \u00f6mr\u00fc b\u00fct\u00fcn \u015fagirdl\u0259rinin g\u0259l\u0259c\u0259k xatir\u0259l\u0259ri q\u0259d\u0259rdir.\n<\/p>\n<p>\n  K\u00f6n\u00fcll\u00fc ita\u0259tkarl\u0131q, saxta b\u00fclletenl\u0259r, kabinet-m\u00f6h\u00fcr d\u00fc\u015fk\u00fcnl\u00fcy\u00fc hesab\u0131na qazan\u0131lm\u0131\u015f s\u0259lahiyy\u0259t v\u0259 maddi t\u0259minat Tutu m\u00fc\u0259llim\u0259 kimi nadir insanlar\u0131 i\u015fd\u0259n \u00e7\u0131xartma\u011fa yets\u0259 d\u0259, \u0259slind\u0259 \u00e7ox etibars\u0131z v\u0259 m\u00fcv\u0259qq\u0259ti kapitald\u0131r. G\u00f6z q\u0131rp\u0131m\u0131ndaca \u0259ld\u0259n ged\u0259r, h\u0259tta sahibini h\u0259mi\u015f\u0259lik g\u00fcl\u00fcnc v\u0259ziyy\u0259td\u0259 qoya bil\u0259r. Bir m\u0259kt\u0259b direktoru vard\u0131 ha, se\u00e7ki vaxt\u0131 \u201cMeydan\u201d\u0131n \u00e7\u0259kili\u015f kameras\u0131na h\u00fccum edib s\u0131nd\u0131ran. Az vaxtda sosial \u015f\u0259b\u0259k\u0259nin \u201cparlaq ulduzuna\u201d \u00e7evrilib sonra \u00f6z\u00fc d\u0259 s\u0131nd\u0131 dey\u0259s\u0259n. B\u00fct\u00f6v s\u0131nmasa da, o q\u0259d\u0259r \u201c\u015f\u00f6hr\u0259td\u0259n\u201d \u0259n az\u0131ndan \u00e7at vermi\u015f olard\u0131.\n<\/p>\n<p>\n  Yad\u0131n\u0131zdad\u0131rm\u0131, o qad\u0131n\u0131n sif\u0259tind\u0259 birc\u0259 s\u0259tir d\u0259 yaz\u0131lmam\u0131\u015fd\u0131&#8230; Bu g\u00fcn \u201cyuxar\u0131lar\u0131n\u201d k\u00fctl\u0259vil\u0259\u015fmi\u015f \u0259sl faci\u0259si d\u0259 budur: Kitabs\u0131zl\u0131q!<\/p>\n","protected":false},"excerpt":{"rendered":"<p>\u00d6z\u00fcmd\u0259n u\u011fursuz Amerika k\u0259\u015ff etm\u0259kd\u0259ns\u0259, l\u0259yaq\u0259tli bir insan hekay\u0259ti yazma\u011fa \u00e7al\u0131\u015fd\u0131m&#8230;<\/p>\n","protected":false},"author":11,"featured_media":80491,"comment_status":"closed","ping_status":"open","sticky":false,"template":"","format":"standard","meta":{"_acf_changed":false,"_sitemap_exclude":false,"_sitemap_priority":"","_sitemap_frequency":"","footnotes":""},"categories":[57],"tags":[],"class_list":["post-184492","post","type-post","status-publish","format-standard","has-post-thumbnail","hentry","category-menim-fikrimce","infinite-scroll-item","generate-columns","tablet-grid-50","mobile-grid-100","grid-parent","grid-33","no-featured-image-padding"],"acf":[],"yoast_head":"<!-- This site is optimized with the Yoast SEO plugin v27.5 - https:\/\/yoast.com\/product\/yoast-seo-wordpress\/ -->\n<title>Tan\u0131ma\u011fa gecikdiyimiz Tutu m\u00fc\u0259llim\u0259l\u0259r - MEYDAN.TV<\/title>\n<meta name=\"robots\" content=\"index, follow, max-snippet:-1, max-image-preview:large, max-video-preview:-1\" \/>\n<link rel=\"canonical\" href=\"https:\/\/www.meydan.tv\/az\/article\/tanimaga-gecikdiyimiz-tutu-muellimeler\/\" \/>\n<meta property=\"og:locale\" content=\"az_AZ\" \/>\n<meta property=\"og:type\" content=\"article\" \/>\n<meta property=\"og:title\" content=\"Tan\u0131ma\u011fa gecikdiyimiz Tutu m\u00fc\u0259llim\u0259l\u0259r - MEYDAN.TV\" \/>\n<meta property=\"og:description\" content=\"\u00d6z\u00fcmd\u0259n u\u011fursuz Amerika k\u0259\u015ff etm\u0259kd\u0259ns\u0259, l\u0259yaq\u0259tli bir insan hekay\u0259ti yazma\u011fa \u00e7al\u0131\u015fd\u0131m...\" \/>\n<meta property=\"og:url\" content=\"https:\/\/www.meydan.tv\/az\/article\/tanimaga-gecikdiyimiz-tutu-muellimeler\/\" \/>\n<meta property=\"og:site_name\" content=\"MEYDAN.TV\" \/>\n<meta property=\"article:published_time\" content=\"2017-05-23T18:07:26+00:00\" \/>\n<meta property=\"og:image\" content=\"https:\/\/www.meydan.tv\/wp-content\/uploads\/31405.jpg\" \/>\n\t<meta property=\"og:image:width\" content=\"1334\" \/>\n\t<meta property=\"og:image:height\" content=\"998\" \/>\n\t<meta property=\"og:image:type\" content=\"image\/jpeg\" \/>\n<meta name=\"author\" content=\"user-manager\" \/>\n<meta name=\"twitter:card\" content=\"summary_large_image\" \/>\n<script type=\"application\/ld+json\" class=\"yoast-schema-graph\">{\"@context\":\"https:\\\/\\\/schema.org\",\"@graph\":[{\"@type\":\"Article\",\"@id\":\"https:\\\/\\\/www.meydan.tv\\\/az\\\/article\\\/tanimaga-gecikdiyimiz-tutu-muellimeler\\\/#article\",\"isPartOf\":{\"@id\":\"https:\\\/\\\/www.meydan.tv\\\/az\\\/article\\\/tanimaga-gecikdiyimiz-tutu-muellimeler\\\/\"},\"author\":{\"name\":\"user-manager\",\"@id\":\"https:\\\/\\\/www.meydan.tv\\\/az\\\/#\\\/schema\\\/person\\\/10d11eccf6da3662cf5fdab9806ea91a\"},\"headline\":\"Tan\u0131ma\u011fa gecikdiyimiz Tutu m\u00fc\u0259llim\u0259l\u0259r\",\"datePublished\":\"2017-05-23T18:07:26+00:00\",\"mainEntityOfPage\":{\"@id\":\"https:\\\/\\\/www.meydan.tv\\\/az\\\/article\\\/tanimaga-gecikdiyimiz-tutu-muellimeler\\\/\"},\"wordCount\":1126,\"publisher\":{\"@id\":\"https:\\\/\\\/www.meydan.tv\\\/az\\\/#organization\"},\"image\":{\"@id\":\"https:\\\/\\\/www.meydan.tv\\\/az\\\/article\\\/tanimaga-gecikdiyimiz-tutu-muellimeler\\\/#primaryimage\"},\"thumbnailUrl\":\"https:\\\/\\\/www.meydan.tv\\\/wp-content\\\/uploads\\\/31405.jpg\",\"articleSection\":[\"M\u0259nim Fikrimc\u0259\"],\"inLanguage\":\"az\"},{\"@type\":\"WebPage\",\"@id\":\"https:\\\/\\\/www.meydan.tv\\\/az\\\/article\\\/tanimaga-gecikdiyimiz-tutu-muellimeler\\\/\",\"url\":\"https:\\\/\\\/www.meydan.tv\\\/az\\\/article\\\/tanimaga-gecikdiyimiz-tutu-muellimeler\\\/\",\"name\":\"Tan\u0131ma\u011fa gecikdiyimiz Tutu m\u00fc\u0259llim\u0259l\u0259r - MEYDAN.TV\",\"isPartOf\":{\"@id\":\"https:\\\/\\\/www.meydan.tv\\\/az\\\/#website\"},\"primaryImageOfPage\":{\"@id\":\"https:\\\/\\\/www.meydan.tv\\\/az\\\/article\\\/tanimaga-gecikdiyimiz-tutu-muellimeler\\\/#primaryimage\"},\"image\":{\"@id\":\"https:\\\/\\\/www.meydan.tv\\\/az\\\/article\\\/tanimaga-gecikdiyimiz-tutu-muellimeler\\\/#primaryimage\"},\"thumbnailUrl\":\"https:\\\/\\\/www.meydan.tv\\\/wp-content\\\/uploads\\\/31405.jpg\",\"datePublished\":\"2017-05-23T18:07:26+00:00\",\"breadcrumb\":{\"@id\":\"https:\\\/\\\/www.meydan.tv\\\/az\\\/article\\\/tanimaga-gecikdiyimiz-tutu-muellimeler\\\/#breadcrumb\"},\"inLanguage\":\"az\",\"potentialAction\":[{\"@type\":\"ReadAction\",\"target\":[\"https:\\\/\\\/www.meydan.tv\\\/az\\\/article\\\/tanimaga-gecikdiyimiz-tutu-muellimeler\\\/\"]}]},{\"@type\":\"ImageObject\",\"inLanguage\":\"az\",\"@id\":\"https:\\\/\\\/www.meydan.tv\\\/az\\\/article\\\/tanimaga-gecikdiyimiz-tutu-muellimeler\\\/#primaryimage\",\"url\":\"https:\\\/\\\/www.meydan.tv\\\/wp-content\\\/uploads\\\/31405.jpg\",\"contentUrl\":\"https:\\\/\\\/www.meydan.tv\\\/wp-content\\\/uploads\\\/31405.jpg\",\"width\":1334,\"height\":998,\"caption\":\"Source:\"},{\"@type\":\"BreadcrumbList\",\"@id\":\"https:\\\/\\\/www.meydan.tv\\\/az\\\/article\\\/tanimaga-gecikdiyimiz-tutu-muellimeler\\\/#breadcrumb\",\"itemListElement\":[{\"@type\":\"ListItem\",\"position\":1,\"name\":\"Ana s\u0259hif\u0259\",\"item\":\"https:\\\/\\\/www.meydan.tv\\\/az\\\/\"},{\"@type\":\"ListItem\",\"position\":2,\"name\":\"M\u0259nim Fikrimc\u0259\",\"item\":\"https:\\\/\\\/www.meydan.tv\\\/az\\\/section\\\/menim-fikrimce\\\/\"},{\"@type\":\"ListItem\",\"position\":3,\"name\":\"Tan\u0131ma\u011fa gecikdiyimiz Tutu m\u00fc\u0259llim\u0259l\u0259r\"}]},{\"@type\":\"WebSite\",\"@id\":\"https:\\\/\\\/www.meydan.tv\\\/az\\\/#website\",\"url\":\"https:\\\/\\\/www.meydan.tv\\\/az\\\/\",\"name\":\"MEYDAN.TV\",\"description\":\"Meydan TV Az\u0259rbaycan\u0131n media m\u0259kan\u0131ndak\u0131 alternativ s\u0259sidir\",\"publisher\":{\"@id\":\"https:\\\/\\\/www.meydan.tv\\\/az\\\/#organization\"},\"potentialAction\":[{\"@type\":\"SearchAction\",\"target\":{\"@type\":\"EntryPoint\",\"urlTemplate\":\"https:\\\/\\\/www.meydan.tv\\\/az\\\/?s={search_term_string}\"},\"query-input\":{\"@type\":\"PropertyValueSpecification\",\"valueRequired\":true,\"valueName\":\"search_term_string\"}}],\"inLanguage\":\"az\"},{\"@type\":\"Organization\",\"@id\":\"https:\\\/\\\/www.meydan.tv\\\/az\\\/#organization\",\"name\":\"Meydan TV\",\"url\":\"https:\\\/\\\/www.meydan.tv\\\/az\\\/\",\"logo\":{\"@type\":\"ImageObject\",\"inLanguage\":\"az\",\"@id\":\"https:\\\/\\\/www.meydan.tv\\\/az\\\/#\\\/schema\\\/logo\\\/image\\\/\",\"url\":\"https:\\\/\\\/www.meydan.tv\\\/wp-content\\\/uploads\\\/2021\\\/07\\\/meydan-logo.svg\",\"contentUrl\":\"https:\\\/\\\/www.meydan.tv\\\/wp-content\\\/uploads\\\/2021\\\/07\\\/meydan-logo.svg\",\"width\":195,\"height\":46,\"caption\":\"Meydan TV\"},\"image\":{\"@id\":\"https:\\\/\\\/www.meydan.tv\\\/az\\\/#\\\/schema\\\/logo\\\/image\\\/\"}},{\"@type\":\"Person\",\"@id\":\"https:\\\/\\\/www.meydan.tv\\\/az\\\/#\\\/schema\\\/person\\\/10d11eccf6da3662cf5fdab9806ea91a\",\"name\":\"user-manager\"}]}<\/script>\n<!-- \/ Yoast SEO plugin. -->","yoast_head_json":{"title":"Tan\u0131ma\u011fa gecikdiyimiz Tutu m\u00fc\u0259llim\u0259l\u0259r - MEYDAN.TV","robots":{"index":"index","follow":"follow","max-snippet":"max-snippet:-1","max-image-preview":"max-image-preview:large","max-video-preview":"max-video-preview:-1"},"canonical":"https:\/\/www.meydan.tv\/az\/article\/tanimaga-gecikdiyimiz-tutu-muellimeler\/","og_locale":"az_AZ","og_type":"article","og_title":"Tan\u0131ma\u011fa gecikdiyimiz Tutu m\u00fc\u0259llim\u0259l\u0259r - MEYDAN.TV","og_description":"\u00d6z\u00fcmd\u0259n u\u011fursuz Amerika k\u0259\u015ff etm\u0259kd\u0259ns\u0259, l\u0259yaq\u0259tli bir insan hekay\u0259ti yazma\u011fa \u00e7al\u0131\u015fd\u0131m...","og_url":"https:\/\/www.meydan.tv\/az\/article\/tanimaga-gecikdiyimiz-tutu-muellimeler\/","og_site_name":"MEYDAN.TV","article_published_time":"2017-05-23T18:07:26+00:00","og_image":[{"width":1334,"height":998,"url":"https:\/\/www.meydan.tv\/wp-content\/uploads\/31405.jpg","type":"image\/jpeg"}],"author":"user-manager","twitter_card":"summary_large_image","schema":{"@context":"https:\/\/schema.org","@graph":[{"@type":"Article","@id":"https:\/\/www.meydan.tv\/az\/article\/tanimaga-gecikdiyimiz-tutu-muellimeler\/#article","isPartOf":{"@id":"https:\/\/www.meydan.tv\/az\/article\/tanimaga-gecikdiyimiz-tutu-muellimeler\/"},"author":{"name":"user-manager","@id":"https:\/\/www.meydan.tv\/az\/#\/schema\/person\/10d11eccf6da3662cf5fdab9806ea91a"},"headline":"Tan\u0131ma\u011fa gecikdiyimiz Tutu m\u00fc\u0259llim\u0259l\u0259r","datePublished":"2017-05-23T18:07:26+00:00","mainEntityOfPage":{"@id":"https:\/\/www.meydan.tv\/az\/article\/tanimaga-gecikdiyimiz-tutu-muellimeler\/"},"wordCount":1126,"publisher":{"@id":"https:\/\/www.meydan.tv\/az\/#organization"},"image":{"@id":"https:\/\/www.meydan.tv\/az\/article\/tanimaga-gecikdiyimiz-tutu-muellimeler\/#primaryimage"},"thumbnailUrl":"https:\/\/www.meydan.tv\/wp-content\/uploads\/31405.jpg","articleSection":["M\u0259nim Fikrimc\u0259"],"inLanguage":"az"},{"@type":"WebPage","@id":"https:\/\/www.meydan.tv\/az\/article\/tanimaga-gecikdiyimiz-tutu-muellimeler\/","url":"https:\/\/www.meydan.tv\/az\/article\/tanimaga-gecikdiyimiz-tutu-muellimeler\/","name":"Tan\u0131ma\u011fa gecikdiyimiz Tutu m\u00fc\u0259llim\u0259l\u0259r - MEYDAN.TV","isPartOf":{"@id":"https:\/\/www.meydan.tv\/az\/#website"},"primaryImageOfPage":{"@id":"https:\/\/www.meydan.tv\/az\/article\/tanimaga-gecikdiyimiz-tutu-muellimeler\/#primaryimage"},"image":{"@id":"https:\/\/www.meydan.tv\/az\/article\/tanimaga-gecikdiyimiz-tutu-muellimeler\/#primaryimage"},"thumbnailUrl":"https:\/\/www.meydan.tv\/wp-content\/uploads\/31405.jpg","datePublished":"2017-05-23T18:07:26+00:00","breadcrumb":{"@id":"https:\/\/www.meydan.tv\/az\/article\/tanimaga-gecikdiyimiz-tutu-muellimeler\/#breadcrumb"},"inLanguage":"az","potentialAction":[{"@type":"ReadAction","target":["https:\/\/www.meydan.tv\/az\/article\/tanimaga-gecikdiyimiz-tutu-muellimeler\/"]}]},{"@type":"ImageObject","inLanguage":"az","@id":"https:\/\/www.meydan.tv\/az\/article\/tanimaga-gecikdiyimiz-tutu-muellimeler\/#primaryimage","url":"https:\/\/www.meydan.tv\/wp-content\/uploads\/31405.jpg","contentUrl":"https:\/\/www.meydan.tv\/wp-content\/uploads\/31405.jpg","width":1334,"height":998,"caption":"Source:"},{"@type":"BreadcrumbList","@id":"https:\/\/www.meydan.tv\/az\/article\/tanimaga-gecikdiyimiz-tutu-muellimeler\/#breadcrumb","itemListElement":[{"@type":"ListItem","position":1,"name":"Ana s\u0259hif\u0259","item":"https:\/\/www.meydan.tv\/az\/"},{"@type":"ListItem","position":2,"name":"M\u0259nim Fikrimc\u0259","item":"https:\/\/www.meydan.tv\/az\/section\/menim-fikrimce\/"},{"@type":"ListItem","position":3,"name":"Tan\u0131ma\u011fa gecikdiyimiz Tutu m\u00fc\u0259llim\u0259l\u0259r"}]},{"@type":"WebSite","@id":"https:\/\/www.meydan.tv\/az\/#website","url":"https:\/\/www.meydan.tv\/az\/","name":"MEYDAN.TV","description":"Meydan TV Az\u0259rbaycan\u0131n media m\u0259kan\u0131ndak\u0131 alternativ s\u0259sidir","publisher":{"@id":"https:\/\/www.meydan.tv\/az\/#organization"},"potentialAction":[{"@type":"SearchAction","target":{"@type":"EntryPoint","urlTemplate":"https:\/\/www.meydan.tv\/az\/?s={search_term_string}"},"query-input":{"@type":"PropertyValueSpecification","valueRequired":true,"valueName":"search_term_string"}}],"inLanguage":"az"},{"@type":"Organization","@id":"https:\/\/www.meydan.tv\/az\/#organization","name":"Meydan TV","url":"https:\/\/www.meydan.tv\/az\/","logo":{"@type":"ImageObject","inLanguage":"az","@id":"https:\/\/www.meydan.tv\/az\/#\/schema\/logo\/image\/","url":"https:\/\/www.meydan.tv\/wp-content\/uploads\/2021\/07\/meydan-logo.svg","contentUrl":"https:\/\/www.meydan.tv\/wp-content\/uploads\/2021\/07\/meydan-logo.svg","width":195,"height":46,"caption":"Meydan TV"},"image":{"@id":"https:\/\/www.meydan.tv\/az\/#\/schema\/logo\/image\/"}},{"@type":"Person","@id":"https:\/\/www.meydan.tv\/az\/#\/schema\/person\/10d11eccf6da3662cf5fdab9806ea91a","name":"user-manager"}]}},"_links":{"self":[{"href":"https:\/\/www.meydan.tv\/az\/wp-json\/wp\/v2\/posts\/184492","targetHints":{"allow":["GET"]}}],"collection":[{"href":"https:\/\/www.meydan.tv\/az\/wp-json\/wp\/v2\/posts"}],"about":[{"href":"https:\/\/www.meydan.tv\/az\/wp-json\/wp\/v2\/types\/post"}],"author":[{"embeddable":true,"href":"https:\/\/www.meydan.tv\/az\/wp-json\/wp\/v2\/users\/11"}],"replies":[{"embeddable":true,"href":"https:\/\/www.meydan.tv\/az\/wp-json\/wp\/v2\/comments?post=184492"}],"version-history":[{"count":0,"href":"https:\/\/www.meydan.tv\/az\/wp-json\/wp\/v2\/posts\/184492\/revisions"}],"wp:featuredmedia":[{"embeddable":true,"href":"https:\/\/www.meydan.tv\/az\/wp-json\/wp\/v2\/media\/80491"}],"wp:attachment":[{"href":"https:\/\/www.meydan.tv\/az\/wp-json\/wp\/v2\/media?parent=184492"}],"wp:term":[{"taxonomy":"category","embeddable":true,"href":"https:\/\/www.meydan.tv\/az\/wp-json\/wp\/v2\/categories?post=184492"},{"taxonomy":"post_tag","embeddable":true,"href":"https:\/\/www.meydan.tv\/az\/wp-json\/wp\/v2\/tags?post=184492"}],"curies":[{"name":"wp","href":"https:\/\/api.w.org\/{rel}","templated":true}]}}