{"id":184460,"date":"2017-05-22T15:26:03","date_gmt":"2017-05-22T15:26:03","guid":{"rendered":"https:\/\/www.meydan.tv\/article\/er-riyad-gorusunden-ne-gozlenilir\/"},"modified":"2017-05-22T15:26:03","modified_gmt":"2017-05-22T15:26:03","slug":"er-riyad-gorusunden-ne-gozlenilir","status":"publish","type":"post","link":"https:\/\/www.meydan.tv\/az\/article\/er-riyad-gorusunden-ne-gozlenilir\/","title":{"rendered":"\u018fr-Riyad g\u00f6r\u00fc\u015f\u00fcnd\u0259n n\u0259 g\u00f6zl\u0259nilir?"},"content":{"rendered":"<figure class=\"wp-block-image size-large\">\n  <img decoding=\"async\" src=\"https:\/\/www.meydan.tv\/az\/85171\/\" alt=\"\" class=\"wp-image-85171\"\/><figcaption><\/figcaption><\/figure>\n<p>\n  <i><br \/>\n    Bu s\u00f6vd\u0259l\u0259\u015fm\u0259 krall\u0131qda \u00fcmid olunan AB\u015e-\u0131n \u0130rana qar\u015f\u0131 h\u0259rbi v\u0259 ya g\u00fcc siyas\u0259tinin ba\u015flamas\u0131 \u00fc\u00e7\u00fcn \u0259sas olmayacaq<br \/>\n  <\/i>\n<\/p>\n<\/p>\n<p>\n  May\u0131n 21-d\u0259 S\u0259udiyy\u0259 krall\u0131\u011f\u0131n\u0131n paytaxt\u0131 \u018fr-Riyadda ke\u00e7iril\u0259n, radikal islama qar\u015f\u0131 m\u00fcbariz\u0259 v\u0259 m\u00fcs\u0259lmanlar\u0131n d\u00fcnyag\u00f6r\u00fc\u015f\u00fcnd\u0259 m\u00fclayim x\u0259ttin qurulmas\u0131 \u00fczr\u0259 ortaq s\u0259yl\u0259rin birl\u0259\u015fdirilm\u0259sin\u0259 y\u00f6n\u0259lmi\u015f \u018fr\u0259b-\u0130slam-Amerika sammiti \u00fcmumilikd\u0259 Birl\u0259\u015fmi\u015f \u015etatlar\u0131n qar\u015f\u0131ya qoydu\u011fu v\u0259zif\u0259l\u0259ri art\u0131q h\u0259ll edib.\n<\/p>\n<p>\n  \u0130randan ba\u015fqa he\u00e7 bir m\u00fcs\u0259lman \u00f6lk\u0259sinin t\u0259\u015f\u0259bb\u00fcskar\u0131 Va\u015finqton olan sammitd\u0259 i\u015ftirakdan imtina etm\u0259m\u0259si fakt\u0131 bu t\u0259dbirin b\u00fct\u00fcn i\u015ftirak\u00e7\u0131lar\u0131n\u0131n radikal islam\u00e7\u0131 qruplara qar\u015f\u0131 m\u00fcbariz\u0259 \u00fczr\u0259 q\u0259rarlar\u0131n q\u0259buluna v\u0259 t\u0259dbirl\u0259rin g\u00f6r\u00fclm\u0259sin\u0259 haz\u0131r olduqlar\u0131n\u0131 g\u00f6st\u0259rir. Amma bu, o dem\u0259k deyil ki, g\u00fccl\u0259ndirilmi\u015f rejimd\u0259 d\u00fcnya K\u0130V-l\u0259rinin anons etdiyi NATO-nun islam analoqu yarad\u0131lacaq.\n<\/p>\n<p>\n  B\u0259zi siyas\u0259t\u00e7il\u0259r, o c\u00fcml\u0259d\u0259n S\u0259udiyy\u0259 \u018fr\u0259bistan\u0131nda, AB\u015e-\u0131n \u0130randa rejimin cilovlanmas\u0131 \u00fc\u00e7\u00fcn hans\u0131sa h\u0259rbi h\u0259ll\u0259 haz\u0131rla\u015fd\u0131\u011f\u0131n\u0131 v\u0259 \u018fr-Riyadda islam liderl\u0259rinin birg\u0259 g\u00f6r\u00fc\u015f\u00fcn\u00fcn buna y\u00f6n\u0259ldiyini d\u00fc\u015f\u00fcnm\u0259kl\u0259 yan\u0131l\u0131rlar. &#8220;\u0130ran burada \u0259sas m\u00fckafatd\u0131r. Qalan h\u0259r \u015fey x\u0131rda detallard\u0131r&#8221;, dey\u0259 sammit \u0259r\u0259f\u0259sind\u0259 \u201cThe Guardian\u201d S\u0259udiyy\u0259 \u018fr\u0259bistan\u0131n\u0131n kral ail\u0259sinin ad\u0131n\u0131 a\u00e7\u0131qlamaqdan imtina ed\u0259n bir \u00fczv\u00fcn\u0259 istinadla bildirib.\n<\/p>\n<p>\n  B\u0259li, h\u0259qiq\u0259t\u0259n \u0130ran t\u0259hl\u00fck\u0259si amerikal\u0131lar\u0131n v\u0259 s\u0259udiyy\u0259lil\u0259rin r\u0259hb\u0259rlik etdiyi sammitin \u0259sas m\u00f6vzusu idi. Prezident Donald Tramp prezidentlik u\u011frunda m\u00fcbariz\u0259 zaman\u0131 v\u0259 sonradan \u0130ran\u0131 d\u00fcnyada terrorizmin \u0259lbiri adland\u0131r\u0131rd\u0131. S\u0259udiyy\u0259 krall\u0131\u011f\u0131n\u0131n v\u0259li\u0259hdi M\u0259h\u0259mm\u0259d bin Salman da onu t\u0259sdiq edir, &#8220;\u0130ran\u0131n islam d\u00fcnyas\u0131na n\u0259zar\u0259t etm\u0259k ambisiyalar\u0131 il\u0259 \u0259laq\u0259dar onunla dialoqun yeri yoxdur&#8221;, dey\u0259 qeyd edirdi.\n<\/p>\n<p>\n  Tramp\u0131n s\u0259f\u0259ri zaman\u0131 AB\u015e v\u0259 S\u0259udiyy\u0259 \u018fr\u0259bistan\u0131nda 110 mlrd. dollar\u0131 silahlar\u0131n pay\u0131na d\u00fc\u015f\u0259n 350 mlrd. dollar m\u0259bl\u0259\u011find\u0259 s\u00f6vd\u0259l\u0259\u015fm\u0259 iki \u00f6lk\u0259 aras\u0131nda s\u0259udiyy\u0259lil\u0259rin terrorizml\u0259 \u0259lbir oldu\u011funu dey\u0259n Obaman\u0131n prezidentliyi d\u00f6vr\u00fcnd\u0259 soyumu\u015f m\u00fcnasib\u0259tl\u0259ri yax\u0131nla\u015fd\u0131r\u0131b. Amma bu s\u00f6vd\u0259l\u0259\u015fm\u0259 krall\u0131qda \u00fcmid olunan AB\u015e-\u0131n \u0130rana qar\u015f\u0131 h\u0259rbi v\u0259 ya g\u00fcc siyas\u0259tinin ba\u015flamas\u0131 \u00fc\u00e7\u00fcn \u0259sas olmayacaq. \u018flb\u0259tt\u0259, S\u0259udiyy\u0259 \u018fr\u0259bistan\u0131 Y\u0259m\u0259nd\u0259 \u015fi\u0259 hutil\u0259r qrupla\u015fmas\u0131na qar\u015f\u0131 m\u00fcbariz\u0259sind\u0259 AB\u015e-\u0131n d\u0259st\u0259yini g\u00f6zl\u0259y\u0259 bil\u0259r. Orada S\u0259udiyy\u0259 ordusu K\u00f6rf\u0259z \u00f6lk\u0259l\u0259rind\u0259n ibar\u0259t m\u00fctt\u0259fiql\u0259ri il\u0259 birlikd\u0259 art\u0131q bir ne\u00e7\u0259 ildir d\u0259yi\u015fikliy\u0259 nail ola bilmir.\n<\/p>\n<p>\n  Bu Yax\u0131n \u015e\u0259rq oyununda Va\u015finqtonun \u0259sas v\u0259zif\u0259si radikalizmin aradan qald\u0131r\u0131lmas\u0131 v\u0259 \u018fr\u0259b d\u00fcnyas\u0131 v\u0259 \u0130srail aras\u0131nda konsensusun axtar\u0131\u015f\u0131d\u0131r. Onlar aras\u0131nda m\u00fcnaqi\u015f\u0259 gizli xarakter da\u015f\u0131y\u0131r v\u0259 \u0130ran t\u0259hl\u00fck\u0259si il\u0259 bir q\u0259d\u0259r kamuflyaj edilib. Bu g\u00fcn \u0259r\u0259bl\u0259r v\u0259 y\u0259hudil\u0259r aras\u0131nda m\u00fc\u0259yy\u0259n anlay\u0131\u015f formala\u015fd\u0131r\u0131lmas\u0131 \u00fc\u00e7\u00fcn ortaq platforma \u0130ran\u0131n ortaq t\u0259hl\u00fck\u0259 kimi q\u0259bul edilm\u0259sidir. Uzunm\u00fcdd\u0259tli v\u0259 h\u0259tta ortam\u00fcdd\u0259tli perspektivd\u0259 anti-\u0130ran koalisiyas\u0131n\u0131n formala\u015fmas\u0131 \u015fans\u0131 yoxdur. Bunun \u00f6z s\u0259b\u0259bl\u0259ri var. H\u0259s\u0259n Ruhaninin prezident se\u00e7kil\u0259rind\u0259 q\u0259l\u0259b\u0259si &#8211; n\u00fcv\u0259 (h\u0259rbi) layih\u0259l\u0259rinin i\u015fl\u0259nib haz\u0131rlanmas\u0131ndan imtinan\u0131 n\u0259z\u0259rd\u0259 tutan N\u00fcv\u0259 Sazi\u015fi onun prezidentliyi d\u00f6vr\u00fcnd\u0259 imzalan\u0131b, Q\u0259rb d\u00fcnyas\u0131 il\u0259 konstruktiv dialoq v\u0259 \u0130randa m\u00fclayim islam f\u0259ls\u0259f\u0259sinin inki\u015faf\u0131 ba\u015flay\u0131b, &#8211; \u0130ran xalq\u0131 \u00f6lk\u0259nin h\u0259m d\u00fcnya s\u0259viyy\u0259sind\u0259, h\u0259m d\u0259 regional s\u0259viyy\u0259d\u0259 t\u0259crid v\u0259ziyy\u0259tind\u0259n \u00e7\u0131xmaq m\u0259qs\u0259di g\u00fcdd\u00fcy\u00fcn\u00fc g\u00f6st\u0259rdi.\n<\/p>\n<p>\n  \u0130lk 100 g\u00fcnl\u00fck proqram\u0131nda v\u0259 sonrak\u0131 4 illik prezidentliyi d\u00f6vr\u00fcnd\u0259 Ruhani \u0130ran\u0131n daha da a\u00e7\u0131q olmas\u0131na, terrorizm\u0259 qar\u015f\u0131 m\u00fcbariz\u0259y\u0259 v\u0259 AB\u015e v\u0259 dig\u0259r q\u0259lb \u00f6lk\u0259l\u0259ri il\u0259 m\u00fcnasib\u0259tl\u0259rin t\u0259dric\u0259n inki\u015faf\u0131na, habel\u0259 islam qon\u015fular\u0131 il\u0259 fikir ayr\u0131l\u0131qlar\u0131n\u0131n aradan qald\u0131r\u0131lmas\u0131na \u00fcst\u00fcnl\u00fck verirdi.\n<\/p>\n<p>\n  AB\u015e paralel olaraq \u0130ran\u0131n energetika v\u0259 dig\u0259r layih\u0259l\u0259rind\u0259 i\u015ftirak haqq\u0131nda \u0130ranla dan\u0131\u015f\u0131qlar apar\u0131r. &#8220;Amerikan\u0131n Pall \u015firk\u0259ti \u0130rana texnologiyalar verm\u0259k v\u0259 neft avadanl\u0131\u011f\u0131n\u0131n istehsal x\u0259ttinin i\u015f\u0259 sal\u0131nmas\u0131na investisiya etm\u0259k niyy\u0259tind\u0259dir&#8221;, dey\u0259 \u0130ran\u0131n Panid m\u00fch\u0259ndis \u015firk\u0259tinin direktoru Nedu Musavizadeqan bildirib. S\u00f6hb\u0259t 1979-cu ild\u0259 \u0130ran \u0130slam \u0130nqilab\u0131ndan sonra Amerikan\u0131n ilk investisiyalar\u0131ndan gedir.\n<\/p>\n<p>\n  AB\u015e-\u0131n energetika il\u0259 z\u0259ngin regionda maraqlar\u0131 m\u0259ntiqind\u0259n Tramp administrasiyas\u0131n\u0131n 2030-cu il\u0259 q\u0259d\u0259r qeyri-neft iqtisadiyyat\u0131n\u0131n inki\u015faf\u0131 proqram\u0131 h\u0259yata ke\u00e7ir\u0259n S\u0259udiyy\u0259 \u018fr\u0259bistan\u0131 kimi, \u0259m\u0259kda\u015fl\u0131\u011fa v\u0259 islahatlara y\u00f6n\u0259lmi\u015f \u0130ranla ciddi g\u0259rginliy\u0259 getm\u0259y\u0259c\u0259yini g\u00f6zl\u0259m\u0259k olar. \u00dcmumilikd\u0259, da\u011f\u0131n\u0131q islam d\u00fcnyas\u0131nda b\u00fct\u00fcn t\u0259r\u0259fl\u0259rl\u0259 \u0259m\u0259kda\u015fl\u0131qdan m\u00fcmk\u00fcn q\u0259d\u0259r \u00e7ox dividend \u0259ld\u0259 etm\u0259k m\u0259qs\u0259dil\u0259 Amerikan\u0131n regionda tarazla\u015fd\u0131r\u0131lm\u0131\u015f siyas\u0259tinin formala\u015fmas\u0131n\u0131 g\u00f6zl\u0259m\u0259k olar.<\/p>\n","protected":false},"excerpt":{"rendered":"<p>Bu s\u00f6vd\u0259l\u0259\u015fm\u0259 krall\u0131qda \u00fcmid olunan AB\u015e-\u0131n \u0130rana qar\u015f\u0131 h\u0259rbi v\u0259 ya g\u00fcc siyas\u0259tinin ba\u015flamas\u0131 \u00fc\u00e7\u00fcn \u0259sas olmayacaq<\/p>\n","protected":false},"author":11,"featured_media":85171,"comment_status":"closed","ping_status":"open","sticky":false,"template":"","format":"standard","meta":{"_acf_changed":false,"_sitemap_exclude":false,"_sitemap_priority":"","_sitemap_frequency":"","footnotes":""},"categories":[51],"tags":[],"class_list":["post-184460","post","type-post","status-publish","format-standard","has-post-thumbnail","hentry","category-analitika","infinite-scroll-item","generate-columns","tablet-grid-50","mobile-grid-100","grid-parent","grid-33","no-featured-image-padding"],"acf":[],"yoast_head":"<!-- This site is optimized with the Yoast SEO plugin v27.4 - https:\/\/yoast.com\/product\/yoast-seo-wordpress\/ -->\n<title>\u018fr-Riyad g\u00f6r\u00fc\u015f\u00fcnd\u0259n n\u0259 g\u00f6zl\u0259nilir? - MEYDAN.TV<\/title>\n<meta name=\"robots\" content=\"index, follow, max-snippet:-1, max-image-preview:large, max-video-preview:-1\" \/>\n<link rel=\"canonical\" href=\"https:\/\/www.meydan.tv\/az\/article\/er-riyad-gorusunden-ne-gozlenilir\/\" \/>\n<meta property=\"og:locale\" content=\"az_AZ\" \/>\n<meta property=\"og:type\" content=\"article\" \/>\n<meta property=\"og:title\" content=\"\u018fr-Riyad g\u00f6r\u00fc\u015f\u00fcnd\u0259n n\u0259 g\u00f6zl\u0259nilir? - MEYDAN.TV\" \/>\n<meta property=\"og:description\" content=\"Bu s\u00f6vd\u0259l\u0259\u015fm\u0259 krall\u0131qda \u00fcmid olunan AB\u015e-\u0131n \u0130rana qar\u015f\u0131 h\u0259rbi v\u0259 ya g\u00fcc siyas\u0259tinin ba\u015flamas\u0131 \u00fc\u00e7\u00fcn \u0259sas olmayacaq\" \/>\n<meta property=\"og:url\" content=\"https:\/\/www.meydan.tv\/az\/article\/er-riyad-gorusunden-ne-gozlenilir\/\" \/>\n<meta property=\"og:site_name\" content=\"MEYDAN.TV\" \/>\n<meta property=\"article:published_time\" content=\"2017-05-22T15:26:03+00:00\" \/>\n<meta property=\"og:image\" content=\"https:\/\/www.meydan.tv\/wp-content\/uploads\/33498.jpg\" \/>\n\t<meta property=\"og:image:width\" content=\"1000\" \/>\n\t<meta property=\"og:image:height\" content=\"582\" \/>\n\t<meta property=\"og:image:type\" content=\"image\/jpeg\" \/>\n<meta name=\"author\" content=\"user-manager\" \/>\n<meta name=\"twitter:card\" content=\"summary_large_image\" \/>\n<script type=\"application\/ld+json\" class=\"yoast-schema-graph\">{\"@context\":\"https:\\\/\\\/schema.org\",\"@graph\":[{\"@type\":\"Article\",\"@id\":\"https:\\\/\\\/www.meydan.tv\\\/az\\\/article\\\/er-riyad-gorusunden-ne-gozlenilir\\\/#article\",\"isPartOf\":{\"@id\":\"https:\\\/\\\/www.meydan.tv\\\/az\\\/article\\\/er-riyad-gorusunden-ne-gozlenilir\\\/\"},\"author\":{\"name\":\"user-manager\",\"@id\":\"https:\\\/\\\/www.meydan.tv\\\/az\\\/#\\\/schema\\\/person\\\/10d11eccf6da3662cf5fdab9806ea91a\"},\"headline\":\"\u018fr-Riyad g\u00f6r\u00fc\u015f\u00fcnd\u0259n n\u0259 g\u00f6zl\u0259nilir?\",\"datePublished\":\"2017-05-22T15:26:03+00:00\",\"mainEntityOfPage\":{\"@id\":\"https:\\\/\\\/www.meydan.tv\\\/az\\\/article\\\/er-riyad-gorusunden-ne-gozlenilir\\\/\"},\"wordCount\":983,\"publisher\":{\"@id\":\"https:\\\/\\\/www.meydan.tv\\\/az\\\/#organization\"},\"image\":{\"@id\":\"https:\\\/\\\/www.meydan.tv\\\/az\\\/article\\\/er-riyad-gorusunden-ne-gozlenilir\\\/#primaryimage\"},\"thumbnailUrl\":\"https:\\\/\\\/www.meydan.tv\\\/wp-content\\\/uploads\\\/33498.jpg\",\"articleSection\":[\"Analitika\"],\"inLanguage\":\"az\"},{\"@type\":\"WebPage\",\"@id\":\"https:\\\/\\\/www.meydan.tv\\\/az\\\/article\\\/er-riyad-gorusunden-ne-gozlenilir\\\/\",\"url\":\"https:\\\/\\\/www.meydan.tv\\\/az\\\/article\\\/er-riyad-gorusunden-ne-gozlenilir\\\/\",\"name\":\"\u018fr-Riyad g\u00f6r\u00fc\u015f\u00fcnd\u0259n n\u0259 g\u00f6zl\u0259nilir? - MEYDAN.TV\",\"isPartOf\":{\"@id\":\"https:\\\/\\\/www.meydan.tv\\\/az\\\/#website\"},\"primaryImageOfPage\":{\"@id\":\"https:\\\/\\\/www.meydan.tv\\\/az\\\/article\\\/er-riyad-gorusunden-ne-gozlenilir\\\/#primaryimage\"},\"image\":{\"@id\":\"https:\\\/\\\/www.meydan.tv\\\/az\\\/article\\\/er-riyad-gorusunden-ne-gozlenilir\\\/#primaryimage\"},\"thumbnailUrl\":\"https:\\\/\\\/www.meydan.tv\\\/wp-content\\\/uploads\\\/33498.jpg\",\"datePublished\":\"2017-05-22T15:26:03+00:00\",\"breadcrumb\":{\"@id\":\"https:\\\/\\\/www.meydan.tv\\\/az\\\/article\\\/er-riyad-gorusunden-ne-gozlenilir\\\/#breadcrumb\"},\"inLanguage\":\"az\",\"potentialAction\":[{\"@type\":\"ReadAction\",\"target\":[\"https:\\\/\\\/www.meydan.tv\\\/az\\\/article\\\/er-riyad-gorusunden-ne-gozlenilir\\\/\"]}]},{\"@type\":\"ImageObject\",\"inLanguage\":\"az\",\"@id\":\"https:\\\/\\\/www.meydan.tv\\\/az\\\/article\\\/er-riyad-gorusunden-ne-gozlenilir\\\/#primaryimage\",\"url\":\"https:\\\/\\\/www.meydan.tv\\\/wp-content\\\/uploads\\\/33498.jpg\",\"contentUrl\":\"https:\\\/\\\/www.meydan.tv\\\/wp-content\\\/uploads\\\/33498.jpg\",\"width\":1000,\"height\":582,\"caption\":\"Source:\"},{\"@type\":\"BreadcrumbList\",\"@id\":\"https:\\\/\\\/www.meydan.tv\\\/az\\\/article\\\/er-riyad-gorusunden-ne-gozlenilir\\\/#breadcrumb\",\"itemListElement\":[{\"@type\":\"ListItem\",\"position\":1,\"name\":\"Ana s\u0259hif\u0259\",\"item\":\"https:\\\/\\\/www.meydan.tv\\\/az\\\/\"},{\"@type\":\"ListItem\",\"position\":2,\"name\":\"Analitika\",\"item\":\"https:\\\/\\\/www.meydan.tv\\\/az\\\/section\\\/analitika\\\/\"},{\"@type\":\"ListItem\",\"position\":3,\"name\":\"\u018fr-Riyad g\u00f6r\u00fc\u015f\u00fcnd\u0259n n\u0259 g\u00f6zl\u0259nilir?\"}]},{\"@type\":\"WebSite\",\"@id\":\"https:\\\/\\\/www.meydan.tv\\\/az\\\/#website\",\"url\":\"https:\\\/\\\/www.meydan.tv\\\/az\\\/\",\"name\":\"MEYDAN.TV\",\"description\":\"Meydan TV Az\u0259rbaycan\u0131n media m\u0259kan\u0131ndak\u0131 alternativ s\u0259sidir\",\"publisher\":{\"@id\":\"https:\\\/\\\/www.meydan.tv\\\/az\\\/#organization\"},\"potentialAction\":[{\"@type\":\"SearchAction\",\"target\":{\"@type\":\"EntryPoint\",\"urlTemplate\":\"https:\\\/\\\/www.meydan.tv\\\/az\\\/?s={search_term_string}\"},\"query-input\":{\"@type\":\"PropertyValueSpecification\",\"valueRequired\":true,\"valueName\":\"search_term_string\"}}],\"inLanguage\":\"az\"},{\"@type\":\"Organization\",\"@id\":\"https:\\\/\\\/www.meydan.tv\\\/az\\\/#organization\",\"name\":\"Meydan TV\",\"url\":\"https:\\\/\\\/www.meydan.tv\\\/az\\\/\",\"logo\":{\"@type\":\"ImageObject\",\"inLanguage\":\"az\",\"@id\":\"https:\\\/\\\/www.meydan.tv\\\/az\\\/#\\\/schema\\\/logo\\\/image\\\/\",\"url\":\"https:\\\/\\\/www.meydan.tv\\\/wp-content\\\/uploads\\\/2021\\\/07\\\/meydan-logo.svg\",\"contentUrl\":\"https:\\\/\\\/www.meydan.tv\\\/wp-content\\\/uploads\\\/2021\\\/07\\\/meydan-logo.svg\",\"width\":195,\"height\":46,\"caption\":\"Meydan TV\"},\"image\":{\"@id\":\"https:\\\/\\\/www.meydan.tv\\\/az\\\/#\\\/schema\\\/logo\\\/image\\\/\"}},{\"@type\":\"Person\",\"@id\":\"https:\\\/\\\/www.meydan.tv\\\/az\\\/#\\\/schema\\\/person\\\/10d11eccf6da3662cf5fdab9806ea91a\",\"name\":\"user-manager\"}]}<\/script>\n<!-- \/ Yoast SEO plugin. -->","yoast_head_json":{"title":"\u018fr-Riyad g\u00f6r\u00fc\u015f\u00fcnd\u0259n n\u0259 g\u00f6zl\u0259nilir? - MEYDAN.TV","robots":{"index":"index","follow":"follow","max-snippet":"max-snippet:-1","max-image-preview":"max-image-preview:large","max-video-preview":"max-video-preview:-1"},"canonical":"https:\/\/www.meydan.tv\/az\/article\/er-riyad-gorusunden-ne-gozlenilir\/","og_locale":"az_AZ","og_type":"article","og_title":"\u018fr-Riyad g\u00f6r\u00fc\u015f\u00fcnd\u0259n n\u0259 g\u00f6zl\u0259nilir? - MEYDAN.TV","og_description":"Bu s\u00f6vd\u0259l\u0259\u015fm\u0259 krall\u0131qda \u00fcmid olunan AB\u015e-\u0131n \u0130rana qar\u015f\u0131 h\u0259rbi v\u0259 ya g\u00fcc siyas\u0259tinin ba\u015flamas\u0131 \u00fc\u00e7\u00fcn \u0259sas olmayacaq","og_url":"https:\/\/www.meydan.tv\/az\/article\/er-riyad-gorusunden-ne-gozlenilir\/","og_site_name":"MEYDAN.TV","article_published_time":"2017-05-22T15:26:03+00:00","og_image":[{"width":1000,"height":582,"url":"https:\/\/www.meydan.tv\/wp-content\/uploads\/33498.jpg","type":"image\/jpeg"}],"author":"user-manager","twitter_card":"summary_large_image","schema":{"@context":"https:\/\/schema.org","@graph":[{"@type":"Article","@id":"https:\/\/www.meydan.tv\/az\/article\/er-riyad-gorusunden-ne-gozlenilir\/#article","isPartOf":{"@id":"https:\/\/www.meydan.tv\/az\/article\/er-riyad-gorusunden-ne-gozlenilir\/"},"author":{"name":"user-manager","@id":"https:\/\/www.meydan.tv\/az\/#\/schema\/person\/10d11eccf6da3662cf5fdab9806ea91a"},"headline":"\u018fr-Riyad g\u00f6r\u00fc\u015f\u00fcnd\u0259n n\u0259 g\u00f6zl\u0259nilir?","datePublished":"2017-05-22T15:26:03+00:00","mainEntityOfPage":{"@id":"https:\/\/www.meydan.tv\/az\/article\/er-riyad-gorusunden-ne-gozlenilir\/"},"wordCount":983,"publisher":{"@id":"https:\/\/www.meydan.tv\/az\/#organization"},"image":{"@id":"https:\/\/www.meydan.tv\/az\/article\/er-riyad-gorusunden-ne-gozlenilir\/#primaryimage"},"thumbnailUrl":"https:\/\/www.meydan.tv\/wp-content\/uploads\/33498.jpg","articleSection":["Analitika"],"inLanguage":"az"},{"@type":"WebPage","@id":"https:\/\/www.meydan.tv\/az\/article\/er-riyad-gorusunden-ne-gozlenilir\/","url":"https:\/\/www.meydan.tv\/az\/article\/er-riyad-gorusunden-ne-gozlenilir\/","name":"\u018fr-Riyad g\u00f6r\u00fc\u015f\u00fcnd\u0259n n\u0259 g\u00f6zl\u0259nilir? - MEYDAN.TV","isPartOf":{"@id":"https:\/\/www.meydan.tv\/az\/#website"},"primaryImageOfPage":{"@id":"https:\/\/www.meydan.tv\/az\/article\/er-riyad-gorusunden-ne-gozlenilir\/#primaryimage"},"image":{"@id":"https:\/\/www.meydan.tv\/az\/article\/er-riyad-gorusunden-ne-gozlenilir\/#primaryimage"},"thumbnailUrl":"https:\/\/www.meydan.tv\/wp-content\/uploads\/33498.jpg","datePublished":"2017-05-22T15:26:03+00:00","breadcrumb":{"@id":"https:\/\/www.meydan.tv\/az\/article\/er-riyad-gorusunden-ne-gozlenilir\/#breadcrumb"},"inLanguage":"az","potentialAction":[{"@type":"ReadAction","target":["https:\/\/www.meydan.tv\/az\/article\/er-riyad-gorusunden-ne-gozlenilir\/"]}]},{"@type":"ImageObject","inLanguage":"az","@id":"https:\/\/www.meydan.tv\/az\/article\/er-riyad-gorusunden-ne-gozlenilir\/#primaryimage","url":"https:\/\/www.meydan.tv\/wp-content\/uploads\/33498.jpg","contentUrl":"https:\/\/www.meydan.tv\/wp-content\/uploads\/33498.jpg","width":1000,"height":582,"caption":"Source:"},{"@type":"BreadcrumbList","@id":"https:\/\/www.meydan.tv\/az\/article\/er-riyad-gorusunden-ne-gozlenilir\/#breadcrumb","itemListElement":[{"@type":"ListItem","position":1,"name":"Ana s\u0259hif\u0259","item":"https:\/\/www.meydan.tv\/az\/"},{"@type":"ListItem","position":2,"name":"Analitika","item":"https:\/\/www.meydan.tv\/az\/section\/analitika\/"},{"@type":"ListItem","position":3,"name":"\u018fr-Riyad g\u00f6r\u00fc\u015f\u00fcnd\u0259n n\u0259 g\u00f6zl\u0259nilir?"}]},{"@type":"WebSite","@id":"https:\/\/www.meydan.tv\/az\/#website","url":"https:\/\/www.meydan.tv\/az\/","name":"MEYDAN.TV","description":"Meydan TV Az\u0259rbaycan\u0131n media m\u0259kan\u0131ndak\u0131 alternativ s\u0259sidir","publisher":{"@id":"https:\/\/www.meydan.tv\/az\/#organization"},"potentialAction":[{"@type":"SearchAction","target":{"@type":"EntryPoint","urlTemplate":"https:\/\/www.meydan.tv\/az\/?s={search_term_string}"},"query-input":{"@type":"PropertyValueSpecification","valueRequired":true,"valueName":"search_term_string"}}],"inLanguage":"az"},{"@type":"Organization","@id":"https:\/\/www.meydan.tv\/az\/#organization","name":"Meydan TV","url":"https:\/\/www.meydan.tv\/az\/","logo":{"@type":"ImageObject","inLanguage":"az","@id":"https:\/\/www.meydan.tv\/az\/#\/schema\/logo\/image\/","url":"https:\/\/www.meydan.tv\/wp-content\/uploads\/2021\/07\/meydan-logo.svg","contentUrl":"https:\/\/www.meydan.tv\/wp-content\/uploads\/2021\/07\/meydan-logo.svg","width":195,"height":46,"caption":"Meydan TV"},"image":{"@id":"https:\/\/www.meydan.tv\/az\/#\/schema\/logo\/image\/"}},{"@type":"Person","@id":"https:\/\/www.meydan.tv\/az\/#\/schema\/person\/10d11eccf6da3662cf5fdab9806ea91a","name":"user-manager"}]}},"_links":{"self":[{"href":"https:\/\/www.meydan.tv\/az\/wp-json\/wp\/v2\/posts\/184460","targetHints":{"allow":["GET"]}}],"collection":[{"href":"https:\/\/www.meydan.tv\/az\/wp-json\/wp\/v2\/posts"}],"about":[{"href":"https:\/\/www.meydan.tv\/az\/wp-json\/wp\/v2\/types\/post"}],"author":[{"embeddable":true,"href":"https:\/\/www.meydan.tv\/az\/wp-json\/wp\/v2\/users\/11"}],"replies":[{"embeddable":true,"href":"https:\/\/www.meydan.tv\/az\/wp-json\/wp\/v2\/comments?post=184460"}],"version-history":[{"count":0,"href":"https:\/\/www.meydan.tv\/az\/wp-json\/wp\/v2\/posts\/184460\/revisions"}],"wp:featuredmedia":[{"embeddable":true,"href":"https:\/\/www.meydan.tv\/az\/wp-json\/wp\/v2\/media\/85171"}],"wp:attachment":[{"href":"https:\/\/www.meydan.tv\/az\/wp-json\/wp\/v2\/media?parent=184460"}],"wp:term":[{"taxonomy":"category","embeddable":true,"href":"https:\/\/www.meydan.tv\/az\/wp-json\/wp\/v2\/categories?post=184460"},{"taxonomy":"post_tag","embeddable":true,"href":"https:\/\/www.meydan.tv\/az\/wp-json\/wp\/v2\/tags?post=184460"}],"curies":[{"name":"wp","href":"https:\/\/api.w.org\/{rel}","templated":true}]}}